{"id":321,"date":"2024-09-27T09:56:55","date_gmt":"2024-09-27T07:56:55","guid":{"rendered":"https:\/\/www.strassenweb.de\/nachrichten\/homes-gardens-design-awards-2024-das-beste-im-bereich-innenarchitektur\/"},"modified":"2024-09-27T09:56:56","modified_gmt":"2024-09-27T07:56:56","slug":"homes-gardens-design-awards-2024-das-beste-im-bereich-innenarchitektur","status":"publish","type":"post","link":"https:\/\/www.strassenweb.de\/nachrichten\/homes-gardens-design-awards-2024-das-beste-im-bereich-innenarchitektur\/","title":{"rendered":"Homes &#038; Gardens Design Awards 2024 \u2013 das Beste im Bereich Innenarchitektur"},"content":{"rendered":"<p><\/p>\n<div id=\"article-body\" class=\"article__body \">\n<p>Die j\u00e4hrlichen Homes &#038; Gardens Design Awards sind eine Anerkennung f\u00fcr die besten Namen der Innenarchitektur, inspirierende innovative Projekte und sch\u00f6ne Produkte, die Aufmerksamkeit erregt haben. Es ist eine Hommage an herausragende R\u00e4ume und St\u00fccke \u2013 hier sind unsere Gewinner f\u00fcr 2024.<\/p>\n<div id=\"ad-unit-1\" class=\"ad-unit\"><\/div>\n<h2 id=\"judging-panel-3\">Jury<\/h2>\n<div class=\"product-container hero-product-container product-block-no-wrap\"><\/div>\n<hr>\n<h3 class=\"article-body__section\" id=\"section-project-awards\"><span>Projektpreise<\/span><\/h3>\n<figure class=\"van-image-figure inline-layout \" data-bordeaux-image-check>\n<div class=\"image-full-width-wrapper\">\n<div class=\"image-widthsetter\" style=\"max-width:2400px;\"><\/div>\n<\/div>\n<\/figure>\n<p><strong>HERVORRAGENDES HAUSPROJEKT IN GROSSBRITANNIEN<\/strong><\/p>\n<p><strong>Gewinner:<\/strong> Das Tile House in Kensington, London, Palladio <\/p>\n<div id=\"desktop-in-article\" class=\"in-article ad-unit\">\n<div id=\"desktop-taboola-mid-article\"><\/div>\n<\/div>\n<div id=\"mobile-in-article\" class=\"in-article ad-unit\">\n<div id=\"mobile-taboola-mid-article\"><\/div>\n<\/div>\n<figure class=\"van-image-figure inline-layout \" data-bordeaux-image-check>\n<div class=\"image-full-width-wrapper\">\n<div class=\"image-widthsetter\" style=\"max-width:2400px;\"><\/div>\n<\/div><figcaption class=\"inline-layout \">\n<div class=\"caption-text\">\n<p>Gestylt von Adam Fortner <\/p>\n<\/div>\n<\/figcaption><\/figure>\n<p><strong>AUSSERGEW\u00d6HNLICHES WELTWEITES WOHNPROJEKT <\/strong><\/p>\n<div class=\"van_vid_carousel\">\n<div class=\"van_vid_carousel__padding\">\n<div class=\"van_vid_carousel__container\"><\/div>\n<\/div>\n<\/div>\n<p><strong>Gewinner:<\/strong> Austin Estate, Austin, Texas, Ryan Street Architects<\/p>\n<div id=\"ad-unit-2\" class=\"ad-unit\"><\/div>\n<figure class=\"van-image-figure inline-layout \" data-bordeaux-image-check>\n<div class=\"image-full-width-wrapper\">\n<div class=\"image-widthsetter\" style=\"max-width:2400px;\"><\/div>\n<\/div>\n<\/figure>\n<p><strong>BESTES KLEINES WOHNPROJEKT<\/strong><\/p>\n<p><strong>Gewinner: <\/strong>Zweitwohnsitz in Mayfair, London, Salvesen Graham<\/p>\n<div id=\"slice-container-newsletterForm-articleInbodyContent-jGizAV8ZWvdwiQWTCVpHwa\" class=\"slice-container newsletter-inbodyContent-slice newsletterForm-articleInbodyContent-jGizAV8ZWvdwiQWTCVpHwa slice-container-newsletterForm\"><\/div>\n<figure class=\"van-image-figure inline-layout \" data-bordeaux-image-check>\n<div class=\"image-full-width-wrapper\">\n<div class=\"image-widthsetter\" style=\"max-width:2400px;\"><\/div>\n<\/div>\n<\/figure>\n<p><strong>FEINSTER NEUBAU<\/strong><\/p>\n<p><strong>Gewinner:<\/strong> Schwan im S\u00fcdwesten Londons, Gunter &#038; Co<\/p>\n<figure class=\"van-image-figure inline-layout \" data-bordeaux-image-check>\n<div class=\"image-full-width-wrapper\">\n<div class=\"image-widthsetter\" style=\"max-width:2400px;\"><\/div>\n<\/div>\n<\/figure>\n<p><strong>BESTE UMGESTALTUNG<\/strong><\/p>\n<p><strong>Gewinner:<\/strong> Wohnung in Regent&#8217;s Crescent, London, Elicyon <\/p>\n<figure class=\"van-image-figure inline-layout \" data-bordeaux-image-check>\n<div class=\"image-full-width-wrapper\">\n<div class=\"image-widthsetter\" style=\"max-width:2000px;\"><\/div>\n<\/div>\n<\/figure>\n<p><strong>HERVORRAGENDES KOMMERZIELLES PROGRAMM<\/strong><\/p>\n<p><strong>Gewinner: <\/strong>Hancocks London, Barlow &#038; Barlow<\/p>\n<figure class=\"van-image-figure inline-layout \" data-bordeaux-image-check>\n<div class=\"image-full-width-wrapper\">\n<div class=\"image-widthsetter\" style=\"max-width:2000px;\"><\/div>\n<\/div>\n<\/figure>\n<p><strong>BESTES FARBWERK<\/strong><\/p>\n<p><strong>Gewinner: <\/strong>Dower House in Beaverbrook in Surrey, Nicola Harding &#038; Co <\/p>\n<figure class=\"van-image-figure inline-layout \" data-bordeaux-image-check>\n<div class=\"image-full-width-wrapper\">\n<div class=\"image-widthsetter\" style=\"max-width:2000px;\"><\/div>\n<\/div>\n<\/figure>\n<p><strong>TRAUMBAD<\/strong><\/p>\n<p><strong>Gewinner: <\/strong> Badezimmer und angrenzendes Ankleidezimmer im S\u00fcdwesten Londons, Henry Prideaux Interior Design<\/p>\n<figure class=\"van-image-figure inline-layout \" data-bordeaux-image-check>\n<div class=\"image-full-width-wrapper\">\n<div class=\"image-widthsetter\" style=\"max-width:2000px;\"><\/div>\n<\/div><figcaption class=\"inline-layout \">\n<div class=\"caption-text\">\n<p>Architektur von Webb Architects <\/p>\n<\/div>\n<\/figcaption><\/figure>\n<p><strong>TRAUMK\u00dcCHE<\/strong><\/p>\n<p><strong>Gewinner: <\/strong>Moony Kitchen im Nordwesten Londons, Roundhouse <\/p>\n<figure class=\"van-image-figure inline-layout \" data-bordeaux-image-check>\n<div class=\"image-full-width-wrapper\">\n<div class=\"image-widthsetter\" style=\"max-width:2000px;\"><\/div>\n<\/div>\n<\/figure>\n<p><strong>BESTES PROJEKT EINES NEWCOMER<\/strong><\/p>\n<p><strong>Gewinner:<\/strong> Berkshire Blue in Berkshire, Studio Augustine <\/p>\n<figure class=\"van-image-figure inline-layout \" data-bordeaux-image-check>\n<div class=\"image-full-width-wrapper\">\n<div class=\"image-widthsetter\" style=\"max-width:2400px;\"><\/div>\n<\/div>\n<\/figure>\n<p><strong>HERVORRAGENDER GRO\u00dfER GARTEN<\/strong><\/p>\n<p><strong>Gewinner:<\/strong> Park House in Harston, South Cambridgeshire, Robert Myers Associates <\/p>\n<figure class=\"van-image-figure inline-layout \" data-bordeaux-image-check>\n<div class=\"image-full-width-wrapper\">\n<div class=\"image-widthsetter\" style=\"max-width:2000px;\"><\/div>\n<\/div>\n<\/figure>\n<p><strong>VORBILDLICHER KLEINER GARTEN <\/strong><\/p>\n<aside class=\"hawk-nest\" data-render-type=\"fte\" data-skip=\"dealsy\" data-widget-type=\"seasonal\">\n<div class=\"hawk-master-widget-hawk-base-wrapper\"><\/div>\n<\/aside>\n<p><strong>Gewinner:<\/strong> Privathaus in der N\u00e4he von Regent&#8217;s Park, London, Paolo Moschino<\/p>\n<hr>\n<h3 class=\"article-body__section\" id=\"section-decorating-awards\"><span>Dekorationspreise<\/span><\/h3>\n<figure class=\"van-image-figure inline-layout \" data-bordeaux-image-check>\n<div class=\"image-full-width-wrapper\">\n<div class=\"image-widthsetter\" style=\"max-width:2000px;\"><\/div>\n<\/div>\n<\/figure>\n<p><strong>BESTES GEWEBE<\/strong><\/p>\n<p><strong>Gewinner:<\/strong> Patch (abgebildet in Vermillion), Sister von Studio Ashby f\u00fcr Yarn Collective <\/p>\n<figure class=\"van-image-figure inline-layout \" data-bordeaux-image-check>\n<div class=\"image-full-width-wrapper\">\n<div class=\"image-widthsetter\" style=\"max-width:2000px;\"><\/div>\n<\/div>\n<\/figure>\n<p><strong>BESTE NACHHALTIGE EBENE<\/strong><\/p>\n<p><strong>Gewinner: <\/strong>Benu Earth Recycled FR (abgebildet in 14744.412), Fischbacher 1819 <\/p>\n<figure class=\"van-image-figure inline-layout \" data-bordeaux-image-check>\n<div class=\"image-full-width-wrapper\">\n<div class=\"image-widthsetter\" style=\"max-width:2000px;\"><\/div>\n<\/div>\n<\/figure>\n<p><strong>BESTER BEDRUCKTER STOFF<\/strong><\/p>\n<p><strong>Gewinner: <\/strong>Lobby (im Folio abgebildet), Marthe Armitage  <\/p>\n<figure class=\"van-image-figure inline-layout \" data-bordeaux-image-check>\n<div class=\"image-full-width-wrapper\">\n<div class=\"image-widthsetter\" style=\"max-width:2000px;\"><\/div>\n<\/div>\n<\/figure>\n<p><strong>TRIM DES JAHRES<\/strong><\/p>\n<p><strong>Gewinner: <\/strong>Leni Passementerie (abgebildet in Marine), Imogen Heath <\/p>\n<figure class=\"van-image-figure inline-layout \" data-bordeaux-image-check>\n<div class=\"image-full-width-wrapper\">\n<div class=\"image-widthsetter\" style=\"max-width:2400px;\"><\/div>\n<\/div>\n<\/figure>\n<p><strong>HERVORRAGENDE STICKEREI <\/strong><\/p>\n<p><strong>Gemeinsamer Gewinner:<\/strong> Kashan in Nuit, Manuel Canovas (links)<\/p>\n<p><strong>Gemeinsamer Gewinner: <\/strong>Daphne im Fr\u00fchling, Mahala Textiles (rechts)<\/p>\n<figure class=\"van-image-figure inline-layout \" data-bordeaux-image-check>\n<div class=\"image-full-width-wrapper\">\n<div class=\"image-widthsetter\" style=\"max-width:2000px;\"><\/div>\n<\/div>\n<\/figure>\n<p><strong>SPEKTAKUL\u00c4RE KOORDINIERTE KOLLEKTION<\/strong><\/p>\n<p><strong>Gewinner:<\/strong> GP &#038; J Baker x Kit Kemp, GP &#038; J Baker<\/p>\n<figure class=\"van-image-figure inline-layout \" data-bordeaux-image-check>\n<div class=\"image-full-width-wrapper\">\n<div class=\"image-widthsetter\" style=\"max-width:2000px;\"><\/div>\n<\/div>\n<\/figure>\n<p><strong>BESTE STREIFEN-KOLLEKTION<\/strong><\/p>\n<p><strong>Gewinner:<\/strong> Farbtopf, Ian Mankin <\/p>\n<figure class=\"van-image-figure inline-layout \" data-bordeaux-image-check>\n<div class=\"image-full-width-wrapper\">\n<div class=\"image-widthsetter\" style=\"max-width:2000px;\"><\/div>\n<\/div>\n<\/figure>\n<p><strong>BESTE STICKKOLLEKTION<\/strong><\/p>\n<p><strong>Gewinner: <\/strong>Bal\u00e9ares (Paloma abgebildet), \u00c9litis <\/p>\n<figure class=\"van-image-figure inline-layout \" data-bordeaux-image-check>\n<div class=\"image-full-width-wrapper\">\n<div class=\"image-widthsetter\" style=\"max-width:2000px;\"><\/div>\n<\/div>\n<\/figure>\n<p><strong>EXQUISITE BLUMENKOLLEKTION<\/strong><\/p>\n<p><strong>Gewinner: <\/strong>Fr\u00fchlingsblumenkapsel, Penny Morrison <\/p>\n<figure class=\"van-image-figure inline-layout \" data-bordeaux-image-check>\n<div class=\"image-full-width-wrapper\">\n<div class=\"image-widthsetter\" style=\"max-width:2000px;\"><\/div>\n<\/div>\n<\/figure>\n<p><strong>AUFF\u00c4LLIGE KOLLEKTION KLEINER DRUCKE<\/strong><\/p>\n<p><strong>Gewinner: <\/strong>Kleine Drucke II, Linwood <\/p>\n<figure class=\"van-image-figure inline-layout \" data-bordeaux-image-check>\n<div class=\"image-full-width-wrapper\">\n<div class=\"image-widthsetter\" style=\"max-width:2000px;\"><\/div>\n<\/div>\n<\/figure>\n<p><strong>HARMONISCHE PLAINS-KOLLEKTION<\/strong><\/p>\n<p><strong>Gewinner: <\/strong> Tortona, Designers Guild<\/p>\n<figure class=\"van-image-figure inline-layout \" data-bordeaux-image-check>\n<div class=\"image-full-width-wrapper\">\n<div class=\"image-widthsetter\" style=\"max-width:2000px;\"><\/div>\n<\/div>\n<\/figure>\n<p><strong>OUTDOOR-STOFFDESIGN<\/strong><\/p>\n<p><strong>Gewinner:<\/strong> Kuba Cay Outdoor in Sun, Zinktextil<\/p>\n<figure class=\"van-image-figure inline-layout \" data-bordeaux-image-check>\n<div class=\"image-full-width-wrapper\">\n<div class=\"image-widthsetter\" style=\"max-width:2000px;\"><\/div>\n<\/div>\n<\/figure>\n<p><strong>EINES, DAS SIE IN STOFFEN ANSEHEN K\u00d6NNEN:<\/strong><\/p>\n<p><strong>Gewinner:<\/strong> Die Heritage Collection (Vine Blots abgebildet), Franquemont <\/p>\n<figure class=\"van-image-figure inline-layout \" data-bordeaux-image-check>\n<div class=\"image-full-width-wrapper\">\n<div class=\"image-widthsetter\" style=\"max-width:2000px;\"><\/div>\n<\/div>\n<\/figure>\n<p><strong>BESTE TAPETENKOLLEKTION<\/strong><\/p>\n<p><strong>Gewinner: <\/strong>Tsauri (Quadrata abgebildet), Black Edition <\/p>\n<figure class=\"van-image-figure inline-layout \" data-bordeaux-image-check>\n<div class=\"image-full-width-wrapper\">\n<div class=\"image-widthsetter\" style=\"max-width:2000px;\"><\/div>\n<\/div>\n<\/figure>\n<p><strong>BESTES WANDBILD<\/strong><\/p>\n<p><strong>Gewinner:<\/strong> Whitcombe Park, Anna French bei Thibaut  <\/p>\n<figure class=\"van-image-figure inline-layout \" data-bordeaux-image-check>\n<div class=\"image-full-width-wrapper\">\n<div class=\"image-widthsetter\" style=\"max-width:2000px;\"><\/div>\n<\/div>\n<\/figure>\n<p><strong>BESTES ORIGINAL-TAPETENDESIGN:<\/strong><\/p>\n<p><strong>Gewinner: <\/strong>Stone Anthology II, Nat Maks <\/p>\n<figure class=\"van-image-figure inline-layout \" data-bordeaux-image-check>\n<div class=\"image-full-width-wrapper\">\n<div class=\"image-widthsetter\" style=\"max-width:2000px;\"><\/div>\n<\/div>\n<\/figure>\n<p><strong>EINES, DAS SIE IN HINTERGRUNDBILDERN ANSEHEN K\u00d6NNEN:<\/strong><\/p>\n<p><strong>Gewinner: <\/strong>Ainu, Mia Reay <\/p>\n<figure class=\"van-image-figure inline-layout \" data-bordeaux-image-check>\n<div class=\"image-full-width-wrapper\">\n<div class=\"image-widthsetter\" style=\"max-width:2000px;\"><\/div>\n<\/div>\n<\/figure>\n<p><strong>BESTE FARBSAMMLUNG:<\/strong><\/p>\n<p><strong>Gewinner:<\/strong> Absolute Matt-Emulsion von Sweet Treats, Little Greene <\/p>\n<figure class=\"van-image-figure inline-layout \" data-bordeaux-image-check>\n<div class=\"image-full-width-wrapper\">\n<div class=\"image-widthsetter\" style=\"max-width:2400px;\"><\/div>\n<\/div>\n<\/figure>\n<p><strong>FARBE DES JAHRES:<\/strong><\/p>\n<p><strong>Gewinner: <\/strong>Kopfemulsion, Edward Bulmer Natural Paint <\/p>\n<figure class=\"van-image-figure inline-layout \" data-bordeaux-image-check>\n<div class=\"image-full-width-wrapper\">\n<div class=\"image-widthsetter\" style=\"max-width:2000px;\"><\/div>\n<\/div>\n<\/figure>\n<p><strong>HERVORRAGENDE TEPPICHKOLLEKTION:<\/strong><\/p>\n<p><strong>Gewinner: <\/strong>Optik (Illusionslinse abgebildet), Vanderhurd <\/p>\n<figure class=\"van-image-figure inline-layout \" data-bordeaux-image-check>\n<div class=\"image-full-width-wrapper\">\n<div class=\"image-widthsetter\" style=\"max-width:2400px;\"><\/div>\n<\/div>\n<\/figure>\n<p><strong>BESTE L\u00c4UFER:<\/strong><\/p>\n<p><strong>Gewinner: <\/strong>Neue Klassiker-Kollektion, Roger Oates Design <\/p>\n<figure class=\"van-image-figure inline-layout \" data-bordeaux-image-check>\n<div class=\"image-full-width-wrapper\">\n<div class=\"image-widthsetter\" style=\"max-width:2000px;\"><\/div>\n<\/div>\n<\/figure>\n<p><strong>BESTE TEPPICHKOLLEKTION EINES NEWCOMER:<\/strong><\/p>\n<p><strong>Gewinner:<\/strong> Aquarelle (LL gezeigt), Cindy Leveson f\u00fcr Leveson Design x Shame Studios<\/p>\n<figure class=\"van-image-figure inline-layout \" data-bordeaux-image-check>\n<div class=\"image-full-width-wrapper\">\n<div class=\"image-widthsetter\" style=\"max-width:2000px;\"><\/div>\n<\/div>\n<\/figure>\n<p><strong>BESTE FLIESENSAMMLUNG <\/strong><\/p>\n<p><strong>Gewinner: <\/strong>Mischungen, gebrannte Erde <\/p>\n<hr>\n<h3 class=\"article-body__section\" id=\"section-furniture-lighting-accessories-awards\"><span>Auszeichnungen f\u00fcr M\u00f6bel, Beleuchtung und Accessoires<\/span><\/h3>\n<figure class=\"van-image-figure inline-layout \" data-bordeaux-image-check>\n<div class=\"image-full-width-wrapper\">\n<div class=\"image-widthsetter\" style=\"max-width:2000px;\"><\/div>\n<\/div>\n<\/figure>\n<p><strong>BESTE LAGERUNG<\/strong><\/p>\n<p><strong>Gewinner:<\/strong> Bambus-Kleiderschrank in Gipsrosa, Studio H\u00c1M <\/p>\n<figure class=\"van-image-figure inline-layout \" data-bordeaux-image-check>\n<div class=\"image-full-width-wrapper\">\n<div class=\"image-widthsetter\" style=\"max-width:2400px;\"><\/div>\n<\/div>\n<\/figure>\n<p><strong>BESTES ESSTISCH-DESIGN<\/strong><\/p>\n<p><strong>Gewinner: <\/strong>Noughts &#038; Crosses Esstisch, Studio Atkinson <\/p>\n<figure class=\"van-image-figure inline-layout \" data-bordeaux-image-check>\n<div class=\"image-full-width-wrapper\">\n<div class=\"image-widthsetter\" style=\"max-width:2400px;\"><\/div>\n<\/div>\n<\/figure>\n<p><strong>BESTES POLSTERST\u00dcCK<\/strong><\/p>\n<p><strong>Gewinner: <\/strong> Das Crescent-Sofa, De Rosee Sa x Arlo &#038; Jacob<\/p>\n<figure class=\"van-image-figure inline-layout \" data-bordeaux-image-check>\n<div class=\"image-full-width-wrapper\">\n<div class=\"image-widthsetter\" style=\"max-width:2000px;\"><\/div>\n<\/div>\n<\/figure>\n<p><strong>HERVORRAGENDES AKZENTST\u00dcCK<\/strong><\/p>\n<p><strong>Gewinner:<\/strong> Spline-Fu\u00dfhocker, Galvin Brothers<\/p>\n<figure class=\"van-image-figure inline-layout \" data-bordeaux-image-check>\n<div class=\"image-full-width-wrapper\">\n<div class=\"image-widthsetter\" style=\"max-width:2000px;\"><\/div>\n<\/div>\n<\/figure>\n<p><strong>KLEINES HELDENTEIL:<\/strong><\/p>\n<p><strong>Gewinner:<\/strong> Knopftisch, Nina Campbell<\/p>\n<figure class=\"van-image-figure inline-layout \" data-bordeaux-image-check>\n<div class=\"image-full-width-wrapper\">\n<div class=\"image-widthsetter\" style=\"max-width:2400px;\"><\/div>\n<\/div>\n<\/figure>\n<p><strong>BESTE M\u00d6BELZUSAMMENARBEIT:<\/strong><\/p>\n<p><strong>Gewinner: <\/strong>Pit-A-Pat-Tisch, Kit Kemp Design Studio x Schotten &#038; Hansen<\/p>\n<figure class=\"van-image-figure inline-layout \" data-bordeaux-image-check>\n<div class=\"image-full-width-wrapper\">\n<div class=\"image-widthsetter\" style=\"max-width:2000px;\"><\/div>\n<\/div>\n<\/figure>\n<p><strong>DAS BESTE AN NACHHALTIGEN M\u00d6BELN:<\/strong><\/p>\n<p><strong>Gewinner: <\/strong> Hendal Slipper Chair, Haines x Lorfords Contemporary<\/p>\n<figure class=\"van-image-figure inline-layout \" data-bordeaux-image-check>\n<div class=\"image-full-width-wrapper\">\n<div class=\"image-widthsetter\" style=\"max-width:2400px;\"><\/div>\n<\/div>\n<\/figure>\n<p><strong>OUTDOOR-M\u00d6BEL DES JAHRES:<\/strong><\/p>\n<p><strong>Gemeinsamer Gewinner:<\/strong> Emerson Gartensofa, Rowen &#038; Wren (links)<\/p>\n<p><strong>Gemeinsamer Gewinner: <\/strong>Longmeadow-Sonnenliege, Neptune (rechts)<\/p>\n<figure class=\"van-image-figure inline-layout \" data-bordeaux-image-check>\n<div class=\"image-full-width-wrapper\">\n<div class=\"image-widthsetter\" style=\"max-width:2400px;\"><\/div>\n<\/div>\n<\/figure>\n<p><strong>BESTE M\u00d6BEL VON EINEM NEWCOMER:<\/strong><\/p>\n<p><strong>Gewinner: <\/strong>Octavia Konsolentisch, Atelier278<\/p>\n<figure class=\"van-image-figure inline-layout \" data-bordeaux-image-check>\n<div class=\"image-full-width-wrapper\">\n<div class=\"image-widthsetter\" style=\"max-width:2000px;\"><\/div>\n<\/div>\n<\/figure>\n<p><strong>HERVORRAGENDE DECKENLEUCHTE:<\/strong><\/p>\n<p><strong>Gewinner:<\/strong> Elena-Deckenbeleuchtung (dargestellt in Bronze-Gr\u00fcnspan), Paolo Moschino<\/p>\n<figure class=\"van-image-figure inline-layout \" data-bordeaux-image-check>\n<div class=\"image-full-width-wrapper\">\n<div class=\"image-widthsetter\" style=\"max-width:2000px;\"><\/div>\n<\/div>\n<\/figure>\n<p><strong>BESTE WANDLEUCHTE:<\/strong><\/p>\n<p><strong>Gewinner: <\/strong>Ehrenleuchte, Legato<\/p>\n<figure class=\"van-image-figure inline-layout \" data-bordeaux-image-check>\n<div class=\"image-full-width-wrapper\">\n<div class=\"image-widthsetter\" style=\"max-width:2000px;\"><\/div>\n<\/div>\n<\/figure>\n<p><strong>BELIEBTESTES DESIGN:<\/strong><\/p>\n<p><strong>Gewinner:<\/strong> Tiger-Konsole, Trove von Studio Duggan <\/p>\n<figure class=\"van-image-figure inline-layout \" data-bordeaux-image-check>\n<div class=\"image-full-width-wrapper\">\n<div class=\"image-widthsetter\" style=\"max-width:2000px;\"><\/div>\n<\/div>\n<\/figure>\n<p><strong>AUSSERGEW\u00d6HNLICHE TISCHLEUCHTE:<\/strong><\/p>\n<p><strong>Gewinner: <\/strong>Willington-Lampe, Albion Nord<\/p>\n<figure class=\"van-image-figure inline-layout \" data-bordeaux-image-check>\n<div class=\"image-full-width-wrapper\">\n<div class=\"image-widthsetter\" style=\"max-width:2400px;\"><\/div>\n<\/div>\n<\/figure>\n<p><strong>AM BESTEN GEFERTIGTES ZUBEH\u00d6R:<\/strong><\/p>\n<p><strong>Gewinner:<\/strong> Miami Weingl\u00e4ser, Gather<\/p>\n<hr>\n<h3 class=\"article-body__section\" id=\"section-kitchen-bathroom-product-awards\"><span>Auszeichnungen f\u00fcr K\u00fcchen- und Badezimmerprodukte<\/span><\/h3>\n<figure class=\"van-image-figure inline-layout \" data-bordeaux-image-check>\n<div class=\"image-full-width-wrapper\">\n<div class=\"image-widthsetter\" style=\"max-width:2000px;\"><\/div>\n<\/div>\n<\/figure>\n<p><strong>TRAUMBAD-KOLLEKTION:<\/strong><\/p>\n<p><strong>Gewinner: <\/strong>Seros, Sophie-Elizabeth Thompson x Victoria + Albert <\/p>\n<figure class=\"van-image-figure inline-layout \" data-bordeaux-image-check>\n<div class=\"image-full-width-wrapper\">\n<div class=\"image-widthsetter\" style=\"max-width:2000px;\"><\/div>\n<\/div>\n<\/figure>\n<p><strong>DUSCHDESIGN DES JAHRES:<\/strong><\/p>\n<p><strong>Gewinner:<\/strong> Lumen-Duschkopf, JTP <\/p>\n<figure class=\"van-image-figure inline-layout \" data-bordeaux-image-check>\n<div class=\"image-full-width-wrapper\">\n<div class=\"image-widthsetter\" style=\"max-width:2000px;\"><\/div>\n<\/div>\n<\/figure>\n<p><strong>BESTES STATEMENT-BAD:<\/strong><\/p>\n<p><strong>Gewinner: <\/strong>Alatri, Wasserwerk <\/p>\n<figure class=\"van-image-figure inline-layout \" data-bordeaux-image-check>\n<div class=\"image-full-width-wrapper\">\n<div class=\"image-widthsetter\" style=\"max-width:2400px;\"><\/div>\n<\/div>\n<\/figure>\n<p><strong>BESTE STATEMENT-SP\u00dcLE:<\/strong><\/p>\n<p><strong>Gewinner: <\/strong>My Love Water Waschtischunterschrank, Pierre-Yves Rochon x Devon&#038;Devon <\/p>\n<figure class=\"van-image-figure inline-layout \" data-bordeaux-image-check>\n<div class=\"image-full-width-wrapper\">\n<div class=\"image-widthsetter\" style=\"max-width:2000px;\"><\/div>\n<\/div>\n<\/figure>\n<p><strong>BESTER BADEZIMMER-FINISH-TOUCH: <\/strong><\/p>\n<p><strong>Gewinner: <\/strong>Colvin Collection, Steven Gambrel x Drummonds <\/p>\n<figure class=\"van-image-figure inline-layout \" data-bordeaux-image-check>\n<div class=\"image-full-width-wrapper\">\n<div class=\"image-widthsetter\" style=\"max-width:2400px;\"><\/div>\n<\/div>\n<\/figure>\n<p><strong>BESTE BADEZIMMERBELEUCHTUNG:<\/strong><\/p>\n<p><strong>Gewinner:<\/strong> Ruhige Pendelleuchte (vorne, abgebildet in Messing), Crosswater<\/p>\n<figure class=\"van-image-figure inline-layout \" data-bordeaux-image-check>\n<div class=\"image-full-width-wrapper\">\n<div class=\"image-widthsetter\" style=\"max-width:2400px;\"><\/div>\n<\/div>\n<\/figure>\n<p><strong>TRAUMK\u00dcCHENKOLLEKTION:<\/strong><\/p>\n<p><strong>Gewinner:<\/strong> Verm\u00e4chtnis, Martin Moore<\/p>\n<figure class=\"van-image-figure inline-layout \" data-bordeaux-image-check>\n<div class=\"image-full-width-wrapper\">\n<div class=\"image-widthsetter\" style=\"max-width:2400px;\"><\/div>\n<\/div>\n<\/figure>\n<p><strong>BESTE K\u00dcCHENZUSAMMENARBEIT:<\/strong><\/p>\n<p><strong>Gewinner:<\/strong> Eine weitere Country x Husk-Kollektion<\/p>\n<figure class=\"van-image-figure inline-layout \" data-bordeaux-image-check>\n<div class=\"image-full-width-wrapper\">\n<div class=\"image-widthsetter\" style=\"max-width:2400px;\"><\/div>\n<\/div>\n<\/figure>\n<p><strong>INNOVATIVES GROSSGER\u00c4T:<\/strong><\/p>\n<p><strong>Gewinner:<\/strong> Stratus 360 Deckenhaube, Westin <\/p>\n<figure class=\"van-image-figure inline-layout \" data-bordeaux-image-check>\n<div class=\"image-full-width-wrapper\">\n<div class=\"image-widthsetter\" style=\"max-width:2000px;\"><\/div>\n<\/div>\n<\/figure>\n<p><strong>BESTE OBERFL\u00c4CHEN:<\/strong><\/p>\n<p><strong>Gewinner: <\/strong>Patagonia-Porzellanoberfl\u00e4che, Laminam<\/p>\n<figure class=\"van-image-figure inline-layout \" data-bordeaux-image-check>\n<div class=\"image-full-width-wrapper\">\n<div class=\"image-widthsetter\" style=\"max-width:2400px;\"><\/div>\n<\/div>\n<\/figure>\n<p><strong>CLEVERES KLEINGER\u00c4T:<\/strong><\/p>\n<p><strong>Gewinner:<\/strong> QVac Einbau-Vakuumierer, BORA <\/p>\n<figure class=\"van-image-figure inline-layout \" data-bordeaux-image-check>\n<div class=\"image-full-width-wrapper\">\n<div class=\"image-widthsetter\" style=\"max-width:2000px;\"><\/div>\n<\/div>\n<\/figure>\n<p><strong>Wasserhahndesign des Jahres:<\/strong><\/p>\n<p><strong>Gewinner: <\/strong>Vorderseite (in Gunmetal dargestellt), Quooker<\/p>\n<\/div>\n","protected":false},"excerpt":{"rendered":"<p>Die j\u00e4hrlichen Homes &#038; Gardens Design Awards sind eine Anerkennung f\u00fcr die besten Namen der Innenarchitektur, inspirierende innovative Projekte und sch\u00f6ne Produkte, die Aufmerksamkeit erregt<\/p>\n","protected":false},"author":1,"featured_media":322,"comment_status":"closed","ping_status":"","sticky":false,"template":"","format":"standard","meta":{"footnotes":""},"categories":[118],"tags":[586,680,201,112,679,678,677,681],"class_list":["post-321","post","type-post","status-publish","format-standard","has-post-thumbnail","hentry","category-haus-garten","tag-awards","tag-bereich","tag-beste","tag-das","tag-design","tag-gardens","tag-homes","tag-innenarchitektur","generate-columns","tablet-grid-50","mobile-grid-100","grid-parent","grid-50"],"yoast_head":"<!-- This site is optimized with the Yoast SEO plugin v27.3 - https:\/\/yoast.com\/product\/yoast-seo-wordpress\/ -->\n<title>Homes &amp; Gardens Design Awards 2024 \u2013 das Beste im Bereich Innenarchitektur - Nachrichten - Stra\u00dfenweb<\/title>\n<meta name=\"robots\" content=\"index, follow, max-snippet:-1, max-image-preview:large, max-video-preview:-1\" \/>\n<link rel=\"canonical\" href=\"https:\/\/www.strassenweb.de\/nachrichten\/homes-gardens-design-awards-2024-das-beste-im-bereich-innenarchitektur\/\" \/>\n<meta property=\"og:locale\" content=\"de_DE\" \/>\n<meta property=\"og:type\" content=\"article\" \/>\n<meta property=\"og:title\" content=\"Homes &amp; Gardens Design Awards 2024 \u2013 das Beste im Bereich Innenarchitektur - Nachrichten - Stra\u00dfenweb\" \/>\n<meta property=\"og:description\" content=\"Die j\u00e4hrlichen Homes &#038; Gardens Design Awards sind eine Anerkennung f\u00fcr die besten Namen der Innenarchitektur, inspirierende innovative Projekte und sch\u00f6ne Produkte, die Aufmerksamkeit erregt\" \/>\n<meta property=\"og:url\" content=\"https:\/\/www.strassenweb.de\/nachrichten\/homes-gardens-design-awards-2024-das-beste-im-bereich-innenarchitektur\/\" \/>\n<meta property=\"og:site_name\" content=\"Stra\u00dfenweb\" \/>\n<meta property=\"article:publisher\" content=\"https:\/\/www.facebook.com\/strassenweb\/\" \/>\n<meta property=\"article:published_time\" content=\"2024-09-27T07:56:55+00:00\" \/>\n<meta property=\"article:modified_time\" content=\"2024-09-27T07:56:56+00:00\" \/>\n<meta property=\"og:image\" content=\"https:\/\/www.strassenweb.de\/nachrichten\/wp-content\/uploads\/2024\/09\/Homes-Gardens-Design-Awards-2024-\u2013-das-Beste-im.jpg\" \/>\n\t<meta property=\"og:image:width\" content=\"1200\" \/>\n\t<meta property=\"og:image:height\" content=\"675\" \/>\n\t<meta property=\"og:image:type\" content=\"image\/jpeg\" \/>\n<meta name=\"author\" content=\"Robert Hoffmann\" \/>\n<meta name=\"twitter:card\" content=\"summary_large_image\" \/>\n<meta name=\"twitter:label1\" content=\"Verfasst von\" \/>\n\t<meta name=\"twitter:data1\" content=\"Robert Hoffmann\" \/>\n\t<meta name=\"twitter:label2\" content=\"Gesch\u00e4tzte Lesezeit\" \/>\n\t<meta name=\"twitter:data2\" content=\"3\u00a0Minuten\" \/>\n<script type=\"application\/ld+json\" class=\"yoast-schema-graph\">{\"@context\":\"https:\\\/\\\/schema.org\",\"@graph\":[{\"@type\":\"Article\",\"@id\":\"https:\\\/\\\/www.strassenweb.de\\\/nachrichten\\\/homes-gardens-design-awards-2024-das-beste-im-bereich-innenarchitektur\\\/#article\",\"isPartOf\":{\"@id\":\"https:\\\/\\\/www.strassenweb.de\\\/nachrichten\\\/homes-gardens-design-awards-2024-das-beste-im-bereich-innenarchitektur\\\/\"},\"author\":{\"name\":\"Robert Hoffmann\",\"@id\":\"https:\\\/\\\/www.strassenweb.de\\\/nachrichten\\\/#\\\/schema\\\/person\\\/87c9c9067f1211da429a744dc5a5aa41\"},\"headline\":\"Homes &#038; Gardens Design Awards 2024 \u2013 das Beste im Bereich Innenarchitektur\",\"datePublished\":\"2024-09-27T07:56:55+00:00\",\"dateModified\":\"2024-09-27T07:56:56+00:00\",\"mainEntityOfPage\":{\"@id\":\"https:\\\/\\\/www.strassenweb.de\\\/nachrichten\\\/homes-gardens-design-awards-2024-das-beste-im-bereich-innenarchitektur\\\/\"},\"wordCount\":686,\"publisher\":{\"@id\":\"https:\\\/\\\/www.strassenweb.de\\\/nachrichten\\\/#organization\"},\"image\":{\"@id\":\"https:\\\/\\\/www.strassenweb.de\\\/nachrichten\\\/homes-gardens-design-awards-2024-das-beste-im-bereich-innenarchitektur\\\/#primaryimage\"},\"thumbnailUrl\":\"https:\\\/\\\/www.strassenweb.de\\\/nachrichten\\\/wp-content\\\/uploads\\\/2024\\\/09\\\/Homes-Gardens-Design-Awards-2024-\u2013-das-Beste-im.jpg\",\"keywords\":[\"Awards\",\"Bereich\",\"beste\",\"das\",\"Design\",\"Gardens\",\"Homes\",\"Innenarchitektur\"],\"articleSection\":[\"Haus &amp; Garten\"],\"inLanguage\":\"de\"},{\"@type\":\"WebPage\",\"@id\":\"https:\\\/\\\/www.strassenweb.de\\\/nachrichten\\\/homes-gardens-design-awards-2024-das-beste-im-bereich-innenarchitektur\\\/\",\"url\":\"https:\\\/\\\/www.strassenweb.de\\\/nachrichten\\\/homes-gardens-design-awards-2024-das-beste-im-bereich-innenarchitektur\\\/\",\"name\":\"Homes & Gardens Design Awards 2024 \u2013 das Beste im Bereich Innenarchitektur - Nachrichten - Stra\u00dfenweb\",\"isPartOf\":{\"@id\":\"https:\\\/\\\/www.strassenweb.de\\\/nachrichten\\\/#website\"},\"primaryImageOfPage\":{\"@id\":\"https:\\\/\\\/www.strassenweb.de\\\/nachrichten\\\/homes-gardens-design-awards-2024-das-beste-im-bereich-innenarchitektur\\\/#primaryimage\"},\"image\":{\"@id\":\"https:\\\/\\\/www.strassenweb.de\\\/nachrichten\\\/homes-gardens-design-awards-2024-das-beste-im-bereich-innenarchitektur\\\/#primaryimage\"},\"thumbnailUrl\":\"https:\\\/\\\/www.strassenweb.de\\\/nachrichten\\\/wp-content\\\/uploads\\\/2024\\\/09\\\/Homes-Gardens-Design-Awards-2024-\u2013-das-Beste-im.jpg\",\"datePublished\":\"2024-09-27T07:56:55+00:00\",\"dateModified\":\"2024-09-27T07:56:56+00:00\",\"breadcrumb\":{\"@id\":\"https:\\\/\\\/www.strassenweb.de\\\/nachrichten\\\/homes-gardens-design-awards-2024-das-beste-im-bereich-innenarchitektur\\\/#breadcrumb\"},\"inLanguage\":\"de\",\"potentialAction\":[{\"@type\":\"ReadAction\",\"target\":[\"https:\\\/\\\/www.strassenweb.de\\\/nachrichten\\\/homes-gardens-design-awards-2024-das-beste-im-bereich-innenarchitektur\\\/\"]}]},{\"@type\":\"ImageObject\",\"inLanguage\":\"de\",\"@id\":\"https:\\\/\\\/www.strassenweb.de\\\/nachrichten\\\/homes-gardens-design-awards-2024-das-beste-im-bereich-innenarchitektur\\\/#primaryimage\",\"url\":\"https:\\\/\\\/www.strassenweb.de\\\/nachrichten\\\/wp-content\\\/uploads\\\/2024\\\/09\\\/Homes-Gardens-Design-Awards-2024-\u2013-das-Beste-im.jpg\",\"contentUrl\":\"https:\\\/\\\/www.strassenweb.de\\\/nachrichten\\\/wp-content\\\/uploads\\\/2024\\\/09\\\/Homes-Gardens-Design-Awards-2024-\u2013-das-Beste-im.jpg\",\"width\":1200,\"height\":675,\"caption\":\"Homes & Gardens Design Awards 2024 \u2013 das Beste im Bereich Innenarchitektur\"},{\"@type\":\"BreadcrumbList\",\"@id\":\"https:\\\/\\\/www.strassenweb.de\\\/nachrichten\\\/homes-gardens-design-awards-2024-das-beste-im-bereich-innenarchitektur\\\/#breadcrumb\",\"itemListElement\":[{\"@type\":\"ListItem\",\"position\":1,\"name\":\"Home\",\"item\":\"https:\\\/\\\/www.strassenweb.de\\\/nachrichten\\\/\"},{\"@type\":\"ListItem\",\"position\":2,\"name\":\"Homes &#038; Gardens Design Awards 2024 \u2013 das Beste im Bereich Innenarchitektur\"}]},{\"@type\":\"WebSite\",\"@id\":\"https:\\\/\\\/www.strassenweb.de\\\/nachrichten\\\/#website\",\"url\":\"https:\\\/\\\/www.strassenweb.de\\\/nachrichten\\\/\",\"name\":\"Stra\u00dfenweb\",\"description\":\"Stra\u00dfenverzeichnis f\u00fcr Deutschland\",\"publisher\":{\"@id\":\"https:\\\/\\\/www.strassenweb.de\\\/nachrichten\\\/#organization\"},\"potentialAction\":[{\"@type\":\"SearchAction\",\"target\":{\"@type\":\"EntryPoint\",\"urlTemplate\":\"https:\\\/\\\/www.strassenweb.de\\\/nachrichten\\\/?s={search_term_string}\"},\"query-input\":{\"@type\":\"PropertyValueSpecification\",\"valueRequired\":true,\"valueName\":\"search_term_string\"}}],\"inLanguage\":\"de\"},{\"@type\":\"Organization\",\"@id\":\"https:\\\/\\\/www.strassenweb.de\\\/nachrichten\\\/#organization\",\"name\":\"Stra\u00dfenweb\",\"url\":\"https:\\\/\\\/www.strassenweb.de\\\/nachrichten\\\/\",\"logo\":{\"@type\":\"ImageObject\",\"inLanguage\":\"de\",\"@id\":\"https:\\\/\\\/www.strassenweb.de\\\/nachrichten\\\/#\\\/schema\\\/logo\\\/image\\\/\",\"url\":\"https:\\\/\\\/www.strassenweb.de\\\/nachrichten\\\/wp-content\\\/uploads\\\/2024\\\/09\\\/cropped-favicon.png\",\"contentUrl\":\"https:\\\/\\\/www.strassenweb.de\\\/nachrichten\\\/wp-content\\\/uploads\\\/2024\\\/09\\\/cropped-favicon.png\",\"width\":512,\"height\":512,\"caption\":\"Stra\u00dfenweb\"},\"image\":{\"@id\":\"https:\\\/\\\/www.strassenweb.de\\\/nachrichten\\\/#\\\/schema\\\/logo\\\/image\\\/\"},\"sameAs\":[\"https:\\\/\\\/www.facebook.com\\\/strassenweb\\\/\"]},{\"@type\":\"Person\",\"@id\":\"https:\\\/\\\/www.strassenweb.de\\\/nachrichten\\\/#\\\/schema\\\/person\\\/87c9c9067f1211da429a744dc5a5aa41\",\"name\":\"Robert Hoffmann\",\"image\":{\"@type\":\"ImageObject\",\"inLanguage\":\"de\",\"@id\":\"https:\\\/\\\/www.strassenweb.de\\\/nachrichten\\\/wp-content\\\/uploads\\\/2024\\\/09\\\/strassenweb-150x150.jpg\",\"url\":\"https:\\\/\\\/www.strassenweb.de\\\/nachrichten\\\/wp-content\\\/uploads\\\/2024\\\/09\\\/strassenweb-150x150.jpg\",\"contentUrl\":\"https:\\\/\\\/www.strassenweb.de\\\/nachrichten\\\/wp-content\\\/uploads\\\/2024\\\/09\\\/strassenweb-150x150.jpg\",\"caption\":\"Robert Hoffmann\"},\"description\":\"Ich hei\u00dfe Robert Hoffmann und ich bin ein leidenschaftlicher Verfechter von \u00d6kologie und Biodiversit\u00e4t. Seit meiner Kindheit in den W\u00e4ldern Bayerns f\u00fchle ich mich mit der Natur verbunden und bin entschlossen, sie zu sch\u00fctzen. Heute widme ich mein Leben der Sensibilisierung anderer f\u00fcr die Bedeutung des Umweltschutzes f\u00fcr zuk\u00fcnftige Generationen.\",\"sameAs\":[\"https:\\\/\\\/www.strassenweb.de\\\/\"]}]}<\/script>\n<!-- \/ Yoast SEO plugin. -->","yoast_head_json":{"title":"Homes & Gardens Design Awards 2024 \u2013 das Beste im Bereich Innenarchitektur - Nachrichten - Stra\u00dfenweb","robots":{"index":"index","follow":"follow","max-snippet":"max-snippet:-1","max-image-preview":"max-image-preview:large","max-video-preview":"max-video-preview:-1"},"canonical":"https:\/\/www.strassenweb.de\/nachrichten\/homes-gardens-design-awards-2024-das-beste-im-bereich-innenarchitektur\/","og_locale":"de_DE","og_type":"article","og_title":"Homes & Gardens Design Awards 2024 \u2013 das Beste im Bereich Innenarchitektur - Nachrichten - Stra\u00dfenweb","og_description":"Die j\u00e4hrlichen Homes &#038; Gardens Design Awards sind eine Anerkennung f\u00fcr die besten Namen der Innenarchitektur, inspirierende innovative Projekte und sch\u00f6ne Produkte, die Aufmerksamkeit erregt","og_url":"https:\/\/www.strassenweb.de\/nachrichten\/homes-gardens-design-awards-2024-das-beste-im-bereich-innenarchitektur\/","og_site_name":"Stra\u00dfenweb","article_publisher":"https:\/\/www.facebook.com\/strassenweb\/","article_published_time":"2024-09-27T07:56:55+00:00","article_modified_time":"2024-09-27T07:56:56+00:00","og_image":[{"width":1200,"height":675,"url":"https:\/\/www.strassenweb.de\/nachrichten\/wp-content\/uploads\/2024\/09\/Homes-Gardens-Design-Awards-2024-\u2013-das-Beste-im.jpg","type":"image\/jpeg"}],"author":"Robert Hoffmann","twitter_card":"summary_large_image","twitter_misc":{"Verfasst von":"Robert Hoffmann","Gesch\u00e4tzte Lesezeit":"3\u00a0Minuten"},"schema":{"@context":"https:\/\/schema.org","@graph":[{"@type":"Article","@id":"https:\/\/www.strassenweb.de\/nachrichten\/homes-gardens-design-awards-2024-das-beste-im-bereich-innenarchitektur\/#article","isPartOf":{"@id":"https:\/\/www.strassenweb.de\/nachrichten\/homes-gardens-design-awards-2024-das-beste-im-bereich-innenarchitektur\/"},"author":{"name":"Robert Hoffmann","@id":"https:\/\/www.strassenweb.de\/nachrichten\/#\/schema\/person\/87c9c9067f1211da429a744dc5a5aa41"},"headline":"Homes &#038; Gardens Design Awards 2024 \u2013 das Beste im Bereich Innenarchitektur","datePublished":"2024-09-27T07:56:55+00:00","dateModified":"2024-09-27T07:56:56+00:00","mainEntityOfPage":{"@id":"https:\/\/www.strassenweb.de\/nachrichten\/homes-gardens-design-awards-2024-das-beste-im-bereich-innenarchitektur\/"},"wordCount":686,"publisher":{"@id":"https:\/\/www.strassenweb.de\/nachrichten\/#organization"},"image":{"@id":"https:\/\/www.strassenweb.de\/nachrichten\/homes-gardens-design-awards-2024-das-beste-im-bereich-innenarchitektur\/#primaryimage"},"thumbnailUrl":"https:\/\/www.strassenweb.de\/nachrichten\/wp-content\/uploads\/2024\/09\/Homes-Gardens-Design-Awards-2024-\u2013-das-Beste-im.jpg","keywords":["Awards","Bereich","beste","das","Design","Gardens","Homes","Innenarchitektur"],"articleSection":["Haus &amp; Garten"],"inLanguage":"de"},{"@type":"WebPage","@id":"https:\/\/www.strassenweb.de\/nachrichten\/homes-gardens-design-awards-2024-das-beste-im-bereich-innenarchitektur\/","url":"https:\/\/www.strassenweb.de\/nachrichten\/homes-gardens-design-awards-2024-das-beste-im-bereich-innenarchitektur\/","name":"Homes & Gardens Design Awards 2024 \u2013 das Beste im Bereich Innenarchitektur - Nachrichten - Stra\u00dfenweb","isPartOf":{"@id":"https:\/\/www.strassenweb.de\/nachrichten\/#website"},"primaryImageOfPage":{"@id":"https:\/\/www.strassenweb.de\/nachrichten\/homes-gardens-design-awards-2024-das-beste-im-bereich-innenarchitektur\/#primaryimage"},"image":{"@id":"https:\/\/www.strassenweb.de\/nachrichten\/homes-gardens-design-awards-2024-das-beste-im-bereich-innenarchitektur\/#primaryimage"},"thumbnailUrl":"https:\/\/www.strassenweb.de\/nachrichten\/wp-content\/uploads\/2024\/09\/Homes-Gardens-Design-Awards-2024-\u2013-das-Beste-im.jpg","datePublished":"2024-09-27T07:56:55+00:00","dateModified":"2024-09-27T07:56:56+00:00","breadcrumb":{"@id":"https:\/\/www.strassenweb.de\/nachrichten\/homes-gardens-design-awards-2024-das-beste-im-bereich-innenarchitektur\/#breadcrumb"},"inLanguage":"de","potentialAction":[{"@type":"ReadAction","target":["https:\/\/www.strassenweb.de\/nachrichten\/homes-gardens-design-awards-2024-das-beste-im-bereich-innenarchitektur\/"]}]},{"@type":"ImageObject","inLanguage":"de","@id":"https:\/\/www.strassenweb.de\/nachrichten\/homes-gardens-design-awards-2024-das-beste-im-bereich-innenarchitektur\/#primaryimage","url":"https:\/\/www.strassenweb.de\/nachrichten\/wp-content\/uploads\/2024\/09\/Homes-Gardens-Design-Awards-2024-\u2013-das-Beste-im.jpg","contentUrl":"https:\/\/www.strassenweb.de\/nachrichten\/wp-content\/uploads\/2024\/09\/Homes-Gardens-Design-Awards-2024-\u2013-das-Beste-im.jpg","width":1200,"height":675,"caption":"Homes & Gardens Design Awards 2024 \u2013 das Beste im Bereich Innenarchitektur"},{"@type":"BreadcrumbList","@id":"https:\/\/www.strassenweb.de\/nachrichten\/homes-gardens-design-awards-2024-das-beste-im-bereich-innenarchitektur\/#breadcrumb","itemListElement":[{"@type":"ListItem","position":1,"name":"Home","item":"https:\/\/www.strassenweb.de\/nachrichten\/"},{"@type":"ListItem","position":2,"name":"Homes &#038; Gardens Design Awards 2024 \u2013 das Beste im Bereich Innenarchitektur"}]},{"@type":"WebSite","@id":"https:\/\/www.strassenweb.de\/nachrichten\/#website","url":"https:\/\/www.strassenweb.de\/nachrichten\/","name":"Stra\u00dfenweb","description":"Stra\u00dfenverzeichnis f\u00fcr Deutschland","publisher":{"@id":"https:\/\/www.strassenweb.de\/nachrichten\/#organization"},"potentialAction":[{"@type":"SearchAction","target":{"@type":"EntryPoint","urlTemplate":"https:\/\/www.strassenweb.de\/nachrichten\/?s={search_term_string}"},"query-input":{"@type":"PropertyValueSpecification","valueRequired":true,"valueName":"search_term_string"}}],"inLanguage":"de"},{"@type":"Organization","@id":"https:\/\/www.strassenweb.de\/nachrichten\/#organization","name":"Stra\u00dfenweb","url":"https:\/\/www.strassenweb.de\/nachrichten\/","logo":{"@type":"ImageObject","inLanguage":"de","@id":"https:\/\/www.strassenweb.de\/nachrichten\/#\/schema\/logo\/image\/","url":"https:\/\/www.strassenweb.de\/nachrichten\/wp-content\/uploads\/2024\/09\/cropped-favicon.png","contentUrl":"https:\/\/www.strassenweb.de\/nachrichten\/wp-content\/uploads\/2024\/09\/cropped-favicon.png","width":512,"height":512,"caption":"Stra\u00dfenweb"},"image":{"@id":"https:\/\/www.strassenweb.de\/nachrichten\/#\/schema\/logo\/image\/"},"sameAs":["https:\/\/www.facebook.com\/strassenweb\/"]},{"@type":"Person","@id":"https:\/\/www.strassenweb.de\/nachrichten\/#\/schema\/person\/87c9c9067f1211da429a744dc5a5aa41","name":"Robert Hoffmann","image":{"@type":"ImageObject","inLanguage":"de","@id":"https:\/\/www.strassenweb.de\/nachrichten\/wp-content\/uploads\/2024\/09\/strassenweb-150x150.jpg","url":"https:\/\/www.strassenweb.de\/nachrichten\/wp-content\/uploads\/2024\/09\/strassenweb-150x150.jpg","contentUrl":"https:\/\/www.strassenweb.de\/nachrichten\/wp-content\/uploads\/2024\/09\/strassenweb-150x150.jpg","caption":"Robert Hoffmann"},"description":"Ich hei\u00dfe Robert Hoffmann und ich bin ein leidenschaftlicher Verfechter von \u00d6kologie und Biodiversit\u00e4t. Seit meiner Kindheit in den W\u00e4ldern Bayerns f\u00fchle ich mich mit der Natur verbunden und bin entschlossen, sie zu sch\u00fctzen. Heute widme ich mein Leben der Sensibilisierung anderer f\u00fcr die Bedeutung des Umweltschutzes f\u00fcr zuk\u00fcnftige Generationen.","sameAs":["https:\/\/www.strassenweb.de\/"]}]}},"_links":{"self":[{"href":"https:\/\/www.strassenweb.de\/nachrichten\/wp-json\/wp\/v2\/posts\/321","targetHints":{"allow":["GET"]}}],"collection":[{"href":"https:\/\/www.strassenweb.de\/nachrichten\/wp-json\/wp\/v2\/posts"}],"about":[{"href":"https:\/\/www.strassenweb.de\/nachrichten\/wp-json\/wp\/v2\/types\/post"}],"author":[{"embeddable":true,"href":"https:\/\/www.strassenweb.de\/nachrichten\/wp-json\/wp\/v2\/users\/1"}],"replies":[{"embeddable":true,"href":"https:\/\/www.strassenweb.de\/nachrichten\/wp-json\/wp\/v2\/comments?post=321"}],"version-history":[{"count":0,"href":"https:\/\/www.strassenweb.de\/nachrichten\/wp-json\/wp\/v2\/posts\/321\/revisions"}],"wp:featuredmedia":[{"embeddable":true,"href":"https:\/\/www.strassenweb.de\/nachrichten\/wp-json\/wp\/v2\/media\/322"}],"wp:attachment":[{"href":"https:\/\/www.strassenweb.de\/nachrichten\/wp-json\/wp\/v2\/media?parent=321"}],"wp:term":[{"taxonomy":"category","embeddable":true,"href":"https:\/\/www.strassenweb.de\/nachrichten\/wp-json\/wp\/v2\/categories?post=321"},{"taxonomy":"post_tag","embeddable":true,"href":"https:\/\/www.strassenweb.de\/nachrichten\/wp-json\/wp\/v2\/tags?post=321"}],"curies":[{"name":"wp","href":"https:\/\/api.w.org\/{rel}","templated":true}]}}