{"id":3170,"date":"2025-02-07T11:47:47","date_gmt":"2025-02-07T10:47:47","guid":{"rendered":"https:\/\/www.strassenweb.de\/nachrichten\/pflanzenexperten-sagen\/"},"modified":"2025-02-07T11:47:47","modified_gmt":"2025-02-07T10:47:47","slug":"pflanzenexperten-sagen","status":"publish","type":"post","link":"https:\/\/www.strassenweb.de\/nachrichten\/pflanzenexperten-sagen\/","title":{"rendered":"Pflanzenexperten sagen"},"content":{"rendered":"<p><\/p>\n<div id=\"article-body\" class=\"article__body \">\n<p>Ich habe ein paar verschiedene Calatheas in meiner st\u00e4ndig wachsenden Zimmerpflanzensammlung und es besteht kein Zweifel, dass sie die unzureichendsten Pflanzen sind, die ich besitze. Nach vielen Versuchsrunden habe ich herausgefunden, wie man diese sch\u00f6nen Pflanzen gl\u00fccklich macht, und genauer gesagt, wie man einen Calathea -Herbst aufhalten kann.<\/p>\n<div id=\"ad-unit-1\" class=\"ad-unit\"><\/div>\n<p>Die Wahrheit ist, dass Calathea Care nicht f\u00fcr Schwache ist. Es kann zeitaufw\u00e4ndig sein und Sie m\u00fcssen sehr reaktiv auf alle Anzeichen ihrer wachsenden Umgebung sein, die angepasst werden m\u00fcssen. Aus diesem Grund ist es nicht ungew\u00f6hnlich, das einzigartige, gemusterte Laub von Calatheas Droop, Locken oder Knusprigen zu sehen.<\/p>\n<aside class=\"hawk-nest\" data-block-type=\"embed\" data-render-type=\"fte\" data-skip=\"dealsy\" data-widget-type=\"seasonal\">\n<div class=\"hawk-master-widget-hawk-base-wrapper\"><\/div>\n<\/aside>\n<p>Wenn Sie jedoch Ihre Calathea -Herstellung erkennen, \u00e4rgern Sie sich nicht. Es ist wahrscheinlich, dass Sie einen gemeinsamen Calathea -Fehler machen, der leicht korrigiert werden kann. Hier zeigen Pflanzenexperten genau, was genau dieses Problem verursacht und wie ein schlaffender Calathea wiederbelebt werden kann.<\/p>\n<div id=\"desktop-in-article\" class=\"in-article ad-unit\">\n<div id=\"desktop-taboola-mid-article\"><\/div>\n<\/div>\n<div id=\"mobile-in-article\" class=\"in-article ad-unit\">\n<div id=\"mobile-taboola-mid-article\"><\/div>\n<\/div>\n<h3 class=\"article-body__section\" id=\"section-why-is-my-calathea-drooping\"><span>Warum h\u00e4ngt meine Calathea ab?<\/span><\/h3>\n<figure class=\"van-image-figure inline-layout \" data-bordeaux-image-check>\n<div class=\"image-full-width-wrapper\">\n<div class=\"image-widthsetter\" style=\"max-width:2400px;\"><\/div>\n<\/div>\n<\/figure>\n<p>Es steckt wahrscheinlich nur eine Ursache hinter Ihrem Calathea -Herkunft &#8211; falscher Feuchtigkeitswerte. Aber keine Sorge, wir sind alle schuldig, dass wir irgendwann das falsch verstanden haben, besonders wenn man bedenkt, dass es schwierig ist, Calatheas richtig zu verw\u00f6hnen.<\/p>\n<div class=\"van_vid_carousel\">\n<div class=\"van_vid_carousel__padding\">\n<div class=\"van_vid_carousel__container\"><\/div>\n<\/div>\n<\/div>\n<p>&#8222;Wenn Ihr Calathea h\u00e4ngt, \u00fcberpr\u00fcfen Sie sofort Ihre Blumenerde&#8220;, sagt <u>Raffaele di lallo<\/u>Pflanzenexperte von Ohio Tropics. &#8222;Diese Pflanzen hassen es, v\u00f6llig trocken zu werden, und werden wie die meisten Pflanzen reagieren, indem sie ihr Laub h\u00e4ngen&#8220;, erkl\u00e4rt er.<\/p>\n<div id=\"ad-unit-2\" class=\"ad-unit\"><\/div>\n<p>Diese Pflanzen erfordern ein konsistentes Feuchtigkeitsniveau, um gl\u00fccklich zu bleiben. Sie sollten also warten, bis die oberen zwei Zentimeter Boden trocken sind, bevor Sie es wieder gie\u00dfen. Ich benutze dieses Bodenfeuchtigkeitsmessger\u00e4t gerne jedes Mal vor dem Bew\u00e4sserung von Amazon, um den Boden meiner Calathea zu \u00fcberpr\u00fcfen.<\/p>\n<p>\u00bbAm gegen\u00fcberliegenden Ende, wenn Ihre Pflanze \u00fcber l\u00e4ngere Zeit in Wasser sitzt (entweder aus keinen Entw\u00e4sserungsl\u00f6chern im Topf oder vielleicht seit langem in Wasser in der Untertasse unterhalb der Pflanze), kann dies dies Ursache f\u00fcr die Zimmerpflanze Wurzelf\u00e4ule, und ironischerweise wird Ihre Pflanze dehydriert, da sie nicht effizient Wasser aufnehmen kann \u201c, sagt Raffaele.<\/p>\n<p>Im Fall von Unterw\u00e4sserung sehen Sie eher, dass Calathea -Bl\u00e4tter sich aus Dehydration und Blattskorch kr\u00fcmmen oder kriechen.<\/p>\n<h3 class=\"article-body__section\" id=\"section-how-to-revive-a-drooping-calathea\"><span>Wie man einen heraffenden Calathea wiederbelebt<\/span><\/h3>\n<figure class=\"van-image-figure inline-layout \" data-bordeaux-image-check>\n<div class=\"image-full-width-wrapper\">\n<div class=\"image-widthsetter\" style=\"max-width:2400px;\"><\/div>\n<\/div>\n<\/figure>\n<p>Zum Gl\u00fcck ist es unglaublich einfach, eine abfallende Calathea wiederzubeleben, also sollten Sie nicht zu schnell aufgeben, um Ihre aufzugeben, wenn sie anf\u00e4ngt zu schl\u00e4ngelend. Alles, was Sie brauchen, ist eine Zimmerpflanze -Dose (von Amazon).<\/p>\n<p>&#8222;Gehen Sie voran und gie\u00dfen Sie Ihre Calathea und stellen Sie sicher, dass es in Zukunft dehydriert wird&#8220;, sagt Raffaele. &#8222;Sie k\u00f6nnen sogar mit selbstbewussten T\u00f6pfen (von Amazon) experimentieren.&#8220;<\/p>\n<p>Geben Sie Ihrem Calathea eine tiefe Bew\u00e4sserung, um sicherzustellen, dass der Boden ausreichend feucht ist. Entfernen Sie auch \u00fcbersch\u00fcssiges Wasser, das in der Untertasse Ihres Calathea -Topfes gefangen ist, um zu vermeiden, dass es \u00fcbers\u00e4ttigt ist.<\/p>\n<p>&#8222;Ich gehe gerne an die Sp\u00fcle und dusche es&#8220;, sagt der Hauspflanzexperte. <u>Lisa Eldred Steinchopf<\/u>. &#8222;Dies hilft auch, Hauspflanzenbl\u00e4tter von Staub zu reinigen, damit sie besser photosynthetisieren und heller erscheinen&#8220;, f\u00fcgt sie hinzu.<\/p>\n<p>Wenn Sie die richtigen Wachstumsbedingungen f\u00fcr die Zukunft aufrechterhalten, einschlie\u00dflich viel helles Licht, sehen Sie, dass Ihr Calathea in k\u00fcrzester Zeit wieder aufbaut.<\/p>\n<h3 class=\"article-body__section\" id=\"section-faqs\"><span>FAQs<\/span><\/h3>\n<h2 id=\"does-over-fertilizing-cause-a-calathea-to-droop-3\">Bewirkt eine \u00dcberfruchtung von Calathea, um zu fassen?<\/h2>\n<p>Es ist unwahrscheinlich, dass eine \u00dcberfruchtung einer Calathea einnimmt. Stattdessen f\u00fchrt dieser Befruchtungsfehler wahrscheinlich zu Wurzelverbrennungen und Wurzelf\u00e4ule aus \u00fcbers\u00e4ttigtem Boden. &#8222;Es kann dazu f\u00fchren, dass die R\u00e4nder der Bl\u00e4tter braun werden&#8220;, sagt <u>Raffaele di lallo<\/u>Pflanzenexperte von Ohio Tropics. Um diesen Schaden zu vermeiden, d\u00fcngen Sie Ihre Calathea nur w\u00e4hrend der aktiven Wachstumszeit im Fr\u00fchjahr und Sommer.<\/p>\n<hr>\n<p>&#8222;Wenn Sie Ihre Calathea regelm\u00e4\u00dfig aussp\u00fclen, h\u00e4lt sie nicht nur hydratisiert, sondern auch Spinnenmilben und andere gemeinsame Zimmerpflanzensch\u00e4dlinge in Schach&#8220;, bemerkt Lisa.<\/p>\n<p>Ein alternativer Weg, um Ihre Calathea -Feuchtigkeit zu halten, besteht darin, eine Calathea im Wasser anzubauen. Stellen Sie einfach sicher, dass Sie regelm\u00e4\u00dfig das Wasser ausschalten und auf anderen Pflegeanforderungen auf dem Laufenden bleiben, damit Ihre Pflanzen gedeihen k\u00f6nnen.<\/p>\n<\/div>\n","protected":false},"excerpt":{"rendered":"<p>Ich habe ein paar verschiedene Calatheas in meiner st\u00e4ndig wachsenden Zimmerpflanzensammlung und es besteht kein Zweifel, dass sie die unzureichendsten Pflanzen sind, die ich besitze.<\/p>\n","protected":false},"author":1,"featured_media":3171,"comment_status":"closed","ping_status":"","sticky":false,"template":"","format":"standard","meta":{"footnotes":""},"categories":[118],"tags":[4525,284],"class_list":["post-3170","post","type-post","status-publish","format-standard","has-post-thumbnail","hentry","category-haus-garten","tag-pflanzenexperten","tag-sagen","generate-columns","tablet-grid-50","mobile-grid-100","grid-parent","grid-50"],"yoast_head":"<!-- This site is optimized with the Yoast SEO plugin v27.3 - https:\/\/yoast.com\/product\/yoast-seo-wordpress\/ -->\n<title>Pflanzenexperten sagen - Nachrichten - Stra\u00dfenweb<\/title>\n<meta name=\"robots\" content=\"index, follow, max-snippet:-1, max-image-preview:large, max-video-preview:-1\" \/>\n<link rel=\"canonical\" href=\"https:\/\/www.strassenweb.de\/nachrichten\/pflanzenexperten-sagen\/\" \/>\n<meta property=\"og:locale\" content=\"de_DE\" \/>\n<meta property=\"og:type\" content=\"article\" \/>\n<meta property=\"og:title\" content=\"Pflanzenexperten sagen - Nachrichten - Stra\u00dfenweb\" \/>\n<meta property=\"og:description\" content=\"Ich habe ein paar verschiedene Calatheas in meiner st\u00e4ndig wachsenden Zimmerpflanzensammlung und es besteht kein Zweifel, dass sie die unzureichendsten Pflanzen sind, die ich besitze.\" \/>\n<meta property=\"og:url\" content=\"https:\/\/www.strassenweb.de\/nachrichten\/pflanzenexperten-sagen\/\" \/>\n<meta property=\"og:site_name\" content=\"Stra\u00dfenweb\" \/>\n<meta property=\"article:publisher\" content=\"https:\/\/www.facebook.com\/strassenweb\/\" \/>\n<meta property=\"article:published_time\" content=\"2025-02-07T10:47:47+00:00\" \/>\n<meta property=\"og:image\" content=\"https:\/\/www.strassenweb.de\/nachrichten\/wp-content\/uploads\/2025\/02\/Pflanzenexperten-sagen.jpg\" \/>\n\t<meta property=\"og:image:width\" content=\"1200\" \/>\n\t<meta property=\"og:image:height\" content=\"675\" \/>\n\t<meta property=\"og:image:type\" content=\"image\/jpeg\" \/>\n<meta name=\"author\" content=\"Robert Hoffmann\" \/>\n<meta name=\"twitter:card\" content=\"summary_large_image\" \/>\n<meta name=\"twitter:label1\" content=\"Verfasst von\" \/>\n\t<meta name=\"twitter:data1\" content=\"Robert Hoffmann\" \/>\n\t<meta name=\"twitter:label2\" content=\"Gesch\u00e4tzte Lesezeit\" \/>\n\t<meta name=\"twitter:data2\" content=\"3\u00a0Minuten\" \/>\n<script type=\"application\/ld+json\" class=\"yoast-schema-graph\">{\"@context\":\"https:\\\/\\\/schema.org\",\"@graph\":[{\"@type\":\"Article\",\"@id\":\"https:\\\/\\\/www.strassenweb.de\\\/nachrichten\\\/pflanzenexperten-sagen\\\/#article\",\"isPartOf\":{\"@id\":\"https:\\\/\\\/www.strassenweb.de\\\/nachrichten\\\/pflanzenexperten-sagen\\\/\"},\"author\":{\"name\":\"Robert Hoffmann\",\"@id\":\"https:\\\/\\\/www.strassenweb.de\\\/nachrichten\\\/#\\\/schema\\\/person\\\/87c9c9067f1211da429a744dc5a5aa41\"},\"headline\":\"Pflanzenexperten sagen\",\"datePublished\":\"2025-02-07T10:47:47+00:00\",\"mainEntityOfPage\":{\"@id\":\"https:\\\/\\\/www.strassenweb.de\\\/nachrichten\\\/pflanzenexperten-sagen\\\/\"},\"wordCount\":689,\"publisher\":{\"@id\":\"https:\\\/\\\/www.strassenweb.de\\\/nachrichten\\\/#organization\"},\"image\":{\"@id\":\"https:\\\/\\\/www.strassenweb.de\\\/nachrichten\\\/pflanzenexperten-sagen\\\/#primaryimage\"},\"thumbnailUrl\":\"https:\\\/\\\/www.strassenweb.de\\\/nachrichten\\\/wp-content\\\/uploads\\\/2025\\\/02\\\/Pflanzenexperten-sagen.jpg\",\"keywords\":[\"Pflanzenexperten\",\"sagen\"],\"articleSection\":[\"Haus &amp; Garten\"],\"inLanguage\":\"de\"},{\"@type\":\"WebPage\",\"@id\":\"https:\\\/\\\/www.strassenweb.de\\\/nachrichten\\\/pflanzenexperten-sagen\\\/\",\"url\":\"https:\\\/\\\/www.strassenweb.de\\\/nachrichten\\\/pflanzenexperten-sagen\\\/\",\"name\":\"Pflanzenexperten sagen - Nachrichten - Stra\u00dfenweb\",\"isPartOf\":{\"@id\":\"https:\\\/\\\/www.strassenweb.de\\\/nachrichten\\\/#website\"},\"primaryImageOfPage\":{\"@id\":\"https:\\\/\\\/www.strassenweb.de\\\/nachrichten\\\/pflanzenexperten-sagen\\\/#primaryimage\"},\"image\":{\"@id\":\"https:\\\/\\\/www.strassenweb.de\\\/nachrichten\\\/pflanzenexperten-sagen\\\/#primaryimage\"},\"thumbnailUrl\":\"https:\\\/\\\/www.strassenweb.de\\\/nachrichten\\\/wp-content\\\/uploads\\\/2025\\\/02\\\/Pflanzenexperten-sagen.jpg\",\"datePublished\":\"2025-02-07T10:47:47+00:00\",\"breadcrumb\":{\"@id\":\"https:\\\/\\\/www.strassenweb.de\\\/nachrichten\\\/pflanzenexperten-sagen\\\/#breadcrumb\"},\"inLanguage\":\"de\",\"potentialAction\":[{\"@type\":\"ReadAction\",\"target\":[\"https:\\\/\\\/www.strassenweb.de\\\/nachrichten\\\/pflanzenexperten-sagen\\\/\"]}]},{\"@type\":\"ImageObject\",\"inLanguage\":\"de\",\"@id\":\"https:\\\/\\\/www.strassenweb.de\\\/nachrichten\\\/pflanzenexperten-sagen\\\/#primaryimage\",\"url\":\"https:\\\/\\\/www.strassenweb.de\\\/nachrichten\\\/wp-content\\\/uploads\\\/2025\\\/02\\\/Pflanzenexperten-sagen.jpg\",\"contentUrl\":\"https:\\\/\\\/www.strassenweb.de\\\/nachrichten\\\/wp-content\\\/uploads\\\/2025\\\/02\\\/Pflanzenexperten-sagen.jpg\",\"width\":1200,\"height\":675,\"caption\":\"Pflanzenexperten sagen\"},{\"@type\":\"BreadcrumbList\",\"@id\":\"https:\\\/\\\/www.strassenweb.de\\\/nachrichten\\\/pflanzenexperten-sagen\\\/#breadcrumb\",\"itemListElement\":[{\"@type\":\"ListItem\",\"position\":1,\"name\":\"Home\",\"item\":\"https:\\\/\\\/www.strassenweb.de\\\/nachrichten\\\/\"},{\"@type\":\"ListItem\",\"position\":2,\"name\":\"Pflanzenexperten sagen\"}]},{\"@type\":\"WebSite\",\"@id\":\"https:\\\/\\\/www.strassenweb.de\\\/nachrichten\\\/#website\",\"url\":\"https:\\\/\\\/www.strassenweb.de\\\/nachrichten\\\/\",\"name\":\"Stra\u00dfenweb\",\"description\":\"Stra\u00dfenverzeichnis f\u00fcr Deutschland\",\"publisher\":{\"@id\":\"https:\\\/\\\/www.strassenweb.de\\\/nachrichten\\\/#organization\"},\"potentialAction\":[{\"@type\":\"SearchAction\",\"target\":{\"@type\":\"EntryPoint\",\"urlTemplate\":\"https:\\\/\\\/www.strassenweb.de\\\/nachrichten\\\/?s={search_term_string}\"},\"query-input\":{\"@type\":\"PropertyValueSpecification\",\"valueRequired\":true,\"valueName\":\"search_term_string\"}}],\"inLanguage\":\"de\"},{\"@type\":\"Organization\",\"@id\":\"https:\\\/\\\/www.strassenweb.de\\\/nachrichten\\\/#organization\",\"name\":\"Stra\u00dfenweb\",\"url\":\"https:\\\/\\\/www.strassenweb.de\\\/nachrichten\\\/\",\"logo\":{\"@type\":\"ImageObject\",\"inLanguage\":\"de\",\"@id\":\"https:\\\/\\\/www.strassenweb.de\\\/nachrichten\\\/#\\\/schema\\\/logo\\\/image\\\/\",\"url\":\"https:\\\/\\\/www.strassenweb.de\\\/nachrichten\\\/wp-content\\\/uploads\\\/2024\\\/09\\\/cropped-favicon.png\",\"contentUrl\":\"https:\\\/\\\/www.strassenweb.de\\\/nachrichten\\\/wp-content\\\/uploads\\\/2024\\\/09\\\/cropped-favicon.png\",\"width\":512,\"height\":512,\"caption\":\"Stra\u00dfenweb\"},\"image\":{\"@id\":\"https:\\\/\\\/www.strassenweb.de\\\/nachrichten\\\/#\\\/schema\\\/logo\\\/image\\\/\"},\"sameAs\":[\"https:\\\/\\\/www.facebook.com\\\/strassenweb\\\/\"]},{\"@type\":\"Person\",\"@id\":\"https:\\\/\\\/www.strassenweb.de\\\/nachrichten\\\/#\\\/schema\\\/person\\\/87c9c9067f1211da429a744dc5a5aa41\",\"name\":\"Robert Hoffmann\",\"image\":{\"@type\":\"ImageObject\",\"inLanguage\":\"de\",\"@id\":\"https:\\\/\\\/www.strassenweb.de\\\/nachrichten\\\/wp-content\\\/uploads\\\/2024\\\/09\\\/strassenweb-150x150.jpg\",\"url\":\"https:\\\/\\\/www.strassenweb.de\\\/nachrichten\\\/wp-content\\\/uploads\\\/2024\\\/09\\\/strassenweb-150x150.jpg\",\"contentUrl\":\"https:\\\/\\\/www.strassenweb.de\\\/nachrichten\\\/wp-content\\\/uploads\\\/2024\\\/09\\\/strassenweb-150x150.jpg\",\"caption\":\"Robert Hoffmann\"},\"description\":\"Ich hei\u00dfe Robert Hoffmann und ich bin ein leidenschaftlicher Verfechter von \u00d6kologie und Biodiversit\u00e4t. Seit meiner Kindheit in den W\u00e4ldern Bayerns f\u00fchle ich mich mit der Natur verbunden und bin entschlossen, sie zu sch\u00fctzen. Heute widme ich mein Leben der Sensibilisierung anderer f\u00fcr die Bedeutung des Umweltschutzes f\u00fcr zuk\u00fcnftige Generationen.\",\"sameAs\":[\"https:\\\/\\\/www.strassenweb.de\\\/\"]}]}<\/script>\n<!-- \/ Yoast SEO plugin. -->","yoast_head_json":{"title":"Pflanzenexperten sagen - Nachrichten - Stra\u00dfenweb","robots":{"index":"index","follow":"follow","max-snippet":"max-snippet:-1","max-image-preview":"max-image-preview:large","max-video-preview":"max-video-preview:-1"},"canonical":"https:\/\/www.strassenweb.de\/nachrichten\/pflanzenexperten-sagen\/","og_locale":"de_DE","og_type":"article","og_title":"Pflanzenexperten sagen - Nachrichten - Stra\u00dfenweb","og_description":"Ich habe ein paar verschiedene Calatheas in meiner st\u00e4ndig wachsenden Zimmerpflanzensammlung und es besteht kein Zweifel, dass sie die unzureichendsten Pflanzen sind, die ich besitze.","og_url":"https:\/\/www.strassenweb.de\/nachrichten\/pflanzenexperten-sagen\/","og_site_name":"Stra\u00dfenweb","article_publisher":"https:\/\/www.facebook.com\/strassenweb\/","article_published_time":"2025-02-07T10:47:47+00:00","og_image":[{"width":1200,"height":675,"url":"https:\/\/www.strassenweb.de\/nachrichten\/wp-content\/uploads\/2025\/02\/Pflanzenexperten-sagen.jpg","type":"image\/jpeg"}],"author":"Robert Hoffmann","twitter_card":"summary_large_image","twitter_misc":{"Verfasst von":"Robert Hoffmann","Gesch\u00e4tzte Lesezeit":"3\u00a0Minuten"},"schema":{"@context":"https:\/\/schema.org","@graph":[{"@type":"Article","@id":"https:\/\/www.strassenweb.de\/nachrichten\/pflanzenexperten-sagen\/#article","isPartOf":{"@id":"https:\/\/www.strassenweb.de\/nachrichten\/pflanzenexperten-sagen\/"},"author":{"name":"Robert Hoffmann","@id":"https:\/\/www.strassenweb.de\/nachrichten\/#\/schema\/person\/87c9c9067f1211da429a744dc5a5aa41"},"headline":"Pflanzenexperten sagen","datePublished":"2025-02-07T10:47:47+00:00","mainEntityOfPage":{"@id":"https:\/\/www.strassenweb.de\/nachrichten\/pflanzenexperten-sagen\/"},"wordCount":689,"publisher":{"@id":"https:\/\/www.strassenweb.de\/nachrichten\/#organization"},"image":{"@id":"https:\/\/www.strassenweb.de\/nachrichten\/pflanzenexperten-sagen\/#primaryimage"},"thumbnailUrl":"https:\/\/www.strassenweb.de\/nachrichten\/wp-content\/uploads\/2025\/02\/Pflanzenexperten-sagen.jpg","keywords":["Pflanzenexperten","sagen"],"articleSection":["Haus &amp; Garten"],"inLanguage":"de"},{"@type":"WebPage","@id":"https:\/\/www.strassenweb.de\/nachrichten\/pflanzenexperten-sagen\/","url":"https:\/\/www.strassenweb.de\/nachrichten\/pflanzenexperten-sagen\/","name":"Pflanzenexperten sagen - Nachrichten - Stra\u00dfenweb","isPartOf":{"@id":"https:\/\/www.strassenweb.de\/nachrichten\/#website"},"primaryImageOfPage":{"@id":"https:\/\/www.strassenweb.de\/nachrichten\/pflanzenexperten-sagen\/#primaryimage"},"image":{"@id":"https:\/\/www.strassenweb.de\/nachrichten\/pflanzenexperten-sagen\/#primaryimage"},"thumbnailUrl":"https:\/\/www.strassenweb.de\/nachrichten\/wp-content\/uploads\/2025\/02\/Pflanzenexperten-sagen.jpg","datePublished":"2025-02-07T10:47:47+00:00","breadcrumb":{"@id":"https:\/\/www.strassenweb.de\/nachrichten\/pflanzenexperten-sagen\/#breadcrumb"},"inLanguage":"de","potentialAction":[{"@type":"ReadAction","target":["https:\/\/www.strassenweb.de\/nachrichten\/pflanzenexperten-sagen\/"]}]},{"@type":"ImageObject","inLanguage":"de","@id":"https:\/\/www.strassenweb.de\/nachrichten\/pflanzenexperten-sagen\/#primaryimage","url":"https:\/\/www.strassenweb.de\/nachrichten\/wp-content\/uploads\/2025\/02\/Pflanzenexperten-sagen.jpg","contentUrl":"https:\/\/www.strassenweb.de\/nachrichten\/wp-content\/uploads\/2025\/02\/Pflanzenexperten-sagen.jpg","width":1200,"height":675,"caption":"Pflanzenexperten sagen"},{"@type":"BreadcrumbList","@id":"https:\/\/www.strassenweb.de\/nachrichten\/pflanzenexperten-sagen\/#breadcrumb","itemListElement":[{"@type":"ListItem","position":1,"name":"Home","item":"https:\/\/www.strassenweb.de\/nachrichten\/"},{"@type":"ListItem","position":2,"name":"Pflanzenexperten sagen"}]},{"@type":"WebSite","@id":"https:\/\/www.strassenweb.de\/nachrichten\/#website","url":"https:\/\/www.strassenweb.de\/nachrichten\/","name":"Stra\u00dfenweb","description":"Stra\u00dfenverzeichnis f\u00fcr Deutschland","publisher":{"@id":"https:\/\/www.strassenweb.de\/nachrichten\/#organization"},"potentialAction":[{"@type":"SearchAction","target":{"@type":"EntryPoint","urlTemplate":"https:\/\/www.strassenweb.de\/nachrichten\/?s={search_term_string}"},"query-input":{"@type":"PropertyValueSpecification","valueRequired":true,"valueName":"search_term_string"}}],"inLanguage":"de"},{"@type":"Organization","@id":"https:\/\/www.strassenweb.de\/nachrichten\/#organization","name":"Stra\u00dfenweb","url":"https:\/\/www.strassenweb.de\/nachrichten\/","logo":{"@type":"ImageObject","inLanguage":"de","@id":"https:\/\/www.strassenweb.de\/nachrichten\/#\/schema\/logo\/image\/","url":"https:\/\/www.strassenweb.de\/nachrichten\/wp-content\/uploads\/2024\/09\/cropped-favicon.png","contentUrl":"https:\/\/www.strassenweb.de\/nachrichten\/wp-content\/uploads\/2024\/09\/cropped-favicon.png","width":512,"height":512,"caption":"Stra\u00dfenweb"},"image":{"@id":"https:\/\/www.strassenweb.de\/nachrichten\/#\/schema\/logo\/image\/"},"sameAs":["https:\/\/www.facebook.com\/strassenweb\/"]},{"@type":"Person","@id":"https:\/\/www.strassenweb.de\/nachrichten\/#\/schema\/person\/87c9c9067f1211da429a744dc5a5aa41","name":"Robert Hoffmann","image":{"@type":"ImageObject","inLanguage":"de","@id":"https:\/\/www.strassenweb.de\/nachrichten\/wp-content\/uploads\/2024\/09\/strassenweb-150x150.jpg","url":"https:\/\/www.strassenweb.de\/nachrichten\/wp-content\/uploads\/2024\/09\/strassenweb-150x150.jpg","contentUrl":"https:\/\/www.strassenweb.de\/nachrichten\/wp-content\/uploads\/2024\/09\/strassenweb-150x150.jpg","caption":"Robert Hoffmann"},"description":"Ich hei\u00dfe Robert Hoffmann und ich bin ein leidenschaftlicher Verfechter von \u00d6kologie und Biodiversit\u00e4t. Seit meiner Kindheit in den W\u00e4ldern Bayerns f\u00fchle ich mich mit der Natur verbunden und bin entschlossen, sie zu sch\u00fctzen. Heute widme ich mein Leben der Sensibilisierung anderer f\u00fcr die Bedeutung des Umweltschutzes f\u00fcr zuk\u00fcnftige Generationen.","sameAs":["https:\/\/www.strassenweb.de\/"]}]}},"_links":{"self":[{"href":"https:\/\/www.strassenweb.de\/nachrichten\/wp-json\/wp\/v2\/posts\/3170","targetHints":{"allow":["GET"]}}],"collection":[{"href":"https:\/\/www.strassenweb.de\/nachrichten\/wp-json\/wp\/v2\/posts"}],"about":[{"href":"https:\/\/www.strassenweb.de\/nachrichten\/wp-json\/wp\/v2\/types\/post"}],"author":[{"embeddable":true,"href":"https:\/\/www.strassenweb.de\/nachrichten\/wp-json\/wp\/v2\/users\/1"}],"replies":[{"embeddable":true,"href":"https:\/\/www.strassenweb.de\/nachrichten\/wp-json\/wp\/v2\/comments?post=3170"}],"version-history":[{"count":0,"href":"https:\/\/www.strassenweb.de\/nachrichten\/wp-json\/wp\/v2\/posts\/3170\/revisions"}],"wp:featuredmedia":[{"embeddable":true,"href":"https:\/\/www.strassenweb.de\/nachrichten\/wp-json\/wp\/v2\/media\/3171"}],"wp:attachment":[{"href":"https:\/\/www.strassenweb.de\/nachrichten\/wp-json\/wp\/v2\/media?parent=3170"}],"wp:term":[{"taxonomy":"category","embeddable":true,"href":"https:\/\/www.strassenweb.de\/nachrichten\/wp-json\/wp\/v2\/categories?post=3170"},{"taxonomy":"post_tag","embeddable":true,"href":"https:\/\/www.strassenweb.de\/nachrichten\/wp-json\/wp\/v2\/tags?post=3170"}],"curies":[{"name":"wp","href":"https:\/\/api.w.org\/{rel}","templated":true}]}}