{"id":3161,"date":"2025-02-06T23:39:37","date_gmt":"2025-02-06T22:39:37","guid":{"rendered":"https:\/\/www.strassenweb.de\/nachrichten\/ich-bin-besessen-von-vintage-kuechengeschirr-aber-wenn-die-vintage-maerkte-nicht-liefern-gehe-ich-nach-anthropologie-fuer-meine-charakteristischen-kaeufe\/"},"modified":"2025-02-06T23:39:38","modified_gmt":"2025-02-06T22:39:38","slug":"ich-bin-besessen-von-vintage-kuechengeschirr-aber-wenn-die-vintage-maerkte-nicht-liefern-gehe-ich-nach-anthropologie-fuer-meine-charakteristischen-kaeufe","status":"publish","type":"post","link":"https:\/\/www.strassenweb.de\/nachrichten\/ich-bin-besessen-von-vintage-kuechengeschirr-aber-wenn-die-vintage-maerkte-nicht-liefern-gehe-ich-nach-anthropologie-fuer-meine-charakteristischen-kaeufe\/","title":{"rendered":"Ich bin besessen von Vintage -K\u00fcchengeschirr &#8211; aber wenn die Vintage -M\u00e4rkte nicht liefern, gehe ich nach Anthropologie f\u00fcr meine charakteristischen K\u00e4ufe"},"content":{"rendered":"<p><\/p>\n<div id=\"article-body\" class=\"article__body \">\n<p>Bei der Gestaltung meiner K\u00fcche wusste ich, dass ich wollte, dass sie zeitlos ist, also ging ich nat\u00fcrlich mit allen neutralen alles. Wei\u00dfe W\u00e4nde, wei\u00dfe Fliesen, Cream -Schr\u00e4nke, Messinghardware Sie haben die Idee, es ist eine ziemlich milde Kulisse und so mag ich, dass alle meine R\u00e4ume wirklich sind. Denn die Art und Weise, wie ich gerne Farbcharakter und Muster in meine Zimmer bringen m\u00f6chte, ist meine st\u00e4ndig wachsende Sammlung von Vintage und Second-Hand Decor.<\/p>\n<div id=\"ad-unit-1\" class=\"ad-unit\"><\/div>\n<p>Die K\u00fcche beherbergt tats\u00e4chlich den gr\u00f6\u00dften Teil meiner Funde, da meine Lieblingsst\u00fccke zu Sammeln von Keramik, K\u00fcchenware und Glaswaren sind. Und meine K\u00fcchenz\u00e4hler und Regale sind mit ihnen bedeckt.<\/p>\n<aside class=\"hawk-nest\" data-block-type=\"embed\" data-render-type=\"fte\" data-skip=\"dealsy\" data-widget-type=\"seasonal\">\n<div class=\"hawk-master-widget-hawk-base-wrapper\"><\/div>\n<\/aside>\n<p>Viele der St\u00fccke stammen aus Feiertagen, Stunden, die sich damit verbracht haben, sich um M\u00e4rkte und Brokanten auszusehen, aber wenn ich wieder zu Hause bin und die Teile nicht finde, die ich aus zweiter Hand suche, gibt es einen Laden, den ich mich wande, das mir sehr charakteristisch bietet K\u00fcchengeschirr, die ich nur beim Klicken einer Schaltfl\u00e4che einkaufen kann &#8211; Anthropologie.<\/p>\n<div id=\"desktop-in-article\" class=\"in-article ad-unit\">\n<div id=\"desktop-taboola-mid-article\"><\/div>\n<\/div>\n<div id=\"mobile-in-article\" class=\"in-article ad-unit\">\n<div id=\"mobile-taboola-mid-article\"><\/div>\n<\/div>\n<h3 class=\"article-body__section\" id=\"section-9-anthropologie-buys-that-will-fill-your-kitchen-with-character\"><span>9 Anthropologie -K\u00e4ufe, die Ihre K\u00fcche mit Charakter f\u00fcllen <\/span><\/h3>\n<p>Wenn Sie es lieben, mit Vintage in Ihrer K\u00fcche zu dekorieren, aber manchmal nur die Leichtigkeit, nicht nach einem St\u00fcck zu suchen, hat Anthropologie viele sch\u00f6ne St\u00fccke im Vintage-Stil. Es bietet auch einige gro\u00dfartige Marken wie ViTri, Le Creuset und Nordicware und arbeitet mit einigen erstaunlichen K\u00fcnstlern zusammen. Dies sind die Teile, die ich gerade betrachte, um meine charakteristische K\u00fcchensammlung hinzuzuf\u00fcgen.<\/p>\n<div class=\"van_vid_carousel\">\n<div class=\"van_vid_carousel__padding\">\n<div class=\"van_vid_carousel__container\"><\/div>\n<\/div>\n<\/div>\n<div class=\"product-container hero-product-container product-block-no-wrap\"><\/div>\n<hr>\n<p>Ich habe so viel Freude daran, einmalige Funde f\u00fcr meine K\u00fcche zu beschaffen, aber manchmal betr\u00fcge ich ein wenig und kaufe neue St\u00fccke, die nahtlos zu meiner Vintage-Sammlung von Geschirr und Glaswaren passen. Und der beste Ort, den ich daf\u00fcr gefunden habe, ist Anthropologie; Es f\u00fchrt regelm\u00e4\u00dfig erstaunliche Kooperationen und Aktien wirklich einzigartige Marken durch, die in den \u00fcbrigen charakteristischen K\u00fcchendekorationen nicht fehl am Platz aussehen w\u00fcrden.<\/p>\n<div id=\"ad-unit-2\" class=\"ad-unit\"><\/div>\n<div id=\"slice-container-newsletterForm-articleInbodyContent-3iPvtSsuUJMEt2RvPnhLhn\" class=\"slice-container newsletter-inbodyContent-slice newsletterForm-articleInbodyContent-3iPvtSsuUJMEt2RvPnhLhn slice-container-newsletterForm\"><\/div>\n<\/div>\n","protected":false},"excerpt":{"rendered":"<p>Bei der Gestaltung meiner K\u00fcche wusste ich, dass ich wollte, dass sie zeitlos ist, also ging ich nat\u00fcrlich mit allen neutralen alles. Wei\u00dfe W\u00e4nde, wei\u00dfe<\/p>\n","protected":false},"author":1,"featured_media":3162,"comment_status":"closed","ping_status":"","sticky":false,"template":"","format":"standard","meta":{"footnotes":""},"categories":[118],"tags":[357,5039,3371,1210,5009,9,55,2629,129,3294,5036,5038,5037,1054,341,61,1877,21,1076],"class_list":["post-3161","post","type-post","status-publish","format-standard","has-post-thumbnail","hentry","category-haus-garten","tag-aber","tag-anthropologie","tag-besessen","tag-bin","tag-charakteristischen","tag-die","tag-fuer","tag-gehe","tag-ich","tag-kaufe","tag-kuechengeschirr","tag-liefern","tag-maerkte","tag-meine","tag-nach","tag-nicht","tag-vintage","tag-von","tag-wenn","generate-columns","tablet-grid-50","mobile-grid-100","grid-parent","grid-50"],"yoast_head":"<!-- This site is optimized with the Yoast SEO plugin v27.3 - https:\/\/yoast.com\/product\/yoast-seo-wordpress\/ -->\n<title>Ich bin besessen von Vintage -K\u00fcchengeschirr - aber wenn die Vintage -M\u00e4rkte nicht liefern, gehe ich nach Anthropologie f\u00fcr meine charakteristischen K\u00e4ufe - Nachrichten - Stra\u00dfenweb<\/title>\n<meta name=\"robots\" content=\"index, follow, max-snippet:-1, max-image-preview:large, max-video-preview:-1\" \/>\n<link rel=\"canonical\" href=\"https:\/\/www.strassenweb.de\/nachrichten\/ich-bin-besessen-von-vintage-kuechengeschirr-aber-wenn-die-vintage-maerkte-nicht-liefern-gehe-ich-nach-anthropologie-fuer-meine-charakteristischen-kaeufe\/\" \/>\n<meta property=\"og:locale\" content=\"de_DE\" \/>\n<meta property=\"og:type\" content=\"article\" \/>\n<meta property=\"og:title\" content=\"Ich bin besessen von Vintage -K\u00fcchengeschirr - aber wenn die Vintage -M\u00e4rkte nicht liefern, gehe ich nach Anthropologie f\u00fcr meine charakteristischen K\u00e4ufe - Nachrichten - Stra\u00dfenweb\" \/>\n<meta property=\"og:description\" content=\"Bei der Gestaltung meiner K\u00fcche wusste ich, dass ich wollte, dass sie zeitlos ist, also ging ich nat\u00fcrlich mit allen neutralen alles. Wei\u00dfe W\u00e4nde, wei\u00dfe\" \/>\n<meta property=\"og:url\" content=\"https:\/\/www.strassenweb.de\/nachrichten\/ich-bin-besessen-von-vintage-kuechengeschirr-aber-wenn-die-vintage-maerkte-nicht-liefern-gehe-ich-nach-anthropologie-fuer-meine-charakteristischen-kaeufe\/\" \/>\n<meta property=\"og:site_name\" content=\"Stra\u00dfenweb\" \/>\n<meta property=\"article:publisher\" content=\"https:\/\/www.facebook.com\/strassenweb\/\" \/>\n<meta property=\"article:published_time\" content=\"2025-02-06T22:39:37+00:00\" \/>\n<meta property=\"article:modified_time\" content=\"2025-02-06T22:39:38+00:00\" \/>\n<meta property=\"og:image\" content=\"https:\/\/www.strassenweb.de\/nachrichten\/wp-content\/uploads\/2025\/02\/Ich-bin-besessen-von-Vintage-Kuechengeschirr-aber-wenn-die.jpg\" \/>\n\t<meta property=\"og:image:width\" content=\"1200\" \/>\n\t<meta property=\"og:image:height\" content=\"675\" \/>\n\t<meta property=\"og:image:type\" content=\"image\/jpeg\" \/>\n<meta name=\"author\" content=\"Robert Hoffmann\" \/>\n<meta name=\"twitter:card\" content=\"summary_large_image\" \/>\n<meta name=\"twitter:label1\" content=\"Verfasst von\" \/>\n\t<meta name=\"twitter:data1\" content=\"Robert Hoffmann\" \/>\n\t<meta name=\"twitter:label2\" content=\"Gesch\u00e4tzte Lesezeit\" \/>\n\t<meta name=\"twitter:data2\" content=\"2\u00a0Minuten\" \/>\n<script type=\"application\/ld+json\" class=\"yoast-schema-graph\">{\"@context\":\"https:\\\/\\\/schema.org\",\"@graph\":[{\"@type\":\"Article\",\"@id\":\"https:\\\/\\\/www.strassenweb.de\\\/nachrichten\\\/ich-bin-besessen-von-vintage-kuechengeschirr-aber-wenn-die-vintage-maerkte-nicht-liefern-gehe-ich-nach-anthropologie-fuer-meine-charakteristischen-kaeufe\\\/#article\",\"isPartOf\":{\"@id\":\"https:\\\/\\\/www.strassenweb.de\\\/nachrichten\\\/ich-bin-besessen-von-vintage-kuechengeschirr-aber-wenn-die-vintage-maerkte-nicht-liefern-gehe-ich-nach-anthropologie-fuer-meine-charakteristischen-kaeufe\\\/\"},\"author\":{\"name\":\"Robert Hoffmann\",\"@id\":\"https:\\\/\\\/www.strassenweb.de\\\/nachrichten\\\/#\\\/schema\\\/person\\\/87c9c9067f1211da429a744dc5a5aa41\"},\"headline\":\"Ich bin besessen von Vintage -K\u00fcchengeschirr &#8211; aber wenn die Vintage -M\u00e4rkte nicht liefern, gehe ich nach Anthropologie f\u00fcr meine charakteristischen K\u00e4ufe\",\"datePublished\":\"2025-02-06T22:39:37+00:00\",\"dateModified\":\"2025-02-06T22:39:38+00:00\",\"mainEntityOfPage\":{\"@id\":\"https:\\\/\\\/www.strassenweb.de\\\/nachrichten\\\/ich-bin-besessen-von-vintage-kuechengeschirr-aber-wenn-die-vintage-maerkte-nicht-liefern-gehe-ich-nach-anthropologie-fuer-meine-charakteristischen-kaeufe\\\/\"},\"wordCount\":367,\"publisher\":{\"@id\":\"https:\\\/\\\/www.strassenweb.de\\\/nachrichten\\\/#organization\"},\"image\":{\"@id\":\"https:\\\/\\\/www.strassenweb.de\\\/nachrichten\\\/ich-bin-besessen-von-vintage-kuechengeschirr-aber-wenn-die-vintage-maerkte-nicht-liefern-gehe-ich-nach-anthropologie-fuer-meine-charakteristischen-kaeufe\\\/#primaryimage\"},\"thumbnailUrl\":\"https:\\\/\\\/www.strassenweb.de\\\/nachrichten\\\/wp-content\\\/uploads\\\/2025\\\/02\\\/Ich-bin-besessen-von-Vintage-Kuechengeschirr-aber-wenn-die.jpg\",\"keywords\":[\"aber\",\"Anthropologie\",\"besessen\",\"bin\",\"charakteristischen\",\"die\",\"f\u00fcr\",\"gehe\",\"ich\",\"kaufe\",\"K\u00fcchengeschirr\",\"liefern\",\"M\u00e4rkte\",\"meine\",\"Nach\",\"nicht\",\"Vintage\",\"von\",\"wenn\"],\"articleSection\":[\"Haus &amp; Garten\"],\"inLanguage\":\"de\"},{\"@type\":\"WebPage\",\"@id\":\"https:\\\/\\\/www.strassenweb.de\\\/nachrichten\\\/ich-bin-besessen-von-vintage-kuechengeschirr-aber-wenn-die-vintage-maerkte-nicht-liefern-gehe-ich-nach-anthropologie-fuer-meine-charakteristischen-kaeufe\\\/\",\"url\":\"https:\\\/\\\/www.strassenweb.de\\\/nachrichten\\\/ich-bin-besessen-von-vintage-kuechengeschirr-aber-wenn-die-vintage-maerkte-nicht-liefern-gehe-ich-nach-anthropologie-fuer-meine-charakteristischen-kaeufe\\\/\",\"name\":\"Ich bin besessen von Vintage -K\u00fcchengeschirr - aber wenn die Vintage -M\u00e4rkte nicht liefern, gehe ich nach Anthropologie f\u00fcr meine charakteristischen K\u00e4ufe - Nachrichten - Stra\u00dfenweb\",\"isPartOf\":{\"@id\":\"https:\\\/\\\/www.strassenweb.de\\\/nachrichten\\\/#website\"},\"primaryImageOfPage\":{\"@id\":\"https:\\\/\\\/www.strassenweb.de\\\/nachrichten\\\/ich-bin-besessen-von-vintage-kuechengeschirr-aber-wenn-die-vintage-maerkte-nicht-liefern-gehe-ich-nach-anthropologie-fuer-meine-charakteristischen-kaeufe\\\/#primaryimage\"},\"image\":{\"@id\":\"https:\\\/\\\/www.strassenweb.de\\\/nachrichten\\\/ich-bin-besessen-von-vintage-kuechengeschirr-aber-wenn-die-vintage-maerkte-nicht-liefern-gehe-ich-nach-anthropologie-fuer-meine-charakteristischen-kaeufe\\\/#primaryimage\"},\"thumbnailUrl\":\"https:\\\/\\\/www.strassenweb.de\\\/nachrichten\\\/wp-content\\\/uploads\\\/2025\\\/02\\\/Ich-bin-besessen-von-Vintage-Kuechengeschirr-aber-wenn-die.jpg\",\"datePublished\":\"2025-02-06T22:39:37+00:00\",\"dateModified\":\"2025-02-06T22:39:38+00:00\",\"breadcrumb\":{\"@id\":\"https:\\\/\\\/www.strassenweb.de\\\/nachrichten\\\/ich-bin-besessen-von-vintage-kuechengeschirr-aber-wenn-die-vintage-maerkte-nicht-liefern-gehe-ich-nach-anthropologie-fuer-meine-charakteristischen-kaeufe\\\/#breadcrumb\"},\"inLanguage\":\"de\",\"potentialAction\":[{\"@type\":\"ReadAction\",\"target\":[\"https:\\\/\\\/www.strassenweb.de\\\/nachrichten\\\/ich-bin-besessen-von-vintage-kuechengeschirr-aber-wenn-die-vintage-maerkte-nicht-liefern-gehe-ich-nach-anthropologie-fuer-meine-charakteristischen-kaeufe\\\/\"]}]},{\"@type\":\"ImageObject\",\"inLanguage\":\"de\",\"@id\":\"https:\\\/\\\/www.strassenweb.de\\\/nachrichten\\\/ich-bin-besessen-von-vintage-kuechengeschirr-aber-wenn-die-vintage-maerkte-nicht-liefern-gehe-ich-nach-anthropologie-fuer-meine-charakteristischen-kaeufe\\\/#primaryimage\",\"url\":\"https:\\\/\\\/www.strassenweb.de\\\/nachrichten\\\/wp-content\\\/uploads\\\/2025\\\/02\\\/Ich-bin-besessen-von-Vintage-Kuechengeschirr-aber-wenn-die.jpg\",\"contentUrl\":\"https:\\\/\\\/www.strassenweb.de\\\/nachrichten\\\/wp-content\\\/uploads\\\/2025\\\/02\\\/Ich-bin-besessen-von-Vintage-Kuechengeschirr-aber-wenn-die.jpg\",\"width\":1200,\"height\":675,\"caption\":\"Ich bin besessen von Vintage -K\u00fcchengeschirr - aber wenn die Vintage -M\u00e4rkte nicht liefern, gehe ich nach Anthropologie f\u00fcr meine charakteristischen K\u00e4ufe\"},{\"@type\":\"BreadcrumbList\",\"@id\":\"https:\\\/\\\/www.strassenweb.de\\\/nachrichten\\\/ich-bin-besessen-von-vintage-kuechengeschirr-aber-wenn-die-vintage-maerkte-nicht-liefern-gehe-ich-nach-anthropologie-fuer-meine-charakteristischen-kaeufe\\\/#breadcrumb\",\"itemListElement\":[{\"@type\":\"ListItem\",\"position\":1,\"name\":\"Home\",\"item\":\"https:\\\/\\\/www.strassenweb.de\\\/nachrichten\\\/\"},{\"@type\":\"ListItem\",\"position\":2,\"name\":\"Ich bin besessen von Vintage -K\u00fcchengeschirr &#8211; aber wenn die Vintage -M\u00e4rkte nicht liefern, gehe ich nach Anthropologie f\u00fcr meine charakteristischen K\u00e4ufe\"}]},{\"@type\":\"WebSite\",\"@id\":\"https:\\\/\\\/www.strassenweb.de\\\/nachrichten\\\/#website\",\"url\":\"https:\\\/\\\/www.strassenweb.de\\\/nachrichten\\\/\",\"name\":\"Stra\u00dfenweb\",\"description\":\"Stra\u00dfenverzeichnis f\u00fcr Deutschland\",\"publisher\":{\"@id\":\"https:\\\/\\\/www.strassenweb.de\\\/nachrichten\\\/#organization\"},\"potentialAction\":[{\"@type\":\"SearchAction\",\"target\":{\"@type\":\"EntryPoint\",\"urlTemplate\":\"https:\\\/\\\/www.strassenweb.de\\\/nachrichten\\\/?s={search_term_string}\"},\"query-input\":{\"@type\":\"PropertyValueSpecification\",\"valueRequired\":true,\"valueName\":\"search_term_string\"}}],\"inLanguage\":\"de\"},{\"@type\":\"Organization\",\"@id\":\"https:\\\/\\\/www.strassenweb.de\\\/nachrichten\\\/#organization\",\"name\":\"Stra\u00dfenweb\",\"url\":\"https:\\\/\\\/www.strassenweb.de\\\/nachrichten\\\/\",\"logo\":{\"@type\":\"ImageObject\",\"inLanguage\":\"de\",\"@id\":\"https:\\\/\\\/www.strassenweb.de\\\/nachrichten\\\/#\\\/schema\\\/logo\\\/image\\\/\",\"url\":\"https:\\\/\\\/www.strassenweb.de\\\/nachrichten\\\/wp-content\\\/uploads\\\/2024\\\/09\\\/cropped-favicon.png\",\"contentUrl\":\"https:\\\/\\\/www.strassenweb.de\\\/nachrichten\\\/wp-content\\\/uploads\\\/2024\\\/09\\\/cropped-favicon.png\",\"width\":512,\"height\":512,\"caption\":\"Stra\u00dfenweb\"},\"image\":{\"@id\":\"https:\\\/\\\/www.strassenweb.de\\\/nachrichten\\\/#\\\/schema\\\/logo\\\/image\\\/\"},\"sameAs\":[\"https:\\\/\\\/www.facebook.com\\\/strassenweb\\\/\"]},{\"@type\":\"Person\",\"@id\":\"https:\\\/\\\/www.strassenweb.de\\\/nachrichten\\\/#\\\/schema\\\/person\\\/87c9c9067f1211da429a744dc5a5aa41\",\"name\":\"Robert Hoffmann\",\"image\":{\"@type\":\"ImageObject\",\"inLanguage\":\"de\",\"@id\":\"https:\\\/\\\/www.strassenweb.de\\\/nachrichten\\\/wp-content\\\/uploads\\\/2024\\\/09\\\/strassenweb-150x150.jpg\",\"url\":\"https:\\\/\\\/www.strassenweb.de\\\/nachrichten\\\/wp-content\\\/uploads\\\/2024\\\/09\\\/strassenweb-150x150.jpg\",\"contentUrl\":\"https:\\\/\\\/www.strassenweb.de\\\/nachrichten\\\/wp-content\\\/uploads\\\/2024\\\/09\\\/strassenweb-150x150.jpg\",\"caption\":\"Robert Hoffmann\"},\"description\":\"Ich hei\u00dfe Robert Hoffmann und ich bin ein leidenschaftlicher Verfechter von \u00d6kologie und Biodiversit\u00e4t. Seit meiner Kindheit in den W\u00e4ldern Bayerns f\u00fchle ich mich mit der Natur verbunden und bin entschlossen, sie zu sch\u00fctzen. Heute widme ich mein Leben der Sensibilisierung anderer f\u00fcr die Bedeutung des Umweltschutzes f\u00fcr zuk\u00fcnftige Generationen.\",\"sameAs\":[\"https:\\\/\\\/www.strassenweb.de\\\/\"]}]}<\/script>\n<!-- \/ Yoast SEO plugin. -->","yoast_head_json":{"title":"Ich bin besessen von Vintage -K\u00fcchengeschirr - aber wenn die Vintage -M\u00e4rkte nicht liefern, gehe ich nach Anthropologie f\u00fcr meine charakteristischen K\u00e4ufe - Nachrichten - Stra\u00dfenweb","robots":{"index":"index","follow":"follow","max-snippet":"max-snippet:-1","max-image-preview":"max-image-preview:large","max-video-preview":"max-video-preview:-1"},"canonical":"https:\/\/www.strassenweb.de\/nachrichten\/ich-bin-besessen-von-vintage-kuechengeschirr-aber-wenn-die-vintage-maerkte-nicht-liefern-gehe-ich-nach-anthropologie-fuer-meine-charakteristischen-kaeufe\/","og_locale":"de_DE","og_type":"article","og_title":"Ich bin besessen von Vintage -K\u00fcchengeschirr - aber wenn die Vintage -M\u00e4rkte nicht liefern, gehe ich nach Anthropologie f\u00fcr meine charakteristischen K\u00e4ufe - Nachrichten - Stra\u00dfenweb","og_description":"Bei der Gestaltung meiner K\u00fcche wusste ich, dass ich wollte, dass sie zeitlos ist, also ging ich nat\u00fcrlich mit allen neutralen alles. Wei\u00dfe W\u00e4nde, wei\u00dfe","og_url":"https:\/\/www.strassenweb.de\/nachrichten\/ich-bin-besessen-von-vintage-kuechengeschirr-aber-wenn-die-vintage-maerkte-nicht-liefern-gehe-ich-nach-anthropologie-fuer-meine-charakteristischen-kaeufe\/","og_site_name":"Stra\u00dfenweb","article_publisher":"https:\/\/www.facebook.com\/strassenweb\/","article_published_time":"2025-02-06T22:39:37+00:00","article_modified_time":"2025-02-06T22:39:38+00:00","og_image":[{"width":1200,"height":675,"url":"https:\/\/www.strassenweb.de\/nachrichten\/wp-content\/uploads\/2025\/02\/Ich-bin-besessen-von-Vintage-Kuechengeschirr-aber-wenn-die.jpg","type":"image\/jpeg"}],"author":"Robert Hoffmann","twitter_card":"summary_large_image","twitter_misc":{"Verfasst von":"Robert Hoffmann","Gesch\u00e4tzte Lesezeit":"2\u00a0Minuten"},"schema":{"@context":"https:\/\/schema.org","@graph":[{"@type":"Article","@id":"https:\/\/www.strassenweb.de\/nachrichten\/ich-bin-besessen-von-vintage-kuechengeschirr-aber-wenn-die-vintage-maerkte-nicht-liefern-gehe-ich-nach-anthropologie-fuer-meine-charakteristischen-kaeufe\/#article","isPartOf":{"@id":"https:\/\/www.strassenweb.de\/nachrichten\/ich-bin-besessen-von-vintage-kuechengeschirr-aber-wenn-die-vintage-maerkte-nicht-liefern-gehe-ich-nach-anthropologie-fuer-meine-charakteristischen-kaeufe\/"},"author":{"name":"Robert Hoffmann","@id":"https:\/\/www.strassenweb.de\/nachrichten\/#\/schema\/person\/87c9c9067f1211da429a744dc5a5aa41"},"headline":"Ich bin besessen von Vintage -K\u00fcchengeschirr &#8211; aber wenn die Vintage -M\u00e4rkte nicht liefern, gehe ich nach Anthropologie f\u00fcr meine charakteristischen K\u00e4ufe","datePublished":"2025-02-06T22:39:37+00:00","dateModified":"2025-02-06T22:39:38+00:00","mainEntityOfPage":{"@id":"https:\/\/www.strassenweb.de\/nachrichten\/ich-bin-besessen-von-vintage-kuechengeschirr-aber-wenn-die-vintage-maerkte-nicht-liefern-gehe-ich-nach-anthropologie-fuer-meine-charakteristischen-kaeufe\/"},"wordCount":367,"publisher":{"@id":"https:\/\/www.strassenweb.de\/nachrichten\/#organization"},"image":{"@id":"https:\/\/www.strassenweb.de\/nachrichten\/ich-bin-besessen-von-vintage-kuechengeschirr-aber-wenn-die-vintage-maerkte-nicht-liefern-gehe-ich-nach-anthropologie-fuer-meine-charakteristischen-kaeufe\/#primaryimage"},"thumbnailUrl":"https:\/\/www.strassenweb.de\/nachrichten\/wp-content\/uploads\/2025\/02\/Ich-bin-besessen-von-Vintage-Kuechengeschirr-aber-wenn-die.jpg","keywords":["aber","Anthropologie","besessen","bin","charakteristischen","die","f\u00fcr","gehe","ich","kaufe","K\u00fcchengeschirr","liefern","M\u00e4rkte","meine","Nach","nicht","Vintage","von","wenn"],"articleSection":["Haus &amp; Garten"],"inLanguage":"de"},{"@type":"WebPage","@id":"https:\/\/www.strassenweb.de\/nachrichten\/ich-bin-besessen-von-vintage-kuechengeschirr-aber-wenn-die-vintage-maerkte-nicht-liefern-gehe-ich-nach-anthropologie-fuer-meine-charakteristischen-kaeufe\/","url":"https:\/\/www.strassenweb.de\/nachrichten\/ich-bin-besessen-von-vintage-kuechengeschirr-aber-wenn-die-vintage-maerkte-nicht-liefern-gehe-ich-nach-anthropologie-fuer-meine-charakteristischen-kaeufe\/","name":"Ich bin besessen von Vintage -K\u00fcchengeschirr - aber wenn die Vintage -M\u00e4rkte nicht liefern, gehe ich nach Anthropologie f\u00fcr meine charakteristischen K\u00e4ufe - Nachrichten - Stra\u00dfenweb","isPartOf":{"@id":"https:\/\/www.strassenweb.de\/nachrichten\/#website"},"primaryImageOfPage":{"@id":"https:\/\/www.strassenweb.de\/nachrichten\/ich-bin-besessen-von-vintage-kuechengeschirr-aber-wenn-die-vintage-maerkte-nicht-liefern-gehe-ich-nach-anthropologie-fuer-meine-charakteristischen-kaeufe\/#primaryimage"},"image":{"@id":"https:\/\/www.strassenweb.de\/nachrichten\/ich-bin-besessen-von-vintage-kuechengeschirr-aber-wenn-die-vintage-maerkte-nicht-liefern-gehe-ich-nach-anthropologie-fuer-meine-charakteristischen-kaeufe\/#primaryimage"},"thumbnailUrl":"https:\/\/www.strassenweb.de\/nachrichten\/wp-content\/uploads\/2025\/02\/Ich-bin-besessen-von-Vintage-Kuechengeschirr-aber-wenn-die.jpg","datePublished":"2025-02-06T22:39:37+00:00","dateModified":"2025-02-06T22:39:38+00:00","breadcrumb":{"@id":"https:\/\/www.strassenweb.de\/nachrichten\/ich-bin-besessen-von-vintage-kuechengeschirr-aber-wenn-die-vintage-maerkte-nicht-liefern-gehe-ich-nach-anthropologie-fuer-meine-charakteristischen-kaeufe\/#breadcrumb"},"inLanguage":"de","potentialAction":[{"@type":"ReadAction","target":["https:\/\/www.strassenweb.de\/nachrichten\/ich-bin-besessen-von-vintage-kuechengeschirr-aber-wenn-die-vintage-maerkte-nicht-liefern-gehe-ich-nach-anthropologie-fuer-meine-charakteristischen-kaeufe\/"]}]},{"@type":"ImageObject","inLanguage":"de","@id":"https:\/\/www.strassenweb.de\/nachrichten\/ich-bin-besessen-von-vintage-kuechengeschirr-aber-wenn-die-vintage-maerkte-nicht-liefern-gehe-ich-nach-anthropologie-fuer-meine-charakteristischen-kaeufe\/#primaryimage","url":"https:\/\/www.strassenweb.de\/nachrichten\/wp-content\/uploads\/2025\/02\/Ich-bin-besessen-von-Vintage-Kuechengeschirr-aber-wenn-die.jpg","contentUrl":"https:\/\/www.strassenweb.de\/nachrichten\/wp-content\/uploads\/2025\/02\/Ich-bin-besessen-von-Vintage-Kuechengeschirr-aber-wenn-die.jpg","width":1200,"height":675,"caption":"Ich bin besessen von Vintage -K\u00fcchengeschirr - aber wenn die Vintage -M\u00e4rkte nicht liefern, gehe ich nach Anthropologie f\u00fcr meine charakteristischen K\u00e4ufe"},{"@type":"BreadcrumbList","@id":"https:\/\/www.strassenweb.de\/nachrichten\/ich-bin-besessen-von-vintage-kuechengeschirr-aber-wenn-die-vintage-maerkte-nicht-liefern-gehe-ich-nach-anthropologie-fuer-meine-charakteristischen-kaeufe\/#breadcrumb","itemListElement":[{"@type":"ListItem","position":1,"name":"Home","item":"https:\/\/www.strassenweb.de\/nachrichten\/"},{"@type":"ListItem","position":2,"name":"Ich bin besessen von Vintage -K\u00fcchengeschirr &#8211; aber wenn die Vintage -M\u00e4rkte nicht liefern, gehe ich nach Anthropologie f\u00fcr meine charakteristischen K\u00e4ufe"}]},{"@type":"WebSite","@id":"https:\/\/www.strassenweb.de\/nachrichten\/#website","url":"https:\/\/www.strassenweb.de\/nachrichten\/","name":"Stra\u00dfenweb","description":"Stra\u00dfenverzeichnis f\u00fcr Deutschland","publisher":{"@id":"https:\/\/www.strassenweb.de\/nachrichten\/#organization"},"potentialAction":[{"@type":"SearchAction","target":{"@type":"EntryPoint","urlTemplate":"https:\/\/www.strassenweb.de\/nachrichten\/?s={search_term_string}"},"query-input":{"@type":"PropertyValueSpecification","valueRequired":true,"valueName":"search_term_string"}}],"inLanguage":"de"},{"@type":"Organization","@id":"https:\/\/www.strassenweb.de\/nachrichten\/#organization","name":"Stra\u00dfenweb","url":"https:\/\/www.strassenweb.de\/nachrichten\/","logo":{"@type":"ImageObject","inLanguage":"de","@id":"https:\/\/www.strassenweb.de\/nachrichten\/#\/schema\/logo\/image\/","url":"https:\/\/www.strassenweb.de\/nachrichten\/wp-content\/uploads\/2024\/09\/cropped-favicon.png","contentUrl":"https:\/\/www.strassenweb.de\/nachrichten\/wp-content\/uploads\/2024\/09\/cropped-favicon.png","width":512,"height":512,"caption":"Stra\u00dfenweb"},"image":{"@id":"https:\/\/www.strassenweb.de\/nachrichten\/#\/schema\/logo\/image\/"},"sameAs":["https:\/\/www.facebook.com\/strassenweb\/"]},{"@type":"Person","@id":"https:\/\/www.strassenweb.de\/nachrichten\/#\/schema\/person\/87c9c9067f1211da429a744dc5a5aa41","name":"Robert Hoffmann","image":{"@type":"ImageObject","inLanguage":"de","@id":"https:\/\/www.strassenweb.de\/nachrichten\/wp-content\/uploads\/2024\/09\/strassenweb-150x150.jpg","url":"https:\/\/www.strassenweb.de\/nachrichten\/wp-content\/uploads\/2024\/09\/strassenweb-150x150.jpg","contentUrl":"https:\/\/www.strassenweb.de\/nachrichten\/wp-content\/uploads\/2024\/09\/strassenweb-150x150.jpg","caption":"Robert Hoffmann"},"description":"Ich hei\u00dfe Robert Hoffmann und ich bin ein leidenschaftlicher Verfechter von \u00d6kologie und Biodiversit\u00e4t. Seit meiner Kindheit in den W\u00e4ldern Bayerns f\u00fchle ich mich mit der Natur verbunden und bin entschlossen, sie zu sch\u00fctzen. Heute widme ich mein Leben der Sensibilisierung anderer f\u00fcr die Bedeutung des Umweltschutzes f\u00fcr zuk\u00fcnftige Generationen.","sameAs":["https:\/\/www.strassenweb.de\/"]}]}},"_links":{"self":[{"href":"https:\/\/www.strassenweb.de\/nachrichten\/wp-json\/wp\/v2\/posts\/3161","targetHints":{"allow":["GET"]}}],"collection":[{"href":"https:\/\/www.strassenweb.de\/nachrichten\/wp-json\/wp\/v2\/posts"}],"about":[{"href":"https:\/\/www.strassenweb.de\/nachrichten\/wp-json\/wp\/v2\/types\/post"}],"author":[{"embeddable":true,"href":"https:\/\/www.strassenweb.de\/nachrichten\/wp-json\/wp\/v2\/users\/1"}],"replies":[{"embeddable":true,"href":"https:\/\/www.strassenweb.de\/nachrichten\/wp-json\/wp\/v2\/comments?post=3161"}],"version-history":[{"count":0,"href":"https:\/\/www.strassenweb.de\/nachrichten\/wp-json\/wp\/v2\/posts\/3161\/revisions"}],"wp:featuredmedia":[{"embeddable":true,"href":"https:\/\/www.strassenweb.de\/nachrichten\/wp-json\/wp\/v2\/media\/3162"}],"wp:attachment":[{"href":"https:\/\/www.strassenweb.de\/nachrichten\/wp-json\/wp\/v2\/media?parent=3161"}],"wp:term":[{"taxonomy":"category","embeddable":true,"href":"https:\/\/www.strassenweb.de\/nachrichten\/wp-json\/wp\/v2\/categories?post=3161"},{"taxonomy":"post_tag","embeddable":true,"href":"https:\/\/www.strassenweb.de\/nachrichten\/wp-json\/wp\/v2\/tags?post=3161"}],"curies":[{"name":"wp","href":"https:\/\/api.w.org\/{rel}","templated":true}]}}