{"id":3155,"date":"2025-02-06T15:43:56","date_gmt":"2025-02-06T14:43:56","guid":{"rendered":"https:\/\/www.strassenweb.de\/nachrichten\/die-neue-lichtkollektion-von-erin-und-ben-napier-hat-sich-von-ihrer-suedlichen-heimatstadt-inspirieren-lassen-und-es-ist-mit-eleganten-stuecken-im-vintage-stil-gefuellt\/"},"modified":"2025-02-06T15:43:56","modified_gmt":"2025-02-06T14:43:56","slug":"die-neue-lichtkollektion-von-erin-und-ben-napier-hat-sich-von-ihrer-suedlichen-heimatstadt-inspirieren-lassen-und-es-ist-mit-eleganten-stuecken-im-vintage-stil-gefuellt","status":"publish","type":"post","link":"https:\/\/www.strassenweb.de\/nachrichten\/die-neue-lichtkollektion-von-erin-und-ben-napier-hat-sich-von-ihrer-suedlichen-heimatstadt-inspirieren-lassen-und-es-ist-mit-eleganten-stuecken-im-vintage-stil-gefuellt\/","title":{"rendered":"Die neue Lichtkollektion von Erin und Ben Napier hat sich von ihrer s\u00fcdlichen Heimatstadt inspirieren lassen-und es ist mit eleganten St\u00fccken im Vintage-Stil gef\u00fcllt"},"content":{"rendered":"<p><\/p>\n<div id=\"article-body\" class=\"article__body \">\n<p>Als Allround-Innenausstattungsexperten vertrauen wir, dass Erin und Ben Napier uns ein gutes Design zeigen, und dies ist mit ihrem neuesten Projekt sicherlich der Fall: eine Lichtkollektion mit ma\u00dfgeschneiderten Lichtt\u00f6nen.<\/p>\n<div id=\"ad-unit-1\" class=\"ad-unit\"><\/div>\n<p>Die HGTV-Stars haben gerade eine 13-teilige Beleuchtungskollektion mit Kronleuchtern, Wandleuchten und Deckenlichtern auf den Markt gebracht. Die St\u00fccke sind sowohl zeitgem\u00e4\u00df als auch traditionell, inspiriert von Erin und Bens s\u00fcdlicher Heimatstadt Laurel, Mississippi.<\/p>\n<aside class=\"hawk-nest\" data-block-type=\"embed\" data-render-type=\"fte\" data-skip=\"dealsy\" data-widget-type=\"seasonal\">\n<div class=\"hawk-master-widget-hawk-base-wrapper\"><\/div>\n<\/aside>\n<p>&#8222;Die besten Innenr\u00e4ume sind ein Gleichgewicht zwischen ausgefallenen und l\u00e4ssigen, m\u00e4nnlichen und weiblichen Ausgewogenheit&#8220;, erkl\u00e4rt Erin, wenn er \u00fcber den neuen Start spricht. &#8222;Das Interesse f\u00fcr mich in dieser Sammlung war, diese Sensibilit\u00e4t zu nehmen und auf Beleuchtung anzuwenden.&#8220;<\/p>\n<div id=\"desktop-in-article\" class=\"in-article ad-unit\">\n<div id=\"desktop-taboola-mid-article\"><\/div>\n<\/div>\n<div id=\"mobile-in-article\" class=\"in-article ad-unit\">\n<div id=\"mobile-taboola-mid-article\"><\/div>\n<\/div>\n<div class=\"instagram-embed\">\n<blockquote class=\"instagram-media\" data-instgrm-captioned data-instgrm-version=\"6\" style=\"width:99.375%; width:-webkit-calc(100% - 2px); width:calc(100% - 2px);\">\n<p>Ein Beitrag, der von Light Shades (@ShadesoFlight) geteilt wird<\/p>\n<p>Ein Foto von on <\/p>\n<\/blockquote>\n<\/div>\n<p>In Virginia entworfen und von den 1920er bis 1940er Jahren Materialien und Silhouetten eingenommen. &#8222;Wir haben diese Lichterlinie geschaffen, weil wir an den Wert der Unterst\u00fctzung von Fachmann in Amerika und guten Partnerschaften glauben&#8220;, erkl\u00e4rt Ben.<\/p>\n<div class=\"van_vid_carousel\">\n<div class=\"van_vid_carousel__padding\">\n<div class=\"van_vid_carousel__container\"><\/div>\n<\/div>\n<\/div>\n<p>Zu den Highlights z\u00e4hlen ein schlankes schwarzes, von Art Deco inspiriertes Deckenlicht und der lineare Kronleuchter von Gardiner Schoolhouse-ein St\u00fcck, das nach einem von Laurel, Mississippis Gr\u00fcnderfamilien, benannt ist.<\/p>\n<div id=\"ad-unit-2\" class=\"ad-unit\"><\/div>\n<p>&#8222;Wir haben Namen ausgew\u00e4hlt, die f\u00fcr Laurels Geschichte spezifisch waren, da f\u00fcr uns hier alles beginnt: Unser Wunsch, den Geist der Kleinstadt Amerika und Laurels Kunst- und Design-Erbe zu betonen, inspiriert uns endlos&#8220;, sagt Erin.<\/p>\n<p>In der Sammlung gibt es ein klares Thema, das zeitlose Vintage -Stile nickt, aber es gibt ein St\u00fcck f\u00fcr jede Art von Zuhause, vom rustikalen Bauernhaus bis zu Uber Modern. Es gibt auch eine Auswahl an Erschwinglichkeit; Die Preise beginnen bei 190,00 USD f\u00fcr die h\u00fcbschen Watkins Bath-Leiterplatte und betragen bis zu 1.080,00 USD f\u00fcr den Luxus Sechs-Light-Watkins-Kronleuchter.<\/p>\n<div id=\"slice-container-newsletterForm-articleInbodyContent-7TwTWHo7ywqF9bakEfGwfC\" class=\"slice-container newsletter-inbodyContent-slice newsletterForm-articleInbodyContent-7TwTWHo7ywqF9bakEfGwfC slice-container-newsletterForm\"><\/div>\n<p>Der <u>Erin &#038; Ben Co. Lighting Collection<\/u> kann online bei Light Shades einkaufen. Durchsuchen Sie eine Auswahl unserer Lieblingsst\u00fccke unten.<\/p>\n<h2 id=\"shop-the-erin-ben-co-lighting-collection-at-shades-of-light-3\">Kaufen Sie die Erin &#038; Ben Co. -Lichtkollektion in Light Shades of Light<\/h2>\n<div class=\"product-container hero-product-container product-block-no-wrap\"><\/div>\n<hr>\n<p>Diese St\u00fccke sind dank ihrer neutralen Farben sehr vielseitig, was bedeutet, dass sie gro\u00dfartige Investitionen sowohl f\u00fcr ged\u00e4mpfte als auch f\u00fcr farbenfrohe H\u00e4user sind.<\/p>\n<\/div>\n<p><script async src=\"\/\/www.instagram.com\/embed.js\"><\/script><\/p>\n","protected":false},"excerpt":{"rendered":"<p>Als Allround-Innenausstattungsexperten vertrauen wir, dass Erin und Ben Napier uns ein gutes Design zeigen, und dies ist mit ihrem neuesten Projekt sicherlich der Fall: eine<\/p>\n","protected":false},"author":1,"featured_media":3156,"comment_status":"closed","ping_status":"","sticky":false,"template":"","format":"standard","meta":{"footnotes":""},"categories":[118],"tags":[5027,9,1785,954,5031,189,5030,11,804,15,4803,5026,146,5028,108,142,3934,5029,37,4578,21],"class_list":["post-3155","post","type-post","status-publish","format-standard","has-post-thumbnail","hentry","category-haus-garten","tag-ben","tag-die","tag-eleganten","tag-erin","tag-gefuellt","tag-hat","tag-heimatstadt","tag-ihrer","tag-inspirieren","tag-ist","tag-lassenund","tag-lichtkollektion","tag-mit","tag-napier","tag-neue","tag-sich","tag-stuecken","tag-suedlichen","tag-und","tag-vintagestil","tag-von","generate-columns","tablet-grid-50","mobile-grid-100","grid-parent","grid-50"],"yoast_head":"<!-- This site is optimized with the Yoast SEO plugin v27.3 - https:\/\/yoast.com\/product\/yoast-seo-wordpress\/ -->\n<title>Die neue Lichtkollektion von Erin und Ben Napier hat sich von ihrer s\u00fcdlichen Heimatstadt inspirieren lassen-und es ist mit eleganten St\u00fccken im Vintage-Stil gef\u00fcllt - Nachrichten - Stra\u00dfenweb<\/title>\n<meta name=\"robots\" content=\"index, follow, max-snippet:-1, max-image-preview:large, max-video-preview:-1\" \/>\n<link rel=\"canonical\" href=\"https:\/\/www.strassenweb.de\/nachrichten\/die-neue-lichtkollektion-von-erin-und-ben-napier-hat-sich-von-ihrer-suedlichen-heimatstadt-inspirieren-lassen-und-es-ist-mit-eleganten-stuecken-im-vintage-stil-gefuellt\/\" \/>\n<meta property=\"og:locale\" content=\"de_DE\" \/>\n<meta property=\"og:type\" content=\"article\" \/>\n<meta property=\"og:title\" content=\"Die neue Lichtkollektion von Erin und Ben Napier hat sich von ihrer s\u00fcdlichen Heimatstadt inspirieren lassen-und es ist mit eleganten St\u00fccken im Vintage-Stil gef\u00fcllt - Nachrichten - Stra\u00dfenweb\" \/>\n<meta property=\"og:description\" content=\"Als Allround-Innenausstattungsexperten vertrauen wir, dass Erin und Ben Napier uns ein gutes Design zeigen, und dies ist mit ihrem neuesten Projekt sicherlich der Fall: eine\" \/>\n<meta property=\"og:url\" content=\"https:\/\/www.strassenweb.de\/nachrichten\/die-neue-lichtkollektion-von-erin-und-ben-napier-hat-sich-von-ihrer-suedlichen-heimatstadt-inspirieren-lassen-und-es-ist-mit-eleganten-stuecken-im-vintage-stil-gefuellt\/\" \/>\n<meta property=\"og:site_name\" content=\"Stra\u00dfenweb\" \/>\n<meta property=\"article:publisher\" content=\"https:\/\/www.facebook.com\/strassenweb\/\" \/>\n<meta property=\"article:published_time\" content=\"2025-02-06T14:43:56+00:00\" \/>\n<meta property=\"og:image\" content=\"https:\/\/www.strassenweb.de\/nachrichten\/wp-content\/uploads\/2025\/02\/Die-neue-Lichtkollektion-von-Erin-und-Ben-Napier-hat-sich.jpg\" \/>\n\t<meta property=\"og:image:width\" content=\"1200\" \/>\n\t<meta property=\"og:image:height\" content=\"675\" \/>\n\t<meta property=\"og:image:type\" content=\"image\/jpeg\" \/>\n<meta name=\"author\" content=\"Robert Hoffmann\" \/>\n<meta name=\"twitter:card\" content=\"summary_large_image\" \/>\n<meta name=\"twitter:label1\" content=\"Verfasst von\" \/>\n\t<meta name=\"twitter:data1\" content=\"Robert Hoffmann\" \/>\n\t<meta name=\"twitter:label2\" content=\"Gesch\u00e4tzte Lesezeit\" \/>\n\t<meta name=\"twitter:data2\" content=\"2\u00a0Minuten\" \/>\n<script type=\"application\/ld+json\" class=\"yoast-schema-graph\">{\"@context\":\"https:\\\/\\\/schema.org\",\"@graph\":[{\"@type\":\"Article\",\"@id\":\"https:\\\/\\\/www.strassenweb.de\\\/nachrichten\\\/die-neue-lichtkollektion-von-erin-und-ben-napier-hat-sich-von-ihrer-suedlichen-heimatstadt-inspirieren-lassen-und-es-ist-mit-eleganten-stuecken-im-vintage-stil-gefuellt\\\/#article\",\"isPartOf\":{\"@id\":\"https:\\\/\\\/www.strassenweb.de\\\/nachrichten\\\/die-neue-lichtkollektion-von-erin-und-ben-napier-hat-sich-von-ihrer-suedlichen-heimatstadt-inspirieren-lassen-und-es-ist-mit-eleganten-stuecken-im-vintage-stil-gefuellt\\\/\"},\"author\":{\"name\":\"Robert Hoffmann\",\"@id\":\"https:\\\/\\\/www.strassenweb.de\\\/nachrichten\\\/#\\\/schema\\\/person\\\/87c9c9067f1211da429a744dc5a5aa41\"},\"headline\":\"Die neue Lichtkollektion von Erin und Ben Napier hat sich von ihrer s\u00fcdlichen Heimatstadt inspirieren lassen-und es ist mit eleganten St\u00fccken im Vintage-Stil gef\u00fcllt\",\"datePublished\":\"2025-02-06T14:43:56+00:00\",\"mainEntityOfPage\":{\"@id\":\"https:\\\/\\\/www.strassenweb.de\\\/nachrichten\\\/die-neue-lichtkollektion-von-erin-und-ben-napier-hat-sich-von-ihrer-suedlichen-heimatstadt-inspirieren-lassen-und-es-ist-mit-eleganten-stuecken-im-vintage-stil-gefuellt\\\/\"},\"wordCount\":382,\"publisher\":{\"@id\":\"https:\\\/\\\/www.strassenweb.de\\\/nachrichten\\\/#organization\"},\"image\":{\"@id\":\"https:\\\/\\\/www.strassenweb.de\\\/nachrichten\\\/die-neue-lichtkollektion-von-erin-und-ben-napier-hat-sich-von-ihrer-suedlichen-heimatstadt-inspirieren-lassen-und-es-ist-mit-eleganten-stuecken-im-vintage-stil-gefuellt\\\/#primaryimage\"},\"thumbnailUrl\":\"https:\\\/\\\/www.strassenweb.de\\\/nachrichten\\\/wp-content\\\/uploads\\\/2025\\\/02\\\/Die-neue-Lichtkollektion-von-Erin-und-Ben-Napier-hat-sich.jpg\",\"keywords\":[\"Ben\",\"die\",\"eleganten\",\"Erin\",\"gef\u00fcllt\",\"hat\",\"Heimatstadt\",\"ihrer\",\"inspirieren\",\"ist\",\"lassenund\",\"Lichtkollektion\",\"mit\",\"Napier\",\"Neue\",\"sich\",\"St\u00fccken\",\"s\u00fcdlichen\",\"und\",\"VintageStil\",\"von\"],\"articleSection\":[\"Haus &amp; Garten\"],\"inLanguage\":\"de\"},{\"@type\":\"WebPage\",\"@id\":\"https:\\\/\\\/www.strassenweb.de\\\/nachrichten\\\/die-neue-lichtkollektion-von-erin-und-ben-napier-hat-sich-von-ihrer-suedlichen-heimatstadt-inspirieren-lassen-und-es-ist-mit-eleganten-stuecken-im-vintage-stil-gefuellt\\\/\",\"url\":\"https:\\\/\\\/www.strassenweb.de\\\/nachrichten\\\/die-neue-lichtkollektion-von-erin-und-ben-napier-hat-sich-von-ihrer-suedlichen-heimatstadt-inspirieren-lassen-und-es-ist-mit-eleganten-stuecken-im-vintage-stil-gefuellt\\\/\",\"name\":\"Die neue Lichtkollektion von Erin und Ben Napier hat sich von ihrer s\u00fcdlichen Heimatstadt inspirieren lassen-und es ist mit eleganten St\u00fccken im Vintage-Stil gef\u00fcllt - Nachrichten - Stra\u00dfenweb\",\"isPartOf\":{\"@id\":\"https:\\\/\\\/www.strassenweb.de\\\/nachrichten\\\/#website\"},\"primaryImageOfPage\":{\"@id\":\"https:\\\/\\\/www.strassenweb.de\\\/nachrichten\\\/die-neue-lichtkollektion-von-erin-und-ben-napier-hat-sich-von-ihrer-suedlichen-heimatstadt-inspirieren-lassen-und-es-ist-mit-eleganten-stuecken-im-vintage-stil-gefuellt\\\/#primaryimage\"},\"image\":{\"@id\":\"https:\\\/\\\/www.strassenweb.de\\\/nachrichten\\\/die-neue-lichtkollektion-von-erin-und-ben-napier-hat-sich-von-ihrer-suedlichen-heimatstadt-inspirieren-lassen-und-es-ist-mit-eleganten-stuecken-im-vintage-stil-gefuellt\\\/#primaryimage\"},\"thumbnailUrl\":\"https:\\\/\\\/www.strassenweb.de\\\/nachrichten\\\/wp-content\\\/uploads\\\/2025\\\/02\\\/Die-neue-Lichtkollektion-von-Erin-und-Ben-Napier-hat-sich.jpg\",\"datePublished\":\"2025-02-06T14:43:56+00:00\",\"breadcrumb\":{\"@id\":\"https:\\\/\\\/www.strassenweb.de\\\/nachrichten\\\/die-neue-lichtkollektion-von-erin-und-ben-napier-hat-sich-von-ihrer-suedlichen-heimatstadt-inspirieren-lassen-und-es-ist-mit-eleganten-stuecken-im-vintage-stil-gefuellt\\\/#breadcrumb\"},\"inLanguage\":\"de\",\"potentialAction\":[{\"@type\":\"ReadAction\",\"target\":[\"https:\\\/\\\/www.strassenweb.de\\\/nachrichten\\\/die-neue-lichtkollektion-von-erin-und-ben-napier-hat-sich-von-ihrer-suedlichen-heimatstadt-inspirieren-lassen-und-es-ist-mit-eleganten-stuecken-im-vintage-stil-gefuellt\\\/\"]}]},{\"@type\":\"ImageObject\",\"inLanguage\":\"de\",\"@id\":\"https:\\\/\\\/www.strassenweb.de\\\/nachrichten\\\/die-neue-lichtkollektion-von-erin-und-ben-napier-hat-sich-von-ihrer-suedlichen-heimatstadt-inspirieren-lassen-und-es-ist-mit-eleganten-stuecken-im-vintage-stil-gefuellt\\\/#primaryimage\",\"url\":\"https:\\\/\\\/www.strassenweb.de\\\/nachrichten\\\/wp-content\\\/uploads\\\/2025\\\/02\\\/Die-neue-Lichtkollektion-von-Erin-und-Ben-Napier-hat-sich.jpg\",\"contentUrl\":\"https:\\\/\\\/www.strassenweb.de\\\/nachrichten\\\/wp-content\\\/uploads\\\/2025\\\/02\\\/Die-neue-Lichtkollektion-von-Erin-und-Ben-Napier-hat-sich.jpg\",\"width\":1200,\"height\":675,\"caption\":\"Die neue Lichtkollektion von Erin und Ben Napier hat sich von ihrer s\u00fcdlichen Heimatstadt inspirieren lassen-und es ist mit eleganten St\u00fccken im Vintage-Stil gef\u00fcllt\"},{\"@type\":\"BreadcrumbList\",\"@id\":\"https:\\\/\\\/www.strassenweb.de\\\/nachrichten\\\/die-neue-lichtkollektion-von-erin-und-ben-napier-hat-sich-von-ihrer-suedlichen-heimatstadt-inspirieren-lassen-und-es-ist-mit-eleganten-stuecken-im-vintage-stil-gefuellt\\\/#breadcrumb\",\"itemListElement\":[{\"@type\":\"ListItem\",\"position\":1,\"name\":\"Home\",\"item\":\"https:\\\/\\\/www.strassenweb.de\\\/nachrichten\\\/\"},{\"@type\":\"ListItem\",\"position\":2,\"name\":\"Die neue Lichtkollektion von Erin und Ben Napier hat sich von ihrer s\u00fcdlichen Heimatstadt inspirieren lassen-und es ist mit eleganten St\u00fccken im Vintage-Stil gef\u00fcllt\"}]},{\"@type\":\"WebSite\",\"@id\":\"https:\\\/\\\/www.strassenweb.de\\\/nachrichten\\\/#website\",\"url\":\"https:\\\/\\\/www.strassenweb.de\\\/nachrichten\\\/\",\"name\":\"Stra\u00dfenweb\",\"description\":\"Stra\u00dfenverzeichnis f\u00fcr Deutschland\",\"publisher\":{\"@id\":\"https:\\\/\\\/www.strassenweb.de\\\/nachrichten\\\/#organization\"},\"potentialAction\":[{\"@type\":\"SearchAction\",\"target\":{\"@type\":\"EntryPoint\",\"urlTemplate\":\"https:\\\/\\\/www.strassenweb.de\\\/nachrichten\\\/?s={search_term_string}\"},\"query-input\":{\"@type\":\"PropertyValueSpecification\",\"valueRequired\":true,\"valueName\":\"search_term_string\"}}],\"inLanguage\":\"de\"},{\"@type\":\"Organization\",\"@id\":\"https:\\\/\\\/www.strassenweb.de\\\/nachrichten\\\/#organization\",\"name\":\"Stra\u00dfenweb\",\"url\":\"https:\\\/\\\/www.strassenweb.de\\\/nachrichten\\\/\",\"logo\":{\"@type\":\"ImageObject\",\"inLanguage\":\"de\",\"@id\":\"https:\\\/\\\/www.strassenweb.de\\\/nachrichten\\\/#\\\/schema\\\/logo\\\/image\\\/\",\"url\":\"https:\\\/\\\/www.strassenweb.de\\\/nachrichten\\\/wp-content\\\/uploads\\\/2024\\\/09\\\/cropped-favicon.png\",\"contentUrl\":\"https:\\\/\\\/www.strassenweb.de\\\/nachrichten\\\/wp-content\\\/uploads\\\/2024\\\/09\\\/cropped-favicon.png\",\"width\":512,\"height\":512,\"caption\":\"Stra\u00dfenweb\"},\"image\":{\"@id\":\"https:\\\/\\\/www.strassenweb.de\\\/nachrichten\\\/#\\\/schema\\\/logo\\\/image\\\/\"},\"sameAs\":[\"https:\\\/\\\/www.facebook.com\\\/strassenweb\\\/\"]},{\"@type\":\"Person\",\"@id\":\"https:\\\/\\\/www.strassenweb.de\\\/nachrichten\\\/#\\\/schema\\\/person\\\/87c9c9067f1211da429a744dc5a5aa41\",\"name\":\"Robert Hoffmann\",\"image\":{\"@type\":\"ImageObject\",\"inLanguage\":\"de\",\"@id\":\"https:\\\/\\\/www.strassenweb.de\\\/nachrichten\\\/wp-content\\\/uploads\\\/2024\\\/09\\\/strassenweb-150x150.jpg\",\"url\":\"https:\\\/\\\/www.strassenweb.de\\\/nachrichten\\\/wp-content\\\/uploads\\\/2024\\\/09\\\/strassenweb-150x150.jpg\",\"contentUrl\":\"https:\\\/\\\/www.strassenweb.de\\\/nachrichten\\\/wp-content\\\/uploads\\\/2024\\\/09\\\/strassenweb-150x150.jpg\",\"caption\":\"Robert Hoffmann\"},\"description\":\"Ich hei\u00dfe Robert Hoffmann und ich bin ein leidenschaftlicher Verfechter von \u00d6kologie und Biodiversit\u00e4t. Seit meiner Kindheit in den W\u00e4ldern Bayerns f\u00fchle ich mich mit der Natur verbunden und bin entschlossen, sie zu sch\u00fctzen. Heute widme ich mein Leben der Sensibilisierung anderer f\u00fcr die Bedeutung des Umweltschutzes f\u00fcr zuk\u00fcnftige Generationen.\",\"sameAs\":[\"https:\\\/\\\/www.strassenweb.de\\\/\"]}]}<\/script>\n<!-- \/ Yoast SEO plugin. -->","yoast_head_json":{"title":"Die neue Lichtkollektion von Erin und Ben Napier hat sich von ihrer s\u00fcdlichen Heimatstadt inspirieren lassen-und es ist mit eleganten St\u00fccken im Vintage-Stil gef\u00fcllt - Nachrichten - Stra\u00dfenweb","robots":{"index":"index","follow":"follow","max-snippet":"max-snippet:-1","max-image-preview":"max-image-preview:large","max-video-preview":"max-video-preview:-1"},"canonical":"https:\/\/www.strassenweb.de\/nachrichten\/die-neue-lichtkollektion-von-erin-und-ben-napier-hat-sich-von-ihrer-suedlichen-heimatstadt-inspirieren-lassen-und-es-ist-mit-eleganten-stuecken-im-vintage-stil-gefuellt\/","og_locale":"de_DE","og_type":"article","og_title":"Die neue Lichtkollektion von Erin und Ben Napier hat sich von ihrer s\u00fcdlichen Heimatstadt inspirieren lassen-und es ist mit eleganten St\u00fccken im Vintage-Stil gef\u00fcllt - Nachrichten - Stra\u00dfenweb","og_description":"Als Allround-Innenausstattungsexperten vertrauen wir, dass Erin und Ben Napier uns ein gutes Design zeigen, und dies ist mit ihrem neuesten Projekt sicherlich der Fall: eine","og_url":"https:\/\/www.strassenweb.de\/nachrichten\/die-neue-lichtkollektion-von-erin-und-ben-napier-hat-sich-von-ihrer-suedlichen-heimatstadt-inspirieren-lassen-und-es-ist-mit-eleganten-stuecken-im-vintage-stil-gefuellt\/","og_site_name":"Stra\u00dfenweb","article_publisher":"https:\/\/www.facebook.com\/strassenweb\/","article_published_time":"2025-02-06T14:43:56+00:00","og_image":[{"width":1200,"height":675,"url":"https:\/\/www.strassenweb.de\/nachrichten\/wp-content\/uploads\/2025\/02\/Die-neue-Lichtkollektion-von-Erin-und-Ben-Napier-hat-sich.jpg","type":"image\/jpeg"}],"author":"Robert Hoffmann","twitter_card":"summary_large_image","twitter_misc":{"Verfasst von":"Robert Hoffmann","Gesch\u00e4tzte Lesezeit":"2\u00a0Minuten"},"schema":{"@context":"https:\/\/schema.org","@graph":[{"@type":"Article","@id":"https:\/\/www.strassenweb.de\/nachrichten\/die-neue-lichtkollektion-von-erin-und-ben-napier-hat-sich-von-ihrer-suedlichen-heimatstadt-inspirieren-lassen-und-es-ist-mit-eleganten-stuecken-im-vintage-stil-gefuellt\/#article","isPartOf":{"@id":"https:\/\/www.strassenweb.de\/nachrichten\/die-neue-lichtkollektion-von-erin-und-ben-napier-hat-sich-von-ihrer-suedlichen-heimatstadt-inspirieren-lassen-und-es-ist-mit-eleganten-stuecken-im-vintage-stil-gefuellt\/"},"author":{"name":"Robert Hoffmann","@id":"https:\/\/www.strassenweb.de\/nachrichten\/#\/schema\/person\/87c9c9067f1211da429a744dc5a5aa41"},"headline":"Die neue Lichtkollektion von Erin und Ben Napier hat sich von ihrer s\u00fcdlichen Heimatstadt inspirieren lassen-und es ist mit eleganten St\u00fccken im Vintage-Stil gef\u00fcllt","datePublished":"2025-02-06T14:43:56+00:00","mainEntityOfPage":{"@id":"https:\/\/www.strassenweb.de\/nachrichten\/die-neue-lichtkollektion-von-erin-und-ben-napier-hat-sich-von-ihrer-suedlichen-heimatstadt-inspirieren-lassen-und-es-ist-mit-eleganten-stuecken-im-vintage-stil-gefuellt\/"},"wordCount":382,"publisher":{"@id":"https:\/\/www.strassenweb.de\/nachrichten\/#organization"},"image":{"@id":"https:\/\/www.strassenweb.de\/nachrichten\/die-neue-lichtkollektion-von-erin-und-ben-napier-hat-sich-von-ihrer-suedlichen-heimatstadt-inspirieren-lassen-und-es-ist-mit-eleganten-stuecken-im-vintage-stil-gefuellt\/#primaryimage"},"thumbnailUrl":"https:\/\/www.strassenweb.de\/nachrichten\/wp-content\/uploads\/2025\/02\/Die-neue-Lichtkollektion-von-Erin-und-Ben-Napier-hat-sich.jpg","keywords":["Ben","die","eleganten","Erin","gef\u00fcllt","hat","Heimatstadt","ihrer","inspirieren","ist","lassenund","Lichtkollektion","mit","Napier","Neue","sich","St\u00fccken","s\u00fcdlichen","und","VintageStil","von"],"articleSection":["Haus &amp; Garten"],"inLanguage":"de"},{"@type":"WebPage","@id":"https:\/\/www.strassenweb.de\/nachrichten\/die-neue-lichtkollektion-von-erin-und-ben-napier-hat-sich-von-ihrer-suedlichen-heimatstadt-inspirieren-lassen-und-es-ist-mit-eleganten-stuecken-im-vintage-stil-gefuellt\/","url":"https:\/\/www.strassenweb.de\/nachrichten\/die-neue-lichtkollektion-von-erin-und-ben-napier-hat-sich-von-ihrer-suedlichen-heimatstadt-inspirieren-lassen-und-es-ist-mit-eleganten-stuecken-im-vintage-stil-gefuellt\/","name":"Die neue Lichtkollektion von Erin und Ben Napier hat sich von ihrer s\u00fcdlichen Heimatstadt inspirieren lassen-und es ist mit eleganten St\u00fccken im Vintage-Stil gef\u00fcllt - Nachrichten - Stra\u00dfenweb","isPartOf":{"@id":"https:\/\/www.strassenweb.de\/nachrichten\/#website"},"primaryImageOfPage":{"@id":"https:\/\/www.strassenweb.de\/nachrichten\/die-neue-lichtkollektion-von-erin-und-ben-napier-hat-sich-von-ihrer-suedlichen-heimatstadt-inspirieren-lassen-und-es-ist-mit-eleganten-stuecken-im-vintage-stil-gefuellt\/#primaryimage"},"image":{"@id":"https:\/\/www.strassenweb.de\/nachrichten\/die-neue-lichtkollektion-von-erin-und-ben-napier-hat-sich-von-ihrer-suedlichen-heimatstadt-inspirieren-lassen-und-es-ist-mit-eleganten-stuecken-im-vintage-stil-gefuellt\/#primaryimage"},"thumbnailUrl":"https:\/\/www.strassenweb.de\/nachrichten\/wp-content\/uploads\/2025\/02\/Die-neue-Lichtkollektion-von-Erin-und-Ben-Napier-hat-sich.jpg","datePublished":"2025-02-06T14:43:56+00:00","breadcrumb":{"@id":"https:\/\/www.strassenweb.de\/nachrichten\/die-neue-lichtkollektion-von-erin-und-ben-napier-hat-sich-von-ihrer-suedlichen-heimatstadt-inspirieren-lassen-und-es-ist-mit-eleganten-stuecken-im-vintage-stil-gefuellt\/#breadcrumb"},"inLanguage":"de","potentialAction":[{"@type":"ReadAction","target":["https:\/\/www.strassenweb.de\/nachrichten\/die-neue-lichtkollektion-von-erin-und-ben-napier-hat-sich-von-ihrer-suedlichen-heimatstadt-inspirieren-lassen-und-es-ist-mit-eleganten-stuecken-im-vintage-stil-gefuellt\/"]}]},{"@type":"ImageObject","inLanguage":"de","@id":"https:\/\/www.strassenweb.de\/nachrichten\/die-neue-lichtkollektion-von-erin-und-ben-napier-hat-sich-von-ihrer-suedlichen-heimatstadt-inspirieren-lassen-und-es-ist-mit-eleganten-stuecken-im-vintage-stil-gefuellt\/#primaryimage","url":"https:\/\/www.strassenweb.de\/nachrichten\/wp-content\/uploads\/2025\/02\/Die-neue-Lichtkollektion-von-Erin-und-Ben-Napier-hat-sich.jpg","contentUrl":"https:\/\/www.strassenweb.de\/nachrichten\/wp-content\/uploads\/2025\/02\/Die-neue-Lichtkollektion-von-Erin-und-Ben-Napier-hat-sich.jpg","width":1200,"height":675,"caption":"Die neue Lichtkollektion von Erin und Ben Napier hat sich von ihrer s\u00fcdlichen Heimatstadt inspirieren lassen-und es ist mit eleganten St\u00fccken im Vintage-Stil gef\u00fcllt"},{"@type":"BreadcrumbList","@id":"https:\/\/www.strassenweb.de\/nachrichten\/die-neue-lichtkollektion-von-erin-und-ben-napier-hat-sich-von-ihrer-suedlichen-heimatstadt-inspirieren-lassen-und-es-ist-mit-eleganten-stuecken-im-vintage-stil-gefuellt\/#breadcrumb","itemListElement":[{"@type":"ListItem","position":1,"name":"Home","item":"https:\/\/www.strassenweb.de\/nachrichten\/"},{"@type":"ListItem","position":2,"name":"Die neue Lichtkollektion von Erin und Ben Napier hat sich von ihrer s\u00fcdlichen Heimatstadt inspirieren lassen-und es ist mit eleganten St\u00fccken im Vintage-Stil gef\u00fcllt"}]},{"@type":"WebSite","@id":"https:\/\/www.strassenweb.de\/nachrichten\/#website","url":"https:\/\/www.strassenweb.de\/nachrichten\/","name":"Stra\u00dfenweb","description":"Stra\u00dfenverzeichnis f\u00fcr Deutschland","publisher":{"@id":"https:\/\/www.strassenweb.de\/nachrichten\/#organization"},"potentialAction":[{"@type":"SearchAction","target":{"@type":"EntryPoint","urlTemplate":"https:\/\/www.strassenweb.de\/nachrichten\/?s={search_term_string}"},"query-input":{"@type":"PropertyValueSpecification","valueRequired":true,"valueName":"search_term_string"}}],"inLanguage":"de"},{"@type":"Organization","@id":"https:\/\/www.strassenweb.de\/nachrichten\/#organization","name":"Stra\u00dfenweb","url":"https:\/\/www.strassenweb.de\/nachrichten\/","logo":{"@type":"ImageObject","inLanguage":"de","@id":"https:\/\/www.strassenweb.de\/nachrichten\/#\/schema\/logo\/image\/","url":"https:\/\/www.strassenweb.de\/nachrichten\/wp-content\/uploads\/2024\/09\/cropped-favicon.png","contentUrl":"https:\/\/www.strassenweb.de\/nachrichten\/wp-content\/uploads\/2024\/09\/cropped-favicon.png","width":512,"height":512,"caption":"Stra\u00dfenweb"},"image":{"@id":"https:\/\/www.strassenweb.de\/nachrichten\/#\/schema\/logo\/image\/"},"sameAs":["https:\/\/www.facebook.com\/strassenweb\/"]},{"@type":"Person","@id":"https:\/\/www.strassenweb.de\/nachrichten\/#\/schema\/person\/87c9c9067f1211da429a744dc5a5aa41","name":"Robert Hoffmann","image":{"@type":"ImageObject","inLanguage":"de","@id":"https:\/\/www.strassenweb.de\/nachrichten\/wp-content\/uploads\/2024\/09\/strassenweb-150x150.jpg","url":"https:\/\/www.strassenweb.de\/nachrichten\/wp-content\/uploads\/2024\/09\/strassenweb-150x150.jpg","contentUrl":"https:\/\/www.strassenweb.de\/nachrichten\/wp-content\/uploads\/2024\/09\/strassenweb-150x150.jpg","caption":"Robert Hoffmann"},"description":"Ich hei\u00dfe Robert Hoffmann und ich bin ein leidenschaftlicher Verfechter von \u00d6kologie und Biodiversit\u00e4t. Seit meiner Kindheit in den W\u00e4ldern Bayerns f\u00fchle ich mich mit der Natur verbunden und bin entschlossen, sie zu sch\u00fctzen. Heute widme ich mein Leben der Sensibilisierung anderer f\u00fcr die Bedeutung des Umweltschutzes f\u00fcr zuk\u00fcnftige Generationen.","sameAs":["https:\/\/www.strassenweb.de\/"]}]}},"_links":{"self":[{"href":"https:\/\/www.strassenweb.de\/nachrichten\/wp-json\/wp\/v2\/posts\/3155","targetHints":{"allow":["GET"]}}],"collection":[{"href":"https:\/\/www.strassenweb.de\/nachrichten\/wp-json\/wp\/v2\/posts"}],"about":[{"href":"https:\/\/www.strassenweb.de\/nachrichten\/wp-json\/wp\/v2\/types\/post"}],"author":[{"embeddable":true,"href":"https:\/\/www.strassenweb.de\/nachrichten\/wp-json\/wp\/v2\/users\/1"}],"replies":[{"embeddable":true,"href":"https:\/\/www.strassenweb.de\/nachrichten\/wp-json\/wp\/v2\/comments?post=3155"}],"version-history":[{"count":0,"href":"https:\/\/www.strassenweb.de\/nachrichten\/wp-json\/wp\/v2\/posts\/3155\/revisions"}],"wp:featuredmedia":[{"embeddable":true,"href":"https:\/\/www.strassenweb.de\/nachrichten\/wp-json\/wp\/v2\/media\/3156"}],"wp:attachment":[{"href":"https:\/\/www.strassenweb.de\/nachrichten\/wp-json\/wp\/v2\/media?parent=3155"}],"wp:term":[{"taxonomy":"category","embeddable":true,"href":"https:\/\/www.strassenweb.de\/nachrichten\/wp-json\/wp\/v2\/categories?post=3155"},{"taxonomy":"post_tag","embeddable":true,"href":"https:\/\/www.strassenweb.de\/nachrichten\/wp-json\/wp\/v2\/tags?post=3155"}],"curies":[{"name":"wp","href":"https:\/\/api.w.org\/{rel}","templated":true}]}}