{"id":3142,"date":"2025-02-05T19:40:39","date_gmt":"2025-02-05T18:40:39","guid":{"rendered":"https:\/\/www.strassenweb.de\/nachrichten\/wie-man-waechst-und-fuer-astern-sorgt-verlaengern-sie-die-farbpalette-ihres-gartens-mit-diesen-einfachen-dochsyaehnlichen-schoenheiten\/"},"modified":"2025-02-05T19:40:39","modified_gmt":"2025-02-05T18:40:39","slug":"wie-man-waechst-und-fuer-astern-sorgt-verlaengern-sie-die-farbpalette-ihres-gartens-mit-diesen-einfachen-dochsyaehnlichen-schoenheiten","status":"publish","type":"post","link":"https:\/\/www.strassenweb.de\/nachrichten\/wie-man-waechst-und-fuer-astern-sorgt-verlaengern-sie-die-farbpalette-ihres-gartens-mit-diesen-einfachen-dochsyaehnlichen-schoenheiten\/","title":{"rendered":"Wie man w\u00e4chst und f\u00fcr Astern sorgt-verl\u00e4ngern Sie die Farbpalette Ihres Gartens mit diesen einfachen, dochsy\u00e4hnlichen Sch\u00f6nheiten"},"content":{"rendered":"<p><\/p>\n<div id=\"article-body\" class=\"article__body \">\n<p>Astern sind eine der besten Pflanzen, die Sie zu Ihren H\u00f6fen hinzuf\u00fcgen k\u00f6nnen. Warum? Da sie nicht nur vom Sp\u00e4tsommer bis zum Herbst am besten sind, sondern auch Ihren j\u00e4hrlichen Farbton der Farbe erweitern, sind sie auch super einfach zu wachsen und f\u00fcr Best\u00e4uber attraktiv.<\/p>\n<div id=\"ad-unit-1\" class=\"ad-unit\"><\/div>\n<p>Es gibt viele Arten von Aster, sowohl mehrj\u00e4hrig als auch einj\u00e4hrig, und ihre hellen dochsyartigen Blumen sind in Rosa, Lila, Blau, Aprikosen und Wei\u00df vorhanden. Sie sind Mitglieder der <em>Asteraceae<\/em> Familie, zu der auch G\u00e4nsebl\u00fcmchen, Ringelblumen, Sonnenblumen, Chrysanthemen und Echinacea geh\u00f6ren.<\/p>\n<p>Wenn Sie wissen, wie man Astern w\u00e4chst und um sie k\u00fcmmert, wird das Bl\u00fctepotential Ihres Gartens vom Sp\u00e4tsommer bis zum Herbst verl\u00e4ngert.<\/p>\n<div id=\"desktop-in-article\" class=\"in-article ad-unit\">\n<div id=\"desktop-taboola-mid-article\"><\/div>\n<\/div>\n<div id=\"mobile-in-article\" class=\"in-article ad-unit\">\n<div id=\"mobile-taboola-mid-article\"><\/div>\n<\/div>\n<figure class=\"van-image-figure inline-layout \" data-bordeaux-image-check>\n<div class=\"image-full-width-wrapper\">\n<div class=\"image-widthsetter\" style=\"max-width:2400px;\"><\/div>\n<\/div><figcaption class=\"inline-layout \">\n<div class=\"caption-text\">\n<p><em>Callistephus chinensis sind einj\u00e4hrige Astern, die aus Samen angebaut werden k\u00f6nnen und hervorragende Schneidblumen herstellen k\u00f6nnen<\/em><\/p>\n<\/div>\n<\/figcaption><\/figure>\n<h2 id=\"how-to-grow-asters-3\">Wie man Astern annimmt<\/h2>\n<aside class=\"hawk-nest\" data-block-type=\"embed\" data-render-type=\"fte\" data-skip=\"dealsy\" data-widget-type=\"seasonal\">\n<div class=\"hawk-master-widget-hawk-base-wrapper\"><\/div>\n<\/aside>\n<p>Mehrj\u00e4hrige Astern k\u00f6nnen aus Samen angebaut werden, aber es braucht Zeit, bis sie reifen, sodass Sie Jahre darauf warten, dass sie bl\u00fchen. Der beste Weg, sie zu wachsen, besteht darin, Pflanzen zu kaufen und sie im Fr\u00fchling auf den Hof hinzuzuf\u00fcgen. Es gibt einheimische Sorten von Aster, die in ganz Nordamerika wachsen, aber diese unterscheiden sich von den kultivierten St\u00e4mmen, die wir f\u00fcr unsere G\u00e4rten kaufen.<\/p>\n<div class=\"van_vid_carousel\">\n<div class=\"van_vid_carousel__padding\">\n<div class=\"van_vid_carousel__container\"><\/div>\n<\/div>\n<\/div>\n<p>Es ist n\u00fctzlich zu wissen, dass Astern in den letzten Jahren einen Namenswechsel hatten, und w\u00e4hrend einige Sorten immer noch als Astern bezeichnet werden, wie z. <em>Aster Amellus <\/em>(Auch als italienischer Aster bezeichnet), andere hei\u00dft mit dem Namen <em>Symphyotrichum<\/em>.<\/p>\n<div id=\"ad-unit-2\" class=\"ad-unit\"><\/div>\n<p>Dieses Rebranding ist in Gro\u00dfbritannien h\u00e4ufiger als in den USA.<\/p>\n<p>\u00dcberlegen Sie, wie Sie in Ihrem Garten Pflanzen f\u00fcr Ihre Blumenbeetideen ausw\u00e4hlen, wie viel Platz Sie haben und was mit Ihren aktuellen und geplanten Pflanzschemata am besten funktioniert.<\/p>\n<h3 class=\"article-body__section\" id=\"section-growing-habits-of-asters\"><span>Wachsende Gewohnheiten von Astern<\/span><\/h3>\n<figure class=\"van-image-figure inline-layout \" data-bordeaux-image-check>\n<div class=\"image-full-width-wrapper\">\n<div class=\"image-widthsetter\" style=\"max-width:2000px;\"><\/div>\n<\/div><figcaption class=\"inline-layout \">\n<div class=\"caption-text\">\n<p><em>Im Gegensatz zu anderen Astern mit vielen gruppierten Bl\u00fctenbl\u00e4ttern erzeugt &#8218;White Wood Aster eine Konstellation sternen\u00e4hnlicher Blumen<\/em><\/p>\n<\/div>\n<\/figcaption><\/figure>\n<p>Astern stammen aus den meisten Bundesstaaten Nordamerikas. Sie sind hohe, klumpende, krautige Stauden, die bis zu 6 Fu\u00df gro\u00df werden k\u00f6nnen, obwohl das Klettern bei der St\u00fctzung 10 Fu\u00df erreichen kann.<\/p>\n<p>J\u00e4hrliche Astern werden genannt <em>Callistephus chinensis<\/em> und wachsen bis etwa 27 Zoll gro\u00df. Als halbharte Pflanzen sind sie nicht vollst\u00e4ndig frostdicht, sondern sind gro\u00dfartig als Bettw\u00e4schepflanzen und Schnittblumen und k\u00f6nnen als Samen von Amazon gekauft werden.<\/p>\n<p>Aus Samen wachsen und im Fr\u00fchling in Schalen von hochwertigem Samen -Blumenerde s\u00e4en. Wenn die S\u00e4mlinge gro\u00df genug sind, \u00fcbertragen Sie sie in kleine einzelnen T\u00f6pfe und wachsen Sie sie weiter, bis die Frosts beendet sind.<\/p>\n<p>Akklimatisieren Sie sich Ihre jungen Pflanzen allm\u00e4hlich auf das Leben im Hof, ein Verfahren, der als H\u00e4rtung bekannt ist, bevor sie dort pflanzen, wo sie wachsen sollen.<\/p>\n<p>Mehrj\u00e4hrige Astern sind extrem robust und k\u00f6nnen in den US-amerikanischen Hardiness-Zonen 3-8 \u00fcberleben. Sie wachsen gut im Boden und in Beh\u00e4ltern.<\/p>\n<p>Beliebte Sorten sind die traditionell mauvabl\u00fcten Sorten <em>Aster Amellus<\/em> Das kann als Pflanzen bei Amazon sowie als &#8222;wei\u00dfe Damen&#8220; von Holl\u00e4ndern gewachsen gekauft werden, und das doppeltpetallierte New Yorker &#8222;Stipendium&#8220; ebenfalls aus Niederl\u00e4ndisch gewachsen auf 40 Zoll gro\u00df.<\/p>\n<h3 class=\"article-body__section\" id=\"section-care-guide-for-asters\"><span>Pflegest\u00fctze f\u00fcr Astern<\/span><\/h3>\n<figure class=\"van-image-figure inline-layout \" data-bordeaux-image-check>\n<div class=\"image-full-width-wrapper\">\n<div class=\"image-widthsetter\" style=\"max-width:2400px;\"><\/div>\n<\/div><figcaption class=\"inline-layout \">\n<div class=\"caption-text\">\n<p><em>Astern sind wichtige Pflanzen f\u00fcr Best\u00e4uber. Besonders der beeindruckende Monarch -Schmetterling<\/em><\/p>\n<\/div>\n<\/figcaption><\/figure>\n<p><strong>Boden:<\/strong> Astern k\u00f6nnen am besten in fruchtbaren, n\u00e4hrstoffreichen, lehmigen Boden, die etwas sauer sind, am besten besitzen. Wenn Ihr Boden alkalisch ist, k\u00f6nnen Sie es f\u00fcr den Anbau von Astern besser geeignet machen, indem Sie viel gut gerottetes organisches Material wie D\u00fcnger, hausgemachte Kompost oder Blattform hinzuf\u00fcgen, die auch den N\u00e4hrstoffniveau steigern.<\/p>\n<p>Die Pflanzen brauchen Erde, der gut abflie\u00dft, und ihre Wurzeln sind bei feuchten Bedingungen zu verrottend. Wenn Sie schweren Lehmboden haben, k\u00f6nnen Sie m\u00f6glicherweise besser kompaktere Sorten von Astern wie &#8222;Purple Dome&#8220; in Amazon in Beh\u00e4ltern erh\u00f6hen.<\/p>\n<p><strong>Licht:<\/strong> F\u00fcr die besten, lang anhaltenden Blumen wachsen Sie Ihre Aster, wo sie viel Sonnenlicht bekommen. Wenn Sie dies nicht tun, k\u00f6nnen sie d\u00fcnn und schwach werden, wenn sie sich nach oben in Richtung Licht erstrecken, und sie werden ihren \u00fcblichen Blumenreichtum nicht produzieren.<\/p>\n<p>Wenn Ihr Garten wenig Sonne bekommt, k\u00f6nnen einige einheimische Sorten wie &#8222;wei\u00dfes Holz&#8220; mehr Schatten tolerieren.<\/p>\n<p><strong>Bew\u00e4sserung: <\/strong>Wasser \u00e4rgert sich gut, wenn Sie sie zum ersten Mal in den Boden gesteckt haben, und halten sie gut bew\u00e4ssert, w\u00e4hrend sie sich etablieren. \u00c4ltere Pflanzen sollten regelm\u00e4\u00dfig in der Blume korrekt verw\u00e4ssert werden, aber stellen Sie immer sicher, dass das Wasser auf dem Boden landet, anstatt Ihre Pflanzen, da feuchte Bl\u00e4tter anf\u00e4lliger f\u00fcr die Anziehung von grauer Schimmel und wei\u00dfer Schimmel (pulverende Mehltau) sind.<\/p>\n<p><strong>D\u00fcngung:<\/strong> Astern sind nicht die ausgehungerten Feeder, aber um die besten Ergebnisse zu erzielen, f\u00fcttern sie zwischen April und Ende Juli mit einem allgemeinen D\u00fcnger wie Miracle-Gro Pour und Feed von Amazon.<\/p>\n<p>Sobald sie anfangen zu bl\u00fchen, werden sie einen vierzehnt\u00e4gigen Futter mit Tomatend\u00fcnger wie Experteng\u00e4rtner -Tomaten und Gem\u00fcsepflanzengartenfutter von Walmart zu sch\u00e4tzen wissen, was eine gute Bl\u00fcte f\u00f6rdert.<\/p>\n<p>Wenden Sie sie bei Verwendung von d\u00fcngenden D\u00fcngemitteln gem\u00e4\u00df den Anweisungen des Herstellers an und gie\u00dfen Sie sie dann ein.<\/p>\n<p><strong>Beschneidung:<\/strong> Wenn Sie die Spitzen von Aster -Shootings herausholen, wenn sie im Fr\u00fchling wachsen, produzieren Sie buschigere Pflanzen mit mehr Blumen. Deadheading -Pflanzen, w\u00e4hrend die Bl\u00fcten verblassen, ermutigen mehr Knospen.<\/p>\n<p>Es gibt einige Debatten \u00fcber die beste Zeit, um Astern zu reduzieren, aber ich bevorzuge ihre St\u00e4ngel im Herbst, um die Krone der Pflanze vor dem Winterwetter zu sch\u00fctzen und Hiberation-Hang-Outs f\u00fcr Insekten und Wirbellose zu verleihen.<\/p>\n<p><strong>Toxizit\u00e4t: <\/strong>Astern sind sicher in Ihrem Garten zu wachsen und sind f\u00fcr Haustiere, Kinder, Erwachsene oder Wildtiere nicht giftig. Sie sind eine der besten Pflanzen f\u00fcr Herbstbest\u00e4uber und sind besonders beliebt bei Bienen und Schmetterlingen, wie dem sch\u00f6nen Monarch -Schmetterling.<\/p>\n<h3 class=\"article-body__section\" id=\"section-faqs\"><span>FAQs<\/span><\/h3>\n<h2 id=\"what-plants-grow-well-with-asters-3\">Welche Pflanzen wachsen gut mit Astern?<\/h2>\n<p>Da sie eine einheimische Pflanze Nordamerikas sind, funktionieren Astern sehr gut in naturalistischen oder Pr\u00e4riepflanzprogrammen. Wachsen Sie sie mit dekorativen Gr\u00e4sern, die ihr Interesse an Herbst und Winter, einheimischen Gr\u00e4sern, Z\u00e4sigen, Goldenrod und schwarz\u00e4ugigen Susan haben. Da sie gleichzeitig bl\u00fchen, sind Chrysanthemen eine weitere gute Begleitpflanze f\u00fcr Astern, entweder in passenden oder kontrastierenden Farben.<\/p>\n<h2 id=\"how-do-i-propagate-asters-3\">Wie verbreite ich Astern?<\/h2>\n<p>Der einfachste Weg, Aster zu verbreiten, besteht darin, alle 3-4 Jahre im Fr\u00fchling etablierte Klumpen zu teilen, wenn sie nach dem Winter gerade erst wieder wachsen. Graben Sie die Pflanze vorsichtig aus und teilen Sie sie mit Ihrem Spaten in Abschnitte auf (halten Sie sie f\u00fcr diesen Zweck und f\u00fcr das leichtere Graben) oder ein scharfes, sauberes Gartenmesser (ich benutze ein altes gezacktes Brotmesser!)<\/p>\n<p>Kompostieren Sie das holzige, unproduktive Herz der Pflanze und stellen Sie dann sicher, dass alle Abteilungen gesunde Wurzeln und erstklassiges Wachstum haben, bevor sie sie in der gleichen Tiefe wie zuvor nachgebildet haben. Falten Sie den Boden um ihre Wurzeln hinunter, um Lufttaschen auszuschalten, gut zu Wasser und mulch mit gutrottem Kompost oder D\u00fcnger.<\/p>\n<p>Wenn Sie darauf achten, die h\u00e4ufigsten Fehler beim Nehmen von Stecklingen zu vermeiden, wachsen Astern auch gut aus Weichholz-Stecklingen, die aus dem frischen neuen, nicht bl\u00fchenden Wachstum im Fr\u00fchling oder Fr\u00fchsommer entnommen werden.<\/p>\n<h2 id=\"are-michaelmas-daisies-and-asters-the-same-3\">Sind Michaelmas -G\u00e4nsebl\u00fcmchen und Astern gleich?<\/h2>\n<p>Ja, Michaelmas Daisy ist der traditionelle Name f\u00fcr Astern. Michaelmas ist das christliche Festival von St. Michael, der am 29. September stattfindet. Wenn Astern normalerweise noch in Bl\u00fcte stehen &#8211; daher die Verbindung.<\/p>\n<hr>\n<p>Astern sind eine der leicht zu erbauten und attraktivsten Pflanzen im Sp\u00e4tsommer- und Herbstgarten. Pflanzen k\u00f6nnen jahrelang dauern und sie sind leicht zu verbreiten, was sie auch ein gro\u00dfes Preis -Leistungs -Verh\u00e4ltnis macht. Wenn Sie jedoch etwas fr\u00fcher Farbe in Ihren Hof bringen m\u00f6chten, hat unser Leitfaden zu den besten Fr\u00fchlingsbirnen zu wachsen und wird Ihnen vor einem Ausflug in das Gartenzentrum den Plan vorantreiben.<\/p>\n<\/div>\n","protected":false},"excerpt":{"rendered":"<p>Astern sind eine der besten Pflanzen, die Sie zu Ihren H\u00f6fen hinzuf\u00fcgen k\u00f6nnen. Warum? Da sie nicht nur vom Sp\u00e4tsommer bis zum Herbst am besten<\/p>\n","protected":false},"author":1,"featured_media":3143,"comment_status":"closed","ping_status":"","sticky":false,"template":"","format":"standard","meta":{"footnotes":""},"categories":[118],"tags":[5011,9,208,5013,1167,2469,55,4152,418,134,146,2942,165,5012,37,4728,26],"class_list":["post-3142","post","type-post","status-publish","format-standard","has-post-thumbnail","hentry","category-haus-garten","tag-astern","tag-die","tag-diesen","tag-dochsyaehnlichen","tag-einfachen","tag-farbpalette","tag-fuer","tag-gartens","tag-ihres","tag-man","tag-mit","tag-schoenheiten","tag-sie","tag-sorgtverlaengern","tag-und","tag-waechst","tag-wie","generate-columns","tablet-grid-50","mobile-grid-100","grid-parent","grid-50"],"yoast_head":"<!-- This site is optimized with the Yoast SEO plugin v27.3 - https:\/\/yoast.com\/product\/yoast-seo-wordpress\/ -->\n<title>Wie man w\u00e4chst und f\u00fcr Astern sorgt-verl\u00e4ngern Sie die Farbpalette Ihres Gartens mit diesen einfachen, dochsy\u00e4hnlichen Sch\u00f6nheiten - Nachrichten - Stra\u00dfenweb<\/title>\n<meta name=\"robots\" content=\"index, follow, max-snippet:-1, max-image-preview:large, max-video-preview:-1\" \/>\n<link rel=\"canonical\" href=\"https:\/\/www.strassenweb.de\/nachrichten\/wie-man-waechst-und-fuer-astern-sorgt-verlaengern-sie-die-farbpalette-ihres-gartens-mit-diesen-einfachen-dochsyaehnlichen-schoenheiten\/\" \/>\n<meta property=\"og:locale\" content=\"de_DE\" \/>\n<meta property=\"og:type\" content=\"article\" \/>\n<meta property=\"og:title\" content=\"Wie man w\u00e4chst und f\u00fcr Astern sorgt-verl\u00e4ngern Sie die Farbpalette Ihres Gartens mit diesen einfachen, dochsy\u00e4hnlichen Sch\u00f6nheiten - Nachrichten - Stra\u00dfenweb\" \/>\n<meta property=\"og:description\" content=\"Astern sind eine der besten Pflanzen, die Sie zu Ihren H\u00f6fen hinzuf\u00fcgen k\u00f6nnen. Warum? Da sie nicht nur vom Sp\u00e4tsommer bis zum Herbst am besten\" \/>\n<meta property=\"og:url\" content=\"https:\/\/www.strassenweb.de\/nachrichten\/wie-man-waechst-und-fuer-astern-sorgt-verlaengern-sie-die-farbpalette-ihres-gartens-mit-diesen-einfachen-dochsyaehnlichen-schoenheiten\/\" \/>\n<meta property=\"og:site_name\" content=\"Stra\u00dfenweb\" \/>\n<meta property=\"article:publisher\" content=\"https:\/\/www.facebook.com\/strassenweb\/\" \/>\n<meta property=\"article:published_time\" content=\"2025-02-05T18:40:39+00:00\" \/>\n<meta property=\"og:image\" content=\"https:\/\/www.strassenweb.de\/nachrichten\/wp-content\/uploads\/2025\/02\/Wie-man-waechst-und-fuer-Astern-sorgt-verlaengern-Sie-die-Farbpalette.jpg\" \/>\n\t<meta property=\"og:image:width\" content=\"1200\" \/>\n\t<meta property=\"og:image:height\" content=\"675\" \/>\n\t<meta property=\"og:image:type\" content=\"image\/jpeg\" \/>\n<meta name=\"author\" content=\"Robert Hoffmann\" \/>\n<meta name=\"twitter:card\" content=\"summary_large_image\" \/>\n<meta name=\"twitter:label1\" content=\"Verfasst von\" \/>\n\t<meta name=\"twitter:data1\" content=\"Robert Hoffmann\" \/>\n\t<meta name=\"twitter:label2\" content=\"Gesch\u00e4tzte Lesezeit\" \/>\n\t<meta name=\"twitter:data2\" content=\"7\u00a0Minuten\" \/>\n<script type=\"application\/ld+json\" class=\"yoast-schema-graph\">{\"@context\":\"https:\\\/\\\/schema.org\",\"@graph\":[{\"@type\":\"Article\",\"@id\":\"https:\\\/\\\/www.strassenweb.de\\\/nachrichten\\\/wie-man-waechst-und-fuer-astern-sorgt-verlaengern-sie-die-farbpalette-ihres-gartens-mit-diesen-einfachen-dochsyaehnlichen-schoenheiten\\\/#article\",\"isPartOf\":{\"@id\":\"https:\\\/\\\/www.strassenweb.de\\\/nachrichten\\\/wie-man-waechst-und-fuer-astern-sorgt-verlaengern-sie-die-farbpalette-ihres-gartens-mit-diesen-einfachen-dochsyaehnlichen-schoenheiten\\\/\"},\"author\":{\"name\":\"Robert Hoffmann\",\"@id\":\"https:\\\/\\\/www.strassenweb.de\\\/nachrichten\\\/#\\\/schema\\\/person\\\/87c9c9067f1211da429a744dc5a5aa41\"},\"headline\":\"Wie man w\u00e4chst und f\u00fcr Astern sorgt-verl\u00e4ngern Sie die Farbpalette Ihres Gartens mit diesen einfachen, dochsy\u00e4hnlichen Sch\u00f6nheiten\",\"datePublished\":\"2025-02-05T18:40:39+00:00\",\"mainEntityOfPage\":{\"@id\":\"https:\\\/\\\/www.strassenweb.de\\\/nachrichten\\\/wie-man-waechst-und-fuer-astern-sorgt-verlaengern-sie-die-farbpalette-ihres-gartens-mit-diesen-einfachen-dochsyaehnlichen-schoenheiten\\\/\"},\"wordCount\":1372,\"publisher\":{\"@id\":\"https:\\\/\\\/www.strassenweb.de\\\/nachrichten\\\/#organization\"},\"image\":{\"@id\":\"https:\\\/\\\/www.strassenweb.de\\\/nachrichten\\\/wie-man-waechst-und-fuer-astern-sorgt-verlaengern-sie-die-farbpalette-ihres-gartens-mit-diesen-einfachen-dochsyaehnlichen-schoenheiten\\\/#primaryimage\"},\"thumbnailUrl\":\"https:\\\/\\\/www.strassenweb.de\\\/nachrichten\\\/wp-content\\\/uploads\\\/2025\\\/02\\\/Wie-man-waechst-und-fuer-Astern-sorgt-verlaengern-Sie-die-Farbpalette.jpg\",\"keywords\":[\"Astern\",\"die\",\"diesen\",\"dochsy\u00e4hnlichen\",\"einfachen\",\"Farbpalette\",\"f\u00fcr\",\"Gartens\",\"Ihres\",\"man\",\"mit\",\"Sch\u00f6nheiten\",\"Sie\",\"sorgtverl\u00e4ngern\",\"und\",\"w\u00e4chst\",\"Wie\"],\"articleSection\":[\"Haus &amp; Garten\"],\"inLanguage\":\"de\"},{\"@type\":\"WebPage\",\"@id\":\"https:\\\/\\\/www.strassenweb.de\\\/nachrichten\\\/wie-man-waechst-und-fuer-astern-sorgt-verlaengern-sie-die-farbpalette-ihres-gartens-mit-diesen-einfachen-dochsyaehnlichen-schoenheiten\\\/\",\"url\":\"https:\\\/\\\/www.strassenweb.de\\\/nachrichten\\\/wie-man-waechst-und-fuer-astern-sorgt-verlaengern-sie-die-farbpalette-ihres-gartens-mit-diesen-einfachen-dochsyaehnlichen-schoenheiten\\\/\",\"name\":\"Wie man w\u00e4chst und f\u00fcr Astern sorgt-verl\u00e4ngern Sie die Farbpalette Ihres Gartens mit diesen einfachen, dochsy\u00e4hnlichen Sch\u00f6nheiten - Nachrichten - Stra\u00dfenweb\",\"isPartOf\":{\"@id\":\"https:\\\/\\\/www.strassenweb.de\\\/nachrichten\\\/#website\"},\"primaryImageOfPage\":{\"@id\":\"https:\\\/\\\/www.strassenweb.de\\\/nachrichten\\\/wie-man-waechst-und-fuer-astern-sorgt-verlaengern-sie-die-farbpalette-ihres-gartens-mit-diesen-einfachen-dochsyaehnlichen-schoenheiten\\\/#primaryimage\"},\"image\":{\"@id\":\"https:\\\/\\\/www.strassenweb.de\\\/nachrichten\\\/wie-man-waechst-und-fuer-astern-sorgt-verlaengern-sie-die-farbpalette-ihres-gartens-mit-diesen-einfachen-dochsyaehnlichen-schoenheiten\\\/#primaryimage\"},\"thumbnailUrl\":\"https:\\\/\\\/www.strassenweb.de\\\/nachrichten\\\/wp-content\\\/uploads\\\/2025\\\/02\\\/Wie-man-waechst-und-fuer-Astern-sorgt-verlaengern-Sie-die-Farbpalette.jpg\",\"datePublished\":\"2025-02-05T18:40:39+00:00\",\"breadcrumb\":{\"@id\":\"https:\\\/\\\/www.strassenweb.de\\\/nachrichten\\\/wie-man-waechst-und-fuer-astern-sorgt-verlaengern-sie-die-farbpalette-ihres-gartens-mit-diesen-einfachen-dochsyaehnlichen-schoenheiten\\\/#breadcrumb\"},\"inLanguage\":\"de\",\"potentialAction\":[{\"@type\":\"ReadAction\",\"target\":[\"https:\\\/\\\/www.strassenweb.de\\\/nachrichten\\\/wie-man-waechst-und-fuer-astern-sorgt-verlaengern-sie-die-farbpalette-ihres-gartens-mit-diesen-einfachen-dochsyaehnlichen-schoenheiten\\\/\"]}]},{\"@type\":\"ImageObject\",\"inLanguage\":\"de\",\"@id\":\"https:\\\/\\\/www.strassenweb.de\\\/nachrichten\\\/wie-man-waechst-und-fuer-astern-sorgt-verlaengern-sie-die-farbpalette-ihres-gartens-mit-diesen-einfachen-dochsyaehnlichen-schoenheiten\\\/#primaryimage\",\"url\":\"https:\\\/\\\/www.strassenweb.de\\\/nachrichten\\\/wp-content\\\/uploads\\\/2025\\\/02\\\/Wie-man-waechst-und-fuer-Astern-sorgt-verlaengern-Sie-die-Farbpalette.jpg\",\"contentUrl\":\"https:\\\/\\\/www.strassenweb.de\\\/nachrichten\\\/wp-content\\\/uploads\\\/2025\\\/02\\\/Wie-man-waechst-und-fuer-Astern-sorgt-verlaengern-Sie-die-Farbpalette.jpg\",\"width\":1200,\"height\":675,\"caption\":\"Wie man w\u00e4chst und f\u00fcr Astern sorgt-verl\u00e4ngern Sie die Farbpalette Ihres Gartens mit diesen einfachen, dochsy\u00e4hnlichen Sch\u00f6nheiten\"},{\"@type\":\"BreadcrumbList\",\"@id\":\"https:\\\/\\\/www.strassenweb.de\\\/nachrichten\\\/wie-man-waechst-und-fuer-astern-sorgt-verlaengern-sie-die-farbpalette-ihres-gartens-mit-diesen-einfachen-dochsyaehnlichen-schoenheiten\\\/#breadcrumb\",\"itemListElement\":[{\"@type\":\"ListItem\",\"position\":1,\"name\":\"Home\",\"item\":\"https:\\\/\\\/www.strassenweb.de\\\/nachrichten\\\/\"},{\"@type\":\"ListItem\",\"position\":2,\"name\":\"Wie man w\u00e4chst und f\u00fcr Astern sorgt-verl\u00e4ngern Sie die Farbpalette Ihres Gartens mit diesen einfachen, dochsy\u00e4hnlichen Sch\u00f6nheiten\"}]},{\"@type\":\"WebSite\",\"@id\":\"https:\\\/\\\/www.strassenweb.de\\\/nachrichten\\\/#website\",\"url\":\"https:\\\/\\\/www.strassenweb.de\\\/nachrichten\\\/\",\"name\":\"Stra\u00dfenweb\",\"description\":\"Stra\u00dfenverzeichnis f\u00fcr Deutschland\",\"publisher\":{\"@id\":\"https:\\\/\\\/www.strassenweb.de\\\/nachrichten\\\/#organization\"},\"potentialAction\":[{\"@type\":\"SearchAction\",\"target\":{\"@type\":\"EntryPoint\",\"urlTemplate\":\"https:\\\/\\\/www.strassenweb.de\\\/nachrichten\\\/?s={search_term_string}\"},\"query-input\":{\"@type\":\"PropertyValueSpecification\",\"valueRequired\":true,\"valueName\":\"search_term_string\"}}],\"inLanguage\":\"de\"},{\"@type\":\"Organization\",\"@id\":\"https:\\\/\\\/www.strassenweb.de\\\/nachrichten\\\/#organization\",\"name\":\"Stra\u00dfenweb\",\"url\":\"https:\\\/\\\/www.strassenweb.de\\\/nachrichten\\\/\",\"logo\":{\"@type\":\"ImageObject\",\"inLanguage\":\"de\",\"@id\":\"https:\\\/\\\/www.strassenweb.de\\\/nachrichten\\\/#\\\/schema\\\/logo\\\/image\\\/\",\"url\":\"https:\\\/\\\/www.strassenweb.de\\\/nachrichten\\\/wp-content\\\/uploads\\\/2024\\\/09\\\/cropped-favicon.png\",\"contentUrl\":\"https:\\\/\\\/www.strassenweb.de\\\/nachrichten\\\/wp-content\\\/uploads\\\/2024\\\/09\\\/cropped-favicon.png\",\"width\":512,\"height\":512,\"caption\":\"Stra\u00dfenweb\"},\"image\":{\"@id\":\"https:\\\/\\\/www.strassenweb.de\\\/nachrichten\\\/#\\\/schema\\\/logo\\\/image\\\/\"},\"sameAs\":[\"https:\\\/\\\/www.facebook.com\\\/strassenweb\\\/\"]},{\"@type\":\"Person\",\"@id\":\"https:\\\/\\\/www.strassenweb.de\\\/nachrichten\\\/#\\\/schema\\\/person\\\/87c9c9067f1211da429a744dc5a5aa41\",\"name\":\"Robert Hoffmann\",\"image\":{\"@type\":\"ImageObject\",\"inLanguage\":\"de\",\"@id\":\"https:\\\/\\\/www.strassenweb.de\\\/nachrichten\\\/wp-content\\\/uploads\\\/2024\\\/09\\\/strassenweb-150x150.jpg\",\"url\":\"https:\\\/\\\/www.strassenweb.de\\\/nachrichten\\\/wp-content\\\/uploads\\\/2024\\\/09\\\/strassenweb-150x150.jpg\",\"contentUrl\":\"https:\\\/\\\/www.strassenweb.de\\\/nachrichten\\\/wp-content\\\/uploads\\\/2024\\\/09\\\/strassenweb-150x150.jpg\",\"caption\":\"Robert Hoffmann\"},\"description\":\"Ich hei\u00dfe Robert Hoffmann und ich bin ein leidenschaftlicher Verfechter von \u00d6kologie und Biodiversit\u00e4t. Seit meiner Kindheit in den W\u00e4ldern Bayerns f\u00fchle ich mich mit der Natur verbunden und bin entschlossen, sie zu sch\u00fctzen. Heute widme ich mein Leben der Sensibilisierung anderer f\u00fcr die Bedeutung des Umweltschutzes f\u00fcr zuk\u00fcnftige Generationen.\",\"sameAs\":[\"https:\\\/\\\/www.strassenweb.de\\\/\"]}]}<\/script>\n<!-- \/ Yoast SEO plugin. -->","yoast_head_json":{"title":"Wie man w\u00e4chst und f\u00fcr Astern sorgt-verl\u00e4ngern Sie die Farbpalette Ihres Gartens mit diesen einfachen, dochsy\u00e4hnlichen Sch\u00f6nheiten - Nachrichten - Stra\u00dfenweb","robots":{"index":"index","follow":"follow","max-snippet":"max-snippet:-1","max-image-preview":"max-image-preview:large","max-video-preview":"max-video-preview:-1"},"canonical":"https:\/\/www.strassenweb.de\/nachrichten\/wie-man-waechst-und-fuer-astern-sorgt-verlaengern-sie-die-farbpalette-ihres-gartens-mit-diesen-einfachen-dochsyaehnlichen-schoenheiten\/","og_locale":"de_DE","og_type":"article","og_title":"Wie man w\u00e4chst und f\u00fcr Astern sorgt-verl\u00e4ngern Sie die Farbpalette Ihres Gartens mit diesen einfachen, dochsy\u00e4hnlichen Sch\u00f6nheiten - Nachrichten - Stra\u00dfenweb","og_description":"Astern sind eine der besten Pflanzen, die Sie zu Ihren H\u00f6fen hinzuf\u00fcgen k\u00f6nnen. Warum? Da sie nicht nur vom Sp\u00e4tsommer bis zum Herbst am besten","og_url":"https:\/\/www.strassenweb.de\/nachrichten\/wie-man-waechst-und-fuer-astern-sorgt-verlaengern-sie-die-farbpalette-ihres-gartens-mit-diesen-einfachen-dochsyaehnlichen-schoenheiten\/","og_site_name":"Stra\u00dfenweb","article_publisher":"https:\/\/www.facebook.com\/strassenweb\/","article_published_time":"2025-02-05T18:40:39+00:00","og_image":[{"width":1200,"height":675,"url":"https:\/\/www.strassenweb.de\/nachrichten\/wp-content\/uploads\/2025\/02\/Wie-man-waechst-und-fuer-Astern-sorgt-verlaengern-Sie-die-Farbpalette.jpg","type":"image\/jpeg"}],"author":"Robert Hoffmann","twitter_card":"summary_large_image","twitter_misc":{"Verfasst von":"Robert Hoffmann","Gesch\u00e4tzte Lesezeit":"7\u00a0Minuten"},"schema":{"@context":"https:\/\/schema.org","@graph":[{"@type":"Article","@id":"https:\/\/www.strassenweb.de\/nachrichten\/wie-man-waechst-und-fuer-astern-sorgt-verlaengern-sie-die-farbpalette-ihres-gartens-mit-diesen-einfachen-dochsyaehnlichen-schoenheiten\/#article","isPartOf":{"@id":"https:\/\/www.strassenweb.de\/nachrichten\/wie-man-waechst-und-fuer-astern-sorgt-verlaengern-sie-die-farbpalette-ihres-gartens-mit-diesen-einfachen-dochsyaehnlichen-schoenheiten\/"},"author":{"name":"Robert Hoffmann","@id":"https:\/\/www.strassenweb.de\/nachrichten\/#\/schema\/person\/87c9c9067f1211da429a744dc5a5aa41"},"headline":"Wie man w\u00e4chst und f\u00fcr Astern sorgt-verl\u00e4ngern Sie die Farbpalette Ihres Gartens mit diesen einfachen, dochsy\u00e4hnlichen Sch\u00f6nheiten","datePublished":"2025-02-05T18:40:39+00:00","mainEntityOfPage":{"@id":"https:\/\/www.strassenweb.de\/nachrichten\/wie-man-waechst-und-fuer-astern-sorgt-verlaengern-sie-die-farbpalette-ihres-gartens-mit-diesen-einfachen-dochsyaehnlichen-schoenheiten\/"},"wordCount":1372,"publisher":{"@id":"https:\/\/www.strassenweb.de\/nachrichten\/#organization"},"image":{"@id":"https:\/\/www.strassenweb.de\/nachrichten\/wie-man-waechst-und-fuer-astern-sorgt-verlaengern-sie-die-farbpalette-ihres-gartens-mit-diesen-einfachen-dochsyaehnlichen-schoenheiten\/#primaryimage"},"thumbnailUrl":"https:\/\/www.strassenweb.de\/nachrichten\/wp-content\/uploads\/2025\/02\/Wie-man-waechst-und-fuer-Astern-sorgt-verlaengern-Sie-die-Farbpalette.jpg","keywords":["Astern","die","diesen","dochsy\u00e4hnlichen","einfachen","Farbpalette","f\u00fcr","Gartens","Ihres","man","mit","Sch\u00f6nheiten","Sie","sorgtverl\u00e4ngern","und","w\u00e4chst","Wie"],"articleSection":["Haus &amp; Garten"],"inLanguage":"de"},{"@type":"WebPage","@id":"https:\/\/www.strassenweb.de\/nachrichten\/wie-man-waechst-und-fuer-astern-sorgt-verlaengern-sie-die-farbpalette-ihres-gartens-mit-diesen-einfachen-dochsyaehnlichen-schoenheiten\/","url":"https:\/\/www.strassenweb.de\/nachrichten\/wie-man-waechst-und-fuer-astern-sorgt-verlaengern-sie-die-farbpalette-ihres-gartens-mit-diesen-einfachen-dochsyaehnlichen-schoenheiten\/","name":"Wie man w\u00e4chst und f\u00fcr Astern sorgt-verl\u00e4ngern Sie die Farbpalette Ihres Gartens mit diesen einfachen, dochsy\u00e4hnlichen Sch\u00f6nheiten - Nachrichten - Stra\u00dfenweb","isPartOf":{"@id":"https:\/\/www.strassenweb.de\/nachrichten\/#website"},"primaryImageOfPage":{"@id":"https:\/\/www.strassenweb.de\/nachrichten\/wie-man-waechst-und-fuer-astern-sorgt-verlaengern-sie-die-farbpalette-ihres-gartens-mit-diesen-einfachen-dochsyaehnlichen-schoenheiten\/#primaryimage"},"image":{"@id":"https:\/\/www.strassenweb.de\/nachrichten\/wie-man-waechst-und-fuer-astern-sorgt-verlaengern-sie-die-farbpalette-ihres-gartens-mit-diesen-einfachen-dochsyaehnlichen-schoenheiten\/#primaryimage"},"thumbnailUrl":"https:\/\/www.strassenweb.de\/nachrichten\/wp-content\/uploads\/2025\/02\/Wie-man-waechst-und-fuer-Astern-sorgt-verlaengern-Sie-die-Farbpalette.jpg","datePublished":"2025-02-05T18:40:39+00:00","breadcrumb":{"@id":"https:\/\/www.strassenweb.de\/nachrichten\/wie-man-waechst-und-fuer-astern-sorgt-verlaengern-sie-die-farbpalette-ihres-gartens-mit-diesen-einfachen-dochsyaehnlichen-schoenheiten\/#breadcrumb"},"inLanguage":"de","potentialAction":[{"@type":"ReadAction","target":["https:\/\/www.strassenweb.de\/nachrichten\/wie-man-waechst-und-fuer-astern-sorgt-verlaengern-sie-die-farbpalette-ihres-gartens-mit-diesen-einfachen-dochsyaehnlichen-schoenheiten\/"]}]},{"@type":"ImageObject","inLanguage":"de","@id":"https:\/\/www.strassenweb.de\/nachrichten\/wie-man-waechst-und-fuer-astern-sorgt-verlaengern-sie-die-farbpalette-ihres-gartens-mit-diesen-einfachen-dochsyaehnlichen-schoenheiten\/#primaryimage","url":"https:\/\/www.strassenweb.de\/nachrichten\/wp-content\/uploads\/2025\/02\/Wie-man-waechst-und-fuer-Astern-sorgt-verlaengern-Sie-die-Farbpalette.jpg","contentUrl":"https:\/\/www.strassenweb.de\/nachrichten\/wp-content\/uploads\/2025\/02\/Wie-man-waechst-und-fuer-Astern-sorgt-verlaengern-Sie-die-Farbpalette.jpg","width":1200,"height":675,"caption":"Wie man w\u00e4chst und f\u00fcr Astern sorgt-verl\u00e4ngern Sie die Farbpalette Ihres Gartens mit diesen einfachen, dochsy\u00e4hnlichen Sch\u00f6nheiten"},{"@type":"BreadcrumbList","@id":"https:\/\/www.strassenweb.de\/nachrichten\/wie-man-waechst-und-fuer-astern-sorgt-verlaengern-sie-die-farbpalette-ihres-gartens-mit-diesen-einfachen-dochsyaehnlichen-schoenheiten\/#breadcrumb","itemListElement":[{"@type":"ListItem","position":1,"name":"Home","item":"https:\/\/www.strassenweb.de\/nachrichten\/"},{"@type":"ListItem","position":2,"name":"Wie man w\u00e4chst und f\u00fcr Astern sorgt-verl\u00e4ngern Sie die Farbpalette Ihres Gartens mit diesen einfachen, dochsy\u00e4hnlichen Sch\u00f6nheiten"}]},{"@type":"WebSite","@id":"https:\/\/www.strassenweb.de\/nachrichten\/#website","url":"https:\/\/www.strassenweb.de\/nachrichten\/","name":"Stra\u00dfenweb","description":"Stra\u00dfenverzeichnis f\u00fcr Deutschland","publisher":{"@id":"https:\/\/www.strassenweb.de\/nachrichten\/#organization"},"potentialAction":[{"@type":"SearchAction","target":{"@type":"EntryPoint","urlTemplate":"https:\/\/www.strassenweb.de\/nachrichten\/?s={search_term_string}"},"query-input":{"@type":"PropertyValueSpecification","valueRequired":true,"valueName":"search_term_string"}}],"inLanguage":"de"},{"@type":"Organization","@id":"https:\/\/www.strassenweb.de\/nachrichten\/#organization","name":"Stra\u00dfenweb","url":"https:\/\/www.strassenweb.de\/nachrichten\/","logo":{"@type":"ImageObject","inLanguage":"de","@id":"https:\/\/www.strassenweb.de\/nachrichten\/#\/schema\/logo\/image\/","url":"https:\/\/www.strassenweb.de\/nachrichten\/wp-content\/uploads\/2024\/09\/cropped-favicon.png","contentUrl":"https:\/\/www.strassenweb.de\/nachrichten\/wp-content\/uploads\/2024\/09\/cropped-favicon.png","width":512,"height":512,"caption":"Stra\u00dfenweb"},"image":{"@id":"https:\/\/www.strassenweb.de\/nachrichten\/#\/schema\/logo\/image\/"},"sameAs":["https:\/\/www.facebook.com\/strassenweb\/"]},{"@type":"Person","@id":"https:\/\/www.strassenweb.de\/nachrichten\/#\/schema\/person\/87c9c9067f1211da429a744dc5a5aa41","name":"Robert Hoffmann","image":{"@type":"ImageObject","inLanguage":"de","@id":"https:\/\/www.strassenweb.de\/nachrichten\/wp-content\/uploads\/2024\/09\/strassenweb-150x150.jpg","url":"https:\/\/www.strassenweb.de\/nachrichten\/wp-content\/uploads\/2024\/09\/strassenweb-150x150.jpg","contentUrl":"https:\/\/www.strassenweb.de\/nachrichten\/wp-content\/uploads\/2024\/09\/strassenweb-150x150.jpg","caption":"Robert Hoffmann"},"description":"Ich hei\u00dfe Robert Hoffmann und ich bin ein leidenschaftlicher Verfechter von \u00d6kologie und Biodiversit\u00e4t. Seit meiner Kindheit in den W\u00e4ldern Bayerns f\u00fchle ich mich mit der Natur verbunden und bin entschlossen, sie zu sch\u00fctzen. Heute widme ich mein Leben der Sensibilisierung anderer f\u00fcr die Bedeutung des Umweltschutzes f\u00fcr zuk\u00fcnftige Generationen.","sameAs":["https:\/\/www.strassenweb.de\/"]}]}},"_links":{"self":[{"href":"https:\/\/www.strassenweb.de\/nachrichten\/wp-json\/wp\/v2\/posts\/3142","targetHints":{"allow":["GET"]}}],"collection":[{"href":"https:\/\/www.strassenweb.de\/nachrichten\/wp-json\/wp\/v2\/posts"}],"about":[{"href":"https:\/\/www.strassenweb.de\/nachrichten\/wp-json\/wp\/v2\/types\/post"}],"author":[{"embeddable":true,"href":"https:\/\/www.strassenweb.de\/nachrichten\/wp-json\/wp\/v2\/users\/1"}],"replies":[{"embeddable":true,"href":"https:\/\/www.strassenweb.de\/nachrichten\/wp-json\/wp\/v2\/comments?post=3142"}],"version-history":[{"count":0,"href":"https:\/\/www.strassenweb.de\/nachrichten\/wp-json\/wp\/v2\/posts\/3142\/revisions"}],"wp:featuredmedia":[{"embeddable":true,"href":"https:\/\/www.strassenweb.de\/nachrichten\/wp-json\/wp\/v2\/media\/3143"}],"wp:attachment":[{"href":"https:\/\/www.strassenweb.de\/nachrichten\/wp-json\/wp\/v2\/media?parent=3142"}],"wp:term":[{"taxonomy":"category","embeddable":true,"href":"https:\/\/www.strassenweb.de\/nachrichten\/wp-json\/wp\/v2\/categories?post=3142"},{"taxonomy":"post_tag","embeddable":true,"href":"https:\/\/www.strassenweb.de\/nachrichten\/wp-json\/wp\/v2\/tags?post=3142"}],"curies":[{"name":"wp","href":"https:\/\/api.w.org\/{rel}","templated":true}]}}