{"id":3107,"date":"2025-02-04T00:03:00","date_gmt":"2025-02-03T23:03:00","guid":{"rendered":"https:\/\/www.strassenweb.de\/nachrichten\/5-nature-inspirierte-badezimmer-die-den-biophilen-trend-nageln\/"},"modified":"2025-02-04T00:03:01","modified_gmt":"2025-02-03T23:03:01","slug":"5-nature-inspirierte-badezimmer-die-den-biophilen-trend-nageln","status":"publish","type":"post","link":"https:\/\/www.strassenweb.de\/nachrichten\/5-nature-inspirierte-badezimmer-die-den-biophilen-trend-nageln\/","title":{"rendered":"5 Nature-inspirierte Badezimmer, die den biophilen Trend nageln"},"content":{"rendered":"<p><\/p>\n<div id=\"article-body\" class=\"article__body \">\n<p>Badezimmerschemata, die ihre visuellen und sensorischen Hinweise aus der Natur nehmen, sind immer zeitlos, aber es scheint, dass wir im Jahr 2025 ein Wiederaufleben in biophilen Badezimmertrends sehen. In diesen R\u00e4umen, in denen es um Entspannung, Selbstpflege und t\u00e4gliche Rituale geht, ist es keine \u00dcberraschung, dass Designer die stimmungsbreiten Eigenschaften, die die Natur einbringen, geschickt einbeziehen.<\/p>\n<div id=\"ad-unit-1\" class=\"ad-unit\"><\/div>\n<p>Es wurde gezeigt, dass das Sein in der Natur Gef\u00fchle von Ruhe, Gl\u00fcck und Positivit\u00e4t schafft, so dass das Gef\u00fchl der Beschw\u00f6rung des Gef\u00fchls im Freien in unserem Zuhause nat\u00fcrlich einen Einfluss auf Ihre Stimmung hat. Dies ist besonders n\u00fctzlich im Badezimmer &#8211; als Raum, den wir als erstes morgens den Ton des Tages und in der Nacht als letztes nutzen, kann dieser Raum auch beeinflussen, wie wir f\u00fcr den Abend schlafen und uns entspannen.<\/p>\n<aside class=\"hawk-nest\" data-block-type=\"embed\" data-render-type=\"fte\" data-skip=\"dealsy\" data-widget-type=\"seasonal\">\n<div class=\"hawk-master-widget-hawk-base-wrapper\"><\/div>\n<\/aside>\n<p>Sei es durch erdige Farbschemata, organische Materialien, rustikale Texturen oder botanische Motive. Die Dekoration im Innenbereich ist eine gro\u00dfartige M\u00f6glichkeit, um Ihre t\u00e4gliche Baderoutine zu verbessern und ein gew\u00f6hnliches Badezimmer in einen ruhigen R\u00fcckzugsort zu verwandeln. Mit diesen 5 Beispielen des steigenden Badezimmertrends spreizen wir die einfachen M\u00f6glichkeiten, das Aussehen in Ihrem eigenen Zuhause nachzubilden.<\/p>\n<div id=\"desktop-in-article\" class=\"in-article ad-unit\">\n<div id=\"desktop-taboola-mid-article\"><\/div>\n<\/div>\n<div id=\"mobile-in-article\" class=\"in-article ad-unit\">\n<div id=\"mobile-taboola-mid-article\"><\/div>\n<\/div>\n<h3 class=\"article-body__section\" id=\"section-1-try-a-bathroom-terrace\"><span>1. Probieren Sie eine Badezimmerterrasse<\/span><\/h3>\n<figure class=\"van-image-figure inline-layout \" data-bordeaux-image-check>\n<div class=\"image-full-width-wrapper\">\n<div class=\"image-widthsetter\" style=\"max-width:2000px;\"><\/div>\n<\/div><figcaption class=\"inline-layout \">\n<div class=\"caption-text\">\n<p><em>Avalon 62 Bad in Asche, <\/em><em>Einheimische Wege<\/em><em>. Projekt von <\/em><em>Elizabeth Baird Architektur &#038; Design<\/em><em>  Und <\/em><em>Liz MacPhail Interiors<\/em><em>.<\/em><\/p>\n<\/div>\n<\/figcaption><\/figure>\n<p>Eine Dusche im Freien erinnert an die Freiheit des Waschens im Freien &#8211; auch wenn er bequem von Ihrer warmen Wanne bezeichnet wird. &#8222;Dieses Haus wurde teilweise von meiner Flitterwochenreise nach Bali inspiriert, wo ich davon getroffen wurde, wie nahtlos Innen- und Au\u00dfenbereiche zusammen gewebt wurden&#8220;, erkl\u00e4rt der Architekt Elizabeth Baird Brown.<\/p>\n<div class=\"van_vid_carousel\">\n<div class=\"van_vid_carousel__padding\">\n<div class=\"van_vid_carousel__container\"><\/div>\n<\/div>\n<\/div>\n<p>Da sich das gesamte Haus darauf konzentrierte, die Natur zu bringen, machte ein Innenhauptmoment in den prim\u00e4ren Baderaum einen vollkommenen Sinn. Elizabeth nutzte die Gelegenheit, nat\u00fcrliches Licht, Gr\u00fcn und auch eine Dusche im Freien einzubringen, die zum Himmel offen ist.<\/p>\n<div id=\"ad-unit-2\" class=\"ad-unit\"><\/div>\n<h3 class=\"article-body__section\" id=\"section-2-decorate-with-layers-of-soft-greens\"><span>2. Dekorieren Sie mit Schichten von weichen Gr\u00fcns<\/span><\/h3>\n<figure class=\"van-image-figure inline-layout \" data-bordeaux-image-check>\n<div class=\"image-full-width-wrapper\">\n<div class=\"image-widthsetter\" style=\"max-width:2000px;\"><\/div>\n<\/div><figcaption class=\"inline-layout \">\n<div class=\"caption-text\">\n<p><em>Yubi -Mosaikfliesen in DCOP 04, <\/em><em>Domus -Gruppe<\/em><em>. Bodenfliesen in IG8 Amber Forest Green Terrazzo, <\/em><em>Terrazzo -Fliesen<\/em><em>. Ma\u00dfgeschneiderte verpackte W\u00e4nde in nebliger Gr\u00fcn von <\/em><em>Tadelakt<\/em><em>. Mpro Duschkopf in geb\u00fcrstetem Messing, <\/em><em>Kreuzwasser<\/em><em>.<\/em><\/p>\n<\/div>\n<\/figcaption><\/figure>\n<p>Sich wirklich in die Natur einzutauchen, es ist der einzige Weg, mit Gr\u00fcn zu dekorieren. In diesem Badezimmer, mit Blick auf B\u00e4ume und mit nat\u00fcrlichem Licht \u00fcberflutet, baten die Kunden, im Rahmen ihres t\u00e4glichen Routine von Gr\u00fcn umgeben zu sein.<\/p>\n<p>Architekturstudio Bradley van der Straeten verpflichtete sich mit strukturierten, aber glatten Verpackungsw\u00e4nden in erdigen gr\u00fcnen und gl\u00e4nzenden Fingermosaiken mit smaragdgr\u00fcner Tiefe. &#8222;Wir haben auch Form, Praktikabilit\u00e4t und einen Brennpunkt mitgebracht, indem wir die Dusche an einem Ende in eine kreisf\u00f6rmige, \u00fcbertriebene Schwelle zum Fenster platziert haben&#8220;, sagt Regisseur George Bradley.<\/p>\n<h3 class=\"article-body__section\" id=\"section-3-incorporate-a-foliage-mural\"><span>3. Integrieren Sie ein Laubwandler<\/span><\/h3>\n<figure class=\"van-image-figure inline-layout \" data-bordeaux-image-check>\n<div class=\"image-full-width-wrapper\">\n<div class=\"image-widthsetter\" style=\"max-width:2000px;\"><\/div>\n<\/div><figcaption class=\"inline-layout \">\n<div class=\"caption-text\">\n<p><em>Nasssystem wasserdichtes Tapete in Soavity von Maria Gomez Garcia, <\/em><em>Wand &#038; Dec\u00f2<\/em><em>  erh\u00e4ltlich bei <\/em><em>West One Badezimmer<\/em><em>.<\/em><\/p>\n<\/div>\n<\/figcaption><\/figure>\n<p>Die Verwendung von Badezimmer -Tapeten ist eine wunderbare M\u00f6glichkeit, die Natur im Freien in die Dusche zu bringen oder noch besser mit spezialisiertem wasserdichtem Tapeten zu dekorieren. W\u00e4hlen Sie naturinspirierte Muster wie \u00fcppige Pflanzen oder flie\u00dfende Wassermotive, um eine beruhigende und eindringliche Atmosph\u00e4re zu schaffen und gleichzeitig die Praktikabilit\u00e4t dank der wasserdichten Eigenschaften aufrechtzuerhalten.<\/p>\n<p>&#8222;Die wasserdichte Tapete von Wall &#038; Dec\u00f2 kann \u00fcberall im Badezimmer installiert werden, einschlie\u00dflich direkt in der Dusche&#8220;, sagt Louise Ashdown, Leiter des Designs im West One Badezimmer. &#8222;Mit einem biophilen Design von Statements f\u00fchlt sich dieses Muster so an, als w\u00fcrde es Sie in die Natur einstellen-fast so, als w\u00fcrden Sie drau\u00dfen im Mittelmeer duschen.&#8220;<\/p>\n<h3 class=\"article-body__section\" id=\"section-4-welcome-natural-surfaces-and-materials\"><span>4. Begr\u00fc\u00dfen Sie nat\u00fcrliche Oberfl\u00e4chen und Materialien<\/span><\/h3>\n<figure class=\"van-image-figure inline-layout \" data-bordeaux-image-check>\n<div class=\"image-full-width-wrapper\">\n<div class=\"image-widthsetter\" style=\"max-width:2000px;\"><\/div>\n<\/div><figcaption class=\"inline-layout \">\n<div class=\"caption-text\">\n<p><em>Eitelkeitseinheit in Marrakesh Hessian bejmat; W\u00e4nde und Resplastback in rohen dicken Naranja bejmat -Fliesen, beide <\/em><em>Bert &#038; May<\/em><em>.<\/em><\/p>\n<\/div>\n<\/figcaption><\/figure>\n<p>Gehen Sie schwer in die Textur, indem Sie raue Oberfl\u00e4chen und robuste Steinh\u00f6fe verwenden, um den Eskapismus mit dem \u201eOff-the-the-Track-Track\u201c hervorzurufen. F\u00fcr dieses mit Laub gef\u00fcllte Badezimmer in seinem eigenen Zuhause kanalisierte Bert &#038; Mays Gr\u00fcnder Lee Thornley alle seine Rechnungsf\u00e4higkeiten. &#8222;Ich bin besessen von Spanisch und marokkanischem Design und Architektur, und wir wollten diese \u00c4sthetik in diesem Schema festhalten&#8220;, erkl\u00e4rt er.<\/p>\n<p>Er f\u00e4hrt fort: \u201eDie Variationen der Textur und des Tons um die Eitelkeit heben die nat\u00fcrlichen Unvollkommenheiten der handgefertigten Badezimmerfliesen hervor. Wir haben die Eitelkeit mit zur\u00fcckgewonnenen Marmorbecken kombiniert, die ich aus Spanien bezogen hatte. Ihr einzigartiges, rohes Finish erg\u00e4nzt perfekt das rustikale Gef\u00fchl des Raumes. &#8218;<\/p>\n<h3 class=\"article-body__section\" id=\"section-5-diffuse-the-light-and-add-softness-with-a-linen-curtain\"><span>5. Diffusen Sie das Licht diffundieren und mit einem Leinenvorhang Weichheit verleihen<\/span><\/h3>\n<figure class=\"van-image-figure inline-layout \" data-bordeaux-image-check>\n<div class=\"image-full-width-wrapper\">\n<div class=\"image-widthsetter\" style=\"max-width:2000px;\"><\/div>\n<\/div><figcaption class=\"inline-layout \">\n<div class=\"caption-text\">\n<p><em>Ludlowboden montiert freiliegende Wanne F\u00fcllstoff, <\/em><em>Wasserwerk<\/em><em>. Memoiren Bad, <\/em><em>Kohler<\/em><em>. Vorhang in luxuri\u00f6ser Leinen in Haferflocken von <\/em><em>Der Shade Store<\/em><em>. <\/em><\/p>\n<\/div>\n<\/figcaption><\/figure>\n<p>Nat\u00fcrliche Leinenvorh\u00e4nge und exponierte Eichenstrahlen sind eine sch\u00f6ne M\u00f6glichkeit, Textur und W\u00e4rme in ein biophiles Badezimmerschema einzuf\u00fchren. &#8222;Indem Sie Leinenvorh\u00e4nge mit anderen nat\u00fcrlichen Materialien kombinieren, k\u00f6nnen Sie das gem\u00fctliche Gef\u00fchl eines Raums verbessern, ohne ihn zu \u00fcberw\u00e4ltigen&#8220;, sagt Holt Williamson von Cedar &#038; Oak, der mit Mitbegr\u00fcnder Lauren Williamson an diesem Schema arbeitete.<\/p>\n<p>Holt erkl\u00e4rt: &#8218;Dieses Badezimmer bietet eine ruhige Flucht, in der sich die Eichen direkt hinter dem Fenster in das Design integrieren. Die nat\u00fcrlichen Materialien, weichen Vorh\u00e4nge und warmen T\u00f6ne mischen sich m\u00fchelos und schaffen einen Raum, der sich sowohl luxuri\u00f6s als auch erdenkend anf\u00fchlt.<\/p>\n<hr>\n<p>Durch die Einbeziehung von Nature-inspirierten Elementen in ein Badezimmerdesign k\u00f6nnen Sie ein beruhigendes Heiligtum schaffen, das sowohl K\u00f6rper als auch Geist f\u00f6rdert. Egal, ob Sie durch Farben, Materialien oder Pflanzen sind, und ein Gef\u00fchl der Natur im Badezimmer verleiht das Wohlbefinden und gibt einen positiven Ton f\u00fcr den Tag an. Nat\u00fcrlich ein sehr schicker und trendiger Weg, um zu dekorieren.<\/p>\n<\/div>\n","protected":false},"excerpt":{"rendered":"<p>Badezimmerschemata, die ihre visuellen und sensorischen Hinweise aus der Natur nehmen, sind immer zeitlos, aber es scheint, dass wir im Jahr 2025 ein Wiederaufleben in<\/p>\n","protected":false},"author":1,"featured_media":3108,"comment_status":"closed","ping_status":"","sticky":false,"template":"","format":"standard","meta":{"footnotes":""},"categories":[118],"tags":[2411,4974,78,9,4975,4973,504],"class_list":["post-3107","post","type-post","status-publish","format-standard","has-post-thumbnail","hentry","category-haus-garten","tag-badezimmer","tag-biophilen","tag-den","tag-die","tag-nageln","tag-natureinspirierte","tag-trend","generate-columns","tablet-grid-50","mobile-grid-100","grid-parent","grid-50"],"yoast_head":"<!-- This site is optimized with the Yoast SEO plugin v27.3 - https:\/\/yoast.com\/product\/yoast-seo-wordpress\/ -->\n<title>5 Nature-inspirierte Badezimmer, die den biophilen Trend nageln - Nachrichten - Stra\u00dfenweb<\/title>\n<meta name=\"robots\" content=\"index, follow, max-snippet:-1, max-image-preview:large, max-video-preview:-1\" \/>\n<link rel=\"canonical\" href=\"https:\/\/www.strassenweb.de\/nachrichten\/5-nature-inspirierte-badezimmer-die-den-biophilen-trend-nageln\/\" \/>\n<meta property=\"og:locale\" content=\"de_DE\" \/>\n<meta property=\"og:type\" content=\"article\" \/>\n<meta property=\"og:title\" content=\"5 Nature-inspirierte Badezimmer, die den biophilen Trend nageln - Nachrichten - Stra\u00dfenweb\" \/>\n<meta property=\"og:description\" content=\"Badezimmerschemata, die ihre visuellen und sensorischen Hinweise aus der Natur nehmen, sind immer zeitlos, aber es scheint, dass wir im Jahr 2025 ein Wiederaufleben in\" \/>\n<meta property=\"og:url\" content=\"https:\/\/www.strassenweb.de\/nachrichten\/5-nature-inspirierte-badezimmer-die-den-biophilen-trend-nageln\/\" \/>\n<meta property=\"og:site_name\" content=\"Stra\u00dfenweb\" \/>\n<meta property=\"article:publisher\" content=\"https:\/\/www.facebook.com\/strassenweb\/\" \/>\n<meta property=\"article:published_time\" content=\"2025-02-03T23:03:00+00:00\" \/>\n<meta property=\"article:modified_time\" content=\"2025-02-03T23:03:01+00:00\" \/>\n<meta property=\"og:image\" content=\"https:\/\/www.strassenweb.de\/nachrichten\/wp-content\/uploads\/2025\/02\/5-Nature-inspirierte-Badezimmer-die-den-biophilen-Trend-nageln.jpg\" \/>\n\t<meta property=\"og:image:width\" content=\"1200\" \/>\n\t<meta property=\"og:image:height\" content=\"675\" \/>\n\t<meta property=\"og:image:type\" content=\"image\/jpeg\" \/>\n<meta name=\"author\" content=\"Robert Hoffmann\" \/>\n<meta name=\"twitter:card\" content=\"summary_large_image\" \/>\n<meta name=\"twitter:label1\" content=\"Verfasst von\" \/>\n\t<meta name=\"twitter:data1\" content=\"Robert Hoffmann\" \/>\n\t<meta name=\"twitter:label2\" content=\"Gesch\u00e4tzte Lesezeit\" \/>\n\t<meta name=\"twitter:data2\" content=\"5\u00a0Minuten\" \/>\n<script type=\"application\/ld+json\" class=\"yoast-schema-graph\">{\"@context\":\"https:\\\/\\\/schema.org\",\"@graph\":[{\"@type\":\"Article\",\"@id\":\"https:\\\/\\\/www.strassenweb.de\\\/nachrichten\\\/5-nature-inspirierte-badezimmer-die-den-biophilen-trend-nageln\\\/#article\",\"isPartOf\":{\"@id\":\"https:\\\/\\\/www.strassenweb.de\\\/nachrichten\\\/5-nature-inspirierte-badezimmer-die-den-biophilen-trend-nageln\\\/\"},\"author\":{\"name\":\"Robert Hoffmann\",\"@id\":\"https:\\\/\\\/www.strassenweb.de\\\/nachrichten\\\/#\\\/schema\\\/person\\\/87c9c9067f1211da429a744dc5a5aa41\"},\"headline\":\"5 Nature-inspirierte Badezimmer, die den biophilen Trend nageln\",\"datePublished\":\"2025-02-03T23:03:00+00:00\",\"dateModified\":\"2025-02-03T23:03:01+00:00\",\"mainEntityOfPage\":{\"@id\":\"https:\\\/\\\/www.strassenweb.de\\\/nachrichten\\\/5-nature-inspirierte-badezimmer-die-den-biophilen-trend-nageln\\\/\"},\"wordCount\":967,\"publisher\":{\"@id\":\"https:\\\/\\\/www.strassenweb.de\\\/nachrichten\\\/#organization\"},\"image\":{\"@id\":\"https:\\\/\\\/www.strassenweb.de\\\/nachrichten\\\/5-nature-inspirierte-badezimmer-die-den-biophilen-trend-nageln\\\/#primaryimage\"},\"thumbnailUrl\":\"https:\\\/\\\/www.strassenweb.de\\\/nachrichten\\\/wp-content\\\/uploads\\\/2025\\\/02\\\/5-Nature-inspirierte-Badezimmer-die-den-biophilen-Trend-nageln.jpg\",\"keywords\":[\"Badezimmer\",\"biophilen\",\"den\",\"die\",\"nageln\",\"Natureinspirierte\",\"Trend\"],\"articleSection\":[\"Haus &amp; Garten\"],\"inLanguage\":\"de\"},{\"@type\":\"WebPage\",\"@id\":\"https:\\\/\\\/www.strassenweb.de\\\/nachrichten\\\/5-nature-inspirierte-badezimmer-die-den-biophilen-trend-nageln\\\/\",\"url\":\"https:\\\/\\\/www.strassenweb.de\\\/nachrichten\\\/5-nature-inspirierte-badezimmer-die-den-biophilen-trend-nageln\\\/\",\"name\":\"5 Nature-inspirierte Badezimmer, die den biophilen Trend nageln - Nachrichten - Stra\u00dfenweb\",\"isPartOf\":{\"@id\":\"https:\\\/\\\/www.strassenweb.de\\\/nachrichten\\\/#website\"},\"primaryImageOfPage\":{\"@id\":\"https:\\\/\\\/www.strassenweb.de\\\/nachrichten\\\/5-nature-inspirierte-badezimmer-die-den-biophilen-trend-nageln\\\/#primaryimage\"},\"image\":{\"@id\":\"https:\\\/\\\/www.strassenweb.de\\\/nachrichten\\\/5-nature-inspirierte-badezimmer-die-den-biophilen-trend-nageln\\\/#primaryimage\"},\"thumbnailUrl\":\"https:\\\/\\\/www.strassenweb.de\\\/nachrichten\\\/wp-content\\\/uploads\\\/2025\\\/02\\\/5-Nature-inspirierte-Badezimmer-die-den-biophilen-Trend-nageln.jpg\",\"datePublished\":\"2025-02-03T23:03:00+00:00\",\"dateModified\":\"2025-02-03T23:03:01+00:00\",\"breadcrumb\":{\"@id\":\"https:\\\/\\\/www.strassenweb.de\\\/nachrichten\\\/5-nature-inspirierte-badezimmer-die-den-biophilen-trend-nageln\\\/#breadcrumb\"},\"inLanguage\":\"de\",\"potentialAction\":[{\"@type\":\"ReadAction\",\"target\":[\"https:\\\/\\\/www.strassenweb.de\\\/nachrichten\\\/5-nature-inspirierte-badezimmer-die-den-biophilen-trend-nageln\\\/\"]}]},{\"@type\":\"ImageObject\",\"inLanguage\":\"de\",\"@id\":\"https:\\\/\\\/www.strassenweb.de\\\/nachrichten\\\/5-nature-inspirierte-badezimmer-die-den-biophilen-trend-nageln\\\/#primaryimage\",\"url\":\"https:\\\/\\\/www.strassenweb.de\\\/nachrichten\\\/wp-content\\\/uploads\\\/2025\\\/02\\\/5-Nature-inspirierte-Badezimmer-die-den-biophilen-Trend-nageln.jpg\",\"contentUrl\":\"https:\\\/\\\/www.strassenweb.de\\\/nachrichten\\\/wp-content\\\/uploads\\\/2025\\\/02\\\/5-Nature-inspirierte-Badezimmer-die-den-biophilen-Trend-nageln.jpg\",\"width\":1200,\"height\":675,\"caption\":\"5 Nature-inspirierte Badezimmer, die den biophilen Trend nageln\"},{\"@type\":\"BreadcrumbList\",\"@id\":\"https:\\\/\\\/www.strassenweb.de\\\/nachrichten\\\/5-nature-inspirierte-badezimmer-die-den-biophilen-trend-nageln\\\/#breadcrumb\",\"itemListElement\":[{\"@type\":\"ListItem\",\"position\":1,\"name\":\"Home\",\"item\":\"https:\\\/\\\/www.strassenweb.de\\\/nachrichten\\\/\"},{\"@type\":\"ListItem\",\"position\":2,\"name\":\"5 Nature-inspirierte Badezimmer, die den biophilen Trend nageln\"}]},{\"@type\":\"WebSite\",\"@id\":\"https:\\\/\\\/www.strassenweb.de\\\/nachrichten\\\/#website\",\"url\":\"https:\\\/\\\/www.strassenweb.de\\\/nachrichten\\\/\",\"name\":\"Stra\u00dfenweb\",\"description\":\"Stra\u00dfenverzeichnis f\u00fcr Deutschland\",\"publisher\":{\"@id\":\"https:\\\/\\\/www.strassenweb.de\\\/nachrichten\\\/#organization\"},\"potentialAction\":[{\"@type\":\"SearchAction\",\"target\":{\"@type\":\"EntryPoint\",\"urlTemplate\":\"https:\\\/\\\/www.strassenweb.de\\\/nachrichten\\\/?s={search_term_string}\"},\"query-input\":{\"@type\":\"PropertyValueSpecification\",\"valueRequired\":true,\"valueName\":\"search_term_string\"}}],\"inLanguage\":\"de\"},{\"@type\":\"Organization\",\"@id\":\"https:\\\/\\\/www.strassenweb.de\\\/nachrichten\\\/#organization\",\"name\":\"Stra\u00dfenweb\",\"url\":\"https:\\\/\\\/www.strassenweb.de\\\/nachrichten\\\/\",\"logo\":{\"@type\":\"ImageObject\",\"inLanguage\":\"de\",\"@id\":\"https:\\\/\\\/www.strassenweb.de\\\/nachrichten\\\/#\\\/schema\\\/logo\\\/image\\\/\",\"url\":\"https:\\\/\\\/www.strassenweb.de\\\/nachrichten\\\/wp-content\\\/uploads\\\/2024\\\/09\\\/cropped-favicon.png\",\"contentUrl\":\"https:\\\/\\\/www.strassenweb.de\\\/nachrichten\\\/wp-content\\\/uploads\\\/2024\\\/09\\\/cropped-favicon.png\",\"width\":512,\"height\":512,\"caption\":\"Stra\u00dfenweb\"},\"image\":{\"@id\":\"https:\\\/\\\/www.strassenweb.de\\\/nachrichten\\\/#\\\/schema\\\/logo\\\/image\\\/\"},\"sameAs\":[\"https:\\\/\\\/www.facebook.com\\\/strassenweb\\\/\"]},{\"@type\":\"Person\",\"@id\":\"https:\\\/\\\/www.strassenweb.de\\\/nachrichten\\\/#\\\/schema\\\/person\\\/87c9c9067f1211da429a744dc5a5aa41\",\"name\":\"Robert Hoffmann\",\"image\":{\"@type\":\"ImageObject\",\"inLanguage\":\"de\",\"@id\":\"https:\\\/\\\/www.strassenweb.de\\\/nachrichten\\\/wp-content\\\/uploads\\\/2024\\\/09\\\/strassenweb-150x150.jpg\",\"url\":\"https:\\\/\\\/www.strassenweb.de\\\/nachrichten\\\/wp-content\\\/uploads\\\/2024\\\/09\\\/strassenweb-150x150.jpg\",\"contentUrl\":\"https:\\\/\\\/www.strassenweb.de\\\/nachrichten\\\/wp-content\\\/uploads\\\/2024\\\/09\\\/strassenweb-150x150.jpg\",\"caption\":\"Robert Hoffmann\"},\"description\":\"Ich hei\u00dfe Robert Hoffmann und ich bin ein leidenschaftlicher Verfechter von \u00d6kologie und Biodiversit\u00e4t. Seit meiner Kindheit in den W\u00e4ldern Bayerns f\u00fchle ich mich mit der Natur verbunden und bin entschlossen, sie zu sch\u00fctzen. Heute widme ich mein Leben der Sensibilisierung anderer f\u00fcr die Bedeutung des Umweltschutzes f\u00fcr zuk\u00fcnftige Generationen.\",\"sameAs\":[\"https:\\\/\\\/www.strassenweb.de\\\/\"]}]}<\/script>\n<!-- \/ Yoast SEO plugin. -->","yoast_head_json":{"title":"5 Nature-inspirierte Badezimmer, die den biophilen Trend nageln - Nachrichten - Stra\u00dfenweb","robots":{"index":"index","follow":"follow","max-snippet":"max-snippet:-1","max-image-preview":"max-image-preview:large","max-video-preview":"max-video-preview:-1"},"canonical":"https:\/\/www.strassenweb.de\/nachrichten\/5-nature-inspirierte-badezimmer-die-den-biophilen-trend-nageln\/","og_locale":"de_DE","og_type":"article","og_title":"5 Nature-inspirierte Badezimmer, die den biophilen Trend nageln - Nachrichten - Stra\u00dfenweb","og_description":"Badezimmerschemata, die ihre visuellen und sensorischen Hinweise aus der Natur nehmen, sind immer zeitlos, aber es scheint, dass wir im Jahr 2025 ein Wiederaufleben in","og_url":"https:\/\/www.strassenweb.de\/nachrichten\/5-nature-inspirierte-badezimmer-die-den-biophilen-trend-nageln\/","og_site_name":"Stra\u00dfenweb","article_publisher":"https:\/\/www.facebook.com\/strassenweb\/","article_published_time":"2025-02-03T23:03:00+00:00","article_modified_time":"2025-02-03T23:03:01+00:00","og_image":[{"width":1200,"height":675,"url":"https:\/\/www.strassenweb.de\/nachrichten\/wp-content\/uploads\/2025\/02\/5-Nature-inspirierte-Badezimmer-die-den-biophilen-Trend-nageln.jpg","type":"image\/jpeg"}],"author":"Robert Hoffmann","twitter_card":"summary_large_image","twitter_misc":{"Verfasst von":"Robert Hoffmann","Gesch\u00e4tzte Lesezeit":"5\u00a0Minuten"},"schema":{"@context":"https:\/\/schema.org","@graph":[{"@type":"Article","@id":"https:\/\/www.strassenweb.de\/nachrichten\/5-nature-inspirierte-badezimmer-die-den-biophilen-trend-nageln\/#article","isPartOf":{"@id":"https:\/\/www.strassenweb.de\/nachrichten\/5-nature-inspirierte-badezimmer-die-den-biophilen-trend-nageln\/"},"author":{"name":"Robert Hoffmann","@id":"https:\/\/www.strassenweb.de\/nachrichten\/#\/schema\/person\/87c9c9067f1211da429a744dc5a5aa41"},"headline":"5 Nature-inspirierte Badezimmer, die den biophilen Trend nageln","datePublished":"2025-02-03T23:03:00+00:00","dateModified":"2025-02-03T23:03:01+00:00","mainEntityOfPage":{"@id":"https:\/\/www.strassenweb.de\/nachrichten\/5-nature-inspirierte-badezimmer-die-den-biophilen-trend-nageln\/"},"wordCount":967,"publisher":{"@id":"https:\/\/www.strassenweb.de\/nachrichten\/#organization"},"image":{"@id":"https:\/\/www.strassenweb.de\/nachrichten\/5-nature-inspirierte-badezimmer-die-den-biophilen-trend-nageln\/#primaryimage"},"thumbnailUrl":"https:\/\/www.strassenweb.de\/nachrichten\/wp-content\/uploads\/2025\/02\/5-Nature-inspirierte-Badezimmer-die-den-biophilen-Trend-nageln.jpg","keywords":["Badezimmer","biophilen","den","die","nageln","Natureinspirierte","Trend"],"articleSection":["Haus &amp; Garten"],"inLanguage":"de"},{"@type":"WebPage","@id":"https:\/\/www.strassenweb.de\/nachrichten\/5-nature-inspirierte-badezimmer-die-den-biophilen-trend-nageln\/","url":"https:\/\/www.strassenweb.de\/nachrichten\/5-nature-inspirierte-badezimmer-die-den-biophilen-trend-nageln\/","name":"5 Nature-inspirierte Badezimmer, die den biophilen Trend nageln - Nachrichten - Stra\u00dfenweb","isPartOf":{"@id":"https:\/\/www.strassenweb.de\/nachrichten\/#website"},"primaryImageOfPage":{"@id":"https:\/\/www.strassenweb.de\/nachrichten\/5-nature-inspirierte-badezimmer-die-den-biophilen-trend-nageln\/#primaryimage"},"image":{"@id":"https:\/\/www.strassenweb.de\/nachrichten\/5-nature-inspirierte-badezimmer-die-den-biophilen-trend-nageln\/#primaryimage"},"thumbnailUrl":"https:\/\/www.strassenweb.de\/nachrichten\/wp-content\/uploads\/2025\/02\/5-Nature-inspirierte-Badezimmer-die-den-biophilen-Trend-nageln.jpg","datePublished":"2025-02-03T23:03:00+00:00","dateModified":"2025-02-03T23:03:01+00:00","breadcrumb":{"@id":"https:\/\/www.strassenweb.de\/nachrichten\/5-nature-inspirierte-badezimmer-die-den-biophilen-trend-nageln\/#breadcrumb"},"inLanguage":"de","potentialAction":[{"@type":"ReadAction","target":["https:\/\/www.strassenweb.de\/nachrichten\/5-nature-inspirierte-badezimmer-die-den-biophilen-trend-nageln\/"]}]},{"@type":"ImageObject","inLanguage":"de","@id":"https:\/\/www.strassenweb.de\/nachrichten\/5-nature-inspirierte-badezimmer-die-den-biophilen-trend-nageln\/#primaryimage","url":"https:\/\/www.strassenweb.de\/nachrichten\/wp-content\/uploads\/2025\/02\/5-Nature-inspirierte-Badezimmer-die-den-biophilen-Trend-nageln.jpg","contentUrl":"https:\/\/www.strassenweb.de\/nachrichten\/wp-content\/uploads\/2025\/02\/5-Nature-inspirierte-Badezimmer-die-den-biophilen-Trend-nageln.jpg","width":1200,"height":675,"caption":"5 Nature-inspirierte Badezimmer, die den biophilen Trend nageln"},{"@type":"BreadcrumbList","@id":"https:\/\/www.strassenweb.de\/nachrichten\/5-nature-inspirierte-badezimmer-die-den-biophilen-trend-nageln\/#breadcrumb","itemListElement":[{"@type":"ListItem","position":1,"name":"Home","item":"https:\/\/www.strassenweb.de\/nachrichten\/"},{"@type":"ListItem","position":2,"name":"5 Nature-inspirierte Badezimmer, die den biophilen Trend nageln"}]},{"@type":"WebSite","@id":"https:\/\/www.strassenweb.de\/nachrichten\/#website","url":"https:\/\/www.strassenweb.de\/nachrichten\/","name":"Stra\u00dfenweb","description":"Stra\u00dfenverzeichnis f\u00fcr Deutschland","publisher":{"@id":"https:\/\/www.strassenweb.de\/nachrichten\/#organization"},"potentialAction":[{"@type":"SearchAction","target":{"@type":"EntryPoint","urlTemplate":"https:\/\/www.strassenweb.de\/nachrichten\/?s={search_term_string}"},"query-input":{"@type":"PropertyValueSpecification","valueRequired":true,"valueName":"search_term_string"}}],"inLanguage":"de"},{"@type":"Organization","@id":"https:\/\/www.strassenweb.de\/nachrichten\/#organization","name":"Stra\u00dfenweb","url":"https:\/\/www.strassenweb.de\/nachrichten\/","logo":{"@type":"ImageObject","inLanguage":"de","@id":"https:\/\/www.strassenweb.de\/nachrichten\/#\/schema\/logo\/image\/","url":"https:\/\/www.strassenweb.de\/nachrichten\/wp-content\/uploads\/2024\/09\/cropped-favicon.png","contentUrl":"https:\/\/www.strassenweb.de\/nachrichten\/wp-content\/uploads\/2024\/09\/cropped-favicon.png","width":512,"height":512,"caption":"Stra\u00dfenweb"},"image":{"@id":"https:\/\/www.strassenweb.de\/nachrichten\/#\/schema\/logo\/image\/"},"sameAs":["https:\/\/www.facebook.com\/strassenweb\/"]},{"@type":"Person","@id":"https:\/\/www.strassenweb.de\/nachrichten\/#\/schema\/person\/87c9c9067f1211da429a744dc5a5aa41","name":"Robert Hoffmann","image":{"@type":"ImageObject","inLanguage":"de","@id":"https:\/\/www.strassenweb.de\/nachrichten\/wp-content\/uploads\/2024\/09\/strassenweb-150x150.jpg","url":"https:\/\/www.strassenweb.de\/nachrichten\/wp-content\/uploads\/2024\/09\/strassenweb-150x150.jpg","contentUrl":"https:\/\/www.strassenweb.de\/nachrichten\/wp-content\/uploads\/2024\/09\/strassenweb-150x150.jpg","caption":"Robert Hoffmann"},"description":"Ich hei\u00dfe Robert Hoffmann und ich bin ein leidenschaftlicher Verfechter von \u00d6kologie und Biodiversit\u00e4t. Seit meiner Kindheit in den W\u00e4ldern Bayerns f\u00fchle ich mich mit der Natur verbunden und bin entschlossen, sie zu sch\u00fctzen. Heute widme ich mein Leben der Sensibilisierung anderer f\u00fcr die Bedeutung des Umweltschutzes f\u00fcr zuk\u00fcnftige Generationen.","sameAs":["https:\/\/www.strassenweb.de\/"]}]}},"_links":{"self":[{"href":"https:\/\/www.strassenweb.de\/nachrichten\/wp-json\/wp\/v2\/posts\/3107","targetHints":{"allow":["GET"]}}],"collection":[{"href":"https:\/\/www.strassenweb.de\/nachrichten\/wp-json\/wp\/v2\/posts"}],"about":[{"href":"https:\/\/www.strassenweb.de\/nachrichten\/wp-json\/wp\/v2\/types\/post"}],"author":[{"embeddable":true,"href":"https:\/\/www.strassenweb.de\/nachrichten\/wp-json\/wp\/v2\/users\/1"}],"replies":[{"embeddable":true,"href":"https:\/\/www.strassenweb.de\/nachrichten\/wp-json\/wp\/v2\/comments?post=3107"}],"version-history":[{"count":0,"href":"https:\/\/www.strassenweb.de\/nachrichten\/wp-json\/wp\/v2\/posts\/3107\/revisions"}],"wp:featuredmedia":[{"embeddable":true,"href":"https:\/\/www.strassenweb.de\/nachrichten\/wp-json\/wp\/v2\/media\/3108"}],"wp:attachment":[{"href":"https:\/\/www.strassenweb.de\/nachrichten\/wp-json\/wp\/v2\/media?parent=3107"}],"wp:term":[{"taxonomy":"category","embeddable":true,"href":"https:\/\/www.strassenweb.de\/nachrichten\/wp-json\/wp\/v2\/categories?post=3107"},{"taxonomy":"post_tag","embeddable":true,"href":"https:\/\/www.strassenweb.de\/nachrichten\/wp-json\/wp\/v2\/tags?post=3107"}],"curies":[{"name":"wp","href":"https:\/\/api.w.org\/{rel}","templated":true}]}}