{"id":3095,"date":"2025-02-03T11:41:02","date_gmt":"2025-02-03T10:41:02","guid":{"rendered":"https:\/\/www.strassenweb.de\/nachrichten\/wenn-sie-einen-raum-faerben-machen-sie-diesen-einen-5-farblich-zentrierte-eingaenge-die-das-optimal-uebersehene-raum-machen\/"},"modified":"2025-02-03T11:41:03","modified_gmt":"2025-02-03T10:41:03","slug":"wenn-sie-einen-raum-faerben-machen-sie-diesen-einen-5-farblich-zentrierte-eingaenge-die-das-optimal-uebersehene-raum-machen","status":"publish","type":"post","link":"https:\/\/www.strassenweb.de\/nachrichten\/wenn-sie-einen-raum-faerben-machen-sie-diesen-einen-5-farblich-zentrierte-eingaenge-die-das-optimal-uebersehene-raum-machen\/","title":{"rendered":"Wenn Sie einen Raum f\u00e4rben, machen Sie diesen einen-5 farblich zentrierte Eing\u00e4nge, die das optimal \u00fcbersehene Raum machen"},"content":{"rendered":"<p><\/p>\n<div id=\"article-body\" class=\"article__body \">\n<p>Wenn es um die Dekoration mit Farbe geht, sind Eing\u00e4nge h\u00e4ufig auf eine Palette hellem Neutralen beschr\u00e4nkt, um diese normalerweise kleinen und hellbegrenzten R\u00e4ume besser und gr\u00f6\u00dfer zu machen. Aber gegen das Getreide zu gehen und eine mutige Palette mit Farbn\u00e4ssen zu umarmen, ist eine der besten Designentscheidungen, die Sie treffen k\u00f6nnen.<\/p>\n<div id=\"ad-unit-1\" class=\"ad-unit\"><\/div>\n<p>&#8222;Color-Tempern eines Eingangs setzt den stilistischen Ton des Hauses&#8220;, erkl\u00e4rt der Innenarchitekt Ryan Kopet von Miles und Kirk Design.<strong> <\/strong>&#8222;Diese Technik funktioniert in kleineren R\u00e4umen ohne gro\u00dfe architektonische Bedeutung sehr gut.&#8220;<\/p>\n<aside class=\"hawk-nest\" data-block-type=\"embed\" data-render-type=\"fte\" data-skip=\"dealsy\" data-widget-type=\"seasonal\">\n<div class=\"hawk-master-widget-hawk-base-wrapper\"><\/div>\n<\/aside>\n<p>Wenn Sie also nach Inspiration f\u00fcr Ihre eigenen Eingangs -Farbideen suchen, lesen Sie weiter. Wir haben f\u00fcnf unserer farbneuergetrennten Eing\u00e4nge abgerundet, die diesen \u00fcbersehenen Raum optimal machen-von blauen Farben mit mittleren Tonnen bis hin zu erhebendem Gelb.<\/p>\n<div id=\"desktop-in-article\" class=\"in-article ad-unit\">\n<div id=\"desktop-taboola-mid-article\"><\/div>\n<\/div>\n<div id=\"mobile-in-article\" class=\"in-article ad-unit\">\n<div id=\"mobile-taboola-mid-article\"><\/div>\n<\/div>\n<h3 class=\"article-body__section\" id=\"section-1-wishing-well-by-portola-paints\"><span>1. W\u00fcnsche nach Portola -Farben<\/span><\/h3>\n<figure class=\"van-image-figure inline-layout \" data-bordeaux-image-check>\n<div class=\"image-full-width-wrapper\">\n<div class=\"image-widthsetter\" style=\"max-width:2000px;\"><\/div>\n<\/div>\n<\/figure>\n<p>Wenn Ihr Ziel es ist, einen mutigen und spielerisch aussehenden Eingang zu erstellen, lassen Sie sich von diesem in einer mutigen gr\u00fcnen Farbe getrennten Raumfarbe inspirieren-Portola Paints w\u00fcnscht sich gut. Dieser Eingang macht nicht nur eine Aussage, sondern es ist bekannt, dass Gr\u00fcn eine beruhigende Farbe hat, was ihn zu einer passenden Wahl f\u00fcr den Eingang zum Haus macht. <\/p>\n<p>&#8222;Diese besondere Lackfarbe wurde ausgew\u00e4hlt, weil die Kunden in diesem \u00e4hnlichen Farbton in einem angrenzenden Raum Samtressadeln hatten, und wir wollten diese K\u00fchnheit in diesen Raum bringen, um beide die R\u00e4ume zusammenzubinden und eine Aussage abzugeben, wenn Sie zum ersten Mal hereinkommen&#8220; Die Innenarchitektur Lisa Nakamura und Celestin McGlynn von Spec + Sage in Kalifornien.<\/p>\n<div class=\"van_vid_carousel\">\n<div class=\"van_vid_carousel__padding\">\n<div class=\"van_vid_carousel__container\"><\/div>\n<\/div>\n<\/div>\n<h3 class=\"article-body__section\" id=\"section-2-sudbury-yellow-by-farrow-ball\"><span>2. Sudbury Yellow von Farrow &#038; Ball<\/span><\/h3>\n<figure class=\"van-image-figure inline-layout \" data-bordeaux-image-check>\n<div class=\"image-full-width-wrapper\">\n<div class=\"image-widthsetter\" style=\"max-width:2000px;\"><\/div>\n<\/div>\n<\/figure>\n<p>Keine Farbe ist so fr\u00f6hlich wie gelb. Warum also nicht diesen erhebenden Farbton zum Eingang Ihres Hauses bringen? &#8222;Sudbury Yellow ist ein Buttergelb, das gut zu cremefarbenen Farben f\u00fcr einen charmanten, aber frischen Look passt&#8220;, erkl\u00e4rt Patrick O&#8217;Donnell, Markenbotschafter bei Farrow &#038; Ball.<\/p>\n<div id=\"ad-unit-2\" class=\"ad-unit\"><\/div>\n<p>Hier wird diese gelbe Farbe mittelgro\u00dfen liberal im gesamten Flur verwendet, einschlie\u00dflich der W\u00e4nde, der Holzarbeiten und der Decke. Das Ergebnis ist ein zusammenh\u00e4ngender Raum, der frei von harten Kontrasten ist, was dem schmalen Raum hilfreicher erscheint.<\/p>\n<h3 class=\"article-body__section\" id=\"section-3-selvedge-by-farrow-ball\"><span>3.. Selvedge von Farrow &#038; Ball<\/span><\/h3>\n<figure class=\"van-image-figure inline-layout \" data-bordeaux-image-check>\n<div class=\"image-full-width-wrapper\">\n<div class=\"image-widthsetter\" style=\"max-width:2000px;\"><\/div>\n<\/div>\n<\/figure>\n<p>Die Selvedge von Farrow &#038; Ball ist eine weitere Farbfarbe, die wunderbar farblich in Einstiegswegen funktioniert. &#8222;Selvedge ist ein entspannter Blau, weniger grau als unsere beliebten Nimes&#8220;, erkl\u00e4rt Patrick O&#8217;Donnell.<\/p>\n<p>W\u00e4hrend Eing\u00e4nge oft einige der am meisten \u00fcbersehenen R\u00e4ume des Hauses sein k\u00f6nnen, beweist dieser blaue Eingang, dass es genauso viel Grund gibt, eine mutige Sicht auf Farbe zu nehmen. W\u00e4hrend neutrale Farben, die h\u00e4ufig in diesen Lichtspuren verwendet werden, kein Interesse erh\u00f6hen k\u00f6nnen, ist dieses blaue, zusammenh\u00e4ngende Farbschema verpflichtet, Freude und Intrigen zu entfachen, wenn die winzigen G\u00e4ste in das Haus eintreten.<\/p>\n<h3 class=\"article-body__section\" id=\"section-4-oasis-blue-by-benjamin-moore\"><span>4. Oasis Blue von Benjamin Moore<\/span><\/h3>\n<figure class=\"van-image-figure inline-layout \" data-bordeaux-image-check>\n<div class=\"image-full-width-wrapper\">\n<div class=\"image-widthsetter\" style=\"max-width:2000px;\"><\/div>\n<\/div>\n<\/figure>\n<p>&#8222;Benjamin Moores Oasis Blue wurde in diesem gro\u00dfen Eingang verwendet&#8220;, teilt der in Denver ans\u00e4ssige Innenarchitekt Nadia Watts mit. &#8222;Mit einer \u00e4hnlichen farbigen Wandabdeckung an der Decke bringt es den gesamten Raum zusammen, sodass es sich geerdet und umh\u00fcllt f\u00fchlt, wenn Sie im Haus gehen.&#8220;<\/p>\n<p>Die Pr\u00e4sentation eines weniger traditionellen und experimentellen Ansatzes f\u00fcr farblich-tadelnde Ansatz-die Einbeziehung von Hintergrundbild in Ihr Schema in einem \u00e4hnlichen Farbton wie Ihre Lackierung f\u00fcgt mehr Interesse zu, eine gro\u00dfartige M\u00f6glichkeit, eine Aussage mit maximalistischen Dekor-Ideen abzugeben.<\/p>\n<h3 class=\"article-body__section\" id=\"section-5-cambrian-blue-by-annie-sloan\"><span>5. Cambrian Blue von Annie Sloan<\/span><\/h3>\n<figure class=\"van-image-figure inline-layout \" data-bordeaux-image-check>\n<div class=\"image-full-width-wrapper\">\n<div class=\"image-widthsetter\" style=\"max-width:2000px;\"><\/div>\n<\/div>\n<\/figure>\n<p>&#8222;Dieser Flur in einem Haus aus den 1930er Jahren wurde in meiner Satinfarbe in Kambrienblau gemalt&#8220;, sagt Annie Sloan, Lack- und Farbsexpertin. &#8222;Die Farbe wurde an den W\u00e4nden, T\u00fcren, Banistern und Holzarbeiten verwendet, um dem Raum einen sch\u00f6nen zusammenh\u00e4ngenden Blick zu verleihen.&#8220;<\/p>\n<p>&#8218;Cambrian Blue ist ein blaues Blau wie dunkler Denim, und ich habe es gew\u00e4hlt, weil dieser dauerhaft k\u00fchle und hart arbeitende Farbton wie dunklem Jeans zu allem passt. Hier k\u00f6nnen die wunderbaren Schwarz -Wei\u00df -Fliesen singen, w\u00e4hrend sie die sch\u00f6ne Treppe pr\u00e4sentieren \u201c, erkl\u00e4rt Annie.<\/p>\n<hr>\n<p>W\u00e4hrend der Farbverschiebung Ihres Eingangs eine der stilvollsten M\u00f6glichkeiten ist, mit Farbe zu dekorieren, gibt es eine ganze Reihe anderer Eingangstrends, um zu erkunden, und dazu beitragen, diesen flei\u00dfigen Raum zu addieren.<\/p>\n<\/div>\n","protected":false},"excerpt":{"rendered":"<p>Wenn es um die Dekoration mit Farbe geht, sind Eing\u00e4nge h\u00e4ufig auf eine Palette hellem Neutralen beschr\u00e4nkt, um diese normalerweise kleinen und hellbegrenzten R\u00e4ume besser<\/p>\n","protected":false},"author":1,"featured_media":3096,"comment_status":"closed","ping_status":"","sticky":false,"template":"","format":"standard","meta":{"footnotes":""},"categories":[118],"tags":[112,9,208,166,4962,4965,874,4963,410,475,182,165,4966,1076,4964],"class_list":["post-3095","post","type-post","status-publish","format-standard","has-post-thumbnail","hentry","category-haus-garten","tag-das","tag-die","tag-diesen","tag-einen","tag-einen5","tag-eingaenge","tag-farben","tag-farblich","tag-machen","tag-optimal","tag-raum","tag-sie","tag-uebersehene","tag-wenn","tag-zentrierte","generate-columns","tablet-grid-50","mobile-grid-100","grid-parent","grid-50"],"yoast_head":"<!-- This site is optimized with the Yoast SEO plugin v27.3 - https:\/\/yoast.com\/product\/yoast-seo-wordpress\/ -->\n<title>Wenn Sie einen Raum f\u00e4rben, machen Sie diesen einen-5 farblich zentrierte Eing\u00e4nge, die das optimal \u00fcbersehene Raum machen - Nachrichten - Stra\u00dfenweb<\/title>\n<meta name=\"robots\" content=\"index, follow, max-snippet:-1, max-image-preview:large, max-video-preview:-1\" \/>\n<link rel=\"canonical\" href=\"https:\/\/www.strassenweb.de\/nachrichten\/wenn-sie-einen-raum-faerben-machen-sie-diesen-einen-5-farblich-zentrierte-eingaenge-die-das-optimal-uebersehene-raum-machen\/\" \/>\n<meta property=\"og:locale\" content=\"de_DE\" \/>\n<meta property=\"og:type\" content=\"article\" \/>\n<meta property=\"og:title\" content=\"Wenn Sie einen Raum f\u00e4rben, machen Sie diesen einen-5 farblich zentrierte Eing\u00e4nge, die das optimal \u00fcbersehene Raum machen - Nachrichten - Stra\u00dfenweb\" \/>\n<meta property=\"og:description\" content=\"Wenn es um die Dekoration mit Farbe geht, sind Eing\u00e4nge h\u00e4ufig auf eine Palette hellem Neutralen beschr\u00e4nkt, um diese normalerweise kleinen und hellbegrenzten R\u00e4ume besser\" \/>\n<meta property=\"og:url\" content=\"https:\/\/www.strassenweb.de\/nachrichten\/wenn-sie-einen-raum-faerben-machen-sie-diesen-einen-5-farblich-zentrierte-eingaenge-die-das-optimal-uebersehene-raum-machen\/\" \/>\n<meta property=\"og:site_name\" content=\"Stra\u00dfenweb\" \/>\n<meta property=\"article:publisher\" content=\"https:\/\/www.facebook.com\/strassenweb\/\" \/>\n<meta property=\"article:published_time\" content=\"2025-02-03T10:41:02+00:00\" \/>\n<meta property=\"article:modified_time\" content=\"2025-02-03T10:41:03+00:00\" \/>\n<meta property=\"og:image\" content=\"https:\/\/www.strassenweb.de\/nachrichten\/wp-content\/uploads\/2025\/02\/Wenn-Sie-einen-Raum-faerben-machen-Sie-diesen-einen-5-farblich.jpg\" \/>\n\t<meta property=\"og:image:width\" content=\"1200\" \/>\n\t<meta property=\"og:image:height\" content=\"675\" \/>\n\t<meta property=\"og:image:type\" content=\"image\/jpeg\" \/>\n<meta name=\"author\" content=\"Robert Hoffmann\" \/>\n<meta name=\"twitter:card\" content=\"summary_large_image\" \/>\n<meta name=\"twitter:label1\" content=\"Verfasst von\" \/>\n\t<meta name=\"twitter:data1\" content=\"Robert Hoffmann\" \/>\n\t<meta name=\"twitter:label2\" content=\"Gesch\u00e4tzte Lesezeit\" \/>\n\t<meta name=\"twitter:data2\" content=\"3\u00a0Minuten\" \/>\n<script type=\"application\/ld+json\" class=\"yoast-schema-graph\">{\"@context\":\"https:\\\/\\\/schema.org\",\"@graph\":[{\"@type\":\"Article\",\"@id\":\"https:\\\/\\\/www.strassenweb.de\\\/nachrichten\\\/wenn-sie-einen-raum-faerben-machen-sie-diesen-einen-5-farblich-zentrierte-eingaenge-die-das-optimal-uebersehene-raum-machen\\\/#article\",\"isPartOf\":{\"@id\":\"https:\\\/\\\/www.strassenweb.de\\\/nachrichten\\\/wenn-sie-einen-raum-faerben-machen-sie-diesen-einen-5-farblich-zentrierte-eingaenge-die-das-optimal-uebersehene-raum-machen\\\/\"},\"author\":{\"name\":\"Robert Hoffmann\",\"@id\":\"https:\\\/\\\/www.strassenweb.de\\\/nachrichten\\\/#\\\/schema\\\/person\\\/87c9c9067f1211da429a744dc5a5aa41\"},\"headline\":\"Wenn Sie einen Raum f\u00e4rben, machen Sie diesen einen-5 farblich zentrierte Eing\u00e4nge, die das optimal \u00fcbersehene Raum machen\",\"datePublished\":\"2025-02-03T10:41:02+00:00\",\"dateModified\":\"2025-02-03T10:41:03+00:00\",\"mainEntityOfPage\":{\"@id\":\"https:\\\/\\\/www.strassenweb.de\\\/nachrichten\\\/wenn-sie-einen-raum-faerben-machen-sie-diesen-einen-5-farblich-zentrierte-eingaenge-die-das-optimal-uebersehene-raum-machen\\\/\"},\"wordCount\":711,\"publisher\":{\"@id\":\"https:\\\/\\\/www.strassenweb.de\\\/nachrichten\\\/#organization\"},\"image\":{\"@id\":\"https:\\\/\\\/www.strassenweb.de\\\/nachrichten\\\/wenn-sie-einen-raum-faerben-machen-sie-diesen-einen-5-farblich-zentrierte-eingaenge-die-das-optimal-uebersehene-raum-machen\\\/#primaryimage\"},\"thumbnailUrl\":\"https:\\\/\\\/www.strassenweb.de\\\/nachrichten\\\/wp-content\\\/uploads\\\/2025\\\/02\\\/Wenn-Sie-einen-Raum-faerben-machen-Sie-diesen-einen-5-farblich.jpg\",\"keywords\":[\"das\",\"die\",\"diesen\",\"einen\",\"einen5\",\"Eing\u00e4nge\",\"Farben\",\"farblich\",\"machen\",\"optimal\",\"Raum\",\"Sie\",\"\u00fcbersehene\",\"wenn\",\"zentrierte\"],\"articleSection\":[\"Haus &amp; Garten\"],\"inLanguage\":\"de\"},{\"@type\":\"WebPage\",\"@id\":\"https:\\\/\\\/www.strassenweb.de\\\/nachrichten\\\/wenn-sie-einen-raum-faerben-machen-sie-diesen-einen-5-farblich-zentrierte-eingaenge-die-das-optimal-uebersehene-raum-machen\\\/\",\"url\":\"https:\\\/\\\/www.strassenweb.de\\\/nachrichten\\\/wenn-sie-einen-raum-faerben-machen-sie-diesen-einen-5-farblich-zentrierte-eingaenge-die-das-optimal-uebersehene-raum-machen\\\/\",\"name\":\"Wenn Sie einen Raum f\u00e4rben, machen Sie diesen einen-5 farblich zentrierte Eing\u00e4nge, die das optimal \u00fcbersehene Raum machen - Nachrichten - Stra\u00dfenweb\",\"isPartOf\":{\"@id\":\"https:\\\/\\\/www.strassenweb.de\\\/nachrichten\\\/#website\"},\"primaryImageOfPage\":{\"@id\":\"https:\\\/\\\/www.strassenweb.de\\\/nachrichten\\\/wenn-sie-einen-raum-faerben-machen-sie-diesen-einen-5-farblich-zentrierte-eingaenge-die-das-optimal-uebersehene-raum-machen\\\/#primaryimage\"},\"image\":{\"@id\":\"https:\\\/\\\/www.strassenweb.de\\\/nachrichten\\\/wenn-sie-einen-raum-faerben-machen-sie-diesen-einen-5-farblich-zentrierte-eingaenge-die-das-optimal-uebersehene-raum-machen\\\/#primaryimage\"},\"thumbnailUrl\":\"https:\\\/\\\/www.strassenweb.de\\\/nachrichten\\\/wp-content\\\/uploads\\\/2025\\\/02\\\/Wenn-Sie-einen-Raum-faerben-machen-Sie-diesen-einen-5-farblich.jpg\",\"datePublished\":\"2025-02-03T10:41:02+00:00\",\"dateModified\":\"2025-02-03T10:41:03+00:00\",\"breadcrumb\":{\"@id\":\"https:\\\/\\\/www.strassenweb.de\\\/nachrichten\\\/wenn-sie-einen-raum-faerben-machen-sie-diesen-einen-5-farblich-zentrierte-eingaenge-die-das-optimal-uebersehene-raum-machen\\\/#breadcrumb\"},\"inLanguage\":\"de\",\"potentialAction\":[{\"@type\":\"ReadAction\",\"target\":[\"https:\\\/\\\/www.strassenweb.de\\\/nachrichten\\\/wenn-sie-einen-raum-faerben-machen-sie-diesen-einen-5-farblich-zentrierte-eingaenge-die-das-optimal-uebersehene-raum-machen\\\/\"]}]},{\"@type\":\"ImageObject\",\"inLanguage\":\"de\",\"@id\":\"https:\\\/\\\/www.strassenweb.de\\\/nachrichten\\\/wenn-sie-einen-raum-faerben-machen-sie-diesen-einen-5-farblich-zentrierte-eingaenge-die-das-optimal-uebersehene-raum-machen\\\/#primaryimage\",\"url\":\"https:\\\/\\\/www.strassenweb.de\\\/nachrichten\\\/wp-content\\\/uploads\\\/2025\\\/02\\\/Wenn-Sie-einen-Raum-faerben-machen-Sie-diesen-einen-5-farblich.jpg\",\"contentUrl\":\"https:\\\/\\\/www.strassenweb.de\\\/nachrichten\\\/wp-content\\\/uploads\\\/2025\\\/02\\\/Wenn-Sie-einen-Raum-faerben-machen-Sie-diesen-einen-5-farblich.jpg\",\"width\":1200,\"height\":675,\"caption\":\"Wenn Sie einen Raum f\u00e4rben, machen Sie diesen einen-5 farblich zentrierte Eing\u00e4nge, die das optimal \u00fcbersehene Raum machen\"},{\"@type\":\"BreadcrumbList\",\"@id\":\"https:\\\/\\\/www.strassenweb.de\\\/nachrichten\\\/wenn-sie-einen-raum-faerben-machen-sie-diesen-einen-5-farblich-zentrierte-eingaenge-die-das-optimal-uebersehene-raum-machen\\\/#breadcrumb\",\"itemListElement\":[{\"@type\":\"ListItem\",\"position\":1,\"name\":\"Home\",\"item\":\"https:\\\/\\\/www.strassenweb.de\\\/nachrichten\\\/\"},{\"@type\":\"ListItem\",\"position\":2,\"name\":\"Wenn Sie einen Raum f\u00e4rben, machen Sie diesen einen-5 farblich zentrierte Eing\u00e4nge, die das optimal \u00fcbersehene Raum machen\"}]},{\"@type\":\"WebSite\",\"@id\":\"https:\\\/\\\/www.strassenweb.de\\\/nachrichten\\\/#website\",\"url\":\"https:\\\/\\\/www.strassenweb.de\\\/nachrichten\\\/\",\"name\":\"Stra\u00dfenweb\",\"description\":\"Stra\u00dfenverzeichnis f\u00fcr Deutschland\",\"publisher\":{\"@id\":\"https:\\\/\\\/www.strassenweb.de\\\/nachrichten\\\/#organization\"},\"potentialAction\":[{\"@type\":\"SearchAction\",\"target\":{\"@type\":\"EntryPoint\",\"urlTemplate\":\"https:\\\/\\\/www.strassenweb.de\\\/nachrichten\\\/?s={search_term_string}\"},\"query-input\":{\"@type\":\"PropertyValueSpecification\",\"valueRequired\":true,\"valueName\":\"search_term_string\"}}],\"inLanguage\":\"de\"},{\"@type\":\"Organization\",\"@id\":\"https:\\\/\\\/www.strassenweb.de\\\/nachrichten\\\/#organization\",\"name\":\"Stra\u00dfenweb\",\"url\":\"https:\\\/\\\/www.strassenweb.de\\\/nachrichten\\\/\",\"logo\":{\"@type\":\"ImageObject\",\"inLanguage\":\"de\",\"@id\":\"https:\\\/\\\/www.strassenweb.de\\\/nachrichten\\\/#\\\/schema\\\/logo\\\/image\\\/\",\"url\":\"https:\\\/\\\/www.strassenweb.de\\\/nachrichten\\\/wp-content\\\/uploads\\\/2024\\\/09\\\/cropped-favicon.png\",\"contentUrl\":\"https:\\\/\\\/www.strassenweb.de\\\/nachrichten\\\/wp-content\\\/uploads\\\/2024\\\/09\\\/cropped-favicon.png\",\"width\":512,\"height\":512,\"caption\":\"Stra\u00dfenweb\"},\"image\":{\"@id\":\"https:\\\/\\\/www.strassenweb.de\\\/nachrichten\\\/#\\\/schema\\\/logo\\\/image\\\/\"},\"sameAs\":[\"https:\\\/\\\/www.facebook.com\\\/strassenweb\\\/\"]},{\"@type\":\"Person\",\"@id\":\"https:\\\/\\\/www.strassenweb.de\\\/nachrichten\\\/#\\\/schema\\\/person\\\/87c9c9067f1211da429a744dc5a5aa41\",\"name\":\"Robert Hoffmann\",\"image\":{\"@type\":\"ImageObject\",\"inLanguage\":\"de\",\"@id\":\"https:\\\/\\\/www.strassenweb.de\\\/nachrichten\\\/wp-content\\\/uploads\\\/2024\\\/09\\\/strassenweb-150x150.jpg\",\"url\":\"https:\\\/\\\/www.strassenweb.de\\\/nachrichten\\\/wp-content\\\/uploads\\\/2024\\\/09\\\/strassenweb-150x150.jpg\",\"contentUrl\":\"https:\\\/\\\/www.strassenweb.de\\\/nachrichten\\\/wp-content\\\/uploads\\\/2024\\\/09\\\/strassenweb-150x150.jpg\",\"caption\":\"Robert Hoffmann\"},\"description\":\"Ich hei\u00dfe Robert Hoffmann und ich bin ein leidenschaftlicher Verfechter von \u00d6kologie und Biodiversit\u00e4t. Seit meiner Kindheit in den W\u00e4ldern Bayerns f\u00fchle ich mich mit der Natur verbunden und bin entschlossen, sie zu sch\u00fctzen. Heute widme ich mein Leben der Sensibilisierung anderer f\u00fcr die Bedeutung des Umweltschutzes f\u00fcr zuk\u00fcnftige Generationen.\",\"sameAs\":[\"https:\\\/\\\/www.strassenweb.de\\\/\"]}]}<\/script>\n<!-- \/ Yoast SEO plugin. -->","yoast_head_json":{"title":"Wenn Sie einen Raum f\u00e4rben, machen Sie diesen einen-5 farblich zentrierte Eing\u00e4nge, die das optimal \u00fcbersehene Raum machen - Nachrichten - Stra\u00dfenweb","robots":{"index":"index","follow":"follow","max-snippet":"max-snippet:-1","max-image-preview":"max-image-preview:large","max-video-preview":"max-video-preview:-1"},"canonical":"https:\/\/www.strassenweb.de\/nachrichten\/wenn-sie-einen-raum-faerben-machen-sie-diesen-einen-5-farblich-zentrierte-eingaenge-die-das-optimal-uebersehene-raum-machen\/","og_locale":"de_DE","og_type":"article","og_title":"Wenn Sie einen Raum f\u00e4rben, machen Sie diesen einen-5 farblich zentrierte Eing\u00e4nge, die das optimal \u00fcbersehene Raum machen - Nachrichten - Stra\u00dfenweb","og_description":"Wenn es um die Dekoration mit Farbe geht, sind Eing\u00e4nge h\u00e4ufig auf eine Palette hellem Neutralen beschr\u00e4nkt, um diese normalerweise kleinen und hellbegrenzten R\u00e4ume besser","og_url":"https:\/\/www.strassenweb.de\/nachrichten\/wenn-sie-einen-raum-faerben-machen-sie-diesen-einen-5-farblich-zentrierte-eingaenge-die-das-optimal-uebersehene-raum-machen\/","og_site_name":"Stra\u00dfenweb","article_publisher":"https:\/\/www.facebook.com\/strassenweb\/","article_published_time":"2025-02-03T10:41:02+00:00","article_modified_time":"2025-02-03T10:41:03+00:00","og_image":[{"width":1200,"height":675,"url":"https:\/\/www.strassenweb.de\/nachrichten\/wp-content\/uploads\/2025\/02\/Wenn-Sie-einen-Raum-faerben-machen-Sie-diesen-einen-5-farblich.jpg","type":"image\/jpeg"}],"author":"Robert Hoffmann","twitter_card":"summary_large_image","twitter_misc":{"Verfasst von":"Robert Hoffmann","Gesch\u00e4tzte Lesezeit":"3\u00a0Minuten"},"schema":{"@context":"https:\/\/schema.org","@graph":[{"@type":"Article","@id":"https:\/\/www.strassenweb.de\/nachrichten\/wenn-sie-einen-raum-faerben-machen-sie-diesen-einen-5-farblich-zentrierte-eingaenge-die-das-optimal-uebersehene-raum-machen\/#article","isPartOf":{"@id":"https:\/\/www.strassenweb.de\/nachrichten\/wenn-sie-einen-raum-faerben-machen-sie-diesen-einen-5-farblich-zentrierte-eingaenge-die-das-optimal-uebersehene-raum-machen\/"},"author":{"name":"Robert Hoffmann","@id":"https:\/\/www.strassenweb.de\/nachrichten\/#\/schema\/person\/87c9c9067f1211da429a744dc5a5aa41"},"headline":"Wenn Sie einen Raum f\u00e4rben, machen Sie diesen einen-5 farblich zentrierte Eing\u00e4nge, die das optimal \u00fcbersehene Raum machen","datePublished":"2025-02-03T10:41:02+00:00","dateModified":"2025-02-03T10:41:03+00:00","mainEntityOfPage":{"@id":"https:\/\/www.strassenweb.de\/nachrichten\/wenn-sie-einen-raum-faerben-machen-sie-diesen-einen-5-farblich-zentrierte-eingaenge-die-das-optimal-uebersehene-raum-machen\/"},"wordCount":711,"publisher":{"@id":"https:\/\/www.strassenweb.de\/nachrichten\/#organization"},"image":{"@id":"https:\/\/www.strassenweb.de\/nachrichten\/wenn-sie-einen-raum-faerben-machen-sie-diesen-einen-5-farblich-zentrierte-eingaenge-die-das-optimal-uebersehene-raum-machen\/#primaryimage"},"thumbnailUrl":"https:\/\/www.strassenweb.de\/nachrichten\/wp-content\/uploads\/2025\/02\/Wenn-Sie-einen-Raum-faerben-machen-Sie-diesen-einen-5-farblich.jpg","keywords":["das","die","diesen","einen","einen5","Eing\u00e4nge","Farben","farblich","machen","optimal","Raum","Sie","\u00fcbersehene","wenn","zentrierte"],"articleSection":["Haus &amp; Garten"],"inLanguage":"de"},{"@type":"WebPage","@id":"https:\/\/www.strassenweb.de\/nachrichten\/wenn-sie-einen-raum-faerben-machen-sie-diesen-einen-5-farblich-zentrierte-eingaenge-die-das-optimal-uebersehene-raum-machen\/","url":"https:\/\/www.strassenweb.de\/nachrichten\/wenn-sie-einen-raum-faerben-machen-sie-diesen-einen-5-farblich-zentrierte-eingaenge-die-das-optimal-uebersehene-raum-machen\/","name":"Wenn Sie einen Raum f\u00e4rben, machen Sie diesen einen-5 farblich zentrierte Eing\u00e4nge, die das optimal \u00fcbersehene Raum machen - Nachrichten - Stra\u00dfenweb","isPartOf":{"@id":"https:\/\/www.strassenweb.de\/nachrichten\/#website"},"primaryImageOfPage":{"@id":"https:\/\/www.strassenweb.de\/nachrichten\/wenn-sie-einen-raum-faerben-machen-sie-diesen-einen-5-farblich-zentrierte-eingaenge-die-das-optimal-uebersehene-raum-machen\/#primaryimage"},"image":{"@id":"https:\/\/www.strassenweb.de\/nachrichten\/wenn-sie-einen-raum-faerben-machen-sie-diesen-einen-5-farblich-zentrierte-eingaenge-die-das-optimal-uebersehene-raum-machen\/#primaryimage"},"thumbnailUrl":"https:\/\/www.strassenweb.de\/nachrichten\/wp-content\/uploads\/2025\/02\/Wenn-Sie-einen-Raum-faerben-machen-Sie-diesen-einen-5-farblich.jpg","datePublished":"2025-02-03T10:41:02+00:00","dateModified":"2025-02-03T10:41:03+00:00","breadcrumb":{"@id":"https:\/\/www.strassenweb.de\/nachrichten\/wenn-sie-einen-raum-faerben-machen-sie-diesen-einen-5-farblich-zentrierte-eingaenge-die-das-optimal-uebersehene-raum-machen\/#breadcrumb"},"inLanguage":"de","potentialAction":[{"@type":"ReadAction","target":["https:\/\/www.strassenweb.de\/nachrichten\/wenn-sie-einen-raum-faerben-machen-sie-diesen-einen-5-farblich-zentrierte-eingaenge-die-das-optimal-uebersehene-raum-machen\/"]}]},{"@type":"ImageObject","inLanguage":"de","@id":"https:\/\/www.strassenweb.de\/nachrichten\/wenn-sie-einen-raum-faerben-machen-sie-diesen-einen-5-farblich-zentrierte-eingaenge-die-das-optimal-uebersehene-raum-machen\/#primaryimage","url":"https:\/\/www.strassenweb.de\/nachrichten\/wp-content\/uploads\/2025\/02\/Wenn-Sie-einen-Raum-faerben-machen-Sie-diesen-einen-5-farblich.jpg","contentUrl":"https:\/\/www.strassenweb.de\/nachrichten\/wp-content\/uploads\/2025\/02\/Wenn-Sie-einen-Raum-faerben-machen-Sie-diesen-einen-5-farblich.jpg","width":1200,"height":675,"caption":"Wenn Sie einen Raum f\u00e4rben, machen Sie diesen einen-5 farblich zentrierte Eing\u00e4nge, die das optimal \u00fcbersehene Raum machen"},{"@type":"BreadcrumbList","@id":"https:\/\/www.strassenweb.de\/nachrichten\/wenn-sie-einen-raum-faerben-machen-sie-diesen-einen-5-farblich-zentrierte-eingaenge-die-das-optimal-uebersehene-raum-machen\/#breadcrumb","itemListElement":[{"@type":"ListItem","position":1,"name":"Home","item":"https:\/\/www.strassenweb.de\/nachrichten\/"},{"@type":"ListItem","position":2,"name":"Wenn Sie einen Raum f\u00e4rben, machen Sie diesen einen-5 farblich zentrierte Eing\u00e4nge, die das optimal \u00fcbersehene Raum machen"}]},{"@type":"WebSite","@id":"https:\/\/www.strassenweb.de\/nachrichten\/#website","url":"https:\/\/www.strassenweb.de\/nachrichten\/","name":"Stra\u00dfenweb","description":"Stra\u00dfenverzeichnis f\u00fcr Deutschland","publisher":{"@id":"https:\/\/www.strassenweb.de\/nachrichten\/#organization"},"potentialAction":[{"@type":"SearchAction","target":{"@type":"EntryPoint","urlTemplate":"https:\/\/www.strassenweb.de\/nachrichten\/?s={search_term_string}"},"query-input":{"@type":"PropertyValueSpecification","valueRequired":true,"valueName":"search_term_string"}}],"inLanguage":"de"},{"@type":"Organization","@id":"https:\/\/www.strassenweb.de\/nachrichten\/#organization","name":"Stra\u00dfenweb","url":"https:\/\/www.strassenweb.de\/nachrichten\/","logo":{"@type":"ImageObject","inLanguage":"de","@id":"https:\/\/www.strassenweb.de\/nachrichten\/#\/schema\/logo\/image\/","url":"https:\/\/www.strassenweb.de\/nachrichten\/wp-content\/uploads\/2024\/09\/cropped-favicon.png","contentUrl":"https:\/\/www.strassenweb.de\/nachrichten\/wp-content\/uploads\/2024\/09\/cropped-favicon.png","width":512,"height":512,"caption":"Stra\u00dfenweb"},"image":{"@id":"https:\/\/www.strassenweb.de\/nachrichten\/#\/schema\/logo\/image\/"},"sameAs":["https:\/\/www.facebook.com\/strassenweb\/"]},{"@type":"Person","@id":"https:\/\/www.strassenweb.de\/nachrichten\/#\/schema\/person\/87c9c9067f1211da429a744dc5a5aa41","name":"Robert Hoffmann","image":{"@type":"ImageObject","inLanguage":"de","@id":"https:\/\/www.strassenweb.de\/nachrichten\/wp-content\/uploads\/2024\/09\/strassenweb-150x150.jpg","url":"https:\/\/www.strassenweb.de\/nachrichten\/wp-content\/uploads\/2024\/09\/strassenweb-150x150.jpg","contentUrl":"https:\/\/www.strassenweb.de\/nachrichten\/wp-content\/uploads\/2024\/09\/strassenweb-150x150.jpg","caption":"Robert Hoffmann"},"description":"Ich hei\u00dfe Robert Hoffmann und ich bin ein leidenschaftlicher Verfechter von \u00d6kologie und Biodiversit\u00e4t. Seit meiner Kindheit in den W\u00e4ldern Bayerns f\u00fchle ich mich mit der Natur verbunden und bin entschlossen, sie zu sch\u00fctzen. Heute widme ich mein Leben der Sensibilisierung anderer f\u00fcr die Bedeutung des Umweltschutzes f\u00fcr zuk\u00fcnftige Generationen.","sameAs":["https:\/\/www.strassenweb.de\/"]}]}},"_links":{"self":[{"href":"https:\/\/www.strassenweb.de\/nachrichten\/wp-json\/wp\/v2\/posts\/3095","targetHints":{"allow":["GET"]}}],"collection":[{"href":"https:\/\/www.strassenweb.de\/nachrichten\/wp-json\/wp\/v2\/posts"}],"about":[{"href":"https:\/\/www.strassenweb.de\/nachrichten\/wp-json\/wp\/v2\/types\/post"}],"author":[{"embeddable":true,"href":"https:\/\/www.strassenweb.de\/nachrichten\/wp-json\/wp\/v2\/users\/1"}],"replies":[{"embeddable":true,"href":"https:\/\/www.strassenweb.de\/nachrichten\/wp-json\/wp\/v2\/comments?post=3095"}],"version-history":[{"count":0,"href":"https:\/\/www.strassenweb.de\/nachrichten\/wp-json\/wp\/v2\/posts\/3095\/revisions"}],"wp:featuredmedia":[{"embeddable":true,"href":"https:\/\/www.strassenweb.de\/nachrichten\/wp-json\/wp\/v2\/media\/3096"}],"wp:attachment":[{"href":"https:\/\/www.strassenweb.de\/nachrichten\/wp-json\/wp\/v2\/media?parent=3095"}],"wp:term":[{"taxonomy":"category","embeddable":true,"href":"https:\/\/www.strassenweb.de\/nachrichten\/wp-json\/wp\/v2\/categories?post=3095"},{"taxonomy":"post_tag","embeddable":true,"href":"https:\/\/www.strassenweb.de\/nachrichten\/wp-json\/wp\/v2\/tags?post=3095"}],"curies":[{"name":"wp","href":"https:\/\/api.w.org\/{rel}","templated":true}]}}