{"id":3086,"date":"2025-02-02T23:45:30","date_gmt":"2025-02-02T22:45:30","guid":{"rendered":"https:\/\/www.strassenweb.de\/nachrichten\/5-trends-die-wir-fuer-zeitlos-hielten-die-designer-tatsaechlich-bedauern-nachzukommen\/"},"modified":"2025-02-02T23:45:39","modified_gmt":"2025-02-02T22:45:39","slug":"5-trends-die-wir-fuer-zeitlos-hielten-die-designer-tatsaechlich-bedauern-nachzukommen","status":"publish","type":"post","link":"https:\/\/www.strassenweb.de\/nachrichten\/5-trends-die-wir-fuer-zeitlos-hielten-die-designer-tatsaechlich-bedauern-nachzukommen\/","title":{"rendered":"5 Trends, die wir f\u00fcr zeitlos hielten, die Designer tats\u00e4chlich bedauern, nachzukommen"},"content":{"rendered":"<p><\/p>\n<div id=\"article-body\" class=\"article__body \">\n<p>Ein zeitloses Interieur erh\u00e4lt immer die Genehmigungssiegel f\u00fcr professionelles Designer. Sie sind nicht nur eine kluge Investition, sondern auch dauerhafte Entw\u00fcrfe \u00fcberschreiten die kurzlebige Anziehungskraft von Faddy-Trends und bieten ein st\u00e4ndig schickes Zuhause, das stilvolle Attraktivit\u00e4t f\u00fcr die Ewigkeit verspricht. (Denken Sie an: Marmorplatten, klassische Wainscoting und neutrale Farbpaletten.) Die Frage ist, woher wir wissen, wann eine neue Idee den Status des Trends \u00fcbertrifft und Teil des Designkanons wird?<\/p>\n<div id=\"ad-unit-1\" class=\"ad-unit\"><\/div>\n<p>Wir sind nicht die Antwort. Deshalb scheinbar viele beliebte Trends <em>de rigueur<\/em> Bald werden Ideen, die Designer bedauern. Auch ein dauerhafter Trend kann zu einem Innenarchitekten werden<em> <\/em>Faux Pas praktisch \u00fcber Nacht. Nur weil eine Designidee einen Moment im Rampenlicht genie\u00dft, wird sie in den Augen der Designer nicht automatisch gesch\u00e4tzt. Es dauert Jahre, bis zeitlose Designs ihre Streifen verdienen.<\/p>\n<aside class=\"hawk-nest\" data-block-type=\"embed\" data-render-type=\"fte\" data-skip=\"dealsy\" data-widget-type=\"seasonal\">\n<div class=\"hawk-master-widget-hawk-base-wrapper\"><\/div>\n<\/aside>\n<p>In den letzten Jahren wurden eine Welle von Innenarchitekten hervorgebracht, die Zeitlosigkeit von Boucl\u00e9 -Polster bis hin zu Messingakzenten behaupten. Nur eine Frage von Monaten auf der ganzen Linie, und die Genehmigung von Designer ist nachl\u00e4sst. Ich m\u00f6chte herausfinden, welche angeblich zeitlosen Stile jetzt sind <em>passe? <\/em>Hier sind f\u00fcnf Trends Designer, die es bedauern.<\/p>\n<div id=\"desktop-in-article\" class=\"in-article ad-unit\">\n<div id=\"desktop-taboola-mid-article\"><\/div>\n<\/div>\n<div id=\"mobile-in-article\" class=\"in-article ad-unit\">\n<div id=\"mobile-taboola-mid-article\"><\/div>\n<\/div>\n<h3 class=\"article-body__section\" id=\"section-1-shiplap\"><span>1. Shiplap<\/span><\/h3>\n<figure class=\"van-image-figure inline-layout \" data-bordeaux-image-check>\n<div class=\"image-full-width-wrapper\">\n<div class=\"image-widthsetter\" style=\"max-width:2000px;\"><\/div>\n<\/div>\n<\/figure>\n<p>Es gab eine Zeit, in der Shiplap eine unangreifbare Designauswahl war. Von Bauernk\u00fcchen und rustikaler Boho-inspirierter Schlafzimmer bis hin zu nautischen Badezimmern und Wohnzimmer im Scandi-Stil gab es keinen Platz in dem Haus, wo diese Holzvert\u00e4felung nicht geh\u00f6rte. Seine Vielseitigkeit f\u00fchrte viele Design-Sorgfalt als zeitloser Innenarchitektur-Stil zum Stempelstempel. Jetzt ist es jedoch mit Millennial Grey auf der Liste der \u00fcbertriebenen Ideen.<\/p>\n<div class=\"van_vid_carousel\">\n<div class=\"van_vid_carousel__padding\">\n<div class=\"van_vid_carousel__container\"><\/div>\n<\/div>\n<\/div>\n<p>&#8222;Shiplap, wenn er in eine geeignete Umgebung und mit einiger sorgf\u00e4ltiger Bearbeitung platziert wird, kann warm, interessant und angemessen sein&#8220;, bemerkt die Innenarchitektin Thiara Borges Dananberg von Studio Borges. \u201eIn den letzten Jahren scheint es jedoch au\u00dfer Kontrolle geraten zu sein und \u00fcberall aufzutauchen &#8211; vor allem mit dem vertriebenen modernen Bauernhaustrend. Es wird einfach m\u00fcde und verd\u00fcnnt. &#8218;<\/p>\n<div id=\"ad-unit-2\" class=\"ad-unit\"><\/div>\n<p>Davon abgesehen kann die Verkleidung noch Platz in unseren H\u00e4usern haben. Der Trick besteht darin, es in Ma\u00dfen zu verwenden. Es gibt auch viele kreativere M\u00f6glichkeiten, um ein charakteristisches Zuhause zu dekorieren: beispielsweise weniger wei\u00dfgewaschene Schiffsw\u00e4nde und mehr Zungen- und Nutzverbinder als Backsplash. Oder verwenden Sie eine kr\u00e4ftige Farbe in einem hochgl\u00e4nzenden Finish f\u00fcr eine gewagtere Idee, die Ihrem Raum Pers\u00f6nlichkeit verleiht.<\/p>\n<h3 class=\"article-body__section\" id=\"section-2-accent-walls\"><span>2. Akzentmauern<\/span><\/h3>\n<figure class=\"van-image-figure inline-layout \" data-bordeaux-image-check>\n<div class=\"image-full-width-wrapper\">\n<div class=\"image-widthsetter\" style=\"max-width:2000px;\"><\/div>\n<\/div>\n<\/figure>\n<p>Akzentw\u00e4nde sind seit einiger Zeit ein Streitpunkt in der Designwelt. W\u00e4hrend viele von vielen f\u00fcr ihre illusorischen Effekte und ihre F\u00e4higkeit geliebt werden, einen Schwerpunkt in einen Raum zu bringen, werden sie auch von anderen verabscheut, die beschuldigt werden, mit einem Raum auszugehen. Die Jury ist immer noch nicht, ob sie eine stilvolle Idee sind oder nicht (das Urteil, das sich auf jeder individuellen Basis \u00e4ndert), aber eines ist sicher, dass sie nicht so zeitlos sind, wie wir es einmal f\u00fcr sie dachten.<\/p>\n<p>&#8222;Akzentmauern f\u00fchlen sich nicht kontrolliert&#8220;, bemerkt Ansley Majit aus dem in San Francisco ans\u00e4ssigen Studio Lark + Palm. Anstelle einer einzigen Akzentwand besteht eine Designidee mit mehr Langlebigkeit darin, eine kr\u00e4ftige Farbe oder eine Wandverkleidung \u00fcber alle vier W\u00e4nde (und sogar die Decke) zu verwenden. &#8222;Ich sehe, dass mehr Leute in eine Farbe oder ein Muster eintauchen und ich liebe es&#8220;, sagt Ansley.<\/p>\n<p>Der in New York ans\u00e4ssige Designer Paris Forino stimmt zu: \u201eEine wundersch\u00f6ne Wandbedeckung ist am wirkungsvollsten, wenn der gesamte Raum darin eingekapselt ist. Anstatt nur eine Wand in einem kr\u00e4ftigen Druck zu bedecken, der durch massive W\u00e4nde stark kontrastiert wird, entscheiden Sie sich f\u00fcr etwas Weichere, das nicht zu besch\u00e4ftigt ist, sodass Sie sich sicher f\u00fchlen k\u00f6nnen, dass Sie den gesamten Raum bedecken. &#8218;<\/p>\n<h3 class=\"article-body__section\" id=\"section-3-stark-white-kitchens\"><span>3.. Starke wei\u00dfe K\u00fcchen <\/span><\/h3>\n<figure class=\"van-image-figure inline-layout \" data-bordeaux-image-check>\n<div class=\"image-full-width-wrapper\">\n<div class=\"image-widthsetter\" style=\"max-width:6318px;\"><\/div>\n<\/div>\n<\/figure>\n<p>Es ist nicht zu leugnen, dass die anhaltende Anziehungskraft von Neutralen. Farbtrends kommen und gehen, aber eine Palette von Wei\u00dfen, Taupes und Browns bleibt immer relevant. Bemerkenswerterweise ist die Einfachheit von Stark White alleine nicht die zeitlose Designidee, von der wir dachten, dass sie es sein w\u00fcrde.<\/p>\n<p>Es ist ein Anblick, den Sie oft in K\u00fcchen sehen w\u00fcrden: wei\u00dfe W\u00e4nde und Schr\u00e4nke mit wei\u00dfen Quarz -Arbeitsplatten f\u00fcr eine saubere, minimale \u00c4sthetik. Aber wenn sie zu stark eingesetzt werden, haben helle Wei\u00dfe ein kaltes, klinisches Gef\u00fchl, das in Ungnade gefallen ist (wenn es zu Beginn sogar in das war). &#8222;Es ist einfach zu schwer und ich sehe wirklich alles weich und w\u00e4rmen&#8220;, erkl\u00e4rt Ansley.<\/p>\n<p>W\u00e4rmere Wei\u00dfe mit rosa oder gelben Untert\u00f6nen sind stattdessen die Standardauswahl f\u00fcr abh\u00e4ngige W\u00e4nde. (Auch Magnolia ist wieder \u00f6ffentlich.) In der K\u00fcche ist eine noch mutigere Verwendung von Farbe im Trend mit zeitlosen Farben wie Marine, Burgund und Forest Green, die f\u00fcr die Langlebigkeit verwendet werden.<\/p>\n<p>&#8222;Hellwei\u00df, monochrome K\u00fcchen sehen auch&#8220; vom Regal &#8222;aus, erkl\u00e4rt Paris. &#8222;Ein nachdenklicher Schatten wie ein Taupe oder ein einfaches helles Holz ist wirksam, wenn Sie neutral bleiben m\u00f6chten, da es mehr entworfen aussieht, aber keine Angst vor Farbe in der K\u00fcche haben.&#8220;<\/p>\n<h3 class=\"article-body__section\" id=\"section-4-boucle\"><span>4. Boucl\u00e9<\/span><\/h3>\n<figure class=\"van-image-figure inline-layout \" data-bordeaux-image-check>\n<div class=\"image-full-width-wrapper\">\n<div class=\"image-widthsetter\" style=\"max-width:3360px;\"><\/div>\n<\/div>\n<\/figure>\n<p>Es gab 2024 keinen entkommenen Boucl\u00e9. Das Material war \u00fcberall, und es wurde verwendet, um unsere Polsterung gem\u00fctlich und tr\u00f6sten zu verleihen, w\u00e4hrend er noch erh\u00f6ht und schick aussah. Es wurde so allt\u00e4glich, dass es f\u00fcr Zeitlosigkeit bestimmt schien. Aber wie viele hochfliegende Trends wurde es jetzt \u00fcbertrieben, aufgewaschen und wie ein abgenutztes Sofa abgenutzt.<\/p>\n<p>Es ist eine klischeehafte Qualit\u00e4t ist jedoch nicht alles, was schuld ist. Boucl\u00e9 ist alles andere als praktisch und ist ein Magnet f\u00fcr Schmutz, Staub und Haare. Kombinieren Sie das mit dem \u00dcberbeanspruchung und es ist ein Trenddesigner, das sicherlich bereut. &#8222;Ich hoffe, der Boucl\u00e9 -Stofftrend ist auf dem Weg nach drau\u00dfen&#8220;, sagt Laura Elliott von raffinierten Innenr\u00e4umen. &#8222;Ich verstehe, dass es f\u00fcr eine Weile etwas anderes war, aber ich denke, es war kurzlebig und hoffe, dass wir daran vorbeigehen werden.&#8220;<\/p>\n<p>Also, was ersetzt Boucl\u00e9? &#8222;Ich mag es, Mohair f\u00fcr Polsterung zu spezifizieren, n\u00e4mlich f\u00fcr seinen sch\u00f6nen Glanz und seinen gl\u00e4nzenden Glanz&#8220;, schl\u00e4gt Paris vor (ein Beispiel, von dem Sie im obigen Raum sehen k\u00f6nnen). &#8222;Es ist zeitlos im Vergleich zu so etwas wie Boucl\u00e9 aufgrund seiner \u00fcberlegenen Haltbarkeit und des klassischen, vielseitigen Looks, der gut zu einem beliebigen Raumstil passt, von modern bis traditionell.&#8220;<\/p>\n<h3 class=\"article-body__section\" id=\"section-5-over-curation\"><span>5. \u00dcber die Kuration <\/span><\/h3>\n<figure class=\"van-image-figure inline-layout \" data-bordeaux-image-check>\n<div class=\"image-full-width-wrapper\">\n<div class=\"image-widthsetter\" style=\"max-width:2000px;\"><\/div>\n<\/div>\n<\/figure>\n<p>\u00dcber materielle und farbige Trends hinaus kann die grundlegende Art und Weise, wie wir dekorieren, eine bestimmte zeitlose Qualit\u00e4t haben. Vor nicht allzu langer Zeit waren kuratierte R\u00e4ume der letzte Wut, wo jedes Zubeh\u00f6r ber\u00fccksichtigt wurde und jede Platzierung beabsichtigt war. Mit solch makellosen Entw\u00fcrfen schien eine dauerhafte Relevanz unbestreitbar zu sein, aber der Sand der Zeit hat das Gegenteil erwiesen.<\/p>\n<p>&#8222;Viele Designer bedauern, \u00fcberm\u00e4\u00dfig kuratierte R\u00e4ume geschaffen zu haben.&#8220;<em> <\/em>sagt Ansley. &#8222;Es f\u00fchrt zu H\u00e4usern, die zu&#8220; gestaltet &#8222;aussehen und Sterilit\u00e4t schafft.&#8220; F\u00fcr einen Look, der wohl zeitloser ist, dekorieren wir auf eine Weise, die pers\u00f6nlicher und vielseitiger ist und es uns erm\u00f6glicht, einem Zuhause Charakter zu verleihen.<\/p>\n<p>&#8222;Dies l\u00e4sst so viel Gelegenheit, Ihre eigenen Vorlieben, Sch\u00e4tze und Leidenschaften auszudr\u00fccken&#8220;, erkl\u00e4rt Thiara. &#8222;Es geht nicht so sehr um einen Kopier- und Paste -Look, sondern um einen lebhaften und gem\u00fctlichen Ausdruck von Selbst mit etwas lustiger Antike, die in die Mischung geworfen werden, und ich pers\u00f6nlich glaube, dass das bei sich bleiben muss!&#8220;<\/p>\n<p>Es ist schwer zu entscheiden, welche Designideen als zeitlos klassifizieren. Immerhin erfordert der wirkliche Test der Zeit Geduld. Bevor Sie sich in den n\u00e4chsten &#8222;zeitlosen&#8220; Trend kaufen, k\u00f6nnte es sich lohnen, etwas l\u00e4nger zu warten.<\/p>\n<div class=\"product-container hero-product-container product-block-no-wrap\"><\/div>\n<hr>\n<p>So datieren sich sogar &#8222;zeitlose&#8220; Trends. Aber wirklich, wenn Sie ein Zuhause entwerfen m\u00f6chten, das nie datiert, ist der Schl\u00fcssel, nicht wirklich den Trends zu folgen und einfach so zu dekorieren, wie Sie es lieben. Auf diese Weise wird Ihr Zuhause unabh\u00e4ngig von Trends, die kommen und gehen, immer Ihren pers\u00f6nlichen Stil widerspiegeln, und \u201eTrends\u201c werden nicht einmal eine Rolle spielen.<\/p>\n<\/div>\n","protected":false},"excerpt":{"rendered":"<p>Ein zeitloses Interieur erh\u00e4lt immer die Genehmigungssiegel f\u00fcr professionelles Designer. Sie sind nicht nur eine kluge Investition, sondern auch dauerhafte Entw\u00fcrfe \u00fcberschreiten die kurzlebige Anziehungskraft<\/p>\n","protected":false},"author":1,"featured_media":3087,"comment_status":"closed","ping_status":"","sticky":false,"template":"","format":"standard","meta":{"footnotes":""},"categories":[118],"tags":[4952,216,9,55,4951,4953,1113,1733,411,3271],"class_list":["post-3086","post","type-post","status-publish","format-standard","has-post-thumbnail","hentry","category-haus-garten","tag-bedauern","tag-designer","tag-die","tag-fuer","tag-hielten","tag-nachzukommen","tag-tatsaechlich","tag-trends","tag-wir","tag-zeitlos","generate-columns","tablet-grid-50","mobile-grid-100","grid-parent","grid-50"],"yoast_head":"<!-- This site is optimized with the Yoast SEO plugin v27.3 - https:\/\/yoast.com\/product\/yoast-seo-wordpress\/ -->\n<title>5 Trends, die wir f\u00fcr zeitlos hielten, die Designer tats\u00e4chlich bedauern, nachzukommen - Nachrichten - Stra\u00dfenweb<\/title>\n<meta name=\"robots\" content=\"index, follow, max-snippet:-1, max-image-preview:large, max-video-preview:-1\" \/>\n<link rel=\"canonical\" href=\"https:\/\/www.strassenweb.de\/nachrichten\/5-trends-die-wir-fuer-zeitlos-hielten-die-designer-tatsaechlich-bedauern-nachzukommen\/\" \/>\n<meta property=\"og:locale\" content=\"de_DE\" \/>\n<meta property=\"og:type\" content=\"article\" \/>\n<meta property=\"og:title\" content=\"5 Trends, die wir f\u00fcr zeitlos hielten, die Designer tats\u00e4chlich bedauern, nachzukommen - Nachrichten - Stra\u00dfenweb\" \/>\n<meta property=\"og:description\" content=\"Ein zeitloses Interieur erh\u00e4lt immer die Genehmigungssiegel f\u00fcr professionelles Designer. Sie sind nicht nur eine kluge Investition, sondern auch dauerhafte Entw\u00fcrfe \u00fcberschreiten die kurzlebige Anziehungskraft\" \/>\n<meta property=\"og:url\" content=\"https:\/\/www.strassenweb.de\/nachrichten\/5-trends-die-wir-fuer-zeitlos-hielten-die-designer-tatsaechlich-bedauern-nachzukommen\/\" \/>\n<meta property=\"og:site_name\" content=\"Stra\u00dfenweb\" \/>\n<meta property=\"article:publisher\" content=\"https:\/\/www.facebook.com\/strassenweb\/\" \/>\n<meta property=\"article:published_time\" content=\"2025-02-02T22:45:30+00:00\" \/>\n<meta property=\"article:modified_time\" content=\"2025-02-02T22:45:39+00:00\" \/>\n<meta property=\"og:image\" content=\"https:\/\/www.strassenweb.de\/nachrichten\/wp-content\/uploads\/2025\/02\/5-Trends-die-wir-fuer-zeitlos-hielten-die-Designer-tatsaechlich.png\" \/>\n\t<meta property=\"og:image:width\" content=\"1200\" \/>\n\t<meta property=\"og:image:height\" content=\"750\" \/>\n\t<meta property=\"og:image:type\" content=\"image\/png\" \/>\n<meta name=\"author\" content=\"Robert Hoffmann\" \/>\n<meta name=\"twitter:card\" content=\"summary_large_image\" \/>\n<meta name=\"twitter:label1\" content=\"Verfasst von\" \/>\n\t<meta name=\"twitter:data1\" content=\"Robert Hoffmann\" \/>\n\t<meta name=\"twitter:label2\" content=\"Gesch\u00e4tzte Lesezeit\" \/>\n\t<meta name=\"twitter:data2\" content=\"7\u00a0Minuten\" \/>\n<script type=\"application\/ld+json\" class=\"yoast-schema-graph\">{\"@context\":\"https:\\\/\\\/schema.org\",\"@graph\":[{\"@type\":\"Article\",\"@id\":\"https:\\\/\\\/www.strassenweb.de\\\/nachrichten\\\/5-trends-die-wir-fuer-zeitlos-hielten-die-designer-tatsaechlich-bedauern-nachzukommen\\\/#article\",\"isPartOf\":{\"@id\":\"https:\\\/\\\/www.strassenweb.de\\\/nachrichten\\\/5-trends-die-wir-fuer-zeitlos-hielten-die-designer-tatsaechlich-bedauern-nachzukommen\\\/\"},\"author\":{\"name\":\"Robert Hoffmann\",\"@id\":\"https:\\\/\\\/www.strassenweb.de\\\/nachrichten\\\/#\\\/schema\\\/person\\\/87c9c9067f1211da429a744dc5a5aa41\"},\"headline\":\"5 Trends, die wir f\u00fcr zeitlos hielten, die Designer tats\u00e4chlich bedauern, nachzukommen\",\"datePublished\":\"2025-02-02T22:45:30+00:00\",\"dateModified\":\"2025-02-02T22:45:39+00:00\",\"mainEntityOfPage\":{\"@id\":\"https:\\\/\\\/www.strassenweb.de\\\/nachrichten\\\/5-trends-die-wir-fuer-zeitlos-hielten-die-designer-tatsaechlich-bedauern-nachzukommen\\\/\"},\"wordCount\":1369,\"publisher\":{\"@id\":\"https:\\\/\\\/www.strassenweb.de\\\/nachrichten\\\/#organization\"},\"image\":{\"@id\":\"https:\\\/\\\/www.strassenweb.de\\\/nachrichten\\\/5-trends-die-wir-fuer-zeitlos-hielten-die-designer-tatsaechlich-bedauern-nachzukommen\\\/#primaryimage\"},\"thumbnailUrl\":\"https:\\\/\\\/www.strassenweb.de\\\/nachrichten\\\/wp-content\\\/uploads\\\/2025\\\/02\\\/5-Trends-die-wir-fuer-zeitlos-hielten-die-Designer-tatsaechlich.png\",\"keywords\":[\"bedauern\",\"Designer\",\"die\",\"f\u00fcr\",\"hielten\",\"nachzukommen\",\"tats\u00e4chlich\",\"Trends\",\"wir\",\"zeitlos\"],\"articleSection\":[\"Haus &amp; Garten\"],\"inLanguage\":\"de\"},{\"@type\":\"WebPage\",\"@id\":\"https:\\\/\\\/www.strassenweb.de\\\/nachrichten\\\/5-trends-die-wir-fuer-zeitlos-hielten-die-designer-tatsaechlich-bedauern-nachzukommen\\\/\",\"url\":\"https:\\\/\\\/www.strassenweb.de\\\/nachrichten\\\/5-trends-die-wir-fuer-zeitlos-hielten-die-designer-tatsaechlich-bedauern-nachzukommen\\\/\",\"name\":\"5 Trends, die wir f\u00fcr zeitlos hielten, die Designer tats\u00e4chlich bedauern, nachzukommen - Nachrichten - Stra\u00dfenweb\",\"isPartOf\":{\"@id\":\"https:\\\/\\\/www.strassenweb.de\\\/nachrichten\\\/#website\"},\"primaryImageOfPage\":{\"@id\":\"https:\\\/\\\/www.strassenweb.de\\\/nachrichten\\\/5-trends-die-wir-fuer-zeitlos-hielten-die-designer-tatsaechlich-bedauern-nachzukommen\\\/#primaryimage\"},\"image\":{\"@id\":\"https:\\\/\\\/www.strassenweb.de\\\/nachrichten\\\/5-trends-die-wir-fuer-zeitlos-hielten-die-designer-tatsaechlich-bedauern-nachzukommen\\\/#primaryimage\"},\"thumbnailUrl\":\"https:\\\/\\\/www.strassenweb.de\\\/nachrichten\\\/wp-content\\\/uploads\\\/2025\\\/02\\\/5-Trends-die-wir-fuer-zeitlos-hielten-die-Designer-tatsaechlich.png\",\"datePublished\":\"2025-02-02T22:45:30+00:00\",\"dateModified\":\"2025-02-02T22:45:39+00:00\",\"breadcrumb\":{\"@id\":\"https:\\\/\\\/www.strassenweb.de\\\/nachrichten\\\/5-trends-die-wir-fuer-zeitlos-hielten-die-designer-tatsaechlich-bedauern-nachzukommen\\\/#breadcrumb\"},\"inLanguage\":\"de\",\"potentialAction\":[{\"@type\":\"ReadAction\",\"target\":[\"https:\\\/\\\/www.strassenweb.de\\\/nachrichten\\\/5-trends-die-wir-fuer-zeitlos-hielten-die-designer-tatsaechlich-bedauern-nachzukommen\\\/\"]}]},{\"@type\":\"ImageObject\",\"inLanguage\":\"de\",\"@id\":\"https:\\\/\\\/www.strassenweb.de\\\/nachrichten\\\/5-trends-die-wir-fuer-zeitlos-hielten-die-designer-tatsaechlich-bedauern-nachzukommen\\\/#primaryimage\",\"url\":\"https:\\\/\\\/www.strassenweb.de\\\/nachrichten\\\/wp-content\\\/uploads\\\/2025\\\/02\\\/5-Trends-die-wir-fuer-zeitlos-hielten-die-Designer-tatsaechlich.png\",\"contentUrl\":\"https:\\\/\\\/www.strassenweb.de\\\/nachrichten\\\/wp-content\\\/uploads\\\/2025\\\/02\\\/5-Trends-die-wir-fuer-zeitlos-hielten-die-Designer-tatsaechlich.png\",\"width\":1200,\"height\":750,\"caption\":\"5 Trends, die wir f\u00fcr zeitlos hielten, die Designer tats\u00e4chlich bedauern, nachzukommen\"},{\"@type\":\"BreadcrumbList\",\"@id\":\"https:\\\/\\\/www.strassenweb.de\\\/nachrichten\\\/5-trends-die-wir-fuer-zeitlos-hielten-die-designer-tatsaechlich-bedauern-nachzukommen\\\/#breadcrumb\",\"itemListElement\":[{\"@type\":\"ListItem\",\"position\":1,\"name\":\"Home\",\"item\":\"https:\\\/\\\/www.strassenweb.de\\\/nachrichten\\\/\"},{\"@type\":\"ListItem\",\"position\":2,\"name\":\"5 Trends, die wir f\u00fcr zeitlos hielten, die Designer tats\u00e4chlich bedauern, nachzukommen\"}]},{\"@type\":\"WebSite\",\"@id\":\"https:\\\/\\\/www.strassenweb.de\\\/nachrichten\\\/#website\",\"url\":\"https:\\\/\\\/www.strassenweb.de\\\/nachrichten\\\/\",\"name\":\"Stra\u00dfenweb\",\"description\":\"Stra\u00dfenverzeichnis f\u00fcr Deutschland\",\"publisher\":{\"@id\":\"https:\\\/\\\/www.strassenweb.de\\\/nachrichten\\\/#organization\"},\"potentialAction\":[{\"@type\":\"SearchAction\",\"target\":{\"@type\":\"EntryPoint\",\"urlTemplate\":\"https:\\\/\\\/www.strassenweb.de\\\/nachrichten\\\/?s={search_term_string}\"},\"query-input\":{\"@type\":\"PropertyValueSpecification\",\"valueRequired\":true,\"valueName\":\"search_term_string\"}}],\"inLanguage\":\"de\"},{\"@type\":\"Organization\",\"@id\":\"https:\\\/\\\/www.strassenweb.de\\\/nachrichten\\\/#organization\",\"name\":\"Stra\u00dfenweb\",\"url\":\"https:\\\/\\\/www.strassenweb.de\\\/nachrichten\\\/\",\"logo\":{\"@type\":\"ImageObject\",\"inLanguage\":\"de\",\"@id\":\"https:\\\/\\\/www.strassenweb.de\\\/nachrichten\\\/#\\\/schema\\\/logo\\\/image\\\/\",\"url\":\"https:\\\/\\\/www.strassenweb.de\\\/nachrichten\\\/wp-content\\\/uploads\\\/2024\\\/09\\\/cropped-favicon.png\",\"contentUrl\":\"https:\\\/\\\/www.strassenweb.de\\\/nachrichten\\\/wp-content\\\/uploads\\\/2024\\\/09\\\/cropped-favicon.png\",\"width\":512,\"height\":512,\"caption\":\"Stra\u00dfenweb\"},\"image\":{\"@id\":\"https:\\\/\\\/www.strassenweb.de\\\/nachrichten\\\/#\\\/schema\\\/logo\\\/image\\\/\"},\"sameAs\":[\"https:\\\/\\\/www.facebook.com\\\/strassenweb\\\/\"]},{\"@type\":\"Person\",\"@id\":\"https:\\\/\\\/www.strassenweb.de\\\/nachrichten\\\/#\\\/schema\\\/person\\\/87c9c9067f1211da429a744dc5a5aa41\",\"name\":\"Robert Hoffmann\",\"image\":{\"@type\":\"ImageObject\",\"inLanguage\":\"de\",\"@id\":\"https:\\\/\\\/www.strassenweb.de\\\/nachrichten\\\/wp-content\\\/uploads\\\/2024\\\/09\\\/strassenweb-150x150.jpg\",\"url\":\"https:\\\/\\\/www.strassenweb.de\\\/nachrichten\\\/wp-content\\\/uploads\\\/2024\\\/09\\\/strassenweb-150x150.jpg\",\"contentUrl\":\"https:\\\/\\\/www.strassenweb.de\\\/nachrichten\\\/wp-content\\\/uploads\\\/2024\\\/09\\\/strassenweb-150x150.jpg\",\"caption\":\"Robert Hoffmann\"},\"description\":\"Ich hei\u00dfe Robert Hoffmann und ich bin ein leidenschaftlicher Verfechter von \u00d6kologie und Biodiversit\u00e4t. Seit meiner Kindheit in den W\u00e4ldern Bayerns f\u00fchle ich mich mit der Natur verbunden und bin entschlossen, sie zu sch\u00fctzen. Heute widme ich mein Leben der Sensibilisierung anderer f\u00fcr die Bedeutung des Umweltschutzes f\u00fcr zuk\u00fcnftige Generationen.\",\"sameAs\":[\"https:\\\/\\\/www.strassenweb.de\\\/\"]}]}<\/script>\n<!-- \/ Yoast SEO plugin. -->","yoast_head_json":{"title":"5 Trends, die wir f\u00fcr zeitlos hielten, die Designer tats\u00e4chlich bedauern, nachzukommen - Nachrichten - Stra\u00dfenweb","robots":{"index":"index","follow":"follow","max-snippet":"max-snippet:-1","max-image-preview":"max-image-preview:large","max-video-preview":"max-video-preview:-1"},"canonical":"https:\/\/www.strassenweb.de\/nachrichten\/5-trends-die-wir-fuer-zeitlos-hielten-die-designer-tatsaechlich-bedauern-nachzukommen\/","og_locale":"de_DE","og_type":"article","og_title":"5 Trends, die wir f\u00fcr zeitlos hielten, die Designer tats\u00e4chlich bedauern, nachzukommen - Nachrichten - Stra\u00dfenweb","og_description":"Ein zeitloses Interieur erh\u00e4lt immer die Genehmigungssiegel f\u00fcr professionelles Designer. Sie sind nicht nur eine kluge Investition, sondern auch dauerhafte Entw\u00fcrfe \u00fcberschreiten die kurzlebige Anziehungskraft","og_url":"https:\/\/www.strassenweb.de\/nachrichten\/5-trends-die-wir-fuer-zeitlos-hielten-die-designer-tatsaechlich-bedauern-nachzukommen\/","og_site_name":"Stra\u00dfenweb","article_publisher":"https:\/\/www.facebook.com\/strassenweb\/","article_published_time":"2025-02-02T22:45:30+00:00","article_modified_time":"2025-02-02T22:45:39+00:00","og_image":[{"width":1200,"height":750,"url":"https:\/\/www.strassenweb.de\/nachrichten\/wp-content\/uploads\/2025\/02\/5-Trends-die-wir-fuer-zeitlos-hielten-die-Designer-tatsaechlich.png","type":"image\/png"}],"author":"Robert Hoffmann","twitter_card":"summary_large_image","twitter_misc":{"Verfasst von":"Robert Hoffmann","Gesch\u00e4tzte Lesezeit":"7\u00a0Minuten"},"schema":{"@context":"https:\/\/schema.org","@graph":[{"@type":"Article","@id":"https:\/\/www.strassenweb.de\/nachrichten\/5-trends-die-wir-fuer-zeitlos-hielten-die-designer-tatsaechlich-bedauern-nachzukommen\/#article","isPartOf":{"@id":"https:\/\/www.strassenweb.de\/nachrichten\/5-trends-die-wir-fuer-zeitlos-hielten-die-designer-tatsaechlich-bedauern-nachzukommen\/"},"author":{"name":"Robert Hoffmann","@id":"https:\/\/www.strassenweb.de\/nachrichten\/#\/schema\/person\/87c9c9067f1211da429a744dc5a5aa41"},"headline":"5 Trends, die wir f\u00fcr zeitlos hielten, die Designer tats\u00e4chlich bedauern, nachzukommen","datePublished":"2025-02-02T22:45:30+00:00","dateModified":"2025-02-02T22:45:39+00:00","mainEntityOfPage":{"@id":"https:\/\/www.strassenweb.de\/nachrichten\/5-trends-die-wir-fuer-zeitlos-hielten-die-designer-tatsaechlich-bedauern-nachzukommen\/"},"wordCount":1369,"publisher":{"@id":"https:\/\/www.strassenweb.de\/nachrichten\/#organization"},"image":{"@id":"https:\/\/www.strassenweb.de\/nachrichten\/5-trends-die-wir-fuer-zeitlos-hielten-die-designer-tatsaechlich-bedauern-nachzukommen\/#primaryimage"},"thumbnailUrl":"https:\/\/www.strassenweb.de\/nachrichten\/wp-content\/uploads\/2025\/02\/5-Trends-die-wir-fuer-zeitlos-hielten-die-Designer-tatsaechlich.png","keywords":["bedauern","Designer","die","f\u00fcr","hielten","nachzukommen","tats\u00e4chlich","Trends","wir","zeitlos"],"articleSection":["Haus &amp; Garten"],"inLanguage":"de"},{"@type":"WebPage","@id":"https:\/\/www.strassenweb.de\/nachrichten\/5-trends-die-wir-fuer-zeitlos-hielten-die-designer-tatsaechlich-bedauern-nachzukommen\/","url":"https:\/\/www.strassenweb.de\/nachrichten\/5-trends-die-wir-fuer-zeitlos-hielten-die-designer-tatsaechlich-bedauern-nachzukommen\/","name":"5 Trends, die wir f\u00fcr zeitlos hielten, die Designer tats\u00e4chlich bedauern, nachzukommen - Nachrichten - Stra\u00dfenweb","isPartOf":{"@id":"https:\/\/www.strassenweb.de\/nachrichten\/#website"},"primaryImageOfPage":{"@id":"https:\/\/www.strassenweb.de\/nachrichten\/5-trends-die-wir-fuer-zeitlos-hielten-die-designer-tatsaechlich-bedauern-nachzukommen\/#primaryimage"},"image":{"@id":"https:\/\/www.strassenweb.de\/nachrichten\/5-trends-die-wir-fuer-zeitlos-hielten-die-designer-tatsaechlich-bedauern-nachzukommen\/#primaryimage"},"thumbnailUrl":"https:\/\/www.strassenweb.de\/nachrichten\/wp-content\/uploads\/2025\/02\/5-Trends-die-wir-fuer-zeitlos-hielten-die-Designer-tatsaechlich.png","datePublished":"2025-02-02T22:45:30+00:00","dateModified":"2025-02-02T22:45:39+00:00","breadcrumb":{"@id":"https:\/\/www.strassenweb.de\/nachrichten\/5-trends-die-wir-fuer-zeitlos-hielten-die-designer-tatsaechlich-bedauern-nachzukommen\/#breadcrumb"},"inLanguage":"de","potentialAction":[{"@type":"ReadAction","target":["https:\/\/www.strassenweb.de\/nachrichten\/5-trends-die-wir-fuer-zeitlos-hielten-die-designer-tatsaechlich-bedauern-nachzukommen\/"]}]},{"@type":"ImageObject","inLanguage":"de","@id":"https:\/\/www.strassenweb.de\/nachrichten\/5-trends-die-wir-fuer-zeitlos-hielten-die-designer-tatsaechlich-bedauern-nachzukommen\/#primaryimage","url":"https:\/\/www.strassenweb.de\/nachrichten\/wp-content\/uploads\/2025\/02\/5-Trends-die-wir-fuer-zeitlos-hielten-die-Designer-tatsaechlich.png","contentUrl":"https:\/\/www.strassenweb.de\/nachrichten\/wp-content\/uploads\/2025\/02\/5-Trends-die-wir-fuer-zeitlos-hielten-die-Designer-tatsaechlich.png","width":1200,"height":750,"caption":"5 Trends, die wir f\u00fcr zeitlos hielten, die Designer tats\u00e4chlich bedauern, nachzukommen"},{"@type":"BreadcrumbList","@id":"https:\/\/www.strassenweb.de\/nachrichten\/5-trends-die-wir-fuer-zeitlos-hielten-die-designer-tatsaechlich-bedauern-nachzukommen\/#breadcrumb","itemListElement":[{"@type":"ListItem","position":1,"name":"Home","item":"https:\/\/www.strassenweb.de\/nachrichten\/"},{"@type":"ListItem","position":2,"name":"5 Trends, die wir f\u00fcr zeitlos hielten, die Designer tats\u00e4chlich bedauern, nachzukommen"}]},{"@type":"WebSite","@id":"https:\/\/www.strassenweb.de\/nachrichten\/#website","url":"https:\/\/www.strassenweb.de\/nachrichten\/","name":"Stra\u00dfenweb","description":"Stra\u00dfenverzeichnis f\u00fcr Deutschland","publisher":{"@id":"https:\/\/www.strassenweb.de\/nachrichten\/#organization"},"potentialAction":[{"@type":"SearchAction","target":{"@type":"EntryPoint","urlTemplate":"https:\/\/www.strassenweb.de\/nachrichten\/?s={search_term_string}"},"query-input":{"@type":"PropertyValueSpecification","valueRequired":true,"valueName":"search_term_string"}}],"inLanguage":"de"},{"@type":"Organization","@id":"https:\/\/www.strassenweb.de\/nachrichten\/#organization","name":"Stra\u00dfenweb","url":"https:\/\/www.strassenweb.de\/nachrichten\/","logo":{"@type":"ImageObject","inLanguage":"de","@id":"https:\/\/www.strassenweb.de\/nachrichten\/#\/schema\/logo\/image\/","url":"https:\/\/www.strassenweb.de\/nachrichten\/wp-content\/uploads\/2024\/09\/cropped-favicon.png","contentUrl":"https:\/\/www.strassenweb.de\/nachrichten\/wp-content\/uploads\/2024\/09\/cropped-favicon.png","width":512,"height":512,"caption":"Stra\u00dfenweb"},"image":{"@id":"https:\/\/www.strassenweb.de\/nachrichten\/#\/schema\/logo\/image\/"},"sameAs":["https:\/\/www.facebook.com\/strassenweb\/"]},{"@type":"Person","@id":"https:\/\/www.strassenweb.de\/nachrichten\/#\/schema\/person\/87c9c9067f1211da429a744dc5a5aa41","name":"Robert Hoffmann","image":{"@type":"ImageObject","inLanguage":"de","@id":"https:\/\/www.strassenweb.de\/nachrichten\/wp-content\/uploads\/2024\/09\/strassenweb-150x150.jpg","url":"https:\/\/www.strassenweb.de\/nachrichten\/wp-content\/uploads\/2024\/09\/strassenweb-150x150.jpg","contentUrl":"https:\/\/www.strassenweb.de\/nachrichten\/wp-content\/uploads\/2024\/09\/strassenweb-150x150.jpg","caption":"Robert Hoffmann"},"description":"Ich hei\u00dfe Robert Hoffmann und ich bin ein leidenschaftlicher Verfechter von \u00d6kologie und Biodiversit\u00e4t. Seit meiner Kindheit in den W\u00e4ldern Bayerns f\u00fchle ich mich mit der Natur verbunden und bin entschlossen, sie zu sch\u00fctzen. Heute widme ich mein Leben der Sensibilisierung anderer f\u00fcr die Bedeutung des Umweltschutzes f\u00fcr zuk\u00fcnftige Generationen.","sameAs":["https:\/\/www.strassenweb.de\/"]}]}},"_links":{"self":[{"href":"https:\/\/www.strassenweb.de\/nachrichten\/wp-json\/wp\/v2\/posts\/3086","targetHints":{"allow":["GET"]}}],"collection":[{"href":"https:\/\/www.strassenweb.de\/nachrichten\/wp-json\/wp\/v2\/posts"}],"about":[{"href":"https:\/\/www.strassenweb.de\/nachrichten\/wp-json\/wp\/v2\/types\/post"}],"author":[{"embeddable":true,"href":"https:\/\/www.strassenweb.de\/nachrichten\/wp-json\/wp\/v2\/users\/1"}],"replies":[{"embeddable":true,"href":"https:\/\/www.strassenweb.de\/nachrichten\/wp-json\/wp\/v2\/comments?post=3086"}],"version-history":[{"count":0,"href":"https:\/\/www.strassenweb.de\/nachrichten\/wp-json\/wp\/v2\/posts\/3086\/revisions"}],"wp:featuredmedia":[{"embeddable":true,"href":"https:\/\/www.strassenweb.de\/nachrichten\/wp-json\/wp\/v2\/media\/3087"}],"wp:attachment":[{"href":"https:\/\/www.strassenweb.de\/nachrichten\/wp-json\/wp\/v2\/media?parent=3086"}],"wp:term":[{"taxonomy":"category","embeddable":true,"href":"https:\/\/www.strassenweb.de\/nachrichten\/wp-json\/wp\/v2\/categories?post=3086"},{"taxonomy":"post_tag","embeddable":true,"href":"https:\/\/www.strassenweb.de\/nachrichten\/wp-json\/wp\/v2\/tags?post=3086"}],"curies":[{"name":"wp","href":"https:\/\/api.w.org\/{rel}","templated":true}]}}