{"id":3083,"date":"2025-02-02T20:08:29","date_gmt":"2025-02-02T19:08:29","guid":{"rendered":"https:\/\/www.strassenweb.de\/nachrichten\/ich-habe-jahre-damit-verbracht-die-kondensation-der-fenster-zu-bekaempfen-dann-erwies-ich\/"},"modified":"2025-02-02T20:08:30","modified_gmt":"2025-02-02T19:08:30","slug":"ich-habe-jahre-damit-verbracht-die-kondensation-der-fenster-zu-bekaempfen-dann-erwies-ich","status":"publish","type":"post","link":"https:\/\/www.strassenweb.de\/nachrichten\/ich-habe-jahre-damit-verbracht-die-kondensation-der-fenster-zu-bekaempfen-dann-erwies-ich\/","title":{"rendered":"Ich habe Jahre damit verbracht, die Kondensation der Fenster zu bek\u00e4mpfen-dann erwies ich"},"content":{"rendered":"<div id=\"article-body\" class=\"article__body \">\n<p>Ich habe drei Jahre in meinem Haus gelebt und die meiste Zeit damit verbracht, feuchte Tr\u00f6pfchen an meinen Fenstern zu k\u00e4mpfen. Das war, bis ich den Hack der Sch\u00fcssel -Seifenfensterkondensation entdeckte.<\/p>\n<div id=\"ad-unit-1\" class=\"ad-unit\"><\/div>\n<p>Nachdem ich es \u00fcber zwei Monate lang verwendet habe, kann ich best\u00e4tigen, dass es sich um einen Spielver\u00e4nderer und ein Zeitsperrverh\u00e4ltnis handelt. Reinigungsversuche sind sich auch einig, dass es eine kluge M\u00f6glichkeit ist, das Problem anzugehen. Sie haben Top -Tipps zum Ausprobieren geteilt und ich habe die erforderlichen Schritte durchlaufen und die Vor- und Nachteile abgewogen.<\/p>\n<aside class=\"hawk-nest\" data-block-type=\"embed\" data-render-type=\"fte\" data-skip=\"dealsy\" data-widget-type=\"seasonal\">\n<div class=\"hawk-master-widget-hawk-base-wrapper\"><\/div>\n<\/aside>\n<p>Wenn Sie die Fensterkondensation schnell und effektiv loswerden m\u00f6chten, kann ich diesen Trick nicht genug empfehlen.<\/p>\n<div id=\"desktop-in-article\" class=\"in-article ad-unit\">\n<div id=\"desktop-taboola-mid-article\"><\/div>\n<\/div>\n<div id=\"mobile-in-article\" class=\"in-article ad-unit\">\n<div id=\"mobile-taboola-mid-article\"><\/div>\n<\/div>\n<h2 id=\"what-is-the-dish-soap-window-condensation-hack-3\">Was ist der Hack f\u00fcr Kondensation des Schalenseifenfensters?<\/h2>\n<p>Dieser Hack beinhaltet das Auftragen von Dish -Seife auf ein Fenster mit einem Tuch und inderte ihn auf den gesamten betroffenen Abschnitt. Dies ist eine gro\u00dfartige M\u00f6glichkeit, die Kondensation zu stoppen, die sich unter Fenstern bilden.<\/p>\n<div class=\"van_vid_carousel\">\n<div class=\"van_vid_carousel__padding\">\n<div class=\"van_vid_carousel__container\"><\/div>\n<\/div>\n<\/div>\n<p>Joy Ramos, Reinigungsexperte bei Bear Brothers Cleaning, sagt: \u201eEs funktioniert, weil das oberfl\u00e4chenaktive Mittel, dass die Schalenseife enth\u00e4lt, die Oberfl\u00e4chenspannung von Wasser reduziert. Dies verhindert, dass sich Feuchtigkeit in Tr\u00f6pfchen bildet und Nebel oder Kondensation auf dem Glas erzeugt. Stattdessen breitet sich die Feuchtigkeit in einer unsichtbaren Schicht aus und h\u00e4lt die Fenster klar. &#8218;<\/p>\n<div id=\"ad-unit-2\" class=\"ad-unit\"><\/div>\n<p>Bei der Verwendung von Dish -Seife zum Reinigen von Fenstern ist einer der wichtigsten Aspekte, die Sie ber\u00fccksichtigen sollten, welche Art von Seife Sie verwenden.<\/p>\n<p>Muffetta Krueger, Reinigungsexperte und Gr\u00fcnderin von Muffettas Housekeeping, erkl\u00e4rt: &#8222;Entscheiden Sie sich f\u00fcr eine einfache Sch\u00fcsselseife ohne zus\u00e4tzliche Farbstoffe oder harte Chemikalien, um R\u00fcckst\u00e4nde zu vermeiden.&#8220; Zum Beispiel ist die Palmolive Dish Seife von Amazon duftfrei und aus 100% biologisch abbaubare Reinigungszutaten hergestellt.<\/p>\n<p>Sie k\u00f6nnen auch nat\u00fcrliche Kastilienseife zum Reinigen im ganzen Haus verwenden. Es ist ein ungiftiges Zuhause, das aus nat\u00fcrlichen \u00d6len hergestellt wurde und f\u00fcr Ihre Haut und Ihr Haar sanft genug ist und sicher ist, um Kinder und Haustiere zu verwenden.<\/p>\n<p>Wenn Sie den Hack von Dish Soap an Ihren Fenstern verwenden, ist es wichtig, nicht zu viel zu verwenden, da dies Streifen oder Blasen verhindert, die beide gro\u00dfe Fensterreinigungsfehler sind. &#8222;Ich mische einen Teel\u00f6ffel Schalenseife pro Liter Wasser&#8220;, erkl\u00e4rt Freude.<\/p>\n<p>Von hier aus spr\u00fchen Sie es einfach auf Ihr Tuch oder Ihr Schwamm, polieren Ihre Fenster und polieren dann wieder mit einem trockenen Tuch, um \u00fcbersch\u00fcssige Fl\u00fcssigkeit zu l\u00f6schen und Streifen zu vermeiden. Dies trocknet dann als wasserabweichende Schicht.<\/p>\n<p>Muffetta f\u00e4hrt fort: &#8222;Der Seifenfilm wird schlie\u00dflich nachlassen, also werden sie alle paar Wochen oder nach Bedarf wieder in k\u00e4lteren Monaten anwenden.&#8220;<\/p>\n<h3 class=\"article-body__section\" id=\"section-how-to-do-it\"><span>Wie es geht<\/span><\/h3>\n<div id=\"slice-container-imageGallery-5e5NjPf6nQp9Q8UPd9Tzqj-bqMPpmsCIGIV0I31LBbaTqNXl5DW7QUG\" class=\"slice-container imageGallery-wrapper imageGallery-5e5NjPf6nQp9Q8UPd9Tzqj-bqMPpmsCIGIV0I31LBbaTqNXl5DW7QUG slice-container-imageGallery\">\n<div data-hydrate=\"true\" class=\"inline-gallery first-slide-only\">\n<div class=\"inline-gallery__count\">Bild <!-- -->1<!-- --> von <!-- -->1<\/div>\n<div class=\"inline-gallery__arrows show\">\n<div class=\"arrows__arrows-inner\">\n<div data-testid=\"arrow-click-left\" class=\"arrows__left disable\" data-analytics-id=\"gallery-see-more\"><svg xmlns=\"http:\/\/www.w3.org\/2000\/svg\" viewbox=\"0 0 32 32\" width=\"32\" height=\"32\"><path d=\"M4.2 0l25.6 16.011L4.2 32V0z\"><\/path><\/svg><\/div>\n<div data-testid=\"arrow-click-right\" class=\"arrows__right disable\" data-analytics-id=\"gallery-see-more\"><svg xmlns=\"http:\/\/www.w3.org\/2000\/svg\" viewbox=\"0 0 32 32\" width=\"32\" height=\"32\"><path d=\"M4.2 0l25.6 16.011L4.2 32V0z\"><\/path><\/svg><\/div>\n<\/div>\n<\/div>\n<div style=\"overflow-x:hidden\" class=\"inline-gallery__items\">\n<div style=\"-webkit-flex-direction:row;flex-direction:row;-webkit-transition:all 0s ease 0s;transition:all 0s ease 0s;-webkit-transform:translate(0%, 0);transform:translate(0%, 0);direction:ltr;display:flex;will-change:transform\" class=\"react-swipeable-view-container\">\n<div style=\"width:100%;-webkit-flex-shrink:0;flex-shrink:0;overflow:auto\" aria-hidden=\"false\" data-swipeable=\"true\">\n<div class=\"items__item\">\n<div class=\"item__image-cont\">\n<div class=\"image-cont__image\">\n<figure class=\"image-wrapped__wrapper\" data-bordeaux-image-check=\"false\">\n<div class=\"image-wrapped__widthsetter\" style=\"max-width:2000px\">\n<div class=\"image-wrapped__aspect-padding\" style=\"padding-bottom:120%\">\n<div style=\"display:contents\"><picture data-hydrate=\"true\"><source class=\"image-wrapped__image image__image\" type=\"image\/webp\"   data-normal=\"https:\/\/vanilla.futurecdn.net\/cyclingnews\/media\/img\/missing-image.svg\" data-original-mos=\"https:\/\/www.strassenweb.de\/nachrichten\/wp-content\/uploads\/2025\/02\/UrkuqP7A3rj7s9WpgVE58Q.jpg\" data-pin-media=\"https:\/\/www.strassenweb.de\/nachrichten\/wp-content\/uploads\/2025\/02\/UrkuqP7A3rj7s9WpgVE58Q.jpg\" data-pin-nopin=\"true\" data-slice-image=\"true\"><\/source><source class=\"image-wrapped__image image__image\" type=\"image\/jpeg\"   data-normal=\"https:\/\/vanilla.futurecdn.net\/cyclingnews\/media\/img\/missing-image.svg\" data-original-mos=\"https:\/\/www.strassenweb.de\/nachrichten\/wp-content\/uploads\/2025\/02\/UrkuqP7A3rj7s9WpgVE58Q.jpg\" data-pin-media=\"https:\/\/www.strassenweb.de\/nachrichten\/wp-content\/uploads\/2025\/02\/UrkuqP7A3rj7s9WpgVE58Q.jpg\" data-pin-nopin=\"true\" data-slice-image=\"true\"><\/source><\/picture><\/div>\n<\/div>\n<\/div>\n<\/figure>\n<\/div>\n<p><button class=\"image-cont__expand\" data-testid=\"expandButton\" data-analytics-id=\"gallery-expand-image\"><svg xmlns=\"http:\/\/www.w3.org\/2000\/svg\" width=\"32\" height=\"32\" viewbox=\"0 0 32 32\"><path d=\"M31.557 12.067L31.773 0 19.791.213l.05 3.216 6.225-.115-7.347 7.39 2.422 2.434 7.34-7.382-.108 6.213 3.184.098zM.215 19.903L0 31.97l11.984-.213-.05-3.217-6.225.113 7.348-7.388-2.42-2.436-7.34 7.383L3.402 20l-3.187-.098zM20.004 31.704L32 32.001l-.293-12.059-3.195.03.154 6.263-7.396-7.44-2.407 2.42 7.389 7.43-6.174-.148-.074 3.207zM12.213.33L.22.034l.293 12.059 3.195-.032-.152-6.26 7.394 7.438 2.404-2.418L5.967 3.39l6.174.15.072-3.209z\"><\/path><\/svg><\/button><\/div>\n<div class=\"item__description\"><\/div>\n<\/div>\n<\/div>\n<\/div>\n<\/div>\n<\/div>\n<\/div>\n<ul>\n<li><strong>Schritt 1:<\/strong> Wischen Sie eine vorhandene Kondensation von Ihren Fenstern ab. Ich benutze die Homexcel-Microfaser-Reinigungsstoffe von Amazon, da sie fusselfrei und kratzfrei sind (au\u00dferdem lassen die Farben meine Reinigungsmittel so stilvoll aussehen).<\/li>\n<li><strong>Schritt 2: <\/strong>Erstellen Sie Ihre L\u00f6sung f\u00fcr die Reinigungsl\u00f6sung f\u00fcr Gerichtseife. Joy Ramos empfiehlt, einen Teel\u00f6ffel Schalenseife pro Liter Wasser in einer Spr\u00fchflasche zu mischen. Ich legte meine in eine Glassprayflasche, die den Glassprayflaschen von Walmart \u00e4hnelt, da sie wiederverwendbar und leicht zu reinigen ist.<\/li>\n<li><strong>Schritt 3: <\/strong>Spritzt dies auf Ihr Mikrofaser -Reinigungsstoff. Ich mache dies, anstatt die Fl\u00fcssigkeit direkt auf die Fenster aufzutragen, da dies \u00fcbersch\u00fcssige Fl\u00fcssigkeit in Ihrem Fenster vermieden wird.<\/li>\n<li><strong>Schritt 4:<\/strong> Verwenden Sie Ihr Tuch, um die Mischung mit sanften kreisf\u00f6rmigen Bewegungen auf das Fenster zu polieren.<\/li>\n<li><strong>Schritt 5: <\/strong>Buff das Fenster mit einem sauberen, trockenen Tuch, um sichtbare Streifen zu entfernen.<\/li>\n<li><strong>Schritt 6: <\/strong>Trocknen lassen. <br \/><strong>Schritt 7:<\/strong> Behalten Sie Ihre Fenster im Auge. Der Seifenfilm wird irgendwann nachlassen. Stellen Sie also sicher, dass Sie bei Bedarf &#8211; insbesondere in k\u00e4lteren Monaten, erneut anwenden.<\/li>\n<\/ul>\n<h3 class=\"article-body__section\" id=\"section-pros-and-cons\"><span>F\u00fcr und Wider<\/span><\/h3>\n<p><strong>Die Profis: <\/strong>Ich finde es toll, dass dieser Hack keine zus\u00e4tzlichen Produkte kaufen muss. Alles, was Sie brauchen, ist Sch\u00fcsselseife, Reinigungskleider und eine Spr\u00fchflasche. Es ist auch super zeitlich effizient-es hat unter f\u00fcnf Minuten gebraucht<\/p>\n<p>Im Gegensatz zur Verwendung schwerer chemischer L\u00f6sungen hatte die verd\u00fcnnte Seife und die Wassermischung einen sch\u00f6nen Duft und verlie\u00df mein Zimmer mit einem frischen Duft, sodass sich herausstellte, dass es eine einfache und unerwartete Art war, mein Haus gut zu riechen.<\/p>\n<p>Es hat mich auch vor dem Ausf\u00fchren von Luftentfeuchter wie dem Bestseller -Tabyik -Entfeuchter von Amazon jeden Tag gerettet. Dies ist viel energieeffizienter.<\/p>\n<p><strong>Die Nachteile: <\/strong>Der Seifenfilm hinterl\u00e4sst ein leicht schmutziges Erscheinungsbild unter den Fenstern. Ich habe nichts dagegen, da ich in meinem Schlafzimmer nur \u00fcber Nacht Kondensation \u00fcber Nacht zu Kondensation bekomme, aber wenn Sie dies an einen Ort f\u00fcr G\u00e4ste wie den Wohnbereich oder die K\u00fcche anwenden, ist dies m\u00f6glicherweise ein Problem f\u00fcr Sie.<\/p>\n<p>Das letzte, was man sich bewusst ist, ist, auch wenn dies die Versammlung der Kondensation in Ihren Fenstern beendet, sondern die Luftfeuchtigkeit in Ihrem Haus nicht verringert. Wenn Sie nicht an die Ursache der Kondensation kommen, kann es sich m\u00f6glicherweise an anderer Stelle im Raum sammeln und Ihr Zuhause m\u00f6glicherweise ein erh\u00f6htes Schimmelrisiko verlassen.<\/p>\n<p>Erstellen Sie Feuchtigkeitskan\u00e4le und verwenden Sie einfache Entfeuchtungsmethoden wie strategische Platzierung von Feuchtigkeitsabsorbing -Taschen, die bei Walmart in der N\u00e4he von Fenstern erh\u00e4ltlich sind, oder die t\u00e4gliche \u201eSto\u00dfdateilung\u201c, um die Ursache der Kondensation zu verringern.<\/p>\n<h3 class=\"article-body__section\" id=\"section-my-verdict\"><span>Mein Urteil<\/span><\/h3>\n<figure class=\"van-image-figure inline-layout \" data-bordeaux-image-check>\n<div class=\"image-full-width-wrapper\">\n<div class=\"image-widthsetter\" style=\"max-width:2000px;\"><\/div>\n<\/div>\n<\/figure>\n<p>Ich gebe die Sch\u00fcssel Seifenfensterkondensation ein festes 8\/10. Ich benutze das in den letzten zwei Monaten und fand die Methode sehr effektiv. Ich mag es, weil es mich unter f\u00fcnf Minuten dauert, bis ich pro Fenster gef\u00fchrt habe und es bedeutet, dass ich viel weniger Zeit damit verbracht habe, schwarze Schimmel aus meinen Fensterrahmen loszuwerden.<\/p>\n<p>Ich musste die Seifenschicht w\u00e4hrend dieser Zeit zweimal erneut beantragen, aber ich habe dies im Winter getestet. Dies kann in w\u00e4rmeren Monaten seltener sein, wenn Kondensation weniger h\u00e4ufiger ist und die ordnungsgem\u00e4\u00dfe Bel\u00fcftung leicht zu halten.<\/p>\n<p>Dies ist zwar ein super Weg, um die Bildung l\u00e4stiger Tr\u00f6pfchen zu verhindern, aber es erh\u00e4lt nicht die volle 10\/10 von mir, da es mit anderen Techniken kombiniert werden muss, um zu verhindern, dass Feuchtigkeit im Raum ausbreitet.<\/p>\n<p>Joy Ramos sagt: &#8222;Ich \u00f6ffne Fenster, um den Luftstrom im Raum zu erh\u00f6hen und die allgemeine Luftfeuchtigkeit zu verringern.&#8220;<\/p>\n<p>Ich mache dies tags\u00fcber und f\u00fchre meinen vertrauensw\u00fcrdigen Luftentfeuchter direkt neben dem Fenster aus. Wenn Sie alle Wasser zwischen Seifenschichtanwendungen bilden, k\u00f6nnen Sie auch versuchen, Fensterstaubsauger zu verwenden, um Kondensation noch weiter zu kondensieren.<\/p>\n<h2 class=\"article-body__section\" id=\"section-what-to-shop\"><span>Was einkaufen<\/span><\/h2>\n<div class=\"product-container hero-product-container product-block-no-wrap\"><\/div>\n<hr>\n<p>Ich verbringe so viel weniger Zeit mit Kondensation dank dieses Hacks von TSEAP SOAP. Jetzt kann ich mich auf meine Fr\u00fchlingsreinigungs -Checkliste konzentrieren.<\/p>\n<p>F\u00fcr diejenigen, die weniger besorgt \u00fcber Kondensation und mehr besorgt \u00fcber Schmutz sind, k\u00f6nnen Sie stattdessen den &#8222;Pink &#038; Blink Window Cleaning Hack&#8220; probieren, der perfekt f\u00fcr die Bek\u00e4mpfung des Wintergrime geeignet ist.<\/p>\n<\/div>\n","protected":false},"excerpt":{"rendered":"<p>Ich habe drei Jahre in meinem Haus gelebt und die meiste Zeit damit verbracht, feuchte Tr\u00f6pfchen an meinen Fenstern zu k\u00e4mpfen. Das war, bis ich<\/p>\n","protected":false},"author":1,"featured_media":3084,"comment_status":"closed","ping_status":"","sticky":false,"template":"","format":"standard","meta":{"footnotes":""},"categories":[118],"tags":[4949,598,81,9,4950,428,823,129,831,3855,1731],"class_list":["post-3083","post","type-post","status-publish","format-standard","has-post-thumbnail","hentry","category-haus-garten","tag-bekaempfendann","tag-damit","tag-der","tag-die","tag-erwies","tag-fenster","tag-habe","tag-ich","tag-jahre","tag-kondensation","tag-verbracht","generate-columns","tablet-grid-50","mobile-grid-100","grid-parent","grid-50"],"yoast_head":"<!-- This site is optimized with the Yoast SEO plugin v27.3 - https:\/\/yoast.com\/product\/yoast-seo-wordpress\/ -->\n<title>Ich habe Jahre damit verbracht, die Kondensation der Fenster zu bek\u00e4mpfen-dann erwies ich - Nachrichten - Stra\u00dfenweb<\/title>\n<meta name=\"robots\" content=\"index, follow, max-snippet:-1, max-image-preview:large, max-video-preview:-1\" \/>\n<link rel=\"canonical\" href=\"https:\/\/www.strassenweb.de\/nachrichten\/ich-habe-jahre-damit-verbracht-die-kondensation-der-fenster-zu-bekaempfen-dann-erwies-ich\/\" \/>\n<meta property=\"og:locale\" content=\"de_DE\" \/>\n<meta property=\"og:type\" content=\"article\" \/>\n<meta property=\"og:title\" content=\"Ich habe Jahre damit verbracht, die Kondensation der Fenster zu bek\u00e4mpfen-dann erwies ich - Nachrichten - Stra\u00dfenweb\" \/>\n<meta property=\"og:description\" content=\"Ich habe drei Jahre in meinem Haus gelebt und die meiste Zeit damit verbracht, feuchte Tr\u00f6pfchen an meinen Fenstern zu k\u00e4mpfen. Das war, bis ich\" \/>\n<meta property=\"og:url\" content=\"https:\/\/www.strassenweb.de\/nachrichten\/ich-habe-jahre-damit-verbracht-die-kondensation-der-fenster-zu-bekaempfen-dann-erwies-ich\/\" \/>\n<meta property=\"og:site_name\" content=\"Stra\u00dfenweb\" \/>\n<meta property=\"article:publisher\" content=\"https:\/\/www.facebook.com\/strassenweb\/\" \/>\n<meta property=\"article:published_time\" content=\"2025-02-02T19:08:29+00:00\" \/>\n<meta property=\"article:modified_time\" content=\"2025-02-02T19:08:30+00:00\" \/>\n<meta property=\"og:image\" content=\"https:\/\/www.strassenweb.de\/nachrichten\/wp-content\/uploads\/2025\/02\/Ich-habe-Jahre-damit-verbracht-die-Kondensation-der-Fenster-zu.jpg\" \/>\n\t<meta property=\"og:image:width\" content=\"1200\" \/>\n\t<meta property=\"og:image:height\" content=\"675\" \/>\n\t<meta property=\"og:image:type\" content=\"image\/jpeg\" \/>\n<meta name=\"author\" content=\"Robert Hoffmann\" \/>\n<meta name=\"twitter:card\" content=\"summary_large_image\" \/>\n<meta name=\"twitter:label1\" content=\"Verfasst von\" \/>\n\t<meta name=\"twitter:data1\" content=\"Robert Hoffmann\" \/>\n\t<meta name=\"twitter:label2\" content=\"Gesch\u00e4tzte Lesezeit\" \/>\n\t<meta name=\"twitter:data2\" content=\"6\u00a0Minuten\" \/>\n<script type=\"application\/ld+json\" class=\"yoast-schema-graph\">{\"@context\":\"https:\\\/\\\/schema.org\",\"@graph\":[{\"@type\":\"Article\",\"@id\":\"https:\\\/\\\/www.strassenweb.de\\\/nachrichten\\\/ich-habe-jahre-damit-verbracht-die-kondensation-der-fenster-zu-bekaempfen-dann-erwies-ich\\\/#article\",\"isPartOf\":{\"@id\":\"https:\\\/\\\/www.strassenweb.de\\\/nachrichten\\\/ich-habe-jahre-damit-verbracht-die-kondensation-der-fenster-zu-bekaempfen-dann-erwies-ich\\\/\"},\"author\":{\"name\":\"Robert Hoffmann\",\"@id\":\"https:\\\/\\\/www.strassenweb.de\\\/nachrichten\\\/#\\\/schema\\\/person\\\/87c9c9067f1211da429a744dc5a5aa41\"},\"headline\":\"Ich habe Jahre damit verbracht, die Kondensation der Fenster zu bek\u00e4mpfen-dann erwies ich\",\"datePublished\":\"2025-02-02T19:08:29+00:00\",\"dateModified\":\"2025-02-02T19:08:30+00:00\",\"mainEntityOfPage\":{\"@id\":\"https:\\\/\\\/www.strassenweb.de\\\/nachrichten\\\/ich-habe-jahre-damit-verbracht-die-kondensation-der-fenster-zu-bekaempfen-dann-erwies-ich\\\/\"},\"wordCount\":1169,\"publisher\":{\"@id\":\"https:\\\/\\\/www.strassenweb.de\\\/nachrichten\\\/#organization\"},\"image\":{\"@id\":\"https:\\\/\\\/www.strassenweb.de\\\/nachrichten\\\/ich-habe-jahre-damit-verbracht-die-kondensation-der-fenster-zu-bekaempfen-dann-erwies-ich\\\/#primaryimage\"},\"thumbnailUrl\":\"https:\\\/\\\/www.strassenweb.de\\\/nachrichten\\\/wp-content\\\/uploads\\\/2025\\\/02\\\/Ich-habe-Jahre-damit-verbracht-die-Kondensation-der-Fenster-zu.jpg\",\"keywords\":[\"bek\u00e4mpfendann\",\"damit\",\"der\",\"die\",\"erwies\",\"Fenster\",\"habe\",\"ich\",\"Jahre\",\"Kondensation\",\"verbracht\"],\"articleSection\":[\"Haus &amp; Garten\"],\"inLanguage\":\"de\"},{\"@type\":\"WebPage\",\"@id\":\"https:\\\/\\\/www.strassenweb.de\\\/nachrichten\\\/ich-habe-jahre-damit-verbracht-die-kondensation-der-fenster-zu-bekaempfen-dann-erwies-ich\\\/\",\"url\":\"https:\\\/\\\/www.strassenweb.de\\\/nachrichten\\\/ich-habe-jahre-damit-verbracht-die-kondensation-der-fenster-zu-bekaempfen-dann-erwies-ich\\\/\",\"name\":\"Ich habe Jahre damit verbracht, die Kondensation der Fenster zu bek\u00e4mpfen-dann erwies ich - Nachrichten - Stra\u00dfenweb\",\"isPartOf\":{\"@id\":\"https:\\\/\\\/www.strassenweb.de\\\/nachrichten\\\/#website\"},\"primaryImageOfPage\":{\"@id\":\"https:\\\/\\\/www.strassenweb.de\\\/nachrichten\\\/ich-habe-jahre-damit-verbracht-die-kondensation-der-fenster-zu-bekaempfen-dann-erwies-ich\\\/#primaryimage\"},\"image\":{\"@id\":\"https:\\\/\\\/www.strassenweb.de\\\/nachrichten\\\/ich-habe-jahre-damit-verbracht-die-kondensation-der-fenster-zu-bekaempfen-dann-erwies-ich\\\/#primaryimage\"},\"thumbnailUrl\":\"https:\\\/\\\/www.strassenweb.de\\\/nachrichten\\\/wp-content\\\/uploads\\\/2025\\\/02\\\/Ich-habe-Jahre-damit-verbracht-die-Kondensation-der-Fenster-zu.jpg\",\"datePublished\":\"2025-02-02T19:08:29+00:00\",\"dateModified\":\"2025-02-02T19:08:30+00:00\",\"breadcrumb\":{\"@id\":\"https:\\\/\\\/www.strassenweb.de\\\/nachrichten\\\/ich-habe-jahre-damit-verbracht-die-kondensation-der-fenster-zu-bekaempfen-dann-erwies-ich\\\/#breadcrumb\"},\"inLanguage\":\"de\",\"potentialAction\":[{\"@type\":\"ReadAction\",\"target\":[\"https:\\\/\\\/www.strassenweb.de\\\/nachrichten\\\/ich-habe-jahre-damit-verbracht-die-kondensation-der-fenster-zu-bekaempfen-dann-erwies-ich\\\/\"]}]},{\"@type\":\"ImageObject\",\"inLanguage\":\"de\",\"@id\":\"https:\\\/\\\/www.strassenweb.de\\\/nachrichten\\\/ich-habe-jahre-damit-verbracht-die-kondensation-der-fenster-zu-bekaempfen-dann-erwies-ich\\\/#primaryimage\",\"url\":\"https:\\\/\\\/www.strassenweb.de\\\/nachrichten\\\/wp-content\\\/uploads\\\/2025\\\/02\\\/Ich-habe-Jahre-damit-verbracht-die-Kondensation-der-Fenster-zu.jpg\",\"contentUrl\":\"https:\\\/\\\/www.strassenweb.de\\\/nachrichten\\\/wp-content\\\/uploads\\\/2025\\\/02\\\/Ich-habe-Jahre-damit-verbracht-die-Kondensation-der-Fenster-zu.jpg\",\"width\":1200,\"height\":675,\"caption\":\"Ich habe Jahre damit verbracht, die Kondensation der Fenster zu bek\u00e4mpfen-dann erwies ich\"},{\"@type\":\"BreadcrumbList\",\"@id\":\"https:\\\/\\\/www.strassenweb.de\\\/nachrichten\\\/ich-habe-jahre-damit-verbracht-die-kondensation-der-fenster-zu-bekaempfen-dann-erwies-ich\\\/#breadcrumb\",\"itemListElement\":[{\"@type\":\"ListItem\",\"position\":1,\"name\":\"Home\",\"item\":\"https:\\\/\\\/www.strassenweb.de\\\/nachrichten\\\/\"},{\"@type\":\"ListItem\",\"position\":2,\"name\":\"Ich habe Jahre damit verbracht, die Kondensation der Fenster zu bek\u00e4mpfen-dann erwies ich\"}]},{\"@type\":\"WebSite\",\"@id\":\"https:\\\/\\\/www.strassenweb.de\\\/nachrichten\\\/#website\",\"url\":\"https:\\\/\\\/www.strassenweb.de\\\/nachrichten\\\/\",\"name\":\"Stra\u00dfenweb\",\"description\":\"Stra\u00dfenverzeichnis f\u00fcr Deutschland\",\"publisher\":{\"@id\":\"https:\\\/\\\/www.strassenweb.de\\\/nachrichten\\\/#organization\"},\"potentialAction\":[{\"@type\":\"SearchAction\",\"target\":{\"@type\":\"EntryPoint\",\"urlTemplate\":\"https:\\\/\\\/www.strassenweb.de\\\/nachrichten\\\/?s={search_term_string}\"},\"query-input\":{\"@type\":\"PropertyValueSpecification\",\"valueRequired\":true,\"valueName\":\"search_term_string\"}}],\"inLanguage\":\"de\"},{\"@type\":\"Organization\",\"@id\":\"https:\\\/\\\/www.strassenweb.de\\\/nachrichten\\\/#organization\",\"name\":\"Stra\u00dfenweb\",\"url\":\"https:\\\/\\\/www.strassenweb.de\\\/nachrichten\\\/\",\"logo\":{\"@type\":\"ImageObject\",\"inLanguage\":\"de\",\"@id\":\"https:\\\/\\\/www.strassenweb.de\\\/nachrichten\\\/#\\\/schema\\\/logo\\\/image\\\/\",\"url\":\"https:\\\/\\\/www.strassenweb.de\\\/nachrichten\\\/wp-content\\\/uploads\\\/2024\\\/09\\\/cropped-favicon.png\",\"contentUrl\":\"https:\\\/\\\/www.strassenweb.de\\\/nachrichten\\\/wp-content\\\/uploads\\\/2024\\\/09\\\/cropped-favicon.png\",\"width\":512,\"height\":512,\"caption\":\"Stra\u00dfenweb\"},\"image\":{\"@id\":\"https:\\\/\\\/www.strassenweb.de\\\/nachrichten\\\/#\\\/schema\\\/logo\\\/image\\\/\"},\"sameAs\":[\"https:\\\/\\\/www.facebook.com\\\/strassenweb\\\/\"]},{\"@type\":\"Person\",\"@id\":\"https:\\\/\\\/www.strassenweb.de\\\/nachrichten\\\/#\\\/schema\\\/person\\\/87c9c9067f1211da429a744dc5a5aa41\",\"name\":\"Robert Hoffmann\",\"image\":{\"@type\":\"ImageObject\",\"inLanguage\":\"de\",\"@id\":\"https:\\\/\\\/www.strassenweb.de\\\/nachrichten\\\/wp-content\\\/uploads\\\/2024\\\/09\\\/strassenweb-150x150.jpg\",\"url\":\"https:\\\/\\\/www.strassenweb.de\\\/nachrichten\\\/wp-content\\\/uploads\\\/2024\\\/09\\\/strassenweb-150x150.jpg\",\"contentUrl\":\"https:\\\/\\\/www.strassenweb.de\\\/nachrichten\\\/wp-content\\\/uploads\\\/2024\\\/09\\\/strassenweb-150x150.jpg\",\"caption\":\"Robert Hoffmann\"},\"description\":\"Ich hei\u00dfe Robert Hoffmann und ich bin ein leidenschaftlicher Verfechter von \u00d6kologie und Biodiversit\u00e4t. Seit meiner Kindheit in den W\u00e4ldern Bayerns f\u00fchle ich mich mit der Natur verbunden und bin entschlossen, sie zu sch\u00fctzen. Heute widme ich mein Leben der Sensibilisierung anderer f\u00fcr die Bedeutung des Umweltschutzes f\u00fcr zuk\u00fcnftige Generationen.\",\"sameAs\":[\"https:\\\/\\\/www.strassenweb.de\\\/\"]}]}<\/script>\n<!-- \/ Yoast SEO plugin. -->","yoast_head_json":{"title":"Ich habe Jahre damit verbracht, die Kondensation der Fenster zu bek\u00e4mpfen-dann erwies ich - Nachrichten - Stra\u00dfenweb","robots":{"index":"index","follow":"follow","max-snippet":"max-snippet:-1","max-image-preview":"max-image-preview:large","max-video-preview":"max-video-preview:-1"},"canonical":"https:\/\/www.strassenweb.de\/nachrichten\/ich-habe-jahre-damit-verbracht-die-kondensation-der-fenster-zu-bekaempfen-dann-erwies-ich\/","og_locale":"de_DE","og_type":"article","og_title":"Ich habe Jahre damit verbracht, die Kondensation der Fenster zu bek\u00e4mpfen-dann erwies ich - Nachrichten - Stra\u00dfenweb","og_description":"Ich habe drei Jahre in meinem Haus gelebt und die meiste Zeit damit verbracht, feuchte Tr\u00f6pfchen an meinen Fenstern zu k\u00e4mpfen. Das war, bis ich","og_url":"https:\/\/www.strassenweb.de\/nachrichten\/ich-habe-jahre-damit-verbracht-die-kondensation-der-fenster-zu-bekaempfen-dann-erwies-ich\/","og_site_name":"Stra\u00dfenweb","article_publisher":"https:\/\/www.facebook.com\/strassenweb\/","article_published_time":"2025-02-02T19:08:29+00:00","article_modified_time":"2025-02-02T19:08:30+00:00","og_image":[{"width":1200,"height":675,"url":"https:\/\/www.strassenweb.de\/nachrichten\/wp-content\/uploads\/2025\/02\/Ich-habe-Jahre-damit-verbracht-die-Kondensation-der-Fenster-zu.jpg","type":"image\/jpeg"}],"author":"Robert Hoffmann","twitter_card":"summary_large_image","twitter_misc":{"Verfasst von":"Robert Hoffmann","Gesch\u00e4tzte Lesezeit":"6\u00a0Minuten"},"schema":{"@context":"https:\/\/schema.org","@graph":[{"@type":"Article","@id":"https:\/\/www.strassenweb.de\/nachrichten\/ich-habe-jahre-damit-verbracht-die-kondensation-der-fenster-zu-bekaempfen-dann-erwies-ich\/#article","isPartOf":{"@id":"https:\/\/www.strassenweb.de\/nachrichten\/ich-habe-jahre-damit-verbracht-die-kondensation-der-fenster-zu-bekaempfen-dann-erwies-ich\/"},"author":{"name":"Robert Hoffmann","@id":"https:\/\/www.strassenweb.de\/nachrichten\/#\/schema\/person\/87c9c9067f1211da429a744dc5a5aa41"},"headline":"Ich habe Jahre damit verbracht, die Kondensation der Fenster zu bek\u00e4mpfen-dann erwies ich","datePublished":"2025-02-02T19:08:29+00:00","dateModified":"2025-02-02T19:08:30+00:00","mainEntityOfPage":{"@id":"https:\/\/www.strassenweb.de\/nachrichten\/ich-habe-jahre-damit-verbracht-die-kondensation-der-fenster-zu-bekaempfen-dann-erwies-ich\/"},"wordCount":1169,"publisher":{"@id":"https:\/\/www.strassenweb.de\/nachrichten\/#organization"},"image":{"@id":"https:\/\/www.strassenweb.de\/nachrichten\/ich-habe-jahre-damit-verbracht-die-kondensation-der-fenster-zu-bekaempfen-dann-erwies-ich\/#primaryimage"},"thumbnailUrl":"https:\/\/www.strassenweb.de\/nachrichten\/wp-content\/uploads\/2025\/02\/Ich-habe-Jahre-damit-verbracht-die-Kondensation-der-Fenster-zu.jpg","keywords":["bek\u00e4mpfendann","damit","der","die","erwies","Fenster","habe","ich","Jahre","Kondensation","verbracht"],"articleSection":["Haus &amp; Garten"],"inLanguage":"de"},{"@type":"WebPage","@id":"https:\/\/www.strassenweb.de\/nachrichten\/ich-habe-jahre-damit-verbracht-die-kondensation-der-fenster-zu-bekaempfen-dann-erwies-ich\/","url":"https:\/\/www.strassenweb.de\/nachrichten\/ich-habe-jahre-damit-verbracht-die-kondensation-der-fenster-zu-bekaempfen-dann-erwies-ich\/","name":"Ich habe Jahre damit verbracht, die Kondensation der Fenster zu bek\u00e4mpfen-dann erwies ich - Nachrichten - Stra\u00dfenweb","isPartOf":{"@id":"https:\/\/www.strassenweb.de\/nachrichten\/#website"},"primaryImageOfPage":{"@id":"https:\/\/www.strassenweb.de\/nachrichten\/ich-habe-jahre-damit-verbracht-die-kondensation-der-fenster-zu-bekaempfen-dann-erwies-ich\/#primaryimage"},"image":{"@id":"https:\/\/www.strassenweb.de\/nachrichten\/ich-habe-jahre-damit-verbracht-die-kondensation-der-fenster-zu-bekaempfen-dann-erwies-ich\/#primaryimage"},"thumbnailUrl":"https:\/\/www.strassenweb.de\/nachrichten\/wp-content\/uploads\/2025\/02\/Ich-habe-Jahre-damit-verbracht-die-Kondensation-der-Fenster-zu.jpg","datePublished":"2025-02-02T19:08:29+00:00","dateModified":"2025-02-02T19:08:30+00:00","breadcrumb":{"@id":"https:\/\/www.strassenweb.de\/nachrichten\/ich-habe-jahre-damit-verbracht-die-kondensation-der-fenster-zu-bekaempfen-dann-erwies-ich\/#breadcrumb"},"inLanguage":"de","potentialAction":[{"@type":"ReadAction","target":["https:\/\/www.strassenweb.de\/nachrichten\/ich-habe-jahre-damit-verbracht-die-kondensation-der-fenster-zu-bekaempfen-dann-erwies-ich\/"]}]},{"@type":"ImageObject","inLanguage":"de","@id":"https:\/\/www.strassenweb.de\/nachrichten\/ich-habe-jahre-damit-verbracht-die-kondensation-der-fenster-zu-bekaempfen-dann-erwies-ich\/#primaryimage","url":"https:\/\/www.strassenweb.de\/nachrichten\/wp-content\/uploads\/2025\/02\/Ich-habe-Jahre-damit-verbracht-die-Kondensation-der-Fenster-zu.jpg","contentUrl":"https:\/\/www.strassenweb.de\/nachrichten\/wp-content\/uploads\/2025\/02\/Ich-habe-Jahre-damit-verbracht-die-Kondensation-der-Fenster-zu.jpg","width":1200,"height":675,"caption":"Ich habe Jahre damit verbracht, die Kondensation der Fenster zu bek\u00e4mpfen-dann erwies ich"},{"@type":"BreadcrumbList","@id":"https:\/\/www.strassenweb.de\/nachrichten\/ich-habe-jahre-damit-verbracht-die-kondensation-der-fenster-zu-bekaempfen-dann-erwies-ich\/#breadcrumb","itemListElement":[{"@type":"ListItem","position":1,"name":"Home","item":"https:\/\/www.strassenweb.de\/nachrichten\/"},{"@type":"ListItem","position":2,"name":"Ich habe Jahre damit verbracht, die Kondensation der Fenster zu bek\u00e4mpfen-dann erwies ich"}]},{"@type":"WebSite","@id":"https:\/\/www.strassenweb.de\/nachrichten\/#website","url":"https:\/\/www.strassenweb.de\/nachrichten\/","name":"Stra\u00dfenweb","description":"Stra\u00dfenverzeichnis f\u00fcr Deutschland","publisher":{"@id":"https:\/\/www.strassenweb.de\/nachrichten\/#organization"},"potentialAction":[{"@type":"SearchAction","target":{"@type":"EntryPoint","urlTemplate":"https:\/\/www.strassenweb.de\/nachrichten\/?s={search_term_string}"},"query-input":{"@type":"PropertyValueSpecification","valueRequired":true,"valueName":"search_term_string"}}],"inLanguage":"de"},{"@type":"Organization","@id":"https:\/\/www.strassenweb.de\/nachrichten\/#organization","name":"Stra\u00dfenweb","url":"https:\/\/www.strassenweb.de\/nachrichten\/","logo":{"@type":"ImageObject","inLanguage":"de","@id":"https:\/\/www.strassenweb.de\/nachrichten\/#\/schema\/logo\/image\/","url":"https:\/\/www.strassenweb.de\/nachrichten\/wp-content\/uploads\/2024\/09\/cropped-favicon.png","contentUrl":"https:\/\/www.strassenweb.de\/nachrichten\/wp-content\/uploads\/2024\/09\/cropped-favicon.png","width":512,"height":512,"caption":"Stra\u00dfenweb"},"image":{"@id":"https:\/\/www.strassenweb.de\/nachrichten\/#\/schema\/logo\/image\/"},"sameAs":["https:\/\/www.facebook.com\/strassenweb\/"]},{"@type":"Person","@id":"https:\/\/www.strassenweb.de\/nachrichten\/#\/schema\/person\/87c9c9067f1211da429a744dc5a5aa41","name":"Robert Hoffmann","image":{"@type":"ImageObject","inLanguage":"de","@id":"https:\/\/www.strassenweb.de\/nachrichten\/wp-content\/uploads\/2024\/09\/strassenweb-150x150.jpg","url":"https:\/\/www.strassenweb.de\/nachrichten\/wp-content\/uploads\/2024\/09\/strassenweb-150x150.jpg","contentUrl":"https:\/\/www.strassenweb.de\/nachrichten\/wp-content\/uploads\/2024\/09\/strassenweb-150x150.jpg","caption":"Robert Hoffmann"},"description":"Ich hei\u00dfe Robert Hoffmann und ich bin ein leidenschaftlicher Verfechter von \u00d6kologie und Biodiversit\u00e4t. Seit meiner Kindheit in den W\u00e4ldern Bayerns f\u00fchle ich mich mit der Natur verbunden und bin entschlossen, sie zu sch\u00fctzen. Heute widme ich mein Leben der Sensibilisierung anderer f\u00fcr die Bedeutung des Umweltschutzes f\u00fcr zuk\u00fcnftige Generationen.","sameAs":["https:\/\/www.strassenweb.de\/"]}]}},"_links":{"self":[{"href":"https:\/\/www.strassenweb.de\/nachrichten\/wp-json\/wp\/v2\/posts\/3083","targetHints":{"allow":["GET"]}}],"collection":[{"href":"https:\/\/www.strassenweb.de\/nachrichten\/wp-json\/wp\/v2\/posts"}],"about":[{"href":"https:\/\/www.strassenweb.de\/nachrichten\/wp-json\/wp\/v2\/types\/post"}],"author":[{"embeddable":true,"href":"https:\/\/www.strassenweb.de\/nachrichten\/wp-json\/wp\/v2\/users\/1"}],"replies":[{"embeddable":true,"href":"https:\/\/www.strassenweb.de\/nachrichten\/wp-json\/wp\/v2\/comments?post=3083"}],"version-history":[{"count":0,"href":"https:\/\/www.strassenweb.de\/nachrichten\/wp-json\/wp\/v2\/posts\/3083\/revisions"}],"wp:featuredmedia":[{"embeddable":true,"href":"https:\/\/www.strassenweb.de\/nachrichten\/wp-json\/wp\/v2\/media\/3084"}],"wp:attachment":[{"href":"https:\/\/www.strassenweb.de\/nachrichten\/wp-json\/wp\/v2\/media?parent=3083"}],"wp:term":[{"taxonomy":"category","embeddable":true,"href":"https:\/\/www.strassenweb.de\/nachrichten\/wp-json\/wp\/v2\/categories?post=3083"},{"taxonomy":"post_tag","embeddable":true,"href":"https:\/\/www.strassenweb.de\/nachrichten\/wp-json\/wp\/v2\/tags?post=3083"}],"curies":[{"name":"wp","href":"https:\/\/api.w.org\/{rel}","templated":true}]}}