{"id":3066,"date":"2025-02-01T19:46:54","date_gmt":"2025-02-01T18:46:54","guid":{"rendered":"https:\/\/www.strassenweb.de\/nachrichten\/die-americana-wandtechnik-im-stil-der-americana-im-stil-von-eva-mendes-ist-eine-unorthodoxe-aber-atemberaubende-art-tiefe-und-charakter-in-einem-raum-zu-verleihen-sagen-designer\/"},"modified":"2025-02-01T19:46:54","modified_gmt":"2025-02-01T18:46:54","slug":"die-americana-wandtechnik-im-stil-der-americana-im-stil-von-eva-mendes-ist-eine-unorthodoxe-aber-atemberaubende-art-tiefe-und-charakter-in-einem-raum-zu-verleihen-sagen-designer","status":"publish","type":"post","link":"https:\/\/www.strassenweb.de\/nachrichten\/die-americana-wandtechnik-im-stil-der-americana-im-stil-von-eva-mendes-ist-eine-unorthodoxe-aber-atemberaubende-art-tiefe-und-charakter-in-einem-raum-zu-verleihen-sagen-designer\/","title":{"rendered":"Die Americana-Wandtechnik im Stil der Americana im Stil von Eva Mendes ist eine unorthodoxe, aber atemberaubende Art, \u201eTiefe und Charakter in einem Raum zu verleihen\u201c, sagen Designer"},"content":{"rendered":"<p><\/p>\n<div id=\"article-body\" class=\"article__body \">\n<p>Wainscoting oder Wandverkleidung ist eine der \u00e4ltesten M\u00f6glichkeiten, um den K\u00fcchenw\u00e4nden visuelles Interesse zu verleihen. Diese strukturierte, manchmal farbenfrohe Dekorationsmethode kann sch\u00f6n sein, wenn es richtig gemacht wird, aber auch veraltet aussehen. Eva Mendes &#8218;Kitchen -Design f\u00e4llt fest in das erste Lager.<\/p>\n<div id=\"ad-unit-1\" class=\"ad-unit\"><\/div>\n<p>Die Waining -Idee von Mendes kombiniert blaue untere W\u00e4nde mit wei\u00dfen oberen W\u00e4nden. Wie auf Instagram hier zu sehen ist, hat sie Kunst h\u00f6her aufgeh\u00e4ngt, um die Farbe der unteren H\u00e4lfte der K\u00fcche in die obere H\u00e4lfte zu reflektieren. Es entspricht herrlich den nat\u00fcrlichen Holzb\u00f6den. Die wei\u00dfen Liniendetails, die durch die Paneele laufen, verbinden sie mit dem oberen Teil der Wand, um einen zusammenh\u00e4ngenden Look zu erhalten. Es ist einzigartig, auff\u00e4llig und originell.<\/p>\n<aside class=\"hawk-nest\" data-block-type=\"embed\" data-render-type=\"fte\" data-skip=\"dealsy\" data-widget-type=\"seasonal\">\n<div class=\"hawk-master-widget-hawk-base-wrapper\"><\/div>\n<\/aside>\n<p>Wir haben uns mit Innenarchitekten beraten, um zu verstehen, warum Mendes &#8218;W\u00e4nde eher verlockend als veraltet aussehen. &#8222;Halbh\u00f6he wird ein einfacher, aber effektiver Weg, um einem Raum Tiefe und Charakter zu verleihen&#8220;, erkl\u00e4rt Melissa Read, Hauptdesignerin bei Studio Burntwood. Die Art und Weise, wie Mendes die Idee der Wandverkleidung ausgef\u00fchrt hat, ist besonders interessant und nickt historische Designstile. Nicholas Kaiko, ein Innenarchitekt in Sydney, erkl\u00e4rt: \u201eDie Blue Lower Panels erinnern sofort an eine Americana-\u00c4sthetik der 1950er Jahre, wobei die knusprige wei\u00dfe Verkleidung die Liebe der \u00c4ra zu hohen kontrastischen und dennoch zug\u00e4nglichen Innenr\u00e4umen verst\u00e4rkt. Der Center Square Boss oder Medaillon in jedem Panel f\u00fchrt eine subtile Anspielung auf Hollywood Regency ein und f\u00fcgt einen Hauch von Verzierungen hinzu, der sich eher bewusst als \u00fcberm\u00e4\u00dfig pingelig anf\u00fchlt. &#8218;<\/p>\n<div id=\"desktop-in-article\" class=\"in-article ad-unit\">\n<div id=\"desktop-taboola-mid-article\"><\/div>\n<\/div>\n<div id=\"mobile-in-article\" class=\"in-article ad-unit\">\n<div id=\"mobile-taboola-mid-article\"><\/div>\n<\/div>\n<div class=\"fb-root\"><\/div>\n<div class=\"fb-post\" data-href=\"https:\/\/www.facebook.com\/EvaMendes\/posts\/pfbid0RxsBHwkjBhsn8RuzkzyRgQicE1ieXw21rBQcwCUiBCYMi3q7HXjw8EWVxpbuVA8kl\" data-width=\"500\">\n<div class=\"fb-xfbml-parse-ignore\">\n<blockquote cite=\"https:\/\/www.facebook.com\/EvaMendes\/posts\/pfbid0RxsBHwkjBhsn8RuzkzyRgQicE1ieXw21rBQcwCUiBCYMi3q7HXjw8EWVxpbuVA8kl\"><p>Gepostet von evamendenes on <\/p><\/blockquote>\n<\/div>\n<\/div>\n<h2 id=\"the-blue-kitchen-edit-3\">Die blaue K\u00fcche bearbeiten<\/h2>\n<p>Wenn jetzt nicht der richtige Zeitpunkt ist, um zu malen, k\u00f6nnen Sie immer noch Pops of Blue in Ihre K\u00fcche einbeziehen, um die Essenz dessen zu nutzen, was diesen Look so attraktiv macht.<\/p>\n<div class=\"van_vid_carousel\">\n<div class=\"van_vid_carousel__padding\">\n<div class=\"van_vid_carousel__container\"><\/div>\n<\/div>\n<\/div>\n<div class=\"product-container hero-product-container product-block-no-wrap\"><\/div>\n<p>Um eine Wand in \u00e4hnlichem Stil zu verhindern, sind Farben unerl\u00e4sslich. &#8222;Um es frisch zu halten, ist Farbe der Schl\u00fcssel&#8220;, erkl\u00e4rt Read. &#8218;Deep, ged\u00e4mpft blau, wie preu\u00dfisch, dauerhaft oder franz\u00f6sische Marine, besonders gut in Wohn- und Essr\u00e4umen und verleiht ein Gef\u00fchl von Tiefe und Atmosph\u00e4re, ohne den Raum zu \u00fcberw\u00e4ltigen. Ein Satin- oder mattes Eierschalen -Finish verhindern, dass es sich zu schwer anf\u00fchlt. Die H\u00f6he sollte normalerweise zwischen 900 und 1100 mm liegen, abh\u00e4ngig von der Deckenh\u00f6he, um die Proportionen ausgeglichen zu halten. Vergleichen Sie das reichhaltige Blau mit den weicheren, neutralen T\u00f6nen oben und bringen Sie Textur mit Leinenbez\u00fcgen, gealterten W\u00e4ldern oder warmen Metallik wie antikes Messing oder Bronze ein. Dies hindert den Raum daran, sich \u00fcberm\u00e4\u00dfig formell zu f\u00fchlen, und stellt sicher, dass die Verkleidung als Hintergrund fungiert, anstatt den Raum zu dominieren. &#8218;<\/p>\n<div id=\"ad-unit-2\" class=\"ad-unit\"><\/div>\n<p>Wenn Sie jedoch in Betracht ziehen, denselben Look in Ihrem Haus zu installieren, m\u00fcssen Fallstricke ber\u00fccksichtigt werden. Kaiko warnt: \u201ebemalten Wainscoting ist eines dieser Elemente, die a erforderlich sind <em>sehr<\/em> vorsichtiger Hand. Es kann je nach Farbauswahl und Ausf\u00fchrung als charmant und zeitlos oder diy und nicht inspiriert gelesen werden. Hier verhindern das reiche, aber nicht \u00fcberm\u00e4\u00dfig ges\u00e4ttigte Blau es, sich wie ein Themenpark zu f\u00fchlen. Es erm\u00f6glicht auch, dass die Trimmarbeit eher knackig und architektonisch bleibt, anstatt in Kitsch zu wechseln.<\/p>\n<hr>\n<p>Lackiertes Wainscoting ist unkonventionell, aber es kann wundersch\u00f6n sein, wenn es richtig gemacht wird. Eva Mendes &#8218;K\u00fcche ist der Beweis.<\/p>\n<div id=\"slice-container-newsletterForm-articleInbodyContent-e3hhUSto2iMuptqyEicFCa\" class=\"slice-container newsletter-inbodyContent-slice newsletterForm-articleInbodyContent-e3hhUSto2iMuptqyEicFCa slice-container-newsletterForm\"><\/div>\n<hr>\n<\/div>\n<div id=\"fb-root\"><\/div>\n<p><script async defer src=\"https:\/\/connect.facebook.net\/en_US\/sdk.js#xfbml=1&#038;version=v3.2\"><\/script><script async src=\"\/\/www.instagram.com\/embed.js\"><\/script><\/p>\n","protected":false},"excerpt":{"rendered":"<p>Wainscoting oder Wandverkleidung ist eine der \u00e4ltesten M\u00f6glichkeiten, um den K\u00fcchenw\u00e4nden visuelles Interesse zu verleihen. Diese strukturierte, manchmal farbenfrohe Dekorationsmethode kann sch\u00f6n sein, wenn es<\/p>\n","protected":false},"author":1,"featured_media":1895,"comment_status":"closed","ping_status":"","sticky":false,"template":"","format":"standard","meta":{"footnotes":""},"categories":[118],"tags":[357,4925,4924,188,873,1800,81,216,9,74,22,2016,15,2017,182,284,322,160,37,187,783,21],"class_list":["post-3066","post","type-post","status-publish","format-standard","has-post-thumbnail","hentry","category-haus-garten","tag-aber","tag-americana","tag-americanawandtechnik","tag-art","tag-atemberaubende","tag-charakter","tag-der","tag-designer","tag-die","tag-eine","tag-einem","tag-eva","tag-ist","tag-mendes","tag-raum","tag-sagen","tag-stil","tag-tiefe","tag-und","tag-unorthodoxe","tag-verleihen","tag-von","generate-columns","tablet-grid-50","mobile-grid-100","grid-parent","grid-50"],"yoast_head":"<!-- This site is optimized with the Yoast SEO plugin v27.3 - https:\/\/yoast.com\/product\/yoast-seo-wordpress\/ -->\n<title>Die Americana-Wandtechnik im Stil der Americana im Stil von Eva Mendes ist eine unorthodoxe, aber atemberaubende Art, \u201eTiefe und Charakter in einem Raum zu verleihen\u201c, sagen Designer - Nachrichten - Stra\u00dfenweb<\/title>\n<meta name=\"robots\" content=\"index, follow, max-snippet:-1, max-image-preview:large, max-video-preview:-1\" \/>\n<link rel=\"canonical\" href=\"https:\/\/www.strassenweb.de\/nachrichten\/die-americana-wandtechnik-im-stil-der-americana-im-stil-von-eva-mendes-ist-eine-unorthodoxe-aber-atemberaubende-art-tiefe-und-charakter-in-einem-raum-zu-verleihen-sagen-designer\/\" \/>\n<meta property=\"og:locale\" content=\"de_DE\" \/>\n<meta property=\"og:type\" content=\"article\" \/>\n<meta property=\"og:title\" content=\"Die Americana-Wandtechnik im Stil der Americana im Stil von Eva Mendes ist eine unorthodoxe, aber atemberaubende Art, \u201eTiefe und Charakter in einem Raum zu verleihen\u201c, sagen Designer - Nachrichten - Stra\u00dfenweb\" \/>\n<meta property=\"og:description\" content=\"Wainscoting oder Wandverkleidung ist eine der \u00e4ltesten M\u00f6glichkeiten, um den K\u00fcchenw\u00e4nden visuelles Interesse zu verleihen. Diese strukturierte, manchmal farbenfrohe Dekorationsmethode kann sch\u00f6n sein, wenn es\" \/>\n<meta property=\"og:url\" content=\"https:\/\/www.strassenweb.de\/nachrichten\/die-americana-wandtechnik-im-stil-der-americana-im-stil-von-eva-mendes-ist-eine-unorthodoxe-aber-atemberaubende-art-tiefe-und-charakter-in-einem-raum-zu-verleihen-sagen-designer\/\" \/>\n<meta property=\"og:site_name\" content=\"Stra\u00dfenweb\" \/>\n<meta property=\"article:publisher\" content=\"https:\/\/www.facebook.com\/strassenweb\/\" \/>\n<meta property=\"article:published_time\" content=\"2025-02-01T18:46:54+00:00\" \/>\n<meta property=\"og:image\" content=\"https:\/\/www.strassenweb.de\/nachrichten\/wp-content\/uploads\/2024\/12\/Eva-Mendes-und-Ryan-Gosling-verwenden-Miniatur-Weihnachtsbaeume-um-ihrer-Kuecheninsel.jpg\" \/>\n\t<meta property=\"og:image:width\" content=\"1200\" \/>\n\t<meta property=\"og:image:height\" content=\"675\" \/>\n\t<meta property=\"og:image:type\" content=\"image\/jpeg\" \/>\n<meta name=\"author\" content=\"Robert Hoffmann\" \/>\n<meta name=\"twitter:card\" content=\"summary_large_image\" \/>\n<meta name=\"twitter:label1\" content=\"Verfasst von\" \/>\n\t<meta name=\"twitter:data1\" content=\"Robert Hoffmann\" \/>\n\t<meta name=\"twitter:label2\" content=\"Gesch\u00e4tzte Lesezeit\" \/>\n\t<meta name=\"twitter:data2\" content=\"3\u00a0Minuten\" \/>\n<script type=\"application\/ld+json\" class=\"yoast-schema-graph\">{\"@context\":\"https:\\\/\\\/schema.org\",\"@graph\":[{\"@type\":\"Article\",\"@id\":\"https:\\\/\\\/www.strassenweb.de\\\/nachrichten\\\/die-americana-wandtechnik-im-stil-der-americana-im-stil-von-eva-mendes-ist-eine-unorthodoxe-aber-atemberaubende-art-tiefe-und-charakter-in-einem-raum-zu-verleihen-sagen-designer\\\/#article\",\"isPartOf\":{\"@id\":\"https:\\\/\\\/www.strassenweb.de\\\/nachrichten\\\/die-americana-wandtechnik-im-stil-der-americana-im-stil-von-eva-mendes-ist-eine-unorthodoxe-aber-atemberaubende-art-tiefe-und-charakter-in-einem-raum-zu-verleihen-sagen-designer\\\/\"},\"author\":{\"name\":\"Robert Hoffmann\",\"@id\":\"https:\\\/\\\/www.strassenweb.de\\\/nachrichten\\\/#\\\/schema\\\/person\\\/87c9c9067f1211da429a744dc5a5aa41\"},\"headline\":\"Die Americana-Wandtechnik im Stil der Americana im Stil von Eva Mendes ist eine unorthodoxe, aber atemberaubende Art, \u201eTiefe und Charakter in einem Raum zu verleihen\u201c, sagen Designer\",\"datePublished\":\"2025-02-01T18:46:54+00:00\",\"mainEntityOfPage\":{\"@id\":\"https:\\\/\\\/www.strassenweb.de\\\/nachrichten\\\/die-americana-wandtechnik-im-stil-der-americana-im-stil-von-eva-mendes-ist-eine-unorthodoxe-aber-atemberaubende-art-tiefe-und-charakter-in-einem-raum-zu-verleihen-sagen-designer\\\/\"},\"wordCount\":607,\"publisher\":{\"@id\":\"https:\\\/\\\/www.strassenweb.de\\\/nachrichten\\\/#organization\"},\"image\":{\"@id\":\"https:\\\/\\\/www.strassenweb.de\\\/nachrichten\\\/die-americana-wandtechnik-im-stil-der-americana-im-stil-von-eva-mendes-ist-eine-unorthodoxe-aber-atemberaubende-art-tiefe-und-charakter-in-einem-raum-zu-verleihen-sagen-designer\\\/#primaryimage\"},\"thumbnailUrl\":\"https:\\\/\\\/www.strassenweb.de\\\/nachrichten\\\/wp-content\\\/uploads\\\/2024\\\/12\\\/Eva-Mendes-und-Ryan-Gosling-verwenden-Miniatur-Weihnachtsbaeume-um-ihrer-Kuecheninsel.jpg\",\"keywords\":[\"aber\",\"Americana\",\"AmericanaWandtechnik\",\"Art\",\"atemberaubende\",\"Charakter\",\"der\",\"Designer\",\"die\",\"eine\",\"einem\",\"Eva\",\"ist\",\"Mendes\",\"Raum\",\"sagen\",\"Stil\",\"tiefe\",\"und\",\"unorthodoxe\",\"verleihen\",\"von\"],\"articleSection\":[\"Haus &amp; Garten\"],\"inLanguage\":\"de\"},{\"@type\":\"WebPage\",\"@id\":\"https:\\\/\\\/www.strassenweb.de\\\/nachrichten\\\/die-americana-wandtechnik-im-stil-der-americana-im-stil-von-eva-mendes-ist-eine-unorthodoxe-aber-atemberaubende-art-tiefe-und-charakter-in-einem-raum-zu-verleihen-sagen-designer\\\/\",\"url\":\"https:\\\/\\\/www.strassenweb.de\\\/nachrichten\\\/die-americana-wandtechnik-im-stil-der-americana-im-stil-von-eva-mendes-ist-eine-unorthodoxe-aber-atemberaubende-art-tiefe-und-charakter-in-einem-raum-zu-verleihen-sagen-designer\\\/\",\"name\":\"Die Americana-Wandtechnik im Stil der Americana im Stil von Eva Mendes ist eine unorthodoxe, aber atemberaubende Art, \u201eTiefe und Charakter in einem Raum zu verleihen\u201c, sagen Designer - Nachrichten - Stra\u00dfenweb\",\"isPartOf\":{\"@id\":\"https:\\\/\\\/www.strassenweb.de\\\/nachrichten\\\/#website\"},\"primaryImageOfPage\":{\"@id\":\"https:\\\/\\\/www.strassenweb.de\\\/nachrichten\\\/die-americana-wandtechnik-im-stil-der-americana-im-stil-von-eva-mendes-ist-eine-unorthodoxe-aber-atemberaubende-art-tiefe-und-charakter-in-einem-raum-zu-verleihen-sagen-designer\\\/#primaryimage\"},\"image\":{\"@id\":\"https:\\\/\\\/www.strassenweb.de\\\/nachrichten\\\/die-americana-wandtechnik-im-stil-der-americana-im-stil-von-eva-mendes-ist-eine-unorthodoxe-aber-atemberaubende-art-tiefe-und-charakter-in-einem-raum-zu-verleihen-sagen-designer\\\/#primaryimage\"},\"thumbnailUrl\":\"https:\\\/\\\/www.strassenweb.de\\\/nachrichten\\\/wp-content\\\/uploads\\\/2024\\\/12\\\/Eva-Mendes-und-Ryan-Gosling-verwenden-Miniatur-Weihnachtsbaeume-um-ihrer-Kuecheninsel.jpg\",\"datePublished\":\"2025-02-01T18:46:54+00:00\",\"breadcrumb\":{\"@id\":\"https:\\\/\\\/www.strassenweb.de\\\/nachrichten\\\/die-americana-wandtechnik-im-stil-der-americana-im-stil-von-eva-mendes-ist-eine-unorthodoxe-aber-atemberaubende-art-tiefe-und-charakter-in-einem-raum-zu-verleihen-sagen-designer\\\/#breadcrumb\"},\"inLanguage\":\"de\",\"potentialAction\":[{\"@type\":\"ReadAction\",\"target\":[\"https:\\\/\\\/www.strassenweb.de\\\/nachrichten\\\/die-americana-wandtechnik-im-stil-der-americana-im-stil-von-eva-mendes-ist-eine-unorthodoxe-aber-atemberaubende-art-tiefe-und-charakter-in-einem-raum-zu-verleihen-sagen-designer\\\/\"]}]},{\"@type\":\"ImageObject\",\"inLanguage\":\"de\",\"@id\":\"https:\\\/\\\/www.strassenweb.de\\\/nachrichten\\\/die-americana-wandtechnik-im-stil-der-americana-im-stil-von-eva-mendes-ist-eine-unorthodoxe-aber-atemberaubende-art-tiefe-und-charakter-in-einem-raum-zu-verleihen-sagen-designer\\\/#primaryimage\",\"url\":\"https:\\\/\\\/www.strassenweb.de\\\/nachrichten\\\/wp-content\\\/uploads\\\/2024\\\/12\\\/Eva-Mendes-und-Ryan-Gosling-verwenden-Miniatur-Weihnachtsbaeume-um-ihrer-Kuecheninsel.jpg\",\"contentUrl\":\"https:\\\/\\\/www.strassenweb.de\\\/nachrichten\\\/wp-content\\\/uploads\\\/2024\\\/12\\\/Eva-Mendes-und-Ryan-Gosling-verwenden-Miniatur-Weihnachtsbaeume-um-ihrer-Kuecheninsel.jpg\",\"width\":1200,\"height\":675,\"caption\":\"Eva Mendes und Ryan Gosling verwenden Miniatur-Weihnachtsb\u00e4ume, um ihrer K\u00fccheninsel eine einzigartige festliche Note zu verleihen \u2013 den Look gibt es f\u00fcr 10 $\"},{\"@type\":\"BreadcrumbList\",\"@id\":\"https:\\\/\\\/www.strassenweb.de\\\/nachrichten\\\/die-americana-wandtechnik-im-stil-der-americana-im-stil-von-eva-mendes-ist-eine-unorthodoxe-aber-atemberaubende-art-tiefe-und-charakter-in-einem-raum-zu-verleihen-sagen-designer\\\/#breadcrumb\",\"itemListElement\":[{\"@type\":\"ListItem\",\"position\":1,\"name\":\"Home\",\"item\":\"https:\\\/\\\/www.strassenweb.de\\\/nachrichten\\\/\"},{\"@type\":\"ListItem\",\"position\":2,\"name\":\"Die Americana-Wandtechnik im Stil der Americana im Stil von Eva Mendes ist eine unorthodoxe, aber atemberaubende Art, \u201eTiefe und Charakter in einem Raum zu verleihen\u201c, sagen Designer\"}]},{\"@type\":\"WebSite\",\"@id\":\"https:\\\/\\\/www.strassenweb.de\\\/nachrichten\\\/#website\",\"url\":\"https:\\\/\\\/www.strassenweb.de\\\/nachrichten\\\/\",\"name\":\"Stra\u00dfenweb\",\"description\":\"Stra\u00dfenverzeichnis f\u00fcr Deutschland\",\"publisher\":{\"@id\":\"https:\\\/\\\/www.strassenweb.de\\\/nachrichten\\\/#organization\"},\"potentialAction\":[{\"@type\":\"SearchAction\",\"target\":{\"@type\":\"EntryPoint\",\"urlTemplate\":\"https:\\\/\\\/www.strassenweb.de\\\/nachrichten\\\/?s={search_term_string}\"},\"query-input\":{\"@type\":\"PropertyValueSpecification\",\"valueRequired\":true,\"valueName\":\"search_term_string\"}}],\"inLanguage\":\"de\"},{\"@type\":\"Organization\",\"@id\":\"https:\\\/\\\/www.strassenweb.de\\\/nachrichten\\\/#organization\",\"name\":\"Stra\u00dfenweb\",\"url\":\"https:\\\/\\\/www.strassenweb.de\\\/nachrichten\\\/\",\"logo\":{\"@type\":\"ImageObject\",\"inLanguage\":\"de\",\"@id\":\"https:\\\/\\\/www.strassenweb.de\\\/nachrichten\\\/#\\\/schema\\\/logo\\\/image\\\/\",\"url\":\"https:\\\/\\\/www.strassenweb.de\\\/nachrichten\\\/wp-content\\\/uploads\\\/2024\\\/09\\\/cropped-favicon.png\",\"contentUrl\":\"https:\\\/\\\/www.strassenweb.de\\\/nachrichten\\\/wp-content\\\/uploads\\\/2024\\\/09\\\/cropped-favicon.png\",\"width\":512,\"height\":512,\"caption\":\"Stra\u00dfenweb\"},\"image\":{\"@id\":\"https:\\\/\\\/www.strassenweb.de\\\/nachrichten\\\/#\\\/schema\\\/logo\\\/image\\\/\"},\"sameAs\":[\"https:\\\/\\\/www.facebook.com\\\/strassenweb\\\/\"]},{\"@type\":\"Person\",\"@id\":\"https:\\\/\\\/www.strassenweb.de\\\/nachrichten\\\/#\\\/schema\\\/person\\\/87c9c9067f1211da429a744dc5a5aa41\",\"name\":\"Robert Hoffmann\",\"image\":{\"@type\":\"ImageObject\",\"inLanguage\":\"de\",\"@id\":\"https:\\\/\\\/www.strassenweb.de\\\/nachrichten\\\/wp-content\\\/uploads\\\/2024\\\/09\\\/strassenweb-150x150.jpg\",\"url\":\"https:\\\/\\\/www.strassenweb.de\\\/nachrichten\\\/wp-content\\\/uploads\\\/2024\\\/09\\\/strassenweb-150x150.jpg\",\"contentUrl\":\"https:\\\/\\\/www.strassenweb.de\\\/nachrichten\\\/wp-content\\\/uploads\\\/2024\\\/09\\\/strassenweb-150x150.jpg\",\"caption\":\"Robert Hoffmann\"},\"description\":\"Ich hei\u00dfe Robert Hoffmann und ich bin ein leidenschaftlicher Verfechter von \u00d6kologie und Biodiversit\u00e4t. Seit meiner Kindheit in den W\u00e4ldern Bayerns f\u00fchle ich mich mit der Natur verbunden und bin entschlossen, sie zu sch\u00fctzen. Heute widme ich mein Leben der Sensibilisierung anderer f\u00fcr die Bedeutung des Umweltschutzes f\u00fcr zuk\u00fcnftige Generationen.\",\"sameAs\":[\"https:\\\/\\\/www.strassenweb.de\\\/\"]}]}<\/script>\n<!-- \/ Yoast SEO plugin. -->","yoast_head_json":{"title":"Die Americana-Wandtechnik im Stil der Americana im Stil von Eva Mendes ist eine unorthodoxe, aber atemberaubende Art, \u201eTiefe und Charakter in einem Raum zu verleihen\u201c, sagen Designer - Nachrichten - Stra\u00dfenweb","robots":{"index":"index","follow":"follow","max-snippet":"max-snippet:-1","max-image-preview":"max-image-preview:large","max-video-preview":"max-video-preview:-1"},"canonical":"https:\/\/www.strassenweb.de\/nachrichten\/die-americana-wandtechnik-im-stil-der-americana-im-stil-von-eva-mendes-ist-eine-unorthodoxe-aber-atemberaubende-art-tiefe-und-charakter-in-einem-raum-zu-verleihen-sagen-designer\/","og_locale":"de_DE","og_type":"article","og_title":"Die Americana-Wandtechnik im Stil der Americana im Stil von Eva Mendes ist eine unorthodoxe, aber atemberaubende Art, \u201eTiefe und Charakter in einem Raum zu verleihen\u201c, sagen Designer - Nachrichten - Stra\u00dfenweb","og_description":"Wainscoting oder Wandverkleidung ist eine der \u00e4ltesten M\u00f6glichkeiten, um den K\u00fcchenw\u00e4nden visuelles Interesse zu verleihen. Diese strukturierte, manchmal farbenfrohe Dekorationsmethode kann sch\u00f6n sein, wenn es","og_url":"https:\/\/www.strassenweb.de\/nachrichten\/die-americana-wandtechnik-im-stil-der-americana-im-stil-von-eva-mendes-ist-eine-unorthodoxe-aber-atemberaubende-art-tiefe-und-charakter-in-einem-raum-zu-verleihen-sagen-designer\/","og_site_name":"Stra\u00dfenweb","article_publisher":"https:\/\/www.facebook.com\/strassenweb\/","article_published_time":"2025-02-01T18:46:54+00:00","og_image":[{"width":1200,"height":675,"url":"https:\/\/www.strassenweb.de\/nachrichten\/wp-content\/uploads\/2024\/12\/Eva-Mendes-und-Ryan-Gosling-verwenden-Miniatur-Weihnachtsbaeume-um-ihrer-Kuecheninsel.jpg","type":"image\/jpeg"}],"author":"Robert Hoffmann","twitter_card":"summary_large_image","twitter_misc":{"Verfasst von":"Robert Hoffmann","Gesch\u00e4tzte Lesezeit":"3\u00a0Minuten"},"schema":{"@context":"https:\/\/schema.org","@graph":[{"@type":"Article","@id":"https:\/\/www.strassenweb.de\/nachrichten\/die-americana-wandtechnik-im-stil-der-americana-im-stil-von-eva-mendes-ist-eine-unorthodoxe-aber-atemberaubende-art-tiefe-und-charakter-in-einem-raum-zu-verleihen-sagen-designer\/#article","isPartOf":{"@id":"https:\/\/www.strassenweb.de\/nachrichten\/die-americana-wandtechnik-im-stil-der-americana-im-stil-von-eva-mendes-ist-eine-unorthodoxe-aber-atemberaubende-art-tiefe-und-charakter-in-einem-raum-zu-verleihen-sagen-designer\/"},"author":{"name":"Robert Hoffmann","@id":"https:\/\/www.strassenweb.de\/nachrichten\/#\/schema\/person\/87c9c9067f1211da429a744dc5a5aa41"},"headline":"Die Americana-Wandtechnik im Stil der Americana im Stil von Eva Mendes ist eine unorthodoxe, aber atemberaubende Art, \u201eTiefe und Charakter in einem Raum zu verleihen\u201c, sagen Designer","datePublished":"2025-02-01T18:46:54+00:00","mainEntityOfPage":{"@id":"https:\/\/www.strassenweb.de\/nachrichten\/die-americana-wandtechnik-im-stil-der-americana-im-stil-von-eva-mendes-ist-eine-unorthodoxe-aber-atemberaubende-art-tiefe-und-charakter-in-einem-raum-zu-verleihen-sagen-designer\/"},"wordCount":607,"publisher":{"@id":"https:\/\/www.strassenweb.de\/nachrichten\/#organization"},"image":{"@id":"https:\/\/www.strassenweb.de\/nachrichten\/die-americana-wandtechnik-im-stil-der-americana-im-stil-von-eva-mendes-ist-eine-unorthodoxe-aber-atemberaubende-art-tiefe-und-charakter-in-einem-raum-zu-verleihen-sagen-designer\/#primaryimage"},"thumbnailUrl":"https:\/\/www.strassenweb.de\/nachrichten\/wp-content\/uploads\/2024\/12\/Eva-Mendes-und-Ryan-Gosling-verwenden-Miniatur-Weihnachtsbaeume-um-ihrer-Kuecheninsel.jpg","keywords":["aber","Americana","AmericanaWandtechnik","Art","atemberaubende","Charakter","der","Designer","die","eine","einem","Eva","ist","Mendes","Raum","sagen","Stil","tiefe","und","unorthodoxe","verleihen","von"],"articleSection":["Haus &amp; Garten"],"inLanguage":"de"},{"@type":"WebPage","@id":"https:\/\/www.strassenweb.de\/nachrichten\/die-americana-wandtechnik-im-stil-der-americana-im-stil-von-eva-mendes-ist-eine-unorthodoxe-aber-atemberaubende-art-tiefe-und-charakter-in-einem-raum-zu-verleihen-sagen-designer\/","url":"https:\/\/www.strassenweb.de\/nachrichten\/die-americana-wandtechnik-im-stil-der-americana-im-stil-von-eva-mendes-ist-eine-unorthodoxe-aber-atemberaubende-art-tiefe-und-charakter-in-einem-raum-zu-verleihen-sagen-designer\/","name":"Die Americana-Wandtechnik im Stil der Americana im Stil von Eva Mendes ist eine unorthodoxe, aber atemberaubende Art, \u201eTiefe und Charakter in einem Raum zu verleihen\u201c, sagen Designer - Nachrichten - Stra\u00dfenweb","isPartOf":{"@id":"https:\/\/www.strassenweb.de\/nachrichten\/#website"},"primaryImageOfPage":{"@id":"https:\/\/www.strassenweb.de\/nachrichten\/die-americana-wandtechnik-im-stil-der-americana-im-stil-von-eva-mendes-ist-eine-unorthodoxe-aber-atemberaubende-art-tiefe-und-charakter-in-einem-raum-zu-verleihen-sagen-designer\/#primaryimage"},"image":{"@id":"https:\/\/www.strassenweb.de\/nachrichten\/die-americana-wandtechnik-im-stil-der-americana-im-stil-von-eva-mendes-ist-eine-unorthodoxe-aber-atemberaubende-art-tiefe-und-charakter-in-einem-raum-zu-verleihen-sagen-designer\/#primaryimage"},"thumbnailUrl":"https:\/\/www.strassenweb.de\/nachrichten\/wp-content\/uploads\/2024\/12\/Eva-Mendes-und-Ryan-Gosling-verwenden-Miniatur-Weihnachtsbaeume-um-ihrer-Kuecheninsel.jpg","datePublished":"2025-02-01T18:46:54+00:00","breadcrumb":{"@id":"https:\/\/www.strassenweb.de\/nachrichten\/die-americana-wandtechnik-im-stil-der-americana-im-stil-von-eva-mendes-ist-eine-unorthodoxe-aber-atemberaubende-art-tiefe-und-charakter-in-einem-raum-zu-verleihen-sagen-designer\/#breadcrumb"},"inLanguage":"de","potentialAction":[{"@type":"ReadAction","target":["https:\/\/www.strassenweb.de\/nachrichten\/die-americana-wandtechnik-im-stil-der-americana-im-stil-von-eva-mendes-ist-eine-unorthodoxe-aber-atemberaubende-art-tiefe-und-charakter-in-einem-raum-zu-verleihen-sagen-designer\/"]}]},{"@type":"ImageObject","inLanguage":"de","@id":"https:\/\/www.strassenweb.de\/nachrichten\/die-americana-wandtechnik-im-stil-der-americana-im-stil-von-eva-mendes-ist-eine-unorthodoxe-aber-atemberaubende-art-tiefe-und-charakter-in-einem-raum-zu-verleihen-sagen-designer\/#primaryimage","url":"https:\/\/www.strassenweb.de\/nachrichten\/wp-content\/uploads\/2024\/12\/Eva-Mendes-und-Ryan-Gosling-verwenden-Miniatur-Weihnachtsbaeume-um-ihrer-Kuecheninsel.jpg","contentUrl":"https:\/\/www.strassenweb.de\/nachrichten\/wp-content\/uploads\/2024\/12\/Eva-Mendes-und-Ryan-Gosling-verwenden-Miniatur-Weihnachtsbaeume-um-ihrer-Kuecheninsel.jpg","width":1200,"height":675,"caption":"Eva Mendes und Ryan Gosling verwenden Miniatur-Weihnachtsb\u00e4ume, um ihrer K\u00fccheninsel eine einzigartige festliche Note zu verleihen \u2013 den Look gibt es f\u00fcr 10 $"},{"@type":"BreadcrumbList","@id":"https:\/\/www.strassenweb.de\/nachrichten\/die-americana-wandtechnik-im-stil-der-americana-im-stil-von-eva-mendes-ist-eine-unorthodoxe-aber-atemberaubende-art-tiefe-und-charakter-in-einem-raum-zu-verleihen-sagen-designer\/#breadcrumb","itemListElement":[{"@type":"ListItem","position":1,"name":"Home","item":"https:\/\/www.strassenweb.de\/nachrichten\/"},{"@type":"ListItem","position":2,"name":"Die Americana-Wandtechnik im Stil der Americana im Stil von Eva Mendes ist eine unorthodoxe, aber atemberaubende Art, \u201eTiefe und Charakter in einem Raum zu verleihen\u201c, sagen Designer"}]},{"@type":"WebSite","@id":"https:\/\/www.strassenweb.de\/nachrichten\/#website","url":"https:\/\/www.strassenweb.de\/nachrichten\/","name":"Stra\u00dfenweb","description":"Stra\u00dfenverzeichnis f\u00fcr Deutschland","publisher":{"@id":"https:\/\/www.strassenweb.de\/nachrichten\/#organization"},"potentialAction":[{"@type":"SearchAction","target":{"@type":"EntryPoint","urlTemplate":"https:\/\/www.strassenweb.de\/nachrichten\/?s={search_term_string}"},"query-input":{"@type":"PropertyValueSpecification","valueRequired":true,"valueName":"search_term_string"}}],"inLanguage":"de"},{"@type":"Organization","@id":"https:\/\/www.strassenweb.de\/nachrichten\/#organization","name":"Stra\u00dfenweb","url":"https:\/\/www.strassenweb.de\/nachrichten\/","logo":{"@type":"ImageObject","inLanguage":"de","@id":"https:\/\/www.strassenweb.de\/nachrichten\/#\/schema\/logo\/image\/","url":"https:\/\/www.strassenweb.de\/nachrichten\/wp-content\/uploads\/2024\/09\/cropped-favicon.png","contentUrl":"https:\/\/www.strassenweb.de\/nachrichten\/wp-content\/uploads\/2024\/09\/cropped-favicon.png","width":512,"height":512,"caption":"Stra\u00dfenweb"},"image":{"@id":"https:\/\/www.strassenweb.de\/nachrichten\/#\/schema\/logo\/image\/"},"sameAs":["https:\/\/www.facebook.com\/strassenweb\/"]},{"@type":"Person","@id":"https:\/\/www.strassenweb.de\/nachrichten\/#\/schema\/person\/87c9c9067f1211da429a744dc5a5aa41","name":"Robert Hoffmann","image":{"@type":"ImageObject","inLanguage":"de","@id":"https:\/\/www.strassenweb.de\/nachrichten\/wp-content\/uploads\/2024\/09\/strassenweb-150x150.jpg","url":"https:\/\/www.strassenweb.de\/nachrichten\/wp-content\/uploads\/2024\/09\/strassenweb-150x150.jpg","contentUrl":"https:\/\/www.strassenweb.de\/nachrichten\/wp-content\/uploads\/2024\/09\/strassenweb-150x150.jpg","caption":"Robert Hoffmann"},"description":"Ich hei\u00dfe Robert Hoffmann und ich bin ein leidenschaftlicher Verfechter von \u00d6kologie und Biodiversit\u00e4t. Seit meiner Kindheit in den W\u00e4ldern Bayerns f\u00fchle ich mich mit der Natur verbunden und bin entschlossen, sie zu sch\u00fctzen. Heute widme ich mein Leben der Sensibilisierung anderer f\u00fcr die Bedeutung des Umweltschutzes f\u00fcr zuk\u00fcnftige Generationen.","sameAs":["https:\/\/www.strassenweb.de\/"]}]}},"_links":{"self":[{"href":"https:\/\/www.strassenweb.de\/nachrichten\/wp-json\/wp\/v2\/posts\/3066","targetHints":{"allow":["GET"]}}],"collection":[{"href":"https:\/\/www.strassenweb.de\/nachrichten\/wp-json\/wp\/v2\/posts"}],"about":[{"href":"https:\/\/www.strassenweb.de\/nachrichten\/wp-json\/wp\/v2\/types\/post"}],"author":[{"embeddable":true,"href":"https:\/\/www.strassenweb.de\/nachrichten\/wp-json\/wp\/v2\/users\/1"}],"replies":[{"embeddable":true,"href":"https:\/\/www.strassenweb.de\/nachrichten\/wp-json\/wp\/v2\/comments?post=3066"}],"version-history":[{"count":0,"href":"https:\/\/www.strassenweb.de\/nachrichten\/wp-json\/wp\/v2\/posts\/3066\/revisions"}],"wp:featuredmedia":[{"embeddable":true,"href":"https:\/\/www.strassenweb.de\/nachrichten\/wp-json\/wp\/v2\/media\/1895"}],"wp:attachment":[{"href":"https:\/\/www.strassenweb.de\/nachrichten\/wp-json\/wp\/v2\/media?parent=3066"}],"wp:term":[{"taxonomy":"category","embeddable":true,"href":"https:\/\/www.strassenweb.de\/nachrichten\/wp-json\/wp\/v2\/categories?post=3066"},{"taxonomy":"post_tag","embeddable":true,"href":"https:\/\/www.strassenweb.de\/nachrichten\/wp-json\/wp\/v2\/tags?post=3066"}],"curies":[{"name":"wp","href":"https:\/\/api.w.org\/{rel}","templated":true}]}}