{"id":3063,"date":"2025-02-01T16:03:49","date_gmt":"2025-02-01T15:03:49","guid":{"rendered":"https:\/\/www.strassenweb.de\/nachrichten\/dieser-designer-muss-jetzt-dank-joanna-gaines-herde-und-handkollektion-bei-target-erschwinglicher-denn-je-erschwinglicher-als-je-zuvor\/"},"modified":"2025-02-01T16:03:50","modified_gmt":"2025-02-01T15:03:50","slug":"dieser-designer-muss-jetzt-dank-joanna-gaines-herde-und-handkollektion-bei-target-erschwinglicher-denn-je-erschwinglicher-als-je-zuvor","status":"publish","type":"post","link":"https:\/\/www.strassenweb.de\/nachrichten\/dieser-designer-muss-jetzt-dank-joanna-gaines-herde-und-handkollektion-bei-target-erschwinglicher-denn-je-erschwinglicher-als-je-zuvor\/","title":{"rendered":"Dieser Designer muss jetzt dank Joanna Gaines &#8218;Herde und Handkollektion bei Target erschwinglicher denn je erschwinglicher als je zuvor"},"content":{"rendered":"<p><\/p>\n<div id=\"article-body\" class=\"article__body \">\n<p>Tragbare Lampen haben seit dem Mainstream an Traktion gewonnen, und Designer unterst\u00fctzen ihre vielseitige F\u00e4higkeit, kleine Taschen mit warmem Licht zu liefern, wo immer Sie es m\u00f6chten.<\/p>\n<div id=\"ad-unit-1\" class=\"ad-unit\"><\/div>\n<p>W\u00e4hrend die Idee der tragbaren, batteriebetriebenen Beleuchtungsideen nat\u00fcrlich nichts Neues ist (denken Sie nur an die Taschenlampe), sind in den letzten Jahren keine Tischlampen und Wandleuchter der Tischlampen und Wandleuchten. Aber w\u00e4hrend sie Ihnen zuvor ein kleines Verm\u00f6gen f\u00fcr diese clevere Technologie zur\u00fcckgebracht haben, hat Joanna Gaines es geschafft, sicherzustellen, dass h\u00e4ssliche Kabel Ihre Innenr\u00e4ume nie wieder ruinieren.<\/p>\n<p>Nachdem Joanna ihre beste Designkappe angelegt hatte, hat sie ihren Herd &#038; Hand mit Magnolia Collection mit vielen must-have-tragbaren Lampen bei Target-abz\u00fcglich des Designerpreises erh\u00e4ltlich.<\/p>\n<div id=\"desktop-in-article\" class=\"in-article ad-unit\">\n<div id=\"desktop-taboola-mid-article\"><\/div>\n<\/div>\n<div id=\"mobile-in-article\" class=\"in-article ad-unit\">\n<div id=\"mobile-taboola-mid-article\"><\/div>\n<\/div>\n<figure class=\"van-image-figure inline-layout \" data-bordeaux-image-check>\n<div class=\"image-full-width-wrapper\">\n<div class=\"image-widthsetter\" style=\"max-width:2000px;\"><\/div>\n<\/div>\n<\/figure>\n<p>Ich bin ein Shopping -Redakteur, der am Ende meiner Heimatrenovierung ist und auf dem ich auf dem Weg ein paar Lektionen gelernt habe, wie z.<\/p>\n<div class=\"van_vid_carousel\">\n<div class=\"van_vid_carousel__padding\">\n<div class=\"van_vid_carousel__container\"><\/div>\n<\/div>\n<\/div>\n<aside class=\"hawk-nest\" data-block-type=\"embed\" data-render-type=\"fte\" data-skip=\"dealsy\" data-widget-type=\"seasonal\">\n<div class=\"hawk-master-widget-hawk-base-wrapper\"><\/div>\n<\/aside>\n<p>W\u00e4hrend ich Sie dazu ermutige, Ihre Verkabelungspl\u00e4ne zu achten einen Elektriker anrufen m\u00fcssen.<\/p>\n<div id=\"ad-unit-2\" class=\"ad-unit\"><\/div>\n<p>Dank ihres neuesten Tropfens bei Target hat Joanna diesen Must-Have-Beleuchtungstrend f\u00fcr uns budgetbewusste K\u00e4ufer und Renovatoren so viel zug\u00e4nglicher gemacht. Diese Auswahl an stilvollen, von Vintage inspirierten Beleuchtung ist so konzipiert, dass sie m\u00fchelos von Raum zu Raum bewegt werden, um einem Raum W\u00e4rme oder Aufgabenbeleuchtung zu verleihen.<\/p>\n<p>Und das herausragende St\u00fcck? Ein mitgezogenes Messinglicht, das in Ihren K\u00fcchenregalen verwendet werden kann, Ihr Wohnzimmer, um den Trend des Buchhandels zu nutzen, oder Ihren WFH-Schreibtisch, um Ihnen zu helfen, Ihre t\u00e4glichen Probleme zu beleuchten.<\/p>\n<h3 class=\"article-body__section\" id=\"section-shop-portable-lighting-at-target\"><span>Kaufen Sie tragbare Beleuchtung bei Target<\/span><\/h3>\n<p>Keine Verkaufsstellen? Kein Problem. Das Sch\u00f6ne an diesen wiederaufladbaren Lichtern ist, dass Sie sie so ziemlich \u00fcberall platzieren k\u00f6nnen, solange Sie bei Bedarf Zugang zum Ladekabel haben. Nichts ruiniert einen sch\u00f6nen Raum oder eine gut kuratierte Vignette wie die unansehnliche Zugabe von Steckdosen und Kabeln.<\/p>\n<p>Tragbare Lampen sind die geheime Zutat eines gut gestalteten Raums. Sie erm\u00f6glichen es Ihnen, Ihrem Couchtisch ein wenig zus\u00e4tzliches Licht aufzunehmen, Nook oder sogar Gartentisch zu lesen, um schwache Momente in Ihrem Zuhause zu beleuchten.<\/p>\n<p>Unabh\u00e4ngig davon, ob Sie Ihr Wohnzimmer oder Ihre K\u00fcche erholen m\u00f6chten, macht Joanna Gaines &#8218;kuratierte Sammlung schnurloser Lichter-von modernen Designs bis hin zu Vintage-inspirierten Formen-f\u00fcr viele erschwinglich.<\/p>\n<div class=\"product-container hero-product-container product-block-no-wrap\"><\/div>\n<hr>\n<p>Eine gro\u00dfartige Beleuchtung hat die Kraft, einen Raum zu verwandeln, und mit Joanna Gaines &#8218;Hearth &#038; Hand -Kollektion bei Target war es noch nie einfacher oder erschwinglicher. Egal, ob Sie eine dunkle Ecke mildern, einem gem\u00fctlichen Leseecke Ambiente verleihen oder Ihr Outdoor -Setup erh\u00f6hen, diese stilvollen tragbaren Lampen bieten die perfekte L\u00f6sung, ohne dass es nach Outlets oder einem kr\u00e4ftigen Preis erforderlich ist.<\/p>\n<\/div>\n","protected":false},"excerpt":{"rendered":"<p>Tragbare Lampen haben seit dem Mainstream an Traktion gewonnen, und Designer unterst\u00fctzen ihre vielseitige F\u00e4higkeit, kleine Taschen mit warmem Licht zu liefern, wo immer Sie<\/p>\n","protected":false},"author":1,"featured_media":3064,"comment_status":"closed","ping_status":"","sticky":false,"template":"","format":"standard","meta":{"footnotes":""},"categories":[118],"tags":[935,152,365,4922,216,1554,4921,194,4920,4919,1272,193,141,604,37,4923],"class_list":["post-3063","post","type-post","status-publish","format-standard","has-post-thumbnail","hentry","category-haus-garten","tag-als","tag-bei","tag-dank","tag-denn","tag-designer","tag-dieser","tag-erschwinglicher","tag-gaines","tag-handkollektion","tag-herde","tag-jetzt","tag-joanna","tag-muss","tag-target","tag-und","tag-zuvor","generate-columns","tablet-grid-50","mobile-grid-100","grid-parent","grid-50"],"yoast_head":"<!-- This site is optimized with the Yoast SEO plugin v27.3 - https:\/\/yoast.com\/product\/yoast-seo-wordpress\/ -->\n<title>Dieser Designer muss jetzt dank Joanna Gaines &#039;Herde und Handkollektion bei Target erschwinglicher denn je erschwinglicher als je zuvor - Nachrichten - Stra\u00dfenweb<\/title>\n<meta name=\"robots\" content=\"index, follow, max-snippet:-1, max-image-preview:large, max-video-preview:-1\" \/>\n<link rel=\"canonical\" href=\"https:\/\/www.strassenweb.de\/nachrichten\/dieser-designer-muss-jetzt-dank-joanna-gaines-herde-und-handkollektion-bei-target-erschwinglicher-denn-je-erschwinglicher-als-je-zuvor\/\" \/>\n<meta property=\"og:locale\" content=\"de_DE\" \/>\n<meta property=\"og:type\" content=\"article\" \/>\n<meta property=\"og:title\" content=\"Dieser Designer muss jetzt dank Joanna Gaines &#039;Herde und Handkollektion bei Target erschwinglicher denn je erschwinglicher als je zuvor - Nachrichten - Stra\u00dfenweb\" \/>\n<meta property=\"og:description\" content=\"Tragbare Lampen haben seit dem Mainstream an Traktion gewonnen, und Designer unterst\u00fctzen ihre vielseitige F\u00e4higkeit, kleine Taschen mit warmem Licht zu liefern, wo immer Sie\" \/>\n<meta property=\"og:url\" content=\"https:\/\/www.strassenweb.de\/nachrichten\/dieser-designer-muss-jetzt-dank-joanna-gaines-herde-und-handkollektion-bei-target-erschwinglicher-denn-je-erschwinglicher-als-je-zuvor\/\" \/>\n<meta property=\"og:site_name\" content=\"Stra\u00dfenweb\" \/>\n<meta property=\"article:publisher\" content=\"https:\/\/www.facebook.com\/strassenweb\/\" \/>\n<meta property=\"article:published_time\" content=\"2025-02-01T15:03:49+00:00\" \/>\n<meta property=\"article:modified_time\" content=\"2025-02-01T15:03:50+00:00\" \/>\n<meta property=\"og:image\" content=\"https:\/\/www.strassenweb.de\/nachrichten\/wp-content\/uploads\/2025\/02\/Dieser-Designer-muss-jetzt-dank-Joanna-Gaines-Herde-und-Handkollektion.jpg\" \/>\n\t<meta property=\"og:image:width\" content=\"1200\" \/>\n\t<meta property=\"og:image:height\" content=\"675\" \/>\n\t<meta property=\"og:image:type\" content=\"image\/jpeg\" \/>\n<meta name=\"author\" content=\"Robert Hoffmann\" \/>\n<meta name=\"twitter:card\" content=\"summary_large_image\" \/>\n<meta name=\"twitter:label1\" content=\"Verfasst von\" \/>\n\t<meta name=\"twitter:data1\" content=\"Robert Hoffmann\" \/>\n\t<meta name=\"twitter:label2\" content=\"Gesch\u00e4tzte Lesezeit\" \/>\n\t<meta name=\"twitter:data2\" content=\"2\u00a0Minuten\" \/>\n<script type=\"application\/ld+json\" class=\"yoast-schema-graph\">{\"@context\":\"https:\\\/\\\/schema.org\",\"@graph\":[{\"@type\":\"Article\",\"@id\":\"https:\\\/\\\/www.strassenweb.de\\\/nachrichten\\\/dieser-designer-muss-jetzt-dank-joanna-gaines-herde-und-handkollektion-bei-target-erschwinglicher-denn-je-erschwinglicher-als-je-zuvor\\\/#article\",\"isPartOf\":{\"@id\":\"https:\\\/\\\/www.strassenweb.de\\\/nachrichten\\\/dieser-designer-muss-jetzt-dank-joanna-gaines-herde-und-handkollektion-bei-target-erschwinglicher-denn-je-erschwinglicher-als-je-zuvor\\\/\"},\"author\":{\"name\":\"Robert Hoffmann\",\"@id\":\"https:\\\/\\\/www.strassenweb.de\\\/nachrichten\\\/#\\\/schema\\\/person\\\/87c9c9067f1211da429a744dc5a5aa41\"},\"headline\":\"Dieser Designer muss jetzt dank Joanna Gaines &#8218;Herde und Handkollektion bei Target erschwinglicher denn je erschwinglicher als je zuvor\",\"datePublished\":\"2025-02-01T15:03:49+00:00\",\"dateModified\":\"2025-02-01T15:03:50+00:00\",\"mainEntityOfPage\":{\"@id\":\"https:\\\/\\\/www.strassenweb.de\\\/nachrichten\\\/dieser-designer-muss-jetzt-dank-joanna-gaines-herde-und-handkollektion-bei-target-erschwinglicher-denn-je-erschwinglicher-als-je-zuvor\\\/\"},\"wordCount\":462,\"publisher\":{\"@id\":\"https:\\\/\\\/www.strassenweb.de\\\/nachrichten\\\/#organization\"},\"image\":{\"@id\":\"https:\\\/\\\/www.strassenweb.de\\\/nachrichten\\\/dieser-designer-muss-jetzt-dank-joanna-gaines-herde-und-handkollektion-bei-target-erschwinglicher-denn-je-erschwinglicher-als-je-zuvor\\\/#primaryimage\"},\"thumbnailUrl\":\"https:\\\/\\\/www.strassenweb.de\\\/nachrichten\\\/wp-content\\\/uploads\\\/2025\\\/02\\\/Dieser-Designer-muss-jetzt-dank-Joanna-Gaines-Herde-und-Handkollektion.jpg\",\"keywords\":[\"als\",\"Bei\",\"dank\",\"denn\",\"Designer\",\"dieser\",\"erschwinglicher\",\"Gaines\",\"Handkollektion\",\"Herde\",\"jetzt\",\"Joanna\",\"muss\",\"Target\",\"und\",\"zuvor\"],\"articleSection\":[\"Haus &amp; Garten\"],\"inLanguage\":\"de\"},{\"@type\":\"WebPage\",\"@id\":\"https:\\\/\\\/www.strassenweb.de\\\/nachrichten\\\/dieser-designer-muss-jetzt-dank-joanna-gaines-herde-und-handkollektion-bei-target-erschwinglicher-denn-je-erschwinglicher-als-je-zuvor\\\/\",\"url\":\"https:\\\/\\\/www.strassenweb.de\\\/nachrichten\\\/dieser-designer-muss-jetzt-dank-joanna-gaines-herde-und-handkollektion-bei-target-erschwinglicher-denn-je-erschwinglicher-als-je-zuvor\\\/\",\"name\":\"Dieser Designer muss jetzt dank Joanna Gaines 'Herde und Handkollektion bei Target erschwinglicher denn je erschwinglicher als je zuvor - Nachrichten - Stra\u00dfenweb\",\"isPartOf\":{\"@id\":\"https:\\\/\\\/www.strassenweb.de\\\/nachrichten\\\/#website\"},\"primaryImageOfPage\":{\"@id\":\"https:\\\/\\\/www.strassenweb.de\\\/nachrichten\\\/dieser-designer-muss-jetzt-dank-joanna-gaines-herde-und-handkollektion-bei-target-erschwinglicher-denn-je-erschwinglicher-als-je-zuvor\\\/#primaryimage\"},\"image\":{\"@id\":\"https:\\\/\\\/www.strassenweb.de\\\/nachrichten\\\/dieser-designer-muss-jetzt-dank-joanna-gaines-herde-und-handkollektion-bei-target-erschwinglicher-denn-je-erschwinglicher-als-je-zuvor\\\/#primaryimage\"},\"thumbnailUrl\":\"https:\\\/\\\/www.strassenweb.de\\\/nachrichten\\\/wp-content\\\/uploads\\\/2025\\\/02\\\/Dieser-Designer-muss-jetzt-dank-Joanna-Gaines-Herde-und-Handkollektion.jpg\",\"datePublished\":\"2025-02-01T15:03:49+00:00\",\"dateModified\":\"2025-02-01T15:03:50+00:00\",\"breadcrumb\":{\"@id\":\"https:\\\/\\\/www.strassenweb.de\\\/nachrichten\\\/dieser-designer-muss-jetzt-dank-joanna-gaines-herde-und-handkollektion-bei-target-erschwinglicher-denn-je-erschwinglicher-als-je-zuvor\\\/#breadcrumb\"},\"inLanguage\":\"de\",\"potentialAction\":[{\"@type\":\"ReadAction\",\"target\":[\"https:\\\/\\\/www.strassenweb.de\\\/nachrichten\\\/dieser-designer-muss-jetzt-dank-joanna-gaines-herde-und-handkollektion-bei-target-erschwinglicher-denn-je-erschwinglicher-als-je-zuvor\\\/\"]}]},{\"@type\":\"ImageObject\",\"inLanguage\":\"de\",\"@id\":\"https:\\\/\\\/www.strassenweb.de\\\/nachrichten\\\/dieser-designer-muss-jetzt-dank-joanna-gaines-herde-und-handkollektion-bei-target-erschwinglicher-denn-je-erschwinglicher-als-je-zuvor\\\/#primaryimage\",\"url\":\"https:\\\/\\\/www.strassenweb.de\\\/nachrichten\\\/wp-content\\\/uploads\\\/2025\\\/02\\\/Dieser-Designer-muss-jetzt-dank-Joanna-Gaines-Herde-und-Handkollektion.jpg\",\"contentUrl\":\"https:\\\/\\\/www.strassenweb.de\\\/nachrichten\\\/wp-content\\\/uploads\\\/2025\\\/02\\\/Dieser-Designer-muss-jetzt-dank-Joanna-Gaines-Herde-und-Handkollektion.jpg\",\"width\":1200,\"height\":675,\"caption\":\"Dieser Designer muss jetzt dank Joanna Gaines 'Herde und Handkollektion bei Target erschwinglicher denn je erschwinglicher als je zuvor\"},{\"@type\":\"BreadcrumbList\",\"@id\":\"https:\\\/\\\/www.strassenweb.de\\\/nachrichten\\\/dieser-designer-muss-jetzt-dank-joanna-gaines-herde-und-handkollektion-bei-target-erschwinglicher-denn-je-erschwinglicher-als-je-zuvor\\\/#breadcrumb\",\"itemListElement\":[{\"@type\":\"ListItem\",\"position\":1,\"name\":\"Home\",\"item\":\"https:\\\/\\\/www.strassenweb.de\\\/nachrichten\\\/\"},{\"@type\":\"ListItem\",\"position\":2,\"name\":\"Dieser Designer muss jetzt dank Joanna Gaines &#8218;Herde und Handkollektion bei Target erschwinglicher denn je erschwinglicher als je zuvor\"}]},{\"@type\":\"WebSite\",\"@id\":\"https:\\\/\\\/www.strassenweb.de\\\/nachrichten\\\/#website\",\"url\":\"https:\\\/\\\/www.strassenweb.de\\\/nachrichten\\\/\",\"name\":\"Stra\u00dfenweb\",\"description\":\"Stra\u00dfenverzeichnis f\u00fcr Deutschland\",\"publisher\":{\"@id\":\"https:\\\/\\\/www.strassenweb.de\\\/nachrichten\\\/#organization\"},\"potentialAction\":[{\"@type\":\"SearchAction\",\"target\":{\"@type\":\"EntryPoint\",\"urlTemplate\":\"https:\\\/\\\/www.strassenweb.de\\\/nachrichten\\\/?s={search_term_string}\"},\"query-input\":{\"@type\":\"PropertyValueSpecification\",\"valueRequired\":true,\"valueName\":\"search_term_string\"}}],\"inLanguage\":\"de\"},{\"@type\":\"Organization\",\"@id\":\"https:\\\/\\\/www.strassenweb.de\\\/nachrichten\\\/#organization\",\"name\":\"Stra\u00dfenweb\",\"url\":\"https:\\\/\\\/www.strassenweb.de\\\/nachrichten\\\/\",\"logo\":{\"@type\":\"ImageObject\",\"inLanguage\":\"de\",\"@id\":\"https:\\\/\\\/www.strassenweb.de\\\/nachrichten\\\/#\\\/schema\\\/logo\\\/image\\\/\",\"url\":\"https:\\\/\\\/www.strassenweb.de\\\/nachrichten\\\/wp-content\\\/uploads\\\/2024\\\/09\\\/cropped-favicon.png\",\"contentUrl\":\"https:\\\/\\\/www.strassenweb.de\\\/nachrichten\\\/wp-content\\\/uploads\\\/2024\\\/09\\\/cropped-favicon.png\",\"width\":512,\"height\":512,\"caption\":\"Stra\u00dfenweb\"},\"image\":{\"@id\":\"https:\\\/\\\/www.strassenweb.de\\\/nachrichten\\\/#\\\/schema\\\/logo\\\/image\\\/\"},\"sameAs\":[\"https:\\\/\\\/www.facebook.com\\\/strassenweb\\\/\"]},{\"@type\":\"Person\",\"@id\":\"https:\\\/\\\/www.strassenweb.de\\\/nachrichten\\\/#\\\/schema\\\/person\\\/87c9c9067f1211da429a744dc5a5aa41\",\"name\":\"Robert Hoffmann\",\"image\":{\"@type\":\"ImageObject\",\"inLanguage\":\"de\",\"@id\":\"https:\\\/\\\/www.strassenweb.de\\\/nachrichten\\\/wp-content\\\/uploads\\\/2024\\\/09\\\/strassenweb-150x150.jpg\",\"url\":\"https:\\\/\\\/www.strassenweb.de\\\/nachrichten\\\/wp-content\\\/uploads\\\/2024\\\/09\\\/strassenweb-150x150.jpg\",\"contentUrl\":\"https:\\\/\\\/www.strassenweb.de\\\/nachrichten\\\/wp-content\\\/uploads\\\/2024\\\/09\\\/strassenweb-150x150.jpg\",\"caption\":\"Robert Hoffmann\"},\"description\":\"Ich hei\u00dfe Robert Hoffmann und ich bin ein leidenschaftlicher Verfechter von \u00d6kologie und Biodiversit\u00e4t. Seit meiner Kindheit in den W\u00e4ldern Bayerns f\u00fchle ich mich mit der Natur verbunden und bin entschlossen, sie zu sch\u00fctzen. Heute widme ich mein Leben der Sensibilisierung anderer f\u00fcr die Bedeutung des Umweltschutzes f\u00fcr zuk\u00fcnftige Generationen.\",\"sameAs\":[\"https:\\\/\\\/www.strassenweb.de\\\/\"]}]}<\/script>\n<!-- \/ Yoast SEO plugin. -->","yoast_head_json":{"title":"Dieser Designer muss jetzt dank Joanna Gaines 'Herde und Handkollektion bei Target erschwinglicher denn je erschwinglicher als je zuvor - Nachrichten - Stra\u00dfenweb","robots":{"index":"index","follow":"follow","max-snippet":"max-snippet:-1","max-image-preview":"max-image-preview:large","max-video-preview":"max-video-preview:-1"},"canonical":"https:\/\/www.strassenweb.de\/nachrichten\/dieser-designer-muss-jetzt-dank-joanna-gaines-herde-und-handkollektion-bei-target-erschwinglicher-denn-je-erschwinglicher-als-je-zuvor\/","og_locale":"de_DE","og_type":"article","og_title":"Dieser Designer muss jetzt dank Joanna Gaines 'Herde und Handkollektion bei Target erschwinglicher denn je erschwinglicher als je zuvor - Nachrichten - Stra\u00dfenweb","og_description":"Tragbare Lampen haben seit dem Mainstream an Traktion gewonnen, und Designer unterst\u00fctzen ihre vielseitige F\u00e4higkeit, kleine Taschen mit warmem Licht zu liefern, wo immer Sie","og_url":"https:\/\/www.strassenweb.de\/nachrichten\/dieser-designer-muss-jetzt-dank-joanna-gaines-herde-und-handkollektion-bei-target-erschwinglicher-denn-je-erschwinglicher-als-je-zuvor\/","og_site_name":"Stra\u00dfenweb","article_publisher":"https:\/\/www.facebook.com\/strassenweb\/","article_published_time":"2025-02-01T15:03:49+00:00","article_modified_time":"2025-02-01T15:03:50+00:00","og_image":[{"width":1200,"height":675,"url":"https:\/\/www.strassenweb.de\/nachrichten\/wp-content\/uploads\/2025\/02\/Dieser-Designer-muss-jetzt-dank-Joanna-Gaines-Herde-und-Handkollektion.jpg","type":"image\/jpeg"}],"author":"Robert Hoffmann","twitter_card":"summary_large_image","twitter_misc":{"Verfasst von":"Robert Hoffmann","Gesch\u00e4tzte Lesezeit":"2\u00a0Minuten"},"schema":{"@context":"https:\/\/schema.org","@graph":[{"@type":"Article","@id":"https:\/\/www.strassenweb.de\/nachrichten\/dieser-designer-muss-jetzt-dank-joanna-gaines-herde-und-handkollektion-bei-target-erschwinglicher-denn-je-erschwinglicher-als-je-zuvor\/#article","isPartOf":{"@id":"https:\/\/www.strassenweb.de\/nachrichten\/dieser-designer-muss-jetzt-dank-joanna-gaines-herde-und-handkollektion-bei-target-erschwinglicher-denn-je-erschwinglicher-als-je-zuvor\/"},"author":{"name":"Robert Hoffmann","@id":"https:\/\/www.strassenweb.de\/nachrichten\/#\/schema\/person\/87c9c9067f1211da429a744dc5a5aa41"},"headline":"Dieser Designer muss jetzt dank Joanna Gaines &#8218;Herde und Handkollektion bei Target erschwinglicher denn je erschwinglicher als je zuvor","datePublished":"2025-02-01T15:03:49+00:00","dateModified":"2025-02-01T15:03:50+00:00","mainEntityOfPage":{"@id":"https:\/\/www.strassenweb.de\/nachrichten\/dieser-designer-muss-jetzt-dank-joanna-gaines-herde-und-handkollektion-bei-target-erschwinglicher-denn-je-erschwinglicher-als-je-zuvor\/"},"wordCount":462,"publisher":{"@id":"https:\/\/www.strassenweb.de\/nachrichten\/#organization"},"image":{"@id":"https:\/\/www.strassenweb.de\/nachrichten\/dieser-designer-muss-jetzt-dank-joanna-gaines-herde-und-handkollektion-bei-target-erschwinglicher-denn-je-erschwinglicher-als-je-zuvor\/#primaryimage"},"thumbnailUrl":"https:\/\/www.strassenweb.de\/nachrichten\/wp-content\/uploads\/2025\/02\/Dieser-Designer-muss-jetzt-dank-Joanna-Gaines-Herde-und-Handkollektion.jpg","keywords":["als","Bei","dank","denn","Designer","dieser","erschwinglicher","Gaines","Handkollektion","Herde","jetzt","Joanna","muss","Target","und","zuvor"],"articleSection":["Haus &amp; Garten"],"inLanguage":"de"},{"@type":"WebPage","@id":"https:\/\/www.strassenweb.de\/nachrichten\/dieser-designer-muss-jetzt-dank-joanna-gaines-herde-und-handkollektion-bei-target-erschwinglicher-denn-je-erschwinglicher-als-je-zuvor\/","url":"https:\/\/www.strassenweb.de\/nachrichten\/dieser-designer-muss-jetzt-dank-joanna-gaines-herde-und-handkollektion-bei-target-erschwinglicher-denn-je-erschwinglicher-als-je-zuvor\/","name":"Dieser Designer muss jetzt dank Joanna Gaines 'Herde und Handkollektion bei Target erschwinglicher denn je erschwinglicher als je zuvor - Nachrichten - Stra\u00dfenweb","isPartOf":{"@id":"https:\/\/www.strassenweb.de\/nachrichten\/#website"},"primaryImageOfPage":{"@id":"https:\/\/www.strassenweb.de\/nachrichten\/dieser-designer-muss-jetzt-dank-joanna-gaines-herde-und-handkollektion-bei-target-erschwinglicher-denn-je-erschwinglicher-als-je-zuvor\/#primaryimage"},"image":{"@id":"https:\/\/www.strassenweb.de\/nachrichten\/dieser-designer-muss-jetzt-dank-joanna-gaines-herde-und-handkollektion-bei-target-erschwinglicher-denn-je-erschwinglicher-als-je-zuvor\/#primaryimage"},"thumbnailUrl":"https:\/\/www.strassenweb.de\/nachrichten\/wp-content\/uploads\/2025\/02\/Dieser-Designer-muss-jetzt-dank-Joanna-Gaines-Herde-und-Handkollektion.jpg","datePublished":"2025-02-01T15:03:49+00:00","dateModified":"2025-02-01T15:03:50+00:00","breadcrumb":{"@id":"https:\/\/www.strassenweb.de\/nachrichten\/dieser-designer-muss-jetzt-dank-joanna-gaines-herde-und-handkollektion-bei-target-erschwinglicher-denn-je-erschwinglicher-als-je-zuvor\/#breadcrumb"},"inLanguage":"de","potentialAction":[{"@type":"ReadAction","target":["https:\/\/www.strassenweb.de\/nachrichten\/dieser-designer-muss-jetzt-dank-joanna-gaines-herde-und-handkollektion-bei-target-erschwinglicher-denn-je-erschwinglicher-als-je-zuvor\/"]}]},{"@type":"ImageObject","inLanguage":"de","@id":"https:\/\/www.strassenweb.de\/nachrichten\/dieser-designer-muss-jetzt-dank-joanna-gaines-herde-und-handkollektion-bei-target-erschwinglicher-denn-je-erschwinglicher-als-je-zuvor\/#primaryimage","url":"https:\/\/www.strassenweb.de\/nachrichten\/wp-content\/uploads\/2025\/02\/Dieser-Designer-muss-jetzt-dank-Joanna-Gaines-Herde-und-Handkollektion.jpg","contentUrl":"https:\/\/www.strassenweb.de\/nachrichten\/wp-content\/uploads\/2025\/02\/Dieser-Designer-muss-jetzt-dank-Joanna-Gaines-Herde-und-Handkollektion.jpg","width":1200,"height":675,"caption":"Dieser Designer muss jetzt dank Joanna Gaines 'Herde und Handkollektion bei Target erschwinglicher denn je erschwinglicher als je zuvor"},{"@type":"BreadcrumbList","@id":"https:\/\/www.strassenweb.de\/nachrichten\/dieser-designer-muss-jetzt-dank-joanna-gaines-herde-und-handkollektion-bei-target-erschwinglicher-denn-je-erschwinglicher-als-je-zuvor\/#breadcrumb","itemListElement":[{"@type":"ListItem","position":1,"name":"Home","item":"https:\/\/www.strassenweb.de\/nachrichten\/"},{"@type":"ListItem","position":2,"name":"Dieser Designer muss jetzt dank Joanna Gaines &#8218;Herde und Handkollektion bei Target erschwinglicher denn je erschwinglicher als je zuvor"}]},{"@type":"WebSite","@id":"https:\/\/www.strassenweb.de\/nachrichten\/#website","url":"https:\/\/www.strassenweb.de\/nachrichten\/","name":"Stra\u00dfenweb","description":"Stra\u00dfenverzeichnis f\u00fcr Deutschland","publisher":{"@id":"https:\/\/www.strassenweb.de\/nachrichten\/#organization"},"potentialAction":[{"@type":"SearchAction","target":{"@type":"EntryPoint","urlTemplate":"https:\/\/www.strassenweb.de\/nachrichten\/?s={search_term_string}"},"query-input":{"@type":"PropertyValueSpecification","valueRequired":true,"valueName":"search_term_string"}}],"inLanguage":"de"},{"@type":"Organization","@id":"https:\/\/www.strassenweb.de\/nachrichten\/#organization","name":"Stra\u00dfenweb","url":"https:\/\/www.strassenweb.de\/nachrichten\/","logo":{"@type":"ImageObject","inLanguage":"de","@id":"https:\/\/www.strassenweb.de\/nachrichten\/#\/schema\/logo\/image\/","url":"https:\/\/www.strassenweb.de\/nachrichten\/wp-content\/uploads\/2024\/09\/cropped-favicon.png","contentUrl":"https:\/\/www.strassenweb.de\/nachrichten\/wp-content\/uploads\/2024\/09\/cropped-favicon.png","width":512,"height":512,"caption":"Stra\u00dfenweb"},"image":{"@id":"https:\/\/www.strassenweb.de\/nachrichten\/#\/schema\/logo\/image\/"},"sameAs":["https:\/\/www.facebook.com\/strassenweb\/"]},{"@type":"Person","@id":"https:\/\/www.strassenweb.de\/nachrichten\/#\/schema\/person\/87c9c9067f1211da429a744dc5a5aa41","name":"Robert Hoffmann","image":{"@type":"ImageObject","inLanguage":"de","@id":"https:\/\/www.strassenweb.de\/nachrichten\/wp-content\/uploads\/2024\/09\/strassenweb-150x150.jpg","url":"https:\/\/www.strassenweb.de\/nachrichten\/wp-content\/uploads\/2024\/09\/strassenweb-150x150.jpg","contentUrl":"https:\/\/www.strassenweb.de\/nachrichten\/wp-content\/uploads\/2024\/09\/strassenweb-150x150.jpg","caption":"Robert Hoffmann"},"description":"Ich hei\u00dfe Robert Hoffmann und ich bin ein leidenschaftlicher Verfechter von \u00d6kologie und Biodiversit\u00e4t. Seit meiner Kindheit in den W\u00e4ldern Bayerns f\u00fchle ich mich mit der Natur verbunden und bin entschlossen, sie zu sch\u00fctzen. Heute widme ich mein Leben der Sensibilisierung anderer f\u00fcr die Bedeutung des Umweltschutzes f\u00fcr zuk\u00fcnftige Generationen.","sameAs":["https:\/\/www.strassenweb.de\/"]}]}},"_links":{"self":[{"href":"https:\/\/www.strassenweb.de\/nachrichten\/wp-json\/wp\/v2\/posts\/3063","targetHints":{"allow":["GET"]}}],"collection":[{"href":"https:\/\/www.strassenweb.de\/nachrichten\/wp-json\/wp\/v2\/posts"}],"about":[{"href":"https:\/\/www.strassenweb.de\/nachrichten\/wp-json\/wp\/v2\/types\/post"}],"author":[{"embeddable":true,"href":"https:\/\/www.strassenweb.de\/nachrichten\/wp-json\/wp\/v2\/users\/1"}],"replies":[{"embeddable":true,"href":"https:\/\/www.strassenweb.de\/nachrichten\/wp-json\/wp\/v2\/comments?post=3063"}],"version-history":[{"count":0,"href":"https:\/\/www.strassenweb.de\/nachrichten\/wp-json\/wp\/v2\/posts\/3063\/revisions"}],"wp:featuredmedia":[{"embeddable":true,"href":"https:\/\/www.strassenweb.de\/nachrichten\/wp-json\/wp\/v2\/media\/3064"}],"wp:attachment":[{"href":"https:\/\/www.strassenweb.de\/nachrichten\/wp-json\/wp\/v2\/media?parent=3063"}],"wp:term":[{"taxonomy":"category","embeddable":true,"href":"https:\/\/www.strassenweb.de\/nachrichten\/wp-json\/wp\/v2\/categories?post=3063"},{"taxonomy":"post_tag","embeddable":true,"href":"https:\/\/www.strassenweb.de\/nachrichten\/wp-json\/wp\/v2\/tags?post=3063"}],"curies":[{"name":"wp","href":"https:\/\/api.w.org\/{rel}","templated":true}]}}