{"id":3027,"date":"2025-01-30T23:40:01","date_gmt":"2025-01-30T22:40:01","guid":{"rendered":"https:\/\/www.strassenweb.de\/nachrichten\/muessen-sie-im-winter-wirklich-eine-wechselstromeinheit-abdecken-hlk-experten-warnen-dass-es-mehr-schaden-als-nuetzen-wird\/"},"modified":"2025-01-30T23:40:02","modified_gmt":"2025-01-30T22:40:02","slug":"muessen-sie-im-winter-wirklich-eine-wechselstromeinheit-abdecken-hlk-experten-warnen-dass-es-mehr-schaden-als-nuetzen-wird","status":"publish","type":"post","link":"https:\/\/www.strassenweb.de\/nachrichten\/muessen-sie-im-winter-wirklich-eine-wechselstromeinheit-abdecken-hlk-experten-warnen-dass-es-mehr-schaden-als-nuetzen-wird\/","title":{"rendered":"M\u00fcssen Sie im Winter wirklich eine Wechselstromeinheit abdecken? HLK -Experten warnen, dass es mehr schaden als n\u00fctzen wird"},"content":{"rendered":"<p><\/p>\n<div id=\"article-body\" class=\"article__body \">\n<p>Sehr wenige von uns nutzen wahrscheinlich unsere Wechselstromeinheiten nach dem Sommer und wechseln stattdessen auf Heizung, um uns im Winter gem\u00fctlich zu halten. Die Logik folgt, dass ein gro\u00dfes technologisches Ger\u00e4t wahrscheinlich nicht drau\u00dfen bei eiskaltem, nassem Wetter ohne Schutz sein sollte.<\/p>\n<div id=\"ad-unit-1\" class=\"ad-unit\"><\/div>\n<p>HLK-Experten warnen jedoch, dass die Verwendung einer eng anliegenden Abdeckung \u00fcbertrieben mehr Schaden als Nutzen anrichten k\u00f6nnte.<\/p>\n<aside class=\"hawk-nest\" data-block-type=\"embed\" data-render-type=\"fte\" data-skip=\"dealsy\" data-widget-type=\"seasonal\">\n<div class=\"hawk-master-widget-hawk-base-wrapper\"><\/div>\n<\/aside>\n<p>Aus diesem Grund glauben unsere Experten, dass es Zeitverschwendung ist, mit einer Wechselstromabdeckung zu ringen, wenn <u>Vorbereitung eines Hauses f\u00fcr kaltes Wetter<\/u>und was Sie stattdessen tun k\u00f6nnen, um Ihr Ger\u00e4t vor Sch\u00e4den w\u00e4hrend eines Einfrierens zu sch\u00fctzen.<\/p>\n<div id=\"desktop-in-article\" class=\"in-article ad-unit\">\n<div id=\"desktop-taboola-mid-article\"><\/div>\n<\/div>\n<div id=\"mobile-in-article\" class=\"in-article ad-unit\">\n<div id=\"mobile-taboola-mid-article\"><\/div>\n<\/div>\n<h2 id=\"why-you-shouldn-t-cover-an-ac-unit-in-winter-3\">Warum Sie im Winter keine Wechselstromeinheit abdecken sollten <\/h2>\n<p>Es ist sehr selten, dass kaltes Wetter eine verursacht <u>AC -Einheit zum Einfrieren<\/u>. Kevin Goude, HLK-Spezialist und Eigent\u00fcmer von First Choice beginnt, &#8218;eng anliegende Stoff- und Vinyl-Wechselstromabdeckungen sind f\u00fcr deine absolut nutzlos <u>Klimaanlage<\/u> und mehr schaden als n\u00fctzt. Denken Sie daran, dass AC -Einheiten allen Wetterbedingungen standhalten, einschlie\u00dflich Schnee, Regen, Wind und extremen Temperaturen, und Wechselstromabdeckungen nur Fangen -Feuchtigkeit im Inneren, was zu Schimmelwachstum und Rost f\u00fchrt. &#8218;<\/p>\n<div class=\"van_vid_carousel\">\n<div class=\"van_vid_carousel__padding\">\n<div class=\"van_vid_carousel__container\"><\/div>\n<\/div>\n<\/div>\n<p>Dies verk\u00fcrzt nicht nur die Lebensdauer Ihrer Einheit, sondern macht auch auch die Lebensdauer, sondern auch die Lebensdauer, sondern auch die Lebensdauer Ihrer Einheit <u>Reinigen einer Wechselstromeinheit<\/u> h\u00e4rter und kann Ihre Innenluftqualit\u00e4t beeinflussen.<\/p>\n<div id=\"ad-unit-2\" class=\"ad-unit\"><\/div>\n<p>Kevin f\u00e4hrt fort: \u201eDie einzigen Dinge, vor denen Sie Ihre AC -Einheit sch\u00fctzen m\u00f6chten, ist das Eis, das w\u00e4hrend der St\u00fcrme vom Dach oder Flugobjekten f\u00e4llt. Verwenden Sie jedoch niemals diese engen Stoffabdeckungen, die das Ger\u00e4t vollst\u00e4ndig einschlie\u00dfen &#8211; sie sind zu weich, um das Ger\u00e4t vor harten Objekten zu sch\u00fctzen, und sitzen zu dicht zu den Einheitenw\u00e4nden, um einen ordnungsgem\u00e4\u00dfen Luftstrom zu gew\u00e4hrleisten. &#8218;<\/p>\n<p>Zu <u>Bereiten Sie Ihr Zuhause auf einen Schneesturm vor<\/u>Kevin empfiehlt stattdessen: \u201eWenn Ihre Wechselstromeinheit an der Wand montiert ist, installieren Sie ein Sperrholzbrett oben mit Klammern oder Schrauben, um fallendes Eis und Tr\u00fcmmer abzulenken. Wenn Sie eine stehende Wechselstromeinheit haben, k\u00f6nnen Sie sie vor gefallenem Eis und Fluggegenst\u00e4nden mit einer h\u00f6lzernen oder metallschettenden Kastenabdeckung sch\u00fctzen, die Sch\u00e4den verhindert, w\u00e4hrend sie Luftstrom zul\u00e4sst. &#8218;<\/p>\n<p>Wenn Sie sich Sorgen \u00fcber m\u00f6gliche Sch\u00e4den im Winter machen, k\u00f6nnen Sie jederzeit einen planen <u>HLK -Systemdienst<\/u> Zu Beginn jeder Feder, um sicherzustellen, dass Ihr System mit zunehmender Temperatur bereit ist.<\/p>\n<h3 class=\"article-body__section\" id=\"section-the-exceptions-to-the-rule\"><span>Ausnahmen von der Regel <\/span><\/h3>\n<figure class=\"van-image-figure inline-layout \" data-bordeaux-image-check>\n<div class=\"image-full-width-wrapper\">\n<div class=\"image-widthsetter\" style=\"max-width:2400px;\"><\/div>\n<\/div>\n<\/figure>\n<p>Es gibt zwei Ausnahmen von der &#8222;Nichtbedeckung&#8220; -Regel, aber sie sind nur vor\u00fcbergehend, enth\u00fcllen Mark Woodruff, Senior Product Manager bei der HLK Company, Trane Residential.<\/p>\n<p>Er sagt: \u201aIm Allgemeinen ist die beste Zeit, um Ihre Einheit zu decken, im Herbst, mit dem Ziel, weiterhin Bl\u00e4tter und Schmutz aus der Einheit herauszukommen. Dies gibt es f\u00fcr einige der w\u00e4rmeren Gebiete des Landes, die im Herbst m\u00f6glicherweise immer noch regelm\u00e4\u00dfig abk\u00fchlen m\u00fcssen. Das liegt daran, dass viele Hausbesitzer die AC einschalten und vergessen, dass sich die Abdeckung auf der Einheit befindet, was das Klimaanlagensystem verletzen kann. &#8218; Um dies zu umgehen, k\u00f6nnen Sie wachsamer sein <u>Bl\u00e4tter sammeln<\/u> und sie regelm\u00e4\u00dfig im Rahmen von Ihrer Wechselstromeinheit aus dem Rund um Ihre Wechselstromeinheit zu entfernen <u>Sturz nach Hause Wartung<\/u>.<\/p>\n<p>&#8218;Es gibt auch ein Szenario, in dem sich die Wechselstromeinheit in der N\u00e4he einer Einfahrt befindet, in der der Hausbesitzer w\u00e4hrend der schneebedeckten Jahreszeit Salz ausbreitet. Salz ist \u00e4tzend und verursacht Rost. Das Salz von der Einheit aus dem Ger\u00e4t h\u00e4lt im Allgemeinen eine gute Sache.<\/p>\n<p>\u201eInsgesamt ist es jedoch immer noch am besten, wenn Sie nur das Oberteil abdecken k\u00f6nnen, aber nicht das gesamte Ger\u00e4t und vermeiden Sie, dass Salz in der N\u00e4he des Ger\u00e4ts insgesamt verwendet wird, wenn <u>Gartenwege und Terrassen enteisen<\/u>. &#8218;<\/p>\n<h3 class=\"article-body__section\" id=\"section-shutting-down-an-ac-unit-for-winter\"><span>Einen Wechselstromeinheit f\u00fcr den Winter herunterf\u00fchren <\/span><\/h3>\n<figure class=\"van-image-figure inline-layout \" data-bordeaux-image-check>\n<div class=\"image-full-width-wrapper\">\n<div class=\"image-widthsetter\" style=\"max-width:2000px;\"><\/div>\n<\/div>\n<\/figure>\n<p>Was sollten Sie stattdessen keine Wechselstromeinheit abdecken, wenn die Temperatur sinkt?<\/p>\n<p>Richie Drew, Vizepr\u00e4sident der Operationen in einer Stunde Heizung und Klimaanlage, sagt: \u201eDas erste, was beim Herunterfahren Ihrer zentralen Wechselstrom f\u00fcr den Winter zu tun ist, besteht darin, seine Leistung auszuschalten. Dies verhindert den Energieverlust durch Phantomlasten und hilft zu vermeiden, das System in Kaltmonaten versehentlich zu starten. Wenn das Ger\u00e4t einschalten und Wasser zirkulieren w\u00fcrde, w\u00e4hrend die Temperaturen einfrieren, k\u00f6nnte dies zu schwerwiegenden Sch\u00e4den f\u00fchren.<\/p>\n<p>\u201eDas Hauptanliegen bei Schnee ist die Menge an Schnee, die sich um das Ger\u00e4t h\u00e4uft, nicht der gesamte Schneefall in der Region. Bei dem Schutz der Einheit geht es mehr darum, \u00fcberm\u00e4\u00dfige Ansammlungen um sie herum zu verhindern, anstatt sie vor kalten Temperaturen zu sch\u00fctzen. &#8218;<\/p>\n<p>Eine Schneeschaufel mit einer Pinsel, die bei Walmart erh\u00e4ltlich ist, ist die beste Option, um die Schneeansammlung um eine externe Einheit zu entfernen.<\/p>\n<h2 class=\"article-body__section\" id=\"section-faqs\"><span>FAQs<\/span><\/h2>\n<h3 class=\"article-body__section\" id=\"section-should-i-put-a-mesh-cover-on-my-ac-unit\"><span>Sollte ich eine Netzabdeckung auf meine AC -Einheit legen? <\/span><\/h3>\n<p>Im Allgemeinen sollten Sie niemals eine AC -Einheit mit irgendetwas abdecken. Mesh -Abdeckungen k\u00f6nnen dazu beitragen, die Bl\u00e4tter und andere Tr\u00fcmmer daran zu hindern, das System zu betreten, aber sie k\u00f6nnen auch den Luftstrom einschr\u00e4nken und eine schlechtere Besch\u00e4digung des Ger\u00e4ts riskieren. Verwenden Sie h\u00f6chstens ein Dach \u00fcber Ihrer Wechselstromeinheit, um es vor fallendem Schnee, Eis und Schmutz von oben im Winter zu sch\u00fctzen.<\/p>\n<h3 class=\"article-body__section\" id=\"section-how-do-i-winterize-an-outdoor-ac-unit\"><span>Wie kann ich eine Wechselstromeinheit im Freien winterlich machen? <\/span><\/h3>\n<p>Neben dem Ausschalten des Stroms k\u00f6nnen Sie im Allgemeinen eine Wechselstromeinheit \u00fcber den Winter lassen, da sie dem widrigen Wetter standhalten. Wenn Sie regelm\u00e4\u00dfig Temperaturen unter dem Gefrierpunkt erleben, k\u00f6nnen Sie die Isolierung von Rohrleitungen mit Schaumstoffisolierung in Betracht ziehen, um Rohre vor dem Einfrieren zu stoppen.<\/p>\n<hr>\n<p>Wenn Sie sich f\u00fcr die Abdeckung Ihrer Wechselstromeinheit im Winter entscheiden, stellen Sie sicher, dass die Abdeckung locker ist, um eine angemessene Bel\u00fcftung zu erm\u00f6glichen, um Kondensation zu vermeiden, die das Ger\u00e4t besch\u00e4digen k\u00f6nnten. Alles in allem ist es jedoch besser, Ihr Geld und Ihre Energie zu sparen, wenn <u>ein Haus winterisieren<\/u> und lass dein Ger\u00e4t sein.<\/p>\n<p>Es ist auch ratsam, \u00fcber die Instandenthaltsfehler zu wissen, die sie im Winter niemals machen k\u00f6nnen.<\/p>\n<\/div>\n","protected":false},"excerpt":{"rendered":"<p>Sehr wenige von uns nutzen wahrscheinlich unsere Wechselstromeinheiten nach dem Sommer und wechseln stattdessen auf Heizung, um uns im Winter gem\u00fctlich zu halten. Die Logik<\/p>\n","protected":false},"author":1,"featured_media":3028,"comment_status":"closed","ping_status":"","sticky":false,"template":"","format":"standard","meta":{"footnotes":""},"categories":[118],"tags":[4876,935,51,74,667,4814,301,594,476,438,165,1066,4875,204,71,429],"class_list":["post-3027","post","type-post","status-publish","format-standard","has-post-thumbnail","hentry","category-haus-garten","tag-abdecken","tag-als","tag-dass","tag-eine","tag-experten","tag-hlk","tag-mehr","tag-muessen","tag-nutzen","tag-schaden","tag-sie","tag-warnen","tag-wechselstromeinheit","tag-winter","tag-wird","tag-wirklich","generate-columns","tablet-grid-50","mobile-grid-100","grid-parent","grid-50"],"yoast_head":"<!-- This site is optimized with the Yoast SEO plugin v27.3 - https:\/\/yoast.com\/product\/yoast-seo-wordpress\/ -->\n<title>M\u00fcssen Sie im Winter wirklich eine Wechselstromeinheit abdecken? HLK -Experten warnen, dass es mehr schaden als n\u00fctzen wird - Nachrichten - Stra\u00dfenweb<\/title>\n<meta name=\"robots\" content=\"index, follow, max-snippet:-1, max-image-preview:large, max-video-preview:-1\" \/>\n<link rel=\"canonical\" href=\"https:\/\/www.strassenweb.de\/nachrichten\/muessen-sie-im-winter-wirklich-eine-wechselstromeinheit-abdecken-hlk-experten-warnen-dass-es-mehr-schaden-als-nuetzen-wird\/\" \/>\n<meta property=\"og:locale\" content=\"de_DE\" \/>\n<meta property=\"og:type\" content=\"article\" \/>\n<meta property=\"og:title\" content=\"M\u00fcssen Sie im Winter wirklich eine Wechselstromeinheit abdecken? HLK -Experten warnen, dass es mehr schaden als n\u00fctzen wird - Nachrichten - Stra\u00dfenweb\" \/>\n<meta property=\"og:description\" content=\"Sehr wenige von uns nutzen wahrscheinlich unsere Wechselstromeinheiten nach dem Sommer und wechseln stattdessen auf Heizung, um uns im Winter gem\u00fctlich zu halten. Die Logik\" \/>\n<meta property=\"og:url\" content=\"https:\/\/www.strassenweb.de\/nachrichten\/muessen-sie-im-winter-wirklich-eine-wechselstromeinheit-abdecken-hlk-experten-warnen-dass-es-mehr-schaden-als-nuetzen-wird\/\" \/>\n<meta property=\"og:site_name\" content=\"Stra\u00dfenweb\" \/>\n<meta property=\"article:publisher\" content=\"https:\/\/www.facebook.com\/strassenweb\/\" \/>\n<meta property=\"article:published_time\" content=\"2025-01-30T22:40:01+00:00\" \/>\n<meta property=\"article:modified_time\" content=\"2025-01-30T22:40:02+00:00\" \/>\n<meta property=\"og:image\" content=\"https:\/\/www.strassenweb.de\/nachrichten\/wp-content\/uploads\/2025\/01\/Muessen-Sie-im-Winter-wirklich-eine-Wechselstromeinheit-abdecken-HLK-Experten.jpg\" \/>\n\t<meta property=\"og:image:width\" content=\"1200\" \/>\n\t<meta property=\"og:image:height\" content=\"675\" \/>\n\t<meta property=\"og:image:type\" content=\"image\/jpeg\" \/>\n<meta name=\"author\" content=\"Robert Hoffmann\" \/>\n<meta name=\"twitter:card\" content=\"summary_large_image\" \/>\n<meta name=\"twitter:label1\" content=\"Verfasst von\" \/>\n\t<meta name=\"twitter:data1\" content=\"Robert Hoffmann\" \/>\n\t<meta name=\"twitter:label2\" content=\"Gesch\u00e4tzte Lesezeit\" \/>\n\t<meta name=\"twitter:data2\" content=\"5\u00a0Minuten\" \/>\n<script type=\"application\/ld+json\" class=\"yoast-schema-graph\">{\"@context\":\"https:\\\/\\\/schema.org\",\"@graph\":[{\"@type\":\"Article\",\"@id\":\"https:\\\/\\\/www.strassenweb.de\\\/nachrichten\\\/muessen-sie-im-winter-wirklich-eine-wechselstromeinheit-abdecken-hlk-experten-warnen-dass-es-mehr-schaden-als-nuetzen-wird\\\/#article\",\"isPartOf\":{\"@id\":\"https:\\\/\\\/www.strassenweb.de\\\/nachrichten\\\/muessen-sie-im-winter-wirklich-eine-wechselstromeinheit-abdecken-hlk-experten-warnen-dass-es-mehr-schaden-als-nuetzen-wird\\\/\"},\"author\":{\"name\":\"Robert Hoffmann\",\"@id\":\"https:\\\/\\\/www.strassenweb.de\\\/nachrichten\\\/#\\\/schema\\\/person\\\/87c9c9067f1211da429a744dc5a5aa41\"},\"headline\":\"M\u00fcssen Sie im Winter wirklich eine Wechselstromeinheit abdecken? HLK -Experten warnen, dass es mehr schaden als n\u00fctzen wird\",\"datePublished\":\"2025-01-30T22:40:01+00:00\",\"dateModified\":\"2025-01-30T22:40:02+00:00\",\"mainEntityOfPage\":{\"@id\":\"https:\\\/\\\/www.strassenweb.de\\\/nachrichten\\\/muessen-sie-im-winter-wirklich-eine-wechselstromeinheit-abdecken-hlk-experten-warnen-dass-es-mehr-schaden-als-nuetzen-wird\\\/\"},\"wordCount\":1046,\"publisher\":{\"@id\":\"https:\\\/\\\/www.strassenweb.de\\\/nachrichten\\\/#organization\"},\"image\":{\"@id\":\"https:\\\/\\\/www.strassenweb.de\\\/nachrichten\\\/muessen-sie-im-winter-wirklich-eine-wechselstromeinheit-abdecken-hlk-experten-warnen-dass-es-mehr-schaden-als-nuetzen-wird\\\/#primaryimage\"},\"thumbnailUrl\":\"https:\\\/\\\/www.strassenweb.de\\\/nachrichten\\\/wp-content\\\/uploads\\\/2025\\\/01\\\/Muessen-Sie-im-Winter-wirklich-eine-Wechselstromeinheit-abdecken-HLK-Experten.jpg\",\"keywords\":[\"abdecken\",\"als\",\"dass\",\"eine\",\"Experten\",\"HLK\",\"mehr\",\"m\u00fcssen\",\"nutzen\",\"schaden\",\"Sie\",\"warnen\",\"Wechselstromeinheit\",\"Winter\",\"wird\",\"wirklich\"],\"articleSection\":[\"Haus &amp; Garten\"],\"inLanguage\":\"de\"},{\"@type\":\"WebPage\",\"@id\":\"https:\\\/\\\/www.strassenweb.de\\\/nachrichten\\\/muessen-sie-im-winter-wirklich-eine-wechselstromeinheit-abdecken-hlk-experten-warnen-dass-es-mehr-schaden-als-nuetzen-wird\\\/\",\"url\":\"https:\\\/\\\/www.strassenweb.de\\\/nachrichten\\\/muessen-sie-im-winter-wirklich-eine-wechselstromeinheit-abdecken-hlk-experten-warnen-dass-es-mehr-schaden-als-nuetzen-wird\\\/\",\"name\":\"M\u00fcssen Sie im Winter wirklich eine Wechselstromeinheit abdecken? HLK -Experten warnen, dass es mehr schaden als n\u00fctzen wird - Nachrichten - Stra\u00dfenweb\",\"isPartOf\":{\"@id\":\"https:\\\/\\\/www.strassenweb.de\\\/nachrichten\\\/#website\"},\"primaryImageOfPage\":{\"@id\":\"https:\\\/\\\/www.strassenweb.de\\\/nachrichten\\\/muessen-sie-im-winter-wirklich-eine-wechselstromeinheit-abdecken-hlk-experten-warnen-dass-es-mehr-schaden-als-nuetzen-wird\\\/#primaryimage\"},\"image\":{\"@id\":\"https:\\\/\\\/www.strassenweb.de\\\/nachrichten\\\/muessen-sie-im-winter-wirklich-eine-wechselstromeinheit-abdecken-hlk-experten-warnen-dass-es-mehr-schaden-als-nuetzen-wird\\\/#primaryimage\"},\"thumbnailUrl\":\"https:\\\/\\\/www.strassenweb.de\\\/nachrichten\\\/wp-content\\\/uploads\\\/2025\\\/01\\\/Muessen-Sie-im-Winter-wirklich-eine-Wechselstromeinheit-abdecken-HLK-Experten.jpg\",\"datePublished\":\"2025-01-30T22:40:01+00:00\",\"dateModified\":\"2025-01-30T22:40:02+00:00\",\"breadcrumb\":{\"@id\":\"https:\\\/\\\/www.strassenweb.de\\\/nachrichten\\\/muessen-sie-im-winter-wirklich-eine-wechselstromeinheit-abdecken-hlk-experten-warnen-dass-es-mehr-schaden-als-nuetzen-wird\\\/#breadcrumb\"},\"inLanguage\":\"de\",\"potentialAction\":[{\"@type\":\"ReadAction\",\"target\":[\"https:\\\/\\\/www.strassenweb.de\\\/nachrichten\\\/muessen-sie-im-winter-wirklich-eine-wechselstromeinheit-abdecken-hlk-experten-warnen-dass-es-mehr-schaden-als-nuetzen-wird\\\/\"]}]},{\"@type\":\"ImageObject\",\"inLanguage\":\"de\",\"@id\":\"https:\\\/\\\/www.strassenweb.de\\\/nachrichten\\\/muessen-sie-im-winter-wirklich-eine-wechselstromeinheit-abdecken-hlk-experten-warnen-dass-es-mehr-schaden-als-nuetzen-wird\\\/#primaryimage\",\"url\":\"https:\\\/\\\/www.strassenweb.de\\\/nachrichten\\\/wp-content\\\/uploads\\\/2025\\\/01\\\/Muessen-Sie-im-Winter-wirklich-eine-Wechselstromeinheit-abdecken-HLK-Experten.jpg\",\"contentUrl\":\"https:\\\/\\\/www.strassenweb.de\\\/nachrichten\\\/wp-content\\\/uploads\\\/2025\\\/01\\\/Muessen-Sie-im-Winter-wirklich-eine-Wechselstromeinheit-abdecken-HLK-Experten.jpg\",\"width\":1200,\"height\":675,\"caption\":\"M\u00fcssen Sie im Winter wirklich eine Wechselstromeinheit abdecken? HLK -Experten warnen, dass es mehr schaden als n\u00fctzen wird\"},{\"@type\":\"BreadcrumbList\",\"@id\":\"https:\\\/\\\/www.strassenweb.de\\\/nachrichten\\\/muessen-sie-im-winter-wirklich-eine-wechselstromeinheit-abdecken-hlk-experten-warnen-dass-es-mehr-schaden-als-nuetzen-wird\\\/#breadcrumb\",\"itemListElement\":[{\"@type\":\"ListItem\",\"position\":1,\"name\":\"Home\",\"item\":\"https:\\\/\\\/www.strassenweb.de\\\/nachrichten\\\/\"},{\"@type\":\"ListItem\",\"position\":2,\"name\":\"M\u00fcssen Sie im Winter wirklich eine Wechselstromeinheit abdecken? HLK -Experten warnen, dass es mehr schaden als n\u00fctzen wird\"}]},{\"@type\":\"WebSite\",\"@id\":\"https:\\\/\\\/www.strassenweb.de\\\/nachrichten\\\/#website\",\"url\":\"https:\\\/\\\/www.strassenweb.de\\\/nachrichten\\\/\",\"name\":\"Stra\u00dfenweb\",\"description\":\"Stra\u00dfenverzeichnis f\u00fcr Deutschland\",\"publisher\":{\"@id\":\"https:\\\/\\\/www.strassenweb.de\\\/nachrichten\\\/#organization\"},\"potentialAction\":[{\"@type\":\"SearchAction\",\"target\":{\"@type\":\"EntryPoint\",\"urlTemplate\":\"https:\\\/\\\/www.strassenweb.de\\\/nachrichten\\\/?s={search_term_string}\"},\"query-input\":{\"@type\":\"PropertyValueSpecification\",\"valueRequired\":true,\"valueName\":\"search_term_string\"}}],\"inLanguage\":\"de\"},{\"@type\":\"Organization\",\"@id\":\"https:\\\/\\\/www.strassenweb.de\\\/nachrichten\\\/#organization\",\"name\":\"Stra\u00dfenweb\",\"url\":\"https:\\\/\\\/www.strassenweb.de\\\/nachrichten\\\/\",\"logo\":{\"@type\":\"ImageObject\",\"inLanguage\":\"de\",\"@id\":\"https:\\\/\\\/www.strassenweb.de\\\/nachrichten\\\/#\\\/schema\\\/logo\\\/image\\\/\",\"url\":\"https:\\\/\\\/www.strassenweb.de\\\/nachrichten\\\/wp-content\\\/uploads\\\/2024\\\/09\\\/cropped-favicon.png\",\"contentUrl\":\"https:\\\/\\\/www.strassenweb.de\\\/nachrichten\\\/wp-content\\\/uploads\\\/2024\\\/09\\\/cropped-favicon.png\",\"width\":512,\"height\":512,\"caption\":\"Stra\u00dfenweb\"},\"image\":{\"@id\":\"https:\\\/\\\/www.strassenweb.de\\\/nachrichten\\\/#\\\/schema\\\/logo\\\/image\\\/\"},\"sameAs\":[\"https:\\\/\\\/www.facebook.com\\\/strassenweb\\\/\"]},{\"@type\":\"Person\",\"@id\":\"https:\\\/\\\/www.strassenweb.de\\\/nachrichten\\\/#\\\/schema\\\/person\\\/87c9c9067f1211da429a744dc5a5aa41\",\"name\":\"Robert Hoffmann\",\"image\":{\"@type\":\"ImageObject\",\"inLanguage\":\"de\",\"@id\":\"https:\\\/\\\/www.strassenweb.de\\\/nachrichten\\\/wp-content\\\/uploads\\\/2024\\\/09\\\/strassenweb-150x150.jpg\",\"url\":\"https:\\\/\\\/www.strassenweb.de\\\/nachrichten\\\/wp-content\\\/uploads\\\/2024\\\/09\\\/strassenweb-150x150.jpg\",\"contentUrl\":\"https:\\\/\\\/www.strassenweb.de\\\/nachrichten\\\/wp-content\\\/uploads\\\/2024\\\/09\\\/strassenweb-150x150.jpg\",\"caption\":\"Robert Hoffmann\"},\"description\":\"Ich hei\u00dfe Robert Hoffmann und ich bin ein leidenschaftlicher Verfechter von \u00d6kologie und Biodiversit\u00e4t. Seit meiner Kindheit in den W\u00e4ldern Bayerns f\u00fchle ich mich mit der Natur verbunden und bin entschlossen, sie zu sch\u00fctzen. Heute widme ich mein Leben der Sensibilisierung anderer f\u00fcr die Bedeutung des Umweltschutzes f\u00fcr zuk\u00fcnftige Generationen.\",\"sameAs\":[\"https:\\\/\\\/www.strassenweb.de\\\/\"]}]}<\/script>\n<!-- \/ Yoast SEO plugin. -->","yoast_head_json":{"title":"M\u00fcssen Sie im Winter wirklich eine Wechselstromeinheit abdecken? HLK -Experten warnen, dass es mehr schaden als n\u00fctzen wird - Nachrichten - Stra\u00dfenweb","robots":{"index":"index","follow":"follow","max-snippet":"max-snippet:-1","max-image-preview":"max-image-preview:large","max-video-preview":"max-video-preview:-1"},"canonical":"https:\/\/www.strassenweb.de\/nachrichten\/muessen-sie-im-winter-wirklich-eine-wechselstromeinheit-abdecken-hlk-experten-warnen-dass-es-mehr-schaden-als-nuetzen-wird\/","og_locale":"de_DE","og_type":"article","og_title":"M\u00fcssen Sie im Winter wirklich eine Wechselstromeinheit abdecken? HLK -Experten warnen, dass es mehr schaden als n\u00fctzen wird - Nachrichten - Stra\u00dfenweb","og_description":"Sehr wenige von uns nutzen wahrscheinlich unsere Wechselstromeinheiten nach dem Sommer und wechseln stattdessen auf Heizung, um uns im Winter gem\u00fctlich zu halten. Die Logik","og_url":"https:\/\/www.strassenweb.de\/nachrichten\/muessen-sie-im-winter-wirklich-eine-wechselstromeinheit-abdecken-hlk-experten-warnen-dass-es-mehr-schaden-als-nuetzen-wird\/","og_site_name":"Stra\u00dfenweb","article_publisher":"https:\/\/www.facebook.com\/strassenweb\/","article_published_time":"2025-01-30T22:40:01+00:00","article_modified_time":"2025-01-30T22:40:02+00:00","og_image":[{"width":1200,"height":675,"url":"https:\/\/www.strassenweb.de\/nachrichten\/wp-content\/uploads\/2025\/01\/Muessen-Sie-im-Winter-wirklich-eine-Wechselstromeinheit-abdecken-HLK-Experten.jpg","type":"image\/jpeg"}],"author":"Robert Hoffmann","twitter_card":"summary_large_image","twitter_misc":{"Verfasst von":"Robert Hoffmann","Gesch\u00e4tzte Lesezeit":"5\u00a0Minuten"},"schema":{"@context":"https:\/\/schema.org","@graph":[{"@type":"Article","@id":"https:\/\/www.strassenweb.de\/nachrichten\/muessen-sie-im-winter-wirklich-eine-wechselstromeinheit-abdecken-hlk-experten-warnen-dass-es-mehr-schaden-als-nuetzen-wird\/#article","isPartOf":{"@id":"https:\/\/www.strassenweb.de\/nachrichten\/muessen-sie-im-winter-wirklich-eine-wechselstromeinheit-abdecken-hlk-experten-warnen-dass-es-mehr-schaden-als-nuetzen-wird\/"},"author":{"name":"Robert Hoffmann","@id":"https:\/\/www.strassenweb.de\/nachrichten\/#\/schema\/person\/87c9c9067f1211da429a744dc5a5aa41"},"headline":"M\u00fcssen Sie im Winter wirklich eine Wechselstromeinheit abdecken? HLK -Experten warnen, dass es mehr schaden als n\u00fctzen wird","datePublished":"2025-01-30T22:40:01+00:00","dateModified":"2025-01-30T22:40:02+00:00","mainEntityOfPage":{"@id":"https:\/\/www.strassenweb.de\/nachrichten\/muessen-sie-im-winter-wirklich-eine-wechselstromeinheit-abdecken-hlk-experten-warnen-dass-es-mehr-schaden-als-nuetzen-wird\/"},"wordCount":1046,"publisher":{"@id":"https:\/\/www.strassenweb.de\/nachrichten\/#organization"},"image":{"@id":"https:\/\/www.strassenweb.de\/nachrichten\/muessen-sie-im-winter-wirklich-eine-wechselstromeinheit-abdecken-hlk-experten-warnen-dass-es-mehr-schaden-als-nuetzen-wird\/#primaryimage"},"thumbnailUrl":"https:\/\/www.strassenweb.de\/nachrichten\/wp-content\/uploads\/2025\/01\/Muessen-Sie-im-Winter-wirklich-eine-Wechselstromeinheit-abdecken-HLK-Experten.jpg","keywords":["abdecken","als","dass","eine","Experten","HLK","mehr","m\u00fcssen","nutzen","schaden","Sie","warnen","Wechselstromeinheit","Winter","wird","wirklich"],"articleSection":["Haus &amp; Garten"],"inLanguage":"de"},{"@type":"WebPage","@id":"https:\/\/www.strassenweb.de\/nachrichten\/muessen-sie-im-winter-wirklich-eine-wechselstromeinheit-abdecken-hlk-experten-warnen-dass-es-mehr-schaden-als-nuetzen-wird\/","url":"https:\/\/www.strassenweb.de\/nachrichten\/muessen-sie-im-winter-wirklich-eine-wechselstromeinheit-abdecken-hlk-experten-warnen-dass-es-mehr-schaden-als-nuetzen-wird\/","name":"M\u00fcssen Sie im Winter wirklich eine Wechselstromeinheit abdecken? HLK -Experten warnen, dass es mehr schaden als n\u00fctzen wird - Nachrichten - Stra\u00dfenweb","isPartOf":{"@id":"https:\/\/www.strassenweb.de\/nachrichten\/#website"},"primaryImageOfPage":{"@id":"https:\/\/www.strassenweb.de\/nachrichten\/muessen-sie-im-winter-wirklich-eine-wechselstromeinheit-abdecken-hlk-experten-warnen-dass-es-mehr-schaden-als-nuetzen-wird\/#primaryimage"},"image":{"@id":"https:\/\/www.strassenweb.de\/nachrichten\/muessen-sie-im-winter-wirklich-eine-wechselstromeinheit-abdecken-hlk-experten-warnen-dass-es-mehr-schaden-als-nuetzen-wird\/#primaryimage"},"thumbnailUrl":"https:\/\/www.strassenweb.de\/nachrichten\/wp-content\/uploads\/2025\/01\/Muessen-Sie-im-Winter-wirklich-eine-Wechselstromeinheit-abdecken-HLK-Experten.jpg","datePublished":"2025-01-30T22:40:01+00:00","dateModified":"2025-01-30T22:40:02+00:00","breadcrumb":{"@id":"https:\/\/www.strassenweb.de\/nachrichten\/muessen-sie-im-winter-wirklich-eine-wechselstromeinheit-abdecken-hlk-experten-warnen-dass-es-mehr-schaden-als-nuetzen-wird\/#breadcrumb"},"inLanguage":"de","potentialAction":[{"@type":"ReadAction","target":["https:\/\/www.strassenweb.de\/nachrichten\/muessen-sie-im-winter-wirklich-eine-wechselstromeinheit-abdecken-hlk-experten-warnen-dass-es-mehr-schaden-als-nuetzen-wird\/"]}]},{"@type":"ImageObject","inLanguage":"de","@id":"https:\/\/www.strassenweb.de\/nachrichten\/muessen-sie-im-winter-wirklich-eine-wechselstromeinheit-abdecken-hlk-experten-warnen-dass-es-mehr-schaden-als-nuetzen-wird\/#primaryimage","url":"https:\/\/www.strassenweb.de\/nachrichten\/wp-content\/uploads\/2025\/01\/Muessen-Sie-im-Winter-wirklich-eine-Wechselstromeinheit-abdecken-HLK-Experten.jpg","contentUrl":"https:\/\/www.strassenweb.de\/nachrichten\/wp-content\/uploads\/2025\/01\/Muessen-Sie-im-Winter-wirklich-eine-Wechselstromeinheit-abdecken-HLK-Experten.jpg","width":1200,"height":675,"caption":"M\u00fcssen Sie im Winter wirklich eine Wechselstromeinheit abdecken? HLK -Experten warnen, dass es mehr schaden als n\u00fctzen wird"},{"@type":"BreadcrumbList","@id":"https:\/\/www.strassenweb.de\/nachrichten\/muessen-sie-im-winter-wirklich-eine-wechselstromeinheit-abdecken-hlk-experten-warnen-dass-es-mehr-schaden-als-nuetzen-wird\/#breadcrumb","itemListElement":[{"@type":"ListItem","position":1,"name":"Home","item":"https:\/\/www.strassenweb.de\/nachrichten\/"},{"@type":"ListItem","position":2,"name":"M\u00fcssen Sie im Winter wirklich eine Wechselstromeinheit abdecken? HLK -Experten warnen, dass es mehr schaden als n\u00fctzen wird"}]},{"@type":"WebSite","@id":"https:\/\/www.strassenweb.de\/nachrichten\/#website","url":"https:\/\/www.strassenweb.de\/nachrichten\/","name":"Stra\u00dfenweb","description":"Stra\u00dfenverzeichnis f\u00fcr Deutschland","publisher":{"@id":"https:\/\/www.strassenweb.de\/nachrichten\/#organization"},"potentialAction":[{"@type":"SearchAction","target":{"@type":"EntryPoint","urlTemplate":"https:\/\/www.strassenweb.de\/nachrichten\/?s={search_term_string}"},"query-input":{"@type":"PropertyValueSpecification","valueRequired":true,"valueName":"search_term_string"}}],"inLanguage":"de"},{"@type":"Organization","@id":"https:\/\/www.strassenweb.de\/nachrichten\/#organization","name":"Stra\u00dfenweb","url":"https:\/\/www.strassenweb.de\/nachrichten\/","logo":{"@type":"ImageObject","inLanguage":"de","@id":"https:\/\/www.strassenweb.de\/nachrichten\/#\/schema\/logo\/image\/","url":"https:\/\/www.strassenweb.de\/nachrichten\/wp-content\/uploads\/2024\/09\/cropped-favicon.png","contentUrl":"https:\/\/www.strassenweb.de\/nachrichten\/wp-content\/uploads\/2024\/09\/cropped-favicon.png","width":512,"height":512,"caption":"Stra\u00dfenweb"},"image":{"@id":"https:\/\/www.strassenweb.de\/nachrichten\/#\/schema\/logo\/image\/"},"sameAs":["https:\/\/www.facebook.com\/strassenweb\/"]},{"@type":"Person","@id":"https:\/\/www.strassenweb.de\/nachrichten\/#\/schema\/person\/87c9c9067f1211da429a744dc5a5aa41","name":"Robert Hoffmann","image":{"@type":"ImageObject","inLanguage":"de","@id":"https:\/\/www.strassenweb.de\/nachrichten\/wp-content\/uploads\/2024\/09\/strassenweb-150x150.jpg","url":"https:\/\/www.strassenweb.de\/nachrichten\/wp-content\/uploads\/2024\/09\/strassenweb-150x150.jpg","contentUrl":"https:\/\/www.strassenweb.de\/nachrichten\/wp-content\/uploads\/2024\/09\/strassenweb-150x150.jpg","caption":"Robert Hoffmann"},"description":"Ich hei\u00dfe Robert Hoffmann und ich bin ein leidenschaftlicher Verfechter von \u00d6kologie und Biodiversit\u00e4t. Seit meiner Kindheit in den W\u00e4ldern Bayerns f\u00fchle ich mich mit der Natur verbunden und bin entschlossen, sie zu sch\u00fctzen. Heute widme ich mein Leben der Sensibilisierung anderer f\u00fcr die Bedeutung des Umweltschutzes f\u00fcr zuk\u00fcnftige Generationen.","sameAs":["https:\/\/www.strassenweb.de\/"]}]}},"_links":{"self":[{"href":"https:\/\/www.strassenweb.de\/nachrichten\/wp-json\/wp\/v2\/posts\/3027","targetHints":{"allow":["GET"]}}],"collection":[{"href":"https:\/\/www.strassenweb.de\/nachrichten\/wp-json\/wp\/v2\/posts"}],"about":[{"href":"https:\/\/www.strassenweb.de\/nachrichten\/wp-json\/wp\/v2\/types\/post"}],"author":[{"embeddable":true,"href":"https:\/\/www.strassenweb.de\/nachrichten\/wp-json\/wp\/v2\/users\/1"}],"replies":[{"embeddable":true,"href":"https:\/\/www.strassenweb.de\/nachrichten\/wp-json\/wp\/v2\/comments?post=3027"}],"version-history":[{"count":0,"href":"https:\/\/www.strassenweb.de\/nachrichten\/wp-json\/wp\/v2\/posts\/3027\/revisions"}],"wp:featuredmedia":[{"embeddable":true,"href":"https:\/\/www.strassenweb.de\/nachrichten\/wp-json\/wp\/v2\/media\/3028"}],"wp:attachment":[{"href":"https:\/\/www.strassenweb.de\/nachrichten\/wp-json\/wp\/v2\/media?parent=3027"}],"wp:term":[{"taxonomy":"category","embeddable":true,"href":"https:\/\/www.strassenweb.de\/nachrichten\/wp-json\/wp\/v2\/categories?post=3027"},{"taxonomy":"post_tag","embeddable":true,"href":"https:\/\/www.strassenweb.de\/nachrichten\/wp-json\/wp\/v2\/tags?post=3027"}],"curies":[{"name":"wp","href":"https:\/\/api.w.org\/{rel}","templated":true}]}}