{"id":3024,"date":"2025-01-30T19:47:21","date_gmt":"2025-01-30T18:47:21","guid":{"rendered":"https:\/\/www.strassenweb.de\/nachrichten\/farbe-kunst-und-eine-handvoll-ikonen-der-mitte-des-jahrhunderts-gaben-dieser-ranch-aus-den-1950er-jahren-eine-helle-neue-identitaet\/"},"modified":"2025-01-30T19:47:22","modified_gmt":"2025-01-30T18:47:22","slug":"farbe-kunst-und-eine-handvoll-ikonen-der-mitte-des-jahrhunderts-gaben-dieser-ranch-aus-den-1950er-jahren-eine-helle-neue-identitaet","status":"publish","type":"post","link":"https:\/\/www.strassenweb.de\/nachrichten\/farbe-kunst-und-eine-handvoll-ikonen-der-mitte-des-jahrhunderts-gaben-dieser-ranch-aus-den-1950er-jahren-eine-helle-neue-identitaet\/","title":{"rendered":"Farbe, Kunst und eine Handvoll Ikonen der Mitte des Jahrhunderts gaben dieser Ranch aus den 1950er Jahren eine helle neue Identit\u00e4t"},"content":{"rendered":"<p><\/p>\n<div id=\"article-body\" class=\"article__body \">\n<p>In einem historischen Viertel an den idyllischen Ufern des Lake St. Clair, Michigan, wurde dieses klassische Storybook Ranch -Haus k\u00fcrzlich umgebaut und das Innenarchitektur aktualisiert.<\/p>\n<div id=\"ad-unit-1\" class=\"ad-unit\"><\/div>\n<p>Das Haus war bereit f\u00fcr eine Injektion von Stil und Farbe, und sein neues Dekor kuratiert nachdenklich einige feine Kunstwerke und moderne M\u00f6bel aus der Mitte des Jahrhunderts neben Antiquit\u00e4ten und zeitgen\u00f6ssischen Funden. Die Ergebnisse sind eine Inspiration f\u00fcr alle, die sich mit einer Renovierungs- oder Renovierungsprojekt befassen.<\/p>\n<p>Der kunstliebende Hausbesitzer arbeitete mit der Innenarchitektin Krista Nye Nicholas bei Cloth &#038; Art zusammen, die den neuen Look entwickelte. Kommen Sie rein und machen Sie die Tour, w\u00e4hrend Krista ihre Design -Erkenntnisse teilt und einige ihrer Lieblingsr\u00e4ume herausnimmt.<\/p>\n<div id=\"desktop-in-article\" class=\"in-article ad-unit\">\n<div id=\"desktop-taboola-mid-article\"><\/div>\n<\/div>\n<div id=\"mobile-in-article\" class=\"in-article ad-unit\">\n<div id=\"mobile-taboola-mid-article\"><\/div>\n<\/div>\n<figure class=\"van-image-figure inline-layout \" data-bordeaux-image-check>\n<div class=\"image-full-width-wrapper\">\n<div class=\"image-widthsetter\" style=\"max-width:2000px;\"><\/div>\n<\/div>\n<\/figure>\n<p>Die Vorbesitzer des Hauses bevorzugten formelle, traditionelle Innenr\u00e4ume mit schweren Antiquit\u00e4ten und verzierten dekorativen Gegenst\u00e4nden. &#8222;Auf jeden Fall nicht den Stil unseres Kunden&#8220;, sagt Krista. &#8218;Aber als das Haus leer war, war es offensichtlich, dass die Knochen des Hauses wundersch\u00f6n waren und dass Qualit\u00e4tsmaterialien sowohl im urspr\u00fcnglichen Bau als auch f\u00fcr alle seitdem vorgenommenen Upgrades verwendet wurden. Dies war ein rein dekoratives Projekt, und wir konnten die leere Tafel, mit der wir mit unserem Design beginnen, wirklich sch\u00e4tzen. &#8218;<\/p>\n<div class=\"van_vid_carousel\">\n<div class=\"van_vid_carousel__padding\">\n<div class=\"van_vid_carousel__container\"><\/div>\n<\/div>\n<\/div>\n<p>Unsere Tour beginnt im warmen und einladenden Foyer, wo Kristas Eingangsideen eine antike Konsole von den fr\u00fcheren Eigent\u00fcmern enthalten. <br \/>&#8222;Ein ma\u00dfgeschneiderter handbemalter Lampenschatten von Ross Alexander Designs in New York City und Originalfotografie von Ann Arbor, der in MI ans\u00e4ssige K\u00fcnstlerin Nancy Wolfe, f\u00fcgt die vollendete Finishing-Schicht hinzu&#8220;, sagt Krista, w\u00e4hrend der Brammspiegel von Vancollier das Gef\u00fchl h\u00e4lt, was alles sp\u00fcrt aber vorhersehbar mit seinem schimmernden krokodilen gepolsterten Abgang. &#8218;<\/p>\n<div id=\"ad-unit-2\" class=\"ad-unit\"><\/div>\n<figure class=\"van-image-figure inline-layout \" data-bordeaux-image-check>\n<div class=\"image-full-width-wrapper\">\n<div class=\"image-widthsetter\" style=\"max-width:2400px;\"><\/div>\n<\/div>\n<\/figure>\n<p>&#8222;Unser Kunde wollte ein Zuhause, das es ihm erm\u00f6glichte, unterhalten zu werden, und das die Nutzung der R\u00e4ume, Innen- und Au\u00dfenbereich, gleicherma\u00dfen maximiert&#8220;, sagt Krista. &#8222;Das gro\u00dfe kombinierte Wohnzimmer und das Esszimmer sind buchst\u00e4blich das Herz dieses Hauses und wurden schnell zu einer unserer Lieblingsbesch\u00e4ftigungen.&#8220;<\/p>\n<p>Die Inspiration f\u00fcr das Gesamtdesign des Hauses ergab sich aus der Liebe des Besitzers zur Reise und der interessanten Kunst &#8211; von Zeitgenosse bis Traditional, erkl\u00e4rt Krista. Ihre Esszimmerideen zeigen diese Einfl\u00fcsse und zeigen, wie bereit ihr Klient war, sich in seinem neuen Zuhause zu befassen. Er war total ein Spiel f\u00fcr unsere kreative Vision auf jedem Schritt des Weges \u201c, f\u00fcgt Krista hinzu.<\/p>\n<figure class=\"van-image-figure inline-layout \" data-bordeaux-image-check>\n<div class=\"image-full-width-wrapper\">\n<div class=\"image-widthsetter\" style=\"max-width:2400px;\"><\/div>\n<\/div>\n<\/figure>\n<p>Wohnzimmerideen im angrenzenden Raum sind genauso farbenfroh. Ein gro\u00dfes St\u00fcck Original-Mixed Media mit dem Titel The Trees of Secrets aus der Gregg Irby Gallery in Atlanta, GA, setzte die Farbgeschichte, w\u00e4hrend abstrakte skulpturale Formen in den eingebauten Nischen eine unerwartete Kunstinstallation in einem traditionellen architektonischen Element des Hauses bieten.<\/p>\n<aside class=\"hawk-nest\" data-block-type=\"embed\" data-render-type=\"fte\" data-skip=\"dealsy\" data-widget-type=\"seasonal\">\n<div class=\"hawk-master-widget-hawk-base-wrapper\"><\/div>\n<\/aside>\n<p>&#8222;Wir haben die kreativen Freiheiten gesch\u00e4tzt, die unser Kunde uns erlaubt hat, diesen Raum zu nehmen&#8220; sind reif f\u00fcr Regaling. &#8218;<\/p>\n<p>Und w\u00e4hrend wir uns mit Sitzgelegenheiten befassen, lesen Sie die Sitzungsideen im Wohnzimmer und die gro\u00dfartigen Couch -Alternativen, die Krista f\u00fcr diesen Raum kuratiert hat. &#8222;Der tschechische Halabala -Lounge -Stuhl der 1930er Jahre f\u00fcgt dem Raum genau die richtige Menge Art -Deco hinzu&#8220;, sagt sie. &#8218;Und die klaren Linien des Lawson Fenning Daybes, der dem antiken Perser Bakshaish Teppich nebeneinander steht, erzeugen eine \u00dcbergangsschwache, ohne zu versuchen, Wettbewerbe zu konkurrieren.<\/p>\n<figure class=\"van-image-figure inline-layout \" data-bordeaux-image-check>\n<div class=\"image-full-width-wrapper\">\n<div class=\"image-widthsetter\" style=\"max-width:2000px;\"><\/div>\n<\/div>\n<\/figure>\n<p>Ein weiterer auff\u00e4lliger orientalischer Teppich verbindet die K\u00fcche mit dem eklektischen Reisethema an anderer Stelle im Haus. Die K\u00fcche war k\u00fcrzlich von den Vorbesitzern renoviert worden, so dass Designer Krista f\u00fcr die Einf\u00fchrung von charakteristischeren M\u00f6beln und Displays f\u00fcr die Vorlieben des neuen Eigent\u00fcmers bestand. Das grafische Aussehen der Tools der K\u00fccheninsel und der schwarzen Arbeitsplatten wird durch die gepolsterten Barhocker gemildert.<\/p>\n<figure class=\"van-image-figure inline-layout \" data-bordeaux-image-check>\n<div class=\"image-full-width-wrapper\">\n<div class=\"image-widthsetter\" style=\"max-width:2400px;\"><\/div>\n<\/div>\n<\/figure>\n<p>Es gibt einige einladende Sitzr\u00e4ume &#8211; und Textilien &#8211; im Familienzimmer, in denen in Seema Krishs Chowpatty -Stoff ein Paar gelegentlicher St\u00fchle neu gepolstert wurde und einen sch\u00f6nen Kontrast zu den starken blauen W\u00e4nden bildet (probieren Schatten).<\/p>\n<p>&#8222;Diese zierlichen Vintage -St\u00fchle sitzen h\u00fcbsch vor dem Erkerfenster in einem Muriel Brandolini Seidenmatka -Stoff&#8220;, f\u00fcgt Krista hinzu. &#8222;Wir sch\u00e4tzen das Gespr\u00e4ch zwischen dem atemberaubend sch\u00f6nen antiken Maharaja Kashmir Willow Tree Treed Orientalteppich und dem zeitgen\u00f6ssischen Stahl + Band L-Serie, die Kaffeebische in Asche und Kirsche nisten.&#8220;<\/p>\n<figure class=\"van-image-figure inline-layout \" data-bordeaux-image-check>\n<div class=\"image-full-width-wrapper\">\n<div class=\"image-widthsetter\" style=\"max-width:2400px;\"><\/div>\n<\/div>\n<\/figure>\n<p>Dieses farbenfrohe Zuhause h\u00e4lt den Schwung in der Bibliothek weiter. &#8222;Wir haben alle Gr\u00fcnt\u00f6ne ganz angenommen, um einen beruhigenden Effekt zu erzielen&#8220;, sagt Krista. &#8222;Die Hand-Sewn-Leder-Trommeldedecke von Lostine ist ein Kunstwerk f\u00fcr sich.&#8220;<\/p>\n<p>Olive Grove von Sydney Harbor Paint Company an den W\u00e4nden und Bayleaf an der Decke und der Trimm interagieren mit der strukturierten Wolle von Rose Uniack in Bayleaf (zuf\u00e4llig gleicherdlich Komplement\u00e4re T\u00f6ne von Terrakotta, Gold und Indigo.<\/p>\n<figure class=\"van-image-figure inline-layout \" data-bordeaux-image-check>\n<div class=\"image-full-width-wrapper\">\n<div class=\"image-widthsetter\" style=\"max-width:2400px;\"><\/div>\n<\/div>\n<\/figure>\n<p>&#8222;Es gibt zwei charmante R\u00e4ume im Freien, die unser Kunde f\u00fcr drei Jahreszeiten des Jahres optimal nutzt&#8220;, sagt Krista.<\/p>\n<p>Diese abgeschirmte Veranda, die von der K\u00fcche und einer Seite des Familienzimmers aus zug\u00e4nglich ist, und der hinteren Terrasse von der anderen Seite des Familienzimmers zug\u00e4nglich und vom Wohnzimmer aus sichtbar.<\/p>\n<p>&#8222;In den w\u00e4rmeren Monaten sind dies erstklassige Gebiete f\u00fcr Unterhaltung, da das Heim m\u00fchelos von Innenr\u00e4umen aus und wieder in wieder in die Nase kommt&#8220;, f\u00fcgt Krista hinzu.<\/p>\n<figure class=\"van-image-figure inline-layout \" data-bordeaux-image-check>\n<div class=\"image-full-width-wrapper\">\n<div class=\"image-widthsetter\" style=\"max-width:2000px;\"><\/div>\n<\/div>\n<\/figure>\n<p>Das Pulverzimmer hatte ein frequentes Facelifting, um es f\u00fcr einen Haushalt zu kratzen, der h\u00e4ufig die G\u00e4ste unterh\u00e4lt. Zu Kristas Pulverraum -Ideen geh\u00f6rten die Hinzuf\u00fcgung eleganter Kyoto -Blumendruck -Tapete aus Studio Four NYC und ein neues Wandlicht, aber sie hielt die vorhandenen Ausstattung und Hardware, die alle in gutem Zustand waren.<\/p>\n<figure class=\"van-image-figure inline-layout \" data-bordeaux-image-check>\n<div class=\"image-full-width-wrapper\">\n<div class=\"image-widthsetter\" style=\"max-width:2400px;\"><\/div>\n<\/div>\n<\/figure>\n<p>Jeder, der sich die besten Farbkombinationen f\u00fcr ein Schlafzimmer ansieht, sollte Blau und Creme oder Blau und Wei\u00df ernsthaft dar\u00fcber nachdenken. Diese entspannenden Farbt\u00f6ne bilden die Grundlage f\u00fcr Kristas Haupt -Schlafzimmer -Ideen und f\u00fchren zu einem ruhigen Raum, der frisch und erhebend ist.<\/p>\n<figure class=\"van-image-figure inline-layout \" data-bordeaux-image-check>\n<div class=\"image-full-width-wrapper\">\n<div class=\"image-widthsetter\" style=\"max-width:2000px;\"><\/div>\n<\/div>\n<\/figure>\n<hr>\n<p>Innenarchitektur: Krista Nye Nicholas, Stoff &#038; Kindphotographie: Marta Xochilt Perez<br \/>Styling: Benjamin Reynaert<\/p>\n<\/div>\n<p><script async src=\"\/\/www.instagram.com\/embed.js\"><\/script><\/p>\n","protected":false},"excerpt":{"rendered":"<p>In einem historischen Viertel an den idyllischen Ufern des Lake St. Clair, Michigan, wurde dieses klassische Storybook Ranch -Haus k\u00fcrzlich umgebaut und das Innenarchitektur aktualisiert.<\/p>\n","protected":false},"author":1,"featured_media":3025,"comment_status":"closed","ping_status":"","sticky":false,"template":"","format":"standard","meta":{"footnotes":""},"categories":[118],"tags":[4873,287,78,81,281,1554,74,1202,4871,4869,1875,4874,4870,608,2111,3948,2110,108,4872,37],"class_list":["post-3024","post","type-post","status-publish","format-standard","has-post-thumbnail","hentry","category-haus-garten","tag-1950er","tag-aus","tag-den","tag-der","tag-des","tag-dieser","tag-eine","tag-farbe","tag-gaben","tag-handvoll","tag-helle","tag-identitaet","tag-ikonen","tag-jahren","tag-jahrhunderts","tag-kunst","tag-mitte","tag-neue","tag-ranch","tag-und","generate-columns","tablet-grid-50","mobile-grid-100","grid-parent","grid-50"],"yoast_head":"<!-- This site is optimized with the Yoast SEO plugin v27.3 - https:\/\/yoast.com\/product\/yoast-seo-wordpress\/ -->\n<title>Farbe, Kunst und eine Handvoll Ikonen der Mitte des Jahrhunderts gaben dieser Ranch aus den 1950er Jahren eine helle neue Identit\u00e4t - Nachrichten - Stra\u00dfenweb<\/title>\n<meta name=\"robots\" content=\"index, follow, max-snippet:-1, max-image-preview:large, max-video-preview:-1\" \/>\n<link rel=\"canonical\" href=\"https:\/\/www.strassenweb.de\/nachrichten\/farbe-kunst-und-eine-handvoll-ikonen-der-mitte-des-jahrhunderts-gaben-dieser-ranch-aus-den-1950er-jahren-eine-helle-neue-identitaet\/\" \/>\n<meta property=\"og:locale\" content=\"de_DE\" \/>\n<meta property=\"og:type\" content=\"article\" \/>\n<meta property=\"og:title\" content=\"Farbe, Kunst und eine Handvoll Ikonen der Mitte des Jahrhunderts gaben dieser Ranch aus den 1950er Jahren eine helle neue Identit\u00e4t - Nachrichten - Stra\u00dfenweb\" \/>\n<meta property=\"og:description\" content=\"In einem historischen Viertel an den idyllischen Ufern des Lake St. Clair, Michigan, wurde dieses klassische Storybook Ranch -Haus k\u00fcrzlich umgebaut und das Innenarchitektur aktualisiert.\" \/>\n<meta property=\"og:url\" content=\"https:\/\/www.strassenweb.de\/nachrichten\/farbe-kunst-und-eine-handvoll-ikonen-der-mitte-des-jahrhunderts-gaben-dieser-ranch-aus-den-1950er-jahren-eine-helle-neue-identitaet\/\" \/>\n<meta property=\"og:site_name\" content=\"Stra\u00dfenweb\" \/>\n<meta property=\"article:publisher\" content=\"https:\/\/www.facebook.com\/strassenweb\/\" \/>\n<meta property=\"article:published_time\" content=\"2025-01-30T18:47:21+00:00\" \/>\n<meta property=\"article:modified_time\" content=\"2025-01-30T18:47:22+00:00\" \/>\n<meta property=\"og:image\" content=\"https:\/\/www.strassenweb.de\/nachrichten\/wp-content\/uploads\/2025\/01\/Farbe-Kunst-und-eine-Handvoll-Ikonen-der-Mitte-des-Jahrhunderts.jpg\" \/>\n\t<meta property=\"og:image:width\" content=\"1200\" \/>\n\t<meta property=\"og:image:height\" content=\"675\" \/>\n\t<meta property=\"og:image:type\" content=\"image\/jpeg\" \/>\n<meta name=\"author\" content=\"Robert Hoffmann\" \/>\n<meta name=\"twitter:card\" content=\"summary_large_image\" \/>\n<meta name=\"twitter:label1\" content=\"Verfasst von\" \/>\n\t<meta name=\"twitter:data1\" content=\"Robert Hoffmann\" \/>\n\t<meta name=\"twitter:label2\" content=\"Gesch\u00e4tzte Lesezeit\" \/>\n\t<meta name=\"twitter:data2\" content=\"5\u00a0Minuten\" \/>\n<script type=\"application\/ld+json\" class=\"yoast-schema-graph\">{\"@context\":\"https:\\\/\\\/schema.org\",\"@graph\":[{\"@type\":\"Article\",\"@id\":\"https:\\\/\\\/www.strassenweb.de\\\/nachrichten\\\/farbe-kunst-und-eine-handvoll-ikonen-der-mitte-des-jahrhunderts-gaben-dieser-ranch-aus-den-1950er-jahren-eine-helle-neue-identitaet\\\/#article\",\"isPartOf\":{\"@id\":\"https:\\\/\\\/www.strassenweb.de\\\/nachrichten\\\/farbe-kunst-und-eine-handvoll-ikonen-der-mitte-des-jahrhunderts-gaben-dieser-ranch-aus-den-1950er-jahren-eine-helle-neue-identitaet\\\/\"},\"author\":{\"name\":\"Robert Hoffmann\",\"@id\":\"https:\\\/\\\/www.strassenweb.de\\\/nachrichten\\\/#\\\/schema\\\/person\\\/87c9c9067f1211da429a744dc5a5aa41\"},\"headline\":\"Farbe, Kunst und eine Handvoll Ikonen der Mitte des Jahrhunderts gaben dieser Ranch aus den 1950er Jahren eine helle neue Identit\u00e4t\",\"datePublished\":\"2025-01-30T18:47:21+00:00\",\"dateModified\":\"2025-01-30T18:47:22+00:00\",\"mainEntityOfPage\":{\"@id\":\"https:\\\/\\\/www.strassenweb.de\\\/nachrichten\\\/farbe-kunst-und-eine-handvoll-ikonen-der-mitte-des-jahrhunderts-gaben-dieser-ranch-aus-den-1950er-jahren-eine-helle-neue-identitaet\\\/\"},\"wordCount\":1022,\"publisher\":{\"@id\":\"https:\\\/\\\/www.strassenweb.de\\\/nachrichten\\\/#organization\"},\"image\":{\"@id\":\"https:\\\/\\\/www.strassenweb.de\\\/nachrichten\\\/farbe-kunst-und-eine-handvoll-ikonen-der-mitte-des-jahrhunderts-gaben-dieser-ranch-aus-den-1950er-jahren-eine-helle-neue-identitaet\\\/#primaryimage\"},\"thumbnailUrl\":\"https:\\\/\\\/www.strassenweb.de\\\/nachrichten\\\/wp-content\\\/uploads\\\/2025\\\/01\\\/Farbe-Kunst-und-eine-Handvoll-Ikonen-der-Mitte-des-Jahrhunderts.jpg\",\"keywords\":[\"1950er\",\"aus\",\"den\",\"der\",\"des\",\"dieser\",\"eine\",\"Farbe\",\"gaben\",\"Handvoll\",\"helle\",\"Identit\u00e4t\",\"Ikonen\",\"Jahren\",\"Jahrhunderts\",\"Kunst\",\"Mitte\",\"Neue\",\"Ranch\",\"und\"],\"articleSection\":[\"Haus &amp; Garten\"],\"inLanguage\":\"de\"},{\"@type\":\"WebPage\",\"@id\":\"https:\\\/\\\/www.strassenweb.de\\\/nachrichten\\\/farbe-kunst-und-eine-handvoll-ikonen-der-mitte-des-jahrhunderts-gaben-dieser-ranch-aus-den-1950er-jahren-eine-helle-neue-identitaet\\\/\",\"url\":\"https:\\\/\\\/www.strassenweb.de\\\/nachrichten\\\/farbe-kunst-und-eine-handvoll-ikonen-der-mitte-des-jahrhunderts-gaben-dieser-ranch-aus-den-1950er-jahren-eine-helle-neue-identitaet\\\/\",\"name\":\"Farbe, Kunst und eine Handvoll Ikonen der Mitte des Jahrhunderts gaben dieser Ranch aus den 1950er Jahren eine helle neue Identit\u00e4t - Nachrichten - Stra\u00dfenweb\",\"isPartOf\":{\"@id\":\"https:\\\/\\\/www.strassenweb.de\\\/nachrichten\\\/#website\"},\"primaryImageOfPage\":{\"@id\":\"https:\\\/\\\/www.strassenweb.de\\\/nachrichten\\\/farbe-kunst-und-eine-handvoll-ikonen-der-mitte-des-jahrhunderts-gaben-dieser-ranch-aus-den-1950er-jahren-eine-helle-neue-identitaet\\\/#primaryimage\"},\"image\":{\"@id\":\"https:\\\/\\\/www.strassenweb.de\\\/nachrichten\\\/farbe-kunst-und-eine-handvoll-ikonen-der-mitte-des-jahrhunderts-gaben-dieser-ranch-aus-den-1950er-jahren-eine-helle-neue-identitaet\\\/#primaryimage\"},\"thumbnailUrl\":\"https:\\\/\\\/www.strassenweb.de\\\/nachrichten\\\/wp-content\\\/uploads\\\/2025\\\/01\\\/Farbe-Kunst-und-eine-Handvoll-Ikonen-der-Mitte-des-Jahrhunderts.jpg\",\"datePublished\":\"2025-01-30T18:47:21+00:00\",\"dateModified\":\"2025-01-30T18:47:22+00:00\",\"breadcrumb\":{\"@id\":\"https:\\\/\\\/www.strassenweb.de\\\/nachrichten\\\/farbe-kunst-und-eine-handvoll-ikonen-der-mitte-des-jahrhunderts-gaben-dieser-ranch-aus-den-1950er-jahren-eine-helle-neue-identitaet\\\/#breadcrumb\"},\"inLanguage\":\"de\",\"potentialAction\":[{\"@type\":\"ReadAction\",\"target\":[\"https:\\\/\\\/www.strassenweb.de\\\/nachrichten\\\/farbe-kunst-und-eine-handvoll-ikonen-der-mitte-des-jahrhunderts-gaben-dieser-ranch-aus-den-1950er-jahren-eine-helle-neue-identitaet\\\/\"]}]},{\"@type\":\"ImageObject\",\"inLanguage\":\"de\",\"@id\":\"https:\\\/\\\/www.strassenweb.de\\\/nachrichten\\\/farbe-kunst-und-eine-handvoll-ikonen-der-mitte-des-jahrhunderts-gaben-dieser-ranch-aus-den-1950er-jahren-eine-helle-neue-identitaet\\\/#primaryimage\",\"url\":\"https:\\\/\\\/www.strassenweb.de\\\/nachrichten\\\/wp-content\\\/uploads\\\/2025\\\/01\\\/Farbe-Kunst-und-eine-Handvoll-Ikonen-der-Mitte-des-Jahrhunderts.jpg\",\"contentUrl\":\"https:\\\/\\\/www.strassenweb.de\\\/nachrichten\\\/wp-content\\\/uploads\\\/2025\\\/01\\\/Farbe-Kunst-und-eine-Handvoll-Ikonen-der-Mitte-des-Jahrhunderts.jpg\",\"width\":1200,\"height\":675,\"caption\":\"Farbe, Kunst und eine Handvoll Ikonen der Mitte des Jahrhunderts gaben dieser Ranch aus den 1950er Jahren eine helle neue Identit\u00e4t\"},{\"@type\":\"BreadcrumbList\",\"@id\":\"https:\\\/\\\/www.strassenweb.de\\\/nachrichten\\\/farbe-kunst-und-eine-handvoll-ikonen-der-mitte-des-jahrhunderts-gaben-dieser-ranch-aus-den-1950er-jahren-eine-helle-neue-identitaet\\\/#breadcrumb\",\"itemListElement\":[{\"@type\":\"ListItem\",\"position\":1,\"name\":\"Home\",\"item\":\"https:\\\/\\\/www.strassenweb.de\\\/nachrichten\\\/\"},{\"@type\":\"ListItem\",\"position\":2,\"name\":\"Farbe, Kunst und eine Handvoll Ikonen der Mitte des Jahrhunderts gaben dieser Ranch aus den 1950er Jahren eine helle neue Identit\u00e4t\"}]},{\"@type\":\"WebSite\",\"@id\":\"https:\\\/\\\/www.strassenweb.de\\\/nachrichten\\\/#website\",\"url\":\"https:\\\/\\\/www.strassenweb.de\\\/nachrichten\\\/\",\"name\":\"Stra\u00dfenweb\",\"description\":\"Stra\u00dfenverzeichnis f\u00fcr Deutschland\",\"publisher\":{\"@id\":\"https:\\\/\\\/www.strassenweb.de\\\/nachrichten\\\/#organization\"},\"potentialAction\":[{\"@type\":\"SearchAction\",\"target\":{\"@type\":\"EntryPoint\",\"urlTemplate\":\"https:\\\/\\\/www.strassenweb.de\\\/nachrichten\\\/?s={search_term_string}\"},\"query-input\":{\"@type\":\"PropertyValueSpecification\",\"valueRequired\":true,\"valueName\":\"search_term_string\"}}],\"inLanguage\":\"de\"},{\"@type\":\"Organization\",\"@id\":\"https:\\\/\\\/www.strassenweb.de\\\/nachrichten\\\/#organization\",\"name\":\"Stra\u00dfenweb\",\"url\":\"https:\\\/\\\/www.strassenweb.de\\\/nachrichten\\\/\",\"logo\":{\"@type\":\"ImageObject\",\"inLanguage\":\"de\",\"@id\":\"https:\\\/\\\/www.strassenweb.de\\\/nachrichten\\\/#\\\/schema\\\/logo\\\/image\\\/\",\"url\":\"https:\\\/\\\/www.strassenweb.de\\\/nachrichten\\\/wp-content\\\/uploads\\\/2024\\\/09\\\/cropped-favicon.png\",\"contentUrl\":\"https:\\\/\\\/www.strassenweb.de\\\/nachrichten\\\/wp-content\\\/uploads\\\/2024\\\/09\\\/cropped-favicon.png\",\"width\":512,\"height\":512,\"caption\":\"Stra\u00dfenweb\"},\"image\":{\"@id\":\"https:\\\/\\\/www.strassenweb.de\\\/nachrichten\\\/#\\\/schema\\\/logo\\\/image\\\/\"},\"sameAs\":[\"https:\\\/\\\/www.facebook.com\\\/strassenweb\\\/\"]},{\"@type\":\"Person\",\"@id\":\"https:\\\/\\\/www.strassenweb.de\\\/nachrichten\\\/#\\\/schema\\\/person\\\/87c9c9067f1211da429a744dc5a5aa41\",\"name\":\"Robert Hoffmann\",\"image\":{\"@type\":\"ImageObject\",\"inLanguage\":\"de\",\"@id\":\"https:\\\/\\\/www.strassenweb.de\\\/nachrichten\\\/wp-content\\\/uploads\\\/2024\\\/09\\\/strassenweb-150x150.jpg\",\"url\":\"https:\\\/\\\/www.strassenweb.de\\\/nachrichten\\\/wp-content\\\/uploads\\\/2024\\\/09\\\/strassenweb-150x150.jpg\",\"contentUrl\":\"https:\\\/\\\/www.strassenweb.de\\\/nachrichten\\\/wp-content\\\/uploads\\\/2024\\\/09\\\/strassenweb-150x150.jpg\",\"caption\":\"Robert Hoffmann\"},\"description\":\"Ich hei\u00dfe Robert Hoffmann und ich bin ein leidenschaftlicher Verfechter von \u00d6kologie und Biodiversit\u00e4t. Seit meiner Kindheit in den W\u00e4ldern Bayerns f\u00fchle ich mich mit der Natur verbunden und bin entschlossen, sie zu sch\u00fctzen. Heute widme ich mein Leben der Sensibilisierung anderer f\u00fcr die Bedeutung des Umweltschutzes f\u00fcr zuk\u00fcnftige Generationen.\",\"sameAs\":[\"https:\\\/\\\/www.strassenweb.de\\\/\"]}]}<\/script>\n<!-- \/ Yoast SEO plugin. -->","yoast_head_json":{"title":"Farbe, Kunst und eine Handvoll Ikonen der Mitte des Jahrhunderts gaben dieser Ranch aus den 1950er Jahren eine helle neue Identit\u00e4t - Nachrichten - Stra\u00dfenweb","robots":{"index":"index","follow":"follow","max-snippet":"max-snippet:-1","max-image-preview":"max-image-preview:large","max-video-preview":"max-video-preview:-1"},"canonical":"https:\/\/www.strassenweb.de\/nachrichten\/farbe-kunst-und-eine-handvoll-ikonen-der-mitte-des-jahrhunderts-gaben-dieser-ranch-aus-den-1950er-jahren-eine-helle-neue-identitaet\/","og_locale":"de_DE","og_type":"article","og_title":"Farbe, Kunst und eine Handvoll Ikonen der Mitte des Jahrhunderts gaben dieser Ranch aus den 1950er Jahren eine helle neue Identit\u00e4t - Nachrichten - Stra\u00dfenweb","og_description":"In einem historischen Viertel an den idyllischen Ufern des Lake St. Clair, Michigan, wurde dieses klassische Storybook Ranch -Haus k\u00fcrzlich umgebaut und das Innenarchitektur aktualisiert.","og_url":"https:\/\/www.strassenweb.de\/nachrichten\/farbe-kunst-und-eine-handvoll-ikonen-der-mitte-des-jahrhunderts-gaben-dieser-ranch-aus-den-1950er-jahren-eine-helle-neue-identitaet\/","og_site_name":"Stra\u00dfenweb","article_publisher":"https:\/\/www.facebook.com\/strassenweb\/","article_published_time":"2025-01-30T18:47:21+00:00","article_modified_time":"2025-01-30T18:47:22+00:00","og_image":[{"width":1200,"height":675,"url":"https:\/\/www.strassenweb.de\/nachrichten\/wp-content\/uploads\/2025\/01\/Farbe-Kunst-und-eine-Handvoll-Ikonen-der-Mitte-des-Jahrhunderts.jpg","type":"image\/jpeg"}],"author":"Robert Hoffmann","twitter_card":"summary_large_image","twitter_misc":{"Verfasst von":"Robert Hoffmann","Gesch\u00e4tzte Lesezeit":"5\u00a0Minuten"},"schema":{"@context":"https:\/\/schema.org","@graph":[{"@type":"Article","@id":"https:\/\/www.strassenweb.de\/nachrichten\/farbe-kunst-und-eine-handvoll-ikonen-der-mitte-des-jahrhunderts-gaben-dieser-ranch-aus-den-1950er-jahren-eine-helle-neue-identitaet\/#article","isPartOf":{"@id":"https:\/\/www.strassenweb.de\/nachrichten\/farbe-kunst-und-eine-handvoll-ikonen-der-mitte-des-jahrhunderts-gaben-dieser-ranch-aus-den-1950er-jahren-eine-helle-neue-identitaet\/"},"author":{"name":"Robert Hoffmann","@id":"https:\/\/www.strassenweb.de\/nachrichten\/#\/schema\/person\/87c9c9067f1211da429a744dc5a5aa41"},"headline":"Farbe, Kunst und eine Handvoll Ikonen der Mitte des Jahrhunderts gaben dieser Ranch aus den 1950er Jahren eine helle neue Identit\u00e4t","datePublished":"2025-01-30T18:47:21+00:00","dateModified":"2025-01-30T18:47:22+00:00","mainEntityOfPage":{"@id":"https:\/\/www.strassenweb.de\/nachrichten\/farbe-kunst-und-eine-handvoll-ikonen-der-mitte-des-jahrhunderts-gaben-dieser-ranch-aus-den-1950er-jahren-eine-helle-neue-identitaet\/"},"wordCount":1022,"publisher":{"@id":"https:\/\/www.strassenweb.de\/nachrichten\/#organization"},"image":{"@id":"https:\/\/www.strassenweb.de\/nachrichten\/farbe-kunst-und-eine-handvoll-ikonen-der-mitte-des-jahrhunderts-gaben-dieser-ranch-aus-den-1950er-jahren-eine-helle-neue-identitaet\/#primaryimage"},"thumbnailUrl":"https:\/\/www.strassenweb.de\/nachrichten\/wp-content\/uploads\/2025\/01\/Farbe-Kunst-und-eine-Handvoll-Ikonen-der-Mitte-des-Jahrhunderts.jpg","keywords":["1950er","aus","den","der","des","dieser","eine","Farbe","gaben","Handvoll","helle","Identit\u00e4t","Ikonen","Jahren","Jahrhunderts","Kunst","Mitte","Neue","Ranch","und"],"articleSection":["Haus &amp; Garten"],"inLanguage":"de"},{"@type":"WebPage","@id":"https:\/\/www.strassenweb.de\/nachrichten\/farbe-kunst-und-eine-handvoll-ikonen-der-mitte-des-jahrhunderts-gaben-dieser-ranch-aus-den-1950er-jahren-eine-helle-neue-identitaet\/","url":"https:\/\/www.strassenweb.de\/nachrichten\/farbe-kunst-und-eine-handvoll-ikonen-der-mitte-des-jahrhunderts-gaben-dieser-ranch-aus-den-1950er-jahren-eine-helle-neue-identitaet\/","name":"Farbe, Kunst und eine Handvoll Ikonen der Mitte des Jahrhunderts gaben dieser Ranch aus den 1950er Jahren eine helle neue Identit\u00e4t - Nachrichten - Stra\u00dfenweb","isPartOf":{"@id":"https:\/\/www.strassenweb.de\/nachrichten\/#website"},"primaryImageOfPage":{"@id":"https:\/\/www.strassenweb.de\/nachrichten\/farbe-kunst-und-eine-handvoll-ikonen-der-mitte-des-jahrhunderts-gaben-dieser-ranch-aus-den-1950er-jahren-eine-helle-neue-identitaet\/#primaryimage"},"image":{"@id":"https:\/\/www.strassenweb.de\/nachrichten\/farbe-kunst-und-eine-handvoll-ikonen-der-mitte-des-jahrhunderts-gaben-dieser-ranch-aus-den-1950er-jahren-eine-helle-neue-identitaet\/#primaryimage"},"thumbnailUrl":"https:\/\/www.strassenweb.de\/nachrichten\/wp-content\/uploads\/2025\/01\/Farbe-Kunst-und-eine-Handvoll-Ikonen-der-Mitte-des-Jahrhunderts.jpg","datePublished":"2025-01-30T18:47:21+00:00","dateModified":"2025-01-30T18:47:22+00:00","breadcrumb":{"@id":"https:\/\/www.strassenweb.de\/nachrichten\/farbe-kunst-und-eine-handvoll-ikonen-der-mitte-des-jahrhunderts-gaben-dieser-ranch-aus-den-1950er-jahren-eine-helle-neue-identitaet\/#breadcrumb"},"inLanguage":"de","potentialAction":[{"@type":"ReadAction","target":["https:\/\/www.strassenweb.de\/nachrichten\/farbe-kunst-und-eine-handvoll-ikonen-der-mitte-des-jahrhunderts-gaben-dieser-ranch-aus-den-1950er-jahren-eine-helle-neue-identitaet\/"]}]},{"@type":"ImageObject","inLanguage":"de","@id":"https:\/\/www.strassenweb.de\/nachrichten\/farbe-kunst-und-eine-handvoll-ikonen-der-mitte-des-jahrhunderts-gaben-dieser-ranch-aus-den-1950er-jahren-eine-helle-neue-identitaet\/#primaryimage","url":"https:\/\/www.strassenweb.de\/nachrichten\/wp-content\/uploads\/2025\/01\/Farbe-Kunst-und-eine-Handvoll-Ikonen-der-Mitte-des-Jahrhunderts.jpg","contentUrl":"https:\/\/www.strassenweb.de\/nachrichten\/wp-content\/uploads\/2025\/01\/Farbe-Kunst-und-eine-Handvoll-Ikonen-der-Mitte-des-Jahrhunderts.jpg","width":1200,"height":675,"caption":"Farbe, Kunst und eine Handvoll Ikonen der Mitte des Jahrhunderts gaben dieser Ranch aus den 1950er Jahren eine helle neue Identit\u00e4t"},{"@type":"BreadcrumbList","@id":"https:\/\/www.strassenweb.de\/nachrichten\/farbe-kunst-und-eine-handvoll-ikonen-der-mitte-des-jahrhunderts-gaben-dieser-ranch-aus-den-1950er-jahren-eine-helle-neue-identitaet\/#breadcrumb","itemListElement":[{"@type":"ListItem","position":1,"name":"Home","item":"https:\/\/www.strassenweb.de\/nachrichten\/"},{"@type":"ListItem","position":2,"name":"Farbe, Kunst und eine Handvoll Ikonen der Mitte des Jahrhunderts gaben dieser Ranch aus den 1950er Jahren eine helle neue Identit\u00e4t"}]},{"@type":"WebSite","@id":"https:\/\/www.strassenweb.de\/nachrichten\/#website","url":"https:\/\/www.strassenweb.de\/nachrichten\/","name":"Stra\u00dfenweb","description":"Stra\u00dfenverzeichnis f\u00fcr Deutschland","publisher":{"@id":"https:\/\/www.strassenweb.de\/nachrichten\/#organization"},"potentialAction":[{"@type":"SearchAction","target":{"@type":"EntryPoint","urlTemplate":"https:\/\/www.strassenweb.de\/nachrichten\/?s={search_term_string}"},"query-input":{"@type":"PropertyValueSpecification","valueRequired":true,"valueName":"search_term_string"}}],"inLanguage":"de"},{"@type":"Organization","@id":"https:\/\/www.strassenweb.de\/nachrichten\/#organization","name":"Stra\u00dfenweb","url":"https:\/\/www.strassenweb.de\/nachrichten\/","logo":{"@type":"ImageObject","inLanguage":"de","@id":"https:\/\/www.strassenweb.de\/nachrichten\/#\/schema\/logo\/image\/","url":"https:\/\/www.strassenweb.de\/nachrichten\/wp-content\/uploads\/2024\/09\/cropped-favicon.png","contentUrl":"https:\/\/www.strassenweb.de\/nachrichten\/wp-content\/uploads\/2024\/09\/cropped-favicon.png","width":512,"height":512,"caption":"Stra\u00dfenweb"},"image":{"@id":"https:\/\/www.strassenweb.de\/nachrichten\/#\/schema\/logo\/image\/"},"sameAs":["https:\/\/www.facebook.com\/strassenweb\/"]},{"@type":"Person","@id":"https:\/\/www.strassenweb.de\/nachrichten\/#\/schema\/person\/87c9c9067f1211da429a744dc5a5aa41","name":"Robert Hoffmann","image":{"@type":"ImageObject","inLanguage":"de","@id":"https:\/\/www.strassenweb.de\/nachrichten\/wp-content\/uploads\/2024\/09\/strassenweb-150x150.jpg","url":"https:\/\/www.strassenweb.de\/nachrichten\/wp-content\/uploads\/2024\/09\/strassenweb-150x150.jpg","contentUrl":"https:\/\/www.strassenweb.de\/nachrichten\/wp-content\/uploads\/2024\/09\/strassenweb-150x150.jpg","caption":"Robert Hoffmann"},"description":"Ich hei\u00dfe Robert Hoffmann und ich bin ein leidenschaftlicher Verfechter von \u00d6kologie und Biodiversit\u00e4t. Seit meiner Kindheit in den W\u00e4ldern Bayerns f\u00fchle ich mich mit der Natur verbunden und bin entschlossen, sie zu sch\u00fctzen. Heute widme ich mein Leben der Sensibilisierung anderer f\u00fcr die Bedeutung des Umweltschutzes f\u00fcr zuk\u00fcnftige Generationen.","sameAs":["https:\/\/www.strassenweb.de\/"]}]}},"_links":{"self":[{"href":"https:\/\/www.strassenweb.de\/nachrichten\/wp-json\/wp\/v2\/posts\/3024","targetHints":{"allow":["GET"]}}],"collection":[{"href":"https:\/\/www.strassenweb.de\/nachrichten\/wp-json\/wp\/v2\/posts"}],"about":[{"href":"https:\/\/www.strassenweb.de\/nachrichten\/wp-json\/wp\/v2\/types\/post"}],"author":[{"embeddable":true,"href":"https:\/\/www.strassenweb.de\/nachrichten\/wp-json\/wp\/v2\/users\/1"}],"replies":[{"embeddable":true,"href":"https:\/\/www.strassenweb.de\/nachrichten\/wp-json\/wp\/v2\/comments?post=3024"}],"version-history":[{"count":0,"href":"https:\/\/www.strassenweb.de\/nachrichten\/wp-json\/wp\/v2\/posts\/3024\/revisions"}],"wp:featuredmedia":[{"embeddable":true,"href":"https:\/\/www.strassenweb.de\/nachrichten\/wp-json\/wp\/v2\/media\/3025"}],"wp:attachment":[{"href":"https:\/\/www.strassenweb.de\/nachrichten\/wp-json\/wp\/v2\/media?parent=3024"}],"wp:term":[{"taxonomy":"category","embeddable":true,"href":"https:\/\/www.strassenweb.de\/nachrichten\/wp-json\/wp\/v2\/categories?post=3024"},{"taxonomy":"post_tag","embeddable":true,"href":"https:\/\/www.strassenweb.de\/nachrichten\/wp-json\/wp\/v2\/tags?post=3024"}],"curies":[{"name":"wp","href":"https:\/\/api.w.org\/{rel}","templated":true}]}}