{"id":3021,"date":"2025-01-30T15:43:41","date_gmt":"2025-01-30T14:43:41","guid":{"rendered":"https:\/\/www.strassenweb.de\/nachrichten\/ich-bin-ein-innenredakteur-mit-luxurioesem-geschmack-aber-ich-wuerde-dieses-eine-wohnkultur-accessoire-von-irgendwo-anders-als-ikea-bekommen\/"},"modified":"2025-01-30T15:43:43","modified_gmt":"2025-01-30T14:43:43","slug":"ich-bin-ein-innenredakteur-mit-luxurioesem-geschmack-aber-ich-wuerde-dieses-eine-wohnkultur-accessoire-von-irgendwo-anders-als-ikea-bekommen","status":"publish","type":"post","link":"https:\/\/www.strassenweb.de\/nachrichten\/ich-bin-ein-innenredakteur-mit-luxurioesem-geschmack-aber-ich-wuerde-dieses-eine-wohnkultur-accessoire-von-irgendwo-anders-als-ikea-bekommen\/","title":{"rendered":"Ich bin ein Innenredakteur mit luxuri\u00f6sem Geschmack, aber ich w\u00fcrde dieses eine Wohnkultur -Accessoire von irgendwo anders als IKEA bekommen"},"content":{"rendered":"<p><\/p>\n<div id=\"article-body\" class=\"article__body \">\n<p>Meine Beziehung zu IKEA hat einen langen Weg zur\u00fcckgelegt. Als ich das erste Mal im Alter von 23 Jahren und ein paar Monate vor mir ging, meinen ersten Job als Innenjournalist zu erzielen, wollte ich Plattenware kaufen und kam mit einem Wagen voller Kissenbez\u00fcge, Lampen, Kerzen und Tischmatten an die Kasse. Es waren Sachen im Wert von rund 200 US -Dollar, die ich nicht brauchte, und konnte es mir definitiv nicht leisten. Obwohl ich zugegebenerma\u00dfen gerne durch die IKEA-R\u00e4ume wanderte, f\u00fchlte ich mich \u00fcberw\u00e4ltigt, voller Ablehnung f\u00fcr alle Impuls-Grabs, und am Ende ging ich mit leeren H\u00e4nden hinaus.<\/p>\n<div id=\"ad-unit-1\" class=\"ad-unit\"><\/div>\n<p>Seitdem habe ich viele der besten Designer der Welt geschrieben und interviewt und einige der sch\u00f6nsten Projekte gesehen. Ich habe Handwerk, die F\u00e4higkeit des Herstellers und den Wert von High-End-M\u00f6beln zu sch\u00e4tzen und zu verstehen. Aber es gibt ein Wohnkultur -St\u00fcck, das ich jetzt nie anders als Ikea bekommen w\u00fcrde, und ich empfehle es st\u00e4ndig meinen Freunden. Sie sind erschwinglich, gute Qualit\u00e4t und sind nur die perfekte Bearbeitung und Auswahl an Stilen erhalten. Ja, ich bekomme immer meine Bildrahmen von Ikea.<\/p>\n<figure class=\"van-image-figure inline-layout \" data-bordeaux-image-check>\n<div class=\"image-full-width-wrapper\">\n<div class=\"image-widthsetter\" style=\"max-width:2000px;\"><\/div>\n<\/div>\n<\/figure>\n<p>IKEA hat die beste Auswahl an erschwinglichen Bildrahmen, und ich habe noch nie ein Gesch\u00e4ft gefunden, das sie besser macht, mit einer breiteren Auswahl und von so guter Qualit\u00e4t.<\/p>\n<div id=\"desktop-in-article\" class=\"in-article ad-unit\">\n<div id=\"desktop-taboola-mid-article\"><\/div>\n<\/div>\n<div id=\"mobile-in-article\" class=\"in-article ad-unit\">\n<div id=\"mobile-taboola-mid-article\"><\/div>\n<\/div>\n<aside class=\"hawk-nest\" data-block-type=\"embed\" data-render-type=\"fte\" data-skip=\"dealsy\" data-widget-type=\"seasonal\">\n<div class=\"hawk-master-widget-hawk-base-wrapper\"><\/div>\n<\/aside>\n<p>Erstens beginnen sie bei 1,49 $. Zweitens kommen sie in fast jeder Gr\u00f6\u00dfe, die Sie m\u00f6glicherweise brauchen k\u00f6nnten, egal ob Sie Postkarten f\u00fcr eine Galerie -Wand oder eine \u00fcbergro\u00dfe Kunst als eigenst\u00e4ndiges St\u00fcck umrahmen. Das Wei\u00df des klassischen Rodalm -Rahmens ist genau die rechte Matte, die nicht die Kunst beeintr\u00e4chtigt oder unn\u00f6tige Verzierung erzeugt. In der Zwischenzeit enth\u00e4lt die Eiche des Dalsk\u00e4rr -Rahmens alle Wirbel und Muster von echtem Holz, aber zu einem Bruchteil des Preises (es wird aus Faserplatten hergestellt, aber Sie k\u00f6nnen es nicht sagen) &#8211; es beginnt bei 12,99 US -Dollar.<\/p>\n<div class=\"van_vid_carousel\">\n<div class=\"van_vid_carousel__padding\">\n<div class=\"van_vid_carousel__container\"><\/div>\n<\/div>\n<\/div>\n<p>Aber was ich wirklich liebe, sind die Farben. Ich bin ein gro\u00dfer Fan von farbigen Kanten f\u00fcr Bilderrahmen und suche eine Highlight -Farbe in der Kunst, die sie umh\u00fcllt oder vollst\u00e4ndig kontrastiert. In jedem Fall sieht es teuer aus, es sieht kuratiert aus, es sieht aus, als h\u00e4tte ein Innenarchitekt f\u00fcr Sie ausgew\u00e4hlt.<\/p>\n<div id=\"ad-unit-2\" class=\"ad-unit\"><\/div>\n<figure class=\"van-image-figure inline-layout \" data-bordeaux-image-check>\n<div class=\"image-full-width-wrapper\">\n<div class=\"image-widthsetter\" style=\"max-width:2000px;\"><\/div>\n<\/div>\n<\/figure>\n<p>Ein Wort der Warnung jedoch. IKEA -Frames werden immer an der Kunst im Handel oder in der N\u00e4he von Merchandisiert. Es macht sicher Sinn, aber bitte lassen Sie sich nicht t\u00e4uschen, ich schlage nicht vor, dass Sie Ihre Kunst bei IKEA kaufen. Die Kopien von Van Gogh, die Ai-produzierten grafischen Treppen und die zuf\u00e4lligen Nahaufnahmen von Schmetterlingsfl\u00fcgeln und Bl\u00fctenzweigen lassen die Rahmen Massenproduktion und billig aussehen.<\/p>\n<p>Was Sie tun m\u00fcssen, ist, Ihre IKEA -Rahmen mit Ihren eigenen St\u00fccken zu f\u00fcllen, mit Bildern, die Ihnen etwas bedeuten oder von einem lokalen K\u00fcnstler stammen oder auf einer Vintage -Messe entdeckt wurden. Diese Erh\u00f6hung der Kuration und der Dekoration mit Kunstwerken, die Ihren Stil widerspiegeln, verleiht Ihrem IKEA die Figur, die sie ben\u00f6tigen, um wirklich zu singen.<\/p>\n<p>Und Sie m\u00fcssen auch keine Tonne f\u00fcr Ihr Kunstwerk ausgeben, es gibt sch\u00f6ne St\u00fccke, die genauso erschwinglich sein k\u00f6nnen wie die Rahmen von IKEA. Mit der Kunstauswahl von Etsys k\u00f6nnen Sie sich direkt mit dem K\u00fcnstler verbinden, w\u00e4hrend Desenios superinxpensige Drucke unterschiedlich, faszinierend und mit Pers\u00f6nlichkeit gef\u00fcllt sind. Kaufen Sie auch Vintage und in Sparsamkeitsgesch\u00e4ften ein und schauen Sie \u00fcber den Rahmen hinaus, den das Kunstwerk m\u00f6glicherweise eingeben k\u00f6nnte, und konzentrieren Sie sich einfach auf das St\u00fcck im Inneren.<\/p>\n<h3 class=\"article-body__section\" id=\"section-my-edit-of-the-best-ikea-frames\"><span>Meine Bearbeitung der besten IKEA -Frames<\/span><\/h3>\n<div class=\"product-container hero-product-container product-block-no-wrap\"><\/div>\n<hr>\n<p>Ich bin sehr weit nach meinen Tagen, in denen ich mich von IKEA \u00fcberw\u00e4ltigt f\u00fchlte, und ich denke wirklich, dass die Antwort nur darin besteht, die Teile zu finden, die Sie lieben und vertrauen und an ihnen bleiben. F\u00fcr mich sind IKEAs Frames und ich kann sie nicht genug empfehlen, aber Sie k\u00f6nnten auch feststellen, dass das Geschirr gut f\u00fcr Sie ist, oder die Teppiche sind ein erstaunlicher Preis f\u00fcr die Gr\u00f6\u00dfe und Qualit\u00e4t. Ich werde sagen, wo Sie k\u00f6nnen, gehen Sie in den Laden, um bei IKEA einzukaufen, damit Sie die Qualit\u00e4t sp\u00fcren k\u00f6nnen. Sobald Sie wissen, was f\u00fcr Sie funktioniert, k\u00f6nnen Sie online mit mehr Vertrauen in das bestellen, was Sie tats\u00e4chlich erhalten.<\/p>\n<\/div>\n","protected":false},"excerpt":{"rendered":"<p>Meine Beziehung zu IKEA hat einen langen Weg zur\u00fcckgelegt. Als ich das erste Mal im Alter von 23 Jahren und ein paar Monate vor mir<\/p>\n","protected":false},"author":1,"featured_media":3022,"comment_status":"closed","ping_status":"","sticky":false,"template":"","format":"standard","meta":{"footnotes":""},"categories":[118],"tags":[357,4866,935,4868,1611,1210,531,43,74,4864,129,4603,4862,4867,4863,146,21,4865,1529],"class_list":["post-3021","post","type-post","status-publish","format-standard","has-post-thumbnail","hentry","category-haus-garten","tag-aber","tag-accessoire","tag-als","tag-anders","tag-bekommen","tag-bin","tag-dieses","tag-ein","tag-eine","tag-geschmack","tag-ich","tag-ikea","tag-innenredakteur","tag-irgendwo","tag-luxurioesem","tag-mit","tag-von","tag-wohnkultur","tag-wuerde","generate-columns","tablet-grid-50","mobile-grid-100","grid-parent","grid-50"],"yoast_head":"<!-- This site is optimized with the Yoast SEO plugin v27.3 - https:\/\/yoast.com\/product\/yoast-seo-wordpress\/ -->\n<title>Ich bin ein Innenredakteur mit luxuri\u00f6sem Geschmack, aber ich w\u00fcrde dieses eine Wohnkultur -Accessoire von irgendwo anders als IKEA bekommen - Nachrichten - Stra\u00dfenweb<\/title>\n<meta name=\"robots\" content=\"index, follow, max-snippet:-1, max-image-preview:large, max-video-preview:-1\" \/>\n<link rel=\"canonical\" href=\"https:\/\/www.strassenweb.de\/nachrichten\/ich-bin-ein-innenredakteur-mit-luxurioesem-geschmack-aber-ich-wuerde-dieses-eine-wohnkultur-accessoire-von-irgendwo-anders-als-ikea-bekommen\/\" \/>\n<meta property=\"og:locale\" content=\"de_DE\" \/>\n<meta property=\"og:type\" content=\"article\" \/>\n<meta property=\"og:title\" content=\"Ich bin ein Innenredakteur mit luxuri\u00f6sem Geschmack, aber ich w\u00fcrde dieses eine Wohnkultur -Accessoire von irgendwo anders als IKEA bekommen - Nachrichten - Stra\u00dfenweb\" \/>\n<meta property=\"og:description\" content=\"Meine Beziehung zu IKEA hat einen langen Weg zur\u00fcckgelegt. Als ich das erste Mal im Alter von 23 Jahren und ein paar Monate vor mir\" \/>\n<meta property=\"og:url\" content=\"https:\/\/www.strassenweb.de\/nachrichten\/ich-bin-ein-innenredakteur-mit-luxurioesem-geschmack-aber-ich-wuerde-dieses-eine-wohnkultur-accessoire-von-irgendwo-anders-als-ikea-bekommen\/\" \/>\n<meta property=\"og:site_name\" content=\"Stra\u00dfenweb\" \/>\n<meta property=\"article:publisher\" content=\"https:\/\/www.facebook.com\/strassenweb\/\" \/>\n<meta property=\"article:published_time\" content=\"2025-01-30T14:43:41+00:00\" \/>\n<meta property=\"article:modified_time\" content=\"2025-01-30T14:43:43+00:00\" \/>\n<meta property=\"og:image\" content=\"https:\/\/www.strassenweb.de\/nachrichten\/wp-content\/uploads\/2025\/01\/Ich-bin-ein-Innenredakteur-mit-luxurioesem-Geschmack-aber-ich-wuerde.jpg\" \/>\n\t<meta property=\"og:image:width\" content=\"1200\" \/>\n\t<meta property=\"og:image:height\" content=\"675\" \/>\n\t<meta property=\"og:image:type\" content=\"image\/jpeg\" \/>\n<meta name=\"author\" content=\"Robert Hoffmann\" \/>\n<meta name=\"twitter:card\" content=\"summary_large_image\" \/>\n<meta name=\"twitter:label1\" content=\"Verfasst von\" \/>\n\t<meta name=\"twitter:data1\" content=\"Robert Hoffmann\" \/>\n\t<meta name=\"twitter:label2\" content=\"Gesch\u00e4tzte Lesezeit\" \/>\n\t<meta name=\"twitter:data2\" content=\"4\u00a0Minuten\" \/>\n<script type=\"application\/ld+json\" class=\"yoast-schema-graph\">{\"@context\":\"https:\\\/\\\/schema.org\",\"@graph\":[{\"@type\":\"Article\",\"@id\":\"https:\\\/\\\/www.strassenweb.de\\\/nachrichten\\\/ich-bin-ein-innenredakteur-mit-luxurioesem-geschmack-aber-ich-wuerde-dieses-eine-wohnkultur-accessoire-von-irgendwo-anders-als-ikea-bekommen\\\/#article\",\"isPartOf\":{\"@id\":\"https:\\\/\\\/www.strassenweb.de\\\/nachrichten\\\/ich-bin-ein-innenredakteur-mit-luxurioesem-geschmack-aber-ich-wuerde-dieses-eine-wohnkultur-accessoire-von-irgendwo-anders-als-ikea-bekommen\\\/\"},\"author\":{\"name\":\"Robert Hoffmann\",\"@id\":\"https:\\\/\\\/www.strassenweb.de\\\/nachrichten\\\/#\\\/schema\\\/person\\\/87c9c9067f1211da429a744dc5a5aa41\"},\"headline\":\"Ich bin ein Innenredakteur mit luxuri\u00f6sem Geschmack, aber ich w\u00fcrde dieses eine Wohnkultur -Accessoire von irgendwo anders als IKEA bekommen\",\"datePublished\":\"2025-01-30T14:43:41+00:00\",\"dateModified\":\"2025-01-30T14:43:43+00:00\",\"mainEntityOfPage\":{\"@id\":\"https:\\\/\\\/www.strassenweb.de\\\/nachrichten\\\/ich-bin-ein-innenredakteur-mit-luxurioesem-geschmack-aber-ich-wuerde-dieses-eine-wohnkultur-accessoire-von-irgendwo-anders-als-ikea-bekommen\\\/\"},\"wordCount\":773,\"publisher\":{\"@id\":\"https:\\\/\\\/www.strassenweb.de\\\/nachrichten\\\/#organization\"},\"image\":{\"@id\":\"https:\\\/\\\/www.strassenweb.de\\\/nachrichten\\\/ich-bin-ein-innenredakteur-mit-luxurioesem-geschmack-aber-ich-wuerde-dieses-eine-wohnkultur-accessoire-von-irgendwo-anders-als-ikea-bekommen\\\/#primaryimage\"},\"thumbnailUrl\":\"https:\\\/\\\/www.strassenweb.de\\\/nachrichten\\\/wp-content\\\/uploads\\\/2025\\\/01\\\/Ich-bin-ein-Innenredakteur-mit-luxurioesem-Geschmack-aber-ich-wuerde.jpg\",\"keywords\":[\"aber\",\"Accessoire\",\"als\",\"anders\",\"bekommen\",\"bin\",\"dieses\",\"ein\",\"eine\",\"Geschmack\",\"ich\",\"IKEA\",\"Innenredakteur\",\"irgendwo\",\"luxuri\u00f6sem\",\"mit\",\"von\",\"Wohnkultur\",\"w\u00fcrde\"],\"articleSection\":[\"Haus &amp; Garten\"],\"inLanguage\":\"de\"},{\"@type\":\"WebPage\",\"@id\":\"https:\\\/\\\/www.strassenweb.de\\\/nachrichten\\\/ich-bin-ein-innenredakteur-mit-luxurioesem-geschmack-aber-ich-wuerde-dieses-eine-wohnkultur-accessoire-von-irgendwo-anders-als-ikea-bekommen\\\/\",\"url\":\"https:\\\/\\\/www.strassenweb.de\\\/nachrichten\\\/ich-bin-ein-innenredakteur-mit-luxurioesem-geschmack-aber-ich-wuerde-dieses-eine-wohnkultur-accessoire-von-irgendwo-anders-als-ikea-bekommen\\\/\",\"name\":\"Ich bin ein Innenredakteur mit luxuri\u00f6sem Geschmack, aber ich w\u00fcrde dieses eine Wohnkultur -Accessoire von irgendwo anders als IKEA bekommen - Nachrichten - Stra\u00dfenweb\",\"isPartOf\":{\"@id\":\"https:\\\/\\\/www.strassenweb.de\\\/nachrichten\\\/#website\"},\"primaryImageOfPage\":{\"@id\":\"https:\\\/\\\/www.strassenweb.de\\\/nachrichten\\\/ich-bin-ein-innenredakteur-mit-luxurioesem-geschmack-aber-ich-wuerde-dieses-eine-wohnkultur-accessoire-von-irgendwo-anders-als-ikea-bekommen\\\/#primaryimage\"},\"image\":{\"@id\":\"https:\\\/\\\/www.strassenweb.de\\\/nachrichten\\\/ich-bin-ein-innenredakteur-mit-luxurioesem-geschmack-aber-ich-wuerde-dieses-eine-wohnkultur-accessoire-von-irgendwo-anders-als-ikea-bekommen\\\/#primaryimage\"},\"thumbnailUrl\":\"https:\\\/\\\/www.strassenweb.de\\\/nachrichten\\\/wp-content\\\/uploads\\\/2025\\\/01\\\/Ich-bin-ein-Innenredakteur-mit-luxurioesem-Geschmack-aber-ich-wuerde.jpg\",\"datePublished\":\"2025-01-30T14:43:41+00:00\",\"dateModified\":\"2025-01-30T14:43:43+00:00\",\"breadcrumb\":{\"@id\":\"https:\\\/\\\/www.strassenweb.de\\\/nachrichten\\\/ich-bin-ein-innenredakteur-mit-luxurioesem-geschmack-aber-ich-wuerde-dieses-eine-wohnkultur-accessoire-von-irgendwo-anders-als-ikea-bekommen\\\/#breadcrumb\"},\"inLanguage\":\"de\",\"potentialAction\":[{\"@type\":\"ReadAction\",\"target\":[\"https:\\\/\\\/www.strassenweb.de\\\/nachrichten\\\/ich-bin-ein-innenredakteur-mit-luxurioesem-geschmack-aber-ich-wuerde-dieses-eine-wohnkultur-accessoire-von-irgendwo-anders-als-ikea-bekommen\\\/\"]}]},{\"@type\":\"ImageObject\",\"inLanguage\":\"de\",\"@id\":\"https:\\\/\\\/www.strassenweb.de\\\/nachrichten\\\/ich-bin-ein-innenredakteur-mit-luxurioesem-geschmack-aber-ich-wuerde-dieses-eine-wohnkultur-accessoire-von-irgendwo-anders-als-ikea-bekommen\\\/#primaryimage\",\"url\":\"https:\\\/\\\/www.strassenweb.de\\\/nachrichten\\\/wp-content\\\/uploads\\\/2025\\\/01\\\/Ich-bin-ein-Innenredakteur-mit-luxurioesem-Geschmack-aber-ich-wuerde.jpg\",\"contentUrl\":\"https:\\\/\\\/www.strassenweb.de\\\/nachrichten\\\/wp-content\\\/uploads\\\/2025\\\/01\\\/Ich-bin-ein-Innenredakteur-mit-luxurioesem-Geschmack-aber-ich-wuerde.jpg\",\"width\":1200,\"height\":675,\"caption\":\"Ich bin ein Innenredakteur mit luxuri\u00f6sem Geschmack, aber ich w\u00fcrde dieses eine Wohnkultur -Accessoire von irgendwo anders als IKEA bekommen\"},{\"@type\":\"BreadcrumbList\",\"@id\":\"https:\\\/\\\/www.strassenweb.de\\\/nachrichten\\\/ich-bin-ein-innenredakteur-mit-luxurioesem-geschmack-aber-ich-wuerde-dieses-eine-wohnkultur-accessoire-von-irgendwo-anders-als-ikea-bekommen\\\/#breadcrumb\",\"itemListElement\":[{\"@type\":\"ListItem\",\"position\":1,\"name\":\"Home\",\"item\":\"https:\\\/\\\/www.strassenweb.de\\\/nachrichten\\\/\"},{\"@type\":\"ListItem\",\"position\":2,\"name\":\"Ich bin ein Innenredakteur mit luxuri\u00f6sem Geschmack, aber ich w\u00fcrde dieses eine Wohnkultur -Accessoire von irgendwo anders als IKEA bekommen\"}]},{\"@type\":\"WebSite\",\"@id\":\"https:\\\/\\\/www.strassenweb.de\\\/nachrichten\\\/#website\",\"url\":\"https:\\\/\\\/www.strassenweb.de\\\/nachrichten\\\/\",\"name\":\"Stra\u00dfenweb\",\"description\":\"Stra\u00dfenverzeichnis f\u00fcr Deutschland\",\"publisher\":{\"@id\":\"https:\\\/\\\/www.strassenweb.de\\\/nachrichten\\\/#organization\"},\"potentialAction\":[{\"@type\":\"SearchAction\",\"target\":{\"@type\":\"EntryPoint\",\"urlTemplate\":\"https:\\\/\\\/www.strassenweb.de\\\/nachrichten\\\/?s={search_term_string}\"},\"query-input\":{\"@type\":\"PropertyValueSpecification\",\"valueRequired\":true,\"valueName\":\"search_term_string\"}}],\"inLanguage\":\"de\"},{\"@type\":\"Organization\",\"@id\":\"https:\\\/\\\/www.strassenweb.de\\\/nachrichten\\\/#organization\",\"name\":\"Stra\u00dfenweb\",\"url\":\"https:\\\/\\\/www.strassenweb.de\\\/nachrichten\\\/\",\"logo\":{\"@type\":\"ImageObject\",\"inLanguage\":\"de\",\"@id\":\"https:\\\/\\\/www.strassenweb.de\\\/nachrichten\\\/#\\\/schema\\\/logo\\\/image\\\/\",\"url\":\"https:\\\/\\\/www.strassenweb.de\\\/nachrichten\\\/wp-content\\\/uploads\\\/2024\\\/09\\\/cropped-favicon.png\",\"contentUrl\":\"https:\\\/\\\/www.strassenweb.de\\\/nachrichten\\\/wp-content\\\/uploads\\\/2024\\\/09\\\/cropped-favicon.png\",\"width\":512,\"height\":512,\"caption\":\"Stra\u00dfenweb\"},\"image\":{\"@id\":\"https:\\\/\\\/www.strassenweb.de\\\/nachrichten\\\/#\\\/schema\\\/logo\\\/image\\\/\"},\"sameAs\":[\"https:\\\/\\\/www.facebook.com\\\/strassenweb\\\/\"]},{\"@type\":\"Person\",\"@id\":\"https:\\\/\\\/www.strassenweb.de\\\/nachrichten\\\/#\\\/schema\\\/person\\\/87c9c9067f1211da429a744dc5a5aa41\",\"name\":\"Robert Hoffmann\",\"image\":{\"@type\":\"ImageObject\",\"inLanguage\":\"de\",\"@id\":\"https:\\\/\\\/www.strassenweb.de\\\/nachrichten\\\/wp-content\\\/uploads\\\/2024\\\/09\\\/strassenweb-150x150.jpg\",\"url\":\"https:\\\/\\\/www.strassenweb.de\\\/nachrichten\\\/wp-content\\\/uploads\\\/2024\\\/09\\\/strassenweb-150x150.jpg\",\"contentUrl\":\"https:\\\/\\\/www.strassenweb.de\\\/nachrichten\\\/wp-content\\\/uploads\\\/2024\\\/09\\\/strassenweb-150x150.jpg\",\"caption\":\"Robert Hoffmann\"},\"description\":\"Ich hei\u00dfe Robert Hoffmann und ich bin ein leidenschaftlicher Verfechter von \u00d6kologie und Biodiversit\u00e4t. Seit meiner Kindheit in den W\u00e4ldern Bayerns f\u00fchle ich mich mit der Natur verbunden und bin entschlossen, sie zu sch\u00fctzen. Heute widme ich mein Leben der Sensibilisierung anderer f\u00fcr die Bedeutung des Umweltschutzes f\u00fcr zuk\u00fcnftige Generationen.\",\"sameAs\":[\"https:\\\/\\\/www.strassenweb.de\\\/\"]}]}<\/script>\n<!-- \/ Yoast SEO plugin. -->","yoast_head_json":{"title":"Ich bin ein Innenredakteur mit luxuri\u00f6sem Geschmack, aber ich w\u00fcrde dieses eine Wohnkultur -Accessoire von irgendwo anders als IKEA bekommen - Nachrichten - Stra\u00dfenweb","robots":{"index":"index","follow":"follow","max-snippet":"max-snippet:-1","max-image-preview":"max-image-preview:large","max-video-preview":"max-video-preview:-1"},"canonical":"https:\/\/www.strassenweb.de\/nachrichten\/ich-bin-ein-innenredakteur-mit-luxurioesem-geschmack-aber-ich-wuerde-dieses-eine-wohnkultur-accessoire-von-irgendwo-anders-als-ikea-bekommen\/","og_locale":"de_DE","og_type":"article","og_title":"Ich bin ein Innenredakteur mit luxuri\u00f6sem Geschmack, aber ich w\u00fcrde dieses eine Wohnkultur -Accessoire von irgendwo anders als IKEA bekommen - Nachrichten - Stra\u00dfenweb","og_description":"Meine Beziehung zu IKEA hat einen langen Weg zur\u00fcckgelegt. Als ich das erste Mal im Alter von 23 Jahren und ein paar Monate vor mir","og_url":"https:\/\/www.strassenweb.de\/nachrichten\/ich-bin-ein-innenredakteur-mit-luxurioesem-geschmack-aber-ich-wuerde-dieses-eine-wohnkultur-accessoire-von-irgendwo-anders-als-ikea-bekommen\/","og_site_name":"Stra\u00dfenweb","article_publisher":"https:\/\/www.facebook.com\/strassenweb\/","article_published_time":"2025-01-30T14:43:41+00:00","article_modified_time":"2025-01-30T14:43:43+00:00","og_image":[{"width":1200,"height":675,"url":"https:\/\/www.strassenweb.de\/nachrichten\/wp-content\/uploads\/2025\/01\/Ich-bin-ein-Innenredakteur-mit-luxurioesem-Geschmack-aber-ich-wuerde.jpg","type":"image\/jpeg"}],"author":"Robert Hoffmann","twitter_card":"summary_large_image","twitter_misc":{"Verfasst von":"Robert Hoffmann","Gesch\u00e4tzte Lesezeit":"4\u00a0Minuten"},"schema":{"@context":"https:\/\/schema.org","@graph":[{"@type":"Article","@id":"https:\/\/www.strassenweb.de\/nachrichten\/ich-bin-ein-innenredakteur-mit-luxurioesem-geschmack-aber-ich-wuerde-dieses-eine-wohnkultur-accessoire-von-irgendwo-anders-als-ikea-bekommen\/#article","isPartOf":{"@id":"https:\/\/www.strassenweb.de\/nachrichten\/ich-bin-ein-innenredakteur-mit-luxurioesem-geschmack-aber-ich-wuerde-dieses-eine-wohnkultur-accessoire-von-irgendwo-anders-als-ikea-bekommen\/"},"author":{"name":"Robert Hoffmann","@id":"https:\/\/www.strassenweb.de\/nachrichten\/#\/schema\/person\/87c9c9067f1211da429a744dc5a5aa41"},"headline":"Ich bin ein Innenredakteur mit luxuri\u00f6sem Geschmack, aber ich w\u00fcrde dieses eine Wohnkultur -Accessoire von irgendwo anders als IKEA bekommen","datePublished":"2025-01-30T14:43:41+00:00","dateModified":"2025-01-30T14:43:43+00:00","mainEntityOfPage":{"@id":"https:\/\/www.strassenweb.de\/nachrichten\/ich-bin-ein-innenredakteur-mit-luxurioesem-geschmack-aber-ich-wuerde-dieses-eine-wohnkultur-accessoire-von-irgendwo-anders-als-ikea-bekommen\/"},"wordCount":773,"publisher":{"@id":"https:\/\/www.strassenweb.de\/nachrichten\/#organization"},"image":{"@id":"https:\/\/www.strassenweb.de\/nachrichten\/ich-bin-ein-innenredakteur-mit-luxurioesem-geschmack-aber-ich-wuerde-dieses-eine-wohnkultur-accessoire-von-irgendwo-anders-als-ikea-bekommen\/#primaryimage"},"thumbnailUrl":"https:\/\/www.strassenweb.de\/nachrichten\/wp-content\/uploads\/2025\/01\/Ich-bin-ein-Innenredakteur-mit-luxurioesem-Geschmack-aber-ich-wuerde.jpg","keywords":["aber","Accessoire","als","anders","bekommen","bin","dieses","ein","eine","Geschmack","ich","IKEA","Innenredakteur","irgendwo","luxuri\u00f6sem","mit","von","Wohnkultur","w\u00fcrde"],"articleSection":["Haus &amp; Garten"],"inLanguage":"de"},{"@type":"WebPage","@id":"https:\/\/www.strassenweb.de\/nachrichten\/ich-bin-ein-innenredakteur-mit-luxurioesem-geschmack-aber-ich-wuerde-dieses-eine-wohnkultur-accessoire-von-irgendwo-anders-als-ikea-bekommen\/","url":"https:\/\/www.strassenweb.de\/nachrichten\/ich-bin-ein-innenredakteur-mit-luxurioesem-geschmack-aber-ich-wuerde-dieses-eine-wohnkultur-accessoire-von-irgendwo-anders-als-ikea-bekommen\/","name":"Ich bin ein Innenredakteur mit luxuri\u00f6sem Geschmack, aber ich w\u00fcrde dieses eine Wohnkultur -Accessoire von irgendwo anders als IKEA bekommen - Nachrichten - Stra\u00dfenweb","isPartOf":{"@id":"https:\/\/www.strassenweb.de\/nachrichten\/#website"},"primaryImageOfPage":{"@id":"https:\/\/www.strassenweb.de\/nachrichten\/ich-bin-ein-innenredakteur-mit-luxurioesem-geschmack-aber-ich-wuerde-dieses-eine-wohnkultur-accessoire-von-irgendwo-anders-als-ikea-bekommen\/#primaryimage"},"image":{"@id":"https:\/\/www.strassenweb.de\/nachrichten\/ich-bin-ein-innenredakteur-mit-luxurioesem-geschmack-aber-ich-wuerde-dieses-eine-wohnkultur-accessoire-von-irgendwo-anders-als-ikea-bekommen\/#primaryimage"},"thumbnailUrl":"https:\/\/www.strassenweb.de\/nachrichten\/wp-content\/uploads\/2025\/01\/Ich-bin-ein-Innenredakteur-mit-luxurioesem-Geschmack-aber-ich-wuerde.jpg","datePublished":"2025-01-30T14:43:41+00:00","dateModified":"2025-01-30T14:43:43+00:00","breadcrumb":{"@id":"https:\/\/www.strassenweb.de\/nachrichten\/ich-bin-ein-innenredakteur-mit-luxurioesem-geschmack-aber-ich-wuerde-dieses-eine-wohnkultur-accessoire-von-irgendwo-anders-als-ikea-bekommen\/#breadcrumb"},"inLanguage":"de","potentialAction":[{"@type":"ReadAction","target":["https:\/\/www.strassenweb.de\/nachrichten\/ich-bin-ein-innenredakteur-mit-luxurioesem-geschmack-aber-ich-wuerde-dieses-eine-wohnkultur-accessoire-von-irgendwo-anders-als-ikea-bekommen\/"]}]},{"@type":"ImageObject","inLanguage":"de","@id":"https:\/\/www.strassenweb.de\/nachrichten\/ich-bin-ein-innenredakteur-mit-luxurioesem-geschmack-aber-ich-wuerde-dieses-eine-wohnkultur-accessoire-von-irgendwo-anders-als-ikea-bekommen\/#primaryimage","url":"https:\/\/www.strassenweb.de\/nachrichten\/wp-content\/uploads\/2025\/01\/Ich-bin-ein-Innenredakteur-mit-luxurioesem-Geschmack-aber-ich-wuerde.jpg","contentUrl":"https:\/\/www.strassenweb.de\/nachrichten\/wp-content\/uploads\/2025\/01\/Ich-bin-ein-Innenredakteur-mit-luxurioesem-Geschmack-aber-ich-wuerde.jpg","width":1200,"height":675,"caption":"Ich bin ein Innenredakteur mit luxuri\u00f6sem Geschmack, aber ich w\u00fcrde dieses eine Wohnkultur -Accessoire von irgendwo anders als IKEA bekommen"},{"@type":"BreadcrumbList","@id":"https:\/\/www.strassenweb.de\/nachrichten\/ich-bin-ein-innenredakteur-mit-luxurioesem-geschmack-aber-ich-wuerde-dieses-eine-wohnkultur-accessoire-von-irgendwo-anders-als-ikea-bekommen\/#breadcrumb","itemListElement":[{"@type":"ListItem","position":1,"name":"Home","item":"https:\/\/www.strassenweb.de\/nachrichten\/"},{"@type":"ListItem","position":2,"name":"Ich bin ein Innenredakteur mit luxuri\u00f6sem Geschmack, aber ich w\u00fcrde dieses eine Wohnkultur -Accessoire von irgendwo anders als IKEA bekommen"}]},{"@type":"WebSite","@id":"https:\/\/www.strassenweb.de\/nachrichten\/#website","url":"https:\/\/www.strassenweb.de\/nachrichten\/","name":"Stra\u00dfenweb","description":"Stra\u00dfenverzeichnis f\u00fcr Deutschland","publisher":{"@id":"https:\/\/www.strassenweb.de\/nachrichten\/#organization"},"potentialAction":[{"@type":"SearchAction","target":{"@type":"EntryPoint","urlTemplate":"https:\/\/www.strassenweb.de\/nachrichten\/?s={search_term_string}"},"query-input":{"@type":"PropertyValueSpecification","valueRequired":true,"valueName":"search_term_string"}}],"inLanguage":"de"},{"@type":"Organization","@id":"https:\/\/www.strassenweb.de\/nachrichten\/#organization","name":"Stra\u00dfenweb","url":"https:\/\/www.strassenweb.de\/nachrichten\/","logo":{"@type":"ImageObject","inLanguage":"de","@id":"https:\/\/www.strassenweb.de\/nachrichten\/#\/schema\/logo\/image\/","url":"https:\/\/www.strassenweb.de\/nachrichten\/wp-content\/uploads\/2024\/09\/cropped-favicon.png","contentUrl":"https:\/\/www.strassenweb.de\/nachrichten\/wp-content\/uploads\/2024\/09\/cropped-favicon.png","width":512,"height":512,"caption":"Stra\u00dfenweb"},"image":{"@id":"https:\/\/www.strassenweb.de\/nachrichten\/#\/schema\/logo\/image\/"},"sameAs":["https:\/\/www.facebook.com\/strassenweb\/"]},{"@type":"Person","@id":"https:\/\/www.strassenweb.de\/nachrichten\/#\/schema\/person\/87c9c9067f1211da429a744dc5a5aa41","name":"Robert Hoffmann","image":{"@type":"ImageObject","inLanguage":"de","@id":"https:\/\/www.strassenweb.de\/nachrichten\/wp-content\/uploads\/2024\/09\/strassenweb-150x150.jpg","url":"https:\/\/www.strassenweb.de\/nachrichten\/wp-content\/uploads\/2024\/09\/strassenweb-150x150.jpg","contentUrl":"https:\/\/www.strassenweb.de\/nachrichten\/wp-content\/uploads\/2024\/09\/strassenweb-150x150.jpg","caption":"Robert Hoffmann"},"description":"Ich hei\u00dfe Robert Hoffmann und ich bin ein leidenschaftlicher Verfechter von \u00d6kologie und Biodiversit\u00e4t. Seit meiner Kindheit in den W\u00e4ldern Bayerns f\u00fchle ich mich mit der Natur verbunden und bin entschlossen, sie zu sch\u00fctzen. Heute widme ich mein Leben der Sensibilisierung anderer f\u00fcr die Bedeutung des Umweltschutzes f\u00fcr zuk\u00fcnftige Generationen.","sameAs":["https:\/\/www.strassenweb.de\/"]}]}},"_links":{"self":[{"href":"https:\/\/www.strassenweb.de\/nachrichten\/wp-json\/wp\/v2\/posts\/3021","targetHints":{"allow":["GET"]}}],"collection":[{"href":"https:\/\/www.strassenweb.de\/nachrichten\/wp-json\/wp\/v2\/posts"}],"about":[{"href":"https:\/\/www.strassenweb.de\/nachrichten\/wp-json\/wp\/v2\/types\/post"}],"author":[{"embeddable":true,"href":"https:\/\/www.strassenweb.de\/nachrichten\/wp-json\/wp\/v2\/users\/1"}],"replies":[{"embeddable":true,"href":"https:\/\/www.strassenweb.de\/nachrichten\/wp-json\/wp\/v2\/comments?post=3021"}],"version-history":[{"count":0,"href":"https:\/\/www.strassenweb.de\/nachrichten\/wp-json\/wp\/v2\/posts\/3021\/revisions"}],"wp:featuredmedia":[{"embeddable":true,"href":"https:\/\/www.strassenweb.de\/nachrichten\/wp-json\/wp\/v2\/media\/3022"}],"wp:attachment":[{"href":"https:\/\/www.strassenweb.de\/nachrichten\/wp-json\/wp\/v2\/media?parent=3021"}],"wp:term":[{"taxonomy":"category","embeddable":true,"href":"https:\/\/www.strassenweb.de\/nachrichten\/wp-json\/wp\/v2\/categories?post=3021"},{"taxonomy":"post_tag","embeddable":true,"href":"https:\/\/www.strassenweb.de\/nachrichten\/wp-json\/wp\/v2\/tags?post=3021"}],"curies":[{"name":"wp","href":"https:\/\/api.w.org\/{rel}","templated":true}]}}