{"id":300,"date":"2024-09-26T22:48:40","date_gmt":"2024-09-26T20:48:40","guid":{"rendered":"https:\/\/www.strassenweb.de\/nachrichten\/kalter-wintergarten-so-waermen-sie-einen-wintergarten-auf\/"},"modified":"2024-09-26T22:48:41","modified_gmt":"2024-09-26T20:48:41","slug":"kalter-wintergarten-so-waermen-sie-einen-wintergarten-auf","status":"publish","type":"post","link":"https:\/\/www.strassenweb.de\/nachrichten\/kalter-wintergarten-so-waermen-sie-einen-wintergarten-auf\/","title":{"rendered":"Kalter Wintergarten: So w\u00e4rmen Sie einen Wintergarten auf"},"content":{"rendered":"<div><!--(--><!----><\/p>\n<div class=\"wordpress-image\">\n<figure class=\"wp-block-image size-full\"><\/figure>\n<\/div>\n<p><!----><\/p>\n<div class=\"wordpress-paragraph\" style=\"--25ab227a:left;\" data-v-c0f9f52b=\"\">\n<p>Winterg\u00e4rten sind eine tolle M\u00f6glichkeit, Ihren Garten im Sommer zu genie\u00dfen, aber wenn der Winter naht, kann es dort etwas k\u00fchl werden.<\/p>\n<\/div>\n<p><!----><\/p>\n<div class=\"wordpress-paragraph\" style=\"--25ab227a:left;\" data-v-c0f9f52b=\"\">\n<p>Es gibt verschiedene M\u00f6glichkeiten, Ihren Wintergarten im Winter warm zu halten \u2013 die wir Ihnen in diesem Artikel zeigen \u2013 aber Sie werden feststellen, dass der Austausch Ihres Wintergartendachs am effektivsten ist.<\/p>\n<\/div>\n<p><!----><\/p>\n<div class=\"wordpress-paragraph\" style=\"--25ab227a:left;\" data-v-c0f9f52b=\"\">\n<p>Wenn Sie einen neuen Wintergarten installieren m\u00f6chten, ist es entscheidend f\u00fcr Ihren langfristigen Komfort und Ihre Freude, den besten Installateur f\u00fcr die Aufgabe zu finden. Unser Ziel ist es, diesen Prozess f\u00fcr Sie zu vereinfachen.<\/p>\n<\/div>\n<p><!----><\/p>\n<div class=\"wordpress-paragraph\" style=\"--25ab227a:left;\" data-v-c0f9f52b=\"\">\n<p>Mit GreenMatch k\u00f6nnen Sie bis zu 3 kostenlose und unverbindliche Angebote von vertrauensw\u00fcrdigen Wintergarteninstallateuren aus unserem Netzwerk erhalten. Unser Service spart Ihnen Zeit und Geld. Letztendlich k\u00f6nnen Sie ihre exklusiven Angebote vergleichen, um ein gutes Angebot zu finden.<\/p>\n<\/div>\n<p><!----><\/p>\n<div class=\"wordpress-paragraph\" style=\"--25ab227a:left;\" data-v-c0f9f52b=\"\">\n<p>Beginnen Sie mit der Einholung kostenloser Angebote, indem Sie auf die Schaltfl\u00e4che unten klicken.<\/p>\n<\/div>\n<p><!----><\/p>\n<div class=\"cta-block\" style=\"background-image:linear-gradient(to right, #deeefa, #deeefa);--1554cd56:#000;--4f2215c8:#c3e0f3;--147220ca:rgb(68 68 68);--7b28d34a:rgb(255, 111, 0);--09347c9a:#ffffff;--3bc782e2:rgb(148, 148, 148);--67e53659:#deeefa;--e9b1b55c:#deeefa;--5c587492:#3daee2;--454f35ba:#535456;--20c6ad50:#000;--10fda644:#c3e0f3;--e8a5e7c6:rgb(68 68 68);--143b308c:rgb(255, 111, 0);--33169ddc:#ffffff;--947f57de:rgb(148, 148, 148);--388c8c7a:#5f6265;--224b6ae2:#fff;--90c71118:rgb(var(--base-400));--4c846620:rgb(var(--base-200));--70bbd5b2:rgb(var(--base-200));\" data-v-94877ae5=\"\"><\/div>\n<p><!----><!----><\/p>\n<h2><strong>Warum ist Ihr Wintergarten kalt?<\/strong><\/h2>\n<p><!----><\/p>\n<div class=\"wordpress-paragraph\" style=\"--25ab227a:left;\" data-v-c0f9f52b=\"\">\n<p>Bevor wir uns mit M\u00f6glichkeiten zum Heizen eines Wintergartens befassen, ist es wichtig zu verstehen, warum der Wintergarten \u00fcberhaupt kalt werden k\u00f6nnte:<\/p>\n<\/div>\n<p><!----><\/p>\n<div class=\"wordpress-list\" style=\"--59fc38e0:;\" data-v-9bc93961=\"\">\n<div class=\"wordpress-list__wrapper\" data-v-9bc93961=\"\">\n<ul>\n<li>Leck, gesprungenes Glas oder defektes Siegel<\/li>\n<li>Unzureichende Isolierung<\/li>\n<li>Schlechte Verglasung<\/li>\n<li>Kalter Bodenbelag<\/li>\n<li>Feuchte<\/li>\n<li>Probleme mit dem Dach<\/li>\n<\/ul>\n<\/div>\n<\/div>\n<p><!----><\/p>\n<h2><strong>M\u00f6glichkeiten, Ihren Wintergarten zu heizen<\/strong><\/h2>\n<p><!----><\/p>\n<div class=\"wordpress-paragraph\" style=\"--25ab227a:left;\" data-v-c0f9f52b=\"\">\n<p>Die Suche nach M\u00f6glichkeiten zur Beheizung Ihres Wintergartens geht Hand in Hand mit Ma\u00dfnahmen, um die W\u00e4rme im Inneren zu halten. Durch die Verlegung von Dach- oder Bodeninstallationen, sogar eines gro\u00dfen Teppichs oder einer Matte, wird der W\u00e4rmeverlust Ihres Wintergartens erheblich reduziert.<\/p>\n<\/div>\n<p><!----><\/p>\n<h2><strong>Installieren Sie eine Zentralheizung<\/strong><\/h2>\n<p><!----><\/p>\n<div class=\"wordpress-paragraph\" style=\"--25ab227a:left;\" data-v-c0f9f52b=\"\">\n<p>Wenn Ihr Haus \u00fcber eine Zentralheizung verf\u00fcgt, k\u00f6nnen Sie diese m\u00f6glicherweise auf Ihren Wintergarten ausweiten. Dabei handelt es sich in der Regel um die Verlegung neuer Rohre und den Einbau von Heizk\u00f6rpern. <\/p>\n<\/div>\n<p><!----><\/p>\n<div class=\"wordpress-paragraph\" style=\"--25ab227a:left;\" data-v-c0f9f52b=\"\">\n<p>Die Kosten variieren je nach Gr\u00f6\u00dfe Ihres Wintergartens, aber Sie k\u00f6nnen dies tun <strong>Erwarten Sie etwa 2.500 bis 3.000 \u00a3<\/strong>. <\/p>\n<\/div>\n<p><!----><\/p>\n<div class=\"wordpress-paragraph\" style=\"--25ab227a:left;\" data-v-c0f9f52b=\"\">\n<p>Beachten Sie au\u00dferdem die Bauvorschriften, da es einigen Immobilien nicht gestattet ist, ihren Wintergarten mit einer Zentralheizung auszustatten. <\/p>\n<\/div>\n<p><!----><\/p>\n<div class=\"wordpress-list\" style=\"--59fc38e0:;\" data-v-9bc93961=\"\">\n<div class=\"wordpress-list__wrapper\" data-v-9bc93961=\"\">\n<ul>\n<li>Elektrische Heizungen<\/li>\n<li>Fu\u00dfbodenheizung<\/li>\n<li>Infrarotheizung <\/li>\n<\/ul>\n<\/div>\n<\/div>\n<p><!----><\/p>\n<h2><strong>Ersetzen eines Wintergartendachs<\/strong><\/h2>\n<p><!----><\/p>\n<div class=\"wordpress-paragraph\" style=\"--25ab227a:left;\" data-v-c0f9f52b=\"\">\n<p>Der Austausch eines Wintergartendachs zur W\u00e4rmegewinnung mag nach einer teuren M\u00f6glichkeit klingen, die W\u00e4rme im Haus zu halten, bietet aber viele Vorteile:<\/p>\n<\/div>\n<p><!----><\/p>\n<div class=\"wordpress-list\" style=\"--59fc38e0:;\" data-v-9bc93961=\"\">\n<div class=\"wordpress-list__wrapper\" data-v-9bc93961=\"\">\n<ul>\n<li>Erh\u00f6hte thermische Effizienz<\/li>\n<li>Kann verschiedenen Wetterbedingungen standhalten<\/li>\n<li>Genie\u00dfen Sie Ihren Wintergarten zu jeder Jahreszeit<\/li>\n<li>Wird m\u00f6glicherweise den Wert Ihres Hauses steigern<\/li>\n<li>Seien Sie durch eine Garantie gesch\u00fctzt<\/li>\n<\/ul>\n<\/div>\n<\/div>\n<p><!----><\/p>\n<h2><strong>Beste Arten von Wintergartend\u00e4chern<\/strong><\/h2>\n<p><!----><\/p>\n<div class=\"wordpress-paragraph\" style=\"--25ab227a:left;\" data-v-c0f9f52b=\"\">\n<p>Die Suche nach einer Alternative zu Glas und Polycarbonat f\u00fcr ein Wintergartendach hilft dabei, das Entweichen der W\u00e4rme zu verhindern.<\/p>\n<\/div>\n<p><!----><!----><\/p>\n<div class=\"wordpress-paragraph\" style=\"--25ab227a:left;\" data-v-c0f9f52b=\"\">\n<p>Ein Ziegeldach k\u00f6nnte dem Dach des restlichen Grundst\u00fccks \u00e4hneln, was im Vergleich zu Polycarbonat und Glas wohl zu einer besseren \u00c4sthetik beitr\u00e4gt.<\/p>\n<\/div>\n<p><!----><!----><\/p>\n<div class=\"wordpress-paragraph\" style=\"--25ab227a:left;\" data-v-c0f9f52b=\"\">\n<p>Wenn Sie von einem Wintergartendach profitieren m\u00f6chten, das viel nat\u00fcrliches Licht hereinl\u00e4sst, aber gleichzeitig die W\u00e4rme im Wintergarten effektiv h\u00e4lt, ist ein Hybriddach mit Ziegeln und Glasfenstern die perfekte L\u00f6sung.<\/p>\n<\/div>\n<p><!----><\/p>\n<h2><strong>Wie viel kostet ein Wintergartendach?<\/strong><\/h2>\n<p><!----><\/p>\n<div class=\"wordpress-paragraph\" style=\"--25ab227a:left;\" data-v-c0f9f52b=\"\">\n<p>Der Austausch Ihres Wintergartens kostet je nach Typ, Stil und Gr\u00f6\u00dfe des Wintergartens m\u00f6glicherweise zwischen 3.500 und 7.500 \u00a3.<\/p>\n<\/div>\n<p><!----><\/p>\n<div class=\"wordpress-table\">\n<figure class=\"wp-block-table\">\n<table>\n<tbody>\n<tr>\n<td><strong>Wintergarten-Dachtyp<\/strong><\/td>\n<td><strong>M\u00f6gliche Kosten<\/strong><\/td>\n<\/tr>\n<tr>\n<td>Gefliest<\/td>\n<td>5.000 \u2013 7.500 \u00a3<\/td>\n<\/tr>\n<tr>\n<td>Hybrid<\/td>\n<td>3.500 \u2013 5.000 \u00a3<\/td>\n<\/tr>\n<\/tbody>\n<\/table>\n<\/figure>\n<\/div>\n<p><!----><\/p>\n<div class=\"wordpress-paragraph\" style=\"--25ab227a:left;\" data-v-c0f9f52b=\"\">\n<p>Neben den Kosten f\u00fcr das Dach selbst m\u00fcssen Sie auch die Installationskosten einkalkulieren. Da die Installationskosten von Installateur zu Installateur stark variieren k\u00f6nnen, empfehlen wir dringend, mehrere Angebote zu vergleichen.<\/p>\n<\/div>\n<p><!----><\/p>\n<div class=\"wordpress-paragraph\" style=\"--25ab227a:left;\" data-v-c0f9f52b=\"\">\n<p>Mit GreenMatch k\u00f6nnen Sie kostenlose Angebote von bis zu drei Fensterinstallateuren in Ihrer N\u00e4he einholen, ohne jegliche Verpflichtung, diese anzunehmen. Durch den Vergleich mehrerer Angebote k\u00f6nnen Sie sicher sein, dass Sie das bestm\u00f6gliche Angebot erhalten \u2013 was Sie nicht w\u00fcssten, wenn Sie nur ein einziges Angebot erhalten h\u00e4tten.<\/p>\n<\/div>\n<p><!----><\/p>\n<div class=\"cta-block\" style=\"background-image:linear-gradient(to right, #deeefa, #deeefa);--1554cd56:#000;--4f2215c8:#c3e0f3;--147220ca:rgb(68 68 68);--7b28d34a:rgb(255, 111, 0);--09347c9a:#ffffff;--3bc782e2:rgb(148, 148, 148);--67e53659:#deeefa;--e9b1b55c:#deeefa;--5c587492:#3daee2;--454f35ba:#535456;--20c6ad50:#000;--10fda644:#c3e0f3;--e8a5e7c6:rgb(68 68 68);--143b308c:rgb(255, 111, 0);--33169ddc:#ffffff;--947f57de:rgb(148, 148, 148);--388c8c7a:#5f6265;--224b6ae2:#fff;--90c71118:rgb(var(--base-400));--4c846620:rgb(var(--base-200));--70bbd5b2:rgb(var(--base-200));\" data-v-94877ae5=\"\"><\/div>\n<p><!--)--><\/div>\n","protected":false},"excerpt":{"rendered":"<p>Winterg\u00e4rten sind eine tolle M\u00f6glichkeit, Ihren Garten im Sommer zu genie\u00dfen, aber wenn der Winter naht, kann es dort etwas k\u00fchl werden. Es gibt verschiedene<\/p>\n","protected":false},"author":1,"featured_media":301,"comment_status":"closed","ping_status":"","sticky":false,"template":"","format":"standard","meta":{"footnotes":""},"categories":[87],"tags":[46,166,635,165,636,568],"class_list":["post-300","post","type-post","status-publish","format-standard","has-post-thumbnail","hentry","category-energie","tag-auf","tag-einen","tag-kalter","tag-sie","tag-waermen","tag-wintergarten","generate-columns","tablet-grid-50","mobile-grid-100","grid-parent","grid-50"],"yoast_head":"<!-- This site is optimized with the Yoast SEO plugin v27.3 - https:\/\/yoast.com\/product\/yoast-seo-wordpress\/ -->\n<title>Kalter Wintergarten: So w\u00e4rmen Sie einen Wintergarten auf - Nachrichten - Stra\u00dfenweb<\/title>\n<meta name=\"robots\" content=\"index, follow, max-snippet:-1, max-image-preview:large, max-video-preview:-1\" \/>\n<link rel=\"canonical\" href=\"https:\/\/www.strassenweb.de\/nachrichten\/kalter-wintergarten-so-waermen-sie-einen-wintergarten-auf\/\" \/>\n<meta property=\"og:locale\" content=\"de_DE\" \/>\n<meta property=\"og:type\" content=\"article\" \/>\n<meta property=\"og:title\" content=\"Kalter Wintergarten: So w\u00e4rmen Sie einen Wintergarten auf - Nachrichten - Stra\u00dfenweb\" \/>\n<meta property=\"og:description\" content=\"Winterg\u00e4rten sind eine tolle M\u00f6glichkeit, Ihren Garten im Sommer zu genie\u00dfen, aber wenn der Winter naht, kann es dort etwas k\u00fchl werden. Es gibt verschiedene\" \/>\n<meta property=\"og:url\" content=\"https:\/\/www.strassenweb.de\/nachrichten\/kalter-wintergarten-so-waermen-sie-einen-wintergarten-auf\/\" \/>\n<meta property=\"og:site_name\" content=\"Stra\u00dfenweb\" \/>\n<meta property=\"article:publisher\" content=\"https:\/\/www.facebook.com\/strassenweb\/\" \/>\n<meta property=\"article:published_time\" content=\"2024-09-26T20:48:40+00:00\" \/>\n<meta property=\"article:modified_time\" content=\"2024-09-26T20:48:41+00:00\" \/>\n<meta property=\"og:image\" content=\"https:\/\/www.strassenweb.de\/nachrichten\/wp-content\/uploads\/2024\/09\/Kalter-Wintergarten-So-waermen-Sie-einen-Wintergarten-auf.jpg\" \/>\n\t<meta property=\"og:image:width\" content=\"813\" \/>\n\t<meta property=\"og:image:height\" content=\"342\" \/>\n\t<meta property=\"og:image:type\" content=\"image\/jpeg\" \/>\n<meta name=\"author\" content=\"Robert Hoffmann\" \/>\n<meta name=\"twitter:card\" content=\"summary_large_image\" \/>\n<meta name=\"twitter:label1\" content=\"Verfasst von\" \/>\n\t<meta name=\"twitter:data1\" content=\"Robert Hoffmann\" \/>\n\t<meta name=\"twitter:label2\" content=\"Gesch\u00e4tzte Lesezeit\" \/>\n\t<meta name=\"twitter:data2\" content=\"3\u00a0Minuten\" \/>\n<script type=\"application\/ld+json\" class=\"yoast-schema-graph\">{\"@context\":\"https:\\\/\\\/schema.org\",\"@graph\":[{\"@type\":\"Article\",\"@id\":\"https:\\\/\\\/www.strassenweb.de\\\/nachrichten\\\/kalter-wintergarten-so-waermen-sie-einen-wintergarten-auf\\\/#article\",\"isPartOf\":{\"@id\":\"https:\\\/\\\/www.strassenweb.de\\\/nachrichten\\\/kalter-wintergarten-so-waermen-sie-einen-wintergarten-auf\\\/\"},\"author\":{\"name\":\"Robert Hoffmann\",\"@id\":\"https:\\\/\\\/www.strassenweb.de\\\/nachrichten\\\/#\\\/schema\\\/person\\\/87c9c9067f1211da429a744dc5a5aa41\"},\"headline\":\"Kalter Wintergarten: So w\u00e4rmen Sie einen Wintergarten auf\",\"datePublished\":\"2024-09-26T20:48:40+00:00\",\"dateModified\":\"2024-09-26T20:48:41+00:00\",\"mainEntityOfPage\":{\"@id\":\"https:\\\/\\\/www.strassenweb.de\\\/nachrichten\\\/kalter-wintergarten-so-waermen-sie-einen-wintergarten-auf\\\/\"},\"wordCount\":604,\"publisher\":{\"@id\":\"https:\\\/\\\/www.strassenweb.de\\\/nachrichten\\\/#organization\"},\"image\":{\"@id\":\"https:\\\/\\\/www.strassenweb.de\\\/nachrichten\\\/kalter-wintergarten-so-waermen-sie-einen-wintergarten-auf\\\/#primaryimage\"},\"thumbnailUrl\":\"https:\\\/\\\/www.strassenweb.de\\\/nachrichten\\\/wp-content\\\/uploads\\\/2024\\\/09\\\/Kalter-Wintergarten-So-waermen-Sie-einen-Wintergarten-auf.jpg\",\"keywords\":[\"auf\",\"einen\",\"Kalter\",\"Sie\",\"w\u00e4rmen\",\"Wintergarten\"],\"articleSection\":[\"Energie\"],\"inLanguage\":\"de\"},{\"@type\":\"WebPage\",\"@id\":\"https:\\\/\\\/www.strassenweb.de\\\/nachrichten\\\/kalter-wintergarten-so-waermen-sie-einen-wintergarten-auf\\\/\",\"url\":\"https:\\\/\\\/www.strassenweb.de\\\/nachrichten\\\/kalter-wintergarten-so-waermen-sie-einen-wintergarten-auf\\\/\",\"name\":\"Kalter Wintergarten: So w\u00e4rmen Sie einen Wintergarten auf - Nachrichten - Stra\u00dfenweb\",\"isPartOf\":{\"@id\":\"https:\\\/\\\/www.strassenweb.de\\\/nachrichten\\\/#website\"},\"primaryImageOfPage\":{\"@id\":\"https:\\\/\\\/www.strassenweb.de\\\/nachrichten\\\/kalter-wintergarten-so-waermen-sie-einen-wintergarten-auf\\\/#primaryimage\"},\"image\":{\"@id\":\"https:\\\/\\\/www.strassenweb.de\\\/nachrichten\\\/kalter-wintergarten-so-waermen-sie-einen-wintergarten-auf\\\/#primaryimage\"},\"thumbnailUrl\":\"https:\\\/\\\/www.strassenweb.de\\\/nachrichten\\\/wp-content\\\/uploads\\\/2024\\\/09\\\/Kalter-Wintergarten-So-waermen-Sie-einen-Wintergarten-auf.jpg\",\"datePublished\":\"2024-09-26T20:48:40+00:00\",\"dateModified\":\"2024-09-26T20:48:41+00:00\",\"breadcrumb\":{\"@id\":\"https:\\\/\\\/www.strassenweb.de\\\/nachrichten\\\/kalter-wintergarten-so-waermen-sie-einen-wintergarten-auf\\\/#breadcrumb\"},\"inLanguage\":\"de\",\"potentialAction\":[{\"@type\":\"ReadAction\",\"target\":[\"https:\\\/\\\/www.strassenweb.de\\\/nachrichten\\\/kalter-wintergarten-so-waermen-sie-einen-wintergarten-auf\\\/\"]}]},{\"@type\":\"ImageObject\",\"inLanguage\":\"de\",\"@id\":\"https:\\\/\\\/www.strassenweb.de\\\/nachrichten\\\/kalter-wintergarten-so-waermen-sie-einen-wintergarten-auf\\\/#primaryimage\",\"url\":\"https:\\\/\\\/www.strassenweb.de\\\/nachrichten\\\/wp-content\\\/uploads\\\/2024\\\/09\\\/Kalter-Wintergarten-So-waermen-Sie-einen-Wintergarten-auf.jpg\",\"contentUrl\":\"https:\\\/\\\/www.strassenweb.de\\\/nachrichten\\\/wp-content\\\/uploads\\\/2024\\\/09\\\/Kalter-Wintergarten-So-waermen-Sie-einen-Wintergarten-auf.jpg\",\"width\":813,\"height\":342,\"caption\":\"A guide to measuring your old windows for replacement\"},{\"@type\":\"BreadcrumbList\",\"@id\":\"https:\\\/\\\/www.strassenweb.de\\\/nachrichten\\\/kalter-wintergarten-so-waermen-sie-einen-wintergarten-auf\\\/#breadcrumb\",\"itemListElement\":[{\"@type\":\"ListItem\",\"position\":1,\"name\":\"Home\",\"item\":\"https:\\\/\\\/www.strassenweb.de\\\/nachrichten\\\/\"},{\"@type\":\"ListItem\",\"position\":2,\"name\":\"Kalter Wintergarten: So w\u00e4rmen Sie einen Wintergarten auf\"}]},{\"@type\":\"WebSite\",\"@id\":\"https:\\\/\\\/www.strassenweb.de\\\/nachrichten\\\/#website\",\"url\":\"https:\\\/\\\/www.strassenweb.de\\\/nachrichten\\\/\",\"name\":\"Stra\u00dfenweb\",\"description\":\"Stra\u00dfenverzeichnis f\u00fcr Deutschland\",\"publisher\":{\"@id\":\"https:\\\/\\\/www.strassenweb.de\\\/nachrichten\\\/#organization\"},\"potentialAction\":[{\"@type\":\"SearchAction\",\"target\":{\"@type\":\"EntryPoint\",\"urlTemplate\":\"https:\\\/\\\/www.strassenweb.de\\\/nachrichten\\\/?s={search_term_string}\"},\"query-input\":{\"@type\":\"PropertyValueSpecification\",\"valueRequired\":true,\"valueName\":\"search_term_string\"}}],\"inLanguage\":\"de\"},{\"@type\":\"Organization\",\"@id\":\"https:\\\/\\\/www.strassenweb.de\\\/nachrichten\\\/#organization\",\"name\":\"Stra\u00dfenweb\",\"url\":\"https:\\\/\\\/www.strassenweb.de\\\/nachrichten\\\/\",\"logo\":{\"@type\":\"ImageObject\",\"inLanguage\":\"de\",\"@id\":\"https:\\\/\\\/www.strassenweb.de\\\/nachrichten\\\/#\\\/schema\\\/logo\\\/image\\\/\",\"url\":\"https:\\\/\\\/www.strassenweb.de\\\/nachrichten\\\/wp-content\\\/uploads\\\/2024\\\/09\\\/cropped-favicon.png\",\"contentUrl\":\"https:\\\/\\\/www.strassenweb.de\\\/nachrichten\\\/wp-content\\\/uploads\\\/2024\\\/09\\\/cropped-favicon.png\",\"width\":512,\"height\":512,\"caption\":\"Stra\u00dfenweb\"},\"image\":{\"@id\":\"https:\\\/\\\/www.strassenweb.de\\\/nachrichten\\\/#\\\/schema\\\/logo\\\/image\\\/\"},\"sameAs\":[\"https:\\\/\\\/www.facebook.com\\\/strassenweb\\\/\"]},{\"@type\":\"Person\",\"@id\":\"https:\\\/\\\/www.strassenweb.de\\\/nachrichten\\\/#\\\/schema\\\/person\\\/87c9c9067f1211da429a744dc5a5aa41\",\"name\":\"Robert Hoffmann\",\"image\":{\"@type\":\"ImageObject\",\"inLanguage\":\"de\",\"@id\":\"https:\\\/\\\/www.strassenweb.de\\\/nachrichten\\\/wp-content\\\/uploads\\\/2024\\\/09\\\/strassenweb-150x150.jpg\",\"url\":\"https:\\\/\\\/www.strassenweb.de\\\/nachrichten\\\/wp-content\\\/uploads\\\/2024\\\/09\\\/strassenweb-150x150.jpg\",\"contentUrl\":\"https:\\\/\\\/www.strassenweb.de\\\/nachrichten\\\/wp-content\\\/uploads\\\/2024\\\/09\\\/strassenweb-150x150.jpg\",\"caption\":\"Robert Hoffmann\"},\"description\":\"Ich hei\u00dfe Robert Hoffmann und ich bin ein leidenschaftlicher Verfechter von \u00d6kologie und Biodiversit\u00e4t. Seit meiner Kindheit in den W\u00e4ldern Bayerns f\u00fchle ich mich mit der Natur verbunden und bin entschlossen, sie zu sch\u00fctzen. Heute widme ich mein Leben der Sensibilisierung anderer f\u00fcr die Bedeutung des Umweltschutzes f\u00fcr zuk\u00fcnftige Generationen.\",\"sameAs\":[\"https:\\\/\\\/www.strassenweb.de\\\/\"]}]}<\/script>\n<!-- \/ Yoast SEO plugin. -->","yoast_head_json":{"title":"Kalter Wintergarten: So w\u00e4rmen Sie einen Wintergarten auf - Nachrichten - Stra\u00dfenweb","robots":{"index":"index","follow":"follow","max-snippet":"max-snippet:-1","max-image-preview":"max-image-preview:large","max-video-preview":"max-video-preview:-1"},"canonical":"https:\/\/www.strassenweb.de\/nachrichten\/kalter-wintergarten-so-waermen-sie-einen-wintergarten-auf\/","og_locale":"de_DE","og_type":"article","og_title":"Kalter Wintergarten: So w\u00e4rmen Sie einen Wintergarten auf - Nachrichten - Stra\u00dfenweb","og_description":"Winterg\u00e4rten sind eine tolle M\u00f6glichkeit, Ihren Garten im Sommer zu genie\u00dfen, aber wenn der Winter naht, kann es dort etwas k\u00fchl werden. Es gibt verschiedene","og_url":"https:\/\/www.strassenweb.de\/nachrichten\/kalter-wintergarten-so-waermen-sie-einen-wintergarten-auf\/","og_site_name":"Stra\u00dfenweb","article_publisher":"https:\/\/www.facebook.com\/strassenweb\/","article_published_time":"2024-09-26T20:48:40+00:00","article_modified_time":"2024-09-26T20:48:41+00:00","og_image":[{"width":813,"height":342,"url":"https:\/\/www.strassenweb.de\/nachrichten\/wp-content\/uploads\/2024\/09\/Kalter-Wintergarten-So-waermen-Sie-einen-Wintergarten-auf.jpg","type":"image\/jpeg"}],"author":"Robert Hoffmann","twitter_card":"summary_large_image","twitter_misc":{"Verfasst von":"Robert Hoffmann","Gesch\u00e4tzte Lesezeit":"3\u00a0Minuten"},"schema":{"@context":"https:\/\/schema.org","@graph":[{"@type":"Article","@id":"https:\/\/www.strassenweb.de\/nachrichten\/kalter-wintergarten-so-waermen-sie-einen-wintergarten-auf\/#article","isPartOf":{"@id":"https:\/\/www.strassenweb.de\/nachrichten\/kalter-wintergarten-so-waermen-sie-einen-wintergarten-auf\/"},"author":{"name":"Robert Hoffmann","@id":"https:\/\/www.strassenweb.de\/nachrichten\/#\/schema\/person\/87c9c9067f1211da429a744dc5a5aa41"},"headline":"Kalter Wintergarten: So w\u00e4rmen Sie einen Wintergarten auf","datePublished":"2024-09-26T20:48:40+00:00","dateModified":"2024-09-26T20:48:41+00:00","mainEntityOfPage":{"@id":"https:\/\/www.strassenweb.de\/nachrichten\/kalter-wintergarten-so-waermen-sie-einen-wintergarten-auf\/"},"wordCount":604,"publisher":{"@id":"https:\/\/www.strassenweb.de\/nachrichten\/#organization"},"image":{"@id":"https:\/\/www.strassenweb.de\/nachrichten\/kalter-wintergarten-so-waermen-sie-einen-wintergarten-auf\/#primaryimage"},"thumbnailUrl":"https:\/\/www.strassenweb.de\/nachrichten\/wp-content\/uploads\/2024\/09\/Kalter-Wintergarten-So-waermen-Sie-einen-Wintergarten-auf.jpg","keywords":["auf","einen","Kalter","Sie","w\u00e4rmen","Wintergarten"],"articleSection":["Energie"],"inLanguage":"de"},{"@type":"WebPage","@id":"https:\/\/www.strassenweb.de\/nachrichten\/kalter-wintergarten-so-waermen-sie-einen-wintergarten-auf\/","url":"https:\/\/www.strassenweb.de\/nachrichten\/kalter-wintergarten-so-waermen-sie-einen-wintergarten-auf\/","name":"Kalter Wintergarten: So w\u00e4rmen Sie einen Wintergarten auf - Nachrichten - Stra\u00dfenweb","isPartOf":{"@id":"https:\/\/www.strassenweb.de\/nachrichten\/#website"},"primaryImageOfPage":{"@id":"https:\/\/www.strassenweb.de\/nachrichten\/kalter-wintergarten-so-waermen-sie-einen-wintergarten-auf\/#primaryimage"},"image":{"@id":"https:\/\/www.strassenweb.de\/nachrichten\/kalter-wintergarten-so-waermen-sie-einen-wintergarten-auf\/#primaryimage"},"thumbnailUrl":"https:\/\/www.strassenweb.de\/nachrichten\/wp-content\/uploads\/2024\/09\/Kalter-Wintergarten-So-waermen-Sie-einen-Wintergarten-auf.jpg","datePublished":"2024-09-26T20:48:40+00:00","dateModified":"2024-09-26T20:48:41+00:00","breadcrumb":{"@id":"https:\/\/www.strassenweb.de\/nachrichten\/kalter-wintergarten-so-waermen-sie-einen-wintergarten-auf\/#breadcrumb"},"inLanguage":"de","potentialAction":[{"@type":"ReadAction","target":["https:\/\/www.strassenweb.de\/nachrichten\/kalter-wintergarten-so-waermen-sie-einen-wintergarten-auf\/"]}]},{"@type":"ImageObject","inLanguage":"de","@id":"https:\/\/www.strassenweb.de\/nachrichten\/kalter-wintergarten-so-waermen-sie-einen-wintergarten-auf\/#primaryimage","url":"https:\/\/www.strassenweb.de\/nachrichten\/wp-content\/uploads\/2024\/09\/Kalter-Wintergarten-So-waermen-Sie-einen-Wintergarten-auf.jpg","contentUrl":"https:\/\/www.strassenweb.de\/nachrichten\/wp-content\/uploads\/2024\/09\/Kalter-Wintergarten-So-waermen-Sie-einen-Wintergarten-auf.jpg","width":813,"height":342,"caption":"A guide to measuring your old windows for replacement"},{"@type":"BreadcrumbList","@id":"https:\/\/www.strassenweb.de\/nachrichten\/kalter-wintergarten-so-waermen-sie-einen-wintergarten-auf\/#breadcrumb","itemListElement":[{"@type":"ListItem","position":1,"name":"Home","item":"https:\/\/www.strassenweb.de\/nachrichten\/"},{"@type":"ListItem","position":2,"name":"Kalter Wintergarten: So w\u00e4rmen Sie einen Wintergarten auf"}]},{"@type":"WebSite","@id":"https:\/\/www.strassenweb.de\/nachrichten\/#website","url":"https:\/\/www.strassenweb.de\/nachrichten\/","name":"Stra\u00dfenweb","description":"Stra\u00dfenverzeichnis f\u00fcr Deutschland","publisher":{"@id":"https:\/\/www.strassenweb.de\/nachrichten\/#organization"},"potentialAction":[{"@type":"SearchAction","target":{"@type":"EntryPoint","urlTemplate":"https:\/\/www.strassenweb.de\/nachrichten\/?s={search_term_string}"},"query-input":{"@type":"PropertyValueSpecification","valueRequired":true,"valueName":"search_term_string"}}],"inLanguage":"de"},{"@type":"Organization","@id":"https:\/\/www.strassenweb.de\/nachrichten\/#organization","name":"Stra\u00dfenweb","url":"https:\/\/www.strassenweb.de\/nachrichten\/","logo":{"@type":"ImageObject","inLanguage":"de","@id":"https:\/\/www.strassenweb.de\/nachrichten\/#\/schema\/logo\/image\/","url":"https:\/\/www.strassenweb.de\/nachrichten\/wp-content\/uploads\/2024\/09\/cropped-favicon.png","contentUrl":"https:\/\/www.strassenweb.de\/nachrichten\/wp-content\/uploads\/2024\/09\/cropped-favicon.png","width":512,"height":512,"caption":"Stra\u00dfenweb"},"image":{"@id":"https:\/\/www.strassenweb.de\/nachrichten\/#\/schema\/logo\/image\/"},"sameAs":["https:\/\/www.facebook.com\/strassenweb\/"]},{"@type":"Person","@id":"https:\/\/www.strassenweb.de\/nachrichten\/#\/schema\/person\/87c9c9067f1211da429a744dc5a5aa41","name":"Robert Hoffmann","image":{"@type":"ImageObject","inLanguage":"de","@id":"https:\/\/www.strassenweb.de\/nachrichten\/wp-content\/uploads\/2024\/09\/strassenweb-150x150.jpg","url":"https:\/\/www.strassenweb.de\/nachrichten\/wp-content\/uploads\/2024\/09\/strassenweb-150x150.jpg","contentUrl":"https:\/\/www.strassenweb.de\/nachrichten\/wp-content\/uploads\/2024\/09\/strassenweb-150x150.jpg","caption":"Robert Hoffmann"},"description":"Ich hei\u00dfe Robert Hoffmann und ich bin ein leidenschaftlicher Verfechter von \u00d6kologie und Biodiversit\u00e4t. Seit meiner Kindheit in den W\u00e4ldern Bayerns f\u00fchle ich mich mit der Natur verbunden und bin entschlossen, sie zu sch\u00fctzen. Heute widme ich mein Leben der Sensibilisierung anderer f\u00fcr die Bedeutung des Umweltschutzes f\u00fcr zuk\u00fcnftige Generationen.","sameAs":["https:\/\/www.strassenweb.de\/"]}]}},"_links":{"self":[{"href":"https:\/\/www.strassenweb.de\/nachrichten\/wp-json\/wp\/v2\/posts\/300","targetHints":{"allow":["GET"]}}],"collection":[{"href":"https:\/\/www.strassenweb.de\/nachrichten\/wp-json\/wp\/v2\/posts"}],"about":[{"href":"https:\/\/www.strassenweb.de\/nachrichten\/wp-json\/wp\/v2\/types\/post"}],"author":[{"embeddable":true,"href":"https:\/\/www.strassenweb.de\/nachrichten\/wp-json\/wp\/v2\/users\/1"}],"replies":[{"embeddable":true,"href":"https:\/\/www.strassenweb.de\/nachrichten\/wp-json\/wp\/v2\/comments?post=300"}],"version-history":[{"count":0,"href":"https:\/\/www.strassenweb.de\/nachrichten\/wp-json\/wp\/v2\/posts\/300\/revisions"}],"wp:featuredmedia":[{"embeddable":true,"href":"https:\/\/www.strassenweb.de\/nachrichten\/wp-json\/wp\/v2\/media\/301"}],"wp:attachment":[{"href":"https:\/\/www.strassenweb.de\/nachrichten\/wp-json\/wp\/v2\/media?parent=300"}],"wp:term":[{"taxonomy":"category","embeddable":true,"href":"https:\/\/www.strassenweb.de\/nachrichten\/wp-json\/wp\/v2\/categories?post=300"},{"taxonomy":"post_tag","embeddable":true,"href":"https:\/\/www.strassenweb.de\/nachrichten\/wp-json\/wp\/v2\/tags?post=300"}],"curies":[{"name":"wp","href":"https:\/\/api.w.org\/{rel}","templated":true}]}}