{"id":2961,"date":"2025-01-27T11:39:18","date_gmt":"2025-01-27T10:39:18","guid":{"rendered":"https:\/\/www.strassenweb.de\/nachrichten\/7-dinge-die-sie-niemals-auf-eine-veranda-stellen-sollten-um-brand-sicherheits-und-schaedlingsrisiken-zu-vermeiden\/"},"modified":"2025-01-27T11:39:20","modified_gmt":"2025-01-27T10:39:20","slug":"7-dinge-die-sie-niemals-auf-eine-veranda-stellen-sollten-um-brand-sicherheits-und-schaedlingsrisiken-zu-vermeiden","status":"publish","type":"post","link":"https:\/\/www.strassenweb.de\/nachrichten\/7-dinge-die-sie-niemals-auf-eine-veranda-stellen-sollten-um-brand-sicherheits-und-schaedlingsrisiken-zu-vermeiden\/","title":{"rendered":"7 Dinge, die Sie niemals auf eine Veranda stellen sollten, um Brand-, Sicherheits- und Sch\u00e4dlingsrisiken zu vermeiden"},"content":{"rendered":"<p><\/p>\n<div id=\"article-body\" class=\"article__body \">\n<p>Wenn Sie jeden Quadratmeter Ihres Hauses optimal ausnutzen, k\u00f6nnen Sie das Beste aus dem herausholen, was Sie haben. Experten haben jedoch gewarnt, dass es einige Gegenst\u00e4nde gibt, die Sie niemals auf Ihre Veranda stellen sollten.<\/p>\n<div id=\"ad-unit-1\" class=\"ad-unit\"><\/div>\n<p>Von Elektroger\u00e4ten bis hin zu Teppichen gibt es sieben wichtige Gegenst\u00e4nde, die ein Risiko f\u00fcr Sicherheit, Schimmel und Sch\u00e4dlinge darstellen k\u00f6nnen und die man am besten meiden sollte, sagen unsere M\u00f6belexperten. Aufgrund der besonderen Herausforderungen durch Witterungseinfl\u00fcsse, opportunistische Sch\u00e4dlinge und begrenzten Platz sollten diese Gegenst\u00e4nde besser woanders aufbewahrt werden.<\/p>\n<aside class=\"hawk-nest\" data-block-type=\"embed\" data-render-type=\"fte\" data-skip=\"dealsy\" data-widget-type=\"seasonal\">\n<div class=\"hawk-master-widget-hawk-base-wrapper\"><\/div>\n<\/aside>\n<p>Eine schlecht geplante Veranda kann auch die Attraktivit\u00e4t Ihres Hauses beeintr\u00e4chtigen, seine Funktionalit\u00e4t beeintr\u00e4chtigen und sich negativ auf Ihr Zuhause auswirken <u>Sicherheit zu Hause<\/u>. Hier erfahren Sie, was Sie nicht auf Ihrer Veranda platzieren sollten und was Sie stattdessen verwenden sollten.<\/p>\n<div id=\"desktop-in-article\" class=\"in-article ad-unit\">\n<div id=\"desktop-taboola-mid-article\"><\/div>\n<\/div>\n<div id=\"mobile-in-article\" class=\"in-article ad-unit\">\n<div id=\"mobile-taboola-mid-article\"><\/div>\n<\/div>\n<h3 class=\"article-body__section\" id=\"section-1-indoor-furniture\"><span>1. Innenm\u00f6bel<\/span><\/h3>\n<figure class=\"van-image-figure inline-layout \" data-bordeaux-image-check>\n<div class=\"image-full-width-wrapper\">\n<div class=\"image-widthsetter\" style=\"max-width:2400px;\"><\/div>\n<\/div><figcaption class=\"inline-layout \">\n<div class=\"caption-text\">\n<p>Verwenden Sie auf Ihrer Veranda M\u00f6bel f\u00fcr den Au\u00dfenbereich<\/p>\n<\/div>\n<\/figcaption><\/figure>\n<p>W\u00e4hrend es verlockend sein mag, das alte Sofa oder den Couchtisch auf Ihrer Veranda wiederzuverwenden, sind M\u00f6bel f\u00fcr den Innenbereich selten so gebaut, dass sie den Bedingungen im Freien standhalten, und werden wahrscheinlich nicht aus den besten Outdoor-Materialien wie Aluminium und wasserdichten Stoffen hergestellt.<\/p>\n<div class=\"van_vid_carousel\">\n<div class=\"van_vid_carousel__padding\">\n<div class=\"van_vid_carousel__container\"><\/div>\n<\/div>\n<\/div>\n<p>\u201eRegen, Feuchtigkeit und Sonne k\u00f6nnen verheerende Sch\u00e4den an Materialien wie Stoff, Holz und Metall anrichten, die nicht daf\u00fcr ausgelegt sind, ihnen ausgesetzt zu werden\u201c, sagt der Experte f\u00fcr Wohnm\u00f6bel <u>Beena Shaikh<\/u>. \u201eStoffe verblassen und schimmeln, Holzm\u00f6bel k\u00f6nnen sich verziehen und Metallteile k\u00f6nnen rosten.\u201c<\/p>\n<div id=\"ad-unit-2\" class=\"ad-unit\"><\/div>\n<p>Investieren Sie stattdessen in <u>Outdoor-M\u00f6bel<\/u> Entwickelt, um den Elementen standzuhalten und alle Innenm\u00f6bel in Ihrem Zuhause zu lassen.<\/p>\n<h3 class=\"article-body__section\" id=\"section-2-fragile-or-valuable-items\"><span>2. Zerbrechliche oder wertvolle Gegenst\u00e4nde<\/span><\/h3>\n<figure class=\"van-image-figure inline-layout \" data-bordeaux-image-check>\n<div class=\"image-full-width-wrapper\">\n<div class=\"image-widthsetter\" style=\"max-width:2400px;\"><\/div>\n<\/div>\n<\/figure>\n<p>\u201eZarte Keramik, komplizierte Skulpturen oder sentimentale Gegenst\u00e4nde scheinen eine nette Geste oder ein Weg dazu zu sein.\u201c <u>Lassen Sie Ihre Veranda teurer aussehen<\/u>\u201eAber wenn sie dort falsch platziert werden, k\u00f6nnen sie anf\u00e4llig f\u00fcr Besch\u00e4digungen sein\u201c, f\u00e4hrt Benna fort. \u201eWetterschwankungen, versehentliche St\u00f6\u00dfe oder sogar Diebstahl sind h\u00e4ufige Risiken, wenn Sie zerbrechliche Dekorationen auf Ihrer Veranda zur\u00fccklassen.\u201c<\/p>\n<p>Um Ihre zerbrechlichen oder wertvollen Gegenst\u00e4nde sicher aufzubewahren, stellen Sie sie drinnen oder an einem sichereren Ort wie Ihrem Hinterhof aus.<\/p>\n<h3 class=\"article-body__section\" id=\"section-3-excessive-clutter\"><span>3. \u00dcberm\u00e4\u00dfige Unordnung<\/span><\/h3>\n<figure class=\"van-image-figure inline-layout \" data-bordeaux-image-check>\n<div class=\"image-full-width-wrapper\">\n<div class=\"image-widthsetter\" style=\"max-width:2000px;\"><\/div>\n<\/div><figcaption class=\"inline-layout \">\n<div class=\"caption-text\">\n<p>Stattdessen Landschaft mit Pflanzen, Str\u00e4uchern und Ziergr\u00e4sern <\/p>\n<\/div>\n<\/figcaption><\/figure>\n<p>Veranden sind oft kleine R\u00e4ume, die dazu gedacht sind, G\u00e4ste willkommen zu hei\u00dfen und die Attraktivit\u00e4t des Geb\u00e4udes zu erh\u00f6hen. Es kommt h\u00e4ufig vor, dass der Raum mit zu vielen M\u00f6belst\u00fccken \u00fcberladen wird <u>Fehler beim Dekorieren der Veranda<\/u> und kann stattdessen dazu f\u00fchren, dass es sich beengt und unorganisiert anf\u00fchlt.<\/p>\n<p>Ein \u00fcberf\u00fcllter Weg kann es f\u00fcr Besucher schwierig machen, sich sicher zu bewegen, und kann bei regnerischen, verschneiten oder eisigen Wetterbedingungen zu einer gr\u00f6\u00dferen Stolpergefahr werden. Wenn Sie Ihr Haus winterfest machen, k\u00f6nnen Sie m\u00f6gliche Gefahrenstellen f\u00fcr Unordnung leichter erkennen.<\/p>\n<h3 class=\"article-body__section\" id=\"section-4-unsecured-rugs\"><span>4. Ungesicherte Teppiche<\/span><\/h3>\n<figure class=\"van-image-figure inline-layout \" data-bordeaux-image-check=\"\">\n<div class=\"image-full-width-wrapper\">\n<div class=\"image-widthsetter\" style=\"max-width:2000px;\"><\/div>\n<\/div><figcaption class=\"inline-layout \">\n<div class=\"caption-text\">\n<p>Der Nomad Tarifug Teppich von Weaver Green kann drinnen und drau\u00dfen verwendet werden. Es besteht zu 100 % aus recycelten Plastikflaschen, ist UV-best\u00e4ndig, schimmel- und wasserbest\u00e4ndig und kann in der Maschine gewaschen werden.<\/p>\n<\/div>\n<\/figcaption><\/figure>\n<p>\u201eTeppiche k\u00f6nnen einer Veranda W\u00e4rme und Stil verleihen, aber wenn sie nicht f\u00fcr den Au\u00dfenbereich konzipiert oder ordnungsgem\u00e4\u00df befestigt sind, k\u00f6nnen sie schnell zu einem Sicherheitsrisiko werden\u201c, sagt Kate Anne Gross von <u>Kate Anne Designs<\/u>. \u201eWindige Bedingungen k\u00f6nnen dazu f\u00fchren, dass sich leichte Teppiche verschieben, zusammenballen oder ganz weggeblasen werden, was zu Stolperfallen f\u00fchrt oder dazu f\u00fchrt, dass Ihre Veranda unordentlich aussieht.\u201c<\/p>\n<p>Nasses Wetter bringt weitere Komplikationen mit sich, da Wasser Innenteppiche unter den F\u00fc\u00dfen rutschig machen und Schimmelbildung beg\u00fcnstigen kann, was beides die Sicherheit und \u00c4sthetik Ihrer Veranda beeintr\u00e4chtigen kann.<\/p>\n<p>Um diese Fallstricke zu vermeiden, entscheiden Sie sich f\u00fcr wetterfeste, rutschfeste Outdoor-Teppiche aus langlebigen Materialien wie z <u>SAFAVIEH-Bereichsteppich von Amazon<\/u>speziell entwickelt, um an Ort und Stelle zu bleiben und den Elementen standzuhalten und gleichzeitig ihr Aussehen zu bewahren.<\/p>\n<p>Weaver Green f\u00fchrt eine wundersch\u00f6ne Kollektion vielseitiger Teppiche f\u00fcr den Innen- und Au\u00dfenbereich, von denen viele maschinenwaschbar sind. Verwenden Sie sie im Winter drinnen, waschen Sie sie dann und verwenden Sie sie drau\u00dfen, wenn das Wetter w\u00e4rmer wird.<\/p>\n<h3 class=\"article-body__section\" id=\"section-5-unsuitable-lighting\"><span>5. Ungeeignete Beleuchtung<\/span><\/h3>\n<figure class=\"van-image-figure inline-layout \" data-bordeaux-image-check>\n<div class=\"image-full-width-wrapper\">\n<div class=\"image-widthsetter\" style=\"max-width:2400px;\"><\/div>\n<\/div>\n<\/figure>\n<p><u>Verandabeleuchtung<\/u> ist sowohl f\u00fcr die Sicherheit als auch f\u00fcr die Atmosph\u00e4re von entscheidender Bedeutung, aber nicht alle Leuchten sollten dort verwendet werden. Innenbeleuchtungsk\u00f6rper oder Gl\u00fchbirnen, die nicht f\u00fcr den Au\u00dfenbereich geeignet sind, k\u00f6nnen korrodieren, einen Kurzschluss verursachen oder sogar zu einem Brandrisiko werden, wenn sie Regen und feuchtem Wetter ausgesetzt werden.<\/p>\n<p>W\u00e4hlen Sie immer eine Beleuchtung, die explizit f\u00fcr den Au\u00dfenbereich konzipiert ist, wie z <u>Topeka Wandleuchten von Wayfair<\/u>um Haltbarkeit und richtige Ausleuchtung zu gew\u00e4hrleisten. Die Verwendung von Pollerleuchten auf Ihrem Gartenweg erh\u00f6ht auch die Sicherheit.<\/p>\n<h3 class=\"article-body__section\" id=\"section-6-items-prone-to-infestation\"><span>6. Gegenst\u00e4nde, die anf\u00e4llig f\u00fcr Befall sind<\/span><\/h3>\n<figure class=\"van-image-figure inline-layout \" data-bordeaux-image-check>\n<div class=\"image-full-width-wrapper\">\n<div class=\"image-widthsetter\" style=\"max-width:2000px;\"><\/div>\n<\/div>\n<\/figure>\n<p>Unbehandeltes Holz und einige Stoffartikel k\u00f6nnen Sch\u00e4dlinge wie Termiten, Ameisen und Nagetiere anlocken und ein Infektionsrisiko darstellen.<\/p>\n<p>\u201eDas Aufbewahren von Tierfutter, Vogelfutter oder anderen Nahrungsmitteln auf der Veranda ist ebenfalls tabu, da es unwillkommene Lebewesen anlockt\u201c, f\u00fcgt Designerin Kate Anne Gross hinzu. \u201eUm diese Probleme zu vermeiden, sollten Sie sich an Materialien und Aufbewahrungsl\u00f6sungen halten, die Sch\u00e4dlinge abschrecken, wie zum Beispiel Metallbeh\u00e4lter oder versiegelte Plastikbeh\u00e4lter.\u201c<\/p>\n<p><em>Alle Preise gelten zum Zeitpunkt der Ver\u00f6ffentlichung.<\/em><\/p>\n<h3 class=\"article-body__section\" id=\"section-7-exposed-electrical-equipment\"><span>7. Freiliegende elektrische Ger\u00e4te<\/span><\/h3>\n<figure class=\"van-image-figure inline-layout \" data-bordeaux-image-check>\n<div class=\"image-full-width-wrapper\">\n<div class=\"image-widthsetter\" style=\"max-width:2400px;\"><\/div>\n<\/div>\n<\/figure>\n<p>Steckdosenleisten, Ladeger\u00e4te oder andere elektrische Ger\u00e4te, die nicht f\u00fcr den Au\u00dfenbereich geeignet sind, sollten niemals auf der Veranda zur\u00fcckgelassen werden. Feuchtigkeit und Elektrizit\u00e4t sind eine gef\u00e4hrliche Kombination, und selbst Gegenst\u00e4nde unter einer \u00fcberdachten Veranda stellen bei starkem Regen oder anderen schlechten Wetterbedingungen ein Risiko dar.<\/p>\n<p>Wenn Sie Strom im Freien ben\u00f6tigen, verwenden Sie bei professionell installierten Steckdosen und Ger\u00e4ten, die speziell f\u00fcr den Au\u00dfenbereich hergestellt wurden, wetterfeste Geh\u00e4use, die bei Amazon erh\u00e4ltlich sind.<\/p>\n<hr>\n<p>Im Zweifelsfall legen Sie Wert auf Sicherheit und Einfachheit <u>Einrichtung der Veranda<\/u>. Eine gut durchdachte Veranda steigert nicht nur die Attraktivit\u00e4t Ihres Hauses, sondern schafft auch eine gem\u00fctliche und einladende Atmosph\u00e4re f\u00fcr Ihre G\u00e4ste.<\/p>\n<p>Mit ein wenig Pflege kann Ihre Veranda zur perfekten Erweiterung Ihres Wohnraums werden. Wenn Sie diese h\u00e4ufigen Fehler vermeiden, sind Sie auf dem besten Weg, einen Outdoor-Zufluchtsort zu schaffen, auf den Sie stolz sein k\u00f6nnen.<\/p>\n<p>Als N\u00e4chstes erfahren Sie, wie Sie Ihre Garage f\u00fcr Sicherheit und Komfort bei k\u00e4lteren Temperaturen winterfest machen und welche Fehler Sie bei der Hauswartung im Winter niemals machen sollten.<\/p>\n<\/div>\n","protected":false},"excerpt":{"rendered":"<p>Wenn Sie jeden Quadratmeter Ihres Hauses optimal ausnutzen, k\u00f6nnen Sie das Beste aus dem herausholen, was Sie haben. Experten haben jedoch gewarnt, dass es einige<\/p>\n","protected":false},"author":1,"featured_media":2962,"comment_status":"closed","ping_status":"","sticky":false,"template":"","format":"standard","meta":{"footnotes":""},"categories":[118],"tags":[46,848,9,466,74,444,4773,4772,165,560,1642,37,1844,640],"class_list":["post-2961","post","type-post","status-publish","format-standard","has-post-thumbnail","hentry","category-haus-garten","tag-auf","tag-brand","tag-die","tag-dinge","tag-eine","tag-niemals","tag-schaedlingsrisiken","tag-sicherheits","tag-sie","tag-sollten","tag-stellen","tag-und","tag-veranda","tag-vermeiden","generate-columns","tablet-grid-50","mobile-grid-100","grid-parent","grid-50"],"yoast_head":"<!-- This site is optimized with the Yoast SEO plugin v27.3 - https:\/\/yoast.com\/product\/yoast-seo-wordpress\/ -->\n<title>7 Dinge, die Sie niemals auf eine Veranda stellen sollten, um Brand-, Sicherheits- und Sch\u00e4dlingsrisiken zu vermeiden - Nachrichten - Stra\u00dfenweb<\/title>\n<meta name=\"robots\" content=\"index, follow, max-snippet:-1, max-image-preview:large, max-video-preview:-1\" \/>\n<link rel=\"canonical\" href=\"https:\/\/www.strassenweb.de\/nachrichten\/7-dinge-die-sie-niemals-auf-eine-veranda-stellen-sollten-um-brand-sicherheits-und-schaedlingsrisiken-zu-vermeiden\/\" \/>\n<meta property=\"og:locale\" content=\"de_DE\" \/>\n<meta property=\"og:type\" content=\"article\" \/>\n<meta property=\"og:title\" content=\"7 Dinge, die Sie niemals auf eine Veranda stellen sollten, um Brand-, Sicherheits- und Sch\u00e4dlingsrisiken zu vermeiden - Nachrichten - Stra\u00dfenweb\" \/>\n<meta property=\"og:description\" content=\"Wenn Sie jeden Quadratmeter Ihres Hauses optimal ausnutzen, k\u00f6nnen Sie das Beste aus dem herausholen, was Sie haben. Experten haben jedoch gewarnt, dass es einige\" \/>\n<meta property=\"og:url\" content=\"https:\/\/www.strassenweb.de\/nachrichten\/7-dinge-die-sie-niemals-auf-eine-veranda-stellen-sollten-um-brand-sicherheits-und-schaedlingsrisiken-zu-vermeiden\/\" \/>\n<meta property=\"og:site_name\" content=\"Stra\u00dfenweb\" \/>\n<meta property=\"article:publisher\" content=\"https:\/\/www.facebook.com\/strassenweb\/\" \/>\n<meta property=\"article:published_time\" content=\"2025-01-27T10:39:18+00:00\" \/>\n<meta property=\"article:modified_time\" content=\"2025-01-27T10:39:20+00:00\" \/>\n<meta property=\"og:image\" content=\"https:\/\/www.strassenweb.de\/nachrichten\/wp-content\/uploads\/2025\/01\/7-Dinge-die-Sie-niemals-auf-eine-Veranda-stellen-sollten.jpg\" \/>\n\t<meta property=\"og:image:width\" content=\"1200\" \/>\n\t<meta property=\"og:image:height\" content=\"675\" \/>\n\t<meta property=\"og:image:type\" content=\"image\/jpeg\" \/>\n<meta name=\"author\" content=\"Robert Hoffmann\" \/>\n<meta name=\"twitter:card\" content=\"summary_large_image\" \/>\n<meta name=\"twitter:label1\" content=\"Verfasst von\" \/>\n\t<meta name=\"twitter:data1\" content=\"Robert Hoffmann\" \/>\n\t<meta name=\"twitter:label2\" content=\"Gesch\u00e4tzte Lesezeit\" \/>\n\t<meta name=\"twitter:data2\" content=\"5\u00a0Minuten\" \/>\n<script type=\"application\/ld+json\" class=\"yoast-schema-graph\">{\"@context\":\"https:\\\/\\\/schema.org\",\"@graph\":[{\"@type\":\"Article\",\"@id\":\"https:\\\/\\\/www.strassenweb.de\\\/nachrichten\\\/7-dinge-die-sie-niemals-auf-eine-veranda-stellen-sollten-um-brand-sicherheits-und-schaedlingsrisiken-zu-vermeiden\\\/#article\",\"isPartOf\":{\"@id\":\"https:\\\/\\\/www.strassenweb.de\\\/nachrichten\\\/7-dinge-die-sie-niemals-auf-eine-veranda-stellen-sollten-um-brand-sicherheits-und-schaedlingsrisiken-zu-vermeiden\\\/\"},\"author\":{\"name\":\"Robert Hoffmann\",\"@id\":\"https:\\\/\\\/www.strassenweb.de\\\/nachrichten\\\/#\\\/schema\\\/person\\\/87c9c9067f1211da429a744dc5a5aa41\"},\"headline\":\"7 Dinge, die Sie niemals auf eine Veranda stellen sollten, um Brand-, Sicherheits- und Sch\u00e4dlingsrisiken zu vermeiden\",\"datePublished\":\"2025-01-27T10:39:18+00:00\",\"dateModified\":\"2025-01-27T10:39:20+00:00\",\"mainEntityOfPage\":{\"@id\":\"https:\\\/\\\/www.strassenweb.de\\\/nachrichten\\\/7-dinge-die-sie-niemals-auf-eine-veranda-stellen-sollten-um-brand-sicherheits-und-schaedlingsrisiken-zu-vermeiden\\\/\"},\"wordCount\":1111,\"publisher\":{\"@id\":\"https:\\\/\\\/www.strassenweb.de\\\/nachrichten\\\/#organization\"},\"image\":{\"@id\":\"https:\\\/\\\/www.strassenweb.de\\\/nachrichten\\\/7-dinge-die-sie-niemals-auf-eine-veranda-stellen-sollten-um-brand-sicherheits-und-schaedlingsrisiken-zu-vermeiden\\\/#primaryimage\"},\"thumbnailUrl\":\"https:\\\/\\\/www.strassenweb.de\\\/nachrichten\\\/wp-content\\\/uploads\\\/2025\\\/01\\\/7-Dinge-die-Sie-niemals-auf-eine-Veranda-stellen-sollten.jpg\",\"keywords\":[\"auf\",\"Brand\",\"die\",\"Dinge\",\"eine\",\"niemals\",\"Sch\u00e4dlingsrisiken\",\"Sicherheits\",\"Sie\",\"sollten\",\"stellen\",\"und\",\"Veranda\",\"vermeiden\"],\"articleSection\":[\"Haus &amp; Garten\"],\"inLanguage\":\"de\"},{\"@type\":\"WebPage\",\"@id\":\"https:\\\/\\\/www.strassenweb.de\\\/nachrichten\\\/7-dinge-die-sie-niemals-auf-eine-veranda-stellen-sollten-um-brand-sicherheits-und-schaedlingsrisiken-zu-vermeiden\\\/\",\"url\":\"https:\\\/\\\/www.strassenweb.de\\\/nachrichten\\\/7-dinge-die-sie-niemals-auf-eine-veranda-stellen-sollten-um-brand-sicherheits-und-schaedlingsrisiken-zu-vermeiden\\\/\",\"name\":\"7 Dinge, die Sie niemals auf eine Veranda stellen sollten, um Brand-, Sicherheits- und Sch\u00e4dlingsrisiken zu vermeiden - Nachrichten - Stra\u00dfenweb\",\"isPartOf\":{\"@id\":\"https:\\\/\\\/www.strassenweb.de\\\/nachrichten\\\/#website\"},\"primaryImageOfPage\":{\"@id\":\"https:\\\/\\\/www.strassenweb.de\\\/nachrichten\\\/7-dinge-die-sie-niemals-auf-eine-veranda-stellen-sollten-um-brand-sicherheits-und-schaedlingsrisiken-zu-vermeiden\\\/#primaryimage\"},\"image\":{\"@id\":\"https:\\\/\\\/www.strassenweb.de\\\/nachrichten\\\/7-dinge-die-sie-niemals-auf-eine-veranda-stellen-sollten-um-brand-sicherheits-und-schaedlingsrisiken-zu-vermeiden\\\/#primaryimage\"},\"thumbnailUrl\":\"https:\\\/\\\/www.strassenweb.de\\\/nachrichten\\\/wp-content\\\/uploads\\\/2025\\\/01\\\/7-Dinge-die-Sie-niemals-auf-eine-Veranda-stellen-sollten.jpg\",\"datePublished\":\"2025-01-27T10:39:18+00:00\",\"dateModified\":\"2025-01-27T10:39:20+00:00\",\"breadcrumb\":{\"@id\":\"https:\\\/\\\/www.strassenweb.de\\\/nachrichten\\\/7-dinge-die-sie-niemals-auf-eine-veranda-stellen-sollten-um-brand-sicherheits-und-schaedlingsrisiken-zu-vermeiden\\\/#breadcrumb\"},\"inLanguage\":\"de\",\"potentialAction\":[{\"@type\":\"ReadAction\",\"target\":[\"https:\\\/\\\/www.strassenweb.de\\\/nachrichten\\\/7-dinge-die-sie-niemals-auf-eine-veranda-stellen-sollten-um-brand-sicherheits-und-schaedlingsrisiken-zu-vermeiden\\\/\"]}]},{\"@type\":\"ImageObject\",\"inLanguage\":\"de\",\"@id\":\"https:\\\/\\\/www.strassenweb.de\\\/nachrichten\\\/7-dinge-die-sie-niemals-auf-eine-veranda-stellen-sollten-um-brand-sicherheits-und-schaedlingsrisiken-zu-vermeiden\\\/#primaryimage\",\"url\":\"https:\\\/\\\/www.strassenweb.de\\\/nachrichten\\\/wp-content\\\/uploads\\\/2025\\\/01\\\/7-Dinge-die-Sie-niemals-auf-eine-Veranda-stellen-sollten.jpg\",\"contentUrl\":\"https:\\\/\\\/www.strassenweb.de\\\/nachrichten\\\/wp-content\\\/uploads\\\/2025\\\/01\\\/7-Dinge-die-Sie-niemals-auf-eine-Veranda-stellen-sollten.jpg\",\"width\":1200,\"height\":675,\"caption\":\"7 Dinge, die Sie niemals auf eine Veranda stellen sollten, um Brand-, Sicherheits- und Sch\u00e4dlingsrisiken zu vermeiden\"},{\"@type\":\"BreadcrumbList\",\"@id\":\"https:\\\/\\\/www.strassenweb.de\\\/nachrichten\\\/7-dinge-die-sie-niemals-auf-eine-veranda-stellen-sollten-um-brand-sicherheits-und-schaedlingsrisiken-zu-vermeiden\\\/#breadcrumb\",\"itemListElement\":[{\"@type\":\"ListItem\",\"position\":1,\"name\":\"Home\",\"item\":\"https:\\\/\\\/www.strassenweb.de\\\/nachrichten\\\/\"},{\"@type\":\"ListItem\",\"position\":2,\"name\":\"7 Dinge, die Sie niemals auf eine Veranda stellen sollten, um Brand-, Sicherheits- und Sch\u00e4dlingsrisiken zu vermeiden\"}]},{\"@type\":\"WebSite\",\"@id\":\"https:\\\/\\\/www.strassenweb.de\\\/nachrichten\\\/#website\",\"url\":\"https:\\\/\\\/www.strassenweb.de\\\/nachrichten\\\/\",\"name\":\"Stra\u00dfenweb\",\"description\":\"Stra\u00dfenverzeichnis f\u00fcr Deutschland\",\"publisher\":{\"@id\":\"https:\\\/\\\/www.strassenweb.de\\\/nachrichten\\\/#organization\"},\"potentialAction\":[{\"@type\":\"SearchAction\",\"target\":{\"@type\":\"EntryPoint\",\"urlTemplate\":\"https:\\\/\\\/www.strassenweb.de\\\/nachrichten\\\/?s={search_term_string}\"},\"query-input\":{\"@type\":\"PropertyValueSpecification\",\"valueRequired\":true,\"valueName\":\"search_term_string\"}}],\"inLanguage\":\"de\"},{\"@type\":\"Organization\",\"@id\":\"https:\\\/\\\/www.strassenweb.de\\\/nachrichten\\\/#organization\",\"name\":\"Stra\u00dfenweb\",\"url\":\"https:\\\/\\\/www.strassenweb.de\\\/nachrichten\\\/\",\"logo\":{\"@type\":\"ImageObject\",\"inLanguage\":\"de\",\"@id\":\"https:\\\/\\\/www.strassenweb.de\\\/nachrichten\\\/#\\\/schema\\\/logo\\\/image\\\/\",\"url\":\"https:\\\/\\\/www.strassenweb.de\\\/nachrichten\\\/wp-content\\\/uploads\\\/2024\\\/09\\\/cropped-favicon.png\",\"contentUrl\":\"https:\\\/\\\/www.strassenweb.de\\\/nachrichten\\\/wp-content\\\/uploads\\\/2024\\\/09\\\/cropped-favicon.png\",\"width\":512,\"height\":512,\"caption\":\"Stra\u00dfenweb\"},\"image\":{\"@id\":\"https:\\\/\\\/www.strassenweb.de\\\/nachrichten\\\/#\\\/schema\\\/logo\\\/image\\\/\"},\"sameAs\":[\"https:\\\/\\\/www.facebook.com\\\/strassenweb\\\/\"]},{\"@type\":\"Person\",\"@id\":\"https:\\\/\\\/www.strassenweb.de\\\/nachrichten\\\/#\\\/schema\\\/person\\\/87c9c9067f1211da429a744dc5a5aa41\",\"name\":\"Robert Hoffmann\",\"image\":{\"@type\":\"ImageObject\",\"inLanguage\":\"de\",\"@id\":\"https:\\\/\\\/www.strassenweb.de\\\/nachrichten\\\/wp-content\\\/uploads\\\/2024\\\/09\\\/strassenweb-150x150.jpg\",\"url\":\"https:\\\/\\\/www.strassenweb.de\\\/nachrichten\\\/wp-content\\\/uploads\\\/2024\\\/09\\\/strassenweb-150x150.jpg\",\"contentUrl\":\"https:\\\/\\\/www.strassenweb.de\\\/nachrichten\\\/wp-content\\\/uploads\\\/2024\\\/09\\\/strassenweb-150x150.jpg\",\"caption\":\"Robert Hoffmann\"},\"description\":\"Ich hei\u00dfe Robert Hoffmann und ich bin ein leidenschaftlicher Verfechter von \u00d6kologie und Biodiversit\u00e4t. Seit meiner Kindheit in den W\u00e4ldern Bayerns f\u00fchle ich mich mit der Natur verbunden und bin entschlossen, sie zu sch\u00fctzen. Heute widme ich mein Leben der Sensibilisierung anderer f\u00fcr die Bedeutung des Umweltschutzes f\u00fcr zuk\u00fcnftige Generationen.\",\"sameAs\":[\"https:\\\/\\\/www.strassenweb.de\\\/\"]}]}<\/script>\n<!-- \/ Yoast SEO plugin. -->","yoast_head_json":{"title":"7 Dinge, die Sie niemals auf eine Veranda stellen sollten, um Brand-, Sicherheits- und Sch\u00e4dlingsrisiken zu vermeiden - Nachrichten - Stra\u00dfenweb","robots":{"index":"index","follow":"follow","max-snippet":"max-snippet:-1","max-image-preview":"max-image-preview:large","max-video-preview":"max-video-preview:-1"},"canonical":"https:\/\/www.strassenweb.de\/nachrichten\/7-dinge-die-sie-niemals-auf-eine-veranda-stellen-sollten-um-brand-sicherheits-und-schaedlingsrisiken-zu-vermeiden\/","og_locale":"de_DE","og_type":"article","og_title":"7 Dinge, die Sie niemals auf eine Veranda stellen sollten, um Brand-, Sicherheits- und Sch\u00e4dlingsrisiken zu vermeiden - Nachrichten - Stra\u00dfenweb","og_description":"Wenn Sie jeden Quadratmeter Ihres Hauses optimal ausnutzen, k\u00f6nnen Sie das Beste aus dem herausholen, was Sie haben. Experten haben jedoch gewarnt, dass es einige","og_url":"https:\/\/www.strassenweb.de\/nachrichten\/7-dinge-die-sie-niemals-auf-eine-veranda-stellen-sollten-um-brand-sicherheits-und-schaedlingsrisiken-zu-vermeiden\/","og_site_name":"Stra\u00dfenweb","article_publisher":"https:\/\/www.facebook.com\/strassenweb\/","article_published_time":"2025-01-27T10:39:18+00:00","article_modified_time":"2025-01-27T10:39:20+00:00","og_image":[{"width":1200,"height":675,"url":"https:\/\/www.strassenweb.de\/nachrichten\/wp-content\/uploads\/2025\/01\/7-Dinge-die-Sie-niemals-auf-eine-Veranda-stellen-sollten.jpg","type":"image\/jpeg"}],"author":"Robert Hoffmann","twitter_card":"summary_large_image","twitter_misc":{"Verfasst von":"Robert Hoffmann","Gesch\u00e4tzte Lesezeit":"5\u00a0Minuten"},"schema":{"@context":"https:\/\/schema.org","@graph":[{"@type":"Article","@id":"https:\/\/www.strassenweb.de\/nachrichten\/7-dinge-die-sie-niemals-auf-eine-veranda-stellen-sollten-um-brand-sicherheits-und-schaedlingsrisiken-zu-vermeiden\/#article","isPartOf":{"@id":"https:\/\/www.strassenweb.de\/nachrichten\/7-dinge-die-sie-niemals-auf-eine-veranda-stellen-sollten-um-brand-sicherheits-und-schaedlingsrisiken-zu-vermeiden\/"},"author":{"name":"Robert Hoffmann","@id":"https:\/\/www.strassenweb.de\/nachrichten\/#\/schema\/person\/87c9c9067f1211da429a744dc5a5aa41"},"headline":"7 Dinge, die Sie niemals auf eine Veranda stellen sollten, um Brand-, Sicherheits- und Sch\u00e4dlingsrisiken zu vermeiden","datePublished":"2025-01-27T10:39:18+00:00","dateModified":"2025-01-27T10:39:20+00:00","mainEntityOfPage":{"@id":"https:\/\/www.strassenweb.de\/nachrichten\/7-dinge-die-sie-niemals-auf-eine-veranda-stellen-sollten-um-brand-sicherheits-und-schaedlingsrisiken-zu-vermeiden\/"},"wordCount":1111,"publisher":{"@id":"https:\/\/www.strassenweb.de\/nachrichten\/#organization"},"image":{"@id":"https:\/\/www.strassenweb.de\/nachrichten\/7-dinge-die-sie-niemals-auf-eine-veranda-stellen-sollten-um-brand-sicherheits-und-schaedlingsrisiken-zu-vermeiden\/#primaryimage"},"thumbnailUrl":"https:\/\/www.strassenweb.de\/nachrichten\/wp-content\/uploads\/2025\/01\/7-Dinge-die-Sie-niemals-auf-eine-Veranda-stellen-sollten.jpg","keywords":["auf","Brand","die","Dinge","eine","niemals","Sch\u00e4dlingsrisiken","Sicherheits","Sie","sollten","stellen","und","Veranda","vermeiden"],"articleSection":["Haus &amp; Garten"],"inLanguage":"de"},{"@type":"WebPage","@id":"https:\/\/www.strassenweb.de\/nachrichten\/7-dinge-die-sie-niemals-auf-eine-veranda-stellen-sollten-um-brand-sicherheits-und-schaedlingsrisiken-zu-vermeiden\/","url":"https:\/\/www.strassenweb.de\/nachrichten\/7-dinge-die-sie-niemals-auf-eine-veranda-stellen-sollten-um-brand-sicherheits-und-schaedlingsrisiken-zu-vermeiden\/","name":"7 Dinge, die Sie niemals auf eine Veranda stellen sollten, um Brand-, Sicherheits- und Sch\u00e4dlingsrisiken zu vermeiden - Nachrichten - Stra\u00dfenweb","isPartOf":{"@id":"https:\/\/www.strassenweb.de\/nachrichten\/#website"},"primaryImageOfPage":{"@id":"https:\/\/www.strassenweb.de\/nachrichten\/7-dinge-die-sie-niemals-auf-eine-veranda-stellen-sollten-um-brand-sicherheits-und-schaedlingsrisiken-zu-vermeiden\/#primaryimage"},"image":{"@id":"https:\/\/www.strassenweb.de\/nachrichten\/7-dinge-die-sie-niemals-auf-eine-veranda-stellen-sollten-um-brand-sicherheits-und-schaedlingsrisiken-zu-vermeiden\/#primaryimage"},"thumbnailUrl":"https:\/\/www.strassenweb.de\/nachrichten\/wp-content\/uploads\/2025\/01\/7-Dinge-die-Sie-niemals-auf-eine-Veranda-stellen-sollten.jpg","datePublished":"2025-01-27T10:39:18+00:00","dateModified":"2025-01-27T10:39:20+00:00","breadcrumb":{"@id":"https:\/\/www.strassenweb.de\/nachrichten\/7-dinge-die-sie-niemals-auf-eine-veranda-stellen-sollten-um-brand-sicherheits-und-schaedlingsrisiken-zu-vermeiden\/#breadcrumb"},"inLanguage":"de","potentialAction":[{"@type":"ReadAction","target":["https:\/\/www.strassenweb.de\/nachrichten\/7-dinge-die-sie-niemals-auf-eine-veranda-stellen-sollten-um-brand-sicherheits-und-schaedlingsrisiken-zu-vermeiden\/"]}]},{"@type":"ImageObject","inLanguage":"de","@id":"https:\/\/www.strassenweb.de\/nachrichten\/7-dinge-die-sie-niemals-auf-eine-veranda-stellen-sollten-um-brand-sicherheits-und-schaedlingsrisiken-zu-vermeiden\/#primaryimage","url":"https:\/\/www.strassenweb.de\/nachrichten\/wp-content\/uploads\/2025\/01\/7-Dinge-die-Sie-niemals-auf-eine-Veranda-stellen-sollten.jpg","contentUrl":"https:\/\/www.strassenweb.de\/nachrichten\/wp-content\/uploads\/2025\/01\/7-Dinge-die-Sie-niemals-auf-eine-Veranda-stellen-sollten.jpg","width":1200,"height":675,"caption":"7 Dinge, die Sie niemals auf eine Veranda stellen sollten, um Brand-, Sicherheits- und Sch\u00e4dlingsrisiken zu vermeiden"},{"@type":"BreadcrumbList","@id":"https:\/\/www.strassenweb.de\/nachrichten\/7-dinge-die-sie-niemals-auf-eine-veranda-stellen-sollten-um-brand-sicherheits-und-schaedlingsrisiken-zu-vermeiden\/#breadcrumb","itemListElement":[{"@type":"ListItem","position":1,"name":"Home","item":"https:\/\/www.strassenweb.de\/nachrichten\/"},{"@type":"ListItem","position":2,"name":"7 Dinge, die Sie niemals auf eine Veranda stellen sollten, um Brand-, Sicherheits- und Sch\u00e4dlingsrisiken zu vermeiden"}]},{"@type":"WebSite","@id":"https:\/\/www.strassenweb.de\/nachrichten\/#website","url":"https:\/\/www.strassenweb.de\/nachrichten\/","name":"Stra\u00dfenweb","description":"Stra\u00dfenverzeichnis f\u00fcr Deutschland","publisher":{"@id":"https:\/\/www.strassenweb.de\/nachrichten\/#organization"},"potentialAction":[{"@type":"SearchAction","target":{"@type":"EntryPoint","urlTemplate":"https:\/\/www.strassenweb.de\/nachrichten\/?s={search_term_string}"},"query-input":{"@type":"PropertyValueSpecification","valueRequired":true,"valueName":"search_term_string"}}],"inLanguage":"de"},{"@type":"Organization","@id":"https:\/\/www.strassenweb.de\/nachrichten\/#organization","name":"Stra\u00dfenweb","url":"https:\/\/www.strassenweb.de\/nachrichten\/","logo":{"@type":"ImageObject","inLanguage":"de","@id":"https:\/\/www.strassenweb.de\/nachrichten\/#\/schema\/logo\/image\/","url":"https:\/\/www.strassenweb.de\/nachrichten\/wp-content\/uploads\/2024\/09\/cropped-favicon.png","contentUrl":"https:\/\/www.strassenweb.de\/nachrichten\/wp-content\/uploads\/2024\/09\/cropped-favicon.png","width":512,"height":512,"caption":"Stra\u00dfenweb"},"image":{"@id":"https:\/\/www.strassenweb.de\/nachrichten\/#\/schema\/logo\/image\/"},"sameAs":["https:\/\/www.facebook.com\/strassenweb\/"]},{"@type":"Person","@id":"https:\/\/www.strassenweb.de\/nachrichten\/#\/schema\/person\/87c9c9067f1211da429a744dc5a5aa41","name":"Robert Hoffmann","image":{"@type":"ImageObject","inLanguage":"de","@id":"https:\/\/www.strassenweb.de\/nachrichten\/wp-content\/uploads\/2024\/09\/strassenweb-150x150.jpg","url":"https:\/\/www.strassenweb.de\/nachrichten\/wp-content\/uploads\/2024\/09\/strassenweb-150x150.jpg","contentUrl":"https:\/\/www.strassenweb.de\/nachrichten\/wp-content\/uploads\/2024\/09\/strassenweb-150x150.jpg","caption":"Robert Hoffmann"},"description":"Ich hei\u00dfe Robert Hoffmann und ich bin ein leidenschaftlicher Verfechter von \u00d6kologie und Biodiversit\u00e4t. Seit meiner Kindheit in den W\u00e4ldern Bayerns f\u00fchle ich mich mit der Natur verbunden und bin entschlossen, sie zu sch\u00fctzen. Heute widme ich mein Leben der Sensibilisierung anderer f\u00fcr die Bedeutung des Umweltschutzes f\u00fcr zuk\u00fcnftige Generationen.","sameAs":["https:\/\/www.strassenweb.de\/"]}]}},"_links":{"self":[{"href":"https:\/\/www.strassenweb.de\/nachrichten\/wp-json\/wp\/v2\/posts\/2961","targetHints":{"allow":["GET"]}}],"collection":[{"href":"https:\/\/www.strassenweb.de\/nachrichten\/wp-json\/wp\/v2\/posts"}],"about":[{"href":"https:\/\/www.strassenweb.de\/nachrichten\/wp-json\/wp\/v2\/types\/post"}],"author":[{"embeddable":true,"href":"https:\/\/www.strassenweb.de\/nachrichten\/wp-json\/wp\/v2\/users\/1"}],"replies":[{"embeddable":true,"href":"https:\/\/www.strassenweb.de\/nachrichten\/wp-json\/wp\/v2\/comments?post=2961"}],"version-history":[{"count":0,"href":"https:\/\/www.strassenweb.de\/nachrichten\/wp-json\/wp\/v2\/posts\/2961\/revisions"}],"wp:featuredmedia":[{"embeddable":true,"href":"https:\/\/www.strassenweb.de\/nachrichten\/wp-json\/wp\/v2\/media\/2962"}],"wp:attachment":[{"href":"https:\/\/www.strassenweb.de\/nachrichten\/wp-json\/wp\/v2\/media?parent=2961"}],"wp:term":[{"taxonomy":"category","embeddable":true,"href":"https:\/\/www.strassenweb.de\/nachrichten\/wp-json\/wp\/v2\/categories?post=2961"},{"taxonomy":"post_tag","embeddable":true,"href":"https:\/\/www.strassenweb.de\/nachrichten\/wp-json\/wp\/v2\/tags?post=2961"}],"curies":[{"name":"wp","href":"https:\/\/api.w.org\/{rel}","templated":true}]}}