{"id":2935,"date":"2025-01-25T23:46:03","date_gmt":"2025-01-25T22:46:03","guid":{"rendered":"https:\/\/www.strassenweb.de\/nachrichten\/schicker-kann-aufbewahrung-nicht-sein-9-designer-erzaehlen-wie-sie-aufbewahrung-zu-einem-design-statement-gemacht-haben\/"},"modified":"2025-01-25T23:46:04","modified_gmt":"2025-01-25T22:46:04","slug":"schicker-kann-aufbewahrung-nicht-sein-9-designer-erzaehlen-wie-sie-aufbewahrung-zu-einem-design-statement-gemacht-haben","status":"publish","type":"post","link":"https:\/\/www.strassenweb.de\/nachrichten\/schicker-kann-aufbewahrung-nicht-sein-9-designer-erzaehlen-wie-sie-aufbewahrung-zu-einem-design-statement-gemacht-haben\/","title":{"rendered":"Schicker kann Aufbewahrung nicht sein \u2013 9 Designer erz\u00e4hlen, wie sie Aufbewahrung zu einem Design-Statement gemacht haben"},"content":{"rendered":"<p><\/p>\n<div id=\"article-body\" class=\"article__body \">\n<p>Wenn es um die Innenarchitektur geht, kann man sich leicht auf die Versch\u00f6nerung eines Raums konzentrieren \u2013 auf die Freude, Farben und Muster sowie neue M\u00f6bel und Accessoires auszuw\u00e4hlen, mit denen man sich umgeben kann. Dies muss jedoch mit der Praktikabilit\u00e4t einhergehen. Es n\u00fctzt nichts, ein h\u00fcbsches Zuhause zu haben, das nicht zu Ihren Lebensstilbed\u00fcrfnissen passt.<\/p>\n<div id=\"ad-unit-1\" class=\"ad-unit\"><\/div>\n<p>Einer der Schl\u00fcssel zu einem Zuhause, das den Wohnkomfort f\u00f6rdert, sind ausreichend und clevere Aufbewahrungsideen. Sogar die Hardcore-Minimalisten unter uns brauchen Nischen, um die Gegenst\u00e4nde zu verstecken, die zwar st\u00f6rend wirken, aber f\u00fcr das t\u00e4gliche Leben notwendig sind. Die besten Innenarchitekten von heute sind wahre Meister, wenn es um die Maximierung des Raums geht, und diese Liste inspirierender Projekte ist eine Anleitung f\u00fcr die Gestaltung eines Raums, der sowohl optisch ansprechend als auch praktisch ist, egal wie kompliziert die Raumaufteilung ist.<\/p>\n<h2 id=\"9-chic-storage-projects-that-are-beautiful-and-practical-3\">9 schicke Aufbewahrungsprojekte, die sch\u00f6n und praktisch sind<\/h2>\n<aside class=\"hawk-nest\" data-block-type=\"embed\" data-render-type=\"fte\" data-skip=\"dealsy\" data-widget-type=\"seasonal\">\n<div class=\"hawk-master-widget-hawk-base-wrapper\"><\/div>\n<\/aside>\n<p>Bei der Gestaltung eines Hauses muss die Praktikabilit\u00e4t ber\u00fccksichtigt werden. Die erfolgreichsten R\u00e4ume sind solche, die Sch\u00f6nheit und Funktionalit\u00e4t in Einklang bringen. Hier finden Sie eine Liste inspirierender Projekte, bei denen Designer R\u00e4ume geschaffen haben, die sowohl optisch ansprechend als auch praktisch zu nutzen sind.<\/p>\n<div id=\"desktop-in-article\" class=\"in-article ad-unit\">\n<div id=\"desktop-taboola-mid-article\"><\/div>\n<\/div>\n<div id=\"mobile-in-article\" class=\"in-article ad-unit\">\n<div id=\"mobile-taboola-mid-article\"><\/div>\n<\/div>\n<h3 class=\"article-body__section\" id=\"section-1-shapely-shelves\"><span>1. Formsch\u00f6ne Regale<\/span><\/h3>\n<figure class=\"van-image-figure inline-layout \" data-bordeaux-image-check>\n<div class=\"image-full-width-wrapper\">\n<div class=\"image-widthsetter\" style=\"max-width:2000px;\"><\/div>\n<\/div>\n<\/figure>\n<p>Die meisten H\u00e4user sind vollgestopft mit geraden Kanten und rechten Winkeln. Warum also nicht mit dem Schema brechen und etwas anderes schaffen? Diese kurvige Nische in einem Kinderzimmer wurde von der Innenarchitektin Rachel Chudley entworfen, die ihren Projekten einen magischen und fantasievollen Blick verleiht.<\/p>\n<div class=\"van_vid_carousel\">\n<div class=\"van_vid_carousel__padding\">\n<div class=\"van_vid_carousel__container\"><\/div>\n<\/div>\n<\/div>\n<p>\u201eWir wollten eine lustige und dekorative Aufbewahrung f\u00fcr die ganze Familie schaffen und haben die W\u00e4nde und B\u00fccherregale in kontrastierenden Farben mit dem Stoff La Menagerie von Schumacher verkleidet\u201c, erkl\u00e4rt sie dieses Schlafzimmer. \u201eIch liebe es, mit interessanten Kombinationen zu experimentieren, mit Kontrasten zu spielen und unerwartete, originelle Akzente zu setzen.\u201c<\/p>\n<div id=\"ad-unit-2\" class=\"ad-unit\"><\/div>\n<h3 class=\"article-body__section\" id=\"section-2-a-miniature-library\"><span>2. Eine Miniaturbibliothek<\/span><\/h3>\n<figure class=\"van-image-figure inline-layout \" data-bordeaux-image-check>\n<div class=\"image-full-width-wrapper\">\n<div class=\"image-widthsetter\" style=\"max-width:2000px;\"><\/div>\n<\/div>\n<\/figure>\n<p>Bei der Suche nach Stauraum in kleinen R\u00e4umen lohnt es sich, alle M\u00f6glichkeiten in Betracht zu ziehen. Hier beschloss Chloe Willis, Dekorateurin bei Sibyl Colefax &#038; John Fowler, den Eingangsbereich geschickt zu nutzen, indem sie eingebaute Regale f\u00fcr ihre vielen B\u00fccher anbrachte. B\u00fccherregale m\u00fcssen nicht tief sein; Taschenb\u00fccher ben\u00f6tigen 6,5 Zoll, w\u00e4hrend gr\u00f6\u00dfere B\u00fccher 14 Zoll ben\u00f6tigen.<\/p>\n<p>Die Regale werden von einer einfachen Aussparung eingerahmt, um die Rohrleitungen zu verbergen; Sie haben sich zwar etwas Platz vom Treppenabsatz geliehen, aber es gibt immer noch genug Platz, um sich problemlos die Treppe hinauf und hinunter zu bewegen.<\/p>\n<h3 class=\"article-body__section\" id=\"section-3-cute-and-practical-cubby-holes\"><span>3. Niedliche und praktische Ablagef\u00e4cher<\/span><\/h3>\n<figure class=\"van-image-figure inline-layout \" data-bordeaux-image-check>\n<div class=\"image-full-width-wrapper\">\n<div class=\"image-widthsetter\" style=\"max-width:2000px;\"><\/div>\n<\/div>\n<\/figure>\n<p>Bankettbestuhlungen sind eine hervorragende M\u00f6glichkeit, mehr Personen an einem Tisch unterzubringen, und bieten oft viel dringend ben\u00f6tigten Stauraum darunter. Die Modestylistin Sarah Corbett-Winder ging bei der Dekoration ihres Londoner Zuhauses einen anderen Weg.<\/p>\n<p>Nachdem sie einen 13 Fu\u00df langen K\u00fcchentisch besorgt hatte, entwarfen sie und ihr Mann eine extralange Einbaubank, die Platz f\u00fcr Freunde zum Sitzen w\u00e4hrend der Essenszubereitung schaffte. \u201eDarunter haben wir Nischen angebracht und die K\u00f6rbe sind perfekte Orte, um die Spielsachen der Kinder einfach zu verstecken\u201c, erkl\u00e4rt sie.<\/p>\n<h3 class=\"article-body__section\" id=\"section-4-a-chic-curtain-partition\"><span>4. Eine schicke Vorhangtrennwand <\/span><\/h3>\n<figure class=\"van-image-figure inline-layout \" data-bordeaux-image-check>\n<div class=\"image-full-width-wrapper\">\n<div class=\"image-widthsetter\" style=\"max-width:2000px;\"><\/div>\n<\/div>\n<\/figure>\n<p>Wenn kein Platz f\u00fcr eine T\u00fcr ist, ist ein Vorhang eine sch\u00f6ne M\u00f6glichkeit, ein Schlafzimmer und ein Ankleidezimmer zu trennen. Auch wenn es sich nur um eine abgeschlossene Ecke handelt, tr\u00e4gt das Halten von Kleidung aus dem Schlafbereich dazu bei, eine ruhigere Umgebung zu schaffen. Dieses Ankleidezimmer wurde von Studio Duggan entworfen.<\/p>\n<p>\u201eWir haben einen Torbogen vom Hauptschlafzimmer in diesen Abstellraum nebenan ge\u00f6ffnet, um einen bezaubernden Kleiderschrank zu schaffen\u201c, sagt Gr\u00fcnderin Tiffany Duggan. \u201eWir haben W\u00e4nde und Schr\u00e4nke in Buttert\u00f6nen gestaltet und Basteins\u00e4tze in die Paneele eingesetzt.\u201c<\/p>\n<h3 class=\"article-body__section\" id=\"section-5-fabric-fronted-wardrobes\"><span>5. Kleiderschr\u00e4nke mit Stofffront<\/span><\/h3>\n<figure class=\"van-image-figure inline-layout \" data-bordeaux-image-check>\n<div class=\"image-full-width-wrapper\">\n<div class=\"image-widthsetter\" style=\"max-width:2000px;\"><\/div>\n<\/div>\n<\/figure>\n<p>Ein Trick, um die Wirkung von Kleiderschrankt\u00fcren aus Massivholz abzumildern, besteht darin, einen get\u00e4felten Bereich zu schaffen und ihn entweder mit Stoff oder Tapete zu f\u00fcllen. Damit der Kleiderschrank in den W\u00e4nden verschwindet, m\u00fcssen sowohl die T\u00fcren als auch die Paneele schlicht und gestrichen sein. Das hat die Innenarchitektin Polly Ashman hier getan. \u201eWir wollten ein weicheres, mehrschichtiges Gef\u00fchl, also haben wir die Schrankt\u00fcren mit Grasstofftapeten versehen\u201c, erkl\u00e4rt sie.<\/p>\n<h3 class=\"article-body__section\" id=\"section-6-a-beautifully-built-in-home-office\"><span>6. Ein wundersch\u00f6n eingerichtetes Heimb\u00fcro<\/span><\/h3>\n<figure class=\"van-image-figure inline-layout \" data-bordeaux-image-check>\n<div class=\"image-full-width-wrapper\">\n<div class=\"image-widthsetter\" style=\"max-width:2000px;\"><\/div>\n<\/div>\n<\/figure>\n<p>Der Innenarchitekt Alex Dauley hat einen Home-Office-Bereich mit viel geschlossenem Stauraum eingerichtet, um all die Unordnung zu verbergen. Offene Regale oben spielen in diesem Wohnzimmer die eher traditionelle Rolle eines B\u00fccherregals. \u201eSeien Sie immer individuell\u201c, sagt Alex. \u201eNur so k\u00f6nnen Sie den Platz maximieren und gleichzeitig den genauen Lageranforderungen harmonisch gerecht werden.\u201c<\/p>\n<h3 class=\"article-body__section\" id=\"section-7-a-secret-doorway\"><span>7. Eine geheime T\u00fcr<\/span><\/h3>\n<figure class=\"van-image-figure inline-layout \" data-bordeaux-image-check>\n<div class=\"image-full-width-wrapper\">\n<div class=\"image-widthsetter\" style=\"max-width:2000px;\"><\/div>\n<\/div>\n<\/figure>\n<p>Eine Auslegert\u00fcr wird b\u00fcndig in die Wand eingebaut und ist somit unsichtbar. Sie k\u00f6nnen entweder Teil einer Wand sein oder als B\u00fccherregal wirken. In diesem Fall handelt es sich um ein funktionierendes B\u00fccherregal, das sich in einen anderen Raum \u00f6ffnet.<\/p>\n<p>\u201eDie Schaffung einer Geheimt\u00fcr in einem B\u00fccherregal erfordert Planung und pr\u00e4zise Handwerkskunst\u201c, sagt Andrew Fiedorowicz von Barr Joinery, der diesen Entwurf entworfen hat. \u201eDas Ergebnis verleiht jedem Raum eine einzigartige und faszinierende Note.\u201c<\/p>\n<h3 class=\"article-body__section\" id=\"section-8-a-practical-bookcase-with-decorative-detailing\"><span>8. Ein praktisches B\u00fccherregal mit dekorativen Details<\/span><\/h3>\n<figure class=\"van-image-figure inline-layout \" data-bordeaux-image-check>\n<div class=\"image-full-width-wrapper\">\n<div class=\"image-widthsetter\" style=\"max-width:2000px;\"><\/div>\n<\/div>\n<\/figure>\n<p>B\u00fccherregale und Tischlerei in traditionellen Landh\u00e4usern werden oft mit Zierleisten, Eckbl\u00f6cken oder Giebeln veredelt. Sie verleihen dem Licht und dem Schatten, die auf die unebene Oberfl\u00e4che fallen, eine besondere Note und tragen dazu bei, Tiefe zu erzeugen. Die Innenarchitektin Pandora Taylor wollte diesem Haus in London eine historische Atmosph\u00e4re verleihen, um den Cottage-Charakter zu verst\u00e4rken.<\/p>\n<p>Das \u00c4u\u00dfere verf\u00fcgt \u00fcber ein elegantes Dach und eine gew\u00f6lbte Veranda, die sich in den B\u00fccherregalen mit Giebelspitze im Wohnzimmer widerspiegeln. Diese Details, einschlie\u00dflich des Gesimses, sorgen daf\u00fcr, dass der Raum vielschichtig und authentisch wirkt. \u201eIch wollte nicht, dass es sich wie eine schlichte, modernisierte Kiste anf\u00fchlt\u201c, sagt sie.<\/p>\n<h3 class=\"article-body__section\" id=\"section-9-a-bespoke-wall-of-storage\"><span>9. Eine ma\u00dfgeschneiderte Aufbewahrungswand<\/span><\/h3>\n<figure class=\"van-image-figure inline-layout \" data-bordeaux-image-check>\n<div class=\"image-full-width-wrapper\">\n<div class=\"image-widthsetter\" style=\"max-width:2000px;\"><\/div>\n<\/div>\n<\/figure>\n<p>Sch\u00f6ne eingebaute Regale und Schr\u00e4nke k\u00f6nnen einem Raum eine starke dekorative Note verleihen und gleichzeitig den dringend ben\u00f6tigten Stauraum bieten. Dieses Design von Lonika Chande maximiert den Platz an der Wand eines Wohnzimmers in Chelsea, indem es Regale \u00fcber die gesamte Breite der M\u00f6bel verteilt.<\/p>\n<p>Dies sind ideale R\u00e4ume zum Ausstellen von B\u00fcchern und Gegenst\u00e4nden, mit darunter liegenden Schr\u00e4nken f\u00fcr St\u00fccke, die versteckt werden m\u00fcssen. Es sind die Farben, die hier stolz sind. Die Tischlerei wurde von Hand in Blau gestrichen, die Innenk\u00e4sten in einem kontrastierenden Rot. Die durch die Regale geschaffene Nische bietet Platz f\u00fcr das Sofa.<\/p>\n<hr>\n<p>Oftmals sind es die ung\u00fcnstigen R\u00e4ume, die den kreativsten L\u00f6sungen Platz machen, und wenn man ein wenig dar\u00fcber nachdenkt und vielleicht in eine ma\u00dfgeschneiderte L\u00f6sung investiert, kann ungenutzter Raum in Aufbewahrungseinheiten verwandelt werden, die genauso sch\u00f6n anzusehen sind wie sie selbst praktisch in der Anwendung.<\/p>\n<\/div>\n<p><script async src=\"\/\/www.instagram.com\/embed.js\"><\/script><\/p>\n","protected":false},"excerpt":{"rendered":"<p>Wenn es um die Innenarchitektur geht, kann man sich leicht auf die Versch\u00f6nerung eines Raums konzentrieren \u2013 auf die Freude, Farben und Muster sowie neue<\/p>\n","protected":false},"author":1,"featured_media":2936,"comment_status":"closed","ping_status":"","sticky":false,"template":"","format":"standard","meta":{"footnotes":""},"categories":[118],"tags":[4737,216,4739,22,4738,2741,469,781,61,4564,306,165,26],"class_list":["post-2935","post","type-post","status-publish","format-standard","has-post-thumbnail","hentry","category-haus-garten","tag-aufbewahrung","tag-designer","tag-designstatement","tag-einem","tag-erzaehlen","tag-gemacht","tag-haben","tag-kann","tag-nicht","tag-schicker","tag-sein","tag-sie","tag-wie","generate-columns","tablet-grid-50","mobile-grid-100","grid-parent","grid-50"],"yoast_head":"<!-- This site is optimized with the Yoast SEO plugin v27.3 - https:\/\/yoast.com\/product\/yoast-seo-wordpress\/ -->\n<title>Schicker kann Aufbewahrung nicht sein \u2013 9 Designer erz\u00e4hlen, wie sie Aufbewahrung zu einem Design-Statement gemacht haben - Nachrichten - Stra\u00dfenweb<\/title>\n<meta name=\"robots\" content=\"index, follow, max-snippet:-1, max-image-preview:large, max-video-preview:-1\" \/>\n<link rel=\"canonical\" href=\"https:\/\/www.strassenweb.de\/nachrichten\/schicker-kann-aufbewahrung-nicht-sein-9-designer-erzaehlen-wie-sie-aufbewahrung-zu-einem-design-statement-gemacht-haben\/\" \/>\n<meta property=\"og:locale\" content=\"de_DE\" \/>\n<meta property=\"og:type\" content=\"article\" \/>\n<meta property=\"og:title\" content=\"Schicker kann Aufbewahrung nicht sein \u2013 9 Designer erz\u00e4hlen, wie sie Aufbewahrung zu einem Design-Statement gemacht haben - Nachrichten - Stra\u00dfenweb\" \/>\n<meta property=\"og:description\" content=\"Wenn es um die Innenarchitektur geht, kann man sich leicht auf die Versch\u00f6nerung eines Raums konzentrieren \u2013 auf die Freude, Farben und Muster sowie neue\" \/>\n<meta property=\"og:url\" content=\"https:\/\/www.strassenweb.de\/nachrichten\/schicker-kann-aufbewahrung-nicht-sein-9-designer-erzaehlen-wie-sie-aufbewahrung-zu-einem-design-statement-gemacht-haben\/\" \/>\n<meta property=\"og:site_name\" content=\"Stra\u00dfenweb\" \/>\n<meta property=\"article:publisher\" content=\"https:\/\/www.facebook.com\/strassenweb\/\" \/>\n<meta property=\"article:published_time\" content=\"2025-01-25T22:46:03+00:00\" \/>\n<meta property=\"article:modified_time\" content=\"2025-01-25T22:46:04+00:00\" \/>\n<meta property=\"og:image\" content=\"https:\/\/www.strassenweb.de\/nachrichten\/wp-content\/uploads\/2025\/01\/Schicker-kann-Aufbewahrung-nicht-sein-\u2013-9-Designer-erzaehlen-wie.jpg\" \/>\n\t<meta property=\"og:image:width\" content=\"1200\" \/>\n\t<meta property=\"og:image:height\" content=\"675\" \/>\n\t<meta property=\"og:image:type\" content=\"image\/jpeg\" \/>\n<meta name=\"author\" content=\"Robert Hoffmann\" \/>\n<meta name=\"twitter:card\" content=\"summary_large_image\" \/>\n<meta name=\"twitter:label1\" content=\"Verfasst von\" \/>\n\t<meta name=\"twitter:data1\" content=\"Robert Hoffmann\" \/>\n\t<meta name=\"twitter:label2\" content=\"Gesch\u00e4tzte Lesezeit\" \/>\n\t<meta name=\"twitter:data2\" content=\"6\u00a0Minuten\" \/>\n<script type=\"application\/ld+json\" class=\"yoast-schema-graph\">{\"@context\":\"https:\\\/\\\/schema.org\",\"@graph\":[{\"@type\":\"Article\",\"@id\":\"https:\\\/\\\/www.strassenweb.de\\\/nachrichten\\\/schicker-kann-aufbewahrung-nicht-sein-9-designer-erzaehlen-wie-sie-aufbewahrung-zu-einem-design-statement-gemacht-haben\\\/#article\",\"isPartOf\":{\"@id\":\"https:\\\/\\\/www.strassenweb.de\\\/nachrichten\\\/schicker-kann-aufbewahrung-nicht-sein-9-designer-erzaehlen-wie-sie-aufbewahrung-zu-einem-design-statement-gemacht-haben\\\/\"},\"author\":{\"name\":\"Robert Hoffmann\",\"@id\":\"https:\\\/\\\/www.strassenweb.de\\\/nachrichten\\\/#\\\/schema\\\/person\\\/87c9c9067f1211da429a744dc5a5aa41\"},\"headline\":\"Schicker kann Aufbewahrung nicht sein \u2013 9 Designer erz\u00e4hlen, wie sie Aufbewahrung zu einem Design-Statement gemacht haben\",\"datePublished\":\"2025-01-25T22:46:03+00:00\",\"dateModified\":\"2025-01-25T22:46:04+00:00\",\"mainEntityOfPage\":{\"@id\":\"https:\\\/\\\/www.strassenweb.de\\\/nachrichten\\\/schicker-kann-aufbewahrung-nicht-sein-9-designer-erzaehlen-wie-sie-aufbewahrung-zu-einem-design-statement-gemacht-haben\\\/\"},\"wordCount\":1147,\"publisher\":{\"@id\":\"https:\\\/\\\/www.strassenweb.de\\\/nachrichten\\\/#organization\"},\"image\":{\"@id\":\"https:\\\/\\\/www.strassenweb.de\\\/nachrichten\\\/schicker-kann-aufbewahrung-nicht-sein-9-designer-erzaehlen-wie-sie-aufbewahrung-zu-einem-design-statement-gemacht-haben\\\/#primaryimage\"},\"thumbnailUrl\":\"https:\\\/\\\/www.strassenweb.de\\\/nachrichten\\\/wp-content\\\/uploads\\\/2025\\\/01\\\/Schicker-kann-Aufbewahrung-nicht-sein-\u2013-9-Designer-erzaehlen-wie.jpg\",\"keywords\":[\"Aufbewahrung\",\"Designer\",\"DesignStatement\",\"einem\",\"erz\u00e4hlen\",\"gemacht\",\"haben\",\"kann\",\"nicht\",\"schicker\",\"sein\",\"Sie\",\"Wie\"],\"articleSection\":[\"Haus &amp; Garten\"],\"inLanguage\":\"de\"},{\"@type\":\"WebPage\",\"@id\":\"https:\\\/\\\/www.strassenweb.de\\\/nachrichten\\\/schicker-kann-aufbewahrung-nicht-sein-9-designer-erzaehlen-wie-sie-aufbewahrung-zu-einem-design-statement-gemacht-haben\\\/\",\"url\":\"https:\\\/\\\/www.strassenweb.de\\\/nachrichten\\\/schicker-kann-aufbewahrung-nicht-sein-9-designer-erzaehlen-wie-sie-aufbewahrung-zu-einem-design-statement-gemacht-haben\\\/\",\"name\":\"Schicker kann Aufbewahrung nicht sein \u2013 9 Designer erz\u00e4hlen, wie sie Aufbewahrung zu einem Design-Statement gemacht haben - Nachrichten - Stra\u00dfenweb\",\"isPartOf\":{\"@id\":\"https:\\\/\\\/www.strassenweb.de\\\/nachrichten\\\/#website\"},\"primaryImageOfPage\":{\"@id\":\"https:\\\/\\\/www.strassenweb.de\\\/nachrichten\\\/schicker-kann-aufbewahrung-nicht-sein-9-designer-erzaehlen-wie-sie-aufbewahrung-zu-einem-design-statement-gemacht-haben\\\/#primaryimage\"},\"image\":{\"@id\":\"https:\\\/\\\/www.strassenweb.de\\\/nachrichten\\\/schicker-kann-aufbewahrung-nicht-sein-9-designer-erzaehlen-wie-sie-aufbewahrung-zu-einem-design-statement-gemacht-haben\\\/#primaryimage\"},\"thumbnailUrl\":\"https:\\\/\\\/www.strassenweb.de\\\/nachrichten\\\/wp-content\\\/uploads\\\/2025\\\/01\\\/Schicker-kann-Aufbewahrung-nicht-sein-\u2013-9-Designer-erzaehlen-wie.jpg\",\"datePublished\":\"2025-01-25T22:46:03+00:00\",\"dateModified\":\"2025-01-25T22:46:04+00:00\",\"breadcrumb\":{\"@id\":\"https:\\\/\\\/www.strassenweb.de\\\/nachrichten\\\/schicker-kann-aufbewahrung-nicht-sein-9-designer-erzaehlen-wie-sie-aufbewahrung-zu-einem-design-statement-gemacht-haben\\\/#breadcrumb\"},\"inLanguage\":\"de\",\"potentialAction\":[{\"@type\":\"ReadAction\",\"target\":[\"https:\\\/\\\/www.strassenweb.de\\\/nachrichten\\\/schicker-kann-aufbewahrung-nicht-sein-9-designer-erzaehlen-wie-sie-aufbewahrung-zu-einem-design-statement-gemacht-haben\\\/\"]}]},{\"@type\":\"ImageObject\",\"inLanguage\":\"de\",\"@id\":\"https:\\\/\\\/www.strassenweb.de\\\/nachrichten\\\/schicker-kann-aufbewahrung-nicht-sein-9-designer-erzaehlen-wie-sie-aufbewahrung-zu-einem-design-statement-gemacht-haben\\\/#primaryimage\",\"url\":\"https:\\\/\\\/www.strassenweb.de\\\/nachrichten\\\/wp-content\\\/uploads\\\/2025\\\/01\\\/Schicker-kann-Aufbewahrung-nicht-sein-\u2013-9-Designer-erzaehlen-wie.jpg\",\"contentUrl\":\"https:\\\/\\\/www.strassenweb.de\\\/nachrichten\\\/wp-content\\\/uploads\\\/2025\\\/01\\\/Schicker-kann-Aufbewahrung-nicht-sein-\u2013-9-Designer-erzaehlen-wie.jpg\",\"width\":1200,\"height\":675,\"caption\":\"Schicker kann Aufbewahrung nicht sein \u2013 9 Designer erz\u00e4hlen, wie sie Aufbewahrung zu einem Design-Statement gemacht haben\"},{\"@type\":\"BreadcrumbList\",\"@id\":\"https:\\\/\\\/www.strassenweb.de\\\/nachrichten\\\/schicker-kann-aufbewahrung-nicht-sein-9-designer-erzaehlen-wie-sie-aufbewahrung-zu-einem-design-statement-gemacht-haben\\\/#breadcrumb\",\"itemListElement\":[{\"@type\":\"ListItem\",\"position\":1,\"name\":\"Home\",\"item\":\"https:\\\/\\\/www.strassenweb.de\\\/nachrichten\\\/\"},{\"@type\":\"ListItem\",\"position\":2,\"name\":\"Schicker kann Aufbewahrung nicht sein \u2013 9 Designer erz\u00e4hlen, wie sie Aufbewahrung zu einem Design-Statement gemacht haben\"}]},{\"@type\":\"WebSite\",\"@id\":\"https:\\\/\\\/www.strassenweb.de\\\/nachrichten\\\/#website\",\"url\":\"https:\\\/\\\/www.strassenweb.de\\\/nachrichten\\\/\",\"name\":\"Stra\u00dfenweb\",\"description\":\"Stra\u00dfenverzeichnis f\u00fcr Deutschland\",\"publisher\":{\"@id\":\"https:\\\/\\\/www.strassenweb.de\\\/nachrichten\\\/#organization\"},\"potentialAction\":[{\"@type\":\"SearchAction\",\"target\":{\"@type\":\"EntryPoint\",\"urlTemplate\":\"https:\\\/\\\/www.strassenweb.de\\\/nachrichten\\\/?s={search_term_string}\"},\"query-input\":{\"@type\":\"PropertyValueSpecification\",\"valueRequired\":true,\"valueName\":\"search_term_string\"}}],\"inLanguage\":\"de\"},{\"@type\":\"Organization\",\"@id\":\"https:\\\/\\\/www.strassenweb.de\\\/nachrichten\\\/#organization\",\"name\":\"Stra\u00dfenweb\",\"url\":\"https:\\\/\\\/www.strassenweb.de\\\/nachrichten\\\/\",\"logo\":{\"@type\":\"ImageObject\",\"inLanguage\":\"de\",\"@id\":\"https:\\\/\\\/www.strassenweb.de\\\/nachrichten\\\/#\\\/schema\\\/logo\\\/image\\\/\",\"url\":\"https:\\\/\\\/www.strassenweb.de\\\/nachrichten\\\/wp-content\\\/uploads\\\/2024\\\/09\\\/cropped-favicon.png\",\"contentUrl\":\"https:\\\/\\\/www.strassenweb.de\\\/nachrichten\\\/wp-content\\\/uploads\\\/2024\\\/09\\\/cropped-favicon.png\",\"width\":512,\"height\":512,\"caption\":\"Stra\u00dfenweb\"},\"image\":{\"@id\":\"https:\\\/\\\/www.strassenweb.de\\\/nachrichten\\\/#\\\/schema\\\/logo\\\/image\\\/\"},\"sameAs\":[\"https:\\\/\\\/www.facebook.com\\\/strassenweb\\\/\"]},{\"@type\":\"Person\",\"@id\":\"https:\\\/\\\/www.strassenweb.de\\\/nachrichten\\\/#\\\/schema\\\/person\\\/87c9c9067f1211da429a744dc5a5aa41\",\"name\":\"Robert Hoffmann\",\"image\":{\"@type\":\"ImageObject\",\"inLanguage\":\"de\",\"@id\":\"https:\\\/\\\/www.strassenweb.de\\\/nachrichten\\\/wp-content\\\/uploads\\\/2024\\\/09\\\/strassenweb-150x150.jpg\",\"url\":\"https:\\\/\\\/www.strassenweb.de\\\/nachrichten\\\/wp-content\\\/uploads\\\/2024\\\/09\\\/strassenweb-150x150.jpg\",\"contentUrl\":\"https:\\\/\\\/www.strassenweb.de\\\/nachrichten\\\/wp-content\\\/uploads\\\/2024\\\/09\\\/strassenweb-150x150.jpg\",\"caption\":\"Robert Hoffmann\"},\"description\":\"Ich hei\u00dfe Robert Hoffmann und ich bin ein leidenschaftlicher Verfechter von \u00d6kologie und Biodiversit\u00e4t. Seit meiner Kindheit in den W\u00e4ldern Bayerns f\u00fchle ich mich mit der Natur verbunden und bin entschlossen, sie zu sch\u00fctzen. Heute widme ich mein Leben der Sensibilisierung anderer f\u00fcr die Bedeutung des Umweltschutzes f\u00fcr zuk\u00fcnftige Generationen.\",\"sameAs\":[\"https:\\\/\\\/www.strassenweb.de\\\/\"]}]}<\/script>\n<!-- \/ Yoast SEO plugin. -->","yoast_head_json":{"title":"Schicker kann Aufbewahrung nicht sein \u2013 9 Designer erz\u00e4hlen, wie sie Aufbewahrung zu einem Design-Statement gemacht haben - Nachrichten - Stra\u00dfenweb","robots":{"index":"index","follow":"follow","max-snippet":"max-snippet:-1","max-image-preview":"max-image-preview:large","max-video-preview":"max-video-preview:-1"},"canonical":"https:\/\/www.strassenweb.de\/nachrichten\/schicker-kann-aufbewahrung-nicht-sein-9-designer-erzaehlen-wie-sie-aufbewahrung-zu-einem-design-statement-gemacht-haben\/","og_locale":"de_DE","og_type":"article","og_title":"Schicker kann Aufbewahrung nicht sein \u2013 9 Designer erz\u00e4hlen, wie sie Aufbewahrung zu einem Design-Statement gemacht haben - Nachrichten - Stra\u00dfenweb","og_description":"Wenn es um die Innenarchitektur geht, kann man sich leicht auf die Versch\u00f6nerung eines Raums konzentrieren \u2013 auf die Freude, Farben und Muster sowie neue","og_url":"https:\/\/www.strassenweb.de\/nachrichten\/schicker-kann-aufbewahrung-nicht-sein-9-designer-erzaehlen-wie-sie-aufbewahrung-zu-einem-design-statement-gemacht-haben\/","og_site_name":"Stra\u00dfenweb","article_publisher":"https:\/\/www.facebook.com\/strassenweb\/","article_published_time":"2025-01-25T22:46:03+00:00","article_modified_time":"2025-01-25T22:46:04+00:00","og_image":[{"width":1200,"height":675,"url":"https:\/\/www.strassenweb.de\/nachrichten\/wp-content\/uploads\/2025\/01\/Schicker-kann-Aufbewahrung-nicht-sein-\u2013-9-Designer-erzaehlen-wie.jpg","type":"image\/jpeg"}],"author":"Robert Hoffmann","twitter_card":"summary_large_image","twitter_misc":{"Verfasst von":"Robert Hoffmann","Gesch\u00e4tzte Lesezeit":"6\u00a0Minuten"},"schema":{"@context":"https:\/\/schema.org","@graph":[{"@type":"Article","@id":"https:\/\/www.strassenweb.de\/nachrichten\/schicker-kann-aufbewahrung-nicht-sein-9-designer-erzaehlen-wie-sie-aufbewahrung-zu-einem-design-statement-gemacht-haben\/#article","isPartOf":{"@id":"https:\/\/www.strassenweb.de\/nachrichten\/schicker-kann-aufbewahrung-nicht-sein-9-designer-erzaehlen-wie-sie-aufbewahrung-zu-einem-design-statement-gemacht-haben\/"},"author":{"name":"Robert Hoffmann","@id":"https:\/\/www.strassenweb.de\/nachrichten\/#\/schema\/person\/87c9c9067f1211da429a744dc5a5aa41"},"headline":"Schicker kann Aufbewahrung nicht sein \u2013 9 Designer erz\u00e4hlen, wie sie Aufbewahrung zu einem Design-Statement gemacht haben","datePublished":"2025-01-25T22:46:03+00:00","dateModified":"2025-01-25T22:46:04+00:00","mainEntityOfPage":{"@id":"https:\/\/www.strassenweb.de\/nachrichten\/schicker-kann-aufbewahrung-nicht-sein-9-designer-erzaehlen-wie-sie-aufbewahrung-zu-einem-design-statement-gemacht-haben\/"},"wordCount":1147,"publisher":{"@id":"https:\/\/www.strassenweb.de\/nachrichten\/#organization"},"image":{"@id":"https:\/\/www.strassenweb.de\/nachrichten\/schicker-kann-aufbewahrung-nicht-sein-9-designer-erzaehlen-wie-sie-aufbewahrung-zu-einem-design-statement-gemacht-haben\/#primaryimage"},"thumbnailUrl":"https:\/\/www.strassenweb.de\/nachrichten\/wp-content\/uploads\/2025\/01\/Schicker-kann-Aufbewahrung-nicht-sein-\u2013-9-Designer-erzaehlen-wie.jpg","keywords":["Aufbewahrung","Designer","DesignStatement","einem","erz\u00e4hlen","gemacht","haben","kann","nicht","schicker","sein","Sie","Wie"],"articleSection":["Haus &amp; Garten"],"inLanguage":"de"},{"@type":"WebPage","@id":"https:\/\/www.strassenweb.de\/nachrichten\/schicker-kann-aufbewahrung-nicht-sein-9-designer-erzaehlen-wie-sie-aufbewahrung-zu-einem-design-statement-gemacht-haben\/","url":"https:\/\/www.strassenweb.de\/nachrichten\/schicker-kann-aufbewahrung-nicht-sein-9-designer-erzaehlen-wie-sie-aufbewahrung-zu-einem-design-statement-gemacht-haben\/","name":"Schicker kann Aufbewahrung nicht sein \u2013 9 Designer erz\u00e4hlen, wie sie Aufbewahrung zu einem Design-Statement gemacht haben - Nachrichten - Stra\u00dfenweb","isPartOf":{"@id":"https:\/\/www.strassenweb.de\/nachrichten\/#website"},"primaryImageOfPage":{"@id":"https:\/\/www.strassenweb.de\/nachrichten\/schicker-kann-aufbewahrung-nicht-sein-9-designer-erzaehlen-wie-sie-aufbewahrung-zu-einem-design-statement-gemacht-haben\/#primaryimage"},"image":{"@id":"https:\/\/www.strassenweb.de\/nachrichten\/schicker-kann-aufbewahrung-nicht-sein-9-designer-erzaehlen-wie-sie-aufbewahrung-zu-einem-design-statement-gemacht-haben\/#primaryimage"},"thumbnailUrl":"https:\/\/www.strassenweb.de\/nachrichten\/wp-content\/uploads\/2025\/01\/Schicker-kann-Aufbewahrung-nicht-sein-\u2013-9-Designer-erzaehlen-wie.jpg","datePublished":"2025-01-25T22:46:03+00:00","dateModified":"2025-01-25T22:46:04+00:00","breadcrumb":{"@id":"https:\/\/www.strassenweb.de\/nachrichten\/schicker-kann-aufbewahrung-nicht-sein-9-designer-erzaehlen-wie-sie-aufbewahrung-zu-einem-design-statement-gemacht-haben\/#breadcrumb"},"inLanguage":"de","potentialAction":[{"@type":"ReadAction","target":["https:\/\/www.strassenweb.de\/nachrichten\/schicker-kann-aufbewahrung-nicht-sein-9-designer-erzaehlen-wie-sie-aufbewahrung-zu-einem-design-statement-gemacht-haben\/"]}]},{"@type":"ImageObject","inLanguage":"de","@id":"https:\/\/www.strassenweb.de\/nachrichten\/schicker-kann-aufbewahrung-nicht-sein-9-designer-erzaehlen-wie-sie-aufbewahrung-zu-einem-design-statement-gemacht-haben\/#primaryimage","url":"https:\/\/www.strassenweb.de\/nachrichten\/wp-content\/uploads\/2025\/01\/Schicker-kann-Aufbewahrung-nicht-sein-\u2013-9-Designer-erzaehlen-wie.jpg","contentUrl":"https:\/\/www.strassenweb.de\/nachrichten\/wp-content\/uploads\/2025\/01\/Schicker-kann-Aufbewahrung-nicht-sein-\u2013-9-Designer-erzaehlen-wie.jpg","width":1200,"height":675,"caption":"Schicker kann Aufbewahrung nicht sein \u2013 9 Designer erz\u00e4hlen, wie sie Aufbewahrung zu einem Design-Statement gemacht haben"},{"@type":"BreadcrumbList","@id":"https:\/\/www.strassenweb.de\/nachrichten\/schicker-kann-aufbewahrung-nicht-sein-9-designer-erzaehlen-wie-sie-aufbewahrung-zu-einem-design-statement-gemacht-haben\/#breadcrumb","itemListElement":[{"@type":"ListItem","position":1,"name":"Home","item":"https:\/\/www.strassenweb.de\/nachrichten\/"},{"@type":"ListItem","position":2,"name":"Schicker kann Aufbewahrung nicht sein \u2013 9 Designer erz\u00e4hlen, wie sie Aufbewahrung zu einem Design-Statement gemacht haben"}]},{"@type":"WebSite","@id":"https:\/\/www.strassenweb.de\/nachrichten\/#website","url":"https:\/\/www.strassenweb.de\/nachrichten\/","name":"Stra\u00dfenweb","description":"Stra\u00dfenverzeichnis f\u00fcr Deutschland","publisher":{"@id":"https:\/\/www.strassenweb.de\/nachrichten\/#organization"},"potentialAction":[{"@type":"SearchAction","target":{"@type":"EntryPoint","urlTemplate":"https:\/\/www.strassenweb.de\/nachrichten\/?s={search_term_string}"},"query-input":{"@type":"PropertyValueSpecification","valueRequired":true,"valueName":"search_term_string"}}],"inLanguage":"de"},{"@type":"Organization","@id":"https:\/\/www.strassenweb.de\/nachrichten\/#organization","name":"Stra\u00dfenweb","url":"https:\/\/www.strassenweb.de\/nachrichten\/","logo":{"@type":"ImageObject","inLanguage":"de","@id":"https:\/\/www.strassenweb.de\/nachrichten\/#\/schema\/logo\/image\/","url":"https:\/\/www.strassenweb.de\/nachrichten\/wp-content\/uploads\/2024\/09\/cropped-favicon.png","contentUrl":"https:\/\/www.strassenweb.de\/nachrichten\/wp-content\/uploads\/2024\/09\/cropped-favicon.png","width":512,"height":512,"caption":"Stra\u00dfenweb"},"image":{"@id":"https:\/\/www.strassenweb.de\/nachrichten\/#\/schema\/logo\/image\/"},"sameAs":["https:\/\/www.facebook.com\/strassenweb\/"]},{"@type":"Person","@id":"https:\/\/www.strassenweb.de\/nachrichten\/#\/schema\/person\/87c9c9067f1211da429a744dc5a5aa41","name":"Robert Hoffmann","image":{"@type":"ImageObject","inLanguage":"de","@id":"https:\/\/www.strassenweb.de\/nachrichten\/wp-content\/uploads\/2024\/09\/strassenweb-150x150.jpg","url":"https:\/\/www.strassenweb.de\/nachrichten\/wp-content\/uploads\/2024\/09\/strassenweb-150x150.jpg","contentUrl":"https:\/\/www.strassenweb.de\/nachrichten\/wp-content\/uploads\/2024\/09\/strassenweb-150x150.jpg","caption":"Robert Hoffmann"},"description":"Ich hei\u00dfe Robert Hoffmann und ich bin ein leidenschaftlicher Verfechter von \u00d6kologie und Biodiversit\u00e4t. Seit meiner Kindheit in den W\u00e4ldern Bayerns f\u00fchle ich mich mit der Natur verbunden und bin entschlossen, sie zu sch\u00fctzen. Heute widme ich mein Leben der Sensibilisierung anderer f\u00fcr die Bedeutung des Umweltschutzes f\u00fcr zuk\u00fcnftige Generationen.","sameAs":["https:\/\/www.strassenweb.de\/"]}]}},"_links":{"self":[{"href":"https:\/\/www.strassenweb.de\/nachrichten\/wp-json\/wp\/v2\/posts\/2935","targetHints":{"allow":["GET"]}}],"collection":[{"href":"https:\/\/www.strassenweb.de\/nachrichten\/wp-json\/wp\/v2\/posts"}],"about":[{"href":"https:\/\/www.strassenweb.de\/nachrichten\/wp-json\/wp\/v2\/types\/post"}],"author":[{"embeddable":true,"href":"https:\/\/www.strassenweb.de\/nachrichten\/wp-json\/wp\/v2\/users\/1"}],"replies":[{"embeddable":true,"href":"https:\/\/www.strassenweb.de\/nachrichten\/wp-json\/wp\/v2\/comments?post=2935"}],"version-history":[{"count":0,"href":"https:\/\/www.strassenweb.de\/nachrichten\/wp-json\/wp\/v2\/posts\/2935\/revisions"}],"wp:featuredmedia":[{"embeddable":true,"href":"https:\/\/www.strassenweb.de\/nachrichten\/wp-json\/wp\/v2\/media\/2936"}],"wp:attachment":[{"href":"https:\/\/www.strassenweb.de\/nachrichten\/wp-json\/wp\/v2\/media?parent=2935"}],"wp:term":[{"taxonomy":"category","embeddable":true,"href":"https:\/\/www.strassenweb.de\/nachrichten\/wp-json\/wp\/v2\/categories?post=2935"},{"taxonomy":"post_tag","embeddable":true,"href":"https:\/\/www.strassenweb.de\/nachrichten\/wp-json\/wp\/v2\/tags?post=2935"}],"curies":[{"name":"wp","href":"https:\/\/api.w.org\/{rel}","templated":true}]}}