{"id":2932,"date":"2025-01-25T19:42:15","date_gmt":"2025-01-25T18:42:15","guid":{"rendered":"https:\/\/www.strassenweb.de\/nachrichten\/wie-man-stella-doro-daylily-anbaut-fuer-lockere-sonnige-blueten-in-grenzen-und-toepfen\/"},"modified":"2025-01-25T19:42:16","modified_gmt":"2025-01-25T18:42:16","slug":"wie-man-stella-doro-daylily-anbaut-fuer-lockere-sonnige-blueten-in-grenzen-und-toepfen","status":"publish","type":"post","link":"https:\/\/www.strassenweb.de\/nachrichten\/wie-man-stella-doro-daylily-anbaut-fuer-lockere-sonnige-blueten-in-grenzen-und-toepfen\/","title":{"rendered":"Wie man Stella d&#8217;Oro Daylily anbaut &#8211; f\u00fcr lockere, sonnige Bl\u00fcten in Grenzen und T\u00f6pfen"},"content":{"rendered":"<p><\/p>\n<div id=\"article-body\" class=\"article__body \">\n<p>Stella d&#8217;Oro Daylily ist eine spektakul\u00e4re Pflanze und nicht \u00fcberraschend eine beliebte Wahl unter G\u00e4rtnern. Seine kompakte Gr\u00f6\u00dfe und wartungsarme Natur sind Teil seiner Anziehungskraft, aber der Pi\u00e8ce de R\u00e9sistance ist die wiederholte Darstellung von goldenen Bl\u00fcten, die erstmals im Fr\u00fchsommer entstehen.<\/p>\n<div id=\"ad-unit-1\" class=\"ad-unit\"><\/div>\n<p>Diese Taglilien erreichen bis zu zwei Fu\u00df hoch und sind perfekt f\u00fcr T\u00f6pfe, wo sie einer Terrasse einen Spritzer Sonnenscheinfarbe verleihen. Ihre kleinere Statur bedeutet auch, dass sie auch an der Vorderseite der Blumenbeete gut funktionieren. Versuchen Sie, sie mit anderen hei\u00dfen T\u00f6nen f\u00fcr ein brutzelndes Display zu kombinieren.<\/p>\n<p>Wie die meisten Tageslilien ist das Anbau von Stella d&#8217;Oro im Allgemeinen unbest\u00e4ndig, aber es gibt einige Dinge zu beachten. Im Folgenden teilen Pflanzenprofis ihre Top -Tipps f\u00fcr den Erfolg.<\/p>\n<div id=\"desktop-in-article\" class=\"in-article ad-unit\">\n<div id=\"desktop-taboola-mid-article\"><\/div>\n<\/div>\n<div id=\"mobile-in-article\" class=\"in-article ad-unit\">\n<div id=\"mobile-taboola-mid-article\"><\/div>\n<\/div>\n<figure class=\"van-image-figure inline-layout \" data-bordeaux-image-check>\n<div class=\"image-full-width-wrapper\">\n<div class=\"image-widthsetter\" style=\"max-width:2400px;\"><\/div>\n<\/div><figcaption class=\"inline-layout \">\n<div class=\"caption-text\">\n<p><em>Diese Taglilien bringen einen Farbtupfer in Ihren Garten<\/em><\/p>\n<\/div>\n<\/figcaption><\/figure>\n<h2 id=\"how-to-grow-stella-d-oro-daylily-plants-3\">Wie man Stella d&#8217;Oro Daylily -Pflanzen anbaut<\/h2>\n<aside class=\"hawk-nest\" data-block-type=\"embed\" data-render-type=\"fte\" data-skip=\"dealsy\" data-widget-type=\"seasonal\">\n<div class=\"hawk-master-widget-hawk-base-wrapper\"><\/div>\n<\/aside>\n<p>Stella d&#8217;Oro Daylilies sind am besten in Hardiness-Zonen 3-9 gepflanzt. Wie bei der Pflege einer Pflanze, der richtigen Bew\u00e4sserung, der pflanzen in einen geeigneten Boden und zu wissen, wann und wie sie zur\u00fcckgeschnitten werden sollen, sind entscheidend, um ihnen zu helfen, zu gedeihen.<\/p>\n<div class=\"van_vid_carousel\">\n<div class=\"van_vid_carousel__padding\">\n<div class=\"van_vid_carousel__container\"><\/div>\n<\/div>\n<\/div>\n<h3 class=\"article-body__section\" id=\"section-growing-habits-for-stella-d-oro-daylily-plants\"><span>Wachsende Gewohnheiten f\u00fcr Stella d&#8217;Oro Daylily -Pflanzen<\/span><\/h3>\n<figure class=\"van-image-figure inline-layout \" data-bordeaux-image-check>\n<div class=\"image-full-width-wrapper\">\n<div class=\"image-widthsetter\" style=\"max-width:2400px;\"><\/div>\n<\/div><figcaption class=\"inline-layout \">\n<div class=\"caption-text\">\n<p><em>Versuchen Sie, diese Stauden entlang der Wege zu pflanzen<\/em><\/p>\n<\/div>\n<\/figcaption><\/figure>\n<p>Stella d&#8217;Oro Daylilies sind Laubweitg\u00e4nge mit langen, d\u00fcnnen Bl\u00e4ttern. Sie k\u00f6nnen diese Anlagen alle paar Jahre teilen, um sie gesund zu halten und neue Anlagen kostenlos zu genie\u00dfen.<\/p>\n<div id=\"ad-unit-2\" class=\"ad-unit\"><\/div>\n<p>Es ist leicht anzunehmen, dass Stella d&#8217;Oro Sommerlampen sind, genau wie andere Lilien. Sie sind jedoch in der <em>Hemerocallis <\/em>Gattung und nicht <em>Lilium,<\/em> und haben dicke Wurzeln anstelle von Zwiebeln.<\/p>\n<p>W\u00e4hrend Sie Stella d&#8217;Oro Daylilies als Topfpflanzen kaufen k\u00f6nnen, bieten einige Kinderg\u00e4rten sie in nackter Form an. Zum Beispiel k\u00f6nnen Sie eine Packung mit drei Bare-Root-Stella d&#8217;Oro-Taglilien von Burpee oder Topfpflanzen von Nature Hills einkaufen. Achten Sie auf jeden Fall, um sie nach dem Pflanzen gr\u00fcndlich zu gie\u00dfen.<\/p>\n<h3 class=\"article-body__section\" id=\"section-growing-guide-for-stella-d-oro-daylily-plants\"><span>Wachstumsleitfaden f\u00fcr Stella d&#8217;Oro Daylily Plants<\/span><\/h3>\n<figure class=\"van-image-figure inline-layout \" data-bordeaux-image-check>\n<div class=\"image-full-width-wrapper\">\n<div class=\"image-widthsetter\" style=\"max-width:2400px;\"><\/div>\n<\/div><figcaption class=\"inline-layout \">\n<div class=\"caption-text\">\n<p><em>Mit der richtigen Pflege werden diese Pflanzen Jahr f\u00fcr Jahr bl\u00fchen<\/em><\/p>\n<\/div>\n<\/figcaption><\/figure>\n<p><strong>Boden: <\/strong>Nach Angaben von Alexander Betz von Pflanzen nach Zahl passt Stella d&#8217;Oro Daylilies zu einem gut abtriebenden Boden mit einem leicht sauren bis neutralen pH-Wert (6,0 bis 7,0). &#8222;Sie sind anpassungsf\u00e4hig, aber das Beste in fruchtbarem, lehmendem Boden&#8220;, sagt er. Kiersten Rankel der Pflanzenpflege-App Greg f\u00fcgt hinzu: &#8222;Wenn Ihr Boden schwer oder dichtartig ist, sollten Sie ihn mit Kompost oder Sand \u00e4ndern, um die Entw\u00e4sserung zu verbessern.&#8220;<\/p>\n<p><strong>Licht: <\/strong>Die volle Sonne eignet sich am besten f\u00fcr Bl\u00fcten, hebt Alexander hervor, aber er merkt an, dass die Pflanzen auch Teilschatten tolerieren werden. Anna Ohler, Eigent\u00fcmerin des Kindergartens Bright Lane Gardens, f\u00fcgt hinzu: \u201eWenn Sie in einer Region mit sehr hei\u00dfen Sommer sind, sollten Sie sie an einer Stelle pflanzen, an der sie einen Nachmittagsschatten bekommen (unter dem Baldachin eines kleinen Baumes ist beliebt Ort, um Tageslilien zu pflanzen). Dies hilft, zu verhindern, dass die Pflanzen gestresst werden oder ihr Laub in extremer Hitze senkt. &#8218;<\/p>\n<p><strong>Bew\u00e4sserung: <\/strong>Kiersten sagt, Stella d&#8217;Oro Daylilies bevorzuge konsistente Feuchtigkeit, sitzt aber nicht gerne in feuchten Boden. &#8222;Gie\u00dfen Sie sie ungef\u00e4hr einmal in der Woche und geben Sie ihnen ein tiefes Einweichen, um die Wurzeln mit Feuchtigkeit zu versorgen&#8220;, r\u00e4t sie. \u201eW\u00e4hrend hei\u00dfer oder trockener Zeitr\u00e4ume m\u00fcssen Sie m\u00f6glicherweise h\u00e4ufiger gie\u00dfen. Sobald diese Pflanzen festgelegt sind, sind sie relativ d\u00fcrretolerant, sch\u00e4tzen aber immer noch regelm\u00e4\u00dfiges Gie\u00dfen f\u00fcr eine optimale Bl\u00fcte. &#8218; Anna empfiehlt, wenn m\u00f6glich zu verwenden oder von der Basis der Pflanze zu gie\u00dfen, um Schimmel- oder Mehltauwachstum auf dem Laub zu verhindern.<\/p>\n<p><strong>D\u00fcngung: <\/strong>&#8222;Die D\u00fcngung von Stella d&#8217;Oro Daylilies hilft, sie w\u00e4hrend der gesamten Saison intensiv zu halten&#8220;, sagt Kiersten. \u201eTragen Sie im fr\u00fchen Fr\u00fchling einen ausgewogenen D\u00fcnger mit langsamer Freisetzung auf, wenn ein neues Wachstum beginnt. W\u00e4hrend der Vegetationsperiode k\u00f6nnen Sie auch alle vier bis sechs Wochen einen wasserl\u00f6slichen D\u00fcnger verwenden. Vermeiden Sie es, zu \u00fcbertreffen, da dies das Blattwachstum auf Kosten von Blumen f\u00f6rdern kann. &#8218;<\/p>\n<p><strong>Beschneidung: <\/strong>Kiersten empfiehlt Deadheading w\u00e4hrend der gesamten bl\u00fchenden Jahreszeit, um eine kontinuierliche Bl\u00fcte zu f\u00f6rdern. \u201eAm Ende der Vegetationsperiode reduzieren Sie das Laub auf etwa vier bis sechs Zoll \u00fcber dem Boden, sobald sie anf\u00e4ngt, gelb zu gelb und auf nat\u00fcrliche Weise zur\u00fcck zu sterben. Dies hilft, die Pflanze auf Ruhezustand vorzubereiten, und verringert das Risiko von Sch\u00e4dlingen oder Krankheiten, die in der Laub \u00fcberwintern. &#8218;<\/p>\n<p><strong>Toxizit\u00e4t:<\/strong> Tageslilien sind stark giftige Pflanzen f\u00fcr Katzen. Sie werden f\u00fcr Hunde im Allgemeinen als weniger sch\u00e4dlich angesehen, k\u00f6nnen aber trotzdem Magenverstimmung und andere Probleme verursachen, wenn sie konsumiert werden. Daher ist es am besten, Haustiere sicher von ihnen fernzuhalten.<\/p>\n<h2 class=\"article-body__section\" id=\"section-faqs\"><span>FAQs<\/span><\/h2>\n<h2 id=\"how-should-you-prepare-stella-d-oro-daylily-plants-for-winter-3\">Wie sollten Sie Stella d&#8217;Oro Daylily -Pflanzen auf den Winter vorbereiten?<\/h2>\n<p>Nachdem Anna Ohler im Herbst das tote Laub der Tageslilien im Herbst zur\u00fcckgeschnitten hatte, empfiehlt es, die Basis von Stella d&#8217;Oro Daylily-Pflanzen mit toten Bl\u00e4ttern oder Holzchips zu mulchen, um die Wurzeln vor Gefrier-Tauzzyklen zu sch\u00fctzen. &#8222;Entfernen oder d\u00fcnne Mulch im Fr\u00fchjahr&#8220;, f\u00fcgt sie hinzu. Das Bewegen von Topfpflanzen in gesch\u00fctztere Orte und Einwickeln von Beh\u00e4ltern in Frostt\u00fcchern f\u00fcr besonders k\u00fchle N\u00e4chte bietet bei Bedarf zus\u00e4tzlichen Schutz.<\/p>\n<h2 id=\"do-stella-d-oro-daylilies-attract-wildlife-3\">Ziehen Stella d&#8217;Oro Daylilies Wildtiere an?<\/h2>\n<p>Ja, die sch\u00f6nen Bl\u00fcten sind eine perfekte Pflanze f\u00fcr einen Schmetterlingsgarten und tragen auch dazu bei, dass Kolibris in Ihren Garten anlocken.<\/p>\n<hr>\n<p>Wenn Sie nach lebendigeren Bl\u00fcten f\u00fcr Ihren Sommergarten suchen, sind auch unsere F\u00fchrer zum Anbau von Rudbeckia und Coneflowers einen Blick wert.<\/p>\n<\/div>\n","protected":false},"excerpt":{"rendered":"<p>Stella d&#8217;Oro Daylily ist eine spektakul\u00e4re Pflanze und nicht \u00fcberraschend eine beliebte Wahl unter G\u00e4rtnern. Seine kompakte Gr\u00f6\u00dfe und wartungsarme Natur sind Teil seiner Anziehungskraft,<\/p>\n","protected":false},"author":1,"featured_media":2933,"comment_status":"closed","ping_status":"","sticky":false,"template":"","format":"standard","meta":{"footnotes":""},"categories":[118],"tags":[1333,1201,4734,4733,55,93,4735,134,4736,4732,4189,37,26],"class_list":["post-2932","post","type-post","status-publish","format-standard","has-post-thumbnail","hentry","category-haus-garten","tag-anbaut","tag-blueten","tag-daylily","tag-doro","tag-fuer","tag-grenzen","tag-lockere","tag-man","tag-sonnige","tag-stella","tag-toepfen","tag-und","tag-wie","generate-columns","tablet-grid-50","mobile-grid-100","grid-parent","grid-50"],"yoast_head":"<!-- This site is optimized with the Yoast SEO plugin v27.3 - https:\/\/yoast.com\/product\/yoast-seo-wordpress\/ -->\n<title>Wie man Stella d&#039;Oro Daylily anbaut - f\u00fcr lockere, sonnige Bl\u00fcten in Grenzen und T\u00f6pfen - Nachrichten - Stra\u00dfenweb<\/title>\n<meta name=\"robots\" content=\"index, follow, max-snippet:-1, max-image-preview:large, max-video-preview:-1\" \/>\n<link rel=\"canonical\" href=\"https:\/\/www.strassenweb.de\/nachrichten\/wie-man-stella-doro-daylily-anbaut-fuer-lockere-sonnige-blueten-in-grenzen-und-toepfen\/\" \/>\n<meta property=\"og:locale\" content=\"de_DE\" \/>\n<meta property=\"og:type\" content=\"article\" \/>\n<meta property=\"og:title\" content=\"Wie man Stella d&#039;Oro Daylily anbaut - f\u00fcr lockere, sonnige Bl\u00fcten in Grenzen und T\u00f6pfen - Nachrichten - Stra\u00dfenweb\" \/>\n<meta property=\"og:description\" content=\"Stella d&#8217;Oro Daylily ist eine spektakul\u00e4re Pflanze und nicht \u00fcberraschend eine beliebte Wahl unter G\u00e4rtnern. Seine kompakte Gr\u00f6\u00dfe und wartungsarme Natur sind Teil seiner Anziehungskraft,\" \/>\n<meta property=\"og:url\" content=\"https:\/\/www.strassenweb.de\/nachrichten\/wie-man-stella-doro-daylily-anbaut-fuer-lockere-sonnige-blueten-in-grenzen-und-toepfen\/\" \/>\n<meta property=\"og:site_name\" content=\"Stra\u00dfenweb\" \/>\n<meta property=\"article:publisher\" content=\"https:\/\/www.facebook.com\/strassenweb\/\" \/>\n<meta property=\"article:published_time\" content=\"2025-01-25T18:42:15+00:00\" \/>\n<meta property=\"article:modified_time\" content=\"2025-01-25T18:42:16+00:00\" \/>\n<meta property=\"og:image\" content=\"https:\/\/www.strassenweb.de\/nachrichten\/wp-content\/uploads\/2025\/01\/Wie-man-Stella-dOro-Daylily-anbaut-fuer-lockere-sonnige.jpg\" \/>\n\t<meta property=\"og:image:width\" content=\"1200\" \/>\n\t<meta property=\"og:image:height\" content=\"675\" \/>\n\t<meta property=\"og:image:type\" content=\"image\/jpeg\" \/>\n<meta name=\"author\" content=\"Robert Hoffmann\" \/>\n<meta name=\"twitter:card\" content=\"summary_large_image\" \/>\n<meta name=\"twitter:label1\" content=\"Verfasst von\" \/>\n\t<meta name=\"twitter:data1\" content=\"Robert Hoffmann\" \/>\n\t<meta name=\"twitter:label2\" content=\"Gesch\u00e4tzte Lesezeit\" \/>\n\t<meta name=\"twitter:data2\" content=\"5\u00a0Minuten\" \/>\n<script type=\"application\/ld+json\" class=\"yoast-schema-graph\">{\"@context\":\"https:\\\/\\\/schema.org\",\"@graph\":[{\"@type\":\"Article\",\"@id\":\"https:\\\/\\\/www.strassenweb.de\\\/nachrichten\\\/wie-man-stella-doro-daylily-anbaut-fuer-lockere-sonnige-blueten-in-grenzen-und-toepfen\\\/#article\",\"isPartOf\":{\"@id\":\"https:\\\/\\\/www.strassenweb.de\\\/nachrichten\\\/wie-man-stella-doro-daylily-anbaut-fuer-lockere-sonnige-blueten-in-grenzen-und-toepfen\\\/\"},\"author\":{\"name\":\"Robert Hoffmann\",\"@id\":\"https:\\\/\\\/www.strassenweb.de\\\/nachrichten\\\/#\\\/schema\\\/person\\\/87c9c9067f1211da429a744dc5a5aa41\"},\"headline\":\"Wie man Stella d&#8217;Oro Daylily anbaut &#8211; f\u00fcr lockere, sonnige Bl\u00fcten in Grenzen und T\u00f6pfen\",\"datePublished\":\"2025-01-25T18:42:15+00:00\",\"dateModified\":\"2025-01-25T18:42:16+00:00\",\"mainEntityOfPage\":{\"@id\":\"https:\\\/\\\/www.strassenweb.de\\\/nachrichten\\\/wie-man-stella-doro-daylily-anbaut-fuer-lockere-sonnige-blueten-in-grenzen-und-toepfen\\\/\"},\"wordCount\":997,\"publisher\":{\"@id\":\"https:\\\/\\\/www.strassenweb.de\\\/nachrichten\\\/#organization\"},\"image\":{\"@id\":\"https:\\\/\\\/www.strassenweb.de\\\/nachrichten\\\/wie-man-stella-doro-daylily-anbaut-fuer-lockere-sonnige-blueten-in-grenzen-und-toepfen\\\/#primaryimage\"},\"thumbnailUrl\":\"https:\\\/\\\/www.strassenweb.de\\\/nachrichten\\\/wp-content\\\/uploads\\\/2025\\\/01\\\/Wie-man-Stella-dOro-Daylily-anbaut-fuer-lockere-sonnige.jpg\",\"keywords\":[\"anbaut\",\"Bl\u00fcten\",\"Daylily\",\"dOro\",\"f\u00fcr\",\"Grenzen\",\"lockere\",\"man\",\"sonnige\",\"Stella\",\"T\u00f6pfen\",\"und\",\"Wie\"],\"articleSection\":[\"Haus &amp; Garten\"],\"inLanguage\":\"de\"},{\"@type\":\"WebPage\",\"@id\":\"https:\\\/\\\/www.strassenweb.de\\\/nachrichten\\\/wie-man-stella-doro-daylily-anbaut-fuer-lockere-sonnige-blueten-in-grenzen-und-toepfen\\\/\",\"url\":\"https:\\\/\\\/www.strassenweb.de\\\/nachrichten\\\/wie-man-stella-doro-daylily-anbaut-fuer-lockere-sonnige-blueten-in-grenzen-und-toepfen\\\/\",\"name\":\"Wie man Stella d'Oro Daylily anbaut - f\u00fcr lockere, sonnige Bl\u00fcten in Grenzen und T\u00f6pfen - Nachrichten - Stra\u00dfenweb\",\"isPartOf\":{\"@id\":\"https:\\\/\\\/www.strassenweb.de\\\/nachrichten\\\/#website\"},\"primaryImageOfPage\":{\"@id\":\"https:\\\/\\\/www.strassenweb.de\\\/nachrichten\\\/wie-man-stella-doro-daylily-anbaut-fuer-lockere-sonnige-blueten-in-grenzen-und-toepfen\\\/#primaryimage\"},\"image\":{\"@id\":\"https:\\\/\\\/www.strassenweb.de\\\/nachrichten\\\/wie-man-stella-doro-daylily-anbaut-fuer-lockere-sonnige-blueten-in-grenzen-und-toepfen\\\/#primaryimage\"},\"thumbnailUrl\":\"https:\\\/\\\/www.strassenweb.de\\\/nachrichten\\\/wp-content\\\/uploads\\\/2025\\\/01\\\/Wie-man-Stella-dOro-Daylily-anbaut-fuer-lockere-sonnige.jpg\",\"datePublished\":\"2025-01-25T18:42:15+00:00\",\"dateModified\":\"2025-01-25T18:42:16+00:00\",\"breadcrumb\":{\"@id\":\"https:\\\/\\\/www.strassenweb.de\\\/nachrichten\\\/wie-man-stella-doro-daylily-anbaut-fuer-lockere-sonnige-blueten-in-grenzen-und-toepfen\\\/#breadcrumb\"},\"inLanguage\":\"de\",\"potentialAction\":[{\"@type\":\"ReadAction\",\"target\":[\"https:\\\/\\\/www.strassenweb.de\\\/nachrichten\\\/wie-man-stella-doro-daylily-anbaut-fuer-lockere-sonnige-blueten-in-grenzen-und-toepfen\\\/\"]}]},{\"@type\":\"ImageObject\",\"inLanguage\":\"de\",\"@id\":\"https:\\\/\\\/www.strassenweb.de\\\/nachrichten\\\/wie-man-stella-doro-daylily-anbaut-fuer-lockere-sonnige-blueten-in-grenzen-und-toepfen\\\/#primaryimage\",\"url\":\"https:\\\/\\\/www.strassenweb.de\\\/nachrichten\\\/wp-content\\\/uploads\\\/2025\\\/01\\\/Wie-man-Stella-dOro-Daylily-anbaut-fuer-lockere-sonnige.jpg\",\"contentUrl\":\"https:\\\/\\\/www.strassenweb.de\\\/nachrichten\\\/wp-content\\\/uploads\\\/2025\\\/01\\\/Wie-man-Stella-dOro-Daylily-anbaut-fuer-lockere-sonnige.jpg\",\"width\":1200,\"height\":675,\"caption\":\"Wie man Stella d'Oro Daylily anbaut - f\u00fcr lockere, sonnige Bl\u00fcten in Grenzen und T\u00f6pfen\"},{\"@type\":\"BreadcrumbList\",\"@id\":\"https:\\\/\\\/www.strassenweb.de\\\/nachrichten\\\/wie-man-stella-doro-daylily-anbaut-fuer-lockere-sonnige-blueten-in-grenzen-und-toepfen\\\/#breadcrumb\",\"itemListElement\":[{\"@type\":\"ListItem\",\"position\":1,\"name\":\"Home\",\"item\":\"https:\\\/\\\/www.strassenweb.de\\\/nachrichten\\\/\"},{\"@type\":\"ListItem\",\"position\":2,\"name\":\"Wie man Stella d&#8217;Oro Daylily anbaut &#8211; f\u00fcr lockere, sonnige Bl\u00fcten in Grenzen und T\u00f6pfen\"}]},{\"@type\":\"WebSite\",\"@id\":\"https:\\\/\\\/www.strassenweb.de\\\/nachrichten\\\/#website\",\"url\":\"https:\\\/\\\/www.strassenweb.de\\\/nachrichten\\\/\",\"name\":\"Stra\u00dfenweb\",\"description\":\"Stra\u00dfenverzeichnis f\u00fcr Deutschland\",\"publisher\":{\"@id\":\"https:\\\/\\\/www.strassenweb.de\\\/nachrichten\\\/#organization\"},\"potentialAction\":[{\"@type\":\"SearchAction\",\"target\":{\"@type\":\"EntryPoint\",\"urlTemplate\":\"https:\\\/\\\/www.strassenweb.de\\\/nachrichten\\\/?s={search_term_string}\"},\"query-input\":{\"@type\":\"PropertyValueSpecification\",\"valueRequired\":true,\"valueName\":\"search_term_string\"}}],\"inLanguage\":\"de\"},{\"@type\":\"Organization\",\"@id\":\"https:\\\/\\\/www.strassenweb.de\\\/nachrichten\\\/#organization\",\"name\":\"Stra\u00dfenweb\",\"url\":\"https:\\\/\\\/www.strassenweb.de\\\/nachrichten\\\/\",\"logo\":{\"@type\":\"ImageObject\",\"inLanguage\":\"de\",\"@id\":\"https:\\\/\\\/www.strassenweb.de\\\/nachrichten\\\/#\\\/schema\\\/logo\\\/image\\\/\",\"url\":\"https:\\\/\\\/www.strassenweb.de\\\/nachrichten\\\/wp-content\\\/uploads\\\/2024\\\/09\\\/cropped-favicon.png\",\"contentUrl\":\"https:\\\/\\\/www.strassenweb.de\\\/nachrichten\\\/wp-content\\\/uploads\\\/2024\\\/09\\\/cropped-favicon.png\",\"width\":512,\"height\":512,\"caption\":\"Stra\u00dfenweb\"},\"image\":{\"@id\":\"https:\\\/\\\/www.strassenweb.de\\\/nachrichten\\\/#\\\/schema\\\/logo\\\/image\\\/\"},\"sameAs\":[\"https:\\\/\\\/www.facebook.com\\\/strassenweb\\\/\"]},{\"@type\":\"Person\",\"@id\":\"https:\\\/\\\/www.strassenweb.de\\\/nachrichten\\\/#\\\/schema\\\/person\\\/87c9c9067f1211da429a744dc5a5aa41\",\"name\":\"Robert Hoffmann\",\"image\":{\"@type\":\"ImageObject\",\"inLanguage\":\"de\",\"@id\":\"https:\\\/\\\/www.strassenweb.de\\\/nachrichten\\\/wp-content\\\/uploads\\\/2024\\\/09\\\/strassenweb-150x150.jpg\",\"url\":\"https:\\\/\\\/www.strassenweb.de\\\/nachrichten\\\/wp-content\\\/uploads\\\/2024\\\/09\\\/strassenweb-150x150.jpg\",\"contentUrl\":\"https:\\\/\\\/www.strassenweb.de\\\/nachrichten\\\/wp-content\\\/uploads\\\/2024\\\/09\\\/strassenweb-150x150.jpg\",\"caption\":\"Robert Hoffmann\"},\"description\":\"Ich hei\u00dfe Robert Hoffmann und ich bin ein leidenschaftlicher Verfechter von \u00d6kologie und Biodiversit\u00e4t. Seit meiner Kindheit in den W\u00e4ldern Bayerns f\u00fchle ich mich mit der Natur verbunden und bin entschlossen, sie zu sch\u00fctzen. Heute widme ich mein Leben der Sensibilisierung anderer f\u00fcr die Bedeutung des Umweltschutzes f\u00fcr zuk\u00fcnftige Generationen.\",\"sameAs\":[\"https:\\\/\\\/www.strassenweb.de\\\/\"]}]}<\/script>\n<!-- \/ Yoast SEO plugin. -->","yoast_head_json":{"title":"Wie man Stella d'Oro Daylily anbaut - f\u00fcr lockere, sonnige Bl\u00fcten in Grenzen und T\u00f6pfen - Nachrichten - Stra\u00dfenweb","robots":{"index":"index","follow":"follow","max-snippet":"max-snippet:-1","max-image-preview":"max-image-preview:large","max-video-preview":"max-video-preview:-1"},"canonical":"https:\/\/www.strassenweb.de\/nachrichten\/wie-man-stella-doro-daylily-anbaut-fuer-lockere-sonnige-blueten-in-grenzen-und-toepfen\/","og_locale":"de_DE","og_type":"article","og_title":"Wie man Stella d'Oro Daylily anbaut - f\u00fcr lockere, sonnige Bl\u00fcten in Grenzen und T\u00f6pfen - Nachrichten - Stra\u00dfenweb","og_description":"Stella d&#8217;Oro Daylily ist eine spektakul\u00e4re Pflanze und nicht \u00fcberraschend eine beliebte Wahl unter G\u00e4rtnern. Seine kompakte Gr\u00f6\u00dfe und wartungsarme Natur sind Teil seiner Anziehungskraft,","og_url":"https:\/\/www.strassenweb.de\/nachrichten\/wie-man-stella-doro-daylily-anbaut-fuer-lockere-sonnige-blueten-in-grenzen-und-toepfen\/","og_site_name":"Stra\u00dfenweb","article_publisher":"https:\/\/www.facebook.com\/strassenweb\/","article_published_time":"2025-01-25T18:42:15+00:00","article_modified_time":"2025-01-25T18:42:16+00:00","og_image":[{"width":1200,"height":675,"url":"https:\/\/www.strassenweb.de\/nachrichten\/wp-content\/uploads\/2025\/01\/Wie-man-Stella-dOro-Daylily-anbaut-fuer-lockere-sonnige.jpg","type":"image\/jpeg"}],"author":"Robert Hoffmann","twitter_card":"summary_large_image","twitter_misc":{"Verfasst von":"Robert Hoffmann","Gesch\u00e4tzte Lesezeit":"5\u00a0Minuten"},"schema":{"@context":"https:\/\/schema.org","@graph":[{"@type":"Article","@id":"https:\/\/www.strassenweb.de\/nachrichten\/wie-man-stella-doro-daylily-anbaut-fuer-lockere-sonnige-blueten-in-grenzen-und-toepfen\/#article","isPartOf":{"@id":"https:\/\/www.strassenweb.de\/nachrichten\/wie-man-stella-doro-daylily-anbaut-fuer-lockere-sonnige-blueten-in-grenzen-und-toepfen\/"},"author":{"name":"Robert Hoffmann","@id":"https:\/\/www.strassenweb.de\/nachrichten\/#\/schema\/person\/87c9c9067f1211da429a744dc5a5aa41"},"headline":"Wie man Stella d&#8217;Oro Daylily anbaut &#8211; f\u00fcr lockere, sonnige Bl\u00fcten in Grenzen und T\u00f6pfen","datePublished":"2025-01-25T18:42:15+00:00","dateModified":"2025-01-25T18:42:16+00:00","mainEntityOfPage":{"@id":"https:\/\/www.strassenweb.de\/nachrichten\/wie-man-stella-doro-daylily-anbaut-fuer-lockere-sonnige-blueten-in-grenzen-und-toepfen\/"},"wordCount":997,"publisher":{"@id":"https:\/\/www.strassenweb.de\/nachrichten\/#organization"},"image":{"@id":"https:\/\/www.strassenweb.de\/nachrichten\/wie-man-stella-doro-daylily-anbaut-fuer-lockere-sonnige-blueten-in-grenzen-und-toepfen\/#primaryimage"},"thumbnailUrl":"https:\/\/www.strassenweb.de\/nachrichten\/wp-content\/uploads\/2025\/01\/Wie-man-Stella-dOro-Daylily-anbaut-fuer-lockere-sonnige.jpg","keywords":["anbaut","Bl\u00fcten","Daylily","dOro","f\u00fcr","Grenzen","lockere","man","sonnige","Stella","T\u00f6pfen","und","Wie"],"articleSection":["Haus &amp; Garten"],"inLanguage":"de"},{"@type":"WebPage","@id":"https:\/\/www.strassenweb.de\/nachrichten\/wie-man-stella-doro-daylily-anbaut-fuer-lockere-sonnige-blueten-in-grenzen-und-toepfen\/","url":"https:\/\/www.strassenweb.de\/nachrichten\/wie-man-stella-doro-daylily-anbaut-fuer-lockere-sonnige-blueten-in-grenzen-und-toepfen\/","name":"Wie man Stella d'Oro Daylily anbaut - f\u00fcr lockere, sonnige Bl\u00fcten in Grenzen und T\u00f6pfen - Nachrichten - Stra\u00dfenweb","isPartOf":{"@id":"https:\/\/www.strassenweb.de\/nachrichten\/#website"},"primaryImageOfPage":{"@id":"https:\/\/www.strassenweb.de\/nachrichten\/wie-man-stella-doro-daylily-anbaut-fuer-lockere-sonnige-blueten-in-grenzen-und-toepfen\/#primaryimage"},"image":{"@id":"https:\/\/www.strassenweb.de\/nachrichten\/wie-man-stella-doro-daylily-anbaut-fuer-lockere-sonnige-blueten-in-grenzen-und-toepfen\/#primaryimage"},"thumbnailUrl":"https:\/\/www.strassenweb.de\/nachrichten\/wp-content\/uploads\/2025\/01\/Wie-man-Stella-dOro-Daylily-anbaut-fuer-lockere-sonnige.jpg","datePublished":"2025-01-25T18:42:15+00:00","dateModified":"2025-01-25T18:42:16+00:00","breadcrumb":{"@id":"https:\/\/www.strassenweb.de\/nachrichten\/wie-man-stella-doro-daylily-anbaut-fuer-lockere-sonnige-blueten-in-grenzen-und-toepfen\/#breadcrumb"},"inLanguage":"de","potentialAction":[{"@type":"ReadAction","target":["https:\/\/www.strassenweb.de\/nachrichten\/wie-man-stella-doro-daylily-anbaut-fuer-lockere-sonnige-blueten-in-grenzen-und-toepfen\/"]}]},{"@type":"ImageObject","inLanguage":"de","@id":"https:\/\/www.strassenweb.de\/nachrichten\/wie-man-stella-doro-daylily-anbaut-fuer-lockere-sonnige-blueten-in-grenzen-und-toepfen\/#primaryimage","url":"https:\/\/www.strassenweb.de\/nachrichten\/wp-content\/uploads\/2025\/01\/Wie-man-Stella-dOro-Daylily-anbaut-fuer-lockere-sonnige.jpg","contentUrl":"https:\/\/www.strassenweb.de\/nachrichten\/wp-content\/uploads\/2025\/01\/Wie-man-Stella-dOro-Daylily-anbaut-fuer-lockere-sonnige.jpg","width":1200,"height":675,"caption":"Wie man Stella d'Oro Daylily anbaut - f\u00fcr lockere, sonnige Bl\u00fcten in Grenzen und T\u00f6pfen"},{"@type":"BreadcrumbList","@id":"https:\/\/www.strassenweb.de\/nachrichten\/wie-man-stella-doro-daylily-anbaut-fuer-lockere-sonnige-blueten-in-grenzen-und-toepfen\/#breadcrumb","itemListElement":[{"@type":"ListItem","position":1,"name":"Home","item":"https:\/\/www.strassenweb.de\/nachrichten\/"},{"@type":"ListItem","position":2,"name":"Wie man Stella d&#8217;Oro Daylily anbaut &#8211; f\u00fcr lockere, sonnige Bl\u00fcten in Grenzen und T\u00f6pfen"}]},{"@type":"WebSite","@id":"https:\/\/www.strassenweb.de\/nachrichten\/#website","url":"https:\/\/www.strassenweb.de\/nachrichten\/","name":"Stra\u00dfenweb","description":"Stra\u00dfenverzeichnis f\u00fcr Deutschland","publisher":{"@id":"https:\/\/www.strassenweb.de\/nachrichten\/#organization"},"potentialAction":[{"@type":"SearchAction","target":{"@type":"EntryPoint","urlTemplate":"https:\/\/www.strassenweb.de\/nachrichten\/?s={search_term_string}"},"query-input":{"@type":"PropertyValueSpecification","valueRequired":true,"valueName":"search_term_string"}}],"inLanguage":"de"},{"@type":"Organization","@id":"https:\/\/www.strassenweb.de\/nachrichten\/#organization","name":"Stra\u00dfenweb","url":"https:\/\/www.strassenweb.de\/nachrichten\/","logo":{"@type":"ImageObject","inLanguage":"de","@id":"https:\/\/www.strassenweb.de\/nachrichten\/#\/schema\/logo\/image\/","url":"https:\/\/www.strassenweb.de\/nachrichten\/wp-content\/uploads\/2024\/09\/cropped-favicon.png","contentUrl":"https:\/\/www.strassenweb.de\/nachrichten\/wp-content\/uploads\/2024\/09\/cropped-favicon.png","width":512,"height":512,"caption":"Stra\u00dfenweb"},"image":{"@id":"https:\/\/www.strassenweb.de\/nachrichten\/#\/schema\/logo\/image\/"},"sameAs":["https:\/\/www.facebook.com\/strassenweb\/"]},{"@type":"Person","@id":"https:\/\/www.strassenweb.de\/nachrichten\/#\/schema\/person\/87c9c9067f1211da429a744dc5a5aa41","name":"Robert Hoffmann","image":{"@type":"ImageObject","inLanguage":"de","@id":"https:\/\/www.strassenweb.de\/nachrichten\/wp-content\/uploads\/2024\/09\/strassenweb-150x150.jpg","url":"https:\/\/www.strassenweb.de\/nachrichten\/wp-content\/uploads\/2024\/09\/strassenweb-150x150.jpg","contentUrl":"https:\/\/www.strassenweb.de\/nachrichten\/wp-content\/uploads\/2024\/09\/strassenweb-150x150.jpg","caption":"Robert Hoffmann"},"description":"Ich hei\u00dfe Robert Hoffmann und ich bin ein leidenschaftlicher Verfechter von \u00d6kologie und Biodiversit\u00e4t. Seit meiner Kindheit in den W\u00e4ldern Bayerns f\u00fchle ich mich mit der Natur verbunden und bin entschlossen, sie zu sch\u00fctzen. Heute widme ich mein Leben der Sensibilisierung anderer f\u00fcr die Bedeutung des Umweltschutzes f\u00fcr zuk\u00fcnftige Generationen.","sameAs":["https:\/\/www.strassenweb.de\/"]}]}},"_links":{"self":[{"href":"https:\/\/www.strassenweb.de\/nachrichten\/wp-json\/wp\/v2\/posts\/2932","targetHints":{"allow":["GET"]}}],"collection":[{"href":"https:\/\/www.strassenweb.de\/nachrichten\/wp-json\/wp\/v2\/posts"}],"about":[{"href":"https:\/\/www.strassenweb.de\/nachrichten\/wp-json\/wp\/v2\/types\/post"}],"author":[{"embeddable":true,"href":"https:\/\/www.strassenweb.de\/nachrichten\/wp-json\/wp\/v2\/users\/1"}],"replies":[{"embeddable":true,"href":"https:\/\/www.strassenweb.de\/nachrichten\/wp-json\/wp\/v2\/comments?post=2932"}],"version-history":[{"count":0,"href":"https:\/\/www.strassenweb.de\/nachrichten\/wp-json\/wp\/v2\/posts\/2932\/revisions"}],"wp:featuredmedia":[{"embeddable":true,"href":"https:\/\/www.strassenweb.de\/nachrichten\/wp-json\/wp\/v2\/media\/2933"}],"wp:attachment":[{"href":"https:\/\/www.strassenweb.de\/nachrichten\/wp-json\/wp\/v2\/media?parent=2932"}],"wp:term":[{"taxonomy":"category","embeddable":true,"href":"https:\/\/www.strassenweb.de\/nachrichten\/wp-json\/wp\/v2\/categories?post=2932"},{"taxonomy":"post_tag","embeddable":true,"href":"https:\/\/www.strassenweb.de\/nachrichten\/wp-json\/wp\/v2\/tags?post=2932"}],"curies":[{"name":"wp","href":"https:\/\/api.w.org\/{rel}","templated":true}]}}