{"id":2929,"date":"2025-01-25T15:47:42","date_gmt":"2025-01-25T14:47:42","guid":{"rendered":"https:\/\/www.strassenweb.de\/nachrichten\/wir-sehen-derzeit-ueberall-kuechendekor-in-zitronenfarbe-und-es-ist-der-sommerliche-schwung-den-unsere-raeume-mitten-im-januar-brauchen\/"},"modified":"2025-01-25T15:47:44","modified_gmt":"2025-01-25T14:47:44","slug":"wir-sehen-derzeit-ueberall-kuechendekor-in-zitronenfarbe-und-es-ist-der-sommerliche-schwung-den-unsere-raeume-mitten-im-januar-brauchen","status":"publish","type":"post","link":"https:\/\/www.strassenweb.de\/nachrichten\/wir-sehen-derzeit-ueberall-kuechendekor-in-zitronenfarbe-und-es-ist-der-sommerliche-schwung-den-unsere-raeume-mitten-im-januar-brauchen\/","title":{"rendered":"Wir sehen derzeit \u00fcberall K\u00fcchendekor in Zitronenfarbe \u2013 und es ist der sommerliche Schwung, den unsere R\u00e4ume mitten im Januar brauchen"},"content":{"rendered":"<p><\/p>\n<div id=\"article-body\" class=\"article__body \">\n<p>Es gibt nichts Passenderes, als Ihre K\u00fcche mit Eink\u00e4ufen zum Thema Essen auszustatten. Und eine der dauerhaft stilvollsten Optionen ist Zitronen-K\u00fcchendekor. Diese farbenfrohen Designs mit Zitrusfr\u00fcchten erinnern an eine urige italienische K\u00fcche und verleihen Charme, Charakter und einen kleinen Farbtupfer.<\/p>\n<div id=\"ad-unit-1\" class=\"ad-unit\"><\/div>\n<p>Aber schicke Designs zu finden, die sich nicht wie eine Neuheit anf\u00fchlen, kann eine schwierige Aufgabe sein. Niemand m\u00f6chte eine Obstschale voller Plastik-Doppelg\u00e4nger, und Sie m\u00f6chten den Trend auch nicht zu weit treiben und am Ende eine K\u00fcche mit Zitronenmotiv erhalten.<\/p>\n<aside class=\"hawk-nest\" data-block-type=\"embed\" data-render-type=\"fte\" data-skip=\"dealsy\" data-widget-type=\"seasonal\">\n<div class=\"hawk-master-widget-hawk-base-wrapper\"><\/div>\n<\/aside>\n<p>Wie k\u00f6nnen Sie also die richtige Balance finden? Wir haben lange gesucht, um das beste Zitronen-K\u00fcchendekor zu finden, das schick, charmant und dezent verspielt ist \u2013 und Sie werden erfreut sein zu h\u00f6ren, dass es eine \u00e4u\u00dferst stilvolle Auswahl gibt.<\/p>\n<div id=\"desktop-in-article\" class=\"in-article ad-unit\">\n<div id=\"desktop-taboola-mid-article\"><\/div>\n<\/div>\n<div id=\"mobile-in-article\" class=\"in-article ad-unit\">\n<div id=\"mobile-taboola-mid-article\"><\/div>\n<\/div>\n<h2 id=\"12-lemon-kitchen-decor-buys-you-won-t-regret-buying-3\">12 Zitronen-K\u00fcchendekor-K\u00e4ufe, deren Kauf Sie nicht bereuen werden<\/h2>\n<p>Wenn Sie den Winterblues satt haben, ist Zitronendekor der aktuelle Trend in der K\u00fcche und eine einfache M\u00f6glichkeit, das Gef\u00fchl von Fr\u00fchling und Sommer in Ihrem Zuhause wiederzubeleben. Ihr Kochbereich ist der perfekte Raum f\u00fcr diese fruchtigen Designs \u2013 sie verleihen ihm eine verspielte Note, ohne Ihren Plan zu \u00fcberfordern.<\/p>\n<div class=\"van_vid_carousel\">\n<div class=\"van_vid_carousel__padding\">\n<div class=\"van_vid_carousel__container\"><\/div>\n<\/div>\n<\/div>\n<div class=\"product-container hero-product-container product-block-no-wrap\"><\/div>\n<hr>\n<p>Wenn Sie noch nicht ein paar Zitronen-Dekorationsst\u00fccke f\u00fcr die K\u00fcche in Ihrem Plan haben, ist dies Ihr Zeichen, sie hinzuzuf\u00fcgen. Egal, ob Sie es mit einem goldenen Zitronen-Accessoire schick halten oder mit Tapeten und Geschirr ein Gef\u00fchl von Sommer verbreiten, hier gibt es einen sch\u00f6nen Kauf f\u00fcr jeden Stil, jeden Raum und jedes Budget.<\/p>\n<div id=\"ad-unit-2\" class=\"ad-unit\"><\/div>\n<div id=\"slice-container-newsletterForm-articleInbodyContent-TGKzpswuwUMfQZT4b8yNZD\" class=\"slice-container newsletter-inbodyContent-slice newsletterForm-articleInbodyContent-TGKzpswuwUMfQZT4b8yNZD slice-container-newsletterForm\"><\/div>\n<\/div>\n","protected":false},"excerpt":{"rendered":"<p>Es gibt nichts Passenderes, als Ihre K\u00fcche mit Eink\u00e4ufen zum Thema Essen auszustatten. Und eine der dauerhaft stilvollsten Optionen ist Zitronen-K\u00fcchendekor. Diese farbenfrohen Designs mit<\/p>\n","protected":false},"author":1,"featured_media":2930,"comment_status":"closed","ping_status":"","sticky":false,"template":"","format":"standard","meta":{"footnotes":""},"categories":[118],"tags":[822,78,81,1473,15,2639,4729,3230,1728,3379,1559,4731,2516,37,1068,411,4730],"class_list":["post-2929","post","type-post","status-publish","format-standard","has-post-thumbnail","hentry","category-haus-garten","tag-brauchen","tag-den","tag-der","tag-derzeit","tag-ist","tag-januar","tag-kuechendekor","tag-mitten","tag-raeume","tag-schwung","tag-sehen","tag-sommerliche","tag-ueberall","tag-und","tag-unsere","tag-wir","tag-zitronenfarbe","generate-columns","tablet-grid-50","mobile-grid-100","grid-parent","grid-50"],"yoast_head":"<!-- This site is optimized with the Yoast SEO plugin v27.3 - https:\/\/yoast.com\/product\/yoast-seo-wordpress\/ -->\n<title>Wir sehen derzeit \u00fcberall K\u00fcchendekor in Zitronenfarbe \u2013 und es ist der sommerliche Schwung, den unsere R\u00e4ume mitten im Januar brauchen - Nachrichten - Stra\u00dfenweb<\/title>\n<meta name=\"robots\" content=\"index, follow, max-snippet:-1, max-image-preview:large, max-video-preview:-1\" \/>\n<link rel=\"canonical\" href=\"https:\/\/www.strassenweb.de\/nachrichten\/wir-sehen-derzeit-ueberall-kuechendekor-in-zitronenfarbe-und-es-ist-der-sommerliche-schwung-den-unsere-raeume-mitten-im-januar-brauchen\/\" \/>\n<meta property=\"og:locale\" content=\"de_DE\" \/>\n<meta property=\"og:type\" content=\"article\" \/>\n<meta property=\"og:title\" content=\"Wir sehen derzeit \u00fcberall K\u00fcchendekor in Zitronenfarbe \u2013 und es ist der sommerliche Schwung, den unsere R\u00e4ume mitten im Januar brauchen - Nachrichten - Stra\u00dfenweb\" \/>\n<meta property=\"og:description\" content=\"Es gibt nichts Passenderes, als Ihre K\u00fcche mit Eink\u00e4ufen zum Thema Essen auszustatten. Und eine der dauerhaft stilvollsten Optionen ist Zitronen-K\u00fcchendekor. Diese farbenfrohen Designs mit\" \/>\n<meta property=\"og:url\" content=\"https:\/\/www.strassenweb.de\/nachrichten\/wir-sehen-derzeit-ueberall-kuechendekor-in-zitronenfarbe-und-es-ist-der-sommerliche-schwung-den-unsere-raeume-mitten-im-januar-brauchen\/\" \/>\n<meta property=\"og:site_name\" content=\"Stra\u00dfenweb\" \/>\n<meta property=\"article:publisher\" content=\"https:\/\/www.facebook.com\/strassenweb\/\" \/>\n<meta property=\"article:published_time\" content=\"2025-01-25T14:47:42+00:00\" \/>\n<meta property=\"article:modified_time\" content=\"2025-01-25T14:47:44+00:00\" \/>\n<meta property=\"og:image\" content=\"https:\/\/www.strassenweb.de\/nachrichten\/wp-content\/uploads\/2025\/01\/Wir-sehen-derzeit-ueberall-Kuechendekor-in-Zitronenfarbe-\u2013-und-es.jpg\" \/>\n\t<meta property=\"og:image:width\" content=\"1200\" \/>\n\t<meta property=\"og:image:height\" content=\"675\" \/>\n\t<meta property=\"og:image:type\" content=\"image\/jpeg\" \/>\n<meta name=\"author\" content=\"Robert Hoffmann\" \/>\n<meta name=\"twitter:card\" content=\"summary_large_image\" \/>\n<meta name=\"twitter:label1\" content=\"Verfasst von\" \/>\n\t<meta name=\"twitter:data1\" content=\"Robert Hoffmann\" \/>\n\t<meta name=\"twitter:label2\" content=\"Gesch\u00e4tzte Lesezeit\" \/>\n\t<meta name=\"twitter:data2\" content=\"1\u00a0Minute\" \/>\n<script type=\"application\/ld+json\" class=\"yoast-schema-graph\">{\"@context\":\"https:\\\/\\\/schema.org\",\"@graph\":[{\"@type\":\"Article\",\"@id\":\"https:\\\/\\\/www.strassenweb.de\\\/nachrichten\\\/wir-sehen-derzeit-ueberall-kuechendekor-in-zitronenfarbe-und-es-ist-der-sommerliche-schwung-den-unsere-raeume-mitten-im-januar-brauchen\\\/#article\",\"isPartOf\":{\"@id\":\"https:\\\/\\\/www.strassenweb.de\\\/nachrichten\\\/wir-sehen-derzeit-ueberall-kuechendekor-in-zitronenfarbe-und-es-ist-der-sommerliche-schwung-den-unsere-raeume-mitten-im-januar-brauchen\\\/\"},\"author\":{\"name\":\"Robert Hoffmann\",\"@id\":\"https:\\\/\\\/www.strassenweb.de\\\/nachrichten\\\/#\\\/schema\\\/person\\\/87c9c9067f1211da429a744dc5a5aa41\"},\"headline\":\"Wir sehen derzeit \u00fcberall K\u00fcchendekor in Zitronenfarbe \u2013 und es ist der sommerliche Schwung, den unsere R\u00e4ume mitten im Januar brauchen\",\"datePublished\":\"2025-01-25T14:47:42+00:00\",\"dateModified\":\"2025-01-25T14:47:44+00:00\",\"mainEntityOfPage\":{\"@id\":\"https:\\\/\\\/www.strassenweb.de\\\/nachrichten\\\/wir-sehen-derzeit-ueberall-kuechendekor-in-zitronenfarbe-und-es-ist-der-sommerliche-schwung-den-unsere-raeume-mitten-im-januar-brauchen\\\/\"},\"wordCount\":280,\"publisher\":{\"@id\":\"https:\\\/\\\/www.strassenweb.de\\\/nachrichten\\\/#organization\"},\"image\":{\"@id\":\"https:\\\/\\\/www.strassenweb.de\\\/nachrichten\\\/wir-sehen-derzeit-ueberall-kuechendekor-in-zitronenfarbe-und-es-ist-der-sommerliche-schwung-den-unsere-raeume-mitten-im-januar-brauchen\\\/#primaryimage\"},\"thumbnailUrl\":\"https:\\\/\\\/www.strassenweb.de\\\/nachrichten\\\/wp-content\\\/uploads\\\/2025\\\/01\\\/Wir-sehen-derzeit-ueberall-Kuechendekor-in-Zitronenfarbe-\u2013-und-es.jpg\",\"keywords\":[\"brauchen\",\"den\",\"der\",\"derzeit\",\"ist\",\"Januar\",\"K\u00fcchendekor\",\"mitten\",\"R\u00e4ume\",\"Schwung\",\"sehen\",\"sommerliche\",\"\u00fcberall\",\"und\",\"Unsere\",\"wir\",\"Zitronenfarbe\"],\"articleSection\":[\"Haus &amp; Garten\"],\"inLanguage\":\"de\"},{\"@type\":\"WebPage\",\"@id\":\"https:\\\/\\\/www.strassenweb.de\\\/nachrichten\\\/wir-sehen-derzeit-ueberall-kuechendekor-in-zitronenfarbe-und-es-ist-der-sommerliche-schwung-den-unsere-raeume-mitten-im-januar-brauchen\\\/\",\"url\":\"https:\\\/\\\/www.strassenweb.de\\\/nachrichten\\\/wir-sehen-derzeit-ueberall-kuechendekor-in-zitronenfarbe-und-es-ist-der-sommerliche-schwung-den-unsere-raeume-mitten-im-januar-brauchen\\\/\",\"name\":\"Wir sehen derzeit \u00fcberall K\u00fcchendekor in Zitronenfarbe \u2013 und es ist der sommerliche Schwung, den unsere R\u00e4ume mitten im Januar brauchen - Nachrichten - Stra\u00dfenweb\",\"isPartOf\":{\"@id\":\"https:\\\/\\\/www.strassenweb.de\\\/nachrichten\\\/#website\"},\"primaryImageOfPage\":{\"@id\":\"https:\\\/\\\/www.strassenweb.de\\\/nachrichten\\\/wir-sehen-derzeit-ueberall-kuechendekor-in-zitronenfarbe-und-es-ist-der-sommerliche-schwung-den-unsere-raeume-mitten-im-januar-brauchen\\\/#primaryimage\"},\"image\":{\"@id\":\"https:\\\/\\\/www.strassenweb.de\\\/nachrichten\\\/wir-sehen-derzeit-ueberall-kuechendekor-in-zitronenfarbe-und-es-ist-der-sommerliche-schwung-den-unsere-raeume-mitten-im-januar-brauchen\\\/#primaryimage\"},\"thumbnailUrl\":\"https:\\\/\\\/www.strassenweb.de\\\/nachrichten\\\/wp-content\\\/uploads\\\/2025\\\/01\\\/Wir-sehen-derzeit-ueberall-Kuechendekor-in-Zitronenfarbe-\u2013-und-es.jpg\",\"datePublished\":\"2025-01-25T14:47:42+00:00\",\"dateModified\":\"2025-01-25T14:47:44+00:00\",\"breadcrumb\":{\"@id\":\"https:\\\/\\\/www.strassenweb.de\\\/nachrichten\\\/wir-sehen-derzeit-ueberall-kuechendekor-in-zitronenfarbe-und-es-ist-der-sommerliche-schwung-den-unsere-raeume-mitten-im-januar-brauchen\\\/#breadcrumb\"},\"inLanguage\":\"de\",\"potentialAction\":[{\"@type\":\"ReadAction\",\"target\":[\"https:\\\/\\\/www.strassenweb.de\\\/nachrichten\\\/wir-sehen-derzeit-ueberall-kuechendekor-in-zitronenfarbe-und-es-ist-der-sommerliche-schwung-den-unsere-raeume-mitten-im-januar-brauchen\\\/\"]}]},{\"@type\":\"ImageObject\",\"inLanguage\":\"de\",\"@id\":\"https:\\\/\\\/www.strassenweb.de\\\/nachrichten\\\/wir-sehen-derzeit-ueberall-kuechendekor-in-zitronenfarbe-und-es-ist-der-sommerliche-schwung-den-unsere-raeume-mitten-im-januar-brauchen\\\/#primaryimage\",\"url\":\"https:\\\/\\\/www.strassenweb.de\\\/nachrichten\\\/wp-content\\\/uploads\\\/2025\\\/01\\\/Wir-sehen-derzeit-ueberall-Kuechendekor-in-Zitronenfarbe-\u2013-und-es.jpg\",\"contentUrl\":\"https:\\\/\\\/www.strassenweb.de\\\/nachrichten\\\/wp-content\\\/uploads\\\/2025\\\/01\\\/Wir-sehen-derzeit-ueberall-Kuechendekor-in-Zitronenfarbe-\u2013-und-es.jpg\",\"width\":1200,\"height\":675,\"caption\":\"Wir sehen derzeit \u00fcberall K\u00fcchendekor in Zitronenfarbe \u2013 und es ist der sommerliche Schwung, den unsere R\u00e4ume mitten im Januar brauchen\"},{\"@type\":\"BreadcrumbList\",\"@id\":\"https:\\\/\\\/www.strassenweb.de\\\/nachrichten\\\/wir-sehen-derzeit-ueberall-kuechendekor-in-zitronenfarbe-und-es-ist-der-sommerliche-schwung-den-unsere-raeume-mitten-im-januar-brauchen\\\/#breadcrumb\",\"itemListElement\":[{\"@type\":\"ListItem\",\"position\":1,\"name\":\"Home\",\"item\":\"https:\\\/\\\/www.strassenweb.de\\\/nachrichten\\\/\"},{\"@type\":\"ListItem\",\"position\":2,\"name\":\"Wir sehen derzeit \u00fcberall K\u00fcchendekor in Zitronenfarbe \u2013 und es ist der sommerliche Schwung, den unsere R\u00e4ume mitten im Januar brauchen\"}]},{\"@type\":\"WebSite\",\"@id\":\"https:\\\/\\\/www.strassenweb.de\\\/nachrichten\\\/#website\",\"url\":\"https:\\\/\\\/www.strassenweb.de\\\/nachrichten\\\/\",\"name\":\"Stra\u00dfenweb\",\"description\":\"Stra\u00dfenverzeichnis f\u00fcr Deutschland\",\"publisher\":{\"@id\":\"https:\\\/\\\/www.strassenweb.de\\\/nachrichten\\\/#organization\"},\"potentialAction\":[{\"@type\":\"SearchAction\",\"target\":{\"@type\":\"EntryPoint\",\"urlTemplate\":\"https:\\\/\\\/www.strassenweb.de\\\/nachrichten\\\/?s={search_term_string}\"},\"query-input\":{\"@type\":\"PropertyValueSpecification\",\"valueRequired\":true,\"valueName\":\"search_term_string\"}}],\"inLanguage\":\"de\"},{\"@type\":\"Organization\",\"@id\":\"https:\\\/\\\/www.strassenweb.de\\\/nachrichten\\\/#organization\",\"name\":\"Stra\u00dfenweb\",\"url\":\"https:\\\/\\\/www.strassenweb.de\\\/nachrichten\\\/\",\"logo\":{\"@type\":\"ImageObject\",\"inLanguage\":\"de\",\"@id\":\"https:\\\/\\\/www.strassenweb.de\\\/nachrichten\\\/#\\\/schema\\\/logo\\\/image\\\/\",\"url\":\"https:\\\/\\\/www.strassenweb.de\\\/nachrichten\\\/wp-content\\\/uploads\\\/2024\\\/09\\\/cropped-favicon.png\",\"contentUrl\":\"https:\\\/\\\/www.strassenweb.de\\\/nachrichten\\\/wp-content\\\/uploads\\\/2024\\\/09\\\/cropped-favicon.png\",\"width\":512,\"height\":512,\"caption\":\"Stra\u00dfenweb\"},\"image\":{\"@id\":\"https:\\\/\\\/www.strassenweb.de\\\/nachrichten\\\/#\\\/schema\\\/logo\\\/image\\\/\"},\"sameAs\":[\"https:\\\/\\\/www.facebook.com\\\/strassenweb\\\/\"]},{\"@type\":\"Person\",\"@id\":\"https:\\\/\\\/www.strassenweb.de\\\/nachrichten\\\/#\\\/schema\\\/person\\\/87c9c9067f1211da429a744dc5a5aa41\",\"name\":\"Robert Hoffmann\",\"image\":{\"@type\":\"ImageObject\",\"inLanguage\":\"de\",\"@id\":\"https:\\\/\\\/www.strassenweb.de\\\/nachrichten\\\/wp-content\\\/uploads\\\/2024\\\/09\\\/strassenweb-150x150.jpg\",\"url\":\"https:\\\/\\\/www.strassenweb.de\\\/nachrichten\\\/wp-content\\\/uploads\\\/2024\\\/09\\\/strassenweb-150x150.jpg\",\"contentUrl\":\"https:\\\/\\\/www.strassenweb.de\\\/nachrichten\\\/wp-content\\\/uploads\\\/2024\\\/09\\\/strassenweb-150x150.jpg\",\"caption\":\"Robert Hoffmann\"},\"description\":\"Ich hei\u00dfe Robert Hoffmann und ich bin ein leidenschaftlicher Verfechter von \u00d6kologie und Biodiversit\u00e4t. Seit meiner Kindheit in den W\u00e4ldern Bayerns f\u00fchle ich mich mit der Natur verbunden und bin entschlossen, sie zu sch\u00fctzen. Heute widme ich mein Leben der Sensibilisierung anderer f\u00fcr die Bedeutung des Umweltschutzes f\u00fcr zuk\u00fcnftige Generationen.\",\"sameAs\":[\"https:\\\/\\\/www.strassenweb.de\\\/\"]}]}<\/script>\n<!-- \/ Yoast SEO plugin. -->","yoast_head_json":{"title":"Wir sehen derzeit \u00fcberall K\u00fcchendekor in Zitronenfarbe \u2013 und es ist der sommerliche Schwung, den unsere R\u00e4ume mitten im Januar brauchen - Nachrichten - Stra\u00dfenweb","robots":{"index":"index","follow":"follow","max-snippet":"max-snippet:-1","max-image-preview":"max-image-preview:large","max-video-preview":"max-video-preview:-1"},"canonical":"https:\/\/www.strassenweb.de\/nachrichten\/wir-sehen-derzeit-ueberall-kuechendekor-in-zitronenfarbe-und-es-ist-der-sommerliche-schwung-den-unsere-raeume-mitten-im-januar-brauchen\/","og_locale":"de_DE","og_type":"article","og_title":"Wir sehen derzeit \u00fcberall K\u00fcchendekor in Zitronenfarbe \u2013 und es ist der sommerliche Schwung, den unsere R\u00e4ume mitten im Januar brauchen - Nachrichten - Stra\u00dfenweb","og_description":"Es gibt nichts Passenderes, als Ihre K\u00fcche mit Eink\u00e4ufen zum Thema Essen auszustatten. Und eine der dauerhaft stilvollsten Optionen ist Zitronen-K\u00fcchendekor. Diese farbenfrohen Designs mit","og_url":"https:\/\/www.strassenweb.de\/nachrichten\/wir-sehen-derzeit-ueberall-kuechendekor-in-zitronenfarbe-und-es-ist-der-sommerliche-schwung-den-unsere-raeume-mitten-im-januar-brauchen\/","og_site_name":"Stra\u00dfenweb","article_publisher":"https:\/\/www.facebook.com\/strassenweb\/","article_published_time":"2025-01-25T14:47:42+00:00","article_modified_time":"2025-01-25T14:47:44+00:00","og_image":[{"width":1200,"height":675,"url":"https:\/\/www.strassenweb.de\/nachrichten\/wp-content\/uploads\/2025\/01\/Wir-sehen-derzeit-ueberall-Kuechendekor-in-Zitronenfarbe-\u2013-und-es.jpg","type":"image\/jpeg"}],"author":"Robert Hoffmann","twitter_card":"summary_large_image","twitter_misc":{"Verfasst von":"Robert Hoffmann","Gesch\u00e4tzte Lesezeit":"1\u00a0Minute"},"schema":{"@context":"https:\/\/schema.org","@graph":[{"@type":"Article","@id":"https:\/\/www.strassenweb.de\/nachrichten\/wir-sehen-derzeit-ueberall-kuechendekor-in-zitronenfarbe-und-es-ist-der-sommerliche-schwung-den-unsere-raeume-mitten-im-januar-brauchen\/#article","isPartOf":{"@id":"https:\/\/www.strassenweb.de\/nachrichten\/wir-sehen-derzeit-ueberall-kuechendekor-in-zitronenfarbe-und-es-ist-der-sommerliche-schwung-den-unsere-raeume-mitten-im-januar-brauchen\/"},"author":{"name":"Robert Hoffmann","@id":"https:\/\/www.strassenweb.de\/nachrichten\/#\/schema\/person\/87c9c9067f1211da429a744dc5a5aa41"},"headline":"Wir sehen derzeit \u00fcberall K\u00fcchendekor in Zitronenfarbe \u2013 und es ist der sommerliche Schwung, den unsere R\u00e4ume mitten im Januar brauchen","datePublished":"2025-01-25T14:47:42+00:00","dateModified":"2025-01-25T14:47:44+00:00","mainEntityOfPage":{"@id":"https:\/\/www.strassenweb.de\/nachrichten\/wir-sehen-derzeit-ueberall-kuechendekor-in-zitronenfarbe-und-es-ist-der-sommerliche-schwung-den-unsere-raeume-mitten-im-januar-brauchen\/"},"wordCount":280,"publisher":{"@id":"https:\/\/www.strassenweb.de\/nachrichten\/#organization"},"image":{"@id":"https:\/\/www.strassenweb.de\/nachrichten\/wir-sehen-derzeit-ueberall-kuechendekor-in-zitronenfarbe-und-es-ist-der-sommerliche-schwung-den-unsere-raeume-mitten-im-januar-brauchen\/#primaryimage"},"thumbnailUrl":"https:\/\/www.strassenweb.de\/nachrichten\/wp-content\/uploads\/2025\/01\/Wir-sehen-derzeit-ueberall-Kuechendekor-in-Zitronenfarbe-\u2013-und-es.jpg","keywords":["brauchen","den","der","derzeit","ist","Januar","K\u00fcchendekor","mitten","R\u00e4ume","Schwung","sehen","sommerliche","\u00fcberall","und","Unsere","wir","Zitronenfarbe"],"articleSection":["Haus &amp; Garten"],"inLanguage":"de"},{"@type":"WebPage","@id":"https:\/\/www.strassenweb.de\/nachrichten\/wir-sehen-derzeit-ueberall-kuechendekor-in-zitronenfarbe-und-es-ist-der-sommerliche-schwung-den-unsere-raeume-mitten-im-januar-brauchen\/","url":"https:\/\/www.strassenweb.de\/nachrichten\/wir-sehen-derzeit-ueberall-kuechendekor-in-zitronenfarbe-und-es-ist-der-sommerliche-schwung-den-unsere-raeume-mitten-im-januar-brauchen\/","name":"Wir sehen derzeit \u00fcberall K\u00fcchendekor in Zitronenfarbe \u2013 und es ist der sommerliche Schwung, den unsere R\u00e4ume mitten im Januar brauchen - Nachrichten - Stra\u00dfenweb","isPartOf":{"@id":"https:\/\/www.strassenweb.de\/nachrichten\/#website"},"primaryImageOfPage":{"@id":"https:\/\/www.strassenweb.de\/nachrichten\/wir-sehen-derzeit-ueberall-kuechendekor-in-zitronenfarbe-und-es-ist-der-sommerliche-schwung-den-unsere-raeume-mitten-im-januar-brauchen\/#primaryimage"},"image":{"@id":"https:\/\/www.strassenweb.de\/nachrichten\/wir-sehen-derzeit-ueberall-kuechendekor-in-zitronenfarbe-und-es-ist-der-sommerliche-schwung-den-unsere-raeume-mitten-im-januar-brauchen\/#primaryimage"},"thumbnailUrl":"https:\/\/www.strassenweb.de\/nachrichten\/wp-content\/uploads\/2025\/01\/Wir-sehen-derzeit-ueberall-Kuechendekor-in-Zitronenfarbe-\u2013-und-es.jpg","datePublished":"2025-01-25T14:47:42+00:00","dateModified":"2025-01-25T14:47:44+00:00","breadcrumb":{"@id":"https:\/\/www.strassenweb.de\/nachrichten\/wir-sehen-derzeit-ueberall-kuechendekor-in-zitronenfarbe-und-es-ist-der-sommerliche-schwung-den-unsere-raeume-mitten-im-januar-brauchen\/#breadcrumb"},"inLanguage":"de","potentialAction":[{"@type":"ReadAction","target":["https:\/\/www.strassenweb.de\/nachrichten\/wir-sehen-derzeit-ueberall-kuechendekor-in-zitronenfarbe-und-es-ist-der-sommerliche-schwung-den-unsere-raeume-mitten-im-januar-brauchen\/"]}]},{"@type":"ImageObject","inLanguage":"de","@id":"https:\/\/www.strassenweb.de\/nachrichten\/wir-sehen-derzeit-ueberall-kuechendekor-in-zitronenfarbe-und-es-ist-der-sommerliche-schwung-den-unsere-raeume-mitten-im-januar-brauchen\/#primaryimage","url":"https:\/\/www.strassenweb.de\/nachrichten\/wp-content\/uploads\/2025\/01\/Wir-sehen-derzeit-ueberall-Kuechendekor-in-Zitronenfarbe-\u2013-und-es.jpg","contentUrl":"https:\/\/www.strassenweb.de\/nachrichten\/wp-content\/uploads\/2025\/01\/Wir-sehen-derzeit-ueberall-Kuechendekor-in-Zitronenfarbe-\u2013-und-es.jpg","width":1200,"height":675,"caption":"Wir sehen derzeit \u00fcberall K\u00fcchendekor in Zitronenfarbe \u2013 und es ist der sommerliche Schwung, den unsere R\u00e4ume mitten im Januar brauchen"},{"@type":"BreadcrumbList","@id":"https:\/\/www.strassenweb.de\/nachrichten\/wir-sehen-derzeit-ueberall-kuechendekor-in-zitronenfarbe-und-es-ist-der-sommerliche-schwung-den-unsere-raeume-mitten-im-januar-brauchen\/#breadcrumb","itemListElement":[{"@type":"ListItem","position":1,"name":"Home","item":"https:\/\/www.strassenweb.de\/nachrichten\/"},{"@type":"ListItem","position":2,"name":"Wir sehen derzeit \u00fcberall K\u00fcchendekor in Zitronenfarbe \u2013 und es ist der sommerliche Schwung, den unsere R\u00e4ume mitten im Januar brauchen"}]},{"@type":"WebSite","@id":"https:\/\/www.strassenweb.de\/nachrichten\/#website","url":"https:\/\/www.strassenweb.de\/nachrichten\/","name":"Stra\u00dfenweb","description":"Stra\u00dfenverzeichnis f\u00fcr Deutschland","publisher":{"@id":"https:\/\/www.strassenweb.de\/nachrichten\/#organization"},"potentialAction":[{"@type":"SearchAction","target":{"@type":"EntryPoint","urlTemplate":"https:\/\/www.strassenweb.de\/nachrichten\/?s={search_term_string}"},"query-input":{"@type":"PropertyValueSpecification","valueRequired":true,"valueName":"search_term_string"}}],"inLanguage":"de"},{"@type":"Organization","@id":"https:\/\/www.strassenweb.de\/nachrichten\/#organization","name":"Stra\u00dfenweb","url":"https:\/\/www.strassenweb.de\/nachrichten\/","logo":{"@type":"ImageObject","inLanguage":"de","@id":"https:\/\/www.strassenweb.de\/nachrichten\/#\/schema\/logo\/image\/","url":"https:\/\/www.strassenweb.de\/nachrichten\/wp-content\/uploads\/2024\/09\/cropped-favicon.png","contentUrl":"https:\/\/www.strassenweb.de\/nachrichten\/wp-content\/uploads\/2024\/09\/cropped-favicon.png","width":512,"height":512,"caption":"Stra\u00dfenweb"},"image":{"@id":"https:\/\/www.strassenweb.de\/nachrichten\/#\/schema\/logo\/image\/"},"sameAs":["https:\/\/www.facebook.com\/strassenweb\/"]},{"@type":"Person","@id":"https:\/\/www.strassenweb.de\/nachrichten\/#\/schema\/person\/87c9c9067f1211da429a744dc5a5aa41","name":"Robert Hoffmann","image":{"@type":"ImageObject","inLanguage":"de","@id":"https:\/\/www.strassenweb.de\/nachrichten\/wp-content\/uploads\/2024\/09\/strassenweb-150x150.jpg","url":"https:\/\/www.strassenweb.de\/nachrichten\/wp-content\/uploads\/2024\/09\/strassenweb-150x150.jpg","contentUrl":"https:\/\/www.strassenweb.de\/nachrichten\/wp-content\/uploads\/2024\/09\/strassenweb-150x150.jpg","caption":"Robert Hoffmann"},"description":"Ich hei\u00dfe Robert Hoffmann und ich bin ein leidenschaftlicher Verfechter von \u00d6kologie und Biodiversit\u00e4t. Seit meiner Kindheit in den W\u00e4ldern Bayerns f\u00fchle ich mich mit der Natur verbunden und bin entschlossen, sie zu sch\u00fctzen. Heute widme ich mein Leben der Sensibilisierung anderer f\u00fcr die Bedeutung des Umweltschutzes f\u00fcr zuk\u00fcnftige Generationen.","sameAs":["https:\/\/www.strassenweb.de\/"]}]}},"_links":{"self":[{"href":"https:\/\/www.strassenweb.de\/nachrichten\/wp-json\/wp\/v2\/posts\/2929","targetHints":{"allow":["GET"]}}],"collection":[{"href":"https:\/\/www.strassenweb.de\/nachrichten\/wp-json\/wp\/v2\/posts"}],"about":[{"href":"https:\/\/www.strassenweb.de\/nachrichten\/wp-json\/wp\/v2\/types\/post"}],"author":[{"embeddable":true,"href":"https:\/\/www.strassenweb.de\/nachrichten\/wp-json\/wp\/v2\/users\/1"}],"replies":[{"embeddable":true,"href":"https:\/\/www.strassenweb.de\/nachrichten\/wp-json\/wp\/v2\/comments?post=2929"}],"version-history":[{"count":0,"href":"https:\/\/www.strassenweb.de\/nachrichten\/wp-json\/wp\/v2\/posts\/2929\/revisions"}],"wp:featuredmedia":[{"embeddable":true,"href":"https:\/\/www.strassenweb.de\/nachrichten\/wp-json\/wp\/v2\/media\/2930"}],"wp:attachment":[{"href":"https:\/\/www.strassenweb.de\/nachrichten\/wp-json\/wp\/v2\/media?parent=2929"}],"wp:term":[{"taxonomy":"category","embeddable":true,"href":"https:\/\/www.strassenweb.de\/nachrichten\/wp-json\/wp\/v2\/categories?post=2929"},{"taxonomy":"post_tag","embeddable":true,"href":"https:\/\/www.strassenweb.de\/nachrichten\/wp-json\/wp\/v2\/tags?post=2929"}],"curies":[{"name":"wp","href":"https:\/\/api.w.org\/{rel}","templated":true}]}}