{"id":2920,"date":"2025-01-25T03:41:47","date_gmt":"2025-01-25T02:41:47","guid":{"rendered":"https:\/\/www.strassenweb.de\/nachrichten\/ich-bin-farbredakteur-und-von-all-den-trends-die-ich-in-diesem-jahr-gesehen-habe-ist-pinterests-2025-palette-am-besten-fuer-mutige-aber-lebenswerte-farbtoene-geeignet\/"},"modified":"2025-01-25T03:41:49","modified_gmt":"2025-01-25T02:41:49","slug":"ich-bin-farbredakteur-und-von-all-den-trends-die-ich-in-diesem-jahr-gesehen-habe-ist-pinterests-2025-palette-am-besten-fuer-mutige-aber-lebenswerte-farbtoene-geeignet","status":"publish","type":"post","link":"https:\/\/www.strassenweb.de\/nachrichten\/ich-bin-farbredakteur-und-von-all-den-trends-die-ich-in-diesem-jahr-gesehen-habe-ist-pinterests-2025-palette-am-besten-fuer-mutige-aber-lebenswerte-farbtoene-geeignet\/","title":{"rendered":"Ich bin Farbredakteur und von all den Trends, die ich in diesem Jahr gesehen habe, ist Pinterests 2025 Palette am besten f\u00fcr mutige, aber lebenswerte Farbt\u00f6ne geeignet"},"content":{"rendered":"<p><\/p>\n<div id=\"article-body\" class=\"article__body \">\n<p>Als wir Ende Januar Ende Januar eine ziemlich gute Vorstellung von den Hauptfarbtrends haben, die in diesem Jahr Innenr\u00e4ume infiltrieren sollen, und Pinterest hat gerade best\u00e4tigt, dass mit seiner Palette der Trendfarben f\u00fcr 2025.<\/p>\n<div id=\"ad-unit-1\" class=\"ad-unit\"><\/div>\n<p>Pinterest, das stolz darauf ist, die wichtigsten Trends einschlie\u00dflich Farbtrends vorhersagen zu k\u00f6nnen, enth\u00fcllte ihre Pinterest-Palette von 2025 und umfasste f\u00fcnf Bed\u00fcrfnisse, die auf der Grundlage ihrer detaillierten Trendberichterstattung und Datenanalyse auf der Grundlage ihrer eingehenden Trendberichterstattung und Datenanalyse erforderlich sind.<\/p>\n<aside class=\"hawk-nest\" data-block-type=\"embed\" data-render-type=\"fte\" data-skip=\"dealsy\" data-widget-type=\"seasonal\">\n<div class=\"hawk-master-widget-hawk-base-wrapper\"><\/div>\n<\/aside>\n<p>Als <em>H\u00e4user &#038; G\u00e4rten &#8218;<\/em> Paint &#038; Color Editor, ich habe jede der trendigen Farben unten zusammengefasst und meine Einstellung dar\u00fcber geteilt, wie sie in Innenr\u00e4umen verwendet werden k\u00f6nnen. Obwohl die meisten Farben mutig sind, gibt es meiner Meinung nach eine lebenswerte Qualit\u00e4t, die stilvolle Ideen f\u00fcr die Zimmerfarbe sorgt.<\/p>\n<div id=\"desktop-in-article\" class=\"in-article ad-unit\">\n<div id=\"desktop-taboola-mid-article\"><\/div>\n<\/div>\n<div id=\"mobile-in-article\" class=\"in-article ad-unit\">\n<div id=\"mobile-taboola-mid-article\"><\/div>\n<\/div>\n<h3 class=\"article-body__section\" id=\"section-cherry-red\"><span>Kirschrot<\/span><\/h3>\n<figure class=\"van-image-figure inline-layout \" data-bordeaux-image-check>\n<div class=\"image-full-width-wrapper\">\n<div class=\"image-widthsetter\" style=\"max-width:2000px;\"><\/div>\n<\/div>\n<\/figure>\n<p>Es ist keine \u00dcberraschung, &#8222;Cherry Red&#8220; in Pinterests Farbpalette f\u00fcr 2025 enthalten zu sehen. Wenn es darum geht, mit Rot im Haus zu dekorieren letztes Jahr.<\/p>\n<div class=\"van_vid_carousel\">\n<div class=\"van_vid_carousel__padding\">\n<div class=\"van_vid_carousel__container\"><\/div>\n<\/div>\n<\/div>\n<p>W\u00e4hrend einige Farbtrends kurzlebig zu sein scheinen, scheinen kr\u00e4ftige Rott\u00f6ne nirgendwo hin zu gehen. In den letzten Monaten habe ich so viele Designer gesehen, die diesen mutigen Farbton in Innenprojekte einbezogen haben, sei es \u00fcber K\u00fcchenschr\u00e4nke im Herzen des Hauses oder durch leuchtend rote M\u00f6bel oder kleiner Farbe.<\/p>\n<div id=\"ad-unit-2\" class=\"ad-unit\"><\/div>\n<p>Wenn Sie mit Ihren Farbschemata auf eine trendige Weise eine Erkl\u00e4rung abgeben m\u00f6chten, sind Sie bei Cherry Red genau richtig. Dieser reichhaltige, w\u00e4rmende Farbton f\u00fchlt sich raffiniert und verspielt an, und ich bin f\u00fcr 2025 voll an Bord.<\/p>\n<h3 class=\"article-body__section\" id=\"section-butter-yellow\"><span>Buttergelb<\/span><\/h3>\n<figure class=\"van-image-figure inline-layout \" data-bordeaux-image-check>\n<div class=\"image-full-width-wrapper\">\n<div class=\"image-widthsetter\" style=\"max-width:2000px;\"><\/div>\n<\/div>\n<\/figure>\n<p>Von Pinterests f\u00fcnf Farbtrends f\u00fcr 2025 ist &#8218;Butter Yellow&#8216; wahrscheinlich mein Favorit. F\u00fcr mich f\u00fchlt sich dieser sanfte und pastellbezogene Gelbton mit Vintage-inspiriert an und bietet eine erwachsene M\u00f6glichkeit, das Haus mehr Farbe zu verleihen, ohne sich zu grell oder mutig zu lehnen.<\/p>\n<p>Wie hier auf diesen K\u00fcchenschr\u00e4nken von Devol Kitchens zu sehen ist, dient Buttergelb als erh\u00f6hte neutrale Farbe, aber mit mehr Interesse und W\u00e4rme. Und w\u00e4hrend wir das Auftauchen dieses Farbtrends im Inneren im letzten Jahr gesehen haben, freue ich mich, dass Pinterest es als wichtiger Spieler f\u00fcr das kommende Jahr beobachtet hat, in dem ich mir vorstellen kann, dass er als stilvoller K\u00fcchenfarbentrend dient.<\/p>\n<h3 class=\"article-body__section\" id=\"section-aura-indigo\"><span>Aura Indigo<\/span><\/h3>\n<figure class=\"van-image-figure inline-layout \" data-bordeaux-image-check>\n<div class=\"image-full-width-wrapper\">\n<div class=\"image-widthsetter\" style=\"max-width:2000px;\"><\/div>\n<\/div>\n<\/figure>\n<p>Lila &#8211; wohl eine der spaltendsten Farben da drau\u00dfen &#8211; ist in Pinterests Vorhersagen keine \u00dcberraschung. In diesem nostalgischen Farbton dominierte die Farbe der Jahre von Farbmarken und positioniert ihn als bedeutender Schatten f\u00fcr 2025.<\/p>\n<p>Pers\u00f6nlich bin ich noch nicht von lila Raumideen gewonnen, aber es ist gro\u00dfartig, einen erhebenden Dopamin-Decor-\u00e4hnlichen Farbton mit Pinterests &#8218;Auro Indigo&#8216; in den Vordergrund zu sehen. Auro Indigo von Pinterest als lila Farbe &#8222;mit einer Kante&#8220; beschrieben und soll Hand in Hand mit &#8222;jenseitsem Design&#8220; gehen &#8211; ein Trend, den ich in den kommenden Monaten fasziniert bin.<\/p>\n<p>Wenn Sie sich von diesem mutigen Farbton inspiriert f\u00fchlen, w\u00fcrde ich empfehlen, die besten Lavendelfarben zu erkunden, die von hell und mutig bis ged\u00e4mpft und ged\u00e4mpft sind.<\/p>\n<h3 class=\"article-body__section\" id=\"section-dill-green\"><span>Dill Green<\/span><\/h3>\n<figure class=\"van-image-figure inline-layout \" data-bordeaux-image-check>\n<div class=\"image-full-width-wrapper\">\n<div class=\"image-widthsetter\" style=\"max-width:2000px;\"><\/div>\n<\/div>\n<\/figure>\n<p>Gr\u00fcn ist eine der zeitlossten Farben, aber die spezifischen Gr\u00fcnt\u00f6ne, die am trendigsten genannt werden, entwickeln sich st\u00e4ndig weiter. F\u00fcr Pinterest ist &#8218;Dill Green&#8216; die Notwendigkeit \u00fcber die Variation f\u00fcr 2025-einen ges\u00e4ttigten und w\u00e4rmenden Farbton wie Little Greenes Hopper, der an den W\u00e4nden in diesem Wohnzimmer verwendet wurde.<\/p>\n<p>Ich bin ein gro\u00dfer Fan von Dekorieren mit Gr\u00fcn und ich denke, dass Shades, die Pinterests Dill Green \u00e4hneln, eine der besten M\u00f6glichkeiten sind, W\u00e4rme und Tiefe in dieses Haus zu bringen, ohne sich zu dunkel oder launisch zu f\u00fchlen. Farben wie diese sind in kleinen R\u00e4umen eine ausgezeichnete Wahl, wenn sie farblich getrunken werden, um ein zusammenh\u00e4ngendes, rundumes Gef\u00fchl zu haben.<\/p>\n<h3 class=\"article-body__section\" id=\"section-alpine-oat\"><span>Alpine Hafer<\/span><\/h3>\n<figure class=\"van-image-figure inline-layout \" data-bordeaux-image-check>\n<div class=\"image-full-width-wrapper\">\n<div class=\"image-widthsetter\" style=\"max-width:2000px;\"><\/div>\n<\/div>\n<\/figure>\n<p>Obwohl Pinterests &#8222;Alpine Hafer&#8220; nicht in das k\u00fchne Lager f\u00e4llt, ist es ein ebenso wichtiger Farbtrend f\u00fcr 2025. Von Pinterest als &#8222;neuer Neutral&#8220; beschrieben Das f\u00fchlt sich an alpine Hafer an und sie sind so ein erfrischender Schritt von harten, coolen Wei\u00dfen.<\/p>\n<p>Obwohl dies ein Trend ist, erwarte ich voll und ganz, dass warme Wei\u00dfe und empfindliche Neutrale f\u00fcr viele Jahre im Innenarchitektenbereich ertragen werden, das in vielen R\u00e4umen als Hintergrundfarbe verwendet wird, von Schlafzimmern bis zu K\u00fcchen.<\/p>\n<hr>\n<p>Wenn Sie m\u00f6chten, dass Ihr Zuhause den Hauptfarbtrends ausrichtet, sind Sie genau richtig als diese f\u00fcnf Farbt\u00f6ne. Egal, ob Sie sich von den mutigen Farbt\u00f6nen innerhalb der Palette oder den reservierteren Farben angezogen haben, jede dieser Farben spricht die neuesten Trends f\u00fcr die Innenausstattung an.<\/p>\n<\/div>\n","protected":false},"excerpt":{"rendered":"<p>Als wir Ende Januar Ende Januar eine ziemlich gute Vorstellung von den Hauptfarbtrends haben, die in diesem Jahr Innenr\u00e4ume infiltrieren sollen, und Pinterest hat gerade<\/p>\n","protected":false},"author":1,"featured_media":2921,"comment_status":"closed","ping_status":"","sticky":false,"template":"","format":"standard","meta":{"footnotes":""},"categories":[118],"tags":[357,484,1210,78,9,32,4045,162,55,780,1905,823,129,15,384,4720,4719,200,4718,1733,37,21],"class_list":["post-2920","post","type-post","status-publish","format-standard","has-post-thumbnail","hentry","category-haus-garten","tag-aber","tag-besten","tag-bin","tag-den","tag-die","tag-diesem","tag-farbredakteur","tag-farbtoene","tag-fuer","tag-geeignet","tag-gesehen","tag-habe","tag-ich","tag-ist","tag-jahr","tag-lebenswerte","tag-mutige","tag-palette","tag-pinterests","tag-trends","tag-und","tag-von","generate-columns","tablet-grid-50","mobile-grid-100","grid-parent","grid-50"],"yoast_head":"<!-- This site is optimized with the Yoast SEO plugin v27.3 - https:\/\/yoast.com\/product\/yoast-seo-wordpress\/ -->\n<title>Ich bin Farbredakteur und von all den Trends, die ich in diesem Jahr gesehen habe, ist Pinterests 2025 Palette am besten f\u00fcr mutige, aber lebenswerte Farbt\u00f6ne geeignet - Nachrichten - Stra\u00dfenweb<\/title>\n<meta name=\"robots\" content=\"index, follow, max-snippet:-1, max-image-preview:large, max-video-preview:-1\" \/>\n<link rel=\"canonical\" href=\"https:\/\/www.strassenweb.de\/nachrichten\/ich-bin-farbredakteur-und-von-all-den-trends-die-ich-in-diesem-jahr-gesehen-habe-ist-pinterests-2025-palette-am-besten-fuer-mutige-aber-lebenswerte-farbtoene-geeignet\/\" \/>\n<meta property=\"og:locale\" content=\"de_DE\" \/>\n<meta property=\"og:type\" content=\"article\" \/>\n<meta property=\"og:title\" content=\"Ich bin Farbredakteur und von all den Trends, die ich in diesem Jahr gesehen habe, ist Pinterests 2025 Palette am besten f\u00fcr mutige, aber lebenswerte Farbt\u00f6ne geeignet - Nachrichten - Stra\u00dfenweb\" \/>\n<meta property=\"og:description\" content=\"Als wir Ende Januar Ende Januar eine ziemlich gute Vorstellung von den Hauptfarbtrends haben, die in diesem Jahr Innenr\u00e4ume infiltrieren sollen, und Pinterest hat gerade\" \/>\n<meta property=\"og:url\" content=\"https:\/\/www.strassenweb.de\/nachrichten\/ich-bin-farbredakteur-und-von-all-den-trends-die-ich-in-diesem-jahr-gesehen-habe-ist-pinterests-2025-palette-am-besten-fuer-mutige-aber-lebenswerte-farbtoene-geeignet\/\" \/>\n<meta property=\"og:site_name\" content=\"Stra\u00dfenweb\" \/>\n<meta property=\"article:publisher\" content=\"https:\/\/www.facebook.com\/strassenweb\/\" \/>\n<meta property=\"article:published_time\" content=\"2025-01-25T02:41:47+00:00\" \/>\n<meta property=\"article:modified_time\" content=\"2025-01-25T02:41:49+00:00\" \/>\n<meta property=\"og:image\" content=\"https:\/\/www.strassenweb.de\/nachrichten\/wp-content\/uploads\/2025\/01\/Ich-bin-Farbredakteur-und-von-all-den-Trends-die-ich.jpg\" \/>\n\t<meta property=\"og:image:width\" content=\"1200\" \/>\n\t<meta property=\"og:image:height\" content=\"675\" \/>\n\t<meta property=\"og:image:type\" content=\"image\/jpeg\" \/>\n<meta name=\"author\" content=\"Robert Hoffmann\" \/>\n<meta name=\"twitter:card\" content=\"summary_large_image\" \/>\n<meta name=\"twitter:label1\" content=\"Verfasst von\" \/>\n\t<meta name=\"twitter:data1\" content=\"Robert Hoffmann\" \/>\n\t<meta name=\"twitter:label2\" content=\"Gesch\u00e4tzte Lesezeit\" \/>\n\t<meta name=\"twitter:data2\" content=\"4\u00a0Minuten\" \/>\n<script type=\"application\/ld+json\" class=\"yoast-schema-graph\">{\"@context\":\"https:\\\/\\\/schema.org\",\"@graph\":[{\"@type\":\"Article\",\"@id\":\"https:\\\/\\\/www.strassenweb.de\\\/nachrichten\\\/ich-bin-farbredakteur-und-von-all-den-trends-die-ich-in-diesem-jahr-gesehen-habe-ist-pinterests-2025-palette-am-besten-fuer-mutige-aber-lebenswerte-farbtoene-geeignet\\\/#article\",\"isPartOf\":{\"@id\":\"https:\\\/\\\/www.strassenweb.de\\\/nachrichten\\\/ich-bin-farbredakteur-und-von-all-den-trends-die-ich-in-diesem-jahr-gesehen-habe-ist-pinterests-2025-palette-am-besten-fuer-mutige-aber-lebenswerte-farbtoene-geeignet\\\/\"},\"author\":{\"name\":\"Robert Hoffmann\",\"@id\":\"https:\\\/\\\/www.strassenweb.de\\\/nachrichten\\\/#\\\/schema\\\/person\\\/87c9c9067f1211da429a744dc5a5aa41\"},\"headline\":\"Ich bin Farbredakteur und von all den Trends, die ich in diesem Jahr gesehen habe, ist Pinterests 2025 Palette am besten f\u00fcr mutige, aber lebenswerte Farbt\u00f6ne geeignet\",\"datePublished\":\"2025-01-25T02:41:47+00:00\",\"dateModified\":\"2025-01-25T02:41:49+00:00\",\"mainEntityOfPage\":{\"@id\":\"https:\\\/\\\/www.strassenweb.de\\\/nachrichten\\\/ich-bin-farbredakteur-und-von-all-den-trends-die-ich-in-diesem-jahr-gesehen-habe-ist-pinterests-2025-palette-am-besten-fuer-mutige-aber-lebenswerte-farbtoene-geeignet\\\/\"},\"wordCount\":801,\"publisher\":{\"@id\":\"https:\\\/\\\/www.strassenweb.de\\\/nachrichten\\\/#organization\"},\"image\":{\"@id\":\"https:\\\/\\\/www.strassenweb.de\\\/nachrichten\\\/ich-bin-farbredakteur-und-von-all-den-trends-die-ich-in-diesem-jahr-gesehen-habe-ist-pinterests-2025-palette-am-besten-fuer-mutige-aber-lebenswerte-farbtoene-geeignet\\\/#primaryimage\"},\"thumbnailUrl\":\"https:\\\/\\\/www.strassenweb.de\\\/nachrichten\\\/wp-content\\\/uploads\\\/2025\\\/01\\\/Ich-bin-Farbredakteur-und-von-all-den-Trends-die-ich.jpg\",\"keywords\":[\"aber\",\"besten\",\"bin\",\"den\",\"die\",\"diesem\",\"Farbredakteur\",\"Farbt\u00f6ne\",\"f\u00fcr\",\"geeignet\",\"gesehen\",\"habe\",\"ich\",\"ist\",\"Jahr\",\"lebenswerte\",\"mutige\",\"Palette\",\"Pinterests\",\"Trends\",\"und\",\"von\"],\"articleSection\":[\"Haus &amp; Garten\"],\"inLanguage\":\"de\"},{\"@type\":\"WebPage\",\"@id\":\"https:\\\/\\\/www.strassenweb.de\\\/nachrichten\\\/ich-bin-farbredakteur-und-von-all-den-trends-die-ich-in-diesem-jahr-gesehen-habe-ist-pinterests-2025-palette-am-besten-fuer-mutige-aber-lebenswerte-farbtoene-geeignet\\\/\",\"url\":\"https:\\\/\\\/www.strassenweb.de\\\/nachrichten\\\/ich-bin-farbredakteur-und-von-all-den-trends-die-ich-in-diesem-jahr-gesehen-habe-ist-pinterests-2025-palette-am-besten-fuer-mutige-aber-lebenswerte-farbtoene-geeignet\\\/\",\"name\":\"Ich bin Farbredakteur und von all den Trends, die ich in diesem Jahr gesehen habe, ist Pinterests 2025 Palette am besten f\u00fcr mutige, aber lebenswerte Farbt\u00f6ne geeignet - Nachrichten - Stra\u00dfenweb\",\"isPartOf\":{\"@id\":\"https:\\\/\\\/www.strassenweb.de\\\/nachrichten\\\/#website\"},\"primaryImageOfPage\":{\"@id\":\"https:\\\/\\\/www.strassenweb.de\\\/nachrichten\\\/ich-bin-farbredakteur-und-von-all-den-trends-die-ich-in-diesem-jahr-gesehen-habe-ist-pinterests-2025-palette-am-besten-fuer-mutige-aber-lebenswerte-farbtoene-geeignet\\\/#primaryimage\"},\"image\":{\"@id\":\"https:\\\/\\\/www.strassenweb.de\\\/nachrichten\\\/ich-bin-farbredakteur-und-von-all-den-trends-die-ich-in-diesem-jahr-gesehen-habe-ist-pinterests-2025-palette-am-besten-fuer-mutige-aber-lebenswerte-farbtoene-geeignet\\\/#primaryimage\"},\"thumbnailUrl\":\"https:\\\/\\\/www.strassenweb.de\\\/nachrichten\\\/wp-content\\\/uploads\\\/2025\\\/01\\\/Ich-bin-Farbredakteur-und-von-all-den-Trends-die-ich.jpg\",\"datePublished\":\"2025-01-25T02:41:47+00:00\",\"dateModified\":\"2025-01-25T02:41:49+00:00\",\"breadcrumb\":{\"@id\":\"https:\\\/\\\/www.strassenweb.de\\\/nachrichten\\\/ich-bin-farbredakteur-und-von-all-den-trends-die-ich-in-diesem-jahr-gesehen-habe-ist-pinterests-2025-palette-am-besten-fuer-mutige-aber-lebenswerte-farbtoene-geeignet\\\/#breadcrumb\"},\"inLanguage\":\"de\",\"potentialAction\":[{\"@type\":\"ReadAction\",\"target\":[\"https:\\\/\\\/www.strassenweb.de\\\/nachrichten\\\/ich-bin-farbredakteur-und-von-all-den-trends-die-ich-in-diesem-jahr-gesehen-habe-ist-pinterests-2025-palette-am-besten-fuer-mutige-aber-lebenswerte-farbtoene-geeignet\\\/\"]}]},{\"@type\":\"ImageObject\",\"inLanguage\":\"de\",\"@id\":\"https:\\\/\\\/www.strassenweb.de\\\/nachrichten\\\/ich-bin-farbredakteur-und-von-all-den-trends-die-ich-in-diesem-jahr-gesehen-habe-ist-pinterests-2025-palette-am-besten-fuer-mutige-aber-lebenswerte-farbtoene-geeignet\\\/#primaryimage\",\"url\":\"https:\\\/\\\/www.strassenweb.de\\\/nachrichten\\\/wp-content\\\/uploads\\\/2025\\\/01\\\/Ich-bin-Farbredakteur-und-von-all-den-Trends-die-ich.jpg\",\"contentUrl\":\"https:\\\/\\\/www.strassenweb.de\\\/nachrichten\\\/wp-content\\\/uploads\\\/2025\\\/01\\\/Ich-bin-Farbredakteur-und-von-all-den-Trends-die-ich.jpg\",\"width\":1200,\"height\":675,\"caption\":\"Ich bin Farbredakteur und von all den Trends, die ich in diesem Jahr gesehen habe, ist Pinterests 2025 Palette am besten f\u00fcr mutige, aber lebenswerte Farbt\u00f6ne geeignet\"},{\"@type\":\"BreadcrumbList\",\"@id\":\"https:\\\/\\\/www.strassenweb.de\\\/nachrichten\\\/ich-bin-farbredakteur-und-von-all-den-trends-die-ich-in-diesem-jahr-gesehen-habe-ist-pinterests-2025-palette-am-besten-fuer-mutige-aber-lebenswerte-farbtoene-geeignet\\\/#breadcrumb\",\"itemListElement\":[{\"@type\":\"ListItem\",\"position\":1,\"name\":\"Home\",\"item\":\"https:\\\/\\\/www.strassenweb.de\\\/nachrichten\\\/\"},{\"@type\":\"ListItem\",\"position\":2,\"name\":\"Ich bin Farbredakteur und von all den Trends, die ich in diesem Jahr gesehen habe, ist Pinterests 2025 Palette am besten f\u00fcr mutige, aber lebenswerte Farbt\u00f6ne geeignet\"}]},{\"@type\":\"WebSite\",\"@id\":\"https:\\\/\\\/www.strassenweb.de\\\/nachrichten\\\/#website\",\"url\":\"https:\\\/\\\/www.strassenweb.de\\\/nachrichten\\\/\",\"name\":\"Stra\u00dfenweb\",\"description\":\"Stra\u00dfenverzeichnis f\u00fcr Deutschland\",\"publisher\":{\"@id\":\"https:\\\/\\\/www.strassenweb.de\\\/nachrichten\\\/#organization\"},\"potentialAction\":[{\"@type\":\"SearchAction\",\"target\":{\"@type\":\"EntryPoint\",\"urlTemplate\":\"https:\\\/\\\/www.strassenweb.de\\\/nachrichten\\\/?s={search_term_string}\"},\"query-input\":{\"@type\":\"PropertyValueSpecification\",\"valueRequired\":true,\"valueName\":\"search_term_string\"}}],\"inLanguage\":\"de\"},{\"@type\":\"Organization\",\"@id\":\"https:\\\/\\\/www.strassenweb.de\\\/nachrichten\\\/#organization\",\"name\":\"Stra\u00dfenweb\",\"url\":\"https:\\\/\\\/www.strassenweb.de\\\/nachrichten\\\/\",\"logo\":{\"@type\":\"ImageObject\",\"inLanguage\":\"de\",\"@id\":\"https:\\\/\\\/www.strassenweb.de\\\/nachrichten\\\/#\\\/schema\\\/logo\\\/image\\\/\",\"url\":\"https:\\\/\\\/www.strassenweb.de\\\/nachrichten\\\/wp-content\\\/uploads\\\/2024\\\/09\\\/cropped-favicon.png\",\"contentUrl\":\"https:\\\/\\\/www.strassenweb.de\\\/nachrichten\\\/wp-content\\\/uploads\\\/2024\\\/09\\\/cropped-favicon.png\",\"width\":512,\"height\":512,\"caption\":\"Stra\u00dfenweb\"},\"image\":{\"@id\":\"https:\\\/\\\/www.strassenweb.de\\\/nachrichten\\\/#\\\/schema\\\/logo\\\/image\\\/\"},\"sameAs\":[\"https:\\\/\\\/www.facebook.com\\\/strassenweb\\\/\"]},{\"@type\":\"Person\",\"@id\":\"https:\\\/\\\/www.strassenweb.de\\\/nachrichten\\\/#\\\/schema\\\/person\\\/87c9c9067f1211da429a744dc5a5aa41\",\"name\":\"Robert Hoffmann\",\"image\":{\"@type\":\"ImageObject\",\"inLanguage\":\"de\",\"@id\":\"https:\\\/\\\/www.strassenweb.de\\\/nachrichten\\\/wp-content\\\/uploads\\\/2024\\\/09\\\/strassenweb-150x150.jpg\",\"url\":\"https:\\\/\\\/www.strassenweb.de\\\/nachrichten\\\/wp-content\\\/uploads\\\/2024\\\/09\\\/strassenweb-150x150.jpg\",\"contentUrl\":\"https:\\\/\\\/www.strassenweb.de\\\/nachrichten\\\/wp-content\\\/uploads\\\/2024\\\/09\\\/strassenweb-150x150.jpg\",\"caption\":\"Robert Hoffmann\"},\"description\":\"Ich hei\u00dfe Robert Hoffmann und ich bin ein leidenschaftlicher Verfechter von \u00d6kologie und Biodiversit\u00e4t. Seit meiner Kindheit in den W\u00e4ldern Bayerns f\u00fchle ich mich mit der Natur verbunden und bin entschlossen, sie zu sch\u00fctzen. Heute widme ich mein Leben der Sensibilisierung anderer f\u00fcr die Bedeutung des Umweltschutzes f\u00fcr zuk\u00fcnftige Generationen.\",\"sameAs\":[\"https:\\\/\\\/www.strassenweb.de\\\/\"]}]}<\/script>\n<!-- \/ Yoast SEO plugin. -->","yoast_head_json":{"title":"Ich bin Farbredakteur und von all den Trends, die ich in diesem Jahr gesehen habe, ist Pinterests 2025 Palette am besten f\u00fcr mutige, aber lebenswerte Farbt\u00f6ne geeignet - Nachrichten - Stra\u00dfenweb","robots":{"index":"index","follow":"follow","max-snippet":"max-snippet:-1","max-image-preview":"max-image-preview:large","max-video-preview":"max-video-preview:-1"},"canonical":"https:\/\/www.strassenweb.de\/nachrichten\/ich-bin-farbredakteur-und-von-all-den-trends-die-ich-in-diesem-jahr-gesehen-habe-ist-pinterests-2025-palette-am-besten-fuer-mutige-aber-lebenswerte-farbtoene-geeignet\/","og_locale":"de_DE","og_type":"article","og_title":"Ich bin Farbredakteur und von all den Trends, die ich in diesem Jahr gesehen habe, ist Pinterests 2025 Palette am besten f\u00fcr mutige, aber lebenswerte Farbt\u00f6ne geeignet - Nachrichten - Stra\u00dfenweb","og_description":"Als wir Ende Januar Ende Januar eine ziemlich gute Vorstellung von den Hauptfarbtrends haben, die in diesem Jahr Innenr\u00e4ume infiltrieren sollen, und Pinterest hat gerade","og_url":"https:\/\/www.strassenweb.de\/nachrichten\/ich-bin-farbredakteur-und-von-all-den-trends-die-ich-in-diesem-jahr-gesehen-habe-ist-pinterests-2025-palette-am-besten-fuer-mutige-aber-lebenswerte-farbtoene-geeignet\/","og_site_name":"Stra\u00dfenweb","article_publisher":"https:\/\/www.facebook.com\/strassenweb\/","article_published_time":"2025-01-25T02:41:47+00:00","article_modified_time":"2025-01-25T02:41:49+00:00","og_image":[{"width":1200,"height":675,"url":"https:\/\/www.strassenweb.de\/nachrichten\/wp-content\/uploads\/2025\/01\/Ich-bin-Farbredakteur-und-von-all-den-Trends-die-ich.jpg","type":"image\/jpeg"}],"author":"Robert Hoffmann","twitter_card":"summary_large_image","twitter_misc":{"Verfasst von":"Robert Hoffmann","Gesch\u00e4tzte Lesezeit":"4\u00a0Minuten"},"schema":{"@context":"https:\/\/schema.org","@graph":[{"@type":"Article","@id":"https:\/\/www.strassenweb.de\/nachrichten\/ich-bin-farbredakteur-und-von-all-den-trends-die-ich-in-diesem-jahr-gesehen-habe-ist-pinterests-2025-palette-am-besten-fuer-mutige-aber-lebenswerte-farbtoene-geeignet\/#article","isPartOf":{"@id":"https:\/\/www.strassenweb.de\/nachrichten\/ich-bin-farbredakteur-und-von-all-den-trends-die-ich-in-diesem-jahr-gesehen-habe-ist-pinterests-2025-palette-am-besten-fuer-mutige-aber-lebenswerte-farbtoene-geeignet\/"},"author":{"name":"Robert Hoffmann","@id":"https:\/\/www.strassenweb.de\/nachrichten\/#\/schema\/person\/87c9c9067f1211da429a744dc5a5aa41"},"headline":"Ich bin Farbredakteur und von all den Trends, die ich in diesem Jahr gesehen habe, ist Pinterests 2025 Palette am besten f\u00fcr mutige, aber lebenswerte Farbt\u00f6ne geeignet","datePublished":"2025-01-25T02:41:47+00:00","dateModified":"2025-01-25T02:41:49+00:00","mainEntityOfPage":{"@id":"https:\/\/www.strassenweb.de\/nachrichten\/ich-bin-farbredakteur-und-von-all-den-trends-die-ich-in-diesem-jahr-gesehen-habe-ist-pinterests-2025-palette-am-besten-fuer-mutige-aber-lebenswerte-farbtoene-geeignet\/"},"wordCount":801,"publisher":{"@id":"https:\/\/www.strassenweb.de\/nachrichten\/#organization"},"image":{"@id":"https:\/\/www.strassenweb.de\/nachrichten\/ich-bin-farbredakteur-und-von-all-den-trends-die-ich-in-diesem-jahr-gesehen-habe-ist-pinterests-2025-palette-am-besten-fuer-mutige-aber-lebenswerte-farbtoene-geeignet\/#primaryimage"},"thumbnailUrl":"https:\/\/www.strassenweb.de\/nachrichten\/wp-content\/uploads\/2025\/01\/Ich-bin-Farbredakteur-und-von-all-den-Trends-die-ich.jpg","keywords":["aber","besten","bin","den","die","diesem","Farbredakteur","Farbt\u00f6ne","f\u00fcr","geeignet","gesehen","habe","ich","ist","Jahr","lebenswerte","mutige","Palette","Pinterests","Trends","und","von"],"articleSection":["Haus &amp; Garten"],"inLanguage":"de"},{"@type":"WebPage","@id":"https:\/\/www.strassenweb.de\/nachrichten\/ich-bin-farbredakteur-und-von-all-den-trends-die-ich-in-diesem-jahr-gesehen-habe-ist-pinterests-2025-palette-am-besten-fuer-mutige-aber-lebenswerte-farbtoene-geeignet\/","url":"https:\/\/www.strassenweb.de\/nachrichten\/ich-bin-farbredakteur-und-von-all-den-trends-die-ich-in-diesem-jahr-gesehen-habe-ist-pinterests-2025-palette-am-besten-fuer-mutige-aber-lebenswerte-farbtoene-geeignet\/","name":"Ich bin Farbredakteur und von all den Trends, die ich in diesem Jahr gesehen habe, ist Pinterests 2025 Palette am besten f\u00fcr mutige, aber lebenswerte Farbt\u00f6ne geeignet - Nachrichten - Stra\u00dfenweb","isPartOf":{"@id":"https:\/\/www.strassenweb.de\/nachrichten\/#website"},"primaryImageOfPage":{"@id":"https:\/\/www.strassenweb.de\/nachrichten\/ich-bin-farbredakteur-und-von-all-den-trends-die-ich-in-diesem-jahr-gesehen-habe-ist-pinterests-2025-palette-am-besten-fuer-mutige-aber-lebenswerte-farbtoene-geeignet\/#primaryimage"},"image":{"@id":"https:\/\/www.strassenweb.de\/nachrichten\/ich-bin-farbredakteur-und-von-all-den-trends-die-ich-in-diesem-jahr-gesehen-habe-ist-pinterests-2025-palette-am-besten-fuer-mutige-aber-lebenswerte-farbtoene-geeignet\/#primaryimage"},"thumbnailUrl":"https:\/\/www.strassenweb.de\/nachrichten\/wp-content\/uploads\/2025\/01\/Ich-bin-Farbredakteur-und-von-all-den-Trends-die-ich.jpg","datePublished":"2025-01-25T02:41:47+00:00","dateModified":"2025-01-25T02:41:49+00:00","breadcrumb":{"@id":"https:\/\/www.strassenweb.de\/nachrichten\/ich-bin-farbredakteur-und-von-all-den-trends-die-ich-in-diesem-jahr-gesehen-habe-ist-pinterests-2025-palette-am-besten-fuer-mutige-aber-lebenswerte-farbtoene-geeignet\/#breadcrumb"},"inLanguage":"de","potentialAction":[{"@type":"ReadAction","target":["https:\/\/www.strassenweb.de\/nachrichten\/ich-bin-farbredakteur-und-von-all-den-trends-die-ich-in-diesem-jahr-gesehen-habe-ist-pinterests-2025-palette-am-besten-fuer-mutige-aber-lebenswerte-farbtoene-geeignet\/"]}]},{"@type":"ImageObject","inLanguage":"de","@id":"https:\/\/www.strassenweb.de\/nachrichten\/ich-bin-farbredakteur-und-von-all-den-trends-die-ich-in-diesem-jahr-gesehen-habe-ist-pinterests-2025-palette-am-besten-fuer-mutige-aber-lebenswerte-farbtoene-geeignet\/#primaryimage","url":"https:\/\/www.strassenweb.de\/nachrichten\/wp-content\/uploads\/2025\/01\/Ich-bin-Farbredakteur-und-von-all-den-Trends-die-ich.jpg","contentUrl":"https:\/\/www.strassenweb.de\/nachrichten\/wp-content\/uploads\/2025\/01\/Ich-bin-Farbredakteur-und-von-all-den-Trends-die-ich.jpg","width":1200,"height":675,"caption":"Ich bin Farbredakteur und von all den Trends, die ich in diesem Jahr gesehen habe, ist Pinterests 2025 Palette am besten f\u00fcr mutige, aber lebenswerte Farbt\u00f6ne geeignet"},{"@type":"BreadcrumbList","@id":"https:\/\/www.strassenweb.de\/nachrichten\/ich-bin-farbredakteur-und-von-all-den-trends-die-ich-in-diesem-jahr-gesehen-habe-ist-pinterests-2025-palette-am-besten-fuer-mutige-aber-lebenswerte-farbtoene-geeignet\/#breadcrumb","itemListElement":[{"@type":"ListItem","position":1,"name":"Home","item":"https:\/\/www.strassenweb.de\/nachrichten\/"},{"@type":"ListItem","position":2,"name":"Ich bin Farbredakteur und von all den Trends, die ich in diesem Jahr gesehen habe, ist Pinterests 2025 Palette am besten f\u00fcr mutige, aber lebenswerte Farbt\u00f6ne geeignet"}]},{"@type":"WebSite","@id":"https:\/\/www.strassenweb.de\/nachrichten\/#website","url":"https:\/\/www.strassenweb.de\/nachrichten\/","name":"Stra\u00dfenweb","description":"Stra\u00dfenverzeichnis f\u00fcr Deutschland","publisher":{"@id":"https:\/\/www.strassenweb.de\/nachrichten\/#organization"},"potentialAction":[{"@type":"SearchAction","target":{"@type":"EntryPoint","urlTemplate":"https:\/\/www.strassenweb.de\/nachrichten\/?s={search_term_string}"},"query-input":{"@type":"PropertyValueSpecification","valueRequired":true,"valueName":"search_term_string"}}],"inLanguage":"de"},{"@type":"Organization","@id":"https:\/\/www.strassenweb.de\/nachrichten\/#organization","name":"Stra\u00dfenweb","url":"https:\/\/www.strassenweb.de\/nachrichten\/","logo":{"@type":"ImageObject","inLanguage":"de","@id":"https:\/\/www.strassenweb.de\/nachrichten\/#\/schema\/logo\/image\/","url":"https:\/\/www.strassenweb.de\/nachrichten\/wp-content\/uploads\/2024\/09\/cropped-favicon.png","contentUrl":"https:\/\/www.strassenweb.de\/nachrichten\/wp-content\/uploads\/2024\/09\/cropped-favicon.png","width":512,"height":512,"caption":"Stra\u00dfenweb"},"image":{"@id":"https:\/\/www.strassenweb.de\/nachrichten\/#\/schema\/logo\/image\/"},"sameAs":["https:\/\/www.facebook.com\/strassenweb\/"]},{"@type":"Person","@id":"https:\/\/www.strassenweb.de\/nachrichten\/#\/schema\/person\/87c9c9067f1211da429a744dc5a5aa41","name":"Robert Hoffmann","image":{"@type":"ImageObject","inLanguage":"de","@id":"https:\/\/www.strassenweb.de\/nachrichten\/wp-content\/uploads\/2024\/09\/strassenweb-150x150.jpg","url":"https:\/\/www.strassenweb.de\/nachrichten\/wp-content\/uploads\/2024\/09\/strassenweb-150x150.jpg","contentUrl":"https:\/\/www.strassenweb.de\/nachrichten\/wp-content\/uploads\/2024\/09\/strassenweb-150x150.jpg","caption":"Robert Hoffmann"},"description":"Ich hei\u00dfe Robert Hoffmann und ich bin ein leidenschaftlicher Verfechter von \u00d6kologie und Biodiversit\u00e4t. Seit meiner Kindheit in den W\u00e4ldern Bayerns f\u00fchle ich mich mit der Natur verbunden und bin entschlossen, sie zu sch\u00fctzen. Heute widme ich mein Leben der Sensibilisierung anderer f\u00fcr die Bedeutung des Umweltschutzes f\u00fcr zuk\u00fcnftige Generationen.","sameAs":["https:\/\/www.strassenweb.de\/"]}]}},"_links":{"self":[{"href":"https:\/\/www.strassenweb.de\/nachrichten\/wp-json\/wp\/v2\/posts\/2920","targetHints":{"allow":["GET"]}}],"collection":[{"href":"https:\/\/www.strassenweb.de\/nachrichten\/wp-json\/wp\/v2\/posts"}],"about":[{"href":"https:\/\/www.strassenweb.de\/nachrichten\/wp-json\/wp\/v2\/types\/post"}],"author":[{"embeddable":true,"href":"https:\/\/www.strassenweb.de\/nachrichten\/wp-json\/wp\/v2\/users\/1"}],"replies":[{"embeddable":true,"href":"https:\/\/www.strassenweb.de\/nachrichten\/wp-json\/wp\/v2\/comments?post=2920"}],"version-history":[{"count":0,"href":"https:\/\/www.strassenweb.de\/nachrichten\/wp-json\/wp\/v2\/posts\/2920\/revisions"}],"wp:featuredmedia":[{"embeddable":true,"href":"https:\/\/www.strassenweb.de\/nachrichten\/wp-json\/wp\/v2\/media\/2921"}],"wp:attachment":[{"href":"https:\/\/www.strassenweb.de\/nachrichten\/wp-json\/wp\/v2\/media?parent=2920"}],"wp:term":[{"taxonomy":"category","embeddable":true,"href":"https:\/\/www.strassenweb.de\/nachrichten\/wp-json\/wp\/v2\/categories?post=2920"},{"taxonomy":"post_tag","embeddable":true,"href":"https:\/\/www.strassenweb.de\/nachrichten\/wp-json\/wp\/v2\/tags?post=2920"}],"curies":[{"name":"wp","href":"https:\/\/api.w.org\/{rel}","templated":true}]}}