{"id":2886,"date":"2025-01-23T15:45:29","date_gmt":"2025-01-23T14:45:29","guid":{"rendered":"https:\/\/www.strassenweb.de\/nachrichten\/die-unerwarteten-mikrotrends-die-designer-als-zeitlos-bezeichnen-sind-tatsaechlich-zeitlos\/"},"modified":"2025-01-23T15:45:35","modified_gmt":"2025-01-23T14:45:35","slug":"die-unerwarteten-mikrotrends-die-designer-als-zeitlos-bezeichnen-sind-tatsaechlich-zeitlos","status":"publish","type":"post","link":"https:\/\/www.strassenweb.de\/nachrichten\/die-unerwarteten-mikrotrends-die-designer-als-zeitlos-bezeichnen-sind-tatsaechlich-zeitlos\/","title":{"rendered":"Die unerwarteten \u201eMikrotrends\u201c, die Designer als zeitlos bezeichnen, sind tats\u00e4chlich zeitlos"},"content":{"rendered":"<p><\/p>\n<div id=\"article-body\" class=\"article__body \">\n<p>Designtrends entwickeln sich schneller als je zuvor, was es schwierig macht, sich auf einen neuen Einrichtungsstil festzulegen. Viele innovative Ideen in der Welt der Inneneinrichtung erweisen sich sp\u00e4ter als nichts anderes als vor\u00fcbergehende Modeerscheinungen. Und da das Renovieren eine kostspielige Angelegenheit ist, m\u00f6chten wir nicht in diese sogenannten \u201eMikrotrends\u201c investieren, die unser Zuhause bereits nach sechs Monaten ver\u00e4ndern.<\/p>\n<div id=\"ad-unit-1\" class=\"ad-unit\"><\/div>\n<p>Die letzten Jahre haben eine F\u00fclle neuer Innenarchitekturtrends hervorgebracht, von der Wiederbelebung von Klassikern der 70er-Jahre wie geschwungenen Sofas bis hin zu frischen Ideen wie dem Farbtrend \u201eUnerwartetes Rot\u201c. Sie alle haben bereits einen Moment im Rampenlicht genossen, aber die Frage ist, wer von ihnen wahrscheinlich auch das ganze Jahr 2025 durchhalten wird?<\/p>\n<aside class=\"hawk-nest\" data-block-type=\"embed\" data-render-type=\"fte\" data-skip=\"dealsy\" data-widget-type=\"seasonal\">\n<div class=\"hawk-master-widget-hawk-base-wrapper\"><\/div>\n<\/aside>\n<p>Um das herauszufinden, haben wir mit f\u00fchrenden Designern gesprochen, die eine Liste von Mikrotrends vorgelegt haben, von denen sie erwarten, dass sie 2025 und dar\u00fcber hinaus dominieren werden. Auch wenn sie derzeit noch relativ neu in der Szene sind, gehen wir davon aus, dass sie bald Teil des Designkanons werden und es Ihnen erm\u00f6glichen, Ihr Zuhause neu zu dekorieren und Designentscheidungen mit Zuversicht zu treffen.<\/p>\n<div id=\"desktop-in-article\" class=\"in-article ad-unit\">\n<div id=\"desktop-taboola-mid-article\"><\/div>\n<\/div>\n<div id=\"mobile-in-article\" class=\"in-article ad-unit\">\n<div id=\"mobile-taboola-mid-article\"><\/div>\n<\/div>\n<h3 class=\"article-body__section\" id=\"section-1-curved-sofas\"><span>1. Geschwungene Sofas<\/span><\/h3>\n<figure class=\"van-image-figure inline-layout \" data-bordeaux-image-check>\n<div class=\"image-full-width-wrapper\">\n<div class=\"image-widthsetter\" style=\"max-width:2992px;\"><\/div>\n<\/div>\n<\/figure>\n<p>Geschwungene Sofas sind keineswegs ein neues Ph\u00e4nomen, aber sie sind in den letzten Jahren durchaus in den Vordergrund ger\u00fcckt. M\u00f6bel mit geschwungenen Linien und konvexen Formen werden gegen\u00fcber klaren Linien und Symmetrie bevorzugt, was dazu beitr\u00e4gt, R\u00e4ume weicher zu machen und f\u00fcr eine geselligere Atmosph\u00e4re zu sorgen.<\/p>\n<div class=\"van_vid_carousel\">\n<div class=\"van_vid_carousel__padding\">\n<div class=\"van_vid_carousel__container\"><\/div>\n<\/div>\n<\/div>\n<p>Auch die Designer haben nicht die Absicht, sich dem Trend so schnell zu entziehen. \u201eDieser Trend wird nicht verschwinden\u201c, sagt die in Dallas ans\u00e4ssige Innenarchitektin Jessica Maros. \u201eTats\u00e4chlich denke ich, dass wir bald neue Versionen des Bumerang-Sofas sehen werden.\u201c Dieser Trend lehrt uns, Sofas nicht gegen W\u00e4nde zu sto\u00dfen und regt dazu an, M\u00f6bel in einem Raum zu zentrieren. \u201eIch bin ein gro\u00dfer Bef\u00fcrworter dieser Verschiebung der r\u00e4umlichen Anordnung.\u201c<\/p>\n<div id=\"ad-unit-2\" class=\"ad-unit\"><\/div>\n<p>Paris Forino, der Designer, der den Raum oben gestaltet hat, stimmt zu, dass der Trend zu gebogenen Sofas eine neue Wohnzimmerkonfiguration hervorgebracht hat. \u201eDiese Sofaform ist skulptural, h\u00fcbsch und wundersch\u00f6n geformt\u201c, sagt sie. \u201eAus diesem Grund funktioniert es wirklich gut als schwebendes Statement-St\u00fcck in einem Raum, anstatt in einer Ecke oder an einer Wand versteckt zu werden.\u201c<\/p>\n<h3 class=\"article-body__section\" id=\"section-2-monochrome-color-palettes\"><span>2. Monochrome Farbpaletten<\/span><\/h3>\n<figure class=\"van-image-figure inline-layout \" data-bordeaux-image-check>\n<div class=\"image-full-width-wrapper\">\n<div class=\"image-widthsetter\" style=\"max-width:6720px;\"><\/div>\n<\/div>\n<\/figure>\n<p>Monochrome Farbschemata bieten eine zusammenh\u00e4ngende Gestaltungsidee und tragen dazu bei, Tiefe und Dimension innerhalb eines Raums hervorzuheben. Sie waren in den letzten Jahren ein beliebter Designtrend, der neben der Technik der farbgetr\u00e4nkten Lackierung und einer wachsenden Wertsch\u00e4tzung f\u00fcr Farbe im Allgemeinen auf dem Vormarsch ist.<\/p>\n<p>\u201eDer Vorteil monochromer R\u00e4ume besteht darin, dass sie eine gro\u00dfe visuelle St\u00e4rke haben\u201c, sagt Paris. Der dar\u00fcber liegende Raum verwendet beispielsweise eine minimale Farbpalette, aber jede Entscheidung ist bewusst und erg\u00e4nzt die umgebenden M\u00f6bel. Das Ergebnis ist ein vielschichtiger und harmonischer Look mit einem klaren Schwerpunkt, auf dem Ihr Auge ruhen kann.<\/p>\n<h3 class=\"article-body__section\" id=\"section-3-skirted-furniture\"><span>3. M\u00f6bel mit Sockel<\/span><\/h3>\n<figure class=\"van-image-figure inline-layout \" data-bordeaux-image-check>\n<div class=\"image-full-width-wrapper\">\n<div class=\"image-widthsetter\" style=\"max-width:2000px;\"><\/div>\n<\/div>\n<\/figure>\n<p>Wenn Sie in letzter Zeit einen Aufschwung bei zeitgen\u00f6ssischen Chintz-Stilen bemerkt haben, sind Sie nicht allein. Altmodische Stoffe und dekorative Details, die aussehen, als w\u00e4ren sie dem Wohnzimmer Ihrer Gro\u00dfmutter aus den 1980er-Jahren entlehnt, erhalten einen modernen Touch.<\/p>\n<p>M\u00f6bel mit Sockel<strong> <\/strong>ist ein brillantes Beispiel. Wundersch\u00f6n gemusterte Falten an den Kanten von Hockern, St\u00fchlen und Sofas sorgen f\u00fcr eine heimelige Atmosph\u00e4re im Landhausstil, und Designer sagen, dass es sich um einen Mikrotrend handelt, den Sie im Jahr 2025 noch st\u00e4rker bemerken werden.<\/p>\n<p>\u201eMir fallen moderne Interpretationen von Faltenr\u00f6cken auf, die um Sofas gewickelt sind\u201c, sagt Jessica. \u201eStellen Sie sie sich auf geschwungenen, L-f\u00f6rmigen oder U-f\u00f6rmigen Sofas vor.\u201c \u201eDieser Trend f\u00fchlt sich wie eine raffinierte Anspielung auf die Vergangenheit an, und obwohl ich kein Fan von R\u00fcschen bin, haben mich moderne Faltenr\u00f6cke \u2013 stark geb\u00fcgelt um schlanke Sofas mit klaren Linien \u2013 absolut begeistert.\u201c<\/p>\n<h3 class=\"article-body__section\" id=\"section-4-color-drenching\"><span>4. Farbdurchn\u00e4ssung <\/span><\/h3>\n<figure class=\"van-image-figure inline-layout \" data-bordeaux-image-check>\n<div class=\"image-full-width-wrapper\">\n<div class=\"image-widthsetter\" style=\"max-width:2000px;\"><\/div>\n<\/div>\n<\/figure>\n<p>In den letzten Jahren und den damit einhergehenden Turbulenzen hat sich unsere Einstellung zum Dekorieren ver\u00e4ndert. Da wir immer mehr Zeit in unseren eigenen vier W\u00e4nden verbringen, legen wir alle Wert auf mehr Charakter und Pers\u00f6nlichkeit in unseren Designs.<\/p>\n<p>Einer der anhaltenden Trends, der auch im Jahr 2025 (und zweifellos auch dar\u00fcber hinaus) anhalten wird, ist das Durchtr\u00e4nken von Farben \u2013 die Technik, einen ganzen Raum, einschlie\u00dflich der Decke und der Holzarbeiten, in einem Farbton zu s\u00e4ttigen.<\/p>\n<p>\u201eEinen Raum in einen einzigartigen Farbton zu tauchen, setzt ein mutiges Statement und f\u00e4ngt die Energie und Essenz einer sch\u00f6nen Farbe ein\u201c, sagt Paris. \u201eDas erste, was ich in der Designschule gelernt habe, ist, dass ein gut gestalteter Raum die Art und Weise ver\u00e4ndern kann, wie man sich f\u00fchlt, und ich habe immer an dieser Idee festgehalten. Farbe l\u00f6st eindeutig pure Freude aus.\u201c<\/p>\n<h3 class=\"article-body__section\" id=\"section-5-lime-plaster-and-microcement\"><span>5. Kalkputz und Mikrozement<\/span><\/h3>\n<figure class=\"van-image-figure inline-layout \" data-bordeaux-image-check>\n<div class=\"image-full-width-wrapper\">\n<div class=\"image-widthsetter\" style=\"max-width:2000px;\"><\/div>\n<\/div>\n<\/figure>\n<p>Von Boucl\u00e9-Polstern bis hin zu Hochglanzlackierungen \u2013 die Textur war in den letzten 12 Monaten ein wichtiger Bestandteil der Diskussion. F\u00fcr das Jahr 2025 erwarten Designer, dass rohe, unfertige Texturen auf dem Vormarsch sind. \u00c4hnliche Ideen sahen wir 2023 und 2024, wobei geharkter Putz, Stuck und handwerkliche Farbtechniken wie Kalkanstrich verwendet wurden, um einen organischen Look zu schaffen.<\/p>\n<p>Bei unserem n\u00e4chsten Umlauf um die Sonne k\u00f6nnen Sie damit rechnen, dass Kalkputz und Mikrozement in unseren H\u00e4usern auftauchen. \u201eDie Patina und die Textur sind einfach himmlisch\u201c, sagt Jessica. \u201eMan kann alles verputzen \u2013 W\u00e4nde, Kamine, Decken, sogar Fliesenb\u00f6den.\u201c Es schafft ein atemberaubendes Gef\u00fchl und ist sowohl nachhaltig als auch umweltfreundlich.\u201c<\/p>\n<div class=\"product-container hero-product-container product-block-no-wrap\"><\/div>\n<h3 class=\"article-body__section\" id=\"section-6-mural-wall-coverings\"><span>6. Wandverkleidungen<\/span><\/h3>\n<figure class=\"van-image-figure inline-layout \" data-bordeaux-image-check>\n<div class=\"image-full-width-wrapper\">\n<div class=\"image-widthsetter\" style=\"max-width:6486px;\"><\/div>\n<\/div>\n<\/figure>\n<p>Unser mutigerer Designansatz der letzten Jahre spiegelt sich auch in unseren W\u00e4nden wider. Akzentw\u00e4nde haben durch das Aufkommen von Statement-Motiven und Wandgem\u00e4lden eine neue Bedeutung erhalten und schaffen eindringliche Szenen in Ihrem Zuhause, die einen hervorragenden Gespr\u00e4chspunkt darstellen.<\/p>\n<p>\u201eIch denke, der gr\u00fcne Trend \u2013 \u00fcppiges Gr\u00fcn und Blumenmotive auf Tapeten, Stoffen und Teppichen \u2013 wird anhalten\u201c, bemerkt Laura Elliott von Refined Interiors. \u201eDer beruhigende Einfluss der Natur ist nach wie vor ein wichtiges Designelement, und seine anhaltende Anziehungskraft legt nahe, dass es auf absehbare Zeit ein fester Bestandteil der Innenarchitektur bleiben wird.\u201c<\/p>\n<p>Diese Aussage<strong> <\/strong>Besonders beliebt ist die Tapetenidee in geselligen R\u00e4umen des Hauses. \u201eBesonders gef\u00e4llt mir die Verwendung einer von Wandgem\u00e4lden inspirierten Wandverkleidung in Esszimmern, um einen optisch interessanten und ansprechenden Blickfang f\u00fcr die am Tisch versammelten Personen zu schaffen\u201c, sagt Paris.<\/p>\n<h3 class=\"article-body__section\" id=\"section-7-raw-wood-kitchen-cabinetry\"><span>7. K\u00fcchenschr\u00e4nke aus rohem Holz<\/span><\/h3>\n<figure class=\"van-image-figure inline-layout \" data-bordeaux-image-check>\n<div class=\"image-full-width-wrapper\">\n<div class=\"image-widthsetter\" style=\"max-width:2782px;\"><\/div>\n<\/div>\n<\/figure>\n<p>Die Welt der sterilen, wei\u00dfen K\u00fcchen mit Hochglanzoberfl\u00e4chen gibt es nicht mehr. Moderne K\u00fcchen f\u00fchlen sich viel gem\u00fctlicher an, mit weichen Texturen, entspannten Sitzgelegenheiten und \u2013 neuerdings \u2013 rohen Holzschr\u00e4nken.<\/p>\n<p>Organische Materialien k\u00f6nnen daf\u00fcr sorgen, dass sich eine K\u00fcche viel w\u00e4rmer und einladender anf\u00fchlt, und ihre schlichte Einfachheit wird auch die Zeit \u00fcberdauern. \u201eW\u00e4hrend kr\u00e4ftige und helle K\u00fcchenfarben ihre Berechtigung haben, bieten nat\u00fcrliche Materialien wie Holz eine zeitlose Alternative und schaffen eine einladende und anspruchsvolle Atmosph\u00e4re\u201c, sagt Stacey Cobley, leitende Designerin bei Kitchenmakers, Harvey Jones.<\/p>\n<p>Vor allem K\u00fccheninseln aus Holz k\u00f6nnen einen auff\u00e4lligen Blickfang bilden. \u201eAls Herzst\u00fcck der K\u00fcche schafft eine vollst\u00e4ndig aus Holz gefertigte Insel die perfekte Balance zwischen Tradition und Moderne, K\u00fchnheit und W\u00e4rme, Form und Funktion\u201c, sagt Stacey. \u201eEs ist nicht nur optisch ansprechend, sondern Holzakzente erg\u00e4nzen auch eine Vielzahl von Materialien, von luxuri\u00f6sen Marmorarbeitsplatten bis hin zu metallischen Beschl\u00e4gen wie Messinggriffen.\u201c<\/p>\n<h3 class=\"article-body__section\" id=\"section-8-standout-ceilings\"><span>8. Herausragende Decken<\/span><\/h3>\n<figure class=\"van-image-figure inline-layout \" data-bordeaux-image-check>\n<div class=\"image-full-width-wrapper\">\n<div class=\"image-widthsetter\" style=\"max-width:2732px;\"><\/div>\n<\/div>\n<\/figure>\n<p>In letzter Zeit entscheiden sich immer mehr von uns daf\u00fcr, ihre f\u00fcnfte Wand (besser bekannt als Decke) zu dekorieren. Die Designer sagen, dass unsere ver\u00e4nderte Haltung gegen\u00fcber diesem lange vernachl\u00e4ssigten Raum keineswegs eine vor\u00fcbergehende Modeerscheinung ist, sondern von Dauer sein wird. Wie Ansley Majit vom in San Francisco ans\u00e4ssigen Studio LARK + PALM sagt: \u201eIm Jahr 2025 werden wir weiterhin mit Farbe oder Tapeten bedeckte Decken sehen, die umh\u00fcllte, gem\u00fctliche R\u00e4ume schaffen.\u201c<\/p>\n<p>\u00dcber die typischen Ideen mit Farbe und Tapete hinaus beobachtet Laura, wie sie sagt, eine noch gr\u00f6\u00dfere Kreativit\u00e4t an Decken. \u201eHochglanz, bemalte Wandgem\u00e4lde, sogar freiliegendes Holz \u2013 wir versto\u00dfen hier gegen die Regeln\u201c, sagt sie. \u201eDie Decke bietet so eine tolle Leinwand und einen Fokuspunkt f\u00fcr die Augen, ich denke, sie wird bleiben!\u201c<\/p>\n<h3 class=\"article-body__section\" id=\"section-9-red-decor\"><span>9. Rotes Dekor<\/span><\/h3>\n<figure class=\"van-image-figure inline-layout \" data-bordeaux-image-check>\n<div class=\"image-full-width-wrapper\">\n<div class=\"image-widthsetter\" style=\"max-width:2000px;\"><\/div>\n<\/div>\n<\/figure>\n<p>Der \u201eunerwartete Rot\u201c-Trend im Jahr 2024 f\u00fchrte dazu, dass wir die ersten Varianten dieses Farbtons in gewagten Farbtupfern in unserem Zuhause aufgriffen. Die Theorie besagt, dass eine zuf\u00e4llige Injektion von leuchtendem Rot einen Raum sofort aufwerten kann, aber Designer adaptieren die Idee im Jahr 2025.<\/p>\n<p>Anstelle von Purpurt\u00f6nen sind dunklere, tiefere Rott\u00f6ne der aktuelle Farbtrend. \u201eWir haben in den letzten Projekten verschiedene Kastanienbraunt\u00f6ne verwendet, die wir wegen ihrer Vielseitigkeit lieben\u201c, sagt Ansley. \u201eEin dunkles Kastanienbraun \u2013 Purpur, Pflaume oder ein sattes Bordeaux \u2013 eignet sich besonders gut f\u00fcr kleine Badezimmer oder Schlafzimmer\u201c, f\u00fcgt Jessica hinzu.<\/p>\n<p>Und statt kr\u00e4ftiger Farbtupfer ist Durchn\u00e4ssen die richtige Wahl. \u201eEin so satter Ton ist wunderbar f\u00fcr gem\u00fctliche R\u00e4ume, in denen man sich entspannen, erholen oder sich sicher f\u00fchlen m\u00f6chte\u201c, sagt Jessica. \u201eIch glaube nicht, dass diese Farbe so schnell verblasst.\u201c Tats\u00e4chlich werden wir m\u00f6glicherweise sogar noch mehr farbenfrohe R\u00e4ume in diesem Ton und Stil sehen.\u201c<\/p>\n<h3 class=\"article-body__section\" id=\"section-10-lived-in-interiors\"><span>10. \u201eBewohnte\u201c Innenr\u00e4ume<\/span><\/h3>\n<figure class=\"van-image-figure inline-layout \" data-bordeaux-image-check>\n<div class=\"image-full-width-wrapper\">\n<div class=\"image-widthsetter\" style=\"max-width:2400px;\"><\/div>\n<\/div>\n<\/figure>\n<p>Wenn eines im Jahr 2025 sicher ist, sind H\u00e4user mit Keksausstecher endg\u00fcltig ausverkauft. Niemand m\u00f6chte einen langweiligen, unscheinbaren Ort als Zuhause haben. Stattdessen erscheint der Mikrotrend der bewohnten Innenr\u00e4ume aktueller denn je, da Designer einzigartige, einzigartige Dekorationen und Accessoires ausw\u00e4hlen, um ein Zuhause einzigartiger zu machen.<\/p>\n<p>\u201eEs entstehen R\u00e4ume, die die Menschen widerspiegeln, die dort leben, sowohl subtil (jemand, der gerne backt, hat eine K\u00fcche mit einer Backecke eingerichtet) als auch offenkundig (eine Sammlung von Kunstwerken aus pers\u00f6nlichen Reisen, die in einer Galeriewand in einem Korridor arrangiert sind). bis 2025 fortzusetzen\u201c, erkl\u00e4rt Ansley. \u201eAlles kommt darauf an, wer im Haus wohnt und wie sich dies im Raum widerspiegelt, indem Geschichten anhand einer visuellen Karte der Objekte und der Ausrichtung der Innenr\u00e4ume erz\u00e4hlt werden.\u201c<\/p>\n<div class=\"product-container hero-product-container product-block-no-wrap\"><\/div>\n<hr>\n<p>Wenn uns diese anhaltenden Mikrotrends eines lehren, dann ist es, dass die besten Designs immer einen Weg finden, sich als Grundnahrungsmittel zu etablieren. F\u00fcr ein schickes Zuhause, das auch in den kommenden Jahren so bleibt, versuchen Sie, im Jahr 2025 einen dieser dauerhaften Mikrotrends zu \u00fcbernehmen.<\/p>\n<\/div>\n","protected":false},"excerpt":{"rendered":"<p>Designtrends entwickeln sich schneller als je zuvor, was es schwierig macht, sich auf einen neuen Einrichtungsstil festzulegen. Viele innovative Ideen in der Welt der Inneneinrichtung<\/p>\n","protected":false},"author":1,"featured_media":2887,"comment_status":"closed","ping_status":"","sticky":false,"template":"","format":"standard","meta":{"footnotes":""},"categories":[118],"tags":[935,4681,216,9,4680,58,1113,2495,3271],"class_list":["post-2886","post","type-post","status-publish","format-standard","has-post-thumbnail","hentry","category-haus-garten","tag-als","tag-bezeichnen","tag-designer","tag-die","tag-mikrotrends","tag-sind","tag-tatsaechlich","tag-unerwarteten","tag-zeitlos","generate-columns","tablet-grid-50","mobile-grid-100","grid-parent","grid-50"],"yoast_head":"<!-- This site is optimized with the Yoast SEO plugin v27.3 - https:\/\/yoast.com\/product\/yoast-seo-wordpress\/ -->\n<title>Die unerwarteten \u201eMikrotrends\u201c, die Designer als zeitlos bezeichnen, sind tats\u00e4chlich zeitlos - Nachrichten - Stra\u00dfenweb<\/title>\n<meta name=\"robots\" content=\"index, follow, max-snippet:-1, max-image-preview:large, max-video-preview:-1\" \/>\n<link rel=\"canonical\" href=\"https:\/\/www.strassenweb.de\/nachrichten\/die-unerwarteten-mikrotrends-die-designer-als-zeitlos-bezeichnen-sind-tatsaechlich-zeitlos\/\" \/>\n<meta property=\"og:locale\" content=\"de_DE\" \/>\n<meta property=\"og:type\" content=\"article\" \/>\n<meta property=\"og:title\" content=\"Die unerwarteten \u201eMikrotrends\u201c, die Designer als zeitlos bezeichnen, sind tats\u00e4chlich zeitlos - Nachrichten - Stra\u00dfenweb\" \/>\n<meta property=\"og:description\" content=\"Designtrends entwickeln sich schneller als je zuvor, was es schwierig macht, sich auf einen neuen Einrichtungsstil festzulegen. Viele innovative Ideen in der Welt der Inneneinrichtung\" \/>\n<meta property=\"og:url\" content=\"https:\/\/www.strassenweb.de\/nachrichten\/die-unerwarteten-mikrotrends-die-designer-als-zeitlos-bezeichnen-sind-tatsaechlich-zeitlos\/\" \/>\n<meta property=\"og:site_name\" content=\"Stra\u00dfenweb\" \/>\n<meta property=\"article:publisher\" content=\"https:\/\/www.facebook.com\/strassenweb\/\" \/>\n<meta property=\"article:published_time\" content=\"2025-01-23T14:45:29+00:00\" \/>\n<meta property=\"article:modified_time\" content=\"2025-01-23T14:45:35+00:00\" \/>\n<meta property=\"og:image\" content=\"https:\/\/www.strassenweb.de\/nachrichten\/wp-content\/uploads\/2025\/01\/Die-unerwarteten-\u201eMikrotrends-die-Designer-als-zeitlos-bezeichnen-sind-tatsaechlich.png\" \/>\n\t<meta property=\"og:image:width\" content=\"1200\" \/>\n\t<meta property=\"og:image:height\" content=\"750\" \/>\n\t<meta property=\"og:image:type\" content=\"image\/png\" \/>\n<meta name=\"author\" content=\"Robert Hoffmann\" \/>\n<meta name=\"twitter:card\" content=\"summary_large_image\" \/>\n<meta name=\"twitter:label1\" content=\"Verfasst von\" \/>\n\t<meta name=\"twitter:data1\" content=\"Robert Hoffmann\" \/>\n\t<meta name=\"twitter:label2\" content=\"Gesch\u00e4tzte Lesezeit\" \/>\n\t<meta name=\"twitter:data2\" content=\"9\u00a0Minuten\" \/>\n<script type=\"application\/ld+json\" class=\"yoast-schema-graph\">{\"@context\":\"https:\\\/\\\/schema.org\",\"@graph\":[{\"@type\":\"Article\",\"@id\":\"https:\\\/\\\/www.strassenweb.de\\\/nachrichten\\\/die-unerwarteten-mikrotrends-die-designer-als-zeitlos-bezeichnen-sind-tatsaechlich-zeitlos\\\/#article\",\"isPartOf\":{\"@id\":\"https:\\\/\\\/www.strassenweb.de\\\/nachrichten\\\/die-unerwarteten-mikrotrends-die-designer-als-zeitlos-bezeichnen-sind-tatsaechlich-zeitlos\\\/\"},\"author\":{\"name\":\"Robert Hoffmann\",\"@id\":\"https:\\\/\\\/www.strassenweb.de\\\/nachrichten\\\/#\\\/schema\\\/person\\\/87c9c9067f1211da429a744dc5a5aa41\"},\"headline\":\"Die unerwarteten \u201eMikrotrends\u201c, die Designer als zeitlos bezeichnen, sind tats\u00e4chlich zeitlos\",\"datePublished\":\"2025-01-23T14:45:29+00:00\",\"dateModified\":\"2025-01-23T14:45:35+00:00\",\"mainEntityOfPage\":{\"@id\":\"https:\\\/\\\/www.strassenweb.de\\\/nachrichten\\\/die-unerwarteten-mikrotrends-die-designer-als-zeitlos-bezeichnen-sind-tatsaechlich-zeitlos\\\/\"},\"wordCount\":1728,\"publisher\":{\"@id\":\"https:\\\/\\\/www.strassenweb.de\\\/nachrichten\\\/#organization\"},\"image\":{\"@id\":\"https:\\\/\\\/www.strassenweb.de\\\/nachrichten\\\/die-unerwarteten-mikrotrends-die-designer-als-zeitlos-bezeichnen-sind-tatsaechlich-zeitlos\\\/#primaryimage\"},\"thumbnailUrl\":\"https:\\\/\\\/www.strassenweb.de\\\/nachrichten\\\/wp-content\\\/uploads\\\/2025\\\/01\\\/Die-unerwarteten-\u201eMikrotrends-die-Designer-als-zeitlos-bezeichnen-sind-tatsaechlich.png\",\"keywords\":[\"als\",\"bezeichnen\",\"Designer\",\"die\",\"Mikrotrends\",\"sind\",\"tats\u00e4chlich\",\"unerwarteten\",\"zeitlos\"],\"articleSection\":[\"Haus &amp; Garten\"],\"inLanguage\":\"de\"},{\"@type\":\"WebPage\",\"@id\":\"https:\\\/\\\/www.strassenweb.de\\\/nachrichten\\\/die-unerwarteten-mikrotrends-die-designer-als-zeitlos-bezeichnen-sind-tatsaechlich-zeitlos\\\/\",\"url\":\"https:\\\/\\\/www.strassenweb.de\\\/nachrichten\\\/die-unerwarteten-mikrotrends-die-designer-als-zeitlos-bezeichnen-sind-tatsaechlich-zeitlos\\\/\",\"name\":\"Die unerwarteten \u201eMikrotrends\u201c, die Designer als zeitlos bezeichnen, sind tats\u00e4chlich zeitlos - Nachrichten - Stra\u00dfenweb\",\"isPartOf\":{\"@id\":\"https:\\\/\\\/www.strassenweb.de\\\/nachrichten\\\/#website\"},\"primaryImageOfPage\":{\"@id\":\"https:\\\/\\\/www.strassenweb.de\\\/nachrichten\\\/die-unerwarteten-mikrotrends-die-designer-als-zeitlos-bezeichnen-sind-tatsaechlich-zeitlos\\\/#primaryimage\"},\"image\":{\"@id\":\"https:\\\/\\\/www.strassenweb.de\\\/nachrichten\\\/die-unerwarteten-mikrotrends-die-designer-als-zeitlos-bezeichnen-sind-tatsaechlich-zeitlos\\\/#primaryimage\"},\"thumbnailUrl\":\"https:\\\/\\\/www.strassenweb.de\\\/nachrichten\\\/wp-content\\\/uploads\\\/2025\\\/01\\\/Die-unerwarteten-\u201eMikrotrends-die-Designer-als-zeitlos-bezeichnen-sind-tatsaechlich.png\",\"datePublished\":\"2025-01-23T14:45:29+00:00\",\"dateModified\":\"2025-01-23T14:45:35+00:00\",\"breadcrumb\":{\"@id\":\"https:\\\/\\\/www.strassenweb.de\\\/nachrichten\\\/die-unerwarteten-mikrotrends-die-designer-als-zeitlos-bezeichnen-sind-tatsaechlich-zeitlos\\\/#breadcrumb\"},\"inLanguage\":\"de\",\"potentialAction\":[{\"@type\":\"ReadAction\",\"target\":[\"https:\\\/\\\/www.strassenweb.de\\\/nachrichten\\\/die-unerwarteten-mikrotrends-die-designer-als-zeitlos-bezeichnen-sind-tatsaechlich-zeitlos\\\/\"]}]},{\"@type\":\"ImageObject\",\"inLanguage\":\"de\",\"@id\":\"https:\\\/\\\/www.strassenweb.de\\\/nachrichten\\\/die-unerwarteten-mikrotrends-die-designer-als-zeitlos-bezeichnen-sind-tatsaechlich-zeitlos\\\/#primaryimage\",\"url\":\"https:\\\/\\\/www.strassenweb.de\\\/nachrichten\\\/wp-content\\\/uploads\\\/2025\\\/01\\\/Die-unerwarteten-\u201eMikrotrends-die-Designer-als-zeitlos-bezeichnen-sind-tatsaechlich.png\",\"contentUrl\":\"https:\\\/\\\/www.strassenweb.de\\\/nachrichten\\\/wp-content\\\/uploads\\\/2025\\\/01\\\/Die-unerwarteten-\u201eMikrotrends-die-Designer-als-zeitlos-bezeichnen-sind-tatsaechlich.png\",\"width\":1200,\"height\":750,\"caption\":\"Die unerwarteten \u201eMikrotrends\u201c, die Designer als zeitlos bezeichnen, sind tats\u00e4chlich zeitlos\"},{\"@type\":\"BreadcrumbList\",\"@id\":\"https:\\\/\\\/www.strassenweb.de\\\/nachrichten\\\/die-unerwarteten-mikrotrends-die-designer-als-zeitlos-bezeichnen-sind-tatsaechlich-zeitlos\\\/#breadcrumb\",\"itemListElement\":[{\"@type\":\"ListItem\",\"position\":1,\"name\":\"Home\",\"item\":\"https:\\\/\\\/www.strassenweb.de\\\/nachrichten\\\/\"},{\"@type\":\"ListItem\",\"position\":2,\"name\":\"Die unerwarteten \u201eMikrotrends\u201c, die Designer als zeitlos bezeichnen, sind tats\u00e4chlich zeitlos\"}]},{\"@type\":\"WebSite\",\"@id\":\"https:\\\/\\\/www.strassenweb.de\\\/nachrichten\\\/#website\",\"url\":\"https:\\\/\\\/www.strassenweb.de\\\/nachrichten\\\/\",\"name\":\"Stra\u00dfenweb\",\"description\":\"Stra\u00dfenverzeichnis f\u00fcr Deutschland\",\"publisher\":{\"@id\":\"https:\\\/\\\/www.strassenweb.de\\\/nachrichten\\\/#organization\"},\"potentialAction\":[{\"@type\":\"SearchAction\",\"target\":{\"@type\":\"EntryPoint\",\"urlTemplate\":\"https:\\\/\\\/www.strassenweb.de\\\/nachrichten\\\/?s={search_term_string}\"},\"query-input\":{\"@type\":\"PropertyValueSpecification\",\"valueRequired\":true,\"valueName\":\"search_term_string\"}}],\"inLanguage\":\"de\"},{\"@type\":\"Organization\",\"@id\":\"https:\\\/\\\/www.strassenweb.de\\\/nachrichten\\\/#organization\",\"name\":\"Stra\u00dfenweb\",\"url\":\"https:\\\/\\\/www.strassenweb.de\\\/nachrichten\\\/\",\"logo\":{\"@type\":\"ImageObject\",\"inLanguage\":\"de\",\"@id\":\"https:\\\/\\\/www.strassenweb.de\\\/nachrichten\\\/#\\\/schema\\\/logo\\\/image\\\/\",\"url\":\"https:\\\/\\\/www.strassenweb.de\\\/nachrichten\\\/wp-content\\\/uploads\\\/2024\\\/09\\\/cropped-favicon.png\",\"contentUrl\":\"https:\\\/\\\/www.strassenweb.de\\\/nachrichten\\\/wp-content\\\/uploads\\\/2024\\\/09\\\/cropped-favicon.png\",\"width\":512,\"height\":512,\"caption\":\"Stra\u00dfenweb\"},\"image\":{\"@id\":\"https:\\\/\\\/www.strassenweb.de\\\/nachrichten\\\/#\\\/schema\\\/logo\\\/image\\\/\"},\"sameAs\":[\"https:\\\/\\\/www.facebook.com\\\/strassenweb\\\/\"]},{\"@type\":\"Person\",\"@id\":\"https:\\\/\\\/www.strassenweb.de\\\/nachrichten\\\/#\\\/schema\\\/person\\\/87c9c9067f1211da429a744dc5a5aa41\",\"name\":\"Robert Hoffmann\",\"image\":{\"@type\":\"ImageObject\",\"inLanguage\":\"de\",\"@id\":\"https:\\\/\\\/www.strassenweb.de\\\/nachrichten\\\/wp-content\\\/uploads\\\/2024\\\/09\\\/strassenweb-150x150.jpg\",\"url\":\"https:\\\/\\\/www.strassenweb.de\\\/nachrichten\\\/wp-content\\\/uploads\\\/2024\\\/09\\\/strassenweb-150x150.jpg\",\"contentUrl\":\"https:\\\/\\\/www.strassenweb.de\\\/nachrichten\\\/wp-content\\\/uploads\\\/2024\\\/09\\\/strassenweb-150x150.jpg\",\"caption\":\"Robert Hoffmann\"},\"description\":\"Ich hei\u00dfe Robert Hoffmann und ich bin ein leidenschaftlicher Verfechter von \u00d6kologie und Biodiversit\u00e4t. Seit meiner Kindheit in den W\u00e4ldern Bayerns f\u00fchle ich mich mit der Natur verbunden und bin entschlossen, sie zu sch\u00fctzen. Heute widme ich mein Leben der Sensibilisierung anderer f\u00fcr die Bedeutung des Umweltschutzes f\u00fcr zuk\u00fcnftige Generationen.\",\"sameAs\":[\"https:\\\/\\\/www.strassenweb.de\\\/\"]}]}<\/script>\n<!-- \/ Yoast SEO plugin. -->","yoast_head_json":{"title":"Die unerwarteten \u201eMikrotrends\u201c, die Designer als zeitlos bezeichnen, sind tats\u00e4chlich zeitlos - Nachrichten - Stra\u00dfenweb","robots":{"index":"index","follow":"follow","max-snippet":"max-snippet:-1","max-image-preview":"max-image-preview:large","max-video-preview":"max-video-preview:-1"},"canonical":"https:\/\/www.strassenweb.de\/nachrichten\/die-unerwarteten-mikrotrends-die-designer-als-zeitlos-bezeichnen-sind-tatsaechlich-zeitlos\/","og_locale":"de_DE","og_type":"article","og_title":"Die unerwarteten \u201eMikrotrends\u201c, die Designer als zeitlos bezeichnen, sind tats\u00e4chlich zeitlos - Nachrichten - Stra\u00dfenweb","og_description":"Designtrends entwickeln sich schneller als je zuvor, was es schwierig macht, sich auf einen neuen Einrichtungsstil festzulegen. Viele innovative Ideen in der Welt der Inneneinrichtung","og_url":"https:\/\/www.strassenweb.de\/nachrichten\/die-unerwarteten-mikrotrends-die-designer-als-zeitlos-bezeichnen-sind-tatsaechlich-zeitlos\/","og_site_name":"Stra\u00dfenweb","article_publisher":"https:\/\/www.facebook.com\/strassenweb\/","article_published_time":"2025-01-23T14:45:29+00:00","article_modified_time":"2025-01-23T14:45:35+00:00","og_image":[{"width":1200,"height":750,"url":"https:\/\/www.strassenweb.de\/nachrichten\/wp-content\/uploads\/2025\/01\/Die-unerwarteten-\u201eMikrotrends-die-Designer-als-zeitlos-bezeichnen-sind-tatsaechlich.png","type":"image\/png"}],"author":"Robert Hoffmann","twitter_card":"summary_large_image","twitter_misc":{"Verfasst von":"Robert Hoffmann","Gesch\u00e4tzte Lesezeit":"9\u00a0Minuten"},"schema":{"@context":"https:\/\/schema.org","@graph":[{"@type":"Article","@id":"https:\/\/www.strassenweb.de\/nachrichten\/die-unerwarteten-mikrotrends-die-designer-als-zeitlos-bezeichnen-sind-tatsaechlich-zeitlos\/#article","isPartOf":{"@id":"https:\/\/www.strassenweb.de\/nachrichten\/die-unerwarteten-mikrotrends-die-designer-als-zeitlos-bezeichnen-sind-tatsaechlich-zeitlos\/"},"author":{"name":"Robert Hoffmann","@id":"https:\/\/www.strassenweb.de\/nachrichten\/#\/schema\/person\/87c9c9067f1211da429a744dc5a5aa41"},"headline":"Die unerwarteten \u201eMikrotrends\u201c, die Designer als zeitlos bezeichnen, sind tats\u00e4chlich zeitlos","datePublished":"2025-01-23T14:45:29+00:00","dateModified":"2025-01-23T14:45:35+00:00","mainEntityOfPage":{"@id":"https:\/\/www.strassenweb.de\/nachrichten\/die-unerwarteten-mikrotrends-die-designer-als-zeitlos-bezeichnen-sind-tatsaechlich-zeitlos\/"},"wordCount":1728,"publisher":{"@id":"https:\/\/www.strassenweb.de\/nachrichten\/#organization"},"image":{"@id":"https:\/\/www.strassenweb.de\/nachrichten\/die-unerwarteten-mikrotrends-die-designer-als-zeitlos-bezeichnen-sind-tatsaechlich-zeitlos\/#primaryimage"},"thumbnailUrl":"https:\/\/www.strassenweb.de\/nachrichten\/wp-content\/uploads\/2025\/01\/Die-unerwarteten-\u201eMikrotrends-die-Designer-als-zeitlos-bezeichnen-sind-tatsaechlich.png","keywords":["als","bezeichnen","Designer","die","Mikrotrends","sind","tats\u00e4chlich","unerwarteten","zeitlos"],"articleSection":["Haus &amp; Garten"],"inLanguage":"de"},{"@type":"WebPage","@id":"https:\/\/www.strassenweb.de\/nachrichten\/die-unerwarteten-mikrotrends-die-designer-als-zeitlos-bezeichnen-sind-tatsaechlich-zeitlos\/","url":"https:\/\/www.strassenweb.de\/nachrichten\/die-unerwarteten-mikrotrends-die-designer-als-zeitlos-bezeichnen-sind-tatsaechlich-zeitlos\/","name":"Die unerwarteten \u201eMikrotrends\u201c, die Designer als zeitlos bezeichnen, sind tats\u00e4chlich zeitlos - Nachrichten - Stra\u00dfenweb","isPartOf":{"@id":"https:\/\/www.strassenweb.de\/nachrichten\/#website"},"primaryImageOfPage":{"@id":"https:\/\/www.strassenweb.de\/nachrichten\/die-unerwarteten-mikrotrends-die-designer-als-zeitlos-bezeichnen-sind-tatsaechlich-zeitlos\/#primaryimage"},"image":{"@id":"https:\/\/www.strassenweb.de\/nachrichten\/die-unerwarteten-mikrotrends-die-designer-als-zeitlos-bezeichnen-sind-tatsaechlich-zeitlos\/#primaryimage"},"thumbnailUrl":"https:\/\/www.strassenweb.de\/nachrichten\/wp-content\/uploads\/2025\/01\/Die-unerwarteten-\u201eMikrotrends-die-Designer-als-zeitlos-bezeichnen-sind-tatsaechlich.png","datePublished":"2025-01-23T14:45:29+00:00","dateModified":"2025-01-23T14:45:35+00:00","breadcrumb":{"@id":"https:\/\/www.strassenweb.de\/nachrichten\/die-unerwarteten-mikrotrends-die-designer-als-zeitlos-bezeichnen-sind-tatsaechlich-zeitlos\/#breadcrumb"},"inLanguage":"de","potentialAction":[{"@type":"ReadAction","target":["https:\/\/www.strassenweb.de\/nachrichten\/die-unerwarteten-mikrotrends-die-designer-als-zeitlos-bezeichnen-sind-tatsaechlich-zeitlos\/"]}]},{"@type":"ImageObject","inLanguage":"de","@id":"https:\/\/www.strassenweb.de\/nachrichten\/die-unerwarteten-mikrotrends-die-designer-als-zeitlos-bezeichnen-sind-tatsaechlich-zeitlos\/#primaryimage","url":"https:\/\/www.strassenweb.de\/nachrichten\/wp-content\/uploads\/2025\/01\/Die-unerwarteten-\u201eMikrotrends-die-Designer-als-zeitlos-bezeichnen-sind-tatsaechlich.png","contentUrl":"https:\/\/www.strassenweb.de\/nachrichten\/wp-content\/uploads\/2025\/01\/Die-unerwarteten-\u201eMikrotrends-die-Designer-als-zeitlos-bezeichnen-sind-tatsaechlich.png","width":1200,"height":750,"caption":"Die unerwarteten \u201eMikrotrends\u201c, die Designer als zeitlos bezeichnen, sind tats\u00e4chlich zeitlos"},{"@type":"BreadcrumbList","@id":"https:\/\/www.strassenweb.de\/nachrichten\/die-unerwarteten-mikrotrends-die-designer-als-zeitlos-bezeichnen-sind-tatsaechlich-zeitlos\/#breadcrumb","itemListElement":[{"@type":"ListItem","position":1,"name":"Home","item":"https:\/\/www.strassenweb.de\/nachrichten\/"},{"@type":"ListItem","position":2,"name":"Die unerwarteten \u201eMikrotrends\u201c, die Designer als zeitlos bezeichnen, sind tats\u00e4chlich zeitlos"}]},{"@type":"WebSite","@id":"https:\/\/www.strassenweb.de\/nachrichten\/#website","url":"https:\/\/www.strassenweb.de\/nachrichten\/","name":"Stra\u00dfenweb","description":"Stra\u00dfenverzeichnis f\u00fcr Deutschland","publisher":{"@id":"https:\/\/www.strassenweb.de\/nachrichten\/#organization"},"potentialAction":[{"@type":"SearchAction","target":{"@type":"EntryPoint","urlTemplate":"https:\/\/www.strassenweb.de\/nachrichten\/?s={search_term_string}"},"query-input":{"@type":"PropertyValueSpecification","valueRequired":true,"valueName":"search_term_string"}}],"inLanguage":"de"},{"@type":"Organization","@id":"https:\/\/www.strassenweb.de\/nachrichten\/#organization","name":"Stra\u00dfenweb","url":"https:\/\/www.strassenweb.de\/nachrichten\/","logo":{"@type":"ImageObject","inLanguage":"de","@id":"https:\/\/www.strassenweb.de\/nachrichten\/#\/schema\/logo\/image\/","url":"https:\/\/www.strassenweb.de\/nachrichten\/wp-content\/uploads\/2024\/09\/cropped-favicon.png","contentUrl":"https:\/\/www.strassenweb.de\/nachrichten\/wp-content\/uploads\/2024\/09\/cropped-favicon.png","width":512,"height":512,"caption":"Stra\u00dfenweb"},"image":{"@id":"https:\/\/www.strassenweb.de\/nachrichten\/#\/schema\/logo\/image\/"},"sameAs":["https:\/\/www.facebook.com\/strassenweb\/"]},{"@type":"Person","@id":"https:\/\/www.strassenweb.de\/nachrichten\/#\/schema\/person\/87c9c9067f1211da429a744dc5a5aa41","name":"Robert Hoffmann","image":{"@type":"ImageObject","inLanguage":"de","@id":"https:\/\/www.strassenweb.de\/nachrichten\/wp-content\/uploads\/2024\/09\/strassenweb-150x150.jpg","url":"https:\/\/www.strassenweb.de\/nachrichten\/wp-content\/uploads\/2024\/09\/strassenweb-150x150.jpg","contentUrl":"https:\/\/www.strassenweb.de\/nachrichten\/wp-content\/uploads\/2024\/09\/strassenweb-150x150.jpg","caption":"Robert Hoffmann"},"description":"Ich hei\u00dfe Robert Hoffmann und ich bin ein leidenschaftlicher Verfechter von \u00d6kologie und Biodiversit\u00e4t. Seit meiner Kindheit in den W\u00e4ldern Bayerns f\u00fchle ich mich mit der Natur verbunden und bin entschlossen, sie zu sch\u00fctzen. Heute widme ich mein Leben der Sensibilisierung anderer f\u00fcr die Bedeutung des Umweltschutzes f\u00fcr zuk\u00fcnftige Generationen.","sameAs":["https:\/\/www.strassenweb.de\/"]}]}},"_links":{"self":[{"href":"https:\/\/www.strassenweb.de\/nachrichten\/wp-json\/wp\/v2\/posts\/2886","targetHints":{"allow":["GET"]}}],"collection":[{"href":"https:\/\/www.strassenweb.de\/nachrichten\/wp-json\/wp\/v2\/posts"}],"about":[{"href":"https:\/\/www.strassenweb.de\/nachrichten\/wp-json\/wp\/v2\/types\/post"}],"author":[{"embeddable":true,"href":"https:\/\/www.strassenweb.de\/nachrichten\/wp-json\/wp\/v2\/users\/1"}],"replies":[{"embeddable":true,"href":"https:\/\/www.strassenweb.de\/nachrichten\/wp-json\/wp\/v2\/comments?post=2886"}],"version-history":[{"count":0,"href":"https:\/\/www.strassenweb.de\/nachrichten\/wp-json\/wp\/v2\/posts\/2886\/revisions"}],"wp:featuredmedia":[{"embeddable":true,"href":"https:\/\/www.strassenweb.de\/nachrichten\/wp-json\/wp\/v2\/media\/2887"}],"wp:attachment":[{"href":"https:\/\/www.strassenweb.de\/nachrichten\/wp-json\/wp\/v2\/media?parent=2886"}],"wp:term":[{"taxonomy":"category","embeddable":true,"href":"https:\/\/www.strassenweb.de\/nachrichten\/wp-json\/wp\/v2\/categories?post=2886"},{"taxonomy":"post_tag","embeddable":true,"href":"https:\/\/www.strassenweb.de\/nachrichten\/wp-json\/wp\/v2\/tags?post=2886"}],"curies":[{"name":"wp","href":"https:\/\/api.w.org\/{rel}","templated":true}]}}