{"id":2883,"date":"2025-01-23T13:13:21","date_gmt":"2025-01-23T12:13:21","guid":{"rendered":"https:\/\/www.strassenweb.de\/nachrichten\/die-internationalen-verpflichtungen-des-vereinigten-koenigreichs-zu-klima-und-natur-koennten-bald-in-kraft-treten-und-besser-schuetzen\/"},"modified":"2025-01-23T13:13:22","modified_gmt":"2025-01-23T12:13:22","slug":"die-internationalen-verpflichtungen-des-vereinigten-koenigreichs-zu-klima-und-natur-koennten-bald-in-kraft-treten-und-besser-schuetzen","status":"publish","type":"post","link":"https:\/\/www.strassenweb.de\/nachrichten\/die-internationalen-verpflichtungen-des-vereinigten-koenigreichs-zu-klima-und-natur-koennten-bald-in-kraft-treten-und-besser-schuetzen\/","title":{"rendered":"Die internationalen Verpflichtungen des Vereinigten K\u00f6nigreichs zu Klima und Natur k\u00f6nnten bald in Kraft treten \u2013 und besser sch\u00fctzen \u2026"},"content":{"rendered":"<p>Als Klima- und Biodiversit\u00e4tswissenschaftler verbringen wir den gr\u00f6\u00dften Teil unseres Lebens damit, zu verstehen, wie unser Planet funktioniert und wie wir die Umweltherausforderungen unserer Zeit am besten bew\u00e4ltigen k\u00f6nnen. Doch in den letzten drei Jahren haben viele Wissenschaftler im Vereinigten K\u00f6nigreich, darunter auch wir beide, an der Gesetzgebung gearbeitet und mit Parlamentariern zusammengearbeitet. Wir glauben, dass viele der grundlegenden M\u00e4ngel bei der Bew\u00e4ltigung der aktuellen Umweltkrise auf fehlende Teile in den nationalen Richtlinien und Gesetzen zur\u00fcckzuf\u00fchren sind.<\/p>\n<p>Diese Woche ist ein Schl\u00fcsselmoment f\u00fcr die Zukunft des Vereinigten K\u00f6nigreichs. Am 24. Januar steht der partei\u00fcbergreifende Klima- und Naturgesetzentwurf im Parlament zur Debatte. Es gibt gro\u00dfe Unterst\u00fctzung f\u00fcr den Gesetzentwurf, auch bei unserem Briefing vor den Abgeordneten letzte Woche gab es viel Unterst\u00fctzung f\u00fcr den Gesetzentwurf \u2013 was als n\u00e4chstes passiert, wird am Freitag entschieden.<\/p>\n<p>Kurz gesagt w\u00fcrde dieser Gesetzentwurf: unsere erkl\u00e4rten internationalen Ziele in nationales Recht umsetzen und sicherstellen, dass wir unseren Worten Taten folgen lassen; Emissionen im Ausland und \u00f6kologische Sch\u00e4den ber\u00fccksichtigen, die durch unsere Importe verursacht werden; einen gerechten \u00dcbergang gew\u00e4hrleisten und; Dazu geh\u00f6rt auch eine Klima- und Natur-B\u00fcrgerversammlung. Der Gesetzentwurf ist von entscheidender Bedeutung, da wir angesichts der raschen Umweltver\u00e4nderungen dringend unsere Ambitionen steigern m\u00fcssen.<\/p>\n<p>Wir stehen vor einer harten Zukunft. Sogar die UN-Klimabeh\u00f6rde, der Zwischenstaatliche Ausschuss f\u00fcr Klima\u00e4nderungen (IPCC), hat generell untersch\u00e4tzt, wie schlimm es werden k\u00f6nnte.<\/p>\n<p>Auch Gro\u00dfbritannien wird h\u00e4rter und tiefer getroffen als gedacht. Im Jahr 2021 wurde erwartet, dass die Wahrscheinlichkeit, bis 2040 die 40\u00b0C-Marke zu \u00fcberschreiten, nur 0,02 % betragen w\u00fcrde. Doch nur ein Jahr sp\u00e4ter wurde diese Temperatur sowohl in l\u00e4ndlichen als auch in st\u00e4dtischen Gebieten \u00fcberschritten. Diese Extreme belasten bereits unseren Geldbeutel, da der Klimawandel sch\u00e4tzungsweise ein Drittel der Lebensmittelpreisinflation verursacht.<\/p>\n<p>Mittlerweile geh\u00f6rt das Vereinigte K\u00f6nigreich zu den L\u00e4ndern mit der gr\u00f6\u00dften Naturverarmung weltweit. Ein Bericht legt nahe, dass England sein Ziel f\u00fcr 2030 wahrscheinlich nicht erreichen wird. Dieser rasche Verlust der biologischen Vielfalt bedroht unsere Ern\u00e4hrungssicherheit, Luft- und Wasserqualit\u00e4t, Wirtschaft sowie Gesundheit und Wohlbefinden.<\/p>\n<p>Es ist klar, dass diese Klima- und Naturkrisen miteinander verkn\u00fcpft sind. Die Welt kann den Klimawandel und den Verlust der biologischen Vielfalt nicht isoliert angehen.<\/p>\n<p>Unsere beste Chance, unser Klima zu stabilisieren und uns an die bevorstehenden Ver\u00e4nderungen anzupassen, liegt im Schutz und der aktiven Wiederherstellung der Natur. Gesunde \u00d6kosysteme fungieren als Kohlenstoffsenken und entziehen der Atmosph\u00e4re Kohlenstoff, der in Torfmooren, W\u00e4ldern, Ozeanen und Feuchtgebieten gespeichert werden kann.<\/p>\n<p>Umgekehrt werden unkontrollierte Emissionen weiterhin unsere nat\u00fcrliche Welt verw\u00fcsten und einen Teufelskreis von Umweltsch\u00e4den verursachen. Die j\u00fcngsten \u00dcberschwemmungen in Gro\u00dfbritannien und die zweitschlechteste Ernte in England seit Beginn der Aufzeichnungen wurden durch gesch\u00e4digte \u00d6kosysteme versch\u00e4rft, die extremen Wetterereignissen nicht mehr standhalten konnten.<\/p>\n<h2 class=\"wp-block-heading\">Ein vernetzter Ansatz<\/h2>\n<p>Das Vereinigte K\u00f6nigreich ist einige solide internationale Verpflichtungen sowohl zum Klimawandel als auch zum Naturverlust eingegangen; Die meisten davon sind jedoch nicht gesetzlich verankert.<\/p>\n<p>Die CO2-Budgets des Vereinigten K\u00f6nigreichs stehen nicht im Einklang mit den international angek\u00fcndigten Reduzierungen des Vereinigten K\u00f6nigreichs, sodass das Vereinigte K\u00f6nigreich mehr aussto\u00dfen kann, als es zugesagt hat. Auch wenn wir internationale Vereinbarungen zur Reduzierung der Methanemissionen bis 2030 unterzeichnet haben, wurde dies nicht in nationales Recht umgesetzt.<\/p>\n<p>Im Bereich Natur hat das Vereinigte K\u00f6nigreich das globale Biodiversit\u00e4tsrahmenwerk von Kunming-Montreal aus dem Jahr 2022 verabschiedet und sich zu ehrgeizigen Zielen verpflichtet, zu denen die Wiederherstellung von 30 % der gesch\u00e4digten \u00d6kosysteme bis 2030 geh\u00f6rt. Diese wurden jedoch wiederum nicht in nationales Recht verankert.<\/p>\n<p>Zus\u00e4tzlich zu diesen L\u00fccken gibt es derzeit keine Gesetzgebung, die Klima und Natur gemeinsam ber\u00fccksichtigt. Dies stellt ein gro\u00dfes Problem dar, da die Bem\u00fchungen, eine Krise einzeln anzugehen, die andere unbeabsichtigt verschlimmern k\u00f6nnen. Beispielsweise kann die Nutzung von Biokraftstoffplantagen ineffizient sein, der Tierwelt bei der Ernte schaden und zu Monokulturplantagen im Vereinigten K\u00f6nigreich oder im Ausland mit geringerer Vielfalt und Widerstandsf\u00e4higkeit f\u00fchren.<\/p>\n<p>Wenn wir unseren globalen Verpflichtungen nicht nachkommen, verringert sich nicht nur die Glaubw\u00fcrdigkeit des Vereinigten K\u00f6nigreichs auf der internationalen B\u00fchne, sondern auch unsere Chancen.<\/p>\n<p>Ma\u00dfnahmen f\u00fcr Klima und Natur w\u00fcrden die Lebensmittelpreise senken, \u00dcberschwemmungen reduzieren, unsere Luft und unser Wasser reinigen und vieles mehr.<\/p>\n<p>Kurzfristigkeit hat die Umweltpolitik schon lange geplagt. Die Schaffung eines gesetzgeberischen Ansatzes, der \u00fcber Regierungen und Minister hinausgeht, w\u00fcrde sicherstellen, dass unser Engagement zur Bew\u00e4ltigung dieser Krisen unersch\u00fctterlich bleibt, unabh\u00e4ngig von politischen Winden und Klimaextremen.<\/p>\n<p>Durch die Bereitstellung eines klaren, rechtsverbindlichen Aktionsplans wird das Klima- und Naturgesetz Innovationen in allen Branchen vorantreiben und den M\u00e4rkten die dringend ben\u00f6tigte Sicherheit bieten. Dies wird die Schaffung von Arbeitspl\u00e4tzen und das Wirtschaftswachstum in aufstrebenden gr\u00fcnen Sektoren vorantreiben und das Wohlergehen der Gemeinden im gesamten Vereinigten K\u00f6nigreich verbessern.<\/p>\n<p>Der Schwerpunkt des Klima- und Naturgesetzes auf einem gerechten \u00dcbergang bedeutet, dass gef\u00e4hrdete Gemeinschaften gesch\u00fctzt werden und Arbeitnehmer in Branchen mit starken Auswirkungen durch Weiterbildung und finanzielle Unterst\u00fctzung unterst\u00fctzt werden. Ein B\u00fcrgerrat stellt sicher, dass eine breite \u00f6ffentliche Unterst\u00fctzung f\u00fcr bestimmte Ma\u00dfnahmen zur Erreichung unserer Ziele besteht.<\/p>\n<p>Was wir jetzt tun, wird die Zukunft unseres Planeten und unserer Gesellschaft bestimmen. Das Klima- und Naturgesetz stellt uns vor eine klare Wahl: Wir k\u00f6nnen uns entweder der Herausforderung unserer Zeit stellen und unseren Planeten und k\u00fcnftige Generationen sch\u00fctzen, oder den Weg der Zerst\u00f6rung weitergehen. Die Wissenschaft ist klar, die L\u00f6sungen sind in greifbarer N\u00e4he und das Klima- und Naturgesetz gibt den Fahrplan vor.<\/p>\n<hr class=\"wp-block-separator has-alpha-channel-opacity\">\n<p>Paul Behrens, British Academy Global Professor, Zukunft der Ern\u00e4hrung, Oxford Martin School, <em>Universit\u00e4t Oxford<\/em> und Nathalie Pettorelli, Professorin f\u00fcr Naturschutzbiologie, <em>Zoologische Gesellschaft von London<\/em><\/p>\n<p>  wird von The Conversation unter einer Creative Commons-Lizenz erneut ver\u00f6ffentlicht. <\/p>\n","protected":false},"excerpt":{"rendered":"<p>Als Klima- und Biodiversit\u00e4tswissenschaftler verbringen wir den gr\u00f6\u00dften Teil unseres Lebens damit, zu verstehen, wie unser Planet funktioniert und wie wir die Umweltherausforderungen unserer Zeit<\/p>\n","protected":false},"author":1,"featured_media":2884,"comment_status":"closed","ping_status":"","sticky":false,"template":"","format":"standard","meta":{"footnotes":""},"categories":[101],"tags":[4678,3995,281,9,4675,612,4677,674,1804,805,1074,4679,37,270,4676],"class_list":["post-2883","post","type-post","status-publish","format-standard","has-post-thumbnail","hentry","category-oekologie","tag-bald","tag-besser","tag-des","tag-die","tag-internationalen","tag-klima","tag-koenigreichs","tag-koennten","tag-kraft","tag-natur","tag-schuetzen","tag-treten","tag-und","tag-vereinigten","tag-verpflichtungen","generate-columns","tablet-grid-50","mobile-grid-100","grid-parent","grid-50"],"yoast_head":"<!-- This site is optimized with the Yoast SEO plugin v27.3 - https:\/\/yoast.com\/product\/yoast-seo-wordpress\/ -->\n<title>Die internationalen Verpflichtungen des Vereinigten K\u00f6nigreichs zu Klima und Natur k\u00f6nnten bald in Kraft treten \u2013 und besser sch\u00fctzen \u2026 - Nachrichten - Stra\u00dfenweb<\/title>\n<meta name=\"robots\" content=\"index, follow, max-snippet:-1, max-image-preview:large, max-video-preview:-1\" \/>\n<link rel=\"canonical\" href=\"https:\/\/www.strassenweb.de\/nachrichten\/die-internationalen-verpflichtungen-des-vereinigten-koenigreichs-zu-klima-und-natur-koennten-bald-in-kraft-treten-und-besser-schuetzen\/\" \/>\n<meta property=\"og:locale\" content=\"de_DE\" \/>\n<meta property=\"og:type\" content=\"article\" \/>\n<meta property=\"og:title\" content=\"Die internationalen Verpflichtungen des Vereinigten K\u00f6nigreichs zu Klima und Natur k\u00f6nnten bald in Kraft treten \u2013 und besser sch\u00fctzen \u2026 - Nachrichten - Stra\u00dfenweb\" \/>\n<meta property=\"og:description\" content=\"Als Klima- und Biodiversit\u00e4tswissenschaftler verbringen wir den gr\u00f6\u00dften Teil unseres Lebens damit, zu verstehen, wie unser Planet funktioniert und wie wir die Umweltherausforderungen unserer Zeit\" \/>\n<meta property=\"og:url\" content=\"https:\/\/www.strassenweb.de\/nachrichten\/die-internationalen-verpflichtungen-des-vereinigten-koenigreichs-zu-klima-und-natur-koennten-bald-in-kraft-treten-und-besser-schuetzen\/\" \/>\n<meta property=\"og:site_name\" content=\"Stra\u00dfenweb\" \/>\n<meta property=\"article:publisher\" content=\"https:\/\/www.facebook.com\/strassenweb\/\" \/>\n<meta property=\"article:published_time\" content=\"2025-01-23T12:13:21+00:00\" \/>\n<meta property=\"article:modified_time\" content=\"2025-01-23T12:13:22+00:00\" \/>\n<meta property=\"og:image\" content=\"https:\/\/www.strassenweb.de\/nachrichten\/wp-content\/uploads\/2025\/01\/Die-internationalen-Verpflichtungen-des-Vereinigten-Koenigreichs-zu-Klima-und-Natur.jpeg\" \/>\n\t<meta property=\"og:image:width\" content=\"900\" \/>\n\t<meta property=\"og:image:height\" content=\"583\" \/>\n\t<meta property=\"og:image:type\" content=\"image\/jpeg\" \/>\n<meta name=\"author\" content=\"Robert Hoffmann\" \/>\n<meta name=\"twitter:card\" content=\"summary_large_image\" \/>\n<meta name=\"twitter:label1\" content=\"Verfasst von\" \/>\n\t<meta name=\"twitter:data1\" content=\"Robert Hoffmann\" \/>\n\t<meta name=\"twitter:label2\" content=\"Gesch\u00e4tzte Lesezeit\" \/>\n\t<meta name=\"twitter:data2\" content=\"5\u00a0Minuten\" \/>\n<script type=\"application\/ld+json\" class=\"yoast-schema-graph\">{\"@context\":\"https:\\\/\\\/schema.org\",\"@graph\":[{\"@type\":\"Article\",\"@id\":\"https:\\\/\\\/www.strassenweb.de\\\/nachrichten\\\/die-internationalen-verpflichtungen-des-vereinigten-koenigreichs-zu-klima-und-natur-koennten-bald-in-kraft-treten-und-besser-schuetzen\\\/#article\",\"isPartOf\":{\"@id\":\"https:\\\/\\\/www.strassenweb.de\\\/nachrichten\\\/die-internationalen-verpflichtungen-des-vereinigten-koenigreichs-zu-klima-und-natur-koennten-bald-in-kraft-treten-und-besser-schuetzen\\\/\"},\"author\":{\"name\":\"Robert Hoffmann\",\"@id\":\"https:\\\/\\\/www.strassenweb.de\\\/nachrichten\\\/#\\\/schema\\\/person\\\/87c9c9067f1211da429a744dc5a5aa41\"},\"headline\":\"Die internationalen Verpflichtungen des Vereinigten K\u00f6nigreichs zu Klima und Natur k\u00f6nnten bald in Kraft treten \u2013 und besser sch\u00fctzen \u2026\",\"datePublished\":\"2025-01-23T12:13:21+00:00\",\"dateModified\":\"2025-01-23T12:13:22+00:00\",\"mainEntityOfPage\":{\"@id\":\"https:\\\/\\\/www.strassenweb.de\\\/nachrichten\\\/die-internationalen-verpflichtungen-des-vereinigten-koenigreichs-zu-klima-und-natur-koennten-bald-in-kraft-treten-und-besser-schuetzen\\\/\"},\"wordCount\":1009,\"publisher\":{\"@id\":\"https:\\\/\\\/www.strassenweb.de\\\/nachrichten\\\/#organization\"},\"image\":{\"@id\":\"https:\\\/\\\/www.strassenweb.de\\\/nachrichten\\\/die-internationalen-verpflichtungen-des-vereinigten-koenigreichs-zu-klima-und-natur-koennten-bald-in-kraft-treten-und-besser-schuetzen\\\/#primaryimage\"},\"thumbnailUrl\":\"https:\\\/\\\/www.strassenweb.de\\\/nachrichten\\\/wp-content\\\/uploads\\\/2025\\\/01\\\/Die-internationalen-Verpflichtungen-des-Vereinigten-Koenigreichs-zu-Klima-und-Natur.jpeg\",\"keywords\":[\"bald\",\"besser\",\"des\",\"die\",\"internationalen\",\"Klima\",\"K\u00f6nigreichs\",\"k\u00f6nnten\",\"Kraft\",\"Natur\",\"sch\u00fctzen\",\"treten\",\"und\",\"Vereinigten\",\"Verpflichtungen\"],\"articleSection\":[\"\u00d6kologie\"],\"inLanguage\":\"de\"},{\"@type\":\"WebPage\",\"@id\":\"https:\\\/\\\/www.strassenweb.de\\\/nachrichten\\\/die-internationalen-verpflichtungen-des-vereinigten-koenigreichs-zu-klima-und-natur-koennten-bald-in-kraft-treten-und-besser-schuetzen\\\/\",\"url\":\"https:\\\/\\\/www.strassenweb.de\\\/nachrichten\\\/die-internationalen-verpflichtungen-des-vereinigten-koenigreichs-zu-klima-und-natur-koennten-bald-in-kraft-treten-und-besser-schuetzen\\\/\",\"name\":\"Die internationalen Verpflichtungen des Vereinigten K\u00f6nigreichs zu Klima und Natur k\u00f6nnten bald in Kraft treten \u2013 und besser sch\u00fctzen \u2026 - Nachrichten - Stra\u00dfenweb\",\"isPartOf\":{\"@id\":\"https:\\\/\\\/www.strassenweb.de\\\/nachrichten\\\/#website\"},\"primaryImageOfPage\":{\"@id\":\"https:\\\/\\\/www.strassenweb.de\\\/nachrichten\\\/die-internationalen-verpflichtungen-des-vereinigten-koenigreichs-zu-klima-und-natur-koennten-bald-in-kraft-treten-und-besser-schuetzen\\\/#primaryimage\"},\"image\":{\"@id\":\"https:\\\/\\\/www.strassenweb.de\\\/nachrichten\\\/die-internationalen-verpflichtungen-des-vereinigten-koenigreichs-zu-klima-und-natur-koennten-bald-in-kraft-treten-und-besser-schuetzen\\\/#primaryimage\"},\"thumbnailUrl\":\"https:\\\/\\\/www.strassenweb.de\\\/nachrichten\\\/wp-content\\\/uploads\\\/2025\\\/01\\\/Die-internationalen-Verpflichtungen-des-Vereinigten-Koenigreichs-zu-Klima-und-Natur.jpeg\",\"datePublished\":\"2025-01-23T12:13:21+00:00\",\"dateModified\":\"2025-01-23T12:13:22+00:00\",\"breadcrumb\":{\"@id\":\"https:\\\/\\\/www.strassenweb.de\\\/nachrichten\\\/die-internationalen-verpflichtungen-des-vereinigten-koenigreichs-zu-klima-und-natur-koennten-bald-in-kraft-treten-und-besser-schuetzen\\\/#breadcrumb\"},\"inLanguage\":\"de\",\"potentialAction\":[{\"@type\":\"ReadAction\",\"target\":[\"https:\\\/\\\/www.strassenweb.de\\\/nachrichten\\\/die-internationalen-verpflichtungen-des-vereinigten-koenigreichs-zu-klima-und-natur-koennten-bald-in-kraft-treten-und-besser-schuetzen\\\/\"]}]},{\"@type\":\"ImageObject\",\"inLanguage\":\"de\",\"@id\":\"https:\\\/\\\/www.strassenweb.de\\\/nachrichten\\\/die-internationalen-verpflichtungen-des-vereinigten-koenigreichs-zu-klima-und-natur-koennten-bald-in-kraft-treten-und-besser-schuetzen\\\/#primaryimage\",\"url\":\"https:\\\/\\\/www.strassenweb.de\\\/nachrichten\\\/wp-content\\\/uploads\\\/2025\\\/01\\\/Die-internationalen-Verpflichtungen-des-Vereinigten-Koenigreichs-zu-Klima-und-Natur.jpeg\",\"contentUrl\":\"https:\\\/\\\/www.strassenweb.de\\\/nachrichten\\\/wp-content\\\/uploads\\\/2025\\\/01\\\/Die-internationalen-Verpflichtungen-des-Vereinigten-Koenigreichs-zu-Klima-und-Natur.jpeg\",\"width\":900,\"height\":583,\"caption\":\"The UK\u2019s international commitments on climate and nature could soon become law \u2013 and better protect our\u00a0environment\"},{\"@type\":\"BreadcrumbList\",\"@id\":\"https:\\\/\\\/www.strassenweb.de\\\/nachrichten\\\/die-internationalen-verpflichtungen-des-vereinigten-koenigreichs-zu-klima-und-natur-koennten-bald-in-kraft-treten-und-besser-schuetzen\\\/#breadcrumb\",\"itemListElement\":[{\"@type\":\"ListItem\",\"position\":1,\"name\":\"Home\",\"item\":\"https:\\\/\\\/www.strassenweb.de\\\/nachrichten\\\/\"},{\"@type\":\"ListItem\",\"position\":2,\"name\":\"Die internationalen Verpflichtungen des Vereinigten K\u00f6nigreichs zu Klima und Natur k\u00f6nnten bald in Kraft treten \u2013 und besser sch\u00fctzen \u2026\"}]},{\"@type\":\"WebSite\",\"@id\":\"https:\\\/\\\/www.strassenweb.de\\\/nachrichten\\\/#website\",\"url\":\"https:\\\/\\\/www.strassenweb.de\\\/nachrichten\\\/\",\"name\":\"Stra\u00dfenweb\",\"description\":\"Stra\u00dfenverzeichnis f\u00fcr Deutschland\",\"publisher\":{\"@id\":\"https:\\\/\\\/www.strassenweb.de\\\/nachrichten\\\/#organization\"},\"potentialAction\":[{\"@type\":\"SearchAction\",\"target\":{\"@type\":\"EntryPoint\",\"urlTemplate\":\"https:\\\/\\\/www.strassenweb.de\\\/nachrichten\\\/?s={search_term_string}\"},\"query-input\":{\"@type\":\"PropertyValueSpecification\",\"valueRequired\":true,\"valueName\":\"search_term_string\"}}],\"inLanguage\":\"de\"},{\"@type\":\"Organization\",\"@id\":\"https:\\\/\\\/www.strassenweb.de\\\/nachrichten\\\/#organization\",\"name\":\"Stra\u00dfenweb\",\"url\":\"https:\\\/\\\/www.strassenweb.de\\\/nachrichten\\\/\",\"logo\":{\"@type\":\"ImageObject\",\"inLanguage\":\"de\",\"@id\":\"https:\\\/\\\/www.strassenweb.de\\\/nachrichten\\\/#\\\/schema\\\/logo\\\/image\\\/\",\"url\":\"https:\\\/\\\/www.strassenweb.de\\\/nachrichten\\\/wp-content\\\/uploads\\\/2024\\\/09\\\/cropped-favicon.png\",\"contentUrl\":\"https:\\\/\\\/www.strassenweb.de\\\/nachrichten\\\/wp-content\\\/uploads\\\/2024\\\/09\\\/cropped-favicon.png\",\"width\":512,\"height\":512,\"caption\":\"Stra\u00dfenweb\"},\"image\":{\"@id\":\"https:\\\/\\\/www.strassenweb.de\\\/nachrichten\\\/#\\\/schema\\\/logo\\\/image\\\/\"},\"sameAs\":[\"https:\\\/\\\/www.facebook.com\\\/strassenweb\\\/\"]},{\"@type\":\"Person\",\"@id\":\"https:\\\/\\\/www.strassenweb.de\\\/nachrichten\\\/#\\\/schema\\\/person\\\/87c9c9067f1211da429a744dc5a5aa41\",\"name\":\"Robert Hoffmann\",\"image\":{\"@type\":\"ImageObject\",\"inLanguage\":\"de\",\"@id\":\"https:\\\/\\\/www.strassenweb.de\\\/nachrichten\\\/wp-content\\\/uploads\\\/2024\\\/09\\\/strassenweb-150x150.jpg\",\"url\":\"https:\\\/\\\/www.strassenweb.de\\\/nachrichten\\\/wp-content\\\/uploads\\\/2024\\\/09\\\/strassenweb-150x150.jpg\",\"contentUrl\":\"https:\\\/\\\/www.strassenweb.de\\\/nachrichten\\\/wp-content\\\/uploads\\\/2024\\\/09\\\/strassenweb-150x150.jpg\",\"caption\":\"Robert Hoffmann\"},\"description\":\"Ich hei\u00dfe Robert Hoffmann und ich bin ein leidenschaftlicher Verfechter von \u00d6kologie und Biodiversit\u00e4t. Seit meiner Kindheit in den W\u00e4ldern Bayerns f\u00fchle ich mich mit der Natur verbunden und bin entschlossen, sie zu sch\u00fctzen. Heute widme ich mein Leben der Sensibilisierung anderer f\u00fcr die Bedeutung des Umweltschutzes f\u00fcr zuk\u00fcnftige Generationen.\",\"sameAs\":[\"https:\\\/\\\/www.strassenweb.de\\\/\"]}]}<\/script>\n<!-- \/ Yoast SEO plugin. -->","yoast_head_json":{"title":"Die internationalen Verpflichtungen des Vereinigten K\u00f6nigreichs zu Klima und Natur k\u00f6nnten bald in Kraft treten \u2013 und besser sch\u00fctzen \u2026 - Nachrichten - Stra\u00dfenweb","robots":{"index":"index","follow":"follow","max-snippet":"max-snippet:-1","max-image-preview":"max-image-preview:large","max-video-preview":"max-video-preview:-1"},"canonical":"https:\/\/www.strassenweb.de\/nachrichten\/die-internationalen-verpflichtungen-des-vereinigten-koenigreichs-zu-klima-und-natur-koennten-bald-in-kraft-treten-und-besser-schuetzen\/","og_locale":"de_DE","og_type":"article","og_title":"Die internationalen Verpflichtungen des Vereinigten K\u00f6nigreichs zu Klima und Natur k\u00f6nnten bald in Kraft treten \u2013 und besser sch\u00fctzen \u2026 - Nachrichten - Stra\u00dfenweb","og_description":"Als Klima- und Biodiversit\u00e4tswissenschaftler verbringen wir den gr\u00f6\u00dften Teil unseres Lebens damit, zu verstehen, wie unser Planet funktioniert und wie wir die Umweltherausforderungen unserer Zeit","og_url":"https:\/\/www.strassenweb.de\/nachrichten\/die-internationalen-verpflichtungen-des-vereinigten-koenigreichs-zu-klima-und-natur-koennten-bald-in-kraft-treten-und-besser-schuetzen\/","og_site_name":"Stra\u00dfenweb","article_publisher":"https:\/\/www.facebook.com\/strassenweb\/","article_published_time":"2025-01-23T12:13:21+00:00","article_modified_time":"2025-01-23T12:13:22+00:00","og_image":[{"width":900,"height":583,"url":"https:\/\/www.strassenweb.de\/nachrichten\/wp-content\/uploads\/2025\/01\/Die-internationalen-Verpflichtungen-des-Vereinigten-Koenigreichs-zu-Klima-und-Natur.jpeg","type":"image\/jpeg"}],"author":"Robert Hoffmann","twitter_card":"summary_large_image","twitter_misc":{"Verfasst von":"Robert Hoffmann","Gesch\u00e4tzte Lesezeit":"5\u00a0Minuten"},"schema":{"@context":"https:\/\/schema.org","@graph":[{"@type":"Article","@id":"https:\/\/www.strassenweb.de\/nachrichten\/die-internationalen-verpflichtungen-des-vereinigten-koenigreichs-zu-klima-und-natur-koennten-bald-in-kraft-treten-und-besser-schuetzen\/#article","isPartOf":{"@id":"https:\/\/www.strassenweb.de\/nachrichten\/die-internationalen-verpflichtungen-des-vereinigten-koenigreichs-zu-klima-und-natur-koennten-bald-in-kraft-treten-und-besser-schuetzen\/"},"author":{"name":"Robert Hoffmann","@id":"https:\/\/www.strassenweb.de\/nachrichten\/#\/schema\/person\/87c9c9067f1211da429a744dc5a5aa41"},"headline":"Die internationalen Verpflichtungen des Vereinigten K\u00f6nigreichs zu Klima und Natur k\u00f6nnten bald in Kraft treten \u2013 und besser sch\u00fctzen \u2026","datePublished":"2025-01-23T12:13:21+00:00","dateModified":"2025-01-23T12:13:22+00:00","mainEntityOfPage":{"@id":"https:\/\/www.strassenweb.de\/nachrichten\/die-internationalen-verpflichtungen-des-vereinigten-koenigreichs-zu-klima-und-natur-koennten-bald-in-kraft-treten-und-besser-schuetzen\/"},"wordCount":1009,"publisher":{"@id":"https:\/\/www.strassenweb.de\/nachrichten\/#organization"},"image":{"@id":"https:\/\/www.strassenweb.de\/nachrichten\/die-internationalen-verpflichtungen-des-vereinigten-koenigreichs-zu-klima-und-natur-koennten-bald-in-kraft-treten-und-besser-schuetzen\/#primaryimage"},"thumbnailUrl":"https:\/\/www.strassenweb.de\/nachrichten\/wp-content\/uploads\/2025\/01\/Die-internationalen-Verpflichtungen-des-Vereinigten-Koenigreichs-zu-Klima-und-Natur.jpeg","keywords":["bald","besser","des","die","internationalen","Klima","K\u00f6nigreichs","k\u00f6nnten","Kraft","Natur","sch\u00fctzen","treten","und","Vereinigten","Verpflichtungen"],"articleSection":["\u00d6kologie"],"inLanguage":"de"},{"@type":"WebPage","@id":"https:\/\/www.strassenweb.de\/nachrichten\/die-internationalen-verpflichtungen-des-vereinigten-koenigreichs-zu-klima-und-natur-koennten-bald-in-kraft-treten-und-besser-schuetzen\/","url":"https:\/\/www.strassenweb.de\/nachrichten\/die-internationalen-verpflichtungen-des-vereinigten-koenigreichs-zu-klima-und-natur-koennten-bald-in-kraft-treten-und-besser-schuetzen\/","name":"Die internationalen Verpflichtungen des Vereinigten K\u00f6nigreichs zu Klima und Natur k\u00f6nnten bald in Kraft treten \u2013 und besser sch\u00fctzen \u2026 - Nachrichten - Stra\u00dfenweb","isPartOf":{"@id":"https:\/\/www.strassenweb.de\/nachrichten\/#website"},"primaryImageOfPage":{"@id":"https:\/\/www.strassenweb.de\/nachrichten\/die-internationalen-verpflichtungen-des-vereinigten-koenigreichs-zu-klima-und-natur-koennten-bald-in-kraft-treten-und-besser-schuetzen\/#primaryimage"},"image":{"@id":"https:\/\/www.strassenweb.de\/nachrichten\/die-internationalen-verpflichtungen-des-vereinigten-koenigreichs-zu-klima-und-natur-koennten-bald-in-kraft-treten-und-besser-schuetzen\/#primaryimage"},"thumbnailUrl":"https:\/\/www.strassenweb.de\/nachrichten\/wp-content\/uploads\/2025\/01\/Die-internationalen-Verpflichtungen-des-Vereinigten-Koenigreichs-zu-Klima-und-Natur.jpeg","datePublished":"2025-01-23T12:13:21+00:00","dateModified":"2025-01-23T12:13:22+00:00","breadcrumb":{"@id":"https:\/\/www.strassenweb.de\/nachrichten\/die-internationalen-verpflichtungen-des-vereinigten-koenigreichs-zu-klima-und-natur-koennten-bald-in-kraft-treten-und-besser-schuetzen\/#breadcrumb"},"inLanguage":"de","potentialAction":[{"@type":"ReadAction","target":["https:\/\/www.strassenweb.de\/nachrichten\/die-internationalen-verpflichtungen-des-vereinigten-koenigreichs-zu-klima-und-natur-koennten-bald-in-kraft-treten-und-besser-schuetzen\/"]}]},{"@type":"ImageObject","inLanguage":"de","@id":"https:\/\/www.strassenweb.de\/nachrichten\/die-internationalen-verpflichtungen-des-vereinigten-koenigreichs-zu-klima-und-natur-koennten-bald-in-kraft-treten-und-besser-schuetzen\/#primaryimage","url":"https:\/\/www.strassenweb.de\/nachrichten\/wp-content\/uploads\/2025\/01\/Die-internationalen-Verpflichtungen-des-Vereinigten-Koenigreichs-zu-Klima-und-Natur.jpeg","contentUrl":"https:\/\/www.strassenweb.de\/nachrichten\/wp-content\/uploads\/2025\/01\/Die-internationalen-Verpflichtungen-des-Vereinigten-Koenigreichs-zu-Klima-und-Natur.jpeg","width":900,"height":583,"caption":"The UK\u2019s international commitments on climate and nature could soon become law \u2013 and better protect our\u00a0environment"},{"@type":"BreadcrumbList","@id":"https:\/\/www.strassenweb.de\/nachrichten\/die-internationalen-verpflichtungen-des-vereinigten-koenigreichs-zu-klima-und-natur-koennten-bald-in-kraft-treten-und-besser-schuetzen\/#breadcrumb","itemListElement":[{"@type":"ListItem","position":1,"name":"Home","item":"https:\/\/www.strassenweb.de\/nachrichten\/"},{"@type":"ListItem","position":2,"name":"Die internationalen Verpflichtungen des Vereinigten K\u00f6nigreichs zu Klima und Natur k\u00f6nnten bald in Kraft treten \u2013 und besser sch\u00fctzen \u2026"}]},{"@type":"WebSite","@id":"https:\/\/www.strassenweb.de\/nachrichten\/#website","url":"https:\/\/www.strassenweb.de\/nachrichten\/","name":"Stra\u00dfenweb","description":"Stra\u00dfenverzeichnis f\u00fcr Deutschland","publisher":{"@id":"https:\/\/www.strassenweb.de\/nachrichten\/#organization"},"potentialAction":[{"@type":"SearchAction","target":{"@type":"EntryPoint","urlTemplate":"https:\/\/www.strassenweb.de\/nachrichten\/?s={search_term_string}"},"query-input":{"@type":"PropertyValueSpecification","valueRequired":true,"valueName":"search_term_string"}}],"inLanguage":"de"},{"@type":"Organization","@id":"https:\/\/www.strassenweb.de\/nachrichten\/#organization","name":"Stra\u00dfenweb","url":"https:\/\/www.strassenweb.de\/nachrichten\/","logo":{"@type":"ImageObject","inLanguage":"de","@id":"https:\/\/www.strassenweb.de\/nachrichten\/#\/schema\/logo\/image\/","url":"https:\/\/www.strassenweb.de\/nachrichten\/wp-content\/uploads\/2024\/09\/cropped-favicon.png","contentUrl":"https:\/\/www.strassenweb.de\/nachrichten\/wp-content\/uploads\/2024\/09\/cropped-favicon.png","width":512,"height":512,"caption":"Stra\u00dfenweb"},"image":{"@id":"https:\/\/www.strassenweb.de\/nachrichten\/#\/schema\/logo\/image\/"},"sameAs":["https:\/\/www.facebook.com\/strassenweb\/"]},{"@type":"Person","@id":"https:\/\/www.strassenweb.de\/nachrichten\/#\/schema\/person\/87c9c9067f1211da429a744dc5a5aa41","name":"Robert Hoffmann","image":{"@type":"ImageObject","inLanguage":"de","@id":"https:\/\/www.strassenweb.de\/nachrichten\/wp-content\/uploads\/2024\/09\/strassenweb-150x150.jpg","url":"https:\/\/www.strassenweb.de\/nachrichten\/wp-content\/uploads\/2024\/09\/strassenweb-150x150.jpg","contentUrl":"https:\/\/www.strassenweb.de\/nachrichten\/wp-content\/uploads\/2024\/09\/strassenweb-150x150.jpg","caption":"Robert Hoffmann"},"description":"Ich hei\u00dfe Robert Hoffmann und ich bin ein leidenschaftlicher Verfechter von \u00d6kologie und Biodiversit\u00e4t. Seit meiner Kindheit in den W\u00e4ldern Bayerns f\u00fchle ich mich mit der Natur verbunden und bin entschlossen, sie zu sch\u00fctzen. Heute widme ich mein Leben der Sensibilisierung anderer f\u00fcr die Bedeutung des Umweltschutzes f\u00fcr zuk\u00fcnftige Generationen.","sameAs":["https:\/\/www.strassenweb.de\/"]}]}},"_links":{"self":[{"href":"https:\/\/www.strassenweb.de\/nachrichten\/wp-json\/wp\/v2\/posts\/2883","targetHints":{"allow":["GET"]}}],"collection":[{"href":"https:\/\/www.strassenweb.de\/nachrichten\/wp-json\/wp\/v2\/posts"}],"about":[{"href":"https:\/\/www.strassenweb.de\/nachrichten\/wp-json\/wp\/v2\/types\/post"}],"author":[{"embeddable":true,"href":"https:\/\/www.strassenweb.de\/nachrichten\/wp-json\/wp\/v2\/users\/1"}],"replies":[{"embeddable":true,"href":"https:\/\/www.strassenweb.de\/nachrichten\/wp-json\/wp\/v2\/comments?post=2883"}],"version-history":[{"count":0,"href":"https:\/\/www.strassenweb.de\/nachrichten\/wp-json\/wp\/v2\/posts\/2883\/revisions"}],"wp:featuredmedia":[{"embeddable":true,"href":"https:\/\/www.strassenweb.de\/nachrichten\/wp-json\/wp\/v2\/media\/2884"}],"wp:attachment":[{"href":"https:\/\/www.strassenweb.de\/nachrichten\/wp-json\/wp\/v2\/media?parent=2883"}],"wp:term":[{"taxonomy":"category","embeddable":true,"href":"https:\/\/www.strassenweb.de\/nachrichten\/wp-json\/wp\/v2\/categories?post=2883"},{"taxonomy":"post_tag","embeddable":true,"href":"https:\/\/www.strassenweb.de\/nachrichten\/wp-json\/wp\/v2\/tags?post=2883"}],"curies":[{"name":"wp","href":"https:\/\/api.w.org\/{rel}","templated":true}]}}