{"id":2871,"date":"2025-01-23T00:39:28","date_gmt":"2025-01-22T23:39:28","guid":{"rendered":"https:\/\/www.strassenweb.de\/nachrichten\/rote-eichhoernchen-die-sich-mit-erdnuessen-ernaehren-haben-schwaechere-kiefer-deshalb-ist-das-fuer-den-artenschutz-wichtig\/"},"modified":"2025-01-23T00:39:29","modified_gmt":"2025-01-22T23:39:29","slug":"rote-eichhoernchen-die-sich-mit-erdnuessen-ernaehren-haben-schwaechere-kiefer-deshalb-ist-das-fuer-den-artenschutz-wichtig","status":"publish","type":"post","link":"https:\/\/www.strassenweb.de\/nachrichten\/rote-eichhoernchen-die-sich-mit-erdnuessen-ernaehren-haben-schwaechere-kiefer-deshalb-ist-das-fuer-den-artenschutz-wichtig\/","title":{"rendered":"Rote Eichh\u00f6rnchen, die sich mit Erdn\u00fcssen ern\u00e4hren, haben schw\u00e4chere Kiefer \u2013 deshalb ist das f\u00fcr den Artenschutz wichtig"},"content":{"rendered":"<p>Rote Eichh\u00f6rnchen wurden in weiten Teilen Gro\u00dfbritanniens durch das nicht heimische Grauh\u00f6rnchen ersetzt, das Ende des 19. Jahrhunderts aus Nordamerika eingef\u00fchrt wurde. Heute ist die britische Population roter Eichh\u00f6rnchen (ca. 287.000) haupts\u00e4chlich auf Schottland, Nordengland und einige vorgelagerte Inseln beschr\u00e4nkt.<\/p>\n<p>Diese fragmentierte Verbreitung ist eine schlechte Nachricht f\u00fcr den Schutz roter Eichh\u00f6rnchen, bietet aber eine interessante Fallstudie f\u00fcr Wissenschaftler. K\u00f6nnten diese Eichh\u00f6rnchen angesichts des unterschiedlichen Klimas und der unterschiedlichen Lebensr\u00e4ume, in denen die verbleibenden Eichh\u00f6rnchen leben, und der Dauer ihrer Isolation voneinander (in manchen F\u00e4llen viele Jahrzehnte) anatomische Unterschiede zu anderen getrennten Populationen derselben Art anderswo entwickelt haben?<\/p>\n<p>In einem \u00e4hnlichen Fall bemerkte Charles Darwin bekanntlich, dass die Finken verschiedener Gal\u00e1pagos-Inseln unterschiedliche Schnabelformen hatten, die die Dinge widerspiegelten, die sie fra\u00dfen.<\/p>\n<p>Meine Kollegen und ich verglichen die Form des Sch\u00e4dels und des Unterkiefers bei roten Eichh\u00f6rnchen aus vier Populationen \u2013 Nordschottland, der schottisch-englischen Grenzregion, dem Formby-Eichh\u00f6rnchenreservat in Merseyside und Jersey auf den Kanalinseln \u2013 und stellten fest, dass dies der Fall war tats\u00e4chlich erhebliche Unterschiede zwischen den Populationen.<\/p>\n<h2 class=\"wp-block-heading\">Du bist, was du isst<\/h2>\n<p>Rote Eichh\u00f6rnchen aus dem Formby-Reservat in der N\u00e4he von Liverpool im Nordwesten Englands hatten Sch\u00e4del mit flacheren Hirnh\u00e4uten und l\u00e4ngeren Gesichtern. Diese Eichh\u00f6rnchen hatten auch einen weniger robusten Unterkiefer und im Vergleich zu ihren Verwandten anderswo lagen die Muskelansatzstellen n\u00e4her am Kiefergelenk.<\/p>\n<figure class=\"wp-block-image\"><\/figure>\n<p>Diese Unterschiede deuteten alle darauf hin, dass die Formby-Eichh\u00f6rnchen kleinere und weniger effiziente Kiefermuskeln und weniger kr\u00e4ftige Bisse hatten als Eichh\u00f6rnchen aus anderen Populationen.<\/p>\n<p>Dar\u00fcber hinaus stellten wir innerhalb der Formby-Population innerhalb kurzer Zeit Ver\u00e4nderungen in der Anatomie fest. Rote Eichh\u00f6rnchen aus den 1990er Jahren hatten weniger leistungsf\u00e4hige Muskeln als Formby-Eichh\u00f6rnchen aus den 2010er Jahren.<\/p>\n<p>Diese Unterschiede k\u00f6nnten das Ergebnis zuf\u00e4lliger genetischer Mutationen oder Inzucht sein, da die Eichh\u00f6rnchen in Formby aufgrund von Krankheiten einen Populationsr\u00fcckgang erlitten haben. Doch der Einfluss der Unterschiede in der Sch\u00e4del- und Kieferform auf die St\u00e4rke und Effizienz des Bisses der Eichh\u00f6rnchen legt nahe, dass die Ern\u00e4hrung eine zugrunde liegende Ursache sein k\u00f6nnte.<\/p>\n<p>Rote Eichh\u00f6rnchen im Vereinigten K\u00f6nigreich ern\u00e4hren sich je nach Wohnort unterschiedlich. Im Norden Schottlands fressen Eichh\u00f6rnchen fast ausschlie\u00dflich Tannenzapfensamen, die sie extrahieren, indem sie die Zapfenschuppen einzeln abnagen. In den gemischten Laub- und Nadelw\u00e4ldern Nordenglands ern\u00e4hren sich Eichh\u00f6rnchen neben Kiefern- und Fichtensamen von einer abwechslungsreicheren Ern\u00e4hrung mit Haseln\u00fcssen, Bucheckern und Eibensamen, und auf der Kanalinsel Jersey fressen Eichh\u00f6rnchen Eicheln, Haseln\u00fcsse und Edelkastanien.<\/p>\n<p>Im Formby-Reservat leben rote Eichh\u00f6rnchen zwischen Kiefern. Allerdings wurden sie in den 1990er und 2000er Jahren das ganze Jahr \u00fcber mit Erdn\u00fcssen in der Schale (oder auch Affenn\u00fcssen) als Erg\u00e4nzungsnahrung versorgt. Die Mitarbeiter des Reservats reduzierten diese Art der F\u00fctterung ab 2007 und forderten die \u00d6ffentlichkeit dazu auf, es ihnen gleichzutun.<\/p>\n<p>Erdn\u00fcsse lassen sich viel leichter \u00f6ffnen als Haseln\u00fcsse oder Tannenzapfen \u2013 wir k\u00f6nnen Erdnussschalen mit blo\u00dfen H\u00e4nden knacken, aber nur wenige von uns k\u00f6nnen eine Haselnussschale ohne Nussknacker knacken. Wir glauben also, dass die weniger mechanisch anspruchsvolle Ern\u00e4hrung bei Formby zu einer Ver\u00e4nderung der Sch\u00e4del- und Kieferanatomie der Eichh\u00f6rnchen f\u00fchrte. Diese Ver\u00e4nderung wurde dann teilweise r\u00fcckg\u00e4ngig gemacht, als die zus\u00e4tzliche Erdnussf\u00fctterung eingestellt wurde.<\/p>\n<figure class=\"wp-block-image\"><img decoding=\"async\" src=\"https:\/\/www.strassenweb.de\/nachrichten\/wp-content\/uploads\/2025\/01\/Rote-Eichhoernchen-die-sich-mit-Erdnuessen-ernaehren-haben-schwaechere-Kiefer.0&#038;q=45&#038;auto=format&#038;w=754&#038;fit=clip.jpeg\" alt=\"Ein National Trust-Schild in einem Waldgebiet.\"><\/figure>\n<h2 class=\"wp-block-heading\">Evolution oder Entwicklung?<\/h2>\n<p>Im Rahmen unserer Forschung bleibt die Frage offen, ob die anatomischen Ver\u00e4nderungen, die bei Formby beobachtet wurden, ein Produkt der Evolution \u00fcber mehrere Generationen hinweg oder eine Entwicklungsreaktion innerhalb der Lebensdauer jedes einzelnen Eichh\u00f6rnchens waren. Der letztgenannte Mechanismus ist als Knochenmodellierung bekannt und tritt bei allen Wirbeltieren auf, sodass die Knochenmasse bei reduzierter Muskelbeanspruchung abnimmt (wie bei Astronauten zu beobachten ist, die ihre Muskeln nicht gegen die Schwerkraft trainieren m\u00fcssen).<\/p>\n<p>Die beiden Szenarien lassen sich nur schwer auseinanderhalten, obwohl die schnelle Ver\u00e4nderung, die bei den Formby-Eichh\u00f6rnchen nach dem Entfernen zus\u00e4tzlicher Erdn\u00fcsse beobachtet wurde, darauf hindeutet, dass es sich m\u00f6glicherweise um eine entwicklungsbedingte Ver\u00e4nderung handelt.<\/p>\n<p>Was auch immer der Mechanismus ist, unsere Forschung k\u00f6nnte wichtige Auswirkungen auf den Schutz von Eichh\u00f6rnchen und anderen Arten haben, insbesondere wenn Tiere in Gefangenschaft gez\u00fcchtet werden, um sie sp\u00e4ter in die Wildnis freizulassen.<\/p>\n<p>Basierend auf unseren Ergebnissen scheint es sinnvoll zu sein, jedes Erg\u00e4nzungsfutter auf das abzustimmen, was die Tiere am wahrscheinlichsten in freier Wildbahn finden, um ihnen die besten \u00dcberlebenschancen zu geben.<\/p>\n<hr class=\"wp-block-separator has-alpha-channel-opacity\">\n<p>Philip Cox, au\u00dferordentlicher Professor f\u00fcr Anatomie, <em>UCL<\/em><\/p>\n<p>  wird von The Conversation unter einer Creative Commons-Lizenz erneut ver\u00f6ffentlicht.<\/p>\n","protected":false},"excerpt":{"rendered":"<p>Rote Eichh\u00f6rnchen wurden in weiten Teilen Gro\u00dfbritanniens durch das nicht heimische Grauh\u00f6rnchen ersetzt, das Ende des 19. Jahrhunderts aus Nordamerika eingef\u00fchrt wurde. Heute ist die<\/p>\n","protected":false},"author":1,"featured_media":2872,"comment_status":"closed","ping_status":"","sticky":false,"template":"","format":"standard","meta":{"footnotes":""},"categories":[101],"tags":[4658,112,78,613,9,1426,4655,4656,55,469,15,3438,146,1020,4657,142,615],"class_list":["post-2871","post","type-post","status-publish","format-standard","has-post-thumbnail","hentry","category-oekologie","tag-artenschutz","tag-das","tag-den","tag-deshalb","tag-die","tag-eichhoernchen","tag-erdnuessen","tag-ernaehren","tag-fuer","tag-haben","tag-ist","tag-kiefer","tag-mit","tag-rote","tag-schwaechere","tag-sich","tag-wichtig","generate-columns","tablet-grid-50","mobile-grid-100","grid-parent","grid-50"],"yoast_head":"<!-- This site is optimized with the Yoast SEO plugin v27.3 - https:\/\/yoast.com\/product\/yoast-seo-wordpress\/ -->\n<title>Rote Eichh\u00f6rnchen, die sich mit Erdn\u00fcssen ern\u00e4hren, haben schw\u00e4chere Kiefer \u2013 deshalb ist das f\u00fcr den Artenschutz wichtig - Nachrichten - Stra\u00dfenweb<\/title>\n<meta name=\"robots\" content=\"index, follow, max-snippet:-1, max-image-preview:large, max-video-preview:-1\" \/>\n<link rel=\"canonical\" href=\"https:\/\/www.strassenweb.de\/nachrichten\/rote-eichhoernchen-die-sich-mit-erdnuessen-ernaehren-haben-schwaechere-kiefer-deshalb-ist-das-fuer-den-artenschutz-wichtig\/\" \/>\n<meta property=\"og:locale\" content=\"de_DE\" \/>\n<meta property=\"og:type\" content=\"article\" \/>\n<meta property=\"og:title\" content=\"Rote Eichh\u00f6rnchen, die sich mit Erdn\u00fcssen ern\u00e4hren, haben schw\u00e4chere Kiefer \u2013 deshalb ist das f\u00fcr den Artenschutz wichtig - Nachrichten - Stra\u00dfenweb\" \/>\n<meta property=\"og:description\" content=\"Rote Eichh\u00f6rnchen wurden in weiten Teilen Gro\u00dfbritanniens durch das nicht heimische Grauh\u00f6rnchen ersetzt, das Ende des 19. Jahrhunderts aus Nordamerika eingef\u00fchrt wurde. Heute ist die\" \/>\n<meta property=\"og:url\" content=\"https:\/\/www.strassenweb.de\/nachrichten\/rote-eichhoernchen-die-sich-mit-erdnuessen-ernaehren-haben-schwaechere-kiefer-deshalb-ist-das-fuer-den-artenschutz-wichtig\/\" \/>\n<meta property=\"og:site_name\" content=\"Stra\u00dfenweb\" \/>\n<meta property=\"article:publisher\" content=\"https:\/\/www.facebook.com\/strassenweb\/\" \/>\n<meta property=\"article:published_time\" content=\"2025-01-22T23:39:28+00:00\" \/>\n<meta property=\"article:modified_time\" content=\"2025-01-22T23:39:29+00:00\" \/>\n<meta property=\"og:image\" content=\"https:\/\/www.strassenweb.de\/nachrichten\/wp-content\/uploads\/2025\/01\/Rote-Eichhoernchen-die-sich-mit-Erdnuessen-ernaehren-haben-schwaechere-Kiefer.jpg\" \/>\n\t<meta property=\"og:image:width\" content=\"752\" \/>\n\t<meta property=\"og:image:height\" content=\"501\" \/>\n\t<meta property=\"og:image:type\" content=\"image\/jpeg\" \/>\n<meta name=\"author\" content=\"Robert Hoffmann\" \/>\n<meta name=\"twitter:card\" content=\"summary_large_image\" \/>\n<meta name=\"twitter:label1\" content=\"Verfasst von\" \/>\n\t<meta name=\"twitter:data1\" content=\"Robert Hoffmann\" \/>\n\t<meta name=\"twitter:label2\" content=\"Gesch\u00e4tzte Lesezeit\" \/>\n\t<meta name=\"twitter:data2\" content=\"4\u00a0Minuten\" \/>\n<script type=\"application\/ld+json\" class=\"yoast-schema-graph\">{\"@context\":\"https:\\\/\\\/schema.org\",\"@graph\":[{\"@type\":\"Article\",\"@id\":\"https:\\\/\\\/www.strassenweb.de\\\/nachrichten\\\/rote-eichhoernchen-die-sich-mit-erdnuessen-ernaehren-haben-schwaechere-kiefer-deshalb-ist-das-fuer-den-artenschutz-wichtig\\\/#article\",\"isPartOf\":{\"@id\":\"https:\\\/\\\/www.strassenweb.de\\\/nachrichten\\\/rote-eichhoernchen-die-sich-mit-erdnuessen-ernaehren-haben-schwaechere-kiefer-deshalb-ist-das-fuer-den-artenschutz-wichtig\\\/\"},\"author\":{\"name\":\"Robert Hoffmann\",\"@id\":\"https:\\\/\\\/www.strassenweb.de\\\/nachrichten\\\/#\\\/schema\\\/person\\\/87c9c9067f1211da429a744dc5a5aa41\"},\"headline\":\"Rote Eichh\u00f6rnchen, die sich mit Erdn\u00fcssen ern\u00e4hren, haben schw\u00e4chere Kiefer \u2013 deshalb ist das f\u00fcr den Artenschutz wichtig\",\"datePublished\":\"2025-01-22T23:39:28+00:00\",\"dateModified\":\"2025-01-22T23:39:29+00:00\",\"mainEntityOfPage\":{\"@id\":\"https:\\\/\\\/www.strassenweb.de\\\/nachrichten\\\/rote-eichhoernchen-die-sich-mit-erdnuessen-ernaehren-haben-schwaechere-kiefer-deshalb-ist-das-fuer-den-artenschutz-wichtig\\\/\"},\"wordCount\":798,\"publisher\":{\"@id\":\"https:\\\/\\\/www.strassenweb.de\\\/nachrichten\\\/#organization\"},\"image\":{\"@id\":\"https:\\\/\\\/www.strassenweb.de\\\/nachrichten\\\/rote-eichhoernchen-die-sich-mit-erdnuessen-ernaehren-haben-schwaechere-kiefer-deshalb-ist-das-fuer-den-artenschutz-wichtig\\\/#primaryimage\"},\"thumbnailUrl\":\"https:\\\/\\\/www.strassenweb.de\\\/nachrichten\\\/wp-content\\\/uploads\\\/2025\\\/01\\\/Rote-Eichhoernchen-die-sich-mit-Erdnuessen-ernaehren-haben-schwaechere-Kiefer.jpg\",\"keywords\":[\"Artenschutz\",\"das\",\"den\",\"deshalb\",\"die\",\"Eichh\u00f6rnchen\",\"Erdn\u00fcssen\",\"ern\u00e4hren\",\"f\u00fcr\",\"haben\",\"ist\",\"Kiefer\",\"mit\",\"rote\",\"schw\u00e4chere\",\"sich\",\"wichtig\"],\"articleSection\":[\"\u00d6kologie\"],\"inLanguage\":\"de\"},{\"@type\":\"WebPage\",\"@id\":\"https:\\\/\\\/www.strassenweb.de\\\/nachrichten\\\/rote-eichhoernchen-die-sich-mit-erdnuessen-ernaehren-haben-schwaechere-kiefer-deshalb-ist-das-fuer-den-artenschutz-wichtig\\\/\",\"url\":\"https:\\\/\\\/www.strassenweb.de\\\/nachrichten\\\/rote-eichhoernchen-die-sich-mit-erdnuessen-ernaehren-haben-schwaechere-kiefer-deshalb-ist-das-fuer-den-artenschutz-wichtig\\\/\",\"name\":\"Rote Eichh\u00f6rnchen, die sich mit Erdn\u00fcssen ern\u00e4hren, haben schw\u00e4chere Kiefer \u2013 deshalb ist das f\u00fcr den Artenschutz wichtig - Nachrichten - Stra\u00dfenweb\",\"isPartOf\":{\"@id\":\"https:\\\/\\\/www.strassenweb.de\\\/nachrichten\\\/#website\"},\"primaryImageOfPage\":{\"@id\":\"https:\\\/\\\/www.strassenweb.de\\\/nachrichten\\\/rote-eichhoernchen-die-sich-mit-erdnuessen-ernaehren-haben-schwaechere-kiefer-deshalb-ist-das-fuer-den-artenschutz-wichtig\\\/#primaryimage\"},\"image\":{\"@id\":\"https:\\\/\\\/www.strassenweb.de\\\/nachrichten\\\/rote-eichhoernchen-die-sich-mit-erdnuessen-ernaehren-haben-schwaechere-kiefer-deshalb-ist-das-fuer-den-artenschutz-wichtig\\\/#primaryimage\"},\"thumbnailUrl\":\"https:\\\/\\\/www.strassenweb.de\\\/nachrichten\\\/wp-content\\\/uploads\\\/2025\\\/01\\\/Rote-Eichhoernchen-die-sich-mit-Erdnuessen-ernaehren-haben-schwaechere-Kiefer.jpg\",\"datePublished\":\"2025-01-22T23:39:28+00:00\",\"dateModified\":\"2025-01-22T23:39:29+00:00\",\"breadcrumb\":{\"@id\":\"https:\\\/\\\/www.strassenweb.de\\\/nachrichten\\\/rote-eichhoernchen-die-sich-mit-erdnuessen-ernaehren-haben-schwaechere-kiefer-deshalb-ist-das-fuer-den-artenschutz-wichtig\\\/#breadcrumb\"},\"inLanguage\":\"de\",\"potentialAction\":[{\"@type\":\"ReadAction\",\"target\":[\"https:\\\/\\\/www.strassenweb.de\\\/nachrichten\\\/rote-eichhoernchen-die-sich-mit-erdnuessen-ernaehren-haben-schwaechere-kiefer-deshalb-ist-das-fuer-den-artenschutz-wichtig\\\/\"]}]},{\"@type\":\"ImageObject\",\"inLanguage\":\"de\",\"@id\":\"https:\\\/\\\/www.strassenweb.de\\\/nachrichten\\\/rote-eichhoernchen-die-sich-mit-erdnuessen-ernaehren-haben-schwaechere-kiefer-deshalb-ist-das-fuer-den-artenschutz-wichtig\\\/#primaryimage\",\"url\":\"https:\\\/\\\/www.strassenweb.de\\\/nachrichten\\\/wp-content\\\/uploads\\\/2025\\\/01\\\/Rote-Eichhoernchen-die-sich-mit-Erdnuessen-ernaehren-haben-schwaechere-Kiefer.jpg\",\"contentUrl\":\"https:\\\/\\\/www.strassenweb.de\\\/nachrichten\\\/wp-content\\\/uploads\\\/2025\\\/01\\\/Rote-Eichhoernchen-die-sich-mit-Erdnuessen-ernaehren-haben-schwaechere-Kiefer.jpg\",\"width\":752,\"height\":501,\"caption\":\"Red squirrels fed on peanuts have weaker jaws \u2013 here\u2019s why that matters for\u00a0conservation\"},{\"@type\":\"BreadcrumbList\",\"@id\":\"https:\\\/\\\/www.strassenweb.de\\\/nachrichten\\\/rote-eichhoernchen-die-sich-mit-erdnuessen-ernaehren-haben-schwaechere-kiefer-deshalb-ist-das-fuer-den-artenschutz-wichtig\\\/#breadcrumb\",\"itemListElement\":[{\"@type\":\"ListItem\",\"position\":1,\"name\":\"Home\",\"item\":\"https:\\\/\\\/www.strassenweb.de\\\/nachrichten\\\/\"},{\"@type\":\"ListItem\",\"position\":2,\"name\":\"Rote Eichh\u00f6rnchen, die sich mit Erdn\u00fcssen ern\u00e4hren, haben schw\u00e4chere Kiefer \u2013 deshalb ist das f\u00fcr den Artenschutz wichtig\"}]},{\"@type\":\"WebSite\",\"@id\":\"https:\\\/\\\/www.strassenweb.de\\\/nachrichten\\\/#website\",\"url\":\"https:\\\/\\\/www.strassenweb.de\\\/nachrichten\\\/\",\"name\":\"Stra\u00dfenweb\",\"description\":\"Stra\u00dfenverzeichnis f\u00fcr Deutschland\",\"publisher\":{\"@id\":\"https:\\\/\\\/www.strassenweb.de\\\/nachrichten\\\/#organization\"},\"potentialAction\":[{\"@type\":\"SearchAction\",\"target\":{\"@type\":\"EntryPoint\",\"urlTemplate\":\"https:\\\/\\\/www.strassenweb.de\\\/nachrichten\\\/?s={search_term_string}\"},\"query-input\":{\"@type\":\"PropertyValueSpecification\",\"valueRequired\":true,\"valueName\":\"search_term_string\"}}],\"inLanguage\":\"de\"},{\"@type\":\"Organization\",\"@id\":\"https:\\\/\\\/www.strassenweb.de\\\/nachrichten\\\/#organization\",\"name\":\"Stra\u00dfenweb\",\"url\":\"https:\\\/\\\/www.strassenweb.de\\\/nachrichten\\\/\",\"logo\":{\"@type\":\"ImageObject\",\"inLanguage\":\"de\",\"@id\":\"https:\\\/\\\/www.strassenweb.de\\\/nachrichten\\\/#\\\/schema\\\/logo\\\/image\\\/\",\"url\":\"https:\\\/\\\/www.strassenweb.de\\\/nachrichten\\\/wp-content\\\/uploads\\\/2024\\\/09\\\/cropped-favicon.png\",\"contentUrl\":\"https:\\\/\\\/www.strassenweb.de\\\/nachrichten\\\/wp-content\\\/uploads\\\/2024\\\/09\\\/cropped-favicon.png\",\"width\":512,\"height\":512,\"caption\":\"Stra\u00dfenweb\"},\"image\":{\"@id\":\"https:\\\/\\\/www.strassenweb.de\\\/nachrichten\\\/#\\\/schema\\\/logo\\\/image\\\/\"},\"sameAs\":[\"https:\\\/\\\/www.facebook.com\\\/strassenweb\\\/\"]},{\"@type\":\"Person\",\"@id\":\"https:\\\/\\\/www.strassenweb.de\\\/nachrichten\\\/#\\\/schema\\\/person\\\/87c9c9067f1211da429a744dc5a5aa41\",\"name\":\"Robert Hoffmann\",\"image\":{\"@type\":\"ImageObject\",\"inLanguage\":\"de\",\"@id\":\"https:\\\/\\\/www.strassenweb.de\\\/nachrichten\\\/wp-content\\\/uploads\\\/2024\\\/09\\\/strassenweb-150x150.jpg\",\"url\":\"https:\\\/\\\/www.strassenweb.de\\\/nachrichten\\\/wp-content\\\/uploads\\\/2024\\\/09\\\/strassenweb-150x150.jpg\",\"contentUrl\":\"https:\\\/\\\/www.strassenweb.de\\\/nachrichten\\\/wp-content\\\/uploads\\\/2024\\\/09\\\/strassenweb-150x150.jpg\",\"caption\":\"Robert Hoffmann\"},\"description\":\"Ich hei\u00dfe Robert Hoffmann und ich bin ein leidenschaftlicher Verfechter von \u00d6kologie und Biodiversit\u00e4t. Seit meiner Kindheit in den W\u00e4ldern Bayerns f\u00fchle ich mich mit der Natur verbunden und bin entschlossen, sie zu sch\u00fctzen. Heute widme ich mein Leben der Sensibilisierung anderer f\u00fcr die Bedeutung des Umweltschutzes f\u00fcr zuk\u00fcnftige Generationen.\",\"sameAs\":[\"https:\\\/\\\/www.strassenweb.de\\\/\"]}]}<\/script>\n<!-- \/ Yoast SEO plugin. -->","yoast_head_json":{"title":"Rote Eichh\u00f6rnchen, die sich mit Erdn\u00fcssen ern\u00e4hren, haben schw\u00e4chere Kiefer \u2013 deshalb ist das f\u00fcr den Artenschutz wichtig - Nachrichten - Stra\u00dfenweb","robots":{"index":"index","follow":"follow","max-snippet":"max-snippet:-1","max-image-preview":"max-image-preview:large","max-video-preview":"max-video-preview:-1"},"canonical":"https:\/\/www.strassenweb.de\/nachrichten\/rote-eichhoernchen-die-sich-mit-erdnuessen-ernaehren-haben-schwaechere-kiefer-deshalb-ist-das-fuer-den-artenschutz-wichtig\/","og_locale":"de_DE","og_type":"article","og_title":"Rote Eichh\u00f6rnchen, die sich mit Erdn\u00fcssen ern\u00e4hren, haben schw\u00e4chere Kiefer \u2013 deshalb ist das f\u00fcr den Artenschutz wichtig - Nachrichten - Stra\u00dfenweb","og_description":"Rote Eichh\u00f6rnchen wurden in weiten Teilen Gro\u00dfbritanniens durch das nicht heimische Grauh\u00f6rnchen ersetzt, das Ende des 19. Jahrhunderts aus Nordamerika eingef\u00fchrt wurde. Heute ist die","og_url":"https:\/\/www.strassenweb.de\/nachrichten\/rote-eichhoernchen-die-sich-mit-erdnuessen-ernaehren-haben-schwaechere-kiefer-deshalb-ist-das-fuer-den-artenschutz-wichtig\/","og_site_name":"Stra\u00dfenweb","article_publisher":"https:\/\/www.facebook.com\/strassenweb\/","article_published_time":"2025-01-22T23:39:28+00:00","article_modified_time":"2025-01-22T23:39:29+00:00","og_image":[{"width":752,"height":501,"url":"https:\/\/www.strassenweb.de\/nachrichten\/wp-content\/uploads\/2025\/01\/Rote-Eichhoernchen-die-sich-mit-Erdnuessen-ernaehren-haben-schwaechere-Kiefer.jpg","type":"image\/jpeg"}],"author":"Robert Hoffmann","twitter_card":"summary_large_image","twitter_misc":{"Verfasst von":"Robert Hoffmann","Gesch\u00e4tzte Lesezeit":"4\u00a0Minuten"},"schema":{"@context":"https:\/\/schema.org","@graph":[{"@type":"Article","@id":"https:\/\/www.strassenweb.de\/nachrichten\/rote-eichhoernchen-die-sich-mit-erdnuessen-ernaehren-haben-schwaechere-kiefer-deshalb-ist-das-fuer-den-artenschutz-wichtig\/#article","isPartOf":{"@id":"https:\/\/www.strassenweb.de\/nachrichten\/rote-eichhoernchen-die-sich-mit-erdnuessen-ernaehren-haben-schwaechere-kiefer-deshalb-ist-das-fuer-den-artenschutz-wichtig\/"},"author":{"name":"Robert Hoffmann","@id":"https:\/\/www.strassenweb.de\/nachrichten\/#\/schema\/person\/87c9c9067f1211da429a744dc5a5aa41"},"headline":"Rote Eichh\u00f6rnchen, die sich mit Erdn\u00fcssen ern\u00e4hren, haben schw\u00e4chere Kiefer \u2013 deshalb ist das f\u00fcr den Artenschutz wichtig","datePublished":"2025-01-22T23:39:28+00:00","dateModified":"2025-01-22T23:39:29+00:00","mainEntityOfPage":{"@id":"https:\/\/www.strassenweb.de\/nachrichten\/rote-eichhoernchen-die-sich-mit-erdnuessen-ernaehren-haben-schwaechere-kiefer-deshalb-ist-das-fuer-den-artenschutz-wichtig\/"},"wordCount":798,"publisher":{"@id":"https:\/\/www.strassenweb.de\/nachrichten\/#organization"},"image":{"@id":"https:\/\/www.strassenweb.de\/nachrichten\/rote-eichhoernchen-die-sich-mit-erdnuessen-ernaehren-haben-schwaechere-kiefer-deshalb-ist-das-fuer-den-artenschutz-wichtig\/#primaryimage"},"thumbnailUrl":"https:\/\/www.strassenweb.de\/nachrichten\/wp-content\/uploads\/2025\/01\/Rote-Eichhoernchen-die-sich-mit-Erdnuessen-ernaehren-haben-schwaechere-Kiefer.jpg","keywords":["Artenschutz","das","den","deshalb","die","Eichh\u00f6rnchen","Erdn\u00fcssen","ern\u00e4hren","f\u00fcr","haben","ist","Kiefer","mit","rote","schw\u00e4chere","sich","wichtig"],"articleSection":["\u00d6kologie"],"inLanguage":"de"},{"@type":"WebPage","@id":"https:\/\/www.strassenweb.de\/nachrichten\/rote-eichhoernchen-die-sich-mit-erdnuessen-ernaehren-haben-schwaechere-kiefer-deshalb-ist-das-fuer-den-artenschutz-wichtig\/","url":"https:\/\/www.strassenweb.de\/nachrichten\/rote-eichhoernchen-die-sich-mit-erdnuessen-ernaehren-haben-schwaechere-kiefer-deshalb-ist-das-fuer-den-artenschutz-wichtig\/","name":"Rote Eichh\u00f6rnchen, die sich mit Erdn\u00fcssen ern\u00e4hren, haben schw\u00e4chere Kiefer \u2013 deshalb ist das f\u00fcr den Artenschutz wichtig - Nachrichten - Stra\u00dfenweb","isPartOf":{"@id":"https:\/\/www.strassenweb.de\/nachrichten\/#website"},"primaryImageOfPage":{"@id":"https:\/\/www.strassenweb.de\/nachrichten\/rote-eichhoernchen-die-sich-mit-erdnuessen-ernaehren-haben-schwaechere-kiefer-deshalb-ist-das-fuer-den-artenschutz-wichtig\/#primaryimage"},"image":{"@id":"https:\/\/www.strassenweb.de\/nachrichten\/rote-eichhoernchen-die-sich-mit-erdnuessen-ernaehren-haben-schwaechere-kiefer-deshalb-ist-das-fuer-den-artenschutz-wichtig\/#primaryimage"},"thumbnailUrl":"https:\/\/www.strassenweb.de\/nachrichten\/wp-content\/uploads\/2025\/01\/Rote-Eichhoernchen-die-sich-mit-Erdnuessen-ernaehren-haben-schwaechere-Kiefer.jpg","datePublished":"2025-01-22T23:39:28+00:00","dateModified":"2025-01-22T23:39:29+00:00","breadcrumb":{"@id":"https:\/\/www.strassenweb.de\/nachrichten\/rote-eichhoernchen-die-sich-mit-erdnuessen-ernaehren-haben-schwaechere-kiefer-deshalb-ist-das-fuer-den-artenschutz-wichtig\/#breadcrumb"},"inLanguage":"de","potentialAction":[{"@type":"ReadAction","target":["https:\/\/www.strassenweb.de\/nachrichten\/rote-eichhoernchen-die-sich-mit-erdnuessen-ernaehren-haben-schwaechere-kiefer-deshalb-ist-das-fuer-den-artenschutz-wichtig\/"]}]},{"@type":"ImageObject","inLanguage":"de","@id":"https:\/\/www.strassenweb.de\/nachrichten\/rote-eichhoernchen-die-sich-mit-erdnuessen-ernaehren-haben-schwaechere-kiefer-deshalb-ist-das-fuer-den-artenschutz-wichtig\/#primaryimage","url":"https:\/\/www.strassenweb.de\/nachrichten\/wp-content\/uploads\/2025\/01\/Rote-Eichhoernchen-die-sich-mit-Erdnuessen-ernaehren-haben-schwaechere-Kiefer.jpg","contentUrl":"https:\/\/www.strassenweb.de\/nachrichten\/wp-content\/uploads\/2025\/01\/Rote-Eichhoernchen-die-sich-mit-Erdnuessen-ernaehren-haben-schwaechere-Kiefer.jpg","width":752,"height":501,"caption":"Red squirrels fed on peanuts have weaker jaws \u2013 here\u2019s why that matters for\u00a0conservation"},{"@type":"BreadcrumbList","@id":"https:\/\/www.strassenweb.de\/nachrichten\/rote-eichhoernchen-die-sich-mit-erdnuessen-ernaehren-haben-schwaechere-kiefer-deshalb-ist-das-fuer-den-artenschutz-wichtig\/#breadcrumb","itemListElement":[{"@type":"ListItem","position":1,"name":"Home","item":"https:\/\/www.strassenweb.de\/nachrichten\/"},{"@type":"ListItem","position":2,"name":"Rote Eichh\u00f6rnchen, die sich mit Erdn\u00fcssen ern\u00e4hren, haben schw\u00e4chere Kiefer \u2013 deshalb ist das f\u00fcr den Artenschutz wichtig"}]},{"@type":"WebSite","@id":"https:\/\/www.strassenweb.de\/nachrichten\/#website","url":"https:\/\/www.strassenweb.de\/nachrichten\/","name":"Stra\u00dfenweb","description":"Stra\u00dfenverzeichnis f\u00fcr Deutschland","publisher":{"@id":"https:\/\/www.strassenweb.de\/nachrichten\/#organization"},"potentialAction":[{"@type":"SearchAction","target":{"@type":"EntryPoint","urlTemplate":"https:\/\/www.strassenweb.de\/nachrichten\/?s={search_term_string}"},"query-input":{"@type":"PropertyValueSpecification","valueRequired":true,"valueName":"search_term_string"}}],"inLanguage":"de"},{"@type":"Organization","@id":"https:\/\/www.strassenweb.de\/nachrichten\/#organization","name":"Stra\u00dfenweb","url":"https:\/\/www.strassenweb.de\/nachrichten\/","logo":{"@type":"ImageObject","inLanguage":"de","@id":"https:\/\/www.strassenweb.de\/nachrichten\/#\/schema\/logo\/image\/","url":"https:\/\/www.strassenweb.de\/nachrichten\/wp-content\/uploads\/2024\/09\/cropped-favicon.png","contentUrl":"https:\/\/www.strassenweb.de\/nachrichten\/wp-content\/uploads\/2024\/09\/cropped-favicon.png","width":512,"height":512,"caption":"Stra\u00dfenweb"},"image":{"@id":"https:\/\/www.strassenweb.de\/nachrichten\/#\/schema\/logo\/image\/"},"sameAs":["https:\/\/www.facebook.com\/strassenweb\/"]},{"@type":"Person","@id":"https:\/\/www.strassenweb.de\/nachrichten\/#\/schema\/person\/87c9c9067f1211da429a744dc5a5aa41","name":"Robert Hoffmann","image":{"@type":"ImageObject","inLanguage":"de","@id":"https:\/\/www.strassenweb.de\/nachrichten\/wp-content\/uploads\/2024\/09\/strassenweb-150x150.jpg","url":"https:\/\/www.strassenweb.de\/nachrichten\/wp-content\/uploads\/2024\/09\/strassenweb-150x150.jpg","contentUrl":"https:\/\/www.strassenweb.de\/nachrichten\/wp-content\/uploads\/2024\/09\/strassenweb-150x150.jpg","caption":"Robert Hoffmann"},"description":"Ich hei\u00dfe Robert Hoffmann und ich bin ein leidenschaftlicher Verfechter von \u00d6kologie und Biodiversit\u00e4t. Seit meiner Kindheit in den W\u00e4ldern Bayerns f\u00fchle ich mich mit der Natur verbunden und bin entschlossen, sie zu sch\u00fctzen. Heute widme ich mein Leben der Sensibilisierung anderer f\u00fcr die Bedeutung des Umweltschutzes f\u00fcr zuk\u00fcnftige Generationen.","sameAs":["https:\/\/www.strassenweb.de\/"]}]}},"_links":{"self":[{"href":"https:\/\/www.strassenweb.de\/nachrichten\/wp-json\/wp\/v2\/posts\/2871","targetHints":{"allow":["GET"]}}],"collection":[{"href":"https:\/\/www.strassenweb.de\/nachrichten\/wp-json\/wp\/v2\/posts"}],"about":[{"href":"https:\/\/www.strassenweb.de\/nachrichten\/wp-json\/wp\/v2\/types\/post"}],"author":[{"embeddable":true,"href":"https:\/\/www.strassenweb.de\/nachrichten\/wp-json\/wp\/v2\/users\/1"}],"replies":[{"embeddable":true,"href":"https:\/\/www.strassenweb.de\/nachrichten\/wp-json\/wp\/v2\/comments?post=2871"}],"version-history":[{"count":0,"href":"https:\/\/www.strassenweb.de\/nachrichten\/wp-json\/wp\/v2\/posts\/2871\/revisions"}],"wp:featuredmedia":[{"embeddable":true,"href":"https:\/\/www.strassenweb.de\/nachrichten\/wp-json\/wp\/v2\/media\/2872"}],"wp:attachment":[{"href":"https:\/\/www.strassenweb.de\/nachrichten\/wp-json\/wp\/v2\/media?parent=2871"}],"wp:term":[{"taxonomy":"category","embeddable":true,"href":"https:\/\/www.strassenweb.de\/nachrichten\/wp-json\/wp\/v2\/categories?post=2871"},{"taxonomy":"post_tag","embeddable":true,"href":"https:\/\/www.strassenweb.de\/nachrichten\/wp-json\/wp\/v2\/tags?post=2871"}],"curies":[{"name":"wp","href":"https:\/\/api.w.org\/{rel}","templated":true}]}}