{"id":2866,"date":"2025-01-22T19:47:51","date_gmt":"2025-01-22T18:47:51","guid":{"rendered":"https:\/\/www.strassenweb.de\/nachrichten\/ich-bin-gerade-aus-den-franzoesischen-alpen-zurueckgekommen-das-sind-gemuetliche-dekorationstipps-fuer-den-apres-ski-die-ich-mit-nach-hause-nehme\/"},"modified":"2025-01-22T19:47:53","modified_gmt":"2025-01-22T18:47:53","slug":"ich-bin-gerade-aus-den-franzoesischen-alpen-zurueckgekommen-das-sind-gemuetliche-dekorationstipps-fuer-den-apres-ski-die-ich-mit-nach-hause-nehme","status":"publish","type":"post","link":"https:\/\/www.strassenweb.de\/nachrichten\/ich-bin-gerade-aus-den-franzoesischen-alpen-zurueckgekommen-das-sind-gemuetliche-dekorationstipps-fuer-den-apres-ski-die-ich-mit-nach-hause-nehme\/","title":{"rendered":"Ich bin gerade aus den franz\u00f6sischen Alpen zur\u00fcckgekommen \u2013 das sind gem\u00fctliche Dekorationstipps f\u00fcr den Apr\u00e8s-Ski, die ich mit nach Hause nehme"},"content":{"rendered":"<p><\/p>\n<div id=\"article-body\" class=\"article__body \">\n<p>Das Beste an meiner letzten Reise zum neuen Experimental Chalet Val d&#8217;Isere in den franz\u00f6sischen Alpen war nicht das Skifahren. Es war nicht der perfekte Schnee, den wir gl\u00fccklicherweise hatten, oder all dieser blaue Himmel oder sogar die Sch\u00fcsseln Pommes, die wir zum Mittagessen mit einem Glas Wein auf einem Berggipfel a\u00dfen. Es lag daran, dass das Hotel selbst so voller Dekorationsideen steckte und den klassischen Ski-Look so reichhaltig und modern interpretierte. Deshalb bin ich nat\u00fcrlich voller neuer Inspirationen nach Hause gekommen, wie ich mein eigenes Zuhause gem\u00fctlicher gestalten kann.<\/p>\n<div id=\"ad-unit-1\" class=\"ad-unit\"><\/div>\n<p>Die Experimental Group, bekannt f\u00fcr ihre Cocktailbars und Hotels in ganz Europa, treibt seit \u00fcber einem Jahrzehnt die Design-Nadel voran. Ich habe letzten Fr\u00fchling im renovierten Cowley Manor in den englischen Cotswolds \u00fcbernachtet, und es war eine Oase der klassischen Holzvert\u00e4felung und gem\u00fctlichen Teppiche in leuchtenden Farben. Und der neue Au\u00dfenposten von Val d&#8217;Is\u00e8re ist ebenso verlockend. Es f\u00fchlte sich so gem\u00fctlich und doch sehr modern an.<\/p>\n<aside class=\"hawk-nest\" data-block-type=\"embed\" data-render-type=\"fte\" data-skip=\"dealsy\" data-widget-type=\"seasonal\">\n<div class=\"hawk-master-widget-hawk-base-wrapper\"><\/div>\n<\/aside>\n<p>\u201eDas ist genau das, was wir wollten\u201c, sagt Dorothee Meilichzon, die sich um die gesamte Gestaltung der Standorte der Experimentalgruppe k\u00fcmmert. \u201eDas Gef\u00fchl haben, in einem Skigebiet zu sein, aber sich von der \u00fcblichen Atmosph\u00e4re aus Holz, Fell und Tartan zu entfernen.\u201c Und das ist die Interpretation gem\u00fctlicher Deko f\u00fcr 2025, die mich am meisten inspiriert: neue M\u00f6glichkeiten, Ihr Zuhause warm zu machen.<\/p>\n<div id=\"desktop-in-article\" class=\"in-article ad-unit\">\n<div id=\"desktop-taboola-mid-article\"><\/div>\n<\/div>\n<div id=\"mobile-in-article\" class=\"in-article ad-unit\">\n<div id=\"mobile-taboola-mid-article\"><\/div>\n<\/div>\n<h3 class=\"article-body__section\" id=\"section-1-be-inspired-by-outdoors\"><span>1. Lassen Sie sich von der Natur inspirieren<\/span><\/h3>\n<figure class=\"van-image-figure inline-layout \" data-bordeaux-image-check>\n<div class=\"image-full-width-wrapper\">\n<div class=\"image-widthsetter\" style=\"max-width:2000px;\"><\/div>\n<\/div>\n<\/figure>\n<p>Es mag kontraintuitiv erscheinen, sich bei der Gestaltung eines gem\u00fctlichen Innenraums an der freien Natur zu orientieren, aber Dorothee betrachtete die ausgedehnten W\u00e4lder der USA als Ausgangspunkt.<\/p>\n<div class=\"van_vid_carousel\">\n<div class=\"van_vid_carousel__padding\">\n<div class=\"van_vid_carousel__container\"><\/div>\n<\/div>\n<\/div>\n<p>\u201eDieses gewaltige Geb\u00e4ude aus Steindachziegeln, Beton und Holz lie\u00df uns sofort an eine Lodge im amerikanischen Stil denken: Baumst\u00e4mme, \u00c4ste, Steinanordnung und Holzarbeiten, und wir waren der Meinung, dass dies unser Ausgangspunkt sein sollte!\u201c sie erkl\u00e4rt. \u201eDer Geist des Waldes\u201c war unser architektonisches System, um die T\u00fcrrahmen, Schr\u00e4nke, Kopfteile, Griffe, Badezimmerm\u00f6bel und B\u00e4nke rund um den stoischen Steinkamin zu entwerfen.\u201c<\/p>\n<div id=\"ad-unit-2\" class=\"ad-unit\"><\/div>\n<p>Dies bedeutete, unerwartete Wege zu finden, Holz als Kontrast zu den geschichteten Textilien einzusetzen. Die harten Bettrahmen, die Sie oben sehen k\u00f6nnen, mit ihren breiten, lackierten Holzbrettern lie\u00dfen alle Decken und Bettw\u00e4sche sowie das gesteppte Kopfteil tats\u00e4chlich noch weicher und einladender erscheinen.<\/p>\n<h3 class=\"article-body__section\" id=\"section-2-contrast-bold-colors-with-warm-shades\"><span>2. Kontrastieren Sie kr\u00e4ftige Farben mit warmen Farbt\u00f6nen<\/span><\/h3>\n<figure class=\"van-image-figure inline-layout \" data-bordeaux-image-check>\n<div class=\"image-full-width-wrapper\">\n<div class=\"image-widthsetter\" style=\"max-width:2000px;\"><\/div>\n<\/div>\n<\/figure>\n<p>W\u00e4hrend es bei der klassischen Skih\u00fctte vor allem darum geht, mit neutralen Farben zu dekorieren (stellen Sie sich wei\u00dfe Schaffelldecken als einzigen Akzent vor), sind bei der experimentellen Skih\u00fctte orangefarbene Rott\u00f6ne und satte Blaut\u00f6ne geschichtet und mit Schwarz- und Wei\u00dft\u00f6nen unterstrichen, um sie noch mehr hervorzuheben .<\/p>\n<p>\u201eWir sind immer bestrebt, Komfort und eine Atmosph\u00e4re zu schaffen, in der Sie sich gut aufgehoben f\u00fchlen\u201c, sagt Dorothee. \u201eEs ist super wichtig f\u00fcr mich.\u201c Ich stehe nicht auf Minimalismus, wenn es um Hotels geht. Deshalb haben wir sehr warme Farben und Materialien mitgebracht, viel Wolle, Teppich und viele Kontraste: Kiefer und Walnuss, Rot und Gr\u00fcn, Schwarz und Wei\u00df und viele Details, die uns an die Alpen erinnern.\u201c<\/p>\n<h3 class=\"article-body__section\" id=\"section-3-embrace-wall-to-wall-carpet\"><span>3. Umarmen Sie den Teppich von Wand zu Wand<\/span><\/h3>\n<figure class=\"van-image-figure inline-layout \" data-bordeaux-image-check>\n<div class=\"image-full-width-wrapper\">\n<div class=\"image-widthsetter\" style=\"max-width:2400px;\"><\/div>\n<\/div>\n<\/figure>\n<p>Einer der atemberaubendsten Momente f\u00fcr mich war der gewagte Einsatz von Teppichb\u00f6den. Sie befanden sich in den \u00f6ffentlichen R\u00e4umen, in den Fluren, in den Schlafzimmern, in Farben wie einem graustichigen Salbeigr\u00fcn und einem orangestichigen Rot. Es war gewagt, denn es handelt sich um ein stark frequentiertes Hotel, in dem die G\u00e4ste jedes Mal, wenn sie das Hotel betreten, Schnee und N\u00e4sse mit sich herumschleppen und die Natur mit sich herumtragen. Aber diese Umkehr des lange gehegten Trends zu Designb\u00f6den rund um Holz und Teppiche f\u00fchlte sich f\u00fcr den Moment genau richtig an.<\/p>\n<p>\u201eEs war etwas kompliziert, den passenden Bodenbelag zu finden, da wir Leute in Skischuhen, andere in Schneestiefeln, einige in Socken und sogar einige in Hausschuhen haben werden!\u201c Sagt Dorothee. \u201eF\u00fcr den Empfangsbereich haben wir Steinb\u00f6den aus Opus incertum verlegt, und 90 % des restlichen Raums sind mit Wollteppich ausgelegt, zusammen mit einigen Eichenbodendetails, haupts\u00e4chlich Umgebungen und Bodenrahmen.\u201c<\/p>\n<p>Ich habe mich immer vor Teppichen gescheut \u2013 ich habe zwei Hunde, der Boden ist schlammig, sobald er gereinigt wurde \u2013, aber dieses Chalet gibt mir Hoffnung, dass sie makellos bleiben k\u00f6nnen, da diese Teppiche makellos waren (trotz all der Trampelpfade). Und sie f\u00fchlten sich so weich unter ihren F\u00fc\u00dfen an.<\/p>\n<h3 class=\"article-body__section\" id=\"section-4-use-sculptural-wall-lights-to-create-an-upward-glow\"><span>4. Verwenden Sie skulpturale Wandleuchten, um einen nach oben gerichteten Lichtschein zu erzeugen<\/span><\/h3>\n<figure class=\"van-image-figure inline-layout \" data-bordeaux-image-check>\n<div class=\"image-full-width-wrapper\">\n<div class=\"image-widthsetter\" style=\"max-width:2400px;\"><\/div>\n<\/div>\n<\/figure>\n<p>Der letzte Schliff im Experimental Chalet Val d&#8217;Isere waren die skulpturalen Wandleuchten. Im Restaurant strahlte eine gro\u00dfe Mushroom-Lampe der britischen Marke Porta Romana ein dezentes und w\u00e4rmendes Licht aus, w\u00e4hrend die Flure mit spitzen Wandleuchtern \u00fcbers\u00e4t waren, die wie Seeigel aussahen (siehe oben) und ebenso faszinierend waren.<\/p>\n<p>\u201eDer Seeigel \u2013 das k\u00f6nnte auch eine Kastanie sein \u2013 wurde von Alan Louis entworfen, einem Designer, den ich schon seit einiger Zeit kenne\u201c, erz\u00e4hlt mir Dorothee. Und es ist dieser Zusatz, der die Gem\u00fctlichkeit des Dekors wirklich steigert und Lichttaschen schafft, die ihre Beleuchtung nach oben statt nach unten strahlen lassen und den Bereich sanft eintauchen, anstatt nach unten gerichtetes punktuelles Leuchten zu erzeugen. Ein toller Trick, von dem ich wei\u00df, dass ich ihn immer wieder verwenden werde.<\/p>\n<hr>\n<p>Da Hotels immer mehr zu einem Zuhause in der Ferne werden und nicht mehr zu den minimalistischen R\u00e4umen, die sie einst oft waren, suche ich st\u00e4ndig nach Inspiration bei ihnen. Bei den Lektionen, die ich aus dem Experimental Chalet gelernt habe, geht es darum, einen Raum einladend und gem\u00fctlich wirken zu lassen und gleichzeitig sehr schick und erhaben zu bleiben, was sich f\u00fcr mich ganz einfach auf meine eigene Art zu Hause nachbilden l\u00e4sst.<\/p>\n<\/div>\n<p><script async src=\"\/\/www.instagram.com\/embed.js\"><\/script><\/p>\n","protected":false},"excerpt":{"rendered":"<p>Das Beste an meiner letzten Reise zum neuen Experimental Chalet Val d&#8217;Isere in den franz\u00f6sischen Alpen war nicht das Skifahren. Es war nicht der perfekte<\/p>\n","protected":false},"author":1,"featured_media":2867,"comment_status":"closed","ping_status":"","sticky":false,"template":"","format":"standard","meta":{"footnotes":""},"categories":[118],"tags":[4643,4646,287,1210,112,4645,78,9,1894,55,959,495,1132,129,146,341,4647,58,4644],"class_list":["post-2866","post","type-post","status-publish","format-standard","has-post-thumbnail","hentry","category-haus-garten","tag-alpen","tag-apresski","tag-aus","tag-bin","tag-das","tag-dekorationstipps","tag-den","tag-die","tag-franzoesischen","tag-fuer","tag-gemuetliche","tag-gerade","tag-hause","tag-ich","tag-mit","tag-nach","tag-nehme","tag-sind","tag-zurueckgekommen","generate-columns","tablet-grid-50","mobile-grid-100","grid-parent","grid-50"],"yoast_head":"<!-- This site is optimized with the Yoast SEO plugin v27.3 - https:\/\/yoast.com\/product\/yoast-seo-wordpress\/ -->\n<title>Ich bin gerade aus den franz\u00f6sischen Alpen zur\u00fcckgekommen \u2013 das sind gem\u00fctliche Dekorationstipps f\u00fcr den Apr\u00e8s-Ski, die ich mit nach Hause nehme - Nachrichten - Stra\u00dfenweb<\/title>\n<meta name=\"robots\" content=\"index, follow, max-snippet:-1, max-image-preview:large, max-video-preview:-1\" \/>\n<link rel=\"canonical\" href=\"https:\/\/www.strassenweb.de\/nachrichten\/ich-bin-gerade-aus-den-franzoesischen-alpen-zurueckgekommen-das-sind-gemuetliche-dekorationstipps-fuer-den-apres-ski-die-ich-mit-nach-hause-nehme\/\" \/>\n<meta property=\"og:locale\" content=\"de_DE\" \/>\n<meta property=\"og:type\" content=\"article\" \/>\n<meta property=\"og:title\" content=\"Ich bin gerade aus den franz\u00f6sischen Alpen zur\u00fcckgekommen \u2013 das sind gem\u00fctliche Dekorationstipps f\u00fcr den Apr\u00e8s-Ski, die ich mit nach Hause nehme - Nachrichten - Stra\u00dfenweb\" \/>\n<meta property=\"og:description\" content=\"Das Beste an meiner letzten Reise zum neuen Experimental Chalet Val d&#8217;Isere in den franz\u00f6sischen Alpen war nicht das Skifahren. Es war nicht der perfekte\" \/>\n<meta property=\"og:url\" content=\"https:\/\/www.strassenweb.de\/nachrichten\/ich-bin-gerade-aus-den-franzoesischen-alpen-zurueckgekommen-das-sind-gemuetliche-dekorationstipps-fuer-den-apres-ski-die-ich-mit-nach-hause-nehme\/\" \/>\n<meta property=\"og:site_name\" content=\"Stra\u00dfenweb\" \/>\n<meta property=\"article:publisher\" content=\"https:\/\/www.facebook.com\/strassenweb\/\" \/>\n<meta property=\"article:published_time\" content=\"2025-01-22T18:47:51+00:00\" \/>\n<meta property=\"article:modified_time\" content=\"2025-01-22T18:47:53+00:00\" \/>\n<meta property=\"og:image\" content=\"https:\/\/www.strassenweb.de\/nachrichten\/wp-content\/uploads\/2025\/01\/Ich-bin-gerade-aus-den-franzoesischen-Alpen-zurueckgekommen-\u2013-das.jpg\" \/>\n\t<meta property=\"og:image:width\" content=\"1200\" \/>\n\t<meta property=\"og:image:height\" content=\"675\" \/>\n\t<meta property=\"og:image:type\" content=\"image\/jpeg\" \/>\n<meta name=\"author\" content=\"Robert Hoffmann\" \/>\n<meta name=\"twitter:card\" content=\"summary_large_image\" \/>\n<meta name=\"twitter:label1\" content=\"Verfasst von\" \/>\n\t<meta name=\"twitter:data1\" content=\"Robert Hoffmann\" \/>\n\t<meta name=\"twitter:label2\" content=\"Gesch\u00e4tzte Lesezeit\" \/>\n\t<meta name=\"twitter:data2\" content=\"5\u00a0Minuten\" \/>\n<script type=\"application\/ld+json\" class=\"yoast-schema-graph\">{\"@context\":\"https:\\\/\\\/schema.org\",\"@graph\":[{\"@type\":\"Article\",\"@id\":\"https:\\\/\\\/www.strassenweb.de\\\/nachrichten\\\/ich-bin-gerade-aus-den-franzoesischen-alpen-zurueckgekommen-das-sind-gemuetliche-dekorationstipps-fuer-den-apres-ski-die-ich-mit-nach-hause-nehme\\\/#article\",\"isPartOf\":{\"@id\":\"https:\\\/\\\/www.strassenweb.de\\\/nachrichten\\\/ich-bin-gerade-aus-den-franzoesischen-alpen-zurueckgekommen-das-sind-gemuetliche-dekorationstipps-fuer-den-apres-ski-die-ich-mit-nach-hause-nehme\\\/\"},\"author\":{\"name\":\"Robert Hoffmann\",\"@id\":\"https:\\\/\\\/www.strassenweb.de\\\/nachrichten\\\/#\\\/schema\\\/person\\\/87c9c9067f1211da429a744dc5a5aa41\"},\"headline\":\"Ich bin gerade aus den franz\u00f6sischen Alpen zur\u00fcckgekommen \u2013 das sind gem\u00fctliche Dekorationstipps f\u00fcr den Apr\u00e8s-Ski, die ich mit nach Hause nehme\",\"datePublished\":\"2025-01-22T18:47:51+00:00\",\"dateModified\":\"2025-01-22T18:47:53+00:00\",\"mainEntityOfPage\":{\"@id\":\"https:\\\/\\\/www.strassenweb.de\\\/nachrichten\\\/ich-bin-gerade-aus-den-franzoesischen-alpen-zurueckgekommen-das-sind-gemuetliche-dekorationstipps-fuer-den-apres-ski-die-ich-mit-nach-hause-nehme\\\/\"},\"wordCount\":993,\"publisher\":{\"@id\":\"https:\\\/\\\/www.strassenweb.de\\\/nachrichten\\\/#organization\"},\"image\":{\"@id\":\"https:\\\/\\\/www.strassenweb.de\\\/nachrichten\\\/ich-bin-gerade-aus-den-franzoesischen-alpen-zurueckgekommen-das-sind-gemuetliche-dekorationstipps-fuer-den-apres-ski-die-ich-mit-nach-hause-nehme\\\/#primaryimage\"},\"thumbnailUrl\":\"https:\\\/\\\/www.strassenweb.de\\\/nachrichten\\\/wp-content\\\/uploads\\\/2025\\\/01\\\/Ich-bin-gerade-aus-den-franzoesischen-Alpen-zurueckgekommen-\u2013-das.jpg\",\"keywords\":[\"Alpen\",\"Apr\u00e8sSki\",\"aus\",\"bin\",\"das\",\"Dekorationstipps\",\"den\",\"die\",\"franz\u00f6sischen\",\"f\u00fcr\",\"gem\u00fctliche\",\"gerade\",\"Hause\",\"ich\",\"mit\",\"Nach\",\"nehme\",\"sind\",\"zur\u00fcckgekommen\"],\"articleSection\":[\"Haus &amp; Garten\"],\"inLanguage\":\"de\"},{\"@type\":\"WebPage\",\"@id\":\"https:\\\/\\\/www.strassenweb.de\\\/nachrichten\\\/ich-bin-gerade-aus-den-franzoesischen-alpen-zurueckgekommen-das-sind-gemuetliche-dekorationstipps-fuer-den-apres-ski-die-ich-mit-nach-hause-nehme\\\/\",\"url\":\"https:\\\/\\\/www.strassenweb.de\\\/nachrichten\\\/ich-bin-gerade-aus-den-franzoesischen-alpen-zurueckgekommen-das-sind-gemuetliche-dekorationstipps-fuer-den-apres-ski-die-ich-mit-nach-hause-nehme\\\/\",\"name\":\"Ich bin gerade aus den franz\u00f6sischen Alpen zur\u00fcckgekommen \u2013 das sind gem\u00fctliche Dekorationstipps f\u00fcr den Apr\u00e8s-Ski, die ich mit nach Hause nehme - Nachrichten - Stra\u00dfenweb\",\"isPartOf\":{\"@id\":\"https:\\\/\\\/www.strassenweb.de\\\/nachrichten\\\/#website\"},\"primaryImageOfPage\":{\"@id\":\"https:\\\/\\\/www.strassenweb.de\\\/nachrichten\\\/ich-bin-gerade-aus-den-franzoesischen-alpen-zurueckgekommen-das-sind-gemuetliche-dekorationstipps-fuer-den-apres-ski-die-ich-mit-nach-hause-nehme\\\/#primaryimage\"},\"image\":{\"@id\":\"https:\\\/\\\/www.strassenweb.de\\\/nachrichten\\\/ich-bin-gerade-aus-den-franzoesischen-alpen-zurueckgekommen-das-sind-gemuetliche-dekorationstipps-fuer-den-apres-ski-die-ich-mit-nach-hause-nehme\\\/#primaryimage\"},\"thumbnailUrl\":\"https:\\\/\\\/www.strassenweb.de\\\/nachrichten\\\/wp-content\\\/uploads\\\/2025\\\/01\\\/Ich-bin-gerade-aus-den-franzoesischen-Alpen-zurueckgekommen-\u2013-das.jpg\",\"datePublished\":\"2025-01-22T18:47:51+00:00\",\"dateModified\":\"2025-01-22T18:47:53+00:00\",\"breadcrumb\":{\"@id\":\"https:\\\/\\\/www.strassenweb.de\\\/nachrichten\\\/ich-bin-gerade-aus-den-franzoesischen-alpen-zurueckgekommen-das-sind-gemuetliche-dekorationstipps-fuer-den-apres-ski-die-ich-mit-nach-hause-nehme\\\/#breadcrumb\"},\"inLanguage\":\"de\",\"potentialAction\":[{\"@type\":\"ReadAction\",\"target\":[\"https:\\\/\\\/www.strassenweb.de\\\/nachrichten\\\/ich-bin-gerade-aus-den-franzoesischen-alpen-zurueckgekommen-das-sind-gemuetliche-dekorationstipps-fuer-den-apres-ski-die-ich-mit-nach-hause-nehme\\\/\"]}]},{\"@type\":\"ImageObject\",\"inLanguage\":\"de\",\"@id\":\"https:\\\/\\\/www.strassenweb.de\\\/nachrichten\\\/ich-bin-gerade-aus-den-franzoesischen-alpen-zurueckgekommen-das-sind-gemuetliche-dekorationstipps-fuer-den-apres-ski-die-ich-mit-nach-hause-nehme\\\/#primaryimage\",\"url\":\"https:\\\/\\\/www.strassenweb.de\\\/nachrichten\\\/wp-content\\\/uploads\\\/2025\\\/01\\\/Ich-bin-gerade-aus-den-franzoesischen-Alpen-zurueckgekommen-\u2013-das.jpg\",\"contentUrl\":\"https:\\\/\\\/www.strassenweb.de\\\/nachrichten\\\/wp-content\\\/uploads\\\/2025\\\/01\\\/Ich-bin-gerade-aus-den-franzoesischen-Alpen-zurueckgekommen-\u2013-das.jpg\",\"width\":1200,\"height\":675,\"caption\":\"Ich bin gerade aus den franz\u00f6sischen Alpen zur\u00fcckgekommen \u2013 das sind gem\u00fctliche Dekorationstipps f\u00fcr den Apr\u00e8s-Ski, die ich mit nach Hause nehme\"},{\"@type\":\"BreadcrumbList\",\"@id\":\"https:\\\/\\\/www.strassenweb.de\\\/nachrichten\\\/ich-bin-gerade-aus-den-franzoesischen-alpen-zurueckgekommen-das-sind-gemuetliche-dekorationstipps-fuer-den-apres-ski-die-ich-mit-nach-hause-nehme\\\/#breadcrumb\",\"itemListElement\":[{\"@type\":\"ListItem\",\"position\":1,\"name\":\"Home\",\"item\":\"https:\\\/\\\/www.strassenweb.de\\\/nachrichten\\\/\"},{\"@type\":\"ListItem\",\"position\":2,\"name\":\"Ich bin gerade aus den franz\u00f6sischen Alpen zur\u00fcckgekommen \u2013 das sind gem\u00fctliche Dekorationstipps f\u00fcr den Apr\u00e8s-Ski, die ich mit nach Hause nehme\"}]},{\"@type\":\"WebSite\",\"@id\":\"https:\\\/\\\/www.strassenweb.de\\\/nachrichten\\\/#website\",\"url\":\"https:\\\/\\\/www.strassenweb.de\\\/nachrichten\\\/\",\"name\":\"Stra\u00dfenweb\",\"description\":\"Stra\u00dfenverzeichnis f\u00fcr Deutschland\",\"publisher\":{\"@id\":\"https:\\\/\\\/www.strassenweb.de\\\/nachrichten\\\/#organization\"},\"potentialAction\":[{\"@type\":\"SearchAction\",\"target\":{\"@type\":\"EntryPoint\",\"urlTemplate\":\"https:\\\/\\\/www.strassenweb.de\\\/nachrichten\\\/?s={search_term_string}\"},\"query-input\":{\"@type\":\"PropertyValueSpecification\",\"valueRequired\":true,\"valueName\":\"search_term_string\"}}],\"inLanguage\":\"de\"},{\"@type\":\"Organization\",\"@id\":\"https:\\\/\\\/www.strassenweb.de\\\/nachrichten\\\/#organization\",\"name\":\"Stra\u00dfenweb\",\"url\":\"https:\\\/\\\/www.strassenweb.de\\\/nachrichten\\\/\",\"logo\":{\"@type\":\"ImageObject\",\"inLanguage\":\"de\",\"@id\":\"https:\\\/\\\/www.strassenweb.de\\\/nachrichten\\\/#\\\/schema\\\/logo\\\/image\\\/\",\"url\":\"https:\\\/\\\/www.strassenweb.de\\\/nachrichten\\\/wp-content\\\/uploads\\\/2024\\\/09\\\/cropped-favicon.png\",\"contentUrl\":\"https:\\\/\\\/www.strassenweb.de\\\/nachrichten\\\/wp-content\\\/uploads\\\/2024\\\/09\\\/cropped-favicon.png\",\"width\":512,\"height\":512,\"caption\":\"Stra\u00dfenweb\"},\"image\":{\"@id\":\"https:\\\/\\\/www.strassenweb.de\\\/nachrichten\\\/#\\\/schema\\\/logo\\\/image\\\/\"},\"sameAs\":[\"https:\\\/\\\/www.facebook.com\\\/strassenweb\\\/\"]},{\"@type\":\"Person\",\"@id\":\"https:\\\/\\\/www.strassenweb.de\\\/nachrichten\\\/#\\\/schema\\\/person\\\/87c9c9067f1211da429a744dc5a5aa41\",\"name\":\"Robert Hoffmann\",\"image\":{\"@type\":\"ImageObject\",\"inLanguage\":\"de\",\"@id\":\"https:\\\/\\\/www.strassenweb.de\\\/nachrichten\\\/wp-content\\\/uploads\\\/2024\\\/09\\\/strassenweb-150x150.jpg\",\"url\":\"https:\\\/\\\/www.strassenweb.de\\\/nachrichten\\\/wp-content\\\/uploads\\\/2024\\\/09\\\/strassenweb-150x150.jpg\",\"contentUrl\":\"https:\\\/\\\/www.strassenweb.de\\\/nachrichten\\\/wp-content\\\/uploads\\\/2024\\\/09\\\/strassenweb-150x150.jpg\",\"caption\":\"Robert Hoffmann\"},\"description\":\"Ich hei\u00dfe Robert Hoffmann und ich bin ein leidenschaftlicher Verfechter von \u00d6kologie und Biodiversit\u00e4t. Seit meiner Kindheit in den W\u00e4ldern Bayerns f\u00fchle ich mich mit der Natur verbunden und bin entschlossen, sie zu sch\u00fctzen. Heute widme ich mein Leben der Sensibilisierung anderer f\u00fcr die Bedeutung des Umweltschutzes f\u00fcr zuk\u00fcnftige Generationen.\",\"sameAs\":[\"https:\\\/\\\/www.strassenweb.de\\\/\"]}]}<\/script>\n<!-- \/ Yoast SEO plugin. -->","yoast_head_json":{"title":"Ich bin gerade aus den franz\u00f6sischen Alpen zur\u00fcckgekommen \u2013 das sind gem\u00fctliche Dekorationstipps f\u00fcr den Apr\u00e8s-Ski, die ich mit nach Hause nehme - Nachrichten - Stra\u00dfenweb","robots":{"index":"index","follow":"follow","max-snippet":"max-snippet:-1","max-image-preview":"max-image-preview:large","max-video-preview":"max-video-preview:-1"},"canonical":"https:\/\/www.strassenweb.de\/nachrichten\/ich-bin-gerade-aus-den-franzoesischen-alpen-zurueckgekommen-das-sind-gemuetliche-dekorationstipps-fuer-den-apres-ski-die-ich-mit-nach-hause-nehme\/","og_locale":"de_DE","og_type":"article","og_title":"Ich bin gerade aus den franz\u00f6sischen Alpen zur\u00fcckgekommen \u2013 das sind gem\u00fctliche Dekorationstipps f\u00fcr den Apr\u00e8s-Ski, die ich mit nach Hause nehme - Nachrichten - Stra\u00dfenweb","og_description":"Das Beste an meiner letzten Reise zum neuen Experimental Chalet Val d&#8217;Isere in den franz\u00f6sischen Alpen war nicht das Skifahren. Es war nicht der perfekte","og_url":"https:\/\/www.strassenweb.de\/nachrichten\/ich-bin-gerade-aus-den-franzoesischen-alpen-zurueckgekommen-das-sind-gemuetliche-dekorationstipps-fuer-den-apres-ski-die-ich-mit-nach-hause-nehme\/","og_site_name":"Stra\u00dfenweb","article_publisher":"https:\/\/www.facebook.com\/strassenweb\/","article_published_time":"2025-01-22T18:47:51+00:00","article_modified_time":"2025-01-22T18:47:53+00:00","og_image":[{"width":1200,"height":675,"url":"https:\/\/www.strassenweb.de\/nachrichten\/wp-content\/uploads\/2025\/01\/Ich-bin-gerade-aus-den-franzoesischen-Alpen-zurueckgekommen-\u2013-das.jpg","type":"image\/jpeg"}],"author":"Robert Hoffmann","twitter_card":"summary_large_image","twitter_misc":{"Verfasst von":"Robert Hoffmann","Gesch\u00e4tzte Lesezeit":"5\u00a0Minuten"},"schema":{"@context":"https:\/\/schema.org","@graph":[{"@type":"Article","@id":"https:\/\/www.strassenweb.de\/nachrichten\/ich-bin-gerade-aus-den-franzoesischen-alpen-zurueckgekommen-das-sind-gemuetliche-dekorationstipps-fuer-den-apres-ski-die-ich-mit-nach-hause-nehme\/#article","isPartOf":{"@id":"https:\/\/www.strassenweb.de\/nachrichten\/ich-bin-gerade-aus-den-franzoesischen-alpen-zurueckgekommen-das-sind-gemuetliche-dekorationstipps-fuer-den-apres-ski-die-ich-mit-nach-hause-nehme\/"},"author":{"name":"Robert Hoffmann","@id":"https:\/\/www.strassenweb.de\/nachrichten\/#\/schema\/person\/87c9c9067f1211da429a744dc5a5aa41"},"headline":"Ich bin gerade aus den franz\u00f6sischen Alpen zur\u00fcckgekommen \u2013 das sind gem\u00fctliche Dekorationstipps f\u00fcr den Apr\u00e8s-Ski, die ich mit nach Hause nehme","datePublished":"2025-01-22T18:47:51+00:00","dateModified":"2025-01-22T18:47:53+00:00","mainEntityOfPage":{"@id":"https:\/\/www.strassenweb.de\/nachrichten\/ich-bin-gerade-aus-den-franzoesischen-alpen-zurueckgekommen-das-sind-gemuetliche-dekorationstipps-fuer-den-apres-ski-die-ich-mit-nach-hause-nehme\/"},"wordCount":993,"publisher":{"@id":"https:\/\/www.strassenweb.de\/nachrichten\/#organization"},"image":{"@id":"https:\/\/www.strassenweb.de\/nachrichten\/ich-bin-gerade-aus-den-franzoesischen-alpen-zurueckgekommen-das-sind-gemuetliche-dekorationstipps-fuer-den-apres-ski-die-ich-mit-nach-hause-nehme\/#primaryimage"},"thumbnailUrl":"https:\/\/www.strassenweb.de\/nachrichten\/wp-content\/uploads\/2025\/01\/Ich-bin-gerade-aus-den-franzoesischen-Alpen-zurueckgekommen-\u2013-das.jpg","keywords":["Alpen","Apr\u00e8sSki","aus","bin","das","Dekorationstipps","den","die","franz\u00f6sischen","f\u00fcr","gem\u00fctliche","gerade","Hause","ich","mit","Nach","nehme","sind","zur\u00fcckgekommen"],"articleSection":["Haus &amp; Garten"],"inLanguage":"de"},{"@type":"WebPage","@id":"https:\/\/www.strassenweb.de\/nachrichten\/ich-bin-gerade-aus-den-franzoesischen-alpen-zurueckgekommen-das-sind-gemuetliche-dekorationstipps-fuer-den-apres-ski-die-ich-mit-nach-hause-nehme\/","url":"https:\/\/www.strassenweb.de\/nachrichten\/ich-bin-gerade-aus-den-franzoesischen-alpen-zurueckgekommen-das-sind-gemuetliche-dekorationstipps-fuer-den-apres-ski-die-ich-mit-nach-hause-nehme\/","name":"Ich bin gerade aus den franz\u00f6sischen Alpen zur\u00fcckgekommen \u2013 das sind gem\u00fctliche Dekorationstipps f\u00fcr den Apr\u00e8s-Ski, die ich mit nach Hause nehme - Nachrichten - Stra\u00dfenweb","isPartOf":{"@id":"https:\/\/www.strassenweb.de\/nachrichten\/#website"},"primaryImageOfPage":{"@id":"https:\/\/www.strassenweb.de\/nachrichten\/ich-bin-gerade-aus-den-franzoesischen-alpen-zurueckgekommen-das-sind-gemuetliche-dekorationstipps-fuer-den-apres-ski-die-ich-mit-nach-hause-nehme\/#primaryimage"},"image":{"@id":"https:\/\/www.strassenweb.de\/nachrichten\/ich-bin-gerade-aus-den-franzoesischen-alpen-zurueckgekommen-das-sind-gemuetliche-dekorationstipps-fuer-den-apres-ski-die-ich-mit-nach-hause-nehme\/#primaryimage"},"thumbnailUrl":"https:\/\/www.strassenweb.de\/nachrichten\/wp-content\/uploads\/2025\/01\/Ich-bin-gerade-aus-den-franzoesischen-Alpen-zurueckgekommen-\u2013-das.jpg","datePublished":"2025-01-22T18:47:51+00:00","dateModified":"2025-01-22T18:47:53+00:00","breadcrumb":{"@id":"https:\/\/www.strassenweb.de\/nachrichten\/ich-bin-gerade-aus-den-franzoesischen-alpen-zurueckgekommen-das-sind-gemuetliche-dekorationstipps-fuer-den-apres-ski-die-ich-mit-nach-hause-nehme\/#breadcrumb"},"inLanguage":"de","potentialAction":[{"@type":"ReadAction","target":["https:\/\/www.strassenweb.de\/nachrichten\/ich-bin-gerade-aus-den-franzoesischen-alpen-zurueckgekommen-das-sind-gemuetliche-dekorationstipps-fuer-den-apres-ski-die-ich-mit-nach-hause-nehme\/"]}]},{"@type":"ImageObject","inLanguage":"de","@id":"https:\/\/www.strassenweb.de\/nachrichten\/ich-bin-gerade-aus-den-franzoesischen-alpen-zurueckgekommen-das-sind-gemuetliche-dekorationstipps-fuer-den-apres-ski-die-ich-mit-nach-hause-nehme\/#primaryimage","url":"https:\/\/www.strassenweb.de\/nachrichten\/wp-content\/uploads\/2025\/01\/Ich-bin-gerade-aus-den-franzoesischen-Alpen-zurueckgekommen-\u2013-das.jpg","contentUrl":"https:\/\/www.strassenweb.de\/nachrichten\/wp-content\/uploads\/2025\/01\/Ich-bin-gerade-aus-den-franzoesischen-Alpen-zurueckgekommen-\u2013-das.jpg","width":1200,"height":675,"caption":"Ich bin gerade aus den franz\u00f6sischen Alpen zur\u00fcckgekommen \u2013 das sind gem\u00fctliche Dekorationstipps f\u00fcr den Apr\u00e8s-Ski, die ich mit nach Hause nehme"},{"@type":"BreadcrumbList","@id":"https:\/\/www.strassenweb.de\/nachrichten\/ich-bin-gerade-aus-den-franzoesischen-alpen-zurueckgekommen-das-sind-gemuetliche-dekorationstipps-fuer-den-apres-ski-die-ich-mit-nach-hause-nehme\/#breadcrumb","itemListElement":[{"@type":"ListItem","position":1,"name":"Home","item":"https:\/\/www.strassenweb.de\/nachrichten\/"},{"@type":"ListItem","position":2,"name":"Ich bin gerade aus den franz\u00f6sischen Alpen zur\u00fcckgekommen \u2013 das sind gem\u00fctliche Dekorationstipps f\u00fcr den Apr\u00e8s-Ski, die ich mit nach Hause nehme"}]},{"@type":"WebSite","@id":"https:\/\/www.strassenweb.de\/nachrichten\/#website","url":"https:\/\/www.strassenweb.de\/nachrichten\/","name":"Stra\u00dfenweb","description":"Stra\u00dfenverzeichnis f\u00fcr Deutschland","publisher":{"@id":"https:\/\/www.strassenweb.de\/nachrichten\/#organization"},"potentialAction":[{"@type":"SearchAction","target":{"@type":"EntryPoint","urlTemplate":"https:\/\/www.strassenweb.de\/nachrichten\/?s={search_term_string}"},"query-input":{"@type":"PropertyValueSpecification","valueRequired":true,"valueName":"search_term_string"}}],"inLanguage":"de"},{"@type":"Organization","@id":"https:\/\/www.strassenweb.de\/nachrichten\/#organization","name":"Stra\u00dfenweb","url":"https:\/\/www.strassenweb.de\/nachrichten\/","logo":{"@type":"ImageObject","inLanguage":"de","@id":"https:\/\/www.strassenweb.de\/nachrichten\/#\/schema\/logo\/image\/","url":"https:\/\/www.strassenweb.de\/nachrichten\/wp-content\/uploads\/2024\/09\/cropped-favicon.png","contentUrl":"https:\/\/www.strassenweb.de\/nachrichten\/wp-content\/uploads\/2024\/09\/cropped-favicon.png","width":512,"height":512,"caption":"Stra\u00dfenweb"},"image":{"@id":"https:\/\/www.strassenweb.de\/nachrichten\/#\/schema\/logo\/image\/"},"sameAs":["https:\/\/www.facebook.com\/strassenweb\/"]},{"@type":"Person","@id":"https:\/\/www.strassenweb.de\/nachrichten\/#\/schema\/person\/87c9c9067f1211da429a744dc5a5aa41","name":"Robert Hoffmann","image":{"@type":"ImageObject","inLanguage":"de","@id":"https:\/\/www.strassenweb.de\/nachrichten\/wp-content\/uploads\/2024\/09\/strassenweb-150x150.jpg","url":"https:\/\/www.strassenweb.de\/nachrichten\/wp-content\/uploads\/2024\/09\/strassenweb-150x150.jpg","contentUrl":"https:\/\/www.strassenweb.de\/nachrichten\/wp-content\/uploads\/2024\/09\/strassenweb-150x150.jpg","caption":"Robert Hoffmann"},"description":"Ich hei\u00dfe Robert Hoffmann und ich bin ein leidenschaftlicher Verfechter von \u00d6kologie und Biodiversit\u00e4t. Seit meiner Kindheit in den W\u00e4ldern Bayerns f\u00fchle ich mich mit der Natur verbunden und bin entschlossen, sie zu sch\u00fctzen. Heute widme ich mein Leben der Sensibilisierung anderer f\u00fcr die Bedeutung des Umweltschutzes f\u00fcr zuk\u00fcnftige Generationen.","sameAs":["https:\/\/www.strassenweb.de\/"]}]}},"_links":{"self":[{"href":"https:\/\/www.strassenweb.de\/nachrichten\/wp-json\/wp\/v2\/posts\/2866","targetHints":{"allow":["GET"]}}],"collection":[{"href":"https:\/\/www.strassenweb.de\/nachrichten\/wp-json\/wp\/v2\/posts"}],"about":[{"href":"https:\/\/www.strassenweb.de\/nachrichten\/wp-json\/wp\/v2\/types\/post"}],"author":[{"embeddable":true,"href":"https:\/\/www.strassenweb.de\/nachrichten\/wp-json\/wp\/v2\/users\/1"}],"replies":[{"embeddable":true,"href":"https:\/\/www.strassenweb.de\/nachrichten\/wp-json\/wp\/v2\/comments?post=2866"}],"version-history":[{"count":0,"href":"https:\/\/www.strassenweb.de\/nachrichten\/wp-json\/wp\/v2\/posts\/2866\/revisions"}],"wp:featuredmedia":[{"embeddable":true,"href":"https:\/\/www.strassenweb.de\/nachrichten\/wp-json\/wp\/v2\/media\/2867"}],"wp:attachment":[{"href":"https:\/\/www.strassenweb.de\/nachrichten\/wp-json\/wp\/v2\/media?parent=2866"}],"wp:term":[{"taxonomy":"category","embeddable":true,"href":"https:\/\/www.strassenweb.de\/nachrichten\/wp-json\/wp\/v2\/categories?post=2866"},{"taxonomy":"post_tag","embeddable":true,"href":"https:\/\/www.strassenweb.de\/nachrichten\/wp-json\/wp\/v2\/tags?post=2866"}],"curies":[{"name":"wp","href":"https:\/\/api.w.org\/{rel}","templated":true}]}}