{"id":2824,"date":"2025-01-20T20:39:16","date_gmt":"2025-01-20T19:39:16","guid":{"rendered":"https:\/\/www.strassenweb.de\/nachrichten\/countdown-zur-einberufung-der-fuehrungskraefte-des-kakaosektors-zum-wcf-partnerschaftstreffen\/"},"modified":"2025-01-20T20:39:16","modified_gmt":"2025-01-20T19:39:16","slug":"countdown-zur-einberufung-der-fuehrungskraefte-des-kakaosektors-zum-wcf-partnerschaftstreffen","status":"publish","type":"post","link":"https:\/\/www.strassenweb.de\/nachrichten\/countdown-zur-einberufung-der-fuehrungskraefte-des-kakaosektors-zum-wcf-partnerschaftstreffen\/","title":{"rendered":"Countdown zur Einberufung der F\u00fchrungskr\u00e4fte des Kakaosektors zum WCF-Partnerschaftstreffen"},"content":{"rendered":"<p>In nur zwei Monaten wird S\u00e3o Paulo, Brasilien, zum Mittelpunkt des globalen Kakao- und Schokoladensektors, wenn die World Cocoa Foundation (WCF) ihr j\u00e4hrliches Partnerschaftstreffen einberuft. Vom 19. bis 20. M\u00e4rz 2025 treffen sich mehr als 400 Interessenvertreter aus \u00fcber 40 L\u00e4ndern, die die gesamte Kakaolieferkette repr\u00e4sentieren, um die dringenden Herausforderungen des Sektors anzugehen. Mit dem Thema <strong>\u201eUnsere Zukunft: Resilienz durch Nachhaltigkeit\u201c<\/strong> Diese erstklassige Veranstaltung verspricht dynamische Diskussionen und umsetzbare Erkenntnisse. <\/p>\n<p>Der Kakaosektor steht vor gewaltigen Herausforderungen: Klimawandel, Krankheiten, sinkende Produktivit\u00e4t, sich entwickelnde Regulierung, Versorgungsdefizite und Marktvolatilit\u00e4t. Vor diesem Hintergrund wird das WCF-Partnerschaftstreffen die dringende Notwendigkeit nachhaltiger Praktiken hervorheben, um die Widerstandsf\u00e4higkeit \u2013 sowohl individueller als auch kollektiver \u2013 zu entwickeln und die Zukunft des Kakaoanbaus und der gesamten Industrie zu sichern. Diese Themen werden im breiteren globalen Diskurs \u00fcber Klimaschutzma\u00dfnahmen eine wichtige Rolle spielen, einschlie\u00dflich derjenigen, die sp\u00e4ter in diesem Jahr auf der COP30 in Bel\u00e9m, Brasilien, erwartet werden. <\/p>\n<p>\u201e<em>Angesichts der Herausforderungen und des Tempos der Ver\u00e4nderungen, die den globalen Kakaosektor umgestalten, ist dies ein entscheidender Moment, um F\u00fchrungskr\u00e4fte zusammenzubringen, um gemeinsame L\u00f6sungen zu diskutieren und zu finden.\u201c<\/em> sagte Chris Vincent, Pr\u00e4sident der WCF. <em>\u201eWir freuen uns sehr, die diesj\u00e4hrige Veranstaltung in Brasilien auszurichten, einem Land, das in einer einzigartigen Position ist, um neue Ideen zu inspirieren, den S\u00fcd-S\u00fcd-Austausch zu f\u00f6rdern und Innovationen in der nachhaltigen Landwirtschaft zu pr\u00e4sentieren.<\/em>\u201d<strong> <\/strong><\/p>\n<p><strong>H\u00f6hepunkte des WCF-Partnerschaftstreffens 2025<\/strong><\/p>\n<p><strong>Ein globaler S\u00fcd-S\u00fcd-Austausch:<\/strong> Der Veranstaltungsort des Treffens in Brasilien bietet eine einzigartige Plattform f\u00fcr den Austausch von Fachwissen zwischen Kakao produzierenden L\u00e4ndern weltweit und den vielf\u00e4ltigen Agrarsystemen Brasiliens. Die Delegierten, darunter auch Kakaobauern, werden innovative Praktiken untersuchen, die von Kleinbauern und mechanisierten Gro\u00dfproduzenten eingesetzt werden. Es besteht auch die M\u00f6glichkeit, nach dem Treffen an Feldbesuchen teilzunehmen und direkt mit brasilianischen Kakaobauern in Kontakt zu treten. <\/p>\n<p><strong>Einflussreiche Stimmen \u2013 k<\/strong><strong>Zu den Rednern geh\u00f6ren:<\/strong><\/p>\n<ul class=\"wp-block-list\">\n<li>Vinicius Ahmar, Bio\u00f6konomie-Manager, Arapya\u00fa-Institut  <\/li>\n<li>Michel Arrion, Gesch\u00e4ftsf\u00fchrer, International Cocoa Organization  <\/li>\n<li>Eduardo Bastos, Gesch\u00e4ftsf\u00fchrer, Brasilianischer Agrarindustrieverband (ABAG)  <\/li>\n<li>Marcello Brito, Exekutivsekret\u00e4r, Legal Amazon Consortium of States  <\/li>\n<li>Sarah Dekkiche, Direktorin f\u00fcr Politik und Partnerschaften, International Cocoa Initiative (ICI)  <\/li>\n<li>Michael Ekow Amoah, stellvertretender Direktor f\u00fcr Forschung und Entwicklung, Ghana Cocoa Board  <\/li>\n<li>Santiago Gowland, CEO, Rainforest Alliance  <\/li>\n<li>Anna Paula Losi, gesch\u00e4ftsf\u00fchrende Pr\u00e4sidentin des brasilianischen Verbands der Kakaoverarbeitungsindustrie   <\/li>\n<li>Jaime Recena, Gesch\u00e4ftsf\u00fchrer, Brasilianischer Verband der Schokoladen-, S\u00fc\u00dfwaren- und Erdnussindustrie (ABICAB)  <\/li>\n<li>Aldo Soto, Mitbegr\u00fcnder, Amazonia Impact Ventures  <\/li>\n<\/ul>\n<p>Diese Vordenker werden sich an intensiven Diskussionen \u00fcber Themen beteiligen, die die Zukunft des Kakaosektors pr\u00e4gen, wie etwa die Transformation der Lieferkette, Impact-Investment-Modelle und regulatorische Herausforderungen. Eine vollst\u00e4ndige Liste der best\u00e4tigten Redner finden Sie auf der WCF-Website. <\/p>\n<p>Marcello Brito, Exekutivsekret\u00e4r des Legal Amazon Consortium of States, der eine Rede zu den makro\u00f6konomischen Auswirkungen auf die Rohstoffm\u00e4rkte halten wird, bemerkte: \u201e<em>Ich freue mich darauf, mit Stakeholdern aus der ganzen Welt zusammenzuarbeiten. Dies ist eine beispiellose Gelegenheit f\u00fcr die Zusammenarbeit zwischen Kakaol\u00e4ndern in Lateinamerika, Westafrika und Asien, um M\u00f6glichkeiten zu erkunden und eine abgestimmte Agenda zur Bew\u00e4ltigung gemeinsamer Herausforderungen zu entwickeln, insbesondere im Zusammenhang mit Klima, Waldschutz, Bauerneinkommen und Menschenrechten.<\/em>\u201e<\/p>\n<p><strong>Kritische Themen auf der Tagesordnung:<\/strong><\/p>\n<ul class=\"wp-block-list\">\n<li><strong>Transformation der Kakao-Lieferketten:<\/strong> Wir besch\u00e4ftigen uns mit R\u00fcckverfolgbarkeit, Nachhaltigkeit und Agroforstwirtschaft als S\u00e4ulen einer ethischen und klimaresistenten Kakaobeschaffung. <\/li>\n<li><strong>Moderne landwirtschaftliche Innovationen:<\/strong> Experten werden \u00fcber Fortschritte in den Bereichen Krankheitsmanagement, Mechanisierung, landwirtschaftliche Investitionen und technische Hilfe berichten. <\/li>\n<li><strong>Sektorweite Wirkungsmessung:<\/strong> Vorstellung neuer Tools f\u00fcr standardisierte Kennzahlen wie Haushaltseinkommen, Entwaldungsrisiko und Treibhausgasemissionen. <\/li>\n<li><strong>Markteinblicke:<\/strong> Branchenf\u00fchrer werden St\u00f6rungen in der Lieferkette, Marktdynamik und Lehren aus anderen Rohstoffen untersuchen. <\/li>\n<li><strong>Regulatorische Anpassung:<\/strong> Die politischen Entscheidungstr\u00e4ger werden sich mit den Auswirkungen neuer Vorschriften und Strategien zur Harmonisierung der Compliance befassen und gleichzeitig Nachhaltigkeitsziele vorantreiben. <\/li>\n<li><strong>Verbraucherm\u00e4rkte und -pr\u00e4ferenzen:<\/strong> Untersuchung der Auswirkungen hoher Kakaopreise auf die Wettbewerbsposition von Schokolade auf dem Verbrauchermarkt. <\/li>\n<\/ul>\n<p><strong>Anmeldung und weitere Informationen:<\/strong> <\/p>\n<p>Die Registrierung f\u00fcr das WCF-Partnerschaftstreffen ist jetzt m\u00f6glich. Erm\u00e4\u00dfigte Tickets sind bis zum 20. Januar erh\u00e4ltlich. Die vollst\u00e4ndige Agenda und Veranstaltungsdetails finden Sie auf der WCF-Website https:\/\/worldcocoafoundation.org\/. <\/p><\/p>\n","protected":false},"excerpt":{"rendered":"<p>In nur zwei Monaten wird S\u00e3o Paulo, Brasilien, zum Mittelpunkt des globalen Kakao- und Schokoladensektors, wenn die World Cocoa Foundation (WCF) ihr j\u00e4hrliches Partnerschaftstreffen einberuft.<\/p>\n","protected":false},"author":1,"featured_media":2825,"comment_status":"closed","ping_status":"","sticky":false,"template":"","format":"standard","meta":{"footnotes":""},"categories":[101],"tags":[4581,81,281,4582,4583,4584,4585,67,99],"class_list":["post-2824","post","type-post","status-publish","format-standard","has-post-thumbnail","hentry","category-oekologie","tag-countdown","tag-der","tag-des","tag-einberufung","tag-fuehrungskraefte","tag-kakaosektors","tag-wcfpartnerschaftstreffen","tag-zum","tag-zur","generate-columns","tablet-grid-50","mobile-grid-100","grid-parent","grid-50"],"yoast_head":"<!-- This site is optimized with the Yoast SEO plugin v27.3 - https:\/\/yoast.com\/product\/yoast-seo-wordpress\/ -->\n<title>Countdown zur Einberufung der F\u00fchrungskr\u00e4fte des Kakaosektors zum WCF-Partnerschaftstreffen - Nachrichten - Stra\u00dfenweb<\/title>\n<meta name=\"robots\" content=\"index, follow, max-snippet:-1, max-image-preview:large, max-video-preview:-1\" \/>\n<link rel=\"canonical\" href=\"https:\/\/www.strassenweb.de\/nachrichten\/countdown-zur-einberufung-der-fuehrungskraefte-des-kakaosektors-zum-wcf-partnerschaftstreffen\/\" \/>\n<meta property=\"og:locale\" content=\"de_DE\" \/>\n<meta property=\"og:type\" content=\"article\" \/>\n<meta property=\"og:title\" content=\"Countdown zur Einberufung der F\u00fchrungskr\u00e4fte des Kakaosektors zum WCF-Partnerschaftstreffen - Nachrichten - Stra\u00dfenweb\" \/>\n<meta property=\"og:description\" content=\"In nur zwei Monaten wird S\u00e3o Paulo, Brasilien, zum Mittelpunkt des globalen Kakao- und Schokoladensektors, wenn die World Cocoa Foundation (WCF) ihr j\u00e4hrliches Partnerschaftstreffen einberuft.\" \/>\n<meta property=\"og:url\" content=\"https:\/\/www.strassenweb.de\/nachrichten\/countdown-zur-einberufung-der-fuehrungskraefte-des-kakaosektors-zum-wcf-partnerschaftstreffen\/\" \/>\n<meta property=\"og:site_name\" content=\"Stra\u00dfenweb\" \/>\n<meta property=\"article:publisher\" content=\"https:\/\/www.facebook.com\/strassenweb\/\" \/>\n<meta property=\"article:published_time\" content=\"2025-01-20T19:39:16+00:00\" \/>\n<meta property=\"og:image\" content=\"https:\/\/www.strassenweb.de\/nachrichten\/wp-content\/uploads\/2025\/01\/Countdown-zur-Einberufung-der-Fuehrungskraefte-des-Kakaosektors-zum-WCF-Partnerschaftstreffen.jpg\" \/>\n\t<meta property=\"og:image:width\" content=\"900\" \/>\n\t<meta property=\"og:image:height\" content=\"600\" \/>\n\t<meta property=\"og:image:type\" content=\"image\/jpeg\" \/>\n<meta name=\"author\" content=\"Robert Hoffmann\" \/>\n<meta name=\"twitter:card\" content=\"summary_large_image\" \/>\n<meta name=\"twitter:label1\" content=\"Verfasst von\" \/>\n\t<meta name=\"twitter:data1\" content=\"Robert Hoffmann\" \/>\n\t<meta name=\"twitter:label2\" content=\"Gesch\u00e4tzte Lesezeit\" \/>\n\t<meta name=\"twitter:data2\" content=\"3\u00a0Minuten\" \/>\n<script type=\"application\/ld+json\" class=\"yoast-schema-graph\">{\"@context\":\"https:\\\/\\\/schema.org\",\"@graph\":[{\"@type\":\"Article\",\"@id\":\"https:\\\/\\\/www.strassenweb.de\\\/nachrichten\\\/countdown-zur-einberufung-der-fuehrungskraefte-des-kakaosektors-zum-wcf-partnerschaftstreffen\\\/#article\",\"isPartOf\":{\"@id\":\"https:\\\/\\\/www.strassenweb.de\\\/nachrichten\\\/countdown-zur-einberufung-der-fuehrungskraefte-des-kakaosektors-zum-wcf-partnerschaftstreffen\\\/\"},\"author\":{\"name\":\"Robert Hoffmann\",\"@id\":\"https:\\\/\\\/www.strassenweb.de\\\/nachrichten\\\/#\\\/schema\\\/person\\\/87c9c9067f1211da429a744dc5a5aa41\"},\"headline\":\"Countdown zur Einberufung der F\u00fchrungskr\u00e4fte des Kakaosektors zum WCF-Partnerschaftstreffen\",\"datePublished\":\"2025-01-20T19:39:16+00:00\",\"mainEntityOfPage\":{\"@id\":\"https:\\\/\\\/www.strassenweb.de\\\/nachrichten\\\/countdown-zur-einberufung-der-fuehrungskraefte-des-kakaosektors-zum-wcf-partnerschaftstreffen\\\/\"},\"wordCount\":695,\"publisher\":{\"@id\":\"https:\\\/\\\/www.strassenweb.de\\\/nachrichten\\\/#organization\"},\"image\":{\"@id\":\"https:\\\/\\\/www.strassenweb.de\\\/nachrichten\\\/countdown-zur-einberufung-der-fuehrungskraefte-des-kakaosektors-zum-wcf-partnerschaftstreffen\\\/#primaryimage\"},\"thumbnailUrl\":\"https:\\\/\\\/www.strassenweb.de\\\/nachrichten\\\/wp-content\\\/uploads\\\/2025\\\/01\\\/Countdown-zur-Einberufung-der-Fuehrungskraefte-des-Kakaosektors-zum-WCF-Partnerschaftstreffen.jpg\",\"keywords\":[\"Countdown\",\"der\",\"des\",\"Einberufung\",\"F\u00fchrungskr\u00e4fte\",\"Kakaosektors\",\"WCFPartnerschaftstreffen\",\"zum\",\"zur\"],\"articleSection\":[\"\u00d6kologie\"],\"inLanguage\":\"de\"},{\"@type\":\"WebPage\",\"@id\":\"https:\\\/\\\/www.strassenweb.de\\\/nachrichten\\\/countdown-zur-einberufung-der-fuehrungskraefte-des-kakaosektors-zum-wcf-partnerschaftstreffen\\\/\",\"url\":\"https:\\\/\\\/www.strassenweb.de\\\/nachrichten\\\/countdown-zur-einberufung-der-fuehrungskraefte-des-kakaosektors-zum-wcf-partnerschaftstreffen\\\/\",\"name\":\"Countdown zur Einberufung der F\u00fchrungskr\u00e4fte des Kakaosektors zum WCF-Partnerschaftstreffen - Nachrichten - Stra\u00dfenweb\",\"isPartOf\":{\"@id\":\"https:\\\/\\\/www.strassenweb.de\\\/nachrichten\\\/#website\"},\"primaryImageOfPage\":{\"@id\":\"https:\\\/\\\/www.strassenweb.de\\\/nachrichten\\\/countdown-zur-einberufung-der-fuehrungskraefte-des-kakaosektors-zum-wcf-partnerschaftstreffen\\\/#primaryimage\"},\"image\":{\"@id\":\"https:\\\/\\\/www.strassenweb.de\\\/nachrichten\\\/countdown-zur-einberufung-der-fuehrungskraefte-des-kakaosektors-zum-wcf-partnerschaftstreffen\\\/#primaryimage\"},\"thumbnailUrl\":\"https:\\\/\\\/www.strassenweb.de\\\/nachrichten\\\/wp-content\\\/uploads\\\/2025\\\/01\\\/Countdown-zur-Einberufung-der-Fuehrungskraefte-des-Kakaosektors-zum-WCF-Partnerschaftstreffen.jpg\",\"datePublished\":\"2025-01-20T19:39:16+00:00\",\"breadcrumb\":{\"@id\":\"https:\\\/\\\/www.strassenweb.de\\\/nachrichten\\\/countdown-zur-einberufung-der-fuehrungskraefte-des-kakaosektors-zum-wcf-partnerschaftstreffen\\\/#breadcrumb\"},\"inLanguage\":\"de\",\"potentialAction\":[{\"@type\":\"ReadAction\",\"target\":[\"https:\\\/\\\/www.strassenweb.de\\\/nachrichten\\\/countdown-zur-einberufung-der-fuehrungskraefte-des-kakaosektors-zum-wcf-partnerschaftstreffen\\\/\"]}]},{\"@type\":\"ImageObject\",\"inLanguage\":\"de\",\"@id\":\"https:\\\/\\\/www.strassenweb.de\\\/nachrichten\\\/countdown-zur-einberufung-der-fuehrungskraefte-des-kakaosektors-zum-wcf-partnerschaftstreffen\\\/#primaryimage\",\"url\":\"https:\\\/\\\/www.strassenweb.de\\\/nachrichten\\\/wp-content\\\/uploads\\\/2025\\\/01\\\/Countdown-zur-Einberufung-der-Fuehrungskraefte-des-Kakaosektors-zum-WCF-Partnerschaftstreffen.jpg\",\"contentUrl\":\"https:\\\/\\\/www.strassenweb.de\\\/nachrichten\\\/wp-content\\\/uploads\\\/2025\\\/01\\\/Countdown-zur-Einberufung-der-Fuehrungskraefte-des-Kakaosektors-zum-WCF-Partnerschaftstreffen.jpg\",\"width\":900,\"height\":600,\"caption\":\"Countdown to Convening Cocoa Sector Leaders for WCF Partnership Meeting\"},{\"@type\":\"BreadcrumbList\",\"@id\":\"https:\\\/\\\/www.strassenweb.de\\\/nachrichten\\\/countdown-zur-einberufung-der-fuehrungskraefte-des-kakaosektors-zum-wcf-partnerschaftstreffen\\\/#breadcrumb\",\"itemListElement\":[{\"@type\":\"ListItem\",\"position\":1,\"name\":\"Home\",\"item\":\"https:\\\/\\\/www.strassenweb.de\\\/nachrichten\\\/\"},{\"@type\":\"ListItem\",\"position\":2,\"name\":\"Countdown zur Einberufung der F\u00fchrungskr\u00e4fte des Kakaosektors zum WCF-Partnerschaftstreffen\"}]},{\"@type\":\"WebSite\",\"@id\":\"https:\\\/\\\/www.strassenweb.de\\\/nachrichten\\\/#website\",\"url\":\"https:\\\/\\\/www.strassenweb.de\\\/nachrichten\\\/\",\"name\":\"Stra\u00dfenweb\",\"description\":\"Stra\u00dfenverzeichnis f\u00fcr Deutschland\",\"publisher\":{\"@id\":\"https:\\\/\\\/www.strassenweb.de\\\/nachrichten\\\/#organization\"},\"potentialAction\":[{\"@type\":\"SearchAction\",\"target\":{\"@type\":\"EntryPoint\",\"urlTemplate\":\"https:\\\/\\\/www.strassenweb.de\\\/nachrichten\\\/?s={search_term_string}\"},\"query-input\":{\"@type\":\"PropertyValueSpecification\",\"valueRequired\":true,\"valueName\":\"search_term_string\"}}],\"inLanguage\":\"de\"},{\"@type\":\"Organization\",\"@id\":\"https:\\\/\\\/www.strassenweb.de\\\/nachrichten\\\/#organization\",\"name\":\"Stra\u00dfenweb\",\"url\":\"https:\\\/\\\/www.strassenweb.de\\\/nachrichten\\\/\",\"logo\":{\"@type\":\"ImageObject\",\"inLanguage\":\"de\",\"@id\":\"https:\\\/\\\/www.strassenweb.de\\\/nachrichten\\\/#\\\/schema\\\/logo\\\/image\\\/\",\"url\":\"https:\\\/\\\/www.strassenweb.de\\\/nachrichten\\\/wp-content\\\/uploads\\\/2024\\\/09\\\/cropped-favicon.png\",\"contentUrl\":\"https:\\\/\\\/www.strassenweb.de\\\/nachrichten\\\/wp-content\\\/uploads\\\/2024\\\/09\\\/cropped-favicon.png\",\"width\":512,\"height\":512,\"caption\":\"Stra\u00dfenweb\"},\"image\":{\"@id\":\"https:\\\/\\\/www.strassenweb.de\\\/nachrichten\\\/#\\\/schema\\\/logo\\\/image\\\/\"},\"sameAs\":[\"https:\\\/\\\/www.facebook.com\\\/strassenweb\\\/\"]},{\"@type\":\"Person\",\"@id\":\"https:\\\/\\\/www.strassenweb.de\\\/nachrichten\\\/#\\\/schema\\\/person\\\/87c9c9067f1211da429a744dc5a5aa41\",\"name\":\"Robert Hoffmann\",\"image\":{\"@type\":\"ImageObject\",\"inLanguage\":\"de\",\"@id\":\"https:\\\/\\\/www.strassenweb.de\\\/nachrichten\\\/wp-content\\\/uploads\\\/2024\\\/09\\\/strassenweb-150x150.jpg\",\"url\":\"https:\\\/\\\/www.strassenweb.de\\\/nachrichten\\\/wp-content\\\/uploads\\\/2024\\\/09\\\/strassenweb-150x150.jpg\",\"contentUrl\":\"https:\\\/\\\/www.strassenweb.de\\\/nachrichten\\\/wp-content\\\/uploads\\\/2024\\\/09\\\/strassenweb-150x150.jpg\",\"caption\":\"Robert Hoffmann\"},\"description\":\"Ich hei\u00dfe Robert Hoffmann und ich bin ein leidenschaftlicher Verfechter von \u00d6kologie und Biodiversit\u00e4t. Seit meiner Kindheit in den W\u00e4ldern Bayerns f\u00fchle ich mich mit der Natur verbunden und bin entschlossen, sie zu sch\u00fctzen. Heute widme ich mein Leben der Sensibilisierung anderer f\u00fcr die Bedeutung des Umweltschutzes f\u00fcr zuk\u00fcnftige Generationen.\",\"sameAs\":[\"https:\\\/\\\/www.strassenweb.de\\\/\"]}]}<\/script>\n<!-- \/ Yoast SEO plugin. -->","yoast_head_json":{"title":"Countdown zur Einberufung der F\u00fchrungskr\u00e4fte des Kakaosektors zum WCF-Partnerschaftstreffen - Nachrichten - Stra\u00dfenweb","robots":{"index":"index","follow":"follow","max-snippet":"max-snippet:-1","max-image-preview":"max-image-preview:large","max-video-preview":"max-video-preview:-1"},"canonical":"https:\/\/www.strassenweb.de\/nachrichten\/countdown-zur-einberufung-der-fuehrungskraefte-des-kakaosektors-zum-wcf-partnerschaftstreffen\/","og_locale":"de_DE","og_type":"article","og_title":"Countdown zur Einberufung der F\u00fchrungskr\u00e4fte des Kakaosektors zum WCF-Partnerschaftstreffen - Nachrichten - Stra\u00dfenweb","og_description":"In nur zwei Monaten wird S\u00e3o Paulo, Brasilien, zum Mittelpunkt des globalen Kakao- und Schokoladensektors, wenn die World Cocoa Foundation (WCF) ihr j\u00e4hrliches Partnerschaftstreffen einberuft.","og_url":"https:\/\/www.strassenweb.de\/nachrichten\/countdown-zur-einberufung-der-fuehrungskraefte-des-kakaosektors-zum-wcf-partnerschaftstreffen\/","og_site_name":"Stra\u00dfenweb","article_publisher":"https:\/\/www.facebook.com\/strassenweb\/","article_published_time":"2025-01-20T19:39:16+00:00","og_image":[{"width":900,"height":600,"url":"https:\/\/www.strassenweb.de\/nachrichten\/wp-content\/uploads\/2025\/01\/Countdown-zur-Einberufung-der-Fuehrungskraefte-des-Kakaosektors-zum-WCF-Partnerschaftstreffen.jpg","type":"image\/jpeg"}],"author":"Robert Hoffmann","twitter_card":"summary_large_image","twitter_misc":{"Verfasst von":"Robert Hoffmann","Gesch\u00e4tzte Lesezeit":"3\u00a0Minuten"},"schema":{"@context":"https:\/\/schema.org","@graph":[{"@type":"Article","@id":"https:\/\/www.strassenweb.de\/nachrichten\/countdown-zur-einberufung-der-fuehrungskraefte-des-kakaosektors-zum-wcf-partnerschaftstreffen\/#article","isPartOf":{"@id":"https:\/\/www.strassenweb.de\/nachrichten\/countdown-zur-einberufung-der-fuehrungskraefte-des-kakaosektors-zum-wcf-partnerschaftstreffen\/"},"author":{"name":"Robert Hoffmann","@id":"https:\/\/www.strassenweb.de\/nachrichten\/#\/schema\/person\/87c9c9067f1211da429a744dc5a5aa41"},"headline":"Countdown zur Einberufung der F\u00fchrungskr\u00e4fte des Kakaosektors zum WCF-Partnerschaftstreffen","datePublished":"2025-01-20T19:39:16+00:00","mainEntityOfPage":{"@id":"https:\/\/www.strassenweb.de\/nachrichten\/countdown-zur-einberufung-der-fuehrungskraefte-des-kakaosektors-zum-wcf-partnerschaftstreffen\/"},"wordCount":695,"publisher":{"@id":"https:\/\/www.strassenweb.de\/nachrichten\/#organization"},"image":{"@id":"https:\/\/www.strassenweb.de\/nachrichten\/countdown-zur-einberufung-der-fuehrungskraefte-des-kakaosektors-zum-wcf-partnerschaftstreffen\/#primaryimage"},"thumbnailUrl":"https:\/\/www.strassenweb.de\/nachrichten\/wp-content\/uploads\/2025\/01\/Countdown-zur-Einberufung-der-Fuehrungskraefte-des-Kakaosektors-zum-WCF-Partnerschaftstreffen.jpg","keywords":["Countdown","der","des","Einberufung","F\u00fchrungskr\u00e4fte","Kakaosektors","WCFPartnerschaftstreffen","zum","zur"],"articleSection":["\u00d6kologie"],"inLanguage":"de"},{"@type":"WebPage","@id":"https:\/\/www.strassenweb.de\/nachrichten\/countdown-zur-einberufung-der-fuehrungskraefte-des-kakaosektors-zum-wcf-partnerschaftstreffen\/","url":"https:\/\/www.strassenweb.de\/nachrichten\/countdown-zur-einberufung-der-fuehrungskraefte-des-kakaosektors-zum-wcf-partnerschaftstreffen\/","name":"Countdown zur Einberufung der F\u00fchrungskr\u00e4fte des Kakaosektors zum WCF-Partnerschaftstreffen - Nachrichten - Stra\u00dfenweb","isPartOf":{"@id":"https:\/\/www.strassenweb.de\/nachrichten\/#website"},"primaryImageOfPage":{"@id":"https:\/\/www.strassenweb.de\/nachrichten\/countdown-zur-einberufung-der-fuehrungskraefte-des-kakaosektors-zum-wcf-partnerschaftstreffen\/#primaryimage"},"image":{"@id":"https:\/\/www.strassenweb.de\/nachrichten\/countdown-zur-einberufung-der-fuehrungskraefte-des-kakaosektors-zum-wcf-partnerschaftstreffen\/#primaryimage"},"thumbnailUrl":"https:\/\/www.strassenweb.de\/nachrichten\/wp-content\/uploads\/2025\/01\/Countdown-zur-Einberufung-der-Fuehrungskraefte-des-Kakaosektors-zum-WCF-Partnerschaftstreffen.jpg","datePublished":"2025-01-20T19:39:16+00:00","breadcrumb":{"@id":"https:\/\/www.strassenweb.de\/nachrichten\/countdown-zur-einberufung-der-fuehrungskraefte-des-kakaosektors-zum-wcf-partnerschaftstreffen\/#breadcrumb"},"inLanguage":"de","potentialAction":[{"@type":"ReadAction","target":["https:\/\/www.strassenweb.de\/nachrichten\/countdown-zur-einberufung-der-fuehrungskraefte-des-kakaosektors-zum-wcf-partnerschaftstreffen\/"]}]},{"@type":"ImageObject","inLanguage":"de","@id":"https:\/\/www.strassenweb.de\/nachrichten\/countdown-zur-einberufung-der-fuehrungskraefte-des-kakaosektors-zum-wcf-partnerschaftstreffen\/#primaryimage","url":"https:\/\/www.strassenweb.de\/nachrichten\/wp-content\/uploads\/2025\/01\/Countdown-zur-Einberufung-der-Fuehrungskraefte-des-Kakaosektors-zum-WCF-Partnerschaftstreffen.jpg","contentUrl":"https:\/\/www.strassenweb.de\/nachrichten\/wp-content\/uploads\/2025\/01\/Countdown-zur-Einberufung-der-Fuehrungskraefte-des-Kakaosektors-zum-WCF-Partnerschaftstreffen.jpg","width":900,"height":600,"caption":"Countdown to Convening Cocoa Sector Leaders for WCF Partnership Meeting"},{"@type":"BreadcrumbList","@id":"https:\/\/www.strassenweb.de\/nachrichten\/countdown-zur-einberufung-der-fuehrungskraefte-des-kakaosektors-zum-wcf-partnerschaftstreffen\/#breadcrumb","itemListElement":[{"@type":"ListItem","position":1,"name":"Home","item":"https:\/\/www.strassenweb.de\/nachrichten\/"},{"@type":"ListItem","position":2,"name":"Countdown zur Einberufung der F\u00fchrungskr\u00e4fte des Kakaosektors zum WCF-Partnerschaftstreffen"}]},{"@type":"WebSite","@id":"https:\/\/www.strassenweb.de\/nachrichten\/#website","url":"https:\/\/www.strassenweb.de\/nachrichten\/","name":"Stra\u00dfenweb","description":"Stra\u00dfenverzeichnis f\u00fcr Deutschland","publisher":{"@id":"https:\/\/www.strassenweb.de\/nachrichten\/#organization"},"potentialAction":[{"@type":"SearchAction","target":{"@type":"EntryPoint","urlTemplate":"https:\/\/www.strassenweb.de\/nachrichten\/?s={search_term_string}"},"query-input":{"@type":"PropertyValueSpecification","valueRequired":true,"valueName":"search_term_string"}}],"inLanguage":"de"},{"@type":"Organization","@id":"https:\/\/www.strassenweb.de\/nachrichten\/#organization","name":"Stra\u00dfenweb","url":"https:\/\/www.strassenweb.de\/nachrichten\/","logo":{"@type":"ImageObject","inLanguage":"de","@id":"https:\/\/www.strassenweb.de\/nachrichten\/#\/schema\/logo\/image\/","url":"https:\/\/www.strassenweb.de\/nachrichten\/wp-content\/uploads\/2024\/09\/cropped-favicon.png","contentUrl":"https:\/\/www.strassenweb.de\/nachrichten\/wp-content\/uploads\/2024\/09\/cropped-favicon.png","width":512,"height":512,"caption":"Stra\u00dfenweb"},"image":{"@id":"https:\/\/www.strassenweb.de\/nachrichten\/#\/schema\/logo\/image\/"},"sameAs":["https:\/\/www.facebook.com\/strassenweb\/"]},{"@type":"Person","@id":"https:\/\/www.strassenweb.de\/nachrichten\/#\/schema\/person\/87c9c9067f1211da429a744dc5a5aa41","name":"Robert Hoffmann","image":{"@type":"ImageObject","inLanguage":"de","@id":"https:\/\/www.strassenweb.de\/nachrichten\/wp-content\/uploads\/2024\/09\/strassenweb-150x150.jpg","url":"https:\/\/www.strassenweb.de\/nachrichten\/wp-content\/uploads\/2024\/09\/strassenweb-150x150.jpg","contentUrl":"https:\/\/www.strassenweb.de\/nachrichten\/wp-content\/uploads\/2024\/09\/strassenweb-150x150.jpg","caption":"Robert Hoffmann"},"description":"Ich hei\u00dfe Robert Hoffmann und ich bin ein leidenschaftlicher Verfechter von \u00d6kologie und Biodiversit\u00e4t. Seit meiner Kindheit in den W\u00e4ldern Bayerns f\u00fchle ich mich mit der Natur verbunden und bin entschlossen, sie zu sch\u00fctzen. Heute widme ich mein Leben der Sensibilisierung anderer f\u00fcr die Bedeutung des Umweltschutzes f\u00fcr zuk\u00fcnftige Generationen.","sameAs":["https:\/\/www.strassenweb.de\/"]}]}},"_links":{"self":[{"href":"https:\/\/www.strassenweb.de\/nachrichten\/wp-json\/wp\/v2\/posts\/2824","targetHints":{"allow":["GET"]}}],"collection":[{"href":"https:\/\/www.strassenweb.de\/nachrichten\/wp-json\/wp\/v2\/posts"}],"about":[{"href":"https:\/\/www.strassenweb.de\/nachrichten\/wp-json\/wp\/v2\/types\/post"}],"author":[{"embeddable":true,"href":"https:\/\/www.strassenweb.de\/nachrichten\/wp-json\/wp\/v2\/users\/1"}],"replies":[{"embeddable":true,"href":"https:\/\/www.strassenweb.de\/nachrichten\/wp-json\/wp\/v2\/comments?post=2824"}],"version-history":[{"count":0,"href":"https:\/\/www.strassenweb.de\/nachrichten\/wp-json\/wp\/v2\/posts\/2824\/revisions"}],"wp:featuredmedia":[{"embeddable":true,"href":"https:\/\/www.strassenweb.de\/nachrichten\/wp-json\/wp\/v2\/media\/2825"}],"wp:attachment":[{"href":"https:\/\/www.strassenweb.de\/nachrichten\/wp-json\/wp\/v2\/media?parent=2824"}],"wp:term":[{"taxonomy":"category","embeddable":true,"href":"https:\/\/www.strassenweb.de\/nachrichten\/wp-json\/wp\/v2\/categories?post=2824"},{"taxonomy":"post_tag","embeddable":true,"href":"https:\/\/www.strassenweb.de\/nachrichten\/wp-json\/wp\/v2\/tags?post=2824"}],"curies":[{"name":"wp","href":"https:\/\/api.w.org\/{rel}","templated":true}]}}