{"id":2817,"date":"2025-01-20T11:39:51","date_gmt":"2025-01-20T10:39:51","guid":{"rendered":"https:\/\/www.strassenweb.de\/nachrichten\/ich-bin-gerade-dabei-zwei-miteinander-verbundene-raeume-zu-dekorieren-hier-erfahren-sie-wie-ich-die-beiden-voellig-unterschiedlichen-konzepte-miteinander-in-einklang-bringen-kann\/"},"modified":"2025-01-20T11:39:51","modified_gmt":"2025-01-20T10:39:51","slug":"ich-bin-gerade-dabei-zwei-miteinander-verbundene-raeume-zu-dekorieren-hier-erfahren-sie-wie-ich-die-beiden-voellig-unterschiedlichen-konzepte-miteinander-in-einklang-bringen-kann","status":"publish","type":"post","link":"https:\/\/www.strassenweb.de\/nachrichten\/ich-bin-gerade-dabei-zwei-miteinander-verbundene-raeume-zu-dekorieren-hier-erfahren-sie-wie-ich-die-beiden-voellig-unterschiedlichen-konzepte-miteinander-in-einklang-bringen-kann\/","title":{"rendered":"Ich bin gerade dabei, zwei miteinander verbundene R\u00e4ume zu dekorieren. Hier erfahren Sie, wie ich die beiden v\u00f6llig unterschiedlichen Konzepte miteinander in Einklang bringen kann"},"content":{"rendered":"<p><\/p>\n<div id=\"article-body\" class=\"article__body \">\n<p>Endlich bin ich in der Phase der Renovierung meines Hauses angelangt, in der wir damit beginnen k\u00f6nnen, die vorderen R\u00e4ume in Angriff zu nehmen, die bis zu diesem Zeitpunkt in den letzten zwei Jahren gr\u00f6\u00dftenteils nur f\u00fcr Werkzeuge und Farbt\u00f6pfe reserviert waren.<\/p>\n<div id=\"ad-unit-1\" class=\"ad-unit\"><\/div>\n<p>Zum Gl\u00fcck haben die Vorbesitzer eine gro\u00dfe und sch\u00f6ne \u00d6ffnung zwischen diesen beiden vorderen R\u00e4umen geschaffen, sodass wir jetzt \u00fcber helle, offene und angrenzende Wohn- und Esszimmerbereiche verf\u00fcgen, die nach etwas Pflege schreien.<\/p>\n<p>Die Herausforderung? Erstellen Sie zwei Konzepte f\u00fcr diese Verbindungsr\u00e4ume, die zwar zusammenh\u00e4ngend, aber keineswegs identisch wirken. Lassen Sie mich Sie durch alle Dekorationsideen f\u00fchren, die ich ausprobiert habe, und durch die Schritte, die ich unternommen habe, um sicherzustellen, dass diese beiden R\u00e4ume miteinander sprechen \u2013 und durch die Lektionen, die ich dabei gelernt habe.<\/p>\n<div id=\"desktop-in-article\" class=\"in-article ad-unit\">\n<div id=\"desktop-taboola-mid-article\"><\/div>\n<\/div>\n<div id=\"mobile-in-article\" class=\"in-article ad-unit\">\n<div id=\"mobile-taboola-mid-article\"><\/div>\n<\/div>\n<figure class=\"van-image-figure inline-layout \" data-bordeaux-image-check>\n<div class=\"image-full-width-wrapper\">\n<div class=\"image-widthsetter\" style=\"max-width:2000px;\"><\/div>\n<\/div>\n<\/figure>\n<p>Wenn Sie hier in Gro\u00dfbritannien schon einmal einen Fu\u00df in ein traditionelles viktorianisches oder edwardianisches Haus gesetzt haben, wissen Sie alles \u00fcber den gef\u00fcrchteten \u201eMittelraum\u201c. Urspr\u00fcnglich befanden sich diese R\u00e4ume auf der R\u00fcckseite des Hauses und blickten auf den Garten.<\/p>\n<div class=\"van_vid_carousel\">\n<div class=\"van_vid_carousel__padding\">\n<div class=\"van_vid_carousel__container\"><\/div>\n<\/div>\n<\/div>\n<aside class=\"hawk-nest\" data-block-type=\"embed\" data-render-type=\"fte\" data-skip=\"dealsy\" data-widget-type=\"seasonal\">\n<div class=\"hawk-master-widget-hawk-base-wrapper\"><\/div>\n<\/aside>\n<p>Allerdings wurden die meisten dieser \u00fcber 100 Jahre alten H\u00e4user im Laufe der Jahre um K\u00fcchen und Badezimmer erweitert, was bedeutet, dass dieser Raum eher ein seltsamer Durchgangsraum ist, der normalerweise zwischen Wohnzimmer und K\u00fcche liegt.<\/p>\n<div id=\"ad-unit-2\" class=\"ad-unit\"><\/div>\n<p>Ich sage \u201egef\u00fcrchtet\u201c, weil es schwierig ist, sie in Ordnung zu bringen. Und w\u00e4hrend einige Hausbesitzer diesen Raum nicht sinnvoll nutzen m\u00fcssen (da sie von der Fl\u00e4che anderswo profitieren), m\u00fcssen andere, wie ich, den gesamten Raum nutzen, den sie bekommen k\u00f6nnen.<\/p>\n<p>F\u00fcr uns war es absolut sinnvoll, aus dem mittleren Raum ein informelles Esszimmer zu machen. Auf diese Weise haben wir eine sch\u00f6ne Lounge, die \u00fcber das Esszimmer bis hin zur K\u00fcche reicht und f\u00fcr die Bewirtung und das allgemeine Wohnen zur Verf\u00fcgung steht.<\/p>\n<figure class=\"van-image-figure inline-layout \" data-bordeaux-image-check>\n<div class=\"image-full-width-wrapper\">\n<div class=\"image-widthsetter\" style=\"max-width:2400px;\"><\/div>\n<\/div>\n<\/figure>\n<p>Es gibt keine T\u00fcren zwischen den beiden R\u00e4umen (etwas, das wir sp\u00e4ter hinzuf\u00fcgen wollen, um uns die M\u00f6glichkeit zu geben, das Wohnzimmer abzutrennen, um es privater und gem\u00fctlicher zu machen), was bedeutet, dass die R\u00e4ume v\u00f6llig offen zueinander sind.<\/p>\n<p>Daher musste ich einige Dinge ber\u00fccksichtigen, bevor ich mich f\u00fcr mein Schema entschied: Farbpalette, Sichtlinien und verbindende Elemente.<\/p>\n<p>Bei der Dekoration zweier miteinander verbundener R\u00e4ume besteht das Ziel nicht darin, sie identisch zu machen, sondern ein Gef\u00fchl von Fluss und Einheit zu schaffen, das sich gewollt anf\u00fchlt. Angrenzende R\u00e4ume m\u00fcssen nicht unbedingt \u00fcbereinstimmen, sie m\u00fcssen jedoch durch Designdetails eine subtile Verbindung aufweisen. Hier erfahren Sie, wie.<\/p>\n<h2 id=\"how-i-m-decorating-two-adjoining-rooms-in-my-home-3\">Wie ich zwei angrenzende R\u00e4ume in meinem Zuhause dekoriere<\/h2>\n<figure class=\"van-image-figure inline-layout \" data-bordeaux-image-check>\n<div class=\"image-full-width-wrapper\">\n<div class=\"image-widthsetter\" style=\"max-width:2000px;\"><\/div>\n<\/div>\n<\/figure>\n<p>Der erste und meiner Meinung nach wichtigste Faktor war die Farbpalette. Wie der brillante Tash von Lick Paints in diesem aktuellen TikTok-Video \u00fcber die Dekoration angrenzender R\u00e4ume beschreibt, gibt es hier zwei Denkrichtungen. Tonschema oder Komplement\u00e4rfarbschema.<\/p>\n<p>\u201eMan kann nichts falsch machen, wenn man sich f\u00fcr eine Farbe entscheidet (wie zum Beispiel Rosa) und in einem Raum einen dunkleren Farbton und im anderen einen hellen Farbton w\u00e4hlen kann\u201c, r\u00e4t Tash im Video. \u201eDas sieht wirklich schick aus.\u201c<\/p>\n<p>\u201eEine weitere Option ist eine Erg\u00e4nzung.\u201c Schauen Sie sich also den Farbkreis an und welche Farben auch immer einander gegen\u00fcberstehen, sie passen immer gut zusammen\u201c, erkl\u00e4rt Tash und schl\u00e4gt einen Teal 01-Farbton neben einem komplement\u00e4ren Orange 02-Farbton von Lick vor.<\/p>\n<figure class=\"van-image-figure inline-layout \" data-bordeaux-image-check>\n<div class=\"image-full-width-wrapper\">\n<div class=\"image-widthsetter\" style=\"max-width:2400px;\"><\/div>\n<\/div>\n<\/figure>\n<p>Ich lie\u00df mich von diesem oben gezeigten Wohnzimmer inspirieren, das von der Innenarchitektin Pandora Taylor entworfen wurde, und wusste, dass ich mich an Ideen f\u00fcr blaue Wohnzimmer orientieren wollte, und wandte mich an Farrow &#038; Ball, um Tipps zur Dekoration meines blauen Wohnzimmers zu erhalten.<\/p>\n<p>Der Farbton, f\u00fcr den ich mich entschieden habe, ist Parma Grey von Farrow &#038; Ball, ein sanftes, dezentes Blau, mit dem wir alle f\u00fcnf W\u00e4nde gef\u00e4rbt haben (und das wir nach dem Bau auch zu den ma\u00dfgefertigten Schr\u00e4nken hinzuf\u00fcgen m\u00f6chten).<\/p>\n<p>W\u00e4hrend dieser Raum etwas maximalistischer wirkt, wusste ich, dass ich das angrenzende Esszimmer etwas ruhiger wirken lassen wollte. Also griff ich zum Farbkreis und entschied mich nach Monaten des \u00dcberlegens f\u00fcr eine komplement\u00e4re und superweiche gelbe Farbpalette \u2013 White Tie f\u00fcr die W\u00e4nde und Matchstick f\u00fcr eine Akzentdecke. Dadurch wusste ich, dass die beiden Raumfarbkombinationen harmonisch zusammenpassen.<\/p>\n<figure class=\"van-image-figure inline-layout \" data-bordeaux-image-check>\n<div class=\"image-full-width-wrapper\">\n<div class=\"image-widthsetter\" style=\"max-width:2000px;\"><\/div>\n<\/div>\n<\/figure>\n<p>Auf den ersten Blick k\u00f6nnten die beiden R\u00e4ume unterschiedlicher nicht sein. Als ich mich daf\u00fcr entschied, die Wandfarbe im Esszimmer anzupassen, tat ich dies mit der Absicht, einen Farbton zu w\u00e4hlen, den ich dann mit Blau erg\u00e4nzen konnte, ohne dass er st\u00f6rend wirkte.<\/p>\n<p>Mit durchdachten Entscheidungen, wie passenden Deckenleuchten, einem gro\u00dfen blauen Vintage-Teppich, der unter dem Esstisch liegt, und Kunstwerken mit Andeutungen des Farbtons konnte ich die L\u00fccke zwischen den beiden Verbindungsr\u00e4umen schlie\u00dfen. Ein einfaches Accessoire kann Wunder bewirken, wenn es darum geht, R\u00e4ume miteinander zu verbinden.<\/p>\n<p>Eine weitere wirksame Strategie besteht darin, dar\u00fcber nachzudenken, wie ein Raum zum n\u00e4chsten f\u00fchrt. Auch wenn Sie keinen Mittelraum zur Verf\u00fcgung haben, erfreuen sich Neben- oder Verbindungsr\u00e4ume dank des offenen Wohnens immer gr\u00f6\u00dferer Beliebtheit.<\/p>\n<p>Und bei allen offenen R\u00e4umen kommt es darauf an, die Sichtlinien nicht zu st\u00f6ren. Dies kann so einfach sein, dass Sie daf\u00fcr sorgen, dass der gleiche Bodenbelag ohne Schwelle durch beide R\u00e4ume verl\u00e4uft, sodass die beiden R\u00e4ume ineinander \u00fcbergehen, oder dass gro\u00dfe M\u00f6belst\u00fccke oder Beleuchtung die Sicht von einem Raum zum anderen nicht blockieren.<\/p>\n<p>Es geht darum, die \u201eBrotkr\u00fcmel\u201c der Kontinuit\u00e4t zu finden \u2013 sei es eine gemeinsame Farbpalette, ein gemeinsames Material oder sogar eine sich wiederholende Form \u2013, um ein Gef\u00fchl der Zusammengeh\u00f6rigkeit zu schaffen.<\/p>\n<div class=\"product-container hero-product-container product-block-no-wrap\"><\/div>\n<hr>\n<p>Das Wichtigste, woran Sie denken sollten, ist, dass die Schaffung eines Zusammenhalts zwischen zwei unterschiedlichen R\u00e4umen nicht bedeutet, ihre Individualit\u00e4t zu opfern.<\/p>\n<p>Ob durch gemeinsame Farben, Materialien oder durchdachtes Design \u2013 durchdachte und bewusste Entscheidungen k\u00f6nnen den entscheidenden Unterschied machen und dazu beitragen, dass die beiden R\u00e4ume eine gemeinsame Basis finden. Wenn Sie vor einer \u00e4hnlichen Herausforderung stehen, hilft Ihnen hoffentlich alles, was ich hier gelernt und geteilt habe, auf Ihrem eigenen Weg zum Dekorieren.<\/p>\n<\/div>\n<p><script async src=\"\/\/www.tiktok.com\/embed.js\"><\/script><\/p>\n","protected":false},"excerpt":{"rendered":"<p>Endlich bin ich in der Phase der Renovierung meines Hauses angelangt, in der wir damit beginnen k\u00f6nnen, die vorderen R\u00e4ume in Angriff zu nehmen, die<\/p>\n","protected":false},"author":1,"featured_media":1342,"comment_status":"closed","ping_status":"","sticky":false,"template":"","format":"standard","meta":{"footnotes":""},"categories":[118],"tags":[2255,1210,625,1911,1126,9,4574,164,495,163,129,781,4573,4570,1728,165,4572,4571,2459,26,559],"class_list":["post-2817","post","type-post","status-publish","format-standard","has-post-thumbnail","hentry","category-haus-garten","tag-beiden","tag-bin","tag-bringen","tag-dabei","tag-dekorieren","tag-die","tag-einklang","tag-erfahren","tag-gerade","tag-hier","tag-ich","tag-kann","tag-konzepte","tag-miteinander","tag-raeume","tag-sie","tag-unterschiedlichen","tag-verbundene","tag-voellig","tag-wie","tag-zwei","generate-columns","tablet-grid-50","mobile-grid-100","grid-parent","grid-50"],"yoast_head":"<!-- This site is optimized with the Yoast SEO plugin v27.3 - https:\/\/yoast.com\/product\/yoast-seo-wordpress\/ -->\n<title>Ich bin gerade dabei, zwei miteinander verbundene R\u00e4ume zu dekorieren. Hier erfahren Sie, wie ich die beiden v\u00f6llig unterschiedlichen Konzepte miteinander in Einklang bringen kann - Nachrichten - Stra\u00dfenweb<\/title>\n<meta name=\"robots\" content=\"index, follow, max-snippet:-1, max-image-preview:large, max-video-preview:-1\" \/>\n<link rel=\"canonical\" href=\"https:\/\/www.strassenweb.de\/nachrichten\/ich-bin-gerade-dabei-zwei-miteinander-verbundene-raeume-zu-dekorieren-hier-erfahren-sie-wie-ich-die-beiden-voellig-unterschiedlichen-konzepte-miteinander-in-einklang-bringen-kann\/\" \/>\n<meta property=\"og:locale\" content=\"de_DE\" \/>\n<meta property=\"og:type\" content=\"article\" \/>\n<meta property=\"og:title\" content=\"Ich bin gerade dabei, zwei miteinander verbundene R\u00e4ume zu dekorieren. Hier erfahren Sie, wie ich die beiden v\u00f6llig unterschiedlichen Konzepte miteinander in Einklang bringen kann - Nachrichten - Stra\u00dfenweb\" \/>\n<meta property=\"og:description\" content=\"Endlich bin ich in der Phase der Renovierung meines Hauses angelangt, in der wir damit beginnen k\u00f6nnen, die vorderen R\u00e4ume in Angriff zu nehmen, die\" \/>\n<meta property=\"og:url\" content=\"https:\/\/www.strassenweb.de\/nachrichten\/ich-bin-gerade-dabei-zwei-miteinander-verbundene-raeume-zu-dekorieren-hier-erfahren-sie-wie-ich-die-beiden-voellig-unterschiedlichen-konzepte-miteinander-in-einklang-bringen-kann\/\" \/>\n<meta property=\"og:site_name\" content=\"Stra\u00dfenweb\" \/>\n<meta property=\"article:publisher\" content=\"https:\/\/www.facebook.com\/strassenweb\/\" \/>\n<meta property=\"article:published_time\" content=\"2025-01-20T10:39:51+00:00\" \/>\n<meta property=\"og:image\" content=\"https:\/\/www.strassenweb.de\/nachrichten\/wp-content\/uploads\/2024\/11\/\u201eIch-sehe-diese-unerwartete-Farbkombination-ueberall-\u2013-deshalb-lieben-Designer.jpg\" \/>\n\t<meta property=\"og:image:width\" content=\"1200\" \/>\n\t<meta property=\"og:image:height\" content=\"675\" \/>\n\t<meta property=\"og:image:type\" content=\"image\/jpeg\" \/>\n<meta name=\"author\" content=\"Robert Hoffmann\" \/>\n<meta name=\"twitter:card\" content=\"summary_large_image\" \/>\n<meta name=\"twitter:label1\" content=\"Verfasst von\" \/>\n\t<meta name=\"twitter:data1\" content=\"Robert Hoffmann\" \/>\n\t<meta name=\"twitter:label2\" content=\"Gesch\u00e4tzte Lesezeit\" \/>\n\t<meta name=\"twitter:data2\" content=\"5\u00a0Minuten\" \/>\n<script type=\"application\/ld+json\" class=\"yoast-schema-graph\">{\"@context\":\"https:\\\/\\\/schema.org\",\"@graph\":[{\"@type\":\"Article\",\"@id\":\"https:\\\/\\\/www.strassenweb.de\\\/nachrichten\\\/ich-bin-gerade-dabei-zwei-miteinander-verbundene-raeume-zu-dekorieren-hier-erfahren-sie-wie-ich-die-beiden-voellig-unterschiedlichen-konzepte-miteinander-in-einklang-bringen-kann\\\/#article\",\"isPartOf\":{\"@id\":\"https:\\\/\\\/www.strassenweb.de\\\/nachrichten\\\/ich-bin-gerade-dabei-zwei-miteinander-verbundene-raeume-zu-dekorieren-hier-erfahren-sie-wie-ich-die-beiden-voellig-unterschiedlichen-konzepte-miteinander-in-einklang-bringen-kann\\\/\"},\"author\":{\"name\":\"Robert Hoffmann\",\"@id\":\"https:\\\/\\\/www.strassenweb.de\\\/nachrichten\\\/#\\\/schema\\\/person\\\/87c9c9067f1211da429a744dc5a5aa41\"},\"headline\":\"Ich bin gerade dabei, zwei miteinander verbundene R\u00e4ume zu dekorieren. Hier erfahren Sie, wie ich die beiden v\u00f6llig unterschiedlichen Konzepte miteinander in Einklang bringen kann\",\"datePublished\":\"2025-01-20T10:39:51+00:00\",\"mainEntityOfPage\":{\"@id\":\"https:\\\/\\\/www.strassenweb.de\\\/nachrichten\\\/ich-bin-gerade-dabei-zwei-miteinander-verbundene-raeume-zu-dekorieren-hier-erfahren-sie-wie-ich-die-beiden-voellig-unterschiedlichen-konzepte-miteinander-in-einklang-bringen-kann\\\/\"},\"wordCount\":1072,\"publisher\":{\"@id\":\"https:\\\/\\\/www.strassenweb.de\\\/nachrichten\\\/#organization\"},\"image\":{\"@id\":\"https:\\\/\\\/www.strassenweb.de\\\/nachrichten\\\/ich-bin-gerade-dabei-zwei-miteinander-verbundene-raeume-zu-dekorieren-hier-erfahren-sie-wie-ich-die-beiden-voellig-unterschiedlichen-konzepte-miteinander-in-einklang-bringen-kann\\\/#primaryimage\"},\"thumbnailUrl\":\"https:\\\/\\\/www.strassenweb.de\\\/nachrichten\\\/wp-content\\\/uploads\\\/2024\\\/11\\\/\u201eIch-sehe-diese-unerwartete-Farbkombination-ueberall-\u2013-deshalb-lieben-Designer.jpg\",\"keywords\":[\"beiden\",\"bin\",\"bringen\",\"dabei\",\"dekorieren\",\"die\",\"Einklang\",\"erfahren\",\"gerade\",\"hier\",\"ich\",\"kann\",\"Konzepte\",\"miteinander\",\"R\u00e4ume\",\"Sie\",\"unterschiedlichen\",\"verbundene\",\"v\u00f6llig\",\"Wie\",\"zwei\"],\"articleSection\":[\"Haus &amp; Garten\"],\"inLanguage\":\"de\"},{\"@type\":\"WebPage\",\"@id\":\"https:\\\/\\\/www.strassenweb.de\\\/nachrichten\\\/ich-bin-gerade-dabei-zwei-miteinander-verbundene-raeume-zu-dekorieren-hier-erfahren-sie-wie-ich-die-beiden-voellig-unterschiedlichen-konzepte-miteinander-in-einklang-bringen-kann\\\/\",\"url\":\"https:\\\/\\\/www.strassenweb.de\\\/nachrichten\\\/ich-bin-gerade-dabei-zwei-miteinander-verbundene-raeume-zu-dekorieren-hier-erfahren-sie-wie-ich-die-beiden-voellig-unterschiedlichen-konzepte-miteinander-in-einklang-bringen-kann\\\/\",\"name\":\"Ich bin gerade dabei, zwei miteinander verbundene R\u00e4ume zu dekorieren. Hier erfahren Sie, wie ich die beiden v\u00f6llig unterschiedlichen Konzepte miteinander in Einklang bringen kann - Nachrichten - Stra\u00dfenweb\",\"isPartOf\":{\"@id\":\"https:\\\/\\\/www.strassenweb.de\\\/nachrichten\\\/#website\"},\"primaryImageOfPage\":{\"@id\":\"https:\\\/\\\/www.strassenweb.de\\\/nachrichten\\\/ich-bin-gerade-dabei-zwei-miteinander-verbundene-raeume-zu-dekorieren-hier-erfahren-sie-wie-ich-die-beiden-voellig-unterschiedlichen-konzepte-miteinander-in-einklang-bringen-kann\\\/#primaryimage\"},\"image\":{\"@id\":\"https:\\\/\\\/www.strassenweb.de\\\/nachrichten\\\/ich-bin-gerade-dabei-zwei-miteinander-verbundene-raeume-zu-dekorieren-hier-erfahren-sie-wie-ich-die-beiden-voellig-unterschiedlichen-konzepte-miteinander-in-einklang-bringen-kann\\\/#primaryimage\"},\"thumbnailUrl\":\"https:\\\/\\\/www.strassenweb.de\\\/nachrichten\\\/wp-content\\\/uploads\\\/2024\\\/11\\\/\u201eIch-sehe-diese-unerwartete-Farbkombination-ueberall-\u2013-deshalb-lieben-Designer.jpg\",\"datePublished\":\"2025-01-20T10:39:51+00:00\",\"breadcrumb\":{\"@id\":\"https:\\\/\\\/www.strassenweb.de\\\/nachrichten\\\/ich-bin-gerade-dabei-zwei-miteinander-verbundene-raeume-zu-dekorieren-hier-erfahren-sie-wie-ich-die-beiden-voellig-unterschiedlichen-konzepte-miteinander-in-einklang-bringen-kann\\\/#breadcrumb\"},\"inLanguage\":\"de\",\"potentialAction\":[{\"@type\":\"ReadAction\",\"target\":[\"https:\\\/\\\/www.strassenweb.de\\\/nachrichten\\\/ich-bin-gerade-dabei-zwei-miteinander-verbundene-raeume-zu-dekorieren-hier-erfahren-sie-wie-ich-die-beiden-voellig-unterschiedlichen-konzepte-miteinander-in-einklang-bringen-kann\\\/\"]}]},{\"@type\":\"ImageObject\",\"inLanguage\":\"de\",\"@id\":\"https:\\\/\\\/www.strassenweb.de\\\/nachrichten\\\/ich-bin-gerade-dabei-zwei-miteinander-verbundene-raeume-zu-dekorieren-hier-erfahren-sie-wie-ich-die-beiden-voellig-unterschiedlichen-konzepte-miteinander-in-einklang-bringen-kann\\\/#primaryimage\",\"url\":\"https:\\\/\\\/www.strassenweb.de\\\/nachrichten\\\/wp-content\\\/uploads\\\/2024\\\/11\\\/\u201eIch-sehe-diese-unerwartete-Farbkombination-ueberall-\u2013-deshalb-lieben-Designer.jpg\",\"contentUrl\":\"https:\\\/\\\/www.strassenweb.de\\\/nachrichten\\\/wp-content\\\/uploads\\\/2024\\\/11\\\/\u201eIch-sehe-diese-unerwartete-Farbkombination-ueberall-\u2013-deshalb-lieben-Designer.jpg\",\"width\":1200,\"height\":675,\"caption\":\"\u201eIch sehe diese unerwartete Farbkombination \u00fcberall\u201c \u2013 deshalb lieben Designer die Kombination aus Salbeigr\u00fcn und Hellblau, die man nie zusammen sehen sollte\"},{\"@type\":\"BreadcrumbList\",\"@id\":\"https:\\\/\\\/www.strassenweb.de\\\/nachrichten\\\/ich-bin-gerade-dabei-zwei-miteinander-verbundene-raeume-zu-dekorieren-hier-erfahren-sie-wie-ich-die-beiden-voellig-unterschiedlichen-konzepte-miteinander-in-einklang-bringen-kann\\\/#breadcrumb\",\"itemListElement\":[{\"@type\":\"ListItem\",\"position\":1,\"name\":\"Home\",\"item\":\"https:\\\/\\\/www.strassenweb.de\\\/nachrichten\\\/\"},{\"@type\":\"ListItem\",\"position\":2,\"name\":\"Ich bin gerade dabei, zwei miteinander verbundene R\u00e4ume zu dekorieren. Hier erfahren Sie, wie ich die beiden v\u00f6llig unterschiedlichen Konzepte miteinander in Einklang bringen kann\"}]},{\"@type\":\"WebSite\",\"@id\":\"https:\\\/\\\/www.strassenweb.de\\\/nachrichten\\\/#website\",\"url\":\"https:\\\/\\\/www.strassenweb.de\\\/nachrichten\\\/\",\"name\":\"Stra\u00dfenweb\",\"description\":\"Stra\u00dfenverzeichnis f\u00fcr Deutschland\",\"publisher\":{\"@id\":\"https:\\\/\\\/www.strassenweb.de\\\/nachrichten\\\/#organization\"},\"potentialAction\":[{\"@type\":\"SearchAction\",\"target\":{\"@type\":\"EntryPoint\",\"urlTemplate\":\"https:\\\/\\\/www.strassenweb.de\\\/nachrichten\\\/?s={search_term_string}\"},\"query-input\":{\"@type\":\"PropertyValueSpecification\",\"valueRequired\":true,\"valueName\":\"search_term_string\"}}],\"inLanguage\":\"de\"},{\"@type\":\"Organization\",\"@id\":\"https:\\\/\\\/www.strassenweb.de\\\/nachrichten\\\/#organization\",\"name\":\"Stra\u00dfenweb\",\"url\":\"https:\\\/\\\/www.strassenweb.de\\\/nachrichten\\\/\",\"logo\":{\"@type\":\"ImageObject\",\"inLanguage\":\"de\",\"@id\":\"https:\\\/\\\/www.strassenweb.de\\\/nachrichten\\\/#\\\/schema\\\/logo\\\/image\\\/\",\"url\":\"https:\\\/\\\/www.strassenweb.de\\\/nachrichten\\\/wp-content\\\/uploads\\\/2024\\\/09\\\/cropped-favicon.png\",\"contentUrl\":\"https:\\\/\\\/www.strassenweb.de\\\/nachrichten\\\/wp-content\\\/uploads\\\/2024\\\/09\\\/cropped-favicon.png\",\"width\":512,\"height\":512,\"caption\":\"Stra\u00dfenweb\"},\"image\":{\"@id\":\"https:\\\/\\\/www.strassenweb.de\\\/nachrichten\\\/#\\\/schema\\\/logo\\\/image\\\/\"},\"sameAs\":[\"https:\\\/\\\/www.facebook.com\\\/strassenweb\\\/\"]},{\"@type\":\"Person\",\"@id\":\"https:\\\/\\\/www.strassenweb.de\\\/nachrichten\\\/#\\\/schema\\\/person\\\/87c9c9067f1211da429a744dc5a5aa41\",\"name\":\"Robert Hoffmann\",\"image\":{\"@type\":\"ImageObject\",\"inLanguage\":\"de\",\"@id\":\"https:\\\/\\\/www.strassenweb.de\\\/nachrichten\\\/wp-content\\\/uploads\\\/2024\\\/09\\\/strassenweb-150x150.jpg\",\"url\":\"https:\\\/\\\/www.strassenweb.de\\\/nachrichten\\\/wp-content\\\/uploads\\\/2024\\\/09\\\/strassenweb-150x150.jpg\",\"contentUrl\":\"https:\\\/\\\/www.strassenweb.de\\\/nachrichten\\\/wp-content\\\/uploads\\\/2024\\\/09\\\/strassenweb-150x150.jpg\",\"caption\":\"Robert Hoffmann\"},\"description\":\"Ich hei\u00dfe Robert Hoffmann und ich bin ein leidenschaftlicher Verfechter von \u00d6kologie und Biodiversit\u00e4t. Seit meiner Kindheit in den W\u00e4ldern Bayerns f\u00fchle ich mich mit der Natur verbunden und bin entschlossen, sie zu sch\u00fctzen. Heute widme ich mein Leben der Sensibilisierung anderer f\u00fcr die Bedeutung des Umweltschutzes f\u00fcr zuk\u00fcnftige Generationen.\",\"sameAs\":[\"https:\\\/\\\/www.strassenweb.de\\\/\"]}]}<\/script>\n<!-- \/ Yoast SEO plugin. -->","yoast_head_json":{"title":"Ich bin gerade dabei, zwei miteinander verbundene R\u00e4ume zu dekorieren. Hier erfahren Sie, wie ich die beiden v\u00f6llig unterschiedlichen Konzepte miteinander in Einklang bringen kann - Nachrichten - Stra\u00dfenweb","robots":{"index":"index","follow":"follow","max-snippet":"max-snippet:-1","max-image-preview":"max-image-preview:large","max-video-preview":"max-video-preview:-1"},"canonical":"https:\/\/www.strassenweb.de\/nachrichten\/ich-bin-gerade-dabei-zwei-miteinander-verbundene-raeume-zu-dekorieren-hier-erfahren-sie-wie-ich-die-beiden-voellig-unterschiedlichen-konzepte-miteinander-in-einklang-bringen-kann\/","og_locale":"de_DE","og_type":"article","og_title":"Ich bin gerade dabei, zwei miteinander verbundene R\u00e4ume zu dekorieren. Hier erfahren Sie, wie ich die beiden v\u00f6llig unterschiedlichen Konzepte miteinander in Einklang bringen kann - Nachrichten - Stra\u00dfenweb","og_description":"Endlich bin ich in der Phase der Renovierung meines Hauses angelangt, in der wir damit beginnen k\u00f6nnen, die vorderen R\u00e4ume in Angriff zu nehmen, die","og_url":"https:\/\/www.strassenweb.de\/nachrichten\/ich-bin-gerade-dabei-zwei-miteinander-verbundene-raeume-zu-dekorieren-hier-erfahren-sie-wie-ich-die-beiden-voellig-unterschiedlichen-konzepte-miteinander-in-einklang-bringen-kann\/","og_site_name":"Stra\u00dfenweb","article_publisher":"https:\/\/www.facebook.com\/strassenweb\/","article_published_time":"2025-01-20T10:39:51+00:00","og_image":[{"width":1200,"height":675,"url":"https:\/\/www.strassenweb.de\/nachrichten\/wp-content\/uploads\/2024\/11\/\u201eIch-sehe-diese-unerwartete-Farbkombination-ueberall-\u2013-deshalb-lieben-Designer.jpg","type":"image\/jpeg"}],"author":"Robert Hoffmann","twitter_card":"summary_large_image","twitter_misc":{"Verfasst von":"Robert Hoffmann","Gesch\u00e4tzte Lesezeit":"5\u00a0Minuten"},"schema":{"@context":"https:\/\/schema.org","@graph":[{"@type":"Article","@id":"https:\/\/www.strassenweb.de\/nachrichten\/ich-bin-gerade-dabei-zwei-miteinander-verbundene-raeume-zu-dekorieren-hier-erfahren-sie-wie-ich-die-beiden-voellig-unterschiedlichen-konzepte-miteinander-in-einklang-bringen-kann\/#article","isPartOf":{"@id":"https:\/\/www.strassenweb.de\/nachrichten\/ich-bin-gerade-dabei-zwei-miteinander-verbundene-raeume-zu-dekorieren-hier-erfahren-sie-wie-ich-die-beiden-voellig-unterschiedlichen-konzepte-miteinander-in-einklang-bringen-kann\/"},"author":{"name":"Robert Hoffmann","@id":"https:\/\/www.strassenweb.de\/nachrichten\/#\/schema\/person\/87c9c9067f1211da429a744dc5a5aa41"},"headline":"Ich bin gerade dabei, zwei miteinander verbundene R\u00e4ume zu dekorieren. Hier erfahren Sie, wie ich die beiden v\u00f6llig unterschiedlichen Konzepte miteinander in Einklang bringen kann","datePublished":"2025-01-20T10:39:51+00:00","mainEntityOfPage":{"@id":"https:\/\/www.strassenweb.de\/nachrichten\/ich-bin-gerade-dabei-zwei-miteinander-verbundene-raeume-zu-dekorieren-hier-erfahren-sie-wie-ich-die-beiden-voellig-unterschiedlichen-konzepte-miteinander-in-einklang-bringen-kann\/"},"wordCount":1072,"publisher":{"@id":"https:\/\/www.strassenweb.de\/nachrichten\/#organization"},"image":{"@id":"https:\/\/www.strassenweb.de\/nachrichten\/ich-bin-gerade-dabei-zwei-miteinander-verbundene-raeume-zu-dekorieren-hier-erfahren-sie-wie-ich-die-beiden-voellig-unterschiedlichen-konzepte-miteinander-in-einklang-bringen-kann\/#primaryimage"},"thumbnailUrl":"https:\/\/www.strassenweb.de\/nachrichten\/wp-content\/uploads\/2024\/11\/\u201eIch-sehe-diese-unerwartete-Farbkombination-ueberall-\u2013-deshalb-lieben-Designer.jpg","keywords":["beiden","bin","bringen","dabei","dekorieren","die","Einklang","erfahren","gerade","hier","ich","kann","Konzepte","miteinander","R\u00e4ume","Sie","unterschiedlichen","verbundene","v\u00f6llig","Wie","zwei"],"articleSection":["Haus &amp; Garten"],"inLanguage":"de"},{"@type":"WebPage","@id":"https:\/\/www.strassenweb.de\/nachrichten\/ich-bin-gerade-dabei-zwei-miteinander-verbundene-raeume-zu-dekorieren-hier-erfahren-sie-wie-ich-die-beiden-voellig-unterschiedlichen-konzepte-miteinander-in-einklang-bringen-kann\/","url":"https:\/\/www.strassenweb.de\/nachrichten\/ich-bin-gerade-dabei-zwei-miteinander-verbundene-raeume-zu-dekorieren-hier-erfahren-sie-wie-ich-die-beiden-voellig-unterschiedlichen-konzepte-miteinander-in-einklang-bringen-kann\/","name":"Ich bin gerade dabei, zwei miteinander verbundene R\u00e4ume zu dekorieren. Hier erfahren Sie, wie ich die beiden v\u00f6llig unterschiedlichen Konzepte miteinander in Einklang bringen kann - Nachrichten - Stra\u00dfenweb","isPartOf":{"@id":"https:\/\/www.strassenweb.de\/nachrichten\/#website"},"primaryImageOfPage":{"@id":"https:\/\/www.strassenweb.de\/nachrichten\/ich-bin-gerade-dabei-zwei-miteinander-verbundene-raeume-zu-dekorieren-hier-erfahren-sie-wie-ich-die-beiden-voellig-unterschiedlichen-konzepte-miteinander-in-einklang-bringen-kann\/#primaryimage"},"image":{"@id":"https:\/\/www.strassenweb.de\/nachrichten\/ich-bin-gerade-dabei-zwei-miteinander-verbundene-raeume-zu-dekorieren-hier-erfahren-sie-wie-ich-die-beiden-voellig-unterschiedlichen-konzepte-miteinander-in-einklang-bringen-kann\/#primaryimage"},"thumbnailUrl":"https:\/\/www.strassenweb.de\/nachrichten\/wp-content\/uploads\/2024\/11\/\u201eIch-sehe-diese-unerwartete-Farbkombination-ueberall-\u2013-deshalb-lieben-Designer.jpg","datePublished":"2025-01-20T10:39:51+00:00","breadcrumb":{"@id":"https:\/\/www.strassenweb.de\/nachrichten\/ich-bin-gerade-dabei-zwei-miteinander-verbundene-raeume-zu-dekorieren-hier-erfahren-sie-wie-ich-die-beiden-voellig-unterschiedlichen-konzepte-miteinander-in-einklang-bringen-kann\/#breadcrumb"},"inLanguage":"de","potentialAction":[{"@type":"ReadAction","target":["https:\/\/www.strassenweb.de\/nachrichten\/ich-bin-gerade-dabei-zwei-miteinander-verbundene-raeume-zu-dekorieren-hier-erfahren-sie-wie-ich-die-beiden-voellig-unterschiedlichen-konzepte-miteinander-in-einklang-bringen-kann\/"]}]},{"@type":"ImageObject","inLanguage":"de","@id":"https:\/\/www.strassenweb.de\/nachrichten\/ich-bin-gerade-dabei-zwei-miteinander-verbundene-raeume-zu-dekorieren-hier-erfahren-sie-wie-ich-die-beiden-voellig-unterschiedlichen-konzepte-miteinander-in-einklang-bringen-kann\/#primaryimage","url":"https:\/\/www.strassenweb.de\/nachrichten\/wp-content\/uploads\/2024\/11\/\u201eIch-sehe-diese-unerwartete-Farbkombination-ueberall-\u2013-deshalb-lieben-Designer.jpg","contentUrl":"https:\/\/www.strassenweb.de\/nachrichten\/wp-content\/uploads\/2024\/11\/\u201eIch-sehe-diese-unerwartete-Farbkombination-ueberall-\u2013-deshalb-lieben-Designer.jpg","width":1200,"height":675,"caption":"\u201eIch sehe diese unerwartete Farbkombination \u00fcberall\u201c \u2013 deshalb lieben Designer die Kombination aus Salbeigr\u00fcn und Hellblau, die man nie zusammen sehen sollte"},{"@type":"BreadcrumbList","@id":"https:\/\/www.strassenweb.de\/nachrichten\/ich-bin-gerade-dabei-zwei-miteinander-verbundene-raeume-zu-dekorieren-hier-erfahren-sie-wie-ich-die-beiden-voellig-unterschiedlichen-konzepte-miteinander-in-einklang-bringen-kann\/#breadcrumb","itemListElement":[{"@type":"ListItem","position":1,"name":"Home","item":"https:\/\/www.strassenweb.de\/nachrichten\/"},{"@type":"ListItem","position":2,"name":"Ich bin gerade dabei, zwei miteinander verbundene R\u00e4ume zu dekorieren. Hier erfahren Sie, wie ich die beiden v\u00f6llig unterschiedlichen Konzepte miteinander in Einklang bringen kann"}]},{"@type":"WebSite","@id":"https:\/\/www.strassenweb.de\/nachrichten\/#website","url":"https:\/\/www.strassenweb.de\/nachrichten\/","name":"Stra\u00dfenweb","description":"Stra\u00dfenverzeichnis f\u00fcr Deutschland","publisher":{"@id":"https:\/\/www.strassenweb.de\/nachrichten\/#organization"},"potentialAction":[{"@type":"SearchAction","target":{"@type":"EntryPoint","urlTemplate":"https:\/\/www.strassenweb.de\/nachrichten\/?s={search_term_string}"},"query-input":{"@type":"PropertyValueSpecification","valueRequired":true,"valueName":"search_term_string"}}],"inLanguage":"de"},{"@type":"Organization","@id":"https:\/\/www.strassenweb.de\/nachrichten\/#organization","name":"Stra\u00dfenweb","url":"https:\/\/www.strassenweb.de\/nachrichten\/","logo":{"@type":"ImageObject","inLanguage":"de","@id":"https:\/\/www.strassenweb.de\/nachrichten\/#\/schema\/logo\/image\/","url":"https:\/\/www.strassenweb.de\/nachrichten\/wp-content\/uploads\/2024\/09\/cropped-favicon.png","contentUrl":"https:\/\/www.strassenweb.de\/nachrichten\/wp-content\/uploads\/2024\/09\/cropped-favicon.png","width":512,"height":512,"caption":"Stra\u00dfenweb"},"image":{"@id":"https:\/\/www.strassenweb.de\/nachrichten\/#\/schema\/logo\/image\/"},"sameAs":["https:\/\/www.facebook.com\/strassenweb\/"]},{"@type":"Person","@id":"https:\/\/www.strassenweb.de\/nachrichten\/#\/schema\/person\/87c9c9067f1211da429a744dc5a5aa41","name":"Robert Hoffmann","image":{"@type":"ImageObject","inLanguage":"de","@id":"https:\/\/www.strassenweb.de\/nachrichten\/wp-content\/uploads\/2024\/09\/strassenweb-150x150.jpg","url":"https:\/\/www.strassenweb.de\/nachrichten\/wp-content\/uploads\/2024\/09\/strassenweb-150x150.jpg","contentUrl":"https:\/\/www.strassenweb.de\/nachrichten\/wp-content\/uploads\/2024\/09\/strassenweb-150x150.jpg","caption":"Robert Hoffmann"},"description":"Ich hei\u00dfe Robert Hoffmann und ich bin ein leidenschaftlicher Verfechter von \u00d6kologie und Biodiversit\u00e4t. Seit meiner Kindheit in den W\u00e4ldern Bayerns f\u00fchle ich mich mit der Natur verbunden und bin entschlossen, sie zu sch\u00fctzen. Heute widme ich mein Leben der Sensibilisierung anderer f\u00fcr die Bedeutung des Umweltschutzes f\u00fcr zuk\u00fcnftige Generationen.","sameAs":["https:\/\/www.strassenweb.de\/"]}]}},"_links":{"self":[{"href":"https:\/\/www.strassenweb.de\/nachrichten\/wp-json\/wp\/v2\/posts\/2817","targetHints":{"allow":["GET"]}}],"collection":[{"href":"https:\/\/www.strassenweb.de\/nachrichten\/wp-json\/wp\/v2\/posts"}],"about":[{"href":"https:\/\/www.strassenweb.de\/nachrichten\/wp-json\/wp\/v2\/types\/post"}],"author":[{"embeddable":true,"href":"https:\/\/www.strassenweb.de\/nachrichten\/wp-json\/wp\/v2\/users\/1"}],"replies":[{"embeddable":true,"href":"https:\/\/www.strassenweb.de\/nachrichten\/wp-json\/wp\/v2\/comments?post=2817"}],"version-history":[{"count":0,"href":"https:\/\/www.strassenweb.de\/nachrichten\/wp-json\/wp\/v2\/posts\/2817\/revisions"}],"wp:featuredmedia":[{"embeddable":true,"href":"https:\/\/www.strassenweb.de\/nachrichten\/wp-json\/wp\/v2\/media\/1342"}],"wp:attachment":[{"href":"https:\/\/www.strassenweb.de\/nachrichten\/wp-json\/wp\/v2\/media?parent=2817"}],"wp:term":[{"taxonomy":"category","embeddable":true,"href":"https:\/\/www.strassenweb.de\/nachrichten\/wp-json\/wp\/v2\/categories?post=2817"},{"taxonomy":"post_tag","embeddable":true,"href":"https:\/\/www.strassenweb.de\/nachrichten\/wp-json\/wp\/v2\/tags?post=2817"}],"curies":[{"name":"wp","href":"https:\/\/api.w.org\/{rel}","templated":true}]}}