{"id":2808,"date":"2025-01-19T23:41:22","date_gmt":"2025-01-19T22:41:22","guid":{"rendered":"https:\/\/www.strassenweb.de\/nachrichten\/natuerliche-und-industrielle-elemente-vereinen-sich-in-diesem-modernen-bauernhaus\/"},"modified":"2025-01-19T23:41:24","modified_gmt":"2025-01-19T22:41:24","slug":"natuerliche-und-industrielle-elemente-vereinen-sich-in-diesem-modernen-bauernhaus","status":"publish","type":"post","link":"https:\/\/www.strassenweb.de\/nachrichten\/natuerliche-und-industrielle-elemente-vereinen-sich-in-diesem-modernen-bauernhaus\/","title":{"rendered":"Nat\u00fcrliche und industrielle Elemente vereinen sich in diesem modernen Bauernhaus"},"content":{"rendered":"<p><\/p>\n<div id=\"article-body\" class=\"article__body \">\n<p>Bei jedem ehrgeizigen Hausdesignprojekt gibt es in der Regel fast gleicherma\u00dfen H\u00f6hen und Tiefen. Bei diesem neu gebauten modernen Bauernhaus auf einem riesigen Grundst\u00fcck sind es jedoch die H\u00f6hepunkte, die f\u00fcr alle Beteiligten Bestand haben werden. F\u00fcr die Hausbesitzer, Architekten, Bauunternehmer und Innenarchitekten Adam Hunter, die die Entwicklung des 383 Hektar gro\u00dfen Anwesens vom Plan bis zur Fertigstellung miterlebten, war es die Verwirklichung eines Traumhauses.<\/p>\n<div id=\"ad-unit-1\" class=\"ad-unit\"><\/div>\n<p>\u201eDieses Projekt stellte eine spannende Herausforderung dar: Rustikales Design neu zu interpretieren, indem seine rohen, strukturierten Qualit\u00e4ten mit industriellen Elementen kombiniert werden, ohne die W\u00e4rme und einladende Natur des Raums zu verlieren\u201c, sagt Adam. \u201eZiel war es, die traditionelle, rustikale \u00c4sthetik zu verfeinern und elegante metallische Akzente zu integrieren, die Tiefe und Modernit\u00e4t verleihen und gleichzeitig eine zusammenh\u00e4ngende, einladende Atmosph\u00e4re bewahren.\u201c Durch durchdachte Materialauswahl, geschichtete Texturen und strategische Kontraste konnte ich eine Balance erreichen, die sich sowohl innovativ anf\u00fchlt als auch der Essenz des rustikalen Charmes treu bleibt.<\/p>\n<p>Nehmen Sie an der Tour teil und entdecken Sie die Design-Highlights dieses besonderen Hauses.<\/p>\n<div id=\"desktop-in-article\" class=\"in-article ad-unit\">\n<div id=\"desktop-taboola-mid-article\"><\/div>\n<\/div>\n<div id=\"mobile-in-article\" class=\"in-article ad-unit\">\n<div id=\"mobile-taboola-mid-article\"><\/div>\n<\/div>\n<figure class=\"van-image-figure inline-layout \" data-bordeaux-image-check>\n<div class=\"image-full-width-wrapper\">\n<div class=\"image-widthsetter\" style=\"max-width:2400px;\"><\/div>\n<\/div>\n<\/figure>\n<p>Das Bauernhaus liegt in einer Oase nat\u00fcrlicher Sch\u00f6nheit mit einem Obstgarten, einem malerischen Teich und See, mehreren Wanderbr\u00fccken \u00fcber nat\u00fcrliche Quellen, einem privaten Badeplatz und kilometerlangen Wander- und Radwegen. \u201eEs war wichtig, ein durchdachtes Programm zu erstellen, das die atemberaubende Landschaft nahtlos mit zielgerichtetem Design verbindet\u201c, sagt Designer Adam.<\/p>\n<div class=\"van_vid_carousel\">\n<div class=\"van_vid_carousel__padding\">\n<div class=\"van_vid_carousel__container\"><\/div>\n<\/div>\n<\/div>\n<p>Diese Verbindung zwischen Innen und Au\u00dfen ist in Adams gro\u00dfartigen Raumideen deutlich zu erkennen. Es ist ein heller und sonniger Raum und verf\u00fcgt \u00fcber 38 Fu\u00df hohe Gew\u00f6lbedecken, die ein Gef\u00fchl der Ehrfurcht vermitteln. \u201eDer Raum wird durch ein Sofa von Holly Hunt und eine atemberaubende Wand geschm\u00fcckt, die mit der Leuchte Aquila Constellation von Jane Hallworth geschm\u00fcckt ist und f\u00fcr einen himmlischen Hauch von Dramatik sorgt\u201c, sagt Adam. \u201eEin Paar speziell angefertigte zweifarbige Kaminumrandungen aus abgeschr\u00e4gtem Metall von Amuneal sorgen f\u00fcr Ausgewogenheit und W\u00e4rme im Sitz- und Essbereich.\u201c<\/p>\n<div id=\"ad-unit-2\" class=\"ad-unit\"><\/div>\n<figure class=\"van-image-figure inline-layout \" data-bordeaux-image-check>\n<div class=\"image-full-width-wrapper\">\n<div class=\"image-widthsetter\" style=\"max-width:2000px;\"><\/div>\n<\/div>\n<\/figure>\n<p>Praktisch neben der K\u00fcche positioniert und mit der ganzen Dramatik der gew\u00f6lbten Scheunendecken dar\u00fcber macht der Essbereich seine Pr\u00e4senz im Kontext des offenen, gro\u00dfen Raums deutlich.<\/p>\n<aside class=\"hawk-nest\" data-block-type=\"embed\" data-render-type=\"fte\" data-skip=\"dealsy\" data-widget-type=\"seasonal\">\n<div class=\"hawk-master-widget-hawk-base-wrapper\"><\/div>\n<\/aside>\n<p>Zu den Esszimmerideen geh\u00f6rt ein farbenfroher Tisch, der von Adam Hunter individuell entworfen wurde und eine lebendige Kante und blaues Harz enth\u00e4lt, sowie Esszimmerst\u00fchle von Gregorius Pineo. Der Essbereich ist mit einem Mehraban-Teppich ausgestattet, der auf einem wei\u00dfen Eichenholzboden mit grauer Waschung liegt, der im gesamten Haus f\u00fcr B\u00f6den und W\u00e4nde verwendet wird<\/p>\n<figure class=\"van-image-figure inline-layout \" data-bordeaux-image-check>\n<div class=\"image-full-width-wrapper\">\n<div class=\"image-widthsetter\" style=\"max-width:2400px;\"><\/div>\n<\/div>\n<\/figure>\n<p>Als Erg\u00e4nzung zur zeitgen\u00f6ssischen Scheunenarchitektur und hohen Decken m\u00fcssen K\u00fcchenideen stark und wirkungsvoll sein, insbesondere da es klare Sichtlinien vom Wohn- und Essbereich bis hin zur K\u00fcche gibt.<\/p>\n<p>Calacatta-Viola-Marmor (von KD Style &#038; Co) ist der Hingucker und wird verwendet, um die Dunstabzugshauben-Ideen mit einer stilvollen schwebenden Haube, einer passenden Marmor-Wasserfallinsel und Arbeitsplatten hervorzuheben.<\/p>\n<p>Die ma\u00dfgefertigten Schr\u00e4nke stammen von Amuneal in der Ausf\u00fchrung Hunter Bronze. Zu den weiteren Stil-Highlights z\u00e4hlen die Mattaliano-Pendelleuchten von Holly Hunt, die mit einem geometrischen Rosemary Hallgarten-Stoff gepolsterten Amtrend-Hocker von Thomas Lavin Showroom, eine feuerwehrrote Lacanche-Serie, Waschbecken von Rocky Mountain Hardware und Wasserh\u00e4hne von Waterworks.<\/p>\n<figure class=\"van-image-figure inline-layout \" data-bordeaux-image-check>\n<div class=\"image-full-width-wrapper\">\n<div class=\"image-widthsetter\" style=\"max-width:2400px;\"><\/div>\n<\/div>\n<\/figure>\n<p>In einem Haus dieser Gr\u00f6\u00dfe erwarten Sie eine Reihe spezieller Sitzgelegenheiten. Zus\u00e4tzlich zum Wohnraum im gro\u00dfen Raum und einem traditionellen Wohnzimmer (mehr zu diesem Raum weiter unten) gibt es dieses intimere Familienzimmer. In den Worten des Designers Adam verf\u00fcgt es \u00fcber \u201eerhabene Lederw\u00e4nde des britischen Lieferanten Bill Amberg in einem vom Kunden gew\u00fcnschten Batman-Blau mit einer auff\u00e4lligen Metallgitterverzierung von Amuneal.\u201c<\/p>\n<p>Der Teppich ist Zebois, entworfen von Adam Hunter f\u00fcr The Rug Company, mit einer ma\u00dfgefertigten Beleuchtungseinrichtung, die ebenfalls von Adam entworfen wurde.<\/p>\n<figure class=\"van-image-figure inline-layout \" data-bordeaux-image-check>\n<div class=\"image-full-width-wrapper\">\n<div class=\"image-widthsetter\" style=\"max-width:2000px;\"><\/div>\n<\/div>\n<\/figure>\n<p>Im dritten Wohnzimmer des Hauses treffen traditionelle und zeitgen\u00f6ssische Inspirationen wunderbar aufeinander und es besteht die M\u00f6glichkeit, Innen- und Au\u00dfenr\u00e4ume zu verschmelzen, um die wundersch\u00f6ne Naturlandschaft und Umgebung zu w\u00fcrdigen.<\/p>\n<p>\u201eDer Ombr\u00e9-Vorhang spiegelt die sanften Farbverl\u00e4ufe des flie\u00dfenden Wassers wider, erg\u00e4nzt durch eine Fortuny-Pendelleuchte, einen Blackman Cruz-Cocktailtisch und ein ma\u00dfgefertigtes Sofa\u201c, sagt Adam.<\/p>\n<figure class=\"van-image-figure inline-layout \" data-bordeaux-image-check>\n<div class=\"image-full-width-wrapper\">\n<div class=\"image-widthsetter\" style=\"max-width:2000px;\"><\/div>\n<\/div>\n<\/figure>\n<p>\u201eMit einem asiatisch inspirierten Thema holt die Wandverkleidung im Kirschbl\u00fctendesign von Fromental Prunus im Pandora-Kirschbl\u00fctendesign die Natur ins Haus, verweist subtil auf den Obstgarten mit 188 B\u00e4umen des Anwesens und verleiht dem Raum ein Gef\u00fchl von Bewegung und Leben\u201c, f\u00fcgt Adam hinzu, der ein gro\u00dfer Fan ist Blumendekor f\u00fcr formellere Umgebungen.<\/p>\n<figure class=\"van-image-figure inline-layout \" data-bordeaux-image-check>\n<div class=\"image-full-width-wrapper\">\n<div class=\"image-widthsetter\" style=\"max-width:2000px;\"><\/div>\n<\/div>\n<\/figure>\n<p>Auf der Treppe und im Flur, die zum Tornadoschutz und Weinraum im Untergeschoss f\u00fchren, gibt es eine deutliche Abwechslung. Designer Adams Treppenideen sorgten mit seinem Smoke Sunset-Teppichl\u00e4ufer, dem ma\u00dfgefertigten Amuneal-Metallhandlauf und einem \u201eLost in Space\u201c-Roboter, der Wache stand, f\u00fcr ein bisschen Spa\u00df.<\/p>\n<figure class=\"van-image-figure inline-layout \" data-bordeaux-image-check>\n<div class=\"image-full-width-wrapper\">\n<div class=\"image-widthsetter\" style=\"max-width:2400px;\"><\/div>\n<\/div>\n<\/figure>\n<p>Wenn Sie Inspiration f\u00fcr die Dekoration mit Mustern suchen, sehen Sie sich die moderne Interpretation eines gro\u00dfformatigen Blumendrucks im Hauptschlafzimmer an. Die ma\u00dfgefertigte, von Janet Yonaty handgemalte Tapete reicht bis zum Kopfteil. Die Wandleuchten stammen von Holly Hunt Design.<\/p>\n<figure class=\"van-image-figure inline-layout \" data-bordeaux-image-check>\n<div class=\"image-full-width-wrapper\">\n<div class=\"image-widthsetter\" style=\"max-width:2400px;\"><\/div>\n<\/div>\n<\/figure>\n<p>Dieses sanfte und sonnige G\u00e4stezimmer verf\u00fcgt \u00fcber ein modernes senfgelbes Bettgestell, das speziell von Adam Hunter entworfen und von Bespoke Furniture mit Citron Mohair Velvet von Cowtan and Tout hergestellt wurde. Die taktile Selenit-Nachttischlampe stammt von Thomas Lavin. Der transparente, wei\u00dfe Vorhang mit Bl\u00fctenblattmuster von Stout Textiles sorgt f\u00fcr einen Hauch von romantischem Blumenmuster.<\/p>\n<figure class=\"van-image-figure inline-layout \" data-bordeaux-image-check>\n<div class=\"image-full-width-wrapper\">\n<div class=\"image-widthsetter\" style=\"max-width:2000px;\"><\/div>\n<\/div>\n<\/figure>\n<p>Die gro\u00dfz\u00fcgigen Proportionen dieses En-Suite-Bades bieten viel Platz f\u00fcr die Pr\u00e4sentation luxuri\u00f6ser Badezimmerideen, und Designer Adam hat sein Bestes gegeben. Die hohe Decke ist mit einer reflektierenden Seidentapete umh\u00fcllt und tr\u00e4gt zum gehobenen Erscheinungsbild bei, was gut zu den Calacatta-Marmoroberfl\u00e4chen und den umfangreichen Marmordetails rund um das M\u00fchlenwerk passt. Wandleuchten von Alison Berger Glassworks erg\u00e4nzen einen beeindruckenden Kronleuchter von John Pomp Studios.<\/p>\n<figure class=\"van-image-figure inline-layout \" data-bordeaux-image-check>\n<div class=\"image-full-width-wrapper\">\n<div class=\"image-widthsetter\" style=\"max-width:2400px;\"><\/div>\n<\/div>\n<\/figure>\n<p>Innen und au\u00dfen ist dieses moderne Bauernhaus das Nonplusultra an Luxus.<\/p>\n<p>\u201eDie Ideen und W\u00fcnsche meiner Kunden standen im Mittelpunkt dieses Projekts und es war ein Privileg, dabei zu helfen, sie auf eine Art und Weise zu verwirklichen, die f\u00fcr sie bedeutungsvoll war\u201c, sagt Designer Adam. \u201eDie Hausbesitzer waren begeistert, als ihre Vision zum Leben erweckt wurde, und es war unglaublich lohnend, ihre Begeisterung zu beobachten, als sie jeden Raum erkundeten und die Details entdeckten.\u201c Im Kern geht es beim Design darum, R\u00e4ume zu schaffen, die die Menschen, die sie bewohnen, widerspiegeln und mit ihnen in Resonanz treten.<\/p>\n<p>\u201eAuf dem gesamten Anwesen haben wir R\u00e4ume f\u00fcr Ruhe und R\u00fcckzug eingerichtet, darunter eine Scheune am See, eine gem\u00fctliche H\u00fctte, St\u00e4lle und ein Poolhaus, das sich m\u00fchelos nach drau\u00dfen \u00f6ffnet \u2013 jeder bietet einen einzigartigen Moment zum Innehalten und Eintauchen in die umliegende Natur.\u201c \u201e, f\u00fcgt er hinzu. \u201eZu sehen, wie sich alles zusammenf\u00fcgte, war unglaublich bereichernd.\u201c Was ich aus diesem Projekt gelernt habe, ist die Bedeutung der Zusammenarbeit. Der Prozess hat erneut best\u00e4tigt, wie wichtig es ist, zuzuh\u00f6ren, sich anzupassen und die Kreativit\u00e4t in unerwartete Richtungen flie\u00dfen zu lassen.\u201c<\/p>\n<hr>\n<p>Innenarchitektur: Adam Hunter<br \/>Fotografie: Trevor Tondro<\/p>\n<\/div>\n","protected":false},"excerpt":{"rendered":"<p>Bei jedem ehrgeizigen Hausdesignprojekt gibt es in der Regel fast gleicherma\u00dfen H\u00f6hen und Tiefen. Bei diesem neu gebauten modernen Bauernhaus auf einem riesigen Grundst\u00fcck sind<\/p>\n","protected":false},"author":1,"featured_media":2809,"comment_status":"closed","ping_status":"","sticky":false,"template":"","format":"standard","meta":{"footnotes":""},"categories":[118],"tags":[3183,32,1270,4559,985,2816,142,37,4560],"class_list":["post-2808","post","type-post","status-publish","format-standard","has-post-thumbnail","hentry","category-haus-garten","tag-bauernhaus","tag-diesem","tag-elemente","tag-industrielle","tag-modernen","tag-natuerliche","tag-sich","tag-und","tag-vereinen","generate-columns","tablet-grid-50","mobile-grid-100","grid-parent","grid-50"],"yoast_head":"<!-- This site is optimized with the Yoast SEO plugin v27.3 - https:\/\/yoast.com\/product\/yoast-seo-wordpress\/ -->\n<title>Nat\u00fcrliche und industrielle Elemente vereinen sich in diesem modernen Bauernhaus - Nachrichten - Stra\u00dfenweb<\/title>\n<meta name=\"robots\" content=\"index, follow, max-snippet:-1, max-image-preview:large, max-video-preview:-1\" \/>\n<link rel=\"canonical\" href=\"https:\/\/www.strassenweb.de\/nachrichten\/natuerliche-und-industrielle-elemente-vereinen-sich-in-diesem-modernen-bauernhaus\/\" \/>\n<meta property=\"og:locale\" content=\"de_DE\" \/>\n<meta property=\"og:type\" content=\"article\" \/>\n<meta property=\"og:title\" content=\"Nat\u00fcrliche und industrielle Elemente vereinen sich in diesem modernen Bauernhaus - Nachrichten - Stra\u00dfenweb\" \/>\n<meta property=\"og:description\" content=\"Bei jedem ehrgeizigen Hausdesignprojekt gibt es in der Regel fast gleicherma\u00dfen H\u00f6hen und Tiefen. Bei diesem neu gebauten modernen Bauernhaus auf einem riesigen Grundst\u00fcck sind\" \/>\n<meta property=\"og:url\" content=\"https:\/\/www.strassenweb.de\/nachrichten\/natuerliche-und-industrielle-elemente-vereinen-sich-in-diesem-modernen-bauernhaus\/\" \/>\n<meta property=\"og:site_name\" content=\"Stra\u00dfenweb\" \/>\n<meta property=\"article:publisher\" content=\"https:\/\/www.facebook.com\/strassenweb\/\" \/>\n<meta property=\"article:published_time\" content=\"2025-01-19T22:41:22+00:00\" \/>\n<meta property=\"article:modified_time\" content=\"2025-01-19T22:41:24+00:00\" \/>\n<meta property=\"og:image\" content=\"https:\/\/www.strassenweb.de\/nachrichten\/wp-content\/uploads\/2025\/01\/Natuerliche-und-industrielle-Elemente-vereinen-sich-in-diesem-modernen-Bauernhaus.jpg\" \/>\n\t<meta property=\"og:image:width\" content=\"1200\" \/>\n\t<meta property=\"og:image:height\" content=\"675\" \/>\n\t<meta property=\"og:image:type\" content=\"image\/jpeg\" \/>\n<meta name=\"author\" content=\"Robert Hoffmann\" \/>\n<meta name=\"twitter:card\" content=\"summary_large_image\" \/>\n<meta name=\"twitter:label1\" content=\"Verfasst von\" \/>\n\t<meta name=\"twitter:data1\" content=\"Robert Hoffmann\" \/>\n\t<meta name=\"twitter:label2\" content=\"Gesch\u00e4tzte Lesezeit\" \/>\n\t<meta name=\"twitter:data2\" content=\"6\u00a0Minuten\" \/>\n<script type=\"application\/ld+json\" class=\"yoast-schema-graph\">{\"@context\":\"https:\\\/\\\/schema.org\",\"@graph\":[{\"@type\":\"Article\",\"@id\":\"https:\\\/\\\/www.strassenweb.de\\\/nachrichten\\\/natuerliche-und-industrielle-elemente-vereinen-sich-in-diesem-modernen-bauernhaus\\\/#article\",\"isPartOf\":{\"@id\":\"https:\\\/\\\/www.strassenweb.de\\\/nachrichten\\\/natuerliche-und-industrielle-elemente-vereinen-sich-in-diesem-modernen-bauernhaus\\\/\"},\"author\":{\"name\":\"Robert Hoffmann\",\"@id\":\"https:\\\/\\\/www.strassenweb.de\\\/nachrichten\\\/#\\\/schema\\\/person\\\/87c9c9067f1211da429a744dc5a5aa41\"},\"headline\":\"Nat\u00fcrliche und industrielle Elemente vereinen sich in diesem modernen Bauernhaus\",\"datePublished\":\"2025-01-19T22:41:22+00:00\",\"dateModified\":\"2025-01-19T22:41:24+00:00\",\"mainEntityOfPage\":{\"@id\":\"https:\\\/\\\/www.strassenweb.de\\\/nachrichten\\\/natuerliche-und-industrielle-elemente-vereinen-sich-in-diesem-modernen-bauernhaus\\\/\"},\"wordCount\":1182,\"publisher\":{\"@id\":\"https:\\\/\\\/www.strassenweb.de\\\/nachrichten\\\/#organization\"},\"image\":{\"@id\":\"https:\\\/\\\/www.strassenweb.de\\\/nachrichten\\\/natuerliche-und-industrielle-elemente-vereinen-sich-in-diesem-modernen-bauernhaus\\\/#primaryimage\"},\"thumbnailUrl\":\"https:\\\/\\\/www.strassenweb.de\\\/nachrichten\\\/wp-content\\\/uploads\\\/2025\\\/01\\\/Natuerliche-und-industrielle-Elemente-vereinen-sich-in-diesem-modernen-Bauernhaus.jpg\",\"keywords\":[\"Bauernhaus\",\"diesem\",\"Elemente\",\"industrielle\",\"modernen\",\"nat\u00fcrliche\",\"sich\",\"und\",\"vereinen\"],\"articleSection\":[\"Haus &amp; Garten\"],\"inLanguage\":\"de\"},{\"@type\":\"WebPage\",\"@id\":\"https:\\\/\\\/www.strassenweb.de\\\/nachrichten\\\/natuerliche-und-industrielle-elemente-vereinen-sich-in-diesem-modernen-bauernhaus\\\/\",\"url\":\"https:\\\/\\\/www.strassenweb.de\\\/nachrichten\\\/natuerliche-und-industrielle-elemente-vereinen-sich-in-diesem-modernen-bauernhaus\\\/\",\"name\":\"Nat\u00fcrliche und industrielle Elemente vereinen sich in diesem modernen Bauernhaus - Nachrichten - Stra\u00dfenweb\",\"isPartOf\":{\"@id\":\"https:\\\/\\\/www.strassenweb.de\\\/nachrichten\\\/#website\"},\"primaryImageOfPage\":{\"@id\":\"https:\\\/\\\/www.strassenweb.de\\\/nachrichten\\\/natuerliche-und-industrielle-elemente-vereinen-sich-in-diesem-modernen-bauernhaus\\\/#primaryimage\"},\"image\":{\"@id\":\"https:\\\/\\\/www.strassenweb.de\\\/nachrichten\\\/natuerliche-und-industrielle-elemente-vereinen-sich-in-diesem-modernen-bauernhaus\\\/#primaryimage\"},\"thumbnailUrl\":\"https:\\\/\\\/www.strassenweb.de\\\/nachrichten\\\/wp-content\\\/uploads\\\/2025\\\/01\\\/Natuerliche-und-industrielle-Elemente-vereinen-sich-in-diesem-modernen-Bauernhaus.jpg\",\"datePublished\":\"2025-01-19T22:41:22+00:00\",\"dateModified\":\"2025-01-19T22:41:24+00:00\",\"breadcrumb\":{\"@id\":\"https:\\\/\\\/www.strassenweb.de\\\/nachrichten\\\/natuerliche-und-industrielle-elemente-vereinen-sich-in-diesem-modernen-bauernhaus\\\/#breadcrumb\"},\"inLanguage\":\"de\",\"potentialAction\":[{\"@type\":\"ReadAction\",\"target\":[\"https:\\\/\\\/www.strassenweb.de\\\/nachrichten\\\/natuerliche-und-industrielle-elemente-vereinen-sich-in-diesem-modernen-bauernhaus\\\/\"]}]},{\"@type\":\"ImageObject\",\"inLanguage\":\"de\",\"@id\":\"https:\\\/\\\/www.strassenweb.de\\\/nachrichten\\\/natuerliche-und-industrielle-elemente-vereinen-sich-in-diesem-modernen-bauernhaus\\\/#primaryimage\",\"url\":\"https:\\\/\\\/www.strassenweb.de\\\/nachrichten\\\/wp-content\\\/uploads\\\/2025\\\/01\\\/Natuerliche-und-industrielle-Elemente-vereinen-sich-in-diesem-modernen-Bauernhaus.jpg\",\"contentUrl\":\"https:\\\/\\\/www.strassenweb.de\\\/nachrichten\\\/wp-content\\\/uploads\\\/2025\\\/01\\\/Natuerliche-und-industrielle-Elemente-vereinen-sich-in-diesem-modernen-Bauernhaus.jpg\",\"width\":1200,\"height\":675,\"caption\":\"Nat\u00fcrliche und industrielle Elemente vereinen sich in diesem modernen Bauernhaus\"},{\"@type\":\"BreadcrumbList\",\"@id\":\"https:\\\/\\\/www.strassenweb.de\\\/nachrichten\\\/natuerliche-und-industrielle-elemente-vereinen-sich-in-diesem-modernen-bauernhaus\\\/#breadcrumb\",\"itemListElement\":[{\"@type\":\"ListItem\",\"position\":1,\"name\":\"Home\",\"item\":\"https:\\\/\\\/www.strassenweb.de\\\/nachrichten\\\/\"},{\"@type\":\"ListItem\",\"position\":2,\"name\":\"Nat\u00fcrliche und industrielle Elemente vereinen sich in diesem modernen Bauernhaus\"}]},{\"@type\":\"WebSite\",\"@id\":\"https:\\\/\\\/www.strassenweb.de\\\/nachrichten\\\/#website\",\"url\":\"https:\\\/\\\/www.strassenweb.de\\\/nachrichten\\\/\",\"name\":\"Stra\u00dfenweb\",\"description\":\"Stra\u00dfenverzeichnis f\u00fcr Deutschland\",\"publisher\":{\"@id\":\"https:\\\/\\\/www.strassenweb.de\\\/nachrichten\\\/#organization\"},\"potentialAction\":[{\"@type\":\"SearchAction\",\"target\":{\"@type\":\"EntryPoint\",\"urlTemplate\":\"https:\\\/\\\/www.strassenweb.de\\\/nachrichten\\\/?s={search_term_string}\"},\"query-input\":{\"@type\":\"PropertyValueSpecification\",\"valueRequired\":true,\"valueName\":\"search_term_string\"}}],\"inLanguage\":\"de\"},{\"@type\":\"Organization\",\"@id\":\"https:\\\/\\\/www.strassenweb.de\\\/nachrichten\\\/#organization\",\"name\":\"Stra\u00dfenweb\",\"url\":\"https:\\\/\\\/www.strassenweb.de\\\/nachrichten\\\/\",\"logo\":{\"@type\":\"ImageObject\",\"inLanguage\":\"de\",\"@id\":\"https:\\\/\\\/www.strassenweb.de\\\/nachrichten\\\/#\\\/schema\\\/logo\\\/image\\\/\",\"url\":\"https:\\\/\\\/www.strassenweb.de\\\/nachrichten\\\/wp-content\\\/uploads\\\/2024\\\/09\\\/cropped-favicon.png\",\"contentUrl\":\"https:\\\/\\\/www.strassenweb.de\\\/nachrichten\\\/wp-content\\\/uploads\\\/2024\\\/09\\\/cropped-favicon.png\",\"width\":512,\"height\":512,\"caption\":\"Stra\u00dfenweb\"},\"image\":{\"@id\":\"https:\\\/\\\/www.strassenweb.de\\\/nachrichten\\\/#\\\/schema\\\/logo\\\/image\\\/\"},\"sameAs\":[\"https:\\\/\\\/www.facebook.com\\\/strassenweb\\\/\"]},{\"@type\":\"Person\",\"@id\":\"https:\\\/\\\/www.strassenweb.de\\\/nachrichten\\\/#\\\/schema\\\/person\\\/87c9c9067f1211da429a744dc5a5aa41\",\"name\":\"Robert Hoffmann\",\"image\":{\"@type\":\"ImageObject\",\"inLanguage\":\"de\",\"@id\":\"https:\\\/\\\/www.strassenweb.de\\\/nachrichten\\\/wp-content\\\/uploads\\\/2024\\\/09\\\/strassenweb-150x150.jpg\",\"url\":\"https:\\\/\\\/www.strassenweb.de\\\/nachrichten\\\/wp-content\\\/uploads\\\/2024\\\/09\\\/strassenweb-150x150.jpg\",\"contentUrl\":\"https:\\\/\\\/www.strassenweb.de\\\/nachrichten\\\/wp-content\\\/uploads\\\/2024\\\/09\\\/strassenweb-150x150.jpg\",\"caption\":\"Robert Hoffmann\"},\"description\":\"Ich hei\u00dfe Robert Hoffmann und ich bin ein leidenschaftlicher Verfechter von \u00d6kologie und Biodiversit\u00e4t. Seit meiner Kindheit in den W\u00e4ldern Bayerns f\u00fchle ich mich mit der Natur verbunden und bin entschlossen, sie zu sch\u00fctzen. Heute widme ich mein Leben der Sensibilisierung anderer f\u00fcr die Bedeutung des Umweltschutzes f\u00fcr zuk\u00fcnftige Generationen.\",\"sameAs\":[\"https:\\\/\\\/www.strassenweb.de\\\/\"]}]}<\/script>\n<!-- \/ Yoast SEO plugin. -->","yoast_head_json":{"title":"Nat\u00fcrliche und industrielle Elemente vereinen sich in diesem modernen Bauernhaus - Nachrichten - Stra\u00dfenweb","robots":{"index":"index","follow":"follow","max-snippet":"max-snippet:-1","max-image-preview":"max-image-preview:large","max-video-preview":"max-video-preview:-1"},"canonical":"https:\/\/www.strassenweb.de\/nachrichten\/natuerliche-und-industrielle-elemente-vereinen-sich-in-diesem-modernen-bauernhaus\/","og_locale":"de_DE","og_type":"article","og_title":"Nat\u00fcrliche und industrielle Elemente vereinen sich in diesem modernen Bauernhaus - Nachrichten - Stra\u00dfenweb","og_description":"Bei jedem ehrgeizigen Hausdesignprojekt gibt es in der Regel fast gleicherma\u00dfen H\u00f6hen und Tiefen. Bei diesem neu gebauten modernen Bauernhaus auf einem riesigen Grundst\u00fcck sind","og_url":"https:\/\/www.strassenweb.de\/nachrichten\/natuerliche-und-industrielle-elemente-vereinen-sich-in-diesem-modernen-bauernhaus\/","og_site_name":"Stra\u00dfenweb","article_publisher":"https:\/\/www.facebook.com\/strassenweb\/","article_published_time":"2025-01-19T22:41:22+00:00","article_modified_time":"2025-01-19T22:41:24+00:00","og_image":[{"width":1200,"height":675,"url":"https:\/\/www.strassenweb.de\/nachrichten\/wp-content\/uploads\/2025\/01\/Natuerliche-und-industrielle-Elemente-vereinen-sich-in-diesem-modernen-Bauernhaus.jpg","type":"image\/jpeg"}],"author":"Robert Hoffmann","twitter_card":"summary_large_image","twitter_misc":{"Verfasst von":"Robert Hoffmann","Gesch\u00e4tzte Lesezeit":"6\u00a0Minuten"},"schema":{"@context":"https:\/\/schema.org","@graph":[{"@type":"Article","@id":"https:\/\/www.strassenweb.de\/nachrichten\/natuerliche-und-industrielle-elemente-vereinen-sich-in-diesem-modernen-bauernhaus\/#article","isPartOf":{"@id":"https:\/\/www.strassenweb.de\/nachrichten\/natuerliche-und-industrielle-elemente-vereinen-sich-in-diesem-modernen-bauernhaus\/"},"author":{"name":"Robert Hoffmann","@id":"https:\/\/www.strassenweb.de\/nachrichten\/#\/schema\/person\/87c9c9067f1211da429a744dc5a5aa41"},"headline":"Nat\u00fcrliche und industrielle Elemente vereinen sich in diesem modernen Bauernhaus","datePublished":"2025-01-19T22:41:22+00:00","dateModified":"2025-01-19T22:41:24+00:00","mainEntityOfPage":{"@id":"https:\/\/www.strassenweb.de\/nachrichten\/natuerliche-und-industrielle-elemente-vereinen-sich-in-diesem-modernen-bauernhaus\/"},"wordCount":1182,"publisher":{"@id":"https:\/\/www.strassenweb.de\/nachrichten\/#organization"},"image":{"@id":"https:\/\/www.strassenweb.de\/nachrichten\/natuerliche-und-industrielle-elemente-vereinen-sich-in-diesem-modernen-bauernhaus\/#primaryimage"},"thumbnailUrl":"https:\/\/www.strassenweb.de\/nachrichten\/wp-content\/uploads\/2025\/01\/Natuerliche-und-industrielle-Elemente-vereinen-sich-in-diesem-modernen-Bauernhaus.jpg","keywords":["Bauernhaus","diesem","Elemente","industrielle","modernen","nat\u00fcrliche","sich","und","vereinen"],"articleSection":["Haus &amp; Garten"],"inLanguage":"de"},{"@type":"WebPage","@id":"https:\/\/www.strassenweb.de\/nachrichten\/natuerliche-und-industrielle-elemente-vereinen-sich-in-diesem-modernen-bauernhaus\/","url":"https:\/\/www.strassenweb.de\/nachrichten\/natuerliche-und-industrielle-elemente-vereinen-sich-in-diesem-modernen-bauernhaus\/","name":"Nat\u00fcrliche und industrielle Elemente vereinen sich in diesem modernen Bauernhaus - Nachrichten - Stra\u00dfenweb","isPartOf":{"@id":"https:\/\/www.strassenweb.de\/nachrichten\/#website"},"primaryImageOfPage":{"@id":"https:\/\/www.strassenweb.de\/nachrichten\/natuerliche-und-industrielle-elemente-vereinen-sich-in-diesem-modernen-bauernhaus\/#primaryimage"},"image":{"@id":"https:\/\/www.strassenweb.de\/nachrichten\/natuerliche-und-industrielle-elemente-vereinen-sich-in-diesem-modernen-bauernhaus\/#primaryimage"},"thumbnailUrl":"https:\/\/www.strassenweb.de\/nachrichten\/wp-content\/uploads\/2025\/01\/Natuerliche-und-industrielle-Elemente-vereinen-sich-in-diesem-modernen-Bauernhaus.jpg","datePublished":"2025-01-19T22:41:22+00:00","dateModified":"2025-01-19T22:41:24+00:00","breadcrumb":{"@id":"https:\/\/www.strassenweb.de\/nachrichten\/natuerliche-und-industrielle-elemente-vereinen-sich-in-diesem-modernen-bauernhaus\/#breadcrumb"},"inLanguage":"de","potentialAction":[{"@type":"ReadAction","target":["https:\/\/www.strassenweb.de\/nachrichten\/natuerliche-und-industrielle-elemente-vereinen-sich-in-diesem-modernen-bauernhaus\/"]}]},{"@type":"ImageObject","inLanguage":"de","@id":"https:\/\/www.strassenweb.de\/nachrichten\/natuerliche-und-industrielle-elemente-vereinen-sich-in-diesem-modernen-bauernhaus\/#primaryimage","url":"https:\/\/www.strassenweb.de\/nachrichten\/wp-content\/uploads\/2025\/01\/Natuerliche-und-industrielle-Elemente-vereinen-sich-in-diesem-modernen-Bauernhaus.jpg","contentUrl":"https:\/\/www.strassenweb.de\/nachrichten\/wp-content\/uploads\/2025\/01\/Natuerliche-und-industrielle-Elemente-vereinen-sich-in-diesem-modernen-Bauernhaus.jpg","width":1200,"height":675,"caption":"Nat\u00fcrliche und industrielle Elemente vereinen sich in diesem modernen Bauernhaus"},{"@type":"BreadcrumbList","@id":"https:\/\/www.strassenweb.de\/nachrichten\/natuerliche-und-industrielle-elemente-vereinen-sich-in-diesem-modernen-bauernhaus\/#breadcrumb","itemListElement":[{"@type":"ListItem","position":1,"name":"Home","item":"https:\/\/www.strassenweb.de\/nachrichten\/"},{"@type":"ListItem","position":2,"name":"Nat\u00fcrliche und industrielle Elemente vereinen sich in diesem modernen Bauernhaus"}]},{"@type":"WebSite","@id":"https:\/\/www.strassenweb.de\/nachrichten\/#website","url":"https:\/\/www.strassenweb.de\/nachrichten\/","name":"Stra\u00dfenweb","description":"Stra\u00dfenverzeichnis f\u00fcr Deutschland","publisher":{"@id":"https:\/\/www.strassenweb.de\/nachrichten\/#organization"},"potentialAction":[{"@type":"SearchAction","target":{"@type":"EntryPoint","urlTemplate":"https:\/\/www.strassenweb.de\/nachrichten\/?s={search_term_string}"},"query-input":{"@type":"PropertyValueSpecification","valueRequired":true,"valueName":"search_term_string"}}],"inLanguage":"de"},{"@type":"Organization","@id":"https:\/\/www.strassenweb.de\/nachrichten\/#organization","name":"Stra\u00dfenweb","url":"https:\/\/www.strassenweb.de\/nachrichten\/","logo":{"@type":"ImageObject","inLanguage":"de","@id":"https:\/\/www.strassenweb.de\/nachrichten\/#\/schema\/logo\/image\/","url":"https:\/\/www.strassenweb.de\/nachrichten\/wp-content\/uploads\/2024\/09\/cropped-favicon.png","contentUrl":"https:\/\/www.strassenweb.de\/nachrichten\/wp-content\/uploads\/2024\/09\/cropped-favicon.png","width":512,"height":512,"caption":"Stra\u00dfenweb"},"image":{"@id":"https:\/\/www.strassenweb.de\/nachrichten\/#\/schema\/logo\/image\/"},"sameAs":["https:\/\/www.facebook.com\/strassenweb\/"]},{"@type":"Person","@id":"https:\/\/www.strassenweb.de\/nachrichten\/#\/schema\/person\/87c9c9067f1211da429a744dc5a5aa41","name":"Robert Hoffmann","image":{"@type":"ImageObject","inLanguage":"de","@id":"https:\/\/www.strassenweb.de\/nachrichten\/wp-content\/uploads\/2024\/09\/strassenweb-150x150.jpg","url":"https:\/\/www.strassenweb.de\/nachrichten\/wp-content\/uploads\/2024\/09\/strassenweb-150x150.jpg","contentUrl":"https:\/\/www.strassenweb.de\/nachrichten\/wp-content\/uploads\/2024\/09\/strassenweb-150x150.jpg","caption":"Robert Hoffmann"},"description":"Ich hei\u00dfe Robert Hoffmann und ich bin ein leidenschaftlicher Verfechter von \u00d6kologie und Biodiversit\u00e4t. Seit meiner Kindheit in den W\u00e4ldern Bayerns f\u00fchle ich mich mit der Natur verbunden und bin entschlossen, sie zu sch\u00fctzen. Heute widme ich mein Leben der Sensibilisierung anderer f\u00fcr die Bedeutung des Umweltschutzes f\u00fcr zuk\u00fcnftige Generationen.","sameAs":["https:\/\/www.strassenweb.de\/"]}]}},"_links":{"self":[{"href":"https:\/\/www.strassenweb.de\/nachrichten\/wp-json\/wp\/v2\/posts\/2808","targetHints":{"allow":["GET"]}}],"collection":[{"href":"https:\/\/www.strassenweb.de\/nachrichten\/wp-json\/wp\/v2\/posts"}],"about":[{"href":"https:\/\/www.strassenweb.de\/nachrichten\/wp-json\/wp\/v2\/types\/post"}],"author":[{"embeddable":true,"href":"https:\/\/www.strassenweb.de\/nachrichten\/wp-json\/wp\/v2\/users\/1"}],"replies":[{"embeddable":true,"href":"https:\/\/www.strassenweb.de\/nachrichten\/wp-json\/wp\/v2\/comments?post=2808"}],"version-history":[{"count":0,"href":"https:\/\/www.strassenweb.de\/nachrichten\/wp-json\/wp\/v2\/posts\/2808\/revisions"}],"wp:featuredmedia":[{"embeddable":true,"href":"https:\/\/www.strassenweb.de\/nachrichten\/wp-json\/wp\/v2\/media\/2809"}],"wp:attachment":[{"href":"https:\/\/www.strassenweb.de\/nachrichten\/wp-json\/wp\/v2\/media?parent=2808"}],"wp:term":[{"taxonomy":"category","embeddable":true,"href":"https:\/\/www.strassenweb.de\/nachrichten\/wp-json\/wp\/v2\/categories?post=2808"},{"taxonomy":"post_tag","embeddable":true,"href":"https:\/\/www.strassenweb.de\/nachrichten\/wp-json\/wp\/v2\/tags?post=2808"}],"curies":[{"name":"wp","href":"https:\/\/api.w.org\/{rel}","templated":true}]}}