{"id":2760,"date":"2025-01-17T03:39:40","date_gmt":"2025-01-17T02:39:40","guid":{"rendered":"https:\/\/www.strassenweb.de\/nachrichten\/unsere-innenredakteure-dekorieren-im-jahr-2025-nicht-mit-diesen-drei-spaltenden-farben-hier-ist-der-grund-dafuer\/"},"modified":"2025-01-17T03:39:41","modified_gmt":"2025-01-17T02:39:41","slug":"unsere-innenredakteure-dekorieren-im-jahr-2025-nicht-mit-diesen-drei-spaltenden-farben-hier-ist-der-grund-dafuer","status":"publish","type":"post","link":"https:\/\/www.strassenweb.de\/nachrichten\/unsere-innenredakteure-dekorieren-im-jahr-2025-nicht-mit-diesen-drei-spaltenden-farben-hier-ist-der-grund-dafuer\/","title":{"rendered":"Unsere Innenredakteure dekorieren im Jahr 2025 nicht mit diesen drei spaltenden Farben \u2013 hier ist der Grund daf\u00fcr"},"content":{"rendered":"<p><\/p>\n<div id=\"article-body\" class=\"article__body \">\n<p>Die neuesten Farbtrends sind eine tolle Inspirationsquelle bei der Wahl der Raumfarbgestaltung, aber nicht jeder Trendton ist f\u00fcr jeden geeignet. W\u00e4hrend einige neutrale Farbschemata bevorzugen und andere dazu neigen, mit kr\u00e4ftigeren T\u00f6nen zu dekorieren, sind Farbtrends pers\u00f6nlich und subjektiv.<\/p>\n<div id=\"ad-unit-1\" class=\"ad-unit\"><\/div>\n<p>Da wir nun eine gute Vorstellung davon haben, welche Farbt\u00f6ne f\u00fcr 2025 \u201ein\u201c und \u201eout\u201c sind, dachte ich, es w\u00e4re interessant, nachzufragen <em>H&#038;Gs<\/em> Innenarchitekten, auf welche Farben sie im kommenden Jahr verzichten werden.<\/p>\n<aside class=\"hawk-nest\" data-block-type=\"embed\" data-render-type=\"fte\" data-skip=\"dealsy\" data-widget-type=\"seasonal\">\n<div class=\"hawk-master-widget-hawk-base-wrapper\"><\/div>\n<\/aside>\n<p>Von ihrem Z\u00f6gern gegen\u00fcber dem auff\u00e4lligen Lila-Trend bis hin zu ihrer Einstellung zu neutralen T\u00f6nen, um einen Fehltritt zu vermeiden, lesen Sie weiter, um mehr zu erfahren <em>H&#038;Gs<\/em> Insider-Einblicke in Farbtrends.<\/p>\n<div id=\"desktop-in-article\" class=\"in-article ad-unit\">\n<div id=\"desktop-taboola-mid-article\"><\/div>\n<\/div>\n<div id=\"mobile-in-article\" class=\"in-article ad-unit\">\n<div id=\"mobile-taboola-mid-article\"><\/div>\n<\/div>\n<h3 class=\"article-body__section\" id=\"section-purple\"><span>Lila<\/span><\/h3>\n<figure class=\"van-image-figure inline-layout \" data-bordeaux-image-check>\n<div class=\"image-full-width-wrapper\">\n<div class=\"image-widthsetter\" style=\"max-width:2000px;\"><\/div>\n<\/div>\n<\/figure>\n<p>Die vielleicht umstrittenste Farbe, die in den letzten Monaten ins Rampenlicht ger\u00fcckt ist, ist Lila. Ein zutiefst nostalgischer Farbton, der eng mit den fr\u00fchen Nullerjahren verbunden zu sein scheint. Die Dekoration mit Lila ist 2025 offiziell zur\u00fcck, von Purple Basil, der Farbe des Jahres von Glidden, bis hin zu Cinnamon Slate, der Farbe des Jahres von Benjamin Moore.<\/p>\n<div class=\"van_vid_carousel\">\n<div class=\"van_vid_carousel__padding\">\n<div class=\"van_vid_carousel__container\"><\/div>\n<\/div>\n<\/div>\n<p>W\u00e4hrend einige den nostalgischen Reiz dieses kr\u00e4ftigen Farbtons lieben, der von ged\u00e4mpftem Lavendel bis hin zu kr\u00e4ftigem Veilchen reicht, ist er definitiv nicht jedermanns Sache, auch nicht jeder <em>H&#038;G<\/em>Stil- und Trends-Redakteurin Charlotte Olby:<\/p>\n<div id=\"ad-unit-2\" class=\"ad-unit\"><\/div>\n<p>\u201eW\u00e4hrend Lila als Farbe des Jahres bei mehreren Farbmarken ganz sicher im Rampenlicht steht, kann ich einfach nicht auf den Zug aufspringen. Pers\u00f6nlich denke ich, dass es daran liegt, dass ich als Teenager w\u00e4hrend meiner Kindheit ein stimmungsvolles, dunkles Schlafzimmer hatte.<em>D\u00e4mmerung<\/em>&#8218; \u00c4ra und ich kann mir einfach nicht vorstellen, wie diese Farbe mich anders als Pubert\u00e4tsnostalgie ausl\u00f6sen k\u00f6nnte, wenn ich sie jetzt in meinem Haus verwenden w\u00fcrde <em>fast <\/em>30 Jahre alt.&#8216;<\/p>\n<p>\u201eAber es ist auch von Natur aus eine schwierige Farbe, mit der man arbeiten kann.\u201c Sanfte Lavendelt\u00f6ne k\u00f6nnen zwar heiter wirken, sind aber auch ziemlich kalt, und dunklere Lilat\u00f6ne dominieren oft einen Raum, was es schwieriger macht, ein Gesamtkonzept zu schaffen. Es ist eine Farbe, die Aufmerksamkeit erfordert und nicht immer gut mit anderen harmoniert. Klar, ich kann mir vorstellen, dass einige der satten, satten Lila-Farben ein wundersch\u00f6nes Statement setzen k\u00f6nnen (ich habe k\u00fcrzlich eine K\u00fcche gesehen, die im Purple 03 Dumbo House von Lick x Soho House gestrichen wurde und mich fast umgehauen h\u00e4tte), aber ich denke, ich werde dabei bleiben \u201eweniger anspruchsvolle Farbt\u00f6ne im Jahr 2025 wie Buttergelb und sanfte Hellblaut\u00f6ne.\u201c<\/p>\n<h3 class=\"article-body__section\" id=\"section-yellow\"><span>Gelb<\/span><\/h3>\n<figure class=\"van-image-figure inline-layout \" data-bordeaux-image-check>\n<div class=\"image-full-width-wrapper\">\n<div class=\"image-widthsetter\" style=\"max-width:2000px;\"><\/div>\n<\/div>\n<\/figure>\n<p>Gelb ist ein weiterer Farbton, der in letzter Zeit immer h\u00e4ufiger auftaucht. W\u00e4hrend helle, buttergelbe Farben wegen ihrer Anspielung auf Vintage und als \u201eneuer Neutralton\u201c gro\u00dfen Anklang gefunden haben; Leuchtende, sonnengelbe Farben sind zur\u00fcck und setzen ein unbestreitbar fr\u00f6hliches und zugleich \u00e4u\u00dferst ges\u00e4ttigtes Statement.<\/p>\n<p>Obwohl maximalistische Farbideen mit diesem fr\u00f6hlichen Farbton einhergehen, ist dieser w\u00e4rmende Farbton nicht jedermanns Sache, insbesondere nicht f\u00fcr diejenigen, die lieber mit Neutralt\u00f6nen dekorieren. F\u00fcr <em>H&#038;G<\/em>Laut Molly Malsom, Redakteurin f\u00fcr K\u00fcchen und Badezimmer, ist Gelb dieses Jahr offiziell eine Farbe, die man meiden sollte:<\/p>\n<p>\u201eIch meide dieses Jahr auf jeden Fall Gelb, vor allem in der K\u00fcche.\u201c M\u00f6bel aus Holz erfreuen sich eines Revivals, und ich habe noch keine gelben und h\u00f6lzernen K\u00fcchendesigns gesehen, die nicht ganz veraltet wirken. Warme Neutralt\u00f6ne und sogar kr\u00e4ftige, stimmungsvolle Farbt\u00f6ne sind die bessere Wahl, aber diese leuchtenden, kr\u00e4ftigen Gelbt\u00f6ne sind f\u00fcr mich v\u00f6llig aus der Mode!\u201c<\/p>\n<h3 class=\"article-body__section\" id=\"section-cool-grays\"><span>Coole Graut\u00f6ne<\/span><\/h3>\n<figure class=\"van-image-figure inline-layout \" data-bordeaux-image-check>\n<div class=\"image-full-width-wrapper\">\n<div class=\"image-widthsetter\" style=\"max-width:2000px;\"><\/div>\n<\/div>\n<\/figure>\n<p>Weg von kr\u00e4ftigen Farbtrends hin zu neutralen Farbt\u00f6nen: Auch in diesem Jahr gibt es wie immer viele Diskussionen \u00fcber die Dekoration mit Grau. Eine Farbe, die in den letzten Jahren deutlich an Beliebtheit verloren hat und durch warme, neutrale Farben ersetzt wurde, die im Allgemeinen einladender wirken. Damit graue Raumideen gro\u00dfartig aussehen, ist ein durchdachter Ansatz erforderlich.<\/p>\n<p>W\u00e4hrend graue Farben in der richtigen Umgebung nat\u00fcrlich gut funktionieren k\u00f6nnen, sagt Hebe Hatton, Head of Interiors bei <em>H&#038;G<\/em> verzichtet im Jahr 2025 g\u00e4nzlich auf die Dekoration mit diesem k\u00fchlen Farbton:<\/p>\n<p>\u201eGrau ist eine Farbe, die man bei mir zu Hause nie finden wird.\u201c \u201eIch habe nur eine Handvoll R\u00e4ume kennengelernt, die mit Grau zurechtkommen, und sie m\u00fcssen mit warmem Licht gef\u00fcllt sein und das Grau muss so nah an Beige sein, dass ich nicht sicher bin, ob man es \u00fcberhaupt noch Grau nennen w\u00fcrde.\u201c<\/p>\n<p>\u201eGrau macht R\u00e4ume trist, langweilig und kalt und ist eine Farbe, die ich im Jahr 2025 und dar\u00fcber hinaus meiden werde.\u201c Wenn Sie mit Grau dekorieren m\u00f6chten, lassen Sie es von den W\u00e4nden weg. Verwenden Sie es stattdessen als Akzentfarbe f\u00fcr Sockelleisten, Fensterrahmen oder T\u00fcren und kombinieren Sie es mit vielen warmen Neutralt\u00f6nen, sodass es ein kleiner Teil eines weicheren Farbschemas ist.\u201c<\/p>\n<hr>\n<p>Auch wenn unsere Redakteure von diesen Farben nicht \u00fcberzeugt sind, hei\u00dft das nicht, dass Sie sie meiden sollten. Farbe ist etwas Pers\u00f6nliches und es lohnt sich, die Farbt\u00f6ne zu w\u00e4hlen, zu denen Sie sich von Natur aus hingezogen f\u00fchlen, um Ihrer Dekoration eine pers\u00f6nliche Note zu verleihen.<\/p>\n<\/div>\n","protected":false},"excerpt":{"rendered":"<p>Die neuesten Farbtrends sind eine tolle Inspirationsquelle bei der Wahl der Raumfarbgestaltung, aber nicht jeder Trendton ist f\u00fcr jeden geeignet. W\u00e4hrend einige neutrale Farbschemata bevorzugen<\/p>\n","protected":false},"author":1,"featured_media":2761,"comment_status":"closed","ping_status":"","sticky":false,"template":"","format":"standard","meta":{"footnotes":""},"categories":[118],"tags":[932,1126,81,208,851,874,458,163,4502,15,384,146,61,2562,1068],"class_list":["post-2760","post","type-post","status-publish","format-standard","has-post-thumbnail","hentry","category-haus-garten","tag-dafuer","tag-dekorieren","tag-der","tag-diesen","tag-drei","tag-farben","tag-grund","tag-hier","tag-innenredakteure","tag-ist","tag-jahr","tag-mit","tag-nicht","tag-spaltenden","tag-unsere","generate-columns","tablet-grid-50","mobile-grid-100","grid-parent","grid-50"],"yoast_head":"<!-- This site is optimized with the Yoast SEO plugin v27.3 - https:\/\/yoast.com\/product\/yoast-seo-wordpress\/ -->\n<title>Unsere Innenredakteure dekorieren im Jahr 2025 nicht mit diesen drei spaltenden Farben \u2013 hier ist der Grund daf\u00fcr - Nachrichten - Stra\u00dfenweb<\/title>\n<meta name=\"robots\" content=\"index, follow, max-snippet:-1, max-image-preview:large, max-video-preview:-1\" \/>\n<link rel=\"canonical\" href=\"https:\/\/www.strassenweb.de\/nachrichten\/unsere-innenredakteure-dekorieren-im-jahr-2025-nicht-mit-diesen-drei-spaltenden-farben-hier-ist-der-grund-dafuer\/\" \/>\n<meta property=\"og:locale\" content=\"de_DE\" \/>\n<meta property=\"og:type\" content=\"article\" \/>\n<meta property=\"og:title\" content=\"Unsere Innenredakteure dekorieren im Jahr 2025 nicht mit diesen drei spaltenden Farben \u2013 hier ist der Grund daf\u00fcr - Nachrichten - Stra\u00dfenweb\" \/>\n<meta property=\"og:description\" content=\"Die neuesten Farbtrends sind eine tolle Inspirationsquelle bei der Wahl der Raumfarbgestaltung, aber nicht jeder Trendton ist f\u00fcr jeden geeignet. W\u00e4hrend einige neutrale Farbschemata bevorzugen\" \/>\n<meta property=\"og:url\" content=\"https:\/\/www.strassenweb.de\/nachrichten\/unsere-innenredakteure-dekorieren-im-jahr-2025-nicht-mit-diesen-drei-spaltenden-farben-hier-ist-der-grund-dafuer\/\" \/>\n<meta property=\"og:site_name\" content=\"Stra\u00dfenweb\" \/>\n<meta property=\"article:publisher\" content=\"https:\/\/www.facebook.com\/strassenweb\/\" \/>\n<meta property=\"article:published_time\" content=\"2025-01-17T02:39:40+00:00\" \/>\n<meta property=\"article:modified_time\" content=\"2025-01-17T02:39:41+00:00\" \/>\n<meta property=\"og:image\" content=\"https:\/\/www.strassenweb.de\/nachrichten\/wp-content\/uploads\/2025\/01\/Unsere-Innenredakteure-dekorieren-im-Jahr-2025-nicht-mit-diesen-drei.jpg\" \/>\n\t<meta property=\"og:image:width\" content=\"1200\" \/>\n\t<meta property=\"og:image:height\" content=\"675\" \/>\n\t<meta property=\"og:image:type\" content=\"image\/jpeg\" \/>\n<meta name=\"author\" content=\"Robert Hoffmann\" \/>\n<meta name=\"twitter:card\" content=\"summary_large_image\" \/>\n<meta name=\"twitter:label1\" content=\"Verfasst von\" \/>\n\t<meta name=\"twitter:data1\" content=\"Robert Hoffmann\" \/>\n\t<meta name=\"twitter:label2\" content=\"Gesch\u00e4tzte Lesezeit\" \/>\n\t<meta name=\"twitter:data2\" content=\"4\u00a0Minuten\" \/>\n<script type=\"application\/ld+json\" class=\"yoast-schema-graph\">{\"@context\":\"https:\\\/\\\/schema.org\",\"@graph\":[{\"@type\":\"Article\",\"@id\":\"https:\\\/\\\/www.strassenweb.de\\\/nachrichten\\\/unsere-innenredakteure-dekorieren-im-jahr-2025-nicht-mit-diesen-drei-spaltenden-farben-hier-ist-der-grund-dafuer\\\/#article\",\"isPartOf\":{\"@id\":\"https:\\\/\\\/www.strassenweb.de\\\/nachrichten\\\/unsere-innenredakteure-dekorieren-im-jahr-2025-nicht-mit-diesen-drei-spaltenden-farben-hier-ist-der-grund-dafuer\\\/\"},\"author\":{\"name\":\"Robert Hoffmann\",\"@id\":\"https:\\\/\\\/www.strassenweb.de\\\/nachrichten\\\/#\\\/schema\\\/person\\\/87c9c9067f1211da429a744dc5a5aa41\"},\"headline\":\"Unsere Innenredakteure dekorieren im Jahr 2025 nicht mit diesen drei spaltenden Farben \u2013 hier ist der Grund daf\u00fcr\",\"datePublished\":\"2025-01-17T02:39:40+00:00\",\"dateModified\":\"2025-01-17T02:39:41+00:00\",\"mainEntityOfPage\":{\"@id\":\"https:\\\/\\\/www.strassenweb.de\\\/nachrichten\\\/unsere-innenredakteure-dekorieren-im-jahr-2025-nicht-mit-diesen-drei-spaltenden-farben-hier-ist-der-grund-dafuer\\\/\"},\"wordCount\":883,\"publisher\":{\"@id\":\"https:\\\/\\\/www.strassenweb.de\\\/nachrichten\\\/#organization\"},\"image\":{\"@id\":\"https:\\\/\\\/www.strassenweb.de\\\/nachrichten\\\/unsere-innenredakteure-dekorieren-im-jahr-2025-nicht-mit-diesen-drei-spaltenden-farben-hier-ist-der-grund-dafuer\\\/#primaryimage\"},\"thumbnailUrl\":\"https:\\\/\\\/www.strassenweb.de\\\/nachrichten\\\/wp-content\\\/uploads\\\/2025\\\/01\\\/Unsere-Innenredakteure-dekorieren-im-Jahr-2025-nicht-mit-diesen-drei.jpg\",\"keywords\":[\"daf\u00fcr\",\"dekorieren\",\"der\",\"diesen\",\"drei\",\"Farben\",\"Grund\",\"hier\",\"Innenredakteure\",\"ist\",\"Jahr\",\"mit\",\"nicht\",\"spaltenden\",\"Unsere\"],\"articleSection\":[\"Haus &amp; Garten\"],\"inLanguage\":\"de\"},{\"@type\":\"WebPage\",\"@id\":\"https:\\\/\\\/www.strassenweb.de\\\/nachrichten\\\/unsere-innenredakteure-dekorieren-im-jahr-2025-nicht-mit-diesen-drei-spaltenden-farben-hier-ist-der-grund-dafuer\\\/\",\"url\":\"https:\\\/\\\/www.strassenweb.de\\\/nachrichten\\\/unsere-innenredakteure-dekorieren-im-jahr-2025-nicht-mit-diesen-drei-spaltenden-farben-hier-ist-der-grund-dafuer\\\/\",\"name\":\"Unsere Innenredakteure dekorieren im Jahr 2025 nicht mit diesen drei spaltenden Farben \u2013 hier ist der Grund daf\u00fcr - Nachrichten - Stra\u00dfenweb\",\"isPartOf\":{\"@id\":\"https:\\\/\\\/www.strassenweb.de\\\/nachrichten\\\/#website\"},\"primaryImageOfPage\":{\"@id\":\"https:\\\/\\\/www.strassenweb.de\\\/nachrichten\\\/unsere-innenredakteure-dekorieren-im-jahr-2025-nicht-mit-diesen-drei-spaltenden-farben-hier-ist-der-grund-dafuer\\\/#primaryimage\"},\"image\":{\"@id\":\"https:\\\/\\\/www.strassenweb.de\\\/nachrichten\\\/unsere-innenredakteure-dekorieren-im-jahr-2025-nicht-mit-diesen-drei-spaltenden-farben-hier-ist-der-grund-dafuer\\\/#primaryimage\"},\"thumbnailUrl\":\"https:\\\/\\\/www.strassenweb.de\\\/nachrichten\\\/wp-content\\\/uploads\\\/2025\\\/01\\\/Unsere-Innenredakteure-dekorieren-im-Jahr-2025-nicht-mit-diesen-drei.jpg\",\"datePublished\":\"2025-01-17T02:39:40+00:00\",\"dateModified\":\"2025-01-17T02:39:41+00:00\",\"breadcrumb\":{\"@id\":\"https:\\\/\\\/www.strassenweb.de\\\/nachrichten\\\/unsere-innenredakteure-dekorieren-im-jahr-2025-nicht-mit-diesen-drei-spaltenden-farben-hier-ist-der-grund-dafuer\\\/#breadcrumb\"},\"inLanguage\":\"de\",\"potentialAction\":[{\"@type\":\"ReadAction\",\"target\":[\"https:\\\/\\\/www.strassenweb.de\\\/nachrichten\\\/unsere-innenredakteure-dekorieren-im-jahr-2025-nicht-mit-diesen-drei-spaltenden-farben-hier-ist-der-grund-dafuer\\\/\"]}]},{\"@type\":\"ImageObject\",\"inLanguage\":\"de\",\"@id\":\"https:\\\/\\\/www.strassenweb.de\\\/nachrichten\\\/unsere-innenredakteure-dekorieren-im-jahr-2025-nicht-mit-diesen-drei-spaltenden-farben-hier-ist-der-grund-dafuer\\\/#primaryimage\",\"url\":\"https:\\\/\\\/www.strassenweb.de\\\/nachrichten\\\/wp-content\\\/uploads\\\/2025\\\/01\\\/Unsere-Innenredakteure-dekorieren-im-Jahr-2025-nicht-mit-diesen-drei.jpg\",\"contentUrl\":\"https:\\\/\\\/www.strassenweb.de\\\/nachrichten\\\/wp-content\\\/uploads\\\/2025\\\/01\\\/Unsere-Innenredakteure-dekorieren-im-Jahr-2025-nicht-mit-diesen-drei.jpg\",\"width\":1200,\"height\":675,\"caption\":\"Unsere Innenredakteure dekorieren im Jahr 2025 nicht mit diesen drei spaltenden Farben \u2013 hier ist der Grund daf\u00fcr\"},{\"@type\":\"BreadcrumbList\",\"@id\":\"https:\\\/\\\/www.strassenweb.de\\\/nachrichten\\\/unsere-innenredakteure-dekorieren-im-jahr-2025-nicht-mit-diesen-drei-spaltenden-farben-hier-ist-der-grund-dafuer\\\/#breadcrumb\",\"itemListElement\":[{\"@type\":\"ListItem\",\"position\":1,\"name\":\"Home\",\"item\":\"https:\\\/\\\/www.strassenweb.de\\\/nachrichten\\\/\"},{\"@type\":\"ListItem\",\"position\":2,\"name\":\"Unsere Innenredakteure dekorieren im Jahr 2025 nicht mit diesen drei spaltenden Farben \u2013 hier ist der Grund daf\u00fcr\"}]},{\"@type\":\"WebSite\",\"@id\":\"https:\\\/\\\/www.strassenweb.de\\\/nachrichten\\\/#website\",\"url\":\"https:\\\/\\\/www.strassenweb.de\\\/nachrichten\\\/\",\"name\":\"Stra\u00dfenweb\",\"description\":\"Stra\u00dfenverzeichnis f\u00fcr Deutschland\",\"publisher\":{\"@id\":\"https:\\\/\\\/www.strassenweb.de\\\/nachrichten\\\/#organization\"},\"potentialAction\":[{\"@type\":\"SearchAction\",\"target\":{\"@type\":\"EntryPoint\",\"urlTemplate\":\"https:\\\/\\\/www.strassenweb.de\\\/nachrichten\\\/?s={search_term_string}\"},\"query-input\":{\"@type\":\"PropertyValueSpecification\",\"valueRequired\":true,\"valueName\":\"search_term_string\"}}],\"inLanguage\":\"de\"},{\"@type\":\"Organization\",\"@id\":\"https:\\\/\\\/www.strassenweb.de\\\/nachrichten\\\/#organization\",\"name\":\"Stra\u00dfenweb\",\"url\":\"https:\\\/\\\/www.strassenweb.de\\\/nachrichten\\\/\",\"logo\":{\"@type\":\"ImageObject\",\"inLanguage\":\"de\",\"@id\":\"https:\\\/\\\/www.strassenweb.de\\\/nachrichten\\\/#\\\/schema\\\/logo\\\/image\\\/\",\"url\":\"https:\\\/\\\/www.strassenweb.de\\\/nachrichten\\\/wp-content\\\/uploads\\\/2024\\\/09\\\/cropped-favicon.png\",\"contentUrl\":\"https:\\\/\\\/www.strassenweb.de\\\/nachrichten\\\/wp-content\\\/uploads\\\/2024\\\/09\\\/cropped-favicon.png\",\"width\":512,\"height\":512,\"caption\":\"Stra\u00dfenweb\"},\"image\":{\"@id\":\"https:\\\/\\\/www.strassenweb.de\\\/nachrichten\\\/#\\\/schema\\\/logo\\\/image\\\/\"},\"sameAs\":[\"https:\\\/\\\/www.facebook.com\\\/strassenweb\\\/\"]},{\"@type\":\"Person\",\"@id\":\"https:\\\/\\\/www.strassenweb.de\\\/nachrichten\\\/#\\\/schema\\\/person\\\/87c9c9067f1211da429a744dc5a5aa41\",\"name\":\"Robert Hoffmann\",\"image\":{\"@type\":\"ImageObject\",\"inLanguage\":\"de\",\"@id\":\"https:\\\/\\\/www.strassenweb.de\\\/nachrichten\\\/wp-content\\\/uploads\\\/2024\\\/09\\\/strassenweb-150x150.jpg\",\"url\":\"https:\\\/\\\/www.strassenweb.de\\\/nachrichten\\\/wp-content\\\/uploads\\\/2024\\\/09\\\/strassenweb-150x150.jpg\",\"contentUrl\":\"https:\\\/\\\/www.strassenweb.de\\\/nachrichten\\\/wp-content\\\/uploads\\\/2024\\\/09\\\/strassenweb-150x150.jpg\",\"caption\":\"Robert Hoffmann\"},\"description\":\"Ich hei\u00dfe Robert Hoffmann und ich bin ein leidenschaftlicher Verfechter von \u00d6kologie und Biodiversit\u00e4t. Seit meiner Kindheit in den W\u00e4ldern Bayerns f\u00fchle ich mich mit der Natur verbunden und bin entschlossen, sie zu sch\u00fctzen. Heute widme ich mein Leben der Sensibilisierung anderer f\u00fcr die Bedeutung des Umweltschutzes f\u00fcr zuk\u00fcnftige Generationen.\",\"sameAs\":[\"https:\\\/\\\/www.strassenweb.de\\\/\"]}]}<\/script>\n<!-- \/ Yoast SEO plugin. -->","yoast_head_json":{"title":"Unsere Innenredakteure dekorieren im Jahr 2025 nicht mit diesen drei spaltenden Farben \u2013 hier ist der Grund daf\u00fcr - Nachrichten - Stra\u00dfenweb","robots":{"index":"index","follow":"follow","max-snippet":"max-snippet:-1","max-image-preview":"max-image-preview:large","max-video-preview":"max-video-preview:-1"},"canonical":"https:\/\/www.strassenweb.de\/nachrichten\/unsere-innenredakteure-dekorieren-im-jahr-2025-nicht-mit-diesen-drei-spaltenden-farben-hier-ist-der-grund-dafuer\/","og_locale":"de_DE","og_type":"article","og_title":"Unsere Innenredakteure dekorieren im Jahr 2025 nicht mit diesen drei spaltenden Farben \u2013 hier ist der Grund daf\u00fcr - Nachrichten - Stra\u00dfenweb","og_description":"Die neuesten Farbtrends sind eine tolle Inspirationsquelle bei der Wahl der Raumfarbgestaltung, aber nicht jeder Trendton ist f\u00fcr jeden geeignet. W\u00e4hrend einige neutrale Farbschemata bevorzugen","og_url":"https:\/\/www.strassenweb.de\/nachrichten\/unsere-innenredakteure-dekorieren-im-jahr-2025-nicht-mit-diesen-drei-spaltenden-farben-hier-ist-der-grund-dafuer\/","og_site_name":"Stra\u00dfenweb","article_publisher":"https:\/\/www.facebook.com\/strassenweb\/","article_published_time":"2025-01-17T02:39:40+00:00","article_modified_time":"2025-01-17T02:39:41+00:00","og_image":[{"width":1200,"height":675,"url":"https:\/\/www.strassenweb.de\/nachrichten\/wp-content\/uploads\/2025\/01\/Unsere-Innenredakteure-dekorieren-im-Jahr-2025-nicht-mit-diesen-drei.jpg","type":"image\/jpeg"}],"author":"Robert Hoffmann","twitter_card":"summary_large_image","twitter_misc":{"Verfasst von":"Robert Hoffmann","Gesch\u00e4tzte Lesezeit":"4\u00a0Minuten"},"schema":{"@context":"https:\/\/schema.org","@graph":[{"@type":"Article","@id":"https:\/\/www.strassenweb.de\/nachrichten\/unsere-innenredakteure-dekorieren-im-jahr-2025-nicht-mit-diesen-drei-spaltenden-farben-hier-ist-der-grund-dafuer\/#article","isPartOf":{"@id":"https:\/\/www.strassenweb.de\/nachrichten\/unsere-innenredakteure-dekorieren-im-jahr-2025-nicht-mit-diesen-drei-spaltenden-farben-hier-ist-der-grund-dafuer\/"},"author":{"name":"Robert Hoffmann","@id":"https:\/\/www.strassenweb.de\/nachrichten\/#\/schema\/person\/87c9c9067f1211da429a744dc5a5aa41"},"headline":"Unsere Innenredakteure dekorieren im Jahr 2025 nicht mit diesen drei spaltenden Farben \u2013 hier ist der Grund daf\u00fcr","datePublished":"2025-01-17T02:39:40+00:00","dateModified":"2025-01-17T02:39:41+00:00","mainEntityOfPage":{"@id":"https:\/\/www.strassenweb.de\/nachrichten\/unsere-innenredakteure-dekorieren-im-jahr-2025-nicht-mit-diesen-drei-spaltenden-farben-hier-ist-der-grund-dafuer\/"},"wordCount":883,"publisher":{"@id":"https:\/\/www.strassenweb.de\/nachrichten\/#organization"},"image":{"@id":"https:\/\/www.strassenweb.de\/nachrichten\/unsere-innenredakteure-dekorieren-im-jahr-2025-nicht-mit-diesen-drei-spaltenden-farben-hier-ist-der-grund-dafuer\/#primaryimage"},"thumbnailUrl":"https:\/\/www.strassenweb.de\/nachrichten\/wp-content\/uploads\/2025\/01\/Unsere-Innenredakteure-dekorieren-im-Jahr-2025-nicht-mit-diesen-drei.jpg","keywords":["daf\u00fcr","dekorieren","der","diesen","drei","Farben","Grund","hier","Innenredakteure","ist","Jahr","mit","nicht","spaltenden","Unsere"],"articleSection":["Haus &amp; Garten"],"inLanguage":"de"},{"@type":"WebPage","@id":"https:\/\/www.strassenweb.de\/nachrichten\/unsere-innenredakteure-dekorieren-im-jahr-2025-nicht-mit-diesen-drei-spaltenden-farben-hier-ist-der-grund-dafuer\/","url":"https:\/\/www.strassenweb.de\/nachrichten\/unsere-innenredakteure-dekorieren-im-jahr-2025-nicht-mit-diesen-drei-spaltenden-farben-hier-ist-der-grund-dafuer\/","name":"Unsere Innenredakteure dekorieren im Jahr 2025 nicht mit diesen drei spaltenden Farben \u2013 hier ist der Grund daf\u00fcr - Nachrichten - Stra\u00dfenweb","isPartOf":{"@id":"https:\/\/www.strassenweb.de\/nachrichten\/#website"},"primaryImageOfPage":{"@id":"https:\/\/www.strassenweb.de\/nachrichten\/unsere-innenredakteure-dekorieren-im-jahr-2025-nicht-mit-diesen-drei-spaltenden-farben-hier-ist-der-grund-dafuer\/#primaryimage"},"image":{"@id":"https:\/\/www.strassenweb.de\/nachrichten\/unsere-innenredakteure-dekorieren-im-jahr-2025-nicht-mit-diesen-drei-spaltenden-farben-hier-ist-der-grund-dafuer\/#primaryimage"},"thumbnailUrl":"https:\/\/www.strassenweb.de\/nachrichten\/wp-content\/uploads\/2025\/01\/Unsere-Innenredakteure-dekorieren-im-Jahr-2025-nicht-mit-diesen-drei.jpg","datePublished":"2025-01-17T02:39:40+00:00","dateModified":"2025-01-17T02:39:41+00:00","breadcrumb":{"@id":"https:\/\/www.strassenweb.de\/nachrichten\/unsere-innenredakteure-dekorieren-im-jahr-2025-nicht-mit-diesen-drei-spaltenden-farben-hier-ist-der-grund-dafuer\/#breadcrumb"},"inLanguage":"de","potentialAction":[{"@type":"ReadAction","target":["https:\/\/www.strassenweb.de\/nachrichten\/unsere-innenredakteure-dekorieren-im-jahr-2025-nicht-mit-diesen-drei-spaltenden-farben-hier-ist-der-grund-dafuer\/"]}]},{"@type":"ImageObject","inLanguage":"de","@id":"https:\/\/www.strassenweb.de\/nachrichten\/unsere-innenredakteure-dekorieren-im-jahr-2025-nicht-mit-diesen-drei-spaltenden-farben-hier-ist-der-grund-dafuer\/#primaryimage","url":"https:\/\/www.strassenweb.de\/nachrichten\/wp-content\/uploads\/2025\/01\/Unsere-Innenredakteure-dekorieren-im-Jahr-2025-nicht-mit-diesen-drei.jpg","contentUrl":"https:\/\/www.strassenweb.de\/nachrichten\/wp-content\/uploads\/2025\/01\/Unsere-Innenredakteure-dekorieren-im-Jahr-2025-nicht-mit-diesen-drei.jpg","width":1200,"height":675,"caption":"Unsere Innenredakteure dekorieren im Jahr 2025 nicht mit diesen drei spaltenden Farben \u2013 hier ist der Grund daf\u00fcr"},{"@type":"BreadcrumbList","@id":"https:\/\/www.strassenweb.de\/nachrichten\/unsere-innenredakteure-dekorieren-im-jahr-2025-nicht-mit-diesen-drei-spaltenden-farben-hier-ist-der-grund-dafuer\/#breadcrumb","itemListElement":[{"@type":"ListItem","position":1,"name":"Home","item":"https:\/\/www.strassenweb.de\/nachrichten\/"},{"@type":"ListItem","position":2,"name":"Unsere Innenredakteure dekorieren im Jahr 2025 nicht mit diesen drei spaltenden Farben \u2013 hier ist der Grund daf\u00fcr"}]},{"@type":"WebSite","@id":"https:\/\/www.strassenweb.de\/nachrichten\/#website","url":"https:\/\/www.strassenweb.de\/nachrichten\/","name":"Stra\u00dfenweb","description":"Stra\u00dfenverzeichnis f\u00fcr Deutschland","publisher":{"@id":"https:\/\/www.strassenweb.de\/nachrichten\/#organization"},"potentialAction":[{"@type":"SearchAction","target":{"@type":"EntryPoint","urlTemplate":"https:\/\/www.strassenweb.de\/nachrichten\/?s={search_term_string}"},"query-input":{"@type":"PropertyValueSpecification","valueRequired":true,"valueName":"search_term_string"}}],"inLanguage":"de"},{"@type":"Organization","@id":"https:\/\/www.strassenweb.de\/nachrichten\/#organization","name":"Stra\u00dfenweb","url":"https:\/\/www.strassenweb.de\/nachrichten\/","logo":{"@type":"ImageObject","inLanguage":"de","@id":"https:\/\/www.strassenweb.de\/nachrichten\/#\/schema\/logo\/image\/","url":"https:\/\/www.strassenweb.de\/nachrichten\/wp-content\/uploads\/2024\/09\/cropped-favicon.png","contentUrl":"https:\/\/www.strassenweb.de\/nachrichten\/wp-content\/uploads\/2024\/09\/cropped-favicon.png","width":512,"height":512,"caption":"Stra\u00dfenweb"},"image":{"@id":"https:\/\/www.strassenweb.de\/nachrichten\/#\/schema\/logo\/image\/"},"sameAs":["https:\/\/www.facebook.com\/strassenweb\/"]},{"@type":"Person","@id":"https:\/\/www.strassenweb.de\/nachrichten\/#\/schema\/person\/87c9c9067f1211da429a744dc5a5aa41","name":"Robert Hoffmann","image":{"@type":"ImageObject","inLanguage":"de","@id":"https:\/\/www.strassenweb.de\/nachrichten\/wp-content\/uploads\/2024\/09\/strassenweb-150x150.jpg","url":"https:\/\/www.strassenweb.de\/nachrichten\/wp-content\/uploads\/2024\/09\/strassenweb-150x150.jpg","contentUrl":"https:\/\/www.strassenweb.de\/nachrichten\/wp-content\/uploads\/2024\/09\/strassenweb-150x150.jpg","caption":"Robert Hoffmann"},"description":"Ich hei\u00dfe Robert Hoffmann und ich bin ein leidenschaftlicher Verfechter von \u00d6kologie und Biodiversit\u00e4t. Seit meiner Kindheit in den W\u00e4ldern Bayerns f\u00fchle ich mich mit der Natur verbunden und bin entschlossen, sie zu sch\u00fctzen. Heute widme ich mein Leben der Sensibilisierung anderer f\u00fcr die Bedeutung des Umweltschutzes f\u00fcr zuk\u00fcnftige Generationen.","sameAs":["https:\/\/www.strassenweb.de\/"]}]}},"_links":{"self":[{"href":"https:\/\/www.strassenweb.de\/nachrichten\/wp-json\/wp\/v2\/posts\/2760","targetHints":{"allow":["GET"]}}],"collection":[{"href":"https:\/\/www.strassenweb.de\/nachrichten\/wp-json\/wp\/v2\/posts"}],"about":[{"href":"https:\/\/www.strassenweb.de\/nachrichten\/wp-json\/wp\/v2\/types\/post"}],"author":[{"embeddable":true,"href":"https:\/\/www.strassenweb.de\/nachrichten\/wp-json\/wp\/v2\/users\/1"}],"replies":[{"embeddable":true,"href":"https:\/\/www.strassenweb.de\/nachrichten\/wp-json\/wp\/v2\/comments?post=2760"}],"version-history":[{"count":0,"href":"https:\/\/www.strassenweb.de\/nachrichten\/wp-json\/wp\/v2\/posts\/2760\/revisions"}],"wp:featuredmedia":[{"embeddable":true,"href":"https:\/\/www.strassenweb.de\/nachrichten\/wp-json\/wp\/v2\/media\/2761"}],"wp:attachment":[{"href":"https:\/\/www.strassenweb.de\/nachrichten\/wp-json\/wp\/v2\/media?parent=2760"}],"wp:term":[{"taxonomy":"category","embeddable":true,"href":"https:\/\/www.strassenweb.de\/nachrichten\/wp-json\/wp\/v2\/categories?post=2760"},{"taxonomy":"post_tag","embeddable":true,"href":"https:\/\/www.strassenweb.de\/nachrichten\/wp-json\/wp\/v2\/tags?post=2760"}],"curies":[{"name":"wp","href":"https:\/\/api.w.org\/{rel}","templated":true}]}}