{"id":2754,"date":"2025-01-16T19:50:17","date_gmt":"2025-01-16T18:50:17","guid":{"rendered":"https:\/\/www.strassenweb.de\/nachrichten\/spueren-sie-die-kaelte-hvac-profis-verraten-ob-sie-im-winter-die-lueftungsschlitze-ihrer-fenster-schliessen-sollten\/"},"modified":"2025-01-16T19:50:19","modified_gmt":"2025-01-16T18:50:19","slug":"spueren-sie-die-kaelte-hvac-profis-verraten-ob-sie-im-winter-die-lueftungsschlitze-ihrer-fenster-schliessen-sollten","status":"publish","type":"post","link":"https:\/\/www.strassenweb.de\/nachrichten\/spueren-sie-die-kaelte-hvac-profis-verraten-ob-sie-im-winter-die-lueftungsschlitze-ihrer-fenster-schliessen-sollten\/","title":{"rendered":"Sp\u00fcren Sie die K\u00e4lte? HVAC-Profis verraten, ob Sie im Winter die L\u00fcftungsschlitze Ihrer Fenster schlie\u00dfen sollten"},"content":{"rendered":"<p><\/p>\n<div id=\"article-body\" class=\"article__body \">\n<p>Der Januar ist in vollem Gange, das k\u00e4ltere Wetter hat tats\u00e4chlich eingesetzt und Frost, Graupel und Schnee sind an der Tagesordnung.<\/p>\n<div id=\"ad-unit-1\" class=\"ad-unit\"><\/div>\n<p>In den meisten F\u00e4llen spiegelt sich dieser Temperaturabfall auch in Ihrem Zuhause wider, unabh\u00e4ngig von den Heizungs- und Zugluftschutzma\u00dfnahmen, die Sie m\u00f6glicherweise getroffen haben.<\/p>\n<aside class=\"hawk-nest\" data-block-type=\"embed\" data-render-type=\"fte\" data-skip=\"dealsy\" data-widget-type=\"seasonal\">\n<div class=\"hawk-master-widget-hawk-base-wrapper\"><\/div>\n<\/aside>\n<p>Sollten Sie also im Winter die L\u00fcftungsschlitze Ihrer Fenster schlie\u00dfen, um es gem\u00fctlicher zu haben? Hier erkl\u00e4ren HLK-Experten, wie Sie Ihr Haus warm halten, ohne die Heizung hochzudrehen, und erkl\u00e4ren, warum es eigentlich am besten ist, die L\u00fcftungsschlitze offen zu halten.<\/p>\n<div id=\"desktop-in-article\" class=\"in-article ad-unit\">\n<div id=\"desktop-taboola-mid-article\"><\/div>\n<\/div>\n<div id=\"mobile-in-article\" class=\"in-article ad-unit\">\n<div id=\"mobile-taboola-mid-article\"><\/div>\n<\/div>\n<h2 id=\"should-you-close-your-window-s-trickle-vents-in-winter-3\">Sollten Sie im Winter die L\u00fcftungsschlitze Ihrer Fenster schlie\u00dfen?<\/h2>\n<p>Kurz gesagt, nein.<\/p>\n<div class=\"van_vid_carousel\">\n<div class=\"van_vid_carousel__padding\">\n<div class=\"van_vid_carousel__container\"><\/div>\n<\/div>\n<\/div>\n<p>W\u00e4hrend es im Winter eines der wichtigsten Dinge, ein Zuhause den ganzen Tag \u00fcber warm zu halten, darin besteht, DIY-Tipps zum Schutz vor Zugluft zu verwenden, um die W\u00e4rme drinnen zu halten, \u00fcberrascht es Sie vielleicht, dass HVAC-Experten im Allgemeinen nicht empfehlen, die Fenster zu schlie\u00dfen Riesel\u00f6ffnungen.<\/p>\n<div id=\"ad-unit-2\" class=\"ad-unit\"><\/div>\n<p>Hierbei handelt es sich um kleine, in Fensterrahmen und T\u00fcren integrierte L\u00fcftungsschlitze, die h\u00e4ufig dazu dienen, Ihr Zuhause im Winter zu l\u00fcften, ohne die Energiekosten zu erh\u00f6hen.<\/p>\n<p>Kevin Goude, erfahrener HVAC-Experte und Eigent\u00fcmer bei First Choice, sagt: \u201eDas h\u00e4ngt von der Isolierung Ihres Hauses, dem HVAC-System und dem \u00f6rtlichen Klima ab, aber im Allgemeinen m\u00fcssen Sie die Heizungsanlagen nicht schlie\u00dfen.\u201c Diese L\u00fcftungsschlitze tragen dazu bei, die Luftzirkulation aufrechtzuerhalten, die Luftfeuchtigkeit in Ihrem Zuhause zu reduzieren und Schimmelbildung vorzubeugen, selbst im Winter. Das Schlie\u00dfen der Fenster kann zu verbrauchter Luft und Kondenswasserbildung in den Fenstern f\u00fchren, was sich negativ auf Ihr Zuhause und Ihre Gesundheit auswirken kann.\u201c<\/p>\n<p>Josh Mitchell, HVAC-Techniker bei AirConditionerLab, weist au\u00dferdem darauf hin, dass Schadstoffe und Allergene ohne frische Luft nicht entweichen k\u00f6nnen, \u201ewas die Luftqualit\u00e4tsprobleme f\u00fcr alle verschlimmern k\u00f6nnte, insbesondere f\u00fcr Menschen mit Atemwegserkrankungen\u201c. Das bedeutet, dass das Schlie\u00dfen der L\u00fcftungsschlitze Ihres Fensters ein Fehler ist, der die Luftqualit\u00e4t in Ihrem Zuhause beeintr\u00e4chtigt und den man am besten vermeiden sollte.<\/p>\n<p>Mitchell und Goude sind sich zwar beide dar\u00fcber im Klaren, dass ein minimaler Warmluftverlust und ein leichter Anstieg des Au\u00dfenl\u00e4rms potenzielle Nachteile darstellen, diese k\u00f6nnen jedoch leicht \u00fcberwunden werden. \u201eDer W\u00e4rmeverlust kann durch energieeffiziente L\u00f6sungen wie Raumheizger\u00e4te (wie den Dreo Space Heater for Inside, erh\u00e4ltlich bei Walmart) gemildert werden, und es gibt moderne L\u00fcftungsschlitze mit einem hohen Grad an Schalld\u00e4mmung, wie den SF Xtra Sound Attenuator (Acoustic). \u201eEntl\u00fcftung bei Titon erh\u00e4ltlich\u201c, empfiehlt Goude.<\/p>\n<div class=\"product-container hero-product-container\"><\/div>\n<p>Um den gr\u00f6\u00dftm\u00f6glichen Nutzen aus den L\u00fcftungsschlitzen Ihres Fensters zu ziehen, empfiehlt Goude, diese in verschiedenen R\u00e4umen unterschiedlich zu verwenden.<\/p>\n<p>\u201eHalten Sie Bereiche mit hoher Luftfeuchtigkeit, wie Keller, K\u00fcche und Badezimmer, vollst\u00e4ndig offen.\u201c F\u00fcr alle anderen R\u00e4ume, wie Wohnzimmer, Esszimmer und Schlafzimmer, verwenden Sie den teilweise offenen Modus.<\/p>\n<p>\u201eUnd r\u00fcsten Sie die L\u00fcftungsschlitze auf, indem Sie passgenaue Aktivkohlefilter verwenden, wie zum Beispiel den Breathe Naturally Universal Cut To Fit Aktivkohle-Luftfilter, der bei Amazon erh\u00e4ltlich ist \u2013 sie k\u00f6nnen so zugeschnitten werden, dass sie auf verschiedene L\u00fcftungsgr\u00f6\u00dfen passen, einschlie\u00dflich Riesell\u00fcftungs\u00f6ffnungen.\u201c &#8218;<\/p>\n<p>Wenn sich in Ihrem Zuhause viel Kondenswasser bildet, k\u00f6nnen Sie durch das \u00d6ffnen der Fenster im Winter die Kondenswasserbildung reduzieren und die Luftzirkulation in Ihrem Zuhause ausgleichen, selbst in den k\u00e4lteren Monaten.<\/p>\n<p>Wenn Sie sich nicht sicher sind, wie oft Sie im Winter die Fenster \u00f6ffnen sollten, variiert dies je nach Wetterlage, aber im Allgemeinen reichen nicht mehr als ein paar Minuten aus, um die Bel\u00fcftung in Ihrem Zuhause zu verbessern und Gewohnheiten zu vermeiden, die die Luft erh\u00f6hen Schimmelgefahr.<\/p>\n<div class=\"product-container hero-product-container product-block-no-wrap\"><\/div>\n<hr>\n<p>\u201eAuch wenn es sich anf\u00fchlt, als w\u00fcrde man kalte Luft hereinlassen, ist der Luftstrom aus den offenen L\u00fcftungsschlitzen minimal, aber unerl\u00e4sslich\u201c, sagt HVAC-Techniker Mitchell. \u201eEs hilft, die Luft in Ihrem Zuhause sauber und gesund zu halten, was in den k\u00e4lteren Monaten immer ein Pluspunkt ist.\u201c Wenn Sie bef\u00fcrchten, W\u00e4rme zu verlieren, konzentrieren Sie sich auf andere M\u00f6glichkeiten, Ihr Zuhause warm zu halten, z. B. die Verwendung von Zugluftstoppern (wie den bei Amazon erh\u00e4ltlichen HomeProtect Door Draft Stopper) oder die Verbesserung der Isolierung, ohne die gute Luftzirkulation zu beeintr\u00e4chtigen.<\/p>\n<p>Soll ich im Winter bei ge\u00f6ffnetem Fenster schlafen? Auch wenn es vielleicht nicht wie eine attraktive Option erscheint, gibt es eine ganze Reihe gesundheitlicher Vorteile, erkl\u00e4ren Experten.<\/p>\n<\/div>\n","protected":false},"excerpt":{"rendered":"<p>Der Januar ist in vollem Gange, das k\u00e4ltere Wetter hat tats\u00e4chlich eingesetzt und Frost, Graupel und Schnee sind an der Tagesordnung. In den meisten F\u00e4llen<\/p>\n","protected":false},"author":1,"featured_media":2755,"comment_status":"closed","ping_status":"","sticky":false,"template":"","format":"standard","meta":{"footnotes":""},"categories":[118],"tags":[9,428,2756,11,431,4493,4494,165,560,4492,352,204],"class_list":["post-2754","post","type-post","status-publish","format-standard","has-post-thumbnail","hentry","category-haus-garten","tag-die","tag-fenster","tag-hvacprofis","tag-ihrer","tag-kaelte","tag-lueftungsschlitze","tag-schliessen","tag-sie","tag-sollten","tag-spueren","tag-verraten","tag-winter","generate-columns","tablet-grid-50","mobile-grid-100","grid-parent","grid-50"],"yoast_head":"<!-- This site is optimized with the Yoast SEO plugin v27.3 - https:\/\/yoast.com\/product\/yoast-seo-wordpress\/ -->\n<title>Sp\u00fcren Sie die K\u00e4lte? HVAC-Profis verraten, ob Sie im Winter die L\u00fcftungsschlitze Ihrer Fenster schlie\u00dfen sollten - Nachrichten - Stra\u00dfenweb<\/title>\n<meta name=\"robots\" content=\"index, follow, max-snippet:-1, max-image-preview:large, max-video-preview:-1\" \/>\n<link rel=\"canonical\" href=\"https:\/\/www.strassenweb.de\/nachrichten\/spueren-sie-die-kaelte-hvac-profis-verraten-ob-sie-im-winter-die-lueftungsschlitze-ihrer-fenster-schliessen-sollten\/\" \/>\n<meta property=\"og:locale\" content=\"de_DE\" \/>\n<meta property=\"og:type\" content=\"article\" \/>\n<meta property=\"og:title\" content=\"Sp\u00fcren Sie die K\u00e4lte? HVAC-Profis verraten, ob Sie im Winter die L\u00fcftungsschlitze Ihrer Fenster schlie\u00dfen sollten - Nachrichten - Stra\u00dfenweb\" \/>\n<meta property=\"og:description\" content=\"Der Januar ist in vollem Gange, das k\u00e4ltere Wetter hat tats\u00e4chlich eingesetzt und Frost, Graupel und Schnee sind an der Tagesordnung. In den meisten F\u00e4llen\" \/>\n<meta property=\"og:url\" content=\"https:\/\/www.strassenweb.de\/nachrichten\/spueren-sie-die-kaelte-hvac-profis-verraten-ob-sie-im-winter-die-lueftungsschlitze-ihrer-fenster-schliessen-sollten\/\" \/>\n<meta property=\"og:site_name\" content=\"Stra\u00dfenweb\" \/>\n<meta property=\"article:publisher\" content=\"https:\/\/www.facebook.com\/strassenweb\/\" \/>\n<meta property=\"article:published_time\" content=\"2025-01-16T18:50:17+00:00\" \/>\n<meta property=\"article:modified_time\" content=\"2025-01-16T18:50:19+00:00\" \/>\n<meta property=\"og:image\" content=\"https:\/\/www.strassenweb.de\/nachrichten\/wp-content\/uploads\/2025\/01\/Spueren-Sie-die-Kaelte-HVAC-Profis-verraten-ob-Sie-im-Winter.jpg\" \/>\n\t<meta property=\"og:image:width\" content=\"1200\" \/>\n\t<meta property=\"og:image:height\" content=\"675\" \/>\n\t<meta property=\"og:image:type\" content=\"image\/jpeg\" \/>\n<meta name=\"author\" content=\"Robert Hoffmann\" \/>\n<meta name=\"twitter:card\" content=\"summary_large_image\" \/>\n<meta name=\"twitter:label1\" content=\"Verfasst von\" \/>\n\t<meta name=\"twitter:data1\" content=\"Robert Hoffmann\" \/>\n\t<meta name=\"twitter:label2\" content=\"Gesch\u00e4tzte Lesezeit\" \/>\n\t<meta name=\"twitter:data2\" content=\"4\u00a0Minuten\" \/>\n<script type=\"application\/ld+json\" class=\"yoast-schema-graph\">{\"@context\":\"https:\\\/\\\/schema.org\",\"@graph\":[{\"@type\":\"Article\",\"@id\":\"https:\\\/\\\/www.strassenweb.de\\\/nachrichten\\\/spueren-sie-die-kaelte-hvac-profis-verraten-ob-sie-im-winter-die-lueftungsschlitze-ihrer-fenster-schliessen-sollten\\\/#article\",\"isPartOf\":{\"@id\":\"https:\\\/\\\/www.strassenweb.de\\\/nachrichten\\\/spueren-sie-die-kaelte-hvac-profis-verraten-ob-sie-im-winter-die-lueftungsschlitze-ihrer-fenster-schliessen-sollten\\\/\"},\"author\":{\"name\":\"Robert Hoffmann\",\"@id\":\"https:\\\/\\\/www.strassenweb.de\\\/nachrichten\\\/#\\\/schema\\\/person\\\/87c9c9067f1211da429a744dc5a5aa41\"},\"headline\":\"Sp\u00fcren Sie die K\u00e4lte? HVAC-Profis verraten, ob Sie im Winter die L\u00fcftungsschlitze Ihrer Fenster schlie\u00dfen sollten\",\"datePublished\":\"2025-01-16T18:50:17+00:00\",\"dateModified\":\"2025-01-16T18:50:19+00:00\",\"mainEntityOfPage\":{\"@id\":\"https:\\\/\\\/www.strassenweb.de\\\/nachrichten\\\/spueren-sie-die-kaelte-hvac-profis-verraten-ob-sie-im-winter-die-lueftungsschlitze-ihrer-fenster-schliessen-sollten\\\/\"},\"wordCount\":769,\"publisher\":{\"@id\":\"https:\\\/\\\/www.strassenweb.de\\\/nachrichten\\\/#organization\"},\"image\":{\"@id\":\"https:\\\/\\\/www.strassenweb.de\\\/nachrichten\\\/spueren-sie-die-kaelte-hvac-profis-verraten-ob-sie-im-winter-die-lueftungsschlitze-ihrer-fenster-schliessen-sollten\\\/#primaryimage\"},\"thumbnailUrl\":\"https:\\\/\\\/www.strassenweb.de\\\/nachrichten\\\/wp-content\\\/uploads\\\/2025\\\/01\\\/Spueren-Sie-die-Kaelte-HVAC-Profis-verraten-ob-Sie-im-Winter.jpg\",\"keywords\":[\"die\",\"Fenster\",\"HVACProfis\",\"ihrer\",\"K\u00e4lte\",\"L\u00fcftungsschlitze\",\"schlie\u00dfen\",\"Sie\",\"sollten\",\"Sp\u00fcren\",\"verraten\",\"Winter\"],\"articleSection\":[\"Haus &amp; Garten\"],\"inLanguage\":\"de\"},{\"@type\":\"WebPage\",\"@id\":\"https:\\\/\\\/www.strassenweb.de\\\/nachrichten\\\/spueren-sie-die-kaelte-hvac-profis-verraten-ob-sie-im-winter-die-lueftungsschlitze-ihrer-fenster-schliessen-sollten\\\/\",\"url\":\"https:\\\/\\\/www.strassenweb.de\\\/nachrichten\\\/spueren-sie-die-kaelte-hvac-profis-verraten-ob-sie-im-winter-die-lueftungsschlitze-ihrer-fenster-schliessen-sollten\\\/\",\"name\":\"Sp\u00fcren Sie die K\u00e4lte? HVAC-Profis verraten, ob Sie im Winter die L\u00fcftungsschlitze Ihrer Fenster schlie\u00dfen sollten - Nachrichten - Stra\u00dfenweb\",\"isPartOf\":{\"@id\":\"https:\\\/\\\/www.strassenweb.de\\\/nachrichten\\\/#website\"},\"primaryImageOfPage\":{\"@id\":\"https:\\\/\\\/www.strassenweb.de\\\/nachrichten\\\/spueren-sie-die-kaelte-hvac-profis-verraten-ob-sie-im-winter-die-lueftungsschlitze-ihrer-fenster-schliessen-sollten\\\/#primaryimage\"},\"image\":{\"@id\":\"https:\\\/\\\/www.strassenweb.de\\\/nachrichten\\\/spueren-sie-die-kaelte-hvac-profis-verraten-ob-sie-im-winter-die-lueftungsschlitze-ihrer-fenster-schliessen-sollten\\\/#primaryimage\"},\"thumbnailUrl\":\"https:\\\/\\\/www.strassenweb.de\\\/nachrichten\\\/wp-content\\\/uploads\\\/2025\\\/01\\\/Spueren-Sie-die-Kaelte-HVAC-Profis-verraten-ob-Sie-im-Winter.jpg\",\"datePublished\":\"2025-01-16T18:50:17+00:00\",\"dateModified\":\"2025-01-16T18:50:19+00:00\",\"breadcrumb\":{\"@id\":\"https:\\\/\\\/www.strassenweb.de\\\/nachrichten\\\/spueren-sie-die-kaelte-hvac-profis-verraten-ob-sie-im-winter-die-lueftungsschlitze-ihrer-fenster-schliessen-sollten\\\/#breadcrumb\"},\"inLanguage\":\"de\",\"potentialAction\":[{\"@type\":\"ReadAction\",\"target\":[\"https:\\\/\\\/www.strassenweb.de\\\/nachrichten\\\/spueren-sie-die-kaelte-hvac-profis-verraten-ob-sie-im-winter-die-lueftungsschlitze-ihrer-fenster-schliessen-sollten\\\/\"]}]},{\"@type\":\"ImageObject\",\"inLanguage\":\"de\",\"@id\":\"https:\\\/\\\/www.strassenweb.de\\\/nachrichten\\\/spueren-sie-die-kaelte-hvac-profis-verraten-ob-sie-im-winter-die-lueftungsschlitze-ihrer-fenster-schliessen-sollten\\\/#primaryimage\",\"url\":\"https:\\\/\\\/www.strassenweb.de\\\/nachrichten\\\/wp-content\\\/uploads\\\/2025\\\/01\\\/Spueren-Sie-die-Kaelte-HVAC-Profis-verraten-ob-Sie-im-Winter.jpg\",\"contentUrl\":\"https:\\\/\\\/www.strassenweb.de\\\/nachrichten\\\/wp-content\\\/uploads\\\/2025\\\/01\\\/Spueren-Sie-die-Kaelte-HVAC-Profis-verraten-ob-Sie-im-Winter.jpg\",\"width\":1200,\"height\":675,\"caption\":\"Sp\u00fcren Sie die K\u00e4lte? HVAC-Profis verraten, ob Sie im Winter die L\u00fcftungsschlitze Ihrer Fenster schlie\u00dfen sollten\"},{\"@type\":\"BreadcrumbList\",\"@id\":\"https:\\\/\\\/www.strassenweb.de\\\/nachrichten\\\/spueren-sie-die-kaelte-hvac-profis-verraten-ob-sie-im-winter-die-lueftungsschlitze-ihrer-fenster-schliessen-sollten\\\/#breadcrumb\",\"itemListElement\":[{\"@type\":\"ListItem\",\"position\":1,\"name\":\"Home\",\"item\":\"https:\\\/\\\/www.strassenweb.de\\\/nachrichten\\\/\"},{\"@type\":\"ListItem\",\"position\":2,\"name\":\"Sp\u00fcren Sie die K\u00e4lte? HVAC-Profis verraten, ob Sie im Winter die L\u00fcftungsschlitze Ihrer Fenster schlie\u00dfen sollten\"}]},{\"@type\":\"WebSite\",\"@id\":\"https:\\\/\\\/www.strassenweb.de\\\/nachrichten\\\/#website\",\"url\":\"https:\\\/\\\/www.strassenweb.de\\\/nachrichten\\\/\",\"name\":\"Stra\u00dfenweb\",\"description\":\"Stra\u00dfenverzeichnis f\u00fcr Deutschland\",\"publisher\":{\"@id\":\"https:\\\/\\\/www.strassenweb.de\\\/nachrichten\\\/#organization\"},\"potentialAction\":[{\"@type\":\"SearchAction\",\"target\":{\"@type\":\"EntryPoint\",\"urlTemplate\":\"https:\\\/\\\/www.strassenweb.de\\\/nachrichten\\\/?s={search_term_string}\"},\"query-input\":{\"@type\":\"PropertyValueSpecification\",\"valueRequired\":true,\"valueName\":\"search_term_string\"}}],\"inLanguage\":\"de\"},{\"@type\":\"Organization\",\"@id\":\"https:\\\/\\\/www.strassenweb.de\\\/nachrichten\\\/#organization\",\"name\":\"Stra\u00dfenweb\",\"url\":\"https:\\\/\\\/www.strassenweb.de\\\/nachrichten\\\/\",\"logo\":{\"@type\":\"ImageObject\",\"inLanguage\":\"de\",\"@id\":\"https:\\\/\\\/www.strassenweb.de\\\/nachrichten\\\/#\\\/schema\\\/logo\\\/image\\\/\",\"url\":\"https:\\\/\\\/www.strassenweb.de\\\/nachrichten\\\/wp-content\\\/uploads\\\/2024\\\/09\\\/cropped-favicon.png\",\"contentUrl\":\"https:\\\/\\\/www.strassenweb.de\\\/nachrichten\\\/wp-content\\\/uploads\\\/2024\\\/09\\\/cropped-favicon.png\",\"width\":512,\"height\":512,\"caption\":\"Stra\u00dfenweb\"},\"image\":{\"@id\":\"https:\\\/\\\/www.strassenweb.de\\\/nachrichten\\\/#\\\/schema\\\/logo\\\/image\\\/\"},\"sameAs\":[\"https:\\\/\\\/www.facebook.com\\\/strassenweb\\\/\"]},{\"@type\":\"Person\",\"@id\":\"https:\\\/\\\/www.strassenweb.de\\\/nachrichten\\\/#\\\/schema\\\/person\\\/87c9c9067f1211da429a744dc5a5aa41\",\"name\":\"Robert Hoffmann\",\"image\":{\"@type\":\"ImageObject\",\"inLanguage\":\"de\",\"@id\":\"https:\\\/\\\/www.strassenweb.de\\\/nachrichten\\\/wp-content\\\/uploads\\\/2024\\\/09\\\/strassenweb-150x150.jpg\",\"url\":\"https:\\\/\\\/www.strassenweb.de\\\/nachrichten\\\/wp-content\\\/uploads\\\/2024\\\/09\\\/strassenweb-150x150.jpg\",\"contentUrl\":\"https:\\\/\\\/www.strassenweb.de\\\/nachrichten\\\/wp-content\\\/uploads\\\/2024\\\/09\\\/strassenweb-150x150.jpg\",\"caption\":\"Robert Hoffmann\"},\"description\":\"Ich hei\u00dfe Robert Hoffmann und ich bin ein leidenschaftlicher Verfechter von \u00d6kologie und Biodiversit\u00e4t. Seit meiner Kindheit in den W\u00e4ldern Bayerns f\u00fchle ich mich mit der Natur verbunden und bin entschlossen, sie zu sch\u00fctzen. Heute widme ich mein Leben der Sensibilisierung anderer f\u00fcr die Bedeutung des Umweltschutzes f\u00fcr zuk\u00fcnftige Generationen.\",\"sameAs\":[\"https:\\\/\\\/www.strassenweb.de\\\/\"]}]}<\/script>\n<!-- \/ Yoast SEO plugin. -->","yoast_head_json":{"title":"Sp\u00fcren Sie die K\u00e4lte? HVAC-Profis verraten, ob Sie im Winter die L\u00fcftungsschlitze Ihrer Fenster schlie\u00dfen sollten - Nachrichten - Stra\u00dfenweb","robots":{"index":"index","follow":"follow","max-snippet":"max-snippet:-1","max-image-preview":"max-image-preview:large","max-video-preview":"max-video-preview:-1"},"canonical":"https:\/\/www.strassenweb.de\/nachrichten\/spueren-sie-die-kaelte-hvac-profis-verraten-ob-sie-im-winter-die-lueftungsschlitze-ihrer-fenster-schliessen-sollten\/","og_locale":"de_DE","og_type":"article","og_title":"Sp\u00fcren Sie die K\u00e4lte? HVAC-Profis verraten, ob Sie im Winter die L\u00fcftungsschlitze Ihrer Fenster schlie\u00dfen sollten - Nachrichten - Stra\u00dfenweb","og_description":"Der Januar ist in vollem Gange, das k\u00e4ltere Wetter hat tats\u00e4chlich eingesetzt und Frost, Graupel und Schnee sind an der Tagesordnung. In den meisten F\u00e4llen","og_url":"https:\/\/www.strassenweb.de\/nachrichten\/spueren-sie-die-kaelte-hvac-profis-verraten-ob-sie-im-winter-die-lueftungsschlitze-ihrer-fenster-schliessen-sollten\/","og_site_name":"Stra\u00dfenweb","article_publisher":"https:\/\/www.facebook.com\/strassenweb\/","article_published_time":"2025-01-16T18:50:17+00:00","article_modified_time":"2025-01-16T18:50:19+00:00","og_image":[{"width":1200,"height":675,"url":"https:\/\/www.strassenweb.de\/nachrichten\/wp-content\/uploads\/2025\/01\/Spueren-Sie-die-Kaelte-HVAC-Profis-verraten-ob-Sie-im-Winter.jpg","type":"image\/jpeg"}],"author":"Robert Hoffmann","twitter_card":"summary_large_image","twitter_misc":{"Verfasst von":"Robert Hoffmann","Gesch\u00e4tzte Lesezeit":"4\u00a0Minuten"},"schema":{"@context":"https:\/\/schema.org","@graph":[{"@type":"Article","@id":"https:\/\/www.strassenweb.de\/nachrichten\/spueren-sie-die-kaelte-hvac-profis-verraten-ob-sie-im-winter-die-lueftungsschlitze-ihrer-fenster-schliessen-sollten\/#article","isPartOf":{"@id":"https:\/\/www.strassenweb.de\/nachrichten\/spueren-sie-die-kaelte-hvac-profis-verraten-ob-sie-im-winter-die-lueftungsschlitze-ihrer-fenster-schliessen-sollten\/"},"author":{"name":"Robert Hoffmann","@id":"https:\/\/www.strassenweb.de\/nachrichten\/#\/schema\/person\/87c9c9067f1211da429a744dc5a5aa41"},"headline":"Sp\u00fcren Sie die K\u00e4lte? HVAC-Profis verraten, ob Sie im Winter die L\u00fcftungsschlitze Ihrer Fenster schlie\u00dfen sollten","datePublished":"2025-01-16T18:50:17+00:00","dateModified":"2025-01-16T18:50:19+00:00","mainEntityOfPage":{"@id":"https:\/\/www.strassenweb.de\/nachrichten\/spueren-sie-die-kaelte-hvac-profis-verraten-ob-sie-im-winter-die-lueftungsschlitze-ihrer-fenster-schliessen-sollten\/"},"wordCount":769,"publisher":{"@id":"https:\/\/www.strassenweb.de\/nachrichten\/#organization"},"image":{"@id":"https:\/\/www.strassenweb.de\/nachrichten\/spueren-sie-die-kaelte-hvac-profis-verraten-ob-sie-im-winter-die-lueftungsschlitze-ihrer-fenster-schliessen-sollten\/#primaryimage"},"thumbnailUrl":"https:\/\/www.strassenweb.de\/nachrichten\/wp-content\/uploads\/2025\/01\/Spueren-Sie-die-Kaelte-HVAC-Profis-verraten-ob-Sie-im-Winter.jpg","keywords":["die","Fenster","HVACProfis","ihrer","K\u00e4lte","L\u00fcftungsschlitze","schlie\u00dfen","Sie","sollten","Sp\u00fcren","verraten","Winter"],"articleSection":["Haus &amp; Garten"],"inLanguage":"de"},{"@type":"WebPage","@id":"https:\/\/www.strassenweb.de\/nachrichten\/spueren-sie-die-kaelte-hvac-profis-verraten-ob-sie-im-winter-die-lueftungsschlitze-ihrer-fenster-schliessen-sollten\/","url":"https:\/\/www.strassenweb.de\/nachrichten\/spueren-sie-die-kaelte-hvac-profis-verraten-ob-sie-im-winter-die-lueftungsschlitze-ihrer-fenster-schliessen-sollten\/","name":"Sp\u00fcren Sie die K\u00e4lte? HVAC-Profis verraten, ob Sie im Winter die L\u00fcftungsschlitze Ihrer Fenster schlie\u00dfen sollten - Nachrichten - Stra\u00dfenweb","isPartOf":{"@id":"https:\/\/www.strassenweb.de\/nachrichten\/#website"},"primaryImageOfPage":{"@id":"https:\/\/www.strassenweb.de\/nachrichten\/spueren-sie-die-kaelte-hvac-profis-verraten-ob-sie-im-winter-die-lueftungsschlitze-ihrer-fenster-schliessen-sollten\/#primaryimage"},"image":{"@id":"https:\/\/www.strassenweb.de\/nachrichten\/spueren-sie-die-kaelte-hvac-profis-verraten-ob-sie-im-winter-die-lueftungsschlitze-ihrer-fenster-schliessen-sollten\/#primaryimage"},"thumbnailUrl":"https:\/\/www.strassenweb.de\/nachrichten\/wp-content\/uploads\/2025\/01\/Spueren-Sie-die-Kaelte-HVAC-Profis-verraten-ob-Sie-im-Winter.jpg","datePublished":"2025-01-16T18:50:17+00:00","dateModified":"2025-01-16T18:50:19+00:00","breadcrumb":{"@id":"https:\/\/www.strassenweb.de\/nachrichten\/spueren-sie-die-kaelte-hvac-profis-verraten-ob-sie-im-winter-die-lueftungsschlitze-ihrer-fenster-schliessen-sollten\/#breadcrumb"},"inLanguage":"de","potentialAction":[{"@type":"ReadAction","target":["https:\/\/www.strassenweb.de\/nachrichten\/spueren-sie-die-kaelte-hvac-profis-verraten-ob-sie-im-winter-die-lueftungsschlitze-ihrer-fenster-schliessen-sollten\/"]}]},{"@type":"ImageObject","inLanguage":"de","@id":"https:\/\/www.strassenweb.de\/nachrichten\/spueren-sie-die-kaelte-hvac-profis-verraten-ob-sie-im-winter-die-lueftungsschlitze-ihrer-fenster-schliessen-sollten\/#primaryimage","url":"https:\/\/www.strassenweb.de\/nachrichten\/wp-content\/uploads\/2025\/01\/Spueren-Sie-die-Kaelte-HVAC-Profis-verraten-ob-Sie-im-Winter.jpg","contentUrl":"https:\/\/www.strassenweb.de\/nachrichten\/wp-content\/uploads\/2025\/01\/Spueren-Sie-die-Kaelte-HVAC-Profis-verraten-ob-Sie-im-Winter.jpg","width":1200,"height":675,"caption":"Sp\u00fcren Sie die K\u00e4lte? HVAC-Profis verraten, ob Sie im Winter die L\u00fcftungsschlitze Ihrer Fenster schlie\u00dfen sollten"},{"@type":"BreadcrumbList","@id":"https:\/\/www.strassenweb.de\/nachrichten\/spueren-sie-die-kaelte-hvac-profis-verraten-ob-sie-im-winter-die-lueftungsschlitze-ihrer-fenster-schliessen-sollten\/#breadcrumb","itemListElement":[{"@type":"ListItem","position":1,"name":"Home","item":"https:\/\/www.strassenweb.de\/nachrichten\/"},{"@type":"ListItem","position":2,"name":"Sp\u00fcren Sie die K\u00e4lte? HVAC-Profis verraten, ob Sie im Winter die L\u00fcftungsschlitze Ihrer Fenster schlie\u00dfen sollten"}]},{"@type":"WebSite","@id":"https:\/\/www.strassenweb.de\/nachrichten\/#website","url":"https:\/\/www.strassenweb.de\/nachrichten\/","name":"Stra\u00dfenweb","description":"Stra\u00dfenverzeichnis f\u00fcr Deutschland","publisher":{"@id":"https:\/\/www.strassenweb.de\/nachrichten\/#organization"},"potentialAction":[{"@type":"SearchAction","target":{"@type":"EntryPoint","urlTemplate":"https:\/\/www.strassenweb.de\/nachrichten\/?s={search_term_string}"},"query-input":{"@type":"PropertyValueSpecification","valueRequired":true,"valueName":"search_term_string"}}],"inLanguage":"de"},{"@type":"Organization","@id":"https:\/\/www.strassenweb.de\/nachrichten\/#organization","name":"Stra\u00dfenweb","url":"https:\/\/www.strassenweb.de\/nachrichten\/","logo":{"@type":"ImageObject","inLanguage":"de","@id":"https:\/\/www.strassenweb.de\/nachrichten\/#\/schema\/logo\/image\/","url":"https:\/\/www.strassenweb.de\/nachrichten\/wp-content\/uploads\/2024\/09\/cropped-favicon.png","contentUrl":"https:\/\/www.strassenweb.de\/nachrichten\/wp-content\/uploads\/2024\/09\/cropped-favicon.png","width":512,"height":512,"caption":"Stra\u00dfenweb"},"image":{"@id":"https:\/\/www.strassenweb.de\/nachrichten\/#\/schema\/logo\/image\/"},"sameAs":["https:\/\/www.facebook.com\/strassenweb\/"]},{"@type":"Person","@id":"https:\/\/www.strassenweb.de\/nachrichten\/#\/schema\/person\/87c9c9067f1211da429a744dc5a5aa41","name":"Robert Hoffmann","image":{"@type":"ImageObject","inLanguage":"de","@id":"https:\/\/www.strassenweb.de\/nachrichten\/wp-content\/uploads\/2024\/09\/strassenweb-150x150.jpg","url":"https:\/\/www.strassenweb.de\/nachrichten\/wp-content\/uploads\/2024\/09\/strassenweb-150x150.jpg","contentUrl":"https:\/\/www.strassenweb.de\/nachrichten\/wp-content\/uploads\/2024\/09\/strassenweb-150x150.jpg","caption":"Robert Hoffmann"},"description":"Ich hei\u00dfe Robert Hoffmann und ich bin ein leidenschaftlicher Verfechter von \u00d6kologie und Biodiversit\u00e4t. Seit meiner Kindheit in den W\u00e4ldern Bayerns f\u00fchle ich mich mit der Natur verbunden und bin entschlossen, sie zu sch\u00fctzen. Heute widme ich mein Leben der Sensibilisierung anderer f\u00fcr die Bedeutung des Umweltschutzes f\u00fcr zuk\u00fcnftige Generationen.","sameAs":["https:\/\/www.strassenweb.de\/"]}]}},"_links":{"self":[{"href":"https:\/\/www.strassenweb.de\/nachrichten\/wp-json\/wp\/v2\/posts\/2754","targetHints":{"allow":["GET"]}}],"collection":[{"href":"https:\/\/www.strassenweb.de\/nachrichten\/wp-json\/wp\/v2\/posts"}],"about":[{"href":"https:\/\/www.strassenweb.de\/nachrichten\/wp-json\/wp\/v2\/types\/post"}],"author":[{"embeddable":true,"href":"https:\/\/www.strassenweb.de\/nachrichten\/wp-json\/wp\/v2\/users\/1"}],"replies":[{"embeddable":true,"href":"https:\/\/www.strassenweb.de\/nachrichten\/wp-json\/wp\/v2\/comments?post=2754"}],"version-history":[{"count":0,"href":"https:\/\/www.strassenweb.de\/nachrichten\/wp-json\/wp\/v2\/posts\/2754\/revisions"}],"wp:featuredmedia":[{"embeddable":true,"href":"https:\/\/www.strassenweb.de\/nachrichten\/wp-json\/wp\/v2\/media\/2755"}],"wp:attachment":[{"href":"https:\/\/www.strassenweb.de\/nachrichten\/wp-json\/wp\/v2\/media?parent=2754"}],"wp:term":[{"taxonomy":"category","embeddable":true,"href":"https:\/\/www.strassenweb.de\/nachrichten\/wp-json\/wp\/v2\/categories?post=2754"},{"taxonomy":"post_tag","embeddable":true,"href":"https:\/\/www.strassenweb.de\/nachrichten\/wp-json\/wp\/v2\/tags?post=2754"}],"curies":[{"name":"wp","href":"https:\/\/api.w.org\/{rel}","templated":true}]}}