{"id":2751,"date":"2025-01-16T15:41:03","date_gmt":"2025-01-16T14:41:03","guid":{"rendered":"https:\/\/www.strassenweb.de\/nachrichten\/5-swap-designer-moechten-dass-sie-ihr-zuhause-im-jahr-2025-umgestalten\/"},"modified":"2025-01-16T15:41:04","modified_gmt":"2025-01-16T14:41:04","slug":"5-swap-designer-moechten-dass-sie-ihr-zuhause-im-jahr-2025-umgestalten","status":"publish","type":"post","link":"https:\/\/www.strassenweb.de\/nachrichten\/5-swap-designer-moechten-dass-sie-ihr-zuhause-im-jahr-2025-umgestalten\/","title":{"rendered":"5 Swap-Designer m\u00f6chten, dass Sie Ihr Zuhause im Jahr 2025 umgestalten"},"content":{"rendered":"<p><\/p>\n<div id=\"article-body\" class=\"article__body \">\n<p>Dieses neue Jahr hat sich definitiv wie der Beginn einer neuen Stimmung im Design angef\u00fchlt. Designer sprechen bereits \u00fcber Farben, Materialien und Ans\u00e4tze, die seit langem beliebt sind, und dar\u00fcber, wie sie diese zugunsten neuer Ideen aufgeben wollen.<\/p>\n<div id=\"ad-unit-1\" class=\"ad-unit\"><\/div>\n<p>Dies sind also die \u00c4nderungen, die sie vornehmen werden \u2013 und die Sie auch durchf\u00fchren m\u00f6chten \u2013, die Ihr Zuhause auffrischen und auf die aufstrebenden Innenarchitekturtrends des Jahres 2025 hinweisen. Es ist wahrscheinlich keine \u00dcberraschung, dass alle von k\u00fchlen T\u00f6nen, Minimalismus usw. absehen Harte Linien und der \u00dcbergang zu einem Gef\u00fchl, das weicher, gem\u00fctlicher und lebenswerter ist.<\/p>\n<h3 class=\"article-body__section\" id=\"section-1-swap-bold-tones-for-earthier-versions\"><span>1. Tauschen Sie kr\u00e4ftige T\u00f6ne gegen erdigere Versionen aus<\/span><\/h3>\n<figure class=\"van-image-figure inline-layout \" data-bordeaux-image-check>\n<div class=\"image-full-width-wrapper\">\n<div class=\"image-widthsetter\" style=\"max-width:2000px;\"><\/div>\n<\/div>\n<\/figure>\n<p>Helle Farben m\u00f6gen im Jahr 2024 ein gro\u00dfer Farbtrend gewesen sein, aber es ist viel einfacher, mit Farben zu leben, die einen Hauch von Erde in sich haben. Sie werden sie beruhigender und sogar charmanter finden, meint Zoe Feldman, die in Washington, D.C. ans\u00e4ssige Innenarchitektin, die vorschl\u00e4gt, dass wir im Jahr 2025 alle auf \u201emattige\u201c Erdt\u00f6ne umsteigen sollten.<\/p>\n<div id=\"desktop-in-article\" class=\"in-article ad-unit\">\n<div id=\"desktop-taboola-mid-article\"><\/div>\n<\/div>\n<div id=\"mobile-in-article\" class=\"in-article ad-unit\">\n<div id=\"mobile-taboola-mid-article\"><\/div>\n<\/div>\n<aside class=\"hawk-nest\" data-block-type=\"embed\" data-render-type=\"fte\" data-skip=\"dealsy\" data-widget-type=\"seasonal\">\n<div class=\"hawk-master-widget-hawk-base-wrapper\"><\/div>\n<\/aside>\n<p>\u201eIch finde, dass Rosa f\u00fcr die meisten Menschen eine sehr schmeichelhafte Farbe ist.\u201c \u201eEs ist sehr warm, wenn man es auf die Art und Weise verwendet, wie wir es tun, und zwar auf eine matschigere Art und Weise, als es beispielsweise eine Kaugummi-Prinzessin tun k\u00f6nnte\u201c, sagt sie. \u201eIch verwende Rosat\u00f6ne, die ein wenig braun sind. Tags\u00fcber kann es sch\u00f6n hell wirken und nachts f\u00fchlt es sich an, als w\u00fcrde es von Kerzenlicht beleuchtet.\u201c Es hat diese wunderbare F\u00e4higkeit, Sie emotional durch den Tag zu bewegen. \u201eSetting Plaster\u201c, \u201eSulking Room Pink\u201c und \u201ePeignoir\u201c von Farrow and Ball sind allesamt perfekte Beispiele, w\u00e4hrend der Oxford Stone der Marke einen rosa Farbton aufweist \u2013 ideal f\u00fcr diejenigen, die eine Abneigung gegen Rosa haben k\u00f6nnten.\u201c<\/p>\n<div class=\"van_vid_carousel\">\n<div class=\"van_vid_carousel__padding\">\n<div class=\"van_vid_carousel__container\"><\/div>\n<\/div>\n<\/div>\n<h3 class=\"article-body__section\" id=\"section-2-swap-a-glass-coffee-table-for-antique-pieces\"><span>2. Tauschen Sie einen Couchtisch aus Glas gegen antike St\u00fccke<\/span><\/h3>\n<figure class=\"van-image-figure inline-layout \" data-bordeaux-image-check>\n<div class=\"image-full-width-wrapper\">\n<div class=\"image-widthsetter\" style=\"max-width:2000px;\"><\/div>\n<\/div>\n<\/figure>\n<p>Der Glas-Couchtisch, der seit vielen Jahren ein Design-Klassiker ist, ger\u00e4t im Jahr 2025 in die Kritik von Designern, die jede Oberfl\u00e4che weicher gestalten wollen.<\/p>\n<div id=\"ad-unit-2\" class=\"ad-unit\"><\/div>\n<p>\u201eWenn Sie Kinder haben, w\u00fcrde ich Ihnen immer raten, keinen Couchtisch aus Glas zu haben\u201c, sagt Heather French, Mitbegr\u00fcnderin des in Santa Fe ans\u00e4ssigen Studios French and French. Und selbst wenn Sie keine praktischen Probleme damit haben, dass winzige Finger \u00fcberall auf Ihren Couchtischen Flecken hinterlassen, schl\u00e4gt Heather dennoch vor, dass sie nicht gut altern, und dass es naheliegend ist, sich f\u00fcr etwas mit mehr Charakter zu entscheiden.<\/p>\n<p>\u201eSie m\u00f6chten eine Antiquit\u00e4t, die mit der Zeit altert und Patina erh\u00e4lt und mit zunehmendem Alter besser wird\u201c, erkl\u00e4rt Heather. \u201eSie m\u00fcssen dar\u00fcber nachdenken, wie Sie in einem Haus leben m\u00f6chten.\u201c Und es ist wirklich wichtig, ein St\u00fcck zu haben, das man abwischen kann \u2013 oder sich nicht allzu viele Sorgen machen muss.\u201c<\/p>\n<h3 class=\"article-body__section\" id=\"section-3-swap-the-height-of-your-kitchen-cabinets\"><span>3. Tauschen Sie die H\u00f6he Ihrer K\u00fcchenschr\u00e4nke aus<\/span><\/h3>\n<figure class=\"van-image-figure inline-layout \" data-bordeaux-image-check>\n<div class=\"image-full-width-wrapper\">\n<div class=\"image-widthsetter\" style=\"max-width:2000px;\"><\/div>\n<\/div>\n<\/figure>\n<p>Dies ist ein gro\u00dfer Wechsel, den Sie aber unbedingt in Betracht ziehen sollten, wenn Sie im Jahr 2025 eine K\u00fcchenrenovierung planen. Die gro\u00dfe Debatte im K\u00fcchendesign scheint derzeit im Gange zu sein: Sollten Ihre K\u00fcchenschr\u00e4nke bis zur Decke reichen oder dort aufh\u00f6ren?<\/p>\n<p>Im Jahr 2024 lautete der Rat meist, sich f\u00fcr Ersteres zu entscheiden, doch f\u00fcr 2025 schlagen einige Designer vor, diesen einstmals im Trend liegenden Look durch eine L\u00fccke zu ersetzen. Designerin Lara Bates vom Studio Lara Et Al erkl\u00e4rt: \u201eDieses Jahr bringen wir Schr\u00e4nke nicht direkt an die Decke, weil diese kleine L\u00fccke den Raum atmen l\u00e4sst und verhindert, dass sich die K\u00fcche zu eng anf\u00fchlt.\u201c<\/p>\n<h3 class=\"article-body__section\" id=\"section-4-swap-you-formal-seating-for-more-casual-arrangements\"><span>4. Tauschen Sie Ihre formellen Sitzpl\u00e4tze gegen lockerere Arrangements<\/span><\/h3>\n<figure class=\"van-image-figure inline-layout \" data-bordeaux-image-check>\n<div class=\"image-full-width-wrapper\">\n<div class=\"image-widthsetter\" style=\"max-width:2000px;\"><\/div>\n<\/div>\n<\/figure>\n<p>In den letzten Jahren sind die Designtrends intelligenter geworden und konzentrieren sich mehr auf formelle Unterhaltung als auf bequeme Sofas zum Verweilen. Doch die in New York ans\u00e4ssige Designerin Noa Santos fordert, dass dies eine Zeit der Entspannung und weicherer Formen ist Komm herein.<\/p>\n<p>\u201eInnenr\u00e4ume d\u00fcrfen nicht protzig wirken, und Luxus wird neu definiert\u201c, sagt Noa. \u201eSie m\u00f6chten nicht das Gef\u00fchl haben, in einem Museum zu sein, Sie m\u00f6chten sich wohl f\u00fchlen und ein Haus haben, das zu Ihrer Lebensweise passt.\u201c Jedes Zuhause braucht eine Ecke, in die man sich fallen lassen kann. \u201eWenn alles in Ihrem Zuhause wertvoll ist, halten Sie st\u00e4ndig den Atem an \u2013 das Design braucht die Mischung aus Ein- und Ausatmen, die Balance zwischen dem Fabelhaften und dem Funktionalen.\u201c<\/p>\n<h3 class=\"article-body__section\" id=\"section-5-swap-a-matching-trim-for-a-contrasting-one\"><span>5. Tauschen Sie einen passenden Besatz gegen einen kontrastierenden aus<\/span><\/h3>\n<figure class=\"van-image-figure inline-layout \" data-bordeaux-image-check>\n<div class=\"image-full-width-wrapper\">\n<div class=\"image-widthsetter\" style=\"max-width:2000px;\"><\/div>\n<\/div>\n<\/figure>\n<p>Anstelle des jahrzehntelangen Trends zu wei\u00dfen Holzverkleidungen kam die Idee, die Verkleidungen an die W\u00e4nde anzupassen. Es handelt sich um einen von Designern angewandten Trick, um R\u00e4ume gleichzeitig erh\u00f6ht wirken zu lassen und R\u00e4ume h\u00f6her erscheinen zu lassen \u2013 es gibt weniger, was die Sichtlinie unterbricht.<\/p>\n<p>Allerdings ist Lara Bates der Meinung, dass es an der Zeit ist, dies durch einen dritten Weg zu ersetzen \u2013 eine kontrastierende Zierfarbe, die sich v\u00f6llig von dem unterscheidet, was an den W\u00e4nden zu sehen ist. Ich w\u00e4hle die Farbe f\u00fcr die Holzverkleidung erst ganz zum Schluss aus. \u201eEs kommt, sobald die anderen Farben im Raum sind\u201c, sagt Lara. \u201eMan m\u00f6chte es an etwas im Raum befestigen, auch wenn es nicht immer das ist, was man erwartet.\u201c Es k\u00f6nnte eine Farbe sein, die aus einem Strich auf einem Kunstwerk oder aus dem Muster des Teppichs ausgew\u00e4hlt wurde.\u201c<\/p>\n<hr>\n<p>Viele der Trends, die wir f\u00fcr 2025 sehen, basieren auf der Schaffung eines gem\u00fctlicheren, einladenderen und charaktervolleren Zuhauses, und viele der von den Designern vorgeschlagenen Swaps spiegeln dies wider. Denken Sie daran, wie sich Ihr Zuhause anf\u00fchlen soll und wie Sie in dem Raum leben, wenn Sie (gro\u00dfe oder kleine) \u00c4nderungen an Ihrem Zuhause vornehmen.<\/p>\n<\/div>\n<p><script async src=\"\/\/www.instagram.com\/embed.js\"><\/script><\/p>\n","protected":false},"excerpt":{"rendered":"<p>Dieses neue Jahr hat sich definitiv wie der Beginn einer neuen Stimmung im Design angef\u00fchlt. Designer sprechen bereits \u00fcber Farben, Materialien und Ans\u00e4tze, die seit<\/p>\n","protected":false},"author":1,"featured_media":2752,"comment_status":"closed","ping_status":"","sticky":false,"template":"","format":"standard","meta":{"footnotes":""},"categories":[118],"tags":[51,170,384,647,165,4490,4491,171],"class_list":["post-2751","post","type-post","status-publish","format-standard","has-post-thumbnail","hentry","category-haus-garten","tag-dass","tag-ihr","tag-jahr","tag-moechten","tag-sie","tag-swapdesigner","tag-umgestalten","tag-zuhause","generate-columns","tablet-grid-50","mobile-grid-100","grid-parent","grid-50"],"yoast_head":"<!-- This site is optimized with the Yoast SEO plugin v27.3 - https:\/\/yoast.com\/product\/yoast-seo-wordpress\/ -->\n<title>5 Swap-Designer m\u00f6chten, dass Sie Ihr Zuhause im Jahr 2025 umgestalten - Nachrichten - Stra\u00dfenweb<\/title>\n<meta name=\"robots\" content=\"index, follow, max-snippet:-1, max-image-preview:large, max-video-preview:-1\" \/>\n<link rel=\"canonical\" href=\"https:\/\/www.strassenweb.de\/nachrichten\/5-swap-designer-moechten-dass-sie-ihr-zuhause-im-jahr-2025-umgestalten\/\" \/>\n<meta property=\"og:locale\" content=\"de_DE\" \/>\n<meta property=\"og:type\" content=\"article\" \/>\n<meta property=\"og:title\" content=\"5 Swap-Designer m\u00f6chten, dass Sie Ihr Zuhause im Jahr 2025 umgestalten - Nachrichten - Stra\u00dfenweb\" \/>\n<meta property=\"og:description\" content=\"Dieses neue Jahr hat sich definitiv wie der Beginn einer neuen Stimmung im Design angef\u00fchlt. Designer sprechen bereits \u00fcber Farben, Materialien und Ans\u00e4tze, die seit\" \/>\n<meta property=\"og:url\" content=\"https:\/\/www.strassenweb.de\/nachrichten\/5-swap-designer-moechten-dass-sie-ihr-zuhause-im-jahr-2025-umgestalten\/\" \/>\n<meta property=\"og:site_name\" content=\"Stra\u00dfenweb\" \/>\n<meta property=\"article:publisher\" content=\"https:\/\/www.facebook.com\/strassenweb\/\" \/>\n<meta property=\"article:published_time\" content=\"2025-01-16T14:41:03+00:00\" \/>\n<meta property=\"article:modified_time\" content=\"2025-01-16T14:41:04+00:00\" \/>\n<meta property=\"og:image\" content=\"https:\/\/www.strassenweb.de\/nachrichten\/wp-content\/uploads\/2025\/01\/5-Swap-Designer-moechten-dass-Sie-Ihr-Zuhause-im-Jahr-2025.jpg\" \/>\n\t<meta property=\"og:image:width\" content=\"1200\" \/>\n\t<meta property=\"og:image:height\" content=\"675\" \/>\n\t<meta property=\"og:image:type\" content=\"image\/jpeg\" \/>\n<meta name=\"author\" content=\"Robert Hoffmann\" \/>\n<meta name=\"twitter:card\" content=\"summary_large_image\" \/>\n<meta name=\"twitter:label1\" content=\"Verfasst von\" \/>\n\t<meta name=\"twitter:data1\" content=\"Robert Hoffmann\" \/>\n\t<meta name=\"twitter:label2\" content=\"Gesch\u00e4tzte Lesezeit\" \/>\n\t<meta name=\"twitter:data2\" content=\"5\u00a0Minuten\" \/>\n<script type=\"application\/ld+json\" class=\"yoast-schema-graph\">{\"@context\":\"https:\\\/\\\/schema.org\",\"@graph\":[{\"@type\":\"Article\",\"@id\":\"https:\\\/\\\/www.strassenweb.de\\\/nachrichten\\\/5-swap-designer-moechten-dass-sie-ihr-zuhause-im-jahr-2025-umgestalten\\\/#article\",\"isPartOf\":{\"@id\":\"https:\\\/\\\/www.strassenweb.de\\\/nachrichten\\\/5-swap-designer-moechten-dass-sie-ihr-zuhause-im-jahr-2025-umgestalten\\\/\"},\"author\":{\"name\":\"Robert Hoffmann\",\"@id\":\"https:\\\/\\\/www.strassenweb.de\\\/nachrichten\\\/#\\\/schema\\\/person\\\/87c9c9067f1211da429a744dc5a5aa41\"},\"headline\":\"5 Swap-Designer m\u00f6chten, dass Sie Ihr Zuhause im Jahr 2025 umgestalten\",\"datePublished\":\"2025-01-16T14:41:03+00:00\",\"dateModified\":\"2025-01-16T14:41:04+00:00\",\"mainEntityOfPage\":{\"@id\":\"https:\\\/\\\/www.strassenweb.de\\\/nachrichten\\\/5-swap-designer-moechten-dass-sie-ihr-zuhause-im-jahr-2025-umgestalten\\\/\"},\"wordCount\":974,\"publisher\":{\"@id\":\"https:\\\/\\\/www.strassenweb.de\\\/nachrichten\\\/#organization\"},\"image\":{\"@id\":\"https:\\\/\\\/www.strassenweb.de\\\/nachrichten\\\/5-swap-designer-moechten-dass-sie-ihr-zuhause-im-jahr-2025-umgestalten\\\/#primaryimage\"},\"thumbnailUrl\":\"https:\\\/\\\/www.strassenweb.de\\\/nachrichten\\\/wp-content\\\/uploads\\\/2025\\\/01\\\/5-Swap-Designer-moechten-dass-Sie-Ihr-Zuhause-im-Jahr-2025.jpg\",\"keywords\":[\"dass\",\"Ihr\",\"Jahr\",\"M\u00f6chten\",\"Sie\",\"SwapDesigner\",\"umgestalten\",\"Zuhause\"],\"articleSection\":[\"Haus &amp; Garten\"],\"inLanguage\":\"de\"},{\"@type\":\"WebPage\",\"@id\":\"https:\\\/\\\/www.strassenweb.de\\\/nachrichten\\\/5-swap-designer-moechten-dass-sie-ihr-zuhause-im-jahr-2025-umgestalten\\\/\",\"url\":\"https:\\\/\\\/www.strassenweb.de\\\/nachrichten\\\/5-swap-designer-moechten-dass-sie-ihr-zuhause-im-jahr-2025-umgestalten\\\/\",\"name\":\"5 Swap-Designer m\u00f6chten, dass Sie Ihr Zuhause im Jahr 2025 umgestalten - Nachrichten - Stra\u00dfenweb\",\"isPartOf\":{\"@id\":\"https:\\\/\\\/www.strassenweb.de\\\/nachrichten\\\/#website\"},\"primaryImageOfPage\":{\"@id\":\"https:\\\/\\\/www.strassenweb.de\\\/nachrichten\\\/5-swap-designer-moechten-dass-sie-ihr-zuhause-im-jahr-2025-umgestalten\\\/#primaryimage\"},\"image\":{\"@id\":\"https:\\\/\\\/www.strassenweb.de\\\/nachrichten\\\/5-swap-designer-moechten-dass-sie-ihr-zuhause-im-jahr-2025-umgestalten\\\/#primaryimage\"},\"thumbnailUrl\":\"https:\\\/\\\/www.strassenweb.de\\\/nachrichten\\\/wp-content\\\/uploads\\\/2025\\\/01\\\/5-Swap-Designer-moechten-dass-Sie-Ihr-Zuhause-im-Jahr-2025.jpg\",\"datePublished\":\"2025-01-16T14:41:03+00:00\",\"dateModified\":\"2025-01-16T14:41:04+00:00\",\"breadcrumb\":{\"@id\":\"https:\\\/\\\/www.strassenweb.de\\\/nachrichten\\\/5-swap-designer-moechten-dass-sie-ihr-zuhause-im-jahr-2025-umgestalten\\\/#breadcrumb\"},\"inLanguage\":\"de\",\"potentialAction\":[{\"@type\":\"ReadAction\",\"target\":[\"https:\\\/\\\/www.strassenweb.de\\\/nachrichten\\\/5-swap-designer-moechten-dass-sie-ihr-zuhause-im-jahr-2025-umgestalten\\\/\"]}]},{\"@type\":\"ImageObject\",\"inLanguage\":\"de\",\"@id\":\"https:\\\/\\\/www.strassenweb.de\\\/nachrichten\\\/5-swap-designer-moechten-dass-sie-ihr-zuhause-im-jahr-2025-umgestalten\\\/#primaryimage\",\"url\":\"https:\\\/\\\/www.strassenweb.de\\\/nachrichten\\\/wp-content\\\/uploads\\\/2025\\\/01\\\/5-Swap-Designer-moechten-dass-Sie-Ihr-Zuhause-im-Jahr-2025.jpg\",\"contentUrl\":\"https:\\\/\\\/www.strassenweb.de\\\/nachrichten\\\/wp-content\\\/uploads\\\/2025\\\/01\\\/5-Swap-Designer-moechten-dass-Sie-Ihr-Zuhause-im-Jahr-2025.jpg\",\"width\":1200,\"height\":675,\"caption\":\"5 Swap-Designer m\u00f6chten, dass Sie Ihr Zuhause im Jahr 2025 umgestalten\"},{\"@type\":\"BreadcrumbList\",\"@id\":\"https:\\\/\\\/www.strassenweb.de\\\/nachrichten\\\/5-swap-designer-moechten-dass-sie-ihr-zuhause-im-jahr-2025-umgestalten\\\/#breadcrumb\",\"itemListElement\":[{\"@type\":\"ListItem\",\"position\":1,\"name\":\"Home\",\"item\":\"https:\\\/\\\/www.strassenweb.de\\\/nachrichten\\\/\"},{\"@type\":\"ListItem\",\"position\":2,\"name\":\"5 Swap-Designer m\u00f6chten, dass Sie Ihr Zuhause im Jahr 2025 umgestalten\"}]},{\"@type\":\"WebSite\",\"@id\":\"https:\\\/\\\/www.strassenweb.de\\\/nachrichten\\\/#website\",\"url\":\"https:\\\/\\\/www.strassenweb.de\\\/nachrichten\\\/\",\"name\":\"Stra\u00dfenweb\",\"description\":\"Stra\u00dfenverzeichnis f\u00fcr Deutschland\",\"publisher\":{\"@id\":\"https:\\\/\\\/www.strassenweb.de\\\/nachrichten\\\/#organization\"},\"potentialAction\":[{\"@type\":\"SearchAction\",\"target\":{\"@type\":\"EntryPoint\",\"urlTemplate\":\"https:\\\/\\\/www.strassenweb.de\\\/nachrichten\\\/?s={search_term_string}\"},\"query-input\":{\"@type\":\"PropertyValueSpecification\",\"valueRequired\":true,\"valueName\":\"search_term_string\"}}],\"inLanguage\":\"de\"},{\"@type\":\"Organization\",\"@id\":\"https:\\\/\\\/www.strassenweb.de\\\/nachrichten\\\/#organization\",\"name\":\"Stra\u00dfenweb\",\"url\":\"https:\\\/\\\/www.strassenweb.de\\\/nachrichten\\\/\",\"logo\":{\"@type\":\"ImageObject\",\"inLanguage\":\"de\",\"@id\":\"https:\\\/\\\/www.strassenweb.de\\\/nachrichten\\\/#\\\/schema\\\/logo\\\/image\\\/\",\"url\":\"https:\\\/\\\/www.strassenweb.de\\\/nachrichten\\\/wp-content\\\/uploads\\\/2024\\\/09\\\/cropped-favicon.png\",\"contentUrl\":\"https:\\\/\\\/www.strassenweb.de\\\/nachrichten\\\/wp-content\\\/uploads\\\/2024\\\/09\\\/cropped-favicon.png\",\"width\":512,\"height\":512,\"caption\":\"Stra\u00dfenweb\"},\"image\":{\"@id\":\"https:\\\/\\\/www.strassenweb.de\\\/nachrichten\\\/#\\\/schema\\\/logo\\\/image\\\/\"},\"sameAs\":[\"https:\\\/\\\/www.facebook.com\\\/strassenweb\\\/\"]},{\"@type\":\"Person\",\"@id\":\"https:\\\/\\\/www.strassenweb.de\\\/nachrichten\\\/#\\\/schema\\\/person\\\/87c9c9067f1211da429a744dc5a5aa41\",\"name\":\"Robert Hoffmann\",\"image\":{\"@type\":\"ImageObject\",\"inLanguage\":\"de\",\"@id\":\"https:\\\/\\\/www.strassenweb.de\\\/nachrichten\\\/wp-content\\\/uploads\\\/2024\\\/09\\\/strassenweb-150x150.jpg\",\"url\":\"https:\\\/\\\/www.strassenweb.de\\\/nachrichten\\\/wp-content\\\/uploads\\\/2024\\\/09\\\/strassenweb-150x150.jpg\",\"contentUrl\":\"https:\\\/\\\/www.strassenweb.de\\\/nachrichten\\\/wp-content\\\/uploads\\\/2024\\\/09\\\/strassenweb-150x150.jpg\",\"caption\":\"Robert Hoffmann\"},\"description\":\"Ich hei\u00dfe Robert Hoffmann und ich bin ein leidenschaftlicher Verfechter von \u00d6kologie und Biodiversit\u00e4t. Seit meiner Kindheit in den W\u00e4ldern Bayerns f\u00fchle ich mich mit der Natur verbunden und bin entschlossen, sie zu sch\u00fctzen. Heute widme ich mein Leben der Sensibilisierung anderer f\u00fcr die Bedeutung des Umweltschutzes f\u00fcr zuk\u00fcnftige Generationen.\",\"sameAs\":[\"https:\\\/\\\/www.strassenweb.de\\\/\"]}]}<\/script>\n<!-- \/ Yoast SEO plugin. -->","yoast_head_json":{"title":"5 Swap-Designer m\u00f6chten, dass Sie Ihr Zuhause im Jahr 2025 umgestalten - Nachrichten - Stra\u00dfenweb","robots":{"index":"index","follow":"follow","max-snippet":"max-snippet:-1","max-image-preview":"max-image-preview:large","max-video-preview":"max-video-preview:-1"},"canonical":"https:\/\/www.strassenweb.de\/nachrichten\/5-swap-designer-moechten-dass-sie-ihr-zuhause-im-jahr-2025-umgestalten\/","og_locale":"de_DE","og_type":"article","og_title":"5 Swap-Designer m\u00f6chten, dass Sie Ihr Zuhause im Jahr 2025 umgestalten - Nachrichten - Stra\u00dfenweb","og_description":"Dieses neue Jahr hat sich definitiv wie der Beginn einer neuen Stimmung im Design angef\u00fchlt. Designer sprechen bereits \u00fcber Farben, Materialien und Ans\u00e4tze, die seit","og_url":"https:\/\/www.strassenweb.de\/nachrichten\/5-swap-designer-moechten-dass-sie-ihr-zuhause-im-jahr-2025-umgestalten\/","og_site_name":"Stra\u00dfenweb","article_publisher":"https:\/\/www.facebook.com\/strassenweb\/","article_published_time":"2025-01-16T14:41:03+00:00","article_modified_time":"2025-01-16T14:41:04+00:00","og_image":[{"width":1200,"height":675,"url":"https:\/\/www.strassenweb.de\/nachrichten\/wp-content\/uploads\/2025\/01\/5-Swap-Designer-moechten-dass-Sie-Ihr-Zuhause-im-Jahr-2025.jpg","type":"image\/jpeg"}],"author":"Robert Hoffmann","twitter_card":"summary_large_image","twitter_misc":{"Verfasst von":"Robert Hoffmann","Gesch\u00e4tzte Lesezeit":"5\u00a0Minuten"},"schema":{"@context":"https:\/\/schema.org","@graph":[{"@type":"Article","@id":"https:\/\/www.strassenweb.de\/nachrichten\/5-swap-designer-moechten-dass-sie-ihr-zuhause-im-jahr-2025-umgestalten\/#article","isPartOf":{"@id":"https:\/\/www.strassenweb.de\/nachrichten\/5-swap-designer-moechten-dass-sie-ihr-zuhause-im-jahr-2025-umgestalten\/"},"author":{"name":"Robert Hoffmann","@id":"https:\/\/www.strassenweb.de\/nachrichten\/#\/schema\/person\/87c9c9067f1211da429a744dc5a5aa41"},"headline":"5 Swap-Designer m\u00f6chten, dass Sie Ihr Zuhause im Jahr 2025 umgestalten","datePublished":"2025-01-16T14:41:03+00:00","dateModified":"2025-01-16T14:41:04+00:00","mainEntityOfPage":{"@id":"https:\/\/www.strassenweb.de\/nachrichten\/5-swap-designer-moechten-dass-sie-ihr-zuhause-im-jahr-2025-umgestalten\/"},"wordCount":974,"publisher":{"@id":"https:\/\/www.strassenweb.de\/nachrichten\/#organization"},"image":{"@id":"https:\/\/www.strassenweb.de\/nachrichten\/5-swap-designer-moechten-dass-sie-ihr-zuhause-im-jahr-2025-umgestalten\/#primaryimage"},"thumbnailUrl":"https:\/\/www.strassenweb.de\/nachrichten\/wp-content\/uploads\/2025\/01\/5-Swap-Designer-moechten-dass-Sie-Ihr-Zuhause-im-Jahr-2025.jpg","keywords":["dass","Ihr","Jahr","M\u00f6chten","Sie","SwapDesigner","umgestalten","Zuhause"],"articleSection":["Haus &amp; Garten"],"inLanguage":"de"},{"@type":"WebPage","@id":"https:\/\/www.strassenweb.de\/nachrichten\/5-swap-designer-moechten-dass-sie-ihr-zuhause-im-jahr-2025-umgestalten\/","url":"https:\/\/www.strassenweb.de\/nachrichten\/5-swap-designer-moechten-dass-sie-ihr-zuhause-im-jahr-2025-umgestalten\/","name":"5 Swap-Designer m\u00f6chten, dass Sie Ihr Zuhause im Jahr 2025 umgestalten - Nachrichten - Stra\u00dfenweb","isPartOf":{"@id":"https:\/\/www.strassenweb.de\/nachrichten\/#website"},"primaryImageOfPage":{"@id":"https:\/\/www.strassenweb.de\/nachrichten\/5-swap-designer-moechten-dass-sie-ihr-zuhause-im-jahr-2025-umgestalten\/#primaryimage"},"image":{"@id":"https:\/\/www.strassenweb.de\/nachrichten\/5-swap-designer-moechten-dass-sie-ihr-zuhause-im-jahr-2025-umgestalten\/#primaryimage"},"thumbnailUrl":"https:\/\/www.strassenweb.de\/nachrichten\/wp-content\/uploads\/2025\/01\/5-Swap-Designer-moechten-dass-Sie-Ihr-Zuhause-im-Jahr-2025.jpg","datePublished":"2025-01-16T14:41:03+00:00","dateModified":"2025-01-16T14:41:04+00:00","breadcrumb":{"@id":"https:\/\/www.strassenweb.de\/nachrichten\/5-swap-designer-moechten-dass-sie-ihr-zuhause-im-jahr-2025-umgestalten\/#breadcrumb"},"inLanguage":"de","potentialAction":[{"@type":"ReadAction","target":["https:\/\/www.strassenweb.de\/nachrichten\/5-swap-designer-moechten-dass-sie-ihr-zuhause-im-jahr-2025-umgestalten\/"]}]},{"@type":"ImageObject","inLanguage":"de","@id":"https:\/\/www.strassenweb.de\/nachrichten\/5-swap-designer-moechten-dass-sie-ihr-zuhause-im-jahr-2025-umgestalten\/#primaryimage","url":"https:\/\/www.strassenweb.de\/nachrichten\/wp-content\/uploads\/2025\/01\/5-Swap-Designer-moechten-dass-Sie-Ihr-Zuhause-im-Jahr-2025.jpg","contentUrl":"https:\/\/www.strassenweb.de\/nachrichten\/wp-content\/uploads\/2025\/01\/5-Swap-Designer-moechten-dass-Sie-Ihr-Zuhause-im-Jahr-2025.jpg","width":1200,"height":675,"caption":"5 Swap-Designer m\u00f6chten, dass Sie Ihr Zuhause im Jahr 2025 umgestalten"},{"@type":"BreadcrumbList","@id":"https:\/\/www.strassenweb.de\/nachrichten\/5-swap-designer-moechten-dass-sie-ihr-zuhause-im-jahr-2025-umgestalten\/#breadcrumb","itemListElement":[{"@type":"ListItem","position":1,"name":"Home","item":"https:\/\/www.strassenweb.de\/nachrichten\/"},{"@type":"ListItem","position":2,"name":"5 Swap-Designer m\u00f6chten, dass Sie Ihr Zuhause im Jahr 2025 umgestalten"}]},{"@type":"WebSite","@id":"https:\/\/www.strassenweb.de\/nachrichten\/#website","url":"https:\/\/www.strassenweb.de\/nachrichten\/","name":"Stra\u00dfenweb","description":"Stra\u00dfenverzeichnis f\u00fcr Deutschland","publisher":{"@id":"https:\/\/www.strassenweb.de\/nachrichten\/#organization"},"potentialAction":[{"@type":"SearchAction","target":{"@type":"EntryPoint","urlTemplate":"https:\/\/www.strassenweb.de\/nachrichten\/?s={search_term_string}"},"query-input":{"@type":"PropertyValueSpecification","valueRequired":true,"valueName":"search_term_string"}}],"inLanguage":"de"},{"@type":"Organization","@id":"https:\/\/www.strassenweb.de\/nachrichten\/#organization","name":"Stra\u00dfenweb","url":"https:\/\/www.strassenweb.de\/nachrichten\/","logo":{"@type":"ImageObject","inLanguage":"de","@id":"https:\/\/www.strassenweb.de\/nachrichten\/#\/schema\/logo\/image\/","url":"https:\/\/www.strassenweb.de\/nachrichten\/wp-content\/uploads\/2024\/09\/cropped-favicon.png","contentUrl":"https:\/\/www.strassenweb.de\/nachrichten\/wp-content\/uploads\/2024\/09\/cropped-favicon.png","width":512,"height":512,"caption":"Stra\u00dfenweb"},"image":{"@id":"https:\/\/www.strassenweb.de\/nachrichten\/#\/schema\/logo\/image\/"},"sameAs":["https:\/\/www.facebook.com\/strassenweb\/"]},{"@type":"Person","@id":"https:\/\/www.strassenweb.de\/nachrichten\/#\/schema\/person\/87c9c9067f1211da429a744dc5a5aa41","name":"Robert Hoffmann","image":{"@type":"ImageObject","inLanguage":"de","@id":"https:\/\/www.strassenweb.de\/nachrichten\/wp-content\/uploads\/2024\/09\/strassenweb-150x150.jpg","url":"https:\/\/www.strassenweb.de\/nachrichten\/wp-content\/uploads\/2024\/09\/strassenweb-150x150.jpg","contentUrl":"https:\/\/www.strassenweb.de\/nachrichten\/wp-content\/uploads\/2024\/09\/strassenweb-150x150.jpg","caption":"Robert Hoffmann"},"description":"Ich hei\u00dfe Robert Hoffmann und ich bin ein leidenschaftlicher Verfechter von \u00d6kologie und Biodiversit\u00e4t. Seit meiner Kindheit in den W\u00e4ldern Bayerns f\u00fchle ich mich mit der Natur verbunden und bin entschlossen, sie zu sch\u00fctzen. Heute widme ich mein Leben der Sensibilisierung anderer f\u00fcr die Bedeutung des Umweltschutzes f\u00fcr zuk\u00fcnftige Generationen.","sameAs":["https:\/\/www.strassenweb.de\/"]}]}},"_links":{"self":[{"href":"https:\/\/www.strassenweb.de\/nachrichten\/wp-json\/wp\/v2\/posts\/2751","targetHints":{"allow":["GET"]}}],"collection":[{"href":"https:\/\/www.strassenweb.de\/nachrichten\/wp-json\/wp\/v2\/posts"}],"about":[{"href":"https:\/\/www.strassenweb.de\/nachrichten\/wp-json\/wp\/v2\/types\/post"}],"author":[{"embeddable":true,"href":"https:\/\/www.strassenweb.de\/nachrichten\/wp-json\/wp\/v2\/users\/1"}],"replies":[{"embeddable":true,"href":"https:\/\/www.strassenweb.de\/nachrichten\/wp-json\/wp\/v2\/comments?post=2751"}],"version-history":[{"count":0,"href":"https:\/\/www.strassenweb.de\/nachrichten\/wp-json\/wp\/v2\/posts\/2751\/revisions"}],"wp:featuredmedia":[{"embeddable":true,"href":"https:\/\/www.strassenweb.de\/nachrichten\/wp-json\/wp\/v2\/media\/2752"}],"wp:attachment":[{"href":"https:\/\/www.strassenweb.de\/nachrichten\/wp-json\/wp\/v2\/media?parent=2751"}],"wp:term":[{"taxonomy":"category","embeddable":true,"href":"https:\/\/www.strassenweb.de\/nachrichten\/wp-json\/wp\/v2\/categories?post=2751"},{"taxonomy":"post_tag","embeddable":true,"href":"https:\/\/www.strassenweb.de\/nachrichten\/wp-json\/wp\/v2\/tags?post=2751"}],"curies":[{"name":"wp","href":"https:\/\/api.w.org\/{rel}","templated":true}]}}