{"id":270,"date":"2024-09-26T11:38:21","date_gmt":"2024-09-26T09:38:21","guid":{"rendered":"https:\/\/www.strassenweb.de\/nachrichten\/so-bauen-sie-einen-wintergarten-komplettloesung-im-september-2024\/"},"modified":"2024-09-26T11:38:23","modified_gmt":"2024-09-26T09:38:23","slug":"so-bauen-sie-einen-wintergarten-komplettloesung-im-september-2024","status":"publish","type":"post","link":"https:\/\/www.strassenweb.de\/nachrichten\/so-bauen-sie-einen-wintergarten-komplettloesung-im-september-2024\/","title":{"rendered":"So bauen Sie einen Wintergarten: Komplettl\u00f6sung im September 2024"},"content":{"rendered":"<div><!--(--><!----><\/p>\n<div class=\"wordpress-paragraph\" style=\"--25ab227a:left;\" data-v-c0f9f52b=\"\">\n<p>Wenn Sie schon immer von einem Wintergarten in Ihrem Haus getr\u00e4umt haben, ist es jetzt an der Zeit, diesen Traum Wirklichkeit werden zu lassen. Ein Wintergarten kann Ihrem Haus zus\u00e4tzlichen Wohnraum und Wert verleihen. In dieser Anleitung f\u00fchren wir Sie durch jeden Schritt des Prozesses, damit Sie Ihren eigenen Wintergarten ganz einfach bauen k\u00f6nnen. Wir behandeln alles, von der Auswahl des richtigen Standorts f\u00fcr Ihren Wintergarten bis hin zur Installation des Dachs und der Fenster. Egal, ob Sie ein Heimwerker oder ein Anf\u00e4nger sind, diese Anleitung enth\u00e4lt alles, was Sie brauchen!<\/p>\n<\/div>\n<p><!----><\/p>\n<div class=\"wordpress-image\">\n<figure class=\"wp-block-image size-full\"><\/figure>\n<\/div>\n<p><!----><\/p>\n<h2 class=\"wp-block-heading\">Kann ich einen Wintergarten selbst bauen?<\/h2>\n<p><!----><\/p>\n<div class=\"wordpress-paragraph\" style=\"--25ab227a:left;\" data-v-c0f9f52b=\"\">\n<p>Die kurze Antwort lautet: Ja! Der Bau eines Wintergartens ist ein relativ unkomplizierter Vorgang, den die meisten Menschen mit Hilfe einiger Freunde oder Familienmitglieder bew\u00e4ltigen k\u00f6nnen. Es gibt jedoch ein paar Dinge, die Sie beachten sollten, bevor Sie mit dem Bau beginnen.<\/p>\n<\/div>\n<p><!----><\/p>\n<div class=\"wordpress-paragraph\" style=\"--25ab227a:left;\" data-v-c0f9f52b=\"\">\n<p>Zun\u00e4chst m\u00fcssen Sie planen, wo Ihr neuer Wintergarten stehen soll, und herausfinden, ob Sie aufgrund der Bauvorschriften die erforderlichen Genehmigungen von Ihrer Gemeinde einholen m\u00fcssen. Dies ist normalerweise der Fall, wenn:<\/p>\n<\/div>\n<p><!----><\/p>\n<div class=\"wordpress-list\" style=\"--59fc38e0:;\" data-v-9bc93961=\"\">\n<ul class=\"wordpress-list__wrapper\" data-v-9bc93961=\"\">\n<li>Mehr als 50 % des Grundst\u00fccks, einschlie\u00dflich aller anderen Geb\u00e4ude, rund um das \u201eurspr\u00fcngliche Haus\u201c, m\u00fcssen abgedeckt werden.<\/li>\n<li>Der Anbau befindet sich vor der Vorderseite oder Seite des Grundst\u00fccks und ist auf eine Stra\u00dfe ausgerichtet.<\/li>\n<\/ul>\n<\/div>\n<p><!----><\/p>\n<div class=\"wordpress-paragraph\" style=\"--25ab227a:left;\" data-v-c0f9f52b=\"\">\n<p>Wenn Sie sich nicht sicher sind, ob Sie hiervon betroffen sind oder nicht, kann es sich lohnen, sich zur \u00dcberpr\u00fcfung an die Gemeindeverwaltung zu wenden und sich eine Best\u00e4tigung dieses Schreibens einzuholen.<\/p>\n<\/div>\n<p><!----><\/p>\n<div class=\"wordpress-paragraph\" style=\"--25ab227a:left;\" data-v-c0f9f52b=\"\">\n<p>Sobald Sie gr\u00fcnes Licht haben, ist es an der Zeit, alle Materialien und Werkzeuge zusammenzutragen.<\/p>\n<\/div>\n<p><!----><\/p>\n<h3 class=\"wp-block-heading\">Ben\u00f6tigte Werkzeuge zum Bau eines Wintergartens:<\/h3>\n<p><!----><!----><!----><!----><!----><!----><!----><!----><\/p>\n<h3 class=\"wp-block-heading\">Zum Bau eines Wintergartens ben\u00f6tigte Materialien:<\/h3>\n<p><!----><\/p>\n<div class=\"wordpress-paragraph\" style=\"--25ab227a:left;\" data-v-c0f9f52b=\"\">\n<p>Die beste Option f\u00fcr DIY-Winterg\u00e4rten ist hier ein Wintergarten-Bausatz. Diese DIY-Wintergarten-Baus\u00e4tze enthalten alle Materialien, die Sie zum Bau des Wintergartens ben\u00f6tigen, wie zum Beispiel:<\/p>\n<\/div>\n<p><!----><!----><!----><!----><!----><!----><!----><\/p>\n<div class=\"wordpress-paragraph\" style=\"--25ab227a:left;\" data-v-c0f9f52b=\"\">\n<p>-PVCu oder andere Dachmaterialien<\/p>\n<\/div>\n<p><!----><!----><\/p>\n<div class=\"wordpress-paragraph\" style=\"--25ab227a:left;\" data-v-c0f9f52b=\"\">\n<p>Wintergartenbaus\u00e4tze k\u00f6nnen in den meisten gro\u00dfen Baum\u00e4rkten sowie online gekauft werden. Es ist auch erw\u00e4hnenswert, dass die meisten Baus\u00e4tze f\u00fcr Heimwerker-Winterg\u00e4rten f\u00fcr Winterg\u00e4rten mit niedrigem Mauerwerk sind. Bei einem Wintergarten mit niedrigem Mauerwerk werden die W\u00e4nde bis zu einer bestimmten H\u00f6he gebaut, an der Hauswand befestigt und dann werden die W\u00e4nde und das Dach oben draufgesetzt. Diese Art von Wintergarten ist in der Regel einfacher zu bauen als ein Wintergarten mit \u201evoller H\u00f6he\u201c, bei dem die W\u00e4nde und das Dach von Grund auf neu gebaut werden, und deshalb sind sie die Hauptoption f\u00fcr diejenigen, die ihren eigenen Wintergarten zu Hause bauen.<\/p>\n<\/div>\n<p><!----><\/p>\n<div class=\"wordpress-paragraph\" style=\"--25ab227a:left;\" data-v-c0f9f52b=\"\">\n<p>Sobald Sie alle Materialien und Werkzeuge beisammen haben, k\u00f6nnen Sie mit dem Bau beginnen! Doch bevor Sie anfangen, Zement anzumischen, werfen wir einen Blick auf die einzelnen Bauphasen.<\/p>\n<\/div>\n<p><!----><\/p>\n<h2 class=\"wp-block-heading\">Aus welchen Phasen besteht der Bau eines Wintergartens:<\/h2>\n<p><!----><\/p>\n<h3 class=\"wp-block-heading\">1. Grundlagen<\/h3>\n<p><!----><\/p>\n<div class=\"wordpress-paragraph\" style=\"--25ab227a:left;\" data-v-c0f9f52b=\"\">\n<p>Der erste Schritt besteht darin, das Fundament f\u00fcr Ihren Wintergarten auszuheben. Dies ist wahrscheinlich der schwierigste Teil des gesamten Prozesses, aber keine Sorge, wir werden Sie im folgenden Abschnitt ausf\u00fchrlicher durch den Vorgang f\u00fchren. Die Tiefe des Fundaments h\u00e4ngt von der Gr\u00f6\u00dfe und Art des Wintergartens ab, den Sie bauen, und davon, ob Sie bereits ein Fundament von einem zuvor abgebauten Wintergarten haben. Nachdem Sie das Fundament ausgehoben haben, muss es mit Beton gef\u00fcllt und \u00fcber Nacht aush\u00e4rten gelassen werden.<\/p>\n<\/div>\n<p><!----><\/p>\n<h3 class=\"wp-block-heading\">2. Basis<\/h3>\n<p><!----><\/p>\n<div class=\"wordpress-paragraph\" style=\"--25ab227a:left;\" data-v-c0f9f52b=\"\">\n<p>Nachdem das Fundament nun fertig ist, k\u00f6nnen wir mit der Arbeit am Fundament beginnen. Am Fundament werden alle W\u00e4nde und das Dach befestigt, es muss also stabil und eben sein. Auch hier gilt: Die Gr\u00f6\u00dfe Ihres Wintergartens bestimmt die Abmessungen des Fundaments.<\/p>\n<\/div>\n<p><!----><\/p>\n<h3 class=\"wp-block-heading\">3. W\u00e4nde<\/h3>\n<p><!----><\/p>\n<div class=\"wordpress-paragraph\" style=\"--25ab227a:left;\" data-v-c0f9f52b=\"\">\n<p>Nachdem das Fundament fertig ist, k\u00f6nnen Sie mit dem Bau der W\u00e4nde Ihres Wintergartens beginnen. Die h\u00e4ufigste Wandart f\u00fcr einen Wintergarten ist eine Ziegelwand, Sie k\u00f6nnen sich aber auch f\u00fcr Holz oder Stein entscheiden.<\/p>\n<\/div>\n<p><!----><\/p>\n<h3 class=\"wp-block-heading\">4. Dach<\/h3>\n<p><!----><\/p>\n<div class=\"wordpress-paragraph\" style=\"--25ab227a:left;\" data-v-c0f9f52b=\"\">\n<p>Sobald die W\u00e4nde stehen, ist es Zeit, das Dach zu montieren. Es gibt zwei Hauptdacharten f\u00fcr Winterg\u00e4rten: Pultd\u00e4cher und Satteld\u00e4cher. Im Abschnitt \u201eD\u00e4cher\u201c werden wir uns beide genauer ansehen.<\/p>\n<\/div>\n<p><!----><\/p>\n<h3 class=\"wp-block-heading\">5. Fenster und T\u00fcren<\/h3>\n<p><!----><\/p>\n<div class=\"wordpress-paragraph\" style=\"--25ab227a:left;\" data-v-c0f9f52b=\"\">\n<p>Der letzte Schritt besteht darin, die Fenster und T\u00fcren einzubauen. Sie m\u00fcssen die \u00d6ffnungen f\u00fcr beide sorgf\u00e4ltig ausmessen, damit sie perfekt passen.<\/p>\n<\/div>\n<p><!----><\/p>\n<h2 class=\"wp-block-heading\">So bauen Sie Fundament und Sockel f\u00fcr einen Wintergarten:<\/h2>\n<p><!----><\/p>\n<div class=\"wordpress-paragraph\" style=\"--25ab227a:left;\" data-v-c0f9f52b=\"\">\n<p>Der erste Schritt besteht darin, das Fundament zu legen. Dies ist ein grundlegender Schritt, wenn Sie Ihr Haus erweitern, sei es ein Wintergarten oder der Bau einer eigenen Veranda. Dies k\u00f6nnen Sie tun, indem Sie rund um den Umfang Ihres Wintergartens ein Loch graben. Das Loch sollte etwa knietief unter der Erdoberfl\u00e4che liegen und vollst\u00e4ndig eben sein. Um sicherzustellen, dass alles eben ist, k\u00f6nnen Sie eine Schnur oder eine Laserwasserwaage verwenden.<\/p>\n<\/div>\n<p><!----><\/p>\n<div class=\"wordpress-paragraph\" style=\"--25ab227a:left;\" data-v-c0f9f52b=\"\">\n<p>Sobald Sie das Loch gegraben haben, sollten Sie mit dem Hinzuf\u00fcgen einer Feuchtigkeitssperre fortfahren. Dies k\u00f6nnen Sie tun, indem Sie die Feuchtigkeitssperre in das Loch einbringen und es dann mit etwa 50 mm Schotter bedecken. Der Schotter sollte so eingeebnet werden, dass er sch\u00f6n flach ist.<\/p>\n<\/div>\n<p><!----><\/p>\n<div class=\"wordpress-paragraph\" style=\"--25ab227a:left;\" data-v-c0f9f52b=\"\">\n<p>Wenn dies erledigt ist, k\u00f6nnen Sie beginnen, Beton und Wasser in einer Schubkarre zu mischen und in das Loch zu gie\u00dfen. Verwenden Sie eine Kelle, um den Beton zu gl\u00e4tten.<\/p>\n<\/div>\n<p><!----><\/p>\n<div class=\"wordpress-paragraph\" style=\"--25ab227a:left;\" data-v-c0f9f52b=\"\">\n<p>Als n\u00e4chstes ist es an der Zeit, am Fundament des Wintergartens zu arbeiten. Dazu m\u00fcssen Sie mit dem Verlegen der Ziegel beginnen. Beginnen Sie an einer Ecke und arbeiten Sie sich um den Umfang des Fundaments herum, wobei Sie jeden Ziegel mit M\u00f6rtel an seinem Platz befestigen. Stellen Sie sicher, dass Sie eine Wasserwaage verwenden, um sicherzustellen, dass jede Ziegelreihe eben ist.<\/p>\n<\/div>\n<p><!----><\/p>\n<div class=\"wordpress-paragraph\" style=\"--25ab227a:left;\" data-v-c0f9f52b=\"\">\n<p>Wiederholen Sie diesen Vorgang, bis Sie die gew\u00fcnschte H\u00f6he Ihres Fundaments erreicht haben. Wir empfehlen eine Fundamenth\u00f6he von ca. 200mm.<\/p>\n<\/div>\n<p><!----><\/p>\n<h2 class=\"wp-block-heading\">So bauen Sie eine Wintergartenwand:<\/h2>\n<p><!----><\/p>\n<div class=\"wordpress-paragraph\" style=\"--25ab227a:left;\" data-v-c0f9f52b=\"\">\n<p>Die h\u00e4ufigste Wandart f\u00fcr einen Wintergarten ist eine Ziegelwand, Sie k\u00f6nnen sich jedoch auch f\u00fcr Holz oder Stein entscheiden.<\/p>\n<\/div>\n<p><!----><\/p>\n<div class=\"wordpress-paragraph\" style=\"--25ab227a:left;\" data-v-c0f9f52b=\"\">\n<p>Wenn Sie eine Ziegelmauer bauen, besteht der erste Schritt darin, die Ziegel zu legen. Beginnen Sie an einer Ecke und arbeiten Sie sich um den Umfang des Fundaments herum, wobei Sie jeden Ziegel mit M\u00f6rtel an seinem Platz befestigen. Stellen Sie sicher, dass Sie eine Wasserwaage verwenden, um sicherzustellen, dass jede Ziegelreihe eben ist.<\/p>\n<\/div>\n<p><!----><\/p>\n<div class=\"wordpress-paragraph\" style=\"--25ab227a:left;\" data-v-c0f9f52b=\"\">\n<p>Wiederholen Sie diesen Vorgang, bis Sie die gew\u00fcnschte H\u00f6he Ihrer W\u00e4nde erreicht haben. Wir empfehlen eine Wandh\u00f6he von etwa 600 mm, obwohl dies variieren kann, je nachdem, ob Sie sich f\u00fcr eine niedrige Wand entschieden haben oder nicht. Wenn nicht, m\u00fcssen Sie Ihre Wand wahrscheinlich h\u00f6her bauen.<\/p>\n<\/div>\n<p><!----><\/p>\n<div class=\"wordpress-paragraph\" style=\"--25ab227a:left;\" data-v-c0f9f52b=\"\">\n<p>Sobald Sie die gew\u00fcnschte H\u00f6he erreicht haben, ist es an der Zeit, das Dach zu montieren.<\/p>\n<\/div>\n<p><!----><\/p>\n<h2 class=\"wp-block-heading\">So bauen Sie ein Wintergartendach:<\/h2>\n<p><!----><\/p>\n<div class=\"wordpress-paragraph\" style=\"--25ab227a:left;\" data-v-c0f9f52b=\"\">\n<p>Bevor wir mit der Montage des Wintergartendachs beginnen, lohnt es sich, einen Blick auf die verschiedenen Typen zu werfen, zwischen denen Sie w\u00e4hlen k\u00f6nnen:<\/p>\n<\/div>\n<p><!----><\/p>\n<div class=\"wordpress-list\" style=\"--59fc38e0:;\" data-v-9bc93961=\"\">\n<ul class=\"wordpress-list__wrapper\" data-v-9bc93961=\"\">\n<li>Ziegeldach \u2013 dies ist die h\u00e4ufigste Dachart und bietet die beste Isolierung. Es ist auch die teuerste Option.<\/li>\n<li>Glasdach \u2013 dies ist eine g\u00fcnstigere Option, bietet jedoch nicht so viel Isolierung.<\/li>\n<li>Polycarbonatdach \u2013 dies ist die g\u00fcnstigste Option, bietet jedoch in Bezug auf Aussehen und Isolierung nicht viel.<\/li>\n<\/ul>\n<\/div>\n<p><!----><\/p>\n<div class=\"wordpress-paragraph\" style=\"--25ab227a:left;\" data-v-c0f9f52b=\"\">\n<p>Sobald Sie sich f\u00fcr eine Dachart entschieden haben, kann es mit der Montage losgehen.<\/p>\n<\/div>\n<p><!----><\/p>\n<div class=\"wordpress-paragraph\" style=\"--25ab227a:left;\" data-v-c0f9f52b=\"\">\n<p>Der erste Schritt besteht darin, die Wintergartenrahmen zu bauen. Dies kann durch Anbringen der Dachsparren an den Wandplatten zwischen dem Dachfirst erfolgen. Stellen Sie sicher, dass Sie Klammern verwenden, um die Sparren an ihrem Platz zu befestigen, und dass sie eben sind.<\/p>\n<\/div>\n<p><!----><\/p>\n<div class=\"wordpress-paragraph\" style=\"--25ab227a:left;\" data-v-c0f9f52b=\"\">\n<p>Jetzt ist es an der Zeit, die Dachplatten anzubringen. Beginnen Sie an einem Ende des Wintergartens und arbeiten Sie sich nach unten vor. Achten Sie dabei darauf, dass sich alle Platten \u00fcberlappen, damit sie wasserdicht sind.<\/p>\n<\/div>\n<p><!----><\/p>\n<div class=\"wordpress-paragraph\" style=\"--25ab227a:left;\" data-v-c0f9f52b=\"\">\n<p>Schlie\u00dflich ist es an der Zeit, die Dachrinnen und Abflussrohre zu installieren. Dies kann durch Anbringen der Dachrinnen an der Traufe des Wintergartens erfolgen. Stellen Sie sicher, dass sie eben sind und dass das Wasser von T\u00fcren oder Fenstern weg abl\u00e4uft.<\/p>\n<\/div>\n<p><!----><\/p>\n<div class=\"wordpress-paragraph\" style=\"--25ab227a:left;\" data-v-c0f9f52b=\"\">\n<p>So bauen Sie ein Wintergartenfenster und eine Wintergartent\u00fcr:<\/p>\n<\/div>\n<p><!----><\/p>\n<div class=\"wordpress-paragraph\" style=\"--25ab227a:left;\" data-v-c0f9f52b=\"\">\n<p>Der letzte Schritt besteht im Einbau der Fenster und T\u00fcren.<\/p>\n<\/div>\n<p><!----><\/p>\n<h2 class=\"wp-block-heading\">So f\u00fcgen Sie einem Wintergarten Fenster und T\u00fcren hinzu:<\/h2>\n<p><!----><\/p>\n<div class=\"wordpress-paragraph\" style=\"--25ab227a:left;\" data-v-c0f9f52b=\"\">\n<p>Als Erstes m\u00fcssen Sie die Fenster- oder T\u00fcr\u00f6ffnung ausmessen und dann den Rahmen passend zuschneiden. Wenn Sie eine \u00d6ffnung zum Garten planen, lohnt es sich, die Wintergartent\u00fcren, z. B. Fenstert\u00fcren, im Voraus auszuw\u00e4hlen, damit Sie wissen, wie viel Platz Sie ben\u00f6tigen.<\/p>\n<\/div>\n<p><!----><\/p>\n<div class=\"wordpress-paragraph\" style=\"--25ab227a:left;\" data-v-c0f9f52b=\"\">\n<p>Sobald dies erledigt ist, ist es Zeit, das Fenster oder die T\u00fcr einzubauen. Befestigen Sie zun\u00e4chst die Fensterbank und f\u00fcgen Sie dann den Rahmen hinzu. Stellen Sie sicher, dass er waagerecht und lotrecht ist, bevor Sie ihn an der Wand befestigen.<\/p>\n<\/div>\n<p><!----><\/p>\n<div class=\"wordpress-paragraph\" style=\"--25ab227a:left;\" data-v-c0f9f52b=\"\">\n<p>Zum Schluss setzen Sie die Fensterglasscheibe ein und befestigen diese mit Sprossen. Die Wintergartenverglasung ist ein wichtiger Schritt, den Sie nicht auslassen sollten, denn sie sorgt f\u00fcr die Wetterfestigkeit Ihres Wintergartens.<\/p>\n<\/div>\n<p><!----><\/p>\n<div class=\"wordpress-paragraph\" style=\"--25ab227a:left;\" data-v-c0f9f52b=\"\">\n<p>Nachdem Sie nun Fenster und T\u00fcren eingebaut haben, ist Ihr Wintergarten fertig! Nachfolgend haben wir diesen Vorgang noch einmal Schritt f\u00fcr Schritt zusammengefasst und einige weitere wichtige Fragen beantwortet.<\/p>\n<\/div>\n<p><!----><\/p>\n<h2 class=\"wp-block-heading\">Wintergarten Einbau Schritt f\u00fcr Schritt:<\/h2>\n<p><!----><\/p>\n<div class=\"wordpress-paragraph\" style=\"--25ab227a:left;\" data-v-c0f9f52b=\"\">\n<p>\u2013 W\u00e4hlen Sie den Standort Ihres Wintergartens<\/p>\n<\/div>\n<p><!----><\/p>\n<div class=\"wordpress-paragraph\" style=\"--25ab227a:left;\" data-v-c0f9f52b=\"\">\n<p>\u2013 Den Bereich ausheben und das Fundament und den Sockel legen<\/p>\n<\/div>\n<p><!----><!----><!----><\/p>\n<div class=\"wordpress-paragraph\" style=\"--25ab227a:left;\" data-v-c0f9f52b=\"\">\n<p>\u2013 Fenster und T\u00fcren hinzuf\u00fcgen<\/p>\n<\/div>\n<p><!----><\/p>\n<h2 class=\"wp-block-heading\">Weitere wichtige \u00dcberlegungen:<\/h2>\n<p><!----><\/p>\n<h3 class=\"wp-block-heading\">Welche Art Glas sollte ich f\u00fcr meinen Wintergarten verwenden?<\/h3>\n<p><!----><\/p>\n<div class=\"wordpress-paragraph\" style=\"--25ab227a:left;\" data-v-c0f9f52b=\"\">\n<p>Dies h\u00e4ngt von Ihrem Budget und dem gew\u00fcnschten Grad der Isolierung ab. Die g\u00e4ngigsten Typen sind Einfach-, Doppel- oder Dreifachverglasung.<\/p>\n<\/div>\n<p><!----><\/p>\n<h3 class=\"wp-block-heading\">Welche Art von Bodenbelag sollte ich in meinem Wintergarten verwenden?<\/h3>\n<p><!----><\/p>\n<div class=\"wordpress-paragraph\" style=\"--25ab227a:left;\" data-v-c0f9f52b=\"\">\n<p>F\u00fcr den Bodenbelag Ihres Wintergartens stehen Ihnen verschiedene Optionen zur Verf\u00fcgung, darunter Fliesen, Laminat, Holz oder Teppich. Es ist wichtig, einen Bodenbelag zu w\u00e4hlen, der f\u00fcr die Bedingungen geeignet ist, da es im Winter ziemlich kalt und im Sommer hei\u00df werden kann.<\/p>\n<\/div>\n<p><!----><\/p>\n<div class=\"wordpress-paragraph\" style=\"--25ab227a:left;\" data-v-c0f9f52b=\"\">\n<p>Wenn Sie in einer besonders kalten Gegend leben, wie zum Beispiel in den meisten Teilen Gro\u00dfbritanniens, k\u00f6nnen Sie sich sogar f\u00fcr eine Fu\u00dfbodenheizung entscheiden. Das kostet zwar zun\u00e4chst etwas mehr, kann Ihnen aber auf lange Sicht Geld sparen, da es eine energieeffizientere Art ist, Ihren Wintergarten zu heizen.<\/p>\n<\/div>\n<p><!----><\/p>\n<h3 class=\"wp-block-heading\">Wie viel kostet der Bau eines eigenen Wintergartens?<\/h3>\n<p><!----><\/p>\n<div class=\"wordpress-paragraph\" style=\"--25ab227a:left;\" data-v-c0f9f52b=\"\">\n<p>Als allgemeine Richtlinie k\u00f6nnen Sie damit rechnen, zwischen 7.500 und 11.000 \u00a3 f\u00fcr einen kleinen Wintergarten aus uPVC und \u00fcber 20.000 \u00a3 f\u00fcr einen gro\u00dfen zu zahlen.<\/p>\n<\/div>\n<p><!----><\/p>\n<div class=\"wordpress-paragraph\" style=\"--25ab227a:left;\" data-v-c0f9f52b=\"\">\n<p>Die Kosten f\u00fcr den Wintergarten h\u00e4ngen von mehreren Faktoren ab, unter anderem von der Gr\u00f6\u00dfe Ihres Wintergartens, der Art der verwendeten Materialien und davon, ob Sie f\u00fcr die Installation einen Fachmann beauftragen.<\/p>\n<\/div>\n<p><!----><\/p>\n<h3 class=\"wp-block-heading\">Ben\u00f6tigen Sie f\u00fcr den Bau eines Wintergartens eine Baugenehmigung?<\/h3>\n<p><!----><\/p>\n<div class=\"wordpress-paragraph\" style=\"--25ab227a:left;\" data-v-c0f9f52b=\"\">\n<p>Wie bereits in der Einleitung erw\u00e4hnt, sollten Sie es vor Baubeginn noch einmal erw\u00e4hnen: In den folgenden F\u00e4llen ben\u00f6tigen Sie in der Regel eine Baugenehmigung:<\/p>\n<\/div>\n<p><!----><\/p>\n<div class=\"wordpress-list\" style=\"--59fc38e0:;\" data-v-9bc93961=\"\">\n<ul class=\"wordpress-list__wrapper\" data-v-9bc93961=\"\">\n<li>Mehr als 50 % des Grundst\u00fccks, einschlie\u00dflich aller anderen Geb\u00e4ude, rund um das \u201eurspr\u00fcngliche Haus\u201c, m\u00fcssen abgedeckt werden.<\/li>\n<li>Der Anbau befindet sich vor der Vorderseite oder Seite des Grundst\u00fccks und ist auf eine Stra\u00dfe ausgerichtet.<\/li>\n<\/ul>\n<\/div>\n<p><!----><\/p>\n<h3 class=\"wp-block-heading\">Wie lange halten Winterg\u00e4rten?<\/h3>\n<p><!----><\/p>\n<div class=\"wordpress-paragraph\" style=\"--25ab227a:left;\" data-v-c0f9f52b=\"\">\n<p>Ein gut gebauter und gepflegter Wintergarten sollte mindestens 20 bis 25 Jahre halten. Das gilt sogar f\u00fcr selbstgebaute Winterg\u00e4rten. Wie bei den meisten Dingen im Leben ist regelm\u00e4\u00dfige Wartung der Schl\u00fcssel zu einer l\u00e4ngeren Lebensdauer Ihres Wintergartens. Das bedeutet, dass Sie nach Anzeichen von Sch\u00e4den suchen und diese so schnell wie m\u00f6glich reparieren sowie das Dach Ihres Wintergartens regelm\u00e4\u00dfig von au\u00dfen und innen reinigen.<\/p>\n<\/div>\n<p><!----><\/p>\n<div class=\"wordpress-paragraph\" style=\"--25ab227a:left;\" data-v-c0f9f52b=\"\">\n<p>Es ist auch wichtig, sicherzustellen, dass der Wintergarten ausreichend bel\u00fcftet ist, um Kondenswasserbildung zu verhindern. Eine der besten M\u00f6glichkeiten hierf\u00fcr besteht darin, an einem sonnigen Tag die Fenster und T\u00fcren zu \u00f6ffnen, um die Luft zirkulieren zu lassen, oder beim Einbau der Fenster L\u00fcftungsschlitze einzubauen.<\/p>\n<\/div>\n<p><!----><\/p>\n<div class=\"wordpress-paragraph\" style=\"--25ab227a:left;\" data-v-c0f9f52b=\"\">\n<p>Sie sollten auch die Anbringung einer Jalousie oder eines Rollladens f\u00fcr den Wintergarten in Betracht ziehen, um die Temperatur konstant zu halten und zu verhindern, dass Ihre M\u00f6bel durch die Sonne ausbleichen.<\/p>\n<\/div>\n<p><!----><\/p>\n<h2 class=\"wp-block-heading\">Abschlie\u00dfende Gedanken:<\/h2>\n<p><!----><\/p>\n<div class=\"wordpress-paragraph\" style=\"--25ab227a:left;\" data-v-c0f9f52b=\"\">\n<p>Wenn Sie dar\u00fcber nachdenken, Ihrem Haus einen Wintergarten hinzuzuf\u00fcgen, hoffen wir, dass dieser Leitfaden hilfreich war. Der Bau eines eigenen Wintergartens kann eine gro\u00dfartige M\u00f6glichkeit sein, den Wert Ihrer Immobilie zu steigern und zus\u00e4tzlichen Wohnraum zu schaffen.<\/p>\n<\/div>\n<p><!----><\/p>\n<div class=\"wordpress-paragraph\" style=\"--25ab227a:left;\" data-v-c0f9f52b=\"\">\n<p>Wir hoffen, dass Ihnen dieser Leitfaden zum Bau eines Wintergartens n\u00fctzlich war. Wenn Sie Fragen oder Kommentare haben, k\u00f6nnen Sie diese gerne unten hinterlassen. Vielen Dank f\u00fcrs Lesen!<\/p>\n<\/div>\n<p><!--)--><\/div>\n","protected":false},"excerpt":{"rendered":"<p>Wenn Sie schon immer von einem Wintergarten in Ihrem Haus getr\u00e4umt haben, ist es jetzt an der Zeit, diesen Traum Wirklichkeit werden zu lassen. Ein<\/p>\n","protected":false},"author":1,"featured_media":271,"comment_status":"closed","ping_status":"","sticky":false,"template":"","format":"standard","meta":{"footnotes":""},"categories":[87],"tags":[456,166,569,92,165,568],"class_list":["post-270","post","type-post","status-publish","format-standard","has-post-thumbnail","hentry","category-energie","tag-bauen","tag-einen","tag-komplettloesung","tag-september","tag-sie","tag-wintergarten","generate-columns","tablet-grid-50","mobile-grid-100","grid-parent","grid-50"],"yoast_head":"<!-- This site is optimized with the Yoast SEO plugin v27.3 - https:\/\/yoast.com\/product\/yoast-seo-wordpress\/ -->\n<title>So bauen Sie einen Wintergarten: Komplettl\u00f6sung im September 2024 - Nachrichten - Stra\u00dfenweb<\/title>\n<meta name=\"robots\" content=\"index, follow, max-snippet:-1, max-image-preview:large, max-video-preview:-1\" \/>\n<link rel=\"canonical\" href=\"https:\/\/www.strassenweb.de\/nachrichten\/so-bauen-sie-einen-wintergarten-komplettloesung-im-september-2024\/\" \/>\n<meta property=\"og:locale\" content=\"de_DE\" \/>\n<meta property=\"og:type\" content=\"article\" \/>\n<meta property=\"og:title\" content=\"So bauen Sie einen Wintergarten: Komplettl\u00f6sung im September 2024 - Nachrichten - Stra\u00dfenweb\" \/>\n<meta property=\"og:description\" content=\"Wenn Sie schon immer von einem Wintergarten in Ihrem Haus getr\u00e4umt haben, ist es jetzt an der Zeit, diesen Traum Wirklichkeit werden zu lassen. Ein\" \/>\n<meta property=\"og:url\" content=\"https:\/\/www.strassenweb.de\/nachrichten\/so-bauen-sie-einen-wintergarten-komplettloesung-im-september-2024\/\" \/>\n<meta property=\"og:site_name\" content=\"Stra\u00dfenweb\" \/>\n<meta property=\"article:publisher\" content=\"https:\/\/www.facebook.com\/strassenweb\/\" \/>\n<meta property=\"article:published_time\" content=\"2024-09-26T09:38:21+00:00\" \/>\n<meta property=\"article:modified_time\" content=\"2024-09-26T09:38:23+00:00\" \/>\n<meta property=\"og:image\" content=\"https:\/\/www.strassenweb.de\/nachrichten\/wp-content\/uploads\/2024\/09\/So-bauen-Sie-einen-Wintergarten-Komplettloesung-im-September-2024.jpg\" \/>\n\t<meta property=\"og:image:width\" content=\"1000\" \/>\n\t<meta property=\"og:image:height\" content=\"716\" \/>\n\t<meta property=\"og:image:type\" content=\"image\/jpeg\" \/>\n<meta name=\"author\" content=\"Robert Hoffmann\" \/>\n<meta name=\"twitter:card\" content=\"summary_large_image\" \/>\n<meta name=\"twitter:label1\" content=\"Verfasst von\" \/>\n\t<meta name=\"twitter:data1\" content=\"Robert Hoffmann\" \/>\n\t<meta name=\"twitter:label2\" content=\"Gesch\u00e4tzte Lesezeit\" \/>\n\t<meta name=\"twitter:data2\" content=\"10\u00a0Minuten\" \/>\n<script type=\"application\/ld+json\" class=\"yoast-schema-graph\">{\"@context\":\"https:\\\/\\\/schema.org\",\"@graph\":[{\"@type\":\"Article\",\"@id\":\"https:\\\/\\\/www.strassenweb.de\\\/nachrichten\\\/so-bauen-sie-einen-wintergarten-komplettloesung-im-september-2024\\\/#article\",\"isPartOf\":{\"@id\":\"https:\\\/\\\/www.strassenweb.de\\\/nachrichten\\\/so-bauen-sie-einen-wintergarten-komplettloesung-im-september-2024\\\/\"},\"author\":{\"name\":\"Robert Hoffmann\",\"@id\":\"https:\\\/\\\/www.strassenweb.de\\\/nachrichten\\\/#\\\/schema\\\/person\\\/87c9c9067f1211da429a744dc5a5aa41\"},\"headline\":\"So bauen Sie einen Wintergarten: Komplettl\u00f6sung im September 2024\",\"datePublished\":\"2024-09-26T09:38:21+00:00\",\"dateModified\":\"2024-09-26T09:38:23+00:00\",\"mainEntityOfPage\":{\"@id\":\"https:\\\/\\\/www.strassenweb.de\\\/nachrichten\\\/so-bauen-sie-einen-wintergarten-komplettloesung-im-september-2024\\\/\"},\"wordCount\":2093,\"publisher\":{\"@id\":\"https:\\\/\\\/www.strassenweb.de\\\/nachrichten\\\/#organization\"},\"image\":{\"@id\":\"https:\\\/\\\/www.strassenweb.de\\\/nachrichten\\\/so-bauen-sie-einen-wintergarten-komplettloesung-im-september-2024\\\/#primaryimage\"},\"thumbnailUrl\":\"https:\\\/\\\/www.strassenweb.de\\\/nachrichten\\\/wp-content\\\/uploads\\\/2024\\\/09\\\/So-bauen-Sie-einen-Wintergarten-Komplettloesung-im-September-2024.jpg\",\"keywords\":[\"bauen\",\"einen\",\"Komplettl\u00f6sung\",\"September\",\"Sie\",\"Wintergarten\"],\"articleSection\":[\"Energie\"],\"inLanguage\":\"de\"},{\"@type\":\"WebPage\",\"@id\":\"https:\\\/\\\/www.strassenweb.de\\\/nachrichten\\\/so-bauen-sie-einen-wintergarten-komplettloesung-im-september-2024\\\/\",\"url\":\"https:\\\/\\\/www.strassenweb.de\\\/nachrichten\\\/so-bauen-sie-einen-wintergarten-komplettloesung-im-september-2024\\\/\",\"name\":\"So bauen Sie einen Wintergarten: Komplettl\u00f6sung im September 2024 - Nachrichten - Stra\u00dfenweb\",\"isPartOf\":{\"@id\":\"https:\\\/\\\/www.strassenweb.de\\\/nachrichten\\\/#website\"},\"primaryImageOfPage\":{\"@id\":\"https:\\\/\\\/www.strassenweb.de\\\/nachrichten\\\/so-bauen-sie-einen-wintergarten-komplettloesung-im-september-2024\\\/#primaryimage\"},\"image\":{\"@id\":\"https:\\\/\\\/www.strassenweb.de\\\/nachrichten\\\/so-bauen-sie-einen-wintergarten-komplettloesung-im-september-2024\\\/#primaryimage\"},\"thumbnailUrl\":\"https:\\\/\\\/www.strassenweb.de\\\/nachrichten\\\/wp-content\\\/uploads\\\/2024\\\/09\\\/So-bauen-Sie-einen-Wintergarten-Komplettloesung-im-September-2024.jpg\",\"datePublished\":\"2024-09-26T09:38:21+00:00\",\"dateModified\":\"2024-09-26T09:38:23+00:00\",\"breadcrumb\":{\"@id\":\"https:\\\/\\\/www.strassenweb.de\\\/nachrichten\\\/so-bauen-sie-einen-wintergarten-komplettloesung-im-september-2024\\\/#breadcrumb\"},\"inLanguage\":\"de\",\"potentialAction\":[{\"@type\":\"ReadAction\",\"target\":[\"https:\\\/\\\/www.strassenweb.de\\\/nachrichten\\\/so-bauen-sie-einen-wintergarten-komplettloesung-im-september-2024\\\/\"]}]},{\"@type\":\"ImageObject\",\"inLanguage\":\"de\",\"@id\":\"https:\\\/\\\/www.strassenweb.de\\\/nachrichten\\\/so-bauen-sie-einen-wintergarten-komplettloesung-im-september-2024\\\/#primaryimage\",\"url\":\"https:\\\/\\\/www.strassenweb.de\\\/nachrichten\\\/wp-content\\\/uploads\\\/2024\\\/09\\\/So-bauen-Sie-einen-Wintergarten-Komplettloesung-im-September-2024.jpg\",\"contentUrl\":\"https:\\\/\\\/www.strassenweb.de\\\/nachrichten\\\/wp-content\\\/uploads\\\/2024\\\/09\\\/So-bauen-Sie-einen-Wintergarten-Komplettloesung-im-September-2024.jpg\",\"width\":1000,\"height\":716,\"caption\":\"Conservatory construction.\"},{\"@type\":\"BreadcrumbList\",\"@id\":\"https:\\\/\\\/www.strassenweb.de\\\/nachrichten\\\/so-bauen-sie-einen-wintergarten-komplettloesung-im-september-2024\\\/#breadcrumb\",\"itemListElement\":[{\"@type\":\"ListItem\",\"position\":1,\"name\":\"Home\",\"item\":\"https:\\\/\\\/www.strassenweb.de\\\/nachrichten\\\/\"},{\"@type\":\"ListItem\",\"position\":2,\"name\":\"So bauen Sie einen Wintergarten: Komplettl\u00f6sung im September 2024\"}]},{\"@type\":\"WebSite\",\"@id\":\"https:\\\/\\\/www.strassenweb.de\\\/nachrichten\\\/#website\",\"url\":\"https:\\\/\\\/www.strassenweb.de\\\/nachrichten\\\/\",\"name\":\"Stra\u00dfenweb\",\"description\":\"Stra\u00dfenverzeichnis f\u00fcr Deutschland\",\"publisher\":{\"@id\":\"https:\\\/\\\/www.strassenweb.de\\\/nachrichten\\\/#organization\"},\"potentialAction\":[{\"@type\":\"SearchAction\",\"target\":{\"@type\":\"EntryPoint\",\"urlTemplate\":\"https:\\\/\\\/www.strassenweb.de\\\/nachrichten\\\/?s={search_term_string}\"},\"query-input\":{\"@type\":\"PropertyValueSpecification\",\"valueRequired\":true,\"valueName\":\"search_term_string\"}}],\"inLanguage\":\"de\"},{\"@type\":\"Organization\",\"@id\":\"https:\\\/\\\/www.strassenweb.de\\\/nachrichten\\\/#organization\",\"name\":\"Stra\u00dfenweb\",\"url\":\"https:\\\/\\\/www.strassenweb.de\\\/nachrichten\\\/\",\"logo\":{\"@type\":\"ImageObject\",\"inLanguage\":\"de\",\"@id\":\"https:\\\/\\\/www.strassenweb.de\\\/nachrichten\\\/#\\\/schema\\\/logo\\\/image\\\/\",\"url\":\"https:\\\/\\\/www.strassenweb.de\\\/nachrichten\\\/wp-content\\\/uploads\\\/2024\\\/09\\\/cropped-favicon.png\",\"contentUrl\":\"https:\\\/\\\/www.strassenweb.de\\\/nachrichten\\\/wp-content\\\/uploads\\\/2024\\\/09\\\/cropped-favicon.png\",\"width\":512,\"height\":512,\"caption\":\"Stra\u00dfenweb\"},\"image\":{\"@id\":\"https:\\\/\\\/www.strassenweb.de\\\/nachrichten\\\/#\\\/schema\\\/logo\\\/image\\\/\"},\"sameAs\":[\"https:\\\/\\\/www.facebook.com\\\/strassenweb\\\/\"]},{\"@type\":\"Person\",\"@id\":\"https:\\\/\\\/www.strassenweb.de\\\/nachrichten\\\/#\\\/schema\\\/person\\\/87c9c9067f1211da429a744dc5a5aa41\",\"name\":\"Robert Hoffmann\",\"image\":{\"@type\":\"ImageObject\",\"inLanguage\":\"de\",\"@id\":\"https:\\\/\\\/www.strassenweb.de\\\/nachrichten\\\/wp-content\\\/uploads\\\/2024\\\/09\\\/strassenweb-150x150.jpg\",\"url\":\"https:\\\/\\\/www.strassenweb.de\\\/nachrichten\\\/wp-content\\\/uploads\\\/2024\\\/09\\\/strassenweb-150x150.jpg\",\"contentUrl\":\"https:\\\/\\\/www.strassenweb.de\\\/nachrichten\\\/wp-content\\\/uploads\\\/2024\\\/09\\\/strassenweb-150x150.jpg\",\"caption\":\"Robert Hoffmann\"},\"description\":\"Ich hei\u00dfe Robert Hoffmann und ich bin ein leidenschaftlicher Verfechter von \u00d6kologie und Biodiversit\u00e4t. Seit meiner Kindheit in den W\u00e4ldern Bayerns f\u00fchle ich mich mit der Natur verbunden und bin entschlossen, sie zu sch\u00fctzen. Heute widme ich mein Leben der Sensibilisierung anderer f\u00fcr die Bedeutung des Umweltschutzes f\u00fcr zuk\u00fcnftige Generationen.\",\"sameAs\":[\"https:\\\/\\\/www.strassenweb.de\\\/\"]}]}<\/script>\n<!-- \/ Yoast SEO plugin. -->","yoast_head_json":{"title":"So bauen Sie einen Wintergarten: Komplettl\u00f6sung im September 2024 - Nachrichten - Stra\u00dfenweb","robots":{"index":"index","follow":"follow","max-snippet":"max-snippet:-1","max-image-preview":"max-image-preview:large","max-video-preview":"max-video-preview:-1"},"canonical":"https:\/\/www.strassenweb.de\/nachrichten\/so-bauen-sie-einen-wintergarten-komplettloesung-im-september-2024\/","og_locale":"de_DE","og_type":"article","og_title":"So bauen Sie einen Wintergarten: Komplettl\u00f6sung im September 2024 - Nachrichten - Stra\u00dfenweb","og_description":"Wenn Sie schon immer von einem Wintergarten in Ihrem Haus getr\u00e4umt haben, ist es jetzt an der Zeit, diesen Traum Wirklichkeit werden zu lassen. Ein","og_url":"https:\/\/www.strassenweb.de\/nachrichten\/so-bauen-sie-einen-wintergarten-komplettloesung-im-september-2024\/","og_site_name":"Stra\u00dfenweb","article_publisher":"https:\/\/www.facebook.com\/strassenweb\/","article_published_time":"2024-09-26T09:38:21+00:00","article_modified_time":"2024-09-26T09:38:23+00:00","og_image":[{"width":1000,"height":716,"url":"https:\/\/www.strassenweb.de\/nachrichten\/wp-content\/uploads\/2024\/09\/So-bauen-Sie-einen-Wintergarten-Komplettloesung-im-September-2024.jpg","type":"image\/jpeg"}],"author":"Robert Hoffmann","twitter_card":"summary_large_image","twitter_misc":{"Verfasst von":"Robert Hoffmann","Gesch\u00e4tzte Lesezeit":"10\u00a0Minuten"},"schema":{"@context":"https:\/\/schema.org","@graph":[{"@type":"Article","@id":"https:\/\/www.strassenweb.de\/nachrichten\/so-bauen-sie-einen-wintergarten-komplettloesung-im-september-2024\/#article","isPartOf":{"@id":"https:\/\/www.strassenweb.de\/nachrichten\/so-bauen-sie-einen-wintergarten-komplettloesung-im-september-2024\/"},"author":{"name":"Robert Hoffmann","@id":"https:\/\/www.strassenweb.de\/nachrichten\/#\/schema\/person\/87c9c9067f1211da429a744dc5a5aa41"},"headline":"So bauen Sie einen Wintergarten: Komplettl\u00f6sung im September 2024","datePublished":"2024-09-26T09:38:21+00:00","dateModified":"2024-09-26T09:38:23+00:00","mainEntityOfPage":{"@id":"https:\/\/www.strassenweb.de\/nachrichten\/so-bauen-sie-einen-wintergarten-komplettloesung-im-september-2024\/"},"wordCount":2093,"publisher":{"@id":"https:\/\/www.strassenweb.de\/nachrichten\/#organization"},"image":{"@id":"https:\/\/www.strassenweb.de\/nachrichten\/so-bauen-sie-einen-wintergarten-komplettloesung-im-september-2024\/#primaryimage"},"thumbnailUrl":"https:\/\/www.strassenweb.de\/nachrichten\/wp-content\/uploads\/2024\/09\/So-bauen-Sie-einen-Wintergarten-Komplettloesung-im-September-2024.jpg","keywords":["bauen","einen","Komplettl\u00f6sung","September","Sie","Wintergarten"],"articleSection":["Energie"],"inLanguage":"de"},{"@type":"WebPage","@id":"https:\/\/www.strassenweb.de\/nachrichten\/so-bauen-sie-einen-wintergarten-komplettloesung-im-september-2024\/","url":"https:\/\/www.strassenweb.de\/nachrichten\/so-bauen-sie-einen-wintergarten-komplettloesung-im-september-2024\/","name":"So bauen Sie einen Wintergarten: Komplettl\u00f6sung im September 2024 - Nachrichten - Stra\u00dfenweb","isPartOf":{"@id":"https:\/\/www.strassenweb.de\/nachrichten\/#website"},"primaryImageOfPage":{"@id":"https:\/\/www.strassenweb.de\/nachrichten\/so-bauen-sie-einen-wintergarten-komplettloesung-im-september-2024\/#primaryimage"},"image":{"@id":"https:\/\/www.strassenweb.de\/nachrichten\/so-bauen-sie-einen-wintergarten-komplettloesung-im-september-2024\/#primaryimage"},"thumbnailUrl":"https:\/\/www.strassenweb.de\/nachrichten\/wp-content\/uploads\/2024\/09\/So-bauen-Sie-einen-Wintergarten-Komplettloesung-im-September-2024.jpg","datePublished":"2024-09-26T09:38:21+00:00","dateModified":"2024-09-26T09:38:23+00:00","breadcrumb":{"@id":"https:\/\/www.strassenweb.de\/nachrichten\/so-bauen-sie-einen-wintergarten-komplettloesung-im-september-2024\/#breadcrumb"},"inLanguage":"de","potentialAction":[{"@type":"ReadAction","target":["https:\/\/www.strassenweb.de\/nachrichten\/so-bauen-sie-einen-wintergarten-komplettloesung-im-september-2024\/"]}]},{"@type":"ImageObject","inLanguage":"de","@id":"https:\/\/www.strassenweb.de\/nachrichten\/so-bauen-sie-einen-wintergarten-komplettloesung-im-september-2024\/#primaryimage","url":"https:\/\/www.strassenweb.de\/nachrichten\/wp-content\/uploads\/2024\/09\/So-bauen-Sie-einen-Wintergarten-Komplettloesung-im-September-2024.jpg","contentUrl":"https:\/\/www.strassenweb.de\/nachrichten\/wp-content\/uploads\/2024\/09\/So-bauen-Sie-einen-Wintergarten-Komplettloesung-im-September-2024.jpg","width":1000,"height":716,"caption":"Conservatory construction."},{"@type":"BreadcrumbList","@id":"https:\/\/www.strassenweb.de\/nachrichten\/so-bauen-sie-einen-wintergarten-komplettloesung-im-september-2024\/#breadcrumb","itemListElement":[{"@type":"ListItem","position":1,"name":"Home","item":"https:\/\/www.strassenweb.de\/nachrichten\/"},{"@type":"ListItem","position":2,"name":"So bauen Sie einen Wintergarten: Komplettl\u00f6sung im September 2024"}]},{"@type":"WebSite","@id":"https:\/\/www.strassenweb.de\/nachrichten\/#website","url":"https:\/\/www.strassenweb.de\/nachrichten\/","name":"Stra\u00dfenweb","description":"Stra\u00dfenverzeichnis f\u00fcr Deutschland","publisher":{"@id":"https:\/\/www.strassenweb.de\/nachrichten\/#organization"},"potentialAction":[{"@type":"SearchAction","target":{"@type":"EntryPoint","urlTemplate":"https:\/\/www.strassenweb.de\/nachrichten\/?s={search_term_string}"},"query-input":{"@type":"PropertyValueSpecification","valueRequired":true,"valueName":"search_term_string"}}],"inLanguage":"de"},{"@type":"Organization","@id":"https:\/\/www.strassenweb.de\/nachrichten\/#organization","name":"Stra\u00dfenweb","url":"https:\/\/www.strassenweb.de\/nachrichten\/","logo":{"@type":"ImageObject","inLanguage":"de","@id":"https:\/\/www.strassenweb.de\/nachrichten\/#\/schema\/logo\/image\/","url":"https:\/\/www.strassenweb.de\/nachrichten\/wp-content\/uploads\/2024\/09\/cropped-favicon.png","contentUrl":"https:\/\/www.strassenweb.de\/nachrichten\/wp-content\/uploads\/2024\/09\/cropped-favicon.png","width":512,"height":512,"caption":"Stra\u00dfenweb"},"image":{"@id":"https:\/\/www.strassenweb.de\/nachrichten\/#\/schema\/logo\/image\/"},"sameAs":["https:\/\/www.facebook.com\/strassenweb\/"]},{"@type":"Person","@id":"https:\/\/www.strassenweb.de\/nachrichten\/#\/schema\/person\/87c9c9067f1211da429a744dc5a5aa41","name":"Robert Hoffmann","image":{"@type":"ImageObject","inLanguage":"de","@id":"https:\/\/www.strassenweb.de\/nachrichten\/wp-content\/uploads\/2024\/09\/strassenweb-150x150.jpg","url":"https:\/\/www.strassenweb.de\/nachrichten\/wp-content\/uploads\/2024\/09\/strassenweb-150x150.jpg","contentUrl":"https:\/\/www.strassenweb.de\/nachrichten\/wp-content\/uploads\/2024\/09\/strassenweb-150x150.jpg","caption":"Robert Hoffmann"},"description":"Ich hei\u00dfe Robert Hoffmann und ich bin ein leidenschaftlicher Verfechter von \u00d6kologie und Biodiversit\u00e4t. Seit meiner Kindheit in den W\u00e4ldern Bayerns f\u00fchle ich mich mit der Natur verbunden und bin entschlossen, sie zu sch\u00fctzen. Heute widme ich mein Leben der Sensibilisierung anderer f\u00fcr die Bedeutung des Umweltschutzes f\u00fcr zuk\u00fcnftige Generationen.","sameAs":["https:\/\/www.strassenweb.de\/"]}]}},"_links":{"self":[{"href":"https:\/\/www.strassenweb.de\/nachrichten\/wp-json\/wp\/v2\/posts\/270","targetHints":{"allow":["GET"]}}],"collection":[{"href":"https:\/\/www.strassenweb.de\/nachrichten\/wp-json\/wp\/v2\/posts"}],"about":[{"href":"https:\/\/www.strassenweb.de\/nachrichten\/wp-json\/wp\/v2\/types\/post"}],"author":[{"embeddable":true,"href":"https:\/\/www.strassenweb.de\/nachrichten\/wp-json\/wp\/v2\/users\/1"}],"replies":[{"embeddable":true,"href":"https:\/\/www.strassenweb.de\/nachrichten\/wp-json\/wp\/v2\/comments?post=270"}],"version-history":[{"count":0,"href":"https:\/\/www.strassenweb.de\/nachrichten\/wp-json\/wp\/v2\/posts\/270\/revisions"}],"wp:featuredmedia":[{"embeddable":true,"href":"https:\/\/www.strassenweb.de\/nachrichten\/wp-json\/wp\/v2\/media\/271"}],"wp:attachment":[{"href":"https:\/\/www.strassenweb.de\/nachrichten\/wp-json\/wp\/v2\/media?parent=270"}],"wp:term":[{"taxonomy":"category","embeddable":true,"href":"https:\/\/www.strassenweb.de\/nachrichten\/wp-json\/wp\/v2\/categories?post=270"},{"taxonomy":"post_tag","embeddable":true,"href":"https:\/\/www.strassenweb.de\/nachrichten\/wp-json\/wp\/v2\/tags?post=270"}],"curies":[{"name":"wp","href":"https:\/\/api.w.org\/{rel}","templated":true}]}}