{"id":2693,"date":"2025-01-13T16:15:13","date_gmt":"2025-01-13T15:15:13","guid":{"rendered":"https:\/\/www.strassenweb.de\/nachrichten\/wie-man-einen-zwetschgenbaum-zum-tragen-bringt-3-expertentipps-fuer-den-anbau-dieser-saeuerlichen-violetten-pflanze\/"},"modified":"2025-01-13T16:15:14","modified_gmt":"2025-01-13T15:15:14","slug":"wie-man-einen-zwetschgenbaum-zum-tragen-bringt-3-expertentipps-fuer-den-anbau-dieser-saeuerlichen-violetten-pflanze","status":"publish","type":"post","link":"https:\/\/www.strassenweb.de\/nachrichten\/wie-man-einen-zwetschgenbaum-zum-tragen-bringt-3-expertentipps-fuer-den-anbau-dieser-saeuerlichen-violetten-pflanze\/","title":{"rendered":"Wie man einen Zwetschgenbaum zum Tragen bringt \u2013 3 Expertentipps f\u00fcr den Anbau dieser s\u00e4uerlichen, violetten Pflanze"},"content":{"rendered":"<p><\/p>\n<div id=\"article-body\" class=\"article__body \">\n<p>Zwetschgen sind eng mit Pflaumen verwandt, sind aber meist deutlich kleiner und schmecken weniger s\u00fc\u00df. Obwohl sie ziemlich s\u00e4uerlich sind, sind sie eine wertvolle Zutat f\u00fcr die Herstellung von Marmelade und f\u00fcr die Verwendung in einer Reihe von Desserts, weshalb sich viele G\u00e4rtner daf\u00fcr entscheiden, sie in ihren G\u00e4rten anzubauen.<\/p>\n<div id=\"ad-unit-1\" class=\"ad-unit\"><\/div>\n<p>Wie bei allen Obstb\u00e4umen kann es ziemlich entmutigend sein, wenn Ihr Zwetschgenbaum nicht \u00fcppig w\u00e4chst. Dies gilt insbesondere dann, wenn Sie das ganze Jahr \u00fcber Zeit damit verbracht haben, Ihren Baum zu hegen und zu pflegen, nur weil in der Fruchtsaison keine Ernte eintrifft. Die gute Nachricht ist jedoch, dass es genau wie beim Pflaumenbaum einige Dinge gibt, die Sie tun k\u00f6nnen, um beim Zwetschgenbaum Fr\u00fcchte zu tragen.<\/p>\n<p>Unabh\u00e4ngig davon, ob Sie Ihren eingetopften Zwetschgenbaum umstellen oder den Boden anpassen m\u00fcssen, gibt es in der Regel eine L\u00f6sung f\u00fcr den Fall, dass der Zwetschke keine Fr\u00fcchte tr\u00e4gt. Hier sind drei Dinge, die Sie ausprobieren k\u00f6nnen, um Ihnen den Einstieg zu erleichtern.<\/p>\n<div id=\"desktop-in-article\" class=\"in-article ad-unit\">\n<div id=\"desktop-taboola-mid-article\"><\/div>\n<\/div>\n<div id=\"mobile-in-article\" class=\"in-article ad-unit\">\n<div id=\"mobile-taboola-mid-article\"><\/div>\n<\/div>\n<figure class=\"van-image-figure inline-layout \" data-bordeaux-image-check>\n<div class=\"image-full-width-wrapper\">\n<div class=\"image-widthsetter\" style=\"max-width:2400px;\"><\/div>\n<\/div>\n<\/figure>\n<h3 class=\"article-body__section\" id=\"section-3-ways-to-get-a-damson-tree-to-fruit\"><span>3 M\u00f6glichkeiten, wie ein Zwetschgenbaum Fr\u00fcchte tr\u00e4gt<\/span><\/h3>\n<aside class=\"hawk-nest\" data-block-type=\"embed\" data-render-type=\"fte\" data-skip=\"dealsy\" data-widget-type=\"seasonal\">\n<div class=\"hawk-master-widget-hawk-base-wrapper\"><\/div>\n<\/aside>\n<p>Das Erste, was Sie dar\u00fcber wissen m\u00fcssen, wie man einen Zwetschgenbaum zum Tragen bringt, ist, dass er am besten in den US-Winterh\u00e4rtezonen 5 bis 7 w\u00e4chst. Es ist auch erw\u00e4hnenswert, dass junge Zwetschgenb\u00e4ume wahrscheinlich keine Fr\u00fcchte produzieren:<\/p>\n<div class=\"van_vid_carousel\">\n<div class=\"van_vid_carousel__padding\">\n<div class=\"van_vid_carousel__container\"><\/div>\n<\/div>\n<\/div>\n<p>\u201eJe nach Klima tragen sie typischerweise im Sp\u00e4tsommer bis Fr\u00fchherbst Fr\u00fcchte\u201c, sagt er <u>Valeria Nyman<\/u>Obstbauexperte und Chief Product Officer bei Taim.io. \u201eAber sie st\u00fcrzen sich nicht darauf. Es kann drei oder sogar f\u00fcnf Jahre dauern, bis junge B\u00e4ume etwas produzieren\u201c, f\u00fcgt sie hinzu.<\/p>\n<div id=\"ad-unit-2\" class=\"ad-unit\"><\/div>\n<p>Vor diesem Hintergrund sind hier drei Dinge, die Sie versuchen k\u00f6nnen, damit ein Zwetschgenbaum Fr\u00fcchte tr\u00e4gt.<\/p>\n<h2 id=\"1-grow-your-damson-tree-in-well-draining-soil-3\">1. Wachsen Sie Ihren Zwetschgenbaum in gut durchl\u00e4ssiger Erde<\/h2>\n<figure class=\"van-image-figure inline-layout \" data-bordeaux-image-check>\n<div class=\"image-full-width-wrapper\">\n<div class=\"image-widthsetter\" style=\"max-width:2400px;\"><\/div>\n<\/div>\n<\/figure>\n<p>Selbst die am einfachsten zu z\u00fcchtenden Obstb\u00e4ume gedeihen nicht gut, wenn sie in \u00fcbers\u00e4ttigtem Boden stehen. Deshalb ist es wichtig, dass Ihr Zwetschgenbaum auf einem gut durchl\u00e4ssigen Boden w\u00e4chst.<\/p>\n<p>\u201eSchwerer, durchn\u00e4sster Lehm ist ein hartes Nein.\u201c Zu viel Sand, auch nein. \u201eSie m\u00f6chten den goldenen Mittelweg anstreben und f\u00fcr einen kleinen N\u00e4hrstoffschub organische Stoffe verwenden\u201c, erkl\u00e4rt Valeria.<\/p>\n<p>Lehmiger Boden eignet sich normalerweise gut f\u00fcr Zwetschgenb\u00e4ume, da er nicht zu schnell austrocknet und es einfacher ist, den Baum auf einem konstanten Feuchtigkeitsniveau zu halten.<\/p>\n<p>Wenn Sie sich nicht sicher sind, welche Bodenart Sie haben, verwenden Sie dieses Bodentestkit von Amazon. Anschlie\u00dfend k\u00f6nnen Sie den Boden nach Bedarf anpassen \u2013 bei kleinen Zwetschgenb\u00e4umen, die in T\u00f6pfen wachsen, ist dies viel einfacher. Sie k\u00f6nnen der Mischung beispielsweise Dinge wie Perlit (von Amazon) hinzuf\u00fcgen, um die Entw\u00e4sserung zu unterst\u00fctzen.<\/p>\n<p>Achten Sie ebenso wie bei der Entw\u00e4sserung darauf, Ihren Zwetschgenbaum nicht zu stark zu bew\u00e4ssern, da dies zu einer Staun\u00e4sse im Boden f\u00fchren k\u00f6nnte.<\/p>\n<p>\u201eZu viel Wasser und die Wurzeln ertrinken, zu wenig und der Baum wird schmollen\u201c, sagt Valeria. \u201eIn Trockenperioden ist eine gr\u00fcndliche und gleichm\u00e4\u00dfige Bew\u00e4sserung von entscheidender Bedeutung, insbesondere im Fr\u00fchling, wenn sie bl\u00fchen, und auch im Sommer, wenn sie Fr\u00fcchte tragen\u201c, erkl\u00e4rt sie.<\/p>\n<h2 id=\"2-provide-your-damson-tree-with-plenty-of-sunlight-3\">2. Versorgen Sie Ihren Zwetschgenbaum mit viel Sonnenlicht<\/h2>\n<figure class=\"van-image-figure inline-layout \" data-bordeaux-image-check>\n<div class=\"image-full-width-wrapper\">\n<div class=\"image-widthsetter\" style=\"max-width:2400px;\"><\/div>\n<\/div>\n<\/figure>\n<p>Ein Schl\u00fcsselelement, damit ein Aprikosenbaum Fr\u00fcchte tr\u00e4gt, ein Maulbeerbaum und jeder andere Baum Fr\u00fcchte tr\u00e4gt, ist die Bereitstellung von ausreichend Sonnenlicht. Zwetschgen sind da nicht anders.<\/p>\n<p>\u201eZu viel Schatten und Zwetschgen geben dem \u00dcberleben Vorrang vor der Fruchtbildung\u201c, bemerkt Valeria. \u201eWenn Ihr Baum von h\u00f6heren B\u00e4umen oder Mauern \u00fcberschattet wird, m\u00fcssen Sie ihm wahrscheinlich ein sonnigeres Zuhause geben\u201c, f\u00fcgt sie hinzu.<\/p>\n<p>Wenn Sie Ihre Zwetschge als einen der einfachsten Obstb\u00e4ume in T\u00f6pfen anbauen m\u00f6chten, m\u00fcssen Sie den Beh\u00e4lter einfach an einen sonnigeren Ort stellen. Eine nach S\u00fcden ausgerichtete Gartenmauer w\u00fcrde gut funktionieren, oder sogar ein sonniger Terrassen-Gem\u00fcsegarten.<\/p>\n<p>Wenn Ihre Zwetschgen jedoch gr\u00f6\u00dfer sind oder ausgepflanzt sind, ist es nicht so einfach, ihnen mehr Sonneneinstrahlung zu bieten. Sie k\u00f6nnen jedoch versuchen, die \u00c4ste der umliegenden B\u00e4ume zu beschneiden, die Ihrer Zwetschge Schatten spenden, um mehr Licht hereinzulassen.<\/p>\n<h2 id=\"3-protect-your-damson-tree-from-frost-3\">3. Sch\u00fctzen Sie Ihren Zwetschgenbaum vor Frost<\/h2>\n<figure class=\"van-image-figure inline-layout \" data-bordeaux-image-check>\n<div class=\"image-full-width-wrapper\">\n<div class=\"image-widthsetter\" style=\"max-width:2400px;\"><\/div>\n<\/div>\n<\/figure>\n<p>\u201eZwetschgen sind selbstfruchtbar, daher brauchen sie keinen Best\u00e4ubungspartner\u201c, bemerkt Valeria. Daher sind nicht mehrere Zwetschgenb\u00e4ume oder Fremdbest\u00e4ubung erforderlich, um die Fr\u00fcchte wachsen zu lassen. Stattdessen best\u00e4uben Zwetschgen sich selbst.<\/p>\n<p>Dies bedeutet jedoch, dass Sie zus\u00e4tzliche Vorsichtsma\u00dfnahmen treffen m\u00fcssen, um sicherzustellen, dass sich eine Zwetschge erfolgreich selbst best\u00e4uben kann.<\/p>\n<p>\u201eW\u00e4hrend der Bl\u00fctenbildung muss es vor Frost gesch\u00fctzt werden, um eine gute Ernte zu erzielen\u201c, sagt er <u>Annette Hird<\/u>erfahrener G\u00e4rtner bei Easy Urban Gardens.<\/p>\n<p>Wenn diese Pflanzen im Fr\u00fchjahr nicht vor Frost gesch\u00fctzt werden, kann es zum Abfallen der Zwetschgenbl\u00fctenknospen kommen. Eine Best\u00e4ubung ist daher nicht m\u00f6glich.<\/p>\n<p>Um optimale Ergebnisse zu erzielen, treffen Sie Vorsichtsma\u00dfnahmen, bis die Sp\u00e4tfrostgefahr vor\u00fcber ist. Sie k\u00f6nnen beispielsweise diese Gartenvliese von Amazon verwenden oder sogar Bettlaken verwenden, um Ihre Pflanzen vor Frost zu sch\u00fctzen. Wenn Sie einen eingetopften Zwetschgenbaum haben, k\u00f6nnen Sie ihn im Rahmen Ihrer Checkliste f\u00fcr die \u00dcberwinterung im Garten sogar an einen gesch\u00fctzten Ort bringen.<\/p>\n<h3 class=\"article-body__section\" id=\"section-faqs\"><span>FAQs<\/span><\/h3>\n<h2 id=\"will-fertilizer-help-damson-trees-fruit-3\">Hilft D\u00fcnger dabei, dass Zwetschgenb\u00e4ume Fr\u00fcchte tragen?<\/h2>\n<p>Absolut. Die D\u00fcngung eines Zwetschgenbaums im Fr\u00fchling und Sommer kann die Fruchtbildung unterst\u00fctzen. Bei der Auswahl der Pflanzennahrung f\u00fcr Ihren Zwetschgenbaum ist es wichtig, auf die Menge an Pflanzend\u00fcngern zu achten \u2013 eine h\u00f6here Kaliumzahl steigert die Fruchtproduktion. Dieser Obstbaumd\u00fcnger von Amazon ist eine gute Wahl. Informieren Sie sich unbedingt dar\u00fcber, wie Sie Obstb\u00e4ume d\u00fcngen, um sicherzustellen, dass Sie Ihren Zwetschgenbaum richtig d\u00fcngen und h\u00e4ufige Fehler beim D\u00fcngen vermeiden.<\/p>\n<hr>\n<p>Man geht allgemein davon aus, dass Zwetschgenb\u00e4ume zuverl\u00e4ssige Fr\u00fcchte tragen. Sobald Sie also einige Anpassungen an ihrem Wachstumsumfeld vornehmen und weiterhin f\u00fcr optimale Pflege sorgen, k\u00f6nnen Sie in den kommenden Jahren mit einer \u00fcppigen Ernte rechnen. Vergessen Sie nicht, auch Ihre Obstb\u00e4ume regelm\u00e4\u00dfig zu beschneiden, um sie sauber und in einem gesunden Zustand zu halten.<\/p>\n<\/div>\n","protected":false},"excerpt":{"rendered":"<p>Zwetschgen sind eng mit Pflaumen verwandt, sind aber meist deutlich kleiner und schmecken weniger s\u00fc\u00df. Obwohl sie ziemlich s\u00e4uerlich sind, sind sie eine wertvolle Zutat<\/p>\n","protected":false},"author":1,"featured_media":2694,"comment_status":"closed","ping_status":"","sticky":false,"template":"","format":"standard","meta":{"footnotes":""},"categories":[118],"tags":[687,563,78,1554,166,416,55,134,1902,4410,4409,4411,26,67,4408],"class_list":["post-2693","post","type-post","status-publish","format-standard","has-post-thumbnail","hentry","category-haus-garten","tag-anbau","tag-bringt","tag-den","tag-dieser","tag-einen","tag-expertentipps","tag-fuer","tag-man","tag-pflanze","tag-saeuerlichen","tag-tragen","tag-violetten","tag-wie","tag-zum","tag-zwetschgenbaum","generate-columns","tablet-grid-50","mobile-grid-100","grid-parent","grid-50"],"yoast_head":"<!-- This site is optimized with the Yoast SEO plugin v27.3 - https:\/\/yoast.com\/product\/yoast-seo-wordpress\/ -->\n<title>Wie man einen Zwetschgenbaum zum Tragen bringt \u2013 3 Expertentipps f\u00fcr den Anbau dieser s\u00e4uerlichen, violetten Pflanze - Nachrichten - Stra\u00dfenweb<\/title>\n<meta name=\"robots\" content=\"index, follow, max-snippet:-1, max-image-preview:large, max-video-preview:-1\" \/>\n<link rel=\"canonical\" href=\"https:\/\/www.strassenweb.de\/nachrichten\/wie-man-einen-zwetschgenbaum-zum-tragen-bringt-3-expertentipps-fuer-den-anbau-dieser-saeuerlichen-violetten-pflanze\/\" \/>\n<meta property=\"og:locale\" content=\"de_DE\" \/>\n<meta property=\"og:type\" content=\"article\" \/>\n<meta property=\"og:title\" content=\"Wie man einen Zwetschgenbaum zum Tragen bringt \u2013 3 Expertentipps f\u00fcr den Anbau dieser s\u00e4uerlichen, violetten Pflanze - Nachrichten - Stra\u00dfenweb\" \/>\n<meta property=\"og:description\" content=\"Zwetschgen sind eng mit Pflaumen verwandt, sind aber meist deutlich kleiner und schmecken weniger s\u00fc\u00df. Obwohl sie ziemlich s\u00e4uerlich sind, sind sie eine wertvolle Zutat\" \/>\n<meta property=\"og:url\" content=\"https:\/\/www.strassenweb.de\/nachrichten\/wie-man-einen-zwetschgenbaum-zum-tragen-bringt-3-expertentipps-fuer-den-anbau-dieser-saeuerlichen-violetten-pflanze\/\" \/>\n<meta property=\"og:site_name\" content=\"Stra\u00dfenweb\" \/>\n<meta property=\"article:publisher\" content=\"https:\/\/www.facebook.com\/strassenweb\/\" \/>\n<meta property=\"article:published_time\" content=\"2025-01-13T15:15:13+00:00\" \/>\n<meta property=\"article:modified_time\" content=\"2025-01-13T15:15:14+00:00\" \/>\n<meta property=\"og:image\" content=\"https:\/\/www.strassenweb.de\/nachrichten\/wp-content\/uploads\/2025\/01\/Wie-man-einen-Zwetschgenbaum-zum-Tragen-bringt-\u2013-3-Expertentipps.jpg\" \/>\n\t<meta property=\"og:image:width\" content=\"1200\" \/>\n\t<meta property=\"og:image:height\" content=\"675\" \/>\n\t<meta property=\"og:image:type\" content=\"image\/jpeg\" \/>\n<meta name=\"author\" content=\"Robert Hoffmann\" \/>\n<meta name=\"twitter:card\" content=\"summary_large_image\" \/>\n<meta name=\"twitter:label1\" content=\"Verfasst von\" \/>\n\t<meta name=\"twitter:data1\" content=\"Robert Hoffmann\" \/>\n\t<meta name=\"twitter:label2\" content=\"Gesch\u00e4tzte Lesezeit\" \/>\n\t<meta name=\"twitter:data2\" content=\"5\u00a0Minuten\" \/>\n<script type=\"application\/ld+json\" class=\"yoast-schema-graph\">{\"@context\":\"https:\\\/\\\/schema.org\",\"@graph\":[{\"@type\":\"Article\",\"@id\":\"https:\\\/\\\/www.strassenweb.de\\\/nachrichten\\\/wie-man-einen-zwetschgenbaum-zum-tragen-bringt-3-expertentipps-fuer-den-anbau-dieser-saeuerlichen-violetten-pflanze\\\/#article\",\"isPartOf\":{\"@id\":\"https:\\\/\\\/www.strassenweb.de\\\/nachrichten\\\/wie-man-einen-zwetschgenbaum-zum-tragen-bringt-3-expertentipps-fuer-den-anbau-dieser-saeuerlichen-violetten-pflanze\\\/\"},\"author\":{\"name\":\"Robert Hoffmann\",\"@id\":\"https:\\\/\\\/www.strassenweb.de\\\/nachrichten\\\/#\\\/schema\\\/person\\\/87c9c9067f1211da429a744dc5a5aa41\"},\"headline\":\"Wie man einen Zwetschgenbaum zum Tragen bringt \u2013 3 Expertentipps f\u00fcr den Anbau dieser s\u00e4uerlichen, violetten Pflanze\",\"datePublished\":\"2025-01-13T15:15:13+00:00\",\"dateModified\":\"2025-01-13T15:15:14+00:00\",\"mainEntityOfPage\":{\"@id\":\"https:\\\/\\\/www.strassenweb.de\\\/nachrichten\\\/wie-man-einen-zwetschgenbaum-zum-tragen-bringt-3-expertentipps-fuer-den-anbau-dieser-saeuerlichen-violetten-pflanze\\\/\"},\"wordCount\":1059,\"publisher\":{\"@id\":\"https:\\\/\\\/www.strassenweb.de\\\/nachrichten\\\/#organization\"},\"image\":{\"@id\":\"https:\\\/\\\/www.strassenweb.de\\\/nachrichten\\\/wie-man-einen-zwetschgenbaum-zum-tragen-bringt-3-expertentipps-fuer-den-anbau-dieser-saeuerlichen-violetten-pflanze\\\/#primaryimage\"},\"thumbnailUrl\":\"https:\\\/\\\/www.strassenweb.de\\\/nachrichten\\\/wp-content\\\/uploads\\\/2025\\\/01\\\/Wie-man-einen-Zwetschgenbaum-zum-Tragen-bringt-\u2013-3-Expertentipps.jpg\",\"keywords\":[\"Anbau\",\"bringt\",\"den\",\"dieser\",\"einen\",\"Expertentipps\",\"f\u00fcr\",\"man\",\"pflanze\",\"s\u00e4uerlichen\",\"Tragen\",\"violetten\",\"Wie\",\"zum\",\"Zwetschgenbaum\"],\"articleSection\":[\"Haus &amp; Garten\"],\"inLanguage\":\"de\"},{\"@type\":\"WebPage\",\"@id\":\"https:\\\/\\\/www.strassenweb.de\\\/nachrichten\\\/wie-man-einen-zwetschgenbaum-zum-tragen-bringt-3-expertentipps-fuer-den-anbau-dieser-saeuerlichen-violetten-pflanze\\\/\",\"url\":\"https:\\\/\\\/www.strassenweb.de\\\/nachrichten\\\/wie-man-einen-zwetschgenbaum-zum-tragen-bringt-3-expertentipps-fuer-den-anbau-dieser-saeuerlichen-violetten-pflanze\\\/\",\"name\":\"Wie man einen Zwetschgenbaum zum Tragen bringt \u2013 3 Expertentipps f\u00fcr den Anbau dieser s\u00e4uerlichen, violetten Pflanze - Nachrichten - Stra\u00dfenweb\",\"isPartOf\":{\"@id\":\"https:\\\/\\\/www.strassenweb.de\\\/nachrichten\\\/#website\"},\"primaryImageOfPage\":{\"@id\":\"https:\\\/\\\/www.strassenweb.de\\\/nachrichten\\\/wie-man-einen-zwetschgenbaum-zum-tragen-bringt-3-expertentipps-fuer-den-anbau-dieser-saeuerlichen-violetten-pflanze\\\/#primaryimage\"},\"image\":{\"@id\":\"https:\\\/\\\/www.strassenweb.de\\\/nachrichten\\\/wie-man-einen-zwetschgenbaum-zum-tragen-bringt-3-expertentipps-fuer-den-anbau-dieser-saeuerlichen-violetten-pflanze\\\/#primaryimage\"},\"thumbnailUrl\":\"https:\\\/\\\/www.strassenweb.de\\\/nachrichten\\\/wp-content\\\/uploads\\\/2025\\\/01\\\/Wie-man-einen-Zwetschgenbaum-zum-Tragen-bringt-\u2013-3-Expertentipps.jpg\",\"datePublished\":\"2025-01-13T15:15:13+00:00\",\"dateModified\":\"2025-01-13T15:15:14+00:00\",\"breadcrumb\":{\"@id\":\"https:\\\/\\\/www.strassenweb.de\\\/nachrichten\\\/wie-man-einen-zwetschgenbaum-zum-tragen-bringt-3-expertentipps-fuer-den-anbau-dieser-saeuerlichen-violetten-pflanze\\\/#breadcrumb\"},\"inLanguage\":\"de\",\"potentialAction\":[{\"@type\":\"ReadAction\",\"target\":[\"https:\\\/\\\/www.strassenweb.de\\\/nachrichten\\\/wie-man-einen-zwetschgenbaum-zum-tragen-bringt-3-expertentipps-fuer-den-anbau-dieser-saeuerlichen-violetten-pflanze\\\/\"]}]},{\"@type\":\"ImageObject\",\"inLanguage\":\"de\",\"@id\":\"https:\\\/\\\/www.strassenweb.de\\\/nachrichten\\\/wie-man-einen-zwetschgenbaum-zum-tragen-bringt-3-expertentipps-fuer-den-anbau-dieser-saeuerlichen-violetten-pflanze\\\/#primaryimage\",\"url\":\"https:\\\/\\\/www.strassenweb.de\\\/nachrichten\\\/wp-content\\\/uploads\\\/2025\\\/01\\\/Wie-man-einen-Zwetschgenbaum-zum-Tragen-bringt-\u2013-3-Expertentipps.jpg\",\"contentUrl\":\"https:\\\/\\\/www.strassenweb.de\\\/nachrichten\\\/wp-content\\\/uploads\\\/2025\\\/01\\\/Wie-man-einen-Zwetschgenbaum-zum-Tragen-bringt-\u2013-3-Expertentipps.jpg\",\"width\":1200,\"height\":675,\"caption\":\"Wie man einen Zwetschgenbaum zum Tragen bringt \u2013 3 Expertentipps f\u00fcr den Anbau dieser s\u00e4uerlichen, violetten Pflanze\"},{\"@type\":\"BreadcrumbList\",\"@id\":\"https:\\\/\\\/www.strassenweb.de\\\/nachrichten\\\/wie-man-einen-zwetschgenbaum-zum-tragen-bringt-3-expertentipps-fuer-den-anbau-dieser-saeuerlichen-violetten-pflanze\\\/#breadcrumb\",\"itemListElement\":[{\"@type\":\"ListItem\",\"position\":1,\"name\":\"Home\",\"item\":\"https:\\\/\\\/www.strassenweb.de\\\/nachrichten\\\/\"},{\"@type\":\"ListItem\",\"position\":2,\"name\":\"Wie man einen Zwetschgenbaum zum Tragen bringt \u2013 3 Expertentipps f\u00fcr den Anbau dieser s\u00e4uerlichen, violetten Pflanze\"}]},{\"@type\":\"WebSite\",\"@id\":\"https:\\\/\\\/www.strassenweb.de\\\/nachrichten\\\/#website\",\"url\":\"https:\\\/\\\/www.strassenweb.de\\\/nachrichten\\\/\",\"name\":\"Stra\u00dfenweb\",\"description\":\"Stra\u00dfenverzeichnis f\u00fcr Deutschland\",\"publisher\":{\"@id\":\"https:\\\/\\\/www.strassenweb.de\\\/nachrichten\\\/#organization\"},\"potentialAction\":[{\"@type\":\"SearchAction\",\"target\":{\"@type\":\"EntryPoint\",\"urlTemplate\":\"https:\\\/\\\/www.strassenweb.de\\\/nachrichten\\\/?s={search_term_string}\"},\"query-input\":{\"@type\":\"PropertyValueSpecification\",\"valueRequired\":true,\"valueName\":\"search_term_string\"}}],\"inLanguage\":\"de\"},{\"@type\":\"Organization\",\"@id\":\"https:\\\/\\\/www.strassenweb.de\\\/nachrichten\\\/#organization\",\"name\":\"Stra\u00dfenweb\",\"url\":\"https:\\\/\\\/www.strassenweb.de\\\/nachrichten\\\/\",\"logo\":{\"@type\":\"ImageObject\",\"inLanguage\":\"de\",\"@id\":\"https:\\\/\\\/www.strassenweb.de\\\/nachrichten\\\/#\\\/schema\\\/logo\\\/image\\\/\",\"url\":\"https:\\\/\\\/www.strassenweb.de\\\/nachrichten\\\/wp-content\\\/uploads\\\/2024\\\/09\\\/cropped-favicon.png\",\"contentUrl\":\"https:\\\/\\\/www.strassenweb.de\\\/nachrichten\\\/wp-content\\\/uploads\\\/2024\\\/09\\\/cropped-favicon.png\",\"width\":512,\"height\":512,\"caption\":\"Stra\u00dfenweb\"},\"image\":{\"@id\":\"https:\\\/\\\/www.strassenweb.de\\\/nachrichten\\\/#\\\/schema\\\/logo\\\/image\\\/\"},\"sameAs\":[\"https:\\\/\\\/www.facebook.com\\\/strassenweb\\\/\"]},{\"@type\":\"Person\",\"@id\":\"https:\\\/\\\/www.strassenweb.de\\\/nachrichten\\\/#\\\/schema\\\/person\\\/87c9c9067f1211da429a744dc5a5aa41\",\"name\":\"Robert Hoffmann\",\"image\":{\"@type\":\"ImageObject\",\"inLanguage\":\"de\",\"@id\":\"https:\\\/\\\/www.strassenweb.de\\\/nachrichten\\\/wp-content\\\/uploads\\\/2024\\\/09\\\/strassenweb-150x150.jpg\",\"url\":\"https:\\\/\\\/www.strassenweb.de\\\/nachrichten\\\/wp-content\\\/uploads\\\/2024\\\/09\\\/strassenweb-150x150.jpg\",\"contentUrl\":\"https:\\\/\\\/www.strassenweb.de\\\/nachrichten\\\/wp-content\\\/uploads\\\/2024\\\/09\\\/strassenweb-150x150.jpg\",\"caption\":\"Robert Hoffmann\"},\"description\":\"Ich hei\u00dfe Robert Hoffmann und ich bin ein leidenschaftlicher Verfechter von \u00d6kologie und Biodiversit\u00e4t. Seit meiner Kindheit in den W\u00e4ldern Bayerns f\u00fchle ich mich mit der Natur verbunden und bin entschlossen, sie zu sch\u00fctzen. Heute widme ich mein Leben der Sensibilisierung anderer f\u00fcr die Bedeutung des Umweltschutzes f\u00fcr zuk\u00fcnftige Generationen.\",\"sameAs\":[\"https:\\\/\\\/www.strassenweb.de\\\/\"]}]}<\/script>\n<!-- \/ Yoast SEO plugin. -->","yoast_head_json":{"title":"Wie man einen Zwetschgenbaum zum Tragen bringt \u2013 3 Expertentipps f\u00fcr den Anbau dieser s\u00e4uerlichen, violetten Pflanze - Nachrichten - Stra\u00dfenweb","robots":{"index":"index","follow":"follow","max-snippet":"max-snippet:-1","max-image-preview":"max-image-preview:large","max-video-preview":"max-video-preview:-1"},"canonical":"https:\/\/www.strassenweb.de\/nachrichten\/wie-man-einen-zwetschgenbaum-zum-tragen-bringt-3-expertentipps-fuer-den-anbau-dieser-saeuerlichen-violetten-pflanze\/","og_locale":"de_DE","og_type":"article","og_title":"Wie man einen Zwetschgenbaum zum Tragen bringt \u2013 3 Expertentipps f\u00fcr den Anbau dieser s\u00e4uerlichen, violetten Pflanze - Nachrichten - Stra\u00dfenweb","og_description":"Zwetschgen sind eng mit Pflaumen verwandt, sind aber meist deutlich kleiner und schmecken weniger s\u00fc\u00df. Obwohl sie ziemlich s\u00e4uerlich sind, sind sie eine wertvolle Zutat","og_url":"https:\/\/www.strassenweb.de\/nachrichten\/wie-man-einen-zwetschgenbaum-zum-tragen-bringt-3-expertentipps-fuer-den-anbau-dieser-saeuerlichen-violetten-pflanze\/","og_site_name":"Stra\u00dfenweb","article_publisher":"https:\/\/www.facebook.com\/strassenweb\/","article_published_time":"2025-01-13T15:15:13+00:00","article_modified_time":"2025-01-13T15:15:14+00:00","og_image":[{"width":1200,"height":675,"url":"https:\/\/www.strassenweb.de\/nachrichten\/wp-content\/uploads\/2025\/01\/Wie-man-einen-Zwetschgenbaum-zum-Tragen-bringt-\u2013-3-Expertentipps.jpg","type":"image\/jpeg"}],"author":"Robert Hoffmann","twitter_card":"summary_large_image","twitter_misc":{"Verfasst von":"Robert Hoffmann","Gesch\u00e4tzte Lesezeit":"5\u00a0Minuten"},"schema":{"@context":"https:\/\/schema.org","@graph":[{"@type":"Article","@id":"https:\/\/www.strassenweb.de\/nachrichten\/wie-man-einen-zwetschgenbaum-zum-tragen-bringt-3-expertentipps-fuer-den-anbau-dieser-saeuerlichen-violetten-pflanze\/#article","isPartOf":{"@id":"https:\/\/www.strassenweb.de\/nachrichten\/wie-man-einen-zwetschgenbaum-zum-tragen-bringt-3-expertentipps-fuer-den-anbau-dieser-saeuerlichen-violetten-pflanze\/"},"author":{"name":"Robert Hoffmann","@id":"https:\/\/www.strassenweb.de\/nachrichten\/#\/schema\/person\/87c9c9067f1211da429a744dc5a5aa41"},"headline":"Wie man einen Zwetschgenbaum zum Tragen bringt \u2013 3 Expertentipps f\u00fcr den Anbau dieser s\u00e4uerlichen, violetten Pflanze","datePublished":"2025-01-13T15:15:13+00:00","dateModified":"2025-01-13T15:15:14+00:00","mainEntityOfPage":{"@id":"https:\/\/www.strassenweb.de\/nachrichten\/wie-man-einen-zwetschgenbaum-zum-tragen-bringt-3-expertentipps-fuer-den-anbau-dieser-saeuerlichen-violetten-pflanze\/"},"wordCount":1059,"publisher":{"@id":"https:\/\/www.strassenweb.de\/nachrichten\/#organization"},"image":{"@id":"https:\/\/www.strassenweb.de\/nachrichten\/wie-man-einen-zwetschgenbaum-zum-tragen-bringt-3-expertentipps-fuer-den-anbau-dieser-saeuerlichen-violetten-pflanze\/#primaryimage"},"thumbnailUrl":"https:\/\/www.strassenweb.de\/nachrichten\/wp-content\/uploads\/2025\/01\/Wie-man-einen-Zwetschgenbaum-zum-Tragen-bringt-\u2013-3-Expertentipps.jpg","keywords":["Anbau","bringt","den","dieser","einen","Expertentipps","f\u00fcr","man","pflanze","s\u00e4uerlichen","Tragen","violetten","Wie","zum","Zwetschgenbaum"],"articleSection":["Haus &amp; Garten"],"inLanguage":"de"},{"@type":"WebPage","@id":"https:\/\/www.strassenweb.de\/nachrichten\/wie-man-einen-zwetschgenbaum-zum-tragen-bringt-3-expertentipps-fuer-den-anbau-dieser-saeuerlichen-violetten-pflanze\/","url":"https:\/\/www.strassenweb.de\/nachrichten\/wie-man-einen-zwetschgenbaum-zum-tragen-bringt-3-expertentipps-fuer-den-anbau-dieser-saeuerlichen-violetten-pflanze\/","name":"Wie man einen Zwetschgenbaum zum Tragen bringt \u2013 3 Expertentipps f\u00fcr den Anbau dieser s\u00e4uerlichen, violetten Pflanze - Nachrichten - Stra\u00dfenweb","isPartOf":{"@id":"https:\/\/www.strassenweb.de\/nachrichten\/#website"},"primaryImageOfPage":{"@id":"https:\/\/www.strassenweb.de\/nachrichten\/wie-man-einen-zwetschgenbaum-zum-tragen-bringt-3-expertentipps-fuer-den-anbau-dieser-saeuerlichen-violetten-pflanze\/#primaryimage"},"image":{"@id":"https:\/\/www.strassenweb.de\/nachrichten\/wie-man-einen-zwetschgenbaum-zum-tragen-bringt-3-expertentipps-fuer-den-anbau-dieser-saeuerlichen-violetten-pflanze\/#primaryimage"},"thumbnailUrl":"https:\/\/www.strassenweb.de\/nachrichten\/wp-content\/uploads\/2025\/01\/Wie-man-einen-Zwetschgenbaum-zum-Tragen-bringt-\u2013-3-Expertentipps.jpg","datePublished":"2025-01-13T15:15:13+00:00","dateModified":"2025-01-13T15:15:14+00:00","breadcrumb":{"@id":"https:\/\/www.strassenweb.de\/nachrichten\/wie-man-einen-zwetschgenbaum-zum-tragen-bringt-3-expertentipps-fuer-den-anbau-dieser-saeuerlichen-violetten-pflanze\/#breadcrumb"},"inLanguage":"de","potentialAction":[{"@type":"ReadAction","target":["https:\/\/www.strassenweb.de\/nachrichten\/wie-man-einen-zwetschgenbaum-zum-tragen-bringt-3-expertentipps-fuer-den-anbau-dieser-saeuerlichen-violetten-pflanze\/"]}]},{"@type":"ImageObject","inLanguage":"de","@id":"https:\/\/www.strassenweb.de\/nachrichten\/wie-man-einen-zwetschgenbaum-zum-tragen-bringt-3-expertentipps-fuer-den-anbau-dieser-saeuerlichen-violetten-pflanze\/#primaryimage","url":"https:\/\/www.strassenweb.de\/nachrichten\/wp-content\/uploads\/2025\/01\/Wie-man-einen-Zwetschgenbaum-zum-Tragen-bringt-\u2013-3-Expertentipps.jpg","contentUrl":"https:\/\/www.strassenweb.de\/nachrichten\/wp-content\/uploads\/2025\/01\/Wie-man-einen-Zwetschgenbaum-zum-Tragen-bringt-\u2013-3-Expertentipps.jpg","width":1200,"height":675,"caption":"Wie man einen Zwetschgenbaum zum Tragen bringt \u2013 3 Expertentipps f\u00fcr den Anbau dieser s\u00e4uerlichen, violetten Pflanze"},{"@type":"BreadcrumbList","@id":"https:\/\/www.strassenweb.de\/nachrichten\/wie-man-einen-zwetschgenbaum-zum-tragen-bringt-3-expertentipps-fuer-den-anbau-dieser-saeuerlichen-violetten-pflanze\/#breadcrumb","itemListElement":[{"@type":"ListItem","position":1,"name":"Home","item":"https:\/\/www.strassenweb.de\/nachrichten\/"},{"@type":"ListItem","position":2,"name":"Wie man einen Zwetschgenbaum zum Tragen bringt \u2013 3 Expertentipps f\u00fcr den Anbau dieser s\u00e4uerlichen, violetten Pflanze"}]},{"@type":"WebSite","@id":"https:\/\/www.strassenweb.de\/nachrichten\/#website","url":"https:\/\/www.strassenweb.de\/nachrichten\/","name":"Stra\u00dfenweb","description":"Stra\u00dfenverzeichnis f\u00fcr Deutschland","publisher":{"@id":"https:\/\/www.strassenweb.de\/nachrichten\/#organization"},"potentialAction":[{"@type":"SearchAction","target":{"@type":"EntryPoint","urlTemplate":"https:\/\/www.strassenweb.de\/nachrichten\/?s={search_term_string}"},"query-input":{"@type":"PropertyValueSpecification","valueRequired":true,"valueName":"search_term_string"}}],"inLanguage":"de"},{"@type":"Organization","@id":"https:\/\/www.strassenweb.de\/nachrichten\/#organization","name":"Stra\u00dfenweb","url":"https:\/\/www.strassenweb.de\/nachrichten\/","logo":{"@type":"ImageObject","inLanguage":"de","@id":"https:\/\/www.strassenweb.de\/nachrichten\/#\/schema\/logo\/image\/","url":"https:\/\/www.strassenweb.de\/nachrichten\/wp-content\/uploads\/2024\/09\/cropped-favicon.png","contentUrl":"https:\/\/www.strassenweb.de\/nachrichten\/wp-content\/uploads\/2024\/09\/cropped-favicon.png","width":512,"height":512,"caption":"Stra\u00dfenweb"},"image":{"@id":"https:\/\/www.strassenweb.de\/nachrichten\/#\/schema\/logo\/image\/"},"sameAs":["https:\/\/www.facebook.com\/strassenweb\/"]},{"@type":"Person","@id":"https:\/\/www.strassenweb.de\/nachrichten\/#\/schema\/person\/87c9c9067f1211da429a744dc5a5aa41","name":"Robert Hoffmann","image":{"@type":"ImageObject","inLanguage":"de","@id":"https:\/\/www.strassenweb.de\/nachrichten\/wp-content\/uploads\/2024\/09\/strassenweb-150x150.jpg","url":"https:\/\/www.strassenweb.de\/nachrichten\/wp-content\/uploads\/2024\/09\/strassenweb-150x150.jpg","contentUrl":"https:\/\/www.strassenweb.de\/nachrichten\/wp-content\/uploads\/2024\/09\/strassenweb-150x150.jpg","caption":"Robert Hoffmann"},"description":"Ich hei\u00dfe Robert Hoffmann und ich bin ein leidenschaftlicher Verfechter von \u00d6kologie und Biodiversit\u00e4t. Seit meiner Kindheit in den W\u00e4ldern Bayerns f\u00fchle ich mich mit der Natur verbunden und bin entschlossen, sie zu sch\u00fctzen. Heute widme ich mein Leben der Sensibilisierung anderer f\u00fcr die Bedeutung des Umweltschutzes f\u00fcr zuk\u00fcnftige Generationen.","sameAs":["https:\/\/www.strassenweb.de\/"]}]}},"_links":{"self":[{"href":"https:\/\/www.strassenweb.de\/nachrichten\/wp-json\/wp\/v2\/posts\/2693","targetHints":{"allow":["GET"]}}],"collection":[{"href":"https:\/\/www.strassenweb.de\/nachrichten\/wp-json\/wp\/v2\/posts"}],"about":[{"href":"https:\/\/www.strassenweb.de\/nachrichten\/wp-json\/wp\/v2\/types\/post"}],"author":[{"embeddable":true,"href":"https:\/\/www.strassenweb.de\/nachrichten\/wp-json\/wp\/v2\/users\/1"}],"replies":[{"embeddable":true,"href":"https:\/\/www.strassenweb.de\/nachrichten\/wp-json\/wp\/v2\/comments?post=2693"}],"version-history":[{"count":0,"href":"https:\/\/www.strassenweb.de\/nachrichten\/wp-json\/wp\/v2\/posts\/2693\/revisions"}],"wp:featuredmedia":[{"embeddable":true,"href":"https:\/\/www.strassenweb.de\/nachrichten\/wp-json\/wp\/v2\/media\/2694"}],"wp:attachment":[{"href":"https:\/\/www.strassenweb.de\/nachrichten\/wp-json\/wp\/v2\/media?parent=2693"}],"wp:term":[{"taxonomy":"category","embeddable":true,"href":"https:\/\/www.strassenweb.de\/nachrichten\/wp-json\/wp\/v2\/categories?post=2693"},{"taxonomy":"post_tag","embeddable":true,"href":"https:\/\/www.strassenweb.de\/nachrichten\/wp-json\/wp\/v2\/tags?post=2693"}],"curies":[{"name":"wp","href":"https:\/\/api.w.org\/{rel}","templated":true}]}}