{"id":2679,"date":"2025-01-12T19:42:53","date_gmt":"2025-01-12T18:42:53","guid":{"rendered":"https:\/\/www.strassenweb.de\/nachrichten\/diana-vreelands-ikonisches-wohnzimmer-garden-in-hell-demonstriert-die-zeitlose-kraft-der-dekoration-mit-rot\/"},"modified":"2025-01-12T19:42:54","modified_gmt":"2025-01-12T18:42:54","slug":"diana-vreelands-ikonisches-wohnzimmer-garden-in-hell-demonstriert-die-zeitlose-kraft-der-dekoration-mit-rot","status":"publish","type":"post","link":"https:\/\/www.strassenweb.de\/nachrichten\/diana-vreelands-ikonisches-wohnzimmer-garden-in-hell-demonstriert-die-zeitlose-kraft-der-dekoration-mit-rot\/","title":{"rendered":"Diana Vreelands ikonisches Wohnzimmer \u201eGarden in Hell\u201c demonstriert die zeitlose Kraft der Dekoration mit Rot"},"content":{"rendered":"<p><\/p>\n<div id=\"article-body\" class=\"article__body \">\n<p>Die weit verbreitete Akzeptanz der \u201eunerwarteten roten Theorie\u201c <strong>\u2013<\/strong> die sich daf\u00fcr einsetzt, in jeden Raum einen Hauch Rot zu integrieren <strong>\u2013<\/strong> beweist etwas <em>H\u00e4user und G\u00e4rten<\/em> wei\u00df schon seit Jahren: Unsere Liebe zu roten Innenr\u00e4umen ist noch lange nicht vorbei. Obwohl die TikTokerin Taylor Simon die Theorie in der heutigen Zeit popul\u00e4r machte, war sie nicht die Erste, die die Kraft der Farbe in ihren Innenr\u00e4umen nutzte. Mitte des 20. Jahrhunderts war Diana Vreeland die erste, die die Farbe als raumf\u00fcllendes Statement verwendete.<\/p>\n<div id=\"ad-unit-1\" class=\"ad-unit\"><\/div>\n<p>Die Wohnzimmeridee des legend\u00e4ren Redakteurs ist ein Ph\u00e4nomen. W\u00e4hrend ihrer Zusammenarbeit mit dem legend\u00e4ren Innenarchitekten Billy Baldwin im Jahr 1955 sagte sie ihm bekanntlich, dass der Raum \u201ewie ein Garten aussehen sollte, aber wie ein Garten in der H\u00f6lle\u201c. In seinen Memoiren von 1947 schrieb Baldwin: \u201eIch wusste, was das bedeutete: rot.\u201c Er machte sich an die Arbeit. Er verkleidete die W\u00e4nde, Vorh\u00e4nge und M\u00f6bel mit rotem Chintz des Londoner Dekorateurs John Fowler <em>LA Times<\/em>.<\/p>\n<p>Baldwins atemberaubendes Design h\u00f6rt nicht bei der Farbe des Wohnzimmers auf; Der Raum von Vreeland enth\u00e4lt nahezu jeden auff\u00e4lligen Akzent, den die Designwelt kennt. Ihr Zufluchtsort umfasst eine Spiegelwand, Kristallleuchter, Skulpturen, Gem\u00e4lde und geh\u00e4kelte Decken. Das Sofa, die dekorativen Kissen und dekorativen Akzente sind so scharlachrot wie die W\u00e4nde.<\/p>\n<div id=\"desktop-in-article\" class=\"in-article ad-unit\">\n<div id=\"desktop-taboola-mid-article\"><\/div>\n<\/div>\n<div id=\"mobile-in-article\" class=\"in-article ad-unit\">\n<div id=\"mobile-taboola-mid-article\"><\/div>\n<\/div>\n<figure class=\"van-image-figure inline-layout \" data-bordeaux-image-check>\n<div class=\"image-full-width-wrapper\">\n<div class=\"image-widthsetter\" style=\"max-width:2000px;\"><\/div>\n<\/div>\n<\/figure>\n<div class=\"product-container hero-product-container product-block-no-wrap\"><\/div>\n<aside class=\"hawk-nest\" data-block-type=\"embed\" data-render-type=\"fte\" data-skip=\"dealsy\" data-widget-type=\"seasonal\">\n<div class=\"hawk-master-widget-hawk-base-wrapper\"><\/div>\n<\/aside>\n<p>Im Laufe der Jahre inspirierte die Art und Weise, wie Vreeland mit Rot dekorierte, einige der schicksten K\u00f6pfe im Design. Dies f\u00fchrte 2012 zur Entstehung eines Dokumentarfilms \u00fcber den Raum mit ber\u00fchmten Designern wie Carolina Herrera und Anna Sui. Es festigte Billy Baldwin als Design-Gigant. Es kam sogar in meinem Interview mit Rachel Antonoff zur Sprache. Ganz gleich, ob Sie sich f\u00fcr einen Farbtupfer in Rot entscheiden oder einen ganzen Raum damit f\u00e4rben, Vreelands Zuhause ist eine Erinnerung daran, keine Angst vor dem kr\u00e4ftigen Farbton zu haben, sondern ihn anzunehmen.<\/p>\n<div class=\"van_vid_carousel\">\n<div class=\"van_vid_carousel__padding\">\n<div class=\"van_vid_carousel__container\"><\/div>\n<\/div>\n<\/div>\n<hr>\n<p>F\u00fcr den Fall, dass Sie das alles nicht davon \u00fcberzeugt hat, loszugehen und Ihr ganzes Haus in Scharlach zu h\u00fcllen, \u00fcberlasse ich Ihnen ein Zitat, das es k\u00f6nnte. \u00dcber Vreeland hei\u00dft es: \u201eRot ist der gro\u00dfe Kl\u00e4rer \u2013 hell, reinigend, aufschlussreich.\u201c Es macht alle Farben sch\u00f6n. Ich kann mir nicht vorstellen, dass es mir langweilig wird. Es w\u00e4re, als w\u00fcrde man der Person, die man liebt, \u00fcberdr\u00fcssig werden.\u2018<\/p>\n<div id=\"ad-unit-2\" class=\"ad-unit\"><\/div>\n<hr>\n<div id=\"slice-container-newsletterForm-articleInbodyContent-q4NFEDTBQB8qGRgvmUHnjn\" class=\"slice-container newsletter-inbodyContent-slice newsletterForm-articleInbodyContent-q4NFEDTBQB8qGRgvmUHnjn slice-container-newsletterForm\"><\/div>\n<\/div>\n","protected":false},"excerpt":{"rendered":"<p>Die weit verbreitete Akzeptanz der \u201eunerwarteten roten Theorie\u201c \u2013 die sich daf\u00fcr einsetzt, in jeden Raum einen Hauch Rot zu integrieren \u2013 beweist etwas H\u00e4user<\/p>\n","protected":false},"author":1,"featured_media":2680,"comment_status":"closed","ping_status":"","sticky":false,"template":"","format":"standard","meta":{"footnotes":""},"categories":[118],"tags":[2874,2443,81,4064,9,4393,4394,4392,1804,146,2038,4391,1229,3412],"class_list":["post-2679","post","type-post","status-publish","format-standard","has-post-thumbnail","hentry","category-haus-garten","tag-dekoration","tag-demonstriert","tag-der","tag-diana","tag-die","tag-garden","tag-hell","tag-ikonisches","tag-kraft","tag-mit","tag-rot","tag-vreelands","tag-wohnzimmer","tag-zeitlose","generate-columns","tablet-grid-50","mobile-grid-100","grid-parent","grid-50"],"yoast_head":"<!-- This site is optimized with the Yoast SEO plugin v27.3 - https:\/\/yoast.com\/product\/yoast-seo-wordpress\/ -->\n<title>Diana Vreelands ikonisches Wohnzimmer \u201eGarden in Hell\u201c demonstriert die zeitlose Kraft der Dekoration mit Rot - Nachrichten - Stra\u00dfenweb<\/title>\n<meta name=\"robots\" content=\"index, follow, max-snippet:-1, max-image-preview:large, max-video-preview:-1\" \/>\n<link rel=\"canonical\" href=\"https:\/\/www.strassenweb.de\/nachrichten\/diana-vreelands-ikonisches-wohnzimmer-garden-in-hell-demonstriert-die-zeitlose-kraft-der-dekoration-mit-rot\/\" \/>\n<meta property=\"og:locale\" content=\"de_DE\" \/>\n<meta property=\"og:type\" content=\"article\" \/>\n<meta property=\"og:title\" content=\"Diana Vreelands ikonisches Wohnzimmer \u201eGarden in Hell\u201c demonstriert die zeitlose Kraft der Dekoration mit Rot - Nachrichten - Stra\u00dfenweb\" \/>\n<meta property=\"og:description\" content=\"Die weit verbreitete Akzeptanz der \u201eunerwarteten roten Theorie\u201c \u2013 die sich daf\u00fcr einsetzt, in jeden Raum einen Hauch Rot zu integrieren \u2013 beweist etwas H\u00e4user\" \/>\n<meta property=\"og:url\" content=\"https:\/\/www.strassenweb.de\/nachrichten\/diana-vreelands-ikonisches-wohnzimmer-garden-in-hell-demonstriert-die-zeitlose-kraft-der-dekoration-mit-rot\/\" \/>\n<meta property=\"og:site_name\" content=\"Stra\u00dfenweb\" \/>\n<meta property=\"article:publisher\" content=\"https:\/\/www.facebook.com\/strassenweb\/\" \/>\n<meta property=\"article:published_time\" content=\"2025-01-12T18:42:53+00:00\" \/>\n<meta property=\"article:modified_time\" content=\"2025-01-12T18:42:54+00:00\" \/>\n<meta property=\"og:image\" content=\"https:\/\/www.strassenweb.de\/nachrichten\/wp-content\/uploads\/2025\/01\/Diana-Vreelands-ikonisches-Wohnzimmer-\u201eGarden-in-Hell-demonstriert-die-zeitlose.jpg\" \/>\n\t<meta property=\"og:image:width\" content=\"1200\" \/>\n\t<meta property=\"og:image:height\" content=\"675\" \/>\n\t<meta property=\"og:image:type\" content=\"image\/jpeg\" \/>\n<meta name=\"author\" content=\"Robert Hoffmann\" \/>\n<meta name=\"twitter:card\" content=\"summary_large_image\" \/>\n<meta name=\"twitter:label1\" content=\"Verfasst von\" \/>\n\t<meta name=\"twitter:data1\" content=\"Robert Hoffmann\" \/>\n\t<meta name=\"twitter:label2\" content=\"Gesch\u00e4tzte Lesezeit\" \/>\n\t<meta name=\"twitter:data2\" content=\"2\u00a0Minuten\" \/>\n<script type=\"application\/ld+json\" class=\"yoast-schema-graph\">{\"@context\":\"https:\\\/\\\/schema.org\",\"@graph\":[{\"@type\":\"Article\",\"@id\":\"https:\\\/\\\/www.strassenweb.de\\\/nachrichten\\\/diana-vreelands-ikonisches-wohnzimmer-garden-in-hell-demonstriert-die-zeitlose-kraft-der-dekoration-mit-rot\\\/#article\",\"isPartOf\":{\"@id\":\"https:\\\/\\\/www.strassenweb.de\\\/nachrichten\\\/diana-vreelands-ikonisches-wohnzimmer-garden-in-hell-demonstriert-die-zeitlose-kraft-der-dekoration-mit-rot\\\/\"},\"author\":{\"name\":\"Robert Hoffmann\",\"@id\":\"https:\\\/\\\/www.strassenweb.de\\\/nachrichten\\\/#\\\/schema\\\/person\\\/87c9c9067f1211da429a744dc5a5aa41\"},\"headline\":\"Diana Vreelands ikonisches Wohnzimmer \u201eGarden in Hell\u201c demonstriert die zeitlose Kraft der Dekoration mit Rot\",\"datePublished\":\"2025-01-12T18:42:53+00:00\",\"dateModified\":\"2025-01-12T18:42:54+00:00\",\"mainEntityOfPage\":{\"@id\":\"https:\\\/\\\/www.strassenweb.de\\\/nachrichten\\\/diana-vreelands-ikonisches-wohnzimmer-garden-in-hell-demonstriert-die-zeitlose-kraft-der-dekoration-mit-rot\\\/\"},\"wordCount\":411,\"publisher\":{\"@id\":\"https:\\\/\\\/www.strassenweb.de\\\/nachrichten\\\/#organization\"},\"image\":{\"@id\":\"https:\\\/\\\/www.strassenweb.de\\\/nachrichten\\\/diana-vreelands-ikonisches-wohnzimmer-garden-in-hell-demonstriert-die-zeitlose-kraft-der-dekoration-mit-rot\\\/#primaryimage\"},\"thumbnailUrl\":\"https:\\\/\\\/www.strassenweb.de\\\/nachrichten\\\/wp-content\\\/uploads\\\/2025\\\/01\\\/Diana-Vreelands-ikonisches-Wohnzimmer-\u201eGarden-in-Hell-demonstriert-die-zeitlose.jpg\",\"keywords\":[\"Dekoration\",\"demonstriert\",\"der\",\"Diana\",\"die\",\"Garden\",\"Hell\",\"ikonisches\",\"Kraft\",\"mit\",\"Rot\",\"Vreelands\",\"Wohnzimmer\",\"zeitlose\"],\"articleSection\":[\"Haus &amp; Garten\"],\"inLanguage\":\"de\"},{\"@type\":\"WebPage\",\"@id\":\"https:\\\/\\\/www.strassenweb.de\\\/nachrichten\\\/diana-vreelands-ikonisches-wohnzimmer-garden-in-hell-demonstriert-die-zeitlose-kraft-der-dekoration-mit-rot\\\/\",\"url\":\"https:\\\/\\\/www.strassenweb.de\\\/nachrichten\\\/diana-vreelands-ikonisches-wohnzimmer-garden-in-hell-demonstriert-die-zeitlose-kraft-der-dekoration-mit-rot\\\/\",\"name\":\"Diana Vreelands ikonisches Wohnzimmer \u201eGarden in Hell\u201c demonstriert die zeitlose Kraft der Dekoration mit Rot - Nachrichten - Stra\u00dfenweb\",\"isPartOf\":{\"@id\":\"https:\\\/\\\/www.strassenweb.de\\\/nachrichten\\\/#website\"},\"primaryImageOfPage\":{\"@id\":\"https:\\\/\\\/www.strassenweb.de\\\/nachrichten\\\/diana-vreelands-ikonisches-wohnzimmer-garden-in-hell-demonstriert-die-zeitlose-kraft-der-dekoration-mit-rot\\\/#primaryimage\"},\"image\":{\"@id\":\"https:\\\/\\\/www.strassenweb.de\\\/nachrichten\\\/diana-vreelands-ikonisches-wohnzimmer-garden-in-hell-demonstriert-die-zeitlose-kraft-der-dekoration-mit-rot\\\/#primaryimage\"},\"thumbnailUrl\":\"https:\\\/\\\/www.strassenweb.de\\\/nachrichten\\\/wp-content\\\/uploads\\\/2025\\\/01\\\/Diana-Vreelands-ikonisches-Wohnzimmer-\u201eGarden-in-Hell-demonstriert-die-zeitlose.jpg\",\"datePublished\":\"2025-01-12T18:42:53+00:00\",\"dateModified\":\"2025-01-12T18:42:54+00:00\",\"breadcrumb\":{\"@id\":\"https:\\\/\\\/www.strassenweb.de\\\/nachrichten\\\/diana-vreelands-ikonisches-wohnzimmer-garden-in-hell-demonstriert-die-zeitlose-kraft-der-dekoration-mit-rot\\\/#breadcrumb\"},\"inLanguage\":\"de\",\"potentialAction\":[{\"@type\":\"ReadAction\",\"target\":[\"https:\\\/\\\/www.strassenweb.de\\\/nachrichten\\\/diana-vreelands-ikonisches-wohnzimmer-garden-in-hell-demonstriert-die-zeitlose-kraft-der-dekoration-mit-rot\\\/\"]}]},{\"@type\":\"ImageObject\",\"inLanguage\":\"de\",\"@id\":\"https:\\\/\\\/www.strassenweb.de\\\/nachrichten\\\/diana-vreelands-ikonisches-wohnzimmer-garden-in-hell-demonstriert-die-zeitlose-kraft-der-dekoration-mit-rot\\\/#primaryimage\",\"url\":\"https:\\\/\\\/www.strassenweb.de\\\/nachrichten\\\/wp-content\\\/uploads\\\/2025\\\/01\\\/Diana-Vreelands-ikonisches-Wohnzimmer-\u201eGarden-in-Hell-demonstriert-die-zeitlose.jpg\",\"contentUrl\":\"https:\\\/\\\/www.strassenweb.de\\\/nachrichten\\\/wp-content\\\/uploads\\\/2025\\\/01\\\/Diana-Vreelands-ikonisches-Wohnzimmer-\u201eGarden-in-Hell-demonstriert-die-zeitlose.jpg\",\"width\":1200,\"height\":675,\"caption\":\"Diana Vreelands ikonisches Wohnzimmer \u201eGarden in Hell\u201c demonstriert die zeitlose Kraft der Dekoration mit Rot\"},{\"@type\":\"BreadcrumbList\",\"@id\":\"https:\\\/\\\/www.strassenweb.de\\\/nachrichten\\\/diana-vreelands-ikonisches-wohnzimmer-garden-in-hell-demonstriert-die-zeitlose-kraft-der-dekoration-mit-rot\\\/#breadcrumb\",\"itemListElement\":[{\"@type\":\"ListItem\",\"position\":1,\"name\":\"Home\",\"item\":\"https:\\\/\\\/www.strassenweb.de\\\/nachrichten\\\/\"},{\"@type\":\"ListItem\",\"position\":2,\"name\":\"Diana Vreelands ikonisches Wohnzimmer \u201eGarden in Hell\u201c demonstriert die zeitlose Kraft der Dekoration mit Rot\"}]},{\"@type\":\"WebSite\",\"@id\":\"https:\\\/\\\/www.strassenweb.de\\\/nachrichten\\\/#website\",\"url\":\"https:\\\/\\\/www.strassenweb.de\\\/nachrichten\\\/\",\"name\":\"Stra\u00dfenweb\",\"description\":\"Stra\u00dfenverzeichnis f\u00fcr Deutschland\",\"publisher\":{\"@id\":\"https:\\\/\\\/www.strassenweb.de\\\/nachrichten\\\/#organization\"},\"potentialAction\":[{\"@type\":\"SearchAction\",\"target\":{\"@type\":\"EntryPoint\",\"urlTemplate\":\"https:\\\/\\\/www.strassenweb.de\\\/nachrichten\\\/?s={search_term_string}\"},\"query-input\":{\"@type\":\"PropertyValueSpecification\",\"valueRequired\":true,\"valueName\":\"search_term_string\"}}],\"inLanguage\":\"de\"},{\"@type\":\"Organization\",\"@id\":\"https:\\\/\\\/www.strassenweb.de\\\/nachrichten\\\/#organization\",\"name\":\"Stra\u00dfenweb\",\"url\":\"https:\\\/\\\/www.strassenweb.de\\\/nachrichten\\\/\",\"logo\":{\"@type\":\"ImageObject\",\"inLanguage\":\"de\",\"@id\":\"https:\\\/\\\/www.strassenweb.de\\\/nachrichten\\\/#\\\/schema\\\/logo\\\/image\\\/\",\"url\":\"https:\\\/\\\/www.strassenweb.de\\\/nachrichten\\\/wp-content\\\/uploads\\\/2024\\\/09\\\/cropped-favicon.png\",\"contentUrl\":\"https:\\\/\\\/www.strassenweb.de\\\/nachrichten\\\/wp-content\\\/uploads\\\/2024\\\/09\\\/cropped-favicon.png\",\"width\":512,\"height\":512,\"caption\":\"Stra\u00dfenweb\"},\"image\":{\"@id\":\"https:\\\/\\\/www.strassenweb.de\\\/nachrichten\\\/#\\\/schema\\\/logo\\\/image\\\/\"},\"sameAs\":[\"https:\\\/\\\/www.facebook.com\\\/strassenweb\\\/\"]},{\"@type\":\"Person\",\"@id\":\"https:\\\/\\\/www.strassenweb.de\\\/nachrichten\\\/#\\\/schema\\\/person\\\/87c9c9067f1211da429a744dc5a5aa41\",\"name\":\"Robert Hoffmann\",\"image\":{\"@type\":\"ImageObject\",\"inLanguage\":\"de\",\"@id\":\"https:\\\/\\\/www.strassenweb.de\\\/nachrichten\\\/wp-content\\\/uploads\\\/2024\\\/09\\\/strassenweb-150x150.jpg\",\"url\":\"https:\\\/\\\/www.strassenweb.de\\\/nachrichten\\\/wp-content\\\/uploads\\\/2024\\\/09\\\/strassenweb-150x150.jpg\",\"contentUrl\":\"https:\\\/\\\/www.strassenweb.de\\\/nachrichten\\\/wp-content\\\/uploads\\\/2024\\\/09\\\/strassenweb-150x150.jpg\",\"caption\":\"Robert Hoffmann\"},\"description\":\"Ich hei\u00dfe Robert Hoffmann und ich bin ein leidenschaftlicher Verfechter von \u00d6kologie und Biodiversit\u00e4t. Seit meiner Kindheit in den W\u00e4ldern Bayerns f\u00fchle ich mich mit der Natur verbunden und bin entschlossen, sie zu sch\u00fctzen. Heute widme ich mein Leben der Sensibilisierung anderer f\u00fcr die Bedeutung des Umweltschutzes f\u00fcr zuk\u00fcnftige Generationen.\",\"sameAs\":[\"https:\\\/\\\/www.strassenweb.de\\\/\"]}]}<\/script>\n<!-- \/ Yoast SEO plugin. -->","yoast_head_json":{"title":"Diana Vreelands ikonisches Wohnzimmer \u201eGarden in Hell\u201c demonstriert die zeitlose Kraft der Dekoration mit Rot - Nachrichten - Stra\u00dfenweb","robots":{"index":"index","follow":"follow","max-snippet":"max-snippet:-1","max-image-preview":"max-image-preview:large","max-video-preview":"max-video-preview:-1"},"canonical":"https:\/\/www.strassenweb.de\/nachrichten\/diana-vreelands-ikonisches-wohnzimmer-garden-in-hell-demonstriert-die-zeitlose-kraft-der-dekoration-mit-rot\/","og_locale":"de_DE","og_type":"article","og_title":"Diana Vreelands ikonisches Wohnzimmer \u201eGarden in Hell\u201c demonstriert die zeitlose Kraft der Dekoration mit Rot - Nachrichten - Stra\u00dfenweb","og_description":"Die weit verbreitete Akzeptanz der \u201eunerwarteten roten Theorie\u201c \u2013 die sich daf\u00fcr einsetzt, in jeden Raum einen Hauch Rot zu integrieren \u2013 beweist etwas H\u00e4user","og_url":"https:\/\/www.strassenweb.de\/nachrichten\/diana-vreelands-ikonisches-wohnzimmer-garden-in-hell-demonstriert-die-zeitlose-kraft-der-dekoration-mit-rot\/","og_site_name":"Stra\u00dfenweb","article_publisher":"https:\/\/www.facebook.com\/strassenweb\/","article_published_time":"2025-01-12T18:42:53+00:00","article_modified_time":"2025-01-12T18:42:54+00:00","og_image":[{"width":1200,"height":675,"url":"https:\/\/www.strassenweb.de\/nachrichten\/wp-content\/uploads\/2025\/01\/Diana-Vreelands-ikonisches-Wohnzimmer-\u201eGarden-in-Hell-demonstriert-die-zeitlose.jpg","type":"image\/jpeg"}],"author":"Robert Hoffmann","twitter_card":"summary_large_image","twitter_misc":{"Verfasst von":"Robert Hoffmann","Gesch\u00e4tzte Lesezeit":"2\u00a0Minuten"},"schema":{"@context":"https:\/\/schema.org","@graph":[{"@type":"Article","@id":"https:\/\/www.strassenweb.de\/nachrichten\/diana-vreelands-ikonisches-wohnzimmer-garden-in-hell-demonstriert-die-zeitlose-kraft-der-dekoration-mit-rot\/#article","isPartOf":{"@id":"https:\/\/www.strassenweb.de\/nachrichten\/diana-vreelands-ikonisches-wohnzimmer-garden-in-hell-demonstriert-die-zeitlose-kraft-der-dekoration-mit-rot\/"},"author":{"name":"Robert Hoffmann","@id":"https:\/\/www.strassenweb.de\/nachrichten\/#\/schema\/person\/87c9c9067f1211da429a744dc5a5aa41"},"headline":"Diana Vreelands ikonisches Wohnzimmer \u201eGarden in Hell\u201c demonstriert die zeitlose Kraft der Dekoration mit Rot","datePublished":"2025-01-12T18:42:53+00:00","dateModified":"2025-01-12T18:42:54+00:00","mainEntityOfPage":{"@id":"https:\/\/www.strassenweb.de\/nachrichten\/diana-vreelands-ikonisches-wohnzimmer-garden-in-hell-demonstriert-die-zeitlose-kraft-der-dekoration-mit-rot\/"},"wordCount":411,"publisher":{"@id":"https:\/\/www.strassenweb.de\/nachrichten\/#organization"},"image":{"@id":"https:\/\/www.strassenweb.de\/nachrichten\/diana-vreelands-ikonisches-wohnzimmer-garden-in-hell-demonstriert-die-zeitlose-kraft-der-dekoration-mit-rot\/#primaryimage"},"thumbnailUrl":"https:\/\/www.strassenweb.de\/nachrichten\/wp-content\/uploads\/2025\/01\/Diana-Vreelands-ikonisches-Wohnzimmer-\u201eGarden-in-Hell-demonstriert-die-zeitlose.jpg","keywords":["Dekoration","demonstriert","der","Diana","die","Garden","Hell","ikonisches","Kraft","mit","Rot","Vreelands","Wohnzimmer","zeitlose"],"articleSection":["Haus &amp; Garten"],"inLanguage":"de"},{"@type":"WebPage","@id":"https:\/\/www.strassenweb.de\/nachrichten\/diana-vreelands-ikonisches-wohnzimmer-garden-in-hell-demonstriert-die-zeitlose-kraft-der-dekoration-mit-rot\/","url":"https:\/\/www.strassenweb.de\/nachrichten\/diana-vreelands-ikonisches-wohnzimmer-garden-in-hell-demonstriert-die-zeitlose-kraft-der-dekoration-mit-rot\/","name":"Diana Vreelands ikonisches Wohnzimmer \u201eGarden in Hell\u201c demonstriert die zeitlose Kraft der Dekoration mit Rot - Nachrichten - Stra\u00dfenweb","isPartOf":{"@id":"https:\/\/www.strassenweb.de\/nachrichten\/#website"},"primaryImageOfPage":{"@id":"https:\/\/www.strassenweb.de\/nachrichten\/diana-vreelands-ikonisches-wohnzimmer-garden-in-hell-demonstriert-die-zeitlose-kraft-der-dekoration-mit-rot\/#primaryimage"},"image":{"@id":"https:\/\/www.strassenweb.de\/nachrichten\/diana-vreelands-ikonisches-wohnzimmer-garden-in-hell-demonstriert-die-zeitlose-kraft-der-dekoration-mit-rot\/#primaryimage"},"thumbnailUrl":"https:\/\/www.strassenweb.de\/nachrichten\/wp-content\/uploads\/2025\/01\/Diana-Vreelands-ikonisches-Wohnzimmer-\u201eGarden-in-Hell-demonstriert-die-zeitlose.jpg","datePublished":"2025-01-12T18:42:53+00:00","dateModified":"2025-01-12T18:42:54+00:00","breadcrumb":{"@id":"https:\/\/www.strassenweb.de\/nachrichten\/diana-vreelands-ikonisches-wohnzimmer-garden-in-hell-demonstriert-die-zeitlose-kraft-der-dekoration-mit-rot\/#breadcrumb"},"inLanguage":"de","potentialAction":[{"@type":"ReadAction","target":["https:\/\/www.strassenweb.de\/nachrichten\/diana-vreelands-ikonisches-wohnzimmer-garden-in-hell-demonstriert-die-zeitlose-kraft-der-dekoration-mit-rot\/"]}]},{"@type":"ImageObject","inLanguage":"de","@id":"https:\/\/www.strassenweb.de\/nachrichten\/diana-vreelands-ikonisches-wohnzimmer-garden-in-hell-demonstriert-die-zeitlose-kraft-der-dekoration-mit-rot\/#primaryimage","url":"https:\/\/www.strassenweb.de\/nachrichten\/wp-content\/uploads\/2025\/01\/Diana-Vreelands-ikonisches-Wohnzimmer-\u201eGarden-in-Hell-demonstriert-die-zeitlose.jpg","contentUrl":"https:\/\/www.strassenweb.de\/nachrichten\/wp-content\/uploads\/2025\/01\/Diana-Vreelands-ikonisches-Wohnzimmer-\u201eGarden-in-Hell-demonstriert-die-zeitlose.jpg","width":1200,"height":675,"caption":"Diana Vreelands ikonisches Wohnzimmer \u201eGarden in Hell\u201c demonstriert die zeitlose Kraft der Dekoration mit Rot"},{"@type":"BreadcrumbList","@id":"https:\/\/www.strassenweb.de\/nachrichten\/diana-vreelands-ikonisches-wohnzimmer-garden-in-hell-demonstriert-die-zeitlose-kraft-der-dekoration-mit-rot\/#breadcrumb","itemListElement":[{"@type":"ListItem","position":1,"name":"Home","item":"https:\/\/www.strassenweb.de\/nachrichten\/"},{"@type":"ListItem","position":2,"name":"Diana Vreelands ikonisches Wohnzimmer \u201eGarden in Hell\u201c demonstriert die zeitlose Kraft der Dekoration mit Rot"}]},{"@type":"WebSite","@id":"https:\/\/www.strassenweb.de\/nachrichten\/#website","url":"https:\/\/www.strassenweb.de\/nachrichten\/","name":"Stra\u00dfenweb","description":"Stra\u00dfenverzeichnis f\u00fcr Deutschland","publisher":{"@id":"https:\/\/www.strassenweb.de\/nachrichten\/#organization"},"potentialAction":[{"@type":"SearchAction","target":{"@type":"EntryPoint","urlTemplate":"https:\/\/www.strassenweb.de\/nachrichten\/?s={search_term_string}"},"query-input":{"@type":"PropertyValueSpecification","valueRequired":true,"valueName":"search_term_string"}}],"inLanguage":"de"},{"@type":"Organization","@id":"https:\/\/www.strassenweb.de\/nachrichten\/#organization","name":"Stra\u00dfenweb","url":"https:\/\/www.strassenweb.de\/nachrichten\/","logo":{"@type":"ImageObject","inLanguage":"de","@id":"https:\/\/www.strassenweb.de\/nachrichten\/#\/schema\/logo\/image\/","url":"https:\/\/www.strassenweb.de\/nachrichten\/wp-content\/uploads\/2024\/09\/cropped-favicon.png","contentUrl":"https:\/\/www.strassenweb.de\/nachrichten\/wp-content\/uploads\/2024\/09\/cropped-favicon.png","width":512,"height":512,"caption":"Stra\u00dfenweb"},"image":{"@id":"https:\/\/www.strassenweb.de\/nachrichten\/#\/schema\/logo\/image\/"},"sameAs":["https:\/\/www.facebook.com\/strassenweb\/"]},{"@type":"Person","@id":"https:\/\/www.strassenweb.de\/nachrichten\/#\/schema\/person\/87c9c9067f1211da429a744dc5a5aa41","name":"Robert Hoffmann","image":{"@type":"ImageObject","inLanguage":"de","@id":"https:\/\/www.strassenweb.de\/nachrichten\/wp-content\/uploads\/2024\/09\/strassenweb-150x150.jpg","url":"https:\/\/www.strassenweb.de\/nachrichten\/wp-content\/uploads\/2024\/09\/strassenweb-150x150.jpg","contentUrl":"https:\/\/www.strassenweb.de\/nachrichten\/wp-content\/uploads\/2024\/09\/strassenweb-150x150.jpg","caption":"Robert Hoffmann"},"description":"Ich hei\u00dfe Robert Hoffmann und ich bin ein leidenschaftlicher Verfechter von \u00d6kologie und Biodiversit\u00e4t. Seit meiner Kindheit in den W\u00e4ldern Bayerns f\u00fchle ich mich mit der Natur verbunden und bin entschlossen, sie zu sch\u00fctzen. Heute widme ich mein Leben der Sensibilisierung anderer f\u00fcr die Bedeutung des Umweltschutzes f\u00fcr zuk\u00fcnftige Generationen.","sameAs":["https:\/\/www.strassenweb.de\/"]}]}},"_links":{"self":[{"href":"https:\/\/www.strassenweb.de\/nachrichten\/wp-json\/wp\/v2\/posts\/2679","targetHints":{"allow":["GET"]}}],"collection":[{"href":"https:\/\/www.strassenweb.de\/nachrichten\/wp-json\/wp\/v2\/posts"}],"about":[{"href":"https:\/\/www.strassenweb.de\/nachrichten\/wp-json\/wp\/v2\/types\/post"}],"author":[{"embeddable":true,"href":"https:\/\/www.strassenweb.de\/nachrichten\/wp-json\/wp\/v2\/users\/1"}],"replies":[{"embeddable":true,"href":"https:\/\/www.strassenweb.de\/nachrichten\/wp-json\/wp\/v2\/comments?post=2679"}],"version-history":[{"count":0,"href":"https:\/\/www.strassenweb.de\/nachrichten\/wp-json\/wp\/v2\/posts\/2679\/revisions"}],"wp:featuredmedia":[{"embeddable":true,"href":"https:\/\/www.strassenweb.de\/nachrichten\/wp-json\/wp\/v2\/media\/2680"}],"wp:attachment":[{"href":"https:\/\/www.strassenweb.de\/nachrichten\/wp-json\/wp\/v2\/media?parent=2679"}],"wp:term":[{"taxonomy":"category","embeddable":true,"href":"https:\/\/www.strassenweb.de\/nachrichten\/wp-json\/wp\/v2\/categories?post=2679"},{"taxonomy":"post_tag","embeddable":true,"href":"https:\/\/www.strassenweb.de\/nachrichten\/wp-json\/wp\/v2\/tags?post=2679"}],"curies":[{"name":"wp","href":"https:\/\/api.w.org\/{rel}","templated":true}]}}