{"id":2673,"date":"2025-01-12T11:41:49","date_gmt":"2025-01-12T10:41:49","guid":{"rendered":"https:\/\/www.strassenweb.de\/nachrichten\/5-innenarchitektur-icks-designer-fordern-sie-dazu-auf-im-jahr-2025-aufzugeben\/"},"modified":"2025-01-12T11:41:51","modified_gmt":"2025-01-12T10:41:51","slug":"5-innenarchitektur-icks-designer-fordern-sie-dazu-auf-im-jahr-2025-aufzugeben","status":"publish","type":"post","link":"https:\/\/www.strassenweb.de\/nachrichten\/5-innenarchitektur-icks-designer-fordern-sie-dazu-auf-im-jahr-2025-aufzugeben\/","title":{"rendered":"5 Innenarchitektur-Icks-Designer fordern Sie dazu auf, im Jahr 2025 aufzugeben"},"content":{"rendered":"<p><\/p>\n<div id=\"article-body\" class=\"article__body \">\n<p>Wenn es um Innenarchitektur geht, entwickeln sich die Trends st\u00e4ndig weiter, sodass es schwierig sein kann, Schritt zu halten. Was sich vor Jahren frisch und mutig anf\u00fchlte, k\u00f6nnte sich heute v\u00f6llig veraltet anf\u00fchlen.<\/p>\n<div id=\"ad-unit-1\" class=\"ad-unit\"><\/div>\n<p>Wenn Sie Ihr Zuhause im Jahr 2025 auffrischen m\u00f6chten, sollten Sie sich \u00fcber die wichtigsten Innenarchitekturtrends des kommenden Jahres informieren. Aber wir haben die Top-Styles und Farbtrendvorhersagen bereits aufgeschl\u00fcsselt <em>In <\/em>F\u00fcr 2025 haben wir Ihnen noch nicht gesagt, was auf uns zukommt <em>aus<\/em>.<\/p>\n<aside class=\"hawk-nest\" data-block-type=\"embed\" data-render-type=\"fte\" data-skip=\"dealsy\" data-widget-type=\"seasonal\">\n<div class=\"hawk-master-widget-hawk-base-wrapper\"><\/div>\n<\/aside>\n<p>Deshalb haben wir die Experten nach ihren Innenarchitektur-Trends gefragt, die sie im Jahr 2024 gerne hinter sich lassen werden. Hier sind die 5 Trends, von denen Innenarchitekten sagen, dass Sie sie hinter sich lassen sollten, und welche Alternativen Sie stattdessen in Betracht ziehen sollten.<\/p>\n<div id=\"desktop-in-article\" class=\"in-article ad-unit\">\n<div id=\"desktop-taboola-mid-article\"><\/div>\n<\/div>\n<div id=\"mobile-in-article\" class=\"in-article ad-unit\">\n<div id=\"mobile-taboola-mid-article\"><\/div>\n<\/div>\n<h2 id=\"interior-designs-icks-designers-want-you-to-leave-in-2024-3\">Die Innenarchitekten von icks m\u00f6chten, dass Sie im Jahr 2024 abreisen<\/h2>\n<h3 class=\"article-body__section\" id=\"section-1-all-white-and-gray-spaces\"><span>1. Alle wei\u00dfen und grauen R\u00e4ume<\/span><\/h3>\n<figure class=\"van-image-figure inline-layout \" data-bordeaux-image-check>\n<div class=\"image-full-width-wrapper\">\n<div class=\"image-widthsetter\" style=\"max-width:2000px;\"><\/div>\n<\/div>\n<\/figure>\n<p>Ein beliebtes Highlight, das sich im Jahr 2025 so altmodisch anf\u00fchlt, ist die Farbpalette, die ganz in Wei\u00df und kr\u00e4ftigem Grau gehalten ist.<\/p>\n<div class=\"van_vid_carousel\">\n<div class=\"van_vid_carousel__padding\">\n<div class=\"van_vid_carousel__container\"><\/div>\n<\/div>\n<\/div>\n<p>\u201eSie sind kalt und steril\u201c, sagt Designerin Wendy Labrum von Wendy Labrum Interiors. \u201eW\u00e4rme und Textur sind wichtig.\u201c R\u00e4ume sollten sich pers\u00f6nlich anf\u00fchlen und nicht unbedingt allgemein ansprechend sein \u2013 in welcher Farbe, in welchem \u200b\u200bMuster oder in welchem \u200b\u200bStil auch immer sie bei den Bewohnern des Hauses Anklang finden. Wir haben keine Lust mehr auf das Allgemeine und wollen Pers\u00f6nliches!\u2018<\/p>\n<div id=\"ad-unit-2\" class=\"ad-unit\"><\/div>\n<p>\u201eIn der Vergangenheit f\u00fchrte die Reaktion der Branche auf Wellness-orientiertes Design weitgehend zu neutralen R\u00e4umen\u201c, sagt Gala Magri\u00f1\u00e1, Expertin f\u00fcr ganzheitliches Design und Leiterin von Gala Magri\u00f1\u00e1 Design. \u201eJetzt erleben wir eine willkommene R\u00fcckkehr zur Farbe.\u201c \u201eEs ist spannend zu sehen, wie sich der Trend weg von grauen, wei\u00dfen und ansonsten seelenlosen R\u00e4umen hin zu w\u00e4rmeren, energiegeladeneren Umgebungen verschiebt.\u201c<\/p>\n<h3 class=\"article-body__section\" id=\"section-2-hard-decorating\"><span>2. \u201eHartes\u201c Dekorieren<\/span><\/h3>\n<figure class=\"van-image-figure inline-layout \" data-bordeaux-image-check>\n<div class=\"image-full-width-wrapper\">\n<div class=\"image-widthsetter\" style=\"max-width:2000px;\"><\/div>\n<\/div>\n<\/figure>\n<p>Der Innenarchitekt Benji Lewis hofft auf ein Ende des \u201eharten Dekorierens\u201c \u2013 ein Begriff, den er gepr\u00e4gt hat und der eine starre Herangehensweise an die Innenarchitektur beschreibt, zugunsten von Schemata und Farbpaletten, die einen entspannteren und organischeren Ansatz verfolgen.<\/p>\n<p>\u201eMein Ick ist schwer zu dekorieren\u201c, sagt Benji. \u201eIch habe dieses Ding f\u00fcr den Fall, dass Menschen Dinge farblich genau aufeinander abstimmen, sodass zum Beispiel das blaue Farbdetail in einer Bodenfliese genau mit der Wandfarbe \u00fcbereinstimmen muss \u2013 es sieht einfach zu aufgesetzt und gruselig aus.\u201c \u201eEs ist viel interessanter, eine klangliche Vielfalt an Farbt\u00f6nen zu erkunden\u201c, r\u00e4t er.<\/p>\n<p>Scheuen Sie sich nicht, unerwartete Farbtupfer, Muster oder ein M\u00f6belst\u00fcck aus einem anderen Einrichtungsstil oder einer anderen Epoche einzuf\u00fchren, um eine bessere Balance zu schaffen.<\/p>\n<p>\u201eDas gleiche Muster sollte nicht f\u00fcr Vorh\u00e4nge, Kissen und ein Kopfteil verwendet werden \u2013 \u00fcberall und auf allem\u201c, stimmt Phillipa Thorp, Gr\u00fcnderin und Leiterin des Designstudios Thorp, zu. \u201eEs ist langweilig zu dekorieren und wird f\u00fcr diejenigen, die den Raum nutzen, optisch sehr erm\u00fcdend.\u201c \u201eEs ist viel effektiver, Ebenen mit unterschiedlichen, aber komplement\u00e4ren Farben, Mustern und Texturen zu erstellen.\u201c<\/p>\n<h3 class=\"article-body__section\" id=\"section-3-accent-walls\"><span>3. Akzentw\u00e4nde<\/span><\/h3>\n<figure class=\"van-image-figure inline-layout \" data-bordeaux-image-check>\n<div class=\"image-full-width-wrapper\">\n<div class=\"image-widthsetter\" style=\"max-width:2400px;\"><\/div>\n<\/div>\n<\/figure>\n<p>Einst der Trick, mit dem sich ein Raum schnell interessant gestalten l\u00e4sst, verliert die Akzentwand im Jahr 2025 bei Designern an Beliebtheit.<\/p>\n<p>\u201eAu\u00dferdem m\u00f6chte ich im Jahr 2025 keine unsinnigen tapezierten Akzentw\u00e4nde mehr sehen\u201c, f\u00e4hrt Benji fort. \u201eEs sei denn, Sie haben eine sch\u00f6ne Panorama-Tapete, dann tun Sie es nicht \u2013 eine einzelne Wand aus Papier, auch wenn sie h\u00fcbsche Fische oder ein sch\u00f6nes Muster darauf hat, sieht einfach so aus, als h\u00e4tten Sie kein Budget mehr, um den ganzen Raum zu dekorieren.\u201c f\u00fchlt sich meiner Meinung nach unvollendet an.\u2018<\/p>\n<p>Wenn Sie sich fragen, ob Akzentw\u00e4nde immer noch im Trend liegen, lautet die eindeutige Antwort: Nein. Akzentw\u00e4nde behindern oft den Fluss eines Raumes und k\u00f6nnen sich wie eine verpasste Gelegenheit anf\u00fchlen, sich voll und ganz einer Designvision hinzugeben. Stattdessen empfehlen wir, die Akzentdecke zu nutzen, da diese nicht das halbfertige Gef\u00fchl vermittelt, das eine Akzentwand hervorruft, da die Decke den gesamten Raum mit Druck oder Farbe bedeckt.<\/p>\n<h3 class=\"article-body__section\" id=\"section-4-curved-furniture\"><span>4. Geschwungene M\u00f6bel<\/span><\/h3>\n<figure class=\"van-image-figure inline-layout \" data-bordeaux-image-check>\n<div class=\"image-full-width-wrapper\">\n<div class=\"image-widthsetter\" style=\"max-width:2000px;\"><\/div>\n<\/div>\n<\/figure>\n<p>\u201eGeschwungene M\u00f6bel machen auf jeden Fall Spa\u00df und sind im Trend; Allerdings glaube ich nicht, dass es lange h\u00e4lt\u201c, sagt Gideon Mendelson, Gr\u00fcnder und Kreativdirektor der Mendelson Group.<\/p>\n<p>\u201eKlassische St\u00fccke mit strukturierten Silhouetten und klaren Linien sind viel vielseitiger und k\u00f6nnen als visueller Anker und insgesamt stromlinienf\u00f6rmiges Profil f\u00fcr den Raum dienen.\u201c \u201eIhre Zeitlosigkeit bietet auch eine bessere Investition in Ihre Inneneinrichtung\u201c, f\u00fcgt Gideon hinzu.<\/p>\n<p>Kurven sind sch\u00f6n, aber nicht immer praktisch. Das bedeutet nicht, dass Sie alle Teile mit einer kurvigen Silhouette, die Sie bereits besitzen, wegwerfen m\u00fcssen, aber es ist wichtig, ein Gleichgewicht zwischen Kurven und klaren Linien zu finden, um ein visuelles Interesse zu wecken. Der Kontrast verleiht einem Raum Dynamik.<\/p>\n<h3 class=\"article-body__section\" id=\"section-5-karate-chopped-cushions\"><span>5. Karate gehackte Kissen<\/span><\/h3>\n<figure class=\"van-image-figure inline-layout \" data-bordeaux-image-check>\n<div class=\"image-full-width-wrapper\">\n<div class=\"image-widthsetter\" style=\"max-width:2000px;\"><\/div>\n<\/div>\n<\/figure>\n<p>Karate-Schneidkissen sind zu einem Design-Klischee geworden. Mittlerweile wird dieser gezielte Dekokissen-Ansatz ziemlich h\u00e4ufig verwendet und verleiht einem Raum oft ein zu perfektes, \u00fcberm\u00e4\u00dfig inszeniertes Aussehen, dem das Gef\u00fchl eines echten, bewohnten Zuhauses fehlt.<\/p>\n<p>\u201eIm Laufe der Jahre haben wir viele Trends kommen und gehen sehen \u2013 einige davon m\u00fcssen f\u00fcr immer in den Archiven aufbewahrt werden.\u201c \u201eWir werden niemals Karate-Kissen zerhacken \u2013 das sieht man oft auf Fotos, wo Kissen in der Mitte durchgeschnitten sind, sodass die oberen Ecken wie Hasenohren hervorstehen\u201c, f\u00fcgt Phillipa hinzu.<\/p>\n<p>\u201eEs sieht so gek\u00fcnstelt aus.\u201c \u201eAm liebsten sch\u00fctteln wir die Kissen einfach auf und lassen sie liegen.\u201c Kissen sollen die Gem\u00fctlichkeit eines Raumes steigern, und das ist schwer zu erreichen, wenn sie auf das Wesentliche abgestimmt sind.<\/p>\n<div class=\"product-container hero-product-container product-block-no-wrap\"><\/div>\n<hr>\n<p>Trends kommen und gehen, und wenn Sie einen Trend lieben, den Designer als veraltet bezeichnen, dann behalten Sie ihn! Hier gibt es keine festen Regeln.<\/p>\n<p>Es scheint jedoch, dass sich alle Designer im Jahr 2025 von einer strengen \u00c4sthetik abwenden, die zu gek\u00fcnstelt wirkt, und sich stattdessen pers\u00f6nlicheren, durchdachteren und authentischeren R\u00e4umen zuwenden. Dem k\u00f6nnen wir durchaus zustimmen.<\/p>\n<\/div>\n","protected":false},"excerpt":{"rendered":"<p>Wenn es um Innenarchitektur geht, entwickeln sich die Trends st\u00e4ndig weiter, sodass es schwierig sein kann, Schritt zu halten. Was sich vor Jahren frisch und<\/p>\n","protected":false},"author":1,"featured_media":2674,"comment_status":"closed","ping_status":"","sticky":false,"template":"","format":"standard","meta":{"footnotes":""},"categories":[118],"tags":[46,4385,803,2910,4384,384,165],"class_list":["post-2673","post","type-post","status-publish","format-standard","has-post-thumbnail","hentry","category-haus-garten","tag-auf","tag-aufzugeben","tag-dazu","tag-foerdern","tag-innenarchitekturicksdesigner","tag-jahr","tag-sie","generate-columns","tablet-grid-50","mobile-grid-100","grid-parent","grid-50"],"yoast_head":"<!-- This site is optimized with the Yoast SEO plugin v27.3 - https:\/\/yoast.com\/product\/yoast-seo-wordpress\/ -->\n<title>5 Innenarchitektur-Icks-Designer fordern Sie dazu auf, im Jahr 2025 aufzugeben - Nachrichten - Stra\u00dfenweb<\/title>\n<meta name=\"robots\" content=\"index, follow, max-snippet:-1, max-image-preview:large, max-video-preview:-1\" \/>\n<link rel=\"canonical\" href=\"https:\/\/www.strassenweb.de\/nachrichten\/5-innenarchitektur-icks-designer-fordern-sie-dazu-auf-im-jahr-2025-aufzugeben\/\" \/>\n<meta property=\"og:locale\" content=\"de_DE\" \/>\n<meta property=\"og:type\" content=\"article\" \/>\n<meta property=\"og:title\" content=\"5 Innenarchitektur-Icks-Designer fordern Sie dazu auf, im Jahr 2025 aufzugeben - Nachrichten - Stra\u00dfenweb\" \/>\n<meta property=\"og:description\" content=\"Wenn es um Innenarchitektur geht, entwickeln sich die Trends st\u00e4ndig weiter, sodass es schwierig sein kann, Schritt zu halten. Was sich vor Jahren frisch und\" \/>\n<meta property=\"og:url\" content=\"https:\/\/www.strassenweb.de\/nachrichten\/5-innenarchitektur-icks-designer-fordern-sie-dazu-auf-im-jahr-2025-aufzugeben\/\" \/>\n<meta property=\"og:site_name\" content=\"Stra\u00dfenweb\" \/>\n<meta property=\"article:publisher\" content=\"https:\/\/www.facebook.com\/strassenweb\/\" \/>\n<meta property=\"article:published_time\" content=\"2025-01-12T10:41:49+00:00\" \/>\n<meta property=\"article:modified_time\" content=\"2025-01-12T10:41:51+00:00\" \/>\n<meta property=\"og:image\" content=\"https:\/\/www.strassenweb.de\/nachrichten\/wp-content\/uploads\/2025\/01\/5-Innenarchitektur-Icks-Designer-fordern-Sie-dazu-auf-im-Jahr-2025-aufzugeben.jpg\" \/>\n\t<meta property=\"og:image:width\" content=\"1200\" \/>\n\t<meta property=\"og:image:height\" content=\"675\" \/>\n\t<meta property=\"og:image:type\" content=\"image\/jpeg\" \/>\n<meta name=\"author\" content=\"Robert Hoffmann\" \/>\n<meta name=\"twitter:card\" content=\"summary_large_image\" \/>\n<meta name=\"twitter:label1\" content=\"Verfasst von\" \/>\n\t<meta name=\"twitter:data1\" content=\"Robert Hoffmann\" \/>\n\t<meta name=\"twitter:label2\" content=\"Gesch\u00e4tzte Lesezeit\" \/>\n\t<meta name=\"twitter:data2\" content=\"5\u00a0Minuten\" \/>\n<script type=\"application\/ld+json\" class=\"yoast-schema-graph\">{\"@context\":\"https:\\\/\\\/schema.org\",\"@graph\":[{\"@type\":\"Article\",\"@id\":\"https:\\\/\\\/www.strassenweb.de\\\/nachrichten\\\/5-innenarchitektur-icks-designer-fordern-sie-dazu-auf-im-jahr-2025-aufzugeben\\\/#article\",\"isPartOf\":{\"@id\":\"https:\\\/\\\/www.strassenweb.de\\\/nachrichten\\\/5-innenarchitektur-icks-designer-fordern-sie-dazu-auf-im-jahr-2025-aufzugeben\\\/\"},\"author\":{\"name\":\"Robert Hoffmann\",\"@id\":\"https:\\\/\\\/www.strassenweb.de\\\/nachrichten\\\/#\\\/schema\\\/person\\\/87c9c9067f1211da429a744dc5a5aa41\"},\"headline\":\"5 Innenarchitektur-Icks-Designer fordern Sie dazu auf, im Jahr 2025 aufzugeben\",\"datePublished\":\"2025-01-12T10:41:49+00:00\",\"dateModified\":\"2025-01-12T10:41:51+00:00\",\"mainEntityOfPage\":{\"@id\":\"https:\\\/\\\/www.strassenweb.de\\\/nachrichten\\\/5-innenarchitektur-icks-designer-fordern-sie-dazu-auf-im-jahr-2025-aufzugeben\\\/\"},\"wordCount\":990,\"publisher\":{\"@id\":\"https:\\\/\\\/www.strassenweb.de\\\/nachrichten\\\/#organization\"},\"image\":{\"@id\":\"https:\\\/\\\/www.strassenweb.de\\\/nachrichten\\\/5-innenarchitektur-icks-designer-fordern-sie-dazu-auf-im-jahr-2025-aufzugeben\\\/#primaryimage\"},\"thumbnailUrl\":\"https:\\\/\\\/www.strassenweb.de\\\/nachrichten\\\/wp-content\\\/uploads\\\/2025\\\/01\\\/5-Innenarchitektur-Icks-Designer-fordern-Sie-dazu-auf-im-Jahr-2025-aufzugeben.jpg\",\"keywords\":[\"auf\",\"aufzugeben\",\"dazu\",\"f\u00f6rdern\",\"InnenarchitekturIcksDesigner\",\"Jahr\",\"Sie\"],\"articleSection\":[\"Haus &amp; Garten\"],\"inLanguage\":\"de\"},{\"@type\":\"WebPage\",\"@id\":\"https:\\\/\\\/www.strassenweb.de\\\/nachrichten\\\/5-innenarchitektur-icks-designer-fordern-sie-dazu-auf-im-jahr-2025-aufzugeben\\\/\",\"url\":\"https:\\\/\\\/www.strassenweb.de\\\/nachrichten\\\/5-innenarchitektur-icks-designer-fordern-sie-dazu-auf-im-jahr-2025-aufzugeben\\\/\",\"name\":\"5 Innenarchitektur-Icks-Designer fordern Sie dazu auf, im Jahr 2025 aufzugeben - Nachrichten - Stra\u00dfenweb\",\"isPartOf\":{\"@id\":\"https:\\\/\\\/www.strassenweb.de\\\/nachrichten\\\/#website\"},\"primaryImageOfPage\":{\"@id\":\"https:\\\/\\\/www.strassenweb.de\\\/nachrichten\\\/5-innenarchitektur-icks-designer-fordern-sie-dazu-auf-im-jahr-2025-aufzugeben\\\/#primaryimage\"},\"image\":{\"@id\":\"https:\\\/\\\/www.strassenweb.de\\\/nachrichten\\\/5-innenarchitektur-icks-designer-fordern-sie-dazu-auf-im-jahr-2025-aufzugeben\\\/#primaryimage\"},\"thumbnailUrl\":\"https:\\\/\\\/www.strassenweb.de\\\/nachrichten\\\/wp-content\\\/uploads\\\/2025\\\/01\\\/5-Innenarchitektur-Icks-Designer-fordern-Sie-dazu-auf-im-Jahr-2025-aufzugeben.jpg\",\"datePublished\":\"2025-01-12T10:41:49+00:00\",\"dateModified\":\"2025-01-12T10:41:51+00:00\",\"breadcrumb\":{\"@id\":\"https:\\\/\\\/www.strassenweb.de\\\/nachrichten\\\/5-innenarchitektur-icks-designer-fordern-sie-dazu-auf-im-jahr-2025-aufzugeben\\\/#breadcrumb\"},\"inLanguage\":\"de\",\"potentialAction\":[{\"@type\":\"ReadAction\",\"target\":[\"https:\\\/\\\/www.strassenweb.de\\\/nachrichten\\\/5-innenarchitektur-icks-designer-fordern-sie-dazu-auf-im-jahr-2025-aufzugeben\\\/\"]}]},{\"@type\":\"ImageObject\",\"inLanguage\":\"de\",\"@id\":\"https:\\\/\\\/www.strassenweb.de\\\/nachrichten\\\/5-innenarchitektur-icks-designer-fordern-sie-dazu-auf-im-jahr-2025-aufzugeben\\\/#primaryimage\",\"url\":\"https:\\\/\\\/www.strassenweb.de\\\/nachrichten\\\/wp-content\\\/uploads\\\/2025\\\/01\\\/5-Innenarchitektur-Icks-Designer-fordern-Sie-dazu-auf-im-Jahr-2025-aufzugeben.jpg\",\"contentUrl\":\"https:\\\/\\\/www.strassenweb.de\\\/nachrichten\\\/wp-content\\\/uploads\\\/2025\\\/01\\\/5-Innenarchitektur-Icks-Designer-fordern-Sie-dazu-auf-im-Jahr-2025-aufzugeben.jpg\",\"width\":1200,\"height\":675,\"caption\":\"5 Innenarchitektur-Icks-Designer fordern Sie dazu auf, im Jahr 2025 aufzugeben\"},{\"@type\":\"BreadcrumbList\",\"@id\":\"https:\\\/\\\/www.strassenweb.de\\\/nachrichten\\\/5-innenarchitektur-icks-designer-fordern-sie-dazu-auf-im-jahr-2025-aufzugeben\\\/#breadcrumb\",\"itemListElement\":[{\"@type\":\"ListItem\",\"position\":1,\"name\":\"Home\",\"item\":\"https:\\\/\\\/www.strassenweb.de\\\/nachrichten\\\/\"},{\"@type\":\"ListItem\",\"position\":2,\"name\":\"5 Innenarchitektur-Icks-Designer fordern Sie dazu auf, im Jahr 2025 aufzugeben\"}]},{\"@type\":\"WebSite\",\"@id\":\"https:\\\/\\\/www.strassenweb.de\\\/nachrichten\\\/#website\",\"url\":\"https:\\\/\\\/www.strassenweb.de\\\/nachrichten\\\/\",\"name\":\"Stra\u00dfenweb\",\"description\":\"Stra\u00dfenverzeichnis f\u00fcr Deutschland\",\"publisher\":{\"@id\":\"https:\\\/\\\/www.strassenweb.de\\\/nachrichten\\\/#organization\"},\"potentialAction\":[{\"@type\":\"SearchAction\",\"target\":{\"@type\":\"EntryPoint\",\"urlTemplate\":\"https:\\\/\\\/www.strassenweb.de\\\/nachrichten\\\/?s={search_term_string}\"},\"query-input\":{\"@type\":\"PropertyValueSpecification\",\"valueRequired\":true,\"valueName\":\"search_term_string\"}}],\"inLanguage\":\"de\"},{\"@type\":\"Organization\",\"@id\":\"https:\\\/\\\/www.strassenweb.de\\\/nachrichten\\\/#organization\",\"name\":\"Stra\u00dfenweb\",\"url\":\"https:\\\/\\\/www.strassenweb.de\\\/nachrichten\\\/\",\"logo\":{\"@type\":\"ImageObject\",\"inLanguage\":\"de\",\"@id\":\"https:\\\/\\\/www.strassenweb.de\\\/nachrichten\\\/#\\\/schema\\\/logo\\\/image\\\/\",\"url\":\"https:\\\/\\\/www.strassenweb.de\\\/nachrichten\\\/wp-content\\\/uploads\\\/2024\\\/09\\\/cropped-favicon.png\",\"contentUrl\":\"https:\\\/\\\/www.strassenweb.de\\\/nachrichten\\\/wp-content\\\/uploads\\\/2024\\\/09\\\/cropped-favicon.png\",\"width\":512,\"height\":512,\"caption\":\"Stra\u00dfenweb\"},\"image\":{\"@id\":\"https:\\\/\\\/www.strassenweb.de\\\/nachrichten\\\/#\\\/schema\\\/logo\\\/image\\\/\"},\"sameAs\":[\"https:\\\/\\\/www.facebook.com\\\/strassenweb\\\/\"]},{\"@type\":\"Person\",\"@id\":\"https:\\\/\\\/www.strassenweb.de\\\/nachrichten\\\/#\\\/schema\\\/person\\\/87c9c9067f1211da429a744dc5a5aa41\",\"name\":\"Robert Hoffmann\",\"image\":{\"@type\":\"ImageObject\",\"inLanguage\":\"de\",\"@id\":\"https:\\\/\\\/www.strassenweb.de\\\/nachrichten\\\/wp-content\\\/uploads\\\/2024\\\/09\\\/strassenweb-150x150.jpg\",\"url\":\"https:\\\/\\\/www.strassenweb.de\\\/nachrichten\\\/wp-content\\\/uploads\\\/2024\\\/09\\\/strassenweb-150x150.jpg\",\"contentUrl\":\"https:\\\/\\\/www.strassenweb.de\\\/nachrichten\\\/wp-content\\\/uploads\\\/2024\\\/09\\\/strassenweb-150x150.jpg\",\"caption\":\"Robert Hoffmann\"},\"description\":\"Ich hei\u00dfe Robert Hoffmann und ich bin ein leidenschaftlicher Verfechter von \u00d6kologie und Biodiversit\u00e4t. Seit meiner Kindheit in den W\u00e4ldern Bayerns f\u00fchle ich mich mit der Natur verbunden und bin entschlossen, sie zu sch\u00fctzen. Heute widme ich mein Leben der Sensibilisierung anderer f\u00fcr die Bedeutung des Umweltschutzes f\u00fcr zuk\u00fcnftige Generationen.\",\"sameAs\":[\"https:\\\/\\\/www.strassenweb.de\\\/\"]}]}<\/script>\n<!-- \/ Yoast SEO plugin. -->","yoast_head_json":{"title":"5 Innenarchitektur-Icks-Designer fordern Sie dazu auf, im Jahr 2025 aufzugeben - Nachrichten - Stra\u00dfenweb","robots":{"index":"index","follow":"follow","max-snippet":"max-snippet:-1","max-image-preview":"max-image-preview:large","max-video-preview":"max-video-preview:-1"},"canonical":"https:\/\/www.strassenweb.de\/nachrichten\/5-innenarchitektur-icks-designer-fordern-sie-dazu-auf-im-jahr-2025-aufzugeben\/","og_locale":"de_DE","og_type":"article","og_title":"5 Innenarchitektur-Icks-Designer fordern Sie dazu auf, im Jahr 2025 aufzugeben - Nachrichten - Stra\u00dfenweb","og_description":"Wenn es um Innenarchitektur geht, entwickeln sich die Trends st\u00e4ndig weiter, sodass es schwierig sein kann, Schritt zu halten. Was sich vor Jahren frisch und","og_url":"https:\/\/www.strassenweb.de\/nachrichten\/5-innenarchitektur-icks-designer-fordern-sie-dazu-auf-im-jahr-2025-aufzugeben\/","og_site_name":"Stra\u00dfenweb","article_publisher":"https:\/\/www.facebook.com\/strassenweb\/","article_published_time":"2025-01-12T10:41:49+00:00","article_modified_time":"2025-01-12T10:41:51+00:00","og_image":[{"width":1200,"height":675,"url":"https:\/\/www.strassenweb.de\/nachrichten\/wp-content\/uploads\/2025\/01\/5-Innenarchitektur-Icks-Designer-fordern-Sie-dazu-auf-im-Jahr-2025-aufzugeben.jpg","type":"image\/jpeg"}],"author":"Robert Hoffmann","twitter_card":"summary_large_image","twitter_misc":{"Verfasst von":"Robert Hoffmann","Gesch\u00e4tzte Lesezeit":"5\u00a0Minuten"},"schema":{"@context":"https:\/\/schema.org","@graph":[{"@type":"Article","@id":"https:\/\/www.strassenweb.de\/nachrichten\/5-innenarchitektur-icks-designer-fordern-sie-dazu-auf-im-jahr-2025-aufzugeben\/#article","isPartOf":{"@id":"https:\/\/www.strassenweb.de\/nachrichten\/5-innenarchitektur-icks-designer-fordern-sie-dazu-auf-im-jahr-2025-aufzugeben\/"},"author":{"name":"Robert Hoffmann","@id":"https:\/\/www.strassenweb.de\/nachrichten\/#\/schema\/person\/87c9c9067f1211da429a744dc5a5aa41"},"headline":"5 Innenarchitektur-Icks-Designer fordern Sie dazu auf, im Jahr 2025 aufzugeben","datePublished":"2025-01-12T10:41:49+00:00","dateModified":"2025-01-12T10:41:51+00:00","mainEntityOfPage":{"@id":"https:\/\/www.strassenweb.de\/nachrichten\/5-innenarchitektur-icks-designer-fordern-sie-dazu-auf-im-jahr-2025-aufzugeben\/"},"wordCount":990,"publisher":{"@id":"https:\/\/www.strassenweb.de\/nachrichten\/#organization"},"image":{"@id":"https:\/\/www.strassenweb.de\/nachrichten\/5-innenarchitektur-icks-designer-fordern-sie-dazu-auf-im-jahr-2025-aufzugeben\/#primaryimage"},"thumbnailUrl":"https:\/\/www.strassenweb.de\/nachrichten\/wp-content\/uploads\/2025\/01\/5-Innenarchitektur-Icks-Designer-fordern-Sie-dazu-auf-im-Jahr-2025-aufzugeben.jpg","keywords":["auf","aufzugeben","dazu","f\u00f6rdern","InnenarchitekturIcksDesigner","Jahr","Sie"],"articleSection":["Haus &amp; Garten"],"inLanguage":"de"},{"@type":"WebPage","@id":"https:\/\/www.strassenweb.de\/nachrichten\/5-innenarchitektur-icks-designer-fordern-sie-dazu-auf-im-jahr-2025-aufzugeben\/","url":"https:\/\/www.strassenweb.de\/nachrichten\/5-innenarchitektur-icks-designer-fordern-sie-dazu-auf-im-jahr-2025-aufzugeben\/","name":"5 Innenarchitektur-Icks-Designer fordern Sie dazu auf, im Jahr 2025 aufzugeben - Nachrichten - Stra\u00dfenweb","isPartOf":{"@id":"https:\/\/www.strassenweb.de\/nachrichten\/#website"},"primaryImageOfPage":{"@id":"https:\/\/www.strassenweb.de\/nachrichten\/5-innenarchitektur-icks-designer-fordern-sie-dazu-auf-im-jahr-2025-aufzugeben\/#primaryimage"},"image":{"@id":"https:\/\/www.strassenweb.de\/nachrichten\/5-innenarchitektur-icks-designer-fordern-sie-dazu-auf-im-jahr-2025-aufzugeben\/#primaryimage"},"thumbnailUrl":"https:\/\/www.strassenweb.de\/nachrichten\/wp-content\/uploads\/2025\/01\/5-Innenarchitektur-Icks-Designer-fordern-Sie-dazu-auf-im-Jahr-2025-aufzugeben.jpg","datePublished":"2025-01-12T10:41:49+00:00","dateModified":"2025-01-12T10:41:51+00:00","breadcrumb":{"@id":"https:\/\/www.strassenweb.de\/nachrichten\/5-innenarchitektur-icks-designer-fordern-sie-dazu-auf-im-jahr-2025-aufzugeben\/#breadcrumb"},"inLanguage":"de","potentialAction":[{"@type":"ReadAction","target":["https:\/\/www.strassenweb.de\/nachrichten\/5-innenarchitektur-icks-designer-fordern-sie-dazu-auf-im-jahr-2025-aufzugeben\/"]}]},{"@type":"ImageObject","inLanguage":"de","@id":"https:\/\/www.strassenweb.de\/nachrichten\/5-innenarchitektur-icks-designer-fordern-sie-dazu-auf-im-jahr-2025-aufzugeben\/#primaryimage","url":"https:\/\/www.strassenweb.de\/nachrichten\/wp-content\/uploads\/2025\/01\/5-Innenarchitektur-Icks-Designer-fordern-Sie-dazu-auf-im-Jahr-2025-aufzugeben.jpg","contentUrl":"https:\/\/www.strassenweb.de\/nachrichten\/wp-content\/uploads\/2025\/01\/5-Innenarchitektur-Icks-Designer-fordern-Sie-dazu-auf-im-Jahr-2025-aufzugeben.jpg","width":1200,"height":675,"caption":"5 Innenarchitektur-Icks-Designer fordern Sie dazu auf, im Jahr 2025 aufzugeben"},{"@type":"BreadcrumbList","@id":"https:\/\/www.strassenweb.de\/nachrichten\/5-innenarchitektur-icks-designer-fordern-sie-dazu-auf-im-jahr-2025-aufzugeben\/#breadcrumb","itemListElement":[{"@type":"ListItem","position":1,"name":"Home","item":"https:\/\/www.strassenweb.de\/nachrichten\/"},{"@type":"ListItem","position":2,"name":"5 Innenarchitektur-Icks-Designer fordern Sie dazu auf, im Jahr 2025 aufzugeben"}]},{"@type":"WebSite","@id":"https:\/\/www.strassenweb.de\/nachrichten\/#website","url":"https:\/\/www.strassenweb.de\/nachrichten\/","name":"Stra\u00dfenweb","description":"Stra\u00dfenverzeichnis f\u00fcr Deutschland","publisher":{"@id":"https:\/\/www.strassenweb.de\/nachrichten\/#organization"},"potentialAction":[{"@type":"SearchAction","target":{"@type":"EntryPoint","urlTemplate":"https:\/\/www.strassenweb.de\/nachrichten\/?s={search_term_string}"},"query-input":{"@type":"PropertyValueSpecification","valueRequired":true,"valueName":"search_term_string"}}],"inLanguage":"de"},{"@type":"Organization","@id":"https:\/\/www.strassenweb.de\/nachrichten\/#organization","name":"Stra\u00dfenweb","url":"https:\/\/www.strassenweb.de\/nachrichten\/","logo":{"@type":"ImageObject","inLanguage":"de","@id":"https:\/\/www.strassenweb.de\/nachrichten\/#\/schema\/logo\/image\/","url":"https:\/\/www.strassenweb.de\/nachrichten\/wp-content\/uploads\/2024\/09\/cropped-favicon.png","contentUrl":"https:\/\/www.strassenweb.de\/nachrichten\/wp-content\/uploads\/2024\/09\/cropped-favicon.png","width":512,"height":512,"caption":"Stra\u00dfenweb"},"image":{"@id":"https:\/\/www.strassenweb.de\/nachrichten\/#\/schema\/logo\/image\/"},"sameAs":["https:\/\/www.facebook.com\/strassenweb\/"]},{"@type":"Person","@id":"https:\/\/www.strassenweb.de\/nachrichten\/#\/schema\/person\/87c9c9067f1211da429a744dc5a5aa41","name":"Robert Hoffmann","image":{"@type":"ImageObject","inLanguage":"de","@id":"https:\/\/www.strassenweb.de\/nachrichten\/wp-content\/uploads\/2024\/09\/strassenweb-150x150.jpg","url":"https:\/\/www.strassenweb.de\/nachrichten\/wp-content\/uploads\/2024\/09\/strassenweb-150x150.jpg","contentUrl":"https:\/\/www.strassenweb.de\/nachrichten\/wp-content\/uploads\/2024\/09\/strassenweb-150x150.jpg","caption":"Robert Hoffmann"},"description":"Ich hei\u00dfe Robert Hoffmann und ich bin ein leidenschaftlicher Verfechter von \u00d6kologie und Biodiversit\u00e4t. Seit meiner Kindheit in den W\u00e4ldern Bayerns f\u00fchle ich mich mit der Natur verbunden und bin entschlossen, sie zu sch\u00fctzen. Heute widme ich mein Leben der Sensibilisierung anderer f\u00fcr die Bedeutung des Umweltschutzes f\u00fcr zuk\u00fcnftige Generationen.","sameAs":["https:\/\/www.strassenweb.de\/"]}]}},"_links":{"self":[{"href":"https:\/\/www.strassenweb.de\/nachrichten\/wp-json\/wp\/v2\/posts\/2673","targetHints":{"allow":["GET"]}}],"collection":[{"href":"https:\/\/www.strassenweb.de\/nachrichten\/wp-json\/wp\/v2\/posts"}],"about":[{"href":"https:\/\/www.strassenweb.de\/nachrichten\/wp-json\/wp\/v2\/types\/post"}],"author":[{"embeddable":true,"href":"https:\/\/www.strassenweb.de\/nachrichten\/wp-json\/wp\/v2\/users\/1"}],"replies":[{"embeddable":true,"href":"https:\/\/www.strassenweb.de\/nachrichten\/wp-json\/wp\/v2\/comments?post=2673"}],"version-history":[{"count":0,"href":"https:\/\/www.strassenweb.de\/nachrichten\/wp-json\/wp\/v2\/posts\/2673\/revisions"}],"wp:featuredmedia":[{"embeddable":true,"href":"https:\/\/www.strassenweb.de\/nachrichten\/wp-json\/wp\/v2\/media\/2674"}],"wp:attachment":[{"href":"https:\/\/www.strassenweb.de\/nachrichten\/wp-json\/wp\/v2\/media?parent=2673"}],"wp:term":[{"taxonomy":"category","embeddable":true,"href":"https:\/\/www.strassenweb.de\/nachrichten\/wp-json\/wp\/v2\/categories?post=2673"},{"taxonomy":"post_tag","embeddable":true,"href":"https:\/\/www.strassenweb.de\/nachrichten\/wp-json\/wp\/v2\/tags?post=2673"}],"curies":[{"name":"wp","href":"https:\/\/api.w.org\/{rel}","templated":true}]}}