{"id":2661,"date":"2025-01-11T20:09:33","date_gmt":"2025-01-11T19:09:33","guid":{"rendered":"https:\/\/www.strassenweb.de\/nachrichten\/diy-gestreifte-waende-verwandelten-diesen-raum-in-eine-schicke-und-beruhigende-fruehstuecksecke-so-hat-der-designer-den-look-kreiert\/"},"modified":"2025-01-11T20:09:34","modified_gmt":"2025-01-11T19:09:34","slug":"diy-gestreifte-waende-verwandelten-diesen-raum-in-eine-schicke-und-beruhigende-fruehstuecksecke-so-hat-der-designer-den-look-kreiert","status":"publish","type":"post","link":"https:\/\/www.strassenweb.de\/nachrichten\/diy-gestreifte-waende-verwandelten-diesen-raum-in-eine-schicke-und-beruhigende-fruehstuecksecke-so-hat-der-designer-den-look-kreiert\/","title":{"rendered":"DIY-gestreifte W\u00e4nde verwandelten diesen Raum in eine schicke und beruhigende Fr\u00fchst\u00fccksecke \u2013 so hat der Designer den Look kreiert"},"content":{"rendered":"<p><\/p>\n<div id=\"article-body\" class=\"article__body \">\n<p>Es kann schwierig sein, sich im Januar nach all der Aufregung der Feiertage inspiriert zu f\u00fchlen, aber eine kleine Aufheiterung f\u00fcr Ihr Zuhause ist immer eine zuverl\u00e4ssige und wirksame L\u00f6sung gegen den Winterblues. Es gibt viele M\u00f6glichkeiten, Ihren Raum passend zum neuen Jahr neu zu gestalten, aber es gibt nichts, was ein frischer Anstrich nicht als einfaches DIY-Projekt f\u00fcr lange Winterwochenenden reparieren k\u00f6nnte.<\/p>\n<div id=\"ad-unit-1\" class=\"ad-unit\"><\/div>\n<p>Drew Michael Scott (alias Lone Fox) kennt sich mit Malen am besten aus. Er hat sein gesamtes Haus im spanischen Stil mit wundersch\u00f6nen DIYs renoviert und den Prozess hinter den Kulissen auf Instagram dokumentiert. Er stellte sein K\u00f6nnen unter Beweis und versch\u00f6nerte seine Fr\u00fchst\u00fccksecke, indem er den Raum mit trendigen Streifen verkleidete. Er entwarf ein auff\u00e4lliges Streifenmuster und schaffte es dennoch, der Ecke ein beruhigendes und passendes Gef\u00fchl f\u00fcr den Start in den Tag zu verleihen.<\/p>\n<p>Erstaunlicherweise gelang ihm der Look mit seiner bew\u00e4hrten DIY-Methode, bei der nur zwei Materialien zum Einsatz kamen \u2013 etwas Farbe und eine Rolle Klebeband. Im Gespr\u00e4ch mit <em>H&#038;G<\/em>erz\u00e4hlt er uns genau, wie er den Look mit einer einfach zu replizierenden Technik kreiert hat.<\/p>\n<div id=\"desktop-in-article\" class=\"in-article ad-unit\">\n<div id=\"desktop-taboola-mid-article\"><\/div>\n<\/div>\n<div id=\"mobile-in-article\" class=\"in-article ad-unit\">\n<div id=\"mobile-taboola-mid-article\"><\/div>\n<\/div>\n<figure class=\"van-image-figure inline-layout \" data-bordeaux-image-check>\n<div class=\"image-full-width-wrapper\">\n<div class=\"image-widthsetter\" style=\"max-width:2000px;\"><\/div>\n<\/div>\n<\/figure>\n<h3 class=\"article-body__section\" id=\"section-1-start-with-your-base-color\"><span>1. Beginnen Sie mit Ihrer Grundfarbe<\/span><\/h3>\n<aside class=\"hawk-nest\" data-block-type=\"embed\" data-render-type=\"fte\" data-skip=\"dealsy\" data-widget-type=\"seasonal\">\n<div class=\"hawk-master-widget-hawk-base-wrapper\"><\/div>\n<\/aside>\n<p>Das Dekorieren mit Streifen ist ein klassischer Stil, der einen Raum aufwerten und f\u00fcr etwas Abwechslung sorgen kann. Sie m\u00fcssen nicht laut oder auff\u00e4llig sein, vielmehr k\u00f6nnen sie farblich ged\u00e4mpft sein und sich schick und raffiniert anf\u00fchlen und sich in die Hintergrundkulisse eines Raumes einf\u00fcgen.<\/p>\n<div class=\"van_vid_carousel\">\n<div class=\"van_vid_carousel__padding\">\n<div class=\"van_vid_carousel__container\"><\/div>\n<\/div>\n<\/div>\n<p>Drews Streifen sind ein Beispiel f\u00fcr Letzteres. Er erreichte den Look, indem er zuerst \u00fcber seine Grundfarbe nachdachte, da diese genauso wichtig ist wie der Farbton des Streifens. Er sagt: \u201eBeginnen Sie damit, dass Ihre W\u00e4nde in der Farbe gestrichen werden, die Sie als Basis f\u00fcr Ihre Streifen haben m\u00f6chten.\u201c \u201eIn meinem Fall war die Grundfarbe in meiner Fr\u00fchst\u00fccksecke bereits in der gew\u00fcnschten Farbe gestrichen \u2013 Dimity von Farrow and Ball.\u201c<\/p>\n<div id=\"ad-unit-2\" class=\"ad-unit\"><\/div>\n<p>Denken Sie daran, den Grundton und den Streifenton als Paar zu betrachten, da sie zusammen ein Gesamtmuster ergeben.<\/p>\n<h3 class=\"article-body__section\" id=\"section-2-apply-your-tape\"><span>2. Bringen Sie Ihr Klebeband an<\/span><\/h3>\n<p>Um eine Reihe gleichm\u00e4\u00dfiger Streifen zu erzeugen, empfiehlt Drew die Verwendung von Abdeckband, das Sie an Ihre W\u00e4nde kleben und abziehen k\u00f6nnen, sobald die Farbe aufgetragen und getrocknet ist.<\/p>\n<div id=\"slice-container-newsletterForm-articleInbodyContent-5ZWsq2wZfjZ5MRbqRoRytW\" class=\"slice-container newsletter-inbodyContent-slice newsletterForm-articleInbodyContent-5ZWsq2wZfjZ5MRbqRoRytW slice-container-newsletterForm\"><\/div>\n<p>\u201eUm scharfe Linien f\u00fcr Ihre Streifen zu erzeugen, empfehle ich die Verwendung von Scotch Blue Painters Tape.\u201c \u201eWenn Sie nur die Grundfarbe gestrichen h\u00e4tten, w\u00fcrde ich Scotch Delicate Tape verwenden, da es perfekt f\u00fcr frisch gestrichene W\u00e4nde ist.\u201c<\/p>\n<p>Beim Erstellen Ihrer Streifen kommt es auf Genauigkeit an, aber keine Sorge, Drew hat eine Methode, um f\u00fcr Sauberkeit zu sorgen. Er erstellt eine Schablone mit Klebeband und f\u00fcgt kleinere St\u00fccke in die L\u00fccken ein, um sicherzustellen, dass alle die gleiche Gr\u00f6\u00dfe haben. \u201eIch habe das Klebeband selbst als Abstandshalter zwischen den Linien verwendet, indem ich \u00fcber jeder Linie kleine Klebebandst\u00fccke angebracht habe, um sicherzustellen, dass der Abstand beim Hinzuf\u00fcgen jedes weiteren Klebebandstreifens ausgerichtet ist.\u201c<\/p>\n<figure class=\"van-image-figure inline-layout \" data-bordeaux-image-check>\n<div class=\"image-full-width-wrapper\">\n<div class=\"image-widthsetter\" style=\"max-width:2000px;\"><\/div>\n<\/div>\n<\/figure>\n<h3 class=\"article-body__section\" id=\"section-3-paint-your-stripes\"><span>3. Malen Sie Ihre Streifen<\/span><\/h3>\n<p>Interessanterweise sagte Drew, dass er urspr\u00fcnglich vorhatte, \u201enur ein oder zwei Streifen in diesen Raum zu malen\u201c. Als er jedoch mit dem DIY-Prozess begann, wurde ihm klar, wie sehr ihm der Look gefiel und wie viel einfacher es war, als er zun\u00e4chst erwartet hatte, \u201ealso habe ich mich daf\u00fcr entschieden!\u201c sagt er. \u201eIch habe die gesamte Wand mit diagonalen Streifen bedeckt und ich liebe das Ergebnis!\u201c<\/p>\n<p>Drew empfiehlt, \u00fcber der ersten Farbschicht einen Grundanstrich aufzutragen, um unerw\u00fcnschtes Verschmieren zu verhindern. Dann sagt er: \u201eTragen Sie anschlie\u00dfend eine Schicht (oder zwei, je nach Farbe) der Farbe auf, die die Streifen haben sollen.\u201c Sobald es getrocknet ist, k\u00f6nnen Sie es abziehen, um das Aussehen freizulegen.\u201c Drew verwendet f\u00fcr seine Streifen Oxford Stone von Farrow &#038; Ball. \u00dcberpr\u00fcfen Sie immer die Textur Ihrer Farbe, da ein zu fr\u00fches Entfernen des Klebebands die Gleichm\u00e4\u00dfigkeit Ihrer Streifen beeintr\u00e4chtigen k\u00f6nnte.<\/p>\n<p>Drews Verwendung ged\u00e4mpfter Farben ist clever, da die subtilen Farbt\u00f6ne Ruhe hervorrufen. Neutrale Farbt\u00f6ne sind eine tolle Basis f\u00fcr die Dekoration, da Sie jede Art von Dekor einbringen k\u00f6nnen. Passend zum Stil des restlichen Hauses dekorierte Drew seine Ecke mit Akzenten aus dunklem Holz und antiken St\u00fccken.<\/p>\n<h3 class=\"article-body__section\" id=\"section-lone-fox-s-advice-for-styling-a-cozy-breakfast-nook\"><span>Der Rat von Lone Fox f\u00fcr die Gestaltung einer gem\u00fctlichen Fr\u00fchst\u00fccksecke<\/span><\/h3>\n<p>Drew ist ein Profi darin, R\u00e4ume zu schaffen, die sich wohnlich und dennoch anspruchsvoll anf\u00fchlen. Er teilte seine Styling-Geheimnisse mit, die f\u00fcr die Schaffung eines beruhigenden Raums sehr n\u00fctzlich sind.<\/p>\n<p>\u201eBei der Schaffung einer gem\u00fctlichen Ecke in Ihrem Zuhause geht es darum, einen Raum zu schaffen, der sich warm, einladend und pers\u00f6nlich anf\u00fchlt. W\u00e4hlen Sie beruhigende Farben wie sanfte Neutralt\u00f6ne, warme Graut\u00f6ne und ged\u00e4mpfte Pastellt\u00f6ne. Auch Erdt\u00f6ne wie Terrakotta, Olivgr\u00fcn und tiefes Senf k\u00f6nnen einen erdenden Effekt erzeugen.\u201c<\/p>\n<p>\u201eEntscheiden Sie sich f\u00fcr eine sanfte Umgebungsbeleuchtung, um eine beruhigende Wirkung zu erzielen. Erw\u00e4gen Sie eine Kombination aus Tischlampen, Pendelleuchten oder Wandleuchten. Helle, durchsichtige Vorh\u00e4nge k\u00f6nnen das Sonnenlicht sanft filtern und der Ecke eine \u00e4therische und intime Atmosph\u00e4re verleihen.\u201c<\/p>\n<div class=\"product-container hero-product-container product-block-no-wrap\"><\/div>\n<hr>\n<p>Drews Fr\u00fchst\u00fccksecke ist der ultimative gem\u00fctliche Raum, der sowohl beruhigend als auch mutig im Design ist. Es ist gelungen und dennoch \u00fcberraschend einfach zu reproduzieren, was beweist, dass ein bisschen Heimwerken manchmal der beste Weg ist, einen Raum aufzuwerten.<\/p>\n<\/div>\n","protected":false},"excerpt":{"rendered":"<p>Es kann schwierig sein, sich im Januar nach all der Aufregung der Feiertage inspiriert zu f\u00fchlen, aber eine kleine Aufheiterung f\u00fcr Ihr Zuhause ist immer<\/p>\n","protected":false},"author":1,"featured_media":2662,"comment_status":"closed","ping_status":"","sticky":false,"template":"","format":"standard","meta":{"footnotes":""},"categories":[118],"tags":[2468,78,81,216,208,4372,74,3912,189,1095,182,2507,37,4373,2385],"class_list":["post-2661","post","type-post","status-publish","format-standard","has-post-thumbnail","hentry","category-haus-garten","tag-beruhigende","tag-den","tag-der","tag-designer","tag-diesen","tag-diygestreifte","tag-eine","tag-fruehstuecksecke","tag-hat","tag-kreiert","tag-raum","tag-schicke","tag-und","tag-verwandelten","tag-waende","generate-columns","tablet-grid-50","mobile-grid-100","grid-parent","grid-50"],"yoast_head":"<!-- This site is optimized with the Yoast SEO plugin v27.3 - https:\/\/yoast.com\/product\/yoast-seo-wordpress\/ -->\n<title>DIY-gestreifte W\u00e4nde verwandelten diesen Raum in eine schicke und beruhigende Fr\u00fchst\u00fccksecke \u2013 so hat der Designer den Look kreiert - Nachrichten - Stra\u00dfenweb<\/title>\n<meta name=\"robots\" content=\"index, follow, max-snippet:-1, max-image-preview:large, max-video-preview:-1\" \/>\n<link rel=\"canonical\" href=\"https:\/\/www.strassenweb.de\/nachrichten\/diy-gestreifte-waende-verwandelten-diesen-raum-in-eine-schicke-und-beruhigende-fruehstuecksecke-so-hat-der-designer-den-look-kreiert\/\" \/>\n<meta property=\"og:locale\" content=\"de_DE\" \/>\n<meta property=\"og:type\" content=\"article\" \/>\n<meta property=\"og:title\" content=\"DIY-gestreifte W\u00e4nde verwandelten diesen Raum in eine schicke und beruhigende Fr\u00fchst\u00fccksecke \u2013 so hat der Designer den Look kreiert - Nachrichten - Stra\u00dfenweb\" \/>\n<meta property=\"og:description\" content=\"Es kann schwierig sein, sich im Januar nach all der Aufregung der Feiertage inspiriert zu f\u00fchlen, aber eine kleine Aufheiterung f\u00fcr Ihr Zuhause ist immer\" \/>\n<meta property=\"og:url\" content=\"https:\/\/www.strassenweb.de\/nachrichten\/diy-gestreifte-waende-verwandelten-diesen-raum-in-eine-schicke-und-beruhigende-fruehstuecksecke-so-hat-der-designer-den-look-kreiert\/\" \/>\n<meta property=\"og:site_name\" content=\"Stra\u00dfenweb\" \/>\n<meta property=\"article:publisher\" content=\"https:\/\/www.facebook.com\/strassenweb\/\" \/>\n<meta property=\"article:published_time\" content=\"2025-01-11T19:09:33+00:00\" \/>\n<meta property=\"article:modified_time\" content=\"2025-01-11T19:09:34+00:00\" \/>\n<meta property=\"og:image\" content=\"https:\/\/www.strassenweb.de\/nachrichten\/wp-content\/uploads\/2025\/01\/DIY-gestreifte-Waende-verwandelten-diesen-Raum-in-eine-schicke-und-beruhigende.jpg\" \/>\n\t<meta property=\"og:image:width\" content=\"1200\" \/>\n\t<meta property=\"og:image:height\" content=\"675\" \/>\n\t<meta property=\"og:image:type\" content=\"image\/jpeg\" \/>\n<meta name=\"author\" content=\"Robert Hoffmann\" \/>\n<meta name=\"twitter:card\" content=\"summary_large_image\" \/>\n<meta name=\"twitter:label1\" content=\"Verfasst von\" \/>\n\t<meta name=\"twitter:data1\" content=\"Robert Hoffmann\" \/>\n\t<meta name=\"twitter:label2\" content=\"Gesch\u00e4tzte Lesezeit\" \/>\n\t<meta name=\"twitter:data2\" content=\"5\u00a0Minuten\" \/>\n<script type=\"application\/ld+json\" class=\"yoast-schema-graph\">{\"@context\":\"https:\\\/\\\/schema.org\",\"@graph\":[{\"@type\":\"Article\",\"@id\":\"https:\\\/\\\/www.strassenweb.de\\\/nachrichten\\\/diy-gestreifte-waende-verwandelten-diesen-raum-in-eine-schicke-und-beruhigende-fruehstuecksecke-so-hat-der-designer-den-look-kreiert\\\/#article\",\"isPartOf\":{\"@id\":\"https:\\\/\\\/www.strassenweb.de\\\/nachrichten\\\/diy-gestreifte-waende-verwandelten-diesen-raum-in-eine-schicke-und-beruhigende-fruehstuecksecke-so-hat-der-designer-den-look-kreiert\\\/\"},\"author\":{\"name\":\"Robert Hoffmann\",\"@id\":\"https:\\\/\\\/www.strassenweb.de\\\/nachrichten\\\/#\\\/schema\\\/person\\\/87c9c9067f1211da429a744dc5a5aa41\"},\"headline\":\"DIY-gestreifte W\u00e4nde verwandelten diesen Raum in eine schicke und beruhigende Fr\u00fchst\u00fccksecke \u2013 so hat der Designer den Look kreiert\",\"datePublished\":\"2025-01-11T19:09:33+00:00\",\"dateModified\":\"2025-01-11T19:09:34+00:00\",\"mainEntityOfPage\":{\"@id\":\"https:\\\/\\\/www.strassenweb.de\\\/nachrichten\\\/diy-gestreifte-waende-verwandelten-diesen-raum-in-eine-schicke-und-beruhigende-fruehstuecksecke-so-hat-der-designer-den-look-kreiert\\\/\"},\"wordCount\":941,\"publisher\":{\"@id\":\"https:\\\/\\\/www.strassenweb.de\\\/nachrichten\\\/#organization\"},\"image\":{\"@id\":\"https:\\\/\\\/www.strassenweb.de\\\/nachrichten\\\/diy-gestreifte-waende-verwandelten-diesen-raum-in-eine-schicke-und-beruhigende-fruehstuecksecke-so-hat-der-designer-den-look-kreiert\\\/#primaryimage\"},\"thumbnailUrl\":\"https:\\\/\\\/www.strassenweb.de\\\/nachrichten\\\/wp-content\\\/uploads\\\/2025\\\/01\\\/DIY-gestreifte-Waende-verwandelten-diesen-Raum-in-eine-schicke-und-beruhigende.jpg\",\"keywords\":[\"beruhigende\",\"den\",\"der\",\"Designer\",\"diesen\",\"DIYgestreifte\",\"eine\",\"Fr\u00fchst\u00fccksecke\",\"hat\",\"kreiert\",\"Raum\",\"schicke\",\"und\",\"verwandelten\",\"W\u00e4nde\"],\"articleSection\":[\"Haus &amp; Garten\"],\"inLanguage\":\"de\"},{\"@type\":\"WebPage\",\"@id\":\"https:\\\/\\\/www.strassenweb.de\\\/nachrichten\\\/diy-gestreifte-waende-verwandelten-diesen-raum-in-eine-schicke-und-beruhigende-fruehstuecksecke-so-hat-der-designer-den-look-kreiert\\\/\",\"url\":\"https:\\\/\\\/www.strassenweb.de\\\/nachrichten\\\/diy-gestreifte-waende-verwandelten-diesen-raum-in-eine-schicke-und-beruhigende-fruehstuecksecke-so-hat-der-designer-den-look-kreiert\\\/\",\"name\":\"DIY-gestreifte W\u00e4nde verwandelten diesen Raum in eine schicke und beruhigende Fr\u00fchst\u00fccksecke \u2013 so hat der Designer den Look kreiert - Nachrichten - Stra\u00dfenweb\",\"isPartOf\":{\"@id\":\"https:\\\/\\\/www.strassenweb.de\\\/nachrichten\\\/#website\"},\"primaryImageOfPage\":{\"@id\":\"https:\\\/\\\/www.strassenweb.de\\\/nachrichten\\\/diy-gestreifte-waende-verwandelten-diesen-raum-in-eine-schicke-und-beruhigende-fruehstuecksecke-so-hat-der-designer-den-look-kreiert\\\/#primaryimage\"},\"image\":{\"@id\":\"https:\\\/\\\/www.strassenweb.de\\\/nachrichten\\\/diy-gestreifte-waende-verwandelten-diesen-raum-in-eine-schicke-und-beruhigende-fruehstuecksecke-so-hat-der-designer-den-look-kreiert\\\/#primaryimage\"},\"thumbnailUrl\":\"https:\\\/\\\/www.strassenweb.de\\\/nachrichten\\\/wp-content\\\/uploads\\\/2025\\\/01\\\/DIY-gestreifte-Waende-verwandelten-diesen-Raum-in-eine-schicke-und-beruhigende.jpg\",\"datePublished\":\"2025-01-11T19:09:33+00:00\",\"dateModified\":\"2025-01-11T19:09:34+00:00\",\"breadcrumb\":{\"@id\":\"https:\\\/\\\/www.strassenweb.de\\\/nachrichten\\\/diy-gestreifte-waende-verwandelten-diesen-raum-in-eine-schicke-und-beruhigende-fruehstuecksecke-so-hat-der-designer-den-look-kreiert\\\/#breadcrumb\"},\"inLanguage\":\"de\",\"potentialAction\":[{\"@type\":\"ReadAction\",\"target\":[\"https:\\\/\\\/www.strassenweb.de\\\/nachrichten\\\/diy-gestreifte-waende-verwandelten-diesen-raum-in-eine-schicke-und-beruhigende-fruehstuecksecke-so-hat-der-designer-den-look-kreiert\\\/\"]}]},{\"@type\":\"ImageObject\",\"inLanguage\":\"de\",\"@id\":\"https:\\\/\\\/www.strassenweb.de\\\/nachrichten\\\/diy-gestreifte-waende-verwandelten-diesen-raum-in-eine-schicke-und-beruhigende-fruehstuecksecke-so-hat-der-designer-den-look-kreiert\\\/#primaryimage\",\"url\":\"https:\\\/\\\/www.strassenweb.de\\\/nachrichten\\\/wp-content\\\/uploads\\\/2025\\\/01\\\/DIY-gestreifte-Waende-verwandelten-diesen-Raum-in-eine-schicke-und-beruhigende.jpg\",\"contentUrl\":\"https:\\\/\\\/www.strassenweb.de\\\/nachrichten\\\/wp-content\\\/uploads\\\/2025\\\/01\\\/DIY-gestreifte-Waende-verwandelten-diesen-Raum-in-eine-schicke-und-beruhigende.jpg\",\"width\":1200,\"height\":675,\"caption\":\"DIY-gestreifte W\u00e4nde verwandelten diesen Raum in eine schicke und beruhigende Fr\u00fchst\u00fccksecke \u2013 so hat der Designer den Look kreiert\"},{\"@type\":\"BreadcrumbList\",\"@id\":\"https:\\\/\\\/www.strassenweb.de\\\/nachrichten\\\/diy-gestreifte-waende-verwandelten-diesen-raum-in-eine-schicke-und-beruhigende-fruehstuecksecke-so-hat-der-designer-den-look-kreiert\\\/#breadcrumb\",\"itemListElement\":[{\"@type\":\"ListItem\",\"position\":1,\"name\":\"Home\",\"item\":\"https:\\\/\\\/www.strassenweb.de\\\/nachrichten\\\/\"},{\"@type\":\"ListItem\",\"position\":2,\"name\":\"DIY-gestreifte W\u00e4nde verwandelten diesen Raum in eine schicke und beruhigende Fr\u00fchst\u00fccksecke \u2013 so hat der Designer den Look kreiert\"}]},{\"@type\":\"WebSite\",\"@id\":\"https:\\\/\\\/www.strassenweb.de\\\/nachrichten\\\/#website\",\"url\":\"https:\\\/\\\/www.strassenweb.de\\\/nachrichten\\\/\",\"name\":\"Stra\u00dfenweb\",\"description\":\"Stra\u00dfenverzeichnis f\u00fcr Deutschland\",\"publisher\":{\"@id\":\"https:\\\/\\\/www.strassenweb.de\\\/nachrichten\\\/#organization\"},\"potentialAction\":[{\"@type\":\"SearchAction\",\"target\":{\"@type\":\"EntryPoint\",\"urlTemplate\":\"https:\\\/\\\/www.strassenweb.de\\\/nachrichten\\\/?s={search_term_string}\"},\"query-input\":{\"@type\":\"PropertyValueSpecification\",\"valueRequired\":true,\"valueName\":\"search_term_string\"}}],\"inLanguage\":\"de\"},{\"@type\":\"Organization\",\"@id\":\"https:\\\/\\\/www.strassenweb.de\\\/nachrichten\\\/#organization\",\"name\":\"Stra\u00dfenweb\",\"url\":\"https:\\\/\\\/www.strassenweb.de\\\/nachrichten\\\/\",\"logo\":{\"@type\":\"ImageObject\",\"inLanguage\":\"de\",\"@id\":\"https:\\\/\\\/www.strassenweb.de\\\/nachrichten\\\/#\\\/schema\\\/logo\\\/image\\\/\",\"url\":\"https:\\\/\\\/www.strassenweb.de\\\/nachrichten\\\/wp-content\\\/uploads\\\/2024\\\/09\\\/cropped-favicon.png\",\"contentUrl\":\"https:\\\/\\\/www.strassenweb.de\\\/nachrichten\\\/wp-content\\\/uploads\\\/2024\\\/09\\\/cropped-favicon.png\",\"width\":512,\"height\":512,\"caption\":\"Stra\u00dfenweb\"},\"image\":{\"@id\":\"https:\\\/\\\/www.strassenweb.de\\\/nachrichten\\\/#\\\/schema\\\/logo\\\/image\\\/\"},\"sameAs\":[\"https:\\\/\\\/www.facebook.com\\\/strassenweb\\\/\"]},{\"@type\":\"Person\",\"@id\":\"https:\\\/\\\/www.strassenweb.de\\\/nachrichten\\\/#\\\/schema\\\/person\\\/87c9c9067f1211da429a744dc5a5aa41\",\"name\":\"Robert Hoffmann\",\"image\":{\"@type\":\"ImageObject\",\"inLanguage\":\"de\",\"@id\":\"https:\\\/\\\/www.strassenweb.de\\\/nachrichten\\\/wp-content\\\/uploads\\\/2024\\\/09\\\/strassenweb-150x150.jpg\",\"url\":\"https:\\\/\\\/www.strassenweb.de\\\/nachrichten\\\/wp-content\\\/uploads\\\/2024\\\/09\\\/strassenweb-150x150.jpg\",\"contentUrl\":\"https:\\\/\\\/www.strassenweb.de\\\/nachrichten\\\/wp-content\\\/uploads\\\/2024\\\/09\\\/strassenweb-150x150.jpg\",\"caption\":\"Robert Hoffmann\"},\"description\":\"Ich hei\u00dfe Robert Hoffmann und ich bin ein leidenschaftlicher Verfechter von \u00d6kologie und Biodiversit\u00e4t. Seit meiner Kindheit in den W\u00e4ldern Bayerns f\u00fchle ich mich mit der Natur verbunden und bin entschlossen, sie zu sch\u00fctzen. Heute widme ich mein Leben der Sensibilisierung anderer f\u00fcr die Bedeutung des Umweltschutzes f\u00fcr zuk\u00fcnftige Generationen.\",\"sameAs\":[\"https:\\\/\\\/www.strassenweb.de\\\/\"]}]}<\/script>\n<!-- \/ Yoast SEO plugin. -->","yoast_head_json":{"title":"DIY-gestreifte W\u00e4nde verwandelten diesen Raum in eine schicke und beruhigende Fr\u00fchst\u00fccksecke \u2013 so hat der Designer den Look kreiert - Nachrichten - Stra\u00dfenweb","robots":{"index":"index","follow":"follow","max-snippet":"max-snippet:-1","max-image-preview":"max-image-preview:large","max-video-preview":"max-video-preview:-1"},"canonical":"https:\/\/www.strassenweb.de\/nachrichten\/diy-gestreifte-waende-verwandelten-diesen-raum-in-eine-schicke-und-beruhigende-fruehstuecksecke-so-hat-der-designer-den-look-kreiert\/","og_locale":"de_DE","og_type":"article","og_title":"DIY-gestreifte W\u00e4nde verwandelten diesen Raum in eine schicke und beruhigende Fr\u00fchst\u00fccksecke \u2013 so hat der Designer den Look kreiert - Nachrichten - Stra\u00dfenweb","og_description":"Es kann schwierig sein, sich im Januar nach all der Aufregung der Feiertage inspiriert zu f\u00fchlen, aber eine kleine Aufheiterung f\u00fcr Ihr Zuhause ist immer","og_url":"https:\/\/www.strassenweb.de\/nachrichten\/diy-gestreifte-waende-verwandelten-diesen-raum-in-eine-schicke-und-beruhigende-fruehstuecksecke-so-hat-der-designer-den-look-kreiert\/","og_site_name":"Stra\u00dfenweb","article_publisher":"https:\/\/www.facebook.com\/strassenweb\/","article_published_time":"2025-01-11T19:09:33+00:00","article_modified_time":"2025-01-11T19:09:34+00:00","og_image":[{"width":1200,"height":675,"url":"https:\/\/www.strassenweb.de\/nachrichten\/wp-content\/uploads\/2025\/01\/DIY-gestreifte-Waende-verwandelten-diesen-Raum-in-eine-schicke-und-beruhigende.jpg","type":"image\/jpeg"}],"author":"Robert Hoffmann","twitter_card":"summary_large_image","twitter_misc":{"Verfasst von":"Robert Hoffmann","Gesch\u00e4tzte Lesezeit":"5\u00a0Minuten"},"schema":{"@context":"https:\/\/schema.org","@graph":[{"@type":"Article","@id":"https:\/\/www.strassenweb.de\/nachrichten\/diy-gestreifte-waende-verwandelten-diesen-raum-in-eine-schicke-und-beruhigende-fruehstuecksecke-so-hat-der-designer-den-look-kreiert\/#article","isPartOf":{"@id":"https:\/\/www.strassenweb.de\/nachrichten\/diy-gestreifte-waende-verwandelten-diesen-raum-in-eine-schicke-und-beruhigende-fruehstuecksecke-so-hat-der-designer-den-look-kreiert\/"},"author":{"name":"Robert Hoffmann","@id":"https:\/\/www.strassenweb.de\/nachrichten\/#\/schema\/person\/87c9c9067f1211da429a744dc5a5aa41"},"headline":"DIY-gestreifte W\u00e4nde verwandelten diesen Raum in eine schicke und beruhigende Fr\u00fchst\u00fccksecke \u2013 so hat der Designer den Look kreiert","datePublished":"2025-01-11T19:09:33+00:00","dateModified":"2025-01-11T19:09:34+00:00","mainEntityOfPage":{"@id":"https:\/\/www.strassenweb.de\/nachrichten\/diy-gestreifte-waende-verwandelten-diesen-raum-in-eine-schicke-und-beruhigende-fruehstuecksecke-so-hat-der-designer-den-look-kreiert\/"},"wordCount":941,"publisher":{"@id":"https:\/\/www.strassenweb.de\/nachrichten\/#organization"},"image":{"@id":"https:\/\/www.strassenweb.de\/nachrichten\/diy-gestreifte-waende-verwandelten-diesen-raum-in-eine-schicke-und-beruhigende-fruehstuecksecke-so-hat-der-designer-den-look-kreiert\/#primaryimage"},"thumbnailUrl":"https:\/\/www.strassenweb.de\/nachrichten\/wp-content\/uploads\/2025\/01\/DIY-gestreifte-Waende-verwandelten-diesen-Raum-in-eine-schicke-und-beruhigende.jpg","keywords":["beruhigende","den","der","Designer","diesen","DIYgestreifte","eine","Fr\u00fchst\u00fccksecke","hat","kreiert","Raum","schicke","und","verwandelten","W\u00e4nde"],"articleSection":["Haus &amp; Garten"],"inLanguage":"de"},{"@type":"WebPage","@id":"https:\/\/www.strassenweb.de\/nachrichten\/diy-gestreifte-waende-verwandelten-diesen-raum-in-eine-schicke-und-beruhigende-fruehstuecksecke-so-hat-der-designer-den-look-kreiert\/","url":"https:\/\/www.strassenweb.de\/nachrichten\/diy-gestreifte-waende-verwandelten-diesen-raum-in-eine-schicke-und-beruhigende-fruehstuecksecke-so-hat-der-designer-den-look-kreiert\/","name":"DIY-gestreifte W\u00e4nde verwandelten diesen Raum in eine schicke und beruhigende Fr\u00fchst\u00fccksecke \u2013 so hat der Designer den Look kreiert - Nachrichten - Stra\u00dfenweb","isPartOf":{"@id":"https:\/\/www.strassenweb.de\/nachrichten\/#website"},"primaryImageOfPage":{"@id":"https:\/\/www.strassenweb.de\/nachrichten\/diy-gestreifte-waende-verwandelten-diesen-raum-in-eine-schicke-und-beruhigende-fruehstuecksecke-so-hat-der-designer-den-look-kreiert\/#primaryimage"},"image":{"@id":"https:\/\/www.strassenweb.de\/nachrichten\/diy-gestreifte-waende-verwandelten-diesen-raum-in-eine-schicke-und-beruhigende-fruehstuecksecke-so-hat-der-designer-den-look-kreiert\/#primaryimage"},"thumbnailUrl":"https:\/\/www.strassenweb.de\/nachrichten\/wp-content\/uploads\/2025\/01\/DIY-gestreifte-Waende-verwandelten-diesen-Raum-in-eine-schicke-und-beruhigende.jpg","datePublished":"2025-01-11T19:09:33+00:00","dateModified":"2025-01-11T19:09:34+00:00","breadcrumb":{"@id":"https:\/\/www.strassenweb.de\/nachrichten\/diy-gestreifte-waende-verwandelten-diesen-raum-in-eine-schicke-und-beruhigende-fruehstuecksecke-so-hat-der-designer-den-look-kreiert\/#breadcrumb"},"inLanguage":"de","potentialAction":[{"@type":"ReadAction","target":["https:\/\/www.strassenweb.de\/nachrichten\/diy-gestreifte-waende-verwandelten-diesen-raum-in-eine-schicke-und-beruhigende-fruehstuecksecke-so-hat-der-designer-den-look-kreiert\/"]}]},{"@type":"ImageObject","inLanguage":"de","@id":"https:\/\/www.strassenweb.de\/nachrichten\/diy-gestreifte-waende-verwandelten-diesen-raum-in-eine-schicke-und-beruhigende-fruehstuecksecke-so-hat-der-designer-den-look-kreiert\/#primaryimage","url":"https:\/\/www.strassenweb.de\/nachrichten\/wp-content\/uploads\/2025\/01\/DIY-gestreifte-Waende-verwandelten-diesen-Raum-in-eine-schicke-und-beruhigende.jpg","contentUrl":"https:\/\/www.strassenweb.de\/nachrichten\/wp-content\/uploads\/2025\/01\/DIY-gestreifte-Waende-verwandelten-diesen-Raum-in-eine-schicke-und-beruhigende.jpg","width":1200,"height":675,"caption":"DIY-gestreifte W\u00e4nde verwandelten diesen Raum in eine schicke und beruhigende Fr\u00fchst\u00fccksecke \u2013 so hat der Designer den Look kreiert"},{"@type":"BreadcrumbList","@id":"https:\/\/www.strassenweb.de\/nachrichten\/diy-gestreifte-waende-verwandelten-diesen-raum-in-eine-schicke-und-beruhigende-fruehstuecksecke-so-hat-der-designer-den-look-kreiert\/#breadcrumb","itemListElement":[{"@type":"ListItem","position":1,"name":"Home","item":"https:\/\/www.strassenweb.de\/nachrichten\/"},{"@type":"ListItem","position":2,"name":"DIY-gestreifte W\u00e4nde verwandelten diesen Raum in eine schicke und beruhigende Fr\u00fchst\u00fccksecke \u2013 so hat der Designer den Look kreiert"}]},{"@type":"WebSite","@id":"https:\/\/www.strassenweb.de\/nachrichten\/#website","url":"https:\/\/www.strassenweb.de\/nachrichten\/","name":"Stra\u00dfenweb","description":"Stra\u00dfenverzeichnis f\u00fcr Deutschland","publisher":{"@id":"https:\/\/www.strassenweb.de\/nachrichten\/#organization"},"potentialAction":[{"@type":"SearchAction","target":{"@type":"EntryPoint","urlTemplate":"https:\/\/www.strassenweb.de\/nachrichten\/?s={search_term_string}"},"query-input":{"@type":"PropertyValueSpecification","valueRequired":true,"valueName":"search_term_string"}}],"inLanguage":"de"},{"@type":"Organization","@id":"https:\/\/www.strassenweb.de\/nachrichten\/#organization","name":"Stra\u00dfenweb","url":"https:\/\/www.strassenweb.de\/nachrichten\/","logo":{"@type":"ImageObject","inLanguage":"de","@id":"https:\/\/www.strassenweb.de\/nachrichten\/#\/schema\/logo\/image\/","url":"https:\/\/www.strassenweb.de\/nachrichten\/wp-content\/uploads\/2024\/09\/cropped-favicon.png","contentUrl":"https:\/\/www.strassenweb.de\/nachrichten\/wp-content\/uploads\/2024\/09\/cropped-favicon.png","width":512,"height":512,"caption":"Stra\u00dfenweb"},"image":{"@id":"https:\/\/www.strassenweb.de\/nachrichten\/#\/schema\/logo\/image\/"},"sameAs":["https:\/\/www.facebook.com\/strassenweb\/"]},{"@type":"Person","@id":"https:\/\/www.strassenweb.de\/nachrichten\/#\/schema\/person\/87c9c9067f1211da429a744dc5a5aa41","name":"Robert Hoffmann","image":{"@type":"ImageObject","inLanguage":"de","@id":"https:\/\/www.strassenweb.de\/nachrichten\/wp-content\/uploads\/2024\/09\/strassenweb-150x150.jpg","url":"https:\/\/www.strassenweb.de\/nachrichten\/wp-content\/uploads\/2024\/09\/strassenweb-150x150.jpg","contentUrl":"https:\/\/www.strassenweb.de\/nachrichten\/wp-content\/uploads\/2024\/09\/strassenweb-150x150.jpg","caption":"Robert Hoffmann"},"description":"Ich hei\u00dfe Robert Hoffmann und ich bin ein leidenschaftlicher Verfechter von \u00d6kologie und Biodiversit\u00e4t. Seit meiner Kindheit in den W\u00e4ldern Bayerns f\u00fchle ich mich mit der Natur verbunden und bin entschlossen, sie zu sch\u00fctzen. Heute widme ich mein Leben der Sensibilisierung anderer f\u00fcr die Bedeutung des Umweltschutzes f\u00fcr zuk\u00fcnftige Generationen.","sameAs":["https:\/\/www.strassenweb.de\/"]}]}},"_links":{"self":[{"href":"https:\/\/www.strassenweb.de\/nachrichten\/wp-json\/wp\/v2\/posts\/2661","targetHints":{"allow":["GET"]}}],"collection":[{"href":"https:\/\/www.strassenweb.de\/nachrichten\/wp-json\/wp\/v2\/posts"}],"about":[{"href":"https:\/\/www.strassenweb.de\/nachrichten\/wp-json\/wp\/v2\/types\/post"}],"author":[{"embeddable":true,"href":"https:\/\/www.strassenweb.de\/nachrichten\/wp-json\/wp\/v2\/users\/1"}],"replies":[{"embeddable":true,"href":"https:\/\/www.strassenweb.de\/nachrichten\/wp-json\/wp\/v2\/comments?post=2661"}],"version-history":[{"count":0,"href":"https:\/\/www.strassenweb.de\/nachrichten\/wp-json\/wp\/v2\/posts\/2661\/revisions"}],"wp:featuredmedia":[{"embeddable":true,"href":"https:\/\/www.strassenweb.de\/nachrichten\/wp-json\/wp\/v2\/media\/2662"}],"wp:attachment":[{"href":"https:\/\/www.strassenweb.de\/nachrichten\/wp-json\/wp\/v2\/media?parent=2661"}],"wp:term":[{"taxonomy":"category","embeddable":true,"href":"https:\/\/www.strassenweb.de\/nachrichten\/wp-json\/wp\/v2\/categories?post=2661"},{"taxonomy":"post_tag","embeddable":true,"href":"https:\/\/www.strassenweb.de\/nachrichten\/wp-json\/wp\/v2\/tags?post=2661"}],"curies":[{"name":"wp","href":"https:\/\/api.w.org\/{rel}","templated":true}]}}