{"id":2658,"date":"2025-01-11T16:08:32","date_gmt":"2025-01-11T15:08:32","guid":{"rendered":"https:\/\/www.strassenweb.de\/nachrichten\/so-schaffen-sie-im-jahr-2025-eine-maximalistische-grenze-fuer-einen-erhebenden-dramatischen-und-inspirierenden-garten\/"},"modified":"2025-01-11T16:08:33","modified_gmt":"2025-01-11T15:08:33","slug":"so-schaffen-sie-im-jahr-2025-eine-maximalistische-grenze-fuer-einen-erhebenden-dramatischen-und-inspirierenden-garten","status":"publish","type":"post","link":"https:\/\/www.strassenweb.de\/nachrichten\/so-schaffen-sie-im-jahr-2025-eine-maximalistische-grenze-fuer-einen-erhebenden-dramatischen-und-inspirierenden-garten\/","title":{"rendered":"So schaffen Sie im Jahr 2025 eine maximalistische Grenze \u2013 f\u00fcr einen erhebenden, dramatischen und inspirierenden Garten"},"content":{"rendered":"<p><\/p>\n<div id=\"article-body\" class=\"article__body \">\n<p>Maximalistische Grenzen erfreuen sich in den letzten Jahren gro\u00dfer Beliebtheit und d\u00fcrften auch im Jahr 2025 die Gartentrends dominieren. Mehr ist mehr ist das zentrale Prinzip der maximalistischen Denkschule mit aufregenden, charaktervollen Designs voller Farbtexturen und Strukturen.<\/p>\n<div id=\"ad-unit-1\" class=\"ad-unit\"><\/div>\n<p>Wie k\u00f6nnen Sie dies in Ihrem Garten erreichen, ohne eine gro\u00dfe Neugestaltung vornehmen zu m\u00fcssen? Nun, die Schaffung einer maximalistischen Grenze kann eine Transformation sein und einen lebendigen Au\u00dfenraum schaffen, der die Pers\u00f6nlichkeit zelebriert. Und was noch wichtiger ist: Die Bearbeitung und Neubepflanzung eines Beetes ist zwar wirkungsvoll, l\u00e4sst sich aber mit einj\u00e4hrigen und mehrj\u00e4hrigen Pflanzen, die aus Samen gezogen werden k\u00f6nnen, kosteneffektiv durchf\u00fchren.<\/p>\n<p>Hier verr\u00e4t ein Gartenexperte drei M\u00f6glichkeiten, wie Sie dieses Jahr maximalistische Hinterhofideen in Ihren Rabatten umsetzen k\u00f6nnen, mit einzigartigen und aufregenden Pflanzempfehlungen, die Ihren Garten von der Masse abheben.<\/p>\n<div id=\"desktop-in-article\" class=\"in-article ad-unit\">\n<div id=\"desktop-taboola-mid-article\"><\/div>\n<\/div>\n<div id=\"mobile-in-article\" class=\"in-article ad-unit\">\n<div id=\"mobile-taboola-mid-article\"><\/div>\n<\/div>\n<figure class=\"van-image-figure inline-layout \" data-bordeaux-image-check>\n<div class=\"image-full-width-wrapper\">\n<div class=\"image-widthsetter\" style=\"max-width:2400px;\"><\/div>\n<\/div>\n<\/figure>\n<h2 id=\"how-to-create-a-maximalist-border-in-2025-3\">Wie man im Jahr 2025 eine maximalistische Grenze schafft<\/h2>\n<aside class=\"hawk-nest\" data-block-type=\"embed\" data-render-type=\"fte\" data-skip=\"dealsy\" data-widget-type=\"seasonal\">\n<div class=\"hawk-master-widget-hawk-base-wrapper\"><\/div>\n<\/aside>\n<p>W\u00e4hrend es beim Maximalismus als Gartentrend vor allem um Farbe, Wirkung und Dramatik geht, sollte die Bepflanzungsgestaltung dennoch \u00fcberlegt und durchdacht sein. Schlie\u00dflich m\u00f6chten Sie nicht, dass Ihre Grenzen chaotisch oder unzusammenh\u00e4ngend wirken. Daher ist es wichtig, B\u00e4ume, Str\u00e4ucher und Stauden auszuw\u00e4hlen, die gut zusammenpassen und zu langlebigen, auff\u00e4lligen Rabatten f\u00fchren, die auch in den kommenden Jahren gut aussehen.<\/p>\n<div class=\"van_vid_carousel\">\n<div class=\"van_vid_carousel__padding\">\n<div class=\"van_vid_carousel__container\"><\/div>\n<\/div>\n<\/div>\n<h3 class=\"article-body__section\" id=\"section-1-color-is-everything-in-maximalist-spaces\"><span>1. In maximalistischen R\u00e4umen ist Farbe alles<\/span><\/h3>\n<figure class=\"van-image-figure inline-layout \" data-bordeaux-image-check>\n<div class=\"image-full-width-wrapper\">\n<div class=\"image-widthsetter\" style=\"max-width:2000px;\"><\/div>\n<\/div>\n<\/figure>\n<p>\u201eEine maximalistische Grenze zu schaffen bedeutet, einen Garten voller Leben und Freude zu schaffen, aber seien Sie vorsichtig, das bedeutet nicht, einen unordentlichen oder chaotischen Raum zu schaffen\u201c, sagt Pflanzenexpertin Katie Sunderlage.<\/p>\n<div id=\"ad-unit-2\" class=\"ad-unit\"><\/div>\n<p>\u201eFarbe ist nat\u00fcrlich wichtig, aber auch die Wahl einer eingeschr\u00e4nkten Palette und eines geeigneten Pflanzlayouts\u201c, sagt Katie. \u201eEs ist wichtig, im gesamten Raum ein Gleichgewicht zu schaffen, aber von Symmetrie Abstand zu nehmen.\u201c Sie m\u00f6chten nicht, dass rosa Pflanzen den Wegrand s\u00e4umen und dahinter eine Reihe gelber Pflanzen. \u201eDas passt nicht zum maximalistischen Ethos.\u201c<\/p>\n<p>Bleiben Sie, wie Katie sagt, bei einer Farbpalette und verwenden Sie drei oder vier helle, kontrastierende Farben, zum Beispiel eine Reihe von Rosa-, Lila-, Gelb- und Oranget\u00f6nen. W\u00e4hlen Sie dann einige der besten Stauden in diesen Farbt\u00f6nen aus und wiederholen Sie die Pflanzung in nat\u00fcrlichen Verwehungen entlang Ihres maximalistischen Beetes. Vermeiden Sie Symmetrie und den Anbau einzelner oder einzelner Pflanzen \u2013 Sie m\u00f6chten, dass mindestens drei oder f\u00fcnf gleiche Arten in den Beeten verteilt sind. Randbemerkung: Das Pflanzen in ungeraden Zahlen tr\u00e4gt zu einem nat\u00fcrlicheren Pflanzdesign bei.<\/p>\n<p>Wenn Sie hohe mehrj\u00e4hrige oder einj\u00e4hrige Pflanzen anbauen m\u00f6chten, verteilen Sie diese \u00fcber das gesamte Beet. Vermeiden Sie eine gestufte Struktur mit nur hohen Pflanzen im hinteren Bereich. Wiederholen Sie dies stattdessen nach dem Zufallsprinzip und platzieren Sie diese Pflanzen in allen Bereichen der Grenze.<\/p>\n<p>Bleiben Sie bei unserer Farbpalette aus Rosa, Lila, Gelb und Orange und entscheiden Sie sich f\u00fcr Orange <em>Geum &#8218;Totally Tangerine&#8216;, <\/em>begleitet von lila Salbei, wie diesem <em>Salvia &#8218;Rose Marvel&#8216;, <\/em>erh\u00e4ltlich bei Walmart. Pflanzen Sie diese beiden neben den gelben G\u00e4nsebl\u00fcmchen der Schwarz\u00e4ugigen Susanne sowie einer rosafarbenen Schafgarbensorte, wie z <em>Achillea millefolium &#8218;Vintage Rose&#8216;.<\/em><\/p>\n<p>Wenn Sie eine kosteng\u00fcnstige und wandelbare Idee f\u00fcr ein Blumenbeet haben m\u00f6chten, entscheiden Sie sich f\u00fcr den Anbau schnellw\u00fcchsiger, einj\u00e4hriger Blumen, die Sie im zeitigen Fr\u00fchjahr s\u00e4en k\u00f6nnen und die sp\u00e4ter im Sommer weiter bl\u00fchen. Probieren Sie den ungew\u00f6hnlichen Hahnenkamm, auch bekannt als Celosia, mit Samen von Burpee und leuchtend orangefarbenen Ringelblumenbl\u00fcten.<\/p>\n<h3 class=\"article-body__section\" id=\"section-2-use-foliage-plants-with-different-textures\"><span>2. Verwenden Sie Blattpflanzen mit unterschiedlichen Texturen <\/span><\/h3>\n<figure class=\"van-image-figure inline-layout \" data-bordeaux-image-check>\n<div class=\"image-full-width-wrapper\">\n<div class=\"image-widthsetter\" style=\"max-width:2000px;\"><\/div>\n<\/div>\n<\/figure>\n<p>Die Textur ist auch ein wichtiger Gesichtspunkt, wenn Sie lernen, wie man eine maximalistische Grenze erstellt. W\u00e4hrend wir uns Gr\u00e4ser, immergr\u00fcne Pflanzen oder Farne vielleicht als St\u00fctzpflanzen in einem Blumenbeet vorstellen, w\u00e4re der Gesamteffekt ohne unterschiedliche Blattformen und -farben nicht ganz so beeindruckend.<\/p>\n<p>Entscheiden Sie sich f\u00fcr wirkungsvolle Gr\u00e4ser wie <em>Stipa tenuissima,<\/em> Oder versuchen Sie, eine der wundersch\u00f6nen Carex-Sorten anzubauen, die bei Amazon erh\u00e4ltlich sind. Gr\u00e4ser verleihen den R\u00e4ndern nicht nur Struktur, sondern sorgen auch f\u00fcr Bewegung, da sich die feder\u00e4hnlichen Wedel im Wind bewegen und einen attraktiven und beruhigenden Klang erzeugen.<\/p>\n<p>Sie k\u00f6nnen auch Kr\u00e4uter mit gro\u00dfer Wirkung einsetzen, um dem Rand Struktur, Gr\u00fcn und Duft zu verleihen. Lavendel und Salbei sind beide gute Optionen, oder versuchen Sie es mit Zitronenverbene, lebende Pflanzen sind bei Burpee erh\u00e4ltlich. Mit seinen leuchtend lindgr\u00fcnen, duftenden Bl\u00e4ttern ist dieses aromatische Kraut ein echter Hingucker in jedem Beet.<\/p>\n<p>Platzieren Sie neben Stauden, Einj\u00e4hrigen und Gr\u00e4sern niedrig wachsende Funkien im vorderen Bereich des Beetes, wie zum Beispiel die silberne \u201eCanadian Blue\u201c. Verwenden Sie au\u00dferdem immergr\u00fcne Bodendecker wie Affengras, <em>Liriope Muscari<\/em>um dem Rand der Bord\u00fcre das ganze Jahr \u00fcber Struktur und Farbe zu verleihen.<\/p>\n<h3 class=\"article-body__section\" id=\"section-3-incorporate-trees-and-shrubs-with-different-heights\"><span>3. Integrieren Sie B\u00e4ume und Str\u00e4ucher unterschiedlicher H\u00f6he<\/span><\/h3>\n<figure class=\"van-image-figure inline-layout \" data-bordeaux-image-check>\n<div class=\"image-full-width-wrapper\">\n<div class=\"image-widthsetter\" style=\"max-width:2400px;\"><\/div>\n<\/div>\n<\/figure>\n<p>\u201eNeben Farbe und Textur ist auch die H\u00f6he entscheidend.\u201c \u201eVergessen Sie nicht, eine Handvoll h\u00f6here Pflanzen einzubeziehen, um dem Ganzen mehr Dimension und visuelles Interesse zu verleihen\u201c, sagt Katie. \u201eAuch die unterschiedlichen H\u00f6hen entlang der Grenze erzeugen ein Gef\u00fchl von Dramatik.\u201c<\/p>\n<p>\u201eVerwenden Sie h\u00f6here Bl\u00fctenrispen, um pl\u00f6tzliche H\u00f6hen\u00e4nderungen zu erzeugen, wie zum Beispiel Stockrosen oder.\u201c <em>Verbascum,<\/em> neben h\u00f6heren Str\u00e4uchern oder B\u00e4umen, die Ihre Grenze sofort anheben.&#8216; Schon ein einziger auff\u00e4lliger Baum oder Strauch in einem Beet kann dazu beitragen, den Au\u00dfenbereich aufzuwerten. Wenn Sie also k\u00f6nnen, entscheiden Sie sich f\u00fcr den Anbau eines attraktiven S\u00fc\u00dfstrauchs oder eines kalifornischen Fliederstrauchs.<\/p>\n<p>Warum nicht auch einen der einfachsten immergr\u00fcnen B\u00e4ume z\u00fcchten, zum Beispiel den Erdbeerbaum? <em>Arbutus unedo? <\/em>Diese Art w\u00e4chst am besten in der US-Winterh\u00e4rtezone 7 bis 10 und sorgt nicht nur das ganze Jahr \u00fcber f\u00fcr Gr\u00fcn, sondern bringt im Sp\u00e4tsommer auch ungew\u00f6hnliche rote Fr\u00fcchte hervor, die farbenfrohe, maximalistische Designs perfekt erg\u00e4nzen.<\/p>\n<p><em>Arbutus unedo,<\/em> oder Erdbeerb\u00e4ume k\u00f6nnen bei Amazon bestellt werden.<\/p>\n<h3 class=\"article-body__section\" id=\"section-faqs\"><span>FAQs<\/span><\/h3>\n<h2 id=\"how-can-i-create-a-maximalist-pot-display-3\">Wie kann ich eine maximalistische Pot-Anzeige erstellen? <\/h2>\n<p>Um eine maximalistische Beh\u00e4lterpr\u00e4sentation zu schaffen, f\u00fcllen Sie Ihre T\u00f6pfe mit hohen, dramatischen Pflanzen wie Canna-Lilien, Sonnenhut und Kapuzinerkresse. Versuchen Sie, eine Mischung aus Pflanzen zu erhalten, die nach oben wachsen, und Pflanzen, die nach unten wachsen, um das Gr\u00fcn und das Interesse auf verschiedenen Ebenen zu maximieren. F\u00fcr eine wirkungsvolle Topfpr\u00e4sentation sollten Sie sich an eine begrenzte Palette von drei oder f\u00fcnf Arten halten und diese in verschiedenen Beh\u00e4ltern wiederholen.<\/p>\n<hr>\n<p>Welche Pflanzen Sie auch immer in Ihrem maximalistischen Beet anbauen m\u00f6chten, denken Sie daran, mit den von Ihnen ausgew\u00e4hlten Pflanzen zu experimentieren und Spa\u00df zu haben. Blumenbeete k\u00f6nnen ein Spiegelbild Ihrer Pers\u00f6nlichkeit, Ihres Geschmacks und Ihrer Vorlieben sein. Verwenden Sie daher Stauden, Str\u00e4ucher und B\u00e4ume, die Ihnen gefallen. Es ist auch eine gute Idee, einheimische Pflanzen wie das Blaue Eisenkraut oder den Sternstern in Ihre Designs einzubeziehen, die bei Best\u00e4ubern gut ankommen.<\/p>\n<\/div>\n","protected":false},"excerpt":{"rendered":"<p>Maximalistische Grenzen erfreuen sich in den letzten Jahren gro\u00dfer Beliebtheit und d\u00fcrften auch im Jahr 2025 die Gartentrends dominieren. Mehr ist mehr ist das zentrale<\/p>\n","protected":false},"author":1,"featured_media":2659,"comment_status":"closed","ping_status":"","sticky":false,"template":"","format":"standard","meta":{"footnotes":""},"categories":[118],"tags":[4370,74,166,4369,55,320,4368,4371,384,3917,215,165,37],"class_list":["post-2658","post","type-post","status-publish","format-standard","has-post-thumbnail","hentry","category-haus-garten","tag-dramatischen","tag-eine","tag-einen","tag-erhebenden","tag-fuer","tag-garten","tag-grenze","tag-inspirierenden","tag-jahr","tag-maximalistische","tag-schaffen","tag-sie","tag-und","generate-columns","tablet-grid-50","mobile-grid-100","grid-parent","grid-50"],"yoast_head":"<!-- This site is optimized with the Yoast SEO plugin v27.3 - https:\/\/yoast.com\/product\/yoast-seo-wordpress\/ -->\n<title>So schaffen Sie im Jahr 2025 eine maximalistische Grenze \u2013 f\u00fcr einen erhebenden, dramatischen und inspirierenden Garten - Nachrichten - Stra\u00dfenweb<\/title>\n<meta name=\"robots\" content=\"index, follow, max-snippet:-1, max-image-preview:large, max-video-preview:-1\" \/>\n<link rel=\"canonical\" href=\"https:\/\/www.strassenweb.de\/nachrichten\/so-schaffen-sie-im-jahr-2025-eine-maximalistische-grenze-fuer-einen-erhebenden-dramatischen-und-inspirierenden-garten\/\" \/>\n<meta property=\"og:locale\" content=\"de_DE\" \/>\n<meta property=\"og:type\" content=\"article\" \/>\n<meta property=\"og:title\" content=\"So schaffen Sie im Jahr 2025 eine maximalistische Grenze \u2013 f\u00fcr einen erhebenden, dramatischen und inspirierenden Garten - Nachrichten - Stra\u00dfenweb\" \/>\n<meta property=\"og:description\" content=\"Maximalistische Grenzen erfreuen sich in den letzten Jahren gro\u00dfer Beliebtheit und d\u00fcrften auch im Jahr 2025 die Gartentrends dominieren. Mehr ist mehr ist das zentrale\" \/>\n<meta property=\"og:url\" content=\"https:\/\/www.strassenweb.de\/nachrichten\/so-schaffen-sie-im-jahr-2025-eine-maximalistische-grenze-fuer-einen-erhebenden-dramatischen-und-inspirierenden-garten\/\" \/>\n<meta property=\"og:site_name\" content=\"Stra\u00dfenweb\" \/>\n<meta property=\"article:publisher\" content=\"https:\/\/www.facebook.com\/strassenweb\/\" \/>\n<meta property=\"article:published_time\" content=\"2025-01-11T15:08:32+00:00\" \/>\n<meta property=\"article:modified_time\" content=\"2025-01-11T15:08:33+00:00\" \/>\n<meta property=\"og:image\" content=\"https:\/\/www.strassenweb.de\/nachrichten\/wp-content\/uploads\/2025\/01\/So-schaffen-Sie-im-Jahr-2025-eine-maximalistische-Grenze-\u2013.jpg\" \/>\n\t<meta property=\"og:image:width\" content=\"1200\" \/>\n\t<meta property=\"og:image:height\" content=\"675\" \/>\n\t<meta property=\"og:image:type\" content=\"image\/jpeg\" \/>\n<meta name=\"author\" content=\"Robert Hoffmann\" \/>\n<meta name=\"twitter:card\" content=\"summary_large_image\" \/>\n<meta name=\"twitter:label1\" content=\"Verfasst von\" \/>\n\t<meta name=\"twitter:data1\" content=\"Robert Hoffmann\" \/>\n\t<meta name=\"twitter:label2\" content=\"Gesch\u00e4tzte Lesezeit\" \/>\n\t<meta name=\"twitter:data2\" content=\"6\u00a0Minuten\" \/>\n<script type=\"application\/ld+json\" class=\"yoast-schema-graph\">{\"@context\":\"https:\\\/\\\/schema.org\",\"@graph\":[{\"@type\":\"Article\",\"@id\":\"https:\\\/\\\/www.strassenweb.de\\\/nachrichten\\\/so-schaffen-sie-im-jahr-2025-eine-maximalistische-grenze-fuer-einen-erhebenden-dramatischen-und-inspirierenden-garten\\\/#article\",\"isPartOf\":{\"@id\":\"https:\\\/\\\/www.strassenweb.de\\\/nachrichten\\\/so-schaffen-sie-im-jahr-2025-eine-maximalistische-grenze-fuer-einen-erhebenden-dramatischen-und-inspirierenden-garten\\\/\"},\"author\":{\"name\":\"Robert Hoffmann\",\"@id\":\"https:\\\/\\\/www.strassenweb.de\\\/nachrichten\\\/#\\\/schema\\\/person\\\/87c9c9067f1211da429a744dc5a5aa41\"},\"headline\":\"So schaffen Sie im Jahr 2025 eine maximalistische Grenze \u2013 f\u00fcr einen erhebenden, dramatischen und inspirierenden Garten\",\"datePublished\":\"2025-01-11T15:08:32+00:00\",\"dateModified\":\"2025-01-11T15:08:33+00:00\",\"mainEntityOfPage\":{\"@id\":\"https:\\\/\\\/www.strassenweb.de\\\/nachrichten\\\/so-schaffen-sie-im-jahr-2025-eine-maximalistische-grenze-fuer-einen-erhebenden-dramatischen-und-inspirierenden-garten\\\/\"},\"wordCount\":1181,\"publisher\":{\"@id\":\"https:\\\/\\\/www.strassenweb.de\\\/nachrichten\\\/#organization\"},\"image\":{\"@id\":\"https:\\\/\\\/www.strassenweb.de\\\/nachrichten\\\/so-schaffen-sie-im-jahr-2025-eine-maximalistische-grenze-fuer-einen-erhebenden-dramatischen-und-inspirierenden-garten\\\/#primaryimage\"},\"thumbnailUrl\":\"https:\\\/\\\/www.strassenweb.de\\\/nachrichten\\\/wp-content\\\/uploads\\\/2025\\\/01\\\/So-schaffen-Sie-im-Jahr-2025-eine-maximalistische-Grenze-\u2013.jpg\",\"keywords\":[\"dramatischen\",\"eine\",\"einen\",\"erhebenden\",\"f\u00fcr\",\"Garten\",\"Grenze\",\"inspirierenden\",\"Jahr\",\"maximalistische\",\"schaffen\",\"Sie\",\"und\"],\"articleSection\":[\"Haus &amp; Garten\"],\"inLanguage\":\"de\"},{\"@type\":\"WebPage\",\"@id\":\"https:\\\/\\\/www.strassenweb.de\\\/nachrichten\\\/so-schaffen-sie-im-jahr-2025-eine-maximalistische-grenze-fuer-einen-erhebenden-dramatischen-und-inspirierenden-garten\\\/\",\"url\":\"https:\\\/\\\/www.strassenweb.de\\\/nachrichten\\\/so-schaffen-sie-im-jahr-2025-eine-maximalistische-grenze-fuer-einen-erhebenden-dramatischen-und-inspirierenden-garten\\\/\",\"name\":\"So schaffen Sie im Jahr 2025 eine maximalistische Grenze \u2013 f\u00fcr einen erhebenden, dramatischen und inspirierenden Garten - Nachrichten - Stra\u00dfenweb\",\"isPartOf\":{\"@id\":\"https:\\\/\\\/www.strassenweb.de\\\/nachrichten\\\/#website\"},\"primaryImageOfPage\":{\"@id\":\"https:\\\/\\\/www.strassenweb.de\\\/nachrichten\\\/so-schaffen-sie-im-jahr-2025-eine-maximalistische-grenze-fuer-einen-erhebenden-dramatischen-und-inspirierenden-garten\\\/#primaryimage\"},\"image\":{\"@id\":\"https:\\\/\\\/www.strassenweb.de\\\/nachrichten\\\/so-schaffen-sie-im-jahr-2025-eine-maximalistische-grenze-fuer-einen-erhebenden-dramatischen-und-inspirierenden-garten\\\/#primaryimage\"},\"thumbnailUrl\":\"https:\\\/\\\/www.strassenweb.de\\\/nachrichten\\\/wp-content\\\/uploads\\\/2025\\\/01\\\/So-schaffen-Sie-im-Jahr-2025-eine-maximalistische-Grenze-\u2013.jpg\",\"datePublished\":\"2025-01-11T15:08:32+00:00\",\"dateModified\":\"2025-01-11T15:08:33+00:00\",\"breadcrumb\":{\"@id\":\"https:\\\/\\\/www.strassenweb.de\\\/nachrichten\\\/so-schaffen-sie-im-jahr-2025-eine-maximalistische-grenze-fuer-einen-erhebenden-dramatischen-und-inspirierenden-garten\\\/#breadcrumb\"},\"inLanguage\":\"de\",\"potentialAction\":[{\"@type\":\"ReadAction\",\"target\":[\"https:\\\/\\\/www.strassenweb.de\\\/nachrichten\\\/so-schaffen-sie-im-jahr-2025-eine-maximalistische-grenze-fuer-einen-erhebenden-dramatischen-und-inspirierenden-garten\\\/\"]}]},{\"@type\":\"ImageObject\",\"inLanguage\":\"de\",\"@id\":\"https:\\\/\\\/www.strassenweb.de\\\/nachrichten\\\/so-schaffen-sie-im-jahr-2025-eine-maximalistische-grenze-fuer-einen-erhebenden-dramatischen-und-inspirierenden-garten\\\/#primaryimage\",\"url\":\"https:\\\/\\\/www.strassenweb.de\\\/nachrichten\\\/wp-content\\\/uploads\\\/2025\\\/01\\\/So-schaffen-Sie-im-Jahr-2025-eine-maximalistische-Grenze-\u2013.jpg\",\"contentUrl\":\"https:\\\/\\\/www.strassenweb.de\\\/nachrichten\\\/wp-content\\\/uploads\\\/2025\\\/01\\\/So-schaffen-Sie-im-Jahr-2025-eine-maximalistische-Grenze-\u2013.jpg\",\"width\":1200,\"height\":675,\"caption\":\"So schaffen Sie im Jahr 2025 eine maximalistische Grenze \u2013 f\u00fcr einen erhebenden, dramatischen und inspirierenden Garten\"},{\"@type\":\"BreadcrumbList\",\"@id\":\"https:\\\/\\\/www.strassenweb.de\\\/nachrichten\\\/so-schaffen-sie-im-jahr-2025-eine-maximalistische-grenze-fuer-einen-erhebenden-dramatischen-und-inspirierenden-garten\\\/#breadcrumb\",\"itemListElement\":[{\"@type\":\"ListItem\",\"position\":1,\"name\":\"Home\",\"item\":\"https:\\\/\\\/www.strassenweb.de\\\/nachrichten\\\/\"},{\"@type\":\"ListItem\",\"position\":2,\"name\":\"So schaffen Sie im Jahr 2025 eine maximalistische Grenze \u2013 f\u00fcr einen erhebenden, dramatischen und inspirierenden Garten\"}]},{\"@type\":\"WebSite\",\"@id\":\"https:\\\/\\\/www.strassenweb.de\\\/nachrichten\\\/#website\",\"url\":\"https:\\\/\\\/www.strassenweb.de\\\/nachrichten\\\/\",\"name\":\"Stra\u00dfenweb\",\"description\":\"Stra\u00dfenverzeichnis f\u00fcr Deutschland\",\"publisher\":{\"@id\":\"https:\\\/\\\/www.strassenweb.de\\\/nachrichten\\\/#organization\"},\"potentialAction\":[{\"@type\":\"SearchAction\",\"target\":{\"@type\":\"EntryPoint\",\"urlTemplate\":\"https:\\\/\\\/www.strassenweb.de\\\/nachrichten\\\/?s={search_term_string}\"},\"query-input\":{\"@type\":\"PropertyValueSpecification\",\"valueRequired\":true,\"valueName\":\"search_term_string\"}}],\"inLanguage\":\"de\"},{\"@type\":\"Organization\",\"@id\":\"https:\\\/\\\/www.strassenweb.de\\\/nachrichten\\\/#organization\",\"name\":\"Stra\u00dfenweb\",\"url\":\"https:\\\/\\\/www.strassenweb.de\\\/nachrichten\\\/\",\"logo\":{\"@type\":\"ImageObject\",\"inLanguage\":\"de\",\"@id\":\"https:\\\/\\\/www.strassenweb.de\\\/nachrichten\\\/#\\\/schema\\\/logo\\\/image\\\/\",\"url\":\"https:\\\/\\\/www.strassenweb.de\\\/nachrichten\\\/wp-content\\\/uploads\\\/2024\\\/09\\\/cropped-favicon.png\",\"contentUrl\":\"https:\\\/\\\/www.strassenweb.de\\\/nachrichten\\\/wp-content\\\/uploads\\\/2024\\\/09\\\/cropped-favicon.png\",\"width\":512,\"height\":512,\"caption\":\"Stra\u00dfenweb\"},\"image\":{\"@id\":\"https:\\\/\\\/www.strassenweb.de\\\/nachrichten\\\/#\\\/schema\\\/logo\\\/image\\\/\"},\"sameAs\":[\"https:\\\/\\\/www.facebook.com\\\/strassenweb\\\/\"]},{\"@type\":\"Person\",\"@id\":\"https:\\\/\\\/www.strassenweb.de\\\/nachrichten\\\/#\\\/schema\\\/person\\\/87c9c9067f1211da429a744dc5a5aa41\",\"name\":\"Robert Hoffmann\",\"image\":{\"@type\":\"ImageObject\",\"inLanguage\":\"de\",\"@id\":\"https:\\\/\\\/www.strassenweb.de\\\/nachrichten\\\/wp-content\\\/uploads\\\/2024\\\/09\\\/strassenweb-150x150.jpg\",\"url\":\"https:\\\/\\\/www.strassenweb.de\\\/nachrichten\\\/wp-content\\\/uploads\\\/2024\\\/09\\\/strassenweb-150x150.jpg\",\"contentUrl\":\"https:\\\/\\\/www.strassenweb.de\\\/nachrichten\\\/wp-content\\\/uploads\\\/2024\\\/09\\\/strassenweb-150x150.jpg\",\"caption\":\"Robert Hoffmann\"},\"description\":\"Ich hei\u00dfe Robert Hoffmann und ich bin ein leidenschaftlicher Verfechter von \u00d6kologie und Biodiversit\u00e4t. Seit meiner Kindheit in den W\u00e4ldern Bayerns f\u00fchle ich mich mit der Natur verbunden und bin entschlossen, sie zu sch\u00fctzen. Heute widme ich mein Leben der Sensibilisierung anderer f\u00fcr die Bedeutung des Umweltschutzes f\u00fcr zuk\u00fcnftige Generationen.\",\"sameAs\":[\"https:\\\/\\\/www.strassenweb.de\\\/\"]}]}<\/script>\n<!-- \/ Yoast SEO plugin. -->","yoast_head_json":{"title":"So schaffen Sie im Jahr 2025 eine maximalistische Grenze \u2013 f\u00fcr einen erhebenden, dramatischen und inspirierenden Garten - Nachrichten - Stra\u00dfenweb","robots":{"index":"index","follow":"follow","max-snippet":"max-snippet:-1","max-image-preview":"max-image-preview:large","max-video-preview":"max-video-preview:-1"},"canonical":"https:\/\/www.strassenweb.de\/nachrichten\/so-schaffen-sie-im-jahr-2025-eine-maximalistische-grenze-fuer-einen-erhebenden-dramatischen-und-inspirierenden-garten\/","og_locale":"de_DE","og_type":"article","og_title":"So schaffen Sie im Jahr 2025 eine maximalistische Grenze \u2013 f\u00fcr einen erhebenden, dramatischen und inspirierenden Garten - Nachrichten - Stra\u00dfenweb","og_description":"Maximalistische Grenzen erfreuen sich in den letzten Jahren gro\u00dfer Beliebtheit und d\u00fcrften auch im Jahr 2025 die Gartentrends dominieren. Mehr ist mehr ist das zentrale","og_url":"https:\/\/www.strassenweb.de\/nachrichten\/so-schaffen-sie-im-jahr-2025-eine-maximalistische-grenze-fuer-einen-erhebenden-dramatischen-und-inspirierenden-garten\/","og_site_name":"Stra\u00dfenweb","article_publisher":"https:\/\/www.facebook.com\/strassenweb\/","article_published_time":"2025-01-11T15:08:32+00:00","article_modified_time":"2025-01-11T15:08:33+00:00","og_image":[{"width":1200,"height":675,"url":"https:\/\/www.strassenweb.de\/nachrichten\/wp-content\/uploads\/2025\/01\/So-schaffen-Sie-im-Jahr-2025-eine-maximalistische-Grenze-\u2013.jpg","type":"image\/jpeg"}],"author":"Robert Hoffmann","twitter_card":"summary_large_image","twitter_misc":{"Verfasst von":"Robert Hoffmann","Gesch\u00e4tzte Lesezeit":"6\u00a0Minuten"},"schema":{"@context":"https:\/\/schema.org","@graph":[{"@type":"Article","@id":"https:\/\/www.strassenweb.de\/nachrichten\/so-schaffen-sie-im-jahr-2025-eine-maximalistische-grenze-fuer-einen-erhebenden-dramatischen-und-inspirierenden-garten\/#article","isPartOf":{"@id":"https:\/\/www.strassenweb.de\/nachrichten\/so-schaffen-sie-im-jahr-2025-eine-maximalistische-grenze-fuer-einen-erhebenden-dramatischen-und-inspirierenden-garten\/"},"author":{"name":"Robert Hoffmann","@id":"https:\/\/www.strassenweb.de\/nachrichten\/#\/schema\/person\/87c9c9067f1211da429a744dc5a5aa41"},"headline":"So schaffen Sie im Jahr 2025 eine maximalistische Grenze \u2013 f\u00fcr einen erhebenden, dramatischen und inspirierenden Garten","datePublished":"2025-01-11T15:08:32+00:00","dateModified":"2025-01-11T15:08:33+00:00","mainEntityOfPage":{"@id":"https:\/\/www.strassenweb.de\/nachrichten\/so-schaffen-sie-im-jahr-2025-eine-maximalistische-grenze-fuer-einen-erhebenden-dramatischen-und-inspirierenden-garten\/"},"wordCount":1181,"publisher":{"@id":"https:\/\/www.strassenweb.de\/nachrichten\/#organization"},"image":{"@id":"https:\/\/www.strassenweb.de\/nachrichten\/so-schaffen-sie-im-jahr-2025-eine-maximalistische-grenze-fuer-einen-erhebenden-dramatischen-und-inspirierenden-garten\/#primaryimage"},"thumbnailUrl":"https:\/\/www.strassenweb.de\/nachrichten\/wp-content\/uploads\/2025\/01\/So-schaffen-Sie-im-Jahr-2025-eine-maximalistische-Grenze-\u2013.jpg","keywords":["dramatischen","eine","einen","erhebenden","f\u00fcr","Garten","Grenze","inspirierenden","Jahr","maximalistische","schaffen","Sie","und"],"articleSection":["Haus &amp; Garten"],"inLanguage":"de"},{"@type":"WebPage","@id":"https:\/\/www.strassenweb.de\/nachrichten\/so-schaffen-sie-im-jahr-2025-eine-maximalistische-grenze-fuer-einen-erhebenden-dramatischen-und-inspirierenden-garten\/","url":"https:\/\/www.strassenweb.de\/nachrichten\/so-schaffen-sie-im-jahr-2025-eine-maximalistische-grenze-fuer-einen-erhebenden-dramatischen-und-inspirierenden-garten\/","name":"So schaffen Sie im Jahr 2025 eine maximalistische Grenze \u2013 f\u00fcr einen erhebenden, dramatischen und inspirierenden Garten - Nachrichten - Stra\u00dfenweb","isPartOf":{"@id":"https:\/\/www.strassenweb.de\/nachrichten\/#website"},"primaryImageOfPage":{"@id":"https:\/\/www.strassenweb.de\/nachrichten\/so-schaffen-sie-im-jahr-2025-eine-maximalistische-grenze-fuer-einen-erhebenden-dramatischen-und-inspirierenden-garten\/#primaryimage"},"image":{"@id":"https:\/\/www.strassenweb.de\/nachrichten\/so-schaffen-sie-im-jahr-2025-eine-maximalistische-grenze-fuer-einen-erhebenden-dramatischen-und-inspirierenden-garten\/#primaryimage"},"thumbnailUrl":"https:\/\/www.strassenweb.de\/nachrichten\/wp-content\/uploads\/2025\/01\/So-schaffen-Sie-im-Jahr-2025-eine-maximalistische-Grenze-\u2013.jpg","datePublished":"2025-01-11T15:08:32+00:00","dateModified":"2025-01-11T15:08:33+00:00","breadcrumb":{"@id":"https:\/\/www.strassenweb.de\/nachrichten\/so-schaffen-sie-im-jahr-2025-eine-maximalistische-grenze-fuer-einen-erhebenden-dramatischen-und-inspirierenden-garten\/#breadcrumb"},"inLanguage":"de","potentialAction":[{"@type":"ReadAction","target":["https:\/\/www.strassenweb.de\/nachrichten\/so-schaffen-sie-im-jahr-2025-eine-maximalistische-grenze-fuer-einen-erhebenden-dramatischen-und-inspirierenden-garten\/"]}]},{"@type":"ImageObject","inLanguage":"de","@id":"https:\/\/www.strassenweb.de\/nachrichten\/so-schaffen-sie-im-jahr-2025-eine-maximalistische-grenze-fuer-einen-erhebenden-dramatischen-und-inspirierenden-garten\/#primaryimage","url":"https:\/\/www.strassenweb.de\/nachrichten\/wp-content\/uploads\/2025\/01\/So-schaffen-Sie-im-Jahr-2025-eine-maximalistische-Grenze-\u2013.jpg","contentUrl":"https:\/\/www.strassenweb.de\/nachrichten\/wp-content\/uploads\/2025\/01\/So-schaffen-Sie-im-Jahr-2025-eine-maximalistische-Grenze-\u2013.jpg","width":1200,"height":675,"caption":"So schaffen Sie im Jahr 2025 eine maximalistische Grenze \u2013 f\u00fcr einen erhebenden, dramatischen und inspirierenden Garten"},{"@type":"BreadcrumbList","@id":"https:\/\/www.strassenweb.de\/nachrichten\/so-schaffen-sie-im-jahr-2025-eine-maximalistische-grenze-fuer-einen-erhebenden-dramatischen-und-inspirierenden-garten\/#breadcrumb","itemListElement":[{"@type":"ListItem","position":1,"name":"Home","item":"https:\/\/www.strassenweb.de\/nachrichten\/"},{"@type":"ListItem","position":2,"name":"So schaffen Sie im Jahr 2025 eine maximalistische Grenze \u2013 f\u00fcr einen erhebenden, dramatischen und inspirierenden Garten"}]},{"@type":"WebSite","@id":"https:\/\/www.strassenweb.de\/nachrichten\/#website","url":"https:\/\/www.strassenweb.de\/nachrichten\/","name":"Stra\u00dfenweb","description":"Stra\u00dfenverzeichnis f\u00fcr Deutschland","publisher":{"@id":"https:\/\/www.strassenweb.de\/nachrichten\/#organization"},"potentialAction":[{"@type":"SearchAction","target":{"@type":"EntryPoint","urlTemplate":"https:\/\/www.strassenweb.de\/nachrichten\/?s={search_term_string}"},"query-input":{"@type":"PropertyValueSpecification","valueRequired":true,"valueName":"search_term_string"}}],"inLanguage":"de"},{"@type":"Organization","@id":"https:\/\/www.strassenweb.de\/nachrichten\/#organization","name":"Stra\u00dfenweb","url":"https:\/\/www.strassenweb.de\/nachrichten\/","logo":{"@type":"ImageObject","inLanguage":"de","@id":"https:\/\/www.strassenweb.de\/nachrichten\/#\/schema\/logo\/image\/","url":"https:\/\/www.strassenweb.de\/nachrichten\/wp-content\/uploads\/2024\/09\/cropped-favicon.png","contentUrl":"https:\/\/www.strassenweb.de\/nachrichten\/wp-content\/uploads\/2024\/09\/cropped-favicon.png","width":512,"height":512,"caption":"Stra\u00dfenweb"},"image":{"@id":"https:\/\/www.strassenweb.de\/nachrichten\/#\/schema\/logo\/image\/"},"sameAs":["https:\/\/www.facebook.com\/strassenweb\/"]},{"@type":"Person","@id":"https:\/\/www.strassenweb.de\/nachrichten\/#\/schema\/person\/87c9c9067f1211da429a744dc5a5aa41","name":"Robert Hoffmann","image":{"@type":"ImageObject","inLanguage":"de","@id":"https:\/\/www.strassenweb.de\/nachrichten\/wp-content\/uploads\/2024\/09\/strassenweb-150x150.jpg","url":"https:\/\/www.strassenweb.de\/nachrichten\/wp-content\/uploads\/2024\/09\/strassenweb-150x150.jpg","contentUrl":"https:\/\/www.strassenweb.de\/nachrichten\/wp-content\/uploads\/2024\/09\/strassenweb-150x150.jpg","caption":"Robert Hoffmann"},"description":"Ich hei\u00dfe Robert Hoffmann und ich bin ein leidenschaftlicher Verfechter von \u00d6kologie und Biodiversit\u00e4t. Seit meiner Kindheit in den W\u00e4ldern Bayerns f\u00fchle ich mich mit der Natur verbunden und bin entschlossen, sie zu sch\u00fctzen. Heute widme ich mein Leben der Sensibilisierung anderer f\u00fcr die Bedeutung des Umweltschutzes f\u00fcr zuk\u00fcnftige Generationen.","sameAs":["https:\/\/www.strassenweb.de\/"]}]}},"_links":{"self":[{"href":"https:\/\/www.strassenweb.de\/nachrichten\/wp-json\/wp\/v2\/posts\/2658","targetHints":{"allow":["GET"]}}],"collection":[{"href":"https:\/\/www.strassenweb.de\/nachrichten\/wp-json\/wp\/v2\/posts"}],"about":[{"href":"https:\/\/www.strassenweb.de\/nachrichten\/wp-json\/wp\/v2\/types\/post"}],"author":[{"embeddable":true,"href":"https:\/\/www.strassenweb.de\/nachrichten\/wp-json\/wp\/v2\/users\/1"}],"replies":[{"embeddable":true,"href":"https:\/\/www.strassenweb.de\/nachrichten\/wp-json\/wp\/v2\/comments?post=2658"}],"version-history":[{"count":0,"href":"https:\/\/www.strassenweb.de\/nachrichten\/wp-json\/wp\/v2\/posts\/2658\/revisions"}],"wp:featuredmedia":[{"embeddable":true,"href":"https:\/\/www.strassenweb.de\/nachrichten\/wp-json\/wp\/v2\/media\/2659"}],"wp:attachment":[{"href":"https:\/\/www.strassenweb.de\/nachrichten\/wp-json\/wp\/v2\/media?parent=2658"}],"wp:term":[{"taxonomy":"category","embeddable":true,"href":"https:\/\/www.strassenweb.de\/nachrichten\/wp-json\/wp\/v2\/categories?post=2658"},{"taxonomy":"post_tag","embeddable":true,"href":"https:\/\/www.strassenweb.de\/nachrichten\/wp-json\/wp\/v2\/tags?post=2658"}],"curies":[{"name":"wp","href":"https:\/\/api.w.org\/{rel}","templated":true}]}}