{"id":2631,"date":"2025-01-10T07:44:44","date_gmt":"2025-01-10T06:44:44","guid":{"rendered":"https:\/\/www.strassenweb.de\/nachrichten\/laut-designern-die-besten-farben-zum-dekorieren-im-januar-5-farbtoene-um-ihr-zuhause-diesen-winter-aufzufrischen\/"},"modified":"2025-01-10T07:44:45","modified_gmt":"2025-01-10T06:44:45","slug":"laut-designern-die-besten-farben-zum-dekorieren-im-januar-5-farbtoene-um-ihr-zuhause-diesen-winter-aufzufrischen","status":"publish","type":"post","link":"https:\/\/www.strassenweb.de\/nachrichten\/laut-designern-die-besten-farben-zum-dekorieren-im-januar-5-farbtoene-um-ihr-zuhause-diesen-winter-aufzufrischen\/","title":{"rendered":"Laut Designern die besten Farben zum Dekorieren im Januar \u2013 5 Farbt\u00f6ne, um Ihr Zuhause diesen Winter aufzufrischen"},"content":{"rendered":"<p><\/p>\n<div id=\"article-body\" class=\"article__body \">\n<p>Wenn es um die Dekoration im Januar geht, gibt es im Allgemeinen zwei M\u00f6glichkeiten. Entweder m\u00f6chten Sie an den satten, w\u00e4rmenden Farbt\u00f6nen festhalten, die mit den Feiertagen verbunden sind, um die gem\u00fctliche Atmosph\u00e4re im Innenbereich zu verst\u00e4rken; Oder Sie suchen nach einem Neuanfang, inspiriert vom neuen Jahr, mit einer viel zur\u00fcckhaltenderen Farbpalette.<\/p>\n<div id=\"ad-unit-1\" class=\"ad-unit\"><\/div>\n<p>Welchem \u200b\u200bLager Sie auch angeh\u00f6ren, der Januar ist einer der besten Monate, um mit neuen Malideen kreativ zu werden. Eine \u00dcberarbeitung Ihrer Raumfarbvorstellungen kann daf\u00fcr sorgen, dass sich Ihr Raum f\u00fcr das kommende Jahr frisch anf\u00fchlt, unabh\u00e4ngig davon, ob Sie neutrale oder viel kr\u00e4ftigere Farbt\u00f6ne bevorzugen.<\/p>\n<aside class=\"hawk-nest\" data-block-type=\"embed\" data-render-type=\"fte\" data-skip=\"dealsy\" data-widget-type=\"seasonal\">\n<div class=\"hawk-master-widget-hawk-base-wrapper\"><\/div>\n<\/aside>\n<p>Und so haben wir mit Innenarchitekten gesprochen, die unten die besten Farben zum Dekorieren im Januar verraten \u2013 lesen Sie weiter, um Inspiration f\u00fcr winterliche Farbtrends zu erhalten.<\/p>\n<div id=\"desktop-in-article\" class=\"in-article ad-unit\">\n<div id=\"desktop-taboola-mid-article\"><\/div>\n<\/div>\n<div id=\"mobile-in-article\" class=\"in-article ad-unit\">\n<div id=\"mobile-taboola-mid-article\"><\/div>\n<\/div>\n<h2 id=\"the-best-colors-to-decorate-with-in-january-3\">Die besten Farben zum Dekorieren im Januar<\/h2>\n<p>Von k\u00fchlen Blau- und Neutralt\u00f6nen, die das frische Januarwetter widerspiegeln, bis hin zu w\u00e4rmenden Rott\u00f6nen, die Dramatik und Tiefe verleihen, gibt es viele stilvolle Farboptionen f\u00fcr den Jahresanfang, abh\u00e4ngig von Ihrem Einrichtungsstil.<\/p>\n<div class=\"van_vid_carousel\">\n<div class=\"van_vid_carousel__padding\">\n<div class=\"van_vid_carousel__container\"><\/div>\n<\/div>\n<\/div>\n<h3 class=\"article-body__section\" id=\"section-1-blue\"><span>1. Blau<\/span><\/h3>\n<figure class=\"van-image-figure inline-layout \" data-bordeaux-image-check>\n<div class=\"image-full-width-wrapper\">\n<div class=\"image-widthsetter\" style=\"max-width:2000px;\"><\/div>\n<\/div><figcaption class=\"inline-layout \">\n<div class=\"caption-text\">\n<p>Hazy von Farrow &#038; Ball<\/p>\n<\/div>\n<\/figcaption><\/figure>\n<p>F\u00fcr die Wintermonate eignet sich die Dekoration mit Blau. Aufgrund seiner beruhigenden Wirkung kann die Integration von Blau in Ihr Zuhause eine gro\u00dfartige M\u00f6glichkeit sein, Ihrem Zuhause ein frisches Erscheinungsbild zu verleihen, insbesondere bei ged\u00e4mpften Blaut\u00f6nen.<\/p>\n<div id=\"ad-unit-2\" class=\"ad-unit\"><\/div>\n<p>\u201eIm Januar ist meine Lieblingsdekorfarbe Hazy von Farrow &#038; Ball\u201c, erkl\u00e4rt Designerin Vyanca Soto von Market Studio Interiors. \u201eDieses wundersch\u00f6ne, ged\u00e4mpfte Blau mit sanften Graut\u00f6nen erinnert an die ruhige, nachdenkliche Stimmung der Wintersaison und deutet gleichzeitig auf Erneuerung und Wachstum hin.\u201c Eine perfekte Metapher f\u00fcr den Beginn eines neuen Jahres.\u201c<\/p>\n<p>\u201eSein dezenter Blauton verbindet sich mit der Natur und sorgt in den k\u00e4lteren Monaten f\u00fcr ein Gef\u00fchl von Frische und Ruhe im Innenbereich\u201c, f\u00fcgt Vyanca hinzu. \u201eDie grauen Untert\u00f6ne machen es vielseitig und erm\u00f6glichen eine nahtlose Kombination mit winterlichen Wei\u00dft\u00f6nen, sanften Blaut\u00f6nen und warmen Holzakzenten.\u201c<\/p>\n<p>Allerdings k\u00f6nnen dunklere und ges\u00e4ttigtere Blaut\u00f6ne im Januar genauso zu Hause sein. \u201eIm Januar f\u00fchlt sich nahezu jeder Blauton wirklich richtig an\u201c, bemerkt Innenarchitektin Kathy Kuo. \u201eDie K\u00fchle spiegelt das Wetter wider, aber es gibt so viele Richtungen, die man mit Blau gehen kann, sodass es sich nicht unbedingt kalt oder eint\u00f6nig anf\u00fchlen muss.\u201c Ein sch\u00f6ner Hauch von Kobalt, T\u00fcrkis oder Indigo kann einen Raum in einem manchmal sehr langen und k\u00fchlen Monat wirklich erhellen.\u201c<\/p>\n<h3 class=\"article-body__section\" id=\"section-2-red\"><span>2. Rot<\/span><\/h3>\n<figure class=\"van-image-figure inline-layout \" data-bordeaux-image-check>\n<div class=\"image-full-width-wrapper\">\n<div class=\"image-widthsetter\" style=\"max-width:2000px;\"><\/div>\n<\/div><figcaption class=\"inline-layout \">\n<div class=\"caption-text\">\n<p>Dinnerparty von Benjamin Moore<\/p>\n<\/div>\n<\/figcaption><\/figure>\n<p>W\u00e4hrend Rot an die gerade vergangene Weihnachtszeit erinnern kann, ist es eine wirksame Farbwahl f\u00fcr den Januar, wenn Sie Ihrem Zuhause W\u00e4rme verleihen m\u00f6chten.<\/p>\n<p>\u201eRot bringt W\u00e4rme und Eleganz und l\u00e4sst jeden kalten, grauen Tag ein bisschen heller wirken\u201c, sagt Designerin Nadia Watts. \u201eRot ist die perfekte Erg\u00e4nzung zu Blau, Lila und sogar Gr\u00fcn.\u201c \u201eEs sorgt f\u00fcr den perfekten Akzent in einem neutralen Raum oder kann einen Raum komplett ver\u00e4ndern, wenn es an W\u00e4nden, Decken oder B\u00f6den angebracht wird.\u201c<\/p>\n<p>Nadia verr\u00e4t weiterhin einige ihrer liebsten roten Farben, die diesen Januar garantiert f\u00fcr Dramatik in Ihrem Zuhause sorgen werden:<\/p>\n<p>\u201eIch habe gerade Benjamin Moores Kirschwein in der K\u00fcche verwendet \u2013 es ist ein tolles Rot mit etwas Braun und etwas Rosa.\u201c Es funktioniert gut mit einer Vielzahl von Farben und Oberfl\u00e4chen. Patriot Red, ebenfalls von Benjamin Moore, ist ein sehr \u00e4hnliches Rot mit etwas weniger Rosa, wenn Sie ein \u201eechteres\u201c Rot w\u00fcnschen. Dinner Party ist ein edles Rot mit vielen Braun- und Burgundert\u00f6nen. \u201eDieses Rot folgt dem braunen Trend und wertet einen Raum auf und f\u00fchlt sich mit seiner F\u00fclle und Tiefe besonders an.\u201c<\/p>\n<p>Die in Charlotte ans\u00e4ssige Designerin Alexis Warren empfiehlt auch, im Januar mit Rot zu dekorieren, wenn Sie W\u00e4rme und Interesse erzeugen m\u00f6chten: \u201eIch liebe Rot- und Braunt\u00f6ne im Januar.\u201c Das sind Farben, die sich f\u00fcr mich warm und gem\u00fctlich anf\u00fchlen, aber auch hell genug sind, um den dunklen Wintermonaten Fr\u00f6hlichkeit zu verleihen. \u201eDer Radicchio von Farrow and Ball ist immer einer meiner Favoriten \u2013 er ist vielseitig und interessant mit einem klassischen Touch.\u201c<\/p>\n<h3 class=\"article-body__section\" id=\"section-3-warm-neutrals\"><span>3. Warme Neutralt\u00f6ne<\/span><\/h3>\n<figure class=\"van-image-figure inline-layout \" data-bordeaux-image-check>\n<div class=\"image-full-width-wrapper\">\n<div class=\"image-widthsetter\" style=\"max-width:2000px;\"><\/div>\n<\/div>\n<\/figure>\n<p>Wenn Sie eine neutrale Farbgebung bevorzugen, geht der Januar mit ungest\u00f6rten, beruhigenden Neutralfarben einher. F\u00fcr Designerin Jaclyn Isaac von Doni Douglas Design ist das Dekorieren in Taupe ein Muss f\u00fcr die Wintersaison:<\/p>\n<p>\u201eDie unvermeidliche Bedeckung unserer Landschaft im Nordosten mit Eis und Schnee unmittelbar nach der Lebendigkeit der Feiertage schreit geradezu nach einer ged\u00e4mpften, aber fr\u00f6hlichen Palette, um unser Gehirn auf die kommende W\u00e4rme und Farbe des Fr\u00fchlings vorzubereiten.\u201c Ich f\u00fcge es etwas fr\u00fcher hinzu, durch Blumenmuster, kleine Kunstwerke und die hellsten Farbt\u00f6ne davon in Kissen und \u00dcberw\u00fcrfen, um mich daran zu erinnern, dass die W\u00e4rme tats\u00e4chlich kommt.\u201c<\/p>\n<p>Auch warmwei\u00dfe Farben wirken zu Beginn des neuen Jahres frisch und verleihen gerade genug W\u00e4rme, um eine einladende Atmosph\u00e4re zu schaffen. \u201eIn den k\u00e4lteren Monaten tragen R\u00e4ume, die in cremefarbenes, warmes Wei\u00df geh\u00fcllt sind, immer dazu bei, ein Gef\u00fchl von W\u00e4rme und Gem\u00fctlichkeit zu erzeugen\u201c, f\u00fcgt der Designer hinzu<strong> <\/strong>Hannah Goldberg, Gr\u00fcnderin und Leiterin von Hannah Charlotte Interiors. \u201eIch liebe es, dies mit tiefwarmen H\u00f6lzern, patinierten Metallen und Strukturmaterialien wie Leder oder Samt in einer helleren Farbe zu erg\u00e4nzen, um einen reichhaltigen, vielschichtigen Raum zu schaffen.\u201c<\/p>\n<h3 class=\"article-body__section\" id=\"section-4-cool-neutrals\"><span>4. K\u00fchle Neutralt\u00f6ne<\/span><\/h3>\n<figure class=\"van-image-figure inline-layout \" data-bordeaux-image-check>\n<div class=\"image-full-width-wrapper\">\n<div class=\"image-widthsetter\" style=\"max-width:2000px;\"><\/div>\n<\/div>\n<\/figure>\n<p>Andererseits sollten k\u00fchle Neutralt\u00f6ne bei der Dekoration im Januar nicht au\u00dfer Acht gelassen werden. W\u00e4hrend bei k\u00e4lteren T\u00f6nen das Risiko besteht, dass sie eint\u00f6nig wirken, kann sich der richtige k\u00fchle Neutralton perfekt an das Wetter anpassen und ein Gef\u00fchl der Frische im ganzen Haus hervorrufen.<\/p>\n<p>Die Designerin Elizabeth Bolognino verweist auf Sterling von Benjamin Moore und beschreibt es als \u201esilbriges Graublau, das gut zum Winterlicht passt\u201c. Wenn Sie einen gut beleuchteten, nach S\u00fcden ausgerichteten Raum haben, k\u00f6nnen Farben wie diese gut ausbalanciert wirken \u2013 eine gute Wahl, wenn Sie f\u00fcr den Start ins neue Jahr eine helle und luftige Atmosph\u00e4re w\u00fcnschen.<\/p>\n<p>Alternativ k\u00f6nnen Sie f\u00fcr Ihr cooles Farbschema auch einen dunkleren Grauton w\u00e4hlen. Dies wird von der Innenarchitektin Sara Malek Barney von BANDD\/DESIGN empfohlen, die hinzuf\u00fcgt: \u201eWenn man bedenkt, dass mir immer kalt ist, f\u00fchle ich mich wirklich in den kalten Monat hineingezogen.\u201c Ich liebe es, zu dieser Jahreszeit ein tiefes Grau zu verwenden. Es bringt die Stimmung wirklich auf den Punkt.\u201c<\/p>\n<h3 class=\"article-body__section\" id=\"section-5-plum-tones\"><span>5. Pflaument\u00f6ne<\/span><\/h3>\n<figure class=\"van-image-figure inline-layout \" data-bordeaux-image-check>\n<div class=\"image-full-width-wrapper\">\n<div class=\"image-widthsetter\" style=\"max-width:2000px;\"><\/div>\n<\/div>\n<\/figure>\n<p>Wenn Sie schlie\u00dflich an der gem\u00fctlichen Atmosph\u00e4re der Festtage festhalten m\u00f6chten, k\u00f6nnen satte Farbt\u00f6ne wie Pflaument\u00f6ne problemlos in das neue Jahr \u00fcbernommen werden. Ohne all die festliche Dekoration f\u00fchlen sich Pflaument\u00f6ne in den Wintermonaten nach den Feiertagen zu Hause und sind eine effektive M\u00f6glichkeit, ein warmes und einladendes Ambiente zu schaffen.<\/p>\n<p>\u201eIm Januar bevorzuge ich dunkle Pflaument\u00f6ne mit schlammigen Untert\u00f6nen\u201c, sagt Innenarchitektin Cheryl Clendenon von In Detail Interiors. \u201eSie f\u00fchlen sich reichhaltig, gem\u00fctlich und perfekt f\u00fcr die Winter\u00fcbergangszeit an.\u201c Sie sind ein ideales Gegenmittel gegen den Post-Holiday-Blues!\u2018<\/p>\n<p>Pflaumenfarben wie \u201eBrinjal\u201c von Farrow &#038; Ball und \u201eAbenteurer\u201c von Little Greene sind eine Erkundung wert: W\u00e4hrend sie sich im Winter sicherlich gem\u00fctlich anf\u00fchlen, sind sie zeitlos und k\u00f6nnen daher das ganze Jahr \u00fcber eine stilvolle Farbwahl sein.<\/p>\n<hr>\n<p>Wenn Sie diesen Januar mit einer neuen Farbe dekorieren, stellen Sie sicher, dass diese Farbe auch in den kommenden Monaten langlebig ist. Auch wenn Lackfarben nicht der best\u00e4ndigste Bestandteil eines Hauses sind, werden zeitlose Farben nicht so schnell aus dem Einklang mit den Jahreszeiten geraten.<\/p>\n<\/div>\n<p><script async src=\"\/\/www.instagram.com\/embed.js\"><\/script><\/p>\n","protected":false},"excerpt":{"rendered":"<p>Wenn es um die Dekoration im Januar geht, gibt es im Allgemeinen zwei M\u00f6glichkeiten. Entweder m\u00f6chten Sie an den satten, w\u00e4rmenden Farbt\u00f6nen festhalten, die mit<\/p>\n","protected":false},"author":1,"featured_media":2632,"comment_status":"closed","ping_status":"","sticky":false,"template":"","format":"standard","meta":{"footnotes":""},"categories":[118],"tags":[1824,484,1126,1719,9,208,874,162,170,2639,329,204,171,67],"class_list":["post-2631","post","type-post","status-publish","format-standard","has-post-thumbnail","hentry","category-haus-garten","tag-aufzufrischen","tag-besten","tag-dekorieren","tag-designern","tag-die","tag-diesen","tag-farben","tag-farbtoene","tag-ihr","tag-januar","tag-laut","tag-winter","tag-zuhause","tag-zum","generate-columns","tablet-grid-50","mobile-grid-100","grid-parent","grid-50"],"yoast_head":"<!-- This site is optimized with the Yoast SEO plugin v27.3 - https:\/\/yoast.com\/product\/yoast-seo-wordpress\/ -->\n<title>Laut Designern die besten Farben zum Dekorieren im Januar \u2013 5 Farbt\u00f6ne, um Ihr Zuhause diesen Winter aufzufrischen - Nachrichten - Stra\u00dfenweb<\/title>\n<meta name=\"robots\" content=\"index, follow, max-snippet:-1, max-image-preview:large, max-video-preview:-1\" \/>\n<link rel=\"canonical\" href=\"https:\/\/www.strassenweb.de\/nachrichten\/laut-designern-die-besten-farben-zum-dekorieren-im-januar-5-farbtoene-um-ihr-zuhause-diesen-winter-aufzufrischen\/\" \/>\n<meta property=\"og:locale\" content=\"de_DE\" \/>\n<meta property=\"og:type\" content=\"article\" \/>\n<meta property=\"og:title\" content=\"Laut Designern die besten Farben zum Dekorieren im Januar \u2013 5 Farbt\u00f6ne, um Ihr Zuhause diesen Winter aufzufrischen - Nachrichten - Stra\u00dfenweb\" \/>\n<meta property=\"og:description\" content=\"Wenn es um die Dekoration im Januar geht, gibt es im Allgemeinen zwei M\u00f6glichkeiten. Entweder m\u00f6chten Sie an den satten, w\u00e4rmenden Farbt\u00f6nen festhalten, die mit\" \/>\n<meta property=\"og:url\" content=\"https:\/\/www.strassenweb.de\/nachrichten\/laut-designern-die-besten-farben-zum-dekorieren-im-januar-5-farbtoene-um-ihr-zuhause-diesen-winter-aufzufrischen\/\" \/>\n<meta property=\"og:site_name\" content=\"Stra\u00dfenweb\" \/>\n<meta property=\"article:publisher\" content=\"https:\/\/www.facebook.com\/strassenweb\/\" \/>\n<meta property=\"article:published_time\" content=\"2025-01-10T06:44:44+00:00\" \/>\n<meta property=\"article:modified_time\" content=\"2025-01-10T06:44:45+00:00\" \/>\n<meta property=\"og:image\" content=\"https:\/\/www.strassenweb.de\/nachrichten\/wp-content\/uploads\/2025\/01\/Laut-Designern-die-besten-Farben-zum-Dekorieren-im-Januar-\u2013.jpg\" \/>\n\t<meta property=\"og:image:width\" content=\"1200\" \/>\n\t<meta property=\"og:image:height\" content=\"675\" \/>\n\t<meta property=\"og:image:type\" content=\"image\/jpeg\" \/>\n<meta name=\"author\" content=\"Robert Hoffmann\" \/>\n<meta name=\"twitter:card\" content=\"summary_large_image\" \/>\n<meta name=\"twitter:label1\" content=\"Verfasst von\" \/>\n\t<meta name=\"twitter:data1\" content=\"Robert Hoffmann\" \/>\n\t<meta name=\"twitter:label2\" content=\"Gesch\u00e4tzte Lesezeit\" \/>\n\t<meta name=\"twitter:data2\" content=\"6\u00a0Minuten\" \/>\n<script type=\"application\/ld+json\" class=\"yoast-schema-graph\">{\"@context\":\"https:\\\/\\\/schema.org\",\"@graph\":[{\"@type\":\"Article\",\"@id\":\"https:\\\/\\\/www.strassenweb.de\\\/nachrichten\\\/laut-designern-die-besten-farben-zum-dekorieren-im-januar-5-farbtoene-um-ihr-zuhause-diesen-winter-aufzufrischen\\\/#article\",\"isPartOf\":{\"@id\":\"https:\\\/\\\/www.strassenweb.de\\\/nachrichten\\\/laut-designern-die-besten-farben-zum-dekorieren-im-januar-5-farbtoene-um-ihr-zuhause-diesen-winter-aufzufrischen\\\/\"},\"author\":{\"name\":\"Robert Hoffmann\",\"@id\":\"https:\\\/\\\/www.strassenweb.de\\\/nachrichten\\\/#\\\/schema\\\/person\\\/87c9c9067f1211da429a744dc5a5aa41\"},\"headline\":\"Laut Designern die besten Farben zum Dekorieren im Januar \u2013 5 Farbt\u00f6ne, um Ihr Zuhause diesen Winter aufzufrischen\",\"datePublished\":\"2025-01-10T06:44:44+00:00\",\"dateModified\":\"2025-01-10T06:44:45+00:00\",\"mainEntityOfPage\":{\"@id\":\"https:\\\/\\\/www.strassenweb.de\\\/nachrichten\\\/laut-designern-die-besten-farben-zum-dekorieren-im-januar-5-farbtoene-um-ihr-zuhause-diesen-winter-aufzufrischen\\\/\"},\"wordCount\":1319,\"publisher\":{\"@id\":\"https:\\\/\\\/www.strassenweb.de\\\/nachrichten\\\/#organization\"},\"image\":{\"@id\":\"https:\\\/\\\/www.strassenweb.de\\\/nachrichten\\\/laut-designern-die-besten-farben-zum-dekorieren-im-januar-5-farbtoene-um-ihr-zuhause-diesen-winter-aufzufrischen\\\/#primaryimage\"},\"thumbnailUrl\":\"https:\\\/\\\/www.strassenweb.de\\\/nachrichten\\\/wp-content\\\/uploads\\\/2025\\\/01\\\/Laut-Designern-die-besten-Farben-zum-Dekorieren-im-Januar-\u2013.jpg\",\"keywords\":[\"aufzufrischen\",\"besten\",\"dekorieren\",\"Designern\",\"die\",\"diesen\",\"Farben\",\"Farbt\u00f6ne\",\"Ihr\",\"Januar\",\"laut\",\"Winter\",\"Zuhause\",\"zum\"],\"articleSection\":[\"Haus &amp; Garten\"],\"inLanguage\":\"de\"},{\"@type\":\"WebPage\",\"@id\":\"https:\\\/\\\/www.strassenweb.de\\\/nachrichten\\\/laut-designern-die-besten-farben-zum-dekorieren-im-januar-5-farbtoene-um-ihr-zuhause-diesen-winter-aufzufrischen\\\/\",\"url\":\"https:\\\/\\\/www.strassenweb.de\\\/nachrichten\\\/laut-designern-die-besten-farben-zum-dekorieren-im-januar-5-farbtoene-um-ihr-zuhause-diesen-winter-aufzufrischen\\\/\",\"name\":\"Laut Designern die besten Farben zum Dekorieren im Januar \u2013 5 Farbt\u00f6ne, um Ihr Zuhause diesen Winter aufzufrischen - Nachrichten - Stra\u00dfenweb\",\"isPartOf\":{\"@id\":\"https:\\\/\\\/www.strassenweb.de\\\/nachrichten\\\/#website\"},\"primaryImageOfPage\":{\"@id\":\"https:\\\/\\\/www.strassenweb.de\\\/nachrichten\\\/laut-designern-die-besten-farben-zum-dekorieren-im-januar-5-farbtoene-um-ihr-zuhause-diesen-winter-aufzufrischen\\\/#primaryimage\"},\"image\":{\"@id\":\"https:\\\/\\\/www.strassenweb.de\\\/nachrichten\\\/laut-designern-die-besten-farben-zum-dekorieren-im-januar-5-farbtoene-um-ihr-zuhause-diesen-winter-aufzufrischen\\\/#primaryimage\"},\"thumbnailUrl\":\"https:\\\/\\\/www.strassenweb.de\\\/nachrichten\\\/wp-content\\\/uploads\\\/2025\\\/01\\\/Laut-Designern-die-besten-Farben-zum-Dekorieren-im-Januar-\u2013.jpg\",\"datePublished\":\"2025-01-10T06:44:44+00:00\",\"dateModified\":\"2025-01-10T06:44:45+00:00\",\"breadcrumb\":{\"@id\":\"https:\\\/\\\/www.strassenweb.de\\\/nachrichten\\\/laut-designern-die-besten-farben-zum-dekorieren-im-januar-5-farbtoene-um-ihr-zuhause-diesen-winter-aufzufrischen\\\/#breadcrumb\"},\"inLanguage\":\"de\",\"potentialAction\":[{\"@type\":\"ReadAction\",\"target\":[\"https:\\\/\\\/www.strassenweb.de\\\/nachrichten\\\/laut-designern-die-besten-farben-zum-dekorieren-im-januar-5-farbtoene-um-ihr-zuhause-diesen-winter-aufzufrischen\\\/\"]}]},{\"@type\":\"ImageObject\",\"inLanguage\":\"de\",\"@id\":\"https:\\\/\\\/www.strassenweb.de\\\/nachrichten\\\/laut-designern-die-besten-farben-zum-dekorieren-im-januar-5-farbtoene-um-ihr-zuhause-diesen-winter-aufzufrischen\\\/#primaryimage\",\"url\":\"https:\\\/\\\/www.strassenweb.de\\\/nachrichten\\\/wp-content\\\/uploads\\\/2025\\\/01\\\/Laut-Designern-die-besten-Farben-zum-Dekorieren-im-Januar-\u2013.jpg\",\"contentUrl\":\"https:\\\/\\\/www.strassenweb.de\\\/nachrichten\\\/wp-content\\\/uploads\\\/2025\\\/01\\\/Laut-Designern-die-besten-Farben-zum-Dekorieren-im-Januar-\u2013.jpg\",\"width\":1200,\"height\":675,\"caption\":\"Laut Designern die besten Farben zum Dekorieren im Januar \u2013 5 Farbt\u00f6ne, um Ihr Zuhause diesen Winter aufzufrischen\"},{\"@type\":\"BreadcrumbList\",\"@id\":\"https:\\\/\\\/www.strassenweb.de\\\/nachrichten\\\/laut-designern-die-besten-farben-zum-dekorieren-im-januar-5-farbtoene-um-ihr-zuhause-diesen-winter-aufzufrischen\\\/#breadcrumb\",\"itemListElement\":[{\"@type\":\"ListItem\",\"position\":1,\"name\":\"Home\",\"item\":\"https:\\\/\\\/www.strassenweb.de\\\/nachrichten\\\/\"},{\"@type\":\"ListItem\",\"position\":2,\"name\":\"Laut Designern die besten Farben zum Dekorieren im Januar \u2013 5 Farbt\u00f6ne, um Ihr Zuhause diesen Winter aufzufrischen\"}]},{\"@type\":\"WebSite\",\"@id\":\"https:\\\/\\\/www.strassenweb.de\\\/nachrichten\\\/#website\",\"url\":\"https:\\\/\\\/www.strassenweb.de\\\/nachrichten\\\/\",\"name\":\"Stra\u00dfenweb\",\"description\":\"Stra\u00dfenverzeichnis f\u00fcr Deutschland\",\"publisher\":{\"@id\":\"https:\\\/\\\/www.strassenweb.de\\\/nachrichten\\\/#organization\"},\"potentialAction\":[{\"@type\":\"SearchAction\",\"target\":{\"@type\":\"EntryPoint\",\"urlTemplate\":\"https:\\\/\\\/www.strassenweb.de\\\/nachrichten\\\/?s={search_term_string}\"},\"query-input\":{\"@type\":\"PropertyValueSpecification\",\"valueRequired\":true,\"valueName\":\"search_term_string\"}}],\"inLanguage\":\"de\"},{\"@type\":\"Organization\",\"@id\":\"https:\\\/\\\/www.strassenweb.de\\\/nachrichten\\\/#organization\",\"name\":\"Stra\u00dfenweb\",\"url\":\"https:\\\/\\\/www.strassenweb.de\\\/nachrichten\\\/\",\"logo\":{\"@type\":\"ImageObject\",\"inLanguage\":\"de\",\"@id\":\"https:\\\/\\\/www.strassenweb.de\\\/nachrichten\\\/#\\\/schema\\\/logo\\\/image\\\/\",\"url\":\"https:\\\/\\\/www.strassenweb.de\\\/nachrichten\\\/wp-content\\\/uploads\\\/2024\\\/09\\\/cropped-favicon.png\",\"contentUrl\":\"https:\\\/\\\/www.strassenweb.de\\\/nachrichten\\\/wp-content\\\/uploads\\\/2024\\\/09\\\/cropped-favicon.png\",\"width\":512,\"height\":512,\"caption\":\"Stra\u00dfenweb\"},\"image\":{\"@id\":\"https:\\\/\\\/www.strassenweb.de\\\/nachrichten\\\/#\\\/schema\\\/logo\\\/image\\\/\"},\"sameAs\":[\"https:\\\/\\\/www.facebook.com\\\/strassenweb\\\/\"]},{\"@type\":\"Person\",\"@id\":\"https:\\\/\\\/www.strassenweb.de\\\/nachrichten\\\/#\\\/schema\\\/person\\\/87c9c9067f1211da429a744dc5a5aa41\",\"name\":\"Robert Hoffmann\",\"image\":{\"@type\":\"ImageObject\",\"inLanguage\":\"de\",\"@id\":\"https:\\\/\\\/www.strassenweb.de\\\/nachrichten\\\/wp-content\\\/uploads\\\/2024\\\/09\\\/strassenweb-150x150.jpg\",\"url\":\"https:\\\/\\\/www.strassenweb.de\\\/nachrichten\\\/wp-content\\\/uploads\\\/2024\\\/09\\\/strassenweb-150x150.jpg\",\"contentUrl\":\"https:\\\/\\\/www.strassenweb.de\\\/nachrichten\\\/wp-content\\\/uploads\\\/2024\\\/09\\\/strassenweb-150x150.jpg\",\"caption\":\"Robert Hoffmann\"},\"description\":\"Ich hei\u00dfe Robert Hoffmann und ich bin ein leidenschaftlicher Verfechter von \u00d6kologie und Biodiversit\u00e4t. Seit meiner Kindheit in den W\u00e4ldern Bayerns f\u00fchle ich mich mit der Natur verbunden und bin entschlossen, sie zu sch\u00fctzen. Heute widme ich mein Leben der Sensibilisierung anderer f\u00fcr die Bedeutung des Umweltschutzes f\u00fcr zuk\u00fcnftige Generationen.\",\"sameAs\":[\"https:\\\/\\\/www.strassenweb.de\\\/\"]}]}<\/script>\n<!-- \/ Yoast SEO plugin. -->","yoast_head_json":{"title":"Laut Designern die besten Farben zum Dekorieren im Januar \u2013 5 Farbt\u00f6ne, um Ihr Zuhause diesen Winter aufzufrischen - Nachrichten - Stra\u00dfenweb","robots":{"index":"index","follow":"follow","max-snippet":"max-snippet:-1","max-image-preview":"max-image-preview:large","max-video-preview":"max-video-preview:-1"},"canonical":"https:\/\/www.strassenweb.de\/nachrichten\/laut-designern-die-besten-farben-zum-dekorieren-im-januar-5-farbtoene-um-ihr-zuhause-diesen-winter-aufzufrischen\/","og_locale":"de_DE","og_type":"article","og_title":"Laut Designern die besten Farben zum Dekorieren im Januar \u2013 5 Farbt\u00f6ne, um Ihr Zuhause diesen Winter aufzufrischen - Nachrichten - Stra\u00dfenweb","og_description":"Wenn es um die Dekoration im Januar geht, gibt es im Allgemeinen zwei M\u00f6glichkeiten. Entweder m\u00f6chten Sie an den satten, w\u00e4rmenden Farbt\u00f6nen festhalten, die mit","og_url":"https:\/\/www.strassenweb.de\/nachrichten\/laut-designern-die-besten-farben-zum-dekorieren-im-januar-5-farbtoene-um-ihr-zuhause-diesen-winter-aufzufrischen\/","og_site_name":"Stra\u00dfenweb","article_publisher":"https:\/\/www.facebook.com\/strassenweb\/","article_published_time":"2025-01-10T06:44:44+00:00","article_modified_time":"2025-01-10T06:44:45+00:00","og_image":[{"width":1200,"height":675,"url":"https:\/\/www.strassenweb.de\/nachrichten\/wp-content\/uploads\/2025\/01\/Laut-Designern-die-besten-Farben-zum-Dekorieren-im-Januar-\u2013.jpg","type":"image\/jpeg"}],"author":"Robert Hoffmann","twitter_card":"summary_large_image","twitter_misc":{"Verfasst von":"Robert Hoffmann","Gesch\u00e4tzte Lesezeit":"6\u00a0Minuten"},"schema":{"@context":"https:\/\/schema.org","@graph":[{"@type":"Article","@id":"https:\/\/www.strassenweb.de\/nachrichten\/laut-designern-die-besten-farben-zum-dekorieren-im-januar-5-farbtoene-um-ihr-zuhause-diesen-winter-aufzufrischen\/#article","isPartOf":{"@id":"https:\/\/www.strassenweb.de\/nachrichten\/laut-designern-die-besten-farben-zum-dekorieren-im-januar-5-farbtoene-um-ihr-zuhause-diesen-winter-aufzufrischen\/"},"author":{"name":"Robert Hoffmann","@id":"https:\/\/www.strassenweb.de\/nachrichten\/#\/schema\/person\/87c9c9067f1211da429a744dc5a5aa41"},"headline":"Laut Designern die besten Farben zum Dekorieren im Januar \u2013 5 Farbt\u00f6ne, um Ihr Zuhause diesen Winter aufzufrischen","datePublished":"2025-01-10T06:44:44+00:00","dateModified":"2025-01-10T06:44:45+00:00","mainEntityOfPage":{"@id":"https:\/\/www.strassenweb.de\/nachrichten\/laut-designern-die-besten-farben-zum-dekorieren-im-januar-5-farbtoene-um-ihr-zuhause-diesen-winter-aufzufrischen\/"},"wordCount":1319,"publisher":{"@id":"https:\/\/www.strassenweb.de\/nachrichten\/#organization"},"image":{"@id":"https:\/\/www.strassenweb.de\/nachrichten\/laut-designern-die-besten-farben-zum-dekorieren-im-januar-5-farbtoene-um-ihr-zuhause-diesen-winter-aufzufrischen\/#primaryimage"},"thumbnailUrl":"https:\/\/www.strassenweb.de\/nachrichten\/wp-content\/uploads\/2025\/01\/Laut-Designern-die-besten-Farben-zum-Dekorieren-im-Januar-\u2013.jpg","keywords":["aufzufrischen","besten","dekorieren","Designern","die","diesen","Farben","Farbt\u00f6ne","Ihr","Januar","laut","Winter","Zuhause","zum"],"articleSection":["Haus &amp; Garten"],"inLanguage":"de"},{"@type":"WebPage","@id":"https:\/\/www.strassenweb.de\/nachrichten\/laut-designern-die-besten-farben-zum-dekorieren-im-januar-5-farbtoene-um-ihr-zuhause-diesen-winter-aufzufrischen\/","url":"https:\/\/www.strassenweb.de\/nachrichten\/laut-designern-die-besten-farben-zum-dekorieren-im-januar-5-farbtoene-um-ihr-zuhause-diesen-winter-aufzufrischen\/","name":"Laut Designern die besten Farben zum Dekorieren im Januar \u2013 5 Farbt\u00f6ne, um Ihr Zuhause diesen Winter aufzufrischen - Nachrichten - Stra\u00dfenweb","isPartOf":{"@id":"https:\/\/www.strassenweb.de\/nachrichten\/#website"},"primaryImageOfPage":{"@id":"https:\/\/www.strassenweb.de\/nachrichten\/laut-designern-die-besten-farben-zum-dekorieren-im-januar-5-farbtoene-um-ihr-zuhause-diesen-winter-aufzufrischen\/#primaryimage"},"image":{"@id":"https:\/\/www.strassenweb.de\/nachrichten\/laut-designern-die-besten-farben-zum-dekorieren-im-januar-5-farbtoene-um-ihr-zuhause-diesen-winter-aufzufrischen\/#primaryimage"},"thumbnailUrl":"https:\/\/www.strassenweb.de\/nachrichten\/wp-content\/uploads\/2025\/01\/Laut-Designern-die-besten-Farben-zum-Dekorieren-im-Januar-\u2013.jpg","datePublished":"2025-01-10T06:44:44+00:00","dateModified":"2025-01-10T06:44:45+00:00","breadcrumb":{"@id":"https:\/\/www.strassenweb.de\/nachrichten\/laut-designern-die-besten-farben-zum-dekorieren-im-januar-5-farbtoene-um-ihr-zuhause-diesen-winter-aufzufrischen\/#breadcrumb"},"inLanguage":"de","potentialAction":[{"@type":"ReadAction","target":["https:\/\/www.strassenweb.de\/nachrichten\/laut-designern-die-besten-farben-zum-dekorieren-im-januar-5-farbtoene-um-ihr-zuhause-diesen-winter-aufzufrischen\/"]}]},{"@type":"ImageObject","inLanguage":"de","@id":"https:\/\/www.strassenweb.de\/nachrichten\/laut-designern-die-besten-farben-zum-dekorieren-im-januar-5-farbtoene-um-ihr-zuhause-diesen-winter-aufzufrischen\/#primaryimage","url":"https:\/\/www.strassenweb.de\/nachrichten\/wp-content\/uploads\/2025\/01\/Laut-Designern-die-besten-Farben-zum-Dekorieren-im-Januar-\u2013.jpg","contentUrl":"https:\/\/www.strassenweb.de\/nachrichten\/wp-content\/uploads\/2025\/01\/Laut-Designern-die-besten-Farben-zum-Dekorieren-im-Januar-\u2013.jpg","width":1200,"height":675,"caption":"Laut Designern die besten Farben zum Dekorieren im Januar \u2013 5 Farbt\u00f6ne, um Ihr Zuhause diesen Winter aufzufrischen"},{"@type":"BreadcrumbList","@id":"https:\/\/www.strassenweb.de\/nachrichten\/laut-designern-die-besten-farben-zum-dekorieren-im-januar-5-farbtoene-um-ihr-zuhause-diesen-winter-aufzufrischen\/#breadcrumb","itemListElement":[{"@type":"ListItem","position":1,"name":"Home","item":"https:\/\/www.strassenweb.de\/nachrichten\/"},{"@type":"ListItem","position":2,"name":"Laut Designern die besten Farben zum Dekorieren im Januar \u2013 5 Farbt\u00f6ne, um Ihr Zuhause diesen Winter aufzufrischen"}]},{"@type":"WebSite","@id":"https:\/\/www.strassenweb.de\/nachrichten\/#website","url":"https:\/\/www.strassenweb.de\/nachrichten\/","name":"Stra\u00dfenweb","description":"Stra\u00dfenverzeichnis f\u00fcr Deutschland","publisher":{"@id":"https:\/\/www.strassenweb.de\/nachrichten\/#organization"},"potentialAction":[{"@type":"SearchAction","target":{"@type":"EntryPoint","urlTemplate":"https:\/\/www.strassenweb.de\/nachrichten\/?s={search_term_string}"},"query-input":{"@type":"PropertyValueSpecification","valueRequired":true,"valueName":"search_term_string"}}],"inLanguage":"de"},{"@type":"Organization","@id":"https:\/\/www.strassenweb.de\/nachrichten\/#organization","name":"Stra\u00dfenweb","url":"https:\/\/www.strassenweb.de\/nachrichten\/","logo":{"@type":"ImageObject","inLanguage":"de","@id":"https:\/\/www.strassenweb.de\/nachrichten\/#\/schema\/logo\/image\/","url":"https:\/\/www.strassenweb.de\/nachrichten\/wp-content\/uploads\/2024\/09\/cropped-favicon.png","contentUrl":"https:\/\/www.strassenweb.de\/nachrichten\/wp-content\/uploads\/2024\/09\/cropped-favicon.png","width":512,"height":512,"caption":"Stra\u00dfenweb"},"image":{"@id":"https:\/\/www.strassenweb.de\/nachrichten\/#\/schema\/logo\/image\/"},"sameAs":["https:\/\/www.facebook.com\/strassenweb\/"]},{"@type":"Person","@id":"https:\/\/www.strassenweb.de\/nachrichten\/#\/schema\/person\/87c9c9067f1211da429a744dc5a5aa41","name":"Robert Hoffmann","image":{"@type":"ImageObject","inLanguage":"de","@id":"https:\/\/www.strassenweb.de\/nachrichten\/wp-content\/uploads\/2024\/09\/strassenweb-150x150.jpg","url":"https:\/\/www.strassenweb.de\/nachrichten\/wp-content\/uploads\/2024\/09\/strassenweb-150x150.jpg","contentUrl":"https:\/\/www.strassenweb.de\/nachrichten\/wp-content\/uploads\/2024\/09\/strassenweb-150x150.jpg","caption":"Robert Hoffmann"},"description":"Ich hei\u00dfe Robert Hoffmann und ich bin ein leidenschaftlicher Verfechter von \u00d6kologie und Biodiversit\u00e4t. Seit meiner Kindheit in den W\u00e4ldern Bayerns f\u00fchle ich mich mit der Natur verbunden und bin entschlossen, sie zu sch\u00fctzen. Heute widme ich mein Leben der Sensibilisierung anderer f\u00fcr die Bedeutung des Umweltschutzes f\u00fcr zuk\u00fcnftige Generationen.","sameAs":["https:\/\/www.strassenweb.de\/"]}]}},"_links":{"self":[{"href":"https:\/\/www.strassenweb.de\/nachrichten\/wp-json\/wp\/v2\/posts\/2631","targetHints":{"allow":["GET"]}}],"collection":[{"href":"https:\/\/www.strassenweb.de\/nachrichten\/wp-json\/wp\/v2\/posts"}],"about":[{"href":"https:\/\/www.strassenweb.de\/nachrichten\/wp-json\/wp\/v2\/types\/post"}],"author":[{"embeddable":true,"href":"https:\/\/www.strassenweb.de\/nachrichten\/wp-json\/wp\/v2\/users\/1"}],"replies":[{"embeddable":true,"href":"https:\/\/www.strassenweb.de\/nachrichten\/wp-json\/wp\/v2\/comments?post=2631"}],"version-history":[{"count":0,"href":"https:\/\/www.strassenweb.de\/nachrichten\/wp-json\/wp\/v2\/posts\/2631\/revisions"}],"wp:featuredmedia":[{"embeddable":true,"href":"https:\/\/www.strassenweb.de\/nachrichten\/wp-json\/wp\/v2\/media\/2632"}],"wp:attachment":[{"href":"https:\/\/www.strassenweb.de\/nachrichten\/wp-json\/wp\/v2\/media?parent=2631"}],"wp:term":[{"taxonomy":"category","embeddable":true,"href":"https:\/\/www.strassenweb.de\/nachrichten\/wp-json\/wp\/v2\/categories?post=2631"},{"taxonomy":"post_tag","embeddable":true,"href":"https:\/\/www.strassenweb.de\/nachrichten\/wp-json\/wp\/v2\/tags?post=2631"}],"curies":[{"name":"wp","href":"https:\/\/api.w.org\/{rel}","templated":true}]}}