{"id":2622,"date":"2025-01-10T00:40:52","date_gmt":"2025-01-09T23:40:52","guid":{"rendered":"https:\/\/www.strassenweb.de\/nachrichten\/verursacht-die-klimakrise-aerger-angst-und-ueberforderung\/"},"modified":"2025-01-10T00:40:52","modified_gmt":"2025-01-09T23:40:52","slug":"verursacht-die-klimakrise-aerger-angst-und-ueberforderung","status":"publish","type":"post","link":"https:\/\/www.strassenweb.de\/nachrichten\/verursacht-die-klimakrise-aerger-angst-und-ueberforderung\/","title":{"rendered":"Verursacht die Klimakrise \u00c4rger, Angst und \u00dcberforderung?"},"content":{"rendered":"<p>M\u00f6glicherweise haben Sie Nachrichtenberichte \u00fcber lebensbedrohliche und verheerende \u00dcberschwemmungen, Hurrikane und Hitzewellen gelesen, die alle auf den vom Menschen verursachten Klimawandel zur\u00fcckzuf\u00fchren sind. Vielleicht haben Sie geh\u00f6rt, dass das Jahr 2024 das w\u00e4rmste Jahr seit Beginn der Aufzeichnungen sein wird.<\/p>\n<p>Sie werden wissen, dass Menschenleben durch immer extremere Wetterbedingungen gef\u00e4hrdet sind, wenn nicht sofort und umfassend gehandelt wird. Und Sie verzweifeln dar\u00fcber, dass es unseren Staats- und Regierungschefs nicht gelungen ist, bei einem weiteren entt\u00e4uschenden UN-Klimagipfel ausreichend Ma\u00dfnahmen zu ergreifen.<\/p>\n<p>Dieses Wissen kann \u00fcberw\u00e4ltigend sein. M\u00f6glicherweise f\u00e4llt es Ihnen schwer, damit klarzukommen \u2013 vielleicht verlieren Sie den Schlaf oder gr\u00fcbeln \u00fcber Sorgen um Ihre Zukunft nach. M\u00f6glicherweise waren Sie bereits direkt von den Ver\u00e4nderungen auf unserem Planeten betroffen, die auf zerst\u00f6rerisches menschliches Handeln zur\u00fcckzuf\u00fchren sind.<\/p>\n<p>M\u00f6glicherweise sind Sie unsicher, was getan werden kann, und f\u00fchlen sich machtlos oder w\u00fctend. Gleichzeitig f\u00fchlen Sie sich m\u00f6glicherweise isoliert und andere um Sie herum scheinen die Prekarit\u00e4t unserer Situation nicht zu erkennen.<\/p>\n<p>Als Psychologen, die psychologische Reaktionen auf den Klimanotstand erforschen, m\u00f6chten wir Ihnen hier etwas Wichtiges sagen: Sie sind nicht allein.<\/p>\n<p>Eine weltweite Umfrage unter 10.000 Menschen im Alter von 16 bis 25 Jahren ergab, dass sich Klimasorgen bei 45 % der Befragten auf die Alltagsfunktionen wie Schlafen und Konzentration ausgewirkt hatten. Im Vereinigten K\u00f6nigreich waren 73 % der Befragten der Meinung, dass die Zukunft be\u00e4ngstigend sei, und 48 % f\u00fchlten sich abgewiesen oder ignoriert, wenn sie Bedenken \u00e4u\u00dferten. Nachfolgende Untersuchungen ergaben \u00e4hnlich hohe Belastungsraten.<\/p>\n<p>F\u00fcr manche Menschen kann die Verbreitung von Begriffen wie \u201eKlimaangst\u201c eine Best\u00e4tigung sein. Allerdings besteht bei diesen Begriffen die Gefahr, dass man die Not des Einzelnen als Problem sieht und nicht die F\u00e4higkeit widerspiegelt, mit den weltweiten Notf\u00e4llen, die wir durchleben, in Verbindung zu bleiben.<\/p>\n<p>Eine andere Perspektive kann das sogenannte Power Threat Meaning Framework (PTMF) bieten, das die Ber\u00fccksichtigung des Kontexts bei der Deutung von Not in den Mittelpunkt stellt. Das PTMF stellt die westliche Tendenz in Frage, Stress als Symptom einer vermeintlichen \u201epsychischen St\u00f6rung\u201c zu betrachten, und regt dazu an, sich auf die Frage zu konzentrieren: \u201eWas ist mit Ihnen passiert?\u201c statt: \u201eWas ist los mit dir?\u201c<\/p>\n<h2 class=\"wp-block-heading\">\u201eWas ist mit dir passiert?\u201c<\/h2>\n<p>Im Rahmen von Georginas inzwischen abgeschlossener Doktorarbeit f\u00fchrten wir eine Reihe von 30 PTMF-informierten Interviews mit acht Menschen durch, die \u00fcber die Klimakrise besorgt sind. Wir haben Klimaaktivisten rekrutiert, aber viele ihrer Erfahrungen k\u00f6nnen auf uns alle angewendet werden, ob Aktivisten oder Nicht-Aktivisten.<\/p>\n<p>Der Rahmen war hilfreich, um hervorzuheben, wie Menschen im Zusammenhang mit der Klimakrise eine Reihe von Bedeutungen und Emotionen erleben, wie etwa Schuld, Verantwortung, Entfremdung, Verzweiflung, Trauer, Ohnmacht, Wut, Hoffnungslosigkeit und Hoffnung. Wir hielten all diese unterschiedlichen Reaktionen im Kontext der Klimakrise und ihrer Ablehnung durch andere im Leben der Teilnehmer f\u00fcr verst\u00e4ndlich.<\/p>\n<figure class=\"wp-block-image\"><\/figure>\n<p>Einige der n\u00fctzlichsten Fragen im Zusammenhang mit sozialer Macht. Die Teilnehmer erz\u00e4hlten uns beispielsweise, dass sich Unterschiede in der sozialen Stellung auf ihr Gef\u00fchl auswirkten, bei der Diskussion \u00fcber den Klimawandel geh\u00f6rt und einbezogen zu werden. In \u00e4hnlicher Weise waren die Erfahrungen der Teilnehmer durch die negative Medienberichterstattung \u00fcber Klimaaktivismus und gesellschaftliche Botschaften gepr\u00e4gt, die die Ablehnung der dringenden Probleme unterst\u00fctzen, auf die die Teilnehmer aufmerksam machen wollten.<\/p>\n<p>Eine PTMF-Linse unterst\u00fctzte die \u00dcberlegung, wie dieselben Bedrohungsreaktionen f\u00fcr Menschen zu unterschiedlichen Zeiten unterschiedliche Funktionen erf\u00fcllen k\u00f6nnen. Die Teilnehmer gaben beispielsweise an, dass sie Klimaschutzma\u00dfnahmen ergreifen, um sich vor \u00fcberw\u00e4ltigenden Emotionen oder Ohnmachtsgef\u00fchlen zu sch\u00fctzen und ihre Lieben zu sch\u00fctzen.<\/p>\n<p>W\u00e4hrend sich einige schuldig gef\u00fchlt hatten, weil sie nicht mehr getan hatten oder nicht st\u00e4ndig an die Klimakrise gedacht hatten, half ihnen der Einsatz des PTMF zu verstehen, dass R\u00fcckzug und Ablenkung wertvolle Reaktionen auf Bedrohungen waren, die ihnen dabei halfen, ihre Gef\u00fchle zu regulieren und es ihnen erm\u00f6glichten, ihren Aktivismus fortzusetzen .<\/p>\n<p>Die Klimakrise als kollektives Trauma zu erkennen, ist auch in anderer Hinsicht n\u00fctzlich. Es unterst\u00fctzt die Erkenntnis, dass viele, die die Bedenken der Aktivisten abtun oder ignorieren, dies tun, um sich davor zu sch\u00fctzen, sich der oft unertr\u00e4glichen Realit\u00e4t zu stellen.<\/p>\n<h2 class=\"wp-block-heading\">Was kann also bei der Klimakrise helfen?<\/h2>\n<p>Unabh\u00e4ngig davon, ob es sich um eine einzelne Person oder eine Gruppe handelt, ist der Kontakt zu anderen Menschen, die \u00e4hnliche Anliegen haben, von entscheidender Bedeutung. Es ist wichtig, dass sich Gespr\u00e4che nicht nur auf die Ma\u00dfnahmen konzentrieren, die wir ergreifen k\u00f6nnen, sondern auch einen Raum bieten, in dem wir unsere Gef\u00fchle und Reaktionen gemeinsam mit anderen, die uns unterst\u00fctzen, verarbeiten k\u00f6nnen. Wisse, dass du nicht allein bist und dass es keine richtige Art zu f\u00fchlen gibt.<\/p>\n<p>Einige umweltfreundlichere \u00c4nderungen Ihres Lebensstils k\u00f6nnen dazu beitragen, dass Sie sich weniger machtlos f\u00fchlen. Wenn Sie Ma\u00dfnahmen ergreifen, k\u00f6nnen Sie das Gef\u00fchl haben, etwas Sinnvolles getan zu haben. Dies kann alles umfassen, von der Aufnahme von Gespr\u00e4chen, der Weitergabe von Petitionen, dem Schreiben an Ihren Abgeordneten oder Vertreter bis hin zur Entwicklung eigener Ideen, wie Sie positive Ver\u00e4nderungen in Ihrer Gemeinde bewirken k\u00f6nnen.<\/p>\n<p>Finden Sie heraus, was Sie pers\u00f6nlich verbindet. Es ist jedoch wichtig, Pausen einzulegen und sanft mit sich selbst umzugehen. Nutzen Sie Selbstpflegepraktiken und nehmen Sie an Aktivit\u00e4ten teil, die Sie als beruhigend empfinden. Seien Sie freundlich zu sich selbst und erkennen Sie, dass Ihnen einige Umweltschutzma\u00dfnahmen aus finanziellen oder anderen Gr\u00fcnden nicht zur Verf\u00fcgung stehen.<\/p>\n<p>Erkennen Sie, dass Ihre Trauer, Verzweiflung, Angst und Wut Ihre F\u00fcrsorge und Ihr Mitgef\u00fchl f\u00fcr das widerspiegeln, was auf unserem Planeten geschieht, und dass Ihre F\u00e4higkeit, trotz dieses Schmerzes etwas zu unternehmen, St\u00e4rke widerspiegelt, die gefeiert und gef\u00f6rdert werden sollte.<\/p>\n<p>Letztendlich muss die L\u00f6sung f\u00fcr die Klimaproblematik jedoch viel umfassender sein als auf individueller Ebene. Unsere Forschung hat gezeigt, dass Klimaprobleme durch die (Un-)Handlungen von Regierungen und m\u00e4chtigen K\u00f6rperschaften verursacht werden, die unserem Planeten schaden und unsere Zukunft gef\u00e4hrden. Jetzt sind erhebliche systemische Ver\u00e4nderungen erforderlich, um auf die Klimakrise zu reagieren, die Menschheit zu sch\u00fctzen und die Anpassung an den fortschreitenden Klimawandel zu unterst\u00fctzen.<\/p>\n<p>Ressourcen und Unterst\u00fctzung sind \u00fcber die Climate Psychology Alliance verf\u00fcgbar.<\/p>\n<hr class=\"wp-block-separator has-alpha-channel-opacity\">\n<p>Georgina Ramsay, Forscherin, Klinische Psychologie, <em>Universit\u00e4t Leicester<\/em>; Gareth Morgan, Klinischer Psychologe und Honorarprofessor, <em>Universit\u00e4t Leicester<\/em>und Lauren McGregor, angehende klinische Psychologin und DClinPsy-Kandidatin, <em>Universit\u00e4t Leicester<\/em><\/p>\n<p>  wird von The Conversation unter einer Creative Commons-Lizenz erneut ver\u00f6ffentlicht. <\/p>\n","protected":false},"excerpt":{"rendered":"<p>M\u00f6glicherweise haben Sie Nachrichtenberichte \u00fcber lebensbedrohliche und verheerende \u00dcberschwemmungen, Hurrikane und Hitzewellen gelesen, die alle auf den vom Menschen verursachten Klimawandel zur\u00fcckzuf\u00fchren sind. Vielleicht haben<\/p>\n","protected":false},"author":1,"featured_media":2623,"comment_status":"closed","ping_status":"","sticky":false,"template":"","format":"standard","meta":{"footnotes":""},"categories":[101],"tags":[4341,4340,9,4339,4342,37,4338],"class_list":["post-2622","post","type-post","status-publish","format-standard","has-post-thumbnail","hentry","category-oekologie","tag-angst","tag-aerger","tag-die","tag-klimakrise","tag-ueberforderung","tag-und","tag-verursacht","generate-columns","tablet-grid-50","mobile-grid-100","grid-parent","grid-50"],"yoast_head":"<!-- This site is optimized with the Yoast SEO plugin v27.3 - https:\/\/yoast.com\/product\/yoast-seo-wordpress\/ -->\n<title>Verursacht die Klimakrise \u00c4rger, Angst und \u00dcberforderung? - Nachrichten - Stra\u00dfenweb<\/title>\n<meta name=\"robots\" content=\"index, follow, max-snippet:-1, max-image-preview:large, max-video-preview:-1\" \/>\n<link rel=\"canonical\" href=\"https:\/\/www.strassenweb.de\/nachrichten\/verursacht-die-klimakrise-aerger-angst-und-ueberforderung\/\" \/>\n<meta property=\"og:locale\" content=\"de_DE\" \/>\n<meta property=\"og:type\" content=\"article\" \/>\n<meta property=\"og:title\" content=\"Verursacht die Klimakrise \u00c4rger, Angst und \u00dcberforderung? - Nachrichten - Stra\u00dfenweb\" \/>\n<meta property=\"og:description\" content=\"M\u00f6glicherweise haben Sie Nachrichtenberichte \u00fcber lebensbedrohliche und verheerende \u00dcberschwemmungen, Hurrikane und Hitzewellen gelesen, die alle auf den vom Menschen verursachten Klimawandel zur\u00fcckzuf\u00fchren sind. Vielleicht haben\" \/>\n<meta property=\"og:url\" content=\"https:\/\/www.strassenweb.de\/nachrichten\/verursacht-die-klimakrise-aerger-angst-und-ueberforderung\/\" \/>\n<meta property=\"og:site_name\" content=\"Stra\u00dfenweb\" \/>\n<meta property=\"article:publisher\" content=\"https:\/\/www.facebook.com\/strassenweb\/\" \/>\n<meta property=\"article:published_time\" content=\"2025-01-09T23:40:52+00:00\" \/>\n<meta property=\"og:image\" content=\"https:\/\/www.strassenweb.de\/nachrichten\/wp-content\/uploads\/2025\/01\/Verursacht-die-Klimakrise-Aerger-Angst-und-Ueberforderung.jpg\" \/>\n\t<meta property=\"og:image:width\" content=\"752\" \/>\n\t<meta property=\"og:image:height\" content=\"563\" \/>\n\t<meta property=\"og:image:type\" content=\"image\/jpeg\" \/>\n<meta name=\"author\" content=\"Robert Hoffmann\" \/>\n<meta name=\"twitter:card\" content=\"summary_large_image\" \/>\n<meta name=\"twitter:label1\" content=\"Verfasst von\" \/>\n\t<meta name=\"twitter:data1\" content=\"Robert Hoffmann\" \/>\n\t<meta name=\"twitter:label2\" content=\"Gesch\u00e4tzte Lesezeit\" \/>\n\t<meta name=\"twitter:data2\" content=\"5\u00a0Minuten\" \/>\n<script type=\"application\/ld+json\" class=\"yoast-schema-graph\">{\"@context\":\"https:\\\/\\\/schema.org\",\"@graph\":[{\"@type\":\"Article\",\"@id\":\"https:\\\/\\\/www.strassenweb.de\\\/nachrichten\\\/verursacht-die-klimakrise-aerger-angst-und-ueberforderung\\\/#article\",\"isPartOf\":{\"@id\":\"https:\\\/\\\/www.strassenweb.de\\\/nachrichten\\\/verursacht-die-klimakrise-aerger-angst-und-ueberforderung\\\/\"},\"author\":{\"name\":\"Robert Hoffmann\",\"@id\":\"https:\\\/\\\/www.strassenweb.de\\\/nachrichten\\\/#\\\/schema\\\/person\\\/87c9c9067f1211da429a744dc5a5aa41\"},\"headline\":\"Verursacht die Klimakrise \u00c4rger, Angst und \u00dcberforderung?\",\"datePublished\":\"2025-01-09T23:40:52+00:00\",\"mainEntityOfPage\":{\"@id\":\"https:\\\/\\\/www.strassenweb.de\\\/nachrichten\\\/verursacht-die-klimakrise-aerger-angst-und-ueberforderung\\\/\"},\"wordCount\":1105,\"publisher\":{\"@id\":\"https:\\\/\\\/www.strassenweb.de\\\/nachrichten\\\/#organization\"},\"image\":{\"@id\":\"https:\\\/\\\/www.strassenweb.de\\\/nachrichten\\\/verursacht-die-klimakrise-aerger-angst-und-ueberforderung\\\/#primaryimage\"},\"thumbnailUrl\":\"https:\\\/\\\/www.strassenweb.de\\\/nachrichten\\\/wp-content\\\/uploads\\\/2025\\\/01\\\/Verursacht-die-Klimakrise-Aerger-Angst-und-Ueberforderung.jpg\",\"keywords\":[\"Angst\",\"\u00c4rger\",\"die\",\"Klimakrise\",\"\u00dcberforderung\",\"und\",\"Verursacht\"],\"articleSection\":[\"\u00d6kologie\"],\"inLanguage\":\"de\"},{\"@type\":\"WebPage\",\"@id\":\"https:\\\/\\\/www.strassenweb.de\\\/nachrichten\\\/verursacht-die-klimakrise-aerger-angst-und-ueberforderung\\\/\",\"url\":\"https:\\\/\\\/www.strassenweb.de\\\/nachrichten\\\/verursacht-die-klimakrise-aerger-angst-und-ueberforderung\\\/\",\"name\":\"Verursacht die Klimakrise \u00c4rger, Angst und \u00dcberforderung? - Nachrichten - Stra\u00dfenweb\",\"isPartOf\":{\"@id\":\"https:\\\/\\\/www.strassenweb.de\\\/nachrichten\\\/#website\"},\"primaryImageOfPage\":{\"@id\":\"https:\\\/\\\/www.strassenweb.de\\\/nachrichten\\\/verursacht-die-klimakrise-aerger-angst-und-ueberforderung\\\/#primaryimage\"},\"image\":{\"@id\":\"https:\\\/\\\/www.strassenweb.de\\\/nachrichten\\\/verursacht-die-klimakrise-aerger-angst-und-ueberforderung\\\/#primaryimage\"},\"thumbnailUrl\":\"https:\\\/\\\/www.strassenweb.de\\\/nachrichten\\\/wp-content\\\/uploads\\\/2025\\\/01\\\/Verursacht-die-Klimakrise-Aerger-Angst-und-Ueberforderung.jpg\",\"datePublished\":\"2025-01-09T23:40:52+00:00\",\"breadcrumb\":{\"@id\":\"https:\\\/\\\/www.strassenweb.de\\\/nachrichten\\\/verursacht-die-klimakrise-aerger-angst-und-ueberforderung\\\/#breadcrumb\"},\"inLanguage\":\"de\",\"potentialAction\":[{\"@type\":\"ReadAction\",\"target\":[\"https:\\\/\\\/www.strassenweb.de\\\/nachrichten\\\/verursacht-die-klimakrise-aerger-angst-und-ueberforderung\\\/\"]}]},{\"@type\":\"ImageObject\",\"inLanguage\":\"de\",\"@id\":\"https:\\\/\\\/www.strassenweb.de\\\/nachrichten\\\/verursacht-die-klimakrise-aerger-angst-und-ueberforderung\\\/#primaryimage\",\"url\":\"https:\\\/\\\/www.strassenweb.de\\\/nachrichten\\\/wp-content\\\/uploads\\\/2025\\\/01\\\/Verursacht-die-Klimakrise-Aerger-Angst-und-Ueberforderung.jpg\",\"contentUrl\":\"https:\\\/\\\/www.strassenweb.de\\\/nachrichten\\\/wp-content\\\/uploads\\\/2025\\\/01\\\/Verursacht-die-Klimakrise-Aerger-Angst-und-Ueberforderung.jpg\",\"width\":752,\"height\":563,\"caption\":\"Is the climate\u00a0crisis causing anger, anxiety and overwhelm?\"},{\"@type\":\"BreadcrumbList\",\"@id\":\"https:\\\/\\\/www.strassenweb.de\\\/nachrichten\\\/verursacht-die-klimakrise-aerger-angst-und-ueberforderung\\\/#breadcrumb\",\"itemListElement\":[{\"@type\":\"ListItem\",\"position\":1,\"name\":\"Home\",\"item\":\"https:\\\/\\\/www.strassenweb.de\\\/nachrichten\\\/\"},{\"@type\":\"ListItem\",\"position\":2,\"name\":\"Verursacht die Klimakrise \u00c4rger, Angst und \u00dcberforderung?\"}]},{\"@type\":\"WebSite\",\"@id\":\"https:\\\/\\\/www.strassenweb.de\\\/nachrichten\\\/#website\",\"url\":\"https:\\\/\\\/www.strassenweb.de\\\/nachrichten\\\/\",\"name\":\"Stra\u00dfenweb\",\"description\":\"Stra\u00dfenverzeichnis f\u00fcr Deutschland\",\"publisher\":{\"@id\":\"https:\\\/\\\/www.strassenweb.de\\\/nachrichten\\\/#organization\"},\"potentialAction\":[{\"@type\":\"SearchAction\",\"target\":{\"@type\":\"EntryPoint\",\"urlTemplate\":\"https:\\\/\\\/www.strassenweb.de\\\/nachrichten\\\/?s={search_term_string}\"},\"query-input\":{\"@type\":\"PropertyValueSpecification\",\"valueRequired\":true,\"valueName\":\"search_term_string\"}}],\"inLanguage\":\"de\"},{\"@type\":\"Organization\",\"@id\":\"https:\\\/\\\/www.strassenweb.de\\\/nachrichten\\\/#organization\",\"name\":\"Stra\u00dfenweb\",\"url\":\"https:\\\/\\\/www.strassenweb.de\\\/nachrichten\\\/\",\"logo\":{\"@type\":\"ImageObject\",\"inLanguage\":\"de\",\"@id\":\"https:\\\/\\\/www.strassenweb.de\\\/nachrichten\\\/#\\\/schema\\\/logo\\\/image\\\/\",\"url\":\"https:\\\/\\\/www.strassenweb.de\\\/nachrichten\\\/wp-content\\\/uploads\\\/2024\\\/09\\\/cropped-favicon.png\",\"contentUrl\":\"https:\\\/\\\/www.strassenweb.de\\\/nachrichten\\\/wp-content\\\/uploads\\\/2024\\\/09\\\/cropped-favicon.png\",\"width\":512,\"height\":512,\"caption\":\"Stra\u00dfenweb\"},\"image\":{\"@id\":\"https:\\\/\\\/www.strassenweb.de\\\/nachrichten\\\/#\\\/schema\\\/logo\\\/image\\\/\"},\"sameAs\":[\"https:\\\/\\\/www.facebook.com\\\/strassenweb\\\/\"]},{\"@type\":\"Person\",\"@id\":\"https:\\\/\\\/www.strassenweb.de\\\/nachrichten\\\/#\\\/schema\\\/person\\\/87c9c9067f1211da429a744dc5a5aa41\",\"name\":\"Robert Hoffmann\",\"image\":{\"@type\":\"ImageObject\",\"inLanguage\":\"de\",\"@id\":\"https:\\\/\\\/www.strassenweb.de\\\/nachrichten\\\/wp-content\\\/uploads\\\/2024\\\/09\\\/strassenweb-150x150.jpg\",\"url\":\"https:\\\/\\\/www.strassenweb.de\\\/nachrichten\\\/wp-content\\\/uploads\\\/2024\\\/09\\\/strassenweb-150x150.jpg\",\"contentUrl\":\"https:\\\/\\\/www.strassenweb.de\\\/nachrichten\\\/wp-content\\\/uploads\\\/2024\\\/09\\\/strassenweb-150x150.jpg\",\"caption\":\"Robert Hoffmann\"},\"description\":\"Ich hei\u00dfe Robert Hoffmann und ich bin ein leidenschaftlicher Verfechter von \u00d6kologie und Biodiversit\u00e4t. Seit meiner Kindheit in den W\u00e4ldern Bayerns f\u00fchle ich mich mit der Natur verbunden und bin entschlossen, sie zu sch\u00fctzen. Heute widme ich mein Leben der Sensibilisierung anderer f\u00fcr die Bedeutung des Umweltschutzes f\u00fcr zuk\u00fcnftige Generationen.\",\"sameAs\":[\"https:\\\/\\\/www.strassenweb.de\\\/\"]}]}<\/script>\n<!-- \/ Yoast SEO plugin. -->","yoast_head_json":{"title":"Verursacht die Klimakrise \u00c4rger, Angst und \u00dcberforderung? - Nachrichten - Stra\u00dfenweb","robots":{"index":"index","follow":"follow","max-snippet":"max-snippet:-1","max-image-preview":"max-image-preview:large","max-video-preview":"max-video-preview:-1"},"canonical":"https:\/\/www.strassenweb.de\/nachrichten\/verursacht-die-klimakrise-aerger-angst-und-ueberforderung\/","og_locale":"de_DE","og_type":"article","og_title":"Verursacht die Klimakrise \u00c4rger, Angst und \u00dcberforderung? - Nachrichten - Stra\u00dfenweb","og_description":"M\u00f6glicherweise haben Sie Nachrichtenberichte \u00fcber lebensbedrohliche und verheerende \u00dcberschwemmungen, Hurrikane und Hitzewellen gelesen, die alle auf den vom Menschen verursachten Klimawandel zur\u00fcckzuf\u00fchren sind. Vielleicht haben","og_url":"https:\/\/www.strassenweb.de\/nachrichten\/verursacht-die-klimakrise-aerger-angst-und-ueberforderung\/","og_site_name":"Stra\u00dfenweb","article_publisher":"https:\/\/www.facebook.com\/strassenweb\/","article_published_time":"2025-01-09T23:40:52+00:00","og_image":[{"width":752,"height":563,"url":"https:\/\/www.strassenweb.de\/nachrichten\/wp-content\/uploads\/2025\/01\/Verursacht-die-Klimakrise-Aerger-Angst-und-Ueberforderung.jpg","type":"image\/jpeg"}],"author":"Robert Hoffmann","twitter_card":"summary_large_image","twitter_misc":{"Verfasst von":"Robert Hoffmann","Gesch\u00e4tzte Lesezeit":"5\u00a0Minuten"},"schema":{"@context":"https:\/\/schema.org","@graph":[{"@type":"Article","@id":"https:\/\/www.strassenweb.de\/nachrichten\/verursacht-die-klimakrise-aerger-angst-und-ueberforderung\/#article","isPartOf":{"@id":"https:\/\/www.strassenweb.de\/nachrichten\/verursacht-die-klimakrise-aerger-angst-und-ueberforderung\/"},"author":{"name":"Robert Hoffmann","@id":"https:\/\/www.strassenweb.de\/nachrichten\/#\/schema\/person\/87c9c9067f1211da429a744dc5a5aa41"},"headline":"Verursacht die Klimakrise \u00c4rger, Angst und \u00dcberforderung?","datePublished":"2025-01-09T23:40:52+00:00","mainEntityOfPage":{"@id":"https:\/\/www.strassenweb.de\/nachrichten\/verursacht-die-klimakrise-aerger-angst-und-ueberforderung\/"},"wordCount":1105,"publisher":{"@id":"https:\/\/www.strassenweb.de\/nachrichten\/#organization"},"image":{"@id":"https:\/\/www.strassenweb.de\/nachrichten\/verursacht-die-klimakrise-aerger-angst-und-ueberforderung\/#primaryimage"},"thumbnailUrl":"https:\/\/www.strassenweb.de\/nachrichten\/wp-content\/uploads\/2025\/01\/Verursacht-die-Klimakrise-Aerger-Angst-und-Ueberforderung.jpg","keywords":["Angst","\u00c4rger","die","Klimakrise","\u00dcberforderung","und","Verursacht"],"articleSection":["\u00d6kologie"],"inLanguage":"de"},{"@type":"WebPage","@id":"https:\/\/www.strassenweb.de\/nachrichten\/verursacht-die-klimakrise-aerger-angst-und-ueberforderung\/","url":"https:\/\/www.strassenweb.de\/nachrichten\/verursacht-die-klimakrise-aerger-angst-und-ueberforderung\/","name":"Verursacht die Klimakrise \u00c4rger, Angst und \u00dcberforderung? - Nachrichten - Stra\u00dfenweb","isPartOf":{"@id":"https:\/\/www.strassenweb.de\/nachrichten\/#website"},"primaryImageOfPage":{"@id":"https:\/\/www.strassenweb.de\/nachrichten\/verursacht-die-klimakrise-aerger-angst-und-ueberforderung\/#primaryimage"},"image":{"@id":"https:\/\/www.strassenweb.de\/nachrichten\/verursacht-die-klimakrise-aerger-angst-und-ueberforderung\/#primaryimage"},"thumbnailUrl":"https:\/\/www.strassenweb.de\/nachrichten\/wp-content\/uploads\/2025\/01\/Verursacht-die-Klimakrise-Aerger-Angst-und-Ueberforderung.jpg","datePublished":"2025-01-09T23:40:52+00:00","breadcrumb":{"@id":"https:\/\/www.strassenweb.de\/nachrichten\/verursacht-die-klimakrise-aerger-angst-und-ueberforderung\/#breadcrumb"},"inLanguage":"de","potentialAction":[{"@type":"ReadAction","target":["https:\/\/www.strassenweb.de\/nachrichten\/verursacht-die-klimakrise-aerger-angst-und-ueberforderung\/"]}]},{"@type":"ImageObject","inLanguage":"de","@id":"https:\/\/www.strassenweb.de\/nachrichten\/verursacht-die-klimakrise-aerger-angst-und-ueberforderung\/#primaryimage","url":"https:\/\/www.strassenweb.de\/nachrichten\/wp-content\/uploads\/2025\/01\/Verursacht-die-Klimakrise-Aerger-Angst-und-Ueberforderung.jpg","contentUrl":"https:\/\/www.strassenweb.de\/nachrichten\/wp-content\/uploads\/2025\/01\/Verursacht-die-Klimakrise-Aerger-Angst-und-Ueberforderung.jpg","width":752,"height":563,"caption":"Is the climate\u00a0crisis causing anger, anxiety and overwhelm?"},{"@type":"BreadcrumbList","@id":"https:\/\/www.strassenweb.de\/nachrichten\/verursacht-die-klimakrise-aerger-angst-und-ueberforderung\/#breadcrumb","itemListElement":[{"@type":"ListItem","position":1,"name":"Home","item":"https:\/\/www.strassenweb.de\/nachrichten\/"},{"@type":"ListItem","position":2,"name":"Verursacht die Klimakrise \u00c4rger, Angst und \u00dcberforderung?"}]},{"@type":"WebSite","@id":"https:\/\/www.strassenweb.de\/nachrichten\/#website","url":"https:\/\/www.strassenweb.de\/nachrichten\/","name":"Stra\u00dfenweb","description":"Stra\u00dfenverzeichnis f\u00fcr Deutschland","publisher":{"@id":"https:\/\/www.strassenweb.de\/nachrichten\/#organization"},"potentialAction":[{"@type":"SearchAction","target":{"@type":"EntryPoint","urlTemplate":"https:\/\/www.strassenweb.de\/nachrichten\/?s={search_term_string}"},"query-input":{"@type":"PropertyValueSpecification","valueRequired":true,"valueName":"search_term_string"}}],"inLanguage":"de"},{"@type":"Organization","@id":"https:\/\/www.strassenweb.de\/nachrichten\/#organization","name":"Stra\u00dfenweb","url":"https:\/\/www.strassenweb.de\/nachrichten\/","logo":{"@type":"ImageObject","inLanguage":"de","@id":"https:\/\/www.strassenweb.de\/nachrichten\/#\/schema\/logo\/image\/","url":"https:\/\/www.strassenweb.de\/nachrichten\/wp-content\/uploads\/2024\/09\/cropped-favicon.png","contentUrl":"https:\/\/www.strassenweb.de\/nachrichten\/wp-content\/uploads\/2024\/09\/cropped-favicon.png","width":512,"height":512,"caption":"Stra\u00dfenweb"},"image":{"@id":"https:\/\/www.strassenweb.de\/nachrichten\/#\/schema\/logo\/image\/"},"sameAs":["https:\/\/www.facebook.com\/strassenweb\/"]},{"@type":"Person","@id":"https:\/\/www.strassenweb.de\/nachrichten\/#\/schema\/person\/87c9c9067f1211da429a744dc5a5aa41","name":"Robert Hoffmann","image":{"@type":"ImageObject","inLanguage":"de","@id":"https:\/\/www.strassenweb.de\/nachrichten\/wp-content\/uploads\/2024\/09\/strassenweb-150x150.jpg","url":"https:\/\/www.strassenweb.de\/nachrichten\/wp-content\/uploads\/2024\/09\/strassenweb-150x150.jpg","contentUrl":"https:\/\/www.strassenweb.de\/nachrichten\/wp-content\/uploads\/2024\/09\/strassenweb-150x150.jpg","caption":"Robert Hoffmann"},"description":"Ich hei\u00dfe Robert Hoffmann und ich bin ein leidenschaftlicher Verfechter von \u00d6kologie und Biodiversit\u00e4t. Seit meiner Kindheit in den W\u00e4ldern Bayerns f\u00fchle ich mich mit der Natur verbunden und bin entschlossen, sie zu sch\u00fctzen. Heute widme ich mein Leben der Sensibilisierung anderer f\u00fcr die Bedeutung des Umweltschutzes f\u00fcr zuk\u00fcnftige Generationen.","sameAs":["https:\/\/www.strassenweb.de\/"]}]}},"_links":{"self":[{"href":"https:\/\/www.strassenweb.de\/nachrichten\/wp-json\/wp\/v2\/posts\/2622","targetHints":{"allow":["GET"]}}],"collection":[{"href":"https:\/\/www.strassenweb.de\/nachrichten\/wp-json\/wp\/v2\/posts"}],"about":[{"href":"https:\/\/www.strassenweb.de\/nachrichten\/wp-json\/wp\/v2\/types\/post"}],"author":[{"embeddable":true,"href":"https:\/\/www.strassenweb.de\/nachrichten\/wp-json\/wp\/v2\/users\/1"}],"replies":[{"embeddable":true,"href":"https:\/\/www.strassenweb.de\/nachrichten\/wp-json\/wp\/v2\/comments?post=2622"}],"version-history":[{"count":0,"href":"https:\/\/www.strassenweb.de\/nachrichten\/wp-json\/wp\/v2\/posts\/2622\/revisions"}],"wp:featuredmedia":[{"embeddable":true,"href":"https:\/\/www.strassenweb.de\/nachrichten\/wp-json\/wp\/v2\/media\/2623"}],"wp:attachment":[{"href":"https:\/\/www.strassenweb.de\/nachrichten\/wp-json\/wp\/v2\/media?parent=2622"}],"wp:term":[{"taxonomy":"category","embeddable":true,"href":"https:\/\/www.strassenweb.de\/nachrichten\/wp-json\/wp\/v2\/categories?post=2622"},{"taxonomy":"post_tag","embeddable":true,"href":"https:\/\/www.strassenweb.de\/nachrichten\/wp-json\/wp\/v2\/tags?post=2622"}],"curies":[{"name":"wp","href":"https:\/\/api.w.org\/{rel}","templated":true}]}}