{"id":2616,"date":"2025-01-09T20:39:50","date_gmt":"2025-01-09T19:39:50","guid":{"rendered":"https:\/\/www.strassenweb.de\/nachrichten\/in-der-arktis-fuehrt-das-pflanzen-von-mehr-baeumen-tatsaechlich-zu-einer-erwaermung-der-welt\/"},"modified":"2025-01-09T20:39:50","modified_gmt":"2025-01-09T19:39:50","slug":"in-der-arktis-fuehrt-das-pflanzen-von-mehr-baeumen-tatsaechlich-zu-einer-erwaermung-der-welt","status":"publish","type":"post","link":"https:\/\/www.strassenweb.de\/nachrichten\/in-der-arktis-fuehrt-das-pflanzen-von-mehr-baeumen-tatsaechlich-zu-einer-erwaermung-der-welt\/","title":{"rendered":"In der Arktis f\u00fchrt das Pflanzen von mehr B\u00e4umen tats\u00e4chlich zu einer Erw\u00e4rmung der Welt"},"content":{"rendered":"<p>In weiten Teilen der Welt bedeutet das Pflanzen von mehr B\u00e4umen, dass mehr Kohlenstoff gespeichert wird und die globale Erw\u00e4rmung verringert wird. Das ist der Gedanke hinter den j\u00fcngsten Vorschl\u00e4gen, mehr B\u00e4ume in Alaska, Gr\u00f6nland und Island zu pflanzen.<\/p>\n<p>Aber wir haben k\u00fcrzlich einen Artikel in der Zeitschrift Nature Geoscience ver\u00f6ffentlicht, in dem wir argumentieren, dass das Pflanzen von B\u00e4umen in den n\u00f6rdlichen hohen Breiten keine Klimal\u00f6sung darstellt. Tats\u00e4chlich schadet es mehr als es n\u00fctzt.<\/p>\n<p>Wenn wir den Klimawandel bek\u00e4mpfen wollen, ist es nat\u00fcrlich unerl\u00e4sslich, die Konzentration von Treibhausgasen in der Atmosph\u00e4re zu reduzieren. Allerdings spielen auch andere Komponenten des Erdsystems eine wichtige Rolle bei der Bestimmung, ob ein bestimmter Eingriff zu einer mehr oder weniger starken Erw\u00e4rmung des Planeten f\u00fchrt.<\/p>\n<p>Eine dieser Komponenten ist als \u201eAlbedo\u201c bekannt. Sie gibt an, wie viel Sonnenstrahlung von der Oberfl\u00e4che unseres Planeten zur\u00fcck in den Weltraum reflektiert wird. In den n\u00f6rdlichen hohen Breiten liegt jedes Jahr viele Monate lang Schnee auf dem Boden. Schnee ist wei\u00df und reflektiert daher etwa drei Viertel der Sonnenenergie, die auf ihn trifft, wenn er die Tundra bedeckt. Er hat daher eine hohe Albedo.<\/p>\n<figure class=\"wp-block-image\"><\/figure>\n<p>B\u00e4ume und hohe Vegetation ragen aus der Schneedecke hervor und verdunkeln die Erdoberfl\u00e4che, wodurch die Albedo bei Schneebedeckung auf durchschnittliche Werte unter 50 % sinkt und mehr Schnee schmilzt. Im hohen Norden \u00fcbersteigt die w\u00e4rmende Wirkung der unteren Albedo der B\u00e4ume die k\u00fchlende Wirkung des Kohlenstoffs, den sie der Atmosph\u00e4re entziehen, indem sie CO\u2082 in Biomasse umwandeln. Das hei\u00dft, wenn man sowohl die Albedo als auch den Kohlenstoff ber\u00fccksichtigt, den die B\u00e4ume m\u00f6glicherweise der Atmosph\u00e4re entziehen und speichern, f\u00fchrt das Pflanzen von B\u00e4umen im hohen Norden letztendlich zu einer Erw\u00e4rmung des Klimas.<\/p>\n<h2 class=\"wp-block-heading\">Kohlenstoff aus dem Boden wird in die Atmosph\u00e4re abgegeben<\/h2>\n<p>Aber es gibt noch mehr. Kohlenstoff befindet sich in der Arktis haupts\u00e4chlich im Boden. In arktischen B\u00f6den gibt es mehr Kohlenstoff als in allen B\u00e4umen der Erde zusammen, und dazu geh\u00f6rt auch jeder Regenwald in den Tropen. Der Anbau von B\u00e4umen in der Arktis k\u00f6nnte dazu f\u00fchren, dass ein Teil dieses Kohlenstoffs freigesetzt wird.<\/p>\n<p>Denn selbst im unwahrscheinlichen Best-Case-Szenario, in dem eine Baumplantage versucht, Bodenst\u00f6rungen zu minimieren, geben wachsende B\u00e4ume immer noch Zucker aus ihren Wurzeln ab. Dadurch erhalten Mikroben in der N\u00e4he die Werkzeuge und die Energie, die sie ben\u00f6tigen, um Teile des \u00fcber Jahrtausende angesammelten Kohlenstoffs im Boden abzubauen. Dieser Prozess, bei dem der Umsatz von altem Bodenkohlenstoff durch die Zugabe von neuem Kohlenstoff aus den Wurzeln induziert wird, wird als Priming-Effekt bezeichnet.<\/p>\n<p>Das unvermeidliche Ergebnis eines Aufforstungsprojekts in der Arktis ist die jahrzehntelange Freisetzung gro\u00dfer Mengen Kohlenstoff aus dem Boden in die Atmosph\u00e4re. Das ist ein inakzeptabler Beitrag zu den atmosph\u00e4rischen Treibhausgasen in der Zeit, in der wir eine Reduzierung am dringendsten ben\u00f6tigen.<\/p>\n<p>W\u00e4lder im hohen Norden neigen auch dazu, durch andere Faktoren gest\u00f6rt zu werden. Beispielsweise verbrennen Waldbr\u00e4nde fast alle paar Jahrzehnte oder Jahrhunderte einen gro\u00dfen Teil des borealen Waldes. Und wenn es nicht verbrannt wird, neigen Insektensch\u00e4dlinge und extreme Wetterbedingungen dazu, die stehende Vegetation regelm\u00e4\u00dfig zu vernichten. All diese Risiken nehmen zu, je w\u00e4rmer die Arktis wird.<\/p>\n<p>Intensiv bewirtschaftete W\u00e4lder k\u00f6nnten die Risiken bis zu einem gewissen Grad mindern, aber eine solche Bewirtschaftung ist in abgelegenen Gebieten in gro\u00dfem Ma\u00dfstab nicht durchf\u00fchrbar. Wahrscheinlicher ist, dass gro\u00dfe Plantagen mit B\u00e4umen gleichen Alters und gleicher Art angelegt werden, was deren Anf\u00e4lligkeit erh\u00f6ht. Stehende B\u00e4ume im hohen Norden tragen daher nicht nur zur weiteren Erw\u00e4rmung bei, sondern der von ihnen gespeicherte Kohlenstoff ist auch gef\u00e4hrdet.<\/p>\n<figure class=\"wp-block-image\"><img decoding=\"async\" src=\"https:\/\/www.strassenweb.de\/nachrichten\/wp-content\/uploads\/2025\/01\/1736451590_597_In-der-Arktis-fuehrt-das-Pflanzen-von-mehr-Baeumen-tatsaechlich.0&#038;q=45&#038;auto=format&#038;w=754&#038;fit=clip.jpeg\" alt=\"Mann mit Rentier\"><\/figure>\n<p>Nicht zuletzt kann die Aufforstung in hohen Breitengraden \u00fcber ihre Auswirkungen auf das Klima hinaus auch die Artenvielfalt in der Arktis sch\u00e4digen und traditionelle Lebensgrundlagen wie die Rentierzucht und die Karibujagd gef\u00e4hrden.<\/p>\n<h2 class=\"wp-block-heading\">Wir k\u00f6nnen uns selbst etwas vormachen, aber nicht die Erde<\/h2>\n<p>Warum pflanzen Menschen dann B\u00e4ume in der Arktis? Die Menschen vor Ort m\u00f6chten beispielsweise die Versorgung mit Holz sicherstellen oder ihre Abh\u00e4ngigkeit von Importen verringern. Letztendlich liegt es an ihnen, zu entscheiden, ob sie dies tun oder nicht.<\/p>\n<p>Aber diese Initiativen sollten nicht als Klimal\u00f6sung verkauft werden. Es ist nicht das erste Mal, dass Emissionsgutschriften ohne gro\u00dfe Sorgfalt gehandelt werden, wodurch Initiativen gedeihen k\u00f6nnen, obwohl sie wenig zur Eind\u00e4mmung des Klimawandels beitragen. Da wir nicht das Erdsystem, sondern nur uns selbst t\u00e4uschen wollen, m\u00fcssen wir dringend besser darin werden, die Gesamtklimaauswirkungen unserer Eingriffe zu ber\u00fccksichtigen und dem sogenannten \u201eKohlenstofftunnelblick\u201c zu entkommen; ein Punkt, der weit \u00fcber die Arktis hinaus gleicherma\u00dfen relevant ist.<\/p>\n<p>Allerdings gibt es in der Arktis und den umliegenden Regionen praktikable, naturbasierte Klimal\u00f6sungen. Beispielsweise k\u00f6nnen nachhaltige Populationen gro\u00dfer Pflanzenfresser wie Karibus oder Moschusochsen tats\u00e4chlich zur Abk\u00fchlung des Klimas beitragen.<\/p>\n<p>Dies kann sowohl direkt dadurch geschehen, dass Pflanzenfresser die Tundralandschaften offen halten, als auch indirekt durch die Auswirkungen von Pflanzenfressern, die im Schnee nach Nahrung suchen, wodurch die Isolationsf\u00e4higkeit des Schnees verringert wird und die Temperatur des Bodens gesenkt wird. Gro\u00dfe Pflanzenfresser reduzieren auch den klimabedingten Verlust der Artenvielfalt in arktischen \u00d6kosystemen und bleiben eine grundlegende Nahrungsquelle f\u00fcr die lokale Gemeinschaft.<\/p>\n<p>Wir verstehen noch nicht alles dar\u00fcber, wie diese gro\u00dfen Tiere ihre \u00d6kosysteme beeinflussen, aber die Beweise f\u00fcr ihre Wirksamkeit sind belastbarer als die vieler gro\u00dfz\u00fcgig finanzierter Klimaschutzinitiativen. Letztendlich muss jede naturbasierte L\u00f6sung jedoch von den Gemeinden im hohen Norden vorangetrieben werden, die an vorderster Front des Klimawandels leben.<\/p>\n<p>Marc Macias-Fauria, 2001 Professor f\u00fcr Physische Geographie, <em>Universit\u00e4t Cambridge<\/em> und Jeppe Aagaard Kristensen, au\u00dferordentlicher Assistenzprofessor f\u00fcr Global Change Ecology, <em>Universit\u00e4t Aarhus<\/em><\/p>\n<p>  wird von The Conversation unter einer Creative Commons-Lizenz erneut ver\u00f6ffentlicht. <\/p>\n","protected":false},"excerpt":{"rendered":"<p>In weiten Teilen der Welt bedeutet das Pflanzen von mehr B\u00e4umen, dass mehr Kohlenstoff gespeichert wird und die globale Erw\u00e4rmung verringert wird. Das ist der<\/p>\n","protected":false},"author":1,"featured_media":2617,"comment_status":"closed","ping_status":"","sticky":false,"template":"","format":"standard","meta":{"footnotes":""},"categories":[101],"tags":[4337,923,112,81,303,2916,38,301,246,1113,21,2195],"class_list":["post-2616","post","type-post","status-publish","format-standard","has-post-thumbnail","hentry","category-oekologie","tag-arktis","tag-baeumen","tag-das","tag-der","tag-einer","tag-erwaermung","tag-fuehrt","tag-mehr","tag-pflanzen","tag-tatsaechlich","tag-von","tag-welt","generate-columns","tablet-grid-50","mobile-grid-100","grid-parent","grid-50"],"yoast_head":"<!-- This site is optimized with the Yoast SEO plugin v27.3 - https:\/\/yoast.com\/product\/yoast-seo-wordpress\/ -->\n<title>In der Arktis f\u00fchrt das Pflanzen von mehr B\u00e4umen tats\u00e4chlich zu einer Erw\u00e4rmung der Welt - Nachrichten - Stra\u00dfenweb<\/title>\n<meta name=\"robots\" content=\"index, follow, max-snippet:-1, max-image-preview:large, max-video-preview:-1\" \/>\n<link rel=\"canonical\" href=\"https:\/\/www.strassenweb.de\/nachrichten\/in-der-arktis-fuehrt-das-pflanzen-von-mehr-baeumen-tatsaechlich-zu-einer-erwaermung-der-welt\/\" \/>\n<meta property=\"og:locale\" content=\"de_DE\" \/>\n<meta property=\"og:type\" content=\"article\" \/>\n<meta property=\"og:title\" content=\"In der Arktis f\u00fchrt das Pflanzen von mehr B\u00e4umen tats\u00e4chlich zu einer Erw\u00e4rmung der Welt - Nachrichten - Stra\u00dfenweb\" \/>\n<meta property=\"og:description\" content=\"In weiten Teilen der Welt bedeutet das Pflanzen von mehr B\u00e4umen, dass mehr Kohlenstoff gespeichert wird und die globale Erw\u00e4rmung verringert wird. Das ist der\" \/>\n<meta property=\"og:url\" content=\"https:\/\/www.strassenweb.de\/nachrichten\/in-der-arktis-fuehrt-das-pflanzen-von-mehr-baeumen-tatsaechlich-zu-einer-erwaermung-der-welt\/\" \/>\n<meta property=\"og:site_name\" content=\"Stra\u00dfenweb\" \/>\n<meta property=\"article:publisher\" content=\"https:\/\/www.facebook.com\/strassenweb\/\" \/>\n<meta property=\"article:published_time\" content=\"2025-01-09T19:39:50+00:00\" \/>\n<meta property=\"og:image\" content=\"https:\/\/www.strassenweb.de\/nachrichten\/wp-content\/uploads\/2025\/01\/In-der-Arktis-fuehrt-das-Pflanzen-von-mehr-Baeumen-tatsaechlich.jpg\" \/>\n\t<meta property=\"og:image:width\" content=\"754\" \/>\n\t<meta property=\"og:image:height\" content=\"424\" \/>\n\t<meta property=\"og:image:type\" content=\"image\/jpeg\" \/>\n<meta name=\"author\" content=\"Robert Hoffmann\" \/>\n<meta name=\"twitter:card\" content=\"summary_large_image\" \/>\n<meta name=\"twitter:label1\" content=\"Verfasst von\" \/>\n\t<meta name=\"twitter:data1\" content=\"Robert Hoffmann\" \/>\n\t<meta name=\"twitter:label2\" content=\"Gesch\u00e4tzte Lesezeit\" \/>\n\t<meta name=\"twitter:data2\" content=\"5\u00a0Minuten\" \/>\n<script type=\"application\/ld+json\" class=\"yoast-schema-graph\">{\"@context\":\"https:\\\/\\\/schema.org\",\"@graph\":[{\"@type\":\"Article\",\"@id\":\"https:\\\/\\\/www.strassenweb.de\\\/nachrichten\\\/in-der-arktis-fuehrt-das-pflanzen-von-mehr-baeumen-tatsaechlich-zu-einer-erwaermung-der-welt\\\/#article\",\"isPartOf\":{\"@id\":\"https:\\\/\\\/www.strassenweb.de\\\/nachrichten\\\/in-der-arktis-fuehrt-das-pflanzen-von-mehr-baeumen-tatsaechlich-zu-einer-erwaermung-der-welt\\\/\"},\"author\":{\"name\":\"Robert Hoffmann\",\"@id\":\"https:\\\/\\\/www.strassenweb.de\\\/nachrichten\\\/#\\\/schema\\\/person\\\/87c9c9067f1211da429a744dc5a5aa41\"},\"headline\":\"In der Arktis f\u00fchrt das Pflanzen von mehr B\u00e4umen tats\u00e4chlich zu einer Erw\u00e4rmung der Welt\",\"datePublished\":\"2025-01-09T19:39:50+00:00\",\"mainEntityOfPage\":{\"@id\":\"https:\\\/\\\/www.strassenweb.de\\\/nachrichten\\\/in-der-arktis-fuehrt-das-pflanzen-von-mehr-baeumen-tatsaechlich-zu-einer-erwaermung-der-welt\\\/\"},\"wordCount\":1018,\"publisher\":{\"@id\":\"https:\\\/\\\/www.strassenweb.de\\\/nachrichten\\\/#organization\"},\"image\":{\"@id\":\"https:\\\/\\\/www.strassenweb.de\\\/nachrichten\\\/in-der-arktis-fuehrt-das-pflanzen-von-mehr-baeumen-tatsaechlich-zu-einer-erwaermung-der-welt\\\/#primaryimage\"},\"thumbnailUrl\":\"https:\\\/\\\/www.strassenweb.de\\\/nachrichten\\\/wp-content\\\/uploads\\\/2025\\\/01\\\/In-der-Arktis-fuehrt-das-Pflanzen-von-mehr-Baeumen-tatsaechlich.jpg\",\"keywords\":[\"Arktis\",\"B\u00e4umen\",\"das\",\"der\",\"einer\",\"Erw\u00e4rmung\",\"f\u00fchrt\",\"mehr\",\"Pflanzen\",\"tats\u00e4chlich\",\"von\",\"Welt\"],\"articleSection\":[\"\u00d6kologie\"],\"inLanguage\":\"de\"},{\"@type\":\"WebPage\",\"@id\":\"https:\\\/\\\/www.strassenweb.de\\\/nachrichten\\\/in-der-arktis-fuehrt-das-pflanzen-von-mehr-baeumen-tatsaechlich-zu-einer-erwaermung-der-welt\\\/\",\"url\":\"https:\\\/\\\/www.strassenweb.de\\\/nachrichten\\\/in-der-arktis-fuehrt-das-pflanzen-von-mehr-baeumen-tatsaechlich-zu-einer-erwaermung-der-welt\\\/\",\"name\":\"In der Arktis f\u00fchrt das Pflanzen von mehr B\u00e4umen tats\u00e4chlich zu einer Erw\u00e4rmung der Welt - Nachrichten - Stra\u00dfenweb\",\"isPartOf\":{\"@id\":\"https:\\\/\\\/www.strassenweb.de\\\/nachrichten\\\/#website\"},\"primaryImageOfPage\":{\"@id\":\"https:\\\/\\\/www.strassenweb.de\\\/nachrichten\\\/in-der-arktis-fuehrt-das-pflanzen-von-mehr-baeumen-tatsaechlich-zu-einer-erwaermung-der-welt\\\/#primaryimage\"},\"image\":{\"@id\":\"https:\\\/\\\/www.strassenweb.de\\\/nachrichten\\\/in-der-arktis-fuehrt-das-pflanzen-von-mehr-baeumen-tatsaechlich-zu-einer-erwaermung-der-welt\\\/#primaryimage\"},\"thumbnailUrl\":\"https:\\\/\\\/www.strassenweb.de\\\/nachrichten\\\/wp-content\\\/uploads\\\/2025\\\/01\\\/In-der-Arktis-fuehrt-das-Pflanzen-von-mehr-Baeumen-tatsaechlich.jpg\",\"datePublished\":\"2025-01-09T19:39:50+00:00\",\"breadcrumb\":{\"@id\":\"https:\\\/\\\/www.strassenweb.de\\\/nachrichten\\\/in-der-arktis-fuehrt-das-pflanzen-von-mehr-baeumen-tatsaechlich-zu-einer-erwaermung-der-welt\\\/#breadcrumb\"},\"inLanguage\":\"de\",\"potentialAction\":[{\"@type\":\"ReadAction\",\"target\":[\"https:\\\/\\\/www.strassenweb.de\\\/nachrichten\\\/in-der-arktis-fuehrt-das-pflanzen-von-mehr-baeumen-tatsaechlich-zu-einer-erwaermung-der-welt\\\/\"]}]},{\"@type\":\"ImageObject\",\"inLanguage\":\"de\",\"@id\":\"https:\\\/\\\/www.strassenweb.de\\\/nachrichten\\\/in-der-arktis-fuehrt-das-pflanzen-von-mehr-baeumen-tatsaechlich-zu-einer-erwaermung-der-welt\\\/#primaryimage\",\"url\":\"https:\\\/\\\/www.strassenweb.de\\\/nachrichten\\\/wp-content\\\/uploads\\\/2025\\\/01\\\/In-der-Arktis-fuehrt-das-Pflanzen-von-mehr-Baeumen-tatsaechlich.jpg\",\"contentUrl\":\"https:\\\/\\\/www.strassenweb.de\\\/nachrichten\\\/wp-content\\\/uploads\\\/2025\\\/01\\\/In-der-Arktis-fuehrt-das-Pflanzen-von-mehr-Baeumen-tatsaechlich.jpg\",\"width\":754,\"height\":424,\"caption\":\"Satellite map of northern hemisphere\"},{\"@type\":\"BreadcrumbList\",\"@id\":\"https:\\\/\\\/www.strassenweb.de\\\/nachrichten\\\/in-der-arktis-fuehrt-das-pflanzen-von-mehr-baeumen-tatsaechlich-zu-einer-erwaermung-der-welt\\\/#breadcrumb\",\"itemListElement\":[{\"@type\":\"ListItem\",\"position\":1,\"name\":\"Home\",\"item\":\"https:\\\/\\\/www.strassenweb.de\\\/nachrichten\\\/\"},{\"@type\":\"ListItem\",\"position\":2,\"name\":\"In der Arktis f\u00fchrt das Pflanzen von mehr B\u00e4umen tats\u00e4chlich zu einer Erw\u00e4rmung der Welt\"}]},{\"@type\":\"WebSite\",\"@id\":\"https:\\\/\\\/www.strassenweb.de\\\/nachrichten\\\/#website\",\"url\":\"https:\\\/\\\/www.strassenweb.de\\\/nachrichten\\\/\",\"name\":\"Stra\u00dfenweb\",\"description\":\"Stra\u00dfenverzeichnis f\u00fcr Deutschland\",\"publisher\":{\"@id\":\"https:\\\/\\\/www.strassenweb.de\\\/nachrichten\\\/#organization\"},\"potentialAction\":[{\"@type\":\"SearchAction\",\"target\":{\"@type\":\"EntryPoint\",\"urlTemplate\":\"https:\\\/\\\/www.strassenweb.de\\\/nachrichten\\\/?s={search_term_string}\"},\"query-input\":{\"@type\":\"PropertyValueSpecification\",\"valueRequired\":true,\"valueName\":\"search_term_string\"}}],\"inLanguage\":\"de\"},{\"@type\":\"Organization\",\"@id\":\"https:\\\/\\\/www.strassenweb.de\\\/nachrichten\\\/#organization\",\"name\":\"Stra\u00dfenweb\",\"url\":\"https:\\\/\\\/www.strassenweb.de\\\/nachrichten\\\/\",\"logo\":{\"@type\":\"ImageObject\",\"inLanguage\":\"de\",\"@id\":\"https:\\\/\\\/www.strassenweb.de\\\/nachrichten\\\/#\\\/schema\\\/logo\\\/image\\\/\",\"url\":\"https:\\\/\\\/www.strassenweb.de\\\/nachrichten\\\/wp-content\\\/uploads\\\/2024\\\/09\\\/cropped-favicon.png\",\"contentUrl\":\"https:\\\/\\\/www.strassenweb.de\\\/nachrichten\\\/wp-content\\\/uploads\\\/2024\\\/09\\\/cropped-favicon.png\",\"width\":512,\"height\":512,\"caption\":\"Stra\u00dfenweb\"},\"image\":{\"@id\":\"https:\\\/\\\/www.strassenweb.de\\\/nachrichten\\\/#\\\/schema\\\/logo\\\/image\\\/\"},\"sameAs\":[\"https:\\\/\\\/www.facebook.com\\\/strassenweb\\\/\"]},{\"@type\":\"Person\",\"@id\":\"https:\\\/\\\/www.strassenweb.de\\\/nachrichten\\\/#\\\/schema\\\/person\\\/87c9c9067f1211da429a744dc5a5aa41\",\"name\":\"Robert Hoffmann\",\"image\":{\"@type\":\"ImageObject\",\"inLanguage\":\"de\",\"@id\":\"https:\\\/\\\/www.strassenweb.de\\\/nachrichten\\\/wp-content\\\/uploads\\\/2024\\\/09\\\/strassenweb-150x150.jpg\",\"url\":\"https:\\\/\\\/www.strassenweb.de\\\/nachrichten\\\/wp-content\\\/uploads\\\/2024\\\/09\\\/strassenweb-150x150.jpg\",\"contentUrl\":\"https:\\\/\\\/www.strassenweb.de\\\/nachrichten\\\/wp-content\\\/uploads\\\/2024\\\/09\\\/strassenweb-150x150.jpg\",\"caption\":\"Robert Hoffmann\"},\"description\":\"Ich hei\u00dfe Robert Hoffmann und ich bin ein leidenschaftlicher Verfechter von \u00d6kologie und Biodiversit\u00e4t. Seit meiner Kindheit in den W\u00e4ldern Bayerns f\u00fchle ich mich mit der Natur verbunden und bin entschlossen, sie zu sch\u00fctzen. Heute widme ich mein Leben der Sensibilisierung anderer f\u00fcr die Bedeutung des Umweltschutzes f\u00fcr zuk\u00fcnftige Generationen.\",\"sameAs\":[\"https:\\\/\\\/www.strassenweb.de\\\/\"]}]}<\/script>\n<!-- \/ Yoast SEO plugin. -->","yoast_head_json":{"title":"In der Arktis f\u00fchrt das Pflanzen von mehr B\u00e4umen tats\u00e4chlich zu einer Erw\u00e4rmung der Welt - Nachrichten - Stra\u00dfenweb","robots":{"index":"index","follow":"follow","max-snippet":"max-snippet:-1","max-image-preview":"max-image-preview:large","max-video-preview":"max-video-preview:-1"},"canonical":"https:\/\/www.strassenweb.de\/nachrichten\/in-der-arktis-fuehrt-das-pflanzen-von-mehr-baeumen-tatsaechlich-zu-einer-erwaermung-der-welt\/","og_locale":"de_DE","og_type":"article","og_title":"In der Arktis f\u00fchrt das Pflanzen von mehr B\u00e4umen tats\u00e4chlich zu einer Erw\u00e4rmung der Welt - Nachrichten - Stra\u00dfenweb","og_description":"In weiten Teilen der Welt bedeutet das Pflanzen von mehr B\u00e4umen, dass mehr Kohlenstoff gespeichert wird und die globale Erw\u00e4rmung verringert wird. Das ist der","og_url":"https:\/\/www.strassenweb.de\/nachrichten\/in-der-arktis-fuehrt-das-pflanzen-von-mehr-baeumen-tatsaechlich-zu-einer-erwaermung-der-welt\/","og_site_name":"Stra\u00dfenweb","article_publisher":"https:\/\/www.facebook.com\/strassenweb\/","article_published_time":"2025-01-09T19:39:50+00:00","og_image":[{"width":754,"height":424,"url":"https:\/\/www.strassenweb.de\/nachrichten\/wp-content\/uploads\/2025\/01\/In-der-Arktis-fuehrt-das-Pflanzen-von-mehr-Baeumen-tatsaechlich.jpg","type":"image\/jpeg"}],"author":"Robert Hoffmann","twitter_card":"summary_large_image","twitter_misc":{"Verfasst von":"Robert Hoffmann","Gesch\u00e4tzte Lesezeit":"5\u00a0Minuten"},"schema":{"@context":"https:\/\/schema.org","@graph":[{"@type":"Article","@id":"https:\/\/www.strassenweb.de\/nachrichten\/in-der-arktis-fuehrt-das-pflanzen-von-mehr-baeumen-tatsaechlich-zu-einer-erwaermung-der-welt\/#article","isPartOf":{"@id":"https:\/\/www.strassenweb.de\/nachrichten\/in-der-arktis-fuehrt-das-pflanzen-von-mehr-baeumen-tatsaechlich-zu-einer-erwaermung-der-welt\/"},"author":{"name":"Robert Hoffmann","@id":"https:\/\/www.strassenweb.de\/nachrichten\/#\/schema\/person\/87c9c9067f1211da429a744dc5a5aa41"},"headline":"In der Arktis f\u00fchrt das Pflanzen von mehr B\u00e4umen tats\u00e4chlich zu einer Erw\u00e4rmung der Welt","datePublished":"2025-01-09T19:39:50+00:00","mainEntityOfPage":{"@id":"https:\/\/www.strassenweb.de\/nachrichten\/in-der-arktis-fuehrt-das-pflanzen-von-mehr-baeumen-tatsaechlich-zu-einer-erwaermung-der-welt\/"},"wordCount":1018,"publisher":{"@id":"https:\/\/www.strassenweb.de\/nachrichten\/#organization"},"image":{"@id":"https:\/\/www.strassenweb.de\/nachrichten\/in-der-arktis-fuehrt-das-pflanzen-von-mehr-baeumen-tatsaechlich-zu-einer-erwaermung-der-welt\/#primaryimage"},"thumbnailUrl":"https:\/\/www.strassenweb.de\/nachrichten\/wp-content\/uploads\/2025\/01\/In-der-Arktis-fuehrt-das-Pflanzen-von-mehr-Baeumen-tatsaechlich.jpg","keywords":["Arktis","B\u00e4umen","das","der","einer","Erw\u00e4rmung","f\u00fchrt","mehr","Pflanzen","tats\u00e4chlich","von","Welt"],"articleSection":["\u00d6kologie"],"inLanguage":"de"},{"@type":"WebPage","@id":"https:\/\/www.strassenweb.de\/nachrichten\/in-der-arktis-fuehrt-das-pflanzen-von-mehr-baeumen-tatsaechlich-zu-einer-erwaermung-der-welt\/","url":"https:\/\/www.strassenweb.de\/nachrichten\/in-der-arktis-fuehrt-das-pflanzen-von-mehr-baeumen-tatsaechlich-zu-einer-erwaermung-der-welt\/","name":"In der Arktis f\u00fchrt das Pflanzen von mehr B\u00e4umen tats\u00e4chlich zu einer Erw\u00e4rmung der Welt - Nachrichten - Stra\u00dfenweb","isPartOf":{"@id":"https:\/\/www.strassenweb.de\/nachrichten\/#website"},"primaryImageOfPage":{"@id":"https:\/\/www.strassenweb.de\/nachrichten\/in-der-arktis-fuehrt-das-pflanzen-von-mehr-baeumen-tatsaechlich-zu-einer-erwaermung-der-welt\/#primaryimage"},"image":{"@id":"https:\/\/www.strassenweb.de\/nachrichten\/in-der-arktis-fuehrt-das-pflanzen-von-mehr-baeumen-tatsaechlich-zu-einer-erwaermung-der-welt\/#primaryimage"},"thumbnailUrl":"https:\/\/www.strassenweb.de\/nachrichten\/wp-content\/uploads\/2025\/01\/In-der-Arktis-fuehrt-das-Pflanzen-von-mehr-Baeumen-tatsaechlich.jpg","datePublished":"2025-01-09T19:39:50+00:00","breadcrumb":{"@id":"https:\/\/www.strassenweb.de\/nachrichten\/in-der-arktis-fuehrt-das-pflanzen-von-mehr-baeumen-tatsaechlich-zu-einer-erwaermung-der-welt\/#breadcrumb"},"inLanguage":"de","potentialAction":[{"@type":"ReadAction","target":["https:\/\/www.strassenweb.de\/nachrichten\/in-der-arktis-fuehrt-das-pflanzen-von-mehr-baeumen-tatsaechlich-zu-einer-erwaermung-der-welt\/"]}]},{"@type":"ImageObject","inLanguage":"de","@id":"https:\/\/www.strassenweb.de\/nachrichten\/in-der-arktis-fuehrt-das-pflanzen-von-mehr-baeumen-tatsaechlich-zu-einer-erwaermung-der-welt\/#primaryimage","url":"https:\/\/www.strassenweb.de\/nachrichten\/wp-content\/uploads\/2025\/01\/In-der-Arktis-fuehrt-das-Pflanzen-von-mehr-Baeumen-tatsaechlich.jpg","contentUrl":"https:\/\/www.strassenweb.de\/nachrichten\/wp-content\/uploads\/2025\/01\/In-der-Arktis-fuehrt-das-Pflanzen-von-mehr-Baeumen-tatsaechlich.jpg","width":754,"height":424,"caption":"Satellite map of northern hemisphere"},{"@type":"BreadcrumbList","@id":"https:\/\/www.strassenweb.de\/nachrichten\/in-der-arktis-fuehrt-das-pflanzen-von-mehr-baeumen-tatsaechlich-zu-einer-erwaermung-der-welt\/#breadcrumb","itemListElement":[{"@type":"ListItem","position":1,"name":"Home","item":"https:\/\/www.strassenweb.de\/nachrichten\/"},{"@type":"ListItem","position":2,"name":"In der Arktis f\u00fchrt das Pflanzen von mehr B\u00e4umen tats\u00e4chlich zu einer Erw\u00e4rmung der Welt"}]},{"@type":"WebSite","@id":"https:\/\/www.strassenweb.de\/nachrichten\/#website","url":"https:\/\/www.strassenweb.de\/nachrichten\/","name":"Stra\u00dfenweb","description":"Stra\u00dfenverzeichnis f\u00fcr Deutschland","publisher":{"@id":"https:\/\/www.strassenweb.de\/nachrichten\/#organization"},"potentialAction":[{"@type":"SearchAction","target":{"@type":"EntryPoint","urlTemplate":"https:\/\/www.strassenweb.de\/nachrichten\/?s={search_term_string}"},"query-input":{"@type":"PropertyValueSpecification","valueRequired":true,"valueName":"search_term_string"}}],"inLanguage":"de"},{"@type":"Organization","@id":"https:\/\/www.strassenweb.de\/nachrichten\/#organization","name":"Stra\u00dfenweb","url":"https:\/\/www.strassenweb.de\/nachrichten\/","logo":{"@type":"ImageObject","inLanguage":"de","@id":"https:\/\/www.strassenweb.de\/nachrichten\/#\/schema\/logo\/image\/","url":"https:\/\/www.strassenweb.de\/nachrichten\/wp-content\/uploads\/2024\/09\/cropped-favicon.png","contentUrl":"https:\/\/www.strassenweb.de\/nachrichten\/wp-content\/uploads\/2024\/09\/cropped-favicon.png","width":512,"height":512,"caption":"Stra\u00dfenweb"},"image":{"@id":"https:\/\/www.strassenweb.de\/nachrichten\/#\/schema\/logo\/image\/"},"sameAs":["https:\/\/www.facebook.com\/strassenweb\/"]},{"@type":"Person","@id":"https:\/\/www.strassenweb.de\/nachrichten\/#\/schema\/person\/87c9c9067f1211da429a744dc5a5aa41","name":"Robert Hoffmann","image":{"@type":"ImageObject","inLanguage":"de","@id":"https:\/\/www.strassenweb.de\/nachrichten\/wp-content\/uploads\/2024\/09\/strassenweb-150x150.jpg","url":"https:\/\/www.strassenweb.de\/nachrichten\/wp-content\/uploads\/2024\/09\/strassenweb-150x150.jpg","contentUrl":"https:\/\/www.strassenweb.de\/nachrichten\/wp-content\/uploads\/2024\/09\/strassenweb-150x150.jpg","caption":"Robert Hoffmann"},"description":"Ich hei\u00dfe Robert Hoffmann und ich bin ein leidenschaftlicher Verfechter von \u00d6kologie und Biodiversit\u00e4t. Seit meiner Kindheit in den W\u00e4ldern Bayerns f\u00fchle ich mich mit der Natur verbunden und bin entschlossen, sie zu sch\u00fctzen. Heute widme ich mein Leben der Sensibilisierung anderer f\u00fcr die Bedeutung des Umweltschutzes f\u00fcr zuk\u00fcnftige Generationen.","sameAs":["https:\/\/www.strassenweb.de\/"]}]}},"_links":{"self":[{"href":"https:\/\/www.strassenweb.de\/nachrichten\/wp-json\/wp\/v2\/posts\/2616","targetHints":{"allow":["GET"]}}],"collection":[{"href":"https:\/\/www.strassenweb.de\/nachrichten\/wp-json\/wp\/v2\/posts"}],"about":[{"href":"https:\/\/www.strassenweb.de\/nachrichten\/wp-json\/wp\/v2\/types\/post"}],"author":[{"embeddable":true,"href":"https:\/\/www.strassenweb.de\/nachrichten\/wp-json\/wp\/v2\/users\/1"}],"replies":[{"embeddable":true,"href":"https:\/\/www.strassenweb.de\/nachrichten\/wp-json\/wp\/v2\/comments?post=2616"}],"version-history":[{"count":0,"href":"https:\/\/www.strassenweb.de\/nachrichten\/wp-json\/wp\/v2\/posts\/2616\/revisions"}],"wp:featuredmedia":[{"embeddable":true,"href":"https:\/\/www.strassenweb.de\/nachrichten\/wp-json\/wp\/v2\/media\/2617"}],"wp:attachment":[{"href":"https:\/\/www.strassenweb.de\/nachrichten\/wp-json\/wp\/v2\/media?parent=2616"}],"wp:term":[{"taxonomy":"category","embeddable":true,"href":"https:\/\/www.strassenweb.de\/nachrichten\/wp-json\/wp\/v2\/categories?post=2616"},{"taxonomy":"post_tag","embeddable":true,"href":"https:\/\/www.strassenweb.de\/nachrichten\/wp-json\/wp\/v2\/tags?post=2616"}],"curies":[{"name":"wp","href":"https:\/\/api.w.org\/{rel}","templated":true}]}}