{"id":261,"date":"2024-09-26T06:46:42","date_gmt":"2024-09-26T04:46:42","guid":{"rendered":"https:\/\/www.strassenweb.de\/nachrichten\/der-historische-sieg-der-rechtsextremen-der-schluessel-zum-aufstieg-der-afd-in-deutschland-bjoern-hoecke-und-sein-sieg-in-thueringen\/"},"modified":"2024-09-26T06:46:44","modified_gmt":"2024-09-26T04:46:44","slug":"der-historische-sieg-der-rechtsextremen-der-schluessel-zum-aufstieg-der-afd-in-deutschland-bjoern-hoecke-und-sein-sieg-in-thueringen","status":"publish","type":"post","link":"https:\/\/www.strassenweb.de\/nachrichten\/der-historische-sieg-der-rechtsextremen-der-schluessel-zum-aufstieg-der-afd-in-deutschland-bjoern-hoecke-und-sein-sieg-in-thueringen\/","title":{"rendered":"Der historische Sieg der Rechtsextremen Der Schl\u00fcssel zum Aufstieg der AfD in Deutschland: Bj\u00f6rn H\u00f6cke und sein Sieg in Th\u00fcringen"},"content":{"rendered":"<footer class=\"article-main__signed\"><\/footer>\n<p>Der Aufstieg der extremen Rechten in Deutschland hat mit dem Wahlsieg seinen H\u00f6hepunkt erreicht <b>Alternative f\u00fcr Deutschland (Afd)<\/b> in Th\u00fcringen. Zum ersten Mal seit dem Ende des Zweiten Weltkriegs ist es einer rechtsextremen Partei gelungen, die stimmst\u00e4rkste politische Kraft in einem deutschen Bundesland zu werden. Der Mann hinter diesem Triumph ist <b>Bj\u00f6rn Hocke<\/b>ein umstrittener F\u00fchrer, der es geschafft hat, die Unzufriedenheit eines wichtigen Teils der Bev\u00f6lkerung im Osten des Landes zu kanalisieren.<\/p>\n<p>Trotz seines Wahlerfolgs sieht sich H\u00f6cke der Realit\u00e4t gegen\u00fcber <b>ein in Deutschland heiliger Cordon Sanitaire<\/b>. Diese stillschweigende Vereinbarung zwischen den politischen Parteien verhindert, dass die AfD trotz ihres Wahlsiegs Teil der Regierung wird. Die Auswirkungen dieses Triumphs sind jedoch unbestreitbar und haben die Grundfesten der deutschen Politik ersch\u00fcttert.<\/p>\n<p>Bj\u00f6rn H\u00f6cke hat aus seinen ideologischen Neigungen keinen Hehl gemacht. Auf seinen Kundgebungen wiederholt er h\u00e4ufig S\u00e4tze mit Nazi-Reminiszenzen, wie zum Beispiel <b>das SS-Motto \u201eAlles f\u00fcr Deutschland\u201c<\/b>was eine Welle der Kritik ausgel\u00f6st hat. In seinem ersten Interview nach dem Sieg war H\u00f6cke sichtlich ver\u00e4rgert, als die Einstufung der AfD als rechtsextreme Partei erw\u00e4hnt wurde.<\/p>\n<p>Der Journalist versicherte, dass \u201esie als rechtsextrem eingestuft werden\u201c und Bj\u00f6rn H\u00f6cke antwortete: \u201eBitte h\u00f6ren Sie auf, mich zu stigmatisieren.\u201c <b>Wir sind die Partei Nummer eins in Th\u00fcringen<\/b>. \u201eSie wollen nicht ein Drittel der Th\u00fcringer W\u00e4hler als rechtsextrem einstufen.\u201c<\/p>\n<p>Dies war ein Schl\u00fcsselelement in H\u00f6ckes Strategie: sich nicht nur als Protestpartei zu pr\u00e4sentieren, sondern als <b>legitime und seri\u00f6se Alternative<\/b>. Insbesondere in Ostdeutschland, einer Region, in der die Partei ein bemerkenswertes Wachstum verzeichnet, ist es der AfD gelungen, die Stimmen der B\u00fcrger zu gewinnen. Laut H\u00e9ctor S\u00e1nchez, CIDOB-Forscher, \u201ehaben die B\u00fcrger des Ostens nicht die Kaufkraft zur\u00fcckerlangt, die sie zuvor hatten. Sie f\u00fchlen sich wie B\u00fcrger zweiter Klasse. Nicht von den Eliten repr\u00e4sentiert.\u201c<\/p>\n<p><b>Die Rede der AfD konzentrierte sich auf antiislamische und einwanderungsfeindliche Rhetorik<\/b>hat in dieser Region gro\u00dfen Anklang gefunden, auch wenn es dort deutlich weniger Ausl\u00e4nder gibt als in anderen Teilen Deutschlands. Ruth Ferrero, Professorin f\u00fcr Politikwissenschaft an der Complutense-Universit\u00e4t Madrid, weist darauf hin, dass \u201edas Problem nicht die Quantit\u00e4t, sondern die mangelnde Integration\u201c ist. Episoden wie der Solingen-Anschlag haben diesen Diskurs befeuert und einen Trend verst\u00e4rkt, der laut Ferrero \u201ebereits seit 2018 erkennbar war. Partei, die den Nazis nahesteht, unglaublich, dass das in Deutschland passiert ist.\u201c<\/p>\n<div><\/div>\n<p>Besonders symbolisch ist H\u00f6ckes Triumph in Th\u00fcringen. Dieser Staat war der erste, der 1930 von den Nazis regiert wurde, und jetzt, fast ein Jahrhundert sp\u00e4ter, ist er wieder da<b> das Wiederaufleben einer politischen Kraft<\/b> was viele als Bedrohung f\u00fcr die Demokratie in Deutschland betrachten.<\/p>\n","protected":false},"excerpt":{"rendered":"<p>Der Aufstieg der extremen Rechten in Deutschland hat mit dem Wahlsieg seinen H\u00f6hepunkt erreicht Alternative f\u00fcr Deutschland (Afd) in Th\u00fcringen. Zum ersten Mal seit dem<\/p>\n","protected":false},"author":1,"featured_media":262,"comment_status":"closed","ping_status":"","sticky":false,"template":"","format":"standard","meta":{"footnotes":""},"categories":[4],"tags":[463,403,550,81,35,547,551,10,549,306,548,552,37,67],"class_list":["post-261","post","type-post","status-publish","format-standard","has-post-thumbnail","hentry","category-aktuelle-nachrichten","tag-afd","tag-aufstieg","tag-bjoern","tag-der","tag-deutschland","tag-historische","tag-hoecke","tag-rechtsextremen","tag-schluessel","tag-sein","tag-sieg","tag-thueringen","tag-und","tag-zum","generate-columns","tablet-grid-50","mobile-grid-100","grid-parent","grid-50"],"yoast_head":"<!-- This site is optimized with the Yoast SEO plugin v27.3 - https:\/\/yoast.com\/product\/yoast-seo-wordpress\/ -->\n<title>Der historische Sieg der Rechtsextremen Der Schl\u00fcssel zum Aufstieg der AfD in Deutschland: Bj\u00f6rn H\u00f6cke und sein Sieg in Th\u00fcringen - Nachrichten - Stra\u00dfenweb<\/title>\n<meta name=\"robots\" content=\"index, follow, max-snippet:-1, max-image-preview:large, max-video-preview:-1\" \/>\n<link rel=\"canonical\" href=\"https:\/\/www.strassenweb.de\/nachrichten\/der-historische-sieg-der-rechtsextremen-der-schluessel-zum-aufstieg-der-afd-in-deutschland-bjoern-hoecke-und-sein-sieg-in-thueringen\/\" \/>\n<meta property=\"og:locale\" content=\"de_DE\" \/>\n<meta property=\"og:type\" content=\"article\" \/>\n<meta property=\"og:title\" content=\"Der historische Sieg der Rechtsextremen Der Schl\u00fcssel zum Aufstieg der AfD in Deutschland: Bj\u00f6rn H\u00f6cke und sein Sieg in Th\u00fcringen - Nachrichten - Stra\u00dfenweb\" \/>\n<meta property=\"og:description\" content=\"Der Aufstieg der extremen Rechten in Deutschland hat mit dem Wahlsieg seinen H\u00f6hepunkt erreicht Alternative f\u00fcr Deutschland (Afd) in Th\u00fcringen. Zum ersten Mal seit dem\" \/>\n<meta property=\"og:url\" content=\"https:\/\/www.strassenweb.de\/nachrichten\/der-historische-sieg-der-rechtsextremen-der-schluessel-zum-aufstieg-der-afd-in-deutschland-bjoern-hoecke-und-sein-sieg-in-thueringen\/\" \/>\n<meta property=\"og:site_name\" content=\"Stra\u00dfenweb\" \/>\n<meta property=\"article:publisher\" content=\"https:\/\/www.facebook.com\/strassenweb\/\" \/>\n<meta property=\"article:published_time\" content=\"2024-09-26T04:46:42+00:00\" \/>\n<meta property=\"article:modified_time\" content=\"2024-09-26T04:46:44+00:00\" \/>\n<meta property=\"og:image\" content=\"https:\/\/www.strassenweb.de\/nachrichten\/wp-content\/uploads\/2024\/09\/Der-historische-Sieg-der-Rechtsextremen-Der-Schluessel-zum-Aufstieg-der.jpg\" \/>\n\t<meta property=\"og:image:width\" content=\"1280\" \/>\n\t<meta property=\"og:image:height\" content=\"720\" \/>\n\t<meta property=\"og:image:type\" content=\"image\/jpeg\" \/>\n<meta name=\"author\" content=\"Robert Hoffmann\" \/>\n<meta name=\"twitter:card\" content=\"summary_large_image\" \/>\n<meta name=\"twitter:label1\" content=\"Verfasst von\" \/>\n\t<meta name=\"twitter:data1\" content=\"Robert Hoffmann\" \/>\n\t<meta name=\"twitter:label2\" content=\"Gesch\u00e4tzte Lesezeit\" \/>\n\t<meta name=\"twitter:data2\" content=\"2\u00a0Minuten\" \/>\n<script type=\"application\/ld+json\" class=\"yoast-schema-graph\">{\"@context\":\"https:\\\/\\\/schema.org\",\"@graph\":[{\"@type\":\"Article\",\"@id\":\"https:\\\/\\\/www.strassenweb.de\\\/nachrichten\\\/der-historische-sieg-der-rechtsextremen-der-schluessel-zum-aufstieg-der-afd-in-deutschland-bjoern-hoecke-und-sein-sieg-in-thueringen\\\/#article\",\"isPartOf\":{\"@id\":\"https:\\\/\\\/www.strassenweb.de\\\/nachrichten\\\/der-historische-sieg-der-rechtsextremen-der-schluessel-zum-aufstieg-der-afd-in-deutschland-bjoern-hoecke-und-sein-sieg-in-thueringen\\\/\"},\"author\":{\"name\":\"Robert Hoffmann\",\"@id\":\"https:\\\/\\\/www.strassenweb.de\\\/nachrichten\\\/#\\\/schema\\\/person\\\/87c9c9067f1211da429a744dc5a5aa41\"},\"headline\":\"Der historische Sieg der Rechtsextremen Der Schl\u00fcssel zum Aufstieg der AfD in Deutschland: Bj\u00f6rn H\u00f6cke und sein Sieg in Th\u00fcringen\",\"datePublished\":\"2024-09-26T04:46:42+00:00\",\"dateModified\":\"2024-09-26T04:46:44+00:00\",\"mainEntityOfPage\":{\"@id\":\"https:\\\/\\\/www.strassenweb.de\\\/nachrichten\\\/der-historische-sieg-der-rechtsextremen-der-schluessel-zum-aufstieg-der-afd-in-deutschland-bjoern-hoecke-und-sein-sieg-in-thueringen\\\/\"},\"wordCount\":486,\"publisher\":{\"@id\":\"https:\\\/\\\/www.strassenweb.de\\\/nachrichten\\\/#organization\"},\"image\":{\"@id\":\"https:\\\/\\\/www.strassenweb.de\\\/nachrichten\\\/der-historische-sieg-der-rechtsextremen-der-schluessel-zum-aufstieg-der-afd-in-deutschland-bjoern-hoecke-und-sein-sieg-in-thueringen\\\/#primaryimage\"},\"thumbnailUrl\":\"https:\\\/\\\/www.strassenweb.de\\\/nachrichten\\\/wp-content\\\/uploads\\\/2024\\\/09\\\/Der-historische-Sieg-der-Rechtsextremen-Der-Schluessel-zum-Aufstieg-der.jpg\",\"keywords\":[\"AfD\",\"Aufstieg\",\"Bj\u00f6rn\",\"der\",\"Deutschland\",\"historische\",\"H\u00f6cke\",\"Rechtsextremen\",\"Schl\u00fcssel\",\"sein\",\"Sieg\",\"Th\u00fcringen\",\"und\",\"zum\"],\"articleSection\":[\"Aktuelle Nachrichten\"],\"inLanguage\":\"de\"},{\"@type\":\"WebPage\",\"@id\":\"https:\\\/\\\/www.strassenweb.de\\\/nachrichten\\\/der-historische-sieg-der-rechtsextremen-der-schluessel-zum-aufstieg-der-afd-in-deutschland-bjoern-hoecke-und-sein-sieg-in-thueringen\\\/\",\"url\":\"https:\\\/\\\/www.strassenweb.de\\\/nachrichten\\\/der-historische-sieg-der-rechtsextremen-der-schluessel-zum-aufstieg-der-afd-in-deutschland-bjoern-hoecke-und-sein-sieg-in-thueringen\\\/\",\"name\":\"Der historische Sieg der Rechtsextremen Der Schl\u00fcssel zum Aufstieg der AfD in Deutschland: Bj\u00f6rn H\u00f6cke und sein Sieg in Th\u00fcringen - Nachrichten - Stra\u00dfenweb\",\"isPartOf\":{\"@id\":\"https:\\\/\\\/www.strassenweb.de\\\/nachrichten\\\/#website\"},\"primaryImageOfPage\":{\"@id\":\"https:\\\/\\\/www.strassenweb.de\\\/nachrichten\\\/der-historische-sieg-der-rechtsextremen-der-schluessel-zum-aufstieg-der-afd-in-deutschland-bjoern-hoecke-und-sein-sieg-in-thueringen\\\/#primaryimage\"},\"image\":{\"@id\":\"https:\\\/\\\/www.strassenweb.de\\\/nachrichten\\\/der-historische-sieg-der-rechtsextremen-der-schluessel-zum-aufstieg-der-afd-in-deutschland-bjoern-hoecke-und-sein-sieg-in-thueringen\\\/#primaryimage\"},\"thumbnailUrl\":\"https:\\\/\\\/www.strassenweb.de\\\/nachrichten\\\/wp-content\\\/uploads\\\/2024\\\/09\\\/Der-historische-Sieg-der-Rechtsextremen-Der-Schluessel-zum-Aufstieg-der.jpg\",\"datePublished\":\"2024-09-26T04:46:42+00:00\",\"dateModified\":\"2024-09-26T04:46:44+00:00\",\"breadcrumb\":{\"@id\":\"https:\\\/\\\/www.strassenweb.de\\\/nachrichten\\\/der-historische-sieg-der-rechtsextremen-der-schluessel-zum-aufstieg-der-afd-in-deutschland-bjoern-hoecke-und-sein-sieg-in-thueringen\\\/#breadcrumb\"},\"inLanguage\":\"de\",\"potentialAction\":[{\"@type\":\"ReadAction\",\"target\":[\"https:\\\/\\\/www.strassenweb.de\\\/nachrichten\\\/der-historische-sieg-der-rechtsextremen-der-schluessel-zum-aufstieg-der-afd-in-deutschland-bjoern-hoecke-und-sein-sieg-in-thueringen\\\/\"]}]},{\"@type\":\"ImageObject\",\"inLanguage\":\"de\",\"@id\":\"https:\\\/\\\/www.strassenweb.de\\\/nachrichten\\\/der-historische-sieg-der-rechtsextremen-der-schluessel-zum-aufstieg-der-afd-in-deutschland-bjoern-hoecke-und-sein-sieg-in-thueringen\\\/#primaryimage\",\"url\":\"https:\\\/\\\/www.strassenweb.de\\\/nachrichten\\\/wp-content\\\/uploads\\\/2024\\\/09\\\/Der-historische-Sieg-der-Rechtsextremen-Der-Schluessel-zum-Aufstieg-der.jpg\",\"contentUrl\":\"https:\\\/\\\/www.strassenweb.de\\\/nachrichten\\\/wp-content\\\/uploads\\\/2024\\\/09\\\/Der-historische-Sieg-der-Rechtsextremen-Der-Schluessel-zum-Aufstieg-der.jpg\",\"width\":1280,\"height\":720,\"caption\":\"Der historische Sieg der Rechtsextremen Der Schl\u00fcssel zum Aufstieg der AfD in Deutschland: Bj\u00f6rn H\u00f6cke und sein Sieg in Th\u00fcringen\"},{\"@type\":\"BreadcrumbList\",\"@id\":\"https:\\\/\\\/www.strassenweb.de\\\/nachrichten\\\/der-historische-sieg-der-rechtsextremen-der-schluessel-zum-aufstieg-der-afd-in-deutschland-bjoern-hoecke-und-sein-sieg-in-thueringen\\\/#breadcrumb\",\"itemListElement\":[{\"@type\":\"ListItem\",\"position\":1,\"name\":\"Home\",\"item\":\"https:\\\/\\\/www.strassenweb.de\\\/nachrichten\\\/\"},{\"@type\":\"ListItem\",\"position\":2,\"name\":\"Der historische Sieg der Rechtsextremen Der Schl\u00fcssel zum Aufstieg der AfD in Deutschland: Bj\u00f6rn H\u00f6cke und sein Sieg in Th\u00fcringen\"}]},{\"@type\":\"WebSite\",\"@id\":\"https:\\\/\\\/www.strassenweb.de\\\/nachrichten\\\/#website\",\"url\":\"https:\\\/\\\/www.strassenweb.de\\\/nachrichten\\\/\",\"name\":\"Stra\u00dfenweb\",\"description\":\"Stra\u00dfenverzeichnis f\u00fcr Deutschland\",\"publisher\":{\"@id\":\"https:\\\/\\\/www.strassenweb.de\\\/nachrichten\\\/#organization\"},\"potentialAction\":[{\"@type\":\"SearchAction\",\"target\":{\"@type\":\"EntryPoint\",\"urlTemplate\":\"https:\\\/\\\/www.strassenweb.de\\\/nachrichten\\\/?s={search_term_string}\"},\"query-input\":{\"@type\":\"PropertyValueSpecification\",\"valueRequired\":true,\"valueName\":\"search_term_string\"}}],\"inLanguage\":\"de\"},{\"@type\":\"Organization\",\"@id\":\"https:\\\/\\\/www.strassenweb.de\\\/nachrichten\\\/#organization\",\"name\":\"Stra\u00dfenweb\",\"url\":\"https:\\\/\\\/www.strassenweb.de\\\/nachrichten\\\/\",\"logo\":{\"@type\":\"ImageObject\",\"inLanguage\":\"de\",\"@id\":\"https:\\\/\\\/www.strassenweb.de\\\/nachrichten\\\/#\\\/schema\\\/logo\\\/image\\\/\",\"url\":\"https:\\\/\\\/www.strassenweb.de\\\/nachrichten\\\/wp-content\\\/uploads\\\/2024\\\/09\\\/cropped-favicon.png\",\"contentUrl\":\"https:\\\/\\\/www.strassenweb.de\\\/nachrichten\\\/wp-content\\\/uploads\\\/2024\\\/09\\\/cropped-favicon.png\",\"width\":512,\"height\":512,\"caption\":\"Stra\u00dfenweb\"},\"image\":{\"@id\":\"https:\\\/\\\/www.strassenweb.de\\\/nachrichten\\\/#\\\/schema\\\/logo\\\/image\\\/\"},\"sameAs\":[\"https:\\\/\\\/www.facebook.com\\\/strassenweb\\\/\"]},{\"@type\":\"Person\",\"@id\":\"https:\\\/\\\/www.strassenweb.de\\\/nachrichten\\\/#\\\/schema\\\/person\\\/87c9c9067f1211da429a744dc5a5aa41\",\"name\":\"Robert Hoffmann\",\"image\":{\"@type\":\"ImageObject\",\"inLanguage\":\"de\",\"@id\":\"https:\\\/\\\/www.strassenweb.de\\\/nachrichten\\\/wp-content\\\/uploads\\\/2024\\\/09\\\/strassenweb-150x150.jpg\",\"url\":\"https:\\\/\\\/www.strassenweb.de\\\/nachrichten\\\/wp-content\\\/uploads\\\/2024\\\/09\\\/strassenweb-150x150.jpg\",\"contentUrl\":\"https:\\\/\\\/www.strassenweb.de\\\/nachrichten\\\/wp-content\\\/uploads\\\/2024\\\/09\\\/strassenweb-150x150.jpg\",\"caption\":\"Robert Hoffmann\"},\"description\":\"Ich hei\u00dfe Robert Hoffmann und ich bin ein leidenschaftlicher Verfechter von \u00d6kologie und Biodiversit\u00e4t. Seit meiner Kindheit in den W\u00e4ldern Bayerns f\u00fchle ich mich mit der Natur verbunden und bin entschlossen, sie zu sch\u00fctzen. Heute widme ich mein Leben der Sensibilisierung anderer f\u00fcr die Bedeutung des Umweltschutzes f\u00fcr zuk\u00fcnftige Generationen.\",\"sameAs\":[\"https:\\\/\\\/www.strassenweb.de\\\/\"]}]}<\/script>\n<!-- \/ Yoast SEO plugin. -->","yoast_head_json":{"title":"Der historische Sieg der Rechtsextremen Der Schl\u00fcssel zum Aufstieg der AfD in Deutschland: Bj\u00f6rn H\u00f6cke und sein Sieg in Th\u00fcringen - Nachrichten - Stra\u00dfenweb","robots":{"index":"index","follow":"follow","max-snippet":"max-snippet:-1","max-image-preview":"max-image-preview:large","max-video-preview":"max-video-preview:-1"},"canonical":"https:\/\/www.strassenweb.de\/nachrichten\/der-historische-sieg-der-rechtsextremen-der-schluessel-zum-aufstieg-der-afd-in-deutschland-bjoern-hoecke-und-sein-sieg-in-thueringen\/","og_locale":"de_DE","og_type":"article","og_title":"Der historische Sieg der Rechtsextremen Der Schl\u00fcssel zum Aufstieg der AfD in Deutschland: Bj\u00f6rn H\u00f6cke und sein Sieg in Th\u00fcringen - Nachrichten - Stra\u00dfenweb","og_description":"Der Aufstieg der extremen Rechten in Deutschland hat mit dem Wahlsieg seinen H\u00f6hepunkt erreicht Alternative f\u00fcr Deutschland (Afd) in Th\u00fcringen. Zum ersten Mal seit dem","og_url":"https:\/\/www.strassenweb.de\/nachrichten\/der-historische-sieg-der-rechtsextremen-der-schluessel-zum-aufstieg-der-afd-in-deutschland-bjoern-hoecke-und-sein-sieg-in-thueringen\/","og_site_name":"Stra\u00dfenweb","article_publisher":"https:\/\/www.facebook.com\/strassenweb\/","article_published_time":"2024-09-26T04:46:42+00:00","article_modified_time":"2024-09-26T04:46:44+00:00","og_image":[{"width":1280,"height":720,"url":"https:\/\/www.strassenweb.de\/nachrichten\/wp-content\/uploads\/2024\/09\/Der-historische-Sieg-der-Rechtsextremen-Der-Schluessel-zum-Aufstieg-der.jpg","type":"image\/jpeg"}],"author":"Robert Hoffmann","twitter_card":"summary_large_image","twitter_misc":{"Verfasst von":"Robert Hoffmann","Gesch\u00e4tzte Lesezeit":"2\u00a0Minuten"},"schema":{"@context":"https:\/\/schema.org","@graph":[{"@type":"Article","@id":"https:\/\/www.strassenweb.de\/nachrichten\/der-historische-sieg-der-rechtsextremen-der-schluessel-zum-aufstieg-der-afd-in-deutschland-bjoern-hoecke-und-sein-sieg-in-thueringen\/#article","isPartOf":{"@id":"https:\/\/www.strassenweb.de\/nachrichten\/der-historische-sieg-der-rechtsextremen-der-schluessel-zum-aufstieg-der-afd-in-deutschland-bjoern-hoecke-und-sein-sieg-in-thueringen\/"},"author":{"name":"Robert Hoffmann","@id":"https:\/\/www.strassenweb.de\/nachrichten\/#\/schema\/person\/87c9c9067f1211da429a744dc5a5aa41"},"headline":"Der historische Sieg der Rechtsextremen Der Schl\u00fcssel zum Aufstieg der AfD in Deutschland: Bj\u00f6rn H\u00f6cke und sein Sieg in Th\u00fcringen","datePublished":"2024-09-26T04:46:42+00:00","dateModified":"2024-09-26T04:46:44+00:00","mainEntityOfPage":{"@id":"https:\/\/www.strassenweb.de\/nachrichten\/der-historische-sieg-der-rechtsextremen-der-schluessel-zum-aufstieg-der-afd-in-deutschland-bjoern-hoecke-und-sein-sieg-in-thueringen\/"},"wordCount":486,"publisher":{"@id":"https:\/\/www.strassenweb.de\/nachrichten\/#organization"},"image":{"@id":"https:\/\/www.strassenweb.de\/nachrichten\/der-historische-sieg-der-rechtsextremen-der-schluessel-zum-aufstieg-der-afd-in-deutschland-bjoern-hoecke-und-sein-sieg-in-thueringen\/#primaryimage"},"thumbnailUrl":"https:\/\/www.strassenweb.de\/nachrichten\/wp-content\/uploads\/2024\/09\/Der-historische-Sieg-der-Rechtsextremen-Der-Schluessel-zum-Aufstieg-der.jpg","keywords":["AfD","Aufstieg","Bj\u00f6rn","der","Deutschland","historische","H\u00f6cke","Rechtsextremen","Schl\u00fcssel","sein","Sieg","Th\u00fcringen","und","zum"],"articleSection":["Aktuelle Nachrichten"],"inLanguage":"de"},{"@type":"WebPage","@id":"https:\/\/www.strassenweb.de\/nachrichten\/der-historische-sieg-der-rechtsextremen-der-schluessel-zum-aufstieg-der-afd-in-deutschland-bjoern-hoecke-und-sein-sieg-in-thueringen\/","url":"https:\/\/www.strassenweb.de\/nachrichten\/der-historische-sieg-der-rechtsextremen-der-schluessel-zum-aufstieg-der-afd-in-deutschland-bjoern-hoecke-und-sein-sieg-in-thueringen\/","name":"Der historische Sieg der Rechtsextremen Der Schl\u00fcssel zum Aufstieg der AfD in Deutschland: Bj\u00f6rn H\u00f6cke und sein Sieg in Th\u00fcringen - Nachrichten - Stra\u00dfenweb","isPartOf":{"@id":"https:\/\/www.strassenweb.de\/nachrichten\/#website"},"primaryImageOfPage":{"@id":"https:\/\/www.strassenweb.de\/nachrichten\/der-historische-sieg-der-rechtsextremen-der-schluessel-zum-aufstieg-der-afd-in-deutschland-bjoern-hoecke-und-sein-sieg-in-thueringen\/#primaryimage"},"image":{"@id":"https:\/\/www.strassenweb.de\/nachrichten\/der-historische-sieg-der-rechtsextremen-der-schluessel-zum-aufstieg-der-afd-in-deutschland-bjoern-hoecke-und-sein-sieg-in-thueringen\/#primaryimage"},"thumbnailUrl":"https:\/\/www.strassenweb.de\/nachrichten\/wp-content\/uploads\/2024\/09\/Der-historische-Sieg-der-Rechtsextremen-Der-Schluessel-zum-Aufstieg-der.jpg","datePublished":"2024-09-26T04:46:42+00:00","dateModified":"2024-09-26T04:46:44+00:00","breadcrumb":{"@id":"https:\/\/www.strassenweb.de\/nachrichten\/der-historische-sieg-der-rechtsextremen-der-schluessel-zum-aufstieg-der-afd-in-deutschland-bjoern-hoecke-und-sein-sieg-in-thueringen\/#breadcrumb"},"inLanguage":"de","potentialAction":[{"@type":"ReadAction","target":["https:\/\/www.strassenweb.de\/nachrichten\/der-historische-sieg-der-rechtsextremen-der-schluessel-zum-aufstieg-der-afd-in-deutschland-bjoern-hoecke-und-sein-sieg-in-thueringen\/"]}]},{"@type":"ImageObject","inLanguage":"de","@id":"https:\/\/www.strassenweb.de\/nachrichten\/der-historische-sieg-der-rechtsextremen-der-schluessel-zum-aufstieg-der-afd-in-deutschland-bjoern-hoecke-und-sein-sieg-in-thueringen\/#primaryimage","url":"https:\/\/www.strassenweb.de\/nachrichten\/wp-content\/uploads\/2024\/09\/Der-historische-Sieg-der-Rechtsextremen-Der-Schluessel-zum-Aufstieg-der.jpg","contentUrl":"https:\/\/www.strassenweb.de\/nachrichten\/wp-content\/uploads\/2024\/09\/Der-historische-Sieg-der-Rechtsextremen-Der-Schluessel-zum-Aufstieg-der.jpg","width":1280,"height":720,"caption":"Der historische Sieg der Rechtsextremen Der Schl\u00fcssel zum Aufstieg der AfD in Deutschland: Bj\u00f6rn H\u00f6cke und sein Sieg in Th\u00fcringen"},{"@type":"BreadcrumbList","@id":"https:\/\/www.strassenweb.de\/nachrichten\/der-historische-sieg-der-rechtsextremen-der-schluessel-zum-aufstieg-der-afd-in-deutschland-bjoern-hoecke-und-sein-sieg-in-thueringen\/#breadcrumb","itemListElement":[{"@type":"ListItem","position":1,"name":"Home","item":"https:\/\/www.strassenweb.de\/nachrichten\/"},{"@type":"ListItem","position":2,"name":"Der historische Sieg der Rechtsextremen Der Schl\u00fcssel zum Aufstieg der AfD in Deutschland: Bj\u00f6rn H\u00f6cke und sein Sieg in Th\u00fcringen"}]},{"@type":"WebSite","@id":"https:\/\/www.strassenweb.de\/nachrichten\/#website","url":"https:\/\/www.strassenweb.de\/nachrichten\/","name":"Stra\u00dfenweb","description":"Stra\u00dfenverzeichnis f\u00fcr Deutschland","publisher":{"@id":"https:\/\/www.strassenweb.de\/nachrichten\/#organization"},"potentialAction":[{"@type":"SearchAction","target":{"@type":"EntryPoint","urlTemplate":"https:\/\/www.strassenweb.de\/nachrichten\/?s={search_term_string}"},"query-input":{"@type":"PropertyValueSpecification","valueRequired":true,"valueName":"search_term_string"}}],"inLanguage":"de"},{"@type":"Organization","@id":"https:\/\/www.strassenweb.de\/nachrichten\/#organization","name":"Stra\u00dfenweb","url":"https:\/\/www.strassenweb.de\/nachrichten\/","logo":{"@type":"ImageObject","inLanguage":"de","@id":"https:\/\/www.strassenweb.de\/nachrichten\/#\/schema\/logo\/image\/","url":"https:\/\/www.strassenweb.de\/nachrichten\/wp-content\/uploads\/2024\/09\/cropped-favicon.png","contentUrl":"https:\/\/www.strassenweb.de\/nachrichten\/wp-content\/uploads\/2024\/09\/cropped-favicon.png","width":512,"height":512,"caption":"Stra\u00dfenweb"},"image":{"@id":"https:\/\/www.strassenweb.de\/nachrichten\/#\/schema\/logo\/image\/"},"sameAs":["https:\/\/www.facebook.com\/strassenweb\/"]},{"@type":"Person","@id":"https:\/\/www.strassenweb.de\/nachrichten\/#\/schema\/person\/87c9c9067f1211da429a744dc5a5aa41","name":"Robert Hoffmann","image":{"@type":"ImageObject","inLanguage":"de","@id":"https:\/\/www.strassenweb.de\/nachrichten\/wp-content\/uploads\/2024\/09\/strassenweb-150x150.jpg","url":"https:\/\/www.strassenweb.de\/nachrichten\/wp-content\/uploads\/2024\/09\/strassenweb-150x150.jpg","contentUrl":"https:\/\/www.strassenweb.de\/nachrichten\/wp-content\/uploads\/2024\/09\/strassenweb-150x150.jpg","caption":"Robert Hoffmann"},"description":"Ich hei\u00dfe Robert Hoffmann und ich bin ein leidenschaftlicher Verfechter von \u00d6kologie und Biodiversit\u00e4t. Seit meiner Kindheit in den W\u00e4ldern Bayerns f\u00fchle ich mich mit der Natur verbunden und bin entschlossen, sie zu sch\u00fctzen. Heute widme ich mein Leben der Sensibilisierung anderer f\u00fcr die Bedeutung des Umweltschutzes f\u00fcr zuk\u00fcnftige Generationen.","sameAs":["https:\/\/www.strassenweb.de\/"]}]}},"_links":{"self":[{"href":"https:\/\/www.strassenweb.de\/nachrichten\/wp-json\/wp\/v2\/posts\/261","targetHints":{"allow":["GET"]}}],"collection":[{"href":"https:\/\/www.strassenweb.de\/nachrichten\/wp-json\/wp\/v2\/posts"}],"about":[{"href":"https:\/\/www.strassenweb.de\/nachrichten\/wp-json\/wp\/v2\/types\/post"}],"author":[{"embeddable":true,"href":"https:\/\/www.strassenweb.de\/nachrichten\/wp-json\/wp\/v2\/users\/1"}],"replies":[{"embeddable":true,"href":"https:\/\/www.strassenweb.de\/nachrichten\/wp-json\/wp\/v2\/comments?post=261"}],"version-history":[{"count":0,"href":"https:\/\/www.strassenweb.de\/nachrichten\/wp-json\/wp\/v2\/posts\/261\/revisions"}],"wp:featuredmedia":[{"embeddable":true,"href":"https:\/\/www.strassenweb.de\/nachrichten\/wp-json\/wp\/v2\/media\/262"}],"wp:attachment":[{"href":"https:\/\/www.strassenweb.de\/nachrichten\/wp-json\/wp\/v2\/media?parent=261"}],"wp:term":[{"taxonomy":"category","embeddable":true,"href":"https:\/\/www.strassenweb.de\/nachrichten\/wp-json\/wp\/v2\/categories?post=261"},{"taxonomy":"post_tag","embeddable":true,"href":"https:\/\/www.strassenweb.de\/nachrichten\/wp-json\/wp\/v2\/tags?post=261"}],"curies":[{"name":"wp","href":"https:\/\/api.w.org\/{rel}","templated":true}]}}