{"id":2589,"date":"2025-01-08T23:39:50","date_gmt":"2025-01-08T22:39:50","guid":{"rendered":"https:\/\/www.strassenweb.de\/nachrichten\/diese-6-cosy-cabin-farben-von-benjamin-moore-decken-ihre-winterlichen-dekorationsideen-ab\/"},"modified":"2025-01-08T23:39:52","modified_gmt":"2025-01-08T22:39:52","slug":"diese-6-cosy-cabin-farben-von-benjamin-moore-decken-ihre-winterlichen-dekorationsideen-ab","status":"publish","type":"post","link":"https:\/\/www.strassenweb.de\/nachrichten\/diese-6-cosy-cabin-farben-von-benjamin-moore-decken-ihre-winterlichen-dekorationsideen-ab\/","title":{"rendered":"Diese 6 \u201eCosy Cabin\u201c-Farben von Benjamin Moore decken Ihre winterlichen Dekorationsideen ab"},"content":{"rendered":"<p><\/p>\n<div id=\"article-body\" class=\"article__body \">\n<p>F\u00fcr viele von uns bringt der Beginn des neuen Jahres den Wunsch mit sich, unser Zuhause mit einer neuen Farbgebung neu zu gestalten. W\u00e4hrend die satten und w\u00e4rmenden Farbt\u00f6ne, die an die festliche Jahreszeit erinnern, aufdringlich wirken k\u00f6nnen; Ein frisches, k\u00fchleres Farbschema kann zur Feier des neuen Jahres verlockend wirken.<\/p>\n<div id=\"ad-unit-1\" class=\"ad-unit\"><\/div>\n<p>Allerdings ist die Welt der Farben riesig und es ist nicht immer so einfach, bei der Auswahl der richtigen Farbt\u00f6ne zu wissen, wo man anfangen soll. Zum Gl\u00fcck hat uns Benjamin Moore mit seiner neuesten Farbpalette abgedeckt, die von der Attraktivit\u00e4t gem\u00fctlicher H\u00fctten inspiriert ist.<\/p>\n<aside class=\"hawk-nest\" data-block-type=\"embed\" data-render-type=\"fte\" data-skip=\"dealsy\" data-widget-type=\"seasonal\">\n<div class=\"hawk-master-widget-hawk-base-wrapper\"><\/div>\n<\/aside>\n<p>Diese einladenden, aber dennoch frischen und zur\u00fcckhaltenden Farben reichen von Neutralt\u00f6nen bis hin zu k\u00fchlen Blaut\u00f6nen und passen gut zu winterlichen Dekorationsideen. Lesen Sie weiter, um alles \u00fcber die einzelnen Farben der Palette zu erfahren.<\/p>\n<div id=\"desktop-in-article\" class=\"in-article ad-unit\">\n<div id=\"desktop-taboola-mid-article\"><\/div>\n<\/div>\n<div id=\"mobile-in-article\" class=\"in-article ad-unit\">\n<div id=\"mobile-taboola-mid-article\"><\/div>\n<\/div>\n<div class=\"instagram-embed\">\n<blockquote class=\"instagram-media\" data-instgrm-captioned data-instgrm-version=\"6\" style=\"width:99.375%; width:-webkit-calc(100% - 2px); width:calc(100% - 2px);\">\n<p>Ein von Benjamin Moore (@benjaminmoore) geteilter Beitrag<\/p>\n<p>Ein Foto gepostet von am <\/p>\n<\/blockquote>\n<\/div>\n<h3 class=\"article-body__section\" id=\"section-1-white-heron\"><span>1. Wei\u00dfer Reiher<\/span><\/h3>\n<figure class=\"van-image-figure inline-layout \" data-bordeaux-image-check>\n<div class=\"image-full-width-wrapper\">\n<div class=\"image-widthsetter\" style=\"max-width:2000px;\"><\/div>\n<\/div>\n<\/figure>\n<p>\u201eWhite Heron ist ein klassisches helles Wei\u00df mit einem leicht k\u00fchlen Farbton\u201c, erkl\u00e4rt Helen Shaw, Marketingleiterin (International) bei Benjamin Moore. \u201eDieser winterliche Farbton ist \u00e4u\u00dferst vielseitig und eignet sich gut, um Decken und Holzarbeiten einen Hauch winterlicher Frische zu verleihen und gleichzeitig mit der von Ihnen gew\u00e4hlten Wandfarbe zu harmonieren.\u201c Seine leicht blauen Untert\u00f6ne sorgen f\u00fcr ein moderneres Gef\u00fchl und eignen sich besonders f\u00fcr R\u00e4ume mit viel nat\u00fcrlichem Licht, um eine weiche, beruhigende Atmosph\u00e4re zu schaffen.\u201c<\/p>\n<div class=\"van_vid_carousel\">\n<div class=\"van_vid_carousel__padding\">\n<div class=\"van_vid_carousel__container\"><\/div>\n<\/div>\n<\/div>\n<p>W\u00e4hrend Farbtrends in letzter Zeit wei\u00dfe Farben mit warmen Untert\u00f6nen bevorzugen, k\u00f6nnen k\u00fchlere Optionen wie White Heron f\u00fcr ein viel frischeres und helleres Aussehen sorgen und eignen sich besonders gut f\u00fcr k\u00fchle Farbschemata.<\/p>\n<div id=\"ad-unit-2\" class=\"ad-unit\"><\/div>\n<h3 class=\"article-body__section\" id=\"section-2-cascade-white\"><span>2. Kaskadenwei\u00df<\/span><\/h3>\n<figure class=\"van-image-figure inline-layout \" data-bordeaux-image-check>\n<div class=\"image-full-width-wrapper\">\n<div class=\"image-widthsetter\" style=\"max-width:2000px;\"><\/div>\n<\/div>\n<\/figure>\n<p>Wenn Sie noch tiefer in die Welt der k\u00fchlen und klaren wei\u00dfen Farben eintauchen m\u00f6chten, bietet sich Cascade White mit markanten blauen Untert\u00f6nen an, die ihm ein winterliches Gef\u00fchl verleihen und sich gut mit blauen Farben kombinieren lassen.<\/p>\n<p>\u201eCascade White ist ein beruhigendes Wei\u00df mit eisblauen und grauen Untert\u00f6nen und die perfekte Akzentfarbe f\u00fcr gem\u00fctliche Kabinengestaltung\u201c, erkl\u00e4rt Helen. \u201eFrisch und klar, passt es besonders gut zu einem satten und dunklen Blaugrau wie Wolf Grey f\u00fcr ein monochromatisches Farbschema, das raffiniert und dennoch einh\u00fcllend ist.\u201c<\/p>\n<h3 class=\"article-body__section\" id=\"section-3-philipsburg-blue\"><span>3. Philipsburg-Blau<\/span><\/h3>\n<figure class=\"van-image-figure inline-layout \" data-bordeaux-image-check>\n<div class=\"image-full-width-wrapper\">\n<div class=\"image-widthsetter\" style=\"max-width:2000px;\"><\/div>\n<\/div>\n<\/figure>\n<p>M\u00f6chten Sie diesen Winter ein dunkleres, stimmungsvolleres Farbschema kreieren? Philipsburg Blue ist ein ged\u00e4mpftes Blaugrau mit zeitloser Ausstrahlung, das auf der Veranda dieses Hauses verwendet wird.<\/p>\n<p>\u201ePhilipsburg Blue ist ein Farbton, der Bilder von stillem Wasser in der D\u00e4mmerung heraufbeschw\u00f6rt. Er sorgt f\u00fcr eine beruhigende Atmosph\u00e4re in den k\u00e4lteren Monaten und eignet sich perfekt f\u00fcr ein Schlaf- oder Wohnzimmer, in dem man es sich gem\u00fctlich machen kann, wenn die Abende hereinbrechen\u201c, sagt Helen. \u201eKombinieren Sie es mit einer Akzentfarbe wie Terrakotta oder dunklem Beige, um diesem graublauen Farbton W\u00e4rme zu verleihen.\u201c<\/p>\n<h3 class=\"article-body__section\" id=\"section-4-jack-pine\"><span>4. Jack Pine<\/span><\/h3>\n<figure class=\"van-image-figure inline-layout \" data-bordeaux-image-check>\n<div class=\"image-full-width-wrapper\">\n<div class=\"image-widthsetter\" style=\"max-width:2000px;\"><\/div>\n<\/div>\n<\/figure>\n<p>Wenn es darum geht, in den Wintermonaten mit Gr\u00fcn zu dekorieren, entscheiden Sie sich f\u00fcr ged\u00e4mpfte Gr\u00fcnt\u00f6ne, die k\u00fchler und im Einklang mit den Jahreszeiten wirken k\u00f6nnen, wie zum Beispiel Jack Pine von Benjamin Moore.<\/p>\n<p>\u201eJack Pine ist ein h\u00fcbsches Gr\u00fcn mit einem sanft ged\u00e4mpften Schimmer und einem Hauch Blau, der f\u00fcr eine erfrischende Note sorgt\u201c, erkl\u00e4rt Helen. \u201eEs erinnert an Kiefern, was es zu einem Publikumsliebling f\u00fcr gem\u00fctliche, l\u00e4ndliche \u00c4sthetik macht und wunderbar mit Holzakzenten in der K\u00fcche oder samtweichen M\u00f6beln im Wohnzimmer harmoniert.\u201c<\/p>\n<h3 class=\"article-body__section\" id=\"section-5-iron-gate\"><span>5. Eisernes Tor<\/span><\/h3>\n<figure class=\"van-image-figure inline-layout \" data-bordeaux-image-check>\n<div class=\"image-full-width-wrapper\">\n<div class=\"image-widthsetter\" style=\"max-width:2000px;\"><\/div>\n<\/div>\n<\/figure>\n<p>F\u00fcr diejenigen, die eher dazu neigen, mit w\u00e4rmeren Farben zu dekorieren, passt Iron Gate von Benjamin Moore das ganze Jahr \u00fcber: ein Graubraun, das dem Zuhause Tiefe verleiht.<\/p>\n<p>\u201eDie braunen Untert\u00f6ne von Iron Gate sind ein sattes, warmes Taupe und gehen \u00fcber das Grundgrau hinaus\u201c, teilt Helen mit. \u201eDieser erdige, erdende Farbton h\u00fcllt jeden Raum in W\u00e4rme und sorgt f\u00fcr eine perfekte Balance zwischen rustikalem Charme und moderner Raffinesse.\u201c Es passt wunderbar zum sanften Schein von Lampen und Kerzen in einem Wohn- oder Esszimmer und h\u00fcllt den Raum in eine kokonartige Atmosph\u00e4re. \u00dcberlagern Sie den Look mit nat\u00fcrlichen Materialien und kombinieren Sie ihn mit Komplement\u00e4rfarben wie Altrosa, um die Sinne zu beruhigen.\u201c<\/p>\n<h3 class=\"article-body__section\" id=\"section-6-black-bean-soup\"><span>6. Schwarze Bohnensuppe<\/span><\/h3>\n<figure class=\"van-image-figure inline-layout \" data-bordeaux-image-check>\n<div class=\"image-full-width-wrapper\">\n<div class=\"image-widthsetter\" style=\"max-width:2000px;\"><\/div>\n<\/div>\n<\/figure>\n<p>Schwarze Farben sind unglaublich auff\u00e4llig, k\u00f6nnen aber zu den effektivsten geh\u00f6ren, wenn Sie ein Statement setzen m\u00f6chten. Denken Sie diesen Winter an die schwarze Bohnensuppe von Benjamin Moore, die dank ihrer Braunt\u00f6ne nicht zu hart wirkt.<\/p>\n<p>\u201eBlack Bean Soup ist ein sattes Schwarz mit braunen Untert\u00f6nen, das ein starkes Gef\u00fchl von Sicherheit, Geborgenheit und Frieden vermittelt\u201c, sagt Helen. \u201eF\u00fcr R\u00e4ume, die einen kr\u00e4ftigeren Neutralton ben\u00f6tigen, um W\u00e4rme zu erzeugen, ist es die perfekte Wahl.\u201c Es bietet einen starken Blickfang in allen R\u00e4umen des Hauses \u2013 von gem\u00fctlichen Stuben bis hin zu luxuri\u00f6sen K\u00fcchen. Um ein starkes Statement zu setzen, tragen Sie es in einem umfassenden, vom Boden bis zur Decke reichenden Finish auf. Werten Sie diesen Look mit edlen M\u00f6beln wie Samt, Lampen und Kerzen auf, um den ultimativen Winterurlaub zu schaffen.\u201c<\/p>\n<hr>\n<p>Ganz gleich, welcher Raum in Ihrem Zuhause diesen Januar eine Auffrischung ben\u00f6tigt, Sie k\u00f6nnen sich von diesen Benjamin Moore-Farben inspirieren lassen, die sowohl gem\u00fctlich als auch frisch sind.<\/p>\n<\/div>\n<p><script async src=\"\/\/www.instagram.com\/embed.js\"><\/script><\/p>\n","protected":false},"excerpt":{"rendered":"<p>F\u00fcr viele von uns bringt der Beginn des neuen Jahres den Wunsch mit sich, unser Zuhause mit einer neuen Farbgebung neu zu gestalten. W\u00e4hrend die<\/p>\n","protected":false},"author":1,"featured_media":2590,"comment_status":"closed","ping_status":"","sticky":false,"template":"","format":"standard","meta":{"footnotes":""},"categories":[118],"tags":[4312,4311,4310,3815,4314,143,225,4313,21,2737],"class_list":["post-2589","post","type-post","status-publish","format-standard","has-post-thumbnail","hentry","category-haus-garten","tag-benjamin","tag-cabinfarben","tag-cosy","tag-decken","tag-dekorationsideen","tag-diese","tag-ihre","tag-moore","tag-von","tag-winterlichen","generate-columns","tablet-grid-50","mobile-grid-100","grid-parent","grid-50"],"yoast_head":"<!-- This site is optimized with the Yoast SEO plugin v27.3 - https:\/\/yoast.com\/product\/yoast-seo-wordpress\/ -->\n<title>Diese 6 \u201eCosy Cabin\u201c-Farben von Benjamin Moore decken Ihre winterlichen Dekorationsideen ab - Nachrichten - Stra\u00dfenweb<\/title>\n<meta name=\"robots\" content=\"index, follow, max-snippet:-1, max-image-preview:large, max-video-preview:-1\" \/>\n<link rel=\"canonical\" href=\"https:\/\/www.strassenweb.de\/nachrichten\/diese-6-cosy-cabin-farben-von-benjamin-moore-decken-ihre-winterlichen-dekorationsideen-ab\/\" \/>\n<meta property=\"og:locale\" content=\"de_DE\" \/>\n<meta property=\"og:type\" content=\"article\" \/>\n<meta property=\"og:title\" content=\"Diese 6 \u201eCosy Cabin\u201c-Farben von Benjamin Moore decken Ihre winterlichen Dekorationsideen ab - Nachrichten - Stra\u00dfenweb\" \/>\n<meta property=\"og:description\" content=\"F\u00fcr viele von uns bringt der Beginn des neuen Jahres den Wunsch mit sich, unser Zuhause mit einer neuen Farbgebung neu zu gestalten. W\u00e4hrend die\" \/>\n<meta property=\"og:url\" content=\"https:\/\/www.strassenweb.de\/nachrichten\/diese-6-cosy-cabin-farben-von-benjamin-moore-decken-ihre-winterlichen-dekorationsideen-ab\/\" \/>\n<meta property=\"og:site_name\" content=\"Stra\u00dfenweb\" \/>\n<meta property=\"article:publisher\" content=\"https:\/\/www.facebook.com\/strassenweb\/\" \/>\n<meta property=\"article:published_time\" content=\"2025-01-08T22:39:50+00:00\" \/>\n<meta property=\"article:modified_time\" content=\"2025-01-08T22:39:52+00:00\" \/>\n<meta property=\"og:image\" content=\"https:\/\/www.strassenweb.de\/nachrichten\/wp-content\/uploads\/2025\/01\/Diese-6-\u201eCosy-Cabin-Farben-von-Benjamin-Moore-decken-Ihre-winterlichen.jpg\" \/>\n\t<meta property=\"og:image:width\" content=\"1200\" \/>\n\t<meta property=\"og:image:height\" content=\"675\" \/>\n\t<meta property=\"og:image:type\" content=\"image\/jpeg\" \/>\n<meta name=\"author\" content=\"Robert Hoffmann\" \/>\n<meta name=\"twitter:card\" content=\"summary_large_image\" \/>\n<meta name=\"twitter:label1\" content=\"Verfasst von\" \/>\n\t<meta name=\"twitter:data1\" content=\"Robert Hoffmann\" \/>\n\t<meta name=\"twitter:label2\" content=\"Gesch\u00e4tzte Lesezeit\" \/>\n\t<meta name=\"twitter:data2\" content=\"4\u00a0Minuten\" \/>\n<script type=\"application\/ld+json\" class=\"yoast-schema-graph\">{\"@context\":\"https:\\\/\\\/schema.org\",\"@graph\":[{\"@type\":\"Article\",\"@id\":\"https:\\\/\\\/www.strassenweb.de\\\/nachrichten\\\/diese-6-cosy-cabin-farben-von-benjamin-moore-decken-ihre-winterlichen-dekorationsideen-ab\\\/#article\",\"isPartOf\":{\"@id\":\"https:\\\/\\\/www.strassenweb.de\\\/nachrichten\\\/diese-6-cosy-cabin-farben-von-benjamin-moore-decken-ihre-winterlichen-dekorationsideen-ab\\\/\"},\"author\":{\"name\":\"Robert Hoffmann\",\"@id\":\"https:\\\/\\\/www.strassenweb.de\\\/nachrichten\\\/#\\\/schema\\\/person\\\/87c9c9067f1211da429a744dc5a5aa41\"},\"headline\":\"Diese 6 \u201eCosy Cabin\u201c-Farben von Benjamin Moore decken Ihre winterlichen Dekorationsideen ab\",\"datePublished\":\"2025-01-08T22:39:50+00:00\",\"dateModified\":\"2025-01-08T22:39:52+00:00\",\"mainEntityOfPage\":{\"@id\":\"https:\\\/\\\/www.strassenweb.de\\\/nachrichten\\\/diese-6-cosy-cabin-farben-von-benjamin-moore-decken-ihre-winterlichen-dekorationsideen-ab\\\/\"},\"wordCount\":907,\"publisher\":{\"@id\":\"https:\\\/\\\/www.strassenweb.de\\\/nachrichten\\\/#organization\"},\"image\":{\"@id\":\"https:\\\/\\\/www.strassenweb.de\\\/nachrichten\\\/diese-6-cosy-cabin-farben-von-benjamin-moore-decken-ihre-winterlichen-dekorationsideen-ab\\\/#primaryimage\"},\"thumbnailUrl\":\"https:\\\/\\\/www.strassenweb.de\\\/nachrichten\\\/wp-content\\\/uploads\\\/2025\\\/01\\\/Diese-6-\u201eCosy-Cabin-Farben-von-Benjamin-Moore-decken-Ihre-winterlichen.jpg\",\"keywords\":[\"Benjamin\",\"CabinFarben\",\"Cosy\",\"Decken\",\"Dekorationsideen\",\"diese\",\"ihre\",\"Moore\",\"von\",\"winterlichen\"],\"articleSection\":[\"Haus &amp; Garten\"],\"inLanguage\":\"de\"},{\"@type\":\"WebPage\",\"@id\":\"https:\\\/\\\/www.strassenweb.de\\\/nachrichten\\\/diese-6-cosy-cabin-farben-von-benjamin-moore-decken-ihre-winterlichen-dekorationsideen-ab\\\/\",\"url\":\"https:\\\/\\\/www.strassenweb.de\\\/nachrichten\\\/diese-6-cosy-cabin-farben-von-benjamin-moore-decken-ihre-winterlichen-dekorationsideen-ab\\\/\",\"name\":\"Diese 6 \u201eCosy Cabin\u201c-Farben von Benjamin Moore decken Ihre winterlichen Dekorationsideen ab - Nachrichten - Stra\u00dfenweb\",\"isPartOf\":{\"@id\":\"https:\\\/\\\/www.strassenweb.de\\\/nachrichten\\\/#website\"},\"primaryImageOfPage\":{\"@id\":\"https:\\\/\\\/www.strassenweb.de\\\/nachrichten\\\/diese-6-cosy-cabin-farben-von-benjamin-moore-decken-ihre-winterlichen-dekorationsideen-ab\\\/#primaryimage\"},\"image\":{\"@id\":\"https:\\\/\\\/www.strassenweb.de\\\/nachrichten\\\/diese-6-cosy-cabin-farben-von-benjamin-moore-decken-ihre-winterlichen-dekorationsideen-ab\\\/#primaryimage\"},\"thumbnailUrl\":\"https:\\\/\\\/www.strassenweb.de\\\/nachrichten\\\/wp-content\\\/uploads\\\/2025\\\/01\\\/Diese-6-\u201eCosy-Cabin-Farben-von-Benjamin-Moore-decken-Ihre-winterlichen.jpg\",\"datePublished\":\"2025-01-08T22:39:50+00:00\",\"dateModified\":\"2025-01-08T22:39:52+00:00\",\"breadcrumb\":{\"@id\":\"https:\\\/\\\/www.strassenweb.de\\\/nachrichten\\\/diese-6-cosy-cabin-farben-von-benjamin-moore-decken-ihre-winterlichen-dekorationsideen-ab\\\/#breadcrumb\"},\"inLanguage\":\"de\",\"potentialAction\":[{\"@type\":\"ReadAction\",\"target\":[\"https:\\\/\\\/www.strassenweb.de\\\/nachrichten\\\/diese-6-cosy-cabin-farben-von-benjamin-moore-decken-ihre-winterlichen-dekorationsideen-ab\\\/\"]}]},{\"@type\":\"ImageObject\",\"inLanguage\":\"de\",\"@id\":\"https:\\\/\\\/www.strassenweb.de\\\/nachrichten\\\/diese-6-cosy-cabin-farben-von-benjamin-moore-decken-ihre-winterlichen-dekorationsideen-ab\\\/#primaryimage\",\"url\":\"https:\\\/\\\/www.strassenweb.de\\\/nachrichten\\\/wp-content\\\/uploads\\\/2025\\\/01\\\/Diese-6-\u201eCosy-Cabin-Farben-von-Benjamin-Moore-decken-Ihre-winterlichen.jpg\",\"contentUrl\":\"https:\\\/\\\/www.strassenweb.de\\\/nachrichten\\\/wp-content\\\/uploads\\\/2025\\\/01\\\/Diese-6-\u201eCosy-Cabin-Farben-von-Benjamin-Moore-decken-Ihre-winterlichen.jpg\",\"width\":1200,\"height\":675,\"caption\":\"Diese 6 \u201eCosy Cabin\u201c-Farben von Benjamin Moore decken Ihre winterlichen Dekorationsideen ab\"},{\"@type\":\"BreadcrumbList\",\"@id\":\"https:\\\/\\\/www.strassenweb.de\\\/nachrichten\\\/diese-6-cosy-cabin-farben-von-benjamin-moore-decken-ihre-winterlichen-dekorationsideen-ab\\\/#breadcrumb\",\"itemListElement\":[{\"@type\":\"ListItem\",\"position\":1,\"name\":\"Home\",\"item\":\"https:\\\/\\\/www.strassenweb.de\\\/nachrichten\\\/\"},{\"@type\":\"ListItem\",\"position\":2,\"name\":\"Diese 6 \u201eCosy Cabin\u201c-Farben von Benjamin Moore decken Ihre winterlichen Dekorationsideen ab\"}]},{\"@type\":\"WebSite\",\"@id\":\"https:\\\/\\\/www.strassenweb.de\\\/nachrichten\\\/#website\",\"url\":\"https:\\\/\\\/www.strassenweb.de\\\/nachrichten\\\/\",\"name\":\"Stra\u00dfenweb\",\"description\":\"Stra\u00dfenverzeichnis f\u00fcr Deutschland\",\"publisher\":{\"@id\":\"https:\\\/\\\/www.strassenweb.de\\\/nachrichten\\\/#organization\"},\"potentialAction\":[{\"@type\":\"SearchAction\",\"target\":{\"@type\":\"EntryPoint\",\"urlTemplate\":\"https:\\\/\\\/www.strassenweb.de\\\/nachrichten\\\/?s={search_term_string}\"},\"query-input\":{\"@type\":\"PropertyValueSpecification\",\"valueRequired\":true,\"valueName\":\"search_term_string\"}}],\"inLanguage\":\"de\"},{\"@type\":\"Organization\",\"@id\":\"https:\\\/\\\/www.strassenweb.de\\\/nachrichten\\\/#organization\",\"name\":\"Stra\u00dfenweb\",\"url\":\"https:\\\/\\\/www.strassenweb.de\\\/nachrichten\\\/\",\"logo\":{\"@type\":\"ImageObject\",\"inLanguage\":\"de\",\"@id\":\"https:\\\/\\\/www.strassenweb.de\\\/nachrichten\\\/#\\\/schema\\\/logo\\\/image\\\/\",\"url\":\"https:\\\/\\\/www.strassenweb.de\\\/nachrichten\\\/wp-content\\\/uploads\\\/2024\\\/09\\\/cropped-favicon.png\",\"contentUrl\":\"https:\\\/\\\/www.strassenweb.de\\\/nachrichten\\\/wp-content\\\/uploads\\\/2024\\\/09\\\/cropped-favicon.png\",\"width\":512,\"height\":512,\"caption\":\"Stra\u00dfenweb\"},\"image\":{\"@id\":\"https:\\\/\\\/www.strassenweb.de\\\/nachrichten\\\/#\\\/schema\\\/logo\\\/image\\\/\"},\"sameAs\":[\"https:\\\/\\\/www.facebook.com\\\/strassenweb\\\/\"]},{\"@type\":\"Person\",\"@id\":\"https:\\\/\\\/www.strassenweb.de\\\/nachrichten\\\/#\\\/schema\\\/person\\\/87c9c9067f1211da429a744dc5a5aa41\",\"name\":\"Robert Hoffmann\",\"image\":{\"@type\":\"ImageObject\",\"inLanguage\":\"de\",\"@id\":\"https:\\\/\\\/www.strassenweb.de\\\/nachrichten\\\/wp-content\\\/uploads\\\/2024\\\/09\\\/strassenweb-150x150.jpg\",\"url\":\"https:\\\/\\\/www.strassenweb.de\\\/nachrichten\\\/wp-content\\\/uploads\\\/2024\\\/09\\\/strassenweb-150x150.jpg\",\"contentUrl\":\"https:\\\/\\\/www.strassenweb.de\\\/nachrichten\\\/wp-content\\\/uploads\\\/2024\\\/09\\\/strassenweb-150x150.jpg\",\"caption\":\"Robert Hoffmann\"},\"description\":\"Ich hei\u00dfe Robert Hoffmann und ich bin ein leidenschaftlicher Verfechter von \u00d6kologie und Biodiversit\u00e4t. Seit meiner Kindheit in den W\u00e4ldern Bayerns f\u00fchle ich mich mit der Natur verbunden und bin entschlossen, sie zu sch\u00fctzen. Heute widme ich mein Leben der Sensibilisierung anderer f\u00fcr die Bedeutung des Umweltschutzes f\u00fcr zuk\u00fcnftige Generationen.\",\"sameAs\":[\"https:\\\/\\\/www.strassenweb.de\\\/\"]}]}<\/script>\n<!-- \/ Yoast SEO plugin. -->","yoast_head_json":{"title":"Diese 6 \u201eCosy Cabin\u201c-Farben von Benjamin Moore decken Ihre winterlichen Dekorationsideen ab - Nachrichten - Stra\u00dfenweb","robots":{"index":"index","follow":"follow","max-snippet":"max-snippet:-1","max-image-preview":"max-image-preview:large","max-video-preview":"max-video-preview:-1"},"canonical":"https:\/\/www.strassenweb.de\/nachrichten\/diese-6-cosy-cabin-farben-von-benjamin-moore-decken-ihre-winterlichen-dekorationsideen-ab\/","og_locale":"de_DE","og_type":"article","og_title":"Diese 6 \u201eCosy Cabin\u201c-Farben von Benjamin Moore decken Ihre winterlichen Dekorationsideen ab - Nachrichten - Stra\u00dfenweb","og_description":"F\u00fcr viele von uns bringt der Beginn des neuen Jahres den Wunsch mit sich, unser Zuhause mit einer neuen Farbgebung neu zu gestalten. W\u00e4hrend die","og_url":"https:\/\/www.strassenweb.de\/nachrichten\/diese-6-cosy-cabin-farben-von-benjamin-moore-decken-ihre-winterlichen-dekorationsideen-ab\/","og_site_name":"Stra\u00dfenweb","article_publisher":"https:\/\/www.facebook.com\/strassenweb\/","article_published_time":"2025-01-08T22:39:50+00:00","article_modified_time":"2025-01-08T22:39:52+00:00","og_image":[{"width":1200,"height":675,"url":"https:\/\/www.strassenweb.de\/nachrichten\/wp-content\/uploads\/2025\/01\/Diese-6-\u201eCosy-Cabin-Farben-von-Benjamin-Moore-decken-Ihre-winterlichen.jpg","type":"image\/jpeg"}],"author":"Robert Hoffmann","twitter_card":"summary_large_image","twitter_misc":{"Verfasst von":"Robert Hoffmann","Gesch\u00e4tzte Lesezeit":"4\u00a0Minuten"},"schema":{"@context":"https:\/\/schema.org","@graph":[{"@type":"Article","@id":"https:\/\/www.strassenweb.de\/nachrichten\/diese-6-cosy-cabin-farben-von-benjamin-moore-decken-ihre-winterlichen-dekorationsideen-ab\/#article","isPartOf":{"@id":"https:\/\/www.strassenweb.de\/nachrichten\/diese-6-cosy-cabin-farben-von-benjamin-moore-decken-ihre-winterlichen-dekorationsideen-ab\/"},"author":{"name":"Robert Hoffmann","@id":"https:\/\/www.strassenweb.de\/nachrichten\/#\/schema\/person\/87c9c9067f1211da429a744dc5a5aa41"},"headline":"Diese 6 \u201eCosy Cabin\u201c-Farben von Benjamin Moore decken Ihre winterlichen Dekorationsideen ab","datePublished":"2025-01-08T22:39:50+00:00","dateModified":"2025-01-08T22:39:52+00:00","mainEntityOfPage":{"@id":"https:\/\/www.strassenweb.de\/nachrichten\/diese-6-cosy-cabin-farben-von-benjamin-moore-decken-ihre-winterlichen-dekorationsideen-ab\/"},"wordCount":907,"publisher":{"@id":"https:\/\/www.strassenweb.de\/nachrichten\/#organization"},"image":{"@id":"https:\/\/www.strassenweb.de\/nachrichten\/diese-6-cosy-cabin-farben-von-benjamin-moore-decken-ihre-winterlichen-dekorationsideen-ab\/#primaryimage"},"thumbnailUrl":"https:\/\/www.strassenweb.de\/nachrichten\/wp-content\/uploads\/2025\/01\/Diese-6-\u201eCosy-Cabin-Farben-von-Benjamin-Moore-decken-Ihre-winterlichen.jpg","keywords":["Benjamin","CabinFarben","Cosy","Decken","Dekorationsideen","diese","ihre","Moore","von","winterlichen"],"articleSection":["Haus &amp; Garten"],"inLanguage":"de"},{"@type":"WebPage","@id":"https:\/\/www.strassenweb.de\/nachrichten\/diese-6-cosy-cabin-farben-von-benjamin-moore-decken-ihre-winterlichen-dekorationsideen-ab\/","url":"https:\/\/www.strassenweb.de\/nachrichten\/diese-6-cosy-cabin-farben-von-benjamin-moore-decken-ihre-winterlichen-dekorationsideen-ab\/","name":"Diese 6 \u201eCosy Cabin\u201c-Farben von Benjamin Moore decken Ihre winterlichen Dekorationsideen ab - Nachrichten - Stra\u00dfenweb","isPartOf":{"@id":"https:\/\/www.strassenweb.de\/nachrichten\/#website"},"primaryImageOfPage":{"@id":"https:\/\/www.strassenweb.de\/nachrichten\/diese-6-cosy-cabin-farben-von-benjamin-moore-decken-ihre-winterlichen-dekorationsideen-ab\/#primaryimage"},"image":{"@id":"https:\/\/www.strassenweb.de\/nachrichten\/diese-6-cosy-cabin-farben-von-benjamin-moore-decken-ihre-winterlichen-dekorationsideen-ab\/#primaryimage"},"thumbnailUrl":"https:\/\/www.strassenweb.de\/nachrichten\/wp-content\/uploads\/2025\/01\/Diese-6-\u201eCosy-Cabin-Farben-von-Benjamin-Moore-decken-Ihre-winterlichen.jpg","datePublished":"2025-01-08T22:39:50+00:00","dateModified":"2025-01-08T22:39:52+00:00","breadcrumb":{"@id":"https:\/\/www.strassenweb.de\/nachrichten\/diese-6-cosy-cabin-farben-von-benjamin-moore-decken-ihre-winterlichen-dekorationsideen-ab\/#breadcrumb"},"inLanguage":"de","potentialAction":[{"@type":"ReadAction","target":["https:\/\/www.strassenweb.de\/nachrichten\/diese-6-cosy-cabin-farben-von-benjamin-moore-decken-ihre-winterlichen-dekorationsideen-ab\/"]}]},{"@type":"ImageObject","inLanguage":"de","@id":"https:\/\/www.strassenweb.de\/nachrichten\/diese-6-cosy-cabin-farben-von-benjamin-moore-decken-ihre-winterlichen-dekorationsideen-ab\/#primaryimage","url":"https:\/\/www.strassenweb.de\/nachrichten\/wp-content\/uploads\/2025\/01\/Diese-6-\u201eCosy-Cabin-Farben-von-Benjamin-Moore-decken-Ihre-winterlichen.jpg","contentUrl":"https:\/\/www.strassenweb.de\/nachrichten\/wp-content\/uploads\/2025\/01\/Diese-6-\u201eCosy-Cabin-Farben-von-Benjamin-Moore-decken-Ihre-winterlichen.jpg","width":1200,"height":675,"caption":"Diese 6 \u201eCosy Cabin\u201c-Farben von Benjamin Moore decken Ihre winterlichen Dekorationsideen ab"},{"@type":"BreadcrumbList","@id":"https:\/\/www.strassenweb.de\/nachrichten\/diese-6-cosy-cabin-farben-von-benjamin-moore-decken-ihre-winterlichen-dekorationsideen-ab\/#breadcrumb","itemListElement":[{"@type":"ListItem","position":1,"name":"Home","item":"https:\/\/www.strassenweb.de\/nachrichten\/"},{"@type":"ListItem","position":2,"name":"Diese 6 \u201eCosy Cabin\u201c-Farben von Benjamin Moore decken Ihre winterlichen Dekorationsideen ab"}]},{"@type":"WebSite","@id":"https:\/\/www.strassenweb.de\/nachrichten\/#website","url":"https:\/\/www.strassenweb.de\/nachrichten\/","name":"Stra\u00dfenweb","description":"Stra\u00dfenverzeichnis f\u00fcr Deutschland","publisher":{"@id":"https:\/\/www.strassenweb.de\/nachrichten\/#organization"},"potentialAction":[{"@type":"SearchAction","target":{"@type":"EntryPoint","urlTemplate":"https:\/\/www.strassenweb.de\/nachrichten\/?s={search_term_string}"},"query-input":{"@type":"PropertyValueSpecification","valueRequired":true,"valueName":"search_term_string"}}],"inLanguage":"de"},{"@type":"Organization","@id":"https:\/\/www.strassenweb.de\/nachrichten\/#organization","name":"Stra\u00dfenweb","url":"https:\/\/www.strassenweb.de\/nachrichten\/","logo":{"@type":"ImageObject","inLanguage":"de","@id":"https:\/\/www.strassenweb.de\/nachrichten\/#\/schema\/logo\/image\/","url":"https:\/\/www.strassenweb.de\/nachrichten\/wp-content\/uploads\/2024\/09\/cropped-favicon.png","contentUrl":"https:\/\/www.strassenweb.de\/nachrichten\/wp-content\/uploads\/2024\/09\/cropped-favicon.png","width":512,"height":512,"caption":"Stra\u00dfenweb"},"image":{"@id":"https:\/\/www.strassenweb.de\/nachrichten\/#\/schema\/logo\/image\/"},"sameAs":["https:\/\/www.facebook.com\/strassenweb\/"]},{"@type":"Person","@id":"https:\/\/www.strassenweb.de\/nachrichten\/#\/schema\/person\/87c9c9067f1211da429a744dc5a5aa41","name":"Robert Hoffmann","image":{"@type":"ImageObject","inLanguage":"de","@id":"https:\/\/www.strassenweb.de\/nachrichten\/wp-content\/uploads\/2024\/09\/strassenweb-150x150.jpg","url":"https:\/\/www.strassenweb.de\/nachrichten\/wp-content\/uploads\/2024\/09\/strassenweb-150x150.jpg","contentUrl":"https:\/\/www.strassenweb.de\/nachrichten\/wp-content\/uploads\/2024\/09\/strassenweb-150x150.jpg","caption":"Robert Hoffmann"},"description":"Ich hei\u00dfe Robert Hoffmann und ich bin ein leidenschaftlicher Verfechter von \u00d6kologie und Biodiversit\u00e4t. Seit meiner Kindheit in den W\u00e4ldern Bayerns f\u00fchle ich mich mit der Natur verbunden und bin entschlossen, sie zu sch\u00fctzen. Heute widme ich mein Leben der Sensibilisierung anderer f\u00fcr die Bedeutung des Umweltschutzes f\u00fcr zuk\u00fcnftige Generationen.","sameAs":["https:\/\/www.strassenweb.de\/"]}]}},"_links":{"self":[{"href":"https:\/\/www.strassenweb.de\/nachrichten\/wp-json\/wp\/v2\/posts\/2589","targetHints":{"allow":["GET"]}}],"collection":[{"href":"https:\/\/www.strassenweb.de\/nachrichten\/wp-json\/wp\/v2\/posts"}],"about":[{"href":"https:\/\/www.strassenweb.de\/nachrichten\/wp-json\/wp\/v2\/types\/post"}],"author":[{"embeddable":true,"href":"https:\/\/www.strassenweb.de\/nachrichten\/wp-json\/wp\/v2\/users\/1"}],"replies":[{"embeddable":true,"href":"https:\/\/www.strassenweb.de\/nachrichten\/wp-json\/wp\/v2\/comments?post=2589"}],"version-history":[{"count":0,"href":"https:\/\/www.strassenweb.de\/nachrichten\/wp-json\/wp\/v2\/posts\/2589\/revisions"}],"wp:featuredmedia":[{"embeddable":true,"href":"https:\/\/www.strassenweb.de\/nachrichten\/wp-json\/wp\/v2\/media\/2590"}],"wp:attachment":[{"href":"https:\/\/www.strassenweb.de\/nachrichten\/wp-json\/wp\/v2\/media?parent=2589"}],"wp:term":[{"taxonomy":"category","embeddable":true,"href":"https:\/\/www.strassenweb.de\/nachrichten\/wp-json\/wp\/v2\/categories?post=2589"},{"taxonomy":"post_tag","embeddable":true,"href":"https:\/\/www.strassenweb.de\/nachrichten\/wp-json\/wp\/v2\/tags?post=2589"}],"curies":[{"name":"wp","href":"https:\/\/api.w.org\/{rel}","templated":true}]}}