{"id":2586,"date":"2025-01-08T19:39:41","date_gmt":"2025-01-08T18:39:41","guid":{"rendered":"https:\/\/www.strassenweb.de\/nachrichten\/die-neue-kollektion-von-pottery-barn-and-kravet-ist-absolut-zeitlos-und-perfekt-fuer-eine-vintage-inspirierte-fruehlingserfrischung\/"},"modified":"2025-01-08T19:39:42","modified_gmt":"2025-01-08T18:39:42","slug":"die-neue-kollektion-von-pottery-barn-and-kravet-ist-absolut-zeitlos-und-perfekt-fuer-eine-vintage-inspirierte-fruehlingserfrischung","status":"publish","type":"post","link":"https:\/\/www.strassenweb.de\/nachrichten\/die-neue-kollektion-von-pottery-barn-and-kravet-ist-absolut-zeitlos-und-perfekt-fuer-eine-vintage-inspirierte-fruehlingserfrischung\/","title":{"rendered":"Die neue Kollektion von Pottery Barn and Kravet ist absolut zeitlos und perfekt f\u00fcr eine Vintage-inspirierte Fr\u00fchlingserfrischung"},"content":{"rendered":"<p><\/p>\n<div id=\"article-body\" class=\"article__body \">\n<p>Es ist die Jahreszeit, in der ich mich mehr denn je an Innenarchitekten und Haushaltswarenmarken wende, um Inspiration f\u00fcr meine Einrichtung zu erhalten. Der Januar kann sich ein wenig flau anf\u00fchlen, wenn die Weihnachtsdekoration herunterf\u00e4llt, daher braucht mein Zuhause (und meine Stimmung) oft einen kleinen Aufschwung. Ich finde, dass das \u00dcberdenken meines Plans fast immer daf\u00fcr sorgt, dass ich mich voller Energie f\u00fcr das neue Jahr f\u00fchle.<\/p>\n<div id=\"ad-unit-1\" class=\"ad-unit\"><\/div>\n<p>Au\u00dferdem bringen so viele Marken unsere wundersch\u00f6nen Fr\u00fchlingskollektionen mit, dass ich mich schon auf die Fr\u00fchlingsdekoration freue. Sie k\u00f6nnen sich also vorstellen, wie begeistert ich war, als ich h\u00f6rte, dass Pottery Barn sich mit der renommierten Textilmarke Kravet zusammengetan hat, um eine wundersch\u00f6ne, Vintage-inspirierte Kollektion von Einrichtungsgegenst\u00e4nden zu kreieren, die von den historischen Mustern der Marke inspiriert sind. Kravet ist f\u00fcr sein umfangreiches Textilarchiv bekannt und stellt seit \u00fcber einem Jahrhundert wundersch\u00f6ne Stoffe her. Durch die Zusammenarbeit mit Pottery Barn sind diese wundersch\u00f6nen Designs noch zug\u00e4nglicher geworden.<\/p>\n<aside class=\"hawk-nest\" data-block-type=\"embed\" data-render-type=\"fte\" data-skip=\"dealsy\" data-widget-type=\"seasonal\">\n<div class=\"hawk-master-widget-hawk-base-wrapper\"><\/div>\n<\/aside>\n<p>\u201eWir sind so stolz auf die einzigartigen St\u00fccke aus der neuen Kollektion von Kravet und Pottery Barn\u201c, sagt Monica Bhargava, Pr\u00e4sidentin von Pottery Barn. \u201eDiese Kollektion interpretiert ihre Erbst\u00fcck-Dekorationsdrucke auf eine Weise neu, die sich frisch, zeitlos anf\u00fchlt und wunderbar zum Zuhause unserer Kunden passt.\u201c Kravets klassische Drucke wurden mit Blick auf den Kunden von Pottery Barn neu gef\u00e4rbt und neu interpretiert. Hier ist f\u00fcr jeden Wohn- und Raumstil etwas dabei, von kleinen Blumenmustern bis hin zu kr\u00e4ftigen Streifen.<\/p>\n<div id=\"desktop-in-article\" class=\"in-article ad-unit\">\n<div id=\"desktop-taboola-mid-article\"><\/div>\n<\/div>\n<div id=\"mobile-in-article\" class=\"in-article ad-unit\">\n<div id=\"mobile-taboola-mid-article\"><\/div>\n<\/div>\n<p>Ich habe alle St\u00fccke der neu eingef\u00fchrten Linie durchgesehen und meine Favoriten ausgew\u00e4hlt, die garantiert jedem Zuhause ein luxuri\u00f6ses, klassisches Flair zu einem erschwinglichen Preis verleihen.<\/p>\n<div class=\"van_vid_carousel\">\n<div class=\"van_vid_carousel__padding\">\n<div class=\"van_vid_carousel__container\"><\/div>\n<\/div>\n<\/div>\n<h3 class=\"article-body__section\" id=\"section-shop-the-pottery-barn-x-kravet-collection\"><span>Kaufen Sie die Pottery Barn x Kravet-Kollektion<\/span><\/h3>\n<figure class=\"van-image-figure inline-layout \" data-bordeaux-image-check>\n<div class=\"image-full-width-wrapper\">\n<div class=\"image-widthsetter\" style=\"max-width:2400px;\"><\/div>\n<\/div>\n<\/figure>\n<div class=\"product-container hero-product-container product-block-no-wrap\"><\/div>\n<figure class=\"van-image-figure inline-layout \" data-bordeaux-image-check>\n<div class=\"image-full-width-wrapper\">\n<div class=\"image-widthsetter\" style=\"max-width:2000px;\"><\/div>\n<\/div>\n<\/figure>\n<div class=\"product-container hero-product-container product-block-no-wrap\"><\/div>\n<figure class=\"van-image-figure inline-layout \" data-bordeaux-image-check>\n<div class=\"image-full-width-wrapper\">\n<div class=\"image-widthsetter\" style=\"max-width:2400px;\"><\/div>\n<\/div>\n<\/figure>\n<div class=\"product-container hero-product-container product-block-no-wrap\"><\/div>\n<figure class=\"van-image-figure inline-layout \" data-bordeaux-image-check>\n<div class=\"image-full-width-wrapper\">\n<div class=\"image-widthsetter\" style=\"max-width:2400px;\"><\/div>\n<\/div>\n<\/figure>\n<div class=\"product-container hero-product-container product-block-no-wrap\"><\/div>\n<hr>\n<p>Von Geschirr im Landhausstil bis hin zu auff\u00e4lligen M\u00f6belstoffen ist die Kravet x Pottery Barn-Kollektion mit vielseitigen St\u00fccken gef\u00fcllt, die jedem Einrichtungsstil einen Hauch historischer Pracht verleihen.<\/p>\n<div id=\"ad-unit-2\" class=\"ad-unit\"><\/div>\n<div id=\"slice-container-newsletterForm-articleInbodyContent-VodGUejZRvEL2LAkush82V\" class=\"slice-container newsletter-inbodyContent-slice newsletterForm-articleInbodyContent-VodGUejZRvEL2LAkush82V slice-container-newsletterForm\"><\/div>\n<\/div>\n","protected":false},"excerpt":{"rendered":"<p>Es ist die Jahreszeit, in der ich mich mehr denn je an Innenarchitekten und Haushaltswarenmarken wende, um Inspiration f\u00fcr meine Einrichtung zu erhalten. Der Januar<\/p>\n","protected":false},"author":1,"featured_media":2587,"comment_status":"closed","ping_status":"","sticky":false,"template":"","format":"standard","meta":{"footnotes":""},"categories":[118],"tags":[4307,4305,9,74,4309,55,15,1265,4306,108,393,4304,37,4308,21,3271],"class_list":["post-2586","post","type-post","status-publish","format-standard","has-post-thumbnail","hentry","category-haus-garten","tag-absolut","tag-barn","tag-die","tag-eine","tag-fruehlingserfrischung","tag-fuer","tag-ist","tag-kollektion","tag-kravet","tag-neue","tag-perfekt","tag-pottery","tag-und","tag-vintageinspirierte","tag-von","tag-zeitlos","generate-columns","tablet-grid-50","mobile-grid-100","grid-parent","grid-50"],"yoast_head":"<!-- This site is optimized with the Yoast SEO plugin v27.3 - https:\/\/yoast.com\/product\/yoast-seo-wordpress\/ -->\n<title>Die neue Kollektion von Pottery Barn and Kravet ist absolut zeitlos und perfekt f\u00fcr eine Vintage-inspirierte Fr\u00fchlingserfrischung - Nachrichten - Stra\u00dfenweb<\/title>\n<meta name=\"robots\" content=\"index, follow, max-snippet:-1, max-image-preview:large, max-video-preview:-1\" \/>\n<link rel=\"canonical\" href=\"https:\/\/www.strassenweb.de\/nachrichten\/die-neue-kollektion-von-pottery-barn-and-kravet-ist-absolut-zeitlos-und-perfekt-fuer-eine-vintage-inspirierte-fruehlingserfrischung\/\" \/>\n<meta property=\"og:locale\" content=\"de_DE\" \/>\n<meta property=\"og:type\" content=\"article\" \/>\n<meta property=\"og:title\" content=\"Die neue Kollektion von Pottery Barn and Kravet ist absolut zeitlos und perfekt f\u00fcr eine Vintage-inspirierte Fr\u00fchlingserfrischung - Nachrichten - Stra\u00dfenweb\" \/>\n<meta property=\"og:description\" content=\"Es ist die Jahreszeit, in der ich mich mehr denn je an Innenarchitekten und Haushaltswarenmarken wende, um Inspiration f\u00fcr meine Einrichtung zu erhalten. Der Januar\" \/>\n<meta property=\"og:url\" content=\"https:\/\/www.strassenweb.de\/nachrichten\/die-neue-kollektion-von-pottery-barn-and-kravet-ist-absolut-zeitlos-und-perfekt-fuer-eine-vintage-inspirierte-fruehlingserfrischung\/\" \/>\n<meta property=\"og:site_name\" content=\"Stra\u00dfenweb\" \/>\n<meta property=\"article:publisher\" content=\"https:\/\/www.facebook.com\/strassenweb\/\" \/>\n<meta property=\"article:published_time\" content=\"2025-01-08T18:39:41+00:00\" \/>\n<meta property=\"article:modified_time\" content=\"2025-01-08T18:39:42+00:00\" \/>\n<meta property=\"og:image\" content=\"https:\/\/www.strassenweb.de\/nachrichten\/wp-content\/uploads\/2025\/01\/Die-neue-Kollektion-von-Pottery-Barn-and-Kravet-ist-absolut.jpg\" \/>\n\t<meta property=\"og:image:width\" content=\"1200\" \/>\n\t<meta property=\"og:image:height\" content=\"675\" \/>\n\t<meta property=\"og:image:type\" content=\"image\/jpeg\" \/>\n<meta name=\"author\" content=\"Robert Hoffmann\" \/>\n<meta name=\"twitter:card\" content=\"summary_large_image\" \/>\n<meta name=\"twitter:label1\" content=\"Verfasst von\" \/>\n\t<meta name=\"twitter:data1\" content=\"Robert Hoffmann\" \/>\n\t<meta name=\"twitter:label2\" content=\"Gesch\u00e4tzte Lesezeit\" \/>\n\t<meta name=\"twitter:data2\" content=\"2\u00a0Minuten\" \/>\n<script type=\"application\/ld+json\" class=\"yoast-schema-graph\">{\"@context\":\"https:\\\/\\\/schema.org\",\"@graph\":[{\"@type\":\"Article\",\"@id\":\"https:\\\/\\\/www.strassenweb.de\\\/nachrichten\\\/die-neue-kollektion-von-pottery-barn-and-kravet-ist-absolut-zeitlos-und-perfekt-fuer-eine-vintage-inspirierte-fruehlingserfrischung\\\/#article\",\"isPartOf\":{\"@id\":\"https:\\\/\\\/www.strassenweb.de\\\/nachrichten\\\/die-neue-kollektion-von-pottery-barn-and-kravet-ist-absolut-zeitlos-und-perfekt-fuer-eine-vintage-inspirierte-fruehlingserfrischung\\\/\"},\"author\":{\"name\":\"Robert Hoffmann\",\"@id\":\"https:\\\/\\\/www.strassenweb.de\\\/nachrichten\\\/#\\\/schema\\\/person\\\/87c9c9067f1211da429a744dc5a5aa41\"},\"headline\":\"Die neue Kollektion von Pottery Barn and Kravet ist absolut zeitlos und perfekt f\u00fcr eine Vintage-inspirierte Fr\u00fchlingserfrischung\",\"datePublished\":\"2025-01-08T18:39:41+00:00\",\"dateModified\":\"2025-01-08T18:39:42+00:00\",\"mainEntityOfPage\":{\"@id\":\"https:\\\/\\\/www.strassenweb.de\\\/nachrichten\\\/die-neue-kollektion-von-pottery-barn-and-kravet-ist-absolut-zeitlos-und-perfekt-fuer-eine-vintage-inspirierte-fruehlingserfrischung\\\/\"},\"wordCount\":345,\"publisher\":{\"@id\":\"https:\\\/\\\/www.strassenweb.de\\\/nachrichten\\\/#organization\"},\"image\":{\"@id\":\"https:\\\/\\\/www.strassenweb.de\\\/nachrichten\\\/die-neue-kollektion-von-pottery-barn-and-kravet-ist-absolut-zeitlos-und-perfekt-fuer-eine-vintage-inspirierte-fruehlingserfrischung\\\/#primaryimage\"},\"thumbnailUrl\":\"https:\\\/\\\/www.strassenweb.de\\\/nachrichten\\\/wp-content\\\/uploads\\\/2025\\\/01\\\/Die-neue-Kollektion-von-Pottery-Barn-and-Kravet-ist-absolut.jpg\",\"keywords\":[\"absolut\",\"Barn\",\"die\",\"eine\",\"Fr\u00fchlingserfrischung\",\"f\u00fcr\",\"ist\",\"Kollektion\",\"Kravet\",\"Neue\",\"perfekt\",\"Pottery\",\"und\",\"Vintageinspirierte\",\"von\",\"zeitlos\"],\"articleSection\":[\"Haus &amp; Garten\"],\"inLanguage\":\"de\"},{\"@type\":\"WebPage\",\"@id\":\"https:\\\/\\\/www.strassenweb.de\\\/nachrichten\\\/die-neue-kollektion-von-pottery-barn-and-kravet-ist-absolut-zeitlos-und-perfekt-fuer-eine-vintage-inspirierte-fruehlingserfrischung\\\/\",\"url\":\"https:\\\/\\\/www.strassenweb.de\\\/nachrichten\\\/die-neue-kollektion-von-pottery-barn-and-kravet-ist-absolut-zeitlos-und-perfekt-fuer-eine-vintage-inspirierte-fruehlingserfrischung\\\/\",\"name\":\"Die neue Kollektion von Pottery Barn and Kravet ist absolut zeitlos und perfekt f\u00fcr eine Vintage-inspirierte Fr\u00fchlingserfrischung - Nachrichten - Stra\u00dfenweb\",\"isPartOf\":{\"@id\":\"https:\\\/\\\/www.strassenweb.de\\\/nachrichten\\\/#website\"},\"primaryImageOfPage\":{\"@id\":\"https:\\\/\\\/www.strassenweb.de\\\/nachrichten\\\/die-neue-kollektion-von-pottery-barn-and-kravet-ist-absolut-zeitlos-und-perfekt-fuer-eine-vintage-inspirierte-fruehlingserfrischung\\\/#primaryimage\"},\"image\":{\"@id\":\"https:\\\/\\\/www.strassenweb.de\\\/nachrichten\\\/die-neue-kollektion-von-pottery-barn-and-kravet-ist-absolut-zeitlos-und-perfekt-fuer-eine-vintage-inspirierte-fruehlingserfrischung\\\/#primaryimage\"},\"thumbnailUrl\":\"https:\\\/\\\/www.strassenweb.de\\\/nachrichten\\\/wp-content\\\/uploads\\\/2025\\\/01\\\/Die-neue-Kollektion-von-Pottery-Barn-and-Kravet-ist-absolut.jpg\",\"datePublished\":\"2025-01-08T18:39:41+00:00\",\"dateModified\":\"2025-01-08T18:39:42+00:00\",\"breadcrumb\":{\"@id\":\"https:\\\/\\\/www.strassenweb.de\\\/nachrichten\\\/die-neue-kollektion-von-pottery-barn-and-kravet-ist-absolut-zeitlos-und-perfekt-fuer-eine-vintage-inspirierte-fruehlingserfrischung\\\/#breadcrumb\"},\"inLanguage\":\"de\",\"potentialAction\":[{\"@type\":\"ReadAction\",\"target\":[\"https:\\\/\\\/www.strassenweb.de\\\/nachrichten\\\/die-neue-kollektion-von-pottery-barn-and-kravet-ist-absolut-zeitlos-und-perfekt-fuer-eine-vintage-inspirierte-fruehlingserfrischung\\\/\"]}]},{\"@type\":\"ImageObject\",\"inLanguage\":\"de\",\"@id\":\"https:\\\/\\\/www.strassenweb.de\\\/nachrichten\\\/die-neue-kollektion-von-pottery-barn-and-kravet-ist-absolut-zeitlos-und-perfekt-fuer-eine-vintage-inspirierte-fruehlingserfrischung\\\/#primaryimage\",\"url\":\"https:\\\/\\\/www.strassenweb.de\\\/nachrichten\\\/wp-content\\\/uploads\\\/2025\\\/01\\\/Die-neue-Kollektion-von-Pottery-Barn-and-Kravet-ist-absolut.jpg\",\"contentUrl\":\"https:\\\/\\\/www.strassenweb.de\\\/nachrichten\\\/wp-content\\\/uploads\\\/2025\\\/01\\\/Die-neue-Kollektion-von-Pottery-Barn-and-Kravet-ist-absolut.jpg\",\"width\":1200,\"height\":675,\"caption\":\"Die neue Kollektion von Pottery Barn and Kravet ist absolut zeitlos und perfekt f\u00fcr eine Vintage-inspirierte Fr\u00fchlingserfrischung\"},{\"@type\":\"BreadcrumbList\",\"@id\":\"https:\\\/\\\/www.strassenweb.de\\\/nachrichten\\\/die-neue-kollektion-von-pottery-barn-and-kravet-ist-absolut-zeitlos-und-perfekt-fuer-eine-vintage-inspirierte-fruehlingserfrischung\\\/#breadcrumb\",\"itemListElement\":[{\"@type\":\"ListItem\",\"position\":1,\"name\":\"Home\",\"item\":\"https:\\\/\\\/www.strassenweb.de\\\/nachrichten\\\/\"},{\"@type\":\"ListItem\",\"position\":2,\"name\":\"Die neue Kollektion von Pottery Barn and Kravet ist absolut zeitlos und perfekt f\u00fcr eine Vintage-inspirierte Fr\u00fchlingserfrischung\"}]},{\"@type\":\"WebSite\",\"@id\":\"https:\\\/\\\/www.strassenweb.de\\\/nachrichten\\\/#website\",\"url\":\"https:\\\/\\\/www.strassenweb.de\\\/nachrichten\\\/\",\"name\":\"Stra\u00dfenweb\",\"description\":\"Stra\u00dfenverzeichnis f\u00fcr Deutschland\",\"publisher\":{\"@id\":\"https:\\\/\\\/www.strassenweb.de\\\/nachrichten\\\/#organization\"},\"potentialAction\":[{\"@type\":\"SearchAction\",\"target\":{\"@type\":\"EntryPoint\",\"urlTemplate\":\"https:\\\/\\\/www.strassenweb.de\\\/nachrichten\\\/?s={search_term_string}\"},\"query-input\":{\"@type\":\"PropertyValueSpecification\",\"valueRequired\":true,\"valueName\":\"search_term_string\"}}],\"inLanguage\":\"de\"},{\"@type\":\"Organization\",\"@id\":\"https:\\\/\\\/www.strassenweb.de\\\/nachrichten\\\/#organization\",\"name\":\"Stra\u00dfenweb\",\"url\":\"https:\\\/\\\/www.strassenweb.de\\\/nachrichten\\\/\",\"logo\":{\"@type\":\"ImageObject\",\"inLanguage\":\"de\",\"@id\":\"https:\\\/\\\/www.strassenweb.de\\\/nachrichten\\\/#\\\/schema\\\/logo\\\/image\\\/\",\"url\":\"https:\\\/\\\/www.strassenweb.de\\\/nachrichten\\\/wp-content\\\/uploads\\\/2024\\\/09\\\/cropped-favicon.png\",\"contentUrl\":\"https:\\\/\\\/www.strassenweb.de\\\/nachrichten\\\/wp-content\\\/uploads\\\/2024\\\/09\\\/cropped-favicon.png\",\"width\":512,\"height\":512,\"caption\":\"Stra\u00dfenweb\"},\"image\":{\"@id\":\"https:\\\/\\\/www.strassenweb.de\\\/nachrichten\\\/#\\\/schema\\\/logo\\\/image\\\/\"},\"sameAs\":[\"https:\\\/\\\/www.facebook.com\\\/strassenweb\\\/\"]},{\"@type\":\"Person\",\"@id\":\"https:\\\/\\\/www.strassenweb.de\\\/nachrichten\\\/#\\\/schema\\\/person\\\/87c9c9067f1211da429a744dc5a5aa41\",\"name\":\"Robert Hoffmann\",\"image\":{\"@type\":\"ImageObject\",\"inLanguage\":\"de\",\"@id\":\"https:\\\/\\\/www.strassenweb.de\\\/nachrichten\\\/wp-content\\\/uploads\\\/2024\\\/09\\\/strassenweb-150x150.jpg\",\"url\":\"https:\\\/\\\/www.strassenweb.de\\\/nachrichten\\\/wp-content\\\/uploads\\\/2024\\\/09\\\/strassenweb-150x150.jpg\",\"contentUrl\":\"https:\\\/\\\/www.strassenweb.de\\\/nachrichten\\\/wp-content\\\/uploads\\\/2024\\\/09\\\/strassenweb-150x150.jpg\",\"caption\":\"Robert Hoffmann\"},\"description\":\"Ich hei\u00dfe Robert Hoffmann und ich bin ein leidenschaftlicher Verfechter von \u00d6kologie und Biodiversit\u00e4t. Seit meiner Kindheit in den W\u00e4ldern Bayerns f\u00fchle ich mich mit der Natur verbunden und bin entschlossen, sie zu sch\u00fctzen. Heute widme ich mein Leben der Sensibilisierung anderer f\u00fcr die Bedeutung des Umweltschutzes f\u00fcr zuk\u00fcnftige Generationen.\",\"sameAs\":[\"https:\\\/\\\/www.strassenweb.de\\\/\"]}]}<\/script>\n<!-- \/ Yoast SEO plugin. -->","yoast_head_json":{"title":"Die neue Kollektion von Pottery Barn and Kravet ist absolut zeitlos und perfekt f\u00fcr eine Vintage-inspirierte Fr\u00fchlingserfrischung - Nachrichten - Stra\u00dfenweb","robots":{"index":"index","follow":"follow","max-snippet":"max-snippet:-1","max-image-preview":"max-image-preview:large","max-video-preview":"max-video-preview:-1"},"canonical":"https:\/\/www.strassenweb.de\/nachrichten\/die-neue-kollektion-von-pottery-barn-and-kravet-ist-absolut-zeitlos-und-perfekt-fuer-eine-vintage-inspirierte-fruehlingserfrischung\/","og_locale":"de_DE","og_type":"article","og_title":"Die neue Kollektion von Pottery Barn and Kravet ist absolut zeitlos und perfekt f\u00fcr eine Vintage-inspirierte Fr\u00fchlingserfrischung - Nachrichten - Stra\u00dfenweb","og_description":"Es ist die Jahreszeit, in der ich mich mehr denn je an Innenarchitekten und Haushaltswarenmarken wende, um Inspiration f\u00fcr meine Einrichtung zu erhalten. Der Januar","og_url":"https:\/\/www.strassenweb.de\/nachrichten\/die-neue-kollektion-von-pottery-barn-and-kravet-ist-absolut-zeitlos-und-perfekt-fuer-eine-vintage-inspirierte-fruehlingserfrischung\/","og_site_name":"Stra\u00dfenweb","article_publisher":"https:\/\/www.facebook.com\/strassenweb\/","article_published_time":"2025-01-08T18:39:41+00:00","article_modified_time":"2025-01-08T18:39:42+00:00","og_image":[{"width":1200,"height":675,"url":"https:\/\/www.strassenweb.de\/nachrichten\/wp-content\/uploads\/2025\/01\/Die-neue-Kollektion-von-Pottery-Barn-and-Kravet-ist-absolut.jpg","type":"image\/jpeg"}],"author":"Robert Hoffmann","twitter_card":"summary_large_image","twitter_misc":{"Verfasst von":"Robert Hoffmann","Gesch\u00e4tzte Lesezeit":"2\u00a0Minuten"},"schema":{"@context":"https:\/\/schema.org","@graph":[{"@type":"Article","@id":"https:\/\/www.strassenweb.de\/nachrichten\/die-neue-kollektion-von-pottery-barn-and-kravet-ist-absolut-zeitlos-und-perfekt-fuer-eine-vintage-inspirierte-fruehlingserfrischung\/#article","isPartOf":{"@id":"https:\/\/www.strassenweb.de\/nachrichten\/die-neue-kollektion-von-pottery-barn-and-kravet-ist-absolut-zeitlos-und-perfekt-fuer-eine-vintage-inspirierte-fruehlingserfrischung\/"},"author":{"name":"Robert Hoffmann","@id":"https:\/\/www.strassenweb.de\/nachrichten\/#\/schema\/person\/87c9c9067f1211da429a744dc5a5aa41"},"headline":"Die neue Kollektion von Pottery Barn and Kravet ist absolut zeitlos und perfekt f\u00fcr eine Vintage-inspirierte Fr\u00fchlingserfrischung","datePublished":"2025-01-08T18:39:41+00:00","dateModified":"2025-01-08T18:39:42+00:00","mainEntityOfPage":{"@id":"https:\/\/www.strassenweb.de\/nachrichten\/die-neue-kollektion-von-pottery-barn-and-kravet-ist-absolut-zeitlos-und-perfekt-fuer-eine-vintage-inspirierte-fruehlingserfrischung\/"},"wordCount":345,"publisher":{"@id":"https:\/\/www.strassenweb.de\/nachrichten\/#organization"},"image":{"@id":"https:\/\/www.strassenweb.de\/nachrichten\/die-neue-kollektion-von-pottery-barn-and-kravet-ist-absolut-zeitlos-und-perfekt-fuer-eine-vintage-inspirierte-fruehlingserfrischung\/#primaryimage"},"thumbnailUrl":"https:\/\/www.strassenweb.de\/nachrichten\/wp-content\/uploads\/2025\/01\/Die-neue-Kollektion-von-Pottery-Barn-and-Kravet-ist-absolut.jpg","keywords":["absolut","Barn","die","eine","Fr\u00fchlingserfrischung","f\u00fcr","ist","Kollektion","Kravet","Neue","perfekt","Pottery","und","Vintageinspirierte","von","zeitlos"],"articleSection":["Haus &amp; Garten"],"inLanguage":"de"},{"@type":"WebPage","@id":"https:\/\/www.strassenweb.de\/nachrichten\/die-neue-kollektion-von-pottery-barn-and-kravet-ist-absolut-zeitlos-und-perfekt-fuer-eine-vintage-inspirierte-fruehlingserfrischung\/","url":"https:\/\/www.strassenweb.de\/nachrichten\/die-neue-kollektion-von-pottery-barn-and-kravet-ist-absolut-zeitlos-und-perfekt-fuer-eine-vintage-inspirierte-fruehlingserfrischung\/","name":"Die neue Kollektion von Pottery Barn and Kravet ist absolut zeitlos und perfekt f\u00fcr eine Vintage-inspirierte Fr\u00fchlingserfrischung - Nachrichten - Stra\u00dfenweb","isPartOf":{"@id":"https:\/\/www.strassenweb.de\/nachrichten\/#website"},"primaryImageOfPage":{"@id":"https:\/\/www.strassenweb.de\/nachrichten\/die-neue-kollektion-von-pottery-barn-and-kravet-ist-absolut-zeitlos-und-perfekt-fuer-eine-vintage-inspirierte-fruehlingserfrischung\/#primaryimage"},"image":{"@id":"https:\/\/www.strassenweb.de\/nachrichten\/die-neue-kollektion-von-pottery-barn-and-kravet-ist-absolut-zeitlos-und-perfekt-fuer-eine-vintage-inspirierte-fruehlingserfrischung\/#primaryimage"},"thumbnailUrl":"https:\/\/www.strassenweb.de\/nachrichten\/wp-content\/uploads\/2025\/01\/Die-neue-Kollektion-von-Pottery-Barn-and-Kravet-ist-absolut.jpg","datePublished":"2025-01-08T18:39:41+00:00","dateModified":"2025-01-08T18:39:42+00:00","breadcrumb":{"@id":"https:\/\/www.strassenweb.de\/nachrichten\/die-neue-kollektion-von-pottery-barn-and-kravet-ist-absolut-zeitlos-und-perfekt-fuer-eine-vintage-inspirierte-fruehlingserfrischung\/#breadcrumb"},"inLanguage":"de","potentialAction":[{"@type":"ReadAction","target":["https:\/\/www.strassenweb.de\/nachrichten\/die-neue-kollektion-von-pottery-barn-and-kravet-ist-absolut-zeitlos-und-perfekt-fuer-eine-vintage-inspirierte-fruehlingserfrischung\/"]}]},{"@type":"ImageObject","inLanguage":"de","@id":"https:\/\/www.strassenweb.de\/nachrichten\/die-neue-kollektion-von-pottery-barn-and-kravet-ist-absolut-zeitlos-und-perfekt-fuer-eine-vintage-inspirierte-fruehlingserfrischung\/#primaryimage","url":"https:\/\/www.strassenweb.de\/nachrichten\/wp-content\/uploads\/2025\/01\/Die-neue-Kollektion-von-Pottery-Barn-and-Kravet-ist-absolut.jpg","contentUrl":"https:\/\/www.strassenweb.de\/nachrichten\/wp-content\/uploads\/2025\/01\/Die-neue-Kollektion-von-Pottery-Barn-and-Kravet-ist-absolut.jpg","width":1200,"height":675,"caption":"Die neue Kollektion von Pottery Barn and Kravet ist absolut zeitlos und perfekt f\u00fcr eine Vintage-inspirierte Fr\u00fchlingserfrischung"},{"@type":"BreadcrumbList","@id":"https:\/\/www.strassenweb.de\/nachrichten\/die-neue-kollektion-von-pottery-barn-and-kravet-ist-absolut-zeitlos-und-perfekt-fuer-eine-vintage-inspirierte-fruehlingserfrischung\/#breadcrumb","itemListElement":[{"@type":"ListItem","position":1,"name":"Home","item":"https:\/\/www.strassenweb.de\/nachrichten\/"},{"@type":"ListItem","position":2,"name":"Die neue Kollektion von Pottery Barn and Kravet ist absolut zeitlos und perfekt f\u00fcr eine Vintage-inspirierte Fr\u00fchlingserfrischung"}]},{"@type":"WebSite","@id":"https:\/\/www.strassenweb.de\/nachrichten\/#website","url":"https:\/\/www.strassenweb.de\/nachrichten\/","name":"Stra\u00dfenweb","description":"Stra\u00dfenverzeichnis f\u00fcr Deutschland","publisher":{"@id":"https:\/\/www.strassenweb.de\/nachrichten\/#organization"},"potentialAction":[{"@type":"SearchAction","target":{"@type":"EntryPoint","urlTemplate":"https:\/\/www.strassenweb.de\/nachrichten\/?s={search_term_string}"},"query-input":{"@type":"PropertyValueSpecification","valueRequired":true,"valueName":"search_term_string"}}],"inLanguage":"de"},{"@type":"Organization","@id":"https:\/\/www.strassenweb.de\/nachrichten\/#organization","name":"Stra\u00dfenweb","url":"https:\/\/www.strassenweb.de\/nachrichten\/","logo":{"@type":"ImageObject","inLanguage":"de","@id":"https:\/\/www.strassenweb.de\/nachrichten\/#\/schema\/logo\/image\/","url":"https:\/\/www.strassenweb.de\/nachrichten\/wp-content\/uploads\/2024\/09\/cropped-favicon.png","contentUrl":"https:\/\/www.strassenweb.de\/nachrichten\/wp-content\/uploads\/2024\/09\/cropped-favicon.png","width":512,"height":512,"caption":"Stra\u00dfenweb"},"image":{"@id":"https:\/\/www.strassenweb.de\/nachrichten\/#\/schema\/logo\/image\/"},"sameAs":["https:\/\/www.facebook.com\/strassenweb\/"]},{"@type":"Person","@id":"https:\/\/www.strassenweb.de\/nachrichten\/#\/schema\/person\/87c9c9067f1211da429a744dc5a5aa41","name":"Robert Hoffmann","image":{"@type":"ImageObject","inLanguage":"de","@id":"https:\/\/www.strassenweb.de\/nachrichten\/wp-content\/uploads\/2024\/09\/strassenweb-150x150.jpg","url":"https:\/\/www.strassenweb.de\/nachrichten\/wp-content\/uploads\/2024\/09\/strassenweb-150x150.jpg","contentUrl":"https:\/\/www.strassenweb.de\/nachrichten\/wp-content\/uploads\/2024\/09\/strassenweb-150x150.jpg","caption":"Robert Hoffmann"},"description":"Ich hei\u00dfe Robert Hoffmann und ich bin ein leidenschaftlicher Verfechter von \u00d6kologie und Biodiversit\u00e4t. Seit meiner Kindheit in den W\u00e4ldern Bayerns f\u00fchle ich mich mit der Natur verbunden und bin entschlossen, sie zu sch\u00fctzen. Heute widme ich mein Leben der Sensibilisierung anderer f\u00fcr die Bedeutung des Umweltschutzes f\u00fcr zuk\u00fcnftige Generationen.","sameAs":["https:\/\/www.strassenweb.de\/"]}]}},"_links":{"self":[{"href":"https:\/\/www.strassenweb.de\/nachrichten\/wp-json\/wp\/v2\/posts\/2586","targetHints":{"allow":["GET"]}}],"collection":[{"href":"https:\/\/www.strassenweb.de\/nachrichten\/wp-json\/wp\/v2\/posts"}],"about":[{"href":"https:\/\/www.strassenweb.de\/nachrichten\/wp-json\/wp\/v2\/types\/post"}],"author":[{"embeddable":true,"href":"https:\/\/www.strassenweb.de\/nachrichten\/wp-json\/wp\/v2\/users\/1"}],"replies":[{"embeddable":true,"href":"https:\/\/www.strassenweb.de\/nachrichten\/wp-json\/wp\/v2\/comments?post=2586"}],"version-history":[{"count":0,"href":"https:\/\/www.strassenweb.de\/nachrichten\/wp-json\/wp\/v2\/posts\/2586\/revisions"}],"wp:featuredmedia":[{"embeddable":true,"href":"https:\/\/www.strassenweb.de\/nachrichten\/wp-json\/wp\/v2\/media\/2587"}],"wp:attachment":[{"href":"https:\/\/www.strassenweb.de\/nachrichten\/wp-json\/wp\/v2\/media?parent=2586"}],"wp:term":[{"taxonomy":"category","embeddable":true,"href":"https:\/\/www.strassenweb.de\/nachrichten\/wp-json\/wp\/v2\/categories?post=2586"},{"taxonomy":"post_tag","embeddable":true,"href":"https:\/\/www.strassenweb.de\/nachrichten\/wp-json\/wp\/v2\/tags?post=2586"}],"curies":[{"name":"wp","href":"https:\/\/api.w.org\/{rel}","templated":true}]}}