{"id":2583,"date":"2025-01-08T15:39:44","date_gmt":"2025-01-08T14:39:44","guid":{"rendered":"https:\/\/www.strassenweb.de\/nachrichten\/dieser-designer-hat-gerade-gezeigt-wie-sie-einen-faden-durch-ihre-kueche-weben-koennen-und-er-wird-die-art-und-weise-wie-sie-ihren-raum-dekorieren-veraendern\/"},"modified":"2025-01-08T15:39:45","modified_gmt":"2025-01-08T14:39:45","slug":"dieser-designer-hat-gerade-gezeigt-wie-sie-einen-faden-durch-ihre-kueche-weben-koennen-und-er-wird-die-art-und-weise-wie-sie-ihren-raum-dekorieren-veraendern","status":"publish","type":"post","link":"https:\/\/www.strassenweb.de\/nachrichten\/dieser-designer-hat-gerade-gezeigt-wie-sie-einen-faden-durch-ihre-kueche-weben-koennen-und-er-wird-die-art-und-weise-wie-sie-ihren-raum-dekorieren-veraendern\/","title":{"rendered":"Dieser Designer hat gerade gezeigt, wie Sie einen \u201eFaden\u201c durch Ihre K\u00fcche weben k\u00f6nnen \u2013 und er wird die Art und Weise, wie Sie Ihren Raum dekorieren, ver\u00e4ndern"},"content":{"rendered":"<p><\/p>\n<div id=\"article-body\" class=\"article__body \">\n<p>Bei der K\u00fcchengestaltung ist immer viel los. Angesichts der unterschiedlichen Materialien, Oberfl\u00e4chen, Farben und Ger\u00e4te kann es schnell passieren, dass man vom gesamten Prozess v\u00f6llig \u00fcberw\u00e4ltigt wird.<\/p>\n<div id=\"ad-unit-1\" class=\"ad-unit\"><\/div>\n<p>Doch die besten K\u00fcchenideen haben alle eines gemeinsam: Zusammenhalt. Jedes Element funktioniert zusammen, weil es einen Stil, ein Finish oder eine Farbe gibt, die sich durch das gesamte Schema zieht.<\/p>\n<aside class=\"hawk-nest\" data-block-type=\"embed\" data-render-type=\"fte\" data-skip=\"dealsy\" data-widget-type=\"seasonal\">\n<div class=\"hawk-master-widget-hawk-base-wrapper\"><\/div>\n<\/aside>\n<p>Und zum Gl\u00fcck hat die Innenarchitektin Marie Flanigan gerade Instagram besucht, um ihre Ratschl\u00e4ge f\u00fcr die Gestaltung eines stilvollen, luxuri\u00f6sen und (am wichtigsten) zusammenh\u00e4ngenden K\u00fcchendesigns zu teilen \u2013 und das ist einfacher, als Sie vielleicht denken.<\/p>\n<div id=\"desktop-in-article\" class=\"in-article ad-unit\">\n<div id=\"desktop-taboola-mid-article\"><\/div>\n<\/div>\n<div id=\"mobile-in-article\" class=\"in-article ad-unit\">\n<div id=\"mobile-taboola-mid-article\"><\/div>\n<\/div>\n<div class=\"instagram-embed\">\n<blockquote class=\"instagram-media\" data-instgrm-captioned data-instgrm-version=\"6\" style=\"width:99.375%; width:-webkit-calc(100% - 2px); width:calc(100% - 2px);\">\n<p>Ein Beitrag geteilt von Marie Flanigan Interiors (@marieflaniganinteriors)<\/p>\n<p>Ein Foto gepostet von am <\/p>\n<\/blockquote>\n<\/div>\n<p>Bei der Gestaltung einer K\u00fcche gibt es keine Regeln, aber bei so vielen verschiedenen Ideen und Tipps, die es zu ber\u00fccksichtigen gilt, kann sich das Ganze fast unm\u00f6glich anf\u00fchlen. Aber die richtige Beratung kann die Kuratierung Ihres Raums viel einfacher machen.<\/p>\n<div class=\"van_vid_carousel\">\n<div class=\"van_vid_carousel__padding\">\n<div class=\"van_vid_carousel__container\"><\/div>\n<\/div>\n<\/div>\n<p>\u201eEs gibt unendlich viele M\u00f6glichkeiten, an die Gestaltung einer K\u00fcche heranzugehen, doch die besten R\u00e4ume wirken immer zusammenh\u00e4ngend und zielgerichtet\u201c, schreibt Marie Flanigan in der \u00dcberschrift ihres Beitrags. \u201eHier sind einige M\u00f6glichkeiten, wie wir gerne einen roten Faden durch unsere Arbeit weben.\u201c<\/p>\n<div id=\"ad-unit-2\" class=\"ad-unit\"><\/div>\n<h3 class=\"article-body__section\" id=\"section-1-mixing-finishes\"><span>1. Finishs mischen<\/span><\/h3>\n<figure class=\"van-image-figure inline-layout \" data-bordeaux-image-check>\n<div class=\"image-full-width-wrapper\">\n<div class=\"image-widthsetter\" style=\"max-width:2400px;\"><\/div>\n<\/div>\n<\/figure>\n<p>Das Mischen von Oberfl\u00e4chen \u2013 insbesondere wenn es um Metalle und Beschl\u00e4ge geht \u2013 kann die Meinungen wirklich spalten. Aber wenn es richtig gemacht wird, kann es ein K\u00fcchenkonzept wirklich aufwerten. In dieser K\u00fcche ist es perfekt umgesetzt.<\/p>\n<p>Im gesamten Raum steht Messing im Mittelpunkt, von den Schrankgriffen bis zu den Details des Herds. Aber um einen Hauch von Kontrast hinzuzuf\u00fcgen, wurde es mit an der Wand h\u00e4ngenden Kupfert\u00f6pfen kombiniert.<\/p>\n<div id=\"slice-container-newsletterForm-articleInbodyContent-cxu2SF3HA8z25Dg7NW4Xfm\" class=\"slice-container newsletter-inbodyContent-slice newsletterForm-articleInbodyContent-cxu2SF3HA8z25Dg7NW4Xfm slice-container-newsletterForm\"><\/div>\n<p>Der Effekt? Diese K\u00fcchenecke hat mehr Tiefe und Interesse, w\u00e4hrend das Kupfer eine gealterte Vintage-Atmosph\u00e4re vermittelt.<\/p>\n<h3 class=\"article-body__section\" id=\"section-2-accentuating-natural-materials\"><span>2. Akzentuierung nat\u00fcrlicher Materialien<\/span><\/h3>\n<figure class=\"van-image-figure inline-layout \" data-bordeaux-image-check>\n<div class=\"image-full-width-wrapper\">\n<div class=\"image-widthsetter\" style=\"max-width:2400px;\"><\/div>\n<\/div>\n<\/figure>\n<p>Das Vorhandensein nat\u00fcrlicher Materialien kann Ihr K\u00fcchenkonzept nur aufwerten. Stellen Sie also sicher, dass Sie ihnen das Rampenlicht geben, das sie verdienen, egal ob es sich um Holzb\u00f6den, Dekorationen oder gr\u00f6\u00dfere M\u00f6belst\u00fccke handelt.<\/p>\n<p>Das Tolle an nat\u00fcrlichen Materialien ist, dass sie zeitlos sind, W\u00e4rme spenden und sich in nahezu jeden Einrichtungsstil einf\u00fcgen. In dieser K\u00fcche wurden nat\u00fcrliche Elemente durch Topfpflanzen rund um die Sp\u00fcle und K\u00fcchenutensilien aus Holz, die gleichzeitig als Dekoration dienen, hinzugef\u00fcgt.<\/p>\n<p>Dieser Ansatz ist nicht nur ein dauerhafter Designstil, sondern es ist auch einfach, Holzelemente \u00fcberall in Ihrer K\u00fcche hinzuzuf\u00fcgen und so den perfekten Faden zu weben.<\/p>\n<div class=\"product-container hero-product-container product-block-no-wrap\"><\/div>\n<h3 class=\"article-body__section\" id=\"section-3-varied-storage-styles\"><span>3. Abwechslungsreiche Aufbewahrungsstile<\/span><\/h3>\n<figure class=\"van-image-figure inline-layout \" data-bordeaux-image-check>\n<div class=\"image-full-width-wrapper\">\n<div class=\"image-widthsetter\" style=\"max-width:2000px;\"><\/div>\n<\/div>\n<\/figure>\n<p>Wenn es eine Sache gibt, die jede K\u00fcche braucht, dann ist es Stauraum. Aber ein Raum voller gro\u00dfer, sperriger Einbauschr\u00e4nke kann dazu f\u00fchren, dass Ihre K\u00fcche voller strenger Linien und optisch uninteressant wird.<\/p>\n<p>Aus diesem Grund empfiehlt Marie die Einf\u00fchrung verschiedener Aufbewahrungsstile. Dies schafft nicht nur einen dynamischeren Raum, sondern bietet auch vielf\u00e4ltige Aufbewahrungsm\u00f6glichkeiten, von verstecktem Platz in Schr\u00e4nken bis hin zu dekorativen offenen Regalen, in denen Sie Ihre Lieblingsk\u00fcchenger\u00e4te zur Schau stellen k\u00f6nnen.<\/p>\n<h3 class=\"article-body__section\" id=\"section-4-functionality-that-fits-your-lifestyle\"><span>4. Funktionalit\u00e4t, die zu Ihrem Lebensstil passt<\/span><\/h3>\n<figure class=\"van-image-figure inline-layout \" data-bordeaux-image-check>\n<div class=\"image-full-width-wrapper\">\n<div class=\"image-widthsetter\" style=\"max-width:2000px;\"><\/div>\n<\/div>\n<\/figure>\n<p>Funktionalit\u00e4t ist das Herzst\u00fcck guten K\u00fcchendesigns. Stellen Sie sicher, dass Sie vom Stil der Ger\u00e4te, die Sie einf\u00fchren, bis hin zum Gesamtlayout der K\u00fcche darauf achten, was zu Ihren Bed\u00fcrfnissen und Ihrem Lebensstil passt, und nicht auf etwas, das in einer anderen K\u00fcche gut aussieht.<\/p>\n<p>Beispielsweise kann ein Doppelwaschbecken eine luxuri\u00f6se Erg\u00e4nzung sein, aber es lohnt sich nur, es hinzuzuf\u00fcgen, wenn Sie zus\u00e4tzlichen Platz ben\u00f6tigen. Denken Sie auch dar\u00fcber nach, wie Sie Ihren Platz nutzen, um zu entscheiden, ob Sie Ihr Kochfeld und Ihre Sp\u00fcle auf der K\u00fccheninsel haben m\u00f6chten oder ob sie woanders besser funktionieren w\u00fcrden.<\/p>\n<h3 class=\"article-body__section\" id=\"section-5-tying-in-finishes-across-multiple-surfaces\"><span>5. Anbringen von Oberfl\u00e4chen auf mehreren Oberfl\u00e4chen<\/span><\/h3>\n<figure class=\"van-image-figure inline-layout \" data-bordeaux-image-check>\n<div class=\"image-full-width-wrapper\">\n<div class=\"image-widthsetter\" style=\"max-width:2400px;\"><\/div>\n<\/div>\n<\/figure>\n<p>Das Weben eines Fadens durch Ihren Raum tr\u00e4gt dazu bei, ein Gef\u00fchl des Zusammenhalts zu schaffen \u2013 und die von Ihnen gew\u00e4hlten Materialien und Oberfl\u00e4chen sind der Schl\u00fcssel dazu. Und wie Sie sie noch mehr vorstellen.<\/p>\n<p>Diese K\u00fcche zeigt, wie man es richtig macht. Das dunkle Holz der Insel wurde auf den offenen Regalen der Serie nachgebildet, w\u00e4hrend die goldenen offenen Regale das Finish der K\u00fcchenschrankbeschl\u00e4ge und K\u00fcchenpendelleuchten widerspiegeln.<\/p>\n<h3 class=\"article-body__section\" id=\"section-6-playing-with-bold-details\"><span>6. Mit auff\u00e4lligen Details spielen<\/span><\/h3>\n<figure class=\"van-image-figure inline-layout \" data-bordeaux-image-check>\n<div class=\"image-full-width-wrapper\">\n<div class=\"image-widthsetter\" style=\"max-width:2000px;\"><\/div>\n<\/div>\n<\/figure>\n<p>In diesem Jahr konzentrieren wir uns vor allem auf Details. Diese letzten Handgriffe bringen Ihr K\u00fcchendesign auf die n\u00e4chste Ebene \u2013 und sie k\u00f6nnen eine wunderbare M\u00f6glichkeit sein, Ihrem gesamten Raum Zusammenhalt zu verleihen.<\/p>\n<p>In dieser K\u00fcche dreht sich alles um Kurven \u2013 die Form der Insel spiegelt sich in den Fenstern, dem Wasserhahn und durch das organisch geformte Dekor wider. Dies m\u00f6gen wie kleine Details erscheinen, aber sie sind der rote Faden, der ein zusammenh\u00e4ngendes Design schafft.<\/p>\n<hr>\n<p>Es ist einfacher, einen Zusammenhalt in Ihrer K\u00fcche zu schaffen, als Sie vielleicht gedacht haben \u2013 und wenn Sie anfangen, sich das so vorzustellen, als w\u00fcrden Sie einen roten Faden durch Ihr Design weben, k\u00f6nnen Sie schnell die Bereiche identifizieren, die zu einem gehobenen Design zusammengef\u00fcgt werden k\u00f6nnen.<\/p>\n<\/div>\n<p><script async src=\"\/\/www.instagram.com\/embed.js\"><\/script><\/p>\n","protected":false},"excerpt":{"rendered":"<p>Bei der K\u00fcchengestaltung ist immer viel los. Angesichts der unterschiedlichen Materialien, Oberfl\u00e4chen, Farben und Ger\u00e4te kann es schnell passieren, dass man vom gesamten Prozess v\u00f6llig<\/p>\n","protected":false},"author":1,"featured_media":2584,"comment_status":"closed","ping_status":"","sticky":false,"template":"","format":"standard","meta":{"footnotes":""},"categories":[118],"tags":[188,1126,216,9,1554,629,166,4302,495,2025,189,225,325,689,468,182,165,37,4161,4303,2302,26,71],"class_list":["post-2583","post","type-post","status-publish","format-standard","has-post-thumbnail","hentry","category-haus-garten","tag-art","tag-dekorieren","tag-designer","tag-die","tag-dieser","tag-durch","tag-einen","tag-faden","tag-gerade","tag-gezeigt","tag-hat","tag-ihre","tag-ihren","tag-koennen","tag-kueche","tag-raum","tag-sie","tag-und","tag-veraendern","tag-weben","tag-weise","tag-wie","tag-wird","generate-columns","tablet-grid-50","mobile-grid-100","grid-parent","grid-50"],"yoast_head":"<!-- This site is optimized with the Yoast SEO plugin v27.3 - https:\/\/yoast.com\/product\/yoast-seo-wordpress\/ -->\n<title>Dieser Designer hat gerade gezeigt, wie Sie einen \u201eFaden\u201c durch Ihre K\u00fcche weben k\u00f6nnen \u2013 und er wird die Art und Weise, wie Sie Ihren Raum dekorieren, ver\u00e4ndern - Nachrichten - Stra\u00dfenweb<\/title>\n<meta name=\"robots\" content=\"index, follow, max-snippet:-1, max-image-preview:large, max-video-preview:-1\" \/>\n<link rel=\"canonical\" href=\"https:\/\/www.strassenweb.de\/nachrichten\/dieser-designer-hat-gerade-gezeigt-wie-sie-einen-faden-durch-ihre-kueche-weben-koennen-und-er-wird-die-art-und-weise-wie-sie-ihren-raum-dekorieren-veraendern\/\" \/>\n<meta property=\"og:locale\" content=\"de_DE\" \/>\n<meta property=\"og:type\" content=\"article\" \/>\n<meta property=\"og:title\" content=\"Dieser Designer hat gerade gezeigt, wie Sie einen \u201eFaden\u201c durch Ihre K\u00fcche weben k\u00f6nnen \u2013 und er wird die Art und Weise, wie Sie Ihren Raum dekorieren, ver\u00e4ndern - Nachrichten - Stra\u00dfenweb\" \/>\n<meta property=\"og:description\" content=\"Bei der K\u00fcchengestaltung ist immer viel los. Angesichts der unterschiedlichen Materialien, Oberfl\u00e4chen, Farben und Ger\u00e4te kann es schnell passieren, dass man vom gesamten Prozess v\u00f6llig\" \/>\n<meta property=\"og:url\" content=\"https:\/\/www.strassenweb.de\/nachrichten\/dieser-designer-hat-gerade-gezeigt-wie-sie-einen-faden-durch-ihre-kueche-weben-koennen-und-er-wird-die-art-und-weise-wie-sie-ihren-raum-dekorieren-veraendern\/\" \/>\n<meta property=\"og:site_name\" content=\"Stra\u00dfenweb\" \/>\n<meta property=\"article:publisher\" content=\"https:\/\/www.facebook.com\/strassenweb\/\" \/>\n<meta property=\"article:published_time\" content=\"2025-01-08T14:39:44+00:00\" \/>\n<meta property=\"article:modified_time\" content=\"2025-01-08T14:39:45+00:00\" \/>\n<meta property=\"og:image\" content=\"https:\/\/www.strassenweb.de\/nachrichten\/wp-content\/uploads\/2025\/01\/Dieser-Designer-hat-gerade-gezeigt-wie-Sie-einen-\u201eFaden-durch.jpg\" \/>\n\t<meta property=\"og:image:width\" content=\"1200\" \/>\n\t<meta property=\"og:image:height\" content=\"675\" \/>\n\t<meta property=\"og:image:type\" content=\"image\/jpeg\" \/>\n<meta name=\"author\" content=\"Robert Hoffmann\" \/>\n<meta name=\"twitter:card\" content=\"summary_large_image\" \/>\n<meta name=\"twitter:label1\" content=\"Verfasst von\" \/>\n\t<meta name=\"twitter:data1\" content=\"Robert Hoffmann\" \/>\n\t<meta name=\"twitter:label2\" content=\"Gesch\u00e4tzte Lesezeit\" \/>\n\t<meta name=\"twitter:data2\" content=\"4\u00a0Minuten\" \/>\n<script type=\"application\/ld+json\" class=\"yoast-schema-graph\">{\"@context\":\"https:\\\/\\\/schema.org\",\"@graph\":[{\"@type\":\"Article\",\"@id\":\"https:\\\/\\\/www.strassenweb.de\\\/nachrichten\\\/dieser-designer-hat-gerade-gezeigt-wie-sie-einen-faden-durch-ihre-kueche-weben-koennen-und-er-wird-die-art-und-weise-wie-sie-ihren-raum-dekorieren-veraendern\\\/#article\",\"isPartOf\":{\"@id\":\"https:\\\/\\\/www.strassenweb.de\\\/nachrichten\\\/dieser-designer-hat-gerade-gezeigt-wie-sie-einen-faden-durch-ihre-kueche-weben-koennen-und-er-wird-die-art-und-weise-wie-sie-ihren-raum-dekorieren-veraendern\\\/\"},\"author\":{\"name\":\"Robert Hoffmann\",\"@id\":\"https:\\\/\\\/www.strassenweb.de\\\/nachrichten\\\/#\\\/schema\\\/person\\\/87c9c9067f1211da429a744dc5a5aa41\"},\"headline\":\"Dieser Designer hat gerade gezeigt, wie Sie einen \u201eFaden\u201c durch Ihre K\u00fcche weben k\u00f6nnen \u2013 und er wird die Art und Weise, wie Sie Ihren Raum dekorieren, ver\u00e4ndern\",\"datePublished\":\"2025-01-08T14:39:44+00:00\",\"dateModified\":\"2025-01-08T14:39:45+00:00\",\"mainEntityOfPage\":{\"@id\":\"https:\\\/\\\/www.strassenweb.de\\\/nachrichten\\\/dieser-designer-hat-gerade-gezeigt-wie-sie-einen-faden-durch-ihre-kueche-weben-koennen-und-er-wird-die-art-und-weise-wie-sie-ihren-raum-dekorieren-veraendern\\\/\"},\"wordCount\":891,\"publisher\":{\"@id\":\"https:\\\/\\\/www.strassenweb.de\\\/nachrichten\\\/#organization\"},\"image\":{\"@id\":\"https:\\\/\\\/www.strassenweb.de\\\/nachrichten\\\/dieser-designer-hat-gerade-gezeigt-wie-sie-einen-faden-durch-ihre-kueche-weben-koennen-und-er-wird-die-art-und-weise-wie-sie-ihren-raum-dekorieren-veraendern\\\/#primaryimage\"},\"thumbnailUrl\":\"https:\\\/\\\/www.strassenweb.de\\\/nachrichten\\\/wp-content\\\/uploads\\\/2025\\\/01\\\/Dieser-Designer-hat-gerade-gezeigt-wie-Sie-einen-\u201eFaden-durch.jpg\",\"keywords\":[\"Art\",\"dekorieren\",\"Designer\",\"die\",\"dieser\",\"durch\",\"einen\",\"Faden\",\"gerade\",\"gezeigt\",\"hat\",\"ihre\",\"ihren\",\"k\u00f6nnen\",\"K\u00fcche\",\"Raum\",\"Sie\",\"und\",\"ver\u00e4ndern\",\"weben\",\"Weise\",\"Wie\",\"wird\"],\"articleSection\":[\"Haus &amp; Garten\"],\"inLanguage\":\"de\"},{\"@type\":\"WebPage\",\"@id\":\"https:\\\/\\\/www.strassenweb.de\\\/nachrichten\\\/dieser-designer-hat-gerade-gezeigt-wie-sie-einen-faden-durch-ihre-kueche-weben-koennen-und-er-wird-die-art-und-weise-wie-sie-ihren-raum-dekorieren-veraendern\\\/\",\"url\":\"https:\\\/\\\/www.strassenweb.de\\\/nachrichten\\\/dieser-designer-hat-gerade-gezeigt-wie-sie-einen-faden-durch-ihre-kueche-weben-koennen-und-er-wird-die-art-und-weise-wie-sie-ihren-raum-dekorieren-veraendern\\\/\",\"name\":\"Dieser Designer hat gerade gezeigt, wie Sie einen \u201eFaden\u201c durch Ihre K\u00fcche weben k\u00f6nnen \u2013 und er wird die Art und Weise, wie Sie Ihren Raum dekorieren, ver\u00e4ndern - Nachrichten - Stra\u00dfenweb\",\"isPartOf\":{\"@id\":\"https:\\\/\\\/www.strassenweb.de\\\/nachrichten\\\/#website\"},\"primaryImageOfPage\":{\"@id\":\"https:\\\/\\\/www.strassenweb.de\\\/nachrichten\\\/dieser-designer-hat-gerade-gezeigt-wie-sie-einen-faden-durch-ihre-kueche-weben-koennen-und-er-wird-die-art-und-weise-wie-sie-ihren-raum-dekorieren-veraendern\\\/#primaryimage\"},\"image\":{\"@id\":\"https:\\\/\\\/www.strassenweb.de\\\/nachrichten\\\/dieser-designer-hat-gerade-gezeigt-wie-sie-einen-faden-durch-ihre-kueche-weben-koennen-und-er-wird-die-art-und-weise-wie-sie-ihren-raum-dekorieren-veraendern\\\/#primaryimage\"},\"thumbnailUrl\":\"https:\\\/\\\/www.strassenweb.de\\\/nachrichten\\\/wp-content\\\/uploads\\\/2025\\\/01\\\/Dieser-Designer-hat-gerade-gezeigt-wie-Sie-einen-\u201eFaden-durch.jpg\",\"datePublished\":\"2025-01-08T14:39:44+00:00\",\"dateModified\":\"2025-01-08T14:39:45+00:00\",\"breadcrumb\":{\"@id\":\"https:\\\/\\\/www.strassenweb.de\\\/nachrichten\\\/dieser-designer-hat-gerade-gezeigt-wie-sie-einen-faden-durch-ihre-kueche-weben-koennen-und-er-wird-die-art-und-weise-wie-sie-ihren-raum-dekorieren-veraendern\\\/#breadcrumb\"},\"inLanguage\":\"de\",\"potentialAction\":[{\"@type\":\"ReadAction\",\"target\":[\"https:\\\/\\\/www.strassenweb.de\\\/nachrichten\\\/dieser-designer-hat-gerade-gezeigt-wie-sie-einen-faden-durch-ihre-kueche-weben-koennen-und-er-wird-die-art-und-weise-wie-sie-ihren-raum-dekorieren-veraendern\\\/\"]}]},{\"@type\":\"ImageObject\",\"inLanguage\":\"de\",\"@id\":\"https:\\\/\\\/www.strassenweb.de\\\/nachrichten\\\/dieser-designer-hat-gerade-gezeigt-wie-sie-einen-faden-durch-ihre-kueche-weben-koennen-und-er-wird-die-art-und-weise-wie-sie-ihren-raum-dekorieren-veraendern\\\/#primaryimage\",\"url\":\"https:\\\/\\\/www.strassenweb.de\\\/nachrichten\\\/wp-content\\\/uploads\\\/2025\\\/01\\\/Dieser-Designer-hat-gerade-gezeigt-wie-Sie-einen-\u201eFaden-durch.jpg\",\"contentUrl\":\"https:\\\/\\\/www.strassenweb.de\\\/nachrichten\\\/wp-content\\\/uploads\\\/2025\\\/01\\\/Dieser-Designer-hat-gerade-gezeigt-wie-Sie-einen-\u201eFaden-durch.jpg\",\"width\":1200,\"height\":675,\"caption\":\"Dieser Designer hat gerade gezeigt, wie Sie einen \u201eFaden\u201c durch Ihre K\u00fcche weben k\u00f6nnen \u2013 und er wird die Art und Weise, wie Sie Ihren Raum dekorieren, ver\u00e4ndern\"},{\"@type\":\"BreadcrumbList\",\"@id\":\"https:\\\/\\\/www.strassenweb.de\\\/nachrichten\\\/dieser-designer-hat-gerade-gezeigt-wie-sie-einen-faden-durch-ihre-kueche-weben-koennen-und-er-wird-die-art-und-weise-wie-sie-ihren-raum-dekorieren-veraendern\\\/#breadcrumb\",\"itemListElement\":[{\"@type\":\"ListItem\",\"position\":1,\"name\":\"Home\",\"item\":\"https:\\\/\\\/www.strassenweb.de\\\/nachrichten\\\/\"},{\"@type\":\"ListItem\",\"position\":2,\"name\":\"Dieser Designer hat gerade gezeigt, wie Sie einen \u201eFaden\u201c durch Ihre K\u00fcche weben k\u00f6nnen \u2013 und er wird die Art und Weise, wie Sie Ihren Raum dekorieren, ver\u00e4ndern\"}]},{\"@type\":\"WebSite\",\"@id\":\"https:\\\/\\\/www.strassenweb.de\\\/nachrichten\\\/#website\",\"url\":\"https:\\\/\\\/www.strassenweb.de\\\/nachrichten\\\/\",\"name\":\"Stra\u00dfenweb\",\"description\":\"Stra\u00dfenverzeichnis f\u00fcr Deutschland\",\"publisher\":{\"@id\":\"https:\\\/\\\/www.strassenweb.de\\\/nachrichten\\\/#organization\"},\"potentialAction\":[{\"@type\":\"SearchAction\",\"target\":{\"@type\":\"EntryPoint\",\"urlTemplate\":\"https:\\\/\\\/www.strassenweb.de\\\/nachrichten\\\/?s={search_term_string}\"},\"query-input\":{\"@type\":\"PropertyValueSpecification\",\"valueRequired\":true,\"valueName\":\"search_term_string\"}}],\"inLanguage\":\"de\"},{\"@type\":\"Organization\",\"@id\":\"https:\\\/\\\/www.strassenweb.de\\\/nachrichten\\\/#organization\",\"name\":\"Stra\u00dfenweb\",\"url\":\"https:\\\/\\\/www.strassenweb.de\\\/nachrichten\\\/\",\"logo\":{\"@type\":\"ImageObject\",\"inLanguage\":\"de\",\"@id\":\"https:\\\/\\\/www.strassenweb.de\\\/nachrichten\\\/#\\\/schema\\\/logo\\\/image\\\/\",\"url\":\"https:\\\/\\\/www.strassenweb.de\\\/nachrichten\\\/wp-content\\\/uploads\\\/2024\\\/09\\\/cropped-favicon.png\",\"contentUrl\":\"https:\\\/\\\/www.strassenweb.de\\\/nachrichten\\\/wp-content\\\/uploads\\\/2024\\\/09\\\/cropped-favicon.png\",\"width\":512,\"height\":512,\"caption\":\"Stra\u00dfenweb\"},\"image\":{\"@id\":\"https:\\\/\\\/www.strassenweb.de\\\/nachrichten\\\/#\\\/schema\\\/logo\\\/image\\\/\"},\"sameAs\":[\"https:\\\/\\\/www.facebook.com\\\/strassenweb\\\/\"]},{\"@type\":\"Person\",\"@id\":\"https:\\\/\\\/www.strassenweb.de\\\/nachrichten\\\/#\\\/schema\\\/person\\\/87c9c9067f1211da429a744dc5a5aa41\",\"name\":\"Robert Hoffmann\",\"image\":{\"@type\":\"ImageObject\",\"inLanguage\":\"de\",\"@id\":\"https:\\\/\\\/www.strassenweb.de\\\/nachrichten\\\/wp-content\\\/uploads\\\/2024\\\/09\\\/strassenweb-150x150.jpg\",\"url\":\"https:\\\/\\\/www.strassenweb.de\\\/nachrichten\\\/wp-content\\\/uploads\\\/2024\\\/09\\\/strassenweb-150x150.jpg\",\"contentUrl\":\"https:\\\/\\\/www.strassenweb.de\\\/nachrichten\\\/wp-content\\\/uploads\\\/2024\\\/09\\\/strassenweb-150x150.jpg\",\"caption\":\"Robert Hoffmann\"},\"description\":\"Ich hei\u00dfe Robert Hoffmann und ich bin ein leidenschaftlicher Verfechter von \u00d6kologie und Biodiversit\u00e4t. Seit meiner Kindheit in den W\u00e4ldern Bayerns f\u00fchle ich mich mit der Natur verbunden und bin entschlossen, sie zu sch\u00fctzen. Heute widme ich mein Leben der Sensibilisierung anderer f\u00fcr die Bedeutung des Umweltschutzes f\u00fcr zuk\u00fcnftige Generationen.\",\"sameAs\":[\"https:\\\/\\\/www.strassenweb.de\\\/\"]}]}<\/script>\n<!-- \/ Yoast SEO plugin. -->","yoast_head_json":{"title":"Dieser Designer hat gerade gezeigt, wie Sie einen \u201eFaden\u201c durch Ihre K\u00fcche weben k\u00f6nnen \u2013 und er wird die Art und Weise, wie Sie Ihren Raum dekorieren, ver\u00e4ndern - Nachrichten - Stra\u00dfenweb","robots":{"index":"index","follow":"follow","max-snippet":"max-snippet:-1","max-image-preview":"max-image-preview:large","max-video-preview":"max-video-preview:-1"},"canonical":"https:\/\/www.strassenweb.de\/nachrichten\/dieser-designer-hat-gerade-gezeigt-wie-sie-einen-faden-durch-ihre-kueche-weben-koennen-und-er-wird-die-art-und-weise-wie-sie-ihren-raum-dekorieren-veraendern\/","og_locale":"de_DE","og_type":"article","og_title":"Dieser Designer hat gerade gezeigt, wie Sie einen \u201eFaden\u201c durch Ihre K\u00fcche weben k\u00f6nnen \u2013 und er wird die Art und Weise, wie Sie Ihren Raum dekorieren, ver\u00e4ndern - Nachrichten - Stra\u00dfenweb","og_description":"Bei der K\u00fcchengestaltung ist immer viel los. Angesichts der unterschiedlichen Materialien, Oberfl\u00e4chen, Farben und Ger\u00e4te kann es schnell passieren, dass man vom gesamten Prozess v\u00f6llig","og_url":"https:\/\/www.strassenweb.de\/nachrichten\/dieser-designer-hat-gerade-gezeigt-wie-sie-einen-faden-durch-ihre-kueche-weben-koennen-und-er-wird-die-art-und-weise-wie-sie-ihren-raum-dekorieren-veraendern\/","og_site_name":"Stra\u00dfenweb","article_publisher":"https:\/\/www.facebook.com\/strassenweb\/","article_published_time":"2025-01-08T14:39:44+00:00","article_modified_time":"2025-01-08T14:39:45+00:00","og_image":[{"width":1200,"height":675,"url":"https:\/\/www.strassenweb.de\/nachrichten\/wp-content\/uploads\/2025\/01\/Dieser-Designer-hat-gerade-gezeigt-wie-Sie-einen-\u201eFaden-durch.jpg","type":"image\/jpeg"}],"author":"Robert Hoffmann","twitter_card":"summary_large_image","twitter_misc":{"Verfasst von":"Robert Hoffmann","Gesch\u00e4tzte Lesezeit":"4\u00a0Minuten"},"schema":{"@context":"https:\/\/schema.org","@graph":[{"@type":"Article","@id":"https:\/\/www.strassenweb.de\/nachrichten\/dieser-designer-hat-gerade-gezeigt-wie-sie-einen-faden-durch-ihre-kueche-weben-koennen-und-er-wird-die-art-und-weise-wie-sie-ihren-raum-dekorieren-veraendern\/#article","isPartOf":{"@id":"https:\/\/www.strassenweb.de\/nachrichten\/dieser-designer-hat-gerade-gezeigt-wie-sie-einen-faden-durch-ihre-kueche-weben-koennen-und-er-wird-die-art-und-weise-wie-sie-ihren-raum-dekorieren-veraendern\/"},"author":{"name":"Robert Hoffmann","@id":"https:\/\/www.strassenweb.de\/nachrichten\/#\/schema\/person\/87c9c9067f1211da429a744dc5a5aa41"},"headline":"Dieser Designer hat gerade gezeigt, wie Sie einen \u201eFaden\u201c durch Ihre K\u00fcche weben k\u00f6nnen \u2013 und er wird die Art und Weise, wie Sie Ihren Raum dekorieren, ver\u00e4ndern","datePublished":"2025-01-08T14:39:44+00:00","dateModified":"2025-01-08T14:39:45+00:00","mainEntityOfPage":{"@id":"https:\/\/www.strassenweb.de\/nachrichten\/dieser-designer-hat-gerade-gezeigt-wie-sie-einen-faden-durch-ihre-kueche-weben-koennen-und-er-wird-die-art-und-weise-wie-sie-ihren-raum-dekorieren-veraendern\/"},"wordCount":891,"publisher":{"@id":"https:\/\/www.strassenweb.de\/nachrichten\/#organization"},"image":{"@id":"https:\/\/www.strassenweb.de\/nachrichten\/dieser-designer-hat-gerade-gezeigt-wie-sie-einen-faden-durch-ihre-kueche-weben-koennen-und-er-wird-die-art-und-weise-wie-sie-ihren-raum-dekorieren-veraendern\/#primaryimage"},"thumbnailUrl":"https:\/\/www.strassenweb.de\/nachrichten\/wp-content\/uploads\/2025\/01\/Dieser-Designer-hat-gerade-gezeigt-wie-Sie-einen-\u201eFaden-durch.jpg","keywords":["Art","dekorieren","Designer","die","dieser","durch","einen","Faden","gerade","gezeigt","hat","ihre","ihren","k\u00f6nnen","K\u00fcche","Raum","Sie","und","ver\u00e4ndern","weben","Weise","Wie","wird"],"articleSection":["Haus &amp; Garten"],"inLanguage":"de"},{"@type":"WebPage","@id":"https:\/\/www.strassenweb.de\/nachrichten\/dieser-designer-hat-gerade-gezeigt-wie-sie-einen-faden-durch-ihre-kueche-weben-koennen-und-er-wird-die-art-und-weise-wie-sie-ihren-raum-dekorieren-veraendern\/","url":"https:\/\/www.strassenweb.de\/nachrichten\/dieser-designer-hat-gerade-gezeigt-wie-sie-einen-faden-durch-ihre-kueche-weben-koennen-und-er-wird-die-art-und-weise-wie-sie-ihren-raum-dekorieren-veraendern\/","name":"Dieser Designer hat gerade gezeigt, wie Sie einen \u201eFaden\u201c durch Ihre K\u00fcche weben k\u00f6nnen \u2013 und er wird die Art und Weise, wie Sie Ihren Raum dekorieren, ver\u00e4ndern - Nachrichten - Stra\u00dfenweb","isPartOf":{"@id":"https:\/\/www.strassenweb.de\/nachrichten\/#website"},"primaryImageOfPage":{"@id":"https:\/\/www.strassenweb.de\/nachrichten\/dieser-designer-hat-gerade-gezeigt-wie-sie-einen-faden-durch-ihre-kueche-weben-koennen-und-er-wird-die-art-und-weise-wie-sie-ihren-raum-dekorieren-veraendern\/#primaryimage"},"image":{"@id":"https:\/\/www.strassenweb.de\/nachrichten\/dieser-designer-hat-gerade-gezeigt-wie-sie-einen-faden-durch-ihre-kueche-weben-koennen-und-er-wird-die-art-und-weise-wie-sie-ihren-raum-dekorieren-veraendern\/#primaryimage"},"thumbnailUrl":"https:\/\/www.strassenweb.de\/nachrichten\/wp-content\/uploads\/2025\/01\/Dieser-Designer-hat-gerade-gezeigt-wie-Sie-einen-\u201eFaden-durch.jpg","datePublished":"2025-01-08T14:39:44+00:00","dateModified":"2025-01-08T14:39:45+00:00","breadcrumb":{"@id":"https:\/\/www.strassenweb.de\/nachrichten\/dieser-designer-hat-gerade-gezeigt-wie-sie-einen-faden-durch-ihre-kueche-weben-koennen-und-er-wird-die-art-und-weise-wie-sie-ihren-raum-dekorieren-veraendern\/#breadcrumb"},"inLanguage":"de","potentialAction":[{"@type":"ReadAction","target":["https:\/\/www.strassenweb.de\/nachrichten\/dieser-designer-hat-gerade-gezeigt-wie-sie-einen-faden-durch-ihre-kueche-weben-koennen-und-er-wird-die-art-und-weise-wie-sie-ihren-raum-dekorieren-veraendern\/"]}]},{"@type":"ImageObject","inLanguage":"de","@id":"https:\/\/www.strassenweb.de\/nachrichten\/dieser-designer-hat-gerade-gezeigt-wie-sie-einen-faden-durch-ihre-kueche-weben-koennen-und-er-wird-die-art-und-weise-wie-sie-ihren-raum-dekorieren-veraendern\/#primaryimage","url":"https:\/\/www.strassenweb.de\/nachrichten\/wp-content\/uploads\/2025\/01\/Dieser-Designer-hat-gerade-gezeigt-wie-Sie-einen-\u201eFaden-durch.jpg","contentUrl":"https:\/\/www.strassenweb.de\/nachrichten\/wp-content\/uploads\/2025\/01\/Dieser-Designer-hat-gerade-gezeigt-wie-Sie-einen-\u201eFaden-durch.jpg","width":1200,"height":675,"caption":"Dieser Designer hat gerade gezeigt, wie Sie einen \u201eFaden\u201c durch Ihre K\u00fcche weben k\u00f6nnen \u2013 und er wird die Art und Weise, wie Sie Ihren Raum dekorieren, ver\u00e4ndern"},{"@type":"BreadcrumbList","@id":"https:\/\/www.strassenweb.de\/nachrichten\/dieser-designer-hat-gerade-gezeigt-wie-sie-einen-faden-durch-ihre-kueche-weben-koennen-und-er-wird-die-art-und-weise-wie-sie-ihren-raum-dekorieren-veraendern\/#breadcrumb","itemListElement":[{"@type":"ListItem","position":1,"name":"Home","item":"https:\/\/www.strassenweb.de\/nachrichten\/"},{"@type":"ListItem","position":2,"name":"Dieser Designer hat gerade gezeigt, wie Sie einen \u201eFaden\u201c durch Ihre K\u00fcche weben k\u00f6nnen \u2013 und er wird die Art und Weise, wie Sie Ihren Raum dekorieren, ver\u00e4ndern"}]},{"@type":"WebSite","@id":"https:\/\/www.strassenweb.de\/nachrichten\/#website","url":"https:\/\/www.strassenweb.de\/nachrichten\/","name":"Stra\u00dfenweb","description":"Stra\u00dfenverzeichnis f\u00fcr Deutschland","publisher":{"@id":"https:\/\/www.strassenweb.de\/nachrichten\/#organization"},"potentialAction":[{"@type":"SearchAction","target":{"@type":"EntryPoint","urlTemplate":"https:\/\/www.strassenweb.de\/nachrichten\/?s={search_term_string}"},"query-input":{"@type":"PropertyValueSpecification","valueRequired":true,"valueName":"search_term_string"}}],"inLanguage":"de"},{"@type":"Organization","@id":"https:\/\/www.strassenweb.de\/nachrichten\/#organization","name":"Stra\u00dfenweb","url":"https:\/\/www.strassenweb.de\/nachrichten\/","logo":{"@type":"ImageObject","inLanguage":"de","@id":"https:\/\/www.strassenweb.de\/nachrichten\/#\/schema\/logo\/image\/","url":"https:\/\/www.strassenweb.de\/nachrichten\/wp-content\/uploads\/2024\/09\/cropped-favicon.png","contentUrl":"https:\/\/www.strassenweb.de\/nachrichten\/wp-content\/uploads\/2024\/09\/cropped-favicon.png","width":512,"height":512,"caption":"Stra\u00dfenweb"},"image":{"@id":"https:\/\/www.strassenweb.de\/nachrichten\/#\/schema\/logo\/image\/"},"sameAs":["https:\/\/www.facebook.com\/strassenweb\/"]},{"@type":"Person","@id":"https:\/\/www.strassenweb.de\/nachrichten\/#\/schema\/person\/87c9c9067f1211da429a744dc5a5aa41","name":"Robert Hoffmann","image":{"@type":"ImageObject","inLanguage":"de","@id":"https:\/\/www.strassenweb.de\/nachrichten\/wp-content\/uploads\/2024\/09\/strassenweb-150x150.jpg","url":"https:\/\/www.strassenweb.de\/nachrichten\/wp-content\/uploads\/2024\/09\/strassenweb-150x150.jpg","contentUrl":"https:\/\/www.strassenweb.de\/nachrichten\/wp-content\/uploads\/2024\/09\/strassenweb-150x150.jpg","caption":"Robert Hoffmann"},"description":"Ich hei\u00dfe Robert Hoffmann und ich bin ein leidenschaftlicher Verfechter von \u00d6kologie und Biodiversit\u00e4t. Seit meiner Kindheit in den W\u00e4ldern Bayerns f\u00fchle ich mich mit der Natur verbunden und bin entschlossen, sie zu sch\u00fctzen. Heute widme ich mein Leben der Sensibilisierung anderer f\u00fcr die Bedeutung des Umweltschutzes f\u00fcr zuk\u00fcnftige Generationen.","sameAs":["https:\/\/www.strassenweb.de\/"]}]}},"_links":{"self":[{"href":"https:\/\/www.strassenweb.de\/nachrichten\/wp-json\/wp\/v2\/posts\/2583","targetHints":{"allow":["GET"]}}],"collection":[{"href":"https:\/\/www.strassenweb.de\/nachrichten\/wp-json\/wp\/v2\/posts"}],"about":[{"href":"https:\/\/www.strassenweb.de\/nachrichten\/wp-json\/wp\/v2\/types\/post"}],"author":[{"embeddable":true,"href":"https:\/\/www.strassenweb.de\/nachrichten\/wp-json\/wp\/v2\/users\/1"}],"replies":[{"embeddable":true,"href":"https:\/\/www.strassenweb.de\/nachrichten\/wp-json\/wp\/v2\/comments?post=2583"}],"version-history":[{"count":0,"href":"https:\/\/www.strassenweb.de\/nachrichten\/wp-json\/wp\/v2\/posts\/2583\/revisions"}],"wp:featuredmedia":[{"embeddable":true,"href":"https:\/\/www.strassenweb.de\/nachrichten\/wp-json\/wp\/v2\/media\/2584"}],"wp:attachment":[{"href":"https:\/\/www.strassenweb.de\/nachrichten\/wp-json\/wp\/v2\/media?parent=2583"}],"wp:term":[{"taxonomy":"category","embeddable":true,"href":"https:\/\/www.strassenweb.de\/nachrichten\/wp-json\/wp\/v2\/categories?post=2583"},{"taxonomy":"post_tag","embeddable":true,"href":"https:\/\/www.strassenweb.de\/nachrichten\/wp-json\/wp\/v2\/tags?post=2583"}],"curies":[{"name":"wp","href":"https:\/\/api.w.org\/{rel}","templated":true}]}}