{"id":2571,"date":"2025-01-07T23:40:30","date_gmt":"2025-01-07T22:40:30","guid":{"rendered":"https:\/\/www.strassenweb.de\/nachrichten\/das-badezimmer-von-ray-romano-steht-fuer-warmen-minimalismus-dieser-entspannte-schnoerkellose-look-wird-im-jahr-2025-allgegenwaertig-sein\/"},"modified":"2025-01-07T23:40:32","modified_gmt":"2025-01-07T22:40:32","slug":"das-badezimmer-von-ray-romano-steht-fuer-warmen-minimalismus-dieser-entspannte-schnoerkellose-look-wird-im-jahr-2025-allgegenwaertig-sein","status":"publish","type":"post","link":"https:\/\/www.strassenweb.de\/nachrichten\/das-badezimmer-von-ray-romano-steht-fuer-warmen-minimalismus-dieser-entspannte-schnoerkellose-look-wird-im-jahr-2025-allgegenwaertig-sein\/","title":{"rendered":"Das Badezimmer von Ray Romano steht f\u00fcr warmen Minimalismus \u2013 dieser entspannte, schn\u00f6rkellose Look wird im Jahr 2025 allgegenw\u00e4rtig sein"},"content":{"rendered":"<p><\/p>\n<div id=\"article-body\" class=\"article__body \">\n<p>Nach einigen turbulenten Jahren kann man mit Recht sagen, dass viele von uns ihre Aufmerksamkeit auf die einfache, zur\u00fcckhaltende \u201ewarme minimalistische\u201c Inneneinrichtung richten, die man oft in italienischen Landh\u00e4usern und sizilianischen Bauernh\u00e4usern sieht. Denken Sie an wei\u00df get\u00fcnchte W\u00e4nde, gemusterte B\u00f6den und viele warme und gem\u00fctliche Holzakzente. Diese H\u00e4user sind niemals karg, klinisch oder kalt.<\/p>\n<div id=\"ad-unit-1\" class=\"ad-unit\"><\/div>\n<p>Warmer Minimalismus steht ebenso wie der ruhige Luxustrend im Rampenlicht des Designs. Im Gegensatz zu seiner k\u00fchleren, aber dennoch klinischeren Schwester verspricht ein warmes, minimalistisches Interieur mehr Charakter und Komfort in einem sauberen und funktionalen Raum.<\/p>\n<aside class=\"hawk-nest\" data-block-type=\"embed\" data-render-type=\"fte\" data-skip=\"dealsy\" data-widget-type=\"seasonal\">\n<div class=\"hawk-master-widget-hawk-base-wrapper\"><\/div>\n<\/aside>\n<p>Dies war das Ziel des weltber\u00fchmten Innenarchitekten Nate Berkus, der mit der Gestaltung und Planung des La Quinta, Kalifornien, f\u00fcr den Emmy-pr\u00e4mierten Schauspieler, Autor und Produzenten Ray Romano und seine Frau Anna beauftragt wurde. Das Ergebnis ist ein einladender, ruhiger und aufger\u00e4umter Raum, der die ruhige Einfachheit des warmen minimalistischen Trends verk\u00f6rpert.<\/p>\n<div id=\"desktop-in-article\" class=\"in-article ad-unit\">\n<div id=\"desktop-taboola-mid-article\"><\/div>\n<\/div>\n<div id=\"mobile-in-article\" class=\"in-article ad-unit\">\n<div id=\"mobile-taboola-mid-article\"><\/div>\n<\/div>\n<div class=\"instagram-embed\">\n<blockquote class=\"instagram-media\" data-instgrm-captioned data-instgrm-version=\"6\" style=\"width:99.375%; width:-webkit-calc(100% - 2px); width:calc(100% - 2px);\">\n<p>Ein Beitrag geteilt von Jenna Ohnemus Peffley (@jennapeffley)<\/p>\n<p>Ein Foto gepostet von am <\/p>\n<\/blockquote>\n<\/div>\n<p>Aber wie einfach ist es, die von den Kaliforniern geliebte \u00c4sthetik in Ihrem Badezimmer zu erreichen? Die Antwort ist \u00fcberraschend einfach.<\/p>\n<div class=\"van_vid_carousel\">\n<div class=\"van_vid_carousel__padding\">\n<div class=\"van_vid_carousel__container\"><\/div>\n<\/div>\n<\/div>\n<p>Der einfachste Weg, diesen Look zu erzielen, besteht darin, die w\u00e4rmsten Farben der Natur nachzuahmen. Inspiriert von Farben aus der Natur, verleiht der warme Minimalismus Innenr\u00e4umen eine sanfte und beruhigende Note, die mit Texturen und T\u00f6nen geschichtet werden kann, um sich an die Jahreszeiten anzupassen.<\/p>\n<div id=\"ad-unit-2\" class=\"ad-unit\"><\/div>\n<p>\u201eEs gibt eindeutig einen Trend hin zum warmen Minimalismus mit tieferen Farbt\u00f6nen und satten, neutralen T\u00f6nen \u2013 ich sehe viele Designer, die mit Neutralt\u00f6nen dekorieren, um gem\u00fctliche, einladende R\u00e4ume zu schaffen, die in ihrer Einfachheit immer noch elegant und ruhig sind.\u201c \u201eEs geht darum, ein Gef\u00fchl des Zusammenhalts zu schaffen, sodass kein M\u00f6belst\u00fcck oder keine Farbe den Raum \u00fcberm\u00e4\u00dfig dominiert\u201c, sagt Becca Casey, Designerin und Gr\u00fcnderin von Becca Interiors.<\/p>\n<p>Taupe, Greige, Salbeigr\u00fcn und Sand sind von der \u00fcppigen, rauen Landschaft drau\u00dfen inspiriert. Sie arbeiten eher mit als gegen die nat\u00fcrliche Harmonie der Umgebung. Die Pracht der W\u00fcstenberge dient als perfekte Kulisse f\u00fcr einen warmen, minimalistischen Raum.<\/p>\n<div id=\"slice-container-newsletterForm-articleInbodyContent-Mp2V23EAvFA7nUAbpazdZV\" class=\"slice-container newsletter-inbodyContent-slice newsletterForm-articleInbodyContent-Mp2V23EAvFA7nUAbpazdZV slice-container-newsletterForm\"><\/div>\n<p>Durchgehend werden nat\u00fcrliche Materialien verwendet, die die Harmonie des Gesamtkonzepts unterstreichen. Sie sind, wie alles andere in Romanos Zuhause, perfekt aufgestellt und ausgeglichen. Am fertigen Look gibt es kaum etwas auszusetzen. Es ist gelebt, aber bearbeitet \u2013 minimalistisch und dennoch warm.<\/p>\n<h2 id=\"shop-the-look-3\">Shoppen Sie den Look<\/h2>\n<p>Auch warmer Minimalismus verbindet sich deutlich mit einem k\u00fchlen K\u00fcstengef\u00fchl, und Au\u00dfen- und Innenbereich verschwimmen. Der Schl\u00fcssel liegt darin, diesen Look so einfach wie m\u00f6glich zu halten. Hier habe ich meine Lieblingsprodukte ausgew\u00e4hlt, mit denen Sie den Look in Ihrem eigenen Badezimmer nachbilden k\u00f6nnen.<\/p>\n<div class=\"product-container hero-product-container product-block-no-wrap\"><\/div>\n<\/div>\n<p><script async src=\"\/\/www.instagram.com\/embed.js\"><\/script><\/p>\n","protected":false},"excerpt":{"rendered":"<p>Nach einigen turbulenten Jahren kann man mit Recht sagen, dass viele von uns ihre Aufmerksamkeit auf die einfache, zur\u00fcckhaltende \u201ewarme minimalistische\u201c Inneneinrichtung richten, die man<\/p>\n","protected":false},"author":1,"featured_media":2572,"comment_status":"closed","ping_status":"","sticky":false,"template":"","format":"standard","meta":{"footnotes":""},"categories":[118],"tags":[4295,2411,112,1554,4293,55,384,3572,4291,4292,4294,306,1876,21,636,71],"class_list":["post-2571","post","type-post","status-publish","format-standard","has-post-thumbnail","hentry","category-haus-garten","tag-allgegenwaertig","tag-badezimmer","tag-das","tag-dieser","tag-entspannte","tag-fuer","tag-jahr","tag-minimalismus","tag-ray","tag-romano","tag-schnoerkellose","tag-sein","tag-steht","tag-von","tag-waermen","tag-wird","generate-columns","tablet-grid-50","mobile-grid-100","grid-parent","grid-50"],"yoast_head":"<!-- This site is optimized with the Yoast SEO plugin v27.3 - https:\/\/yoast.com\/product\/yoast-seo-wordpress\/ -->\n<title>Das Badezimmer von Ray Romano steht f\u00fcr warmen Minimalismus \u2013 dieser entspannte, schn\u00f6rkellose Look wird im Jahr 2025 allgegenw\u00e4rtig sein - Nachrichten - Stra\u00dfenweb<\/title>\n<meta name=\"robots\" content=\"index, follow, max-snippet:-1, max-image-preview:large, max-video-preview:-1\" \/>\n<link rel=\"canonical\" href=\"https:\/\/www.strassenweb.de\/nachrichten\/das-badezimmer-von-ray-romano-steht-fuer-warmen-minimalismus-dieser-entspannte-schnoerkellose-look-wird-im-jahr-2025-allgegenwaertig-sein\/\" \/>\n<meta property=\"og:locale\" content=\"de_DE\" \/>\n<meta property=\"og:type\" content=\"article\" \/>\n<meta property=\"og:title\" content=\"Das Badezimmer von Ray Romano steht f\u00fcr warmen Minimalismus \u2013 dieser entspannte, schn\u00f6rkellose Look wird im Jahr 2025 allgegenw\u00e4rtig sein - Nachrichten - Stra\u00dfenweb\" \/>\n<meta property=\"og:description\" content=\"Nach einigen turbulenten Jahren kann man mit Recht sagen, dass viele von uns ihre Aufmerksamkeit auf die einfache, zur\u00fcckhaltende \u201ewarme minimalistische\u201c Inneneinrichtung richten, die man\" \/>\n<meta property=\"og:url\" content=\"https:\/\/www.strassenweb.de\/nachrichten\/das-badezimmer-von-ray-romano-steht-fuer-warmen-minimalismus-dieser-entspannte-schnoerkellose-look-wird-im-jahr-2025-allgegenwaertig-sein\/\" \/>\n<meta property=\"og:site_name\" content=\"Stra\u00dfenweb\" \/>\n<meta property=\"article:publisher\" content=\"https:\/\/www.facebook.com\/strassenweb\/\" \/>\n<meta property=\"article:published_time\" content=\"2025-01-07T22:40:30+00:00\" \/>\n<meta property=\"article:modified_time\" content=\"2025-01-07T22:40:32+00:00\" \/>\n<meta property=\"og:image\" content=\"https:\/\/www.strassenweb.de\/nachrichten\/wp-content\/uploads\/2025\/01\/Das-Badezimmer-von-Ray-Romano-steht-fuer-warmen-Minimalismus-\u2013.jpg\" \/>\n\t<meta property=\"og:image:width\" content=\"1200\" \/>\n\t<meta property=\"og:image:height\" content=\"675\" \/>\n\t<meta property=\"og:image:type\" content=\"image\/jpeg\" \/>\n<meta name=\"author\" content=\"Robert Hoffmann\" \/>\n<meta name=\"twitter:card\" content=\"summary_large_image\" \/>\n<meta name=\"twitter:label1\" content=\"Verfasst von\" \/>\n\t<meta name=\"twitter:data1\" content=\"Robert Hoffmann\" \/>\n\t<meta name=\"twitter:label2\" content=\"Gesch\u00e4tzte Lesezeit\" \/>\n\t<meta name=\"twitter:data2\" content=\"2\u00a0Minuten\" \/>\n<script type=\"application\/ld+json\" class=\"yoast-schema-graph\">{\"@context\":\"https:\\\/\\\/schema.org\",\"@graph\":[{\"@type\":\"Article\",\"@id\":\"https:\\\/\\\/www.strassenweb.de\\\/nachrichten\\\/das-badezimmer-von-ray-romano-steht-fuer-warmen-minimalismus-dieser-entspannte-schnoerkellose-look-wird-im-jahr-2025-allgegenwaertig-sein\\\/#article\",\"isPartOf\":{\"@id\":\"https:\\\/\\\/www.strassenweb.de\\\/nachrichten\\\/das-badezimmer-von-ray-romano-steht-fuer-warmen-minimalismus-dieser-entspannte-schnoerkellose-look-wird-im-jahr-2025-allgegenwaertig-sein\\\/\"},\"author\":{\"name\":\"Robert Hoffmann\",\"@id\":\"https:\\\/\\\/www.strassenweb.de\\\/nachrichten\\\/#\\\/schema\\\/person\\\/87c9c9067f1211da429a744dc5a5aa41\"},\"headline\":\"Das Badezimmer von Ray Romano steht f\u00fcr warmen Minimalismus \u2013 dieser entspannte, schn\u00f6rkellose Look wird im Jahr 2025 allgegenw\u00e4rtig sein\",\"datePublished\":\"2025-01-07T22:40:30+00:00\",\"dateModified\":\"2025-01-07T22:40:32+00:00\",\"mainEntityOfPage\":{\"@id\":\"https:\\\/\\\/www.strassenweb.de\\\/nachrichten\\\/das-badezimmer-von-ray-romano-steht-fuer-warmen-minimalismus-dieser-entspannte-schnoerkellose-look-wird-im-jahr-2025-allgegenwaertig-sein\\\/\"},\"wordCount\":477,\"publisher\":{\"@id\":\"https:\\\/\\\/www.strassenweb.de\\\/nachrichten\\\/#organization\"},\"image\":{\"@id\":\"https:\\\/\\\/www.strassenweb.de\\\/nachrichten\\\/das-badezimmer-von-ray-romano-steht-fuer-warmen-minimalismus-dieser-entspannte-schnoerkellose-look-wird-im-jahr-2025-allgegenwaertig-sein\\\/#primaryimage\"},\"thumbnailUrl\":\"https:\\\/\\\/www.strassenweb.de\\\/nachrichten\\\/wp-content\\\/uploads\\\/2025\\\/01\\\/Das-Badezimmer-von-Ray-Romano-steht-fuer-warmen-Minimalismus-\u2013.jpg\",\"keywords\":[\"allgegenw\u00e4rtig\",\"Badezimmer\",\"das\",\"dieser\",\"entspannte\",\"f\u00fcr\",\"Jahr\",\"Minimalismus\",\"Ray\",\"Romano\",\"schn\u00f6rkellose\",\"sein\",\"steht\",\"von\",\"w\u00e4rmen\",\"wird\"],\"articleSection\":[\"Haus &amp; Garten\"],\"inLanguage\":\"de\"},{\"@type\":\"WebPage\",\"@id\":\"https:\\\/\\\/www.strassenweb.de\\\/nachrichten\\\/das-badezimmer-von-ray-romano-steht-fuer-warmen-minimalismus-dieser-entspannte-schnoerkellose-look-wird-im-jahr-2025-allgegenwaertig-sein\\\/\",\"url\":\"https:\\\/\\\/www.strassenweb.de\\\/nachrichten\\\/das-badezimmer-von-ray-romano-steht-fuer-warmen-minimalismus-dieser-entspannte-schnoerkellose-look-wird-im-jahr-2025-allgegenwaertig-sein\\\/\",\"name\":\"Das Badezimmer von Ray Romano steht f\u00fcr warmen Minimalismus \u2013 dieser entspannte, schn\u00f6rkellose Look wird im Jahr 2025 allgegenw\u00e4rtig sein - Nachrichten - Stra\u00dfenweb\",\"isPartOf\":{\"@id\":\"https:\\\/\\\/www.strassenweb.de\\\/nachrichten\\\/#website\"},\"primaryImageOfPage\":{\"@id\":\"https:\\\/\\\/www.strassenweb.de\\\/nachrichten\\\/das-badezimmer-von-ray-romano-steht-fuer-warmen-minimalismus-dieser-entspannte-schnoerkellose-look-wird-im-jahr-2025-allgegenwaertig-sein\\\/#primaryimage\"},\"image\":{\"@id\":\"https:\\\/\\\/www.strassenweb.de\\\/nachrichten\\\/das-badezimmer-von-ray-romano-steht-fuer-warmen-minimalismus-dieser-entspannte-schnoerkellose-look-wird-im-jahr-2025-allgegenwaertig-sein\\\/#primaryimage\"},\"thumbnailUrl\":\"https:\\\/\\\/www.strassenweb.de\\\/nachrichten\\\/wp-content\\\/uploads\\\/2025\\\/01\\\/Das-Badezimmer-von-Ray-Romano-steht-fuer-warmen-Minimalismus-\u2013.jpg\",\"datePublished\":\"2025-01-07T22:40:30+00:00\",\"dateModified\":\"2025-01-07T22:40:32+00:00\",\"breadcrumb\":{\"@id\":\"https:\\\/\\\/www.strassenweb.de\\\/nachrichten\\\/das-badezimmer-von-ray-romano-steht-fuer-warmen-minimalismus-dieser-entspannte-schnoerkellose-look-wird-im-jahr-2025-allgegenwaertig-sein\\\/#breadcrumb\"},\"inLanguage\":\"de\",\"potentialAction\":[{\"@type\":\"ReadAction\",\"target\":[\"https:\\\/\\\/www.strassenweb.de\\\/nachrichten\\\/das-badezimmer-von-ray-romano-steht-fuer-warmen-minimalismus-dieser-entspannte-schnoerkellose-look-wird-im-jahr-2025-allgegenwaertig-sein\\\/\"]}]},{\"@type\":\"ImageObject\",\"inLanguage\":\"de\",\"@id\":\"https:\\\/\\\/www.strassenweb.de\\\/nachrichten\\\/das-badezimmer-von-ray-romano-steht-fuer-warmen-minimalismus-dieser-entspannte-schnoerkellose-look-wird-im-jahr-2025-allgegenwaertig-sein\\\/#primaryimage\",\"url\":\"https:\\\/\\\/www.strassenweb.de\\\/nachrichten\\\/wp-content\\\/uploads\\\/2025\\\/01\\\/Das-Badezimmer-von-Ray-Romano-steht-fuer-warmen-Minimalismus-\u2013.jpg\",\"contentUrl\":\"https:\\\/\\\/www.strassenweb.de\\\/nachrichten\\\/wp-content\\\/uploads\\\/2025\\\/01\\\/Das-Badezimmer-von-Ray-Romano-steht-fuer-warmen-Minimalismus-\u2013.jpg\",\"width\":1200,\"height\":675,\"caption\":\"Das Badezimmer von Ray Romano steht f\u00fcr warmen Minimalismus \u2013 dieser entspannte, schn\u00f6rkellose Look wird im Jahr 2025 allgegenw\u00e4rtig sein\"},{\"@type\":\"BreadcrumbList\",\"@id\":\"https:\\\/\\\/www.strassenweb.de\\\/nachrichten\\\/das-badezimmer-von-ray-romano-steht-fuer-warmen-minimalismus-dieser-entspannte-schnoerkellose-look-wird-im-jahr-2025-allgegenwaertig-sein\\\/#breadcrumb\",\"itemListElement\":[{\"@type\":\"ListItem\",\"position\":1,\"name\":\"Home\",\"item\":\"https:\\\/\\\/www.strassenweb.de\\\/nachrichten\\\/\"},{\"@type\":\"ListItem\",\"position\":2,\"name\":\"Das Badezimmer von Ray Romano steht f\u00fcr warmen Minimalismus \u2013 dieser entspannte, schn\u00f6rkellose Look wird im Jahr 2025 allgegenw\u00e4rtig sein\"}]},{\"@type\":\"WebSite\",\"@id\":\"https:\\\/\\\/www.strassenweb.de\\\/nachrichten\\\/#website\",\"url\":\"https:\\\/\\\/www.strassenweb.de\\\/nachrichten\\\/\",\"name\":\"Stra\u00dfenweb\",\"description\":\"Stra\u00dfenverzeichnis f\u00fcr Deutschland\",\"publisher\":{\"@id\":\"https:\\\/\\\/www.strassenweb.de\\\/nachrichten\\\/#organization\"},\"potentialAction\":[{\"@type\":\"SearchAction\",\"target\":{\"@type\":\"EntryPoint\",\"urlTemplate\":\"https:\\\/\\\/www.strassenweb.de\\\/nachrichten\\\/?s={search_term_string}\"},\"query-input\":{\"@type\":\"PropertyValueSpecification\",\"valueRequired\":true,\"valueName\":\"search_term_string\"}}],\"inLanguage\":\"de\"},{\"@type\":\"Organization\",\"@id\":\"https:\\\/\\\/www.strassenweb.de\\\/nachrichten\\\/#organization\",\"name\":\"Stra\u00dfenweb\",\"url\":\"https:\\\/\\\/www.strassenweb.de\\\/nachrichten\\\/\",\"logo\":{\"@type\":\"ImageObject\",\"inLanguage\":\"de\",\"@id\":\"https:\\\/\\\/www.strassenweb.de\\\/nachrichten\\\/#\\\/schema\\\/logo\\\/image\\\/\",\"url\":\"https:\\\/\\\/www.strassenweb.de\\\/nachrichten\\\/wp-content\\\/uploads\\\/2024\\\/09\\\/cropped-favicon.png\",\"contentUrl\":\"https:\\\/\\\/www.strassenweb.de\\\/nachrichten\\\/wp-content\\\/uploads\\\/2024\\\/09\\\/cropped-favicon.png\",\"width\":512,\"height\":512,\"caption\":\"Stra\u00dfenweb\"},\"image\":{\"@id\":\"https:\\\/\\\/www.strassenweb.de\\\/nachrichten\\\/#\\\/schema\\\/logo\\\/image\\\/\"},\"sameAs\":[\"https:\\\/\\\/www.facebook.com\\\/strassenweb\\\/\"]},{\"@type\":\"Person\",\"@id\":\"https:\\\/\\\/www.strassenweb.de\\\/nachrichten\\\/#\\\/schema\\\/person\\\/87c9c9067f1211da429a744dc5a5aa41\",\"name\":\"Robert Hoffmann\",\"image\":{\"@type\":\"ImageObject\",\"inLanguage\":\"de\",\"@id\":\"https:\\\/\\\/www.strassenweb.de\\\/nachrichten\\\/wp-content\\\/uploads\\\/2024\\\/09\\\/strassenweb-150x150.jpg\",\"url\":\"https:\\\/\\\/www.strassenweb.de\\\/nachrichten\\\/wp-content\\\/uploads\\\/2024\\\/09\\\/strassenweb-150x150.jpg\",\"contentUrl\":\"https:\\\/\\\/www.strassenweb.de\\\/nachrichten\\\/wp-content\\\/uploads\\\/2024\\\/09\\\/strassenweb-150x150.jpg\",\"caption\":\"Robert Hoffmann\"},\"description\":\"Ich hei\u00dfe Robert Hoffmann und ich bin ein leidenschaftlicher Verfechter von \u00d6kologie und Biodiversit\u00e4t. Seit meiner Kindheit in den W\u00e4ldern Bayerns f\u00fchle ich mich mit der Natur verbunden und bin entschlossen, sie zu sch\u00fctzen. Heute widme ich mein Leben der Sensibilisierung anderer f\u00fcr die Bedeutung des Umweltschutzes f\u00fcr zuk\u00fcnftige Generationen.\",\"sameAs\":[\"https:\\\/\\\/www.strassenweb.de\\\/\"]}]}<\/script>\n<!-- \/ Yoast SEO plugin. -->","yoast_head_json":{"title":"Das Badezimmer von Ray Romano steht f\u00fcr warmen Minimalismus \u2013 dieser entspannte, schn\u00f6rkellose Look wird im Jahr 2025 allgegenw\u00e4rtig sein - Nachrichten - Stra\u00dfenweb","robots":{"index":"index","follow":"follow","max-snippet":"max-snippet:-1","max-image-preview":"max-image-preview:large","max-video-preview":"max-video-preview:-1"},"canonical":"https:\/\/www.strassenweb.de\/nachrichten\/das-badezimmer-von-ray-romano-steht-fuer-warmen-minimalismus-dieser-entspannte-schnoerkellose-look-wird-im-jahr-2025-allgegenwaertig-sein\/","og_locale":"de_DE","og_type":"article","og_title":"Das Badezimmer von Ray Romano steht f\u00fcr warmen Minimalismus \u2013 dieser entspannte, schn\u00f6rkellose Look wird im Jahr 2025 allgegenw\u00e4rtig sein - Nachrichten - Stra\u00dfenweb","og_description":"Nach einigen turbulenten Jahren kann man mit Recht sagen, dass viele von uns ihre Aufmerksamkeit auf die einfache, zur\u00fcckhaltende \u201ewarme minimalistische\u201c Inneneinrichtung richten, die man","og_url":"https:\/\/www.strassenweb.de\/nachrichten\/das-badezimmer-von-ray-romano-steht-fuer-warmen-minimalismus-dieser-entspannte-schnoerkellose-look-wird-im-jahr-2025-allgegenwaertig-sein\/","og_site_name":"Stra\u00dfenweb","article_publisher":"https:\/\/www.facebook.com\/strassenweb\/","article_published_time":"2025-01-07T22:40:30+00:00","article_modified_time":"2025-01-07T22:40:32+00:00","og_image":[{"width":1200,"height":675,"url":"https:\/\/www.strassenweb.de\/nachrichten\/wp-content\/uploads\/2025\/01\/Das-Badezimmer-von-Ray-Romano-steht-fuer-warmen-Minimalismus-\u2013.jpg","type":"image\/jpeg"}],"author":"Robert Hoffmann","twitter_card":"summary_large_image","twitter_misc":{"Verfasst von":"Robert Hoffmann","Gesch\u00e4tzte Lesezeit":"2\u00a0Minuten"},"schema":{"@context":"https:\/\/schema.org","@graph":[{"@type":"Article","@id":"https:\/\/www.strassenweb.de\/nachrichten\/das-badezimmer-von-ray-romano-steht-fuer-warmen-minimalismus-dieser-entspannte-schnoerkellose-look-wird-im-jahr-2025-allgegenwaertig-sein\/#article","isPartOf":{"@id":"https:\/\/www.strassenweb.de\/nachrichten\/das-badezimmer-von-ray-romano-steht-fuer-warmen-minimalismus-dieser-entspannte-schnoerkellose-look-wird-im-jahr-2025-allgegenwaertig-sein\/"},"author":{"name":"Robert Hoffmann","@id":"https:\/\/www.strassenweb.de\/nachrichten\/#\/schema\/person\/87c9c9067f1211da429a744dc5a5aa41"},"headline":"Das Badezimmer von Ray Romano steht f\u00fcr warmen Minimalismus \u2013 dieser entspannte, schn\u00f6rkellose Look wird im Jahr 2025 allgegenw\u00e4rtig sein","datePublished":"2025-01-07T22:40:30+00:00","dateModified":"2025-01-07T22:40:32+00:00","mainEntityOfPage":{"@id":"https:\/\/www.strassenweb.de\/nachrichten\/das-badezimmer-von-ray-romano-steht-fuer-warmen-minimalismus-dieser-entspannte-schnoerkellose-look-wird-im-jahr-2025-allgegenwaertig-sein\/"},"wordCount":477,"publisher":{"@id":"https:\/\/www.strassenweb.de\/nachrichten\/#organization"},"image":{"@id":"https:\/\/www.strassenweb.de\/nachrichten\/das-badezimmer-von-ray-romano-steht-fuer-warmen-minimalismus-dieser-entspannte-schnoerkellose-look-wird-im-jahr-2025-allgegenwaertig-sein\/#primaryimage"},"thumbnailUrl":"https:\/\/www.strassenweb.de\/nachrichten\/wp-content\/uploads\/2025\/01\/Das-Badezimmer-von-Ray-Romano-steht-fuer-warmen-Minimalismus-\u2013.jpg","keywords":["allgegenw\u00e4rtig","Badezimmer","das","dieser","entspannte","f\u00fcr","Jahr","Minimalismus","Ray","Romano","schn\u00f6rkellose","sein","steht","von","w\u00e4rmen","wird"],"articleSection":["Haus &amp; Garten"],"inLanguage":"de"},{"@type":"WebPage","@id":"https:\/\/www.strassenweb.de\/nachrichten\/das-badezimmer-von-ray-romano-steht-fuer-warmen-minimalismus-dieser-entspannte-schnoerkellose-look-wird-im-jahr-2025-allgegenwaertig-sein\/","url":"https:\/\/www.strassenweb.de\/nachrichten\/das-badezimmer-von-ray-romano-steht-fuer-warmen-minimalismus-dieser-entspannte-schnoerkellose-look-wird-im-jahr-2025-allgegenwaertig-sein\/","name":"Das Badezimmer von Ray Romano steht f\u00fcr warmen Minimalismus \u2013 dieser entspannte, schn\u00f6rkellose Look wird im Jahr 2025 allgegenw\u00e4rtig sein - Nachrichten - Stra\u00dfenweb","isPartOf":{"@id":"https:\/\/www.strassenweb.de\/nachrichten\/#website"},"primaryImageOfPage":{"@id":"https:\/\/www.strassenweb.de\/nachrichten\/das-badezimmer-von-ray-romano-steht-fuer-warmen-minimalismus-dieser-entspannte-schnoerkellose-look-wird-im-jahr-2025-allgegenwaertig-sein\/#primaryimage"},"image":{"@id":"https:\/\/www.strassenweb.de\/nachrichten\/das-badezimmer-von-ray-romano-steht-fuer-warmen-minimalismus-dieser-entspannte-schnoerkellose-look-wird-im-jahr-2025-allgegenwaertig-sein\/#primaryimage"},"thumbnailUrl":"https:\/\/www.strassenweb.de\/nachrichten\/wp-content\/uploads\/2025\/01\/Das-Badezimmer-von-Ray-Romano-steht-fuer-warmen-Minimalismus-\u2013.jpg","datePublished":"2025-01-07T22:40:30+00:00","dateModified":"2025-01-07T22:40:32+00:00","breadcrumb":{"@id":"https:\/\/www.strassenweb.de\/nachrichten\/das-badezimmer-von-ray-romano-steht-fuer-warmen-minimalismus-dieser-entspannte-schnoerkellose-look-wird-im-jahr-2025-allgegenwaertig-sein\/#breadcrumb"},"inLanguage":"de","potentialAction":[{"@type":"ReadAction","target":["https:\/\/www.strassenweb.de\/nachrichten\/das-badezimmer-von-ray-romano-steht-fuer-warmen-minimalismus-dieser-entspannte-schnoerkellose-look-wird-im-jahr-2025-allgegenwaertig-sein\/"]}]},{"@type":"ImageObject","inLanguage":"de","@id":"https:\/\/www.strassenweb.de\/nachrichten\/das-badezimmer-von-ray-romano-steht-fuer-warmen-minimalismus-dieser-entspannte-schnoerkellose-look-wird-im-jahr-2025-allgegenwaertig-sein\/#primaryimage","url":"https:\/\/www.strassenweb.de\/nachrichten\/wp-content\/uploads\/2025\/01\/Das-Badezimmer-von-Ray-Romano-steht-fuer-warmen-Minimalismus-\u2013.jpg","contentUrl":"https:\/\/www.strassenweb.de\/nachrichten\/wp-content\/uploads\/2025\/01\/Das-Badezimmer-von-Ray-Romano-steht-fuer-warmen-Minimalismus-\u2013.jpg","width":1200,"height":675,"caption":"Das Badezimmer von Ray Romano steht f\u00fcr warmen Minimalismus \u2013 dieser entspannte, schn\u00f6rkellose Look wird im Jahr 2025 allgegenw\u00e4rtig sein"},{"@type":"BreadcrumbList","@id":"https:\/\/www.strassenweb.de\/nachrichten\/das-badezimmer-von-ray-romano-steht-fuer-warmen-minimalismus-dieser-entspannte-schnoerkellose-look-wird-im-jahr-2025-allgegenwaertig-sein\/#breadcrumb","itemListElement":[{"@type":"ListItem","position":1,"name":"Home","item":"https:\/\/www.strassenweb.de\/nachrichten\/"},{"@type":"ListItem","position":2,"name":"Das Badezimmer von Ray Romano steht f\u00fcr warmen Minimalismus \u2013 dieser entspannte, schn\u00f6rkellose Look wird im Jahr 2025 allgegenw\u00e4rtig sein"}]},{"@type":"WebSite","@id":"https:\/\/www.strassenweb.de\/nachrichten\/#website","url":"https:\/\/www.strassenweb.de\/nachrichten\/","name":"Stra\u00dfenweb","description":"Stra\u00dfenverzeichnis f\u00fcr Deutschland","publisher":{"@id":"https:\/\/www.strassenweb.de\/nachrichten\/#organization"},"potentialAction":[{"@type":"SearchAction","target":{"@type":"EntryPoint","urlTemplate":"https:\/\/www.strassenweb.de\/nachrichten\/?s={search_term_string}"},"query-input":{"@type":"PropertyValueSpecification","valueRequired":true,"valueName":"search_term_string"}}],"inLanguage":"de"},{"@type":"Organization","@id":"https:\/\/www.strassenweb.de\/nachrichten\/#organization","name":"Stra\u00dfenweb","url":"https:\/\/www.strassenweb.de\/nachrichten\/","logo":{"@type":"ImageObject","inLanguage":"de","@id":"https:\/\/www.strassenweb.de\/nachrichten\/#\/schema\/logo\/image\/","url":"https:\/\/www.strassenweb.de\/nachrichten\/wp-content\/uploads\/2024\/09\/cropped-favicon.png","contentUrl":"https:\/\/www.strassenweb.de\/nachrichten\/wp-content\/uploads\/2024\/09\/cropped-favicon.png","width":512,"height":512,"caption":"Stra\u00dfenweb"},"image":{"@id":"https:\/\/www.strassenweb.de\/nachrichten\/#\/schema\/logo\/image\/"},"sameAs":["https:\/\/www.facebook.com\/strassenweb\/"]},{"@type":"Person","@id":"https:\/\/www.strassenweb.de\/nachrichten\/#\/schema\/person\/87c9c9067f1211da429a744dc5a5aa41","name":"Robert Hoffmann","image":{"@type":"ImageObject","inLanguage":"de","@id":"https:\/\/www.strassenweb.de\/nachrichten\/wp-content\/uploads\/2024\/09\/strassenweb-150x150.jpg","url":"https:\/\/www.strassenweb.de\/nachrichten\/wp-content\/uploads\/2024\/09\/strassenweb-150x150.jpg","contentUrl":"https:\/\/www.strassenweb.de\/nachrichten\/wp-content\/uploads\/2024\/09\/strassenweb-150x150.jpg","caption":"Robert Hoffmann"},"description":"Ich hei\u00dfe Robert Hoffmann und ich bin ein leidenschaftlicher Verfechter von \u00d6kologie und Biodiversit\u00e4t. Seit meiner Kindheit in den W\u00e4ldern Bayerns f\u00fchle ich mich mit der Natur verbunden und bin entschlossen, sie zu sch\u00fctzen. Heute widme ich mein Leben der Sensibilisierung anderer f\u00fcr die Bedeutung des Umweltschutzes f\u00fcr zuk\u00fcnftige Generationen.","sameAs":["https:\/\/www.strassenweb.de\/"]}]}},"_links":{"self":[{"href":"https:\/\/www.strassenweb.de\/nachrichten\/wp-json\/wp\/v2\/posts\/2571","targetHints":{"allow":["GET"]}}],"collection":[{"href":"https:\/\/www.strassenweb.de\/nachrichten\/wp-json\/wp\/v2\/posts"}],"about":[{"href":"https:\/\/www.strassenweb.de\/nachrichten\/wp-json\/wp\/v2\/types\/post"}],"author":[{"embeddable":true,"href":"https:\/\/www.strassenweb.de\/nachrichten\/wp-json\/wp\/v2\/users\/1"}],"replies":[{"embeddable":true,"href":"https:\/\/www.strassenweb.de\/nachrichten\/wp-json\/wp\/v2\/comments?post=2571"}],"version-history":[{"count":0,"href":"https:\/\/www.strassenweb.de\/nachrichten\/wp-json\/wp\/v2\/posts\/2571\/revisions"}],"wp:featuredmedia":[{"embeddable":true,"href":"https:\/\/www.strassenweb.de\/nachrichten\/wp-json\/wp\/v2\/media\/2572"}],"wp:attachment":[{"href":"https:\/\/www.strassenweb.de\/nachrichten\/wp-json\/wp\/v2\/media?parent=2571"}],"wp:term":[{"taxonomy":"category","embeddable":true,"href":"https:\/\/www.strassenweb.de\/nachrichten\/wp-json\/wp\/v2\/categories?post=2571"},{"taxonomy":"post_tag","embeddable":true,"href":"https:\/\/www.strassenweb.de\/nachrichten\/wp-json\/wp\/v2\/tags?post=2571"}],"curies":[{"name":"wp","href":"https:\/\/api.w.org\/{rel}","templated":true}]}}