{"id":2562,"date":"2025-01-07T11:39:48","date_gmt":"2025-01-07T10:39:48","guid":{"rendered":"https:\/\/www.strassenweb.de\/nachrichten\/so-schneiden-sie-ebereschenbaeume-fuer-gesunde-formschoene-baeume-voller-beeren\/"},"modified":"2025-01-07T11:39:49","modified_gmt":"2025-01-07T10:39:49","slug":"so-schneiden-sie-ebereschenbaeume-fuer-gesunde-formschoene-baeume-voller-beeren","status":"publish","type":"post","link":"https:\/\/www.strassenweb.de\/nachrichten\/so-schneiden-sie-ebereschenbaeume-fuer-gesunde-formschoene-baeume-voller-beeren\/","title":{"rendered":"So schneiden Sie Ebereschenb\u00e4ume \u2013 f\u00fcr gesunde, formsch\u00f6ne B\u00e4ume voller Beeren"},"content":{"rendered":"<p><\/p>\n<div id=\"article-body\" class=\"article__body \">\n<p>Es ist wichtig zu lernen, wie man Ebereschenb\u00e4ume beschneidet, insbesondere wenn Sie in den Herbst- und Wintermonaten eine F\u00fclle von Beeren genie\u00dfen m\u00f6chten. Ein Schnitt zur falschen Jahreszeit kann dazu f\u00fchren, dass St\u00e4ngel entfernt werden, die Fr\u00fcchte tragen w\u00fcrden, was f\u00fcr jeden G\u00e4rtner eine Entt\u00e4uschung w\u00e4re.<\/p>\n<div id=\"ad-unit-1\" class=\"ad-unit\"><\/div>\n<p>Ebereschenb\u00e4ume, wissenschaftlich bekannt als <em>Sorbus<\/em>sind in weiten Teilen Nordamerikas und Europas verbreitet. Sie sind klein bis mittelgro\u00df und haben ein attraktives Laubwerk, das im Oktober und November von Gr\u00fcn nach Orange und Rot wechselt. Es sind jedoch ihre Beeren, die diese Baumart nicht nur f\u00fcr uns G\u00e4rtner, sondern auch f\u00fcr hungrige V\u00f6gel zu etwas ganz Besonderem machen. Aus diesem Grund ist es wichtig, den richtigen Schnittansatz zu erlernen.<\/p>\n<p>Auch wenn Sie vielleicht wissen, wie man Ebereschenb\u00e4ume z\u00fcchtet, garantiert Ihnen das Erlernen des richtigen Zeitpunkts und der richtigen Vorgehensweise beim Beschneiden Jahr f\u00fcr Jahr ein spektakul\u00e4res saisonales Schauspiel. Hier geben wir Ihnen alle Informationen, die Sie ben\u00f6tigen, um Ebereschenb\u00e4ume gesund und sch\u00f6n zu halten.<\/p>\n<div id=\"desktop-in-article\" class=\"in-article ad-unit\">\n<div id=\"desktop-taboola-mid-article\"><\/div>\n<\/div>\n<div id=\"mobile-in-article\" class=\"in-article ad-unit\">\n<div id=\"mobile-taboola-mid-article\"><\/div>\n<\/div>\n<figure class=\"van-image-figure inline-layout \" data-bordeaux-image-check>\n<div class=\"image-full-width-wrapper\">\n<div class=\"image-widthsetter\" style=\"max-width:2400px;\"><\/div>\n<\/div>\n<\/figure>\n<h2 id=\"how-to-prune-rowan-trees-3\">So beschneiden Sie Ebereschenb\u00e4ume<\/h2>\n<aside class=\"hawk-nest\" data-block-type=\"embed\" data-render-type=\"fte\" data-skip=\"dealsy\" data-widget-type=\"seasonal\">\n<div class=\"hawk-master-widget-hawk-base-wrapper\"><\/div>\n<\/aside>\n<p>Ebereschen gelten als einige der besten Statement-B\u00e4ume f\u00fcr den Anbau in Hinterh\u00f6fen. Mit attraktivem Laub und leuchtend roten Beeren k\u00f6nnen sie dazu beitragen, einen farbenfrohen Hintergrund f\u00fcr Gartenr\u00e4nder und Beete zu schaffen. Auch wenn die Pflege relativ einfach ist, gibt es beim Erlernen des Beschneidens von Vogelbeerb\u00e4umen einige Regeln zu beachten. Hier verr\u00e4t Ihnen ein Gartenexperte aus Tennessee alles, was Sie f\u00fcr einen erfolgreichen Schnitt wissen m\u00fcssen.<\/p>\n<div class=\"van_vid_carousel\">\n<div class=\"van_vid_carousel__padding\">\n<div class=\"van_vid_carousel__container\"><\/div>\n<\/div>\n<\/div>\n<h3 class=\"article-body__section\" id=\"section-when-to-prune-rowan-trees\"><span>Wann sollten Ebereschenb\u00e4ume beschnitten werden?<\/span><\/h3>\n<figure class=\"van-image-figure inline-layout \" data-bordeaux-image-check>\n<div class=\"image-full-width-wrapper\">\n<div class=\"image-widthsetter\" style=\"max-width:2400px;\"><\/div>\n<\/div>\n<\/figure>\n<p>\u201eEbereschen sind robuste, winterharte B\u00e4ume, die in weiten Teilen der USA zu finden sind\u201c, sagt Tammy Sons, G\u00e4rtnerin und Gesch\u00e4ftsf\u00fchrerin von TN Nurseries mit Sitz in Altamont, Tennessee. \u201eSie k\u00f6nnen von der US-Winterh\u00e4rtezone 3 bis zur US-Winterh\u00e4rtezone 6 angebaut werden, was sie zu idealen B\u00e4umen f\u00fcr k\u00fchlere Klimazonen macht.\u201c<\/p>\n<div id=\"ad-unit-2\" class=\"ad-unit\"><\/div>\n<p>\u201eUm Ebereschenb\u00e4ume effektiv zu beschneiden, beachten Sie die besten Zeiten daf\u00fcr\u201c, r\u00e4t Tammy. \u201eDer sp\u00e4te Winter bis zum fr\u00fchen Fr\u00fchling, wenn der Baum ruht, ist der optimale Zeitpunkt, um das Risiko von Infektionen oder \u00fcberm\u00e4\u00dfigem Saftverlust zu verringern.\u201c Idealerweise zwischen Dezember und Februar, sp\u00e4testens jedoch bis dahin. Ein R\u00fcckschnitt im M\u00e4rz w\u00e4re ein Fehler beim Beschneiden und birgt die Gefahr, dass neues Wachstum entsteht, gerade wenn der Baum gerade zum Leben erwacht, was nicht zu empfehlen ist.\u201c<\/p>\n<h3 class=\"article-body__section\" id=\"section-advice-on-how-to-prune-rowan-trees\"><span>Ratschl\u00e4ge zum Beschneiden von Ebereschenb\u00e4umen<\/span><\/h3>\n<figure class=\"van-image-figure inline-layout \" data-bordeaux-image-check>\n<div class=\"image-full-width-wrapper\">\n<div class=\"image-widthsetter\" style=\"max-width:2400px;\"><\/div>\n<\/div>\n<\/figure>\n<p>Ebereschen gelten als einige der pflegeleichtesten B\u00e4ume f\u00fcr einen Hinterhof, und wie bei den meisten Baumarten sind ihre Schnittanforderungen nicht schwer zu verstehen.<\/p>\n<p>\u201eEntfernen Sie zun\u00e4chst tote oder kranke \u00c4ste, um die Ausbreitung einer Infektion Ihres Baumes zu verhindern\u201c, sagt Tammy. \u201eDies sollte leicht zu erkennen sein, da Sie im Vergleich zu gesunden Zweigen eine Verf\u00e4rbung bemerken werden.\u201c Alle geschw\u00e4rzten, faulen oder gebrochenen Gliedma\u00dfen k\u00f6nnen entfernt werden.\u201c Verwenden Sie f\u00fcr gr\u00f6\u00dfere \u00c4ste etwas wie diese Corona-Asts\u00e4ge, die Sie bei Amazon bestellen k\u00f6nnen.<\/p>\n<p>\u201eWenn Ihr Baum viele nach innen wachsende St\u00e4mme hat und etwas \u00fcberf\u00fcllt aussieht, entfernen Sie vorsichtig einige \u00c4ste, um die Sonneneinstrahlung und die Luftzirkulation in der Mitte des Ebereschenbaums zu verbessern.\u201c Schneiden Sie mit einer Gartenschere oder einer Astschere bis auf ein gesundes Gelenk zu. Sie m\u00f6chten keine unangenehmen, unnat\u00fcrlichen Winkel hinterlassen, daher ist es oft besser, ziemlich weit nach hinten zu schneiden. Auch wenn es sich grausam anf\u00fchlen mag, wird das Ergebnis wohlgeformter aussehen.<\/p>\n<p>\u201eSie m\u00f6chten, dass sich das Bl\u00e4tterdach ausgeglichen und offen anf\u00fchlt\u201c, f\u00fcgt Tammy hinzu. \u201eDenken Sie einfach an die nat\u00fcrliche Form eines runden Baumes in einem Wald, wenn Sie Inspiration brauchen.\u201c Ein h\u00e4ufiger Fehler beim Beschneiden von B\u00e4umen, den es zu vermeiden gilt, besteht darin, zu viel Wachstum zu entfernen. Befolgen Sie daher unbedingt die Ein-Drittel-Schnittregel und schneiden Sie innerhalb eines Jahres nicht mehr als 20 bis 30 % des Gesamtwachstums ab.<\/p>\n<p>\u201eEntfernen Sie au\u00dferdem weiterhin alle Triebe, die entlang des Hauptstamms oder an der Basis des Baumes wachsen. Diese Saugn\u00e4pfe entziehen dem Baum Energie, daher ist eine regelm\u00e4\u00dfige und rechtzeitige Entfernung am besten.<\/p>\n<p>\u201eAbschlie\u00dfend sollten Sie beim Beschneiden von Ebereschen immer darauf achten, scharfe, saubere Werkzeuge zu verwenden.\u201c Dazu geh\u00f6ren Asts\u00e4gen, Scheren und Astscheren. Es ist am besten, jedes Werkzeug zwischen den Eins\u00e4tzen zu sterilisieren, um die Ausbreitung von Infektionen oder Krankheiten zu verhindern, die andere Pflanzen oder B\u00e4ume \u00fcbertragen k\u00f6nnten.\u201c<\/p>\n<h3 class=\"article-body__section\" id=\"section-faqs\"><span>FAQs<\/span><\/h3>\n<h2 id=\"can-i-add-tree-clippings-to-my-compost-heap-3\">Kann ich Baumschnitt zu meinem Komposthaufen hinzuf\u00fcgen? <\/h2>\n<p>Ja, Sie k\u00f6nnen Ebereschenschnittst\u00fccke zu Ihrem Komposthaufen hinzuf\u00fcgen. Sie k\u00f6nnen auch alte Bl\u00e4tter oder Beeren hinzuf\u00fcgen, aber achten Sie darauf, alle gr\u00f6\u00dferen St\u00e4ngel und Zweige so abzuschneiden, dass sie nicht l\u00e4nger als ein paar Zentimeter sind. Es dauert sonst lange, bis gro\u00dfe \u00c4ste und St\u00e4ngel abgebaut sind.<\/p>\n<hr>\n<p>W\u00e4hrend Ebereschenb\u00e4ume im Allgemeinen als autark gelten, sobald sie etabliert sind, kann es eine gute Idee sein, einmal im Jahr eine Mulchstelle durchzuf\u00fchren. Tragen Sie mit hausgemachtem oder im Laden gekauftem Kompost oder Mulch eine dicke 5 bis 7 cm dicke Schicht um die Basis Ihres Baumes auf, um ihm wichtige N\u00e4hrstoffe zuzuf\u00fchren und die Feuchtigkeit im Boden f\u00fcr die Sommermonate zu halten. Mulch ist bei Walmart erh\u00e4ltlich.<\/p>\n<\/div>\n","protected":false},"excerpt":{"rendered":"<p>Es ist wichtig zu lernen, wie man Ebereschenb\u00e4ume beschneidet, insbesondere wenn Sie in den Herbst- und Wintermonaten eine F\u00fclle von Beeren genie\u00dfen m\u00f6chten. Ein Schnitt<\/p>\n","protected":false},"author":1,"featured_media":2563,"comment_status":"closed","ping_status":"","sticky":false,"template":"","format":"standard","meta":{"footnotes":""},"categories":[118],"tags":[443,2145,4279,4280,55,739,2031,165,792],"class_list":["post-2562","post","type-post","status-publish","format-standard","has-post-thumbnail","hentry","category-haus-garten","tag-baeume","tag-beeren","tag-ebereschenbaeume","tag-formschoene","tag-fuer","tag-gesunde","tag-schneiden","tag-sie","tag-voller","generate-columns","tablet-grid-50","mobile-grid-100","grid-parent","grid-50"],"yoast_head":"<!-- This site is optimized with the Yoast SEO plugin v27.3 - https:\/\/yoast.com\/product\/yoast-seo-wordpress\/ -->\n<title>So schneiden Sie Ebereschenb\u00e4ume \u2013 f\u00fcr gesunde, formsch\u00f6ne B\u00e4ume voller Beeren - Nachrichten - Stra\u00dfenweb<\/title>\n<meta name=\"robots\" content=\"index, follow, max-snippet:-1, max-image-preview:large, max-video-preview:-1\" \/>\n<link rel=\"canonical\" href=\"https:\/\/www.strassenweb.de\/nachrichten\/so-schneiden-sie-ebereschenbaeume-fuer-gesunde-formschoene-baeume-voller-beeren\/\" \/>\n<meta property=\"og:locale\" content=\"de_DE\" \/>\n<meta property=\"og:type\" content=\"article\" \/>\n<meta property=\"og:title\" content=\"So schneiden Sie Ebereschenb\u00e4ume \u2013 f\u00fcr gesunde, formsch\u00f6ne B\u00e4ume voller Beeren - Nachrichten - Stra\u00dfenweb\" \/>\n<meta property=\"og:description\" content=\"Es ist wichtig zu lernen, wie man Ebereschenb\u00e4ume beschneidet, insbesondere wenn Sie in den Herbst- und Wintermonaten eine F\u00fclle von Beeren genie\u00dfen m\u00f6chten. Ein Schnitt\" \/>\n<meta property=\"og:url\" content=\"https:\/\/www.strassenweb.de\/nachrichten\/so-schneiden-sie-ebereschenbaeume-fuer-gesunde-formschoene-baeume-voller-beeren\/\" \/>\n<meta property=\"og:site_name\" content=\"Stra\u00dfenweb\" \/>\n<meta property=\"article:publisher\" content=\"https:\/\/www.facebook.com\/strassenweb\/\" \/>\n<meta property=\"article:published_time\" content=\"2025-01-07T10:39:48+00:00\" \/>\n<meta property=\"article:modified_time\" content=\"2025-01-07T10:39:49+00:00\" \/>\n<meta property=\"og:image\" content=\"https:\/\/www.strassenweb.de\/nachrichten\/wp-content\/uploads\/2025\/01\/So-schneiden-Sie-Ebereschenbaeume-\u2013-fuer-gesunde-formschoene-Baeume-voller.jpg\" \/>\n\t<meta property=\"og:image:width\" content=\"1200\" \/>\n\t<meta property=\"og:image:height\" content=\"675\" \/>\n\t<meta property=\"og:image:type\" content=\"image\/jpeg\" \/>\n<meta name=\"author\" content=\"Robert Hoffmann\" \/>\n<meta name=\"twitter:card\" content=\"summary_large_image\" \/>\n<meta name=\"twitter:label1\" content=\"Verfasst von\" \/>\n\t<meta name=\"twitter:data1\" content=\"Robert Hoffmann\" \/>\n\t<meta name=\"twitter:label2\" content=\"Gesch\u00e4tzte Lesezeit\" \/>\n\t<meta name=\"twitter:data2\" content=\"4\u00a0Minuten\" \/>\n<script type=\"application\/ld+json\" class=\"yoast-schema-graph\">{\"@context\":\"https:\\\/\\\/schema.org\",\"@graph\":[{\"@type\":\"Article\",\"@id\":\"https:\\\/\\\/www.strassenweb.de\\\/nachrichten\\\/so-schneiden-sie-ebereschenbaeume-fuer-gesunde-formschoene-baeume-voller-beeren\\\/#article\",\"isPartOf\":{\"@id\":\"https:\\\/\\\/www.strassenweb.de\\\/nachrichten\\\/so-schneiden-sie-ebereschenbaeume-fuer-gesunde-formschoene-baeume-voller-beeren\\\/\"},\"author\":{\"name\":\"Robert Hoffmann\",\"@id\":\"https:\\\/\\\/www.strassenweb.de\\\/nachrichten\\\/#\\\/schema\\\/person\\\/87c9c9067f1211da429a744dc5a5aa41\"},\"headline\":\"So schneiden Sie Ebereschenb\u00e4ume \u2013 f\u00fcr gesunde, formsch\u00f6ne B\u00e4ume voller Beeren\",\"datePublished\":\"2025-01-07T10:39:48+00:00\",\"dateModified\":\"2025-01-07T10:39:49+00:00\",\"mainEntityOfPage\":{\"@id\":\"https:\\\/\\\/www.strassenweb.de\\\/nachrichten\\\/so-schneiden-sie-ebereschenbaeume-fuer-gesunde-formschoene-baeume-voller-beeren\\\/\"},\"wordCount\":915,\"publisher\":{\"@id\":\"https:\\\/\\\/www.strassenweb.de\\\/nachrichten\\\/#organization\"},\"image\":{\"@id\":\"https:\\\/\\\/www.strassenweb.de\\\/nachrichten\\\/so-schneiden-sie-ebereschenbaeume-fuer-gesunde-formschoene-baeume-voller-beeren\\\/#primaryimage\"},\"thumbnailUrl\":\"https:\\\/\\\/www.strassenweb.de\\\/nachrichten\\\/wp-content\\\/uploads\\\/2025\\\/01\\\/So-schneiden-Sie-Ebereschenbaeume-\u2013-fuer-gesunde-formschoene-Baeume-voller.jpg\",\"keywords\":[\"B\u00e4ume\",\"Beeren\",\"Ebereschenb\u00e4ume\",\"formsch\u00f6ne\",\"f\u00fcr\",\"Gesunde\",\"schneiden\",\"Sie\",\"voller\"],\"articleSection\":[\"Haus &amp; Garten\"],\"inLanguage\":\"de\"},{\"@type\":\"WebPage\",\"@id\":\"https:\\\/\\\/www.strassenweb.de\\\/nachrichten\\\/so-schneiden-sie-ebereschenbaeume-fuer-gesunde-formschoene-baeume-voller-beeren\\\/\",\"url\":\"https:\\\/\\\/www.strassenweb.de\\\/nachrichten\\\/so-schneiden-sie-ebereschenbaeume-fuer-gesunde-formschoene-baeume-voller-beeren\\\/\",\"name\":\"So schneiden Sie Ebereschenb\u00e4ume \u2013 f\u00fcr gesunde, formsch\u00f6ne B\u00e4ume voller Beeren - Nachrichten - Stra\u00dfenweb\",\"isPartOf\":{\"@id\":\"https:\\\/\\\/www.strassenweb.de\\\/nachrichten\\\/#website\"},\"primaryImageOfPage\":{\"@id\":\"https:\\\/\\\/www.strassenweb.de\\\/nachrichten\\\/so-schneiden-sie-ebereschenbaeume-fuer-gesunde-formschoene-baeume-voller-beeren\\\/#primaryimage\"},\"image\":{\"@id\":\"https:\\\/\\\/www.strassenweb.de\\\/nachrichten\\\/so-schneiden-sie-ebereschenbaeume-fuer-gesunde-formschoene-baeume-voller-beeren\\\/#primaryimage\"},\"thumbnailUrl\":\"https:\\\/\\\/www.strassenweb.de\\\/nachrichten\\\/wp-content\\\/uploads\\\/2025\\\/01\\\/So-schneiden-Sie-Ebereschenbaeume-\u2013-fuer-gesunde-formschoene-Baeume-voller.jpg\",\"datePublished\":\"2025-01-07T10:39:48+00:00\",\"dateModified\":\"2025-01-07T10:39:49+00:00\",\"breadcrumb\":{\"@id\":\"https:\\\/\\\/www.strassenweb.de\\\/nachrichten\\\/so-schneiden-sie-ebereschenbaeume-fuer-gesunde-formschoene-baeume-voller-beeren\\\/#breadcrumb\"},\"inLanguage\":\"de\",\"potentialAction\":[{\"@type\":\"ReadAction\",\"target\":[\"https:\\\/\\\/www.strassenweb.de\\\/nachrichten\\\/so-schneiden-sie-ebereschenbaeume-fuer-gesunde-formschoene-baeume-voller-beeren\\\/\"]}]},{\"@type\":\"ImageObject\",\"inLanguage\":\"de\",\"@id\":\"https:\\\/\\\/www.strassenweb.de\\\/nachrichten\\\/so-schneiden-sie-ebereschenbaeume-fuer-gesunde-formschoene-baeume-voller-beeren\\\/#primaryimage\",\"url\":\"https:\\\/\\\/www.strassenweb.de\\\/nachrichten\\\/wp-content\\\/uploads\\\/2025\\\/01\\\/So-schneiden-Sie-Ebereschenbaeume-\u2013-fuer-gesunde-formschoene-Baeume-voller.jpg\",\"contentUrl\":\"https:\\\/\\\/www.strassenweb.de\\\/nachrichten\\\/wp-content\\\/uploads\\\/2025\\\/01\\\/So-schneiden-Sie-Ebereschenbaeume-\u2013-fuer-gesunde-formschoene-Baeume-voller.jpg\",\"width\":1200,\"height\":675,\"caption\":\"So schneiden Sie Ebereschenb\u00e4ume \u2013 f\u00fcr gesunde, formsch\u00f6ne B\u00e4ume voller Beeren\"},{\"@type\":\"BreadcrumbList\",\"@id\":\"https:\\\/\\\/www.strassenweb.de\\\/nachrichten\\\/so-schneiden-sie-ebereschenbaeume-fuer-gesunde-formschoene-baeume-voller-beeren\\\/#breadcrumb\",\"itemListElement\":[{\"@type\":\"ListItem\",\"position\":1,\"name\":\"Home\",\"item\":\"https:\\\/\\\/www.strassenweb.de\\\/nachrichten\\\/\"},{\"@type\":\"ListItem\",\"position\":2,\"name\":\"So schneiden Sie Ebereschenb\u00e4ume \u2013 f\u00fcr gesunde, formsch\u00f6ne B\u00e4ume voller Beeren\"}]},{\"@type\":\"WebSite\",\"@id\":\"https:\\\/\\\/www.strassenweb.de\\\/nachrichten\\\/#website\",\"url\":\"https:\\\/\\\/www.strassenweb.de\\\/nachrichten\\\/\",\"name\":\"Stra\u00dfenweb\",\"description\":\"Stra\u00dfenverzeichnis f\u00fcr Deutschland\",\"publisher\":{\"@id\":\"https:\\\/\\\/www.strassenweb.de\\\/nachrichten\\\/#organization\"},\"potentialAction\":[{\"@type\":\"SearchAction\",\"target\":{\"@type\":\"EntryPoint\",\"urlTemplate\":\"https:\\\/\\\/www.strassenweb.de\\\/nachrichten\\\/?s={search_term_string}\"},\"query-input\":{\"@type\":\"PropertyValueSpecification\",\"valueRequired\":true,\"valueName\":\"search_term_string\"}}],\"inLanguage\":\"de\"},{\"@type\":\"Organization\",\"@id\":\"https:\\\/\\\/www.strassenweb.de\\\/nachrichten\\\/#organization\",\"name\":\"Stra\u00dfenweb\",\"url\":\"https:\\\/\\\/www.strassenweb.de\\\/nachrichten\\\/\",\"logo\":{\"@type\":\"ImageObject\",\"inLanguage\":\"de\",\"@id\":\"https:\\\/\\\/www.strassenweb.de\\\/nachrichten\\\/#\\\/schema\\\/logo\\\/image\\\/\",\"url\":\"https:\\\/\\\/www.strassenweb.de\\\/nachrichten\\\/wp-content\\\/uploads\\\/2024\\\/09\\\/cropped-favicon.png\",\"contentUrl\":\"https:\\\/\\\/www.strassenweb.de\\\/nachrichten\\\/wp-content\\\/uploads\\\/2024\\\/09\\\/cropped-favicon.png\",\"width\":512,\"height\":512,\"caption\":\"Stra\u00dfenweb\"},\"image\":{\"@id\":\"https:\\\/\\\/www.strassenweb.de\\\/nachrichten\\\/#\\\/schema\\\/logo\\\/image\\\/\"},\"sameAs\":[\"https:\\\/\\\/www.facebook.com\\\/strassenweb\\\/\"]},{\"@type\":\"Person\",\"@id\":\"https:\\\/\\\/www.strassenweb.de\\\/nachrichten\\\/#\\\/schema\\\/person\\\/87c9c9067f1211da429a744dc5a5aa41\",\"name\":\"Robert Hoffmann\",\"image\":{\"@type\":\"ImageObject\",\"inLanguage\":\"de\",\"@id\":\"https:\\\/\\\/www.strassenweb.de\\\/nachrichten\\\/wp-content\\\/uploads\\\/2024\\\/09\\\/strassenweb-150x150.jpg\",\"url\":\"https:\\\/\\\/www.strassenweb.de\\\/nachrichten\\\/wp-content\\\/uploads\\\/2024\\\/09\\\/strassenweb-150x150.jpg\",\"contentUrl\":\"https:\\\/\\\/www.strassenweb.de\\\/nachrichten\\\/wp-content\\\/uploads\\\/2024\\\/09\\\/strassenweb-150x150.jpg\",\"caption\":\"Robert Hoffmann\"},\"description\":\"Ich hei\u00dfe Robert Hoffmann und ich bin ein leidenschaftlicher Verfechter von \u00d6kologie und Biodiversit\u00e4t. Seit meiner Kindheit in den W\u00e4ldern Bayerns f\u00fchle ich mich mit der Natur verbunden und bin entschlossen, sie zu sch\u00fctzen. Heute widme ich mein Leben der Sensibilisierung anderer f\u00fcr die Bedeutung des Umweltschutzes f\u00fcr zuk\u00fcnftige Generationen.\",\"sameAs\":[\"https:\\\/\\\/www.strassenweb.de\\\/\"]}]}<\/script>\n<!-- \/ Yoast SEO plugin. -->","yoast_head_json":{"title":"So schneiden Sie Ebereschenb\u00e4ume \u2013 f\u00fcr gesunde, formsch\u00f6ne B\u00e4ume voller Beeren - Nachrichten - Stra\u00dfenweb","robots":{"index":"index","follow":"follow","max-snippet":"max-snippet:-1","max-image-preview":"max-image-preview:large","max-video-preview":"max-video-preview:-1"},"canonical":"https:\/\/www.strassenweb.de\/nachrichten\/so-schneiden-sie-ebereschenbaeume-fuer-gesunde-formschoene-baeume-voller-beeren\/","og_locale":"de_DE","og_type":"article","og_title":"So schneiden Sie Ebereschenb\u00e4ume \u2013 f\u00fcr gesunde, formsch\u00f6ne B\u00e4ume voller Beeren - Nachrichten - Stra\u00dfenweb","og_description":"Es ist wichtig zu lernen, wie man Ebereschenb\u00e4ume beschneidet, insbesondere wenn Sie in den Herbst- und Wintermonaten eine F\u00fclle von Beeren genie\u00dfen m\u00f6chten. Ein Schnitt","og_url":"https:\/\/www.strassenweb.de\/nachrichten\/so-schneiden-sie-ebereschenbaeume-fuer-gesunde-formschoene-baeume-voller-beeren\/","og_site_name":"Stra\u00dfenweb","article_publisher":"https:\/\/www.facebook.com\/strassenweb\/","article_published_time":"2025-01-07T10:39:48+00:00","article_modified_time":"2025-01-07T10:39:49+00:00","og_image":[{"width":1200,"height":675,"url":"https:\/\/www.strassenweb.de\/nachrichten\/wp-content\/uploads\/2025\/01\/So-schneiden-Sie-Ebereschenbaeume-\u2013-fuer-gesunde-formschoene-Baeume-voller.jpg","type":"image\/jpeg"}],"author":"Robert Hoffmann","twitter_card":"summary_large_image","twitter_misc":{"Verfasst von":"Robert Hoffmann","Gesch\u00e4tzte Lesezeit":"4\u00a0Minuten"},"schema":{"@context":"https:\/\/schema.org","@graph":[{"@type":"Article","@id":"https:\/\/www.strassenweb.de\/nachrichten\/so-schneiden-sie-ebereschenbaeume-fuer-gesunde-formschoene-baeume-voller-beeren\/#article","isPartOf":{"@id":"https:\/\/www.strassenweb.de\/nachrichten\/so-schneiden-sie-ebereschenbaeume-fuer-gesunde-formschoene-baeume-voller-beeren\/"},"author":{"name":"Robert Hoffmann","@id":"https:\/\/www.strassenweb.de\/nachrichten\/#\/schema\/person\/87c9c9067f1211da429a744dc5a5aa41"},"headline":"So schneiden Sie Ebereschenb\u00e4ume \u2013 f\u00fcr gesunde, formsch\u00f6ne B\u00e4ume voller Beeren","datePublished":"2025-01-07T10:39:48+00:00","dateModified":"2025-01-07T10:39:49+00:00","mainEntityOfPage":{"@id":"https:\/\/www.strassenweb.de\/nachrichten\/so-schneiden-sie-ebereschenbaeume-fuer-gesunde-formschoene-baeume-voller-beeren\/"},"wordCount":915,"publisher":{"@id":"https:\/\/www.strassenweb.de\/nachrichten\/#organization"},"image":{"@id":"https:\/\/www.strassenweb.de\/nachrichten\/so-schneiden-sie-ebereschenbaeume-fuer-gesunde-formschoene-baeume-voller-beeren\/#primaryimage"},"thumbnailUrl":"https:\/\/www.strassenweb.de\/nachrichten\/wp-content\/uploads\/2025\/01\/So-schneiden-Sie-Ebereschenbaeume-\u2013-fuer-gesunde-formschoene-Baeume-voller.jpg","keywords":["B\u00e4ume","Beeren","Ebereschenb\u00e4ume","formsch\u00f6ne","f\u00fcr","Gesunde","schneiden","Sie","voller"],"articleSection":["Haus &amp; Garten"],"inLanguage":"de"},{"@type":"WebPage","@id":"https:\/\/www.strassenweb.de\/nachrichten\/so-schneiden-sie-ebereschenbaeume-fuer-gesunde-formschoene-baeume-voller-beeren\/","url":"https:\/\/www.strassenweb.de\/nachrichten\/so-schneiden-sie-ebereschenbaeume-fuer-gesunde-formschoene-baeume-voller-beeren\/","name":"So schneiden Sie Ebereschenb\u00e4ume \u2013 f\u00fcr gesunde, formsch\u00f6ne B\u00e4ume voller Beeren - Nachrichten - Stra\u00dfenweb","isPartOf":{"@id":"https:\/\/www.strassenweb.de\/nachrichten\/#website"},"primaryImageOfPage":{"@id":"https:\/\/www.strassenweb.de\/nachrichten\/so-schneiden-sie-ebereschenbaeume-fuer-gesunde-formschoene-baeume-voller-beeren\/#primaryimage"},"image":{"@id":"https:\/\/www.strassenweb.de\/nachrichten\/so-schneiden-sie-ebereschenbaeume-fuer-gesunde-formschoene-baeume-voller-beeren\/#primaryimage"},"thumbnailUrl":"https:\/\/www.strassenweb.de\/nachrichten\/wp-content\/uploads\/2025\/01\/So-schneiden-Sie-Ebereschenbaeume-\u2013-fuer-gesunde-formschoene-Baeume-voller.jpg","datePublished":"2025-01-07T10:39:48+00:00","dateModified":"2025-01-07T10:39:49+00:00","breadcrumb":{"@id":"https:\/\/www.strassenweb.de\/nachrichten\/so-schneiden-sie-ebereschenbaeume-fuer-gesunde-formschoene-baeume-voller-beeren\/#breadcrumb"},"inLanguage":"de","potentialAction":[{"@type":"ReadAction","target":["https:\/\/www.strassenweb.de\/nachrichten\/so-schneiden-sie-ebereschenbaeume-fuer-gesunde-formschoene-baeume-voller-beeren\/"]}]},{"@type":"ImageObject","inLanguage":"de","@id":"https:\/\/www.strassenweb.de\/nachrichten\/so-schneiden-sie-ebereschenbaeume-fuer-gesunde-formschoene-baeume-voller-beeren\/#primaryimage","url":"https:\/\/www.strassenweb.de\/nachrichten\/wp-content\/uploads\/2025\/01\/So-schneiden-Sie-Ebereschenbaeume-\u2013-fuer-gesunde-formschoene-Baeume-voller.jpg","contentUrl":"https:\/\/www.strassenweb.de\/nachrichten\/wp-content\/uploads\/2025\/01\/So-schneiden-Sie-Ebereschenbaeume-\u2013-fuer-gesunde-formschoene-Baeume-voller.jpg","width":1200,"height":675,"caption":"So schneiden Sie Ebereschenb\u00e4ume \u2013 f\u00fcr gesunde, formsch\u00f6ne B\u00e4ume voller Beeren"},{"@type":"BreadcrumbList","@id":"https:\/\/www.strassenweb.de\/nachrichten\/so-schneiden-sie-ebereschenbaeume-fuer-gesunde-formschoene-baeume-voller-beeren\/#breadcrumb","itemListElement":[{"@type":"ListItem","position":1,"name":"Home","item":"https:\/\/www.strassenweb.de\/nachrichten\/"},{"@type":"ListItem","position":2,"name":"So schneiden Sie Ebereschenb\u00e4ume \u2013 f\u00fcr gesunde, formsch\u00f6ne B\u00e4ume voller Beeren"}]},{"@type":"WebSite","@id":"https:\/\/www.strassenweb.de\/nachrichten\/#website","url":"https:\/\/www.strassenweb.de\/nachrichten\/","name":"Stra\u00dfenweb","description":"Stra\u00dfenverzeichnis f\u00fcr Deutschland","publisher":{"@id":"https:\/\/www.strassenweb.de\/nachrichten\/#organization"},"potentialAction":[{"@type":"SearchAction","target":{"@type":"EntryPoint","urlTemplate":"https:\/\/www.strassenweb.de\/nachrichten\/?s={search_term_string}"},"query-input":{"@type":"PropertyValueSpecification","valueRequired":true,"valueName":"search_term_string"}}],"inLanguage":"de"},{"@type":"Organization","@id":"https:\/\/www.strassenweb.de\/nachrichten\/#organization","name":"Stra\u00dfenweb","url":"https:\/\/www.strassenweb.de\/nachrichten\/","logo":{"@type":"ImageObject","inLanguage":"de","@id":"https:\/\/www.strassenweb.de\/nachrichten\/#\/schema\/logo\/image\/","url":"https:\/\/www.strassenweb.de\/nachrichten\/wp-content\/uploads\/2024\/09\/cropped-favicon.png","contentUrl":"https:\/\/www.strassenweb.de\/nachrichten\/wp-content\/uploads\/2024\/09\/cropped-favicon.png","width":512,"height":512,"caption":"Stra\u00dfenweb"},"image":{"@id":"https:\/\/www.strassenweb.de\/nachrichten\/#\/schema\/logo\/image\/"},"sameAs":["https:\/\/www.facebook.com\/strassenweb\/"]},{"@type":"Person","@id":"https:\/\/www.strassenweb.de\/nachrichten\/#\/schema\/person\/87c9c9067f1211da429a744dc5a5aa41","name":"Robert Hoffmann","image":{"@type":"ImageObject","inLanguage":"de","@id":"https:\/\/www.strassenweb.de\/nachrichten\/wp-content\/uploads\/2024\/09\/strassenweb-150x150.jpg","url":"https:\/\/www.strassenweb.de\/nachrichten\/wp-content\/uploads\/2024\/09\/strassenweb-150x150.jpg","contentUrl":"https:\/\/www.strassenweb.de\/nachrichten\/wp-content\/uploads\/2024\/09\/strassenweb-150x150.jpg","caption":"Robert Hoffmann"},"description":"Ich hei\u00dfe Robert Hoffmann und ich bin ein leidenschaftlicher Verfechter von \u00d6kologie und Biodiversit\u00e4t. Seit meiner Kindheit in den W\u00e4ldern Bayerns f\u00fchle ich mich mit der Natur verbunden und bin entschlossen, sie zu sch\u00fctzen. Heute widme ich mein Leben der Sensibilisierung anderer f\u00fcr die Bedeutung des Umweltschutzes f\u00fcr zuk\u00fcnftige Generationen.","sameAs":["https:\/\/www.strassenweb.de\/"]}]}},"_links":{"self":[{"href":"https:\/\/www.strassenweb.de\/nachrichten\/wp-json\/wp\/v2\/posts\/2562","targetHints":{"allow":["GET"]}}],"collection":[{"href":"https:\/\/www.strassenweb.de\/nachrichten\/wp-json\/wp\/v2\/posts"}],"about":[{"href":"https:\/\/www.strassenweb.de\/nachrichten\/wp-json\/wp\/v2\/types\/post"}],"author":[{"embeddable":true,"href":"https:\/\/www.strassenweb.de\/nachrichten\/wp-json\/wp\/v2\/users\/1"}],"replies":[{"embeddable":true,"href":"https:\/\/www.strassenweb.de\/nachrichten\/wp-json\/wp\/v2\/comments?post=2562"}],"version-history":[{"count":0,"href":"https:\/\/www.strassenweb.de\/nachrichten\/wp-json\/wp\/v2\/posts\/2562\/revisions"}],"wp:featuredmedia":[{"embeddable":true,"href":"https:\/\/www.strassenweb.de\/nachrichten\/wp-json\/wp\/v2\/media\/2563"}],"wp:attachment":[{"href":"https:\/\/www.strassenweb.de\/nachrichten\/wp-json\/wp\/v2\/media?parent=2562"}],"wp:term":[{"taxonomy":"category","embeddable":true,"href":"https:\/\/www.strassenweb.de\/nachrichten\/wp-json\/wp\/v2\/categories?post=2562"},{"taxonomy":"post_tag","embeddable":true,"href":"https:\/\/www.strassenweb.de\/nachrichten\/wp-json\/wp\/v2\/tags?post=2562"}],"curies":[{"name":"wp","href":"https:\/\/api.w.org\/{rel}","templated":true}]}}