{"id":2553,"date":"2025-01-06T23:43:50","date_gmt":"2025-01-06T22:43:50","guid":{"rendered":"https:\/\/www.strassenweb.de\/nachrichten\/der-strukturierte-schrankstuhl-von-victoria-beckham-liegt-voll-im-trend-fuer-2025-experten-sagen-dass-sein-beruhigender-farbton-ruhe-in-ihren-hektischen-raum-bringt\/"},"modified":"2025-01-06T23:43:52","modified_gmt":"2025-01-06T22:43:52","slug":"der-strukturierte-schrankstuhl-von-victoria-beckham-liegt-voll-im-trend-fuer-2025-experten-sagen-dass-sein-beruhigender-farbton-ruhe-in-ihren-hektischen-raum-bringt","status":"publish","type":"post","link":"https:\/\/www.strassenweb.de\/nachrichten\/der-strukturierte-schrankstuhl-von-victoria-beckham-liegt-voll-im-trend-fuer-2025-experten-sagen-dass-sein-beruhigender-farbton-ruhe-in-ihren-hektischen-raum-bringt\/","title":{"rendered":"Der strukturierte Schrankstuhl von Victoria Beckham liegt voll im Trend f\u00fcr 2025 \u2013 Experten sagen, dass sein beruhigender Farbton Ruhe in ihren hektischen Raum bringt"},"content":{"rendered":"<p><\/p>\n<div id=\"article-body\" class=\"article__body \">\n<p>Ein Blick in den Kleiderschrank der Mode- und Sch\u00f6nheitsikone Victoria Beckham zeigt Reihen ordentlich geordneter Kleidung und Schuhe, die uns jede Menge Inspiration f\u00fcr die Aufbewahrung geben. Ein aktueller Clip des Raums l\u00e4sst uns jedoch einen anderen (farbenfrohen) Aspekt des beneidenswerten Lagerraums bewundern.<\/p>\n<div id=\"ad-unit-1\" class=\"ad-unit\"><\/div>\n<p>In dem auf Beckhams Instagram-Seite geteilten Video fiel uns ein puderblauer Stuhl ins Auge, der einem der gr\u00f6\u00dften Trends des Jahres 2025 eine einzigartige Note verleiht: Prim\u00e4rfarben.<\/p>\n<aside class=\"hawk-nest\" data-block-type=\"embed\" data-render-type=\"fte\" data-skip=\"dealsy\" data-widget-type=\"seasonal\">\n<div class=\"hawk-master-widget-hawk-base-wrapper\"><\/div>\n<\/aside>\n<p>Anstatt sich f\u00fcr ein K\u00f6nigs- oder Marineblau zu entscheiden (in Anlehnung an den traditionellen Prim\u00e4rfarben-Look), hat sich Beckham f\u00fcr einen beruhigenden, hellen Farbton entschieden, der dennoch f\u00fcr Kontrast und visuelles Interesse im ansonsten wei\u00dfen Raum sorgt und uns dar\u00fcber nachdenken l\u00e4sst, wie wir mit Blau dekorieren .<\/p>\n<div id=\"desktop-in-article\" class=\"in-article ad-unit\">\n<div id=\"desktop-taboola-mid-article\"><\/div>\n<\/div>\n<div id=\"mobile-in-article\" class=\"in-article ad-unit\">\n<div id=\"mobile-taboola-mid-article\"><\/div>\n<\/div>\n<div class=\"instagram-embed\">\n<blockquote class=\"instagram-media\" data-instgrm-captioned data-instgrm-version=\"6\" style=\"width:99.375%; width:-webkit-calc(100% - 2px); width:calc(100% - 2px);\">\n<p>Ein von Victoria Beckham (@victoriabeckham) geteilter Beitrag<\/p>\n<p>Ein Foto gepostet von am <\/p>\n<\/blockquote>\n<\/div>\n<p>Experten zufolge hat Blau eine starke Wirkung auf einen Raum. Je nach Farbton kann Blau die Atmosph\u00e4re eines Raumes vollst\u00e4ndig bestimmen, daher sollten blaue Farbe und Einrichtungsgegenst\u00e4nde sorgf\u00e4ltig ausgew\u00e4hlt werden.<\/p>\n<div class=\"van_vid_carousel\">\n<div class=\"van_vid_carousel__padding\">\n<div class=\"van_vid_carousel__container\"><\/div>\n<\/div>\n<\/div>\n<p>\u201eBlau ist mehr als nur eine Farbe; \u201eEs ist ein Erlebnis, das jeden Raum in eine Oase der Ruhe und Eleganz verwandelt\u201c, sagt Designerin Nina Lichtenstein. \u201eBlau ist f\u00fcr seinen vielseitigen Charme bekannt und kann von den sanftesten Pastellt\u00f6nen bis hin zu den tiefsten Marineblaut\u00f6nen reichen, wobei jeder Farbton einem Raum seine eigene, einzigartige Atmosph\u00e4re verleiht.\u201c Bei durchdachter Verwendung in der Inneneinrichtung hat Blau die Kraft, R\u00e4ume zu schaffen, die sich ruhig, geerdet und zeitlos anf\u00fchlen.\u201c<\/p>\n<div id=\"ad-unit-2\" class=\"ad-unit\"><\/div>\n<p>Sie f\u00e4hrt fort: \u201eBlau ist mehr als nur eine Farbe; Es ist ein Erlebnis, das jeden Raum in eine Oase der Ruhe und Eleganz verwandelt. Blau ist f\u00fcr seinen vielseitigen Charme bekannt und kann von den sanftesten Pastellt\u00f6nen bis hin zu den tiefsten Marineblaut\u00f6nen reichen, wobei jeder Farbton einem Raum seine eigene, einzigartige Atmosph\u00e4re verleiht. Bei durchdachter Verwendung in der Inneneinrichtung hat Blau die Kraft, R\u00e4ume zu schaffen, die sich ruhig, geerdet und zeitlos anf\u00fchlen.\u201c<\/p>\n<p>Blaue Accessoires sind auch eine tolle Erg\u00e4nzung f\u00fcr R\u00e4ume wie Schlafzimmer und Heimb\u00fcros, in denen wir uns gerne entspannen oder konzentrieren.<\/p>\n<div id=\"slice-container-newsletterForm-articleInbodyContent-LjEvY5xcggxHzEv9xD9VnE\" class=\"slice-container newsletter-inbodyContent-slice newsletterForm-articleInbodyContent-LjEvY5xcggxHzEv9xD9VnE slice-container-newsletterForm\"><\/div>\n<p>\u201eBlau hat neben seiner beruhigenden Wirkung auch eine erdende Wirkung\u201c, sagt Lichtenstein. Dies macht es perfekt f\u00fcr einen hektischen Raum (z. B. einen begehbaren Kleiderschrank), in dem Sie wahrscheinlich viel Zeit damit verbringen, in den Schubladen herumzuw\u00fchlen, bevor Sie zur T\u00fcr hinausgehen.<\/p>\n<p>\u201eWenn Blau als Prim\u00e4rfarbe in einem Raum verwendet wird, kann es den Raum verankern und einen stabilen Hintergrund bieten, der andere Elemente zum Leuchten bringt.\u201c Diese Vielseitigkeit macht Blau zur ersten Wahl f\u00fcr Designer, die Innenr\u00e4ume schaffen m\u00f6chten, die sowohl stilvoll als auch ruhig sind.\u201c<\/p>\n<div class=\"product-container hero-product-container product-block-no-wrap\"><\/div>\n<p>Wenn Ihr Kleiderschrank nicht gro\u00df genug f\u00fcr ein Sofa ist, sollten Sie dar\u00fcber nachdenken, andere blaue Accessoires wie Kleiderb\u00fcgel oder sogar einen Tritthocker hinzuzuf\u00fcgen, um den gleichen Farbeffekt wie bei Beckham zu erzielen.<\/p>\n<hr>\n<\/div>\n<p><script async src=\"\/\/www.instagram.com\/embed.js\"><\/script><\/p>\n","protected":false},"excerpt":{"rendered":"<p>Ein Blick in den Kleiderschrank der Mode- und Sch\u00f6nheitsikone Victoria Beckham zeigt Reihen ordentlich geordneter Kleidung und Schuhe, die uns jede Menge Inspiration f\u00fcr die<\/p>\n","protected":false},"author":1,"featured_media":2554,"comment_status":"closed","ping_status":"","sticky":false,"template":"","format":"standard","meta":{"footnotes":""},"categories":[118],"tags":[3875,4270,563,51,81,667,210,55,4271,325,708,182,3406,284,4268,306,3547,504,515,4269,21],"class_list":["post-2553","post","type-post","status-publish","format-standard","has-post-thumbnail","hentry","category-haus-garten","tag-beckham","tag-beruhigender","tag-bringt","tag-dass","tag-der","tag-experten","tag-farbton","tag-fuer","tag-hektischen","tag-ihren","tag-liegt","tag-raum","tag-ruhe","tag-sagen","tag-schrankstuhl","tag-sein","tag-strukturierte","tag-trend","tag-victoria","tag-voll","tag-von","generate-columns","tablet-grid-50","mobile-grid-100","grid-parent","grid-50"],"yoast_head":"<!-- This site is optimized with the Yoast SEO plugin v27.3 - https:\/\/yoast.com\/product\/yoast-seo-wordpress\/ -->\n<title>Der strukturierte Schrankstuhl von Victoria Beckham liegt voll im Trend f\u00fcr 2025 \u2013 Experten sagen, dass sein beruhigender Farbton Ruhe in ihren hektischen Raum bringt - Nachrichten - Stra\u00dfenweb<\/title>\n<meta name=\"robots\" content=\"index, follow, max-snippet:-1, max-image-preview:large, max-video-preview:-1\" \/>\n<link rel=\"canonical\" href=\"https:\/\/www.strassenweb.de\/nachrichten\/der-strukturierte-schrankstuhl-von-victoria-beckham-liegt-voll-im-trend-fuer-2025-experten-sagen-dass-sein-beruhigender-farbton-ruhe-in-ihren-hektischen-raum-bringt\/\" \/>\n<meta property=\"og:locale\" content=\"de_DE\" \/>\n<meta property=\"og:type\" content=\"article\" \/>\n<meta property=\"og:title\" content=\"Der strukturierte Schrankstuhl von Victoria Beckham liegt voll im Trend f\u00fcr 2025 \u2013 Experten sagen, dass sein beruhigender Farbton Ruhe in ihren hektischen Raum bringt - Nachrichten - Stra\u00dfenweb\" \/>\n<meta property=\"og:description\" content=\"Ein Blick in den Kleiderschrank der Mode- und Sch\u00f6nheitsikone Victoria Beckham zeigt Reihen ordentlich geordneter Kleidung und Schuhe, die uns jede Menge Inspiration f\u00fcr die\" \/>\n<meta property=\"og:url\" content=\"https:\/\/www.strassenweb.de\/nachrichten\/der-strukturierte-schrankstuhl-von-victoria-beckham-liegt-voll-im-trend-fuer-2025-experten-sagen-dass-sein-beruhigender-farbton-ruhe-in-ihren-hektischen-raum-bringt\/\" \/>\n<meta property=\"og:site_name\" content=\"Stra\u00dfenweb\" \/>\n<meta property=\"article:publisher\" content=\"https:\/\/www.facebook.com\/strassenweb\/\" \/>\n<meta property=\"article:published_time\" content=\"2025-01-06T22:43:50+00:00\" \/>\n<meta property=\"article:modified_time\" content=\"2025-01-06T22:43:52+00:00\" \/>\n<meta property=\"og:image\" content=\"https:\/\/www.strassenweb.de\/nachrichten\/wp-content\/uploads\/2025\/01\/Der-strukturierte-Schrankstuhl-von-Victoria-Beckham-liegt-voll-im-Trend.jpg\" \/>\n\t<meta property=\"og:image:width\" content=\"1200\" \/>\n\t<meta property=\"og:image:height\" content=\"675\" \/>\n\t<meta property=\"og:image:type\" content=\"image\/jpeg\" \/>\n<meta name=\"author\" content=\"Robert Hoffmann\" \/>\n<meta name=\"twitter:card\" content=\"summary_large_image\" \/>\n<meta name=\"twitter:label1\" content=\"Verfasst von\" \/>\n\t<meta name=\"twitter:data1\" content=\"Robert Hoffmann\" \/>\n\t<meta name=\"twitter:label2\" content=\"Gesch\u00e4tzte Lesezeit\" \/>\n\t<meta name=\"twitter:data2\" content=\"2\u00a0Minuten\" \/>\n<script type=\"application\/ld+json\" class=\"yoast-schema-graph\">{\"@context\":\"https:\\\/\\\/schema.org\",\"@graph\":[{\"@type\":\"Article\",\"@id\":\"https:\\\/\\\/www.strassenweb.de\\\/nachrichten\\\/der-strukturierte-schrankstuhl-von-victoria-beckham-liegt-voll-im-trend-fuer-2025-experten-sagen-dass-sein-beruhigender-farbton-ruhe-in-ihren-hektischen-raum-bringt\\\/#article\",\"isPartOf\":{\"@id\":\"https:\\\/\\\/www.strassenweb.de\\\/nachrichten\\\/der-strukturierte-schrankstuhl-von-victoria-beckham-liegt-voll-im-trend-fuer-2025-experten-sagen-dass-sein-beruhigender-farbton-ruhe-in-ihren-hektischen-raum-bringt\\\/\"},\"author\":{\"name\":\"Robert Hoffmann\",\"@id\":\"https:\\\/\\\/www.strassenweb.de\\\/nachrichten\\\/#\\\/schema\\\/person\\\/87c9c9067f1211da429a744dc5a5aa41\"},\"headline\":\"Der strukturierte Schrankstuhl von Victoria Beckham liegt voll im Trend f\u00fcr 2025 \u2013 Experten sagen, dass sein beruhigender Farbton Ruhe in ihren hektischen Raum bringt\",\"datePublished\":\"2025-01-06T22:43:50+00:00\",\"dateModified\":\"2025-01-06T22:43:52+00:00\",\"mainEntityOfPage\":{\"@id\":\"https:\\\/\\\/www.strassenweb.de\\\/nachrichten\\\/der-strukturierte-schrankstuhl-von-victoria-beckham-liegt-voll-im-trend-fuer-2025-experten-sagen-dass-sein-beruhigender-farbton-ruhe-in-ihren-hektischen-raum-bringt\\\/\"},\"wordCount\":519,\"publisher\":{\"@id\":\"https:\\\/\\\/www.strassenweb.de\\\/nachrichten\\\/#organization\"},\"image\":{\"@id\":\"https:\\\/\\\/www.strassenweb.de\\\/nachrichten\\\/der-strukturierte-schrankstuhl-von-victoria-beckham-liegt-voll-im-trend-fuer-2025-experten-sagen-dass-sein-beruhigender-farbton-ruhe-in-ihren-hektischen-raum-bringt\\\/#primaryimage\"},\"thumbnailUrl\":\"https:\\\/\\\/www.strassenweb.de\\\/nachrichten\\\/wp-content\\\/uploads\\\/2025\\\/01\\\/Der-strukturierte-Schrankstuhl-von-Victoria-Beckham-liegt-voll-im-Trend.jpg\",\"keywords\":[\"Beckham\",\"beruhigender\",\"bringt\",\"dass\",\"der\",\"Experten\",\"Farbton\",\"f\u00fcr\",\"hektischen\",\"ihren\",\"liegt\",\"Raum\",\"Ruhe\",\"sagen\",\"Schrankstuhl\",\"sein\",\"strukturierte\",\"Trend\",\"Victoria\",\"voll\",\"von\"],\"articleSection\":[\"Haus &amp; Garten\"],\"inLanguage\":\"de\"},{\"@type\":\"WebPage\",\"@id\":\"https:\\\/\\\/www.strassenweb.de\\\/nachrichten\\\/der-strukturierte-schrankstuhl-von-victoria-beckham-liegt-voll-im-trend-fuer-2025-experten-sagen-dass-sein-beruhigender-farbton-ruhe-in-ihren-hektischen-raum-bringt\\\/\",\"url\":\"https:\\\/\\\/www.strassenweb.de\\\/nachrichten\\\/der-strukturierte-schrankstuhl-von-victoria-beckham-liegt-voll-im-trend-fuer-2025-experten-sagen-dass-sein-beruhigender-farbton-ruhe-in-ihren-hektischen-raum-bringt\\\/\",\"name\":\"Der strukturierte Schrankstuhl von Victoria Beckham liegt voll im Trend f\u00fcr 2025 \u2013 Experten sagen, dass sein beruhigender Farbton Ruhe in ihren hektischen Raum bringt - Nachrichten - Stra\u00dfenweb\",\"isPartOf\":{\"@id\":\"https:\\\/\\\/www.strassenweb.de\\\/nachrichten\\\/#website\"},\"primaryImageOfPage\":{\"@id\":\"https:\\\/\\\/www.strassenweb.de\\\/nachrichten\\\/der-strukturierte-schrankstuhl-von-victoria-beckham-liegt-voll-im-trend-fuer-2025-experten-sagen-dass-sein-beruhigender-farbton-ruhe-in-ihren-hektischen-raum-bringt\\\/#primaryimage\"},\"image\":{\"@id\":\"https:\\\/\\\/www.strassenweb.de\\\/nachrichten\\\/der-strukturierte-schrankstuhl-von-victoria-beckham-liegt-voll-im-trend-fuer-2025-experten-sagen-dass-sein-beruhigender-farbton-ruhe-in-ihren-hektischen-raum-bringt\\\/#primaryimage\"},\"thumbnailUrl\":\"https:\\\/\\\/www.strassenweb.de\\\/nachrichten\\\/wp-content\\\/uploads\\\/2025\\\/01\\\/Der-strukturierte-Schrankstuhl-von-Victoria-Beckham-liegt-voll-im-Trend.jpg\",\"datePublished\":\"2025-01-06T22:43:50+00:00\",\"dateModified\":\"2025-01-06T22:43:52+00:00\",\"breadcrumb\":{\"@id\":\"https:\\\/\\\/www.strassenweb.de\\\/nachrichten\\\/der-strukturierte-schrankstuhl-von-victoria-beckham-liegt-voll-im-trend-fuer-2025-experten-sagen-dass-sein-beruhigender-farbton-ruhe-in-ihren-hektischen-raum-bringt\\\/#breadcrumb\"},\"inLanguage\":\"de\",\"potentialAction\":[{\"@type\":\"ReadAction\",\"target\":[\"https:\\\/\\\/www.strassenweb.de\\\/nachrichten\\\/der-strukturierte-schrankstuhl-von-victoria-beckham-liegt-voll-im-trend-fuer-2025-experten-sagen-dass-sein-beruhigender-farbton-ruhe-in-ihren-hektischen-raum-bringt\\\/\"]}]},{\"@type\":\"ImageObject\",\"inLanguage\":\"de\",\"@id\":\"https:\\\/\\\/www.strassenweb.de\\\/nachrichten\\\/der-strukturierte-schrankstuhl-von-victoria-beckham-liegt-voll-im-trend-fuer-2025-experten-sagen-dass-sein-beruhigender-farbton-ruhe-in-ihren-hektischen-raum-bringt\\\/#primaryimage\",\"url\":\"https:\\\/\\\/www.strassenweb.de\\\/nachrichten\\\/wp-content\\\/uploads\\\/2025\\\/01\\\/Der-strukturierte-Schrankstuhl-von-Victoria-Beckham-liegt-voll-im-Trend.jpg\",\"contentUrl\":\"https:\\\/\\\/www.strassenweb.de\\\/nachrichten\\\/wp-content\\\/uploads\\\/2025\\\/01\\\/Der-strukturierte-Schrankstuhl-von-Victoria-Beckham-liegt-voll-im-Trend.jpg\",\"width\":1200,\"height\":675,\"caption\":\"Der strukturierte Schrankstuhl von Victoria Beckham liegt voll im Trend f\u00fcr 2025 \u2013 Experten sagen, dass sein beruhigender Farbton Ruhe in ihren hektischen Raum bringt\"},{\"@type\":\"BreadcrumbList\",\"@id\":\"https:\\\/\\\/www.strassenweb.de\\\/nachrichten\\\/der-strukturierte-schrankstuhl-von-victoria-beckham-liegt-voll-im-trend-fuer-2025-experten-sagen-dass-sein-beruhigender-farbton-ruhe-in-ihren-hektischen-raum-bringt\\\/#breadcrumb\",\"itemListElement\":[{\"@type\":\"ListItem\",\"position\":1,\"name\":\"Home\",\"item\":\"https:\\\/\\\/www.strassenweb.de\\\/nachrichten\\\/\"},{\"@type\":\"ListItem\",\"position\":2,\"name\":\"Der strukturierte Schrankstuhl von Victoria Beckham liegt voll im Trend f\u00fcr 2025 \u2013 Experten sagen, dass sein beruhigender Farbton Ruhe in ihren hektischen Raum bringt\"}]},{\"@type\":\"WebSite\",\"@id\":\"https:\\\/\\\/www.strassenweb.de\\\/nachrichten\\\/#website\",\"url\":\"https:\\\/\\\/www.strassenweb.de\\\/nachrichten\\\/\",\"name\":\"Stra\u00dfenweb\",\"description\":\"Stra\u00dfenverzeichnis f\u00fcr Deutschland\",\"publisher\":{\"@id\":\"https:\\\/\\\/www.strassenweb.de\\\/nachrichten\\\/#organization\"},\"potentialAction\":[{\"@type\":\"SearchAction\",\"target\":{\"@type\":\"EntryPoint\",\"urlTemplate\":\"https:\\\/\\\/www.strassenweb.de\\\/nachrichten\\\/?s={search_term_string}\"},\"query-input\":{\"@type\":\"PropertyValueSpecification\",\"valueRequired\":true,\"valueName\":\"search_term_string\"}}],\"inLanguage\":\"de\"},{\"@type\":\"Organization\",\"@id\":\"https:\\\/\\\/www.strassenweb.de\\\/nachrichten\\\/#organization\",\"name\":\"Stra\u00dfenweb\",\"url\":\"https:\\\/\\\/www.strassenweb.de\\\/nachrichten\\\/\",\"logo\":{\"@type\":\"ImageObject\",\"inLanguage\":\"de\",\"@id\":\"https:\\\/\\\/www.strassenweb.de\\\/nachrichten\\\/#\\\/schema\\\/logo\\\/image\\\/\",\"url\":\"https:\\\/\\\/www.strassenweb.de\\\/nachrichten\\\/wp-content\\\/uploads\\\/2024\\\/09\\\/cropped-favicon.png\",\"contentUrl\":\"https:\\\/\\\/www.strassenweb.de\\\/nachrichten\\\/wp-content\\\/uploads\\\/2024\\\/09\\\/cropped-favicon.png\",\"width\":512,\"height\":512,\"caption\":\"Stra\u00dfenweb\"},\"image\":{\"@id\":\"https:\\\/\\\/www.strassenweb.de\\\/nachrichten\\\/#\\\/schema\\\/logo\\\/image\\\/\"},\"sameAs\":[\"https:\\\/\\\/www.facebook.com\\\/strassenweb\\\/\"]},{\"@type\":\"Person\",\"@id\":\"https:\\\/\\\/www.strassenweb.de\\\/nachrichten\\\/#\\\/schema\\\/person\\\/87c9c9067f1211da429a744dc5a5aa41\",\"name\":\"Robert Hoffmann\",\"image\":{\"@type\":\"ImageObject\",\"inLanguage\":\"de\",\"@id\":\"https:\\\/\\\/www.strassenweb.de\\\/nachrichten\\\/wp-content\\\/uploads\\\/2024\\\/09\\\/strassenweb-150x150.jpg\",\"url\":\"https:\\\/\\\/www.strassenweb.de\\\/nachrichten\\\/wp-content\\\/uploads\\\/2024\\\/09\\\/strassenweb-150x150.jpg\",\"contentUrl\":\"https:\\\/\\\/www.strassenweb.de\\\/nachrichten\\\/wp-content\\\/uploads\\\/2024\\\/09\\\/strassenweb-150x150.jpg\",\"caption\":\"Robert Hoffmann\"},\"description\":\"Ich hei\u00dfe Robert Hoffmann und ich bin ein leidenschaftlicher Verfechter von \u00d6kologie und Biodiversit\u00e4t. Seit meiner Kindheit in den W\u00e4ldern Bayerns f\u00fchle ich mich mit der Natur verbunden und bin entschlossen, sie zu sch\u00fctzen. Heute widme ich mein Leben der Sensibilisierung anderer f\u00fcr die Bedeutung des Umweltschutzes f\u00fcr zuk\u00fcnftige Generationen.\",\"sameAs\":[\"https:\\\/\\\/www.strassenweb.de\\\/\"]}]}<\/script>\n<!-- \/ Yoast SEO plugin. -->","yoast_head_json":{"title":"Der strukturierte Schrankstuhl von Victoria Beckham liegt voll im Trend f\u00fcr 2025 \u2013 Experten sagen, dass sein beruhigender Farbton Ruhe in ihren hektischen Raum bringt - Nachrichten - Stra\u00dfenweb","robots":{"index":"index","follow":"follow","max-snippet":"max-snippet:-1","max-image-preview":"max-image-preview:large","max-video-preview":"max-video-preview:-1"},"canonical":"https:\/\/www.strassenweb.de\/nachrichten\/der-strukturierte-schrankstuhl-von-victoria-beckham-liegt-voll-im-trend-fuer-2025-experten-sagen-dass-sein-beruhigender-farbton-ruhe-in-ihren-hektischen-raum-bringt\/","og_locale":"de_DE","og_type":"article","og_title":"Der strukturierte Schrankstuhl von Victoria Beckham liegt voll im Trend f\u00fcr 2025 \u2013 Experten sagen, dass sein beruhigender Farbton Ruhe in ihren hektischen Raum bringt - Nachrichten - Stra\u00dfenweb","og_description":"Ein Blick in den Kleiderschrank der Mode- und Sch\u00f6nheitsikone Victoria Beckham zeigt Reihen ordentlich geordneter Kleidung und Schuhe, die uns jede Menge Inspiration f\u00fcr die","og_url":"https:\/\/www.strassenweb.de\/nachrichten\/der-strukturierte-schrankstuhl-von-victoria-beckham-liegt-voll-im-trend-fuer-2025-experten-sagen-dass-sein-beruhigender-farbton-ruhe-in-ihren-hektischen-raum-bringt\/","og_site_name":"Stra\u00dfenweb","article_publisher":"https:\/\/www.facebook.com\/strassenweb\/","article_published_time":"2025-01-06T22:43:50+00:00","article_modified_time":"2025-01-06T22:43:52+00:00","og_image":[{"width":1200,"height":675,"url":"https:\/\/www.strassenweb.de\/nachrichten\/wp-content\/uploads\/2025\/01\/Der-strukturierte-Schrankstuhl-von-Victoria-Beckham-liegt-voll-im-Trend.jpg","type":"image\/jpeg"}],"author":"Robert Hoffmann","twitter_card":"summary_large_image","twitter_misc":{"Verfasst von":"Robert Hoffmann","Gesch\u00e4tzte Lesezeit":"2\u00a0Minuten"},"schema":{"@context":"https:\/\/schema.org","@graph":[{"@type":"Article","@id":"https:\/\/www.strassenweb.de\/nachrichten\/der-strukturierte-schrankstuhl-von-victoria-beckham-liegt-voll-im-trend-fuer-2025-experten-sagen-dass-sein-beruhigender-farbton-ruhe-in-ihren-hektischen-raum-bringt\/#article","isPartOf":{"@id":"https:\/\/www.strassenweb.de\/nachrichten\/der-strukturierte-schrankstuhl-von-victoria-beckham-liegt-voll-im-trend-fuer-2025-experten-sagen-dass-sein-beruhigender-farbton-ruhe-in-ihren-hektischen-raum-bringt\/"},"author":{"name":"Robert Hoffmann","@id":"https:\/\/www.strassenweb.de\/nachrichten\/#\/schema\/person\/87c9c9067f1211da429a744dc5a5aa41"},"headline":"Der strukturierte Schrankstuhl von Victoria Beckham liegt voll im Trend f\u00fcr 2025 \u2013 Experten sagen, dass sein beruhigender Farbton Ruhe in ihren hektischen Raum bringt","datePublished":"2025-01-06T22:43:50+00:00","dateModified":"2025-01-06T22:43:52+00:00","mainEntityOfPage":{"@id":"https:\/\/www.strassenweb.de\/nachrichten\/der-strukturierte-schrankstuhl-von-victoria-beckham-liegt-voll-im-trend-fuer-2025-experten-sagen-dass-sein-beruhigender-farbton-ruhe-in-ihren-hektischen-raum-bringt\/"},"wordCount":519,"publisher":{"@id":"https:\/\/www.strassenweb.de\/nachrichten\/#organization"},"image":{"@id":"https:\/\/www.strassenweb.de\/nachrichten\/der-strukturierte-schrankstuhl-von-victoria-beckham-liegt-voll-im-trend-fuer-2025-experten-sagen-dass-sein-beruhigender-farbton-ruhe-in-ihren-hektischen-raum-bringt\/#primaryimage"},"thumbnailUrl":"https:\/\/www.strassenweb.de\/nachrichten\/wp-content\/uploads\/2025\/01\/Der-strukturierte-Schrankstuhl-von-Victoria-Beckham-liegt-voll-im-Trend.jpg","keywords":["Beckham","beruhigender","bringt","dass","der","Experten","Farbton","f\u00fcr","hektischen","ihren","liegt","Raum","Ruhe","sagen","Schrankstuhl","sein","strukturierte","Trend","Victoria","voll","von"],"articleSection":["Haus &amp; Garten"],"inLanguage":"de"},{"@type":"WebPage","@id":"https:\/\/www.strassenweb.de\/nachrichten\/der-strukturierte-schrankstuhl-von-victoria-beckham-liegt-voll-im-trend-fuer-2025-experten-sagen-dass-sein-beruhigender-farbton-ruhe-in-ihren-hektischen-raum-bringt\/","url":"https:\/\/www.strassenweb.de\/nachrichten\/der-strukturierte-schrankstuhl-von-victoria-beckham-liegt-voll-im-trend-fuer-2025-experten-sagen-dass-sein-beruhigender-farbton-ruhe-in-ihren-hektischen-raum-bringt\/","name":"Der strukturierte Schrankstuhl von Victoria Beckham liegt voll im Trend f\u00fcr 2025 \u2013 Experten sagen, dass sein beruhigender Farbton Ruhe in ihren hektischen Raum bringt - Nachrichten - Stra\u00dfenweb","isPartOf":{"@id":"https:\/\/www.strassenweb.de\/nachrichten\/#website"},"primaryImageOfPage":{"@id":"https:\/\/www.strassenweb.de\/nachrichten\/der-strukturierte-schrankstuhl-von-victoria-beckham-liegt-voll-im-trend-fuer-2025-experten-sagen-dass-sein-beruhigender-farbton-ruhe-in-ihren-hektischen-raum-bringt\/#primaryimage"},"image":{"@id":"https:\/\/www.strassenweb.de\/nachrichten\/der-strukturierte-schrankstuhl-von-victoria-beckham-liegt-voll-im-trend-fuer-2025-experten-sagen-dass-sein-beruhigender-farbton-ruhe-in-ihren-hektischen-raum-bringt\/#primaryimage"},"thumbnailUrl":"https:\/\/www.strassenweb.de\/nachrichten\/wp-content\/uploads\/2025\/01\/Der-strukturierte-Schrankstuhl-von-Victoria-Beckham-liegt-voll-im-Trend.jpg","datePublished":"2025-01-06T22:43:50+00:00","dateModified":"2025-01-06T22:43:52+00:00","breadcrumb":{"@id":"https:\/\/www.strassenweb.de\/nachrichten\/der-strukturierte-schrankstuhl-von-victoria-beckham-liegt-voll-im-trend-fuer-2025-experten-sagen-dass-sein-beruhigender-farbton-ruhe-in-ihren-hektischen-raum-bringt\/#breadcrumb"},"inLanguage":"de","potentialAction":[{"@type":"ReadAction","target":["https:\/\/www.strassenweb.de\/nachrichten\/der-strukturierte-schrankstuhl-von-victoria-beckham-liegt-voll-im-trend-fuer-2025-experten-sagen-dass-sein-beruhigender-farbton-ruhe-in-ihren-hektischen-raum-bringt\/"]}]},{"@type":"ImageObject","inLanguage":"de","@id":"https:\/\/www.strassenweb.de\/nachrichten\/der-strukturierte-schrankstuhl-von-victoria-beckham-liegt-voll-im-trend-fuer-2025-experten-sagen-dass-sein-beruhigender-farbton-ruhe-in-ihren-hektischen-raum-bringt\/#primaryimage","url":"https:\/\/www.strassenweb.de\/nachrichten\/wp-content\/uploads\/2025\/01\/Der-strukturierte-Schrankstuhl-von-Victoria-Beckham-liegt-voll-im-Trend.jpg","contentUrl":"https:\/\/www.strassenweb.de\/nachrichten\/wp-content\/uploads\/2025\/01\/Der-strukturierte-Schrankstuhl-von-Victoria-Beckham-liegt-voll-im-Trend.jpg","width":1200,"height":675,"caption":"Der strukturierte Schrankstuhl von Victoria Beckham liegt voll im Trend f\u00fcr 2025 \u2013 Experten sagen, dass sein beruhigender Farbton Ruhe in ihren hektischen Raum bringt"},{"@type":"BreadcrumbList","@id":"https:\/\/www.strassenweb.de\/nachrichten\/der-strukturierte-schrankstuhl-von-victoria-beckham-liegt-voll-im-trend-fuer-2025-experten-sagen-dass-sein-beruhigender-farbton-ruhe-in-ihren-hektischen-raum-bringt\/#breadcrumb","itemListElement":[{"@type":"ListItem","position":1,"name":"Home","item":"https:\/\/www.strassenweb.de\/nachrichten\/"},{"@type":"ListItem","position":2,"name":"Der strukturierte Schrankstuhl von Victoria Beckham liegt voll im Trend f\u00fcr 2025 \u2013 Experten sagen, dass sein beruhigender Farbton Ruhe in ihren hektischen Raum bringt"}]},{"@type":"WebSite","@id":"https:\/\/www.strassenweb.de\/nachrichten\/#website","url":"https:\/\/www.strassenweb.de\/nachrichten\/","name":"Stra\u00dfenweb","description":"Stra\u00dfenverzeichnis f\u00fcr Deutschland","publisher":{"@id":"https:\/\/www.strassenweb.de\/nachrichten\/#organization"},"potentialAction":[{"@type":"SearchAction","target":{"@type":"EntryPoint","urlTemplate":"https:\/\/www.strassenweb.de\/nachrichten\/?s={search_term_string}"},"query-input":{"@type":"PropertyValueSpecification","valueRequired":true,"valueName":"search_term_string"}}],"inLanguage":"de"},{"@type":"Organization","@id":"https:\/\/www.strassenweb.de\/nachrichten\/#organization","name":"Stra\u00dfenweb","url":"https:\/\/www.strassenweb.de\/nachrichten\/","logo":{"@type":"ImageObject","inLanguage":"de","@id":"https:\/\/www.strassenweb.de\/nachrichten\/#\/schema\/logo\/image\/","url":"https:\/\/www.strassenweb.de\/nachrichten\/wp-content\/uploads\/2024\/09\/cropped-favicon.png","contentUrl":"https:\/\/www.strassenweb.de\/nachrichten\/wp-content\/uploads\/2024\/09\/cropped-favicon.png","width":512,"height":512,"caption":"Stra\u00dfenweb"},"image":{"@id":"https:\/\/www.strassenweb.de\/nachrichten\/#\/schema\/logo\/image\/"},"sameAs":["https:\/\/www.facebook.com\/strassenweb\/"]},{"@type":"Person","@id":"https:\/\/www.strassenweb.de\/nachrichten\/#\/schema\/person\/87c9c9067f1211da429a744dc5a5aa41","name":"Robert Hoffmann","image":{"@type":"ImageObject","inLanguage":"de","@id":"https:\/\/www.strassenweb.de\/nachrichten\/wp-content\/uploads\/2024\/09\/strassenweb-150x150.jpg","url":"https:\/\/www.strassenweb.de\/nachrichten\/wp-content\/uploads\/2024\/09\/strassenweb-150x150.jpg","contentUrl":"https:\/\/www.strassenweb.de\/nachrichten\/wp-content\/uploads\/2024\/09\/strassenweb-150x150.jpg","caption":"Robert Hoffmann"},"description":"Ich hei\u00dfe Robert Hoffmann und ich bin ein leidenschaftlicher Verfechter von \u00d6kologie und Biodiversit\u00e4t. Seit meiner Kindheit in den W\u00e4ldern Bayerns f\u00fchle ich mich mit der Natur verbunden und bin entschlossen, sie zu sch\u00fctzen. Heute widme ich mein Leben der Sensibilisierung anderer f\u00fcr die Bedeutung des Umweltschutzes f\u00fcr zuk\u00fcnftige Generationen.","sameAs":["https:\/\/www.strassenweb.de\/"]}]}},"_links":{"self":[{"href":"https:\/\/www.strassenweb.de\/nachrichten\/wp-json\/wp\/v2\/posts\/2553","targetHints":{"allow":["GET"]}}],"collection":[{"href":"https:\/\/www.strassenweb.de\/nachrichten\/wp-json\/wp\/v2\/posts"}],"about":[{"href":"https:\/\/www.strassenweb.de\/nachrichten\/wp-json\/wp\/v2\/types\/post"}],"author":[{"embeddable":true,"href":"https:\/\/www.strassenweb.de\/nachrichten\/wp-json\/wp\/v2\/users\/1"}],"replies":[{"embeddable":true,"href":"https:\/\/www.strassenweb.de\/nachrichten\/wp-json\/wp\/v2\/comments?post=2553"}],"version-history":[{"count":0,"href":"https:\/\/www.strassenweb.de\/nachrichten\/wp-json\/wp\/v2\/posts\/2553\/revisions"}],"wp:featuredmedia":[{"embeddable":true,"href":"https:\/\/www.strassenweb.de\/nachrichten\/wp-json\/wp\/v2\/media\/2554"}],"wp:attachment":[{"href":"https:\/\/www.strassenweb.de\/nachrichten\/wp-json\/wp\/v2\/media?parent=2553"}],"wp:term":[{"taxonomy":"category","embeddable":true,"href":"https:\/\/www.strassenweb.de\/nachrichten\/wp-json\/wp\/v2\/categories?post=2553"},{"taxonomy":"post_tag","embeddable":true,"href":"https:\/\/www.strassenweb.de\/nachrichten\/wp-json\/wp\/v2\/tags?post=2553"}],"curies":[{"name":"wp","href":"https:\/\/api.w.org\/{rel}","templated":true}]}}