{"id":2550,"date":"2025-01-06T19:43:25","date_gmt":"2025-01-06T18:43:25","guid":{"rendered":"https:\/\/www.strassenweb.de\/nachrichten\/das-veraltete-wohnzimmer-farbschema-von-viola-davis-und-julius-tennon-ist-im-jahr-2025-ueberraschend-wieder-beliebt-und-es-ist-die-perfekte-wahl-fuer-frieden-ruhe-und-gela\/"},"modified":"2025-01-06T19:43:26","modified_gmt":"2025-01-06T18:43:26","slug":"das-veraltete-wohnzimmer-farbschema-von-viola-davis-und-julius-tennon-ist-im-jahr-2025-ueberraschend-wieder-beliebt-und-es-ist-die-perfekte-wahl-fuer-frieden-ruhe-und-gela","status":"publish","type":"post","link":"https:\/\/www.strassenweb.de\/nachrichten\/das-veraltete-wohnzimmer-farbschema-von-viola-davis-und-julius-tennon-ist-im-jahr-2025-ueberraschend-wieder-beliebt-und-es-ist-die-perfekte-wahl-fuer-frieden-ruhe-und-gela\/","title":{"rendered":"Das \u201everaltete\u201c Wohnzimmer-Farbschema von Viola Davis und Julius Tennon ist im Jahr 2025 \u00fcberraschend wieder beliebt \u2013 und es ist die perfekte Wahl f\u00fcr Frieden, Ruhe und Gelassenheit"},"content":{"rendered":"<p><\/p>\n<div id=\"article-body\" class=\"article__body \">\n<p>Grau dominiert seit Jahrzehnten die Welt der Inneneinrichtung. Farbtrends kommen und gehen, aber Grau ist seit jeher ein Dauerbrenner f\u00fcr viele Innenarchitekten. In den letzten Jahren kam es jedoch zu einer langsamen Verschiebung der Farbtrends. Aus unserer Vorliebe f\u00fcr die Dekoration mit Grau entwickelte sich eine Hassliebe, da viele Hausbesitzer Grau durch Beige ersetzten. Im Jahr 2025 steht Grau vor einem Comeback \u2013 allerdings raffinierter und nuancierter als je zuvor.<\/p>\n<div id=\"ad-unit-1\" class=\"ad-unit\"><\/div>\n<p>Warum erlebt Grau ein kleines Wiederaufleben? Dieser sinnliche Farbton passt zu jeder Farbe und kann verwendet werden, um jedem Raum Tiefe und Eleganz zu verleihen. Der Schl\u00fcssel liegt darin, es in all seinen Variationen zu verwenden. Das von der in Los Angeles ans\u00e4ssigen Innenarchitektin Michaela Cadiz entworfene Zuhause der Schauspieler-Produzenten Viola Davis und Julius Tennon ist ein wunderbares Beispiel daf\u00fcr, wie man ein graues Wohnzimmer alles andere als langweilig aussehen l\u00e4sst.<\/p>\n<div class=\"instagram-embed\">\n<blockquote class=\"instagram-media\" data-instgrm-captioned data-instgrm-version=\"6\" style=\"width:99.375%; width:-webkit-calc(100% - 2px); width:calc(100% - 2px);\">\n<p>Ein Beitrag geteilt von MICHAELA TUPTA CADIZ (@michaelacadizinc)<\/p>\n<p>Ein Foto gepostet von am <\/p>\n<\/blockquote>\n<\/div>\n<p>Grau ist eine Farbe, die \u00fcber ein eigenes Wettersystem aus Lichtst\u00e4rken und Farbt\u00f6nen verf\u00fcgt. Vom sanften grauen Morgenregen eines hellen, weiten Himmels bis hin zum atemberaubenden Drama dunkler Gewitterwolken \u2013 die M\u00f6glichkeiten f\u00fcr die Gestaltung wundersch\u00f6ner Innenr\u00e4ume sind endlos. Es ist ein Farbton mit unz\u00e4hligen subtilen Farbnoten, der von Strandkieseln und Lehm sowie von Schiefer und Holzkohle inspiriert ist. Sie sehen also, dass graue Raumideen genauso faszinierend sein k\u00f6nnen wie jede andere \u201eFarbe\u201c im Spektrum. Von allen neutralen Farben ist Grau diejenige, die sofort Gravitas verleiht.<\/p>\n<div id=\"desktop-in-article\" class=\"in-article ad-unit\">\n<div id=\"desktop-taboola-mid-article\"><\/div>\n<\/div>\n<div id=\"mobile-in-article\" class=\"in-article ad-unit\">\n<div id=\"mobile-taboola-mid-article\"><\/div>\n<\/div>\n<figure class=\"van-image-figure inline-layout \" data-bordeaux-image-check>\n<div class=\"image-full-width-wrapper\">\n<div class=\"image-widthsetter\" style=\"max-width:5729px;\"><\/div>\n<\/div><figcaption class=\"inline-layout \">\n<div class=\"caption-text\">\n<p>\u00c4hnliches graues Wohnzimmer<\/p>\n<\/div>\n<\/figcaption><\/figure>\n<p>Grau harmoniert gut mit fast jedem anderen Farbton, was es zu einem \u00e4u\u00dferst anpassungsf\u00e4higen Neutralton macht und einen guten Grund f\u00fcr seine Beliebtheit darstellt, sagt Helen Shaw, Direktorin bei Benjamin Moore.<\/p>\n<div class=\"van_vid_carousel\">\n<div class=\"van_vid_carousel__padding\">\n<div class=\"van_vid_carousel__container\"><\/div>\n<\/div>\n<\/div>\n<aside class=\"hawk-nest\" data-block-type=\"embed\" data-render-type=\"fte\" data-skip=\"dealsy\" data-widget-type=\"seasonal\">\n<div class=\"hawk-master-widget-hawk-base-wrapper\"><\/div>\n<\/aside>\n<p>Sie sagt, dass es drei Ans\u00e4tze gibt, wenn man Grau als Basis verwendet. \u201eTonale Graut\u00f6ne sind perfekt f\u00fcr alle, die eine Akzentfarbe setzen m\u00f6chten, da f\u00fcr einen harmonischen Look ein komplement\u00e4res Grau mit einem passenden warmen oder k\u00fchlen Unterton gew\u00e4hlt werden kann.\u201c Alternativ schl\u00e4gt sie vor, eine graue Farbe mit einem gr\u00fcnen Unterton zu \u00fcberschichten: Dies ist eine narrensichere Wahl, da gr\u00fcne Graut\u00f6ne in der Mitte des Farbkreises stehen und sowohl warmen als auch k\u00fchlen Farben schmeicheln.\u201c<\/p>\n<div id=\"ad-unit-2\" class=\"ad-unit\"><\/div>\n<p>Dunklere Graut\u00f6ne wirken besonders gut, wenn sie mit kr\u00e4ftigen Farbtupfern kombiniert werden. Um noch mehr Akzente zu setzen, kombinieren Sie es mit Kobaltblau- und leuchtenden Gelbt\u00f6nen, um einen dekorativen Akzent zu setzen. Sie wirken wunderbar als Akzent zu einem Grauschema und verhindern, dass es zu kalt wirkt.<\/p>\n<p>Bei der Perfektionierung eines grauen Farbschemas kommt es wirklich auf die Details an. \u201eIch liebe es, diese Art von Farbe an W\u00e4nden zu verwenden, da Gem\u00e4lde und Portr\u00e4ts dadurch richtig zur Geltung kommen\u201c, erkl\u00e4rt Anna Haines, Gr\u00fcnderin von Anna Haines Design. \u201eEs f\u00fchlt sich sowohl beruhigend als auch ruhig an und dient auch als ideale Kulisse f\u00fcr eine Reihe edler Textilien, dekorativer antiker Teppiche und M\u00f6bel.\u201c<\/p>\n<div id=\"slice-container-newsletterForm-articleInbodyContent-M9hQG34HvpiYVrjuWxs5FE\" class=\"slice-container newsletter-inbodyContent-slice newsletterForm-articleInbodyContent-M9hQG34HvpiYVrjuWxs5FE slice-container-newsletterForm\"><\/div>\n<p>Mein Lieblingsdetail im Wohnzimmer von Davis und Tennon ist die Wolkentapete von Barnaba Fornasetti. Das beliebte Muster ist bei Designern seit jeher beliebt und vermittelt Ruhe und Gelassenheit. Aus der Ferne wirkt die Wolkenlandschaft kissenartig und traumhaft \u2013 ein ruhiger Zufluchtsort vor dem Trubel Hollywoods.<\/p>\n<h2 id=\"shop-the-look-3\">Shoppen Sie den Look <\/h2>\n<div class=\"product-container hero-product-container product-block-no-wrap\"><\/div>\n<\/div>\n<p><script async src=\"\/\/www.instagram.com\/embed.js\"><\/script><\/p>\n","protected":false},"excerpt":{"rendered":"<p>Grau dominiert seit Jahrzehnten die Welt der Inneneinrichtung. Farbtrends kommen und gehen, aber Grau ist seit jeher ein Dauerbrenner f\u00fcr viele Innenarchitekten. In den letzten<\/p>\n","protected":false},"author":1,"featured_media":2551,"comment_status":"closed","ping_status":"","sticky":false,"template":"","format":"standard","meta":{"footnotes":""},"categories":[118],"tags":[3801,112,4263,9,4266,55,4267,15,384,4264,2188,3406,4265,1641,37,2656,4262,21,202,1440,4261],"class_list":["post-2550","post","type-post","status-publish","format-standard","has-post-thumbnail","hentry","category-haus-garten","tag-beliebt","tag-das","tag-davis","tag-die","tag-frieden","tag-fuer","tag-gelassenheit","tag-ist","tag-jahr","tag-julius","tag-perfekte","tag-ruhe","tag-tennon","tag-ueberraschend","tag-und","tag-veraltete","tag-viola","tag-von","tag-wahl","tag-wieder","tag-wohnzimmerfarbschema","generate-columns","tablet-grid-50","mobile-grid-100","grid-parent","grid-50"],"yoast_head":"<!-- This site is optimized with the Yoast SEO plugin v27.3 - https:\/\/yoast.com\/product\/yoast-seo-wordpress\/ -->\n<title>Das \u201everaltete\u201c Wohnzimmer-Farbschema von Viola Davis und Julius Tennon ist im Jahr 2025 \u00fcberraschend wieder beliebt \u2013 und es ist die perfekte Wahl f\u00fcr Frieden, Ruhe und Gelassenheit - Nachrichten - Stra\u00dfenweb<\/title>\n<meta name=\"robots\" content=\"index, follow, max-snippet:-1, max-image-preview:large, max-video-preview:-1\" \/>\n<link rel=\"canonical\" href=\"https:\/\/www.strassenweb.de\/nachrichten\/das-veraltete-wohnzimmer-farbschema-von-viola-davis-und-julius-tennon-ist-im-jahr-2025-ueberraschend-wieder-beliebt-und-es-ist-die-perfekte-wahl-fuer-frieden-ruhe-und-gela\/\" \/>\n<meta property=\"og:locale\" content=\"de_DE\" \/>\n<meta property=\"og:type\" content=\"article\" \/>\n<meta property=\"og:title\" content=\"Das \u201everaltete\u201c Wohnzimmer-Farbschema von Viola Davis und Julius Tennon ist im Jahr 2025 \u00fcberraschend wieder beliebt \u2013 und es ist die perfekte Wahl f\u00fcr Frieden, Ruhe und Gelassenheit - Nachrichten - Stra\u00dfenweb\" \/>\n<meta property=\"og:description\" content=\"Grau dominiert seit Jahrzehnten die Welt der Inneneinrichtung. Farbtrends kommen und gehen, aber Grau ist seit jeher ein Dauerbrenner f\u00fcr viele Innenarchitekten. In den letzten\" \/>\n<meta property=\"og:url\" content=\"https:\/\/www.strassenweb.de\/nachrichten\/das-veraltete-wohnzimmer-farbschema-von-viola-davis-und-julius-tennon-ist-im-jahr-2025-ueberraschend-wieder-beliebt-und-es-ist-die-perfekte-wahl-fuer-frieden-ruhe-und-gela\/\" \/>\n<meta property=\"og:site_name\" content=\"Stra\u00dfenweb\" \/>\n<meta property=\"article:publisher\" content=\"https:\/\/www.facebook.com\/strassenweb\/\" \/>\n<meta property=\"article:published_time\" content=\"2025-01-06T18:43:25+00:00\" \/>\n<meta property=\"article:modified_time\" content=\"2025-01-06T18:43:26+00:00\" \/>\n<meta property=\"og:image\" content=\"https:\/\/www.strassenweb.de\/nachrichten\/wp-content\/uploads\/2025\/01\/Das-\u201everaltete-Wohnzimmer-Farbschema-von-Viola-Davis-und-Julius-Tennon-ist.jpg\" \/>\n\t<meta property=\"og:image:width\" content=\"1200\" \/>\n\t<meta property=\"og:image:height\" content=\"675\" \/>\n\t<meta property=\"og:image:type\" content=\"image\/jpeg\" \/>\n<meta name=\"author\" content=\"Robert Hoffmann\" \/>\n<meta name=\"twitter:card\" content=\"summary_large_image\" \/>\n<meta name=\"twitter:label1\" content=\"Verfasst von\" \/>\n\t<meta name=\"twitter:data1\" content=\"Robert Hoffmann\" \/>\n\t<meta name=\"twitter:label2\" content=\"Gesch\u00e4tzte Lesezeit\" \/>\n\t<meta name=\"twitter:data2\" content=\"3\u00a0Minuten\" \/>\n<script type=\"application\/ld+json\" class=\"yoast-schema-graph\">{\"@context\":\"https:\\\/\\\/schema.org\",\"@graph\":[{\"@type\":\"Article\",\"@id\":\"https:\\\/\\\/www.strassenweb.de\\\/nachrichten\\\/das-veraltete-wohnzimmer-farbschema-von-viola-davis-und-julius-tennon-ist-im-jahr-2025-ueberraschend-wieder-beliebt-und-es-ist-die-perfekte-wahl-fuer-frieden-ruhe-und-gela\\\/#article\",\"isPartOf\":{\"@id\":\"https:\\\/\\\/www.strassenweb.de\\\/nachrichten\\\/das-veraltete-wohnzimmer-farbschema-von-viola-davis-und-julius-tennon-ist-im-jahr-2025-ueberraschend-wieder-beliebt-und-es-ist-die-perfekte-wahl-fuer-frieden-ruhe-und-gela\\\/\"},\"author\":{\"name\":\"Robert Hoffmann\",\"@id\":\"https:\\\/\\\/www.strassenweb.de\\\/nachrichten\\\/#\\\/schema\\\/person\\\/87c9c9067f1211da429a744dc5a5aa41\"},\"headline\":\"Das \u201everaltete\u201c Wohnzimmer-Farbschema von Viola Davis und Julius Tennon ist im Jahr 2025 \u00fcberraschend wieder beliebt \u2013 und es ist die perfekte Wahl f\u00fcr Frieden, Ruhe und Gelassenheit\",\"datePublished\":\"2025-01-06T18:43:25+00:00\",\"dateModified\":\"2025-01-06T18:43:26+00:00\",\"mainEntityOfPage\":{\"@id\":\"https:\\\/\\\/www.strassenweb.de\\\/nachrichten\\\/das-veraltete-wohnzimmer-farbschema-von-viola-davis-und-julius-tennon-ist-im-jahr-2025-ueberraschend-wieder-beliebt-und-es-ist-die-perfekte-wahl-fuer-frieden-ruhe-und-gela\\\/\"},\"wordCount\":578,\"publisher\":{\"@id\":\"https:\\\/\\\/www.strassenweb.de\\\/nachrichten\\\/#organization\"},\"image\":{\"@id\":\"https:\\\/\\\/www.strassenweb.de\\\/nachrichten\\\/das-veraltete-wohnzimmer-farbschema-von-viola-davis-und-julius-tennon-ist-im-jahr-2025-ueberraschend-wieder-beliebt-und-es-ist-die-perfekte-wahl-fuer-frieden-ruhe-und-gela\\\/#primaryimage\"},\"thumbnailUrl\":\"https:\\\/\\\/www.strassenweb.de\\\/nachrichten\\\/wp-content\\\/uploads\\\/2025\\\/01\\\/Das-\u201everaltete-Wohnzimmer-Farbschema-von-Viola-Davis-und-Julius-Tennon-ist.jpg\",\"keywords\":[\"beliebt\",\"das\",\"Davis\",\"die\",\"Frieden\",\"f\u00fcr\",\"Gelassenheit\",\"ist\",\"Jahr\",\"Julius\",\"perfekte\",\"Ruhe\",\"Tennon\",\"\u00fcberraschend\",\"und\",\"veraltete\",\"Viola\",\"von\",\"Wahl\",\"wieder\",\"WohnzimmerFarbschema\"],\"articleSection\":[\"Haus &amp; Garten\"],\"inLanguage\":\"de\"},{\"@type\":\"WebPage\",\"@id\":\"https:\\\/\\\/www.strassenweb.de\\\/nachrichten\\\/das-veraltete-wohnzimmer-farbschema-von-viola-davis-und-julius-tennon-ist-im-jahr-2025-ueberraschend-wieder-beliebt-und-es-ist-die-perfekte-wahl-fuer-frieden-ruhe-und-gela\\\/\",\"url\":\"https:\\\/\\\/www.strassenweb.de\\\/nachrichten\\\/das-veraltete-wohnzimmer-farbschema-von-viola-davis-und-julius-tennon-ist-im-jahr-2025-ueberraschend-wieder-beliebt-und-es-ist-die-perfekte-wahl-fuer-frieden-ruhe-und-gela\\\/\",\"name\":\"Das \u201everaltete\u201c Wohnzimmer-Farbschema von Viola Davis und Julius Tennon ist im Jahr 2025 \u00fcberraschend wieder beliebt \u2013 und es ist die perfekte Wahl f\u00fcr Frieden, Ruhe und Gelassenheit - Nachrichten - Stra\u00dfenweb\",\"isPartOf\":{\"@id\":\"https:\\\/\\\/www.strassenweb.de\\\/nachrichten\\\/#website\"},\"primaryImageOfPage\":{\"@id\":\"https:\\\/\\\/www.strassenweb.de\\\/nachrichten\\\/das-veraltete-wohnzimmer-farbschema-von-viola-davis-und-julius-tennon-ist-im-jahr-2025-ueberraschend-wieder-beliebt-und-es-ist-die-perfekte-wahl-fuer-frieden-ruhe-und-gela\\\/#primaryimage\"},\"image\":{\"@id\":\"https:\\\/\\\/www.strassenweb.de\\\/nachrichten\\\/das-veraltete-wohnzimmer-farbschema-von-viola-davis-und-julius-tennon-ist-im-jahr-2025-ueberraschend-wieder-beliebt-und-es-ist-die-perfekte-wahl-fuer-frieden-ruhe-und-gela\\\/#primaryimage\"},\"thumbnailUrl\":\"https:\\\/\\\/www.strassenweb.de\\\/nachrichten\\\/wp-content\\\/uploads\\\/2025\\\/01\\\/Das-\u201everaltete-Wohnzimmer-Farbschema-von-Viola-Davis-und-Julius-Tennon-ist.jpg\",\"datePublished\":\"2025-01-06T18:43:25+00:00\",\"dateModified\":\"2025-01-06T18:43:26+00:00\",\"breadcrumb\":{\"@id\":\"https:\\\/\\\/www.strassenweb.de\\\/nachrichten\\\/das-veraltete-wohnzimmer-farbschema-von-viola-davis-und-julius-tennon-ist-im-jahr-2025-ueberraschend-wieder-beliebt-und-es-ist-die-perfekte-wahl-fuer-frieden-ruhe-und-gela\\\/#breadcrumb\"},\"inLanguage\":\"de\",\"potentialAction\":[{\"@type\":\"ReadAction\",\"target\":[\"https:\\\/\\\/www.strassenweb.de\\\/nachrichten\\\/das-veraltete-wohnzimmer-farbschema-von-viola-davis-und-julius-tennon-ist-im-jahr-2025-ueberraschend-wieder-beliebt-und-es-ist-die-perfekte-wahl-fuer-frieden-ruhe-und-gela\\\/\"]}]},{\"@type\":\"ImageObject\",\"inLanguage\":\"de\",\"@id\":\"https:\\\/\\\/www.strassenweb.de\\\/nachrichten\\\/das-veraltete-wohnzimmer-farbschema-von-viola-davis-und-julius-tennon-ist-im-jahr-2025-ueberraschend-wieder-beliebt-und-es-ist-die-perfekte-wahl-fuer-frieden-ruhe-und-gela\\\/#primaryimage\",\"url\":\"https:\\\/\\\/www.strassenweb.de\\\/nachrichten\\\/wp-content\\\/uploads\\\/2025\\\/01\\\/Das-\u201everaltete-Wohnzimmer-Farbschema-von-Viola-Davis-und-Julius-Tennon-ist.jpg\",\"contentUrl\":\"https:\\\/\\\/www.strassenweb.de\\\/nachrichten\\\/wp-content\\\/uploads\\\/2025\\\/01\\\/Das-\u201everaltete-Wohnzimmer-Farbschema-von-Viola-Davis-und-Julius-Tennon-ist.jpg\",\"width\":1200,\"height\":675,\"caption\":\"Das \u201everaltete\u201c Wohnzimmer-Farbschema von Viola Davis und Julius Tennon ist im Jahr 2025 \u00fcberraschend wieder beliebt \u2013 und es ist die perfekte Wahl f\u00fcr Frieden, Ruhe und Gelassenheit\"},{\"@type\":\"BreadcrumbList\",\"@id\":\"https:\\\/\\\/www.strassenweb.de\\\/nachrichten\\\/das-veraltete-wohnzimmer-farbschema-von-viola-davis-und-julius-tennon-ist-im-jahr-2025-ueberraschend-wieder-beliebt-und-es-ist-die-perfekte-wahl-fuer-frieden-ruhe-und-gela\\\/#breadcrumb\",\"itemListElement\":[{\"@type\":\"ListItem\",\"position\":1,\"name\":\"Home\",\"item\":\"https:\\\/\\\/www.strassenweb.de\\\/nachrichten\\\/\"},{\"@type\":\"ListItem\",\"position\":2,\"name\":\"Das \u201everaltete\u201c Wohnzimmer-Farbschema von Viola Davis und Julius Tennon ist im Jahr 2025 \u00fcberraschend wieder beliebt \u2013 und es ist die perfekte Wahl f\u00fcr Frieden, Ruhe und Gelassenheit\"}]},{\"@type\":\"WebSite\",\"@id\":\"https:\\\/\\\/www.strassenweb.de\\\/nachrichten\\\/#website\",\"url\":\"https:\\\/\\\/www.strassenweb.de\\\/nachrichten\\\/\",\"name\":\"Stra\u00dfenweb\",\"description\":\"Stra\u00dfenverzeichnis f\u00fcr Deutschland\",\"publisher\":{\"@id\":\"https:\\\/\\\/www.strassenweb.de\\\/nachrichten\\\/#organization\"},\"potentialAction\":[{\"@type\":\"SearchAction\",\"target\":{\"@type\":\"EntryPoint\",\"urlTemplate\":\"https:\\\/\\\/www.strassenweb.de\\\/nachrichten\\\/?s={search_term_string}\"},\"query-input\":{\"@type\":\"PropertyValueSpecification\",\"valueRequired\":true,\"valueName\":\"search_term_string\"}}],\"inLanguage\":\"de\"},{\"@type\":\"Organization\",\"@id\":\"https:\\\/\\\/www.strassenweb.de\\\/nachrichten\\\/#organization\",\"name\":\"Stra\u00dfenweb\",\"url\":\"https:\\\/\\\/www.strassenweb.de\\\/nachrichten\\\/\",\"logo\":{\"@type\":\"ImageObject\",\"inLanguage\":\"de\",\"@id\":\"https:\\\/\\\/www.strassenweb.de\\\/nachrichten\\\/#\\\/schema\\\/logo\\\/image\\\/\",\"url\":\"https:\\\/\\\/www.strassenweb.de\\\/nachrichten\\\/wp-content\\\/uploads\\\/2024\\\/09\\\/cropped-favicon.png\",\"contentUrl\":\"https:\\\/\\\/www.strassenweb.de\\\/nachrichten\\\/wp-content\\\/uploads\\\/2024\\\/09\\\/cropped-favicon.png\",\"width\":512,\"height\":512,\"caption\":\"Stra\u00dfenweb\"},\"image\":{\"@id\":\"https:\\\/\\\/www.strassenweb.de\\\/nachrichten\\\/#\\\/schema\\\/logo\\\/image\\\/\"},\"sameAs\":[\"https:\\\/\\\/www.facebook.com\\\/strassenweb\\\/\"]},{\"@type\":\"Person\",\"@id\":\"https:\\\/\\\/www.strassenweb.de\\\/nachrichten\\\/#\\\/schema\\\/person\\\/87c9c9067f1211da429a744dc5a5aa41\",\"name\":\"Robert Hoffmann\",\"image\":{\"@type\":\"ImageObject\",\"inLanguage\":\"de\",\"@id\":\"https:\\\/\\\/www.strassenweb.de\\\/nachrichten\\\/wp-content\\\/uploads\\\/2024\\\/09\\\/strassenweb-150x150.jpg\",\"url\":\"https:\\\/\\\/www.strassenweb.de\\\/nachrichten\\\/wp-content\\\/uploads\\\/2024\\\/09\\\/strassenweb-150x150.jpg\",\"contentUrl\":\"https:\\\/\\\/www.strassenweb.de\\\/nachrichten\\\/wp-content\\\/uploads\\\/2024\\\/09\\\/strassenweb-150x150.jpg\",\"caption\":\"Robert Hoffmann\"},\"description\":\"Ich hei\u00dfe Robert Hoffmann und ich bin ein leidenschaftlicher Verfechter von \u00d6kologie und Biodiversit\u00e4t. Seit meiner Kindheit in den W\u00e4ldern Bayerns f\u00fchle ich mich mit der Natur verbunden und bin entschlossen, sie zu sch\u00fctzen. Heute widme ich mein Leben der Sensibilisierung anderer f\u00fcr die Bedeutung des Umweltschutzes f\u00fcr zuk\u00fcnftige Generationen.\",\"sameAs\":[\"https:\\\/\\\/www.strassenweb.de\\\/\"]}]}<\/script>\n<!-- \/ Yoast SEO plugin. -->","yoast_head_json":{"title":"Das \u201everaltete\u201c Wohnzimmer-Farbschema von Viola Davis und Julius Tennon ist im Jahr 2025 \u00fcberraschend wieder beliebt \u2013 und es ist die perfekte Wahl f\u00fcr Frieden, Ruhe und Gelassenheit - Nachrichten - Stra\u00dfenweb","robots":{"index":"index","follow":"follow","max-snippet":"max-snippet:-1","max-image-preview":"max-image-preview:large","max-video-preview":"max-video-preview:-1"},"canonical":"https:\/\/www.strassenweb.de\/nachrichten\/das-veraltete-wohnzimmer-farbschema-von-viola-davis-und-julius-tennon-ist-im-jahr-2025-ueberraschend-wieder-beliebt-und-es-ist-die-perfekte-wahl-fuer-frieden-ruhe-und-gela\/","og_locale":"de_DE","og_type":"article","og_title":"Das \u201everaltete\u201c Wohnzimmer-Farbschema von Viola Davis und Julius Tennon ist im Jahr 2025 \u00fcberraschend wieder beliebt \u2013 und es ist die perfekte Wahl f\u00fcr Frieden, Ruhe und Gelassenheit - Nachrichten - Stra\u00dfenweb","og_description":"Grau dominiert seit Jahrzehnten die Welt der Inneneinrichtung. Farbtrends kommen und gehen, aber Grau ist seit jeher ein Dauerbrenner f\u00fcr viele Innenarchitekten. In den letzten","og_url":"https:\/\/www.strassenweb.de\/nachrichten\/das-veraltete-wohnzimmer-farbschema-von-viola-davis-und-julius-tennon-ist-im-jahr-2025-ueberraschend-wieder-beliebt-und-es-ist-die-perfekte-wahl-fuer-frieden-ruhe-und-gela\/","og_site_name":"Stra\u00dfenweb","article_publisher":"https:\/\/www.facebook.com\/strassenweb\/","article_published_time":"2025-01-06T18:43:25+00:00","article_modified_time":"2025-01-06T18:43:26+00:00","og_image":[{"width":1200,"height":675,"url":"https:\/\/www.strassenweb.de\/nachrichten\/wp-content\/uploads\/2025\/01\/Das-\u201everaltete-Wohnzimmer-Farbschema-von-Viola-Davis-und-Julius-Tennon-ist.jpg","type":"image\/jpeg"}],"author":"Robert Hoffmann","twitter_card":"summary_large_image","twitter_misc":{"Verfasst von":"Robert Hoffmann","Gesch\u00e4tzte Lesezeit":"3\u00a0Minuten"},"schema":{"@context":"https:\/\/schema.org","@graph":[{"@type":"Article","@id":"https:\/\/www.strassenweb.de\/nachrichten\/das-veraltete-wohnzimmer-farbschema-von-viola-davis-und-julius-tennon-ist-im-jahr-2025-ueberraschend-wieder-beliebt-und-es-ist-die-perfekte-wahl-fuer-frieden-ruhe-und-gela\/#article","isPartOf":{"@id":"https:\/\/www.strassenweb.de\/nachrichten\/das-veraltete-wohnzimmer-farbschema-von-viola-davis-und-julius-tennon-ist-im-jahr-2025-ueberraschend-wieder-beliebt-und-es-ist-die-perfekte-wahl-fuer-frieden-ruhe-und-gela\/"},"author":{"name":"Robert Hoffmann","@id":"https:\/\/www.strassenweb.de\/nachrichten\/#\/schema\/person\/87c9c9067f1211da429a744dc5a5aa41"},"headline":"Das \u201everaltete\u201c Wohnzimmer-Farbschema von Viola Davis und Julius Tennon ist im Jahr 2025 \u00fcberraschend wieder beliebt \u2013 und es ist die perfekte Wahl f\u00fcr Frieden, Ruhe und Gelassenheit","datePublished":"2025-01-06T18:43:25+00:00","dateModified":"2025-01-06T18:43:26+00:00","mainEntityOfPage":{"@id":"https:\/\/www.strassenweb.de\/nachrichten\/das-veraltete-wohnzimmer-farbschema-von-viola-davis-und-julius-tennon-ist-im-jahr-2025-ueberraschend-wieder-beliebt-und-es-ist-die-perfekte-wahl-fuer-frieden-ruhe-und-gela\/"},"wordCount":578,"publisher":{"@id":"https:\/\/www.strassenweb.de\/nachrichten\/#organization"},"image":{"@id":"https:\/\/www.strassenweb.de\/nachrichten\/das-veraltete-wohnzimmer-farbschema-von-viola-davis-und-julius-tennon-ist-im-jahr-2025-ueberraschend-wieder-beliebt-und-es-ist-die-perfekte-wahl-fuer-frieden-ruhe-und-gela\/#primaryimage"},"thumbnailUrl":"https:\/\/www.strassenweb.de\/nachrichten\/wp-content\/uploads\/2025\/01\/Das-\u201everaltete-Wohnzimmer-Farbschema-von-Viola-Davis-und-Julius-Tennon-ist.jpg","keywords":["beliebt","das","Davis","die","Frieden","f\u00fcr","Gelassenheit","ist","Jahr","Julius","perfekte","Ruhe","Tennon","\u00fcberraschend","und","veraltete","Viola","von","Wahl","wieder","WohnzimmerFarbschema"],"articleSection":["Haus &amp; Garten"],"inLanguage":"de"},{"@type":"WebPage","@id":"https:\/\/www.strassenweb.de\/nachrichten\/das-veraltete-wohnzimmer-farbschema-von-viola-davis-und-julius-tennon-ist-im-jahr-2025-ueberraschend-wieder-beliebt-und-es-ist-die-perfekte-wahl-fuer-frieden-ruhe-und-gela\/","url":"https:\/\/www.strassenweb.de\/nachrichten\/das-veraltete-wohnzimmer-farbschema-von-viola-davis-und-julius-tennon-ist-im-jahr-2025-ueberraschend-wieder-beliebt-und-es-ist-die-perfekte-wahl-fuer-frieden-ruhe-und-gela\/","name":"Das \u201everaltete\u201c Wohnzimmer-Farbschema von Viola Davis und Julius Tennon ist im Jahr 2025 \u00fcberraschend wieder beliebt \u2013 und es ist die perfekte Wahl f\u00fcr Frieden, Ruhe und Gelassenheit - Nachrichten - Stra\u00dfenweb","isPartOf":{"@id":"https:\/\/www.strassenweb.de\/nachrichten\/#website"},"primaryImageOfPage":{"@id":"https:\/\/www.strassenweb.de\/nachrichten\/das-veraltete-wohnzimmer-farbschema-von-viola-davis-und-julius-tennon-ist-im-jahr-2025-ueberraschend-wieder-beliebt-und-es-ist-die-perfekte-wahl-fuer-frieden-ruhe-und-gela\/#primaryimage"},"image":{"@id":"https:\/\/www.strassenweb.de\/nachrichten\/das-veraltete-wohnzimmer-farbschema-von-viola-davis-und-julius-tennon-ist-im-jahr-2025-ueberraschend-wieder-beliebt-und-es-ist-die-perfekte-wahl-fuer-frieden-ruhe-und-gela\/#primaryimage"},"thumbnailUrl":"https:\/\/www.strassenweb.de\/nachrichten\/wp-content\/uploads\/2025\/01\/Das-\u201everaltete-Wohnzimmer-Farbschema-von-Viola-Davis-und-Julius-Tennon-ist.jpg","datePublished":"2025-01-06T18:43:25+00:00","dateModified":"2025-01-06T18:43:26+00:00","breadcrumb":{"@id":"https:\/\/www.strassenweb.de\/nachrichten\/das-veraltete-wohnzimmer-farbschema-von-viola-davis-und-julius-tennon-ist-im-jahr-2025-ueberraschend-wieder-beliebt-und-es-ist-die-perfekte-wahl-fuer-frieden-ruhe-und-gela\/#breadcrumb"},"inLanguage":"de","potentialAction":[{"@type":"ReadAction","target":["https:\/\/www.strassenweb.de\/nachrichten\/das-veraltete-wohnzimmer-farbschema-von-viola-davis-und-julius-tennon-ist-im-jahr-2025-ueberraschend-wieder-beliebt-und-es-ist-die-perfekte-wahl-fuer-frieden-ruhe-und-gela\/"]}]},{"@type":"ImageObject","inLanguage":"de","@id":"https:\/\/www.strassenweb.de\/nachrichten\/das-veraltete-wohnzimmer-farbschema-von-viola-davis-und-julius-tennon-ist-im-jahr-2025-ueberraschend-wieder-beliebt-und-es-ist-die-perfekte-wahl-fuer-frieden-ruhe-und-gela\/#primaryimage","url":"https:\/\/www.strassenweb.de\/nachrichten\/wp-content\/uploads\/2025\/01\/Das-\u201everaltete-Wohnzimmer-Farbschema-von-Viola-Davis-und-Julius-Tennon-ist.jpg","contentUrl":"https:\/\/www.strassenweb.de\/nachrichten\/wp-content\/uploads\/2025\/01\/Das-\u201everaltete-Wohnzimmer-Farbschema-von-Viola-Davis-und-Julius-Tennon-ist.jpg","width":1200,"height":675,"caption":"Das \u201everaltete\u201c Wohnzimmer-Farbschema von Viola Davis und Julius Tennon ist im Jahr 2025 \u00fcberraschend wieder beliebt \u2013 und es ist die perfekte Wahl f\u00fcr Frieden, Ruhe und Gelassenheit"},{"@type":"BreadcrumbList","@id":"https:\/\/www.strassenweb.de\/nachrichten\/das-veraltete-wohnzimmer-farbschema-von-viola-davis-und-julius-tennon-ist-im-jahr-2025-ueberraschend-wieder-beliebt-und-es-ist-die-perfekte-wahl-fuer-frieden-ruhe-und-gela\/#breadcrumb","itemListElement":[{"@type":"ListItem","position":1,"name":"Home","item":"https:\/\/www.strassenweb.de\/nachrichten\/"},{"@type":"ListItem","position":2,"name":"Das \u201everaltete\u201c Wohnzimmer-Farbschema von Viola Davis und Julius Tennon ist im Jahr 2025 \u00fcberraschend wieder beliebt \u2013 und es ist die perfekte Wahl f\u00fcr Frieden, Ruhe und Gelassenheit"}]},{"@type":"WebSite","@id":"https:\/\/www.strassenweb.de\/nachrichten\/#website","url":"https:\/\/www.strassenweb.de\/nachrichten\/","name":"Stra\u00dfenweb","description":"Stra\u00dfenverzeichnis f\u00fcr Deutschland","publisher":{"@id":"https:\/\/www.strassenweb.de\/nachrichten\/#organization"},"potentialAction":[{"@type":"SearchAction","target":{"@type":"EntryPoint","urlTemplate":"https:\/\/www.strassenweb.de\/nachrichten\/?s={search_term_string}"},"query-input":{"@type":"PropertyValueSpecification","valueRequired":true,"valueName":"search_term_string"}}],"inLanguage":"de"},{"@type":"Organization","@id":"https:\/\/www.strassenweb.de\/nachrichten\/#organization","name":"Stra\u00dfenweb","url":"https:\/\/www.strassenweb.de\/nachrichten\/","logo":{"@type":"ImageObject","inLanguage":"de","@id":"https:\/\/www.strassenweb.de\/nachrichten\/#\/schema\/logo\/image\/","url":"https:\/\/www.strassenweb.de\/nachrichten\/wp-content\/uploads\/2024\/09\/cropped-favicon.png","contentUrl":"https:\/\/www.strassenweb.de\/nachrichten\/wp-content\/uploads\/2024\/09\/cropped-favicon.png","width":512,"height":512,"caption":"Stra\u00dfenweb"},"image":{"@id":"https:\/\/www.strassenweb.de\/nachrichten\/#\/schema\/logo\/image\/"},"sameAs":["https:\/\/www.facebook.com\/strassenweb\/"]},{"@type":"Person","@id":"https:\/\/www.strassenweb.de\/nachrichten\/#\/schema\/person\/87c9c9067f1211da429a744dc5a5aa41","name":"Robert Hoffmann","image":{"@type":"ImageObject","inLanguage":"de","@id":"https:\/\/www.strassenweb.de\/nachrichten\/wp-content\/uploads\/2024\/09\/strassenweb-150x150.jpg","url":"https:\/\/www.strassenweb.de\/nachrichten\/wp-content\/uploads\/2024\/09\/strassenweb-150x150.jpg","contentUrl":"https:\/\/www.strassenweb.de\/nachrichten\/wp-content\/uploads\/2024\/09\/strassenweb-150x150.jpg","caption":"Robert Hoffmann"},"description":"Ich hei\u00dfe Robert Hoffmann und ich bin ein leidenschaftlicher Verfechter von \u00d6kologie und Biodiversit\u00e4t. Seit meiner Kindheit in den W\u00e4ldern Bayerns f\u00fchle ich mich mit der Natur verbunden und bin entschlossen, sie zu sch\u00fctzen. Heute widme ich mein Leben der Sensibilisierung anderer f\u00fcr die Bedeutung des Umweltschutzes f\u00fcr zuk\u00fcnftige Generationen.","sameAs":["https:\/\/www.strassenweb.de\/"]}]}},"_links":{"self":[{"href":"https:\/\/www.strassenweb.de\/nachrichten\/wp-json\/wp\/v2\/posts\/2550","targetHints":{"allow":["GET"]}}],"collection":[{"href":"https:\/\/www.strassenweb.de\/nachrichten\/wp-json\/wp\/v2\/posts"}],"about":[{"href":"https:\/\/www.strassenweb.de\/nachrichten\/wp-json\/wp\/v2\/types\/post"}],"author":[{"embeddable":true,"href":"https:\/\/www.strassenweb.de\/nachrichten\/wp-json\/wp\/v2\/users\/1"}],"replies":[{"embeddable":true,"href":"https:\/\/www.strassenweb.de\/nachrichten\/wp-json\/wp\/v2\/comments?post=2550"}],"version-history":[{"count":0,"href":"https:\/\/www.strassenweb.de\/nachrichten\/wp-json\/wp\/v2\/posts\/2550\/revisions"}],"wp:featuredmedia":[{"embeddable":true,"href":"https:\/\/www.strassenweb.de\/nachrichten\/wp-json\/wp\/v2\/media\/2551"}],"wp:attachment":[{"href":"https:\/\/www.strassenweb.de\/nachrichten\/wp-json\/wp\/v2\/media?parent=2550"}],"wp:term":[{"taxonomy":"category","embeddable":true,"href":"https:\/\/www.strassenweb.de\/nachrichten\/wp-json\/wp\/v2\/categories?post=2550"},{"taxonomy":"post_tag","embeddable":true,"href":"https:\/\/www.strassenweb.de\/nachrichten\/wp-json\/wp\/v2\/tags?post=2550"}],"curies":[{"name":"wp","href":"https:\/\/api.w.org\/{rel}","templated":true}]}}