{"id":2538,"date":"2025-01-06T03:58:15","date_gmt":"2025-01-06T02:58:15","guid":{"rendered":"https:\/\/www.strassenweb.de\/nachrichten\/unsere-redakteure-sagen-wie-sie-ihr-zuhause-nach-den-feiertagen-als-gastgeber-wieder-wie-zu-hause-fuehlen-lassen\/"},"modified":"2025-01-06T03:58:16","modified_gmt":"2025-01-06T02:58:16","slug":"unsere-redakteure-sagen-wie-sie-ihr-zuhause-nach-den-feiertagen-als-gastgeber-wieder-wie-zu-hause-fuehlen-lassen","status":"publish","type":"post","link":"https:\/\/www.strassenweb.de\/nachrichten\/unsere-redakteure-sagen-wie-sie-ihr-zuhause-nach-den-feiertagen-als-gastgeber-wieder-wie-zu-hause-fuehlen-lassen\/","title":{"rendered":"Unsere Redakteure sagen, wie Sie Ihr Zuhause nach den Feiertagen als Gastgeber wieder wie zu Hause f\u00fchlen lassen"},"content":{"rendered":"<p><\/p>\n<div id=\"article-body\" class=\"article__body \">\n<p>F\u00fcr mich ist die Ferienzeit die sch\u00f6nste Zeit im Jahr f\u00fcr mein Zuhause. Dann ist es am w\u00e4rmsten, fr\u00f6hlichsten und nun ja, vollsten \u2013 voller Weihnachtsdekoration, funkelnden Lichtern, jede Menge Essen, festlichen D\u00fcften und geliebten Menschen.<\/p>\n<div id=\"ad-unit-1\" class=\"ad-unit\"><\/div>\n<p>Aber zu Beginn des neuen Jahres, wenn ich meine gesamte Weihnachtsdekoration eingepackt habe, kann es etwas flach und leer wirken. Da die Feierlichkeiten diesen Januar zu Ende gehen, ist es wichtig, sich die Zeit zu nehmen, Ihr Zuhause zur\u00fcckzugewinnen und es wieder in einen authentischen Ort zu verwandeln <em>dein<\/em>.<\/p>\n<aside class=\"hawk-nest\" data-block-type=\"embed\" data-render-type=\"fte\" data-skip=\"dealsy\" data-widget-type=\"seasonal\">\n<div class=\"hawk-master-widget-hawk-base-wrapper\"><\/div>\n<\/aside>\n<p>Abgesehen von einer guten Aufr\u00e4umaktion gibt es f\u00fcr uns Redakteure noch ein paar Dinge <em>H\u00e4user und G\u00e4rten<\/em> Ich m\u00f6chte Ihnen ans Herz legen, dies an Silvester zu tun, damit sich Ihr Zuhause nach den Ferien als Gastgeber wieder wie zu Hause anf\u00fchlt. So geben wir unseren H\u00e4usern im Januar gerne einen Neuanfang.<\/p>\n<div id=\"desktop-in-article\" class=\"in-article ad-unit\">\n<div id=\"desktop-taboola-mid-article\"><\/div>\n<\/div>\n<div id=\"mobile-in-article\" class=\"in-article ad-unit\">\n<div id=\"mobile-taboola-mid-article\"><\/div>\n<\/div>\n<h2 id=\"how-to-reclaim-your-home-after-the-holidays-3\">So holen Sie sich Ihr Zuhause nach den Ferien zur\u00fcck<\/h2>\n<figure class=\"van-image-figure inline-layout \" data-bordeaux-image-check>\n<div class=\"image-full-width-wrapper\">\n<div class=\"image-widthsetter\" style=\"max-width:2000px;\"><\/div>\n<\/div>\n<\/figure>\n<p>Zwischen dem Empfang von Freunden und der Familie, dem Umstellen von M\u00f6beln und dem Dekorieren der Flure kann es sein, dass sich Ihr Zuhause \u00fcber die Feiertage eher chaotisch als ruhig anf\u00fchlt.<\/p>\n<div class=\"van_vid_carousel\">\n<div class=\"van_vid_carousel__padding\">\n<div class=\"van_vid_carousel__container\"><\/div>\n<\/div>\n<\/div>\n<p>Nach wochenlanger Unterbringung von G\u00e4sten und Unordnung k\u00f6nnen ein paar kleine, durchdachte \u00c4nderungen \u2013 wie das Aufr\u00e4umen, das Hinzuf\u00fcgen von frischem Gr\u00fcn oder das \u00dcberdenken des Layouts \u2013 einen gro\u00dfen Unterschied machen. Hier sind einige unserer Lieblingsideen.<\/p>\n<div id=\"ad-unit-2\" class=\"ad-unit\"><\/div>\n<h3 class=\"article-body__section\" id=\"section-1-declutter-and-reset\"><span>1. Aufr\u00e4umen und neu starten<\/span><\/h3>\n<figure class=\"van-image-figure inline-layout \" data-bordeaux-image-check>\n<div class=\"image-full-width-wrapper\">\n<div class=\"image-widthsetter\" style=\"max-width:2000px;\"><\/div>\n<\/div>\n<\/figure>\n<p>Leiter gel\u00f6st und <em>H&#038;Gs<\/em> Punteha van Terheyden, ortsans\u00e4ssige Organisationsexpertin, stellt fest, dass nach dem Wirbelsturm der Feiertagsbewirtung; Das Aufr\u00e4umen und Neuausrichten Ihres Zuhauses ist der erste Schritt, um Ihren Platz zur\u00fcckzugewinnen.<\/p>\n<p>\u201eVisuelle Unordnung st\u00f6rt uns aus einem bestimmten Grund, und wenn die festliche Stimmung erst einmal verflogen ist, f\u00fchlt es sich gut an, Ordnung zu schaffen und aufzur\u00e4umen, vor allem, wenn es um die saisonale Dekoration geht\u201c, sagt Punteha.<\/p>\n<p>\u201eBeginnen Sie mit Ihrer Weihnachtsdekoration, gehen Sie Raum f\u00fcr Raum durch und rechnen Sie nicht damit, die Aufgabe an einem Tag zu erledigen.\u201c \u201eWenn Sie jeweils nur einen Raum bearbeiten, verringert sich das Gef\u00fchl der Reinigungs\u00fcberforderung und Sie k\u00f6nnen sich auf eine gr\u00fcndlichere Arbeit konzentrieren\u201c, r\u00e4t sie. \u201eNormalerweise haben Putzen und Aufr\u00e4umen einen Kaskadeneffekt: Sobald Sie die erste Aufgabe erledigt haben, geht sie normalerweise problemlos in die n\u00e4chste \u00fcber, aber wenn Sie Ihre Erwartungen ber\u00fccksichtigen und wissen, wie viel Sie auf einmal erledigen k\u00f6nnen, wird es einfacher, damit anzufangen.\u201c .&#8216;<\/p>\n<p>\u201eUm mir Zeit zu sparen, habe ich dieses Jahr, anstatt alle meine Baumschmuckst\u00fccke einzeln zu verpacken, eigens f\u00fcr diese Aufgabe einen speziellen Beh\u00e4lter gekauft.\u201c Eine Aufbewahrungsbox f\u00fcr Weihnachtsschmuck hilft Ihnen, Bruch zu vermeiden und spart Zeit beim Einpacken.\u201c<\/p>\n<h3 class=\"article-body__section\" id=\"section-2-bring-in-fresh-flowers-and-foliage\"><span>2. Bringen Sie frische Blumen und Bl\u00e4tter ein<\/span><\/h3>\n<figure class=\"van-image-figure inline-layout \" data-bordeaux-image-check>\n<div class=\"image-full-width-wrapper\">\n<div class=\"image-widthsetter\" style=\"max-width:2000px;\"><\/div>\n<\/div>\n<\/figure>\n<p>Wenn die Weihnachtsdekoration weggepackt ist, f\u00fchlt sich Ihr Zuhause m\u00f6glicherweise etwas kahl an, sodass neue Blumenarrangements und Pflanzen Wunder bewirken k\u00f6nnen, um Ihren R\u00e4umen wieder Leben einzuhauchen.<\/p>\n<p>\u201eF\u00fcr mich dreht sich alles um frische Blumen und Bl\u00e4tter\u201c, sagt Innenarchitektin Hebe Hatton. \u201eIch bringe \u00fcber die Feiertage viel Laub in mein Zuhause und obwohl ich immer bereit bin, mich von all den immergr\u00fcnen Pflanzen und Beeren zu verabschieden, f\u00fchlt es sich doch etwas platt an, wenn sie weg sind.\u201c<\/p>\n<p>\u201eAlso f\u00fclle ich alle meine Vasen wieder auf, entweder mit saisonalen Blumen vom Floristen oder ich schneide ein paar Kamelien aus meinem Garten ab\u201c, sagt Hebe. \u201eDie leuchtend rosa Bl\u00fcten k\u00f6nnen jetzt drau\u00dfen sein, was bei grauem Wetter so belebend wirkt, aber selbst die gl\u00e4nzenden, leuchtend gr\u00fcnen Bl\u00e4tter sorgen f\u00fcr eine sch\u00f6ne Dekoration und eine sch\u00f6ne Abwechslung zu all den dunklen immergr\u00fcnen Pflanzen, die ich in den letzten paar Jahren in meinem Zuhause hatte.\u201c Wochen.&#8216;<\/p>\n<p>\u201eAuch Mitte Januar kommen T\u00f6pfe mit Paperwhites und Hyazinthen zu mir nach Hause, ihr Duft holt mich sofort aus der Flaute nach Weihnachten und weckt meine Vorfreude auf den Wechsel in der kommenden Saison.\u201c<\/p>\n<h3 class=\"article-body__section\" id=\"section-3-carve-out-some-me-time-spaces\"><span>3. Schaffen Sie sich ein paar R\u00e4ume, in denen Sie sich Zeit f\u00fcr sich selbst nehmen k\u00f6nnen <\/span><\/h3>\n<figure class=\"van-image-figure inline-layout \" data-bordeaux-image-check>\n<div class=\"image-full-width-wrapper\">\n<div class=\"image-widthsetter\" style=\"max-width:2000px;\"><\/div>\n<\/div>\n<\/figure>\n<p>Meiner Meinung nach (als jemand, der leicht \u00fcberfordert ist) ist das Schlimmste an einem mit G\u00e4sten gef\u00fcllten Zuhause der Mangel an Zeit f\u00fcr sich allein.<\/p>\n<p>Ja, es ist eine sch\u00f6ne und festliche Sache, wenn das eigene Zuhause mit geliebten Menschen gef\u00fcllt ist, aber ich sehne mich danach, ein paar ruhige Momente mit einem Buch oder einem Glas Rotwein zu verbringen. Deshalb konzentriere ich mich in diesem neuen Jahr darauf, etwas Zeit f\u00fcr mich selbst zu haben und mir ein paar kleine R\u00fcckzugsr\u00e4ume zu schaffen.<\/p>\n<p>Sobald die Feierlichkeiten vorbei sind, halte ich es f\u00fcr wichtig, Teile Ihres Raums als Zonen zum Entspannen zur\u00fcckzugewinnen. Die Schaffung gezielter R\u00e4ume hierf\u00fcr kann Ihnen dabei helfen, neue Energie zu tanken und das Gleichgewicht in Ihrem Zuhause wiederherzustellen.<\/p>\n<p>Ich umarme die Ecke, habe eine Leseecke im Erkerfenster meines Wohnzimmers im Visier und arbeite gerade an einem sch\u00f6nen Fensterplatz mit den bequemsten Kissen und nat\u00fcrlich einer guten Lampe f\u00fcr stimmungsvolles Leselicht wird mich dazu ermutigen, im Jahr 2025 mehr abzuschalten (ohne mein Telefon!).<\/p>\n<h3 class=\"article-body__section\" id=\"section-4-make-subtle-swaps-in-the-kitchen\"><span>4. Nehmen Sie subtile Ver\u00e4nderungen in der K\u00fcche vor<\/span><\/h3>\n<figure class=\"van-image-figure inline-layout \" data-bordeaux-image-check>\n<div class=\"image-full-width-wrapper\">\n<div class=\"image-widthsetter\" style=\"max-width:2000px;\"><\/div>\n<\/div>\n<\/figure>\n<p>\u201eNach dem Weihnachtschaos ist meine K\u00fcche der erste Ort, der im neuen Jahr renoviert werden muss\u201c, sagt unsere K\u00fcchen- und Badezimmerredakteurin Molly Malsom.<\/p>\n<p>Nach dem Festessen muss m\u00f6glicherweise auch Ihre K\u00fcche aufgefrischt werden, um wieder zur Alltagsfunktionalit\u00e4t \u00fcberzugehen. Ein paar subtile, aber wirkungsvolle Ver\u00e4nderungen k\u00f6nnen die Ordnung wiederherstellen und dem Herzen Ihres Zuhauses neues Leben einhauchen.<\/p>\n<p>\u201eAbgesehen von der offensichtlichen gr\u00fcndlichen Reinigung und dem Aufr\u00e4umen tausche ich immer gerne die Einrichtung in meinem Raum aus\u201c, r\u00e4t Molly. \u201eEine kleine, aber stilvolle Lampe kann eine leere K\u00fcchenarbeitsplatte aufwerten, dekoriert mit Rezeptb\u00fcchern, die ich \u00fcber die Feiertage geschenkt bekommen habe, und gekr\u00f6nt mit einer neuen Duftkerze.\u201c<\/p>\n<p>\u201eDiese subtilen Austausche erfrischen meine K\u00fcche sofort und geben ihr das Gef\u00fchl, wieder zu mir zu geh\u00f6ren \u2013 und nicht wie der gesch\u00e4ftige Gemeinschaftsraum, zu dem sie durch die Feierlichkeiten geworden ist.\u201c<\/p>\n<div class=\"product-container hero-product-container product-block-no-wrap\"><\/div>\n<h3 class=\"article-body__section\" id=\"section-5-refresh-your-wfh-space\"><span>5. Aktualisieren Sie Ihren WFH-Bereich<\/span><\/h3>\n<figure class=\"van-image-figure inline-layout \" data-bordeaux-image-check>\n<div class=\"image-full-width-wrapper\">\n<div class=\"image-widthsetter\" style=\"max-width:2000px;\"><\/div>\n<\/div>\n<\/figure>\n<p>Wie wir alle bei <em>H&#038;G<\/em>Anfang Januar bedeutet auch die R\u00fcckkehr zur Arbeit, daher denke ich, dass es nur richtig ist, dass wir unsere WFH-R\u00e4ume neu ausrichten, damit wir uns alle vor dem ersten Tag wieder etwas motivierter und erfrischt f\u00fchlen.<\/p>\n<p>Wenn Ihr Heimb\u00fcro w\u00e4hrend der Feiertage gleichzeitig als Lagerraum oder B\u00fcro in Kombination mit einem G\u00e4stezimmer diente, ist jetzt der perfekte Zeitpunkt, es f\u00fcr sich selbst zur\u00fcckzugewinnen.<\/p>\n<p>Entfernen Sie zun\u00e4chst alle \u00fcbrig gebliebenen Urlaubsgegenst\u00e4nde oder tempor\u00e4ren M\u00f6bel wie ein Schlafsofa oder ein provisorisches Bett. Reinigen Sie anschlie\u00dfend Ihren Schreibtisch und Ihre Regale gr\u00fcndlich \u2013 ein aufger\u00e4umter Arbeitsplatz f\u00f6rdert einen aufger\u00e4umten Geist. Umgeben Sie sich zum Abschluss mit Gegenst\u00e4nden, die Inspiration und Freude ausl\u00f6sen \u2013 vielleicht einer neuen Topfpflanze, einer stilvollen tragbaren Lampe, gerahmten Familienfotos oder dem wundersch\u00f6nen neuen Kalender oder Tagebuch f\u00fcr 2025, das Ihnen der Weihnachtsmann mitgebracht hat.<\/p>\n<h3 class=\"article-body__section\" id=\"section-6-switch-out-your-seasonal-scents\"><span>6. Tauschen Sie Ihre saisonalen D\u00fcfte aus<\/span><\/h3>\n<figure class=\"van-image-figure inline-layout \" data-bordeaux-image-check>\n<div class=\"image-full-width-wrapper\">\n<div class=\"image-widthsetter\" style=\"max-width:2000px;\"><\/div>\n<\/div>\n<\/figure>\n<p>Nach wochenlangen Zimt-, Kiefern- und Gew\u00fcrzkerzen in der Luft kann Ihnen der Austausch saisonaler D\u00fcfte gegen pers\u00f6nlichere D\u00fcfte dabei helfen, sich emotional und k\u00f6rperlich zu erholen.<\/p>\n<p>\u201eAbgesehen davon, dass ich mein Zuhause gr\u00fcndlich reinige, nachdem ich G\u00e4ste empfangen habe (es gibt immer so viel W\u00e4sche zu erledigen), besteht eine M\u00f6glichkeit, mein Zuhause neu zu gestalten und ihm das Gef\u00fchl zu geben, dass es sich mehr wie mein eigenes anf\u00fchlt, darin, den Raum mit einem frischen Duft zu versehen\u201c, schl\u00e4gt er vor <em>H&#038;Gs<\/em> Chefredakteurin Zara Stacey.<\/p>\n<p>\u201eViele von uns werden ihr Zuhause \u00fcber die Feiertage mit einladenden festlichen D\u00fcften gef\u00fcllt haben, jetzt ist es an der Zeit, Zimt und Zeder gegen etwas Frisches und Neues einzutauschen.\u201c<\/p>\n<p>\u201eSo sehr ich Kerzen auch liebe, verwende ich in den letzten Tagen mein \u00e4therisches Patouchil-\u00d6l, das bei Amazon erh\u00e4ltlich ist, mit meinem Kerzen\u00f6lbrenner, um mein Zuhause angenehm duften zu lassen \u2013 untersch\u00e4tzen Sie niemals die Kraft von D\u00fcften, die Ihnen dabei helfen, Ihr Zuhause zu beleben heim!&#8216;<\/p>\n<div class=\"product-container hero-product-container product-block-no-wrap\"><\/div>\n<hr>\n<p>Betrachten Sie den Beginn des neuen Jahres als eine Gelegenheit, Ihren Raum zu bearbeiten und zu kuratieren. Legen Sie Wert auf Komfort, Funktion und die kleinen Details, die Ihnen Freude bereiten, und schon bald werden Sie das Gef\u00fchl haben, dass Ihr Zuhause wieder normal ist \u2013 wenn nicht sogar besser als je zuvor.<\/p>\n<\/div>\n","protected":false},"excerpt":{"rendered":"<p>F\u00fcr mich ist die Ferienzeit die sch\u00f6nste Zeit im Jahr f\u00fcr mein Zuhause. Dann ist es am w\u00e4rmsten, fr\u00f6hlichsten und nun ja, vollsten \u2013 voller<\/p>\n","protected":false},"author":1,"featured_media":2539,"comment_status":"closed","ping_status":"","sticky":false,"template":"","format":"standard","meta":{"footnotes":""},"categories":[118],"tags":[935,78,2993,4254,2177,1132,170,1657,341,4253,284,165,1068,26,1440,171],"class_list":["post-2538","post","type-post","status-publish","format-standard","has-post-thumbnail","hentry","category-haus-garten","tag-als","tag-den","tag-feiertagen","tag-fuehlen","tag-gastgeber","tag-hause","tag-ihr","tag-lassen","tag-nach","tag-redakteure","tag-sagen","tag-sie","tag-unsere","tag-wie","tag-wieder","tag-zuhause","generate-columns","tablet-grid-50","mobile-grid-100","grid-parent","grid-50"],"yoast_head":"<!-- This site is optimized with the Yoast SEO plugin v27.3 - https:\/\/yoast.com\/product\/yoast-seo-wordpress\/ -->\n<title>Unsere Redakteure sagen, wie Sie Ihr Zuhause nach den Feiertagen als Gastgeber wieder wie zu Hause f\u00fchlen lassen - Nachrichten - Stra\u00dfenweb<\/title>\n<meta name=\"robots\" content=\"index, follow, max-snippet:-1, max-image-preview:large, max-video-preview:-1\" \/>\n<link rel=\"canonical\" href=\"https:\/\/www.strassenweb.de\/nachrichten\/unsere-redakteure-sagen-wie-sie-ihr-zuhause-nach-den-feiertagen-als-gastgeber-wieder-wie-zu-hause-fuehlen-lassen\/\" \/>\n<meta property=\"og:locale\" content=\"de_DE\" \/>\n<meta property=\"og:type\" content=\"article\" \/>\n<meta property=\"og:title\" content=\"Unsere Redakteure sagen, wie Sie Ihr Zuhause nach den Feiertagen als Gastgeber wieder wie zu Hause f\u00fchlen lassen - Nachrichten - Stra\u00dfenweb\" \/>\n<meta property=\"og:description\" content=\"F\u00fcr mich ist die Ferienzeit die sch\u00f6nste Zeit im Jahr f\u00fcr mein Zuhause. Dann ist es am w\u00e4rmsten, fr\u00f6hlichsten und nun ja, vollsten \u2013 voller\" \/>\n<meta property=\"og:url\" content=\"https:\/\/www.strassenweb.de\/nachrichten\/unsere-redakteure-sagen-wie-sie-ihr-zuhause-nach-den-feiertagen-als-gastgeber-wieder-wie-zu-hause-fuehlen-lassen\/\" \/>\n<meta property=\"og:site_name\" content=\"Stra\u00dfenweb\" \/>\n<meta property=\"article:publisher\" content=\"https:\/\/www.facebook.com\/strassenweb\/\" \/>\n<meta property=\"article:published_time\" content=\"2025-01-06T02:58:15+00:00\" \/>\n<meta property=\"article:modified_time\" content=\"2025-01-06T02:58:16+00:00\" \/>\n<meta property=\"og:image\" content=\"https:\/\/www.strassenweb.de\/nachrichten\/wp-content\/uploads\/2025\/01\/Unsere-Redakteure-sagen-wie-Sie-Ihr-Zuhause-nach-den-Feiertagen.jpg\" \/>\n\t<meta property=\"og:image:width\" content=\"1200\" \/>\n\t<meta property=\"og:image:height\" content=\"675\" \/>\n\t<meta property=\"og:image:type\" content=\"image\/jpeg\" \/>\n<meta name=\"author\" content=\"Robert Hoffmann\" \/>\n<meta name=\"twitter:card\" content=\"summary_large_image\" \/>\n<meta name=\"twitter:label1\" content=\"Verfasst von\" \/>\n\t<meta name=\"twitter:data1\" content=\"Robert Hoffmann\" \/>\n\t<meta name=\"twitter:label2\" content=\"Gesch\u00e4tzte Lesezeit\" \/>\n\t<meta name=\"twitter:data2\" content=\"7\u00a0Minuten\" \/>\n<script type=\"application\/ld+json\" class=\"yoast-schema-graph\">{\"@context\":\"https:\\\/\\\/schema.org\",\"@graph\":[{\"@type\":\"Article\",\"@id\":\"https:\\\/\\\/www.strassenweb.de\\\/nachrichten\\\/unsere-redakteure-sagen-wie-sie-ihr-zuhause-nach-den-feiertagen-als-gastgeber-wieder-wie-zu-hause-fuehlen-lassen\\\/#article\",\"isPartOf\":{\"@id\":\"https:\\\/\\\/www.strassenweb.de\\\/nachrichten\\\/unsere-redakteure-sagen-wie-sie-ihr-zuhause-nach-den-feiertagen-als-gastgeber-wieder-wie-zu-hause-fuehlen-lassen\\\/\"},\"author\":{\"name\":\"Robert Hoffmann\",\"@id\":\"https:\\\/\\\/www.strassenweb.de\\\/nachrichten\\\/#\\\/schema\\\/person\\\/87c9c9067f1211da429a744dc5a5aa41\"},\"headline\":\"Unsere Redakteure sagen, wie Sie Ihr Zuhause nach den Feiertagen als Gastgeber wieder wie zu Hause f\u00fchlen lassen\",\"datePublished\":\"2025-01-06T02:58:15+00:00\",\"dateModified\":\"2025-01-06T02:58:16+00:00\",\"mainEntityOfPage\":{\"@id\":\"https:\\\/\\\/www.strassenweb.de\\\/nachrichten\\\/unsere-redakteure-sagen-wie-sie-ihr-zuhause-nach-den-feiertagen-als-gastgeber-wieder-wie-zu-hause-fuehlen-lassen\\\/\"},\"wordCount\":1458,\"publisher\":{\"@id\":\"https:\\\/\\\/www.strassenweb.de\\\/nachrichten\\\/#organization\"},\"image\":{\"@id\":\"https:\\\/\\\/www.strassenweb.de\\\/nachrichten\\\/unsere-redakteure-sagen-wie-sie-ihr-zuhause-nach-den-feiertagen-als-gastgeber-wieder-wie-zu-hause-fuehlen-lassen\\\/#primaryimage\"},\"thumbnailUrl\":\"https:\\\/\\\/www.strassenweb.de\\\/nachrichten\\\/wp-content\\\/uploads\\\/2025\\\/01\\\/Unsere-Redakteure-sagen-wie-Sie-Ihr-Zuhause-nach-den-Feiertagen.jpg\",\"keywords\":[\"als\",\"den\",\"Feiertagen\",\"f\u00fchlen\",\"Gastgeber\",\"Hause\",\"Ihr\",\"lassen\",\"Nach\",\"Redakteure\",\"sagen\",\"Sie\",\"Unsere\",\"Wie\",\"wieder\",\"Zuhause\"],\"articleSection\":[\"Haus &amp; Garten\"],\"inLanguage\":\"de\"},{\"@type\":\"WebPage\",\"@id\":\"https:\\\/\\\/www.strassenweb.de\\\/nachrichten\\\/unsere-redakteure-sagen-wie-sie-ihr-zuhause-nach-den-feiertagen-als-gastgeber-wieder-wie-zu-hause-fuehlen-lassen\\\/\",\"url\":\"https:\\\/\\\/www.strassenweb.de\\\/nachrichten\\\/unsere-redakteure-sagen-wie-sie-ihr-zuhause-nach-den-feiertagen-als-gastgeber-wieder-wie-zu-hause-fuehlen-lassen\\\/\",\"name\":\"Unsere Redakteure sagen, wie Sie Ihr Zuhause nach den Feiertagen als Gastgeber wieder wie zu Hause f\u00fchlen lassen - Nachrichten - Stra\u00dfenweb\",\"isPartOf\":{\"@id\":\"https:\\\/\\\/www.strassenweb.de\\\/nachrichten\\\/#website\"},\"primaryImageOfPage\":{\"@id\":\"https:\\\/\\\/www.strassenweb.de\\\/nachrichten\\\/unsere-redakteure-sagen-wie-sie-ihr-zuhause-nach-den-feiertagen-als-gastgeber-wieder-wie-zu-hause-fuehlen-lassen\\\/#primaryimage\"},\"image\":{\"@id\":\"https:\\\/\\\/www.strassenweb.de\\\/nachrichten\\\/unsere-redakteure-sagen-wie-sie-ihr-zuhause-nach-den-feiertagen-als-gastgeber-wieder-wie-zu-hause-fuehlen-lassen\\\/#primaryimage\"},\"thumbnailUrl\":\"https:\\\/\\\/www.strassenweb.de\\\/nachrichten\\\/wp-content\\\/uploads\\\/2025\\\/01\\\/Unsere-Redakteure-sagen-wie-Sie-Ihr-Zuhause-nach-den-Feiertagen.jpg\",\"datePublished\":\"2025-01-06T02:58:15+00:00\",\"dateModified\":\"2025-01-06T02:58:16+00:00\",\"breadcrumb\":{\"@id\":\"https:\\\/\\\/www.strassenweb.de\\\/nachrichten\\\/unsere-redakteure-sagen-wie-sie-ihr-zuhause-nach-den-feiertagen-als-gastgeber-wieder-wie-zu-hause-fuehlen-lassen\\\/#breadcrumb\"},\"inLanguage\":\"de\",\"potentialAction\":[{\"@type\":\"ReadAction\",\"target\":[\"https:\\\/\\\/www.strassenweb.de\\\/nachrichten\\\/unsere-redakteure-sagen-wie-sie-ihr-zuhause-nach-den-feiertagen-als-gastgeber-wieder-wie-zu-hause-fuehlen-lassen\\\/\"]}]},{\"@type\":\"ImageObject\",\"inLanguage\":\"de\",\"@id\":\"https:\\\/\\\/www.strassenweb.de\\\/nachrichten\\\/unsere-redakteure-sagen-wie-sie-ihr-zuhause-nach-den-feiertagen-als-gastgeber-wieder-wie-zu-hause-fuehlen-lassen\\\/#primaryimage\",\"url\":\"https:\\\/\\\/www.strassenweb.de\\\/nachrichten\\\/wp-content\\\/uploads\\\/2025\\\/01\\\/Unsere-Redakteure-sagen-wie-Sie-Ihr-Zuhause-nach-den-Feiertagen.jpg\",\"contentUrl\":\"https:\\\/\\\/www.strassenweb.de\\\/nachrichten\\\/wp-content\\\/uploads\\\/2025\\\/01\\\/Unsere-Redakteure-sagen-wie-Sie-Ihr-Zuhause-nach-den-Feiertagen.jpg\",\"width\":1200,\"height\":675,\"caption\":\"Unsere Redakteure sagen, wie Sie Ihr Zuhause nach den Feiertagen als Gastgeber wieder wie zu Hause f\u00fchlen lassen\"},{\"@type\":\"BreadcrumbList\",\"@id\":\"https:\\\/\\\/www.strassenweb.de\\\/nachrichten\\\/unsere-redakteure-sagen-wie-sie-ihr-zuhause-nach-den-feiertagen-als-gastgeber-wieder-wie-zu-hause-fuehlen-lassen\\\/#breadcrumb\",\"itemListElement\":[{\"@type\":\"ListItem\",\"position\":1,\"name\":\"Home\",\"item\":\"https:\\\/\\\/www.strassenweb.de\\\/nachrichten\\\/\"},{\"@type\":\"ListItem\",\"position\":2,\"name\":\"Unsere Redakteure sagen, wie Sie Ihr Zuhause nach den Feiertagen als Gastgeber wieder wie zu Hause f\u00fchlen lassen\"}]},{\"@type\":\"WebSite\",\"@id\":\"https:\\\/\\\/www.strassenweb.de\\\/nachrichten\\\/#website\",\"url\":\"https:\\\/\\\/www.strassenweb.de\\\/nachrichten\\\/\",\"name\":\"Stra\u00dfenweb\",\"description\":\"Stra\u00dfenverzeichnis f\u00fcr Deutschland\",\"publisher\":{\"@id\":\"https:\\\/\\\/www.strassenweb.de\\\/nachrichten\\\/#organization\"},\"potentialAction\":[{\"@type\":\"SearchAction\",\"target\":{\"@type\":\"EntryPoint\",\"urlTemplate\":\"https:\\\/\\\/www.strassenweb.de\\\/nachrichten\\\/?s={search_term_string}\"},\"query-input\":{\"@type\":\"PropertyValueSpecification\",\"valueRequired\":true,\"valueName\":\"search_term_string\"}}],\"inLanguage\":\"de\"},{\"@type\":\"Organization\",\"@id\":\"https:\\\/\\\/www.strassenweb.de\\\/nachrichten\\\/#organization\",\"name\":\"Stra\u00dfenweb\",\"url\":\"https:\\\/\\\/www.strassenweb.de\\\/nachrichten\\\/\",\"logo\":{\"@type\":\"ImageObject\",\"inLanguage\":\"de\",\"@id\":\"https:\\\/\\\/www.strassenweb.de\\\/nachrichten\\\/#\\\/schema\\\/logo\\\/image\\\/\",\"url\":\"https:\\\/\\\/www.strassenweb.de\\\/nachrichten\\\/wp-content\\\/uploads\\\/2024\\\/09\\\/cropped-favicon.png\",\"contentUrl\":\"https:\\\/\\\/www.strassenweb.de\\\/nachrichten\\\/wp-content\\\/uploads\\\/2024\\\/09\\\/cropped-favicon.png\",\"width\":512,\"height\":512,\"caption\":\"Stra\u00dfenweb\"},\"image\":{\"@id\":\"https:\\\/\\\/www.strassenweb.de\\\/nachrichten\\\/#\\\/schema\\\/logo\\\/image\\\/\"},\"sameAs\":[\"https:\\\/\\\/www.facebook.com\\\/strassenweb\\\/\"]},{\"@type\":\"Person\",\"@id\":\"https:\\\/\\\/www.strassenweb.de\\\/nachrichten\\\/#\\\/schema\\\/person\\\/87c9c9067f1211da429a744dc5a5aa41\",\"name\":\"Robert Hoffmann\",\"image\":{\"@type\":\"ImageObject\",\"inLanguage\":\"de\",\"@id\":\"https:\\\/\\\/www.strassenweb.de\\\/nachrichten\\\/wp-content\\\/uploads\\\/2024\\\/09\\\/strassenweb-150x150.jpg\",\"url\":\"https:\\\/\\\/www.strassenweb.de\\\/nachrichten\\\/wp-content\\\/uploads\\\/2024\\\/09\\\/strassenweb-150x150.jpg\",\"contentUrl\":\"https:\\\/\\\/www.strassenweb.de\\\/nachrichten\\\/wp-content\\\/uploads\\\/2024\\\/09\\\/strassenweb-150x150.jpg\",\"caption\":\"Robert Hoffmann\"},\"description\":\"Ich hei\u00dfe Robert Hoffmann und ich bin ein leidenschaftlicher Verfechter von \u00d6kologie und Biodiversit\u00e4t. Seit meiner Kindheit in den W\u00e4ldern Bayerns f\u00fchle ich mich mit der Natur verbunden und bin entschlossen, sie zu sch\u00fctzen. Heute widme ich mein Leben der Sensibilisierung anderer f\u00fcr die Bedeutung des Umweltschutzes f\u00fcr zuk\u00fcnftige Generationen.\",\"sameAs\":[\"https:\\\/\\\/www.strassenweb.de\\\/\"]}]}<\/script>\n<!-- \/ Yoast SEO plugin. -->","yoast_head_json":{"title":"Unsere Redakteure sagen, wie Sie Ihr Zuhause nach den Feiertagen als Gastgeber wieder wie zu Hause f\u00fchlen lassen - Nachrichten - Stra\u00dfenweb","robots":{"index":"index","follow":"follow","max-snippet":"max-snippet:-1","max-image-preview":"max-image-preview:large","max-video-preview":"max-video-preview:-1"},"canonical":"https:\/\/www.strassenweb.de\/nachrichten\/unsere-redakteure-sagen-wie-sie-ihr-zuhause-nach-den-feiertagen-als-gastgeber-wieder-wie-zu-hause-fuehlen-lassen\/","og_locale":"de_DE","og_type":"article","og_title":"Unsere Redakteure sagen, wie Sie Ihr Zuhause nach den Feiertagen als Gastgeber wieder wie zu Hause f\u00fchlen lassen - Nachrichten - Stra\u00dfenweb","og_description":"F\u00fcr mich ist die Ferienzeit die sch\u00f6nste Zeit im Jahr f\u00fcr mein Zuhause. Dann ist es am w\u00e4rmsten, fr\u00f6hlichsten und nun ja, vollsten \u2013 voller","og_url":"https:\/\/www.strassenweb.de\/nachrichten\/unsere-redakteure-sagen-wie-sie-ihr-zuhause-nach-den-feiertagen-als-gastgeber-wieder-wie-zu-hause-fuehlen-lassen\/","og_site_name":"Stra\u00dfenweb","article_publisher":"https:\/\/www.facebook.com\/strassenweb\/","article_published_time":"2025-01-06T02:58:15+00:00","article_modified_time":"2025-01-06T02:58:16+00:00","og_image":[{"width":1200,"height":675,"url":"https:\/\/www.strassenweb.de\/nachrichten\/wp-content\/uploads\/2025\/01\/Unsere-Redakteure-sagen-wie-Sie-Ihr-Zuhause-nach-den-Feiertagen.jpg","type":"image\/jpeg"}],"author":"Robert Hoffmann","twitter_card":"summary_large_image","twitter_misc":{"Verfasst von":"Robert Hoffmann","Gesch\u00e4tzte Lesezeit":"7\u00a0Minuten"},"schema":{"@context":"https:\/\/schema.org","@graph":[{"@type":"Article","@id":"https:\/\/www.strassenweb.de\/nachrichten\/unsere-redakteure-sagen-wie-sie-ihr-zuhause-nach-den-feiertagen-als-gastgeber-wieder-wie-zu-hause-fuehlen-lassen\/#article","isPartOf":{"@id":"https:\/\/www.strassenweb.de\/nachrichten\/unsere-redakteure-sagen-wie-sie-ihr-zuhause-nach-den-feiertagen-als-gastgeber-wieder-wie-zu-hause-fuehlen-lassen\/"},"author":{"name":"Robert Hoffmann","@id":"https:\/\/www.strassenweb.de\/nachrichten\/#\/schema\/person\/87c9c9067f1211da429a744dc5a5aa41"},"headline":"Unsere Redakteure sagen, wie Sie Ihr Zuhause nach den Feiertagen als Gastgeber wieder wie zu Hause f\u00fchlen lassen","datePublished":"2025-01-06T02:58:15+00:00","dateModified":"2025-01-06T02:58:16+00:00","mainEntityOfPage":{"@id":"https:\/\/www.strassenweb.de\/nachrichten\/unsere-redakteure-sagen-wie-sie-ihr-zuhause-nach-den-feiertagen-als-gastgeber-wieder-wie-zu-hause-fuehlen-lassen\/"},"wordCount":1458,"publisher":{"@id":"https:\/\/www.strassenweb.de\/nachrichten\/#organization"},"image":{"@id":"https:\/\/www.strassenweb.de\/nachrichten\/unsere-redakteure-sagen-wie-sie-ihr-zuhause-nach-den-feiertagen-als-gastgeber-wieder-wie-zu-hause-fuehlen-lassen\/#primaryimage"},"thumbnailUrl":"https:\/\/www.strassenweb.de\/nachrichten\/wp-content\/uploads\/2025\/01\/Unsere-Redakteure-sagen-wie-Sie-Ihr-Zuhause-nach-den-Feiertagen.jpg","keywords":["als","den","Feiertagen","f\u00fchlen","Gastgeber","Hause","Ihr","lassen","Nach","Redakteure","sagen","Sie","Unsere","Wie","wieder","Zuhause"],"articleSection":["Haus &amp; Garten"],"inLanguage":"de"},{"@type":"WebPage","@id":"https:\/\/www.strassenweb.de\/nachrichten\/unsere-redakteure-sagen-wie-sie-ihr-zuhause-nach-den-feiertagen-als-gastgeber-wieder-wie-zu-hause-fuehlen-lassen\/","url":"https:\/\/www.strassenweb.de\/nachrichten\/unsere-redakteure-sagen-wie-sie-ihr-zuhause-nach-den-feiertagen-als-gastgeber-wieder-wie-zu-hause-fuehlen-lassen\/","name":"Unsere Redakteure sagen, wie Sie Ihr Zuhause nach den Feiertagen als Gastgeber wieder wie zu Hause f\u00fchlen lassen - Nachrichten - Stra\u00dfenweb","isPartOf":{"@id":"https:\/\/www.strassenweb.de\/nachrichten\/#website"},"primaryImageOfPage":{"@id":"https:\/\/www.strassenweb.de\/nachrichten\/unsere-redakteure-sagen-wie-sie-ihr-zuhause-nach-den-feiertagen-als-gastgeber-wieder-wie-zu-hause-fuehlen-lassen\/#primaryimage"},"image":{"@id":"https:\/\/www.strassenweb.de\/nachrichten\/unsere-redakteure-sagen-wie-sie-ihr-zuhause-nach-den-feiertagen-als-gastgeber-wieder-wie-zu-hause-fuehlen-lassen\/#primaryimage"},"thumbnailUrl":"https:\/\/www.strassenweb.de\/nachrichten\/wp-content\/uploads\/2025\/01\/Unsere-Redakteure-sagen-wie-Sie-Ihr-Zuhause-nach-den-Feiertagen.jpg","datePublished":"2025-01-06T02:58:15+00:00","dateModified":"2025-01-06T02:58:16+00:00","breadcrumb":{"@id":"https:\/\/www.strassenweb.de\/nachrichten\/unsere-redakteure-sagen-wie-sie-ihr-zuhause-nach-den-feiertagen-als-gastgeber-wieder-wie-zu-hause-fuehlen-lassen\/#breadcrumb"},"inLanguage":"de","potentialAction":[{"@type":"ReadAction","target":["https:\/\/www.strassenweb.de\/nachrichten\/unsere-redakteure-sagen-wie-sie-ihr-zuhause-nach-den-feiertagen-als-gastgeber-wieder-wie-zu-hause-fuehlen-lassen\/"]}]},{"@type":"ImageObject","inLanguage":"de","@id":"https:\/\/www.strassenweb.de\/nachrichten\/unsere-redakteure-sagen-wie-sie-ihr-zuhause-nach-den-feiertagen-als-gastgeber-wieder-wie-zu-hause-fuehlen-lassen\/#primaryimage","url":"https:\/\/www.strassenweb.de\/nachrichten\/wp-content\/uploads\/2025\/01\/Unsere-Redakteure-sagen-wie-Sie-Ihr-Zuhause-nach-den-Feiertagen.jpg","contentUrl":"https:\/\/www.strassenweb.de\/nachrichten\/wp-content\/uploads\/2025\/01\/Unsere-Redakteure-sagen-wie-Sie-Ihr-Zuhause-nach-den-Feiertagen.jpg","width":1200,"height":675,"caption":"Unsere Redakteure sagen, wie Sie Ihr Zuhause nach den Feiertagen als Gastgeber wieder wie zu Hause f\u00fchlen lassen"},{"@type":"BreadcrumbList","@id":"https:\/\/www.strassenweb.de\/nachrichten\/unsere-redakteure-sagen-wie-sie-ihr-zuhause-nach-den-feiertagen-als-gastgeber-wieder-wie-zu-hause-fuehlen-lassen\/#breadcrumb","itemListElement":[{"@type":"ListItem","position":1,"name":"Home","item":"https:\/\/www.strassenweb.de\/nachrichten\/"},{"@type":"ListItem","position":2,"name":"Unsere Redakteure sagen, wie Sie Ihr Zuhause nach den Feiertagen als Gastgeber wieder wie zu Hause f\u00fchlen lassen"}]},{"@type":"WebSite","@id":"https:\/\/www.strassenweb.de\/nachrichten\/#website","url":"https:\/\/www.strassenweb.de\/nachrichten\/","name":"Stra\u00dfenweb","description":"Stra\u00dfenverzeichnis f\u00fcr Deutschland","publisher":{"@id":"https:\/\/www.strassenweb.de\/nachrichten\/#organization"},"potentialAction":[{"@type":"SearchAction","target":{"@type":"EntryPoint","urlTemplate":"https:\/\/www.strassenweb.de\/nachrichten\/?s={search_term_string}"},"query-input":{"@type":"PropertyValueSpecification","valueRequired":true,"valueName":"search_term_string"}}],"inLanguage":"de"},{"@type":"Organization","@id":"https:\/\/www.strassenweb.de\/nachrichten\/#organization","name":"Stra\u00dfenweb","url":"https:\/\/www.strassenweb.de\/nachrichten\/","logo":{"@type":"ImageObject","inLanguage":"de","@id":"https:\/\/www.strassenweb.de\/nachrichten\/#\/schema\/logo\/image\/","url":"https:\/\/www.strassenweb.de\/nachrichten\/wp-content\/uploads\/2024\/09\/cropped-favicon.png","contentUrl":"https:\/\/www.strassenweb.de\/nachrichten\/wp-content\/uploads\/2024\/09\/cropped-favicon.png","width":512,"height":512,"caption":"Stra\u00dfenweb"},"image":{"@id":"https:\/\/www.strassenweb.de\/nachrichten\/#\/schema\/logo\/image\/"},"sameAs":["https:\/\/www.facebook.com\/strassenweb\/"]},{"@type":"Person","@id":"https:\/\/www.strassenweb.de\/nachrichten\/#\/schema\/person\/87c9c9067f1211da429a744dc5a5aa41","name":"Robert Hoffmann","image":{"@type":"ImageObject","inLanguage":"de","@id":"https:\/\/www.strassenweb.de\/nachrichten\/wp-content\/uploads\/2024\/09\/strassenweb-150x150.jpg","url":"https:\/\/www.strassenweb.de\/nachrichten\/wp-content\/uploads\/2024\/09\/strassenweb-150x150.jpg","contentUrl":"https:\/\/www.strassenweb.de\/nachrichten\/wp-content\/uploads\/2024\/09\/strassenweb-150x150.jpg","caption":"Robert Hoffmann"},"description":"Ich hei\u00dfe Robert Hoffmann und ich bin ein leidenschaftlicher Verfechter von \u00d6kologie und Biodiversit\u00e4t. Seit meiner Kindheit in den W\u00e4ldern Bayerns f\u00fchle ich mich mit der Natur verbunden und bin entschlossen, sie zu sch\u00fctzen. Heute widme ich mein Leben der Sensibilisierung anderer f\u00fcr die Bedeutung des Umweltschutzes f\u00fcr zuk\u00fcnftige Generationen.","sameAs":["https:\/\/www.strassenweb.de\/"]}]}},"_links":{"self":[{"href":"https:\/\/www.strassenweb.de\/nachrichten\/wp-json\/wp\/v2\/posts\/2538","targetHints":{"allow":["GET"]}}],"collection":[{"href":"https:\/\/www.strassenweb.de\/nachrichten\/wp-json\/wp\/v2\/posts"}],"about":[{"href":"https:\/\/www.strassenweb.de\/nachrichten\/wp-json\/wp\/v2\/types\/post"}],"author":[{"embeddable":true,"href":"https:\/\/www.strassenweb.de\/nachrichten\/wp-json\/wp\/v2\/users\/1"}],"replies":[{"embeddable":true,"href":"https:\/\/www.strassenweb.de\/nachrichten\/wp-json\/wp\/v2\/comments?post=2538"}],"version-history":[{"count":0,"href":"https:\/\/www.strassenweb.de\/nachrichten\/wp-json\/wp\/v2\/posts\/2538\/revisions"}],"wp:featuredmedia":[{"embeddable":true,"href":"https:\/\/www.strassenweb.de\/nachrichten\/wp-json\/wp\/v2\/media\/2539"}],"wp:attachment":[{"href":"https:\/\/www.strassenweb.de\/nachrichten\/wp-json\/wp\/v2\/media?parent=2538"}],"wp:term":[{"taxonomy":"category","embeddable":true,"href":"https:\/\/www.strassenweb.de\/nachrichten\/wp-json\/wp\/v2\/categories?post=2538"},{"taxonomy":"post_tag","embeddable":true,"href":"https:\/\/www.strassenweb.de\/nachrichten\/wp-json\/wp\/v2\/tags?post=2538"}],"curies":[{"name":"wp","href":"https:\/\/api.w.org\/{rel}","templated":true}]}}