{"id":253,"date":"2024-09-26T02:50:05","date_gmt":"2024-09-26T00:50:05","guid":{"rendered":"https:\/\/www.strassenweb.de\/nachrichten\/jennifer-garner-versteckte-dieses-unerwartete-kuechengeraet-in-ihrem-buero-wir-fanden-das-genaue-modell-fuer-unter-150-dollar\/"},"modified":"2024-09-26T02:50:06","modified_gmt":"2024-09-26T00:50:06","slug":"jennifer-garner-versteckte-dieses-unerwartete-kuechengeraet-in-ihrem-buero-wir-fanden-das-genaue-modell-fuer-unter-150-dollar","status":"publish","type":"post","link":"https:\/\/www.strassenweb.de\/nachrichten\/jennifer-garner-versteckte-dieses-unerwartete-kuechengeraet-in-ihrem-buero-wir-fanden-das-genaue-modell-fuer-unter-150-dollar\/","title":{"rendered":"Jennifer Garner versteckte dieses unerwartete K\u00fcchenger\u00e4t in ihrem B\u00fcro \u2013 wir fanden das genaue Modell f\u00fcr unter 150 Dollar"},"content":{"rendered":"<p><\/p>\n<div id=\"article-body\" class=\"article__body \">\n<p>Anh\u00e4nger von Jennifer Garner werden mit der K\u00fcche der Schauspielerin bestens vertraut sein, dank ihrer \u201e<em>Kochshow zum Vort\u00e4uschen<\/em>&#8218; auf Instagram. In der Serie sehen wir alles, von ihren Lieblingsger\u00e4ten bis hin zu ihren Schrankoberfl\u00e4chen. Es stellt sich jedoch heraus, dass ihre K\u00fcchenaccessoires auch in anderen R\u00e4umen ihres Hauses zu finden sind.<\/p>\n<div id=\"ad-unit-1\" class=\"ad-unit\"><\/div>\n<p>Der <em>30 \u00fcber Nacht <\/em>Star hat k\u00fcrzlich einen Instagram-Clip ihres Heimb\u00fcros geteilt, und uns ist der gut gef\u00fcllte Minik\u00fchlschrank hinter ihr aufgefallen.<\/p>\n<aside class=\"hawk-nest\" data-render-type=\"fte\" data-skip=\"dealsy\" data-widget-type=\"seasonal\">\n<div class=\"hawk-master-widget-hawk-base-wrapper\"><\/div>\n<\/aside>\n<p>W\u00e4hrend Kaffeemaschinen im Homeoffice das typische Getr\u00e4nkezubeh\u00f6r am Arbeitsplatz sind, ist ein Minik\u00fchlschrank eine tolle M\u00f6glichkeit, gek\u00fchlte Getr\u00e4nke in der N\u00e4he aufzubewahren \u2013 und wir haben genau Garners Modell gefunden. Das Ger\u00e4t, um das es geht? Der Joy Pebble Beverage Refrigerator Cooler \u2013 konzipiert f\u00fcr kompakte R\u00e4ume jenseits der herk\u00f6mmlichen K\u00fcche.<\/p>\n<div id=\"desktop-in-article\" class=\"in-article ad-unit\">\n<div id=\"desktop-taboola-mid-article\"><\/div>\n<\/div>\n<div id=\"mobile-in-article\" class=\"in-article ad-unit\">\n<div id=\"mobile-taboola-mid-article\"><\/div>\n<\/div>\n<p>Der Joy Pebble Getr\u00e4nkek\u00fchlschrank ist elegant und minimalistisch und passt dank seiner Glast\u00fcr und dem schwarzen \u00c4u\u00dferen gut in jeden B\u00fcroraum. Wir lieben auch die sanfte, blaue LED-Beleuchtung im Inneren des Minik\u00fchlschranks, die die Getr\u00e4nke im Inneren in Szene setzt.<\/p>\n<div class=\"van_vid_carousel\">\n<div class=\"van_vid_carousel__padding\">\n<div class=\"van_vid_carousel__container\"><\/div>\n<\/div>\n<\/div>\n<p>Was die Lagerung im K\u00fchlschrank betrifft, ist so ziemlich alles m\u00f6glich. Der eingebaute Weink\u00fchler ist mit einem Temperaturbereich von 40 \u00b0F bis 61 \u00b0F f\u00fcr die langfristige Lagerung optimiert, w\u00e4hrend das untere Regal alle Dosen oder Flaschen aufnehmen kann, ob alkoholisch oder nicht.<\/p>\n<div id=\"ad-unit-2\" class=\"ad-unit\"><\/div>\n<p>Wir k\u00f6nnen sehen, dass Garner sich daf\u00fcr entschieden hat, ihren K\u00fchlschrank mit Sodawasser und gek\u00fchlten Weingl\u00e4sern zu f\u00fcllen, die perfekt f\u00fcr das Ende eines Arbeitstages sind.<\/p>\n<div class=\"instagram-embed\">\n<blockquote class=\"instagram-media\" data-instgrm-captioned data-instgrm-version=\"6\" style=\"width:99.375%; width:-webkit-calc(100% - 2px); width:calc(100% - 2px);\">\n<p>Ein Beitrag von Jennifer Garner (@jennifer.garner)<\/p>\n<p>Ein Foto gepostet von am <\/p>\n<\/blockquote>\n<\/div>\n<p>Ein weiterer Vorteil dieses K\u00fchlschrankmodells? Es ist in verschiedenen Gr\u00f6\u00dfen erh\u00e4ltlich, von 1,3 Kubikfu\u00df bis 4,5 Kubikfu\u00df. Wir pers\u00f6nlich lieben das kleinste Modell, da es selbst in das kleinste Heimb\u00fcro passt.<\/p>\n<div id=\"slice-container-newsletterForm-articleInbodyContent-Vaz2WUN69bgq92LVcijj75\" class=\"slice-container newsletter-inbodyContent-slice newsletterForm-articleInbodyContent-Vaz2WUN69bgq92LVcijj75 slice-container-newsletterForm\"><\/div>\n<p>Wir empfehlen, einen Minik\u00fchlschrank an einem leicht zug\u00e4nglichen Ort aufzustellen, beispielsweise in einem eingebauten Regal oder unter einem Schreibtisch. Wir empfehlen auch einen Minik\u00fchlschrank mit Glasfront, da dieser luxuri\u00f6s aussieht. Da jedoch alles sichtbar ist, sollten Sie darauf achten, dass das Innere ordentlich organisiert ist.<\/p>\n<p>Und dieser K\u00fchlschrank ist nicht die einzige Lektion, die wir aus Garners B\u00fcro lernen k\u00f6nnen. Abgesehen von den Haushaltsger\u00e4ten sollten wir laut Designern auch ihre Farbwahl beachten, insbesondere ihr beruhigendes Grau.<\/p>\n<p>\u201eWenn Sie \u00fcber die Gestaltung eines Heimb\u00fcros nachdenken, sind blasse Neutralt\u00f6ne eine gute Wahl, da sie Kreativit\u00e4t, Produktivit\u00e4t und Ruhe f\u00f6rdern. Vielseitige Farbt\u00f6ne wie sanftes Pilzgrau, sanfte R\u00f6t\u00f6ne und subtile erdige Neutralt\u00f6ne erm\u00f6glichen eine individuelle Gestaltung, ohne den Arbeitsbereich zu \u00fcberladen, und sorgen f\u00fcr einen sauberen, anspruchsvollen Look, der Konzentration und Zusammenarbeit f\u00f6rdert\u201c, kommentiert Debbie Leigh, Designmanagerin bei ILIV.<\/p>\n<p>\u201eF\u00fcr eine harmonische Mischung aus Stil und Funktionalit\u00e4t kombinieren Sie diese Farben mit ergonomischen M\u00f6beln, mehreren Schichten weicher M\u00f6bel und nat\u00fcrlichen Materialien wie hellem Holz und Stein, die W\u00e4rme verleihen.\u201c<\/p>\n<p>Ob sie uns dazu inspiriert, Ger\u00e4te f\u00fcr andere Zwecke als unsere K\u00fcche zu verwenden oder uns an die Macht der Farbe Grau erinnert, eines ist klar: Jennifer Garners B\u00fcro entt\u00e4uscht nicht. Wenn Sie uns brauchen, f\u00fcllen wir unseren neuen Minik\u00fchlschrank auf.<\/p>\n<hr>\n<\/div>\n<p><script async src=\"\/\/www.instagram.com\/embed.js\"><\/script><\/p>\n","protected":false},"excerpt":{"rendered":"<p>Anh\u00e4nger von Jennifer Garner werden mit der K\u00fcche der Schauspielerin bestens vertraut sein, dank ihrer \u201eKochshow zum Vort\u00e4uschen&#8218; auf Instagram. In der Serie sehen wir<\/p>\n","protected":false},"author":1,"featured_media":254,"comment_status":"closed","ping_status":"","sticky":false,"template":"","format":"standard","meta":{"footnotes":""},"categories":[118],"tags":[535,112,531,539,536,55,529,537,534,528,533,538,532,406,530,411],"class_list":["post-253","post","type-post","status-publish","format-standard","has-post-thumbnail","hentry","category-haus-garten","tag-buero","tag-das","tag-dieses","tag-dollar","tag-fanden","tag-fuer","tag-garner","tag-genaue","tag-ihrem","tag-jennifer","tag-kuechengeraet","tag-modell","tag-unerwartete","tag-unter","tag-versteckte","tag-wir","generate-columns","tablet-grid-50","mobile-grid-100","grid-parent","grid-50"],"yoast_head":"<!-- This site is optimized with the Yoast SEO plugin v27.3 - https:\/\/yoast.com\/product\/yoast-seo-wordpress\/ -->\n<title>Jennifer Garner versteckte dieses unerwartete K\u00fcchenger\u00e4t in ihrem B\u00fcro \u2013 wir fanden das genaue Modell f\u00fcr unter 150 Dollar - Nachrichten - Stra\u00dfenweb<\/title>\n<meta name=\"robots\" content=\"index, follow, max-snippet:-1, max-image-preview:large, max-video-preview:-1\" \/>\n<link rel=\"canonical\" href=\"https:\/\/www.strassenweb.de\/nachrichten\/jennifer-garner-versteckte-dieses-unerwartete-kuechengeraet-in-ihrem-buero-wir-fanden-das-genaue-modell-fuer-unter-150-dollar\/\" \/>\n<meta property=\"og:locale\" content=\"de_DE\" \/>\n<meta property=\"og:type\" content=\"article\" \/>\n<meta property=\"og:title\" content=\"Jennifer Garner versteckte dieses unerwartete K\u00fcchenger\u00e4t in ihrem B\u00fcro \u2013 wir fanden das genaue Modell f\u00fcr unter 150 Dollar - Nachrichten - Stra\u00dfenweb\" \/>\n<meta property=\"og:description\" content=\"Anh\u00e4nger von Jennifer Garner werden mit der K\u00fcche der Schauspielerin bestens vertraut sein, dank ihrer \u201eKochshow zum Vort\u00e4uschen&#8218; auf Instagram. In der Serie sehen wir\" \/>\n<meta property=\"og:url\" content=\"https:\/\/www.strassenweb.de\/nachrichten\/jennifer-garner-versteckte-dieses-unerwartete-kuechengeraet-in-ihrem-buero-wir-fanden-das-genaue-modell-fuer-unter-150-dollar\/\" \/>\n<meta property=\"og:site_name\" content=\"Stra\u00dfenweb\" \/>\n<meta property=\"article:publisher\" content=\"https:\/\/www.facebook.com\/strassenweb\/\" \/>\n<meta property=\"article:published_time\" content=\"2024-09-26T00:50:05+00:00\" \/>\n<meta property=\"article:modified_time\" content=\"2024-09-26T00:50:06+00:00\" \/>\n<meta property=\"og:image\" content=\"https:\/\/www.strassenweb.de\/nachrichten\/wp-content\/uploads\/2024\/09\/Jennifer-Garner-versteckte-dieses-unerwartete-Kuechengeraet-in-ihrem-Buero-\u2013.jpg\" \/>\n\t<meta property=\"og:image:width\" content=\"1200\" \/>\n\t<meta property=\"og:image:height\" content=\"675\" \/>\n\t<meta property=\"og:image:type\" content=\"image\/jpeg\" \/>\n<meta name=\"author\" content=\"Robert Hoffmann\" \/>\n<meta name=\"twitter:card\" content=\"summary_large_image\" \/>\n<meta name=\"twitter:label1\" content=\"Verfasst von\" \/>\n\t<meta name=\"twitter:data1\" content=\"Robert Hoffmann\" \/>\n\t<meta name=\"twitter:label2\" content=\"Gesch\u00e4tzte Lesezeit\" \/>\n\t<meta name=\"twitter:data2\" content=\"3\u00a0Minuten\" \/>\n<script type=\"application\/ld+json\" class=\"yoast-schema-graph\">{\"@context\":\"https:\\\/\\\/schema.org\",\"@graph\":[{\"@type\":\"Article\",\"@id\":\"https:\\\/\\\/www.strassenweb.de\\\/nachrichten\\\/jennifer-garner-versteckte-dieses-unerwartete-kuechengeraet-in-ihrem-buero-wir-fanden-das-genaue-modell-fuer-unter-150-dollar\\\/#article\",\"isPartOf\":{\"@id\":\"https:\\\/\\\/www.strassenweb.de\\\/nachrichten\\\/jennifer-garner-versteckte-dieses-unerwartete-kuechengeraet-in-ihrem-buero-wir-fanden-das-genaue-modell-fuer-unter-150-dollar\\\/\"},\"author\":{\"name\":\"Robert Hoffmann\",\"@id\":\"https:\\\/\\\/www.strassenweb.de\\\/nachrichten\\\/#\\\/schema\\\/person\\\/87c9c9067f1211da429a744dc5a5aa41\"},\"headline\":\"Jennifer Garner versteckte dieses unerwartete K\u00fcchenger\u00e4t in ihrem B\u00fcro \u2013 wir fanden das genaue Modell f\u00fcr unter 150 Dollar\",\"datePublished\":\"2024-09-26T00:50:05+00:00\",\"dateModified\":\"2024-09-26T00:50:06+00:00\",\"mainEntityOfPage\":{\"@id\":\"https:\\\/\\\/www.strassenweb.de\\\/nachrichten\\\/jennifer-garner-versteckte-dieses-unerwartete-kuechengeraet-in-ihrem-buero-wir-fanden-das-genaue-modell-fuer-unter-150-dollar\\\/\"},\"wordCount\":577,\"publisher\":{\"@id\":\"https:\\\/\\\/www.strassenweb.de\\\/nachrichten\\\/#organization\"},\"image\":{\"@id\":\"https:\\\/\\\/www.strassenweb.de\\\/nachrichten\\\/jennifer-garner-versteckte-dieses-unerwartete-kuechengeraet-in-ihrem-buero-wir-fanden-das-genaue-modell-fuer-unter-150-dollar\\\/#primaryimage\"},\"thumbnailUrl\":\"https:\\\/\\\/www.strassenweb.de\\\/nachrichten\\\/wp-content\\\/uploads\\\/2024\\\/09\\\/Jennifer-Garner-versteckte-dieses-unerwartete-Kuechengeraet-in-ihrem-Buero-\u2013.jpg\",\"keywords\":[\"B\u00fcro\",\"das\",\"dieses\",\"Dollar\",\"fanden\",\"f\u00fcr\",\"Garner\",\"genaue\",\"ihrem\",\"Jennifer\",\"K\u00fcchenger\u00e4t\",\"Modell\",\"unerwartete\",\"unter\",\"versteckte\",\"wir\"],\"articleSection\":[\"Haus &amp; Garten\"],\"inLanguage\":\"de\"},{\"@type\":\"WebPage\",\"@id\":\"https:\\\/\\\/www.strassenweb.de\\\/nachrichten\\\/jennifer-garner-versteckte-dieses-unerwartete-kuechengeraet-in-ihrem-buero-wir-fanden-das-genaue-modell-fuer-unter-150-dollar\\\/\",\"url\":\"https:\\\/\\\/www.strassenweb.de\\\/nachrichten\\\/jennifer-garner-versteckte-dieses-unerwartete-kuechengeraet-in-ihrem-buero-wir-fanden-das-genaue-modell-fuer-unter-150-dollar\\\/\",\"name\":\"Jennifer Garner versteckte dieses unerwartete K\u00fcchenger\u00e4t in ihrem B\u00fcro \u2013 wir fanden das genaue Modell f\u00fcr unter 150 Dollar - Nachrichten - Stra\u00dfenweb\",\"isPartOf\":{\"@id\":\"https:\\\/\\\/www.strassenweb.de\\\/nachrichten\\\/#website\"},\"primaryImageOfPage\":{\"@id\":\"https:\\\/\\\/www.strassenweb.de\\\/nachrichten\\\/jennifer-garner-versteckte-dieses-unerwartete-kuechengeraet-in-ihrem-buero-wir-fanden-das-genaue-modell-fuer-unter-150-dollar\\\/#primaryimage\"},\"image\":{\"@id\":\"https:\\\/\\\/www.strassenweb.de\\\/nachrichten\\\/jennifer-garner-versteckte-dieses-unerwartete-kuechengeraet-in-ihrem-buero-wir-fanden-das-genaue-modell-fuer-unter-150-dollar\\\/#primaryimage\"},\"thumbnailUrl\":\"https:\\\/\\\/www.strassenweb.de\\\/nachrichten\\\/wp-content\\\/uploads\\\/2024\\\/09\\\/Jennifer-Garner-versteckte-dieses-unerwartete-Kuechengeraet-in-ihrem-Buero-\u2013.jpg\",\"datePublished\":\"2024-09-26T00:50:05+00:00\",\"dateModified\":\"2024-09-26T00:50:06+00:00\",\"breadcrumb\":{\"@id\":\"https:\\\/\\\/www.strassenweb.de\\\/nachrichten\\\/jennifer-garner-versteckte-dieses-unerwartete-kuechengeraet-in-ihrem-buero-wir-fanden-das-genaue-modell-fuer-unter-150-dollar\\\/#breadcrumb\"},\"inLanguage\":\"de\",\"potentialAction\":[{\"@type\":\"ReadAction\",\"target\":[\"https:\\\/\\\/www.strassenweb.de\\\/nachrichten\\\/jennifer-garner-versteckte-dieses-unerwartete-kuechengeraet-in-ihrem-buero-wir-fanden-das-genaue-modell-fuer-unter-150-dollar\\\/\"]}]},{\"@type\":\"ImageObject\",\"inLanguage\":\"de\",\"@id\":\"https:\\\/\\\/www.strassenweb.de\\\/nachrichten\\\/jennifer-garner-versteckte-dieses-unerwartete-kuechengeraet-in-ihrem-buero-wir-fanden-das-genaue-modell-fuer-unter-150-dollar\\\/#primaryimage\",\"url\":\"https:\\\/\\\/www.strassenweb.de\\\/nachrichten\\\/wp-content\\\/uploads\\\/2024\\\/09\\\/Jennifer-Garner-versteckte-dieses-unerwartete-Kuechengeraet-in-ihrem-Buero-\u2013.jpg\",\"contentUrl\":\"https:\\\/\\\/www.strassenweb.de\\\/nachrichten\\\/wp-content\\\/uploads\\\/2024\\\/09\\\/Jennifer-Garner-versteckte-dieses-unerwartete-Kuechengeraet-in-ihrem-Buero-\u2013.jpg\",\"width\":1200,\"height\":675,\"caption\":\"Jennifer Garner versteckte dieses unerwartete K\u00fcchenger\u00e4t in ihrem B\u00fcro \u2013 wir fanden das genaue Modell f\u00fcr unter 150 Dollar\"},{\"@type\":\"BreadcrumbList\",\"@id\":\"https:\\\/\\\/www.strassenweb.de\\\/nachrichten\\\/jennifer-garner-versteckte-dieses-unerwartete-kuechengeraet-in-ihrem-buero-wir-fanden-das-genaue-modell-fuer-unter-150-dollar\\\/#breadcrumb\",\"itemListElement\":[{\"@type\":\"ListItem\",\"position\":1,\"name\":\"Home\",\"item\":\"https:\\\/\\\/www.strassenweb.de\\\/nachrichten\\\/\"},{\"@type\":\"ListItem\",\"position\":2,\"name\":\"Jennifer Garner versteckte dieses unerwartete K\u00fcchenger\u00e4t in ihrem B\u00fcro \u2013 wir fanden das genaue Modell f\u00fcr unter 150 Dollar\"}]},{\"@type\":\"WebSite\",\"@id\":\"https:\\\/\\\/www.strassenweb.de\\\/nachrichten\\\/#website\",\"url\":\"https:\\\/\\\/www.strassenweb.de\\\/nachrichten\\\/\",\"name\":\"Stra\u00dfenweb\",\"description\":\"Stra\u00dfenverzeichnis f\u00fcr Deutschland\",\"publisher\":{\"@id\":\"https:\\\/\\\/www.strassenweb.de\\\/nachrichten\\\/#organization\"},\"potentialAction\":[{\"@type\":\"SearchAction\",\"target\":{\"@type\":\"EntryPoint\",\"urlTemplate\":\"https:\\\/\\\/www.strassenweb.de\\\/nachrichten\\\/?s={search_term_string}\"},\"query-input\":{\"@type\":\"PropertyValueSpecification\",\"valueRequired\":true,\"valueName\":\"search_term_string\"}}],\"inLanguage\":\"de\"},{\"@type\":\"Organization\",\"@id\":\"https:\\\/\\\/www.strassenweb.de\\\/nachrichten\\\/#organization\",\"name\":\"Stra\u00dfenweb\",\"url\":\"https:\\\/\\\/www.strassenweb.de\\\/nachrichten\\\/\",\"logo\":{\"@type\":\"ImageObject\",\"inLanguage\":\"de\",\"@id\":\"https:\\\/\\\/www.strassenweb.de\\\/nachrichten\\\/#\\\/schema\\\/logo\\\/image\\\/\",\"url\":\"https:\\\/\\\/www.strassenweb.de\\\/nachrichten\\\/wp-content\\\/uploads\\\/2024\\\/09\\\/cropped-favicon.png\",\"contentUrl\":\"https:\\\/\\\/www.strassenweb.de\\\/nachrichten\\\/wp-content\\\/uploads\\\/2024\\\/09\\\/cropped-favicon.png\",\"width\":512,\"height\":512,\"caption\":\"Stra\u00dfenweb\"},\"image\":{\"@id\":\"https:\\\/\\\/www.strassenweb.de\\\/nachrichten\\\/#\\\/schema\\\/logo\\\/image\\\/\"},\"sameAs\":[\"https:\\\/\\\/www.facebook.com\\\/strassenweb\\\/\"]},{\"@type\":\"Person\",\"@id\":\"https:\\\/\\\/www.strassenweb.de\\\/nachrichten\\\/#\\\/schema\\\/person\\\/87c9c9067f1211da429a744dc5a5aa41\",\"name\":\"Robert Hoffmann\",\"image\":{\"@type\":\"ImageObject\",\"inLanguage\":\"de\",\"@id\":\"https:\\\/\\\/www.strassenweb.de\\\/nachrichten\\\/wp-content\\\/uploads\\\/2024\\\/09\\\/strassenweb-150x150.jpg\",\"url\":\"https:\\\/\\\/www.strassenweb.de\\\/nachrichten\\\/wp-content\\\/uploads\\\/2024\\\/09\\\/strassenweb-150x150.jpg\",\"contentUrl\":\"https:\\\/\\\/www.strassenweb.de\\\/nachrichten\\\/wp-content\\\/uploads\\\/2024\\\/09\\\/strassenweb-150x150.jpg\",\"caption\":\"Robert Hoffmann\"},\"description\":\"Ich hei\u00dfe Robert Hoffmann und ich bin ein leidenschaftlicher Verfechter von \u00d6kologie und Biodiversit\u00e4t. Seit meiner Kindheit in den W\u00e4ldern Bayerns f\u00fchle ich mich mit der Natur verbunden und bin entschlossen, sie zu sch\u00fctzen. Heute widme ich mein Leben der Sensibilisierung anderer f\u00fcr die Bedeutung des Umweltschutzes f\u00fcr zuk\u00fcnftige Generationen.\",\"sameAs\":[\"https:\\\/\\\/www.strassenweb.de\\\/\"]}]}<\/script>\n<!-- \/ Yoast SEO plugin. -->","yoast_head_json":{"title":"Jennifer Garner versteckte dieses unerwartete K\u00fcchenger\u00e4t in ihrem B\u00fcro \u2013 wir fanden das genaue Modell f\u00fcr unter 150 Dollar - Nachrichten - Stra\u00dfenweb","robots":{"index":"index","follow":"follow","max-snippet":"max-snippet:-1","max-image-preview":"max-image-preview:large","max-video-preview":"max-video-preview:-1"},"canonical":"https:\/\/www.strassenweb.de\/nachrichten\/jennifer-garner-versteckte-dieses-unerwartete-kuechengeraet-in-ihrem-buero-wir-fanden-das-genaue-modell-fuer-unter-150-dollar\/","og_locale":"de_DE","og_type":"article","og_title":"Jennifer Garner versteckte dieses unerwartete K\u00fcchenger\u00e4t in ihrem B\u00fcro \u2013 wir fanden das genaue Modell f\u00fcr unter 150 Dollar - Nachrichten - Stra\u00dfenweb","og_description":"Anh\u00e4nger von Jennifer Garner werden mit der K\u00fcche der Schauspielerin bestens vertraut sein, dank ihrer \u201eKochshow zum Vort\u00e4uschen&#8218; auf Instagram. In der Serie sehen wir","og_url":"https:\/\/www.strassenweb.de\/nachrichten\/jennifer-garner-versteckte-dieses-unerwartete-kuechengeraet-in-ihrem-buero-wir-fanden-das-genaue-modell-fuer-unter-150-dollar\/","og_site_name":"Stra\u00dfenweb","article_publisher":"https:\/\/www.facebook.com\/strassenweb\/","article_published_time":"2024-09-26T00:50:05+00:00","article_modified_time":"2024-09-26T00:50:06+00:00","og_image":[{"width":1200,"height":675,"url":"https:\/\/www.strassenweb.de\/nachrichten\/wp-content\/uploads\/2024\/09\/Jennifer-Garner-versteckte-dieses-unerwartete-Kuechengeraet-in-ihrem-Buero-\u2013.jpg","type":"image\/jpeg"}],"author":"Robert Hoffmann","twitter_card":"summary_large_image","twitter_misc":{"Verfasst von":"Robert Hoffmann","Gesch\u00e4tzte Lesezeit":"3\u00a0Minuten"},"schema":{"@context":"https:\/\/schema.org","@graph":[{"@type":"Article","@id":"https:\/\/www.strassenweb.de\/nachrichten\/jennifer-garner-versteckte-dieses-unerwartete-kuechengeraet-in-ihrem-buero-wir-fanden-das-genaue-modell-fuer-unter-150-dollar\/#article","isPartOf":{"@id":"https:\/\/www.strassenweb.de\/nachrichten\/jennifer-garner-versteckte-dieses-unerwartete-kuechengeraet-in-ihrem-buero-wir-fanden-das-genaue-modell-fuer-unter-150-dollar\/"},"author":{"name":"Robert Hoffmann","@id":"https:\/\/www.strassenweb.de\/nachrichten\/#\/schema\/person\/87c9c9067f1211da429a744dc5a5aa41"},"headline":"Jennifer Garner versteckte dieses unerwartete K\u00fcchenger\u00e4t in ihrem B\u00fcro \u2013 wir fanden das genaue Modell f\u00fcr unter 150 Dollar","datePublished":"2024-09-26T00:50:05+00:00","dateModified":"2024-09-26T00:50:06+00:00","mainEntityOfPage":{"@id":"https:\/\/www.strassenweb.de\/nachrichten\/jennifer-garner-versteckte-dieses-unerwartete-kuechengeraet-in-ihrem-buero-wir-fanden-das-genaue-modell-fuer-unter-150-dollar\/"},"wordCount":577,"publisher":{"@id":"https:\/\/www.strassenweb.de\/nachrichten\/#organization"},"image":{"@id":"https:\/\/www.strassenweb.de\/nachrichten\/jennifer-garner-versteckte-dieses-unerwartete-kuechengeraet-in-ihrem-buero-wir-fanden-das-genaue-modell-fuer-unter-150-dollar\/#primaryimage"},"thumbnailUrl":"https:\/\/www.strassenweb.de\/nachrichten\/wp-content\/uploads\/2024\/09\/Jennifer-Garner-versteckte-dieses-unerwartete-Kuechengeraet-in-ihrem-Buero-\u2013.jpg","keywords":["B\u00fcro","das","dieses","Dollar","fanden","f\u00fcr","Garner","genaue","ihrem","Jennifer","K\u00fcchenger\u00e4t","Modell","unerwartete","unter","versteckte","wir"],"articleSection":["Haus &amp; Garten"],"inLanguage":"de"},{"@type":"WebPage","@id":"https:\/\/www.strassenweb.de\/nachrichten\/jennifer-garner-versteckte-dieses-unerwartete-kuechengeraet-in-ihrem-buero-wir-fanden-das-genaue-modell-fuer-unter-150-dollar\/","url":"https:\/\/www.strassenweb.de\/nachrichten\/jennifer-garner-versteckte-dieses-unerwartete-kuechengeraet-in-ihrem-buero-wir-fanden-das-genaue-modell-fuer-unter-150-dollar\/","name":"Jennifer Garner versteckte dieses unerwartete K\u00fcchenger\u00e4t in ihrem B\u00fcro \u2013 wir fanden das genaue Modell f\u00fcr unter 150 Dollar - Nachrichten - Stra\u00dfenweb","isPartOf":{"@id":"https:\/\/www.strassenweb.de\/nachrichten\/#website"},"primaryImageOfPage":{"@id":"https:\/\/www.strassenweb.de\/nachrichten\/jennifer-garner-versteckte-dieses-unerwartete-kuechengeraet-in-ihrem-buero-wir-fanden-das-genaue-modell-fuer-unter-150-dollar\/#primaryimage"},"image":{"@id":"https:\/\/www.strassenweb.de\/nachrichten\/jennifer-garner-versteckte-dieses-unerwartete-kuechengeraet-in-ihrem-buero-wir-fanden-das-genaue-modell-fuer-unter-150-dollar\/#primaryimage"},"thumbnailUrl":"https:\/\/www.strassenweb.de\/nachrichten\/wp-content\/uploads\/2024\/09\/Jennifer-Garner-versteckte-dieses-unerwartete-Kuechengeraet-in-ihrem-Buero-\u2013.jpg","datePublished":"2024-09-26T00:50:05+00:00","dateModified":"2024-09-26T00:50:06+00:00","breadcrumb":{"@id":"https:\/\/www.strassenweb.de\/nachrichten\/jennifer-garner-versteckte-dieses-unerwartete-kuechengeraet-in-ihrem-buero-wir-fanden-das-genaue-modell-fuer-unter-150-dollar\/#breadcrumb"},"inLanguage":"de","potentialAction":[{"@type":"ReadAction","target":["https:\/\/www.strassenweb.de\/nachrichten\/jennifer-garner-versteckte-dieses-unerwartete-kuechengeraet-in-ihrem-buero-wir-fanden-das-genaue-modell-fuer-unter-150-dollar\/"]}]},{"@type":"ImageObject","inLanguage":"de","@id":"https:\/\/www.strassenweb.de\/nachrichten\/jennifer-garner-versteckte-dieses-unerwartete-kuechengeraet-in-ihrem-buero-wir-fanden-das-genaue-modell-fuer-unter-150-dollar\/#primaryimage","url":"https:\/\/www.strassenweb.de\/nachrichten\/wp-content\/uploads\/2024\/09\/Jennifer-Garner-versteckte-dieses-unerwartete-Kuechengeraet-in-ihrem-Buero-\u2013.jpg","contentUrl":"https:\/\/www.strassenweb.de\/nachrichten\/wp-content\/uploads\/2024\/09\/Jennifer-Garner-versteckte-dieses-unerwartete-Kuechengeraet-in-ihrem-Buero-\u2013.jpg","width":1200,"height":675,"caption":"Jennifer Garner versteckte dieses unerwartete K\u00fcchenger\u00e4t in ihrem B\u00fcro \u2013 wir fanden das genaue Modell f\u00fcr unter 150 Dollar"},{"@type":"BreadcrumbList","@id":"https:\/\/www.strassenweb.de\/nachrichten\/jennifer-garner-versteckte-dieses-unerwartete-kuechengeraet-in-ihrem-buero-wir-fanden-das-genaue-modell-fuer-unter-150-dollar\/#breadcrumb","itemListElement":[{"@type":"ListItem","position":1,"name":"Home","item":"https:\/\/www.strassenweb.de\/nachrichten\/"},{"@type":"ListItem","position":2,"name":"Jennifer Garner versteckte dieses unerwartete K\u00fcchenger\u00e4t in ihrem B\u00fcro \u2013 wir fanden das genaue Modell f\u00fcr unter 150 Dollar"}]},{"@type":"WebSite","@id":"https:\/\/www.strassenweb.de\/nachrichten\/#website","url":"https:\/\/www.strassenweb.de\/nachrichten\/","name":"Stra\u00dfenweb","description":"Stra\u00dfenverzeichnis f\u00fcr Deutschland","publisher":{"@id":"https:\/\/www.strassenweb.de\/nachrichten\/#organization"},"potentialAction":[{"@type":"SearchAction","target":{"@type":"EntryPoint","urlTemplate":"https:\/\/www.strassenweb.de\/nachrichten\/?s={search_term_string}"},"query-input":{"@type":"PropertyValueSpecification","valueRequired":true,"valueName":"search_term_string"}}],"inLanguage":"de"},{"@type":"Organization","@id":"https:\/\/www.strassenweb.de\/nachrichten\/#organization","name":"Stra\u00dfenweb","url":"https:\/\/www.strassenweb.de\/nachrichten\/","logo":{"@type":"ImageObject","inLanguage":"de","@id":"https:\/\/www.strassenweb.de\/nachrichten\/#\/schema\/logo\/image\/","url":"https:\/\/www.strassenweb.de\/nachrichten\/wp-content\/uploads\/2024\/09\/cropped-favicon.png","contentUrl":"https:\/\/www.strassenweb.de\/nachrichten\/wp-content\/uploads\/2024\/09\/cropped-favicon.png","width":512,"height":512,"caption":"Stra\u00dfenweb"},"image":{"@id":"https:\/\/www.strassenweb.de\/nachrichten\/#\/schema\/logo\/image\/"},"sameAs":["https:\/\/www.facebook.com\/strassenweb\/"]},{"@type":"Person","@id":"https:\/\/www.strassenweb.de\/nachrichten\/#\/schema\/person\/87c9c9067f1211da429a744dc5a5aa41","name":"Robert Hoffmann","image":{"@type":"ImageObject","inLanguage":"de","@id":"https:\/\/www.strassenweb.de\/nachrichten\/wp-content\/uploads\/2024\/09\/strassenweb-150x150.jpg","url":"https:\/\/www.strassenweb.de\/nachrichten\/wp-content\/uploads\/2024\/09\/strassenweb-150x150.jpg","contentUrl":"https:\/\/www.strassenweb.de\/nachrichten\/wp-content\/uploads\/2024\/09\/strassenweb-150x150.jpg","caption":"Robert Hoffmann"},"description":"Ich hei\u00dfe Robert Hoffmann und ich bin ein leidenschaftlicher Verfechter von \u00d6kologie und Biodiversit\u00e4t. Seit meiner Kindheit in den W\u00e4ldern Bayerns f\u00fchle ich mich mit der Natur verbunden und bin entschlossen, sie zu sch\u00fctzen. Heute widme ich mein Leben der Sensibilisierung anderer f\u00fcr die Bedeutung des Umweltschutzes f\u00fcr zuk\u00fcnftige Generationen.","sameAs":["https:\/\/www.strassenweb.de\/"]}]}},"_links":{"self":[{"href":"https:\/\/www.strassenweb.de\/nachrichten\/wp-json\/wp\/v2\/posts\/253","targetHints":{"allow":["GET"]}}],"collection":[{"href":"https:\/\/www.strassenweb.de\/nachrichten\/wp-json\/wp\/v2\/posts"}],"about":[{"href":"https:\/\/www.strassenweb.de\/nachrichten\/wp-json\/wp\/v2\/types\/post"}],"author":[{"embeddable":true,"href":"https:\/\/www.strassenweb.de\/nachrichten\/wp-json\/wp\/v2\/users\/1"}],"replies":[{"embeddable":true,"href":"https:\/\/www.strassenweb.de\/nachrichten\/wp-json\/wp\/v2\/comments?post=253"}],"version-history":[{"count":0,"href":"https:\/\/www.strassenweb.de\/nachrichten\/wp-json\/wp\/v2\/posts\/253\/revisions"}],"wp:featuredmedia":[{"embeddable":true,"href":"https:\/\/www.strassenweb.de\/nachrichten\/wp-json\/wp\/v2\/media\/254"}],"wp:attachment":[{"href":"https:\/\/www.strassenweb.de\/nachrichten\/wp-json\/wp\/v2\/media?parent=253"}],"wp:term":[{"taxonomy":"category","embeddable":true,"href":"https:\/\/www.strassenweb.de\/nachrichten\/wp-json\/wp\/v2\/categories?post=253"},{"taxonomy":"post_tag","embeddable":true,"href":"https:\/\/www.strassenweb.de\/nachrichten\/wp-json\/wp\/v2\/tags?post=253"}],"curies":[{"name":"wp","href":"https:\/\/api.w.org\/{rel}","templated":true}]}}