{"id":2517,"date":"2025-01-05T00:21:34","date_gmt":"2025-01-04T23:21:34","guid":{"rendered":"https:\/\/www.strassenweb.de\/nachrichten\/die-monochrome-wandkunst-von-nancy-meyers-verleiht-ihrem-neutralen-wohnraum-eine-raffinierte-eleganz-designer-sagen-dass-sie-naechstes-jahr-genauso-edel-aussehen-wird\/"},"modified":"2025-01-05T00:21:35","modified_gmt":"2025-01-04T23:21:35","slug":"die-monochrome-wandkunst-von-nancy-meyers-verleiht-ihrem-neutralen-wohnraum-eine-raffinierte-eleganz-designer-sagen-dass-sie-naechstes-jahr-genauso-edel-aussehen-wird","status":"publish","type":"post","link":"https:\/\/www.strassenweb.de\/nachrichten\/die-monochrome-wandkunst-von-nancy-meyers-verleiht-ihrem-neutralen-wohnraum-eine-raffinierte-eleganz-designer-sagen-dass-sie-naechstes-jahr-genauso-edel-aussehen-wird\/","title":{"rendered":"Die monochrome Wandkunst von Nancy Meyers verleiht ihrem neutralen Wohnraum eine \u201eraffinierte Eleganz\u201c \u2013 Designer sagen, dass sie n\u00e4chstes Jahr genauso edel aussehen wird"},"content":{"rendered":"<p><\/p>\n<div id=\"article-body\" class=\"article__body \">\n<p>Wandkunst f\u00e4llt oft in die farbenfrohe Richtung und wird als Vehikel verwendet, um lebendige Farbt\u00f6ne in einen ansonsten neutralen Raum zu bringen. Allerdings k\u00f6nnen einfarbige und neutrale Kunstwerke in einem Zuhause genauso vorteilhaft sein, und Nancy Meyers (auch bekannt als die K\u00f6nigin der geschmackvollen Innenarchitektur auf der Leinwand) hat uns gezeigt, wie das geht.<\/p>\n<div id=\"ad-unit-1\" class=\"ad-unit\"><\/div>\n<p>In einem k\u00fcrzlich auf ihrer Instagram-Seite ver\u00f6ffentlichten Beitrag k\u00f6nnen wir sehen, dass der minimalistische Wohnraum der Filmemacherin durch zwei h\u00e4ngende Schwarz-Wei\u00df-Drucke akzentuiert wird, die die neutralen Farbt\u00f6ne des Raums erg\u00e4nzen.<\/p>\n<aside class=\"hawk-nest\" data-block-type=\"embed\" data-render-type=\"fte\" data-skip=\"dealsy\" data-widget-type=\"seasonal\">\n<div class=\"hawk-master-widget-hawk-base-wrapper\"><\/div>\n<\/aside>\n<p>Die Bilder sind f\u00fcr sich genommen schon faszinierend, w\u00e4hrend die vorhandenen nat\u00fcrlichen Texturen in Meyers\u2018 Raum, wie die Hartholzb\u00f6den und ein geflochtener Korb im Hintergrund, f\u00fcr mehr visuelles Interesse sorgen. Es l\u00e4sst uns glauben, dass monochrome Kunstwerke der richtige Weg sind, wenn es um Kunst f\u00fcr unser Zuhause geht.<\/p>\n<div id=\"desktop-in-article\" class=\"in-article ad-unit\">\n<div id=\"desktop-taboola-mid-article\"><\/div>\n<\/div>\n<div id=\"mobile-in-article\" class=\"in-article ad-unit\">\n<div id=\"mobile-taboola-mid-article\"><\/div>\n<\/div>\n<div class=\"instagram-embed\">\n<blockquote class=\"instagram-media\" data-instgrm-captioned data-instgrm-version=\"6\" style=\"width:99.375%; width:-webkit-calc(100% - 2px); width:calc(100% - 2px);\">\n<p>Ein von Nancy Meyers (@nmeyers) geteilter Beitrag<\/p>\n<p>Ein Foto gepostet von am <\/p>\n<\/blockquote>\n<\/div>\n<p>Laut Experten bleiben Schwarz-Wei\u00df-Farbschemata aufgrund ihrer nat\u00fcrlichen Eleganz und Raffinesse im Zuhause erhalten.<\/p>\n<div class=\"van_vid_carousel\">\n<div class=\"van_vid_carousel__padding\">\n<div class=\"van_vid_carousel__container\"><\/div>\n<\/div>\n<\/div>\n<p>\u201eMonochrom\/Schwarzwei\u00df strahlt zeitlose Raffinesse aus und schafft die perfekte Balance zwischen Einfachheit und K\u00fchnheit\u201c, sagt die in Westchester ans\u00e4ssige Designerin Nina Lichtenstein. \u201eDer Kontrast von klarem Wei\u00df und tiefem Schwarz erzeugt eine dramatische und dennoch gelassene Stimmung und verleiht einen Hauch von raffinierter Eleganz, w\u00e4hrend gleichzeitig eine klare, polierte \u00c4sthetik erhalten bleibt.\u201c<\/p>\n<div id=\"ad-unit-2\" class=\"ad-unit\"><\/div>\n<p>Sie f\u00e4hrt fort: \u201eGanz gleich, ob Sie die schlanken Linien des modernen Minimalismus oder den k\u00fchnen grafischen Reiz von Retro-Designs kanalisieren, eine monochromatische Palette ist vielseitig einsetzbar und kann sowohl modern als auch retro wirken, je nachdem, wie sie umgesetzt wird.\u201c Seine scharfe, kontrastreiche Beschaffenheit sorgt sofort f\u00fcr visuelles Interesse, ohne den Raum zu \u00fcberfordern, und macht es zu einem dauerhaften Favoriten f\u00fcr diejenigen, die ein m\u00fchelos schickes Design suchen.\u201c<\/p>\n<p>Wir lieben den modernen, minimalistischen Ansatz von Meyers, aber er kann in einem vollst\u00e4ndig monochromatischen Raum mit mehr schwarzen und wei\u00dfen Akzenten auf M\u00f6beln, B\u00f6den und W\u00e4nden definitiv noch einen Schritt weiter gehen. Alternativ k\u00f6nnen Sie f\u00fcr ein wenig Ausgewogenheit noch weitere nat\u00fcrliche Elemente hinzuf\u00fcgen.<\/p>\n<div id=\"slice-container-newsletterForm-articleInbodyContent-MgXznKTC2TDeScEZFLxHPZ\" class=\"slice-container newsletter-inbodyContent-slice newsletterForm-articleInbodyContent-MgXznKTC2TDeScEZFLxHPZ slice-container-newsletterForm\"><\/div>\n<p>\u201eUm die monochrome Farbpalette abzumildern, f\u00fcgen Sie nat\u00fcrliche Elemente wie Gr\u00fcnpflanzen oder geflochtene K\u00f6rbe ein oder halten Sie die Dinge mit Glasakzenten und minimalistischem Dekor ultramodern\u201c, schl\u00e4gt Lichtenstein vor. \u201eMit sorgf\u00e4ltigem Styling kann ein Schwarz-Wei\u00df-Look Trends \u00fcbertreffen und auch in den kommenden Jahren raffiniert bleiben.\u201c<\/p>\n<figure class=\"van-image-figure inline-layout \" data-bordeaux-image-check>\n<div class=\"image-full-width-wrapper\">\n<div class=\"image-widthsetter\" style=\"max-width:2400px;\"><\/div>\n<\/div>\n<\/figure>\n<h2 id=\"shop-the-monochrome-art-edit-3\">Kaufen Sie die monochrome Kunstauswahl<\/h2>\n<div class=\"product-container hero-product-container product-block-no-wrap\"><\/div>\n<p>Wir empfehlen einen schwarzen Rahmen f\u00fcr einen kr\u00e4ftigen Look oder einen wei\u00dfen Rahmen f\u00fcr ein weicheres und einheitlicheres Erscheinungsbild (insbesondere, wenn er mit einer wei\u00dfen Wand harmonieren soll). Alternativ k\u00f6nnen Sie monochromen Kunstwerken einen farbigen Rahmen hinzuf\u00fcgen, um sie aufzupeppen. Wir haben eine Vorliebe f\u00fcr Kirschrot oder luxuri\u00f6ses Gold.<\/p>\n<hr>\n<\/div>\n<p><script async src=\"\/\/www.instagram.com\/embed.js\"><\/script><\/p>\n","protected":false},"excerpt":{"rendered":"<p>Wandkunst f\u00e4llt oft in die farbenfrohe Richtung und wird als Vehikel verwendet, um lebendige Farbt\u00f6ne in einen ansonsten neutralen Raum zu bringen. Allerdings k\u00f6nnen einfarbige<\/p>\n","protected":false},"author":1,"featured_media":2518,"comment_status":"closed","ping_status":"","sticky":false,"template":"","format":"standard","meta":{"footnotes":""},"categories":[118],"tags":[1562,51,216,9,4227,74,388,2674,534,384,4225,4222,3825,4224,1021,4226,284,165,958,21,4223,71,3175],"class_list":["post-2517","post","type-post","status-publish","format-standard","has-post-thumbnail","hentry","category-haus-garten","tag-aussehen","tag-dass","tag-designer","tag-die","tag-edel","tag-eine","tag-eleganz","tag-genauso","tag-ihrem","tag-jahr","tag-meyers","tag-monochrome","tag-naechstes","tag-nancy","tag-neutralen","tag-raffinierte","tag-sagen","tag-sie","tag-verleiht","tag-von","tag-wandkunst","tag-wird","tag-wohnraum","generate-columns","tablet-grid-50","mobile-grid-100","grid-parent","grid-50"],"yoast_head":"<!-- This site is optimized with the Yoast SEO plugin v27.3 - https:\/\/yoast.com\/product\/yoast-seo-wordpress\/ -->\n<title>Die monochrome Wandkunst von Nancy Meyers verleiht ihrem neutralen Wohnraum eine \u201eraffinierte Eleganz\u201c \u2013 Designer sagen, dass sie n\u00e4chstes Jahr genauso edel aussehen wird - Nachrichten - Stra\u00dfenweb<\/title>\n<meta name=\"robots\" content=\"index, follow, max-snippet:-1, max-image-preview:large, max-video-preview:-1\" \/>\n<link rel=\"canonical\" href=\"https:\/\/www.strassenweb.de\/nachrichten\/die-monochrome-wandkunst-von-nancy-meyers-verleiht-ihrem-neutralen-wohnraum-eine-raffinierte-eleganz-designer-sagen-dass-sie-naechstes-jahr-genauso-edel-aussehen-wird\/\" \/>\n<meta property=\"og:locale\" content=\"de_DE\" \/>\n<meta property=\"og:type\" content=\"article\" \/>\n<meta property=\"og:title\" content=\"Die monochrome Wandkunst von Nancy Meyers verleiht ihrem neutralen Wohnraum eine \u201eraffinierte Eleganz\u201c \u2013 Designer sagen, dass sie n\u00e4chstes Jahr genauso edel aussehen wird - Nachrichten - Stra\u00dfenweb\" \/>\n<meta property=\"og:description\" content=\"Wandkunst f\u00e4llt oft in die farbenfrohe Richtung und wird als Vehikel verwendet, um lebendige Farbt\u00f6ne in einen ansonsten neutralen Raum zu bringen. Allerdings k\u00f6nnen einfarbige\" \/>\n<meta property=\"og:url\" content=\"https:\/\/www.strassenweb.de\/nachrichten\/die-monochrome-wandkunst-von-nancy-meyers-verleiht-ihrem-neutralen-wohnraum-eine-raffinierte-eleganz-designer-sagen-dass-sie-naechstes-jahr-genauso-edel-aussehen-wird\/\" \/>\n<meta property=\"og:site_name\" content=\"Stra\u00dfenweb\" \/>\n<meta property=\"article:publisher\" content=\"https:\/\/www.facebook.com\/strassenweb\/\" \/>\n<meta property=\"article:published_time\" content=\"2025-01-04T23:21:34+00:00\" \/>\n<meta property=\"article:modified_time\" content=\"2025-01-04T23:21:35+00:00\" \/>\n<meta property=\"og:image\" content=\"https:\/\/www.strassenweb.de\/nachrichten\/wp-content\/uploads\/2025\/01\/Die-monochrome-Wandkunst-von-Nancy-Meyers-verleiht-ihrem-neutralen-Wohnraum.jpg\" \/>\n\t<meta property=\"og:image:width\" content=\"1200\" \/>\n\t<meta property=\"og:image:height\" content=\"675\" \/>\n\t<meta property=\"og:image:type\" content=\"image\/jpeg\" \/>\n<meta name=\"author\" content=\"Robert Hoffmann\" \/>\n<meta name=\"twitter:card\" content=\"summary_large_image\" \/>\n<meta name=\"twitter:label1\" content=\"Verfasst von\" \/>\n\t<meta name=\"twitter:data1\" content=\"Robert Hoffmann\" \/>\n\t<meta name=\"twitter:label2\" content=\"Gesch\u00e4tzte Lesezeit\" \/>\n\t<meta name=\"twitter:data2\" content=\"2\u00a0Minuten\" \/>\n<script type=\"application\/ld+json\" class=\"yoast-schema-graph\">{\"@context\":\"https:\\\/\\\/schema.org\",\"@graph\":[{\"@type\":\"Article\",\"@id\":\"https:\\\/\\\/www.strassenweb.de\\\/nachrichten\\\/die-monochrome-wandkunst-von-nancy-meyers-verleiht-ihrem-neutralen-wohnraum-eine-raffinierte-eleganz-designer-sagen-dass-sie-naechstes-jahr-genauso-edel-aussehen-wird\\\/#article\",\"isPartOf\":{\"@id\":\"https:\\\/\\\/www.strassenweb.de\\\/nachrichten\\\/die-monochrome-wandkunst-von-nancy-meyers-verleiht-ihrem-neutralen-wohnraum-eine-raffinierte-eleganz-designer-sagen-dass-sie-naechstes-jahr-genauso-edel-aussehen-wird\\\/\"},\"author\":{\"name\":\"Robert Hoffmann\",\"@id\":\"https:\\\/\\\/www.strassenweb.de\\\/nachrichten\\\/#\\\/schema\\\/person\\\/87c9c9067f1211da429a744dc5a5aa41\"},\"headline\":\"Die monochrome Wandkunst von Nancy Meyers verleiht ihrem neutralen Wohnraum eine \u201eraffinierte Eleganz\u201c \u2013 Designer sagen, dass sie n\u00e4chstes Jahr genauso edel aussehen wird\",\"datePublished\":\"2025-01-04T23:21:34+00:00\",\"dateModified\":\"2025-01-04T23:21:35+00:00\",\"mainEntityOfPage\":{\"@id\":\"https:\\\/\\\/www.strassenweb.de\\\/nachrichten\\\/die-monochrome-wandkunst-von-nancy-meyers-verleiht-ihrem-neutralen-wohnraum-eine-raffinierte-eleganz-designer-sagen-dass-sie-naechstes-jahr-genauso-edel-aussehen-wird\\\/\"},\"wordCount\":502,\"publisher\":{\"@id\":\"https:\\\/\\\/www.strassenweb.de\\\/nachrichten\\\/#organization\"},\"image\":{\"@id\":\"https:\\\/\\\/www.strassenweb.de\\\/nachrichten\\\/die-monochrome-wandkunst-von-nancy-meyers-verleiht-ihrem-neutralen-wohnraum-eine-raffinierte-eleganz-designer-sagen-dass-sie-naechstes-jahr-genauso-edel-aussehen-wird\\\/#primaryimage\"},\"thumbnailUrl\":\"https:\\\/\\\/www.strassenweb.de\\\/nachrichten\\\/wp-content\\\/uploads\\\/2025\\\/01\\\/Die-monochrome-Wandkunst-von-Nancy-Meyers-verleiht-ihrem-neutralen-Wohnraum.jpg\",\"keywords\":[\"aussehen\",\"dass\",\"Designer\",\"die\",\"edel\",\"eine\",\"Eleganz\",\"genauso\",\"ihrem\",\"Jahr\",\"Meyers\",\"monochrome\",\"n\u00e4chstes\",\"Nancy\",\"neutralen\",\"raffinierte\",\"sagen\",\"Sie\",\"verleiht\",\"von\",\"Wandkunst\",\"wird\",\"Wohnraum\"],\"articleSection\":[\"Haus &amp; Garten\"],\"inLanguage\":\"de\"},{\"@type\":\"WebPage\",\"@id\":\"https:\\\/\\\/www.strassenweb.de\\\/nachrichten\\\/die-monochrome-wandkunst-von-nancy-meyers-verleiht-ihrem-neutralen-wohnraum-eine-raffinierte-eleganz-designer-sagen-dass-sie-naechstes-jahr-genauso-edel-aussehen-wird\\\/\",\"url\":\"https:\\\/\\\/www.strassenweb.de\\\/nachrichten\\\/die-monochrome-wandkunst-von-nancy-meyers-verleiht-ihrem-neutralen-wohnraum-eine-raffinierte-eleganz-designer-sagen-dass-sie-naechstes-jahr-genauso-edel-aussehen-wird\\\/\",\"name\":\"Die monochrome Wandkunst von Nancy Meyers verleiht ihrem neutralen Wohnraum eine \u201eraffinierte Eleganz\u201c \u2013 Designer sagen, dass sie n\u00e4chstes Jahr genauso edel aussehen wird - Nachrichten - Stra\u00dfenweb\",\"isPartOf\":{\"@id\":\"https:\\\/\\\/www.strassenweb.de\\\/nachrichten\\\/#website\"},\"primaryImageOfPage\":{\"@id\":\"https:\\\/\\\/www.strassenweb.de\\\/nachrichten\\\/die-monochrome-wandkunst-von-nancy-meyers-verleiht-ihrem-neutralen-wohnraum-eine-raffinierte-eleganz-designer-sagen-dass-sie-naechstes-jahr-genauso-edel-aussehen-wird\\\/#primaryimage\"},\"image\":{\"@id\":\"https:\\\/\\\/www.strassenweb.de\\\/nachrichten\\\/die-monochrome-wandkunst-von-nancy-meyers-verleiht-ihrem-neutralen-wohnraum-eine-raffinierte-eleganz-designer-sagen-dass-sie-naechstes-jahr-genauso-edel-aussehen-wird\\\/#primaryimage\"},\"thumbnailUrl\":\"https:\\\/\\\/www.strassenweb.de\\\/nachrichten\\\/wp-content\\\/uploads\\\/2025\\\/01\\\/Die-monochrome-Wandkunst-von-Nancy-Meyers-verleiht-ihrem-neutralen-Wohnraum.jpg\",\"datePublished\":\"2025-01-04T23:21:34+00:00\",\"dateModified\":\"2025-01-04T23:21:35+00:00\",\"breadcrumb\":{\"@id\":\"https:\\\/\\\/www.strassenweb.de\\\/nachrichten\\\/die-monochrome-wandkunst-von-nancy-meyers-verleiht-ihrem-neutralen-wohnraum-eine-raffinierte-eleganz-designer-sagen-dass-sie-naechstes-jahr-genauso-edel-aussehen-wird\\\/#breadcrumb\"},\"inLanguage\":\"de\",\"potentialAction\":[{\"@type\":\"ReadAction\",\"target\":[\"https:\\\/\\\/www.strassenweb.de\\\/nachrichten\\\/die-monochrome-wandkunst-von-nancy-meyers-verleiht-ihrem-neutralen-wohnraum-eine-raffinierte-eleganz-designer-sagen-dass-sie-naechstes-jahr-genauso-edel-aussehen-wird\\\/\"]}]},{\"@type\":\"ImageObject\",\"inLanguage\":\"de\",\"@id\":\"https:\\\/\\\/www.strassenweb.de\\\/nachrichten\\\/die-monochrome-wandkunst-von-nancy-meyers-verleiht-ihrem-neutralen-wohnraum-eine-raffinierte-eleganz-designer-sagen-dass-sie-naechstes-jahr-genauso-edel-aussehen-wird\\\/#primaryimage\",\"url\":\"https:\\\/\\\/www.strassenweb.de\\\/nachrichten\\\/wp-content\\\/uploads\\\/2025\\\/01\\\/Die-monochrome-Wandkunst-von-Nancy-Meyers-verleiht-ihrem-neutralen-Wohnraum.jpg\",\"contentUrl\":\"https:\\\/\\\/www.strassenweb.de\\\/nachrichten\\\/wp-content\\\/uploads\\\/2025\\\/01\\\/Die-monochrome-Wandkunst-von-Nancy-Meyers-verleiht-ihrem-neutralen-Wohnraum.jpg\",\"width\":1200,\"height\":675,\"caption\":\"Die monochrome Wandkunst von Nancy Meyers verleiht ihrem neutralen Wohnraum eine \u201eraffinierte Eleganz\u201c \u2013 Designer sagen, dass sie n\u00e4chstes Jahr genauso edel aussehen wird\"},{\"@type\":\"BreadcrumbList\",\"@id\":\"https:\\\/\\\/www.strassenweb.de\\\/nachrichten\\\/die-monochrome-wandkunst-von-nancy-meyers-verleiht-ihrem-neutralen-wohnraum-eine-raffinierte-eleganz-designer-sagen-dass-sie-naechstes-jahr-genauso-edel-aussehen-wird\\\/#breadcrumb\",\"itemListElement\":[{\"@type\":\"ListItem\",\"position\":1,\"name\":\"Home\",\"item\":\"https:\\\/\\\/www.strassenweb.de\\\/nachrichten\\\/\"},{\"@type\":\"ListItem\",\"position\":2,\"name\":\"Die monochrome Wandkunst von Nancy Meyers verleiht ihrem neutralen Wohnraum eine \u201eraffinierte Eleganz\u201c \u2013 Designer sagen, dass sie n\u00e4chstes Jahr genauso edel aussehen wird\"}]},{\"@type\":\"WebSite\",\"@id\":\"https:\\\/\\\/www.strassenweb.de\\\/nachrichten\\\/#website\",\"url\":\"https:\\\/\\\/www.strassenweb.de\\\/nachrichten\\\/\",\"name\":\"Stra\u00dfenweb\",\"description\":\"Stra\u00dfenverzeichnis f\u00fcr Deutschland\",\"publisher\":{\"@id\":\"https:\\\/\\\/www.strassenweb.de\\\/nachrichten\\\/#organization\"},\"potentialAction\":[{\"@type\":\"SearchAction\",\"target\":{\"@type\":\"EntryPoint\",\"urlTemplate\":\"https:\\\/\\\/www.strassenweb.de\\\/nachrichten\\\/?s={search_term_string}\"},\"query-input\":{\"@type\":\"PropertyValueSpecification\",\"valueRequired\":true,\"valueName\":\"search_term_string\"}}],\"inLanguage\":\"de\"},{\"@type\":\"Organization\",\"@id\":\"https:\\\/\\\/www.strassenweb.de\\\/nachrichten\\\/#organization\",\"name\":\"Stra\u00dfenweb\",\"url\":\"https:\\\/\\\/www.strassenweb.de\\\/nachrichten\\\/\",\"logo\":{\"@type\":\"ImageObject\",\"inLanguage\":\"de\",\"@id\":\"https:\\\/\\\/www.strassenweb.de\\\/nachrichten\\\/#\\\/schema\\\/logo\\\/image\\\/\",\"url\":\"https:\\\/\\\/www.strassenweb.de\\\/nachrichten\\\/wp-content\\\/uploads\\\/2024\\\/09\\\/cropped-favicon.png\",\"contentUrl\":\"https:\\\/\\\/www.strassenweb.de\\\/nachrichten\\\/wp-content\\\/uploads\\\/2024\\\/09\\\/cropped-favicon.png\",\"width\":512,\"height\":512,\"caption\":\"Stra\u00dfenweb\"},\"image\":{\"@id\":\"https:\\\/\\\/www.strassenweb.de\\\/nachrichten\\\/#\\\/schema\\\/logo\\\/image\\\/\"},\"sameAs\":[\"https:\\\/\\\/www.facebook.com\\\/strassenweb\\\/\"]},{\"@type\":\"Person\",\"@id\":\"https:\\\/\\\/www.strassenweb.de\\\/nachrichten\\\/#\\\/schema\\\/person\\\/87c9c9067f1211da429a744dc5a5aa41\",\"name\":\"Robert Hoffmann\",\"image\":{\"@type\":\"ImageObject\",\"inLanguage\":\"de\",\"@id\":\"https:\\\/\\\/www.strassenweb.de\\\/nachrichten\\\/wp-content\\\/uploads\\\/2024\\\/09\\\/strassenweb-150x150.jpg\",\"url\":\"https:\\\/\\\/www.strassenweb.de\\\/nachrichten\\\/wp-content\\\/uploads\\\/2024\\\/09\\\/strassenweb-150x150.jpg\",\"contentUrl\":\"https:\\\/\\\/www.strassenweb.de\\\/nachrichten\\\/wp-content\\\/uploads\\\/2024\\\/09\\\/strassenweb-150x150.jpg\",\"caption\":\"Robert Hoffmann\"},\"description\":\"Ich hei\u00dfe Robert Hoffmann und ich bin ein leidenschaftlicher Verfechter von \u00d6kologie und Biodiversit\u00e4t. Seit meiner Kindheit in den W\u00e4ldern Bayerns f\u00fchle ich mich mit der Natur verbunden und bin entschlossen, sie zu sch\u00fctzen. Heute widme ich mein Leben der Sensibilisierung anderer f\u00fcr die Bedeutung des Umweltschutzes f\u00fcr zuk\u00fcnftige Generationen.\",\"sameAs\":[\"https:\\\/\\\/www.strassenweb.de\\\/\"]}]}<\/script>\n<!-- \/ Yoast SEO plugin. -->","yoast_head_json":{"title":"Die monochrome Wandkunst von Nancy Meyers verleiht ihrem neutralen Wohnraum eine \u201eraffinierte Eleganz\u201c \u2013 Designer sagen, dass sie n\u00e4chstes Jahr genauso edel aussehen wird - Nachrichten - Stra\u00dfenweb","robots":{"index":"index","follow":"follow","max-snippet":"max-snippet:-1","max-image-preview":"max-image-preview:large","max-video-preview":"max-video-preview:-1"},"canonical":"https:\/\/www.strassenweb.de\/nachrichten\/die-monochrome-wandkunst-von-nancy-meyers-verleiht-ihrem-neutralen-wohnraum-eine-raffinierte-eleganz-designer-sagen-dass-sie-naechstes-jahr-genauso-edel-aussehen-wird\/","og_locale":"de_DE","og_type":"article","og_title":"Die monochrome Wandkunst von Nancy Meyers verleiht ihrem neutralen Wohnraum eine \u201eraffinierte Eleganz\u201c \u2013 Designer sagen, dass sie n\u00e4chstes Jahr genauso edel aussehen wird - Nachrichten - Stra\u00dfenweb","og_description":"Wandkunst f\u00e4llt oft in die farbenfrohe Richtung und wird als Vehikel verwendet, um lebendige Farbt\u00f6ne in einen ansonsten neutralen Raum zu bringen. Allerdings k\u00f6nnen einfarbige","og_url":"https:\/\/www.strassenweb.de\/nachrichten\/die-monochrome-wandkunst-von-nancy-meyers-verleiht-ihrem-neutralen-wohnraum-eine-raffinierte-eleganz-designer-sagen-dass-sie-naechstes-jahr-genauso-edel-aussehen-wird\/","og_site_name":"Stra\u00dfenweb","article_publisher":"https:\/\/www.facebook.com\/strassenweb\/","article_published_time":"2025-01-04T23:21:34+00:00","article_modified_time":"2025-01-04T23:21:35+00:00","og_image":[{"width":1200,"height":675,"url":"https:\/\/www.strassenweb.de\/nachrichten\/wp-content\/uploads\/2025\/01\/Die-monochrome-Wandkunst-von-Nancy-Meyers-verleiht-ihrem-neutralen-Wohnraum.jpg","type":"image\/jpeg"}],"author":"Robert Hoffmann","twitter_card":"summary_large_image","twitter_misc":{"Verfasst von":"Robert Hoffmann","Gesch\u00e4tzte Lesezeit":"2\u00a0Minuten"},"schema":{"@context":"https:\/\/schema.org","@graph":[{"@type":"Article","@id":"https:\/\/www.strassenweb.de\/nachrichten\/die-monochrome-wandkunst-von-nancy-meyers-verleiht-ihrem-neutralen-wohnraum-eine-raffinierte-eleganz-designer-sagen-dass-sie-naechstes-jahr-genauso-edel-aussehen-wird\/#article","isPartOf":{"@id":"https:\/\/www.strassenweb.de\/nachrichten\/die-monochrome-wandkunst-von-nancy-meyers-verleiht-ihrem-neutralen-wohnraum-eine-raffinierte-eleganz-designer-sagen-dass-sie-naechstes-jahr-genauso-edel-aussehen-wird\/"},"author":{"name":"Robert Hoffmann","@id":"https:\/\/www.strassenweb.de\/nachrichten\/#\/schema\/person\/87c9c9067f1211da429a744dc5a5aa41"},"headline":"Die monochrome Wandkunst von Nancy Meyers verleiht ihrem neutralen Wohnraum eine \u201eraffinierte Eleganz\u201c \u2013 Designer sagen, dass sie n\u00e4chstes Jahr genauso edel aussehen wird","datePublished":"2025-01-04T23:21:34+00:00","dateModified":"2025-01-04T23:21:35+00:00","mainEntityOfPage":{"@id":"https:\/\/www.strassenweb.de\/nachrichten\/die-monochrome-wandkunst-von-nancy-meyers-verleiht-ihrem-neutralen-wohnraum-eine-raffinierte-eleganz-designer-sagen-dass-sie-naechstes-jahr-genauso-edel-aussehen-wird\/"},"wordCount":502,"publisher":{"@id":"https:\/\/www.strassenweb.de\/nachrichten\/#organization"},"image":{"@id":"https:\/\/www.strassenweb.de\/nachrichten\/die-monochrome-wandkunst-von-nancy-meyers-verleiht-ihrem-neutralen-wohnraum-eine-raffinierte-eleganz-designer-sagen-dass-sie-naechstes-jahr-genauso-edel-aussehen-wird\/#primaryimage"},"thumbnailUrl":"https:\/\/www.strassenweb.de\/nachrichten\/wp-content\/uploads\/2025\/01\/Die-monochrome-Wandkunst-von-Nancy-Meyers-verleiht-ihrem-neutralen-Wohnraum.jpg","keywords":["aussehen","dass","Designer","die","edel","eine","Eleganz","genauso","ihrem","Jahr","Meyers","monochrome","n\u00e4chstes","Nancy","neutralen","raffinierte","sagen","Sie","verleiht","von","Wandkunst","wird","Wohnraum"],"articleSection":["Haus &amp; Garten"],"inLanguage":"de"},{"@type":"WebPage","@id":"https:\/\/www.strassenweb.de\/nachrichten\/die-monochrome-wandkunst-von-nancy-meyers-verleiht-ihrem-neutralen-wohnraum-eine-raffinierte-eleganz-designer-sagen-dass-sie-naechstes-jahr-genauso-edel-aussehen-wird\/","url":"https:\/\/www.strassenweb.de\/nachrichten\/die-monochrome-wandkunst-von-nancy-meyers-verleiht-ihrem-neutralen-wohnraum-eine-raffinierte-eleganz-designer-sagen-dass-sie-naechstes-jahr-genauso-edel-aussehen-wird\/","name":"Die monochrome Wandkunst von Nancy Meyers verleiht ihrem neutralen Wohnraum eine \u201eraffinierte Eleganz\u201c \u2013 Designer sagen, dass sie n\u00e4chstes Jahr genauso edel aussehen wird - Nachrichten - Stra\u00dfenweb","isPartOf":{"@id":"https:\/\/www.strassenweb.de\/nachrichten\/#website"},"primaryImageOfPage":{"@id":"https:\/\/www.strassenweb.de\/nachrichten\/die-monochrome-wandkunst-von-nancy-meyers-verleiht-ihrem-neutralen-wohnraum-eine-raffinierte-eleganz-designer-sagen-dass-sie-naechstes-jahr-genauso-edel-aussehen-wird\/#primaryimage"},"image":{"@id":"https:\/\/www.strassenweb.de\/nachrichten\/die-monochrome-wandkunst-von-nancy-meyers-verleiht-ihrem-neutralen-wohnraum-eine-raffinierte-eleganz-designer-sagen-dass-sie-naechstes-jahr-genauso-edel-aussehen-wird\/#primaryimage"},"thumbnailUrl":"https:\/\/www.strassenweb.de\/nachrichten\/wp-content\/uploads\/2025\/01\/Die-monochrome-Wandkunst-von-Nancy-Meyers-verleiht-ihrem-neutralen-Wohnraum.jpg","datePublished":"2025-01-04T23:21:34+00:00","dateModified":"2025-01-04T23:21:35+00:00","breadcrumb":{"@id":"https:\/\/www.strassenweb.de\/nachrichten\/die-monochrome-wandkunst-von-nancy-meyers-verleiht-ihrem-neutralen-wohnraum-eine-raffinierte-eleganz-designer-sagen-dass-sie-naechstes-jahr-genauso-edel-aussehen-wird\/#breadcrumb"},"inLanguage":"de","potentialAction":[{"@type":"ReadAction","target":["https:\/\/www.strassenweb.de\/nachrichten\/die-monochrome-wandkunst-von-nancy-meyers-verleiht-ihrem-neutralen-wohnraum-eine-raffinierte-eleganz-designer-sagen-dass-sie-naechstes-jahr-genauso-edel-aussehen-wird\/"]}]},{"@type":"ImageObject","inLanguage":"de","@id":"https:\/\/www.strassenweb.de\/nachrichten\/die-monochrome-wandkunst-von-nancy-meyers-verleiht-ihrem-neutralen-wohnraum-eine-raffinierte-eleganz-designer-sagen-dass-sie-naechstes-jahr-genauso-edel-aussehen-wird\/#primaryimage","url":"https:\/\/www.strassenweb.de\/nachrichten\/wp-content\/uploads\/2025\/01\/Die-monochrome-Wandkunst-von-Nancy-Meyers-verleiht-ihrem-neutralen-Wohnraum.jpg","contentUrl":"https:\/\/www.strassenweb.de\/nachrichten\/wp-content\/uploads\/2025\/01\/Die-monochrome-Wandkunst-von-Nancy-Meyers-verleiht-ihrem-neutralen-Wohnraum.jpg","width":1200,"height":675,"caption":"Die monochrome Wandkunst von Nancy Meyers verleiht ihrem neutralen Wohnraum eine \u201eraffinierte Eleganz\u201c \u2013 Designer sagen, dass sie n\u00e4chstes Jahr genauso edel aussehen wird"},{"@type":"BreadcrumbList","@id":"https:\/\/www.strassenweb.de\/nachrichten\/die-monochrome-wandkunst-von-nancy-meyers-verleiht-ihrem-neutralen-wohnraum-eine-raffinierte-eleganz-designer-sagen-dass-sie-naechstes-jahr-genauso-edel-aussehen-wird\/#breadcrumb","itemListElement":[{"@type":"ListItem","position":1,"name":"Home","item":"https:\/\/www.strassenweb.de\/nachrichten\/"},{"@type":"ListItem","position":2,"name":"Die monochrome Wandkunst von Nancy Meyers verleiht ihrem neutralen Wohnraum eine \u201eraffinierte Eleganz\u201c \u2013 Designer sagen, dass sie n\u00e4chstes Jahr genauso edel aussehen wird"}]},{"@type":"WebSite","@id":"https:\/\/www.strassenweb.de\/nachrichten\/#website","url":"https:\/\/www.strassenweb.de\/nachrichten\/","name":"Stra\u00dfenweb","description":"Stra\u00dfenverzeichnis f\u00fcr Deutschland","publisher":{"@id":"https:\/\/www.strassenweb.de\/nachrichten\/#organization"},"potentialAction":[{"@type":"SearchAction","target":{"@type":"EntryPoint","urlTemplate":"https:\/\/www.strassenweb.de\/nachrichten\/?s={search_term_string}"},"query-input":{"@type":"PropertyValueSpecification","valueRequired":true,"valueName":"search_term_string"}}],"inLanguage":"de"},{"@type":"Organization","@id":"https:\/\/www.strassenweb.de\/nachrichten\/#organization","name":"Stra\u00dfenweb","url":"https:\/\/www.strassenweb.de\/nachrichten\/","logo":{"@type":"ImageObject","inLanguage":"de","@id":"https:\/\/www.strassenweb.de\/nachrichten\/#\/schema\/logo\/image\/","url":"https:\/\/www.strassenweb.de\/nachrichten\/wp-content\/uploads\/2024\/09\/cropped-favicon.png","contentUrl":"https:\/\/www.strassenweb.de\/nachrichten\/wp-content\/uploads\/2024\/09\/cropped-favicon.png","width":512,"height":512,"caption":"Stra\u00dfenweb"},"image":{"@id":"https:\/\/www.strassenweb.de\/nachrichten\/#\/schema\/logo\/image\/"},"sameAs":["https:\/\/www.facebook.com\/strassenweb\/"]},{"@type":"Person","@id":"https:\/\/www.strassenweb.de\/nachrichten\/#\/schema\/person\/87c9c9067f1211da429a744dc5a5aa41","name":"Robert Hoffmann","image":{"@type":"ImageObject","inLanguage":"de","@id":"https:\/\/www.strassenweb.de\/nachrichten\/wp-content\/uploads\/2024\/09\/strassenweb-150x150.jpg","url":"https:\/\/www.strassenweb.de\/nachrichten\/wp-content\/uploads\/2024\/09\/strassenweb-150x150.jpg","contentUrl":"https:\/\/www.strassenweb.de\/nachrichten\/wp-content\/uploads\/2024\/09\/strassenweb-150x150.jpg","caption":"Robert Hoffmann"},"description":"Ich hei\u00dfe Robert Hoffmann und ich bin ein leidenschaftlicher Verfechter von \u00d6kologie und Biodiversit\u00e4t. Seit meiner Kindheit in den W\u00e4ldern Bayerns f\u00fchle ich mich mit der Natur verbunden und bin entschlossen, sie zu sch\u00fctzen. Heute widme ich mein Leben der Sensibilisierung anderer f\u00fcr die Bedeutung des Umweltschutzes f\u00fcr zuk\u00fcnftige Generationen.","sameAs":["https:\/\/www.strassenweb.de\/"]}]}},"_links":{"self":[{"href":"https:\/\/www.strassenweb.de\/nachrichten\/wp-json\/wp\/v2\/posts\/2517","targetHints":{"allow":["GET"]}}],"collection":[{"href":"https:\/\/www.strassenweb.de\/nachrichten\/wp-json\/wp\/v2\/posts"}],"about":[{"href":"https:\/\/www.strassenweb.de\/nachrichten\/wp-json\/wp\/v2\/types\/post"}],"author":[{"embeddable":true,"href":"https:\/\/www.strassenweb.de\/nachrichten\/wp-json\/wp\/v2\/users\/1"}],"replies":[{"embeddable":true,"href":"https:\/\/www.strassenweb.de\/nachrichten\/wp-json\/wp\/v2\/comments?post=2517"}],"version-history":[{"count":0,"href":"https:\/\/www.strassenweb.de\/nachrichten\/wp-json\/wp\/v2\/posts\/2517\/revisions"}],"wp:featuredmedia":[{"embeddable":true,"href":"https:\/\/www.strassenweb.de\/nachrichten\/wp-json\/wp\/v2\/media\/2518"}],"wp:attachment":[{"href":"https:\/\/www.strassenweb.de\/nachrichten\/wp-json\/wp\/v2\/media?parent=2517"}],"wp:term":[{"taxonomy":"category","embeddable":true,"href":"https:\/\/www.strassenweb.de\/nachrichten\/wp-json\/wp\/v2\/categories?post=2517"},{"taxonomy":"post_tag","embeddable":true,"href":"https:\/\/www.strassenweb.de\/nachrichten\/wp-json\/wp\/v2\/tags?post=2517"}],"curies":[{"name":"wp","href":"https:\/\/api.w.org\/{rel}","templated":true}]}}